{"id":408374,"date":"2026-04-02T11:18:00","date_gmt":"2026-04-02T14:18:00","guid":{"rendered":"https:\/\/www.estrategiaconcursos.com.br\/blog\/?p=408374"},"modified":"2026-04-02T11:42:54","modified_gmt":"2026-04-02T14:42:54","slug":"concurso-ebserh","status":"publish","type":"post","link":"https:\/\/www.estrategiaconcursos.com.br\/blog\/concurso-ebserh\/","title":{"rendered":"Concurso EBSERH 2026: 152 vagas e at\u00e9 R$ 19,1 mil. Confira!"},"content":{"rendered":"\n<p style=\"font-size:clamp(15.197px, 0.95rem + ((1vw - 3.2px) * 0.765), 23px);\"><strong><em>Concurso EBSERH para \u00e1rea M\u00e9dica teve provas aplicadas e gabaritos divulgados. \u00daltimo edital segue v\u00e1lido at\u00e9 junho de 2026 e novo processo seletivo ser\u00e1 organizado pelo Instituto AOCP!<\/em><\/strong><\/p>\n\n\n\n<div style=\"height:19px\" aria-hidden=\"true\" class=\"wp-block-spacer\"><\/div>\n\n\n\n<hr class=\"wp-block-separator has-alpha-channel-opacity\"\/>\n\n\n<p><center><a id=\"cta-icon\" href=\"https:\/\/sndflw.com\/i\/ebserh-grupos\" target=\"_blank\" style=\"background:#29a61a; display:inline-flex; align-items:center; padding:10px 15px; border-radius:6px; color:#fff; text-decoration:none; font-weight:500; font-size:15px;\"><img decoding=\"async\" src=\"https:\/\/dhg1h5j42swfq.cloudfront.net\/2023\/12\/07154107\/whatsapp_13851.png\" alt=\"\" style=\"width:20px; height:20px; margin-right:8px;\"><span>Acesse agora o Grupo de Estudos para o Concurso EBSERH<\/span><\/a><\/center><\/p>\n\n\n\n<div style=\"height:19px\" aria-hidden=\"true\" class=\"wp-block-spacer\"><\/div>\n\n\n\n<p>Est\u00e3o dispon\u00edveis os gabaritos das provas do <strong>concurso EBSERH<\/strong> (<a href=\"https:\/\/www.estrategiaconcursos.com.br\/cursosPorConcurso\/ebserh-107\/\" target=\"_blank\" rel=\"noreferrer noopener\">Empresa Brasileira de Servi\u00e7os Hospitalares<\/a>) com oferta de 152 vagas imediatas e forma\u00e7\u00e3o de cadastro de reserva na \u00e1rea M\u00e9dica.<\/p>\n\n\n\n<ul class=\"wp-block-list\">\n<li><a href=\"https:\/\/dhg1h5j42swfq.cloudfront.net\/2026\/03\/30191719\/ebserh-2026-gabaritos-para-publicacao.pdf\" target=\"_blank\" rel=\"noreferrer noopener nofollow\">Gabaritos preliminares &#8211; concurso EBSERH<\/a><\/li>\n<\/ul>\n\n\n\n<p>Agora, o prazo para interposi\u00e7\u00e3o de recursos ficar\u00e1 aberto entre os dias 31 de mar\u00e7o e 1\u00ba de abril, pelo site da FGV.<\/p>\n\n\n\n<p>As oportunidades s\u00e3o para o cargo de M\u00e9dico, em diversas especialidades, distribu\u00eddas entre os 45 Hospitais Universit\u00e1rios Federais (HUF) que integram a Rede Ebserh e a Administra\u00e7\u00e3o Central da Estatal. Os <strong>sal\u00e1rios variam de R$ 11.464,35 a R$ 19.107,31<\/strong>.<\/p>\n\n\n\n<p class=\"has-text-align-center has-pale-cyan-blue-background-color has-background\" style=\"font-size:clamp(15.197px, 0.95rem + ((1vw - 3.2px) * 0.765), 23px);\"><em><strong><a href=\"https:\/\/www.estrategiaconcursos.com.br\/blog\/ebserh-passa-adotar-hubrasil\/\" target=\"_blank\" rel=\"noreferrer noopener\">EBSERH passa a adotar a marca HUBrasil para tornar comunica\u00e7\u00e3o mais simples e acess\u00edvel<\/a><\/strong><\/em><strong><em><a href=\"https:\/\/www.estrategiaconcursos.com.br\/blog\/ebserh-passa-adotar-hubrasil\/\" target=\"_blank\" rel=\"noreferrer noopener\">!<\/a><\/em><\/strong><\/p>\n\n\n\n<ul class=\"wp-block-list has-very-light-gray-to-cyan-bluish-gray-gradient-background has-background\">\n<li><strong>Concurso EBSERH 2026 &#8211; \u00c1rea M\u00e9dica <\/strong><\/li>\n\n\n\n<li><strong>Situa\u00e7\u00e3o<\/strong>: gabaritos divulgados<\/li>\n\n\n\n<li><strong>Banca:<\/strong> <a href=\"https:\/\/conhecimento.fgv.br\/concursos\/ebserh26\" target=\"_blank\" rel=\"noreferrer noopener\">FGV<\/a><\/li>\n\n\n\n<li><strong>Vagas:<\/strong> 152 + CR<\/li>\n\n\n\n<li><strong>Sal\u00e1rio inicial:<\/strong> R$ 11.464,35 a R$ 19.107,31<\/li>\n\n\n\n<li><strong>Edital:<\/strong> <a href=\"https:\/\/dhg1h5j42swfq.cloudfront.net\/2026\/01\/05132157\/edital-no-2-de-5-de-janeiro-de-2026-1.pdf\" target=\"_blank\" rel=\"noreferrer noopener nofollow\">EBSERH-26 &#8211; \u00c1rea M\u00e9dica<\/a><\/li>\n<\/ul>\n\n\n\n<p>Em rela\u00e7\u00e3o ao \u00faltimo <strong>concurso EBSERH<\/strong>, a <a href=\"https:\/\/www.estrategiaconcursos.com.br\/blog\/concurso-ebserh-validade-prorrogada\/\" target=\"_blank\" rel=\"noreferrer noopener\">validade ser\u00e1 prorrogada por mais um ano<\/a>. As primeiras convoca\u00e7\u00f5es iniciaram no m\u00eas de junho de 2025, com in\u00edcio das contrata\u00e7\u00f5es em julho.<\/p>\n\n\n\n<ul class=\"wp-block-list\">\n<li><a href=\"https:\/\/dhg1h5j42swfq.cloudfront.net\/2025\/06\/13195220\/r_resultado_ordem_classificacao-748_ebserh-assistencial-resultado-final-de-aprovados.pdf\" target=\"_blank\" rel=\"noreferrer noopener nofollow\">Resultado final \u2013 \u00e1rea assistencial<\/a><\/li>\n\n\n\n<li><a href=\"https:\/\/dhg1h5j42swfq.cloudfront.net\/2025\/06\/13195235\/r_resultado_ordem_classificacao-734_ebserh-area-medica-resultado-final-de-aprovados.pdf\" target=\"_blank\" rel=\"noreferrer noopener nofollow\">Resultado final \u2013 \u00e1rea m\u00e9dica<\/a><\/li>\n\n\n\n<li><a href=\"https:\/\/dhg1h5j42swfq.cloudfront.net\/2025\/11\/05005022\/ebserh-area-administrativa-ebserh_retificacao-erika-laise.pdf\" target=\"_blank\" rel=\"noreferrer noopener nofollow\">Resultado final \u2013 \u00e1rea administrativa (retificado)<\/a><\/li>\n<\/ul>\n\n\n\n<p>Vale lembrar que foram ofertadas <strong>545 vagas imediatas e forma\u00e7\u00e3o de cadastro de reserva<\/strong> em diferentes lota\u00e7\u00f5es, distribu\u00eddas entre diversos cargos de n\u00edveis m\u00e9dio e superior, nas \u00e1reas Assistencial, M\u00e9dica e Administrativa.<\/p>\n\n\n\n<ul class=\"wp-block-list has-very-light-gray-to-cyan-bluish-gray-gradient-background has-background\">\n<li><strong>Concurso EBSERH<\/strong> &#8211;<strong> 2024\/2025<\/strong><\/li>\n\n\n\n<li><strong>Status<\/strong>: validade ser\u00e1 prorrogada<\/li>\n\n\n\n<li><strong>Banca:<\/strong> <a href=\"https:\/\/conhecimento.fgv.br\/concursos\/ebserh24\" target=\"_blank\" rel=\"noreferrer noopener\">FGV<\/a><\/li>\n\n\n\n<li><strong>Vagas<\/strong>: 545 + CR<\/li>\n\n\n\n<li><strong>Sal\u00e1rio inicial:<\/strong> R$ 3.057,56 a R$ 17.978,62<\/li>\n\n\n\n<li><strong>Edital<\/strong>:&nbsp;<a href=\"https:\/\/dhg1h5j42swfq.cloudfront.net\/2024\/12\/18105237\/edital-area-assistencial-13_12_2024.pdf\" target=\"_blank\" rel=\"noreferrer noopener nofollow\">Ebserh Ass-2024<\/a> | <a href=\"https:\/\/dhg1h5j42swfq.cloudfront.net\/2024\/12\/18105216\/edital-area-medica-13_12_2024.pdf\" target=\"_blank\" rel=\"noreferrer noopener nofollow\">Ebserh M\u00e9d-2024<\/a> | <a href=\"https:\/\/dhg1h5j42swfq.cloudfront.net\/2024\/12\/18105225\/edital-area-administrativa-13_12_2024.pdf\" target=\"_blank\" rel=\"noreferrer noopener nofollow\">Ebserh Adm-2024<\/a><\/li>\n<\/ul>\n\n\n\n<p>Al\u00e9m disso, o <a href=\"https:\/\/www.estrategiaconcursos.com.br\/blog\/pss-ebserh-2026-banca\/\" target=\"_blank\" rel=\"noreferrer noopener\"><strong>Instituto AOCP<\/strong> foi definido como banca<\/a> do novo processo seletivo EBSERH.<\/p>\n\n\n\n<p>As <strong>oportunidades ser\u00e3o para cargos de n\u00edveis m\u00e9dio\/t\u00e9cnico e superior<\/strong> nas \u00e1reas Assistencial, Administrativa e M\u00e9dica, por tempo determinado. As informa\u00e7\u00f5es foram divulgadas no <a href=\"https:\/\/www.estrategiaconcursos.com.br\/blog\/pss-ebserh-2026-termo-referencia\/\" target=\"_blank\" rel=\"noreferrer noopener\">termo de refer\u00eancia<\/a>!<\/p>\n\n\n\n<p>Confira mais informa\u00e7\u00f5es sobre o concurso EBSERH em nosso artigo. Acompanhe os t\u00f3picos abaixo e n\u00e3o perca nenhum detalhe:<\/p>\n\n\n\n<ul id=\"indice\" class=\"wp-block-list\">\n<li><a href=\"#concurso-2026-medica\">Concurso 2026<\/a>\n<ul class=\"wp-block-list\">\n<li><a href=\"#vagas-2026\">Cargos e vagas<\/a><\/li>\n\n\n\n<li><a href=\"#etapas-2026\">Etapas e provas<\/a><\/li>\n<\/ul>\n<\/li>\n\n\n\n<li><a href=\"#pss-2026\">Processo seletivo 2026<\/a>\n<ul class=\"wp-block-list\">\n<li><a href=\"#situacao-atual\">Banca definida<\/a><\/li>\n<\/ul>\n<\/li>\n\n\n\n<li><a href=\"#edital-2024\">Concurso 2024<\/a>\n<ul class=\"wp-block-list\">\n<li><a href=\"#cargos\">Cargos e vagas<\/a><\/li>\n\n\n\n<li><a href=\"#inscritos\">Inscritos<\/a><\/li>\n\n\n\n<li><a href=\"#etapas\">Etapas e provas<\/a><\/li>\n<\/ul>\n<\/li>\n\n\n\n<li><a href=\"#situacao\">Concurso 2023<\/a>\n<ul class=\"wp-block-list\">\n<li><a href=\"#cargos-vagas\">Cargos e vagas<\/a><\/li>\n\n\n\n<li><a href=\"#etapas\">Etapas e provas<\/a><\/li>\n<\/ul>\n<\/li>\n\n\n\n<li><a href=\"#2022\">Concurso 2022<\/a>\n\n\n\n\n\n\n\n\n\n\n\n\n\n\n\n\n\n\n\n\n\n\n\n\n\n\n\n\n\n\n\n\n\n\n\n\n\n\n\n\n\n\n\n\n\n\n\n\n\n\n\n\n\n\n\n\n\n\n\n\n\n\n\n\n\n\n\n\n\n\n\n\n\n\n\n\n\n\n\n\n\n\n\n\n\n\n\n\n\n\n\n\n\n\n\n\n\n\n\n\n\n\n\n\n\n\n\n\n\n\n\n\n\n\n\n\n\n\n\n\n\n\n\n\n\n\n\n\n\n\n\n\n\n\n\n\n\n\n\n\n\n\n\n\n\n\n\n\n\n\n\n\n\n\n\n\n\n\n\n\n\n\n\n\n\n\n\n\n\n\n\n\n\n\n\n\n\n\n\n\n\n\n\n\n\n\n\n\n\n\n\n\n\n\n\n\n\n\n\n\n\n\n\n\n\n\n\n\n\n\n\n\n\n\n\n\n\n\n\n\n\n\n\n\n\n\n<ul class=\"wp-block-list\">\n<li><a href=\"#cargos-2022\">Cargos e vagas<\/a><\/li>\n\n\n\n<li><a href=\"#etapas-2022\">Etapas de provas<\/a><\/li>\n<\/ul>\n<\/li>\n\n\n\n<li><a href=\"#materiais\">Materiais para estudo<\/a>\n<ul class=\"wp-block-list\">\n<li><a href=\"#estrategico\">Edital estrat\u00e9gico<\/a><\/li>\n\n\n\n<li><a href=\"#aulas\">Aulas Gratuitas<\/a><\/li>\n<\/ul>\n<\/li>\n\n\n\n<li><a href=\"#cursos\">Cursos e assinatura<\/a><\/li>\n\n\n\n<li><a href=\"#ficha\">Ficha T\u00e9cnica<\/a><\/li>\n<\/ul>\n\n\n\n<div class=\"container\" id=\"boxes\">\n  <div class=\"row\">\n\n    <div class=\"col-sm\">\n      <div class=\"banner-residencia-medica\" id=\"box-assinatura\">\n        <h2 class=\"titulo-assinatura\">Concurso EBSERH<\/h2>\n        <p class=\"subtitulo-assinatura\">Prepare-se para sua carreira na EBSERH!<\/p>\n        <div class=\"box-botao\">\n          <a class=\"btn-assinatura\" target=\"_blank\" href=\"https:\/\/www.estrategiaconcursos.com.br\/cursosPorConcurso\/ebserh-107\/\" role=\"button\" rel=\"noopener noreferrer\">VER CURSOS<\/a>\n        <\/div>\n      <\/div>\n     \n    <\/div>\n\n  <\/div>\n<\/div>\n\n\n\n<h2 class=\"wp-block-heading\" id=\"concurso-2026-medica\">Concurso EBSERH: edital publicado &#8211; 2026<\/h2>\n\n\n\n<h3 class=\"wp-block-heading\" id=\"vagas-2026\">Cargos e vagas do concurso EBSERH &#8211; \u00e1rea M\u00e9dica<\/h3>\n\n\n\n<p>S\u00e3o ofertadas 152 vagas imediatas e forma\u00e7\u00e3o de cadastro de reserva para o cargo de M\u00e9dico, em diversas especialidades. Os sal\u00e1rios variam de R$ 11.464,35 a R$ 19.107,31.<\/p>\n\n\n\n<ul class=\"wp-block-list\">\n<li>M\u00e9dico \u2013 40 horas<\/li>\n\n\n\n<li>M\u00e9dico \u2013 Acupuntura<\/li>\n\n\n\n<li>M\u00e9dico \u2013 Alergia e Imunologia<\/li>\n\n\n\n<li>M\u00e9dico \u2013 Anestesiologia<\/li>\n\n\n\n<li>M\u00e9dico \u2013 Cardiologia<\/li>\n\n\n\n<li>M\u00e9dico \u2013 Cirurgia de Cabe\u00e7a e Pesco\u00e7o<\/li>\n\n\n\n<li>M\u00e9dico \u2013 Cirurgia do Aparelho Digestivo<\/li>\n\n\n\n<li>M\u00e9dico \u2013 Cirurgia do Aparelho Digestivo (Videolaparosc\u00f3pica)<\/li>\n\n\n\n<li>M\u00e9dico \u2013 Cirurgia Geral<\/li>\n\n\n\n<li>M\u00e9dico \u2013 Cl\u00ednica M\u00e9dica<\/li>\n\n\n\n<li>M\u00e9dico \u2013 Dermatologia<\/li>\n\n\n\n<li>M\u00e9dico \u2013 Endocrinologia e Metabologia<\/li>\n\n\n\n<li>M\u00e9dico \u2013 Endocrinologia Pedi\u00e1trica <\/li>\n\n\n\n<li>M\u00e9dico \u2013 Endoscopia<\/li>\n\n\n\n<li>M\u00e9dico \u2013 Endoscopia Digestiva<\/li>\n\n\n\n<li>M\u00e9dico \u2013 Gastroenterologia<\/li>\n\n\n\n<li>M\u00e9dico \u2013 Gastroenterologia Pedi\u00e1trica<\/li>\n\n\n\n<li>M\u00e9dico \u2013 Gen\u00e9tica M\u00e9dica<\/li>\n\n\n\n<li>M\u00e9dico \u2013 Ginecologia e Obstetr\u00edcia<\/li>\n\n\n\n<li>M\u00e9dico \u2013 Hematologia e Hemoterapia<\/li>\n\n\n\n<li>M\u00e9dico \u2013 Hepatologia<\/li>\n\n\n\n<li>M\u00e9dico \u2013 Mastologia<\/li>\n\n\n\n<li>M\u00e9dico \u2013 Medicina de Emerg\u00eancia<\/li>\n\n\n\n<li>M\u00e9dico \u2013 Medicina do Trabalho<\/li>\n\n\n\n<li>M\u00e9dico \u2013 Medicina Fetal<\/li>\n\n\n\n<li>M\u00e9dico \u2013 Medicina Intensiva<\/li>\n\n\n\n<li>M\u00e9dico \u2013 Medicina Paliativa<\/li>\n\n\n\n<li>M\u00e9dico \u2013 Nefrologia<\/li>\n\n\n\n<li>M\u00e9dico \u2013 Neonatologia<\/li>\n\n\n\n<li>M\u00e9dico \u2013 Neurologia<\/li>\n\n\n\n<li>M\u00e9dico \u2013 Oftalmologia<\/li>\n\n\n\n<li>M\u00e9dico \u2013 Oncologia Cl\u00ednica<\/li>\n\n\n\n<li>M\u00e9dico \u2013 Otorrinolaringologia<\/li>\n\n\n\n<li>M\u00e9dico \u2013 Patologia<\/li>\n\n\n\n<li>M\u00e9dico \u2013 Patologia Cl\u00ednica \/ Medicina Laboratorial<\/li>\n\n\n\n<li>M\u00e9dico \u2013 Pediatria<\/li>\n\n\n\n<li>M\u00e9dico \u2013 Pneumologia<\/li>\n\n\n\n<li>M\u00e9dico \u2013 Pneumologia Pedi\u00e1trica<\/li>\n\n\n\n<li>M\u00e9dico \u2013 Psiquiatria<\/li>\n\n\n\n<li>M\u00e9dico \u2013 Psiquiatria da Inf\u00e2ncia e Adolesc\u00eancia<\/li>\n\n\n\n<li>M\u00e9dico \u2013 Radiologia e Diagn\u00f3stico por Imagem<\/li>\n\n\n\n<li>M\u00e9dico \u2013 Radiologia Intervencionista e Angiorradiologia<\/li>\n\n\n\n<li>M\u00e9dico \u2013 Reumatologia<\/li>\n\n\n\n<li>M\u00e9dico \u2013 Urologia<\/li>\n<\/ul>\n\n\n\n<p class=\"has-text-align-center has-very-light-gray-to-cyan-bluish-gray-gradient-background has-background\"><a href=\"https:\/\/dhg1h5j42swfq.cloudfront.net\/2026\/01\/05133656\/vagas-edital-ebserh-2026-area-medica.pdf\" target=\"_blank\" rel=\"noreferrer noopener nofollow\"><strong>Confira a tabela completa das vagas do concurso EBSERH 2026 &#8211; \u00c1rea M\u00e9dica<\/strong><\/a><\/p>\n\n\n\n<h3 class=\"wp-block-heading\" id=\"etapas-2026\">Etapas e provas do concurso EBSERH &#8211; \u00e1rea M\u00e9dica<\/h3>\n\n\n\n<p>Os candidatos do concurso s\u00e3o avaliados mediante aplica\u00e7\u00e3o das seguintes etapas:<\/p>\n\n\n\n<ul class=\"wp-block-list\">\n<li>Prova Objetiva, de car\u00e1ter eliminat\u00f3rio e classificat\u00f3rio;<\/li>\n\n\n\n<li>Prova de T\u00edtulos, de car\u00e1ter classificat\u00f3rio.<\/li>\n<\/ul>\n\n\n\n<h4 class=\"wp-block-heading\" id=\"objetiva\">Provas Objetivas<\/h4>\n\n\n\n<p>A Prova Objetiva consistiu em quest\u00f5es de m\u00faltipla escolha, distribu\u00edda pelos conhecimentos b\u00e1sicos e conhecimentos espec\u00edficos. Avaliada na escala de 0 a 60 pontos, ser\u00e1 aprovado o candidato que tenha acertado, no m\u00ednimo, 30 pontos no total.<\/p>\n\n\n\n<ul class=\"wp-block-list\">\n<li>Conhecimentos B\u00e1sicos\n<ul class=\"wp-block-list\">\n<li>L\u00edngua Portuguesa &#8211; 10<\/li>\n\n\n\n<li>Legisla\u00e7\u00e3o Ebserh &#8211; 5 <\/li>\n\n\n\n<li>Pol\u00edticas P\u00fablicas de Sa\u00fade e Educa\u00e7\u00e3o &#8211; 15 <\/li>\n<\/ul>\n<\/li>\n\n\n\n<li>Conhecimentos Espec\u00edficos \n<ul class=\"wp-block-list\">\n<li>Espec\u00edfico &#8211; 30<\/li>\n<\/ul>\n<\/li>\n<\/ul>\n\n\n\n<h4 class=\"wp-block-heading\" id=\"titulos\">Avalia\u00e7\u00e3o de T\u00edtulos<\/h4>\n\n\n\n<p>Somente ser\u00e3o convocados para a Prova de T\u00edtulos Acad\u00eamicos os candidatos que forem aprovados na Prova Objetiva. A etapa ser\u00e1 avaliada na escala de 0 a 10 pontos.<\/p>\n\n\n\n<figure class=\"wp-block-image aligncenter size-full\"><img loading=\"lazy\" decoding=\"async\" width=\"904\" height=\"686\" src=\"https:\/\/dhg1h5j42swfq.cloudfront.net\/2026\/01\/05133456\/titulos-edital-ebserh-2026-medica.jpg\" alt=\"t\u00edtulos edital EBSERH 2026 m\u00e9dica\" class=\"wp-image-1693464\" srcset=\"https:\/\/dhg1h5j42swfq.cloudfront.net\/2026\/01\/05133456\/titulos-edital-ebserh-2026-medica.jpg 904w, https:\/\/dhg1h5j42swfq.cloudfront.net\/2026\/01\/05133456\/titulos-edital-ebserh-2026-medica-300x228.jpg 300w, https:\/\/dhg1h5j42swfq.cloudfront.net\/2026\/01\/05133456\/titulos-edital-ebserh-2026-medica-768x583.jpg 768w, https:\/\/dhg1h5j42swfq.cloudfront.net\/2026\/01\/05133456\/titulos-edital-ebserh-2026-medica-150x114.jpg 150w\" sizes=\"auto, (max-width: 904px) 100vw, 904px\" \/><figcaption class=\"wp-element-caption\">Quadro de t\u00edtulos do edital EBSERH 2026 &#8211; \u00c1rea M\u00e9dica<\/figcaption><\/figure>\n\n\n\n<h2 class=\"wp-block-heading\" id=\"pss-2026\">Concurso EBSERH: processo seletivo 2026<\/h2>\n\n\n\n<h3 class=\"wp-block-heading\" id=\"situacao-atual\">Banca definida<\/h3>\n\n\n\n<p>O Instituto AOCP foi definido como organizador do pr\u00f3ximo processo seletivo simplificado da EBSERH. A informa\u00e7\u00e3o consta em <a href=\"https:\/\/dhg1h5j42swfq.cloudfront.net\/2026\/03\/27164851\/relatorio-sei-1.pdf\" target=\"_blank\" rel=\"noreferrer noopener nofollow\">relat\u00f3rio divulgado pela empresa<\/a>.  <\/p>\n\n\n\n<p>As <strong>oportunidades ser\u00e3o para cargos de n\u00edveis m\u00e9dio\/t\u00e9cnico e superior<\/strong> nas \u00e1reas Assistencial, Administrativa e M\u00e9dica.<\/p>\n\n\n\n<p>Recentemente, o <a href=\"https:\/\/www.estrategiaconcursos.com.br\/blog\/pss-ebserh-2026-termo-referencia\/\" target=\"_blank\" rel=\"noreferrer noopener\">termo de refer\u00eancia<\/a> divulgou mais detalhes acerca da sele\u00e7\u00e3o. Contudo, o quantitativo de vagas e os sal\u00e1rios dos cargos n\u00e3o foram divulgados!<\/p>\n\n\n\n<h2 class=\"wp-block-heading\" id=\"edital-2024\">Concurso EBSERH: edital publicado &#8211; 2024\/2025<\/h2>\n\n\n\n<p>Veja as informa\u00e7\u00f5es mais importantes sobre o \u00faltimo Concurso EBSERH:<\/p>\n\n\n\n<figure class=\"wp-block-image aligncenter size-full\"><img loading=\"lazy\" decoding=\"async\" width=\"968\" height=\"358\" src=\"https:\/\/dhg1h5j42swfq.cloudfront.net\/2025\/06\/16105007\/image-160.png\" alt=\"Concurso EBSERH \u00e9 homologado\" class=\"wp-image-1591733\" srcset=\"https:\/\/dhg1h5j42swfq.cloudfront.net\/2025\/06\/16105007\/image-160.png 968w, https:\/\/dhg1h5j42swfq.cloudfront.net\/2025\/06\/16105007\/image-160-300x111.png 300w, https:\/\/dhg1h5j42swfq.cloudfront.net\/2025\/06\/16105007\/image-160-768x284.png 768w, https:\/\/dhg1h5j42swfq.cloudfront.net\/2025\/06\/16105007\/image-160-150x55.png 150w\" sizes=\"auto, (max-width: 968px) 100vw, 968px\" \/><figcaption class=\"wp-element-caption\">Concurso EBSERH \u00e9 homologado<\/figcaption><\/figure>\n\n\n\n<h3 class=\"wp-block-heading\" id=\"cargos\">Cargos e vagas do concurso EBSERH<\/h3>\n\n\n\n<h4 class=\"wp-block-heading has-cyan-bluish-gray-background-color has-background\" id=\"fundamental\">\u00c1rea Assistencial: 330 vagas + CR<\/h4>\n\n\n\n<p><strong>Ensino m\u00e9dio<\/strong><\/p>\n\n\n\n<figure class=\"wp-block-table is-style-stripes\"><table class=\"has-very-light-gray-to-cyan-bluish-gray-gradient-background has-background has-fixed-layout\"><thead><tr><th class=\"has-text-align-center\" data-align=\"center\">CARGOS<\/th><th class=\"has-text-align-center\" data-align=\"center\">SAL\u00c1RIO<\/th><\/tr><\/thead><tbody><tr><td class=\"has-text-align-center\" data-align=\"center\">T\u00e9cnico em An\u00e1lises Cl\u00ednicas <\/td><td class=\"has-text-align-center\" data-align=\"center\">R$ 4.512,50<\/td><\/tr><tr><td class=\"has-text-align-center\" data-align=\"center\">T\u00e9cnico em Citopatologia <\/td><td class=\"has-text-align-center\" data-align=\"center\">R$ 4.512,50<\/td><\/tr><tr><td class=\"has-text-align-center\" data-align=\"center\">T\u00e9cnico em Enfermagem <\/td><td class=\"has-text-align-center\" data-align=\"center\">R$ 4.060,72<\/td><\/tr><tr><td class=\"has-text-align-center\" data-align=\"center\">T\u00e9cnico em Farm\u00e1cia <\/td><td class=\"has-text-align-center\" data-align=\"center\">R$ 4.512,50<\/td><\/tr><tr><td class=\"has-text-align-center\" data-align=\"center\">T\u00e9cnico em Necropsia <\/td><td class=\"has-text-align-center\" data-align=\"center\">R$ 4.512,50<\/td><\/tr><tr><td class=\"has-text-align-center\" data-align=\"center\">T\u00e9cnico em Pr\u00f3tese Dent\u00e1ria<\/td><td class=\"has-text-align-center\" data-align=\"center\">R$ 4.512,50<\/td><\/tr><tr><td class=\"has-text-align-center\" data-align=\"center\">T\u00e9cnico em Radiologia\/Radioterapia<\/td><td class=\"has-text-align-center\" data-align=\"center\">R$ 2.707,15<\/td><\/tr><tr><td class=\"has-text-align-center\" data-align=\"center\">T\u00e9cnico em Sa\u00fade Bucal<\/td><td class=\"has-text-align-center\" data-align=\"center\">R$ 4.512,50<\/td><\/tr><\/tbody><\/table><\/figure>\n\n\n\n<p><strong>Curso superior<\/strong><\/p>\n\n\n\n<figure class=\"wp-block-table is-style-stripes\"><table class=\"has-very-light-gray-to-cyan-bluish-gray-gradient-background has-background has-fixed-layout\"><thead><tr><th class=\"has-text-align-center\" data-align=\"center\">CARGOS<\/th><th class=\"has-text-align-center\" data-align=\"center\">SAL\u00c1RIO<\/th><\/tr><\/thead><tbody><tr><td class=\"has-text-align-center\" data-align=\"center\">Assistente Social<\/td><td class=\"has-text-align-center\" data-align=\"center\">R$ 5.894,31<\/td><\/tr><tr><td class=\"has-text-align-center\" data-align=\"center\">Biom\u00e9dico<\/td><td class=\"has-text-align-center\" data-align=\"center\">R$ 7.859,09<\/td><\/tr><tr><td class=\"has-text-align-center\" data-align=\"center\">Cirurgi\u00e3o-Dentista (v\u00e1rios)<\/td><td class=\"has-text-align-center\" data-align=\"center\">R$ 6.955,58<\/td><\/tr><tr><td class=\"has-text-align-center\" data-align=\"center\">Enfermeiro (v\u00e1rios)<\/td><td class=\"has-text-align-center\" data-align=\"center\">R$ 8.345,74<\/td><\/tr><tr><td class=\"has-text-align-center\" data-align=\"center\">Farmac\u00eautico<\/td><td class=\"has-text-align-center\" data-align=\"center\">R$ 7.859,09<\/td><\/tr><tr><td class=\"has-text-align-center\" data-align=\"center\">F\u00edsico &#8211; F\u00edsica M\u00e9dica<\/td><td class=\"has-text-align-center\" data-align=\"center\">R$ 12.911,35<\/td><\/tr><tr><td class=\"has-text-align-center\" data-align=\"center\">Fisioterapeuta (v\u00e1rios)<\/td><td class=\"has-text-align-center\" data-align=\"center\">R$ 5.894,31<\/td><\/tr><tr><td class=\"has-text-align-center\" data-align=\"center\">Fonoaudi\u00f3logo <\/td><td class=\"has-text-align-center\" data-align=\"center\">R$ 5.894,31<\/td><\/tr><tr><td class=\"has-text-align-center\" data-align=\"center\">Nutricionista <\/td><td class=\"has-text-align-center\" data-align=\"center\">R$ 7.859,09<\/td><\/tr><tr><td class=\"has-text-align-center\" data-align=\"center\">Pedagogo <\/td><td class=\"has-text-align-center\" data-align=\"center\">R$ 6.659,97<\/td><\/tr><tr><td class=\"has-text-align-center\" data-align=\"center\">Profissional de Educa\u00e7\u00e3o F\u00edsica<\/td><td class=\"has-text-align-center\" data-align=\"center\">R$ 6.659,97<\/td><\/tr><tr><td class=\"has-text-align-center\" data-align=\"center\">Psic\u00f3logo (v\u00e1rios)<\/td><td class=\"has-text-align-center\" data-align=\"center\">R$ 6.659,97<\/td><\/tr><tr><td class=\"has-text-align-center\" data-align=\"center\">Tecn\u00f3logo em Radiologia\/Radioterapia<\/td><td class=\"has-text-align-center\" data-align=\"center\">R$ 3.995,97<\/td><\/tr><tr><td class=\"has-text-align-center\" data-align=\"center\">Terapeuta Ocupacional<\/td><td class=\"has-text-align-center\" data-align=\"center\">R$ 5.894,31<\/td><\/tr><\/tbody><\/table><\/figure>\n\n\n\n<h4 class=\"wp-block-heading has-cyan-bluish-gray-background-color has-background\" id=\"fundamental\">\u00c1rea M\u00e9dica: 198 vagas + CR<\/h4>\n\n\n\n<p><strong>Curso superior<\/strong><\/p>\n\n\n\n<figure class=\"wp-block-table is-style-stripes\"><table class=\"has-very-light-gray-to-cyan-bluish-gray-gradient-background has-background has-fixed-layout\"><thead><tr><th class=\"has-text-align-center\" data-align=\"center\">CARGOS<\/th><th class=\"has-text-align-center\" data-align=\"center\">SAL\u00c1RIO<\/th><\/tr><\/thead><tbody><tr><td class=\"has-text-align-center\" data-align=\"center\">M\u00e9dico &#8211; diversas especialidades<\/td><td class=\"has-text-align-center\" data-align=\"center\">R$ 10.787,14 a R$ 17.978,62<\/td><\/tr><\/tbody><\/table><\/figure>\n\n\n\n<h4 class=\"wp-block-heading has-cyan-bluish-gray-background-color has-background\" id=\"fundamental\">\u00c1rea Administrativa: 17 vagas + CR<\/h4>\n\n\n\n<p><strong>Ensino m\u00e9dio<\/strong><\/p>\n\n\n\n<figure class=\"wp-block-table is-style-stripes\"><table class=\"has-very-light-gray-to-cyan-bluish-gray-gradient-background has-background has-fixed-layout\"><thead><tr><th class=\"has-text-align-center\" data-align=\"center\">CARGOS<\/th><th class=\"has-text-align-center\" data-align=\"center\">SAL\u00c1RIO<\/th><\/tr><\/thead><tbody><tr><td class=\"has-text-align-center\" data-align=\"center\">Assistente Administrativo<\/td><td class=\"has-text-align-center\" data-align=\"center\">R$ 3.057,56<\/td><\/tr><tr><td class=\"has-text-align-center\" data-align=\"center\">T\u00e9cnico em Seguran\u00e7a do Trabalho<\/td><td class=\"has-text-align-center\" data-align=\"center\">R$ 4.512,50<\/td><\/tr><\/tbody><\/table><\/figure>\n\n\n\n<p><strong>Curso superior<\/strong><\/p>\n\n\n\n<figure class=\"wp-block-table is-style-stripes\"><table class=\"has-very-light-gray-to-cyan-bluish-gray-gradient-background has-background has-fixed-layout\"><thead><tr><th class=\"has-text-align-center\" data-align=\"center\">CARGOS<\/th><th class=\"has-text-align-center\" data-align=\"center\">SAL\u00c1RIO<\/th><\/tr><\/thead><tbody><tr><td class=\"has-text-align-center\" data-align=\"center\">Advogado<\/td><td class=\"has-text-align-center\" data-align=\"center\">R$ 10.941,60<\/td><\/tr><tr><td class=\"has-text-align-center\" data-align=\"center\">Analista Administrativo &#8211; Administra\u00e7\u00e3o<\/td><td class=\"has-text-align-center\" data-align=\"center\">R$ 7.859,09<\/td><\/tr><tr><td class=\"has-text-align-center\" data-align=\"center\">Analista Administrativo &#8211; Administra\u00e7\u00e3o Hospitalar<\/td><td class=\"has-text-align-center\" data-align=\"center\">R$ 7.859,09<\/td><\/tr><tr><td class=\"has-text-align-center\" data-align=\"center\">Analista Administrativo &#8211; Contabilidade<\/td><td class=\"has-text-align-center\" data-align=\"center\">R$ 7.859,09<\/td><\/tr><tr><td class=\"has-text-align-center\" data-align=\"center\">Analista Administrativo &#8211; Economia<\/td><td class=\"has-text-align-center\" data-align=\"center\">R$ 7.859,09<\/td><\/tr><tr><td class=\"has-text-align-center\" data-align=\"center\">Analista Administrativo &#8211; Estat\u00edstica<\/td><td class=\"has-text-align-center\" data-align=\"center\">R$ 7.859,09<\/td><\/tr><tr><td class=\"has-text-align-center\" data-align=\"center\">Analista Administrativo &#8211; Gest\u00e3o em Sa\u00fade<\/td><td class=\"has-text-align-center\" data-align=\"center\">R$ 7.859,09<\/td><\/tr><tr><td class=\"has-text-align-center\" data-align=\"center\">Analista Administrativo &#8211; Gest\u00e3o Hospitalar<\/td><td class=\"has-text-align-center\" data-align=\"center\">R$ 7.859,09<\/td><\/tr><tr><td class=\"has-text-align-center\" data-align=\"center\">Analista Administrativo &#8211; Publicidade e Propaganda<\/td><td class=\"has-text-align-center\" data-align=\"center\">R$ 7.859,09<\/td><\/tr><tr><td class=\"has-text-align-center\" data-align=\"center\">Analista Administrativo &#8211; Qualquer N\u00edvel Superior<\/td><td class=\"has-text-align-center\" data-align=\"center\">R$ 7.859,09<\/td><\/tr><tr><td class=\"has-text-align-center\" data-align=\"center\">Analista Administrativo &#8211; Rela\u00e7\u00f5es P\u00fablicas<\/td><td class=\"has-text-align-center\" data-align=\"center\">R$ 7.859,09<\/td><\/tr><tr><td class=\"has-text-align-center\" data-align=\"center\">Analista Administrativo &#8211; Sa\u00fade Coletiva<\/td><td class=\"has-text-align-center\" data-align=\"center\">R$ 7.859,09<\/td><\/tr><tr><td class=\"has-text-align-center\" data-align=\"center\">Analista de Tecnologia da Informa\u00e7\u00e3o<\/td><td class=\"has-text-align-center\" data-align=\"center\">R$ 9.272,45<\/td><\/tr><tr><td class=\"has-text-align-center\" data-align=\"center\">Arquiteto<\/td><td class=\"has-text-align-center\" data-align=\"center\">R$ 7.859,09<\/td><\/tr><tr><td class=\"has-text-align-center\" data-align=\"center\">Engenheiro Civil<\/td><td class=\"has-text-align-center\" data-align=\"center\">R$ 12.911,35<\/td><\/tr><tr><td class=\"has-text-align-center\" data-align=\"center\">Engenheiro Cl\u00ednico<\/td><td class=\"has-text-align-center\" data-align=\"center\">R$ 12.911,35<\/td><\/tr><tr><td class=\"has-text-align-center\" data-align=\"center\">Engenheiro Eletricista<\/td><td class=\"has-text-align-center\" data-align=\"center\">R$ 12.911,35<\/td><\/tr><tr><td class=\"has-text-align-center\" data-align=\"center\">Engenheiro Mec\u00e2nico<\/td><td class=\"has-text-align-center\" data-align=\"center\">R$ 12.911,35<\/td><\/tr><tr><td class=\"has-text-align-center\" data-align=\"center\">Engenheiro de Produ\u00e7\u00e3o<\/td><td class=\"has-text-align-center\" data-align=\"center\">R$ 12.911,35<\/td><\/tr><tr><td class=\"has-text-align-center\" data-align=\"center\">Engenheiro de Seguran\u00e7a do Trabalho<\/td><td class=\"has-text-align-center\" data-align=\"center\">R$ 12.911,35<\/td><\/tr><tr><td class=\"has-text-align-center\" data-align=\"center\">Jornalista<\/td><td class=\"has-text-align-center\" data-align=\"center\">R$ 4.911,92<\/td><\/tr><\/tbody><\/table><\/figure>\n\n\n\n<h3 class=\"wp-block-heading\" id=\"inscritos\">Demanda de inscritos EBSERH<\/h3>\n\n\n\n<p>Ao todo, foram <strong>registradas 546.042 inscri\u00e7\u00f5es, <\/strong>sendo que a \u00e1rea assistencial apresentou o maior n\u00famero de candidaturas. Veja abaixo o quantitativo completo:<\/p>\n\n\n\n<ul class=\"wp-block-list\">\n<li><a href=\"https:\/\/dhg1h5j42swfq.cloudfront.net\/2025\/02\/21223019\/ebserh-748_ebserh_areaassistencial_demanda_por_vaga.pdf\" target=\"_blank\" rel=\"noreferrer noopener nofollow\">\u00c1rea Assistencial<\/a>: 423.552 inscritos;<\/li>\n\n\n\n<li><a href=\"https:\/\/dhg1h5j42swfq.cloudfront.net\/2025\/02\/21223023\/ebserh-682_ebserh_areaadministrativa_demanda_porvaga.pdf\" target=\"_blank\" rel=\"noreferrer noopener nofollow\">\u00c1rea Administrativa<\/a>: 101.106 inscritos; e<\/li>\n\n\n\n<li><a href=\"https:\/\/dhg1h5j42swfq.cloudfront.net\/2025\/02\/21223015\/ebserh-734_ebserh_areamedica_demanda_por_vaga.pdf\" target=\"_blank\" rel=\"noreferrer noopener nofollow\">\u00c1rea M\u00e9dica<\/a>: 21.384 inscritos.<\/li>\n<\/ul>\n\n\n\n<h3 class=\"wp-block-heading\" id=\"etapas\">Etapas e provas do concurso EBSERH<\/h3>\n\n\n\n<p>De acordo com as informa\u00e7\u00f5es do edital, os candidatos do concurso EBSERH foram avaliados mediante aplica\u00e7\u00e3o das seguintes etapas, conforme abaixo:<\/p>\n\n\n\n<p><span style=\"text-decoration: underline;\">\u00c1rea m\u00e9dica e assistencial<\/span>:<\/p>\n\n\n\n<ul class=\"wp-block-list\">\n<li>Prova Objetiva, de car\u00e1ter eliminat\u00f3rio e classificat\u00f3rio; e<\/li>\n\n\n\n<li>Prova de T\u00edtulos, de car\u00e1ter classificat\u00f3rio.<\/li>\n<\/ul>\n\n\n\n<p><span style=\"text-decoration: underline;\">\u00c1rea administrativa<\/span>:<\/p>\n\n\n\n<ul class=\"wp-block-list\">\n<li>Prova Objetiva, de car\u00e1ter eliminat\u00f3rio e classificat\u00f3rio;<\/li>\n\n\n\n<li>Prova Discursiva, de car\u00e1ter classificat\u00f3rio; e<\/li>\n\n\n\n<li>Prova de T\u00edtulos, de car\u00e1ter classificat\u00f3rio.<\/li>\n<\/ul>\n\n\n\n<h4 class=\"wp-block-heading\" id=\"objetiva\">Provas Objetivas<\/h4>\n\n\n\n<p>A Prova Objetiva, de car\u00e1ter eliminat\u00f3rio e classificat\u00f3rio, foi constitu\u00edda por 60 quest\u00f5es de m\u00faltipla escolha (cinco alternativas), conforme a seguir:<\/p>\n\n\n\n<p><span style=\"text-decoration: underline;\">\u00c1rea administrativa<\/span>:<\/p>\n\n\n\n<ul class=\"wp-block-list\">\n<li><strong>Conhecimentos B\u00e1sicos:<\/strong>\n<ul class=\"wp-block-list\">\n<li>L\u00edngua Portuguesa &#8211; 10 <\/li>\n\n\n\n<li>Legisla\u00e7\u00e3o &#8211; EBSERH &#8211; 05 <\/li>\n\n\n\n<li>Pol\u00edticas P\u00fablicas de Sa\u00fade e Educa\u00e7\u00e3o &#8211; 15<\/li>\n<\/ul>\n<\/li>\n\n\n\n<li><strong>Conhecimentos Espec\u00edficos:<\/strong>\n<ul class=\"wp-block-list\">\n<li>No\u00e7\u00f5es de Administra\u00e7\u00e3o P\u00fablica e Direito Administrativo &#8211; 10 <\/li>\n\n\n\n<li>Espec\u00edfico &#8211; 20<\/li>\n<\/ul>\n<\/li>\n<\/ul>\n\n\n\n<p><span style=\"text-decoration: underline;\">\u00c1rea assistencial<\/span>:<\/p>\n\n\n\n<ul class=\"wp-block-list\">\n<li><strong>Conhecimentos B\u00e1sicos:<\/strong>\n<ul class=\"wp-block-list\">\n<li>L\u00edngua Portuguesa &#8211; 10 <\/li>\n\n\n\n<li>Legisla\u00e7\u00e3o &#8211; EBSERH &#8211; 05 <\/li>\n\n\n\n<li>Pol\u00edticas P\u00fablicas de Sa\u00fade e Educa\u00e7\u00e3o &#8211; 15<\/li>\n<\/ul>\n<\/li>\n\n\n\n<li><strong>Conhecimentos Espec\u00edficos:<\/strong>\n<ul class=\"wp-block-list\">\n<li>Espec\u00edfico &#8211; 30<\/li>\n<\/ul>\n<\/li>\n<\/ul>\n\n\n\n<p><span style=\"text-decoration: underline;\">\u00c1rea m\u00e9dica<\/span>:<\/p>\n\n\n\n<ul class=\"wp-block-list\">\n<li><strong>Conhecimentos B\u00e1sicos:<\/strong>\n<ul class=\"wp-block-list\">\n<li>L\u00edngua Portuguesa &#8211; 10 <\/li>\n\n\n\n<li>Legisla\u00e7\u00e3o &#8211; EBSERH &#8211; 05 <\/li>\n\n\n\n<li>Pol\u00edticas P\u00fablicas de Sa\u00fade e Educa\u00e7\u00e3o &#8211; 15<\/li>\n<\/ul>\n<\/li>\n\n\n\n<li><strong>Conhecimentos Espec\u00edficos:<\/strong>\n<ul class=\"wp-block-list\">\n<li>Espec\u00edfico &#8211; 30<\/li>\n<\/ul>\n<\/li>\n<\/ul>\n\n\n\n<p>A etapa foi avaliada na escala de 0 a 60 pontos, considerando aprovado o candidato que acertou, no m\u00ednimo, 30 pontos no total da prova. A dura\u00e7\u00e3o foi de 4 horas.<\/p>\n\n\n\n<h4 class=\"wp-block-heading\" id=\"discursiva\">Prova Discursiva<\/h4>\n\n\n\n<p>A Prova de Reda\u00e7\u00e3o teve car\u00e1ter classificat\u00f3rio e foi avaliada na escala de 0 a 20 pontos, aplicada apenas aos candidatos do edital Ebserh da \u00e1rea administrativa.<\/p>\n\n\n\n<p>O tema da Reda\u00e7\u00e3o foi fornecido no momento da Prova Objetiva, devendo o candidato desenvolver o tema em no m\u00ednimo 20 e no m\u00e1ximo 30 linhas, observando os crit\u00e9rios de corre\u00e7\u00e3o a seguir:<\/p>\n\n\n\n<figure class=\"wp-block-image aligncenter size-large\"><img loading=\"lazy\" decoding=\"async\" width=\"1024\" height=\"250\" src=\"https:\/\/dhg1h5j42swfq.cloudfront.net\/2024\/12\/18110237\/image-286-1024x250.png\" alt=\"Crit\u00e9rios da prova discursiva do concurso EBSERH\" class=\"wp-image-1507656\" srcset=\"https:\/\/dhg1h5j42swfq.cloudfront.net\/2024\/12\/18110237\/image-286-1024x250.png 1024w, https:\/\/dhg1h5j42swfq.cloudfront.net\/2024\/12\/18110237\/image-286-300x73.png 300w, https:\/\/dhg1h5j42swfq.cloudfront.net\/2024\/12\/18110237\/image-286-768x188.png 768w, https:\/\/dhg1h5j42swfq.cloudfront.net\/2024\/12\/18110237\/image-286-150x37.png 150w, https:\/\/dhg1h5j42swfq.cloudfront.net\/2024\/12\/18110237\/image-286.png 1400w\" sizes=\"auto, (max-width: 1024px) 100vw, 1024px\" \/><figcaption class=\"wp-element-caption\">Crit\u00e9rios da prova discursiva do concurso EBSERH<\/figcaption><\/figure>\n\n\n\n<h4 class=\"wp-block-heading\" id=\"titulos\">Avalia\u00e7\u00e3o de T\u00edtulos e de Experi\u00eancia Profissional<\/h4>\n\n\n\n<p>O candidato com a inscri\u00e7\u00e3o deferida dos editais Ebserh precisou fazer o envio eletr\u00f4nico, via link espec\u00edfico no endere\u00e7o eletr\u00f4nico do IBFC. A Prova de T\u00edtulos e Avalia\u00e7\u00e3o de Experi\u00eancia Profissional foi avaliada na escala de:<\/p>\n\n\n\n<ul class=\"wp-block-list\">\n<li>a) 0 a 10 pontos para os cargos de N\u00edvel M\u00e9dio\/T\u00e9cnico; e<\/li>\n\n\n\n<li>b) 0 a 20 pontos para os cargos de N\u00edvel Superior.<\/li>\n<\/ul>\n\n\n\n<p><strong>N\u00edvel M\u00e9dio\/T\u00e9cnico e Superior:<\/strong><\/p>\n\n\n\n<figure class=\"wp-block-image aligncenter size-large\"><img loading=\"lazy\" decoding=\"async\" width=\"1024\" height=\"125\" src=\"https:\/\/dhg1h5j42swfq.cloudfront.net\/2024\/12\/18110300\/image-287-1024x125.png\" alt=\"Quadro de t\u00edtulos do edital EBSERH\" class=\"wp-image-1507658\" srcset=\"https:\/\/dhg1h5j42swfq.cloudfront.net\/2024\/12\/18110300\/image-287-1024x125.png 1024w, https:\/\/dhg1h5j42swfq.cloudfront.net\/2024\/12\/18110300\/image-287-300x37.png 300w, https:\/\/dhg1h5j42swfq.cloudfront.net\/2024\/12\/18110300\/image-287-768x94.png 768w, https:\/\/dhg1h5j42swfq.cloudfront.net\/2024\/12\/18110300\/image-287-150x18.png 150w, https:\/\/dhg1h5j42swfq.cloudfront.net\/2024\/12\/18110300\/image-287.png 1267w\" sizes=\"auto, (max-width: 1024px) 100vw, 1024px\" \/><figcaption class=\"wp-element-caption\">Quadro de t\u00edtulos do edital EBSERH<\/figcaption><\/figure>\n\n\n\n<p><strong>N\u00edvel Superior:<\/strong><\/p>\n\n\n\n<figure class=\"wp-block-image aligncenter size-large\"><img loading=\"lazy\" decoding=\"async\" width=\"1024\" height=\"461\" src=\"https:\/\/dhg1h5j42swfq.cloudfront.net\/2024\/12\/18110316\/image-288-1024x461.png\" alt=\"Quadro de t\u00edtulos do edital EBSERH\" class=\"wp-image-1507661\" srcset=\"https:\/\/dhg1h5j42swfq.cloudfront.net\/2024\/12\/18110316\/image-288-1024x461.png 1024w, https:\/\/dhg1h5j42swfq.cloudfront.net\/2024\/12\/18110316\/image-288-300x135.png 300w, https:\/\/dhg1h5j42swfq.cloudfront.net\/2024\/12\/18110316\/image-288-768x346.png 768w, https:\/\/dhg1h5j42swfq.cloudfront.net\/2024\/12\/18110316\/image-288-150x68.png 150w, https:\/\/dhg1h5j42swfq.cloudfront.net\/2024\/12\/18110316\/image-288.png 1360w\" sizes=\"auto, (max-width: 1024px) 100vw, 1024px\" \/><figcaption class=\"wp-element-caption\">Quadro de t\u00edtulos do edital EBSERH<\/figcaption><\/figure>\n\n\n\n<p><strong>N\u00edvel Superior &#8211; \u00e1rea M\u00e9dica:<\/strong><\/p>\n\n\n\n<figure class=\"wp-block-image aligncenter size-large\"><img loading=\"lazy\" decoding=\"async\" width=\"1024\" height=\"122\" src=\"https:\/\/dhg1h5j42swfq.cloudfront.net\/2024\/12\/18110636\/image-289-1024x122.png\" alt=\"Quadro de t\u00edtulos da \u00e1rea M\u00e9dica EBSERH\" class=\"wp-image-1507667\" srcset=\"https:\/\/dhg1h5j42swfq.cloudfront.net\/2024\/12\/18110636\/image-289-1024x122.png 1024w, https:\/\/dhg1h5j42swfq.cloudfront.net\/2024\/12\/18110636\/image-289-300x36.png 300w, https:\/\/dhg1h5j42swfq.cloudfront.net\/2024\/12\/18110636\/image-289-768x92.png 768w, https:\/\/dhg1h5j42swfq.cloudfront.net\/2024\/12\/18110636\/image-289-150x18.png 150w, https:\/\/dhg1h5j42swfq.cloudfront.net\/2024\/12\/18110636\/image-289.png 1265w\" sizes=\"auto, (max-width: 1024px) 100vw, 1024px\" \/><figcaption class=\"wp-element-caption\">Quadro de t\u00edtulos da \u00e1rea M\u00e9dica EBSERH<\/figcaption><\/figure>\n\n\n\n<h2 class=\"wp-block-heading\" id=\"novo-edital-previsto\">Concurso EBSERH: sobre as carreiras<\/h2>\n\n\n\n<h3 class=\"wp-block-heading\" id=\"remuneracoes\">Remunera\u00e7\u00f5es dos cargos<\/h3>\n\n\n\n<p>O<strong> atual Plano de Cargos, Carreiras e Sal\u00e1rios<\/strong> do \u00f3rg\u00e3o fixa as remunera\u00e7\u00f5es iniciais de <strong>R$ 2.707,15 a R$ 12.911,35.<\/strong> Confira abaixo os n\u00fameros completos distribu\u00eddos entre jornadas de trabalho de 24, 36 e 40 horas semanais:<\/p>\n\n\n\n<ul class=\"wp-block-list\">\n<li><a href=\"https:\/\/dhg1h5j42swfq.cloudfront.net\/2024\/11\/14175358\/microsoft-word-plano_de_cargos_carreiras_e_salarios_ebserh_-atualizado-act-2024-2025-plano-de-cargos-carreiras-e-salarios-2024-2025.pdf\" target=\"_blank\" rel=\"noreferrer noopener nofollow\">Plano de Cargos, Carreiras e Sal\u00e1rios<\/a><\/li>\n<\/ul>\n\n\n\n<h2 class=\"wp-block-heading\" id=\"situacao\">Concurso EBSERH: edital publicado &#8211; 2023<\/h2>\n\n\n\n<ul class=\"wp-block-list\">\n<li><strong>Vagas<\/strong>: 695 + CR<\/li>\n\n\n\n<li><strong>Cargos<\/strong>: v\u00e1rios<\/li>\n\n\n\n<li><strong>Banca<\/strong>: IBFC<\/li>\n\n\n\n<li><strong>Escolaridade<\/strong>: m\u00e9dio, t\u00e9cnico e superior<\/li>\n\n\n\n<li><strong>Edital<\/strong>:&nbsp;<a href=\"https:\/\/dhg1h5j42swfq.cloudfront.net\/2023\/10\/03003542\/ebserh-ass-2023.pdf\" target=\"_blank\" rel=\"noreferrer noopener nofollow\">Ebserh Ass-2023<\/a>&nbsp;|&nbsp;<a href=\"https:\/\/dhg1h5j42swfq.cloudfront.net\/2023\/10\/03003605\/ebserh-med-2023.pdf\" target=\"_blank\" rel=\"noreferrer noopener nofollow\">Ebserh M\u00e9d-2023<\/a>&nbsp;|&nbsp;<a href=\"https:\/\/dhg1h5j42swfq.cloudfront.net\/2023\/10\/03003513\/ebserh-adm-2023.pdf\" target=\"_blank\" rel=\"noreferrer noopener nofollow\">Ebserh Adm-2023<\/a><\/li>\n<\/ul>\n\n\n\n<h3 class=\"wp-block-heading\" id=\"cargos-vagas\">Cargos e vagas do concurso EBSERH<\/h3>\n\n\n\n<h4 class=\"wp-block-heading has-cyan-bluish-gray-background-color has-background\" id=\"fundamental\">\u00c1rea Assistencial &#8211; 106 vagas + CR<\/h4>\n\n\n\n<p><span style=\"text-decoration: underline;\"><strong>N\u00edvel m\u00e9dio<\/strong><\/span><\/p>\n\n\n\n<figure class=\"wp-block-table is-style-stripes\"><table class=\"has-very-light-gray-to-cyan-bluish-gray-gradient-background has-background has-fixed-layout\"><thead><tr><th class=\"has-text-align-center\" data-align=\"center\">CARGOS<\/th><th class=\"has-text-align-center\" data-align=\"center\">SAL\u00c1RIO<\/th><\/tr><\/thead><tbody><tr><td class=\"has-text-align-center\" data-align=\"center\">T\u00c9CNICO EM AN\u00c1LISES CL\u00cdNICAS<\/td><td class=\"has-text-align-center\" data-align=\"center\">R$ 4.377,25<\/td><\/tr><tr><td class=\"has-text-align-center\" data-align=\"center\">T\u00c9CNICO EM CITOPATOLOGIA<\/td><td class=\"has-text-align-center\" data-align=\"center\">R$ 4.377,25<\/td><\/tr><tr><td class=\"has-text-align-center\" data-align=\"center\">T\u00c9CNICO EM ENFERMAGEM<\/td><td class=\"has-text-align-center\" data-align=\"center\">R$ 3.939,00<\/td><\/tr><tr><td class=\"has-text-align-center\" data-align=\"center\">T\u00c9CNICO EM FARM\u00c1CIA<\/td><td class=\"has-text-align-center\" data-align=\"center\">R$ 4.377,25<\/td><\/tr><tr><td class=\"has-text-align-center\" data-align=\"center\">T\u00c9CNICO EM NECROPSIA<\/td><td class=\"has-text-align-center\" data-align=\"center\">R$ 4.377,25<\/td><\/tr><tr><td class=\"has-text-align-center\" data-align=\"center\">T\u00c9CNICO EM PR\u00d3TESE DENT\u00c1RIA<\/td><td class=\"has-text-align-center\" data-align=\"center\">R$ 4.377,25<\/td><\/tr><tr><td class=\"has-text-align-center\" data-align=\"center\">T\u00c9CNICO EM RADIOLOGIA<\/td><td class=\"has-text-align-center\" data-align=\"center\">R$2.626,01<\/td><\/tr><tr><td class=\"has-text-align-center\" data-align=\"center\">T\u00c9CNICO EM SA\u00daDE BUCAL<\/td><td class=\"has-text-align-center\" data-align=\"center\">R$ 4.377,25<\/td><\/tr><\/tbody><\/table><figcaption class=\"wp-element-caption\">Concurso EBSERH: cargos e sal\u00e1rios para n\u00edvel m\u00e9dio<\/figcaption><\/figure>\n\n\n\n<p><strong><span style=\"text-decoration: underline;\">N\u00edvel superior<\/span><\/strong><\/p>\n\n\n\n<figure class=\"wp-block-table is-style-stripes\"><table class=\"has-very-light-gray-to-cyan-bluish-gray-gradient-background has-background has-fixed-layout\"><thead><tr><th class=\"has-text-align-center\" data-align=\"center\">CARGOS<\/th><th class=\"has-text-align-center\" data-align=\"center\">SAL\u00c1RIO<\/th><\/tr><\/thead><tbody><tr><td class=\"has-text-align-center\" data-align=\"center\">ASSISTENTE SOCIAL<\/td><td class=\"has-text-align-center\" data-align=\"center\">R$ 5.717,63<\/td><\/tr><tr><td class=\"has-text-align-center\" data-align=\"center\">BI\u00d3LOGO<\/td><td class=\"has-text-align-center\" data-align=\"center\">R$ 7.623,51<\/td><\/tr><tr><td class=\"has-text-align-center\" data-align=\"center\">BIOM\u00c9DICO<\/td><td class=\"has-text-align-center\" data-align=\"center\">R$ 7.623,51<\/td><\/tr><tr><td class=\"has-text-align-center\" data-align=\"center\">ENFERMEIRO<\/td><td class=\"has-text-align-center\" data-align=\"center\">R$ 8.095,56<\/td><\/tr><tr><td class=\"has-text-align-center\" data-align=\"center\">CIRURGI\u00c3O \u2013 DENTISTA<\/td><td class=\"has-text-align-center\" data-align=\"center\">R$ 6.747,09<\/td><\/tr><tr><td class=\"has-text-align-center\" data-align=\"center\">FARMAC\u00caUTICO<\/td><td class=\"has-text-align-center\" data-align=\"center\">R$ 7.623,51<\/td><\/tr><tr><td class=\"has-text-align-center\" data-align=\"center\">F\u00cdSICO<\/td><td class=\"has-text-align-center\" data-align=\"center\">R$ 12.524,35<\/td><\/tr><tr><td class=\"has-text-align-center\" data-align=\"center\">FISIOTERAPEUTA<\/td><td class=\"has-text-align-center\" data-align=\"center\">R$ 5.717,63<\/td><\/tr><tr><td class=\"has-text-align-center\" data-align=\"center\">FONOAUDI\u00d3LOGO<\/td><td class=\"has-text-align-center\" data-align=\"center\">R$ 5.717,63<\/td><\/tr><tr><td class=\"has-text-align-center\" data-align=\"center\">NUTRICIONISTA<\/td><td class=\"has-text-align-center\" data-align=\"center\">R$ 7.623,51<\/td><\/tr><tr><td class=\"has-text-align-center\" data-align=\"center\">PEDAGOGO<\/td><td class=\"has-text-align-center\" data-align=\"center\">R$ 6.460,34<\/td><\/tr><tr><td class=\"has-text-align-center\" data-align=\"center\">PROFISSIONAL DE EDUCA\u00c7\u00c3O<br \/>F\u00cdSICA<\/td><td class=\"has-text-align-center\" data-align=\"center\">R$ 6.460,34<\/td><\/tr><tr><td class=\"has-text-align-center\" data-align=\"center\">PSIC\u00d3LOGO<\/td><td class=\"has-text-align-center\" data-align=\"center\">R$ 6.460,34<\/td><\/tr><tr><td class=\"has-text-align-center\" data-align=\"center\">TECN\u00d3LOGO EM RADIOLOGIA<\/td><td class=\"has-text-align-center\" data-align=\"center\">R$ 3.876,19<\/td><\/tr><tr><td class=\"has-text-align-center\" data-align=\"center\">TERAPEUTA OCUPACIONAL<\/td><td class=\"has-text-align-center\" data-align=\"center\">R$ 5.717,63<\/td><\/tr><\/tbody><\/table><figcaption class=\"wp-element-caption\">Concurso EBSERH: cargos e sal\u00e1rios para n\u00edvel superior<\/figcaption><\/figure>\n\n\n\n<h4 class=\"wp-block-heading has-cyan-bluish-gray-background-color has-background\" id=\"fundamental\">\u00c1rea M\u00e9dica &#8211; 554 vagas + CR<\/h4>\n\n\n\n<p><span style=\"text-decoration: underline;\"><strong>N\u00edvel superior<\/strong><\/span><\/p>\n\n\n\n<figure class=\"wp-block-table is-style-stripes\"><table class=\"has-very-light-gray-to-cyan-bluish-gray-gradient-background has-background has-fixed-layout\"><thead><tr><th class=\"has-text-align-center\" data-align=\"center\">CARGOS<\/th><th class=\"has-text-align-center\" data-align=\"center\">SAL\u00c1RIO<\/th><\/tr><\/thead><tbody><tr><td class=\"has-text-align-center\" data-align=\"center\">M\u00c9DICO (diversas especialidades)<\/td><td class=\"has-text-align-center\" data-align=\"center\">R$ 10.463,79<\/td><\/tr><\/tbody><\/table><figcaption class=\"wp-element-caption\">Quadro de \u00e1rea m\u00e9dica &#8211; EBSERH<\/figcaption><\/figure>\n\n\n\n<h4 class=\"wp-block-heading has-cyan-bluish-gray-background-color has-background\" id=\"fundamental\">\u00c1rea Administrativa &#8211; 35 vagas + CR<\/h4>\n\n\n\n<p><span style=\"text-decoration: underline;\"><strong>N\u00edvel m\u00e9dio<\/strong><\/span><\/p>\n\n\n\n<figure class=\"wp-block-table is-style-stripes\"><table class=\"has-very-light-gray-to-cyan-bluish-gray-gradient-background has-background has-fixed-layout\"><thead><tr><th class=\"has-text-align-center\" data-align=\"center\">CARGOS<\/th><th class=\"has-text-align-center\" data-align=\"center\">SAL\u00c1RIO<\/th><\/tr><\/thead><tbody><tr><td class=\"has-text-align-center\" data-align=\"center\">ASSISTENTE ADMINISTRATIVO<\/td><td class=\"has-text-align-center\" data-align=\"center\">R$ 2.965,92<\/td><\/tr><tr><td class=\"has-text-align-center\" data-align=\"center\">T\u00c9CNICO EM CONTABILIDADE<\/td><td class=\"has-text-align-center\" data-align=\"center\">R$ 4.377,25<\/td><\/tr><tr><td class=\"has-text-align-center\" data-align=\"center\">T\u00c9CNICO EM SEGURAN\u00c7A DO<br \/>TRABALHO<\/td><td class=\"has-text-align-center\" data-align=\"center\">R$ 4.377,25<\/td><\/tr><\/tbody><\/table><figcaption class=\"wp-element-caption\">Concurso EBSERH: cargos e sal\u00e1rios para n\u00edvel m\u00e9dio<\/figcaption><\/figure>\n\n\n\n<p><span style=\"text-decoration: underline;\"><strong>N\u00edvel superior<\/strong><\/span><\/p>\n\n\n\n<figure class=\"wp-block-table is-style-stripes\"><table class=\"has-very-light-gray-to-cyan-bluish-gray-gradient-background has-background has-fixed-layout\"><thead><tr><th class=\"has-text-align-center\" data-align=\"center\">CARGOS<\/th><th class=\"has-text-align-center\" data-align=\"center\">SAL\u00c1RIO<\/th><\/tr><\/thead><tbody><tr><td class=\"has-text-align-center\" data-align=\"center\">ADVOGADO<\/td><td class=\"has-text-align-center\" data-align=\"center\">R$ 10.613,64<\/td><\/tr><tr><td class=\"has-text-align-center\" data-align=\"center\">ANALISTA ADMINISTRATIVO DIVERSAS AREAS<\/td><td class=\"has-text-align-center\" data-align=\"center\">R$ 7.623,51<\/td><\/tr><tr><td class=\"has-text-align-center\" data-align=\"center\">JORNALISTA<\/td><td class=\"has-text-align-center\" data-align=\"center\">R$ 4.764,69<\/td><\/tr><tr><td class=\"has-text-align-center\" data-align=\"center\">TECN\u00d3LOGO EM GEST\u00c3O<br \/>HOSPITALAR<\/td><td class=\"has-text-align-center\" data-align=\"center\">R$ 6.460,34<\/td><\/tr><tr><td class=\"has-text-align-center\" data-align=\"center\">ARQUITETO<\/td><td class=\"has-text-align-center\" data-align=\"center\">R$ 12.524,35<\/td><\/tr><tr><td class=\"has-text-align-center\" data-align=\"center\">ENGENHEIRO CIVIL<\/td><td class=\"has-text-align-center\" data-align=\"center\">R$ 12.524,35<\/td><\/tr><tr><td class=\"has-text-align-center\" data-align=\"center\">ENGENHEIRO CL\u00cdNICO<\/td><td class=\"has-text-align-center\" data-align=\"center\">R$ 12.524,35<\/td><\/tr><tr><td class=\"has-text-align-center\" data-align=\"center\">ENGENHEIRO ELETRICISTA<\/td><td class=\"has-text-align-center\" data-align=\"center\">R$ 12.524,35<\/td><\/tr><tr><td class=\"has-text-align-center\" data-align=\"center\">ENGENHEIRO DE PRODU\u00c7\u00c3O<\/td><td class=\"has-text-align-center\" data-align=\"center\">R$ 12.524,35<\/td><\/tr><tr><td class=\"has-text-align-center\" data-align=\"center\">ENGENHEIRO MEC\u00c2NICO<\/td><td class=\"has-text-align-center\" data-align=\"center\">R$ 12.524,35<\/td><\/tr><tr><td class=\"has-text-align-center\" data-align=\"center\">ENGENHEIRO DE SEGURAN\u00c7A<br \/>DO TRABALHO<\/td><td class=\"has-text-align-center\" data-align=\"center\">R$ 12.524,35<\/td><\/tr><\/tbody><\/table><figcaption class=\"wp-element-caption\">Concurso EBSERH: cargos e sal\u00e1rios para n\u00edvel superior<\/figcaption><\/figure>\n\n\n\n<p><strong>Conhe\u00e7a os benef\u00edcios<\/strong><\/p>\n\n\n\n<p>Conforme o Plano de Benef\u00edcios do \u00f3rg\u00e3o, os aprovados ainda contam com as seguintes vantagens:<\/p>\n\n\n\n<ul class=\"wp-block-list\">\n<li><strong>Aux\u00edlio-alimenta\u00e7\u00e3o<\/strong>: R$ 653,49 (desconto de 1% em folha);<\/li>\n\n\n\n<li><strong>Aux\u00edlio Creche<\/strong>: R$ 213,96;<\/li>\n\n\n\n<li><strong>Aux\u00edlio Pessoa com Defici\u00eancia<\/strong>: R$ 241,63;<\/li>\n\n\n\n<li><strong>Assist\u00eancia M\u00e9dica e Odontol\u00f3gica<\/strong>: a participa\u00e7\u00e3o da Empresa \u00e9 de 50% do valor do Plano de Sa\u00fade, por segurado e por seus dependentes legais, conforme Resolu\u00e7\u00e3o CCE n\u00ba 9, de 1996, limitando-se ao teto de R$ 180,68.<\/li>\n<\/ul>\n\n\n\n<h3 class=\"wp-block-heading\" id=\"etapas\">Etapas e provas do concurso EBSERH<\/h3>\n\n\n\n<p>Os candidatos do concurso EBSERH foram avaliados mediante aplica\u00e7\u00e3o de at\u00e9 tr\u00eas etapas, conforme abaixo:<\/p>\n\n\n\n<p><span style=\"text-decoration: underline;\">\u00c1rea m\u00e9dica e assistencial<\/span>:<\/p>\n\n\n\n<ul class=\"wp-block-list\">\n<li>Prova Objetiva, de car\u00e1ter eliminat\u00f3rio e classificat\u00f3rio; e<\/li>\n\n\n\n<li>Prova de T\u00edtulos, de car\u00e1ter classificat\u00f3rio.<\/li>\n<\/ul>\n\n\n\n<p><span style=\"text-decoration: underline;\">\u00c1rea administrativa<\/span>:<\/p>\n\n\n\n<ul class=\"wp-block-list\">\n<li>Prova Objetiva, de car\u00e1ter eliminat\u00f3rio e classificat\u00f3rio;<\/li>\n\n\n\n<li>Prova Discursiva, de car\u00e1ter classificat\u00f3rio; e<\/li>\n\n\n\n<li>Prova de T\u00edtulos, de car\u00e1ter classificat\u00f3rio.<\/li>\n<\/ul>\n\n\n\n<h4 class=\"wp-block-heading\" id=\"objetiva\">Provas Objetivas<\/h4>\n\n\n\n<p>A Prova Objetiva, de car\u00e1ter eliminat\u00f3rio e classificat\u00f3rio, foi avaliada na escala de 0 a 60 pontos e constitu\u00edda por quest\u00f5es de m\u00faltipla escolha, conforme a seguir:<\/p>\n\n\n\n<p><span style=\"text-decoration: underline;\"><strong>\u00c1rea administrativa<\/strong><\/span><\/p>\n\n\n\n<ul class=\"wp-block-list\">\n<li><strong>Conhecimentos B\u00e1sicos &#8211; 30<\/strong><br \/>L\u00edngua Portuguesa &#8211; 10<br \/>Racioc\u00ednio L\u00f3gico &#8211; 5<br \/>No\u00e7\u00f5es de Inform\u00e1tica &#8211; 5<br \/>Legisla\u00e7\u00e3o SUS &#8211; 5<br \/>Legisla\u00e7\u00e3o Ebserh &#8211; 5<\/li>\n\n\n\n<li><strong>Conhecimentos Espec\u00edficos &#8211; 20<\/strong><\/li>\n<\/ul>\n\n\n\n<p><span style=\"text-decoration: underline;\"><strong>\u00c1rea assistencial<\/strong><\/span><\/p>\n\n\n\n<ul class=\"wp-block-list\">\n<li><strong>Conhecimentos B\u00e1sicos &#8211; 40<br \/><\/strong>L\u00edngua Portuguesa &#8211; 10<br \/>Racioc\u00ednio L\u00f3gico &#8211; 10<br \/>Legisla\u00e7\u00e3o SUS &#8211; 10<br \/>Legisla\u00e7\u00e3o Ebserh &#8211; 10<\/li>\n\n\n\n<li><strong>Conhecimentos Espec\u00edficos &#8211; 20<\/strong><\/li>\n<\/ul>\n\n\n\n<p><span style=\"text-decoration: underline;\"><strong>\u00c1rea m\u00e9dica<\/strong><\/span><\/p>\n\n\n\n<ul class=\"wp-block-list\">\n<li><strong>Conhecimentos B\u00e1sicos &#8211; 30<br \/><\/strong>L\u00edngua Portuguesa &#8211; 10<br \/>Legisla\u00e7\u00e3o SUS &#8211; 10<br \/>Legisla\u00e7\u00e3o Ebserh &#8211; 10<\/li>\n\n\n\n<li><strong>Conhecimentos Espec\u00edficos &#8211; 30<\/strong><\/li>\n<\/ul>\n\n\n\n<p>Foi considerado aprovado nesta etapa do concurso EBSERH o candidato que acertou, no m\u00ednimo, 30 pontos no total da prova. A dura\u00e7\u00e3o foi de 4 horas.<\/p>\n\n\n\n<h4 class=\"wp-block-heading\" id=\"discursiva\">Prova Discursiva<\/h4>\n\n\n\n<p>A Prova Discursiva teve car\u00e1ter classificat\u00f3rio e foi avaliada na escala de 0 a 20 pontos. <\/p>\n\n\n\n<p>A etapa para cargos de n\u00edvel m\u00e9dio\/t\u00e9cnico foi constitu\u00edda de 1 Reda\u00e7\u00e3o, cujo tema foi fornecido no momento da Prova Objetiva, devendo o candidato desenvolver o tema em no m\u00ednimo 20 e no m\u00e1ximo 30 linhas.<\/p>\n\n\n\n<p>Para as fun\u00e7\u00f5es de n\u00edvel superior, o exame foi composto de 02 quest\u00f5es de conhecimentos espec\u00edficos, sendo que cada uma delas teve no m\u00ednimo 10 e no m\u00e1ximo 15 linhas por quest\u00e3o.<\/p>\n\n\n\n<h4 class=\"wp-block-heading\" id=\"titulos\">Avalia\u00e7\u00e3o de T\u00edtulos e de Experi\u00eancia Profissional<\/h4>\n\n\n\n<p>O candidato com a inscri\u00e7\u00e3o deferida precisou fazer o envio eletr\u00f4nico, via link espec\u00edfico no endere\u00e7o eletr\u00f4nico do IBFC. A etapa foi avaliada na escala de:<\/p>\n\n\n\n<ul class=\"wp-block-list\">\n<li>a) 0 a 10 pontos para os cargos de N\u00edvel M\u00e9dio\/T\u00e9cnico;<\/li>\n\n\n\n<li>b) 0 a 20 pontos para os cargos de N\u00edvel Superior.<\/li>\n<\/ul>\n\n\n\n<p><strong>Avalia\u00e7\u00e3o de Experi\u00eancia Profissional (para N\u00edvel M\u00e9dio\/T\u00e9cnico e Superior):<\/strong><\/p>\n\n\n\n<figure class=\"wp-block-image aligncenter\"><img loading=\"lazy\" decoding=\"async\" width=\"1024\" height=\"152\" src=\"https:\/\/dhg1h5j42swfq.cloudfront.net\/2023\/10\/02231451\/image-18-1024x152.png\" alt=\"Avalia\u00e7\u00e3o de experi\u00eancia do concurso EBSERH\" class=\"wp-image-1286709\" srcset=\"https:\/\/dhg1h5j42swfq.cloudfront.net\/2023\/10\/02231451\/image-18-1024x152.png 1024w, https:\/\/dhg1h5j42swfq.cloudfront.net\/2023\/10\/02231451\/image-18-300x45.png 300w, https:\/\/dhg1h5j42swfq.cloudfront.net\/2023\/10\/02231451\/image-18-768x114.png 768w, https:\/\/dhg1h5j42swfq.cloudfront.net\/2023\/10\/02231451\/image-18-610x91.png 610w, https:\/\/dhg1h5j42swfq.cloudfront.net\/2023\/10\/02231451\/image-18-150x22.png 150w, https:\/\/dhg1h5j42swfq.cloudfront.net\/2023\/10\/02231451\/image-18.png 1326w\" sizes=\"auto, (max-width: 1024px) 100vw, 1024px\" \/><figcaption class=\"wp-element-caption\">Avalia\u00e7\u00e3o de experi\u00eancia do concurso EBSERH<\/figcaption><\/figure>\n\n\n\n<p><strong>Avalia\u00e7\u00e3o de T\u00edtulos Acad\u00eamicos (somente para N\u00edvel Superior):<\/strong><\/p>\n\n\n\n<figure class=\"wp-block-image aligncenter size-full\"><img loading=\"lazy\" decoding=\"async\" width=\"636\" height=\"505\" src=\"https:\/\/dhg1h5j42swfq.cloudfront.net\/2023\/10\/06164610\/image-88.png\" alt=\"Avalia\u00e7\u00e3o de T\u00edtulos - \u00e1reas M\u00e9dica e Assistencial  Concurso EBSERH\" class=\"wp-image-1289268\" srcset=\"https:\/\/dhg1h5j42swfq.cloudfront.net\/2023\/10\/06164610\/image-88.png 636w, https:\/\/dhg1h5j42swfq.cloudfront.net\/2023\/10\/06164610\/image-88-300x238.png 300w, https:\/\/dhg1h5j42swfq.cloudfront.net\/2023\/10\/06164610\/image-88-610x484.png 610w, https:\/\/dhg1h5j42swfq.cloudfront.net\/2023\/10\/06164610\/image-88-150x119.png 150w\" sizes=\"auto, (max-width: 636px) 100vw, 636px\" \/><figcaption class=\"wp-element-caption\">Avalia\u00e7\u00e3o de T\u00edtulos &#8211; \u00e1reas M\u00e9dica e Assistencial<\/figcaption><\/figure>\n\n\n\n<figure class=\"wp-block-image aligncenter size-full\"><img loading=\"lazy\" decoding=\"async\" width=\"623\" height=\"491\" src=\"https:\/\/dhg1h5j42swfq.cloudfront.net\/2023\/10\/06164713\/image-89.png\" alt=\"Avalia\u00e7\u00e3o de T\u00edtulos - \u00c1rea Administrativa Concurso EBSERH\" class=\"wp-image-1289269\" srcset=\"https:\/\/dhg1h5j42swfq.cloudfront.net\/2023\/10\/06164713\/image-89.png 623w, https:\/\/dhg1h5j42swfq.cloudfront.net\/2023\/10\/06164713\/image-89-300x236.png 300w, https:\/\/dhg1h5j42swfq.cloudfront.net\/2023\/10\/06164713\/image-89-610x481.png 610w, https:\/\/dhg1h5j42swfq.cloudfront.net\/2023\/10\/06164713\/image-89-150x118.png 150w\" sizes=\"auto, (max-width: 623px) 100vw, 623px\" \/><figcaption class=\"wp-element-caption\">Avalia\u00e7\u00e3o de T\u00edtulos &#8211; \u00c1rea Administrativa<\/figcaption><\/figure>\n\n\n\n<h2 class=\"wp-block-heading\" id=\"2022\">Concurso EBSERH: informa\u00e7\u00f5es do edital 2022<\/h2>\n\n\n\n<ul class=\"wp-block-list\">\n<li><strong>Data:<\/strong>&nbsp;2022<\/li>\n\n\n\n<li><strong>Vagas:&nbsp;<\/strong>701 + CR<\/li>\n\n\n\n<li><strong>Cargos:<\/strong>&nbsp;v\u00e1rios<\/li>\n\n\n\n<li><strong>Lota\u00e7\u00f5es:<\/strong>&nbsp;Amap\u00e1<\/li>\n\n\n\n<li><strong>Banca:<\/strong> IBFC<\/li>\n\n\n\n<li><strong>Escolaridade:<\/strong>&nbsp;m\u00e9dio\/t\u00e9cnico e superior<\/li>\n\n\n\n<li><strong>Editais 2022<\/strong>: <a href=\"https:\/\/dhg1h5j42swfq.cloudfront.net\/2022\/01\/14113146\/eb8239430b1270b2afeca5fee250efb5-1.pdf\" target=\"_blank\" rel=\"noreferrer noopener\">\u00c1rea-Adm.<\/a> | <a href=\"https:\/\/dhg1h5j42swfq.cloudfront.net\/2022\/01\/14113153\/68eaf7c4ce04be871a13077f62dfc031-1.pdf\" target=\"_blank\" rel=\"noreferrer noopener\">\u00c1rea-Assist.<\/a> | <a href=\"https:\/\/dhg1h5j42swfq.cloudfront.net\/2022\/01\/14113200\/d4933f3b28dd61df21be4e894ae50fc0-1.pdf\" target=\"_blank\" rel=\"noreferrer noopener\">\u00c1rea-M\u00e9dica<\/a><\/li>\n<\/ul>\n\n\n\n<h3 class=\"wp-block-heading\" id=\"cargos-2022\">Cargos e vagas do concurso EBSERH<\/h3>\n\n\n\n<h4 class=\"wp-block-heading has-cyan-bluish-gray-background-color has-background\" id=\"fundamental\">\u00c1rea Administrativa<\/h4>\n\n\n\n<p><strong>N\u00edveis m\u00e9dio\/t\u00e9cnico<\/strong><\/p>\n\n\n\n<figure class=\"wp-block-table is-style-stripes\"><table class=\"has-very-light-gray-to-cyan-bluish-gray-gradient-background has-background has-fixed-layout\"><thead><tr><th class=\"has-text-align-center\" data-align=\"center\">CARGOS<\/th><th class=\"has-text-align-center\" data-align=\"center\">VAGAS<\/th><th class=\"has-text-align-center\" data-align=\"center\">SAL\u00c1RIO<\/th><\/tr><\/thead><tbody><tr><td class=\"has-text-align-center\" data-align=\"center\">Assistente Administrativo<\/td><td class=\"has-text-align-center\" data-align=\"center\">60<\/td><td class=\"has-text-align-center\" data-align=\"center\">R$ 2.546,71<\/td><\/tr><tr><td class=\"has-text-align-center\" data-align=\"center\">T\u00e9cnico em Contabilidade<\/td><td class=\"has-text-align-center\" data-align=\"center\">2<\/td><td class=\"has-text-align-center\" data-align=\"center\">R$ 3.758,55<\/td><\/tr><tr><td class=\"has-text-align-center\" data-align=\"center\">T\u00e9cnico em Seguran\u00e7a do Trabalho<\/td><td class=\"has-text-align-center\" data-align=\"center\">3<\/td><td class=\"has-text-align-center\" data-align=\"center\">R$ 3.758,55<\/td><\/tr><\/tbody><\/table><figcaption class=\"wp-element-caption\">Quadro de vagas de n\u00edvel m\u00e9dio\/t\u00e9cnico da \u00e1rea administrativa<\/figcaption><\/figure>\n\n\n\n<p><strong>N\u00edvel superior<\/strong><\/p>\n\n\n\n<figure class=\"wp-block-table is-style-stripes\"><table class=\"has-very-light-gray-to-cyan-bluish-gray-gradient-background has-background has-fixed-layout\"><thead><tr><th class=\"has-text-align-center\" data-align=\"center\">CARGOS<\/th><th class=\"has-text-align-center\" data-align=\"center\">VAGAS<\/th><th class=\"has-text-align-center\" data-align=\"center\">SAL\u00c1RIO<\/th><\/tr><\/thead><tbody><tr><td class=\"has-text-align-center\" data-align=\"center\">Advogado<\/td><td class=\"has-text-align-center\" data-align=\"center\">2<\/td><td class=\"has-text-align-center\" data-align=\"center\">R$ 9.113,46<\/td><\/tr><tr><td class=\"has-text-align-center\" data-align=\"center\">Analista Administrativo Administra\u00e7\u00e3o<\/td><td class=\"has-text-align-center\" data-align=\"center\">2<\/td><td class=\"has-text-align-center\" data-align=\"center\">R$ 6.545,99<\/td><\/tr><tr><td class=\"has-text-align-center\" data-align=\"center\">Analista Administrativo Contabilidade<\/td><td class=\"has-text-align-center\" data-align=\"center\">2<\/td><td class=\"has-text-align-center\" data-align=\"center\">R$ 6.545,99<\/td><\/tr><tr><td class=\"has-text-align-center\" data-align=\"center\">Analista Administrativo Estat\u00edstica<\/td><td class=\"has-text-align-center\" data-align=\"center\">1<\/td><td class=\"has-text-align-center\" data-align=\"center\">R$ 6.545,99<\/td><\/tr><tr><td class=\"has-text-align-center\" data-align=\"center\">Analista Administrativo <\/td><td class=\"has-text-align-center\" data-align=\"center\">6<\/td><td class=\"has-text-align-center\" data-align=\"center\">R$ 6.545,99<\/td><\/tr><tr><td class=\"has-text-align-center\" data-align=\"center\">Analista de Tecnologia da Informa\u00e7\u00e3o<\/td><td class=\"has-text-align-center\" data-align=\"center\">2<\/td><td class=\"has-text-align-center\" data-align=\"center\">R$ 7.723,20<\/td><\/tr><tr><td class=\"has-text-align-center\" data-align=\"center\">Arquiteto<\/td><td class=\"has-text-align-center\" data-align=\"center\">1<\/td><td class=\"has-text-align-center\" data-align=\"center\">R$ 10.754,11<\/td><\/tr><tr><td class=\"has-text-align-center\" data-align=\"center\">Engenheiro Civil<\/td><td class=\"has-text-align-center\" data-align=\"center\">1<\/td><td class=\"has-text-align-center\" data-align=\"center\">R$ 10.754,11<\/td><\/tr><tr><td class=\"has-text-align-center\" data-align=\"center\">Engenheiro Cl\u00ednico<\/td><td class=\"has-text-align-center\" data-align=\"center\">1<\/td><td class=\"has-text-align-center\" data-align=\"center\">R$ 10.754,11<\/td><\/tr><tr><td class=\"has-text-align-center\" data-align=\"center\">Engenheiro Eletricista<\/td><td class=\"has-text-align-center\" data-align=\"center\">1<\/td><td class=\"has-text-align-center\" data-align=\"center\">R$ 10.754,11<\/td><\/tr><tr><td class=\"has-text-align-center\" data-align=\"center\">Engenheiro Mec\u00e2nico<\/td><td class=\"has-text-align-center\" data-align=\"center\">1<\/td><td class=\"has-text-align-center\" data-align=\"center\">R$ 10.754,11<\/td><\/tr><tr><td class=\"has-text-align-center\" data-align=\"center\">Engenheiro de Seguran\u00e7a do Trabalho<\/td><td class=\"has-text-align-center\" data-align=\"center\">1<\/td><td class=\"has-text-align-center\" data-align=\"center\">R$ 10.754,11<\/td><\/tr><tr><td class=\"has-text-align-center\" data-align=\"center\">Jornalista<\/td><td class=\"has-text-align-center\" data-align=\"center\">1<\/td><td class=\"has-text-align-center\" data-align=\"center\">R$ 4.091,23<\/td><\/tr><\/tbody><\/table><figcaption class=\"wp-element-caption\">Quadro de vagas de n\u00edvel superior da \u00e1rea administrativa<\/figcaption><\/figure>\n\n\n\n<h4 class=\"wp-block-heading has-cyan-bluish-gray-background-color has-background\" id=\"fundamental\">\u00c1rea Assistencial<\/h4>\n\n\n\n<p><strong>N\u00edveis t\u00e9cnico<\/strong><\/p>\n\n\n\n<figure class=\"wp-block-table is-style-stripes\"><table class=\"has-very-light-gray-to-cyan-bluish-gray-gradient-background has-background has-fixed-layout\"><thead><tr><th class=\"has-text-align-center\" data-align=\"center\">CARGOS<\/th><th class=\"has-text-align-center\" data-align=\"center\">VAGAS<\/th><th class=\"has-text-align-center\" data-align=\"center\">SAL\u00c1RIO<\/th><\/tr><\/thead><tbody><tr><td class=\"has-text-align-center\" data-align=\"center\">T\u00e9cnico de Enfermagem<\/td><td class=\"has-text-align-center\" data-align=\"center\">300<\/td><td class=\"has-text-align-center\" data-align=\"center\">R$ 3.382,26<\/td><\/tr><tr><td class=\"has-text-align-center\" data-align=\"center\">T\u00e9cnico de Enfermagem \u2013 Sa\u00fade do Trabalhador<\/td><td class=\"has-text-align-center\" data-align=\"center\">1<\/td><td class=\"has-text-align-center\" data-align=\"center\">R$ 3.382,26<\/td><\/tr><tr><td class=\"has-text-align-center\" data-align=\"center\">T\u00e9cnico em An\u00e1lises Cl\u00ednicas<\/td><td class=\"has-text-align-center\" data-align=\"center\">15<\/td><td class=\"has-text-align-center\" data-align=\"center\">R$ 3.758,55<\/td><\/tr><tr><td class=\"has-text-align-center\" data-align=\"center\">T\u00e9cnico em Citopatologia<\/td><td class=\"has-text-align-center\" data-align=\"center\">1<\/td><td class=\"has-text-align-center\" data-align=\"center\">R$ 3.758,55<\/td><\/tr><tr><td class=\"has-text-align-center\" data-align=\"center\">T\u00e9cnico em Farm\u00e1cia<\/td><td class=\"has-text-align-center\" data-align=\"center\">10<\/td><td class=\"has-text-align-center\" data-align=\"center\">R$ 3.758,55<\/td><\/tr><tr><td class=\"has-text-align-center\" data-align=\"center\">T\u00e9cnico em Necr\u00f3psia<\/td><td class=\"has-text-align-center\" data-align=\"center\">2<\/td><td class=\"has-text-align-center\" data-align=\"center\">R$ 3.758,55<\/td><\/tr><tr><td class=\"has-text-align-center\" data-align=\"center\">T\u00e9cnico em Radiologia<\/td><td class=\"has-text-align-center\" data-align=\"center\">15<\/td><td class=\"has-text-align-center\" data-align=\"center\">R$ 2.254,85<\/td><\/tr><\/tbody><\/table><figcaption class=\"wp-element-caption\">Quadro de vagas de n\u00edvel m\u00e9dio\/t\u00e9cnico da \u00e1rea assistencial<\/figcaption><\/figure>\n\n\n\n<p><strong>N\u00edvel superior<\/strong><\/p>\n\n\n\n<figure class=\"wp-block-table is-style-stripes\"><table class=\"has-very-light-gray-to-cyan-bluish-gray-gradient-background has-background has-fixed-layout\"><thead><tr><th class=\"has-text-align-center\" data-align=\"center\">CARGOS<\/th><th class=\"has-text-align-center\" data-align=\"center\">VAGAS<\/th><th class=\"has-text-align-center\" data-align=\"center\">SAL\u00c1RIO<\/th><\/tr><\/thead><tbody><tr><td class=\"has-text-align-center\" data-align=\"center\">Assistente Social<\/td><td class=\"has-text-align-center\" data-align=\"center\">5<\/td><td class=\"has-text-align-center\" data-align=\"center\">R$ 4.909,48<\/td><\/tr><tr><td class=\"has-text-align-center\" data-align=\"center\">Bi\u00f3logo<\/td><td class=\"has-text-align-center\" data-align=\"center\">2<\/td><td class=\"has-text-align-center\" data-align=\"center\">R$ 6.545,99<\/td><\/tr><tr><td class=\"has-text-align-center\" data-align=\"center\">Biom\u00e9dico<\/td><td class=\"has-text-align-center\" data-align=\"center\">2<\/td><td class=\"has-text-align-center\" data-align=\"center\">R$ 6.545,99<\/td><\/tr><tr><td class=\"has-text-align-center\" data-align=\"center\">Enfermeiro<\/td><td class=\"has-text-align-center\" data-align=\"center\">100<\/td><td class=\"has-text-align-center\" data-align=\"center\">R$ 6.545,99<\/td><\/tr><tr><td class=\"has-text-align-center\" data-align=\"center\">Enfermeiro \u2013 Auditoria<\/td><td class=\"has-text-align-center\" data-align=\"center\">1<\/td><td class=\"has-text-align-center\" data-align=\"center\">R$ 6.951,30<\/td><\/tr><tr><td class=\"has-text-align-center\" data-align=\"center\">Enfermeiro \u2013 Cardiologia<\/td><td class=\"has-text-align-center\" data-align=\"center\">CR<\/td><td class=\"has-text-align-center\" data-align=\"center\">R$ 6.951,30<\/td><\/tr><tr><td class=\"has-text-align-center\" data-align=\"center\">Enfermeiro \u2013 Cardiologia \u2013 Hemodin\u00e2mica<\/td><td class=\"has-text-align-center\" data-align=\"center\">CR<\/td><td class=\"has-text-align-center\" data-align=\"center\">R$ 6.951,30<\/td><\/tr><tr><td class=\"has-text-align-center\" data-align=\"center\">Enfermeiro \u2013 Cardiologia \u2013 Perfusionista<\/td><td class=\"has-text-align-center\" data-align=\"center\">CR<\/td><td class=\"has-text-align-center\" data-align=\"center\">R$ 6.951,30<\/td><\/tr><tr><td class=\"has-text-align-center\" data-align=\"center\">Enfermeiro \u2013 Nefrologia<\/td><td class=\"has-text-align-center\" data-align=\"center\">CR<\/td><td class=\"has-text-align-center\" data-align=\"center\">R$ 6.951,30<\/td><\/tr><tr><td class=\"has-text-align-center\" data-align=\"center\">Enfermeiro \u2013 Sa\u00fade da Mulher<\/td><td class=\"has-text-align-center\" data-align=\"center\">1<\/td><td class=\"has-text-align-center\" data-align=\"center\">R$ 6.951,30<\/td><\/tr><tr><td class=\"has-text-align-center\" data-align=\"center\">Enfermeiro \u2013 Sa\u00fade do Trabalhador<\/td><td class=\"has-text-align-center\" data-align=\"center\">1<\/td><td class=\"has-text-align-center\" data-align=\"center\">R$ 6.951,30<\/td><\/tr><tr><td class=\"has-text-align-center\" data-align=\"center\">Enfermeiro \u2013 Vigil\u00e2ncia<\/td><td class=\"has-text-align-center\" data-align=\"center\">1<\/td><td class=\"has-text-align-center\" data-align=\"center\">R$ 6.951,30<\/td><\/tr><tr><td class=\"has-text-align-center\" data-align=\"center\">Farmac\u00eautico<\/td><td class=\"has-text-align-center\" data-align=\"center\">10<\/td><td class=\"has-text-align-center\" data-align=\"center\">R$ 6.951,30<\/td><\/tr><tr><td class=\"has-text-align-center\" data-align=\"center\">F\u00edsico \u2013 Radiodiagn\u00f3stico<\/td><td class=\"has-text-align-center\" data-align=\"center\">1<\/td><td class=\"has-text-align-center\" data-align=\"center\">R$10.754,11<\/td><\/tr><tr><td class=\"has-text-align-center\" data-align=\"center\">Fisioterapeuta<\/td><td class=\"has-text-align-center\" data-align=\"center\">10<\/td><td class=\"has-text-align-center\" data-align=\"center\">R$ 4.909,48<\/td><\/tr><tr><td class=\"has-text-align-center\" data-align=\"center\">Fonoaudi\u00f3logo<\/td><td class=\"has-text-align-center\" data-align=\"center\">CR<\/td><td class=\"has-text-align-center\" data-align=\"center\">R$ 4.909,48<\/td><\/tr><tr><td class=\"has-text-align-center\" data-align=\"center\">Nutricionista<\/td><td class=\"has-text-align-center\" data-align=\"center\">5<\/td><td class=\"has-text-align-center\" data-align=\"center\">R$ 6.545,99<\/td><\/tr><tr><td class=\"has-text-align-center\" data-align=\"center\">Pedagogo<\/td><td class=\"has-text-align-center\" data-align=\"center\">1<\/td><td class=\"has-text-align-center\" data-align=\"center\">R$ 5.547,21<\/td><\/tr><tr><td class=\"has-text-align-center\" data-align=\"center\">Psic\u00f3logo \u2013 Psicologia Hospitalar<\/td><td class=\"has-text-align-center\" data-align=\"center\">5<\/td><td class=\"has-text-align-center\" data-align=\"center\">R$ 5.547,21<\/td><\/tr><tr><td class=\"has-text-align-center\" data-align=\"center\">Psic\u00f3logo \u2013 Psicologia Organizacional<\/td><td class=\"has-text-align-center\" data-align=\"center\">1<\/td><td class=\"has-text-align-center\" data-align=\"center\">R$ 5.547,21<\/td><\/tr><tr><td class=\"has-text-align-center\" data-align=\"center\">Tecn\u00f3logo em Radiologia<\/td><td class=\"has-text-align-center\" data-align=\"center\">1<\/td><td class=\"has-text-align-center\" data-align=\"center\">R$ 3.328,32<\/td><\/tr><tr><td class=\"has-text-align-center\" data-align=\"center\">Terapeuta Ocupacional<\/td><td class=\"has-text-align-center\" data-align=\"center\">1<\/td><td class=\"has-text-align-center\" data-align=\"center\">R$ 4.909,48<\/td><\/tr><\/tbody><\/table><figcaption class=\"wp-element-caption\">Quadro de vagas de superior da \u00e1rea assistencial<\/figcaption><\/figure>\n\n\n\n<h4 class=\"wp-block-heading has-cyan-bluish-gray-background-color has-background\" id=\"fundamental\">\u00c1rea M\u00e9dica<\/h4>\n\n\n\n<p><strong>N\u00edvel superior<\/strong><\/p>\n\n\n\n<figure class=\"wp-block-table is-style-stripes\"><table class=\"has-very-light-gray-to-cyan-bluish-gray-gradient-background has-background has-fixed-layout\"><thead><tr><th class=\"has-text-align-center\" data-align=\"center\">CARGOS<\/th><th class=\"has-text-align-center\" data-align=\"center\">VAGAS<\/th><th class=\"has-text-align-center\" data-align=\"center\">SAL\u00c1RIO<\/th><\/tr><\/thead><tbody><tr><td class=\"has-text-align-center\" data-align=\"center\">M\u00e9dico \u2013 Alergia e Imunologia<\/td><td class=\"has-text-align-center\" data-align=\"center\">1<\/td><td class=\"has-text-align-center\" data-align=\"center\">R$ 8.984,81<\/td><\/tr><tr><td class=\"has-text-align-center\" data-align=\"center\">M\u00e9dico \u2013 Anestesiologia<\/td><td class=\"has-text-align-center\" data-align=\"center\">15<\/td><td class=\"has-text-align-center\" data-align=\"center\">R$ 8.984,81<\/td><\/tr><tr><td class=\"has-text-align-center\" data-align=\"center\">M\u00e9dico \u2013 Cardiologia<\/td><td class=\"has-text-align-center\" data-align=\"center\">5<\/td><td class=\"has-text-align-center\" data-align=\"center\">R$ 8.984,81<\/td><\/tr><tr><td class=\"has-text-align-center\" data-align=\"center\">M\u00e9dico \u2013 Cirurgia Cardiovascular<\/td><td class=\"has-text-align-center\" data-align=\"center\">CR<\/td><td class=\"has-text-align-center\" data-align=\"center\">R$ 8.984,81<\/td><\/tr><tr><td class=\"has-text-align-center\" data-align=\"center\">M\u00e9dico \u2013 Cirurgia do Aparelho Digestivo<\/td><td class=\"has-text-align-center\" data-align=\"center\">4<\/td><td class=\"has-text-align-center\" data-align=\"center\">R$ 8.984,81<\/td><\/tr><tr><td class=\"has-text-align-center\" data-align=\"center\">M\u00e9dico \u2013 Cirurgia Geral<\/td><td class=\"has-text-align-center\" data-align=\"center\">10<\/td><td class=\"has-text-align-center\" data-align=\"center\">R$ 8.984,81<\/td><\/tr><tr><td class=\"has-text-align-center\" data-align=\"center\">M\u00e9dico \u2013 Cirurgia Pedi\u00e1trica<\/td><td class=\"has-text-align-center\" data-align=\"center\">CR<\/td><td class=\"has-text-align-center\" data-align=\"center\">R$ 8.984,81<\/td><\/tr><tr><td class=\"has-text-align-center\" data-align=\"center\">M\u00e9dico \u2013 Cirurgia Pl\u00e1stica<\/td><td class=\"has-text-align-center\" data-align=\"center\">CR<\/td><td class=\"has-text-align-center\" data-align=\"center\">R$ 8.984,81<\/td><\/tr><tr><td class=\"has-text-align-center\" data-align=\"center\">M\u00e9dico \u2013 Cirurgia Tor\u00e1cica<\/td><td class=\"has-text-align-center\" data-align=\"center\">CR<\/td><td class=\"has-text-align-center\" data-align=\"center\">R$ 8.984,81<\/td><\/tr><tr><td class=\"has-text-align-center\" data-align=\"center\">M\u00e9dico \u2013 Cirurgia Vascular<\/td><td class=\"has-text-align-center\" data-align=\"center\">CR<\/td><td class=\"has-text-align-center\" data-align=\"center\">R$ 8.984,81<\/td><\/tr><tr><td class=\"has-text-align-center\" data-align=\"center\">M\u00e9dico \u2013 Cl\u00ednica M\u00e9dica<\/td><td class=\"has-text-align-center\" data-align=\"center\">16<\/td><td class=\"has-text-align-center\" data-align=\"center\">R$ 8.984,81<\/td><\/tr><tr><td class=\"has-text-align-center\" data-align=\"center\">M\u00e9dico \u2013 Coloproctologia<\/td><td class=\"has-text-align-center\" data-align=\"center\">3<\/td><td class=\"has-text-align-center\" data-align=\"center\">R$ 8.984,81<\/td><\/tr><tr><td class=\"has-text-align-center\" data-align=\"center\">M\u00e9dico \u2013 Dermatologia<\/td><td class=\"has-text-align-center\" data-align=\"center\">2<\/td><td class=\"has-text-align-center\" data-align=\"center\">R$ 8.984,81<\/td><\/tr><tr><td class=\"has-text-align-center\" data-align=\"center\">M\u00e9dico \u2013 Ecocardiografia<\/td><td class=\"has-text-align-center\" data-align=\"center\">CR<\/td><td class=\"has-text-align-center\" data-align=\"center\">R$ 8.984,81<\/td><\/tr><tr><td class=\"has-text-align-center\" data-align=\"center\">M\u00e9dico \u2013 Endocrinologia e Metabologia<\/td><td class=\"has-text-align-center\" data-align=\"center\">1<\/td><td class=\"has-text-align-center\" data-align=\"center\">R$ 8.984,81<\/td><\/tr><tr><td class=\"has-text-align-center\" data-align=\"center\">M\u00e9dico \u2013 Endocrinologia Pedi\u00e1trica<\/td><td class=\"has-text-align-center\" data-align=\"center\">1<\/td><td class=\"has-text-align-center\" data-align=\"center\">R$ 8.984,81<\/td><\/tr><tr><td class=\"has-text-align-center\" data-align=\"center\">M\u00e9dico \u2013 Endoscopia Digestiva<\/td><td class=\"has-text-align-center\" data-align=\"center\">2<\/td><td class=\"has-text-align-center\" data-align=\"center\">R$ 8.984,81<\/td><\/tr><tr><td class=\"has-text-align-center\" data-align=\"center\">M\u00e9dico \u2013 Gastroenterologia<\/td><td class=\"has-text-align-center\" data-align=\"center\">2<\/td><td class=\"has-text-align-center\" data-align=\"center\">R$ 8.984,81<\/td><\/tr><tr><td class=\"has-text-align-center\" data-align=\"center\">M\u00e9dico \u2013 Geriatria<\/td><td class=\"has-text-align-center\" data-align=\"center\">1<\/td><td class=\"has-text-align-center\" data-align=\"center\">R$ 8.984,81<\/td><\/tr><tr><td class=\"has-text-align-center\" data-align=\"center\">M\u00e9dico \u2013 Ginecologia e Obstetr\u00edcia<\/td><td class=\"has-text-align-center\" data-align=\"center\">5<\/td><td class=\"has-text-align-center\" data-align=\"center\">R$ 8.984,81<\/td><\/tr><tr><td class=\"has-text-align-center\" data-align=\"center\">M\u00e9dico \u2013 Hematologia e Hemoterapia<\/td><td class=\"has-text-align-center\" data-align=\"center\">3<\/td><td class=\"has-text-align-center\" data-align=\"center\">R$ 8.984,81<\/td><\/tr><tr><td class=\"has-text-align-center\" data-align=\"center\">M\u00e9dico \u2013 Hemodin\u00e2mica e Cardiologia Intervencionista<\/td><td class=\"has-text-align-center\" data-align=\"center\">CR<\/td><td class=\"has-text-align-center\" data-align=\"center\">R$ 8.984,81<\/td><\/tr><tr><td class=\"has-text-align-center\" data-align=\"center\">M\u00e9dico \u2013 Infectologia<\/td><td class=\"has-text-align-center\" data-align=\"center\">5<\/td><td class=\"has-text-align-center\" data-align=\"center\">R$ 8.984,81<\/td><\/tr><tr><td class=\"has-text-align-center\" data-align=\"center\">M\u00e9dico \u2013 Medicina do Trabalho<\/td><td class=\"has-text-align-center\" data-align=\"center\">2<\/td><td class=\"has-text-align-center\" data-align=\"center\">R$ 8.984,81<\/td><\/tr><tr><td class=\"has-text-align-center\" data-align=\"center\">M\u00e9dico \u2013 Nefrologia<\/td><td class=\"has-text-align-center\" data-align=\"center\">3<\/td><td class=\"has-text-align-center\" data-align=\"center\">R$ 8.984,81<\/td><\/tr><tr><td class=\"has-text-align-center\" data-align=\"center\">M\u00e9dico \u2013 Neurologia<\/td><td class=\"has-text-align-center\" data-align=\"center\">2<\/td><td class=\"has-text-align-center\" data-align=\"center\">R$ 8.984,81<\/td><\/tr><tr><td class=\"has-text-align-center\" data-align=\"center\">M\u00e9dico \u2013 Oftalmologia<\/td><td class=\"has-text-align-center\" data-align=\"center\">5<\/td><td class=\"has-text-align-center\" data-align=\"center\">R$ 8.984,81<\/td><\/tr><tr><td class=\"has-text-align-center\" data-align=\"center\">M\u00e9dico \u2013 Ortopedia e Traumatologia<\/td><td class=\"has-text-align-center\" data-align=\"center\">9<\/td><td class=\"has-text-align-center\" data-align=\"center\">R$ 8.984,81<\/td><\/tr><tr><td class=\"has-text-align-center\" data-align=\"center\">M\u00e9dico \u2013 Otorrinolaringologia<\/td><td class=\"has-text-align-center\" data-align=\"center\">3<\/td><td class=\"has-text-align-center\" data-align=\"center\">R$ 8.984,81<\/td><\/tr><tr><td class=\"has-text-align-center\" data-align=\"center\">M\u00e9dico \u2013 Patologia<\/td><td class=\"has-text-align-center\" data-align=\"center\">2<\/td><td class=\"has-text-align-center\" data-align=\"center\">R$ 8.984,81<\/td><\/tr><tr><td class=\"has-text-align-center\" data-align=\"center\">M\u00e9dico \u2013 Pediatria<\/td><td class=\"has-text-align-center\" data-align=\"center\">5<\/td><td class=\"has-text-align-center\" data-align=\"center\">R$ 8.984,81<\/td><\/tr><tr><td class=\"has-text-align-center\" data-align=\"center\">M\u00e9dico \u2013 Pneumologia<\/td><td class=\"has-text-align-center\" data-align=\"center\">2<\/td><td class=\"has-text-align-center\" data-align=\"center\">R$ 8.984,81<\/td><\/tr><tr><td class=\"has-text-align-center\" data-align=\"center\">M\u00e9dico \u2013 Pneumologia Pedi\u00e1trica<\/td><td class=\"has-text-align-center\" data-align=\"center\">1<\/td><td class=\"has-text-align-center\" data-align=\"center\">R$ 8.984,81<\/td><\/tr><tr><td class=\"has-text-align-center\" data-align=\"center\">M\u00e9dico \u2013 Radiologia e Diagn\u00f3stico por Imagem<\/td><td class=\"has-text-align-center\" data-align=\"center\">5<\/td><td class=\"has-text-align-center\" data-align=\"center\">R$ 8.984,81<\/td><\/tr><tr><td class=\"has-text-align-center\" data-align=\"center\">M\u00e9dico \u2013 Ultrassonografia em Ginecologia e Obstetr\u00edcia<\/td><td class=\"has-text-align-center\" data-align=\"center\">2<\/td><td class=\"has-text-align-center\" data-align=\"center\">R$ 8.984,81<\/td><\/tr><tr><td class=\"has-text-align-center\" data-align=\"center\">M\u00e9dico \u2013 Urologia<\/td><td class=\"has-text-align-center\" data-align=\"center\">5<\/td><td class=\"has-text-align-center\" data-align=\"center\">R$ 8.984,81<\/td><\/tr><\/tbody><\/table><figcaption class=\"wp-element-caption\">Quadro de vagas de n\u00edvel superior da \u00e1rea m\u00e9dica<\/figcaption><\/figure>\n\n\n\n<h3 class=\"wp-block-heading\" id=\"inscritos\">Demanda de inscritos<\/h3>\n\n\n\n<p>De acordo com os dados divulgados pela banca, o certame <strong>registrou&nbsp;35.989 candidaturas<\/strong>. Os cargos com o maior n\u00famero de inscri\u00e7\u00f5es homologadas foram Enfermeiro (8.927), T\u00e9cnico em Enfermagem (8.803) e Assistente Administrativo (8.273).<\/p>\n\n\n\n<h3 class=\"wp-block-heading\" id=\"etapas-2022\">Etapas de provas do concurso EBSERH<\/h3>\n\n\n\n<p>As etapas <strong>foram divididas entre duas fases<\/strong>, para a <span style=\"text-decoration: underline;\">\u00e1rea m\u00e9dica e assistencial<\/span>, sendo:<\/p>\n\n\n\n<ul class=\"wp-block-list\">\n<li>Prova Objetiva, de car\u00e1ter eliminat\u00f3rio e classificat\u00f3rio; e<\/li>\n\n\n\n<li>Prova de T\u00edtulos, de car\u00e1ter classificat\u00f3rio.<\/li>\n<\/ul>\n\n\n\n<p>E <strong>em tr\u00eas fases<\/strong>, para a <span style=\"text-decoration: underline;\">\u00e1rea administrativa<\/span>, sendo:<\/p>\n\n\n\n<ul class=\"wp-block-list\">\n<li>Prova Objetiva, de car\u00e1ter eliminat\u00f3rio e classificat\u00f3rio;<\/li>\n\n\n\n<li>Prova Discursiva, de car\u00e1ter classificat\u00f3rio; e<\/li>\n\n\n\n<li>Prova de T\u00edtulos, de car\u00e1ter classificat\u00f3rio.<\/li>\n<\/ul>\n\n\n\n<h4 class=\"wp-block-heading\" id=\"provas-objetivas\">Provas Objetivas<\/h4>\n\n\n\n<p>A 1\u00aa Etapa (Prova Objetiva) foi realizada nas cidades de Macap\u00e1\/AP, Bel\u00e9m\/PA, Boa Vista\/RR, Manaus\/AM, Palmas\/TO, Porto Velho\/RO, Rio Branco\/AC e S\u00e3o Luis\/MA.<\/p>\n\n\n\n<p>A Prova Objetiva de m\u00faltipla escolha, foi composta por quest\u00f5es de conhecimentos e disciplinas constantes no edital, cada uma com 05 alternativas.<\/p>\n\n\n\n<p>A Prova Objetiva foi avaliada na escala de 0 a 100 pontos, considerando-se aprovado o candidato que nela obteve nota igual ou superior a 50 pontos.<\/p>\n\n\n\n<p><strong><span style=\"text-decoration: underline;\">\u00c1REA M\u00c9DICA<\/span><\/strong><\/p>\n\n\n\n<figure class=\"wp-block-image aligncenter size-full is-resized\"><img loading=\"lazy\" decoding=\"async\" width=\"821\" height=\"289\" src=\"https:\/\/dhg1h5j42swfq.cloudfront.net\/2022\/01\/14115529\/image-303.png\" alt=\"Quadro de pontos da Prova objetiva para \u00e1rea m\u00e9dica da Empresa Brasileira de Servi\u00e7os Hospitalares\" class=\"wp-image-947398\" style=\"width:788px;height:277px\" srcset=\"https:\/\/dhg1h5j42swfq.cloudfront.net\/2022\/01\/14115529\/image-303.png 821w, https:\/\/dhg1h5j42swfq.cloudfront.net\/2022\/01\/14115529\/image-303-300x106.png 300w, https:\/\/dhg1h5j42swfq.cloudfront.net\/2022\/01\/14115529\/image-303-768x270.png 768w, https:\/\/dhg1h5j42swfq.cloudfront.net\/2022\/01\/14115529\/image-303-610x215.png 610w\" sizes=\"auto, (max-width: 821px) 100vw, 821px\" \/><figcaption class=\"wp-element-caption\">Prova objetiva \u00e1rea m\u00e9dica<\/figcaption><\/figure>\n\n\n\n<p><strong><span style=\"text-decoration: underline;\">\u00c1REA ADMINISTRATIVA<\/span><\/strong><\/p>\n\n\n\n<figure class=\"wp-block-image aligncenter size-full is-resized\"><img loading=\"lazy\" decoding=\"async\" width=\"823\" height=\"222\" src=\"https:\/\/dhg1h5j42swfq.cloudfront.net\/2022\/01\/14115807\/image-304.png\" alt=\"Quadro de pontos da Prova objetiva para \u00e1rea administrativa do Concurso EBSERH\" class=\"wp-image-947405\" style=\"width:766px;height:207px\" srcset=\"https:\/\/dhg1h5j42swfq.cloudfront.net\/2022\/01\/14115807\/image-304.png 823w, https:\/\/dhg1h5j42swfq.cloudfront.net\/2022\/01\/14115807\/image-304-300x81.png 300w, https:\/\/dhg1h5j42swfq.cloudfront.net\/2022\/01\/14115807\/image-304-768x207.png 768w, https:\/\/dhg1h5j42swfq.cloudfront.net\/2022\/01\/14115807\/image-304-610x165.png 610w\" sizes=\"auto, (max-width: 823px) 100vw, 823px\" \/><figcaption class=\"wp-element-caption\">Prova objetiva \u00e1rea administrativa<\/figcaption><\/figure>\n\n\n\n<p><span style=\"text-decoration: underline;\"><strong>\u00c1REA ASSISTENCIAL<\/strong><\/span><\/p>\n\n\n\n<figure class=\"wp-block-image aligncenter size-full is-resized\"><img loading=\"lazy\" decoding=\"async\" width=\"815\" height=\"230\" src=\"https:\/\/dhg1h5j42swfq.cloudfront.net\/2022\/01\/14115817\/image-305.png\" alt=\"Quadro de pontos da Prova objetiva para \u00e1rea assistencial do Concurso EBSERH\" class=\"wp-image-947407\" style=\"width:787px;height:222px\" srcset=\"https:\/\/dhg1h5j42swfq.cloudfront.net\/2022\/01\/14115817\/image-305.png 815w, https:\/\/dhg1h5j42swfq.cloudfront.net\/2022\/01\/14115817\/image-305-300x85.png 300w, https:\/\/dhg1h5j42swfq.cloudfront.net\/2022\/01\/14115817\/image-305-768x217.png 768w, https:\/\/dhg1h5j42swfq.cloudfront.net\/2022\/01\/14115817\/image-305-610x172.png 610w\" sizes=\"auto, (max-width: 815px) 100vw, 815px\" \/><figcaption class=\"wp-element-caption\">Prova objetiva \u00e1rea assistencial<\/figcaption><\/figure>\n\n\n\n<h4 class=\"wp-block-heading\" id=\"t\u00edtulos\">Prova de T\u00edtulos<\/h4>\n\n\n\n<p>Foram convocados para a Prova de T\u00edtulos, de car\u00e1ter classificat\u00f3rio, os candidatos que foram aprovados na Prova Objetiva, na escala de 0 a 20 pontos. A etapa foi avaliada na escala de:<\/p>\n\n\n\n<ul class=\"wp-block-list\">\n<li>0 a 20 pontos para os cargos de N\u00edvel Superior; e<\/li>\n\n\n\n<li>0 a 10 pontos para os cargos de N\u00edvel M\u00e9dio.<\/li>\n<\/ul>\n\n\n\n<figure class=\"wp-block-image aligncenter size-full is-resized\"><img loading=\"lazy\" decoding=\"async\" width=\"795\" height=\"138\" src=\"https:\/\/dhg1h5j42swfq.cloudfront.net\/2022\/01\/14120705\/image-311.png\" alt=\"Quadro de t\u00edtulos do concurso Ebserh\" class=\"wp-image-947425\" style=\"width:753px;height:131px\" srcset=\"https:\/\/dhg1h5j42swfq.cloudfront.net\/2022\/01\/14120705\/image-311.png 795w, https:\/\/dhg1h5j42swfq.cloudfront.net\/2022\/01\/14120705\/image-311-300x52.png 300w, https:\/\/dhg1h5j42swfq.cloudfront.net\/2022\/01\/14120705\/image-311-768x133.png 768w, https:\/\/dhg1h5j42swfq.cloudfront.net\/2022\/01\/14120705\/image-311-610x106.png 610w\" sizes=\"auto, (max-width: 795px) 100vw, 795px\" \/><figcaption class=\"wp-element-caption\">Quadro de t\u00edtulos do concurso Ebserh<\/figcaption><\/figure>\n\n\n\n<figure class=\"wp-block-image aligncenter size-full is-resized\"><img loading=\"lazy\" decoding=\"async\" width=\"840\" height=\"703\" src=\"https:\/\/dhg1h5j42swfq.cloudfront.net\/2022\/01\/14120723\/image-312.png\" alt=\"Quadro de t\u00edtulos do concurso Ebserh\" class=\"wp-image-947426\" style=\"width:699px;height:585px\" srcset=\"https:\/\/dhg1h5j42swfq.cloudfront.net\/2022\/01\/14120723\/image-312.png 840w, https:\/\/dhg1h5j42swfq.cloudfront.net\/2022\/01\/14120723\/image-312-300x251.png 300w, https:\/\/dhg1h5j42swfq.cloudfront.net\/2022\/01\/14120723\/image-312-768x643.png 768w, https:\/\/dhg1h5j42swfq.cloudfront.net\/2022\/01\/14120723\/image-312-610x511.png 610w\" sizes=\"auto, (max-width: 840px) 100vw, 840px\" \/><figcaption class=\"wp-element-caption\">Quadro de t\u00edtulos do concurso Ebserh<\/figcaption><\/figure>\n\n\n\n<h4 class=\"wp-block-heading\" id=\"prova-discursiva-apenas-para-area-administrativa\">Prova Discursiva (apenas para \u00e1rea administrativa)<\/h4>\n\n\n\n<p>Somente foram corrigidas as Provas Discursivas dos candidatos que foram aprovados na Prova Objetiva e que estejam classificados dentro do limite, conforme disposto no Anexo III, mais os empates na \u00faltima posi\u00e7\u00e3o de classifica\u00e7\u00e3o, se houver.<\/p>\n\n\n\n<p>A Prova Discursiva foi constitu\u00edda conforme de reda\u00e7\u00e3o (20 a 30 linhas) para os cargos de n\u00edvel m\u00e9dio e t\u00e9cnico e por duas quest\u00f5es de conhecimentos espec\u00edficos (10 a 15 linhas) para os cargos de n\u00edvel superior.<\/p>\n\n\n\n<p>A Prova Discursiva teve car\u00e1ter classificat\u00f3rio e foi avaliada na escala de 0 a 20 pontos, conforme quadros abaixo:<\/p>\n\n\n\n<figure class=\"wp-block-image aligncenter size-full is-resized\"><img loading=\"lazy\" decoding=\"async\" width=\"806\" height=\"318\" src=\"https:\/\/dhg1h5j42swfq.cloudfront.net\/2022\/01\/14120432\/image-309.png\" alt=\"Prova discursiva de n\u00edvel m\u00e9dio e t\u00e9cnico do concurso Ebserh\" class=\"wp-image-947417\" style=\"width:719px;height:284px\" srcset=\"https:\/\/dhg1h5j42swfq.cloudfront.net\/2022\/01\/14120432\/image-309.png 806w, https:\/\/dhg1h5j42swfq.cloudfront.net\/2022\/01\/14120432\/image-309-300x118.png 300w, https:\/\/dhg1h5j42swfq.cloudfront.net\/2022\/01\/14120432\/image-309-768x303.png 768w, https:\/\/dhg1h5j42swfq.cloudfront.net\/2022\/01\/14120432\/image-309-610x241.png 610w\" sizes=\"auto, (max-width: 806px) 100vw, 806px\" \/><figcaption class=\"wp-element-caption\">Prova discursiva de n\u00edvel m\u00e9dio e t\u00e9cnico do concurso Ebserh<\/figcaption><\/figure>\n\n\n\n<figure class=\"wp-block-image aligncenter size-full is-resized\"><img loading=\"lazy\" decoding=\"async\" width=\"815\" height=\"272\" src=\"https:\/\/dhg1h5j42swfq.cloudfront.net\/2022\/01\/14120514\/image-310.png\" alt=\"Prova discursiva para n\u00edvel superior do concurso EBSERH \" class=\"wp-image-947419\" style=\"width:767px;height:256px\" srcset=\"https:\/\/dhg1h5j42swfq.cloudfront.net\/2022\/01\/14120514\/image-310.png 815w, https:\/\/dhg1h5j42swfq.cloudfront.net\/2022\/01\/14120514\/image-310-300x100.png 300w, https:\/\/dhg1h5j42swfq.cloudfront.net\/2022\/01\/14120514\/image-310-768x256.png 768w, https:\/\/dhg1h5j42swfq.cloudfront.net\/2022\/01\/14120514\/image-310-610x204.png 610w\" sizes=\"auto, (max-width: 815px) 100vw, 815px\" \/><figcaption class=\"wp-element-caption\">Prova discursiva para n\u00edvel superior do concurso Ebserh<\/figcaption><\/figure>\n\n\n\n<h2 class=\"wp-block-heading\" id=\"materiais\">Concurso EBSERH: materiais para estudo<\/h2>\n\n\n\n<h3 class=\"wp-block-heading\" id=\"estrategico\">Edital Estrat\u00e9gico: baixe gratuitamente<\/h3>\n\n\n\n<p>Para ajudar a refor\u00e7ar sua prepara\u00e7\u00e3o, a equipe de professores do Estrat\u00e9gia Concursos desenvolveu o Edital Estrat\u00e9gico. <\/p>\n\n\n\n<p>Nada mais \u00e9 do que planilhas personalizadas, focadas no edital do concurso, com recursos para ajud\u00e1-los no registro das diferentes tarefas de estudo: teoria, revis\u00e3o e exerc\u00edcios.<\/p>\n\n\n\n<ul class=\"wp-block-list\">\n<li><a aria-label=\" (abre numa nova aba)\" rel=\"noreferrer noopener\" href=\"https:\/\/www.estrategiaconcursos.com.br\/blog\/edital-estrategico-ebserh-baixa-gratuitamente-e-se-prepara-para-o-concurso\/\" target=\"_blank\">Baixe o Edital Estrat\u00e9gico EBSERH<\/a><\/li>\n<\/ul>\n\n\n\n<h3 class=\"wp-block-heading\" id=\"aulas\">Aulas Gratuitas para Concurso EBSERH <\/h3>\n\n\n\n<ul class=\"wp-block-list\">\n<li><a href=\"https:\/\/www.youtube.com\/watch?v=1vDjBEYHktk\" target=\"_blank\" rel=\"noreferrer noopener\">Concurso EBSERH: edital publicado com 695 vagas + CR. Saiba tudo!<\/a><\/li>\n\n\n\n<li><a href=\"https:\/\/www.youtube.com\/watch?v=_-X9448vaHw\" target=\"_blank\" rel=\"noreferrer noopener\">Entrevista Manuela Moura &#8211; Aprovada 1\u00ba lugar na EBSERH Psic\u00f3loga<\/a><\/li>\n<\/ul>\n\n\n\n<hr class=\"wp-block-separator has-css-opacity\"\/>\n\n\n\n<h2 class=\"wp-block-heading has-text-align-center\" id=\"h-quer-saber-tudo-sobre-concursos-previstos-confira-nossos-artigos\">Quer saber tudo sobre concursos previstos?<br \/>Confira nossos artigos!<\/h2>\n\n\n\n<ul class=\"wp-block-list\">\n<li><a href=\"https:\/\/www.estrategiaconcursos.com.br\/blog\/concursos-abertos\/\" target=\"_blank\" rel=\"noreferrer noopener\">Concursos abertos<\/a><\/li>\n\n\n\n<li><a href=\"https:\/\/www.estrategiaconcursos.com.br\/blog\/concursos-area-da-saude\/\" target=\"_blank\" rel=\"noreferrer noopener\">Concursos sa\u00fade<\/a><\/li>\n\n\n\n<li><a href=\"https:\/\/www.estrategiaconcursos.com.br\/blog\/concursos-2026\/\" target=\"_blank\" rel=\"noreferrer noopener\">Concursos 2026<\/a><\/li>\n<\/ul>\n\n\n\n<h2 class=\"wp-block-heading has-text-align-center\" id=\"cursos\">Quer estudar para o concurso EBSERH?<\/h2>\n\n\n\n<div class=\"container\" id=\"boxes\">\n  <div class=\"row\">\n\n    <div class=\"col-sm\">\n      <div class=\"banner-residencia-medica\" id=\"box-assinatura\">\n        <h3 class=\"titulo-assinatura\">Concurso EBSERH<\/h3>\n        <p class=\"subtitulo-assinatura\">Prepare-se para sua carreira na EBSERH!<\/p>\n        <div class=\"box-botao\">\n          <a class=\"btn-assinatura\" target=\"_blank\" href=\"https:\/\/www.estrategiaconcursos.com.br\/cursosPorConcurso\/ebserh-107\/\" role=\"button\" rel=\"noopener noreferrer\">VER CURSOS<\/a>\n        <\/div>\n      <\/div>\n     \n    <\/div>\n\n  <\/div>\n<\/div>\n\n\n\n<div class=\"container\" id=\"boxes\">\n  <div class=\"row\">\n\n    <div class=\"col-sm\">\n      <div class=\"estrategia\" id=\"box-assinatura\">\n        <h3 class=\"titulo-assinatura\">Assinatura de Concursos<\/h3>\n        <p class=\"subtitulo-assinatura\">Assinatura de 1 ano ou 2 anos<\/p>\n        <div class=\"box-botao\">\n          <a class=\"btn-assinatura\" target=\"_blank\" href=\"https:\/\/www.estrategiaconcursos.com.br\/assinaturas\/\" role=\"button\" rel=\"noopener noreferrer\">ASSINE AGORA<\/a>\n        <\/div>\n      <\/div><\/div><\/div><\/div>\n\n\n\n<figure class=\"wp-block-image size-large is-resized\"><img loading=\"lazy\" decoding=\"async\" width=\"1024\" height=\"632\" src=\"https:\/\/dhg1h5j42swfq.cloudfront.net\/2021\/04\/16150503\/ficha-tecnica-148-1024x632.png\" alt=\"Ficha t\u00e9cnica \" class=\"wp-image-715750\" style=\"aspect-ratio:1.6226415094339623;width:279px;height:auto\" srcset=\"https:\/\/dhg1h5j42swfq.cloudfront.net\/2021\/04\/16150503\/ficha-tecnica-148-1024x632.png 1024w, https:\/\/dhg1h5j42swfq.cloudfront.net\/2021\/04\/16150503\/ficha-tecnica-148-300x185.png 300w, https:\/\/dhg1h5j42swfq.cloudfront.net\/2021\/04\/16150503\/ficha-tecnica-148-768x474.png 768w, https:\/\/dhg1h5j42swfq.cloudfront.net\/2021\/04\/16150503\/ficha-tecnica-148-1536x948.png 1536w, https:\/\/dhg1h5j42swfq.cloudfront.net\/2021\/04\/16150503\/ficha-tecnica-148-610x377.png 610w, https:\/\/dhg1h5j42swfq.cloudfront.net\/2021\/04\/16150503\/ficha-tecnica-148.png 1571w\" sizes=\"auto, (max-width: 1024px) 100vw, 1024px\" \/><\/figure>\n\n\n\n<h3 class=\"wp-block-heading\" id=\"ficha\">Informa\u00e7\u00f5es sobre o novo concurso EBSERH<\/h3>\n\n\n\n<ul class=\"wp-block-list\">\n<li><strong>Provas<\/strong>: 29\/03\/2026<\/li>\n\n\n\n<li><strong>Vagas<\/strong>: 152 + CR<\/li>\n\n\n\n<li><strong>Cargos<\/strong>: M\u00e9dicos <\/li>\n\n\n\n<li><strong>Banca<\/strong>: FGV<\/li>\n\n\n\n<li><strong>Escolaridade<\/strong>: n\u00edvel superior<\/li>\n\n\n\n<li><strong>Edital:<\/strong> <a href=\"https:\/\/dhg1h5j42swfq.cloudfront.net\/2026\/01\/05132157\/edital-no-2-de-5-de-janeiro-de-2026-1.pdf\" target=\"_blank\" rel=\"noreferrer noopener nofollow\">EBSERH-26 &#8211; \u00c1rea M\u00e9dica<\/a><\/li>\n<\/ul>\n\n\n\n<h3 class=\"wp-block-heading\" id=\"ficha\">Informa\u00e7\u00f5es sobre o \u00faltimo concurso<\/h3>\n\n\n\n<ul class=\"wp-block-list\">\n<li><strong>Provas<\/strong>: 16\/03\/2025<\/li>\n\n\n\n<li><strong>Vagas<\/strong>: 545 + CR<\/li>\n\n\n\n<li><strong>Cargos<\/strong>: v\u00e1rios<\/li>\n\n\n\n<li><strong>Banca<\/strong>: FGV<\/li>\n\n\n\n<li><strong>Escolaridade<\/strong>: n\u00edvel m\u00e9dio e superior<\/li>\n\n\n\n<li><strong>Edital<\/strong>:&nbsp;<a href=\"https:\/\/dhg1h5j42swfq.cloudfront.net\/2024\/12\/18105237\/edital-area-assistencial-13_12_2024.pdf\" target=\"_blank\" rel=\"noreferrer noopener nofollow\">Ebserh Ass-2024<\/a> | <a href=\"https:\/\/dhg1h5j42swfq.cloudfront.net\/2024\/12\/18105216\/edital-area-medica-13_12_2024.pdf\" target=\"_blank\" rel=\"noreferrer noopener nofollow\">Ebserh M\u00e9d-2024<\/a> | <a href=\"https:\/\/dhg1h5j42swfq.cloudfront.net\/2024\/12\/18105225\/edital-area-administrativa-13_12_2024.pdf\" target=\"_blank\" rel=\"noreferrer noopener nofollow\">Ebserh Adm-2024<\/a><\/li>\n<\/ul>\n","protected":false},"excerpt":{"rendered":"<p>Concurso EBSERH para \u00e1rea M\u00e9dica teve provas aplicadas e gabaritos divulgados. \u00daltimo edital segue v\u00e1lido at\u00e9 junho de 2026 e novo processo seletivo ser\u00e1 organizado pelo Instituto AOCP! Est\u00e3o dispon\u00edveis os gabaritos das provas do concurso EBSERH (Empresa Brasileira de Servi\u00e7os Hospitalares) com oferta de 152 vagas imediatas e forma\u00e7\u00e3o de cadastro de reserva na [&hellip;]<\/p>\n","protected":false},"author":2134,"featured_media":827667,"comment_status":"open","ping_status":"closed","sticky":false,"template":"","format":"standard","meta":{"post_tipo":"news_page","footnotes":""},"categories":[1981],"tags":[2148,508],"tax_estado":[219963],"class_list":["post-408374","post","type-post","status-publish","format-standard","has-post-thumbnail","hentry","category-saude","tag-concurso-ebserh","tag-ebserh","tax_estado-concursos-federais"],"acf":[],"yoast_head":"<!-- This site is optimized with the Yoast SEO Premium plugin v27.2 (Yoast SEO v27.2) - https:\/\/yoast.com\/product\/yoast-seo-premium-wordpress\/ -->\n<title>Concurso EBSERH 2026: 152 vagas e at\u00e9 R$ 19,1 mil. Confira!<\/title>\n<meta name=\"description\" content=\"Saiba tudo sobre o concurso EBSERH! Novo edital \u00e9 publicado para \u00e1rea M\u00e9dico e \u00faltimo certame segue vigente at\u00e9 julho de 2026!\" \/>\n<meta name=\"robots\" content=\"index, follow, max-snippet:-1, max-image-preview:large, max-video-preview:-1\" \/>\n<link rel=\"canonical\" href=\"https:\/\/www.estrategiaconcursos.com.br\/blog\/concurso-ebserh\/\" \/>\n<meta property=\"og:locale\" content=\"pt_BR\" \/>\n<meta property=\"og:type\" content=\"article\" \/>\n<meta property=\"og:title\" content=\"Concurso EBSERH 2026: 152 vagas e at\u00e9 R$ 19,1 mil. Confira!\" \/>\n<meta property=\"og:description\" content=\"Saiba tudo sobre o concurso EBSERH! Novo edital \u00e9 publicado para \u00e1rea M\u00e9dico e \u00faltimo certame segue vigente at\u00e9 julho de 2026!\" \/>\n<meta property=\"og:url\" content=\"https:\/\/www.estrategiaconcursos.com.br\/blog\/concurso-ebserh\/\" \/>\n<meta property=\"og:site_name\" content=\"Estrat\u00e9gia Concursos\" \/>\n<meta property=\"article:published_time\" content=\"2026-04-02T14:18:00+00:00\" \/>\n<meta property=\"article:modified_time\" content=\"2026-04-02T14:42:54+00:00\" \/>\n<meta property=\"og:image\" content=\"https:\/\/dhg1h5j42swfq.cloudfront.net\/2021\/04\/03111718\/ebserh.jpeg\" \/>\n\t<meta property=\"og:image:width\" content=\"768\" \/>\n\t<meta property=\"og:image:height\" content=\"432\" \/>\n\t<meta property=\"og:image:type\" content=\"image\/jpeg\" \/>\n<meta name=\"author\" content=\"Rafaela Teixeira\" \/>\n<meta name=\"twitter:card\" content=\"summary_large_image\" \/>\n<meta name=\"twitter:creator\" content=\"@EstratConcursos\" \/>\n<meta name=\"twitter:site\" content=\"@EstratConcursos\" \/>\n<meta name=\"twitter:label1\" content=\"Escrito por\" \/>\n\t<meta name=\"twitter:data1\" content=\"Rafaela Teixeira\" \/>\n\t<meta name=\"twitter:label2\" content=\"Est. tempo de leitura\" \/>\n\t<meta name=\"twitter:data2\" content=\"18 minutos\" \/>\n<script type=\"application\/ld+json\" class=\"yoast-schema-graph\">{\"@context\":\"https:\/\/schema.org\",\"@graph\":[{\"@type\":\"NewsArticle\",\"@id\":\"https:\/\/www.estrategiaconcursos.com.br\/blog\/concurso-ebserh\/#article\",\"isPartOf\":{\"@id\":\"https:\/\/www.estrategiaconcursos.com.br\/blog\/concurso-ebserh\/\"},\"author\":{\"name\":\"Rafaela Teixeira\",\"@id\":\"https:\/\/www.estrategiaconcursos.com.br\/blog\/#\/schema\/person\/e75352021ea7f60781c599934f916eb1\"},\"headline\":\"Concurso EBSERH 2026: 152 vagas e at\u00e9 R$ 19,1 mil. Confira!\",\"datePublished\":\"2026-04-02T14:18:00+00:00\",\"dateModified\":\"2026-04-02T14:42:54+00:00\",\"mainEntityOfPage\":{\"@id\":\"https:\/\/www.estrategiaconcursos.com.br\/blog\/concurso-ebserh\/\"},\"wordCount\":3717,\"commentCount\":11,\"publisher\":{\"@id\":\"https:\/\/www.estrategiaconcursos.com.br\/blog\/#organization\"},\"image\":{\"@id\":\"https:\/\/www.estrategiaconcursos.com.br\/blog\/concurso-ebserh\/#primaryimage\"},\"thumbnailUrl\":\"https:\/\/dhg1h5j42swfq.cloudfront.net\/2021\/04\/03111718\/ebserh.jpeg\",\"keywords\":[\"concurso ebserh\",\"EBSERH\"],\"articleSection\":[\"Sa\u00fade\"],\"inLanguage\":\"pt-BR\",\"potentialAction\":[{\"@type\":\"CommentAction\",\"name\":\"Comment\",\"target\":[\"https:\/\/www.estrategiaconcursos.com.br\/blog\/concurso-ebserh\/#respond\"]}],\"copyrightYear\":\"2026\",\"copyrightHolder\":{\"@id\":\"https:\/\/www.estrategiaconcursos.com.br\/blog\/#organization\"}},{\"@type\":\"WebPage\",\"@id\":\"https:\/\/www.estrategiaconcursos.com.br\/blog\/concurso-ebserh\/\",\"url\":\"https:\/\/www.estrategiaconcursos.com.br\/blog\/concurso-ebserh\/\",\"name\":\"Concurso EBSERH 2026: 152 vagas e at\u00e9 R$ 19,1 mil. Confira!\",\"isPartOf\":{\"@id\":\"https:\/\/www.estrategiaconcursos.com.br\/blog\/#website\"},\"primaryImageOfPage\":{\"@id\":\"https:\/\/www.estrategiaconcursos.com.br\/blog\/concurso-ebserh\/#primaryimage\"},\"image\":{\"@id\":\"https:\/\/www.estrategiaconcursos.com.br\/blog\/concurso-ebserh\/#primaryimage\"},\"thumbnailUrl\":\"https:\/\/dhg1h5j42swfq.cloudfront.net\/2021\/04\/03111718\/ebserh.jpeg\",\"datePublished\":\"2026-04-02T14:18:00+00:00\",\"dateModified\":\"2026-04-02T14:42:54+00:00\",\"description\":\"Saiba tudo sobre o concurso EBSERH! Novo edital \u00e9 publicado para \u00e1rea M\u00e9dico e \u00faltimo certame segue vigente at\u00e9 julho de 2026!\",\"breadcrumb\":{\"@id\":\"https:\/\/www.estrategiaconcursos.com.br\/blog\/concurso-ebserh\/#breadcrumb\"},\"inLanguage\":\"pt-BR\",\"potentialAction\":[{\"@type\":\"ReadAction\",\"target\":[\"https:\/\/www.estrategiaconcursos.com.br\/blog\/concurso-ebserh\/\"]}]},{\"@type\":\"ImageObject\",\"inLanguage\":\"pt-BR\",\"@id\":\"https:\/\/www.estrategiaconcursos.com.br\/blog\/concurso-ebserh\/#primaryimage\",\"url\":\"https:\/\/dhg1h5j42swfq.cloudfront.net\/2021\/04\/03111718\/ebserh.jpeg\",\"contentUrl\":\"https:\/\/dhg1h5j42swfq.cloudfront.net\/2021\/04\/03111718\/ebserh.jpeg\",\"width\":768,\"height\":432,\"caption\":\"Concurso EBSERH\"},{\"@type\":\"BreadcrumbList\",\"@id\":\"https:\/\/www.estrategiaconcursos.com.br\/blog\/concurso-ebserh\/#breadcrumb\",\"itemListElement\":[{\"@type\":\"ListItem\",\"position\":1,\"name\":\"In\u00edcio\",\"item\":\"https:\/\/www.estrategiaconcursos.com.br\/blog\/\"},{\"@type\":\"ListItem\",\"position\":2,\"name\":\"Concurso EBSERH 2026: 152 vagas e at\u00e9 R$ 19,1 mil. Confira!\"}]},{\"@type\":\"WebSite\",\"@id\":\"https:\/\/www.estrategiaconcursos.com.br\/blog\/#website\",\"url\":\"https:\/\/www.estrategiaconcursos.com.br\/blog\/\",\"name\":\"Estrat\u00e9gia Concursos\",\"description\":\"O blog da Estrat\u00e9gia Concursos traz not\u00edcias sobre concursos e artigos de professores oferecendo cursos para concursos (pdf + videaulas) no site.\",\"publisher\":{\"@id\":\"https:\/\/www.estrategiaconcursos.com.br\/blog\/#organization\"},\"potentialAction\":[{\"@type\":\"SearchAction\",\"target\":{\"@type\":\"EntryPoint\",\"urlTemplate\":\"https:\/\/www.estrategiaconcursos.com.br\/blog\/?s={search_term_string}\"},\"query-input\":{\"@type\":\"PropertyValueSpecification\",\"valueRequired\":true,\"valueName\":\"search_term_string\"}}],\"inLanguage\":\"pt-BR\"},{\"@type\":\"Organization\",\"@id\":\"https:\/\/www.estrategiaconcursos.com.br\/blog\/#organization\",\"name\":\"Estrat\u00e9gia Concursos\",\"url\":\"https:\/\/www.estrategiaconcursos.com.br\/blog\/\",\"logo\":{\"@type\":\"ImageObject\",\"inLanguage\":\"pt-BR\",\"@id\":\"https:\/\/www.estrategiaconcursos.com.br\/blog\/#\/schema\/logo\/image\/\",\"url\":\"https:\/\/dhg1h5j42swfq.cloudfront.net\/2025\/06\/03203428\/logo_concursos-1.jpg\",\"contentUrl\":\"https:\/\/dhg1h5j42swfq.cloudfront.net\/2025\/06\/03203428\/logo_concursos-1.jpg\",\"width\":230,\"height\":60,\"caption\":\"Estrat\u00e9gia Concursos\"},\"image\":{\"@id\":\"https:\/\/www.estrategiaconcursos.com.br\/blog\/#\/schema\/logo\/image\/\"},\"sameAs\":[\"https:\/\/x.com\/EstratConcursos\"]},{\"@type\":\"Person\",\"@id\":\"https:\/\/www.estrategiaconcursos.com.br\/blog\/#\/schema\/person\/e75352021ea7f60781c599934f916eb1\",\"name\":\"Rafaela Teixeira\",\"image\":{\"@type\":\"ImageObject\",\"inLanguage\":\"pt-BR\",\"@id\":\"https:\/\/secure.gravatar.com\/avatar\/8a349a2b22039b1ee88fc06461487c950fd6aa411ea8af8633314b43334ae793?s=96&d=mm&r=g\",\"url\":\"https:\/\/secure.gravatar.com\/avatar\/8a349a2b22039b1ee88fc06461487c950fd6aa411ea8af8633314b43334ae793?s=96&d=mm&r=g\",\"contentUrl\":\"https:\/\/secure.gravatar.com\/avatar\/8a349a2b22039b1ee88fc06461487c950fd6aa411ea8af8633314b43334ae793?s=96&d=mm&r=g\",\"caption\":\"Rafaela Teixeira\"},\"description\":\"Rafaela Teixeira \u00e9 advogada conveniada \u00e0 Defensoria P\u00fablica de S\u00e3o Paulo pela OAB, com experi\u00eancia em reda\u00e7\u00e3o jur\u00eddica e atua\u00e7\u00e3o em institui\u00e7\u00f5es p\u00fablicas, incluindo est\u00e1gio no TRE-SP. Possui mais de 7 anos de experi\u00eancia na produ\u00e7\u00e3o de conte\u00fados voltados ao nicho de concursos p\u00fablicos, com foco em apura\u00e7\u00e3o jornal\u00edstica cont\u00ednua, an\u00e1lise de editais e obten\u00e7\u00e3o de informa\u00e7\u00f5es diretamente junto a \u00f3rg\u00e3os e fontes oficiais. No Blog do Estrat\u00e9gia Concursos, atua como Analista de Conte\u00fado S\u00eanior, respons\u00e1vel pelo jornalismo do per\u00edodo noturno e da madrugada, com atua\u00e7\u00e3o transversal na cobertura de concursos p\u00fablicos, garantindo a continuidade, fluidez e confiabilidade das publica\u00e7\u00f5es e dos bastidores dos certames.\",\"url\":\"https:\/\/www.estrategiaconcursos.com.br\/blog\/author\/rafaela-teixeira\/\"}]}<\/script>\n<!-- \/ Yoast SEO Premium plugin. -->","yoast_head_json":{"title":"Concurso EBSERH 2026: 152 vagas e at\u00e9 R$ 19,1 mil. Confira!","description":"Saiba tudo sobre o concurso EBSERH! Novo edital \u00e9 publicado para \u00e1rea M\u00e9dico e \u00faltimo certame segue vigente at\u00e9 julho de 2026!","robots":{"index":"index","follow":"follow","max-snippet":"max-snippet:-1","max-image-preview":"max-image-preview:large","max-video-preview":"max-video-preview:-1"},"canonical":"https:\/\/www.estrategiaconcursos.com.br\/blog\/concurso-ebserh\/","og_locale":"pt_BR","og_type":"article","og_title":"Concurso EBSERH 2026: 152 vagas e at\u00e9 R$ 19,1 mil. Confira!","og_description":"Saiba tudo sobre o concurso EBSERH! Novo edital \u00e9 publicado para \u00e1rea M\u00e9dico e \u00faltimo certame segue vigente at\u00e9 julho de 2026!","og_url":"https:\/\/www.estrategiaconcursos.com.br\/blog\/concurso-ebserh\/","og_site_name":"Estrat\u00e9gia Concursos","article_published_time":"2026-04-02T14:18:00+00:00","article_modified_time":"2026-04-02T14:42:54+00:00","og_image":[{"width":768,"height":432,"url":"https:\/\/dhg1h5j42swfq.cloudfront.net\/2021\/04\/03111718\/ebserh.jpeg","type":"image\/jpeg"}],"author":"Rafaela Teixeira","twitter_card":"summary_large_image","twitter_creator":"@EstratConcursos","twitter_site":"@EstratConcursos","twitter_misc":{"Escrito por":"Rafaela Teixeira","Est. tempo de leitura":"18 minutos"},"schema":{"@context":"https:\/\/schema.org","@graph":[{"@type":"NewsArticle","@id":"https:\/\/www.estrategiaconcursos.com.br\/blog\/concurso-ebserh\/#article","isPartOf":{"@id":"https:\/\/www.estrategiaconcursos.com.br\/blog\/concurso-ebserh\/"},"author":{"name":"Rafaela Teixeira","@id":"https:\/\/www.estrategiaconcursos.com.br\/blog\/#\/schema\/person\/e75352021ea7f60781c599934f916eb1"},"headline":"Concurso EBSERH 2026: 152 vagas e at\u00e9 R$ 19,1 mil. Confira!","datePublished":"2026-04-02T14:18:00+00:00","dateModified":"2026-04-02T14:42:54+00:00","mainEntityOfPage":{"@id":"https:\/\/www.estrategiaconcursos.com.br\/blog\/concurso-ebserh\/"},"wordCount":3717,"commentCount":11,"publisher":{"@id":"https:\/\/www.estrategiaconcursos.com.br\/blog\/#organization"},"image":{"@id":"https:\/\/www.estrategiaconcursos.com.br\/blog\/concurso-ebserh\/#primaryimage"},"thumbnailUrl":"https:\/\/dhg1h5j42swfq.cloudfront.net\/2021\/04\/03111718\/ebserh.jpeg","keywords":["concurso ebserh","EBSERH"],"articleSection":["Sa\u00fade"],"inLanguage":"pt-BR","potentialAction":[{"@type":"CommentAction","name":"Comment","target":["https:\/\/www.estrategiaconcursos.com.br\/blog\/concurso-ebserh\/#respond"]}],"copyrightYear":"2026","copyrightHolder":{"@id":"https:\/\/www.estrategiaconcursos.com.br\/blog\/#organization"}},{"@type":"WebPage","@id":"https:\/\/www.estrategiaconcursos.com.br\/blog\/concurso-ebserh\/","url":"https:\/\/www.estrategiaconcursos.com.br\/blog\/concurso-ebserh\/","name":"Concurso EBSERH 2026: 152 vagas e at\u00e9 R$ 19,1 mil. Confira!","isPartOf":{"@id":"https:\/\/www.estrategiaconcursos.com.br\/blog\/#website"},"primaryImageOfPage":{"@id":"https:\/\/www.estrategiaconcursos.com.br\/blog\/concurso-ebserh\/#primaryimage"},"image":{"@id":"https:\/\/www.estrategiaconcursos.com.br\/blog\/concurso-ebserh\/#primaryimage"},"thumbnailUrl":"https:\/\/dhg1h5j42swfq.cloudfront.net\/2021\/04\/03111718\/ebserh.jpeg","datePublished":"2026-04-02T14:18:00+00:00","dateModified":"2026-04-02T14:42:54+00:00","description":"Saiba tudo sobre o concurso EBSERH! Novo edital \u00e9 publicado para \u00e1rea M\u00e9dico e \u00faltimo certame segue vigente at\u00e9 julho de 2026!","breadcrumb":{"@id":"https:\/\/www.estrategiaconcursos.com.br\/blog\/concurso-ebserh\/#breadcrumb"},"inLanguage":"pt-BR","potentialAction":[{"@type":"ReadAction","target":["https:\/\/www.estrategiaconcursos.com.br\/blog\/concurso-ebserh\/"]}]},{"@type":"ImageObject","inLanguage":"pt-BR","@id":"https:\/\/www.estrategiaconcursos.com.br\/blog\/concurso-ebserh\/#primaryimage","url":"https:\/\/dhg1h5j42swfq.cloudfront.net\/2021\/04\/03111718\/ebserh.jpeg","contentUrl":"https:\/\/dhg1h5j42swfq.cloudfront.net\/2021\/04\/03111718\/ebserh.jpeg","width":768,"height":432,"caption":"Concurso EBSERH"},{"@type":"BreadcrumbList","@id":"https:\/\/www.estrategiaconcursos.com.br\/blog\/concurso-ebserh\/#breadcrumb","itemListElement":[{"@type":"ListItem","position":1,"name":"In\u00edcio","item":"https:\/\/www.estrategiaconcursos.com.br\/blog\/"},{"@type":"ListItem","position":2,"name":"Concurso EBSERH 2026: 152 vagas e at\u00e9 R$ 19,1 mil. Confira!"}]},{"@type":"WebSite","@id":"https:\/\/www.estrategiaconcursos.com.br\/blog\/#website","url":"https:\/\/www.estrategiaconcursos.com.br\/blog\/","name":"Estrat\u00e9gia Concursos","description":"O blog da Estrat\u00e9gia Concursos traz not\u00edcias sobre concursos e artigos de professores oferecendo cursos para concursos (pdf + videaulas) no site.","publisher":{"@id":"https:\/\/www.estrategiaconcursos.com.br\/blog\/#organization"},"potentialAction":[{"@type":"SearchAction","target":{"@type":"EntryPoint","urlTemplate":"https:\/\/www.estrategiaconcursos.com.br\/blog\/?s={search_term_string}"},"query-input":{"@type":"PropertyValueSpecification","valueRequired":true,"valueName":"search_term_string"}}],"inLanguage":"pt-BR"},{"@type":"Organization","@id":"https:\/\/www.estrategiaconcursos.com.br\/blog\/#organization","name":"Estrat\u00e9gia Concursos","url":"https:\/\/www.estrategiaconcursos.com.br\/blog\/","logo":{"@type":"ImageObject","inLanguage":"pt-BR","@id":"https:\/\/www.estrategiaconcursos.com.br\/blog\/#\/schema\/logo\/image\/","url":"https:\/\/dhg1h5j42swfq.cloudfront.net\/2025\/06\/03203428\/logo_concursos-1.jpg","contentUrl":"https:\/\/dhg1h5j42swfq.cloudfront.net\/2025\/06\/03203428\/logo_concursos-1.jpg","width":230,"height":60,"caption":"Estrat\u00e9gia Concursos"},"image":{"@id":"https:\/\/www.estrategiaconcursos.com.br\/blog\/#\/schema\/logo\/image\/"},"sameAs":["https:\/\/x.com\/EstratConcursos"]},{"@type":"Person","@id":"https:\/\/www.estrategiaconcursos.com.br\/blog\/#\/schema\/person\/e75352021ea7f60781c599934f916eb1","name":"Rafaela Teixeira","image":{"@type":"ImageObject","inLanguage":"pt-BR","@id":"https:\/\/secure.gravatar.com\/avatar\/8a349a2b22039b1ee88fc06461487c950fd6aa411ea8af8633314b43334ae793?s=96&d=mm&r=g","url":"https:\/\/secure.gravatar.com\/avatar\/8a349a2b22039b1ee88fc06461487c950fd6aa411ea8af8633314b43334ae793?s=96&d=mm&r=g","contentUrl":"https:\/\/secure.gravatar.com\/avatar\/8a349a2b22039b1ee88fc06461487c950fd6aa411ea8af8633314b43334ae793?s=96&d=mm&r=g","caption":"Rafaela Teixeira"},"description":"Rafaela Teixeira \u00e9 advogada conveniada \u00e0 Defensoria P\u00fablica de S\u00e3o Paulo pela OAB, com experi\u00eancia em reda\u00e7\u00e3o jur\u00eddica e atua\u00e7\u00e3o em institui\u00e7\u00f5es p\u00fablicas, incluindo est\u00e1gio no TRE-SP. Possui mais de 7 anos de experi\u00eancia na produ\u00e7\u00e3o de conte\u00fados voltados ao nicho de concursos p\u00fablicos, com foco em apura\u00e7\u00e3o jornal\u00edstica cont\u00ednua, an\u00e1lise de editais e obten\u00e7\u00e3o de informa\u00e7\u00f5es diretamente junto a \u00f3rg\u00e3os e fontes oficiais. No Blog do Estrat\u00e9gia Concursos, atua como Analista de Conte\u00fado S\u00eanior, respons\u00e1vel pelo jornalismo do per\u00edodo noturno e da madrugada, com atua\u00e7\u00e3o transversal na cobertura de concursos p\u00fablicos, garantindo a continuidade, fluidez e confiabilidade das publica\u00e7\u00f5es e dos bastidores dos certames.","url":"https:\/\/www.estrategiaconcursos.com.br\/blog\/author\/rafaela-teixeira\/"}]}},"_links":{"self":[{"href":"https:\/\/www.estrategiaconcursos.com.br\/blog\/wp-json\/wp\/v2\/posts\/408374","targetHints":{"allow":["GET"]}}],"collection":[{"href":"https:\/\/www.estrategiaconcursos.com.br\/blog\/wp-json\/wp\/v2\/posts"}],"about":[{"href":"https:\/\/www.estrategiaconcursos.com.br\/blog\/wp-json\/wp\/v2\/types\/post"}],"author":[{"embeddable":true,"href":"https:\/\/www.estrategiaconcursos.com.br\/blog\/wp-json\/wp\/v2\/users\/2134"}],"replies":[{"embeddable":true,"href":"https:\/\/www.estrategiaconcursos.com.br\/blog\/wp-json\/wp\/v2\/comments?post=408374"}],"version-history":[{"count":312,"href":"https:\/\/www.estrategiaconcursos.com.br\/blog\/wp-json\/wp\/v2\/posts\/408374\/revisions"}],"predecessor-version":[{"id":1747611,"href":"https:\/\/www.estrategiaconcursos.com.br\/blog\/wp-json\/wp\/v2\/posts\/408374\/revisions\/1747611"}],"wp:featuredmedia":[{"embeddable":true,"href":"https:\/\/www.estrategiaconcursos.com.br\/blog\/wp-json\/wp\/v2\/media\/827667"}],"wp:attachment":[{"href":"https:\/\/www.estrategiaconcursos.com.br\/blog\/wp-json\/wp\/v2\/media?parent=408374"}],"wp:term":[{"taxonomy":"category","embeddable":true,"href":"https:\/\/www.estrategiaconcursos.com.br\/blog\/wp-json\/wp\/v2\/categories?post=408374"},{"taxonomy":"post_tag","embeddable":true,"href":"https:\/\/www.estrategiaconcursos.com.br\/blog\/wp-json\/wp\/v2\/tags?post=408374"},{"taxonomy":"tax_estado","embeddable":true,"href":"https:\/\/www.estrategiaconcursos.com.br\/blog\/wp-json\/wp\/v2\/tax_estado?post=408374"}],"curies":[{"name":"wp","href":"https:\/\/api.w.org\/{rel}","templated":true}]}}