{"id":408337,"date":"2019-08-12T09:06:05","date_gmt":"2019-08-12T12:06:05","guid":{"rendered":"https:\/\/www.estrategiaconcursos.com.br\/blog\/?p=408337"},"modified":"2019-08-12T09:44:42","modified_gmt":"2019-08-12T12:44:42","slug":"edital-crf-es-saiu-edital","status":"publish","type":"post","link":"https:\/\/www.estrategiaconcursos.com.br\/blog\/edital-crf-es-saiu-edital\/","title":{"rendered":"Edital CRF-ES: SAIU edital com 180 VAGAS para m\u00e9dio e superior"},"content":{"rendered":"\n<h2 class=\"wp-block-heading\"><strong>Inscri\u00e7\u00f5es abertas no site da banca <\/strong><\/h2>\n\n\n\n<p>Foi publicado no Di\u00e1rio Oficial desta segunda-feira, 12 agosto, o edital do concurso do Conselho Regional de Farm\u00e1cia do Esp\u00edrito Santo. O documento oferta ao todo 180 vagas para cargos de n\u00edvel m\u00e9dio, superior + cadastro de reserva.<\/p>\n\n\n\n<p>As vagas s\u00e3o destinadas para os cargos de <strong>Assistente Administrativo e Financeiro I (50), T\u00e9cnico de N\u00edvel Superior I (30) &#8211; Gradua\u00e7\u00e3o em Administra\u00e7\u00e3o, T\u00e9cnico de N\u00edvel Superior I (25) &#8211; Gradua\u00e7\u00e3o em Contabilidade (25) e Farmac\u00eautico I (75) .<\/strong><\/p>\n\n\n\n<p>Lembrando que o n\u00famero total de vagas ofertadas para cada cargo \u00e9 a soma da ampla concorr\u00eancia + PCD + cadastro de reserva. <\/p>\n\n\n\n<p>Os candidatos interessados em participar do certame devem entrar no site da banca organizadora <strong>Instituto Quadrix <\/strong>entre os dias 12 agosto a 23 de setembro de 2019. Al\u00e9m disso, \u00e9 necess\u00e1rio efetuar o pagamento da taxa fixada que varia conforme o grau de escolaridade.<\/p>\n\n\n\n<p>Para os cargos de n\u00edvel <strong>m\u00e9dio <\/strong>o valor \u00e9 de<strong> R$ 42,00,<\/strong> j\u00e1 para cargos de n\u00edvel <strong>superior <\/strong>o valor \u00e9 de <strong>R$ 48,00.<\/strong><\/p>\n\n\n\n<p>A isen\u00e7\u00e3o da taxa dever\u00e1 ser solicitada, no per\u00edodo entre 10 horas do dia 12 de agosto de 2019 e 18 horas do dia 16 de agosto de 2019.<\/p>\n\n\n\n<h2 class=\"wp-block-heading\">Principais datas:<\/h2>\n\n\n\n<p class=\"has-background has-very-light-gray-background-color\"><strong>Inscri\u00e7\u00f5es<\/strong>: 12 de agosto a 23 de setembro<br \/><strong>Prova<\/strong>: 27 de outubro de 2019<br \/><strong>Data limite taxa de inscri\u00e7\u00e3o<\/strong>: 24 de setembro<\/p>\n\n\n\n<h2 class=\"wp-block-heading\">Remunera\u00e7\u00e3o do concurso CRF-ES<\/h2>\n\n\n\n<p>As remunera\u00e7\u00f5es variam conforme o cargo e o grau de escolaridade. A jornada de trabalho \u00e9 de 40 horas semanais para todos os cargos. Confira abaixo as respectivas remunera\u00e7\u00f5es:<\/p>\n\n\n\n<p><strong>Assistente Administrativo e Financeiro I<\/strong>:  R$ 2.154,88 + benef\u00edcios <br \/><strong>T\u00e9cnico de N\u00edvel Superior I<\/strong> &#8211; Gradua\u00e7\u00e3o em Administra\u00e7\u00e3o: R$ 3.232.52 + benef\u00edcios <br \/><strong>T\u00e9cnico de N\u00edvel Superior I<\/strong> &#8211; Gradua\u00e7\u00e3o em Contabilidade: R$ 3.232.52 + benef\u00edcios <br \/><strong>Farmac\u00eautico I:<\/strong> R$ 7.058,96 + benef\u00edcios <\/p>\n\n\n\n<p>Al\u00e9m da remunera\u00e7\u00e3o o CRF-ES oferecer\u00e1 aos candidatos admitidos por meio deste Concurso P\u00fablico o vale alimenta\u00e7\u00e3o, no valor de R$ 946,00,  Plano de Assist\u00eancia \u00e0 Sa\u00fade Integral (M\u00e9dico e Odontol\u00f3gico), Plano de Cargos e Sal\u00e1rios e Aux\u00edlio Transporte.<\/p>\n\n\n\n<h2 class=\"wp-block-heading\">Etapas do concurso CRF-ES<\/h2>\n\n\n\n<p>O concurso ser\u00e1 regido atrav\u00e9s de duas etapas, sendo a primeira composta de uma prova objetiva para todos os cargos e a segunda de uma avalia\u00e7\u00e3o de t\u00edtulos apenas para cargos de n\u00edvel superior. A prova objetiva est\u00e1 marcada para o dia 27 de outubro no per\u00edodo da tarde. <\/p>\n\n\n\n<p>O exame ser\u00e1 de car\u00e1ter eliminat\u00f3rio e classificat\u00f3rio e valer\u00e1 at\u00e9 120 pontos. Confira no quadro abaixo a distribui\u00e7\u00e3o das quest\u00f5es para cada disciplina cobrada na prova objetiva:<\/p>\n\n\n\n<div class=\"wp-block-image\"><figure class=\"aligncenter is-resized\"><img loading=\"lazy\" decoding=\"async\" src=\"https:\/\/dhg1h5j42swfq.cloudfront.net\/2019\/08\/12085818\/OBJETIVA.png.png\" alt=\"\" class=\"wp-image-408347\" width=\"666\" height=\"139\" srcset=\"https:\/\/dhg1h5j42swfq.cloudfront.net\/2019\/08\/12085818\/OBJETIVA.png.png 758w, https:\/\/dhg1h5j42swfq.cloudfront.net\/2019\/08\/12085818\/OBJETIVA.png.png 300w, https:\/\/dhg1h5j42swfq.cloudfront.net\/2019\/08\/12085818\/OBJETIVA.png.png 610w\" sizes=\"auto, (max-width: 666px) 100vw, 666px\" \/><\/figure><\/div>\n\n\n\n<p>J\u00e1 a avalia\u00e7\u00e3o de t\u00edtulos ser\u00e1 regida para os candidatos de n\u00edvel superior como mencionado acima. Ser\u00e3o convocados para entrega de documentos da avalia\u00e7\u00e3o de t\u00edtulos os candidatos aprovados na prova objetiva classificados conforme quadro a seguir, respeitados os empates na \u00faltima coloca\u00e7\u00e3o: <\/p>\n\n\n\n<div class=\"wp-block-image\"><figure class=\"aligncenter is-resized\"><img loading=\"lazy\" decoding=\"async\" src=\"https:\/\/dhg1h5j42swfq.cloudfront.net\/2019\/08\/12085957\/t%C3%ADtulos.png.png\" alt=\"\" class=\"wp-image-408348\" width=\"678\" height=\"158\" srcset=\"https:\/\/dhg1h5j42swfq.cloudfront.net\/2019\/08\/12085957\/t%C3%ADtulos.png.png 761w, https:\/\/dhg1h5j42swfq.cloudfront.net\/2019\/08\/12085957\/t%C3%ADtulos.png.png 300w, https:\/\/dhg1h5j42swfq.cloudfront.net\/2019\/08\/12085957\/t%C3%ADtulos.png.png 610w\" sizes=\"auto, (max-width: 678px) 100vw, 678px\" \/><\/figure><\/div>\n\n\n\n<p>Nos quadros acima voc\u00ea pode verificar tamb\u00e9m as lota\u00e7\u00f5es de cada cargo. <\/p>\n\n\n\n<p style=\"text-align:center\"><em><strong>Assinatura Anual Ilimitada*<\/strong><\/em><\/p>\n\n\n\n<p style=\"text-align:center\"><em>Prepare-se com o melhor material e com quem mais aprova em Concursos P\u00fablicos em todo o pa\u00eds. Assine agora a nossa Assinatura Anual e tenha acesso ilimitado* a todos os nossos cursos.<\/em><\/p>\n\n\n\n<p style=\"text-align:center\" class=\"has-background has-light-green-cyan-background-color\"><strong>ASSINE AGORA<\/strong>&nbsp;\u2013&nbsp;<a rel=\"noreferrer noopener\" href=\"https:\/\/www.estrategiaconcursos.com.br\/assinaturas\" target=\"_blank\"><strong>Assinatura Ilimitada<\/strong><\/a><\/p>\n\n\n\n<p style=\"font-size:19px;text-align:center\" class=\"has-background has-pale-cyan-blue-background-color\"><a href=\"https:\/\/www.estrategiaconcursos.com.br\/blog\/concursos-abertos\/\"><strong>CONCURSOS ABERTOS<\/strong><\/a><\/p>\n\n\n\n<p style=\"font-size:19px;text-align:center\" class=\"has-background has-pale-cyan-blue-background-color\"><a href=\"https:\/\/www.estrategiaconcursos.com.br\/blog\/concursos-2019\/\"><strong>CONCURSOS 2019<\/strong><\/a><\/p>\n\n\n\n<p style=\"font-size:19px;text-align:center\" class=\"has-background has-pale-cyan-blue-background-color\"><a href=\"https:\/\/www.estrategiaconcursos.com.br\/blog\/concursos-2020\/\"><strong>CONCURSOS<\/strong><\/a><strong><a href=\"https:\/\/www.estrategiaconcursos.com.br\/blog\/concursos-2020\/\">&nbsp;2020<\/a><\/strong><\/p>\n\n\n\n<figure class=\"wp-block-image\"><img loading=\"lazy\" decoding=\"async\" width=\"300\" height=\"102\" src=\"https:\/\/dhg1h5j42swfq.cloudfront.net\/2017\/03\/28152500\/coruja-ficha-tecnica-300x102.png\" alt=\"Ficha t\u00e9cnica concurso CRF ES\" class=\"wp-image-68542\"\/><\/figure>\n\n\n\n<p><strong>\u2666Informa\u00e7\u00f5es do concurso CRF ES<\/strong><\/p>\n\n\n\n<p><strong>\u25baData prevista:&nbsp;<\/strong>2019<br \/><strong>\u25baVagas:&nbsp;<\/strong>180<br \/><strong>\u25baRequisito:&nbsp;<\/strong>N\u00edvel m\u00e9dio e superior<br \/><strong>\u25baLota\u00e7\u00f5es:&nbsp;<\/strong>Vit\u00f3ria \u2013 ES<br \/><strong>\u25baBanca:&nbsp;<\/strong>Instituto Quadrix<br \/><a rel=\"noreferrer noopener\" aria-label=\"Edital Concurso CRF ES (abre numa nova aba)\" href=\"https:\/\/dhg1h5j42swfq.cloudfront.net\/2019\/08\/12090303\/1_CRF-ES_concurso_p%C3%BAblico_2019_edital_1.pdf\" target=\"_blank\"><strong>Edital Concurso CRF ES<\/strong><\/a><\/p>\n","protected":false},"excerpt":{"rendered":"<p>Inscri\u00e7\u00f5es abertas no site da banca Foi publicado no Di\u00e1rio Oficial desta segunda-feira, 12 agosto, o edital do concurso do Conselho Regional de Farm\u00e1cia do Esp\u00edrito Santo. O documento oferta ao todo 180 vagas para cargos de n\u00edvel m\u00e9dio, superior + cadastro de reserva. As vagas s\u00e3o destinadas para os cargos de Assistente Administrativo e [&hellip;]<\/p>\n","protected":false},"author":1,"featured_media":86321,"comment_status":"open","ping_status":"closed","sticky":false,"template":"","format":"standard","meta":{"post_tipo":"news","footnotes":""},"categories":[1],"tags":[],"tax_estado":[],"class_list":["post-408337","post","type-post","status-publish","format-standard","has-post-thumbnail","hentry","category-cursos-e-concursos"],"acf":[],"yoast_head":"<!-- This site is optimized with the Yoast SEO Premium plugin v27.2 (Yoast SEO v27.2) - https:\/\/yoast.com\/product\/yoast-seo-premium-wordpress\/ -->\n<title>Edital CRF-ES: SAIU edital com 180 VAGAS para m\u00e9dio e superior<\/title>\n<meta name=\"robots\" content=\"index, follow, max-snippet:-1, max-image-preview:large, max-video-preview:-1\" \/>\n<link rel=\"canonical\" href=\"https:\/\/www.estrategiaconcursos.com.br\/blog\/edital-crf-es-saiu-edital\/\" \/>\n<meta property=\"og:locale\" content=\"pt_BR\" \/>\n<meta property=\"og:type\" content=\"article\" \/>\n<meta property=\"og:title\" content=\"Edital CRF-ES: SAIU edital com 180 VAGAS para m\u00e9dio e superior\" \/>\n<meta property=\"og:description\" content=\"Inscri\u00e7\u00f5es abertas no site da banca Foi publicado no Di\u00e1rio Oficial desta segunda-feira, 12 agosto, o edital do concurso do Conselho Regional de Farm\u00e1cia do Esp\u00edrito Santo. O documento oferta ao todo 180 vagas para cargos de n\u00edvel m\u00e9dio, superior + cadastro de reserva. As vagas s\u00e3o destinadas para os cargos de Assistente Administrativo e [&hellip;]\" \/>\n<meta property=\"og:url\" content=\"https:\/\/www.estrategiaconcursos.com.br\/blog\/edital-crf-es-saiu-edital\/\" \/>\n<meta property=\"og:site_name\" content=\"Estrat\u00e9gia Concursos\" \/>\n<meta property=\"article:author\" content=\"https:\/\/www.facebook.com\/EstrategiaConcursos\" \/>\n<meta property=\"article:published_time\" content=\"2019-08-12T12:06:05+00:00\" \/>\n<meta property=\"article:modified_time\" content=\"2019-08-12T12:44:42+00:00\" \/>\n<meta property=\"og:image\" content=\"https:\/\/dhg1h5j42swfq.cloudfront.net\/2017\/08\/22145115\/saiu-edital-ec-1-e1505493000970.jpg\" \/>\n\t<meta property=\"og:image:width\" content=\"400\" \/>\n\t<meta property=\"og:image:height\" content=\"209\" \/>\n\t<meta property=\"og:image:type\" content=\"image\/jpeg\" \/>\n<meta name=\"author\" content=\"Coordena\u00e7\u00e3o\" \/>\n<meta name=\"twitter:card\" content=\"summary_large_image\" \/>\n<meta name=\"twitter:creator\" content=\"@EstratConcursos\" \/>\n<meta name=\"twitter:site\" content=\"@EstratConcursos\" \/>\n<meta name=\"twitter:label1\" content=\"Escrito por\" \/>\n\t<meta name=\"twitter:data1\" content=\"Coordena\u00e7\u00e3o\" \/>\n\t<meta name=\"twitter:label2\" content=\"Est. tempo de leitura\" \/>\n\t<meta name=\"twitter:data2\" content=\"3 minutos\" \/>\n<script type=\"application\/ld+json\" class=\"yoast-schema-graph\">{\"@context\":\"https:\/\/schema.org\",\"@graph\":[{\"@type\":\"NewsArticle\",\"@id\":\"https:\/\/www.estrategiaconcursos.com.br\/blog\/edital-crf-es-saiu-edital\/#article\",\"isPartOf\":{\"@id\":\"https:\/\/www.estrategiaconcursos.com.br\/blog\/edital-crf-es-saiu-edital\/\"},\"author\":{\"name\":\"Coordena\u00e7\u00e3o\",\"@id\":\"https:\/\/www.estrategiaconcursos.com.br\/blog\/#\/schema\/person\/b4a388c97673c5f483d72185668afa1f\"},\"headline\":\"Edital CRF-ES: SAIU edital com 180 VAGAS para m\u00e9dio e superior\",\"datePublished\":\"2019-08-12T12:06:05+00:00\",\"dateModified\":\"2019-08-12T12:44:42+00:00\",\"mainEntityOfPage\":{\"@id\":\"https:\/\/www.estrategiaconcursos.com.br\/blog\/edital-crf-es-saiu-edital\/\"},\"wordCount\":594,\"commentCount\":2,\"publisher\":{\"@id\":\"https:\/\/www.estrategiaconcursos.com.br\/blog\/#organization\"},\"image\":{\"@id\":\"https:\/\/www.estrategiaconcursos.com.br\/blog\/edital-crf-es-saiu-edital\/#primaryimage\"},\"thumbnailUrl\":\"https:\/\/dhg1h5j42swfq.cloudfront.net\/2017\/08\/22145115\/saiu-edital-ec-1-e1505493000970.jpg\",\"articleSection\":[\"Concursos P\u00fablicos\"],\"inLanguage\":\"pt-BR\",\"potentialAction\":[{\"@type\":\"CommentAction\",\"name\":\"Comment\",\"target\":[\"https:\/\/www.estrategiaconcursos.com.br\/blog\/edital-crf-es-saiu-edital\/#respond\"]}],\"copyrightYear\":\"2019\",\"copyrightHolder\":{\"@id\":\"https:\/\/www.estrategiaconcursos.com.br\/blog\/#organization\"}},{\"@type\":\"WebPage\",\"@id\":\"https:\/\/www.estrategiaconcursos.com.br\/blog\/edital-crf-es-saiu-edital\/\",\"url\":\"https:\/\/www.estrategiaconcursos.com.br\/blog\/edital-crf-es-saiu-edital\/\",\"name\":\"Edital CRF-ES: SAIU edital com 180 VAGAS para m\u00e9dio e superior\",\"isPartOf\":{\"@id\":\"https:\/\/www.estrategiaconcursos.com.br\/blog\/#website\"},\"primaryImageOfPage\":{\"@id\":\"https:\/\/www.estrategiaconcursos.com.br\/blog\/edital-crf-es-saiu-edital\/#primaryimage\"},\"image\":{\"@id\":\"https:\/\/www.estrategiaconcursos.com.br\/blog\/edital-crf-es-saiu-edital\/#primaryimage\"},\"thumbnailUrl\":\"https:\/\/dhg1h5j42swfq.cloudfront.net\/2017\/08\/22145115\/saiu-edital-ec-1-e1505493000970.jpg\",\"datePublished\":\"2019-08-12T12:06:05+00:00\",\"dateModified\":\"2019-08-12T12:44:42+00:00\",\"breadcrumb\":{\"@id\":\"https:\/\/www.estrategiaconcursos.com.br\/blog\/edital-crf-es-saiu-edital\/#breadcrumb\"},\"inLanguage\":\"pt-BR\",\"potentialAction\":[{\"@type\":\"ReadAction\",\"target\":[\"https:\/\/www.estrategiaconcursos.com.br\/blog\/edital-crf-es-saiu-edital\/\"]}]},{\"@type\":\"ImageObject\",\"inLanguage\":\"pt-BR\",\"@id\":\"https:\/\/www.estrategiaconcursos.com.br\/blog\/edital-crf-es-saiu-edital\/#primaryimage\",\"url\":\"https:\/\/dhg1h5j42swfq.cloudfront.net\/2017\/08\/22145115\/saiu-edital-ec-1-e1505493000970.jpg\",\"contentUrl\":\"https:\/\/dhg1h5j42swfq.cloudfront.net\/2017\/08\/22145115\/saiu-edital-ec-1-e1505493000970.jpg\",\"width\":400,\"height\":209,\"caption\":\"concurso fuzileiro naval\"},{\"@type\":\"BreadcrumbList\",\"@id\":\"https:\/\/www.estrategiaconcursos.com.br\/blog\/edital-crf-es-saiu-edital\/#breadcrumb\",\"itemListElement\":[{\"@type\":\"ListItem\",\"position\":1,\"name\":\"In\u00edcio\",\"item\":\"https:\/\/www.estrategiaconcursos.com.br\/blog\/\"},{\"@type\":\"ListItem\",\"position\":2,\"name\":\"Edital CRF-ES: SAIU edital com 180 VAGAS para m\u00e9dio e superior\"}]},{\"@type\":\"WebSite\",\"@id\":\"https:\/\/www.estrategiaconcursos.com.br\/blog\/#website\",\"url\":\"https:\/\/www.estrategiaconcursos.com.br\/blog\/\",\"name\":\"Estrat\u00e9gia Concursos\",\"description\":\"O blog da Estrat\u00e9gia Concursos traz not\u00edcias sobre concursos e artigos de professores oferecendo cursos para concursos (pdf + videaulas) no site.\",\"publisher\":{\"@id\":\"https:\/\/www.estrategiaconcursos.com.br\/blog\/#organization\"},\"potentialAction\":[{\"@type\":\"SearchAction\",\"target\":{\"@type\":\"EntryPoint\",\"urlTemplate\":\"https:\/\/www.estrategiaconcursos.com.br\/blog\/?s={search_term_string}\"},\"query-input\":{\"@type\":\"PropertyValueSpecification\",\"valueRequired\":true,\"valueName\":\"search_term_string\"}}],\"inLanguage\":\"pt-BR\"},{\"@type\":\"Organization\",\"@id\":\"https:\/\/www.estrategiaconcursos.com.br\/blog\/#organization\",\"name\":\"Estrat\u00e9gia Concursos\",\"url\":\"https:\/\/www.estrategiaconcursos.com.br\/blog\/\",\"logo\":{\"@type\":\"ImageObject\",\"inLanguage\":\"pt-BR\",\"@id\":\"https:\/\/www.estrategiaconcursos.com.br\/blog\/#\/schema\/logo\/image\/\",\"url\":\"https:\/\/dhg1h5j42swfq.cloudfront.net\/2025\/06\/03203428\/logo_concursos-1.jpg\",\"contentUrl\":\"https:\/\/dhg1h5j42swfq.cloudfront.net\/2025\/06\/03203428\/logo_concursos-1.jpg\",\"width\":230,\"height\":60,\"caption\":\"Estrat\u00e9gia Concursos\"},\"image\":{\"@id\":\"https:\/\/www.estrategiaconcursos.com.br\/blog\/#\/schema\/logo\/image\/\"},\"sameAs\":[\"https:\/\/x.com\/EstratConcursos\"]},{\"@type\":\"Person\",\"@id\":\"https:\/\/www.estrategiaconcursos.com.br\/blog\/#\/schema\/person\/b4a388c97673c5f483d72185668afa1f\",\"name\":\"Coordena\u00e7\u00e3o\",\"image\":{\"@type\":\"ImageObject\",\"inLanguage\":\"pt-BR\",\"@id\":\"https:\/\/secure.gravatar.com\/avatar\/b720319e4c9a967eb58678d110f4fe35452fc5d5f97b202bac7b8acceb18c6ad?s=96&d=mm&r=g\",\"url\":\"https:\/\/secure.gravatar.com\/avatar\/b720319e4c9a967eb58678d110f4fe35452fc5d5f97b202bac7b8acceb18c6ad?s=96&d=mm&r=g\",\"contentUrl\":\"https:\/\/secure.gravatar.com\/avatar\/b720319e4c9a967eb58678d110f4fe35452fc5d5f97b202bac7b8acceb18c6ad?s=96&d=mm&r=g\",\"caption\":\"Coordena\u00e7\u00e3o\"},\"sameAs\":[\"https:\/\/www.facebook.com\/EstrategiaConcursos\",\"https:\/\/x.com\/EstratConcursos\"],\"url\":\"https:\/\/www.estrategiaconcursos.com.br\/blog\/author\/estrategia2013\/\"}]}<\/script>\n<!-- \/ Yoast SEO Premium plugin. -->","yoast_head_json":{"title":"Edital CRF-ES: SAIU edital com 180 VAGAS para m\u00e9dio e superior","robots":{"index":"index","follow":"follow","max-snippet":"max-snippet:-1","max-image-preview":"max-image-preview:large","max-video-preview":"max-video-preview:-1"},"canonical":"https:\/\/www.estrategiaconcursos.com.br\/blog\/edital-crf-es-saiu-edital\/","og_locale":"pt_BR","og_type":"article","og_title":"Edital CRF-ES: SAIU edital com 180 VAGAS para m\u00e9dio e superior","og_description":"Inscri\u00e7\u00f5es abertas no site da banca Foi publicado no Di\u00e1rio Oficial desta segunda-feira, 12 agosto, o edital do concurso do Conselho Regional de Farm\u00e1cia do Esp\u00edrito Santo. O documento oferta ao todo 180 vagas para cargos de n\u00edvel m\u00e9dio, superior + cadastro de reserva. As vagas s\u00e3o destinadas para os cargos de Assistente Administrativo e [&hellip;]","og_url":"https:\/\/www.estrategiaconcursos.com.br\/blog\/edital-crf-es-saiu-edital\/","og_site_name":"Estrat\u00e9gia Concursos","article_author":"https:\/\/www.facebook.com\/EstrategiaConcursos","article_published_time":"2019-08-12T12:06:05+00:00","article_modified_time":"2019-08-12T12:44:42+00:00","og_image":[{"width":400,"height":209,"url":"https:\/\/dhg1h5j42swfq.cloudfront.net\/2017\/08\/22145115\/saiu-edital-ec-1-e1505493000970.jpg","type":"image\/jpeg"}],"author":"Coordena\u00e7\u00e3o","twitter_card":"summary_large_image","twitter_creator":"@EstratConcursos","twitter_site":"@EstratConcursos","twitter_misc":{"Escrito por":"Coordena\u00e7\u00e3o","Est. tempo de leitura":"3 minutos"},"schema":{"@context":"https:\/\/schema.org","@graph":[{"@type":"NewsArticle","@id":"https:\/\/www.estrategiaconcursos.com.br\/blog\/edital-crf-es-saiu-edital\/#article","isPartOf":{"@id":"https:\/\/www.estrategiaconcursos.com.br\/blog\/edital-crf-es-saiu-edital\/"},"author":{"name":"Coordena\u00e7\u00e3o","@id":"https:\/\/www.estrategiaconcursos.com.br\/blog\/#\/schema\/person\/b4a388c97673c5f483d72185668afa1f"},"headline":"Edital CRF-ES: SAIU edital com 180 VAGAS para m\u00e9dio e superior","datePublished":"2019-08-12T12:06:05+00:00","dateModified":"2019-08-12T12:44:42+00:00","mainEntityOfPage":{"@id":"https:\/\/www.estrategiaconcursos.com.br\/blog\/edital-crf-es-saiu-edital\/"},"wordCount":594,"commentCount":2,"publisher":{"@id":"https:\/\/www.estrategiaconcursos.com.br\/blog\/#organization"},"image":{"@id":"https:\/\/www.estrategiaconcursos.com.br\/blog\/edital-crf-es-saiu-edital\/#primaryimage"},"thumbnailUrl":"https:\/\/dhg1h5j42swfq.cloudfront.net\/2017\/08\/22145115\/saiu-edital-ec-1-e1505493000970.jpg","articleSection":["Concursos P\u00fablicos"],"inLanguage":"pt-BR","potentialAction":[{"@type":"CommentAction","name":"Comment","target":["https:\/\/www.estrategiaconcursos.com.br\/blog\/edital-crf-es-saiu-edital\/#respond"]}],"copyrightYear":"2019","copyrightHolder":{"@id":"https:\/\/www.estrategiaconcursos.com.br\/blog\/#organization"}},{"@type":"WebPage","@id":"https:\/\/www.estrategiaconcursos.com.br\/blog\/edital-crf-es-saiu-edital\/","url":"https:\/\/www.estrategiaconcursos.com.br\/blog\/edital-crf-es-saiu-edital\/","name":"Edital CRF-ES: SAIU edital com 180 VAGAS para m\u00e9dio e superior","isPartOf":{"@id":"https:\/\/www.estrategiaconcursos.com.br\/blog\/#website"},"primaryImageOfPage":{"@id":"https:\/\/www.estrategiaconcursos.com.br\/blog\/edital-crf-es-saiu-edital\/#primaryimage"},"image":{"@id":"https:\/\/www.estrategiaconcursos.com.br\/blog\/edital-crf-es-saiu-edital\/#primaryimage"},"thumbnailUrl":"https:\/\/dhg1h5j42swfq.cloudfront.net\/2017\/08\/22145115\/saiu-edital-ec-1-e1505493000970.jpg","datePublished":"2019-08-12T12:06:05+00:00","dateModified":"2019-08-12T12:44:42+00:00","breadcrumb":{"@id":"https:\/\/www.estrategiaconcursos.com.br\/blog\/edital-crf-es-saiu-edital\/#breadcrumb"},"inLanguage":"pt-BR","potentialAction":[{"@type":"ReadAction","target":["https:\/\/www.estrategiaconcursos.com.br\/blog\/edital-crf-es-saiu-edital\/"]}]},{"@type":"ImageObject","inLanguage":"pt-BR","@id":"https:\/\/www.estrategiaconcursos.com.br\/blog\/edital-crf-es-saiu-edital\/#primaryimage","url":"https:\/\/dhg1h5j42swfq.cloudfront.net\/2017\/08\/22145115\/saiu-edital-ec-1-e1505493000970.jpg","contentUrl":"https:\/\/dhg1h5j42swfq.cloudfront.net\/2017\/08\/22145115\/saiu-edital-ec-1-e1505493000970.jpg","width":400,"height":209,"caption":"concurso fuzileiro naval"},{"@type":"BreadcrumbList","@id":"https:\/\/www.estrategiaconcursos.com.br\/blog\/edital-crf-es-saiu-edital\/#breadcrumb","itemListElement":[{"@type":"ListItem","position":1,"name":"In\u00edcio","item":"https:\/\/www.estrategiaconcursos.com.br\/blog\/"},{"@type":"ListItem","position":2,"name":"Edital CRF-ES: SAIU edital com 180 VAGAS para m\u00e9dio e superior"}]},{"@type":"WebSite","@id":"https:\/\/www.estrategiaconcursos.com.br\/blog\/#website","url":"https:\/\/www.estrategiaconcursos.com.br\/blog\/","name":"Estrat\u00e9gia Concursos","description":"O blog da Estrat\u00e9gia Concursos traz not\u00edcias sobre concursos e artigos de professores oferecendo cursos para concursos (pdf + videaulas) no site.","publisher":{"@id":"https:\/\/www.estrategiaconcursos.com.br\/blog\/#organization"},"potentialAction":[{"@type":"SearchAction","target":{"@type":"EntryPoint","urlTemplate":"https:\/\/www.estrategiaconcursos.com.br\/blog\/?s={search_term_string}"},"query-input":{"@type":"PropertyValueSpecification","valueRequired":true,"valueName":"search_term_string"}}],"inLanguage":"pt-BR"},{"@type":"Organization","@id":"https:\/\/www.estrategiaconcursos.com.br\/blog\/#organization","name":"Estrat\u00e9gia Concursos","url":"https:\/\/www.estrategiaconcursos.com.br\/blog\/","logo":{"@type":"ImageObject","inLanguage":"pt-BR","@id":"https:\/\/www.estrategiaconcursos.com.br\/blog\/#\/schema\/logo\/image\/","url":"https:\/\/dhg1h5j42swfq.cloudfront.net\/2025\/06\/03203428\/logo_concursos-1.jpg","contentUrl":"https:\/\/dhg1h5j42swfq.cloudfront.net\/2025\/06\/03203428\/logo_concursos-1.jpg","width":230,"height":60,"caption":"Estrat\u00e9gia Concursos"},"image":{"@id":"https:\/\/www.estrategiaconcursos.com.br\/blog\/#\/schema\/logo\/image\/"},"sameAs":["https:\/\/x.com\/EstratConcursos"]},{"@type":"Person","@id":"https:\/\/www.estrategiaconcursos.com.br\/blog\/#\/schema\/person\/b4a388c97673c5f483d72185668afa1f","name":"Coordena\u00e7\u00e3o","image":{"@type":"ImageObject","inLanguage":"pt-BR","@id":"https:\/\/secure.gravatar.com\/avatar\/b720319e4c9a967eb58678d110f4fe35452fc5d5f97b202bac7b8acceb18c6ad?s=96&d=mm&r=g","url":"https:\/\/secure.gravatar.com\/avatar\/b720319e4c9a967eb58678d110f4fe35452fc5d5f97b202bac7b8acceb18c6ad?s=96&d=mm&r=g","contentUrl":"https:\/\/secure.gravatar.com\/avatar\/b720319e4c9a967eb58678d110f4fe35452fc5d5f97b202bac7b8acceb18c6ad?s=96&d=mm&r=g","caption":"Coordena\u00e7\u00e3o"},"sameAs":["https:\/\/www.facebook.com\/EstrategiaConcursos","https:\/\/x.com\/EstratConcursos"],"url":"https:\/\/www.estrategiaconcursos.com.br\/blog\/author\/estrategia2013\/"}]}},"_links":{"self":[{"href":"https:\/\/www.estrategiaconcursos.com.br\/blog\/wp-json\/wp\/v2\/posts\/408337","targetHints":{"allow":["GET"]}}],"collection":[{"href":"https:\/\/www.estrategiaconcursos.com.br\/blog\/wp-json\/wp\/v2\/posts"}],"about":[{"href":"https:\/\/www.estrategiaconcursos.com.br\/blog\/wp-json\/wp\/v2\/types\/post"}],"author":[{"embeddable":true,"href":"https:\/\/www.estrategiaconcursos.com.br\/blog\/wp-json\/wp\/v2\/users\/1"}],"replies":[{"embeddable":true,"href":"https:\/\/www.estrategiaconcursos.com.br\/blog\/wp-json\/wp\/v2\/comments?post=408337"}],"version-history":[{"count":3,"href":"https:\/\/www.estrategiaconcursos.com.br\/blog\/wp-json\/wp\/v2\/posts\/408337\/revisions"}],"predecessor-version":[{"id":408373,"href":"https:\/\/www.estrategiaconcursos.com.br\/blog\/wp-json\/wp\/v2\/posts\/408337\/revisions\/408373"}],"wp:featuredmedia":[{"embeddable":true,"href":"https:\/\/www.estrategiaconcursos.com.br\/blog\/wp-json\/wp\/v2\/media\/86321"}],"wp:attachment":[{"href":"https:\/\/www.estrategiaconcursos.com.br\/blog\/wp-json\/wp\/v2\/media?parent=408337"}],"wp:term":[{"taxonomy":"category","embeddable":true,"href":"https:\/\/www.estrategiaconcursos.com.br\/blog\/wp-json\/wp\/v2\/categories?post=408337"},{"taxonomy":"post_tag","embeddable":true,"href":"https:\/\/www.estrategiaconcursos.com.br\/blog\/wp-json\/wp\/v2\/tags?post=408337"},{"taxonomy":"tax_estado","embeddable":true,"href":"https:\/\/www.estrategiaconcursos.com.br\/blog\/wp-json\/wp\/v2\/tax_estado?post=408337"}],"curies":[{"name":"wp","href":"https:\/\/api.w.org\/{rel}","templated":true}]}}