{"id":408335,"date":"2019-08-12T09:10:01","date_gmt":"2019-08-12T12:10:01","guid":{"rendered":"https:\/\/www.estrategiaconcursos.com.br\/blog\/?p=408335"},"modified":"2019-08-12T10:03:06","modified_gmt":"2019-08-12T13:03:06","slug":"edital-crn9-mg-saiu-edital","status":"publish","type":"post","link":"https:\/\/www.estrategiaconcursos.com.br\/blog\/edital-crn9-mg-saiu-edital\/","title":{"rendered":"Edital CRN9 (MG): saiu edital com 560 vagas para diversos cargos"},"content":{"rendered":"\n<p>Foi publicado nesta segunda-feira, 12 de agosto, o <strong><em>edital do Conselho Regional de Nutricionistas da 9\u00b0 Regi\u00e3o<\/em><\/strong>. O certame visa ofertar <em>2 vagas imediatas e 558 para cadastro de reserva<\/em>. <\/p>\n\n\n\n<p>O \u00f3rg\u00e3o exige que os candidatos possuam n\u00edveis de forma\u00e7\u00e3o <strong><em>fundamental, m\u00e9dio e superior<\/em><\/strong>. As <em>inscri\u00e7\u00f5es<\/em> devem ser feitas atrav\u00e9s do site do <em>Instituto Quadrix<\/em> entre os dias, <strong><em>12 de agosto a 23 de setembro<\/em><\/strong>. <\/p>\n\n\n\n<p>A taxa dever\u00e1 ser paga pelo candidato ap\u00f3s a valida\u00e7\u00e3o da inscri\u00e7\u00e3o e ela varia conforme o grau de escolaridade do concurseiro. Confira abaixo: <\/p>\n\n\n\n<ul class=\"wp-block-list\"><li><em><strong>N\u00edvel Fundamental &#8211; R$ 40,00<\/strong><\/em><\/li><li><em><strong>N\u00edvel M\u00e9dio &#8211; R$ 50,00<\/strong><\/em><\/li><li><em><strong>N\u00edvel Superior &#8211; R$ 60,00<\/strong><\/em><\/li><\/ul>\n\n\n\n<p>Os candidatos que necessitarem da isen\u00e7\u00e3o da taxa, devem solicitar atrav\u00e9s do portal online da banca organizadora, entre os dias, 12 a 16 de agosto. Al\u00e9m disso, a <em><strong>prova do certame ser\u00e1 realizada no dia 27 de outubro<\/strong><\/em>. <\/p>\n\n\n\n<h2 class=\"wp-block-heading\">Principais datas<\/h2>\n\n\n\n<p class=\"has-background has-very-light-gray-background-color\"><strong><em>Inscri\u00e7\u00e3o<\/em><\/strong><em>: 12 de agosto a 23 de setembro<br \/><\/em><strong><em>Isen\u00e7\u00e3o da taxa<\/em><\/strong><em>: 12 a 16 de agosto<br \/><\/em><strong><em>Prova<\/em><\/strong><em>: 27 de outubro<\/em><\/p>\n\n\n\n<h2 class=\"wp-block-heading\">Cargos, Vagas e Remunera\u00e7\u00f5es<\/h2>\n\n\n\n<h3 class=\"wp-block-heading\">N\u00edvel Fundamental<\/h3>\n\n\n\n<ul class=\"wp-block-list\"><li><em>Auxiliar Operacional &#8211; (25 vagas para CR) &#8211; R$ 1.383,00 + benef\u00edcios <\/em><\/li><\/ul>\n\n\n\n<h3 class=\"wp-block-heading\">N\u00edvel M\u00e9dio<\/h3>\n\n\n\n<ul class=\"wp-block-list\"><li><em>Assistente Administrativo &#8211; (25 vagas para CR) &#8211; R$ 2.369,00 + benef\u00edcios <\/em><\/li><li><em>Assistente Administrativo &#8211; (1 vaga imediata + 29 vagas para CR) &#8211; R$ 2.369,00 + benef\u00edcios <\/em><\/li><li><em>Assistente Administrativo &#8211; (25 vagas para CR) &#8211; R$ 2.369,00 + benef\u00edcios<\/em><\/li><li><em>Assistente Administrativo &#8211; (25 vagas para CR) &#8211; R$ 2.369,00 + benef\u00edcios  <\/em><\/li><li><em>Assistente Administrativo &#8211; (25 vagas para CR) &#8211; R$ 2.369,00 + benef\u00edcios <\/em><\/li><li><em>Assistente Administrativo &#8211; (25 vagas para CR) &#8211; R$ 2.369,00 + benef\u00edcios <\/em><\/li><li><em>Auxiliar Administrativo &#8211; (25 vagas para CR) &#8211; R$ 1.662,00 + benef\u00edcios<\/em><\/li><li><em>Auxiliar Administrativo &#8211; (25 vagas para CR) &#8211; R$ 1.662,00 + benef\u00edcios<\/em><\/li><li><em>Auxiliar de Contabilidade &#8211; (25 vagas para CR) &#8211; R$ 1.662,00 + benef\u00edcios   <\/em><\/li><li><em>Assistente T\u00e9cnico em Nutri\u00e7\u00e3o e Diet\u00e9tica &#8211; (25 vagas para CR) &#8211; R$ 2.369,00 + benef\u00edcios <\/em><\/li><li><em>Assistente T\u00e9cnico em Nutri\u00e7\u00e3o e Diet\u00e9tica &#8211; (25 vagas para CR) -R$ 2.369,00 + benef\u00edcios<\/em><\/li><li><em>Assistente de Inform\u00e1tica &#8211; (25 vagas para CR) &#8211; R$ 2.931,00 + benef\u00edcios  <\/em><\/li><\/ul>\n\n\n\n<h3 class=\"wp-block-heading\">N\u00edvel Superior<\/h3>\n\n\n\n<ul class=\"wp-block-list\"><li><em>Nutricionista Assistente T\u00e9cnico &#8211; (25 vagas para CR) &#8211; R$ 4.022,20 + benef\u00edcios <\/em><\/li><li><em>Nutricionista Fiscal &#8211; (25 vagas para CR) &#8211; R$ 4.732,00 + benef\u00edcios<\/em><\/li><li><em>Nutricionista Fiscal &#8211; (25 vagas para CR) &#8211; R$ 4.732,00 + benef\u00edcios  <\/em><\/li><li><em>Nutricionista Fiscal &#8211; (25 vagas para CR) &#8211; R$ 4.732,00 + benef\u00edcios <\/em><\/li><li><em>Nutricionista Fiscal &#8211; (1 vaga imediata + 29 para CR) &#8211; R$ 4.732,00 + benef\u00edcios <\/em><\/li><li><em>Nutricionista Fiscal &#8211; (25 vagas para CR) &#8211; R$ 4.732,00 + benef\u00edcios <\/em><\/li><li><em>Nutricionista Fiscal &#8211; (25 vagas para CR) &#8211; R$ 4.732,00 + benef\u00edcios <\/em><\/li><li><em>Nutricionista Fiscal &#8211; (25 vagas para CR) &#8211; R$ 4.732,00 + benef\u00edcios <\/em><\/li><li><em>Nutricionista Fiscal &#8211; (25 vagas para CR) &#8211; R$ 4.732,00 + benef\u00edcios <\/em><\/li><\/ul>\n\n\n\n<h2 class=\"wp-block-heading\">Etapas de provas do concurso CRN9<\/h2>\n\n\n\n<p>O certame ser\u00e1 composto de duas provas, sendo elas, objetiva e discursiva.   A prova objetiva, de car\u00e1ter eliminat\u00f3rio e classificat\u00f3rio, ser\u00e1 composta de 120 itens e valer\u00e1 120,00 pontos. J\u00e1 a prova discursiva, possui car\u00e1ter eliminat\u00f3rio e classificat\u00f3rio. <\/p>\n\n\n\n<p>O exame  ser\u00e1 aplicado para os cargos de n\u00edvel m\u00e9dio e n\u00edvel superior no mesmo dia e dentro dos prazos de dura\u00e7\u00e3o previstos para a realiza\u00e7\u00e3o da prova objetiva e valer\u00e1 10,00 pontos. <\/p>\n\n\n\n<p><em>Confira abaixo as disciplinas cobradas nos exames:<\/em><\/p>\n\n\n\n<div class=\"wp-block-image\"><figure class=\"aligncenter is-resized\"><img loading=\"lazy\" decoding=\"async\" src=\"https:\/\/dhg1h5j42swfq.cloudfront.net\/2019\/08\/12090339\/image47.png\" alt=\"\" class=\"wp-image-408351\" width=\"822\" height=\"84\" srcset=\"https:\/\/dhg1h5j42swfq.cloudfront.net\/2019\/08\/12090339\/image47.png 863w, https:\/\/dhg1h5j42swfq.cloudfront.net\/2019\/08\/12090339\/image47.png 300w, https:\/\/dhg1h5j42swfq.cloudfront.net\/2019\/08\/12090339\/image47.png 768w, https:\/\/dhg1h5j42swfq.cloudfront.net\/2019\/08\/12090339\/image47.png 610w\" sizes=\"auto, (max-width: 822px) 100vw, 822px\" \/><\/figure><\/div>\n\n\n\n<div class=\"wp-block-image\"><figure class=\"aligncenter is-resized\"><img loading=\"lazy\" decoding=\"async\" src=\"https:\/\/dhg1h5j42swfq.cloudfront.net\/2019\/08\/12090405\/image48.png\" alt=\"\" class=\"wp-image-408352\" width=\"825\" height=\"195\" srcset=\"https:\/\/dhg1h5j42swfq.cloudfront.net\/2019\/08\/12090405\/image48.png 867w, https:\/\/dhg1h5j42swfq.cloudfront.net\/2019\/08\/12090405\/image48.png 300w, https:\/\/dhg1h5j42swfq.cloudfront.net\/2019\/08\/12090405\/image48.png 768w, https:\/\/dhg1h5j42swfq.cloudfront.net\/2019\/08\/12090405\/image48.png 610w\" sizes=\"auto, (max-width: 825px) 100vw, 825px\" \/><\/figure><\/div>\n\n\n\n<div class=\"wp-block-image\"><figure class=\"aligncenter is-resized\"><img loading=\"lazy\" decoding=\"async\" src=\"https:\/\/dhg1h5j42swfq.cloudfront.net\/2019\/08\/12090429\/image49.png\" alt=\"\" class=\"wp-image-408353\" width=\"832\" height=\"231\" srcset=\"https:\/\/dhg1h5j42swfq.cloudfront.net\/2019\/08\/12090429\/image49.png 863w, https:\/\/dhg1h5j42swfq.cloudfront.net\/2019\/08\/12090429\/image49.png 300w, https:\/\/dhg1h5j42swfq.cloudfront.net\/2019\/08\/12090429\/image49.png 768w, https:\/\/dhg1h5j42swfq.cloudfront.net\/2019\/08\/12090429\/image49.png 610w\" sizes=\"auto, (max-width: 832px) 100vw, 832px\" \/><\/figure><\/div>\n\n\n\n<p style=\"text-align:center\" class=\"has-background has-medium-font-size has-pale-cyan-blue-background-color\"><strong><em>Quer saber mais sobre o certame: <\/em><\/strong><span style=\"text-decoration: underline;\"><a rel=\"noreferrer noopener\" aria-label=\"Concurso CRN9 (abre numa nova aba)\" href=\"https:\/\/www.estrategiaconcursos.com.br\/blog\/concurso-crn-9-mg\/\" target=\"_blank\"><strong><em>Concurso CRN9<\/em><\/strong><\/a><\/span><\/p>\n\n\n\n<p style=\"text-align:center\"><em><strong>Quer estudar para Concurso CRN9 (MG)?<\/strong><\/em><\/p>\n\n\n\n<p style=\"text-align:center\"><em><strong>Gostou desta oportunidade e deseja come\u00e7ar se preparar agora mesmo? Ent\u00e3o, confira os nossos cursos e comece a estudar para CRN9 (MG):<\/strong><\/em><\/p>\n\n\n\n<p style=\"font-size:23px;text-align:center\" class=\"has-background has-luminous-vivid-amber-background-color\"><a href=\"https:\/\/www.estrategiaconcursos.com.br\/cursos\/concurso\/\" target=\"_blank\" rel=\"noreferrer noopener\">Curso CRN 9 (MG)<\/a><\/p>\n\n\n\n<p style=\"text-align:center\"><em><strong>Assinatura Anual Ilimitada*<\/strong><\/em><\/p>\n\n\n\n<p style=\"text-align:center\"><em>Prepare-se com o melhor material e com quem mais aprova em Concursos P\u00fablicos em todo o pa\u00eds. Assine agora a nossa Assinatura Anual e tenha acesso ilimitado* a todos os nossos cursos.<\/em><\/p>\n\n\n\n<p style=\"font-size:25px;text-align:center\" class=\"has-background has-light-green-cyan-background-color\"><strong>ASSINE AGORA<\/strong>\u00a0\u2013\u00a0<a rel=\"noreferrer noopener\" href=\"https:\/\/www.estrategiaconcursos.com.br\/assinaturas\" target=\"_blank\"><strong>Assinatura Ilimitada<\/strong><\/a><\/p>\n\n\n\n<p style=\"font-size:23px;text-align:center\" class=\"has-background has-pale-cyan-blue-background-color\"><strong><a href=\"https:\/\/www.estrategiaconcursos.com.br\/blog\/concursos-abertos\/\">CONCURSOS ABERTOS<\/a><\/strong><\/p>\n\n\n\n<p style=\"font-size:23px;text-align:center\" class=\"has-background has-pale-cyan-blue-background-color\"><a href=\"https:\/\/www.estrategiaconcursos.com.br\/blog\/concursos-2019\/\"><strong>CONCURSOS 2019<\/strong><\/a><\/p>\n\n\n\n<p style=\"font-size:23px;text-align:center\" class=\"has-background has-pale-cyan-blue-background-color\"><a href=\"https:\/\/www.estrategiaconcursos.com.br\/blog\/concursos-2020\/\"><strong>CONCURSOS<\/strong><\/a><strong><a href=\"https:\/\/www.estrategiaconcursos.com.br\/blog\/concursos-2020\/\">\u00a02020<\/a><\/strong><\/p>\n\n\n\n<figure class=\"wp-block-image\"><img loading=\"lazy\" decoding=\"async\" width=\"300\" height=\"102\" src=\"https:\/\/dhg1h5j42swfq.cloudfront.net\/2017\/03\/28152500\/coruja-ficha-tecnica-300x102.png\" alt=\"Ficha t\u00e9cnica concurso TJ AM\" class=\"wp-image-68542\"\/><\/figure>\n\n\n\n<p><strong>\u2666Informa\u00e7\u00f5es do pr\u00f3ximo Concurso&nbsp;CRN9 (MG)<\/strong><\/p>\n\n\n\n<p>\u25ba<strong>Data prevista<\/strong>: 27 de outubro<br \/>\u25ba<strong>Vagas<\/strong>: 2 vagas imediatas + 558 CR<br \/>\u25ba<strong>Cargos<\/strong>: Diversos\u00a0<br \/>\u25ba<strong>Banca<\/strong>:\u00a0<strong>Instituto Quadrix<\/strong><br \/>\u25ba<strong>Escolaridade<\/strong>: N\u00edvel Fundamental, M\u00e9dio e Superior<br \/>\u25ba<strong>Edital:<\/strong><span style=\"text-decoration: underline;\"> <a href=\"https:\/\/dhg1h5j42swfq.cloudfront.net\/2019\/08\/12090814\/1_CRN-9_concurso_p%C3%BAblico_2019_edital_11.pdf\" target=\"_blank\" rel=\"noreferrer noopener\" aria-label=\"Edital CRN9  (abre numa nova aba)\">Edital CRN9 <\/a><\/span><\/p>\n","protected":false},"excerpt":{"rendered":"<p>Foi publicado nesta segunda-feira, 12 de agosto, o edital do Conselho Regional de Nutricionistas da 9\u00b0 Regi\u00e3o. O certame visa ofertar 2 vagas imediatas e 558 para cadastro de reserva. O \u00f3rg\u00e3o exige que os candidatos possuam n\u00edveis de forma\u00e7\u00e3o fundamental, m\u00e9dio e superior. As inscri\u00e7\u00f5es devem ser feitas atrav\u00e9s do site do Instituto Quadrix [&hellip;]<\/p>\n","protected":false},"author":1,"featured_media":146145,"comment_status":"open","ping_status":"closed","sticky":false,"template":"","format":"standard","meta":{"post_tipo":"news","footnotes":""},"categories":[1],"tags":[],"tax_estado":[],"class_list":["post-408335","post","type-post","status-publish","format-standard","has-post-thumbnail","hentry","category-cursos-e-concursos"],"acf":[],"yoast_head":"<!-- This site is optimized with the Yoast SEO Premium plugin v27.2 (Yoast SEO v27.2) - https:\/\/yoast.com\/product\/yoast-seo-premium-wordpress\/ -->\n<title>Edital CRN9 (MG): saiu edital com 560 vagas para diversos cargos<\/title>\n<meta name=\"robots\" content=\"index, follow, max-snippet:-1, max-image-preview:large, max-video-preview:-1\" \/>\n<link rel=\"canonical\" href=\"https:\/\/www.estrategiaconcursos.com.br\/blog\/edital-crn9-mg-saiu-edital\/\" \/>\n<meta property=\"og:locale\" content=\"pt_BR\" \/>\n<meta property=\"og:type\" content=\"article\" \/>\n<meta property=\"og:title\" content=\"Edital CRN9 (MG): saiu edital com 560 vagas para diversos cargos\" \/>\n<meta property=\"og:description\" content=\"Foi publicado nesta segunda-feira, 12 de agosto, o edital do Conselho Regional de Nutricionistas da 9\u00b0 Regi\u00e3o. O certame visa ofertar 2 vagas imediatas e 558 para cadastro de reserva. O \u00f3rg\u00e3o exige que os candidatos possuam n\u00edveis de forma\u00e7\u00e3o fundamental, m\u00e9dio e superior. As inscri\u00e7\u00f5es devem ser feitas atrav\u00e9s do site do Instituto Quadrix [&hellip;]\" \/>\n<meta property=\"og:url\" content=\"https:\/\/www.estrategiaconcursos.com.br\/blog\/edital-crn9-mg-saiu-edital\/\" \/>\n<meta property=\"og:site_name\" content=\"Estrat\u00e9gia Concursos\" \/>\n<meta property=\"article:author\" content=\"https:\/\/www.facebook.com\/EstrategiaConcursos\" \/>\n<meta property=\"article:published_time\" content=\"2019-08-12T12:10:01+00:00\" \/>\n<meta property=\"article:modified_time\" content=\"2019-08-12T13:03:06+00:00\" \/>\n<meta property=\"og:image\" content=\"https:\/\/dhg1h5j42swfq.cloudfront.net\/2018\/10\/08173802\/saiu-edital1.jpg\" \/>\n\t<meta property=\"og:image:width\" content=\"400\" \/>\n\t<meta property=\"og:image:height\" content=\"209\" \/>\n\t<meta property=\"og:image:type\" content=\"image\/jpeg\" \/>\n<meta name=\"author\" content=\"Coordena\u00e7\u00e3o\" \/>\n<meta name=\"twitter:card\" content=\"summary_large_image\" \/>\n<meta name=\"twitter:creator\" content=\"@EstratConcursos\" \/>\n<meta name=\"twitter:site\" content=\"@EstratConcursos\" \/>\n<meta name=\"twitter:label1\" content=\"Escrito por\" \/>\n\t<meta name=\"twitter:data1\" content=\"Coordena\u00e7\u00e3o\" \/>\n\t<meta name=\"twitter:label2\" content=\"Est. tempo de leitura\" \/>\n\t<meta name=\"twitter:data2\" content=\"3 minutos\" \/>\n<script type=\"application\/ld+json\" class=\"yoast-schema-graph\">{\"@context\":\"https:\/\/schema.org\",\"@graph\":[{\"@type\":\"NewsArticle\",\"@id\":\"https:\/\/www.estrategiaconcursos.com.br\/blog\/edital-crn9-mg-saiu-edital\/#article\",\"isPartOf\":{\"@id\":\"https:\/\/www.estrategiaconcursos.com.br\/blog\/edital-crn9-mg-saiu-edital\/\"},\"author\":{\"name\":\"Coordena\u00e7\u00e3o\",\"@id\":\"https:\/\/www.estrategiaconcursos.com.br\/blog\/#\/schema\/person\/b4a388c97673c5f483d72185668afa1f\"},\"headline\":\"Edital CRN9 (MG): saiu edital com 560 vagas para diversos cargos\",\"datePublished\":\"2019-08-12T12:10:01+00:00\",\"dateModified\":\"2019-08-12T13:03:06+00:00\",\"mainEntityOfPage\":{\"@id\":\"https:\/\/www.estrategiaconcursos.com.br\/blog\/edital-crn9-mg-saiu-edital\/\"},\"wordCount\":643,\"commentCount\":1,\"publisher\":{\"@id\":\"https:\/\/www.estrategiaconcursos.com.br\/blog\/#organization\"},\"image\":{\"@id\":\"https:\/\/www.estrategiaconcursos.com.br\/blog\/edital-crn9-mg-saiu-edital\/#primaryimage\"},\"thumbnailUrl\":\"https:\/\/dhg1h5j42swfq.cloudfront.net\/2018\/10\/08173802\/saiu-edital1.jpg\",\"articleSection\":[\"Concursos P\u00fablicos\"],\"inLanguage\":\"pt-BR\",\"potentialAction\":[{\"@type\":\"CommentAction\",\"name\":\"Comment\",\"target\":[\"https:\/\/www.estrategiaconcursos.com.br\/blog\/edital-crn9-mg-saiu-edital\/#respond\"]}],\"copyrightYear\":\"2019\",\"copyrightHolder\":{\"@id\":\"https:\/\/www.estrategiaconcursos.com.br\/blog\/#organization\"}},{\"@type\":\"WebPage\",\"@id\":\"https:\/\/www.estrategiaconcursos.com.br\/blog\/edital-crn9-mg-saiu-edital\/\",\"url\":\"https:\/\/www.estrategiaconcursos.com.br\/blog\/edital-crn9-mg-saiu-edital\/\",\"name\":\"Edital CRN9 (MG): saiu edital com 560 vagas para diversos cargos\",\"isPartOf\":{\"@id\":\"https:\/\/www.estrategiaconcursos.com.br\/blog\/#website\"},\"primaryImageOfPage\":{\"@id\":\"https:\/\/www.estrategiaconcursos.com.br\/blog\/edital-crn9-mg-saiu-edital\/#primaryimage\"},\"image\":{\"@id\":\"https:\/\/www.estrategiaconcursos.com.br\/blog\/edital-crn9-mg-saiu-edital\/#primaryimage\"},\"thumbnailUrl\":\"https:\/\/dhg1h5j42swfq.cloudfront.net\/2018\/10\/08173802\/saiu-edital1.jpg\",\"datePublished\":\"2019-08-12T12:10:01+00:00\",\"dateModified\":\"2019-08-12T13:03:06+00:00\",\"breadcrumb\":{\"@id\":\"https:\/\/www.estrategiaconcursos.com.br\/blog\/edital-crn9-mg-saiu-edital\/#breadcrumb\"},\"inLanguage\":\"pt-BR\",\"potentialAction\":[{\"@type\":\"ReadAction\",\"target\":[\"https:\/\/www.estrategiaconcursos.com.br\/blog\/edital-crn9-mg-saiu-edital\/\"]}]},{\"@type\":\"ImageObject\",\"inLanguage\":\"pt-BR\",\"@id\":\"https:\/\/www.estrategiaconcursos.com.br\/blog\/edital-crn9-mg-saiu-edital\/#primaryimage\",\"url\":\"https:\/\/dhg1h5j42swfq.cloudfront.net\/2018\/10\/08173802\/saiu-edital1.jpg\",\"contentUrl\":\"https:\/\/dhg1h5j42swfq.cloudfront.net\/2018\/10\/08173802\/saiu-edital1.jpg\",\"width\":400,\"height\":209,\"caption\":\"concurso bombeiros Tocantins\"},{\"@type\":\"BreadcrumbList\",\"@id\":\"https:\/\/www.estrategiaconcursos.com.br\/blog\/edital-crn9-mg-saiu-edital\/#breadcrumb\",\"itemListElement\":[{\"@type\":\"ListItem\",\"position\":1,\"name\":\"In\u00edcio\",\"item\":\"https:\/\/www.estrategiaconcursos.com.br\/blog\/\"},{\"@type\":\"ListItem\",\"position\":2,\"name\":\"Edital CRN9 (MG): saiu edital com 560 vagas para diversos cargos\"}]},{\"@type\":\"WebSite\",\"@id\":\"https:\/\/www.estrategiaconcursos.com.br\/blog\/#website\",\"url\":\"https:\/\/www.estrategiaconcursos.com.br\/blog\/\",\"name\":\"Estrat\u00e9gia Concursos\",\"description\":\"O blog da Estrat\u00e9gia Concursos traz not\u00edcias sobre concursos e artigos de professores oferecendo cursos para concursos (pdf + videaulas) no site.\",\"publisher\":{\"@id\":\"https:\/\/www.estrategiaconcursos.com.br\/blog\/#organization\"},\"potentialAction\":[{\"@type\":\"SearchAction\",\"target\":{\"@type\":\"EntryPoint\",\"urlTemplate\":\"https:\/\/www.estrategiaconcursos.com.br\/blog\/?s={search_term_string}\"},\"query-input\":{\"@type\":\"PropertyValueSpecification\",\"valueRequired\":true,\"valueName\":\"search_term_string\"}}],\"inLanguage\":\"pt-BR\"},{\"@type\":\"Organization\",\"@id\":\"https:\/\/www.estrategiaconcursos.com.br\/blog\/#organization\",\"name\":\"Estrat\u00e9gia Concursos\",\"url\":\"https:\/\/www.estrategiaconcursos.com.br\/blog\/\",\"logo\":{\"@type\":\"ImageObject\",\"inLanguage\":\"pt-BR\",\"@id\":\"https:\/\/www.estrategiaconcursos.com.br\/blog\/#\/schema\/logo\/image\/\",\"url\":\"https:\/\/dhg1h5j42swfq.cloudfront.net\/2025\/06\/03203428\/logo_concursos-1.jpg\",\"contentUrl\":\"https:\/\/dhg1h5j42swfq.cloudfront.net\/2025\/06\/03203428\/logo_concursos-1.jpg\",\"width\":230,\"height\":60,\"caption\":\"Estrat\u00e9gia Concursos\"},\"image\":{\"@id\":\"https:\/\/www.estrategiaconcursos.com.br\/blog\/#\/schema\/logo\/image\/\"},\"sameAs\":[\"https:\/\/x.com\/EstratConcursos\"]},{\"@type\":\"Person\",\"@id\":\"https:\/\/www.estrategiaconcursos.com.br\/blog\/#\/schema\/person\/b4a388c97673c5f483d72185668afa1f\",\"name\":\"Coordena\u00e7\u00e3o\",\"image\":{\"@type\":\"ImageObject\",\"inLanguage\":\"pt-BR\",\"@id\":\"https:\/\/secure.gravatar.com\/avatar\/b720319e4c9a967eb58678d110f4fe35452fc5d5f97b202bac7b8acceb18c6ad?s=96&d=mm&r=g\",\"url\":\"https:\/\/secure.gravatar.com\/avatar\/b720319e4c9a967eb58678d110f4fe35452fc5d5f97b202bac7b8acceb18c6ad?s=96&d=mm&r=g\",\"contentUrl\":\"https:\/\/secure.gravatar.com\/avatar\/b720319e4c9a967eb58678d110f4fe35452fc5d5f97b202bac7b8acceb18c6ad?s=96&d=mm&r=g\",\"caption\":\"Coordena\u00e7\u00e3o\"},\"sameAs\":[\"https:\/\/www.facebook.com\/EstrategiaConcursos\",\"https:\/\/x.com\/EstratConcursos\"],\"url\":\"https:\/\/www.estrategiaconcursos.com.br\/blog\/author\/estrategia2013\/\"}]}<\/script>\n<!-- \/ Yoast SEO Premium plugin. -->","yoast_head_json":{"title":"Edital CRN9 (MG): saiu edital com 560 vagas para diversos cargos","robots":{"index":"index","follow":"follow","max-snippet":"max-snippet:-1","max-image-preview":"max-image-preview:large","max-video-preview":"max-video-preview:-1"},"canonical":"https:\/\/www.estrategiaconcursos.com.br\/blog\/edital-crn9-mg-saiu-edital\/","og_locale":"pt_BR","og_type":"article","og_title":"Edital CRN9 (MG): saiu edital com 560 vagas para diversos cargos","og_description":"Foi publicado nesta segunda-feira, 12 de agosto, o edital do Conselho Regional de Nutricionistas da 9\u00b0 Regi\u00e3o. O certame visa ofertar 2 vagas imediatas e 558 para cadastro de reserva. O \u00f3rg\u00e3o exige que os candidatos possuam n\u00edveis de forma\u00e7\u00e3o fundamental, m\u00e9dio e superior. As inscri\u00e7\u00f5es devem ser feitas atrav\u00e9s do site do Instituto Quadrix [&hellip;]","og_url":"https:\/\/www.estrategiaconcursos.com.br\/blog\/edital-crn9-mg-saiu-edital\/","og_site_name":"Estrat\u00e9gia Concursos","article_author":"https:\/\/www.facebook.com\/EstrategiaConcursos","article_published_time":"2019-08-12T12:10:01+00:00","article_modified_time":"2019-08-12T13:03:06+00:00","og_image":[{"width":400,"height":209,"url":"https:\/\/dhg1h5j42swfq.cloudfront.net\/2018\/10\/08173802\/saiu-edital1.jpg","type":"image\/jpeg"}],"author":"Coordena\u00e7\u00e3o","twitter_card":"summary_large_image","twitter_creator":"@EstratConcursos","twitter_site":"@EstratConcursos","twitter_misc":{"Escrito por":"Coordena\u00e7\u00e3o","Est. tempo de leitura":"3 minutos"},"schema":{"@context":"https:\/\/schema.org","@graph":[{"@type":"NewsArticle","@id":"https:\/\/www.estrategiaconcursos.com.br\/blog\/edital-crn9-mg-saiu-edital\/#article","isPartOf":{"@id":"https:\/\/www.estrategiaconcursos.com.br\/blog\/edital-crn9-mg-saiu-edital\/"},"author":{"name":"Coordena\u00e7\u00e3o","@id":"https:\/\/www.estrategiaconcursos.com.br\/blog\/#\/schema\/person\/b4a388c97673c5f483d72185668afa1f"},"headline":"Edital CRN9 (MG): saiu edital com 560 vagas para diversos cargos","datePublished":"2019-08-12T12:10:01+00:00","dateModified":"2019-08-12T13:03:06+00:00","mainEntityOfPage":{"@id":"https:\/\/www.estrategiaconcursos.com.br\/blog\/edital-crn9-mg-saiu-edital\/"},"wordCount":643,"commentCount":1,"publisher":{"@id":"https:\/\/www.estrategiaconcursos.com.br\/blog\/#organization"},"image":{"@id":"https:\/\/www.estrategiaconcursos.com.br\/blog\/edital-crn9-mg-saiu-edital\/#primaryimage"},"thumbnailUrl":"https:\/\/dhg1h5j42swfq.cloudfront.net\/2018\/10\/08173802\/saiu-edital1.jpg","articleSection":["Concursos P\u00fablicos"],"inLanguage":"pt-BR","potentialAction":[{"@type":"CommentAction","name":"Comment","target":["https:\/\/www.estrategiaconcursos.com.br\/blog\/edital-crn9-mg-saiu-edital\/#respond"]}],"copyrightYear":"2019","copyrightHolder":{"@id":"https:\/\/www.estrategiaconcursos.com.br\/blog\/#organization"}},{"@type":"WebPage","@id":"https:\/\/www.estrategiaconcursos.com.br\/blog\/edital-crn9-mg-saiu-edital\/","url":"https:\/\/www.estrategiaconcursos.com.br\/blog\/edital-crn9-mg-saiu-edital\/","name":"Edital CRN9 (MG): saiu edital com 560 vagas para diversos cargos","isPartOf":{"@id":"https:\/\/www.estrategiaconcursos.com.br\/blog\/#website"},"primaryImageOfPage":{"@id":"https:\/\/www.estrategiaconcursos.com.br\/blog\/edital-crn9-mg-saiu-edital\/#primaryimage"},"image":{"@id":"https:\/\/www.estrategiaconcursos.com.br\/blog\/edital-crn9-mg-saiu-edital\/#primaryimage"},"thumbnailUrl":"https:\/\/dhg1h5j42swfq.cloudfront.net\/2018\/10\/08173802\/saiu-edital1.jpg","datePublished":"2019-08-12T12:10:01+00:00","dateModified":"2019-08-12T13:03:06+00:00","breadcrumb":{"@id":"https:\/\/www.estrategiaconcursos.com.br\/blog\/edital-crn9-mg-saiu-edital\/#breadcrumb"},"inLanguage":"pt-BR","potentialAction":[{"@type":"ReadAction","target":["https:\/\/www.estrategiaconcursos.com.br\/blog\/edital-crn9-mg-saiu-edital\/"]}]},{"@type":"ImageObject","inLanguage":"pt-BR","@id":"https:\/\/www.estrategiaconcursos.com.br\/blog\/edital-crn9-mg-saiu-edital\/#primaryimage","url":"https:\/\/dhg1h5j42swfq.cloudfront.net\/2018\/10\/08173802\/saiu-edital1.jpg","contentUrl":"https:\/\/dhg1h5j42swfq.cloudfront.net\/2018\/10\/08173802\/saiu-edital1.jpg","width":400,"height":209,"caption":"concurso bombeiros Tocantins"},{"@type":"BreadcrumbList","@id":"https:\/\/www.estrategiaconcursos.com.br\/blog\/edital-crn9-mg-saiu-edital\/#breadcrumb","itemListElement":[{"@type":"ListItem","position":1,"name":"In\u00edcio","item":"https:\/\/www.estrategiaconcursos.com.br\/blog\/"},{"@type":"ListItem","position":2,"name":"Edital CRN9 (MG): saiu edital com 560 vagas para diversos cargos"}]},{"@type":"WebSite","@id":"https:\/\/www.estrategiaconcursos.com.br\/blog\/#website","url":"https:\/\/www.estrategiaconcursos.com.br\/blog\/","name":"Estrat\u00e9gia Concursos","description":"O blog da Estrat\u00e9gia Concursos traz not\u00edcias sobre concursos e artigos de professores oferecendo cursos para concursos (pdf + videaulas) no site.","publisher":{"@id":"https:\/\/www.estrategiaconcursos.com.br\/blog\/#organization"},"potentialAction":[{"@type":"SearchAction","target":{"@type":"EntryPoint","urlTemplate":"https:\/\/www.estrategiaconcursos.com.br\/blog\/?s={search_term_string}"},"query-input":{"@type":"PropertyValueSpecification","valueRequired":true,"valueName":"search_term_string"}}],"inLanguage":"pt-BR"},{"@type":"Organization","@id":"https:\/\/www.estrategiaconcursos.com.br\/blog\/#organization","name":"Estrat\u00e9gia Concursos","url":"https:\/\/www.estrategiaconcursos.com.br\/blog\/","logo":{"@type":"ImageObject","inLanguage":"pt-BR","@id":"https:\/\/www.estrategiaconcursos.com.br\/blog\/#\/schema\/logo\/image\/","url":"https:\/\/dhg1h5j42swfq.cloudfront.net\/2025\/06\/03203428\/logo_concursos-1.jpg","contentUrl":"https:\/\/dhg1h5j42swfq.cloudfront.net\/2025\/06\/03203428\/logo_concursos-1.jpg","width":230,"height":60,"caption":"Estrat\u00e9gia Concursos"},"image":{"@id":"https:\/\/www.estrategiaconcursos.com.br\/blog\/#\/schema\/logo\/image\/"},"sameAs":["https:\/\/x.com\/EstratConcursos"]},{"@type":"Person","@id":"https:\/\/www.estrategiaconcursos.com.br\/blog\/#\/schema\/person\/b4a388c97673c5f483d72185668afa1f","name":"Coordena\u00e7\u00e3o","image":{"@type":"ImageObject","inLanguage":"pt-BR","@id":"https:\/\/secure.gravatar.com\/avatar\/b720319e4c9a967eb58678d110f4fe35452fc5d5f97b202bac7b8acceb18c6ad?s=96&d=mm&r=g","url":"https:\/\/secure.gravatar.com\/avatar\/b720319e4c9a967eb58678d110f4fe35452fc5d5f97b202bac7b8acceb18c6ad?s=96&d=mm&r=g","contentUrl":"https:\/\/secure.gravatar.com\/avatar\/b720319e4c9a967eb58678d110f4fe35452fc5d5f97b202bac7b8acceb18c6ad?s=96&d=mm&r=g","caption":"Coordena\u00e7\u00e3o"},"sameAs":["https:\/\/www.facebook.com\/EstrategiaConcursos","https:\/\/x.com\/EstratConcursos"],"url":"https:\/\/www.estrategiaconcursos.com.br\/blog\/author\/estrategia2013\/"}]}},"_links":{"self":[{"href":"https:\/\/www.estrategiaconcursos.com.br\/blog\/wp-json\/wp\/v2\/posts\/408335","targetHints":{"allow":["GET"]}}],"collection":[{"href":"https:\/\/www.estrategiaconcursos.com.br\/blog\/wp-json\/wp\/v2\/posts"}],"about":[{"href":"https:\/\/www.estrategiaconcursos.com.br\/blog\/wp-json\/wp\/v2\/types\/post"}],"author":[{"embeddable":true,"href":"https:\/\/www.estrategiaconcursos.com.br\/blog\/wp-json\/wp\/v2\/users\/1"}],"replies":[{"embeddable":true,"href":"https:\/\/www.estrategiaconcursos.com.br\/blog\/wp-json\/wp\/v2\/comments?post=408335"}],"version-history":[{"count":9,"href":"https:\/\/www.estrategiaconcursos.com.br\/blog\/wp-json\/wp\/v2\/posts\/408335\/revisions"}],"predecessor-version":[{"id":408383,"href":"https:\/\/www.estrategiaconcursos.com.br\/blog\/wp-json\/wp\/v2\/posts\/408335\/revisions\/408383"}],"wp:featuredmedia":[{"embeddable":true,"href":"https:\/\/www.estrategiaconcursos.com.br\/blog\/wp-json\/wp\/v2\/media\/146145"}],"wp:attachment":[{"href":"https:\/\/www.estrategiaconcursos.com.br\/blog\/wp-json\/wp\/v2\/media?parent=408335"}],"wp:term":[{"taxonomy":"category","embeddable":true,"href":"https:\/\/www.estrategiaconcursos.com.br\/blog\/wp-json\/wp\/v2\/categories?post=408335"},{"taxonomy":"post_tag","embeddable":true,"href":"https:\/\/www.estrategiaconcursos.com.br\/blog\/wp-json\/wp\/v2\/tags?post=408335"},{"taxonomy":"tax_estado","embeddable":true,"href":"https:\/\/www.estrategiaconcursos.com.br\/blog\/wp-json\/wp\/v2\/tax_estado?post=408335"}],"curies":[{"name":"wp","href":"https:\/\/api.w.org\/{rel}","templated":true}]}}