{"id":408233,"date":"2019-08-10T14:10:03","date_gmt":"2019-08-10T17:10:03","guid":{"rendered":"https:\/\/www.estrategiaconcursos.com.br\/blog\/?p=408233"},"modified":"2019-08-10T19:35:56","modified_gmt":"2019-08-10T22:35:56","slug":"lancamento-da-trilha-estrategica-para-o-concurso-da-policia-civil-de-sao-paulo","status":"publish","type":"post","link":"https:\/\/www.estrategiaconcursos.com.br\/blog\/lancamento-da-trilha-estrategica-para-o-concurso-da-policia-civil-de-sao-paulo\/","title":{"rendered":"Lan\u00e7amento da Trilha Estrat\u00e9gica para o concurso da Pol\u00edcia Civil de S\u00e3o Paulo"},"content":{"rendered":"\n<p>Ol\u00e1, caros amigos e amigas!!!<br \/><\/p>\n\n\n\n<p>Em breve ser\u00e3o lan\u00e7adas duas Trilhas Estrat\u00e9gicas para o concurso da Pol\u00edcia Civil de S\u00e3o Paulo: uma para o cargo de <strong>Investigador<\/strong> e outra para o cargo de <strong>Escriv\u00e3o<\/strong>.<br \/><\/p>\n\n\n\n<p>Para quem n\u00e3o conhece as Trilhas do Estrat\u00e9gia Concursos, esse \u00e9 um produto que&nbsp; visa a guiar o aluno em sua prepara\u00e7\u00e3o para determinado concurso em geral ou cargo em espec\u00edfico. Com efeito, elas funcionam da seguinte forma:<\/p>\n\n\n\n<ol class=\"wp-block-list\"><li>\u00c9 feita a indica\u00e7\u00e3o de estudo por Ciclos;<\/li><li>S\u00e3o sugeridas as disciplinas a serem estudadas em cada Ciclo;<\/li><li>S\u00e3o indicados os materiais a serem utilizados em cada disciplina;<\/li><li>S\u00e3o feitos os apontamentos de estudo de teoria, exerc\u00edcios, revis\u00e3o, legisla\u00e7\u00e3o e simulados;<\/li><li>Tem o foco no melhor custo x benef\u00edcio, considerando o conte\u00fado do edital e o tempo de prepara\u00e7\u00e3o at\u00e9 a prova.<\/li><\/ol>\n\n\n\n<p>Essas trilhas s\u00e3o especialmente elaboradas por monitores especializados em cada disciplina.&nbsp;<br \/><\/p>\n\n\n\n<p>Al\u00e9m das Trilhas Estrat\u00e9gicas, haver\u00e1 a Monitoria para a PC-SP, cujo cronograma e hor\u00e1rios das transmiss\u00f5es ser\u00e3o, tamb\u00e9m, disponibilizados \u00e0 <em>posteiori<\/em>. Essas transmiss\u00f5es da Monitoria abordar\u00e3o:<\/p>\n\n\n\n<ol class=\"wp-block-list\"><li>Dicas de estudo;<\/li><li>Tira-d\u00favidas com base em perguntas enviadas pelos alunos.<\/li><\/ol>\n\n\n\n<p>Ainda, para que os alunos matriculados na Trilha possam receber dicas constantes e r\u00e1pidas dos <em>coaches<\/em> e professores, ser\u00e1 criado uma Comunidade de Alunos da PC-SP no Telegram.<br \/><\/p>\n\n\n\n<p><strong>DO CARGO DE INVESTIGADOR<\/strong><br \/><\/p>\n\n\n\n<p>O \u00faltimo concurso para o cargo de Investigador da PC-SP foi realizado pela banca<strong> Vunesp<\/strong> em 10\/06\/2018. A prova foi constitu\u00edda de 100 (cem) quest\u00f5es objetivas com 5 (cinco) alternativas cada uma, abrangendo as seguintes disciplinas:<br \/><\/p>\n\n\n\n<div class=\"wp-block-image\"><figure class=\"aligncenter\"><img decoding=\"async\" src=\"https:\/\/lh6.googleusercontent.com\/-UqrZk839lAloYm0uBBNYkFz_G_jD-EA3cX9iEw2KyW_USJlA4flvas5brsIV1Z34R4VwkiPL54r5dhVkxGREuXRcwVc_l4eE92LfpY4GctmUuYcl75v0uBZkdWReCqnw9kXBlEV\" alt=\"\" \/><figcaption>Fonte: Edital de Investigador PC-SP\/2018<\/figcaption><\/figure><\/div>\n\n\n\n<p>Cabe destacar que, dentro da disciplina <strong>No\u00e7\u00f5es de Direito<\/strong>, foram exigidos conhecimentos acerca de <strong>Direito Constitucional, Direito Penal, Direito Processual Penal, Direitos Humanos, Direito Administrativo e Legisla\u00e7\u00e3o Especial<\/strong>.<br \/><\/p>\n\n\n\n<p>Al\u00e9m da prova objetiva, do certame tamb\u00e9m constou uma <strong>prova escrita<\/strong> cujo objetivo era&nbsp; avaliar o dom\u00ednio da norma culta, o desenvolvimento do tema na estrutura proposta, a adequa\u00e7\u00e3o da linguagem, a articula\u00e7\u00e3o do racioc\u00ednio l\u00f3gico e a capacidade de argumenta\u00e7\u00e3o, nas seguintes disciplinas: <strong>No\u00e7\u00f5es de Direito<\/strong> e <strong>No\u00e7\u00f5es de Criminologia<\/strong>.&nbsp;<br \/><\/p>\n\n\n\n<p>Tamb\u00e9m foi aplicada uma <strong>prova oral<\/strong>,&nbsp; gravada em \u00e1udio e v\u00eddeo, consistindo na argui\u00e7\u00e3o do candidato, em sess\u00e3o p\u00fablica, e versando sobre conhecimento das seguintes disciplinas: <strong>L\u00edngua Portuguesa, No\u00e7\u00f5es de Direito, No\u00e7\u00f5es de Criminologia e Atualidades<\/strong>. Nesse quesito, a Banca Examinadora avaliou o dom\u00ednio do conhecimento das disciplinas exigidas, a adequa\u00e7\u00e3o da linguagem, a articula\u00e7\u00e3o do racioc\u00ednio, a capacidade de argumenta\u00e7\u00e3o e o uso correto do vern\u00e1culo.&nbsp;<\/p>\n\n\n\n<p>Passa acessar o \u00faltimo edital de <strong>Investigador da PC-SP<\/strong>, clique o link a seguir: <a href=\"https:\/\/www.vunesp.com.br\/PCSP1702\">https:\/\/www.vunesp.com.br\/PCSP1702<\/a><br \/><\/p>\n\n\n\n<p><strong>DO CARGO DE ESCRIV\u00c3O<\/strong><br \/><\/p>\n\n\n\n<p>O concurso para o cargo de Escriv\u00e3o foi realizado pela <strong>Vunesp<\/strong> no mesmo dia 10\/06\/2018. A prova foi constitu\u00edda de 100 (cem) quest\u00f5es objetivas com 5 (cinco) alternativas cada uma, abrangendo as seguintes disciplinas:<br \/><\/p>\n\n\n\n<div class=\"wp-block-image\"><figure class=\"aligncenter\"><img decoding=\"async\" src=\"https:\/\/lh6.googleusercontent.com\/7JYcUYDiAiE0tb3B55btQ7bjcbXxpOfQhZAQAoS5Yc9kBxy0PB3o2y1cJtZ4-VJurjygk__wlFcxu44rhzYzOaq0t7V4Rc9os2VF3CGiczqjCoZ69wHiWnBF7K978zHwwdKGV4Z1\" alt=\"\" \/><figcaption>Fonte: Edital de Escriv\u00e3o PC-SP\/2018<\/figcaption><\/figure><\/div>\n\n\n\n<p>Da mesma forma, a disciplina <strong>No\u00e7\u00f5es de Direito<\/strong> contempla no\u00e7\u00f5es acerca de <strong>Direito Constitucional, Direito Penal, Direito Processual Penal, Direitos Humanos, Direito Administrativo e Legisla\u00e7\u00e3o Especial<\/strong>.<br \/><\/p>\n\n\n\n<p>Al\u00e9m da prova objetiva, do certame tamb\u00e9m constou uma <strong>prova escrita<\/strong> cujo objetivo era&nbsp; avaliar o dom\u00ednio da norma culta, o desenvolvimento do tema na estrutura proposta, a adequa\u00e7\u00e3o da linguagem, a articula\u00e7\u00e3o do racioc\u00ednio l\u00f3gico e a capacidade de argumenta\u00e7\u00e3o, nas seguintes disciplinas: <strong>L\u00edngua Portuguesa, No\u00e7\u00f5es de Direito, No\u00e7\u00f5es de Inform\u00e1tica e No\u00e7\u00f5es de Criminologia.<\/strong><br \/><\/p>\n\n\n\n<p>Tamb\u00e9m foi aplicada uma <strong>prova oral<\/strong>,&nbsp; nos mesmos moldes da aplicada para o cargo de Investigador, e versando sobre conhecimento das seguintes disciplinas:<strong> L\u00edngua Portuguesa, No\u00e7\u00f5es de Direito, No\u00e7\u00f5es de Inform\u00e1tica e No\u00e7\u00f5es de Criminologia.<\/strong><br \/><\/p>\n\n\n\n<p>Passa acessar o \u00faltimo edital de <strong>Escriv\u00e3o da PC-SP<\/strong>, clique o link a seguir: <a href=\"https:\/\/www.vunesp.com.br\/PCSP1703\">https:\/\/www.vunesp.com.br\/PCSP1703<\/a><br \/><\/p>\n\n\n\n<p>O sal\u00e1rio de ambos t\u00eam os vencimento iniciais de <strong>R$ 3.743,98<\/strong>, que correspondem \u00e0 soma dos valores do sal\u00e1rio-base e da Gratifica\u00e7\u00e3o pelo Regime Especial de Trabalho Policial \u2013 RETP. Podendo chegar a <strong>R$ 5.051,50<\/strong> na \u00faltima classe\/n\u00edvel.<br \/><\/p>\n\n\n\n<p>Para obter mais informa\u00e7\u00f5es acerca desses concursos, clique no link a seguir e confira o artigo publicado pela <a href=\"https:\/\/www.estrategiaconcursos.com.br\/blog\/noticia\">Coordena\u00e7\u00e3o<\/a> do Estrat\u00e9gia no dia 29\/07\/2019:<\/p>\n\n\n\n<figure class=\"wp-block-embed-wordpress wp-block-embed is-type-wp-embed is-provider-estrategia-concursos\"><div class=\"wp-block-embed__wrapper\">\nhttps:\/\/www.estrategiaconcursos.com.br\/blog\/concurso-policia-civil-sp-2019\/\n<\/div><\/figure>\n\n\n\n<p>Grande Abra\u00e7o a todos!!!!<\/p>\n\n\n\n<p><\/p>\n\n\n\n<p>DISCIPLINA, FOCO E PERSEVERAN\u00c7A!<\/p>\n","protected":false},"excerpt":{"rendered":"<p>Ol\u00e1, caros amigos e amigas!!! Em breve ser\u00e3o lan\u00e7adas duas Trilhas Estrat\u00e9gicas para o concurso da Pol\u00edcia Civil de S\u00e3o Paulo: uma para o cargo de Investigador e outra para o cargo de Escriv\u00e3o. Para quem n\u00e3o conhece as Trilhas do Estrat\u00e9gia Concursos, esse \u00e9 um produto que&nbsp; visa a guiar o aluno em sua [&hellip;]<\/p>\n","protected":false},"author":1269,"featured_media":0,"comment_status":"open","ping_status":"closed","sticky":false,"template":"","format":"standard","meta":{"post_tipo":"article","footnotes":""},"categories":[1],"tags":[],"tax_estado":[],"class_list":["post-408233","post","type-post","status-publish","format-standard","hentry","category-cursos-e-concursos"],"acf":[],"yoast_head":"<!-- This site is optimized with the Yoast SEO Premium plugin v27.2 (Yoast SEO v27.2) - https:\/\/yoast.com\/product\/yoast-seo-premium-wordpress\/ -->\n<title>Lan\u00e7amento da Trilha Estrat\u00e9gica para o concurso da Pol\u00edcia Civil de S\u00e3o Paulo<\/title>\n<meta name=\"robots\" content=\"index, follow, max-snippet:-1, max-image-preview:large, max-video-preview:-1\" \/>\n<link rel=\"canonical\" href=\"https:\/\/www.estrategiaconcursos.com.br\/blog\/lancamento-da-trilha-estrategica-para-o-concurso-da-policia-civil-de-sao-paulo\/\" \/>\n<meta property=\"og:locale\" content=\"pt_BR\" \/>\n<meta property=\"og:type\" content=\"article\" \/>\n<meta property=\"og:title\" content=\"Lan\u00e7amento da Trilha Estrat\u00e9gica para o concurso da Pol\u00edcia Civil de S\u00e3o Paulo\" \/>\n<meta property=\"og:description\" content=\"Ol\u00e1, caros amigos e amigas!!! Em breve ser\u00e3o lan\u00e7adas duas Trilhas Estrat\u00e9gicas para o concurso da Pol\u00edcia Civil de S\u00e3o Paulo: uma para o cargo de Investigador e outra para o cargo de Escriv\u00e3o. Para quem n\u00e3o conhece as Trilhas do Estrat\u00e9gia Concursos, esse \u00e9 um produto que&nbsp; visa a guiar o aluno em sua [&hellip;]\" \/>\n<meta property=\"og:url\" content=\"https:\/\/www.estrategiaconcursos.com.br\/blog\/lancamento-da-trilha-estrategica-para-o-concurso-da-policia-civil-de-sao-paulo\/\" \/>\n<meta property=\"og:site_name\" content=\"Estrat\u00e9gia Concursos\" \/>\n<meta property=\"article:published_time\" content=\"2019-08-10T17:10:03+00:00\" \/>\n<meta property=\"article:modified_time\" content=\"2019-08-10T22:35:56+00:00\" \/>\n<meta property=\"og:image\" content=\"https:\/\/lh6.googleusercontent.com\/-UqrZk839lAloYm0uBBNYkFz_G_jD-EA3cX9iEw2KyW_USJlA4flvas5brsIV1Z34R4VwkiPL54r5dhVkxGREuXRcwVc_l4eE92LfpY4GctmUuYcl75v0uBZkdWReCqnw9kXBlEV\" \/>\n<meta name=\"author\" content=\"Dihego Oliveira\" \/>\n<meta name=\"twitter:card\" content=\"summary_large_image\" \/>\n<meta name=\"twitter:creator\" content=\"@EstratConcursos\" \/>\n<meta name=\"twitter:site\" content=\"@EstratConcursos\" \/>\n<meta name=\"twitter:label1\" content=\"Escrito por\" \/>\n\t<meta name=\"twitter:data1\" content=\"Dihego Oliveira\" \/>\n\t<meta name=\"twitter:label2\" content=\"Est. tempo de leitura\" \/>\n\t<meta name=\"twitter:data2\" content=\"4 minutos\" \/>\n<script type=\"application\/ld+json\" class=\"yoast-schema-graph\">{\"@context\":\"https:\/\/schema.org\",\"@graph\":[{\"@type\":\"NewsArticle\",\"@id\":\"https:\/\/www.estrategiaconcursos.com.br\/blog\/lancamento-da-trilha-estrategica-para-o-concurso-da-policia-civil-de-sao-paulo\/#article\",\"isPartOf\":{\"@id\":\"https:\/\/www.estrategiaconcursos.com.br\/blog\/lancamento-da-trilha-estrategica-para-o-concurso-da-policia-civil-de-sao-paulo\/\"},\"author\":{\"name\":\"Dihego Oliveira\",\"@id\":\"https:\/\/www.estrategiaconcursos.com.br\/blog\/#\/schema\/person\/2133d882d445288fd0401f3b78ea6bf2\"},\"headline\":\"Lan\u00e7amento da Trilha Estrat\u00e9gica para o concurso da Pol\u00edcia Civil de S\u00e3o Paulo\",\"datePublished\":\"2019-08-10T17:10:03+00:00\",\"dateModified\":\"2019-08-10T22:35:56+00:00\",\"mainEntityOfPage\":{\"@id\":\"https:\/\/www.estrategiaconcursos.com.br\/blog\/lancamento-da-trilha-estrategica-para-o-concurso-da-policia-civil-de-sao-paulo\/\"},\"wordCount\":787,\"commentCount\":1,\"publisher\":{\"@id\":\"https:\/\/www.estrategiaconcursos.com.br\/blog\/#organization\"},\"image\":{\"@id\":\"https:\/\/www.estrategiaconcursos.com.br\/blog\/lancamento-da-trilha-estrategica-para-o-concurso-da-policia-civil-de-sao-paulo\/#primaryimage\"},\"thumbnailUrl\":\"https:\/\/lh6.googleusercontent.com\/-UqrZk839lAloYm0uBBNYkFz_G_jD-EA3cX9iEw2KyW_USJlA4flvas5brsIV1Z34R4VwkiPL54r5dhVkxGREuXRcwVc_l4eE92LfpY4GctmUuYcl75v0uBZkdWReCqnw9kXBlEV\",\"articleSection\":[\"Concursos P\u00fablicos\"],\"inLanguage\":\"pt-BR\",\"potentialAction\":[{\"@type\":\"CommentAction\",\"name\":\"Comment\",\"target\":[\"https:\/\/www.estrategiaconcursos.com.br\/blog\/lancamento-da-trilha-estrategica-para-o-concurso-da-policia-civil-de-sao-paulo\/#respond\"]}],\"copyrightYear\":\"2019\",\"copyrightHolder\":{\"@id\":\"https:\/\/www.estrategiaconcursos.com.br\/blog\/#organization\"}},{\"@type\":\"WebPage\",\"@id\":\"https:\/\/www.estrategiaconcursos.com.br\/blog\/lancamento-da-trilha-estrategica-para-o-concurso-da-policia-civil-de-sao-paulo\/\",\"url\":\"https:\/\/www.estrategiaconcursos.com.br\/blog\/lancamento-da-trilha-estrategica-para-o-concurso-da-policia-civil-de-sao-paulo\/\",\"name\":\"Lan\u00e7amento da Trilha Estrat\u00e9gica para o concurso da Pol\u00edcia Civil de S\u00e3o Paulo\",\"isPartOf\":{\"@id\":\"https:\/\/www.estrategiaconcursos.com.br\/blog\/#website\"},\"primaryImageOfPage\":{\"@id\":\"https:\/\/www.estrategiaconcursos.com.br\/blog\/lancamento-da-trilha-estrategica-para-o-concurso-da-policia-civil-de-sao-paulo\/#primaryimage\"},\"image\":{\"@id\":\"https:\/\/www.estrategiaconcursos.com.br\/blog\/lancamento-da-trilha-estrategica-para-o-concurso-da-policia-civil-de-sao-paulo\/#primaryimage\"},\"thumbnailUrl\":\"https:\/\/lh6.googleusercontent.com\/-UqrZk839lAloYm0uBBNYkFz_G_jD-EA3cX9iEw2KyW_USJlA4flvas5brsIV1Z34R4VwkiPL54r5dhVkxGREuXRcwVc_l4eE92LfpY4GctmUuYcl75v0uBZkdWReCqnw9kXBlEV\",\"datePublished\":\"2019-08-10T17:10:03+00:00\",\"dateModified\":\"2019-08-10T22:35:56+00:00\",\"breadcrumb\":{\"@id\":\"https:\/\/www.estrategiaconcursos.com.br\/blog\/lancamento-da-trilha-estrategica-para-o-concurso-da-policia-civil-de-sao-paulo\/#breadcrumb\"},\"inLanguage\":\"pt-BR\",\"potentialAction\":[{\"@type\":\"ReadAction\",\"target\":[\"https:\/\/www.estrategiaconcursos.com.br\/blog\/lancamento-da-trilha-estrategica-para-o-concurso-da-policia-civil-de-sao-paulo\/\"]}]},{\"@type\":\"ImageObject\",\"inLanguage\":\"pt-BR\",\"@id\":\"https:\/\/www.estrategiaconcursos.com.br\/blog\/lancamento-da-trilha-estrategica-para-o-concurso-da-policia-civil-de-sao-paulo\/#primaryimage\",\"url\":\"https:\/\/lh6.googleusercontent.com\/-UqrZk839lAloYm0uBBNYkFz_G_jD-EA3cX9iEw2KyW_USJlA4flvas5brsIV1Z34R4VwkiPL54r5dhVkxGREuXRcwVc_l4eE92LfpY4GctmUuYcl75v0uBZkdWReCqnw9kXBlEV\",\"contentUrl\":\"https:\/\/lh6.googleusercontent.com\/-UqrZk839lAloYm0uBBNYkFz_G_jD-EA3cX9iEw2KyW_USJlA4flvas5brsIV1Z34R4VwkiPL54r5dhVkxGREuXRcwVc_l4eE92LfpY4GctmUuYcl75v0uBZkdWReCqnw9kXBlEV\"},{\"@type\":\"BreadcrumbList\",\"@id\":\"https:\/\/www.estrategiaconcursos.com.br\/blog\/lancamento-da-trilha-estrategica-para-o-concurso-da-policia-civil-de-sao-paulo\/#breadcrumb\",\"itemListElement\":[{\"@type\":\"ListItem\",\"position\":1,\"name\":\"In\u00edcio\",\"item\":\"https:\/\/www.estrategiaconcursos.com.br\/blog\/\"},{\"@type\":\"ListItem\",\"position\":2,\"name\":\"Lan\u00e7amento da Trilha Estrat\u00e9gica para o concurso da Pol\u00edcia Civil de S\u00e3o Paulo\"}]},{\"@type\":\"WebSite\",\"@id\":\"https:\/\/www.estrategiaconcursos.com.br\/blog\/#website\",\"url\":\"https:\/\/www.estrategiaconcursos.com.br\/blog\/\",\"name\":\"Estrat\u00e9gia Concursos\",\"description\":\"O blog da Estrat\u00e9gia Concursos traz not\u00edcias sobre concursos e artigos de professores oferecendo cursos para concursos (pdf + videaulas) no site.\",\"publisher\":{\"@id\":\"https:\/\/www.estrategiaconcursos.com.br\/blog\/#organization\"},\"potentialAction\":[{\"@type\":\"SearchAction\",\"target\":{\"@type\":\"EntryPoint\",\"urlTemplate\":\"https:\/\/www.estrategiaconcursos.com.br\/blog\/?s={search_term_string}\"},\"query-input\":{\"@type\":\"PropertyValueSpecification\",\"valueRequired\":true,\"valueName\":\"search_term_string\"}}],\"inLanguage\":\"pt-BR\"},{\"@type\":\"Organization\",\"@id\":\"https:\/\/www.estrategiaconcursos.com.br\/blog\/#organization\",\"name\":\"Estrat\u00e9gia Concursos\",\"url\":\"https:\/\/www.estrategiaconcursos.com.br\/blog\/\",\"logo\":{\"@type\":\"ImageObject\",\"inLanguage\":\"pt-BR\",\"@id\":\"https:\/\/www.estrategiaconcursos.com.br\/blog\/#\/schema\/logo\/image\/\",\"url\":\"https:\/\/dhg1h5j42swfq.cloudfront.net\/2025\/06\/03203428\/logo_concursos-1.jpg\",\"contentUrl\":\"https:\/\/dhg1h5j42swfq.cloudfront.net\/2025\/06\/03203428\/logo_concursos-1.jpg\",\"width\":230,\"height\":60,\"caption\":\"Estrat\u00e9gia Concursos\"},\"image\":{\"@id\":\"https:\/\/www.estrategiaconcursos.com.br\/blog\/#\/schema\/logo\/image\/\"},\"sameAs\":[\"https:\/\/x.com\/EstratConcursos\"]},{\"@type\":\"Person\",\"@id\":\"https:\/\/www.estrategiaconcursos.com.br\/blog\/#\/schema\/person\/2133d882d445288fd0401f3b78ea6bf2\",\"name\":\"Dihego Oliveira\",\"image\":{\"@type\":\"ImageObject\",\"inLanguage\":\"pt-BR\",\"@id\":\"https:\/\/secure.gravatar.com\/avatar\/7b6b56aca19ca5fcb7adf212eef2cd31cb1f46136711e38671f0204612712ed7?s=96&d=mm&r=g\",\"url\":\"https:\/\/secure.gravatar.com\/avatar\/7b6b56aca19ca5fcb7adf212eef2cd31cb1f46136711e38671f0204612712ed7?s=96&d=mm&r=g\",\"contentUrl\":\"https:\/\/secure.gravatar.com\/avatar\/7b6b56aca19ca5fcb7adf212eef2cd31cb1f46136711e38671f0204612712ed7?s=96&d=mm&r=g\",\"caption\":\"Dihego Oliveira\"},\"url\":\"https:\/\/www.estrategiaconcursos.com.br\/blog\/author\/dihtoniyahoo-com-br\/\"}]}<\/script>\n<!-- \/ Yoast SEO Premium plugin. -->","yoast_head_json":{"title":"Lan\u00e7amento da Trilha Estrat\u00e9gica para o concurso da Pol\u00edcia Civil de S\u00e3o Paulo","robots":{"index":"index","follow":"follow","max-snippet":"max-snippet:-1","max-image-preview":"max-image-preview:large","max-video-preview":"max-video-preview:-1"},"canonical":"https:\/\/www.estrategiaconcursos.com.br\/blog\/lancamento-da-trilha-estrategica-para-o-concurso-da-policia-civil-de-sao-paulo\/","og_locale":"pt_BR","og_type":"article","og_title":"Lan\u00e7amento da Trilha Estrat\u00e9gica para o concurso da Pol\u00edcia Civil de S\u00e3o Paulo","og_description":"Ol\u00e1, caros amigos e amigas!!! Em breve ser\u00e3o lan\u00e7adas duas Trilhas Estrat\u00e9gicas para o concurso da Pol\u00edcia Civil de S\u00e3o Paulo: uma para o cargo de Investigador e outra para o cargo de Escriv\u00e3o. Para quem n\u00e3o conhece as Trilhas do Estrat\u00e9gia Concursos, esse \u00e9 um produto que&nbsp; visa a guiar o aluno em sua [&hellip;]","og_url":"https:\/\/www.estrategiaconcursos.com.br\/blog\/lancamento-da-trilha-estrategica-para-o-concurso-da-policia-civil-de-sao-paulo\/","og_site_name":"Estrat\u00e9gia Concursos","article_published_time":"2019-08-10T17:10:03+00:00","article_modified_time":"2019-08-10T22:35:56+00:00","og_image":[{"url":"https:\/\/lh6.googleusercontent.com\/-UqrZk839lAloYm0uBBNYkFz_G_jD-EA3cX9iEw2KyW_USJlA4flvas5brsIV1Z34R4VwkiPL54r5dhVkxGREuXRcwVc_l4eE92LfpY4GctmUuYcl75v0uBZkdWReCqnw9kXBlEV","type":"","width":"","height":""}],"author":"Dihego Oliveira","twitter_card":"summary_large_image","twitter_creator":"@EstratConcursos","twitter_site":"@EstratConcursos","twitter_misc":{"Escrito por":"Dihego Oliveira","Est. tempo de leitura":"4 minutos"},"schema":{"@context":"https:\/\/schema.org","@graph":[{"@type":"NewsArticle","@id":"https:\/\/www.estrategiaconcursos.com.br\/blog\/lancamento-da-trilha-estrategica-para-o-concurso-da-policia-civil-de-sao-paulo\/#article","isPartOf":{"@id":"https:\/\/www.estrategiaconcursos.com.br\/blog\/lancamento-da-trilha-estrategica-para-o-concurso-da-policia-civil-de-sao-paulo\/"},"author":{"name":"Dihego Oliveira","@id":"https:\/\/www.estrategiaconcursos.com.br\/blog\/#\/schema\/person\/2133d882d445288fd0401f3b78ea6bf2"},"headline":"Lan\u00e7amento da Trilha Estrat\u00e9gica para o concurso da Pol\u00edcia Civil de S\u00e3o Paulo","datePublished":"2019-08-10T17:10:03+00:00","dateModified":"2019-08-10T22:35:56+00:00","mainEntityOfPage":{"@id":"https:\/\/www.estrategiaconcursos.com.br\/blog\/lancamento-da-trilha-estrategica-para-o-concurso-da-policia-civil-de-sao-paulo\/"},"wordCount":787,"commentCount":1,"publisher":{"@id":"https:\/\/www.estrategiaconcursos.com.br\/blog\/#organization"},"image":{"@id":"https:\/\/www.estrategiaconcursos.com.br\/blog\/lancamento-da-trilha-estrategica-para-o-concurso-da-policia-civil-de-sao-paulo\/#primaryimage"},"thumbnailUrl":"https:\/\/lh6.googleusercontent.com\/-UqrZk839lAloYm0uBBNYkFz_G_jD-EA3cX9iEw2KyW_USJlA4flvas5brsIV1Z34R4VwkiPL54r5dhVkxGREuXRcwVc_l4eE92LfpY4GctmUuYcl75v0uBZkdWReCqnw9kXBlEV","articleSection":["Concursos P\u00fablicos"],"inLanguage":"pt-BR","potentialAction":[{"@type":"CommentAction","name":"Comment","target":["https:\/\/www.estrategiaconcursos.com.br\/blog\/lancamento-da-trilha-estrategica-para-o-concurso-da-policia-civil-de-sao-paulo\/#respond"]}],"copyrightYear":"2019","copyrightHolder":{"@id":"https:\/\/www.estrategiaconcursos.com.br\/blog\/#organization"}},{"@type":"WebPage","@id":"https:\/\/www.estrategiaconcursos.com.br\/blog\/lancamento-da-trilha-estrategica-para-o-concurso-da-policia-civil-de-sao-paulo\/","url":"https:\/\/www.estrategiaconcursos.com.br\/blog\/lancamento-da-trilha-estrategica-para-o-concurso-da-policia-civil-de-sao-paulo\/","name":"Lan\u00e7amento da Trilha Estrat\u00e9gica para o concurso da Pol\u00edcia Civil de S\u00e3o Paulo","isPartOf":{"@id":"https:\/\/www.estrategiaconcursos.com.br\/blog\/#website"},"primaryImageOfPage":{"@id":"https:\/\/www.estrategiaconcursos.com.br\/blog\/lancamento-da-trilha-estrategica-para-o-concurso-da-policia-civil-de-sao-paulo\/#primaryimage"},"image":{"@id":"https:\/\/www.estrategiaconcursos.com.br\/blog\/lancamento-da-trilha-estrategica-para-o-concurso-da-policia-civil-de-sao-paulo\/#primaryimage"},"thumbnailUrl":"https:\/\/lh6.googleusercontent.com\/-UqrZk839lAloYm0uBBNYkFz_G_jD-EA3cX9iEw2KyW_USJlA4flvas5brsIV1Z34R4VwkiPL54r5dhVkxGREuXRcwVc_l4eE92LfpY4GctmUuYcl75v0uBZkdWReCqnw9kXBlEV","datePublished":"2019-08-10T17:10:03+00:00","dateModified":"2019-08-10T22:35:56+00:00","breadcrumb":{"@id":"https:\/\/www.estrategiaconcursos.com.br\/blog\/lancamento-da-trilha-estrategica-para-o-concurso-da-policia-civil-de-sao-paulo\/#breadcrumb"},"inLanguage":"pt-BR","potentialAction":[{"@type":"ReadAction","target":["https:\/\/www.estrategiaconcursos.com.br\/blog\/lancamento-da-trilha-estrategica-para-o-concurso-da-policia-civil-de-sao-paulo\/"]}]},{"@type":"ImageObject","inLanguage":"pt-BR","@id":"https:\/\/www.estrategiaconcursos.com.br\/blog\/lancamento-da-trilha-estrategica-para-o-concurso-da-policia-civil-de-sao-paulo\/#primaryimage","url":"https:\/\/lh6.googleusercontent.com\/-UqrZk839lAloYm0uBBNYkFz_G_jD-EA3cX9iEw2KyW_USJlA4flvas5brsIV1Z34R4VwkiPL54r5dhVkxGREuXRcwVc_l4eE92LfpY4GctmUuYcl75v0uBZkdWReCqnw9kXBlEV","contentUrl":"https:\/\/lh6.googleusercontent.com\/-UqrZk839lAloYm0uBBNYkFz_G_jD-EA3cX9iEw2KyW_USJlA4flvas5brsIV1Z34R4VwkiPL54r5dhVkxGREuXRcwVc_l4eE92LfpY4GctmUuYcl75v0uBZkdWReCqnw9kXBlEV"},{"@type":"BreadcrumbList","@id":"https:\/\/www.estrategiaconcursos.com.br\/blog\/lancamento-da-trilha-estrategica-para-o-concurso-da-policia-civil-de-sao-paulo\/#breadcrumb","itemListElement":[{"@type":"ListItem","position":1,"name":"In\u00edcio","item":"https:\/\/www.estrategiaconcursos.com.br\/blog\/"},{"@type":"ListItem","position":2,"name":"Lan\u00e7amento da Trilha Estrat\u00e9gica para o concurso da Pol\u00edcia Civil de S\u00e3o Paulo"}]},{"@type":"WebSite","@id":"https:\/\/www.estrategiaconcursos.com.br\/blog\/#website","url":"https:\/\/www.estrategiaconcursos.com.br\/blog\/","name":"Estrat\u00e9gia Concursos","description":"O blog da Estrat\u00e9gia Concursos traz not\u00edcias sobre concursos e artigos de professores oferecendo cursos para concursos (pdf + videaulas) no site.","publisher":{"@id":"https:\/\/www.estrategiaconcursos.com.br\/blog\/#organization"},"potentialAction":[{"@type":"SearchAction","target":{"@type":"EntryPoint","urlTemplate":"https:\/\/www.estrategiaconcursos.com.br\/blog\/?s={search_term_string}"},"query-input":{"@type":"PropertyValueSpecification","valueRequired":true,"valueName":"search_term_string"}}],"inLanguage":"pt-BR"},{"@type":"Organization","@id":"https:\/\/www.estrategiaconcursos.com.br\/blog\/#organization","name":"Estrat\u00e9gia Concursos","url":"https:\/\/www.estrategiaconcursos.com.br\/blog\/","logo":{"@type":"ImageObject","inLanguage":"pt-BR","@id":"https:\/\/www.estrategiaconcursos.com.br\/blog\/#\/schema\/logo\/image\/","url":"https:\/\/dhg1h5j42swfq.cloudfront.net\/2025\/06\/03203428\/logo_concursos-1.jpg","contentUrl":"https:\/\/dhg1h5j42swfq.cloudfront.net\/2025\/06\/03203428\/logo_concursos-1.jpg","width":230,"height":60,"caption":"Estrat\u00e9gia Concursos"},"image":{"@id":"https:\/\/www.estrategiaconcursos.com.br\/blog\/#\/schema\/logo\/image\/"},"sameAs":["https:\/\/x.com\/EstratConcursos"]},{"@type":"Person","@id":"https:\/\/www.estrategiaconcursos.com.br\/blog\/#\/schema\/person\/2133d882d445288fd0401f3b78ea6bf2","name":"Dihego Oliveira","image":{"@type":"ImageObject","inLanguage":"pt-BR","@id":"https:\/\/secure.gravatar.com\/avatar\/7b6b56aca19ca5fcb7adf212eef2cd31cb1f46136711e38671f0204612712ed7?s=96&d=mm&r=g","url":"https:\/\/secure.gravatar.com\/avatar\/7b6b56aca19ca5fcb7adf212eef2cd31cb1f46136711e38671f0204612712ed7?s=96&d=mm&r=g","contentUrl":"https:\/\/secure.gravatar.com\/avatar\/7b6b56aca19ca5fcb7adf212eef2cd31cb1f46136711e38671f0204612712ed7?s=96&d=mm&r=g","caption":"Dihego Oliveira"},"url":"https:\/\/www.estrategiaconcursos.com.br\/blog\/author\/dihtoniyahoo-com-br\/"}]}},"_links":{"self":[{"href":"https:\/\/www.estrategiaconcursos.com.br\/blog\/wp-json\/wp\/v2\/posts\/408233","targetHints":{"allow":["GET"]}}],"collection":[{"href":"https:\/\/www.estrategiaconcursos.com.br\/blog\/wp-json\/wp\/v2\/posts"}],"about":[{"href":"https:\/\/www.estrategiaconcursos.com.br\/blog\/wp-json\/wp\/v2\/types\/post"}],"author":[{"embeddable":true,"href":"https:\/\/www.estrategiaconcursos.com.br\/blog\/wp-json\/wp\/v2\/users\/1269"}],"replies":[{"embeddable":true,"href":"https:\/\/www.estrategiaconcursos.com.br\/blog\/wp-json\/wp\/v2\/comments?post=408233"}],"version-history":[{"count":5,"href":"https:\/\/www.estrategiaconcursos.com.br\/blog\/wp-json\/wp\/v2\/posts\/408233\/revisions"}],"predecessor-version":[{"id":470165,"href":"https:\/\/www.estrategiaconcursos.com.br\/blog\/wp-json\/wp\/v2\/posts\/408233\/revisions\/470165"}],"wp:attachment":[{"href":"https:\/\/www.estrategiaconcursos.com.br\/blog\/wp-json\/wp\/v2\/media?parent=408233"}],"wp:term":[{"taxonomy":"category","embeddable":true,"href":"https:\/\/www.estrategiaconcursos.com.br\/blog\/wp-json\/wp\/v2\/categories?post=408233"},{"taxonomy":"post_tag","embeddable":true,"href":"https:\/\/www.estrategiaconcursos.com.br\/blog\/wp-json\/wp\/v2\/tags?post=408233"},{"taxonomy":"tax_estado","embeddable":true,"href":"https:\/\/www.estrategiaconcursos.com.br\/blog\/wp-json\/wp\/v2\/tax_estado?post=408233"}],"curies":[{"name":"wp","href":"https:\/\/api.w.org\/{rel}","templated":true}]}}