{"id":408193,"date":"2019-08-12T08:00:59","date_gmt":"2019-08-12T11:00:59","guid":{"rendered":"https:\/\/www.estrategiaconcursos.com.br\/blog\/?p=408193"},"modified":"2019-08-10T11:56:02","modified_gmt":"2019-08-10T14:56:02","slug":"concursos-abertos-12-08-19","status":"publish","type":"post","link":"https:\/\/www.estrategiaconcursos.com.br\/blog\/concursos-abertos-12-08-19\/","title":{"rendered":"Concursos Abertos: concursos publicados na \u00faltima semana somam mais de 7 mil vagas"},"content":{"rendered":"\n<p>O in\u00edcio do m\u00eas de agosto trouxe junto v\u00e1rios editais para todas as escolaridades. S\u00e3o cerca de 7.300 vagas em todo o pa\u00eds. As prefeituras municipais continuam sendo um grande destaque, mas a \u00e1rea policial tamb\u00e9m teve algumas novidades.<\/p>\n\n\n\n<p>As policias militares de S\u00e3o Paulo e Santa Catarina est\u00e3o ofertando vagas para Soldado e Cadete, respectivamente. Ambos os cargos com exig\u00eancia de n\u00edvel m\u00e9dio.<\/p>\n\n\n\n<p>Ao longo deste artigo voc\u00ea confere com mais detalhes todos os editais publicados nos \u00faltimos dias, cargos ofertados, vagas e ao final, os links dos concursos previstos para o restante de 2019 e para 2020. N\u00e3o perca a oportunidade de garantir sua vaga!<\/p>\n\n\n\n<h2 class=\"wp-block-heading\">Concurso PM SP<\/h2>\n\n\n\n<p>O segundo edital da Pol\u00edcia Militar do estado de S\u00e3o Paulo oferta <strong><em>2.700 vagas <\/em><\/strong>para o cargo de Soldado 3\u00aa classe. Para ingressar no cargo \u00e9 necess\u00e1rio possui ensino m\u00e9dio, idade entre 17 e 30 anos e CNH categoria &#8216;B&#8217; ou &#8216;E&#8217;.<\/p>\n\n\n\n<p style=\"text-align:center\" class=\"has-background has-very-light-gray-background-color\"><strong>Mais informa\u00e7\u00f5es: <a href=\"https:\/\/www.estrategiaconcursos.com.br\/blog\/edital-pm-sp-soldado-2019\/\" target=\"_blank\" rel=\"noreferrer noopener\" aria-label=\"Concurso PM SP (abre numa nova aba)\">Concurso<\/a><\/strong><a href=\"https:\/\/www.estrategiaconcursos.com.br\/blog\/edital-pm-sp-soldado-2019\/\" target=\"_blank\" rel=\"noreferrer noopener\" aria-label=\"Concurso PM SP (abre numa nova aba)\"> <\/a><strong><a href=\"https:\/\/www.estrategiaconcursos.com.br\/blog\/edital-pm-sp-soldado-2019\/\" target=\"_blank\" rel=\"noreferrer noopener\" aria-label=\"Concurso PM SP (abre numa nova aba)\">PM SP<\/a><\/strong><\/p>\n\n\n\n<h2 class=\"wp-block-heading\">Concurso PM PR<\/h2>\n\n\n\n<p>O concurso da Pol\u00edcia Militar do Paran\u00e1 oferta <strong><em>90 vagas<\/em><\/strong> para o cargo de Cadete, que exige o n\u00edvel m\u00e9dio de forma\u00e7\u00e3o. Para candidatas do sexo feminino fica limitado o ingresso a at\u00e9 50% das vagas ofertadas. <\/p>\n\n\n\n<p style=\"text-align:center\" class=\"has-background has-very-light-gray-background-color\"><strong>Mais informa\u00e7\u00f5es: <a href=\"https:\/\/www.estrategiaconcursos.com.br\/blog\/concurso-pm-pr\/\" target=\"_blank\" rel=\"noreferrer noopener\" aria-label=\"Concurso PM PR (abre numa nova aba)\">Concurso<\/a><\/strong><a href=\"https:\/\/www.estrategiaconcursos.com.br\/blog\/concurso-pm-pr\/\" target=\"_blank\" rel=\"noreferrer noopener\" aria-label=\"Concurso PM PR (abre numa nova aba)\"> <\/a><strong><a href=\"https:\/\/www.estrategiaconcursos.com.br\/blog\/concurso-pm-pr\/\" target=\"_blank\" rel=\"noreferrer noopener\" aria-label=\"Concurso PM PR (abre numa nova aba)\">PM PR<\/a><\/strong><\/p>\n\n\n\n<h2 class=\"wp-block-heading\">Concurso Bombeiro PR<\/h2>\n\n\n\n<p>O concurso do Corpo de Bombeiro do Paran\u00e1 oferta <em><strong>20 vagas<\/strong><\/em> tamb\u00e9m para o cargo de Cadete. A sele\u00e7\u00e3o inicial para o concurso vai ocorrer atrav\u00e9s de Processo Seletivo da UFPR, previsto para outubro.<\/p>\n\n\n\n<p style=\"text-align:center\" class=\"has-background has-very-light-gray-background-color\"><strong>Mais informa\u00e7\u00f5es: <a href=\"https:\/\/www.estrategiaconcursos.com.br\/blog\/concurso-bombeiro-pr\/\" target=\"_blank\" rel=\"noreferrer noopener\" aria-label=\"Concurso Bombeiro PR (abre numa nova aba)\">Concurso<\/a><\/strong><a href=\"https:\/\/www.estrategiaconcursos.com.br\/blog\/concurso-bombeiro-pr\/\" target=\"_blank\" rel=\"noreferrer noopener\" aria-label=\"Concurso Bombeiro PR (abre numa nova aba)\"> <\/a><strong><a href=\"https:\/\/www.estrategiaconcursos.com.br\/blog\/concurso-bombeiro-pr\/\" target=\"_blank\" rel=\"noreferrer noopener\" aria-label=\"Concurso Bombeiro PR (abre numa nova aba)\">Bombeiro PR<\/a><\/strong><\/p>\n\n\n\n<h2 class=\"wp-block-heading\">Concurso C\u00e2mara Santa Rita (PB)<\/h2>\n\n\n\n<p>O edital do concurso p\u00fablico da C\u00e2mara de Santa Rita, cidade localizada no estado da Para\u00edba, oferta <strong><em>13 vagas<\/em><\/strong>\u00a0distribu\u00eddas entre cargos que exigem forma\u00e7\u00e3o em n\u00edvel\u00a0fundamental, m\u00e9dio e superior. <\/p>\n\n\n\n<p style=\"text-align:center\" class=\"has-background has-very-light-gray-background-color\"><strong>Mais informa\u00e7\u00f5es: <a href=\"https:\/\/www.estrategiaconcursos.com.br\/blog\/concurso-camara-de-santa-rita-pb\/\" target=\"_blank\" rel=\"noreferrer noopener\" aria-label=\"Concurso C\u00e2mara Santa Rita (abre numa nova aba)\">Concurso<\/a><\/strong><a href=\"https:\/\/www.estrategiaconcursos.com.br\/blog\/concurso-camara-de-santa-rita-pb\/\" target=\"_blank\" rel=\"noreferrer noopener\" aria-label=\"Concurso C\u00e2mara Santa Rita (abre numa nova aba)\"> <\/a><strong><a href=\"https:\/\/www.estrategiaconcursos.com.br\/blog\/concurso-camara-de-santa-rita-pb\/\" target=\"_blank\" rel=\"noreferrer noopener\" aria-label=\"Concurso C\u00e2mara Santa Rita (abre numa nova aba)\">C\u00e2mara Santa Rita<\/a><\/strong><\/p>\n\n\n\n<h2 class=\"wp-block-heading\">Concurso CREA MG<\/h2>\n\n\n\n<p>O edital do concurso p\u00fablico do Conselho Regional de Engenharia e Agronomia de Minas Gerais oferta <em><strong>12 vagas<\/strong><\/em> imediatas mais cadastro de reserva para os cargos de Fiscal de N\u00edvel Superior e Profissional de N\u00edvel Superior. <\/p>\n\n\n\n<p style=\"text-align:center\" class=\"has-background has-very-light-gray-background-color\"><strong>Mais informa\u00e7\u00f5es: <a href=\"https:\/\/www.estrategiaconcursos.com.br\/blog\/concurso-crea-mg\/\" target=\"_blank\" rel=\"noreferrer noopener\" aria-label=\"Concurso CREA MG (abre numa nova aba)\">Concurso<\/a><\/strong><a href=\"https:\/\/www.estrategiaconcursos.com.br\/blog\/concurso-crea-mg\/\" target=\"_blank\" rel=\"noreferrer noopener\" aria-label=\"Concurso CREA MG (abre numa nova aba)\"> <\/a><strong><a href=\"https:\/\/www.estrategiaconcursos.com.br\/blog\/concurso-crea-mg\/\" target=\"_blank\" rel=\"noreferrer noopener\" aria-label=\"Concurso CREA MG (abre numa nova aba)\">CREA MG<\/a><\/strong><\/p>\n\n\n\n<h2 class=\"wp-block-heading\">Concurso CRECI GO<\/h2>\n\n\n\n<p>O Conselho Regional de Corretores de Im\u00f3veis do Estado de Goi\u00e1s est\u00e1 com concurso aberto com oferta de\u00a0<strong><em>115 vagas<\/em><\/strong>\u00a0para o cargo de\u00a0Suporte Administrativo, que exige somente o n\u00edvel m\u00e9dio. A organiza\u00e7\u00e3o do certame ficou por conta do Instituto Quadrix.<\/p>\n\n\n\n<p style=\"text-align:center\" class=\"has-background has-very-light-gray-background-color\"><strong>Mais informa\u00e7\u00f5es: <a href=\"https:\/\/www.estrategiaconcursos.com.br\/blog\/concurso-creci-go\/\" target=\"_blank\" rel=\"noreferrer noopener\" aria-label=\"Concurso CRECI GO (abre numa nova aba)\">Concurso CRECI GO<\/a><\/strong><\/p>\n\n\n\n<h2 class=\"wp-block-heading\">Concurso CRC SC<\/h2>\n\n\n\n<p>O concurso do Conselho Regional de Contabilidade de Santa Catarina oferta <strong><em>1 vaga<\/em><\/strong> imediata mais cadastro reserva par aos cargos de Advogado, Bibliotec\u00e1rio, Contador,  Fiscal, Auxiliar Administrativo e Assistente de Suporte em Inform\u00e1tica.<\/p>\n\n\n\n<p style=\"text-align:center\" class=\"has-background has-very-light-gray-background-color\"><strong>Mais informa\u00e7\u00f5es: <a href=\"https:\/\/www.estrategiaconcursos.com.br\/blog\/concurso-crc-sc\/\" target=\"_blank\" rel=\"noreferrer noopener\" aria-label=\"Concurso CRC SC (abre numa nova aba)\">Concurso CRC SC<\/a><\/strong><\/p>\n\n\n\n<h2 class=\"wp-block-heading\">Concurso UFU<\/h2>\n\n\n\n<p>A Universidade Federal de Uberl\u00e2ndia est\u00e1 com concurso aberto com oferta de<strong><em> 9 vagas<\/em><\/strong> para o quadro T\u00e9cnico Administrativo em Educa\u00e7\u00e3o em diversas especialidades. Provas previstas para dezembro.<\/p>\n\n\n\n<p style=\"text-align:center\" class=\"has-background has-very-light-gray-background-color\"><strong>Mais informa\u00e7\u00f5es: <a href=\"https:\/\/www.estrategiaconcursos.com.br\/blog\/concurso-ufu-mg\/\" target=\"_blank\" rel=\"noreferrer noopener\" aria-label=\"Concurso UFU (abre numa nova aba)\">Concurso<\/a><\/strong><a href=\"https:\/\/www.estrategiaconcursos.com.br\/blog\/concurso-ufu-mg\/\" target=\"_blank\" rel=\"noreferrer noopener\" aria-label=\"Concurso UFU (abre numa nova aba)\"> <\/a><strong><a href=\"https:\/\/www.estrategiaconcursos.com.br\/blog\/concurso-ufu-mg\/\" target=\"_blank\" rel=\"noreferrer noopener\" aria-label=\"Concurso UFU (abre numa nova aba)\">UFU<\/a><\/strong><\/p>\n\n\n\n<h2 class=\"wp-block-heading\">Concurso Prefeitura de Florian\u00f3polis (SC)<\/h2>\n\n\n\n<p>A Prefeitura de Florian\u00f3polis divulgou seu edital com <em><strong>328 vagas<\/strong><\/em> imediatas  mais 16 em cadastro reserva para diversos cargos. A organiza\u00e7\u00e3o do certame \u00e9 da Funda\u00e7\u00e3o de Estudos e Pesquisas Socioecon\u00f4micos \u2013 FEPESE.\u00a0  <\/p>\n\n\n\n<p style=\"text-align:center\" class=\"has-background has-very-light-gray-background-color\"><strong>Mais informa\u00e7\u00f5es: <a href=\"https:\/\/www.estrategiaconcursos.com.br\/blog\/concurso-prefeitura-florianopolis\/\" target=\"_blank\" rel=\"noreferrer noopener\" aria-label=\"Concurso Prefeitura de Florian\u00f3polis (abre numa nova aba)\">Concurso<\/a><\/strong><a href=\"https:\/\/www.estrategiaconcursos.com.br\/blog\/concurso-prefeitura-florianopolis\/\" target=\"_blank\" rel=\"noreferrer noopener\" aria-label=\"Concurso Prefeitura de Florian\u00f3polis (abre numa nova aba)\"> <\/a><strong><a href=\"https:\/\/www.estrategiaconcursos.com.br\/blog\/concurso-prefeitura-florianopolis\/\" target=\"_blank\" rel=\"noreferrer noopener\" aria-label=\"Concurso Prefeitura de Florian\u00f3polis (abre numa nova aba)\">Prefeitura de Florian\u00f3polis<\/a><\/strong><\/p>\n\n\n\n<h2 class=\"wp-block-heading\">Concurso Prefeitura de Guarapari (ES)<\/h2>\n\n\n\n<p>A prefeitura de Guarapari, munic\u00edpio do Esp\u00edrito Santo, est\u00e1 com oferta de <strong><em>94 vagas<\/em><\/strong>\u00a0imediatas mais cadastro de reserva para os cargos de\u00a0Professores e Pedagogo, ambos com exig\u00eancia de\u00a0n\u00edvel superior. <\/p>\n\n\n\n<p style=\"text-align:center\" class=\"has-background has-very-light-gray-background-color\"><strong>Mais informa\u00e7\u00f5es: <a href=\"https:\/\/www.estrategiaconcursos.com.br\/blog\/concurso-prefeitura-de-guarapari-es\/\" target=\"_blank\" rel=\"noreferrer noopener\" aria-label=\"Concurso Prefeitura de Guarapari (abre numa nova aba)\">Concurso<\/a><\/strong><a href=\"https:\/\/www.estrategiaconcursos.com.br\/blog\/concurso-prefeitura-de-guarapari-es\/\" target=\"_blank\" rel=\"noreferrer noopener\" aria-label=\"Concurso Prefeitura de Guarapari (abre numa nova aba)\"> <\/a><strong><a href=\"https:\/\/www.estrategiaconcursos.com.br\/blog\/concurso-prefeitura-de-guarapari-es\/\" target=\"_blank\" rel=\"noreferrer noopener\" aria-label=\"Concurso Prefeitura de Guarapari (abre numa nova aba)\">Prefeitura de Guarapari<\/a><\/strong><\/p>\n\n\n\n<h2 class=\"wp-block-heading\">Concurso Prefeitura de Juquitiba (SP)<\/h2>\n\n\n\n<p>A prefeitura de Juquitiba oferta\u00a0<strong><em>66 vagas<\/em><\/strong>\u00a0para diversos cargos, com abrang\u00eancia em\u00a0todos os n\u00edveis de escolaridade. Inicial de at\u00e9 R$ 12.083,63 e provas em setembro.<\/p>\n\n\n\n<p style=\"text-align:center\" class=\"has-background has-very-light-gray-background-color\"><strong>Mais informa\u00e7\u00f5es: <a href=\"https:\/\/www.estrategiaconcursos.com.br\/blog\/concurso-prefeitura-de-juquitiba\/\" target=\"_blank\" rel=\"noreferrer noopener\" aria-label=\"Concurso Prefeitura de Juquitiba (abre numa nova aba)\">Concurso Prefeitura de Juquitiba<\/a><\/strong><\/p>\n\n\n\n<h2 class=\"wp-block-heading\">Concurso Prefeitura Rio Preto &#8211; Sa\u00fade (SP)<\/h2>\n\n\n\n<p>A Prefeitura de S\u00e3o Jos\u00e9 do Rio Preto publicou mais um edital, dessa vez para a \u00e1rea da sa\u00fade. S\u00e3o ofertadas <em><strong>202 vagas <\/strong><\/em>para cargos como Analista em Vigil\u00e2ncia Sanit\u00e1ria, M\u00e9dico, T\u00e9cnico, entre outros.<\/p>\n\n\n\n<p style=\"text-align:center\" class=\"has-background has-very-light-gray-background-color\"><strong>Mais informa\u00e7\u00f5es: <a href=\"https:\/\/www.estrategiaconcursos.com.br\/blog\/concurso-prefeitura-de-rio-preto\/\" target=\"_blank\" rel=\"noreferrer noopener\" aria-label=\"Concurso Rio Preto (Sa\u00fade) (abre numa nova aba)\">Concurso<\/a><\/strong><a href=\"https:\/\/www.estrategiaconcursos.com.br\/blog\/concurso-prefeitura-de-rio-preto\/\" target=\"_blank\" rel=\"noreferrer noopener\" aria-label=\"Concurso Rio Preto (Sa\u00fade) (abre numa nova aba)\"> <\/a><strong><a href=\"https:\/\/www.estrategiaconcursos.com.br\/blog\/concurso-prefeitura-de-rio-preto\/\" target=\"_blank\" rel=\"noreferrer noopener\" aria-label=\"Concurso Rio Preto (Sa\u00fade) (abre numa nova aba)\">Rio Preto (Sa\u00fade)<\/a><\/strong><\/p>\n\n\n\n<h2 class=\"wp-block-heading\">Concurso Prefeitura de Senador Canedo (GO)<\/h2>\n\n\n\n<p>A Prefeitura de Senador Canedo oferta <em><strong>3.653 vagas<\/strong><\/em> para diversos cargos de n\u00edvel fundamental, m\u00e9dio\/t\u00e9cnico e superior. Provas previstas somente para o pr\u00f3ximo ano.<\/p>\n\n\n\n<p style=\"text-align:center\" class=\"has-background has-very-light-gray-background-color\"><strong>Mais informa\u00e7\u00f5es: <a href=\"https:\/\/www.estrategiaconcursos.com.br\/blog\/concurso-prefeitura-de-senador-canedo\/\" target=\"_blank\" rel=\"noreferrer noopener\" aria-label=\"Concurso Prefeitura Senador Canedo (abre numa nova aba)\">Concurso<\/a><\/strong><a href=\"https:\/\/www.estrategiaconcursos.com.br\/blog\/concurso-prefeitura-de-senador-canedo\/\" target=\"_blank\" rel=\"noreferrer noopener\" aria-label=\"Concurso Prefeitura Senador Canedo (abre numa nova aba)\"> <\/a><strong><a href=\"https:\/\/www.estrategiaconcursos.com.br\/blog\/concurso-prefeitura-de-senador-canedo\/\" target=\"_blank\" rel=\"noreferrer noopener\" aria-label=\"Concurso Prefeitura Senador Canedo (abre numa nova aba)\">Prefeitura Senador Canedo<\/a><\/strong><\/p>\n\n\n\n<p style=\"text-align:center\" class=\"has-background has-medium-font-size has-pale-cyan-blue-background-color\"><strong><a href=\"https:\/\/www.estrategiaconcursos.com.br\/blog\/concursos-abertos\/\">CONCURSOS ABERTOS<\/a><\/strong><\/p>\n\n\n\n<p style=\"text-align:center\" class=\"has-background has-medium-font-size has-pale-cyan-blue-background-color\"><a href=\"https:\/\/www.estrategiaconcursos.com.br\/blog\/concursos-2019\/\"><strong>CONCURSOS 2019<\/strong><\/a><\/p>\n\n\n\n<p style=\"text-align:center\" class=\"has-background has-medium-font-size has-pale-cyan-blue-background-color\"><a href=\"https:\/\/www.estrategiaconcursos.com.br\/blog\/concursos-2020\/\"><strong>CONCURSOS<\/strong><\/a><strong><a href=\"https:\/\/www.estrategiaconcursos.com.br\/blog\/concursos-2020\/\">&nbsp;2020<\/a><\/strong><\/p>\n\n\n\n<p style=\"text-align:center\"><br \/><em><strong>Assinatura Anual Ilimitada*<\/strong><\/em><\/p>\n\n\n\n<p style=\"text-align:center\"><em>Prepare-se com o melhor material e com quem mais aprova em Concursos P\u00fablicos em todo o pa\u00eds. Assine agora a nossa Assinatura Anual e tenha acesso ilimitado* a todos os nossos cursos.<\/em><\/p>\n\n\n\n<p style=\"text-align:center\" class=\"has-background has-light-green-cyan-background-color\"><strong>ASSINE AGORA<\/strong>&nbsp;\u2013&nbsp;<a rel=\"noreferrer noopener\" href=\"https:\/\/www.estrategiaconcursos.com.br\/assinaturas\" target=\"_blank\"><strong>Assinatura Ilimitada<\/strong><\/a><\/p>\n\n\n\n<p><br \/><em>Ascom Estrat\u00e9gia<br \/><\/em>ascomestrategia@gmail.com<\/p>\n","protected":false},"excerpt":{"rendered":"<p>O in\u00edcio do m\u00eas de agosto trouxe junto v\u00e1rios editais para todas as escolaridades. S\u00e3o cerca de 7.300 vagas em todo o pa\u00eds. As prefeituras municipais continuam sendo um grande destaque, mas a \u00e1rea policial tamb\u00e9m teve algumas novidades. As policias militares de S\u00e3o Paulo e Santa Catarina est\u00e3o ofertando vagas para Soldado e Cadete, [&hellip;]<\/p>\n","protected":false},"author":188,"featured_media":364742,"comment_status":"open","ping_status":"closed","sticky":false,"template":"","format":"standard","meta":{"post_tipo":"article","footnotes":""},"categories":[1],"tags":[],"tax_estado":[],"class_list":["post-408193","post","type-post","status-publish","format-standard","has-post-thumbnail","hentry","category-cursos-e-concursos"],"acf":[],"yoast_head":"<!-- This site is optimized with the Yoast SEO Premium plugin v27.2 (Yoast SEO v27.2) - https:\/\/yoast.com\/product\/yoast-seo-premium-wordpress\/ -->\n<title>Concursos Abertos: concursos publicados na \u00faltima semana somam mais de 7 mil vagas<\/title>\n<meta name=\"robots\" content=\"index, follow, max-snippet:-1, max-image-preview:large, max-video-preview:-1\" \/>\n<link rel=\"canonical\" href=\"https:\/\/www.estrategiaconcursos.com.br\/blog\/concursos-abertos-12-08-19\/\" \/>\n<meta property=\"og:locale\" content=\"pt_BR\" \/>\n<meta property=\"og:type\" content=\"article\" \/>\n<meta property=\"og:title\" content=\"Concursos Abertos: concursos publicados na \u00faltima semana somam mais de 7 mil vagas\" \/>\n<meta property=\"og:description\" content=\"O in\u00edcio do m\u00eas de agosto trouxe junto v\u00e1rios editais para todas as escolaridades. S\u00e3o cerca de 7.300 vagas em todo o pa\u00eds. As prefeituras municipais continuam sendo um grande destaque, mas a \u00e1rea policial tamb\u00e9m teve algumas novidades. As policias militares de S\u00e3o Paulo e Santa Catarina est\u00e3o ofertando vagas para Soldado e Cadete, [&hellip;]\" \/>\n<meta property=\"og:url\" content=\"https:\/\/www.estrategiaconcursos.com.br\/blog\/concursos-abertos-12-08-19\/\" \/>\n<meta property=\"og:site_name\" content=\"Estrat\u00e9gia Concursos\" \/>\n<meta property=\"article:published_time\" content=\"2019-08-12T11:00:59+00:00\" \/>\n<meta property=\"og:image\" content=\"https:\/\/dhg1h5j42swfq.cloudfront.net\/2019\/04\/20085844\/Concursos-abertos2-e1555761535855.jpg\" \/>\n\t<meta property=\"og:image:width\" content=\"400\" \/>\n\t<meta property=\"og:image:height\" content=\"209\" \/>\n\t<meta property=\"og:image:type\" content=\"image\/jpeg\" \/>\n<meta name=\"author\" content=\"Tha\u00eds Mendes (Jornalista)\" \/>\n<meta name=\"twitter:card\" content=\"summary_large_image\" \/>\n<meta name=\"twitter:creator\" content=\"@EstratConcursos\" \/>\n<meta name=\"twitter:site\" content=\"@EstratConcursos\" \/>\n<meta name=\"twitter:label1\" content=\"Escrito por\" \/>\n\t<meta name=\"twitter:data1\" content=\"Tha\u00eds Mendes (Jornalista)\" \/>\n\t<meta name=\"twitter:label2\" content=\"Est. tempo de leitura\" \/>\n\t<meta name=\"twitter:data2\" content=\"4 minutos\" \/>\n<script type=\"application\/ld+json\" class=\"yoast-schema-graph\">{\"@context\":\"https:\/\/schema.org\",\"@graph\":[{\"@type\":\"NewsArticle\",\"@id\":\"https:\/\/www.estrategiaconcursos.com.br\/blog\/concursos-abertos-12-08-19\/#article\",\"isPartOf\":{\"@id\":\"https:\/\/www.estrategiaconcursos.com.br\/blog\/concursos-abertos-12-08-19\/\"},\"author\":{\"name\":\"Tha\u00eds Mendes (Jornalista)\",\"@id\":\"https:\/\/www.estrategiaconcursos.com.br\/blog\/#\/schema\/person\/b69f846fcb6f09c1b651569e30b6e865\"},\"headline\":\"Concursos Abertos: concursos publicados na \u00faltima semana somam mais de 7 mil vagas\",\"datePublished\":\"2019-08-12T11:00:59+00:00\",\"mainEntityOfPage\":{\"@id\":\"https:\/\/www.estrategiaconcursos.com.br\/blog\/concursos-abertos-12-08-19\/\"},\"wordCount\":788,\"commentCount\":0,\"publisher\":{\"@id\":\"https:\/\/www.estrategiaconcursos.com.br\/blog\/#organization\"},\"image\":{\"@id\":\"https:\/\/www.estrategiaconcursos.com.br\/blog\/concursos-abertos-12-08-19\/#primaryimage\"},\"thumbnailUrl\":\"https:\/\/dhg1h5j42swfq.cloudfront.net\/2019\/04\/20085844\/Concursos-abertos2-e1555761535855.jpg\",\"articleSection\":[\"Concursos P\u00fablicos\"],\"inLanguage\":\"pt-BR\",\"potentialAction\":[{\"@type\":\"CommentAction\",\"name\":\"Comment\",\"target\":[\"https:\/\/www.estrategiaconcursos.com.br\/blog\/concursos-abertos-12-08-19\/#respond\"]}],\"copyrightYear\":\"2019\",\"copyrightHolder\":{\"@id\":\"https:\/\/www.estrategiaconcursos.com.br\/blog\/#organization\"}},{\"@type\":\"WebPage\",\"@id\":\"https:\/\/www.estrategiaconcursos.com.br\/blog\/concursos-abertos-12-08-19\/\",\"url\":\"https:\/\/www.estrategiaconcursos.com.br\/blog\/concursos-abertos-12-08-19\/\",\"name\":\"Concursos Abertos: concursos publicados na \u00faltima semana somam mais de 7 mil vagas\",\"isPartOf\":{\"@id\":\"https:\/\/www.estrategiaconcursos.com.br\/blog\/#website\"},\"primaryImageOfPage\":{\"@id\":\"https:\/\/www.estrategiaconcursos.com.br\/blog\/concursos-abertos-12-08-19\/#primaryimage\"},\"image\":{\"@id\":\"https:\/\/www.estrategiaconcursos.com.br\/blog\/concursos-abertos-12-08-19\/#primaryimage\"},\"thumbnailUrl\":\"https:\/\/dhg1h5j42swfq.cloudfront.net\/2019\/04\/20085844\/Concursos-abertos2-e1555761535855.jpg\",\"datePublished\":\"2019-08-12T11:00:59+00:00\",\"breadcrumb\":{\"@id\":\"https:\/\/www.estrategiaconcursos.com.br\/blog\/concursos-abertos-12-08-19\/#breadcrumb\"},\"inLanguage\":\"pt-BR\",\"potentialAction\":[{\"@type\":\"ReadAction\",\"target\":[\"https:\/\/www.estrategiaconcursos.com.br\/blog\/concursos-abertos-12-08-19\/\"]}]},{\"@type\":\"ImageObject\",\"inLanguage\":\"pt-BR\",\"@id\":\"https:\/\/www.estrategiaconcursos.com.br\/blog\/concursos-abertos-12-08-19\/#primaryimage\",\"url\":\"https:\/\/dhg1h5j42swfq.cloudfront.net\/2019\/04\/20085844\/Concursos-abertos2-e1555761535855.jpg\",\"contentUrl\":\"https:\/\/dhg1h5j42swfq.cloudfront.net\/2019\/04\/20085844\/Concursos-abertos2-e1555761535855.jpg\",\"width\":400,\"height\":209,\"caption\":\"Concursos abertos\"},{\"@type\":\"BreadcrumbList\",\"@id\":\"https:\/\/www.estrategiaconcursos.com.br\/blog\/concursos-abertos-12-08-19\/#breadcrumb\",\"itemListElement\":[{\"@type\":\"ListItem\",\"position\":1,\"name\":\"In\u00edcio\",\"item\":\"https:\/\/www.estrategiaconcursos.com.br\/blog\/\"},{\"@type\":\"ListItem\",\"position\":2,\"name\":\"Concursos Abertos: concursos publicados na \u00faltima semana somam mais de 7 mil vagas\"}]},{\"@type\":\"WebSite\",\"@id\":\"https:\/\/www.estrategiaconcursos.com.br\/blog\/#website\",\"url\":\"https:\/\/www.estrategiaconcursos.com.br\/blog\/\",\"name\":\"Estrat\u00e9gia Concursos\",\"description\":\"O blog da Estrat\u00e9gia Concursos traz not\u00edcias sobre concursos e artigos de professores oferecendo cursos para concursos (pdf + videaulas) no site.\",\"publisher\":{\"@id\":\"https:\/\/www.estrategiaconcursos.com.br\/blog\/#organization\"},\"potentialAction\":[{\"@type\":\"SearchAction\",\"target\":{\"@type\":\"EntryPoint\",\"urlTemplate\":\"https:\/\/www.estrategiaconcursos.com.br\/blog\/?s={search_term_string}\"},\"query-input\":{\"@type\":\"PropertyValueSpecification\",\"valueRequired\":true,\"valueName\":\"search_term_string\"}}],\"inLanguage\":\"pt-BR\"},{\"@type\":\"Organization\",\"@id\":\"https:\/\/www.estrategiaconcursos.com.br\/blog\/#organization\",\"name\":\"Estrat\u00e9gia Concursos\",\"url\":\"https:\/\/www.estrategiaconcursos.com.br\/blog\/\",\"logo\":{\"@type\":\"ImageObject\",\"inLanguage\":\"pt-BR\",\"@id\":\"https:\/\/www.estrategiaconcursos.com.br\/blog\/#\/schema\/logo\/image\/\",\"url\":\"https:\/\/dhg1h5j42swfq.cloudfront.net\/2025\/06\/03203428\/logo_concursos-1.jpg\",\"contentUrl\":\"https:\/\/dhg1h5j42swfq.cloudfront.net\/2025\/06\/03203428\/logo_concursos-1.jpg\",\"width\":230,\"height\":60,\"caption\":\"Estrat\u00e9gia Concursos\"},\"image\":{\"@id\":\"https:\/\/www.estrategiaconcursos.com.br\/blog\/#\/schema\/logo\/image\/\"},\"sameAs\":[\"https:\/\/x.com\/EstratConcursos\"]},{\"@type\":\"Person\",\"@id\":\"https:\/\/www.estrategiaconcursos.com.br\/blog\/#\/schema\/person\/b69f846fcb6f09c1b651569e30b6e865\",\"name\":\"Tha\u00eds Mendes (Jornalista)\",\"image\":{\"@type\":\"ImageObject\",\"inLanguage\":\"pt-BR\",\"@id\":\"https:\/\/secure.gravatar.com\/avatar\/3c9c4f2eb3e762ee925852cf3188d5507fcec36cfe4fdee47acd4135266a8614?s=96&d=mm&r=g\",\"url\":\"https:\/\/secure.gravatar.com\/avatar\/3c9c4f2eb3e762ee925852cf3188d5507fcec36cfe4fdee47acd4135266a8614?s=96&d=mm&r=g\",\"contentUrl\":\"https:\/\/secure.gravatar.com\/avatar\/3c9c4f2eb3e762ee925852cf3188d5507fcec36cfe4fdee47acd4135266a8614?s=96&d=mm&r=g\",\"caption\":\"Tha\u00eds Mendes (Jornalista)\"},\"url\":\"https:\/\/www.estrategiaconcursos.com.br\/blog\/author\/comunicacaoestrategiaconcursos-com-br\/\"}]}<\/script>\n<!-- \/ Yoast SEO Premium plugin. -->","yoast_head_json":{"title":"Concursos Abertos: concursos publicados na \u00faltima semana somam mais de 7 mil vagas","robots":{"index":"index","follow":"follow","max-snippet":"max-snippet:-1","max-image-preview":"max-image-preview:large","max-video-preview":"max-video-preview:-1"},"canonical":"https:\/\/www.estrategiaconcursos.com.br\/blog\/concursos-abertos-12-08-19\/","og_locale":"pt_BR","og_type":"article","og_title":"Concursos Abertos: concursos publicados na \u00faltima semana somam mais de 7 mil vagas","og_description":"O in\u00edcio do m\u00eas de agosto trouxe junto v\u00e1rios editais para todas as escolaridades. S\u00e3o cerca de 7.300 vagas em todo o pa\u00eds. As prefeituras municipais continuam sendo um grande destaque, mas a \u00e1rea policial tamb\u00e9m teve algumas novidades. As policias militares de S\u00e3o Paulo e Santa Catarina est\u00e3o ofertando vagas para Soldado e Cadete, [&hellip;]","og_url":"https:\/\/www.estrategiaconcursos.com.br\/blog\/concursos-abertos-12-08-19\/","og_site_name":"Estrat\u00e9gia Concursos","article_published_time":"2019-08-12T11:00:59+00:00","og_image":[{"width":400,"height":209,"url":"https:\/\/dhg1h5j42swfq.cloudfront.net\/2019\/04\/20085844\/Concursos-abertos2-e1555761535855.jpg","type":"image\/jpeg"}],"author":"Tha\u00eds Mendes (Jornalista)","twitter_card":"summary_large_image","twitter_creator":"@EstratConcursos","twitter_site":"@EstratConcursos","twitter_misc":{"Escrito por":"Tha\u00eds Mendes (Jornalista)","Est. tempo de leitura":"4 minutos"},"schema":{"@context":"https:\/\/schema.org","@graph":[{"@type":"NewsArticle","@id":"https:\/\/www.estrategiaconcursos.com.br\/blog\/concursos-abertos-12-08-19\/#article","isPartOf":{"@id":"https:\/\/www.estrategiaconcursos.com.br\/blog\/concursos-abertos-12-08-19\/"},"author":{"name":"Tha\u00eds Mendes (Jornalista)","@id":"https:\/\/www.estrategiaconcursos.com.br\/blog\/#\/schema\/person\/b69f846fcb6f09c1b651569e30b6e865"},"headline":"Concursos Abertos: concursos publicados na \u00faltima semana somam mais de 7 mil vagas","datePublished":"2019-08-12T11:00:59+00:00","mainEntityOfPage":{"@id":"https:\/\/www.estrategiaconcursos.com.br\/blog\/concursos-abertos-12-08-19\/"},"wordCount":788,"commentCount":0,"publisher":{"@id":"https:\/\/www.estrategiaconcursos.com.br\/blog\/#organization"},"image":{"@id":"https:\/\/www.estrategiaconcursos.com.br\/blog\/concursos-abertos-12-08-19\/#primaryimage"},"thumbnailUrl":"https:\/\/dhg1h5j42swfq.cloudfront.net\/2019\/04\/20085844\/Concursos-abertos2-e1555761535855.jpg","articleSection":["Concursos P\u00fablicos"],"inLanguage":"pt-BR","potentialAction":[{"@type":"CommentAction","name":"Comment","target":["https:\/\/www.estrategiaconcursos.com.br\/blog\/concursos-abertos-12-08-19\/#respond"]}],"copyrightYear":"2019","copyrightHolder":{"@id":"https:\/\/www.estrategiaconcursos.com.br\/blog\/#organization"}},{"@type":"WebPage","@id":"https:\/\/www.estrategiaconcursos.com.br\/blog\/concursos-abertos-12-08-19\/","url":"https:\/\/www.estrategiaconcursos.com.br\/blog\/concursos-abertos-12-08-19\/","name":"Concursos Abertos: concursos publicados na \u00faltima semana somam mais de 7 mil vagas","isPartOf":{"@id":"https:\/\/www.estrategiaconcursos.com.br\/blog\/#website"},"primaryImageOfPage":{"@id":"https:\/\/www.estrategiaconcursos.com.br\/blog\/concursos-abertos-12-08-19\/#primaryimage"},"image":{"@id":"https:\/\/www.estrategiaconcursos.com.br\/blog\/concursos-abertos-12-08-19\/#primaryimage"},"thumbnailUrl":"https:\/\/dhg1h5j42swfq.cloudfront.net\/2019\/04\/20085844\/Concursos-abertos2-e1555761535855.jpg","datePublished":"2019-08-12T11:00:59+00:00","breadcrumb":{"@id":"https:\/\/www.estrategiaconcursos.com.br\/blog\/concursos-abertos-12-08-19\/#breadcrumb"},"inLanguage":"pt-BR","potentialAction":[{"@type":"ReadAction","target":["https:\/\/www.estrategiaconcursos.com.br\/blog\/concursos-abertos-12-08-19\/"]}]},{"@type":"ImageObject","inLanguage":"pt-BR","@id":"https:\/\/www.estrategiaconcursos.com.br\/blog\/concursos-abertos-12-08-19\/#primaryimage","url":"https:\/\/dhg1h5j42swfq.cloudfront.net\/2019\/04\/20085844\/Concursos-abertos2-e1555761535855.jpg","contentUrl":"https:\/\/dhg1h5j42swfq.cloudfront.net\/2019\/04\/20085844\/Concursos-abertos2-e1555761535855.jpg","width":400,"height":209,"caption":"Concursos abertos"},{"@type":"BreadcrumbList","@id":"https:\/\/www.estrategiaconcursos.com.br\/blog\/concursos-abertos-12-08-19\/#breadcrumb","itemListElement":[{"@type":"ListItem","position":1,"name":"In\u00edcio","item":"https:\/\/www.estrategiaconcursos.com.br\/blog\/"},{"@type":"ListItem","position":2,"name":"Concursos Abertos: concursos publicados na \u00faltima semana somam mais de 7 mil vagas"}]},{"@type":"WebSite","@id":"https:\/\/www.estrategiaconcursos.com.br\/blog\/#website","url":"https:\/\/www.estrategiaconcursos.com.br\/blog\/","name":"Estrat\u00e9gia Concursos","description":"O blog da Estrat\u00e9gia Concursos traz not\u00edcias sobre concursos e artigos de professores oferecendo cursos para concursos (pdf + videaulas) no site.","publisher":{"@id":"https:\/\/www.estrategiaconcursos.com.br\/blog\/#organization"},"potentialAction":[{"@type":"SearchAction","target":{"@type":"EntryPoint","urlTemplate":"https:\/\/www.estrategiaconcursos.com.br\/blog\/?s={search_term_string}"},"query-input":{"@type":"PropertyValueSpecification","valueRequired":true,"valueName":"search_term_string"}}],"inLanguage":"pt-BR"},{"@type":"Organization","@id":"https:\/\/www.estrategiaconcursos.com.br\/blog\/#organization","name":"Estrat\u00e9gia Concursos","url":"https:\/\/www.estrategiaconcursos.com.br\/blog\/","logo":{"@type":"ImageObject","inLanguage":"pt-BR","@id":"https:\/\/www.estrategiaconcursos.com.br\/blog\/#\/schema\/logo\/image\/","url":"https:\/\/dhg1h5j42swfq.cloudfront.net\/2025\/06\/03203428\/logo_concursos-1.jpg","contentUrl":"https:\/\/dhg1h5j42swfq.cloudfront.net\/2025\/06\/03203428\/logo_concursos-1.jpg","width":230,"height":60,"caption":"Estrat\u00e9gia Concursos"},"image":{"@id":"https:\/\/www.estrategiaconcursos.com.br\/blog\/#\/schema\/logo\/image\/"},"sameAs":["https:\/\/x.com\/EstratConcursos"]},{"@type":"Person","@id":"https:\/\/www.estrategiaconcursos.com.br\/blog\/#\/schema\/person\/b69f846fcb6f09c1b651569e30b6e865","name":"Tha\u00eds Mendes (Jornalista)","image":{"@type":"ImageObject","inLanguage":"pt-BR","@id":"https:\/\/secure.gravatar.com\/avatar\/3c9c4f2eb3e762ee925852cf3188d5507fcec36cfe4fdee47acd4135266a8614?s=96&d=mm&r=g","url":"https:\/\/secure.gravatar.com\/avatar\/3c9c4f2eb3e762ee925852cf3188d5507fcec36cfe4fdee47acd4135266a8614?s=96&d=mm&r=g","contentUrl":"https:\/\/secure.gravatar.com\/avatar\/3c9c4f2eb3e762ee925852cf3188d5507fcec36cfe4fdee47acd4135266a8614?s=96&d=mm&r=g","caption":"Tha\u00eds Mendes (Jornalista)"},"url":"https:\/\/www.estrategiaconcursos.com.br\/blog\/author\/comunicacaoestrategiaconcursos-com-br\/"}]}},"_links":{"self":[{"href":"https:\/\/www.estrategiaconcursos.com.br\/blog\/wp-json\/wp\/v2\/posts\/408193","targetHints":{"allow":["GET"]}}],"collection":[{"href":"https:\/\/www.estrategiaconcursos.com.br\/blog\/wp-json\/wp\/v2\/posts"}],"about":[{"href":"https:\/\/www.estrategiaconcursos.com.br\/blog\/wp-json\/wp\/v2\/types\/post"}],"author":[{"embeddable":true,"href":"https:\/\/www.estrategiaconcursos.com.br\/blog\/wp-json\/wp\/v2\/users\/188"}],"replies":[{"embeddable":true,"href":"https:\/\/www.estrategiaconcursos.com.br\/blog\/wp-json\/wp\/v2\/comments?post=408193"}],"version-history":[{"count":5,"href":"https:\/\/www.estrategiaconcursos.com.br\/blog\/wp-json\/wp\/v2\/posts\/408193\/revisions"}],"predecessor-version":[{"id":408228,"href":"https:\/\/www.estrategiaconcursos.com.br\/blog\/wp-json\/wp\/v2\/posts\/408193\/revisions\/408228"}],"wp:featuredmedia":[{"embeddable":true,"href":"https:\/\/www.estrategiaconcursos.com.br\/blog\/wp-json\/wp\/v2\/media\/364742"}],"wp:attachment":[{"href":"https:\/\/www.estrategiaconcursos.com.br\/blog\/wp-json\/wp\/v2\/media?parent=408193"}],"wp:term":[{"taxonomy":"category","embeddable":true,"href":"https:\/\/www.estrategiaconcursos.com.br\/blog\/wp-json\/wp\/v2\/categories?post=408193"},{"taxonomy":"post_tag","embeddable":true,"href":"https:\/\/www.estrategiaconcursos.com.br\/blog\/wp-json\/wp\/v2\/tags?post=408193"},{"taxonomy":"tax_estado","embeddable":true,"href":"https:\/\/www.estrategiaconcursos.com.br\/blog\/wp-json\/wp\/v2\/tax_estado?post=408193"}],"curies":[{"name":"wp","href":"https:\/\/api.w.org\/{rel}","templated":true}]}}