{"id":408109,"date":"2019-08-10T05:47:14","date_gmt":"2019-08-10T08:47:14","guid":{"rendered":"https:\/\/www.estrategiaconcursos.com.br\/blog\/?p=408109"},"modified":"2023-04-03T17:17:36","modified_gmt":"2023-04-03T20:17:36","slug":"a-famosa-e-recorrente-saidinha-e-o-caso-nardoni","status":"publish","type":"post","link":"https:\/\/www.estrategiaconcursos.com.br\/blog\/a-famosa-e-recorrente-saidinha-e-o-caso-nardoni\/","title":{"rendered":"A FAMOSA E RECORRENTE \u201cSAIDINHA\u201d E O CASO NARDONI"},"content":{"rendered":"<p><!--StartFragment--><\/p>\n\n\n<p><strong><em>Ivan Marques<\/em><\/strong> &#8211; @<em>prof.ivanmarques<\/em><\/p>\n\n\n\n<p><em>Advogado criminalista. Mestre em Direito Penal pela Faculdade de Direito da Universidade de S\u00e3o Paulo \u2013 FDIR\/USP. Professor do Estrat\u00e9gia OAB, Concursos e Carreiras Jur\u00eddicas.<\/em><\/p>\n\n\n\n<p><strong><em>Gabriela Marques<\/em><\/strong> &#8211; @<em>gabcmarques<\/em><\/p>\n\n\n\n<p><em>Advogada criminalista. Especialista em Direito Penal e\nProcesso Penal pela Universidade Presbiteriana Mackenzie.<\/em><em><\/em><\/p>\n\n\n\n<p><strong>1. Introdu\u00e7\u00e3o<\/strong><\/p>\n\n\n\n<p>Esse\nartigo versa sobre um assunto que n\u00e3o sai de moda. Sua pol\u00eamica o coloca sempre\nem pauta de conversas da sociedade e canais de comunica\u00e7\u00e3o \u2013 aceito por alguns\nque entendem a necessidade de cumprir as leis vigentes no Pa\u00eds, mas muito\ncriticado pela sociedade, diante da aparente falta de \u00e9tica ou justi\u00e7a de\nalgumas situa\u00e7\u00f5es pontuais.<\/p>\n\n\n\n<p>Assunto\npol\u00eamico e que gera alta reprovabilidade pela sociedade, as tais saidinhas\nprecisam ser melhor estudadas para evitar informa\u00e7\u00f5es equivocadas e conclus\u00f5es\nprecipitadas.<\/p>\n\n\n\n<p>As\nsaidinhas s\u00e3o benef\u00edcios concedidos a determinado grupo de presos, que tendo\ncumprindo os requisitos estabelecidos em lei, podem chegar sair 4 vezes por\nano.<\/p>\n\n\n\n<p>O\ntema gera pol\u00eamica na sociedade quando esses benef\u00edcios coincidem com datas\ncomemorativas como, por exemplo, o dia dos pais ou dia das m\u00e3es&nbsp; e os beneficiados justamente s\u00e3o aqueles que\ncometeram crimes contra seus filhos ou seus genitores.<\/p>\n\n\n\n<p>Neste\ndia dos pais, Alexandre Nardoni, ser\u00e1 beneficiado com a sa\u00edda tempor\u00e1ria e o\nassunto \u00e9 um dos mais falados, gerando grande repercuss\u00e3o.<\/p>\n\n\n\n<p>Mas\nvamos entender o que se passa.<\/p>\n\n\n\n<p>Do\nponto de vista moral, realmente \u00e9 bem esquisito um pai que foi condenado\ncriminalmente pela morte de sua filha sair para a comemora\u00e7\u00e3o do dia dos pais.<\/p>\n\n\n\n<p>Mas\nser\u00e1 que \u00e9 isso que est\u00e1 previsto em lei? Antes sair criticando e repetindo que\n\u00e9 um grande absurdo, vamos entender o que est\u00e1 previsto em lei.<\/p>\n\n\n\n<p><strong>2. O que diz a nossa legisla\u00e7\u00e3o a\nrespeito<\/strong><\/p>\n\n\n\n<p>A\nLei de Execu\u00e7\u00e3o Penal \u2013 Lei n. 7.210\/84 disp\u00f5e sobre as sa\u00eddas tempor\u00e1rias.<\/p>\n\n\n\n<p>Apresentamos,\nabaixo, o texto da lei que trata do tema para, na sequ\u00eancia, tecermos os nossos\ncoment\u00e1rios:<\/p>\n\n\n\n<p><em>Da Sa\u00edda Tempor\u00e1ria<\/em><\/p>\n\n\n\n<p><em>Art. 122. Os condenados que cumprem pena em regime semi-aberto\npoder\u00e3o obter autoriza\u00e7\u00e3o para sa\u00edda tempor\u00e1ria do estabelecimento, sem\nvigil\u00e2ncia direta, nos seguintes casos:<\/em><\/p>\n\n\n\n<p><em>I &#8211; visita \u00e0 fam\u00edlia;<\/em><\/p>\n\n\n\n<p><em>II &#8211; freq\u00fc\u00eancia a curso supletivo profissionalizante, bem como de\ninstru\u00e7\u00e3o do 2\u00ba grau ou superior, na Comarca do Ju\u00edzo da Execu\u00e7\u00e3o;<\/em><\/p>\n\n\n\n<p><em>III &#8211; participa\u00e7\u00e3o em atividades que concorram para o retorno ao\nconv\u00edvio social.<\/em><\/p>\n\n\n\n<p><em>Par\u00e1grafo \u00fanico.&nbsp; A aus\u00eancia\nde vigil\u00e2ncia direta n\u00e3o impede a utiliza\u00e7\u00e3o de equipamento de monitora\u00e7\u00e3o\neletr\u00f4nica pelo condenado, quando assim determinar o juiz da execu\u00e7\u00e3o.&nbsp;&nbsp;&nbsp;&nbsp;&nbsp;&nbsp;&nbsp;&nbsp;&nbsp;&nbsp;&nbsp;&nbsp;&nbsp;&nbsp;&nbsp;&nbsp;&nbsp;&nbsp; (Inclu\u00eddo pela Lei n\u00ba\n12.258, de 2010)<\/em><\/p>\n\n\n\n<p><em>Art. 123. A autoriza\u00e7\u00e3o ser\u00e1 concedida por ato motivado do Juiz da\nexecu\u00e7\u00e3o, ouvidos o Minist\u00e9rio P\u00fablico e a administra\u00e7\u00e3o penitenci\u00e1ria e\ndepender\u00e1 da satisfa\u00e7\u00e3o dos seguintes requisitos:<\/em><\/p>\n\n\n\n<p><em>I &#8211; comportamento adequado;<\/em><\/p>\n\n\n\n<p><em>II &#8211; cumprimento m\u00ednimo de 1\/6 (um sexto) da pena, se o condenado\nfor prim\u00e1rio, e 1\/4 (um quarto), se reincidente;<\/em><\/p>\n\n\n\n<p><em>III &#8211; compatibilidade do benef\u00edcio com os objetivos da pena.<\/em><\/p>\n\n\n\n<p><em>Art. 124. A autoriza\u00e7\u00e3o ser\u00e1 concedida por prazo n\u00e3o superior a 7\n(sete) dias, podendo ser renovada por mais 4 (quatro) vezes durante o ano.<\/em><\/p>\n\n\n\n<p><em>Par\u00e1grafo \u00fanico. Quando se tratar de freq\u00fc\u00eancia a curso\nprofissionalizante, de instru\u00e7\u00e3o de 2\u00ba grau ou superior, o tempo de sa\u00edda ser\u00e1\no necess\u00e1rio para o cumprimento das atividades discentes.<\/em><\/p>\n\n\n\n<p><em>\u00a7 1o&nbsp; Ao conceder a sa\u00edda\ntempor\u00e1ria, o juiz impor\u00e1 ao benefici\u00e1rio as seguintes condi\u00e7\u00f5es, entre outras\nque entender compat\u00edveis com as circunst\u00e2ncias do caso e a situa\u00e7\u00e3o pessoal do\ncondenado:&nbsp; (Inclu\u00eddo pela Lei n\u00ba 12.258,\nde 2010)<\/em><\/p>\n\n\n\n<p><em>I &#8211; fornecimento do endere\u00e7o onde reside a fam\u00edlia a ser visitada\nou onde poder\u00e1 ser encontrado durante o gozo do benef\u00edcio;&nbsp;&nbsp;&nbsp;&nbsp;&nbsp;&nbsp;&nbsp;&nbsp;&nbsp;&nbsp;&nbsp;&nbsp;&nbsp;&nbsp;&nbsp;&nbsp;&nbsp; (Inclu\u00eddo pela Lei n\u00ba 12.258,\nde 2010)<\/em><\/p>\n\n\n\n<p><em>II &#8211; recolhimento \u00e0 resid\u00eancia visitada, no per\u00edodo noturno;&nbsp;&nbsp;&nbsp;&nbsp;&nbsp; &nbsp;&nbsp;&nbsp;&nbsp;&nbsp;&nbsp;&nbsp;&nbsp;&nbsp;&nbsp;&nbsp;&nbsp;&nbsp;&nbsp;(Inclu\u00eddo pela Lei n\u00ba 12.258, de\n2010)<\/em><\/p>\n\n\n\n<p><em>III &#8211; proibi\u00e7\u00e3o de frequentar bares, casas noturnas e\nestabelecimentos cong\u00eaneres.&nbsp;&nbsp;&nbsp;&nbsp;&nbsp;&nbsp;&nbsp;\n(Inclu\u00eddo pela Lei n\u00ba 12.258, de 2010)<\/em><\/p>\n\n\n\n<p><em>\u00a7 2o&nbsp; Quando se tratar de\nfrequ\u00eancia a curso profissionalizante, de instru\u00e7\u00e3o de ensino m\u00e9dio ou\nsuperior, o tempo de sa\u00edda ser\u00e1 o necess\u00e1rio para o cumprimento das atividades\ndiscentes.&nbsp;&nbsp;&nbsp;&nbsp;&nbsp;&nbsp;&nbsp;&nbsp;&nbsp;&nbsp;&nbsp;&nbsp;&nbsp;&nbsp;&nbsp;&nbsp;&nbsp;&nbsp;&nbsp;&nbsp;&nbsp;&nbsp;\n(Renumerado do par\u00e1grafo \u00fanico pela Lei n\u00ba 12.258, de 2010)<\/em><\/p>\n\n\n\n<p><em>\u00a7 3o&nbsp; Nos demais casos, as\nautoriza\u00e7\u00f5es de sa\u00edda somente poder\u00e3o ser concedidas com prazo m\u00ednimo de 45\n(quarenta e cinco) dias de intervalo entre uma e outra.&nbsp;&nbsp;&nbsp;&nbsp;&nbsp;&nbsp;&nbsp;&nbsp;&nbsp;&nbsp;&nbsp;&nbsp;&nbsp;&nbsp;&nbsp;&nbsp;&nbsp;&nbsp;&nbsp;&nbsp; (Inclu\u00eddo pela Lei n\u00ba\n12.258, de 2010)<\/em><\/p>\n\n\n\n<p><strong>3. A culpa da confus\u00e3o n\u00e3o \u00e9 da\nlei<\/strong><\/p>\n\n\n\n<p>Conforme\npode se observar, a lei nada fala sobre dia dos pais ou dia das m\u00e3es ou\nqualquer outra data comemorativa, portanto a sa\u00edda tempor\u00e1ria concedida \u00e9 um\nbenef\u00edcio de execu\u00e7\u00e3o penal, que por quest\u00f5es de organiza\u00e7\u00e3o penitenci\u00e1ria e\npor respeito \u00e0s finalidades da pena, acabam coincidindo com as datas\ncomemorativas. <\/p>\n\n\n\n<p>Dessa\nforma, aquele que cumpre sua pena, atendendo aos requisitos previstos no artigo\n124 da Lei de Execu\u00e7\u00e3o Penal, ter\u00e1 direito \u00e0s sa\u00eddas tempor\u00e1rias, pois o\nlegislador tinha a inten\u00e7\u00e3o de reintegrar socialmente essa pessoa aos poucos, e\nprincipalmente, ao conv\u00edvio familiar.<\/p>\n\n\n\n<p>N\u00e3o\nse atenha ao etiquetamento dado para as sa\u00eddas com o nome dos feriados, pois\nn\u00e3o se autoriza a sa\u00edda de algu\u00e9m por ser feriado nacional, e sim para cumprir\na lei e buscar os objetivos por detr\u00e1s desse instituto.<\/p>\n\n\n\n<p>Assim\nbrevemente lembremos que a pena n\u00e3o somente tem uma finalidade retributiva, n\u00e3o\nbusca apenas castigar quem praticou uma infra\u00e7\u00e3o penal, mas tamb\u00e9m preventivo e\nde recupera\u00e7\u00e3o daquele indiv\u00edduo, reinserindo o condenado, paulatinamente, ao\nconv\u00edvio social. Essa reinser\u00e7\u00e3o gradual \u00e9 legalmente representada pela\nprogress\u00e3o de regime, pelo livramento condicional e, tamb\u00e9m, pela sa\u00edda\ntempor\u00e1ria.<\/p>\n\n\n\n<p>Em\nnenhum momento a LEP coloca r\u00f3tulos das 4 sa\u00eddas anuais, com o nome de\nferiados. A lei disp\u00f5e sobre requisitos objetivos e subjetivos para presos no\nregime semiaberto e o magistrado competente analisa o preenchimento desses\nrequisitos e defere a autoriza\u00e7\u00e3o.<\/p>\n\n\n\n<p><strong>4. Por que essas \u201csaidinhas\u201d s\u00e3o\nimportantes?<\/strong><\/p>\n\n\n\n<p>Trata-se\nde um benef\u00edcio pessoal e social (por que n\u00e3o) que tem o intuito de,\ngradativamente, reinserir o indiv\u00edduo que cometeu um crime na sociedade.<\/p>\n\n\n\n<p>Al\u00e9m\nda disciplina for\u00e7ada do c\u00e1rcere, o apoio e o contato com seu n\u00facleo familiar \u00e9\nfundamental para a recupera\u00e7\u00e3o do preso e para evitar, se poss\u00edvel, futura\nreincid\u00eancia.<\/p>\n\n\n\n<p>Evitando-se\na reincid\u00eancia, todos ganham. <\/p>\n\n\n\n<p>Menos\ncrimes s\u00e3o praticados, mais segura \u00e9 a vida das pessoas, menos dinheiro p\u00fablico\nser\u00e1 gasto com Execu\u00e7\u00e3o Penal, melhora o cumprimento da pena dos demais\ndetentos por reduzir a superlota\u00e7\u00e3o, diminui a incid\u00eancia de rebeli\u00f5es e\nconfrontos com o Estado, reduz o n\u00famero de presos cooptados pelas organiza\u00e7\u00f5es\ncriminosas dentre outros benef\u00edcios.<\/p>\n\n\n\n<p>Simplesmente\nignorar tais benesses pessoais e sociais em nome de um inc\u00f4modo causado pela\ninfeliz coincid\u00eancia dos r\u00f3tulos de feriados nas autoriza\u00e7\u00f5es de sa\u00edda\nmostra-se desproporcional.<\/p>\n\n\n\n<p><strong>5. Impedir a sa\u00edda desses presos\nseria correto?<\/strong><\/p>\n\n\n\n<p>Ap\u00f3s\na apresenta\u00e7\u00e3o da ideia utilizada para a constru\u00e7\u00e3o de nosso sistema\nprogressivo de cumprimento de pena, chegamos ao ponto nevr\u00e1lgico deste\ntrabalho.<\/p>\n\n\n\n<p>O\nque causa estranheza para a maioria das pessoas e, por isso, \u00e9 comercialmente\nexplorado pelos meios de comunica\u00e7\u00e3o, \u00e9 justamente o fato de as pessoas que\ncometeram crimes contra seus familiares utilizarem benef\u00edcio de execu\u00e7\u00e3o penal\nque busca aproximar o detento de sua fam\u00edlia. Esse aparente paradoxo n\u00e3o \u00e9\nfruto da pr\u00f3pria legisla\u00e7\u00e3o, e sim dos agentes respons\u00e1veis pela Execu\u00e7\u00e3o Penal\nno plano administrativo.<\/p>\n\n\n\n<p>Para\neliminar qualquer tentativa de suprimir esse direito aos condenados que cumprem\npena em regime semiaberto e preenchem os requisitos para usufruir desse\nrelevante benef\u00edcio prisional, urge tecermos uma an\u00e1lise jur\u00eddica da situa\u00e7\u00e3o\nsob o prisma penal.<\/p>\n\n\n\n<p>Essas\npessoas j\u00e1 foram investigadas, processadas e condenadas pelo fato de terem\nceifado a vida de seus familiares, como o caso de Alexandre Nardoni.<\/p>\n\n\n\n<p>A\nsua condena\u00e7\u00e3o levou em considera\u00e7\u00e3o o fato de ter tirado a vida da pr\u00f3pria\nfilha. Essa situa\u00e7\u00e3o espec\u00edfica j\u00e1 foi inclu\u00edda na quantidade de sua pena,\nlogo, o castigo por ter eliminado a sua filha j\u00e1 foi aplicado, representado\npelo acr\u00e9scimo da pena privativa de liberdade que j\u00e1 cumpriu e ainda cumpre.<\/p>\n\n\n\n<p>Eis\no trecho da decis\u00e3o judicial que o condenou:<\/p>\n\n\n\n<p><em>\u201cPelo fato do corr\u00e9u Alexandre ostentar a qualidade jur\u00eddica de\ngenitor da v\u00edtima Isabella, majoro a pena aplicada anteriormente a ele em mais\n1\/6 (um sexto), tal como autorizado pelo art. 61, par\u00e1grafo segundo, al\u00ednea\n&#8220;e&#8221; do C\u00f3digo Penal, o que resulta em 23 (vinte e tr\u00eas) anos e 04\n(quatro) meses de reclus\u00e3o.\u201d<\/em><\/p>\n\n\n\n<p>Puni-lo\nduas vezes pelo mesmo fato desrespeitaria os princ\u00edpios basilares do direito\npenal \u2013 a legalidade e a veda\u00e7\u00e3o da dupla puni\u00e7\u00e3o pelo mesmo fato.<\/p>\n\n\n\n<p><strong>6. Como se posicionar diante dessa\nquest\u00e3o?<\/strong><\/p>\n\n\n\n<p>A\nexecu\u00e7\u00e3o penal \u00e9 um outro processo, apesar de ser fruto da condena\u00e7\u00e3o criminal,\ncom ela n\u00e3o se confunde, s\u00e3o aut\u00f4nomos. <\/p>\n\n\n\n<p>A\nexecu\u00e7\u00e3o penal cuida dos requisitos objetivos (tempo de pena, lapsos,\nbenef\u00edcios, faltas dentre outros) e subjetivos (comportamento carcer\u00e1rio). <\/p>\n\n\n\n<p>Na\nexecu\u00e7\u00e3o, n\u00e3o mais se discute se o condenado foi mesmo o respons\u00e1vel pelo crime\ne a quantidade de pena que ele merece por ter praticado tal fato. <\/p>\n\n\n\n<p>O\nque ir\u00e1 influenciar a obten\u00e7\u00e3o ou o usufruto dos benef\u00edcios da execu\u00e7\u00e3o penal\nser\u00e1 a esp\u00e9cie de delito praticado e j\u00e1 julgado pelo agente. Se for um crime\nhediondo ou equiparado a hediondo, o apenado demorar\u00e1 mais tempo para poder\natingir os marcos objetivos que ir\u00e3o benefici\u00e1-lo com as sa\u00eddas, a progress\u00e3o\nde regime e o livramento condicional.<\/p>\n\n\n\n<p>Como\npode se observar, no caso concreto de Alexandre Nardoni, condenado pela morte\nde sua filha, esta \u00e9 a primeira sa\u00edda tempor\u00e1ria, desde que passou a cumprir\nsua pena, ap\u00f3s sua condena\u00e7\u00e3o em 2010.<\/p>\n\n\n\n<p><strong>Conclus\u00e3o<\/strong><\/p>\n\n\n\n<p>Para\nresumir, \u00e9 realmente uma infeliz coincid\u00eancia a sa\u00edda tempor\u00e1ria de quem cometeu\num crime contra&nbsp; seu descendente bem no\ndias dos pais, at\u00e9 parece uma brincadeira de mau gosto, e claramente a m\u00eddia\nganha muita repercuss\u00e3o repetindo isso e dando a entender para a sociedade que\nvivemos sob a \u00e9gide da impunidade. <\/p>\n\n\n\n<p>No\nentanto, o mais correto a se fazer seria realmente veicular quais s\u00e3o as regras\nda execu\u00e7\u00e3o penal, e que por mais infeliz coincid\u00eancia que seja, n\u00e3o h\u00e1 nenhuma\nilegalidade ou proibi\u00e7\u00e3o para tal concess\u00e3o do benef\u00edcio.<\/p>\n\n\n\n<p>Deixamos\naqui uma sugest\u00e3o de proposta de lege ferenda \u2013 vedar a utiliza\u00e7\u00e3o de nomes de\nferiados para as sa\u00eddas tempor\u00e1rias ou, ainda, liberar os condenados que est\u00e3o\nna mesma situa\u00e7\u00e3o em datas diferentes.<\/p>\n\n\n\n<ul class=\"wp-block-list\">\n<li><strong>Palavra ao leitor<\/strong><\/li>\n<\/ul>\n\n\n\n<p>E\nvoc\u00ea, o que acha desse caso? <\/p>\n\n\n\n<p>Consegue\ndar a sua opini\u00e3o com base nos fundamentos de fato e de direito apresentados\nnesse artigo? <\/p>\n\n\n\n<p>Possui\nalguma vari\u00e1vel n\u00e3o apresentada no nosso texto? <\/p>\n\n\n\n<p>Chegou\na alguma conclus\u00e3o diferente?<\/p>\n\n\n\n<p>Mande\npara a gente em nosso Instagram. <\/p>\n\n\n\n<p>Ser\u00e1\nmuito bom ouvi-lo sobre um tema t\u00e3o importante.<\/p>\n\n\n\n<p><strong>Gabriela\nMarques &#8211; <\/strong><em>@gabcmarques<\/em><\/p>\n\n\n\n<p><strong>Ivan\nMarques &#8211; <\/strong><em>@prof.ivanmarques<\/em><\/p>\n","protected":false},"excerpt":{"rendered":"<p>Ivan Marques &#8211; @prof.ivanmarques Advogado criminalista. Mestre em Direito Penal pela Faculdade de Direito da Universidade de S\u00e3o Paulo \u2013 FDIR\/USP. Professor do Estrat\u00e9gia OAB, Concursos e Carreiras Jur\u00eddicas. Gabriela Marques &#8211; @gabcmarques Advogada criminalista. Especialista em Direito Penal e Processo Penal pela Universidade Presbiteriana Mackenzie. 1. Introdu\u00e7\u00e3o Esse artigo versa sobre um assunto que [&hellip;]<\/p>\n","protected":false},"author":1035,"featured_media":0,"comment_status":"open","ping_status":"closed","sticky":false,"template":"","format":"standard","meta":{"post_tipo":"article","footnotes":""},"categories":[1],"tags":[],"tax_estado":[],"class_list":["post-408109","post","type-post","status-publish","format-standard","hentry","category-cursos-e-concursos"],"acf":[],"yoast_head":"<!-- This site is optimized with the Yoast SEO Premium plugin v27.2 (Yoast SEO v27.2) - https:\/\/yoast.com\/product\/yoast-seo-premium-wordpress\/ -->\n<title>A FAMOSA E RECORRENTE \u201cSAIDINHA\u201d E O CASO NARDONI<\/title>\n<meta name=\"robots\" content=\"index, follow, max-snippet:-1, max-image-preview:large, max-video-preview:-1\" \/>\n<link rel=\"canonical\" href=\"https:\/\/www.estrategiaconcursos.com.br\/blog\/a-famosa-e-recorrente-saidinha-e-o-caso-nardoni\/\" \/>\n<meta property=\"og:locale\" content=\"pt_BR\" \/>\n<meta property=\"og:type\" content=\"article\" \/>\n<meta property=\"og:title\" content=\"A FAMOSA E RECORRENTE \u201cSAIDINHA\u201d E O CASO NARDONI\" \/>\n<meta property=\"og:description\" content=\"Ivan Marques &#8211; @prof.ivanmarques Advogado criminalista. Mestre em Direito Penal pela Faculdade de Direito da Universidade de S\u00e3o Paulo \u2013 FDIR\/USP. Professor do Estrat\u00e9gia OAB, Concursos e Carreiras Jur\u00eddicas. Gabriela Marques &#8211; @gabcmarques Advogada criminalista. Especialista em Direito Penal e Processo Penal pela Universidade Presbiteriana Mackenzie. 1. Introdu\u00e7\u00e3o Esse artigo versa sobre um assunto que [&hellip;]\" \/>\n<meta property=\"og:url\" content=\"https:\/\/www.estrategiaconcursos.com.br\/blog\/a-famosa-e-recorrente-saidinha-e-o-caso-nardoni\/\" \/>\n<meta property=\"og:site_name\" content=\"Estrat\u00e9gia Concursos\" \/>\n<meta property=\"article:published_time\" content=\"2019-08-10T08:47:14+00:00\" \/>\n<meta property=\"article:modified_time\" content=\"2023-04-03T20:17:36+00:00\" \/>\n<meta name=\"author\" content=\"Ivan Lu\u00eds Marques da Silva\" \/>\n<meta name=\"twitter:card\" content=\"summary_large_image\" \/>\n<meta name=\"twitter:creator\" content=\"@EstratConcursos\" \/>\n<meta name=\"twitter:site\" content=\"@EstratConcursos\" \/>\n<meta name=\"twitter:label1\" content=\"Escrito por\" \/>\n\t<meta name=\"twitter:data1\" content=\"Ivan Lu\u00eds Marques da Silva\" \/>\n\t<meta name=\"twitter:label2\" content=\"Est. tempo de leitura\" \/>\n\t<meta name=\"twitter:data2\" content=\"10 minutos\" \/>\n<script type=\"application\/ld+json\" class=\"yoast-schema-graph\">{\"@context\":\"https:\/\/schema.org\",\"@graph\":[{\"@type\":\"NewsArticle\",\"@id\":\"https:\/\/www.estrategiaconcursos.com.br\/blog\/a-famosa-e-recorrente-saidinha-e-o-caso-nardoni\/#article\",\"isPartOf\":{\"@id\":\"https:\/\/www.estrategiaconcursos.com.br\/blog\/a-famosa-e-recorrente-saidinha-e-o-caso-nardoni\/\"},\"author\":{\"name\":\"Ivan Lu\u00eds Marques da Silva\",\"@id\":\"https:\/\/www.estrategiaconcursos.com.br\/blog\/#\/schema\/person\/c65a6625b6df0db05365b719045715a3\"},\"headline\":\"A FAMOSA E RECORRENTE \u201cSAIDINHA\u201d E O CASO NARDONI\",\"datePublished\":\"2019-08-10T08:47:14+00:00\",\"dateModified\":\"2023-04-03T20:17:36+00:00\",\"mainEntityOfPage\":{\"@id\":\"https:\/\/www.estrategiaconcursos.com.br\/blog\/a-famosa-e-recorrente-saidinha-e-o-caso-nardoni\/\"},\"wordCount\":2055,\"commentCount\":3,\"publisher\":{\"@id\":\"https:\/\/www.estrategiaconcursos.com.br\/blog\/#organization\"},\"articleSection\":[\"Concursos P\u00fablicos\"],\"inLanguage\":\"pt-BR\",\"potentialAction\":[{\"@type\":\"CommentAction\",\"name\":\"Comment\",\"target\":[\"https:\/\/www.estrategiaconcursos.com.br\/blog\/a-famosa-e-recorrente-saidinha-e-o-caso-nardoni\/#respond\"]}],\"copyrightYear\":\"2019\",\"copyrightHolder\":{\"@id\":\"https:\/\/www.estrategiaconcursos.com.br\/blog\/#organization\"}},{\"@type\":\"WebPage\",\"@id\":\"https:\/\/www.estrategiaconcursos.com.br\/blog\/a-famosa-e-recorrente-saidinha-e-o-caso-nardoni\/\",\"url\":\"https:\/\/www.estrategiaconcursos.com.br\/blog\/a-famosa-e-recorrente-saidinha-e-o-caso-nardoni\/\",\"name\":\"A FAMOSA E RECORRENTE \u201cSAIDINHA\u201d E O CASO NARDONI\",\"isPartOf\":{\"@id\":\"https:\/\/www.estrategiaconcursos.com.br\/blog\/#website\"},\"datePublished\":\"2019-08-10T08:47:14+00:00\",\"dateModified\":\"2023-04-03T20:17:36+00:00\",\"breadcrumb\":{\"@id\":\"https:\/\/www.estrategiaconcursos.com.br\/blog\/a-famosa-e-recorrente-saidinha-e-o-caso-nardoni\/#breadcrumb\"},\"inLanguage\":\"pt-BR\",\"potentialAction\":[{\"@type\":\"ReadAction\",\"target\":[\"https:\/\/www.estrategiaconcursos.com.br\/blog\/a-famosa-e-recorrente-saidinha-e-o-caso-nardoni\/\"]}]},{\"@type\":\"BreadcrumbList\",\"@id\":\"https:\/\/www.estrategiaconcursos.com.br\/blog\/a-famosa-e-recorrente-saidinha-e-o-caso-nardoni\/#breadcrumb\",\"itemListElement\":[{\"@type\":\"ListItem\",\"position\":1,\"name\":\"In\u00edcio\",\"item\":\"https:\/\/www.estrategiaconcursos.com.br\/blog\/\"},{\"@type\":\"ListItem\",\"position\":2,\"name\":\"A FAMOSA E RECORRENTE \u201cSAIDINHA\u201d E O CASO NARDONI\"}]},{\"@type\":\"WebSite\",\"@id\":\"https:\/\/www.estrategiaconcursos.com.br\/blog\/#website\",\"url\":\"https:\/\/www.estrategiaconcursos.com.br\/blog\/\",\"name\":\"Estrat\u00e9gia Concursos\",\"description\":\"O blog da Estrat\u00e9gia Concursos traz not\u00edcias sobre concursos e artigos de professores oferecendo cursos para concursos (pdf + videaulas) no site.\",\"publisher\":{\"@id\":\"https:\/\/www.estrategiaconcursos.com.br\/blog\/#organization\"},\"potentialAction\":[{\"@type\":\"SearchAction\",\"target\":{\"@type\":\"EntryPoint\",\"urlTemplate\":\"https:\/\/www.estrategiaconcursos.com.br\/blog\/?s={search_term_string}\"},\"query-input\":{\"@type\":\"PropertyValueSpecification\",\"valueRequired\":true,\"valueName\":\"search_term_string\"}}],\"inLanguage\":\"pt-BR\"},{\"@type\":\"Organization\",\"@id\":\"https:\/\/www.estrategiaconcursos.com.br\/blog\/#organization\",\"name\":\"Estrat\u00e9gia Concursos\",\"url\":\"https:\/\/www.estrategiaconcursos.com.br\/blog\/\",\"logo\":{\"@type\":\"ImageObject\",\"inLanguage\":\"pt-BR\",\"@id\":\"https:\/\/www.estrategiaconcursos.com.br\/blog\/#\/schema\/logo\/image\/\",\"url\":\"https:\/\/dhg1h5j42swfq.cloudfront.net\/2025\/06\/03203428\/logo_concursos-1.jpg\",\"contentUrl\":\"https:\/\/dhg1h5j42swfq.cloudfront.net\/2025\/06\/03203428\/logo_concursos-1.jpg\",\"width\":230,\"height\":60,\"caption\":\"Estrat\u00e9gia Concursos\"},\"image\":{\"@id\":\"https:\/\/www.estrategiaconcursos.com.br\/blog\/#\/schema\/logo\/image\/\"},\"sameAs\":[\"https:\/\/x.com\/EstratConcursos\"]},{\"@type\":\"Person\",\"@id\":\"https:\/\/www.estrategiaconcursos.com.br\/blog\/#\/schema\/person\/c65a6625b6df0db05365b719045715a3\",\"name\":\"Ivan Lu\u00eds Marques da Silva\",\"image\":{\"@type\":\"ImageObject\",\"inLanguage\":\"pt-BR\",\"@id\":\"https:\/\/secure.gravatar.com\/avatar\/c44f276cb087f44329bd8340ed85d975fc5cffe441f72623a58b69ca663ab37b?s=96&d=mm&r=g\",\"url\":\"https:\/\/secure.gravatar.com\/avatar\/c44f276cb087f44329bd8340ed85d975fc5cffe441f72623a58b69ca663ab37b?s=96&d=mm&r=g\",\"contentUrl\":\"https:\/\/secure.gravatar.com\/avatar\/c44f276cb087f44329bd8340ed85d975fc5cffe441f72623a58b69ca663ab37b?s=96&d=mm&r=g\",\"caption\":\"Ivan Lu\u00eds Marques da Silva\"},\"url\":\"https:\/\/www.estrategiaconcursos.com.br\/blog\/author\/ivanlmarquesgmail-com\/\"}]}<\/script>\n<!-- \/ Yoast SEO Premium plugin. -->","yoast_head_json":{"title":"A FAMOSA E RECORRENTE \u201cSAIDINHA\u201d E O CASO NARDONI","robots":{"index":"index","follow":"follow","max-snippet":"max-snippet:-1","max-image-preview":"max-image-preview:large","max-video-preview":"max-video-preview:-1"},"canonical":"https:\/\/www.estrategiaconcursos.com.br\/blog\/a-famosa-e-recorrente-saidinha-e-o-caso-nardoni\/","og_locale":"pt_BR","og_type":"article","og_title":"A FAMOSA E RECORRENTE \u201cSAIDINHA\u201d E O CASO NARDONI","og_description":"Ivan Marques &#8211; @prof.ivanmarques Advogado criminalista. Mestre em Direito Penal pela Faculdade de Direito da Universidade de S\u00e3o Paulo \u2013 FDIR\/USP. Professor do Estrat\u00e9gia OAB, Concursos e Carreiras Jur\u00eddicas. Gabriela Marques &#8211; @gabcmarques Advogada criminalista. Especialista em Direito Penal e Processo Penal pela Universidade Presbiteriana Mackenzie. 1. Introdu\u00e7\u00e3o Esse artigo versa sobre um assunto que [&hellip;]","og_url":"https:\/\/www.estrategiaconcursos.com.br\/blog\/a-famosa-e-recorrente-saidinha-e-o-caso-nardoni\/","og_site_name":"Estrat\u00e9gia Concursos","article_published_time":"2019-08-10T08:47:14+00:00","article_modified_time":"2023-04-03T20:17:36+00:00","author":"Ivan Lu\u00eds Marques da Silva","twitter_card":"summary_large_image","twitter_creator":"@EstratConcursos","twitter_site":"@EstratConcursos","twitter_misc":{"Escrito por":"Ivan Lu\u00eds Marques da Silva","Est. tempo de leitura":"10 minutos"},"schema":{"@context":"https:\/\/schema.org","@graph":[{"@type":"NewsArticle","@id":"https:\/\/www.estrategiaconcursos.com.br\/blog\/a-famosa-e-recorrente-saidinha-e-o-caso-nardoni\/#article","isPartOf":{"@id":"https:\/\/www.estrategiaconcursos.com.br\/blog\/a-famosa-e-recorrente-saidinha-e-o-caso-nardoni\/"},"author":{"name":"Ivan Lu\u00eds Marques da Silva","@id":"https:\/\/www.estrategiaconcursos.com.br\/blog\/#\/schema\/person\/c65a6625b6df0db05365b719045715a3"},"headline":"A FAMOSA E RECORRENTE \u201cSAIDINHA\u201d E O CASO NARDONI","datePublished":"2019-08-10T08:47:14+00:00","dateModified":"2023-04-03T20:17:36+00:00","mainEntityOfPage":{"@id":"https:\/\/www.estrategiaconcursos.com.br\/blog\/a-famosa-e-recorrente-saidinha-e-o-caso-nardoni\/"},"wordCount":2055,"commentCount":3,"publisher":{"@id":"https:\/\/www.estrategiaconcursos.com.br\/blog\/#organization"},"articleSection":["Concursos P\u00fablicos"],"inLanguage":"pt-BR","potentialAction":[{"@type":"CommentAction","name":"Comment","target":["https:\/\/www.estrategiaconcursos.com.br\/blog\/a-famosa-e-recorrente-saidinha-e-o-caso-nardoni\/#respond"]}],"copyrightYear":"2019","copyrightHolder":{"@id":"https:\/\/www.estrategiaconcursos.com.br\/blog\/#organization"}},{"@type":"WebPage","@id":"https:\/\/www.estrategiaconcursos.com.br\/blog\/a-famosa-e-recorrente-saidinha-e-o-caso-nardoni\/","url":"https:\/\/www.estrategiaconcursos.com.br\/blog\/a-famosa-e-recorrente-saidinha-e-o-caso-nardoni\/","name":"A FAMOSA E RECORRENTE \u201cSAIDINHA\u201d E O CASO NARDONI","isPartOf":{"@id":"https:\/\/www.estrategiaconcursos.com.br\/blog\/#website"},"datePublished":"2019-08-10T08:47:14+00:00","dateModified":"2023-04-03T20:17:36+00:00","breadcrumb":{"@id":"https:\/\/www.estrategiaconcursos.com.br\/blog\/a-famosa-e-recorrente-saidinha-e-o-caso-nardoni\/#breadcrumb"},"inLanguage":"pt-BR","potentialAction":[{"@type":"ReadAction","target":["https:\/\/www.estrategiaconcursos.com.br\/blog\/a-famosa-e-recorrente-saidinha-e-o-caso-nardoni\/"]}]},{"@type":"BreadcrumbList","@id":"https:\/\/www.estrategiaconcursos.com.br\/blog\/a-famosa-e-recorrente-saidinha-e-o-caso-nardoni\/#breadcrumb","itemListElement":[{"@type":"ListItem","position":1,"name":"In\u00edcio","item":"https:\/\/www.estrategiaconcursos.com.br\/blog\/"},{"@type":"ListItem","position":2,"name":"A FAMOSA E RECORRENTE \u201cSAIDINHA\u201d E O CASO NARDONI"}]},{"@type":"WebSite","@id":"https:\/\/www.estrategiaconcursos.com.br\/blog\/#website","url":"https:\/\/www.estrategiaconcursos.com.br\/blog\/","name":"Estrat\u00e9gia Concursos","description":"O blog da Estrat\u00e9gia Concursos traz not\u00edcias sobre concursos e artigos de professores oferecendo cursos para concursos (pdf + videaulas) no site.","publisher":{"@id":"https:\/\/www.estrategiaconcursos.com.br\/blog\/#organization"},"potentialAction":[{"@type":"SearchAction","target":{"@type":"EntryPoint","urlTemplate":"https:\/\/www.estrategiaconcursos.com.br\/blog\/?s={search_term_string}"},"query-input":{"@type":"PropertyValueSpecification","valueRequired":true,"valueName":"search_term_string"}}],"inLanguage":"pt-BR"},{"@type":"Organization","@id":"https:\/\/www.estrategiaconcursos.com.br\/blog\/#organization","name":"Estrat\u00e9gia Concursos","url":"https:\/\/www.estrategiaconcursos.com.br\/blog\/","logo":{"@type":"ImageObject","inLanguage":"pt-BR","@id":"https:\/\/www.estrategiaconcursos.com.br\/blog\/#\/schema\/logo\/image\/","url":"https:\/\/dhg1h5j42swfq.cloudfront.net\/2025\/06\/03203428\/logo_concursos-1.jpg","contentUrl":"https:\/\/dhg1h5j42swfq.cloudfront.net\/2025\/06\/03203428\/logo_concursos-1.jpg","width":230,"height":60,"caption":"Estrat\u00e9gia Concursos"},"image":{"@id":"https:\/\/www.estrategiaconcursos.com.br\/blog\/#\/schema\/logo\/image\/"},"sameAs":["https:\/\/x.com\/EstratConcursos"]},{"@type":"Person","@id":"https:\/\/www.estrategiaconcursos.com.br\/blog\/#\/schema\/person\/c65a6625b6df0db05365b719045715a3","name":"Ivan Lu\u00eds Marques da Silva","image":{"@type":"ImageObject","inLanguage":"pt-BR","@id":"https:\/\/secure.gravatar.com\/avatar\/c44f276cb087f44329bd8340ed85d975fc5cffe441f72623a58b69ca663ab37b?s=96&d=mm&r=g","url":"https:\/\/secure.gravatar.com\/avatar\/c44f276cb087f44329bd8340ed85d975fc5cffe441f72623a58b69ca663ab37b?s=96&d=mm&r=g","contentUrl":"https:\/\/secure.gravatar.com\/avatar\/c44f276cb087f44329bd8340ed85d975fc5cffe441f72623a58b69ca663ab37b?s=96&d=mm&r=g","caption":"Ivan Lu\u00eds Marques da Silva"},"url":"https:\/\/www.estrategiaconcursos.com.br\/blog\/author\/ivanlmarquesgmail-com\/"}]}},"_links":{"self":[{"href":"https:\/\/www.estrategiaconcursos.com.br\/blog\/wp-json\/wp\/v2\/posts\/408109","targetHints":{"allow":["GET"]}}],"collection":[{"href":"https:\/\/www.estrategiaconcursos.com.br\/blog\/wp-json\/wp\/v2\/posts"}],"about":[{"href":"https:\/\/www.estrategiaconcursos.com.br\/blog\/wp-json\/wp\/v2\/types\/post"}],"author":[{"embeddable":true,"href":"https:\/\/www.estrategiaconcursos.com.br\/blog\/wp-json\/wp\/v2\/users\/1035"}],"replies":[{"embeddable":true,"href":"https:\/\/www.estrategiaconcursos.com.br\/blog\/wp-json\/wp\/v2\/comments?post=408109"}],"version-history":[{"count":2,"href":"https:\/\/www.estrategiaconcursos.com.br\/blog\/wp-json\/wp\/v2\/posts\/408109\/revisions"}],"predecessor-version":[{"id":1196274,"href":"https:\/\/www.estrategiaconcursos.com.br\/blog\/wp-json\/wp\/v2\/posts\/408109\/revisions\/1196274"}],"wp:attachment":[{"href":"https:\/\/www.estrategiaconcursos.com.br\/blog\/wp-json\/wp\/v2\/media?parent=408109"}],"wp:term":[{"taxonomy":"category","embeddable":true,"href":"https:\/\/www.estrategiaconcursos.com.br\/blog\/wp-json\/wp\/v2\/categories?post=408109"},{"taxonomy":"post_tag","embeddable":true,"href":"https:\/\/www.estrategiaconcursos.com.br\/blog\/wp-json\/wp\/v2\/tags?post=408109"},{"taxonomy":"tax_estado","embeddable":true,"href":"https:\/\/www.estrategiaconcursos.com.br\/blog\/wp-json\/wp\/v2\/tax_estado?post=408109"}],"curies":[{"name":"wp","href":"https:\/\/api.w.org\/{rel}","templated":true}]}}