{"id":408066,"date":"2019-09-06T19:29:39","date_gmt":"2019-09-06T22:29:39","guid":{"rendered":"https:\/\/www.estrategiaconcursos.com.br\/blog\/?p=408066"},"modified":"2019-09-19T15:44:36","modified_gmt":"2019-09-19T18:44:36","slug":"raciocinio-logico-para-trf-3-raio-x-da-prova","status":"publish","type":"post","link":"https:\/\/www.estrategiaconcursos.com.br\/blog\/raciocinio-logico-para-trf-3-raio-x-da-prova\/","title":{"rendered":"Racioc\u00ednio L\u00f3gico &#8211; O que estudar para a prova do TRF-3?"},"content":{"rendered":"\n<p><strong>Neste artigo, faremos uma an\u00e1lise completa do conte\u00fado de Racioc\u00ednio L\u00f3gico e um raio X sobre a \u00faltima prova do TRF-3 (Racioc\u00ednio L\u00f3gico-Matem\u00e1tico)<\/strong>.<\/p>\n\n\n\n<p>Fala, pessoal! Tudo bem?<\/p>\n\n\n\n<p>Aqui \u00e9 o professor Guilherme Neves.<\/p>\n\n\n\n<p>Saiu o edital do concurso para o TRF-3 e mais uma vez a FCC cobrar\u00e1 o seu conte\u00fado program\u00e1tico padr\u00e3o de Racioc\u00ednio L\u00f3gico-Matem\u00e1tico. <\/p>\n\n\n\n<p>\u00c9 importante frisar que <strong>o conte\u00fado \u00e9 exatamente o mesmo do concurso do TRF-4<\/strong>, que foi realizado no in\u00edcio de agosto de 2019.<\/p>\n\n\n\n<div class=\"wp-block-file\"><a href=\"https:\/\/dhg1h5j42swfq.cloudfront.net\/2019\/08\/09190019\/TRF-3-2016.pdf\">Prova Resolvida TRF-3 &#8211; Analista Judici\u00e1rio<\/a><a href=\"https:\/\/dhg1h5j42swfq.cloudfront.net\/2019\/08\/09190019\/TRF-3-2016.pdf\" class=\"wp-block-file__button\" download>Baixar<\/a><\/div>\n\n\n\n<div class=\"wp-block-file\"><a href=\"https:\/\/dhg1h5j42swfq.cloudfront.net\/2019\/08\/09191833\/TRF-3-2016-T%C3%A9cnico.pdf\">Prova Resolvida TRF 3 &#8211; T\u00e9cnico Judici\u00e1rio<\/a><a href=\"https:\/\/dhg1h5j42swfq.cloudfront.net\/2019\/08\/09191833\/TRF-3-2016-T%C3%A9cnico.pdf\" class=\"wp-block-file__button\" download>Baixar<\/a><\/div>\n\n\n\n<h2 class=\"wp-block-heading\">Conte\u00fado Program\u00e1tico<\/h2>\n\n\n\n<p><strong>Quem n\u00e3o conhece a FCC<\/strong> dir\u00e1 que os conte\u00fados para Analista e T\u00e9cnico s\u00e3o diferentes. Observe:<\/p>\n\n\n\n<p><strong>ANALISTA JUDICI\u00c1RIO \u2013 \u00c1REA JUDICI\u00c1RIA \u2013 sem especialidade (01)<\/strong> <\/p>\n\n\n\n<p>Estrutura l\u00f3gica de rela\u00e7\u00f5es arbitr\u00e1rias entre pessoas, lugares, objetos ou eventos fict\u00edcios; deduzir novas informa\u00e7\u00f5es das rela\u00e7\u00f5es fornecidas e avaliar as condi\u00e7\u00f5es usadas para estabelecer a estrutura daquelas rela\u00e7\u00f5es. Compreens\u00e3o e elabora\u00e7\u00e3o da l\u00f3gica das situa\u00e7\u00f5es por meio de: racioc\u00ednio verbal, racioc\u00ednio matem\u00e1tico, racioc\u00ednio sequencial, orienta\u00e7\u00e3o espacial e temporal, forma\u00e7\u00e3o de conceitos, discrimina\u00e7\u00e3o de elementos. Compreens\u00e3o do processo l\u00f3gico que, a partir de um conjunto de hip\u00f3teses, conduz, de forma v\u00e1lida, a conclus\u00f5es determinadas. <\/p>\n\n\n\n<p><strong>CARGOS DE T\u00c9CNICO JUDICI\u00c1RIO &#8211; PARA TODOS OS CARGOS DE N\u00cdVEL M\u00c9DIO: <\/strong><\/p>\n\n\n\n<p>N\u00fameros inteiros e racionais: opera\u00e7\u00f5es (adi\u00e7\u00e3o, subtra\u00e7\u00e3o, multiplica\u00e7\u00e3o, divis\u00e3o, potencia\u00e7\u00e3o); express\u00f5es num\u00e9ricas; m\u00faltiplos e divisores de n\u00fameros naturais; problemas. Fra\u00e7\u00f5es e opera\u00e7\u00f5es com fra\u00e7\u00f5es. N\u00fameros e grandezas proporcionais: raz\u00f5es e propor\u00e7\u00f5es; divis\u00e3o em partes proporcionais; regra de tr\u00eas; porcentagem e problemas. Estrutura l\u00f3gica de rela\u00e7\u00f5es arbitr\u00e1rias entre pessoas, lugares, objetos ou eventos fict\u00edcios; deduzir novas informa\u00e7\u00f5es das rela\u00e7\u00f5es fornecidas e avaliar as condi\u00e7\u00f5es usadas para estabelecer a estrutura daquelas rela\u00e7\u00f5es. Compreens\u00e3o e elabora\u00e7\u00e3o da l\u00f3gica das situa\u00e7\u00f5es por meio de: racioc\u00ednio verbal, racioc\u00ednio matem\u00e1tico, racioc\u00ednio sequencial, orienta\u00e7\u00e3o espacial e temporal, forma\u00e7\u00e3o de conceitos, discrimina\u00e7\u00e3o de elementos. Compreens\u00e3o do processo l\u00f3gico que, a partir de um conjunto de hip\u00f3teses, conduz, de forma v\u00e1lida, a conclus\u00f5es determinadas. <\/p>\n\n\n\n<p><\/p>\n\n\n\n<p>\u00c9 como se o conte\u00fado para Analista estivesse contido no conte\u00fado para T\u00e9cnico Judici\u00e1rio, mas afirmo que <strong>os dois conte\u00fados acima s\u00e3o id\u00eanticos<\/strong>!!<\/p>\n\n\n\n<p>Apesar de o conte\u00fado para T\u00e9cnico ser mais detalhado, todos os assuntos acima podem ser cobrados dentro de &#8220;Racioc\u00ednio Matem\u00e1tico&#8221; para Analista Judici\u00e1rio. <strong>Essa \u00e9 uma pr\u00e1tica muito comum na FCC<\/strong>.<\/p>\n\n\n\n<p>\u00c9 crucial saber que <strong>a FCC cobra v\u00e1rios assuntos implicitamente no t\u00f3pico &#8220;Racioc\u00ednio Matem\u00e1tico&#8221;.<\/strong><\/p>\n\n\n\n<p>Os assuntos mais cobrados em Racioc\u00ednio Matem\u00e1tico pela FCC s\u00e3o:<\/p>\n\n\n\n<ul class=\"wp-block-list\"><li>Problemas envolvendo equa\u00e7\u00f5es e sistemas do primeiro grau.<\/li><li>Regra de tr\u00eas.<\/li><li>Porcentagem.<\/li><li>Raz\u00e3o e Propor\u00e7\u00e3o.<\/li><li>An\u00e1lise Combinat\u00f3ria.<\/li><li>Princ\u00edpio da Casa dos Pombos.<\/li><li>Conjuntos Num\u00e9ricos e express\u00f5es num\u00e9ricas.<\/li><li>Problemas com fra\u00e7\u00f5es.<\/li><li>Problemas com conjuntos<\/li><li>Progress\u00e3o Aritm\u00e9tica<\/li><li>Problemas envolvendo equa\u00e7\u00f5es do segundo grau<\/li><\/ul>\n\n\n\n<p>Por exemplo, no concurso para AJAJ do TRF-4, realizado em agosto de 2019,  houve apenas 1 (UMA) quest\u00e3o sobre L\u00f3gica Proposicional e de Argumenta\u00e7\u00e3o. <strong>Todas as outras quest\u00f5es foram de Matem\u00e1tica<\/strong> (sem que os assuntos de Matem\u00e1tica estivessem expl\u00edcitos no edital, assim como no edital do TRF-3).<\/p>\n\n\n\n<p><a href=\"https:\/\/www.estrategiaconcursos.com.br\/blog\/prova-resolvida-trf-4-raciocinio-logico-matematico\/\">Clique aqui<\/a> para acessar a prova resolvida de RL para AJAJ do TRF-4.<\/p>\n\n\n\n<p><a href=\"https:\/\/www.estrategiaconcursos.com.br\/blog\/recurso-e-prova-resolvida-trf-4-tjaa-raciocinio-logico\/\">Clique aqui<\/a> para acessar a prova resolvida de RL para TJAA do TRF-4.<\/p>\n\n\n\n<h2 class=\"wp-block-heading\">N\u00edvel da Prova e Quantidade de Quest\u00f5es<\/h2>\n\n\n\n<p>As provas do TRF-3, realizadas em 2016 pela FCC, contemplaram 10 quest\u00f5es de Racioc\u00ednio L\u00f3gico para cada cargo (Analista e T\u00e9cnico).<\/p>\n\n\n\n<p>J\u00e1 as provas de Racioc\u00ednio L\u00f3gico do TRF-4, realizadas em Agosto de 2019 pela FCC, contemplaram entre 4 e 5 quest\u00f5es de Racioc\u00ednio L\u00f3gico em cada cargo.<\/p>\n\n\n\n<p>Ademais, <strong>as quest\u00f5es do \u00faltimo concurso do TRF-3 (2016) foram muito mais dif\u00edceis do que as quest\u00f5es do TRF-4<\/strong> <strong>(2019)<\/strong>.<\/p>\n\n\n\n<p>Especificamente, as quest\u00f5es 27 e 33 da prova de Analista do TRF-3 est\u00e3o em um n\u00edvel muito acima do que normalmente a FCC cobra. Eu poderia at\u00e9 dizer que <strong>a quest\u00e3o 27 foi a quest\u00e3o mais dif\u00edcil sobre diagramas l\u00f3gicos de toda a hist\u00f3ria da FCC.<\/strong><\/p>\n\n\n\n<h2 class=\"wp-block-heading\">O que estudar para o TRF-3?<\/h2>\n\n\n\n<p>A \u00faltima prova do TRF-3 ocorreu h\u00e1 3 anos e a FCC deu certa \u00eanfase ao Racioc\u00ednio L\u00f3gico propriamente dito (<strong>conectivos, equival\u00eancias l\u00f3gicas, diagramas l\u00f3gicos, argumenta\u00e7\u00e3o<\/strong>). Logo, \u00e9 \u00f3bvio que <strong>voc\u00ea n\u00e3o pode deixar esses assuntos de lado<\/strong>.<\/p>\n\n\n\n<p>Inclusive, conforme mencionei anteriormente, a quest\u00e3o mais dif\u00edcil da FCC sobre Diagramas L\u00f3gicos ocorreu justamente na \u00faltima prova do TRF-3.<\/p>\n\n\n\n<p>Ainda dentro de Racioc\u00ednio L\u00f3gico, outro assunto bastante cobrado pela FCC (e que n\u00e3o est\u00e1 expl\u00edcito no edital) na \u00faltima prova do TRF-3 foram os problemas de <strong>Associa\u00e7\u00e3o L\u00f3gica<\/strong> (quest\u00f5es 18 e 20 &#8211; T\u00e9cnico). Esse \u00e9 um assunto <strong>muito recorrente nas provas da FCC<\/strong>.<\/p>\n\n\n\n<p>Entretanto, diante do exposto nos par\u00e1grafos anteriores, eu sugiro que voc\u00ea <strong>foque bastante os seus esfor\u00e7os em Matem\u00e1tica<\/strong>.<\/p>\n\n\n\n<p>Pelo que venho percebendo, al\u00e9m dos assuntos b\u00e1sicos de Matem\u00e1tica como Porcentagem, Regra de Tr\u00eas, Fra\u00e7\u00f5es e Propor\u00e7\u00f5es, <strong>a FCC vem dando um destaque especial a problemas envolvendo equa\u00e7\u00f5es e sistemas de equa\u00e7\u00f5es do primeiro grau<\/strong>. Pasmem: equa\u00e7\u00f5es do primeiro grau foram abordadas em 75% das provas do TRF-4.<\/p>\n\n\n\n<p>Tamb\u00e9m \u00e9 comum haver quest\u00f5es envolvendo An\u00e1lise Combinat\u00f3ria ou Princ\u00edpio da Casa dos Pombos. Sugiro uma \u00eanfase maior ao Princ\u00edpio da Casa dos Pombos, pois foi um assunto bastante cobrado pela FCC em 2018.<\/p>\n\n\n\n<p>Um forte abra\u00e7o,<\/p>\n\n\n\n<p>Guilherme Neves<\/p>\n","protected":false},"excerpt":{"rendered":"<p>Neste artigo, faremos uma an\u00e1lise completa do conte\u00fado de Racioc\u00ednio L\u00f3gico e um raio X sobre a \u00faltima prova do TRF-3 (Racioc\u00ednio L\u00f3gico-Matem\u00e1tico). Fala, pessoal! Tudo bem? Aqui \u00e9 o professor Guilherme Neves. Saiu o edital do concurso para o TRF-3 e mais uma vez a FCC cobrar\u00e1 o seu conte\u00fado program\u00e1tico padr\u00e3o de Racioc\u00ednio [&hellip;]<\/p>\n","protected":false},"author":739,"featured_media":0,"comment_status":"open","ping_status":"closed","sticky":false,"template":"","format":"standard","meta":{"post_tipo":"article","footnotes":""},"categories":[1],"tags":[],"tax_estado":[],"class_list":["post-408066","post","type-post","status-publish","format-standard","hentry","category-cursos-e-concursos"],"acf":[],"yoast_head":"<!-- This site is optimized with the Yoast SEO Premium plugin v27.2 (Yoast SEO v27.2) - https:\/\/yoast.com\/product\/yoast-seo-premium-wordpress\/ -->\n<title>Racioc\u00ednio L\u00f3gico - O que estudar para a prova do TRF-3?<\/title>\n<meta name=\"robots\" content=\"index, follow, max-snippet:-1, max-image-preview:large, max-video-preview:-1\" \/>\n<link rel=\"canonical\" href=\"https:\/\/www.estrategiaconcursos.com.br\/blog\/raciocinio-logico-para-trf-3-raio-x-da-prova\/\" \/>\n<meta property=\"og:locale\" content=\"pt_BR\" \/>\n<meta property=\"og:type\" content=\"article\" \/>\n<meta property=\"og:title\" content=\"Racioc\u00ednio L\u00f3gico - O que estudar para a prova do TRF-3?\" \/>\n<meta property=\"og:description\" content=\"Neste artigo, faremos uma an\u00e1lise completa do conte\u00fado de Racioc\u00ednio L\u00f3gico e um raio X sobre a \u00faltima prova do TRF-3 (Racioc\u00ednio L\u00f3gico-Matem\u00e1tico). Fala, pessoal! Tudo bem? Aqui \u00e9 o professor Guilherme Neves. Saiu o edital do concurso para o TRF-3 e mais uma vez a FCC cobrar\u00e1 o seu conte\u00fado program\u00e1tico padr\u00e3o de Racioc\u00ednio [&hellip;]\" \/>\n<meta property=\"og:url\" content=\"https:\/\/www.estrategiaconcursos.com.br\/blog\/raciocinio-logico-para-trf-3-raio-x-da-prova\/\" \/>\n<meta property=\"og:site_name\" content=\"Estrat\u00e9gia Concursos\" \/>\n<meta property=\"article:published_time\" content=\"2019-09-06T22:29:39+00:00\" \/>\n<meta property=\"article:modified_time\" content=\"2019-09-19T18:44:36+00:00\" \/>\n<meta name=\"author\" content=\"Guilherme Neves\" \/>\n<meta name=\"twitter:card\" content=\"summary_large_image\" \/>\n<meta name=\"twitter:creator\" content=\"@EstratConcursos\" \/>\n<meta name=\"twitter:site\" content=\"@EstratConcursos\" \/>\n<meta name=\"twitter:label1\" content=\"Escrito por\" \/>\n\t<meta name=\"twitter:data1\" content=\"Guilherme Neves\" \/>\n\t<meta name=\"twitter:label2\" content=\"Est. tempo de leitura\" \/>\n\t<meta name=\"twitter:data2\" content=\"5 minutos\" \/>\n<script type=\"application\/ld+json\" class=\"yoast-schema-graph\">{\"@context\":\"https:\/\/schema.org\",\"@graph\":[{\"@type\":\"NewsArticle\",\"@id\":\"https:\/\/www.estrategiaconcursos.com.br\/blog\/raciocinio-logico-para-trf-3-raio-x-da-prova\/#article\",\"isPartOf\":{\"@id\":\"https:\/\/www.estrategiaconcursos.com.br\/blog\/raciocinio-logico-para-trf-3-raio-x-da-prova\/\"},\"author\":{\"name\":\"Guilherme Neves\",\"@id\":\"https:\/\/www.estrategiaconcursos.com.br\/blog\/#\/schema\/person\/6f1394c8fffbe6cfa67201ece56aed6e\"},\"headline\":\"Racioc\u00ednio L\u00f3gico &#8211; O que estudar para a prova do TRF-3?\",\"datePublished\":\"2019-09-06T22:29:39+00:00\",\"dateModified\":\"2019-09-19T18:44:36+00:00\",\"mainEntityOfPage\":{\"@id\":\"https:\/\/www.estrategiaconcursos.com.br\/blog\/raciocinio-logico-para-trf-3-raio-x-da-prova\/\"},\"wordCount\":1029,\"commentCount\":0,\"publisher\":{\"@id\":\"https:\/\/www.estrategiaconcursos.com.br\/blog\/#organization\"},\"articleSection\":[\"Concursos P\u00fablicos\"],\"inLanguage\":\"pt-BR\",\"potentialAction\":[{\"@type\":\"CommentAction\",\"name\":\"Comment\",\"target\":[\"https:\/\/www.estrategiaconcursos.com.br\/blog\/raciocinio-logico-para-trf-3-raio-x-da-prova\/#respond\"]}],\"copyrightYear\":\"2019\",\"copyrightHolder\":{\"@id\":\"https:\/\/www.estrategiaconcursos.com.br\/blog\/#organization\"}},{\"@type\":\"WebPage\",\"@id\":\"https:\/\/www.estrategiaconcursos.com.br\/blog\/raciocinio-logico-para-trf-3-raio-x-da-prova\/\",\"url\":\"https:\/\/www.estrategiaconcursos.com.br\/blog\/raciocinio-logico-para-trf-3-raio-x-da-prova\/\",\"name\":\"Racioc\u00ednio L\u00f3gico - O que estudar para a prova do TRF-3?\",\"isPartOf\":{\"@id\":\"https:\/\/www.estrategiaconcursos.com.br\/blog\/#website\"},\"datePublished\":\"2019-09-06T22:29:39+00:00\",\"dateModified\":\"2019-09-19T18:44:36+00:00\",\"breadcrumb\":{\"@id\":\"https:\/\/www.estrategiaconcursos.com.br\/blog\/raciocinio-logico-para-trf-3-raio-x-da-prova\/#breadcrumb\"},\"inLanguage\":\"pt-BR\",\"potentialAction\":[{\"@type\":\"ReadAction\",\"target\":[\"https:\/\/www.estrategiaconcursos.com.br\/blog\/raciocinio-logico-para-trf-3-raio-x-da-prova\/\"]}]},{\"@type\":\"BreadcrumbList\",\"@id\":\"https:\/\/www.estrategiaconcursos.com.br\/blog\/raciocinio-logico-para-trf-3-raio-x-da-prova\/#breadcrumb\",\"itemListElement\":[{\"@type\":\"ListItem\",\"position\":1,\"name\":\"In\u00edcio\",\"item\":\"https:\/\/www.estrategiaconcursos.com.br\/blog\/\"},{\"@type\":\"ListItem\",\"position\":2,\"name\":\"Racioc\u00ednio L\u00f3gico &#8211; O que estudar para a prova do TRF-3?\"}]},{\"@type\":\"WebSite\",\"@id\":\"https:\/\/www.estrategiaconcursos.com.br\/blog\/#website\",\"url\":\"https:\/\/www.estrategiaconcursos.com.br\/blog\/\",\"name\":\"Estrat\u00e9gia Concursos\",\"description\":\"O blog da Estrat\u00e9gia Concursos traz not\u00edcias sobre concursos e artigos de professores oferecendo cursos para concursos (pdf + videaulas) no site.\",\"publisher\":{\"@id\":\"https:\/\/www.estrategiaconcursos.com.br\/blog\/#organization\"},\"potentialAction\":[{\"@type\":\"SearchAction\",\"target\":{\"@type\":\"EntryPoint\",\"urlTemplate\":\"https:\/\/www.estrategiaconcursos.com.br\/blog\/?s={search_term_string}\"},\"query-input\":{\"@type\":\"PropertyValueSpecification\",\"valueRequired\":true,\"valueName\":\"search_term_string\"}}],\"inLanguage\":\"pt-BR\"},{\"@type\":\"Organization\",\"@id\":\"https:\/\/www.estrategiaconcursos.com.br\/blog\/#organization\",\"name\":\"Estrat\u00e9gia Concursos\",\"url\":\"https:\/\/www.estrategiaconcursos.com.br\/blog\/\",\"logo\":{\"@type\":\"ImageObject\",\"inLanguage\":\"pt-BR\",\"@id\":\"https:\/\/www.estrategiaconcursos.com.br\/blog\/#\/schema\/logo\/image\/\",\"url\":\"https:\/\/dhg1h5j42swfq.cloudfront.net\/2025\/06\/03203428\/logo_concursos-1.jpg\",\"contentUrl\":\"https:\/\/dhg1h5j42swfq.cloudfront.net\/2025\/06\/03203428\/logo_concursos-1.jpg\",\"width\":230,\"height\":60,\"caption\":\"Estrat\u00e9gia Concursos\"},\"image\":{\"@id\":\"https:\/\/www.estrategiaconcursos.com.br\/blog\/#\/schema\/logo\/image\/\"},\"sameAs\":[\"https:\/\/x.com\/EstratConcursos\"]},{\"@type\":\"Person\",\"@id\":\"https:\/\/www.estrategiaconcursos.com.br\/blog\/#\/schema\/person\/6f1394c8fffbe6cfa67201ece56aed6e\",\"name\":\"Guilherme Neves\",\"image\":{\"@type\":\"ImageObject\",\"inLanguage\":\"pt-BR\",\"@id\":\"https:\/\/secure.gravatar.com\/avatar\/c6e634c175758bc81974a6dbecf7f3de844f8c8435193c5549709cbb19dd8cab?s=96&d=mm&r=g\",\"url\":\"https:\/\/secure.gravatar.com\/avatar\/c6e634c175758bc81974a6dbecf7f3de844f8c8435193c5549709cbb19dd8cab?s=96&d=mm&r=g\",\"contentUrl\":\"https:\/\/secure.gravatar.com\/avatar\/c6e634c175758bc81974a6dbecf7f3de844f8c8435193c5549709cbb19dd8cab?s=96&d=mm&r=g\",\"caption\":\"Guilherme Neves\"},\"url\":\"https:\/\/www.estrategiaconcursos.com.br\/blog\/author\/guilhermenevesestrategiaconcursos-com-br\/\"}]}<\/script>\n<!-- \/ Yoast SEO Premium plugin. -->","yoast_head_json":{"title":"Racioc\u00ednio L\u00f3gico - O que estudar para a prova do TRF-3?","robots":{"index":"index","follow":"follow","max-snippet":"max-snippet:-1","max-image-preview":"max-image-preview:large","max-video-preview":"max-video-preview:-1"},"canonical":"https:\/\/www.estrategiaconcursos.com.br\/blog\/raciocinio-logico-para-trf-3-raio-x-da-prova\/","og_locale":"pt_BR","og_type":"article","og_title":"Racioc\u00ednio L\u00f3gico - O que estudar para a prova do TRF-3?","og_description":"Neste artigo, faremos uma an\u00e1lise completa do conte\u00fado de Racioc\u00ednio L\u00f3gico e um raio X sobre a \u00faltima prova do TRF-3 (Racioc\u00ednio L\u00f3gico-Matem\u00e1tico). Fala, pessoal! Tudo bem? Aqui \u00e9 o professor Guilherme Neves. Saiu o edital do concurso para o TRF-3 e mais uma vez a FCC cobrar\u00e1 o seu conte\u00fado program\u00e1tico padr\u00e3o de Racioc\u00ednio [&hellip;]","og_url":"https:\/\/www.estrategiaconcursos.com.br\/blog\/raciocinio-logico-para-trf-3-raio-x-da-prova\/","og_site_name":"Estrat\u00e9gia Concursos","article_published_time":"2019-09-06T22:29:39+00:00","article_modified_time":"2019-09-19T18:44:36+00:00","author":"Guilherme Neves","twitter_card":"summary_large_image","twitter_creator":"@EstratConcursos","twitter_site":"@EstratConcursos","twitter_misc":{"Escrito por":"Guilherme Neves","Est. tempo de leitura":"5 minutos"},"schema":{"@context":"https:\/\/schema.org","@graph":[{"@type":"NewsArticle","@id":"https:\/\/www.estrategiaconcursos.com.br\/blog\/raciocinio-logico-para-trf-3-raio-x-da-prova\/#article","isPartOf":{"@id":"https:\/\/www.estrategiaconcursos.com.br\/blog\/raciocinio-logico-para-trf-3-raio-x-da-prova\/"},"author":{"name":"Guilherme Neves","@id":"https:\/\/www.estrategiaconcursos.com.br\/blog\/#\/schema\/person\/6f1394c8fffbe6cfa67201ece56aed6e"},"headline":"Racioc\u00ednio L\u00f3gico &#8211; O que estudar para a prova do TRF-3?","datePublished":"2019-09-06T22:29:39+00:00","dateModified":"2019-09-19T18:44:36+00:00","mainEntityOfPage":{"@id":"https:\/\/www.estrategiaconcursos.com.br\/blog\/raciocinio-logico-para-trf-3-raio-x-da-prova\/"},"wordCount":1029,"commentCount":0,"publisher":{"@id":"https:\/\/www.estrategiaconcursos.com.br\/blog\/#organization"},"articleSection":["Concursos P\u00fablicos"],"inLanguage":"pt-BR","potentialAction":[{"@type":"CommentAction","name":"Comment","target":["https:\/\/www.estrategiaconcursos.com.br\/blog\/raciocinio-logico-para-trf-3-raio-x-da-prova\/#respond"]}],"copyrightYear":"2019","copyrightHolder":{"@id":"https:\/\/www.estrategiaconcursos.com.br\/blog\/#organization"}},{"@type":"WebPage","@id":"https:\/\/www.estrategiaconcursos.com.br\/blog\/raciocinio-logico-para-trf-3-raio-x-da-prova\/","url":"https:\/\/www.estrategiaconcursos.com.br\/blog\/raciocinio-logico-para-trf-3-raio-x-da-prova\/","name":"Racioc\u00ednio L\u00f3gico - O que estudar para a prova do TRF-3?","isPartOf":{"@id":"https:\/\/www.estrategiaconcursos.com.br\/blog\/#website"},"datePublished":"2019-09-06T22:29:39+00:00","dateModified":"2019-09-19T18:44:36+00:00","breadcrumb":{"@id":"https:\/\/www.estrategiaconcursos.com.br\/blog\/raciocinio-logico-para-trf-3-raio-x-da-prova\/#breadcrumb"},"inLanguage":"pt-BR","potentialAction":[{"@type":"ReadAction","target":["https:\/\/www.estrategiaconcursos.com.br\/blog\/raciocinio-logico-para-trf-3-raio-x-da-prova\/"]}]},{"@type":"BreadcrumbList","@id":"https:\/\/www.estrategiaconcursos.com.br\/blog\/raciocinio-logico-para-trf-3-raio-x-da-prova\/#breadcrumb","itemListElement":[{"@type":"ListItem","position":1,"name":"In\u00edcio","item":"https:\/\/www.estrategiaconcursos.com.br\/blog\/"},{"@type":"ListItem","position":2,"name":"Racioc\u00ednio L\u00f3gico &#8211; O que estudar para a prova do TRF-3?"}]},{"@type":"WebSite","@id":"https:\/\/www.estrategiaconcursos.com.br\/blog\/#website","url":"https:\/\/www.estrategiaconcursos.com.br\/blog\/","name":"Estrat\u00e9gia Concursos","description":"O blog da Estrat\u00e9gia Concursos traz not\u00edcias sobre concursos e artigos de professores oferecendo cursos para concursos (pdf + videaulas) no site.","publisher":{"@id":"https:\/\/www.estrategiaconcursos.com.br\/blog\/#organization"},"potentialAction":[{"@type":"SearchAction","target":{"@type":"EntryPoint","urlTemplate":"https:\/\/www.estrategiaconcursos.com.br\/blog\/?s={search_term_string}"},"query-input":{"@type":"PropertyValueSpecification","valueRequired":true,"valueName":"search_term_string"}}],"inLanguage":"pt-BR"},{"@type":"Organization","@id":"https:\/\/www.estrategiaconcursos.com.br\/blog\/#organization","name":"Estrat\u00e9gia Concursos","url":"https:\/\/www.estrategiaconcursos.com.br\/blog\/","logo":{"@type":"ImageObject","inLanguage":"pt-BR","@id":"https:\/\/www.estrategiaconcursos.com.br\/blog\/#\/schema\/logo\/image\/","url":"https:\/\/dhg1h5j42swfq.cloudfront.net\/2025\/06\/03203428\/logo_concursos-1.jpg","contentUrl":"https:\/\/dhg1h5j42swfq.cloudfront.net\/2025\/06\/03203428\/logo_concursos-1.jpg","width":230,"height":60,"caption":"Estrat\u00e9gia Concursos"},"image":{"@id":"https:\/\/www.estrategiaconcursos.com.br\/blog\/#\/schema\/logo\/image\/"},"sameAs":["https:\/\/x.com\/EstratConcursos"]},{"@type":"Person","@id":"https:\/\/www.estrategiaconcursos.com.br\/blog\/#\/schema\/person\/6f1394c8fffbe6cfa67201ece56aed6e","name":"Guilherme Neves","image":{"@type":"ImageObject","inLanguage":"pt-BR","@id":"https:\/\/secure.gravatar.com\/avatar\/c6e634c175758bc81974a6dbecf7f3de844f8c8435193c5549709cbb19dd8cab?s=96&d=mm&r=g","url":"https:\/\/secure.gravatar.com\/avatar\/c6e634c175758bc81974a6dbecf7f3de844f8c8435193c5549709cbb19dd8cab?s=96&d=mm&r=g","contentUrl":"https:\/\/secure.gravatar.com\/avatar\/c6e634c175758bc81974a6dbecf7f3de844f8c8435193c5549709cbb19dd8cab?s=96&d=mm&r=g","caption":"Guilherme Neves"},"url":"https:\/\/www.estrategiaconcursos.com.br\/blog\/author\/guilhermenevesestrategiaconcursos-com-br\/"}]}},"_links":{"self":[{"href":"https:\/\/www.estrategiaconcursos.com.br\/blog\/wp-json\/wp\/v2\/posts\/408066","targetHints":{"allow":["GET"]}}],"collection":[{"href":"https:\/\/www.estrategiaconcursos.com.br\/blog\/wp-json\/wp\/v2\/posts"}],"about":[{"href":"https:\/\/www.estrategiaconcursos.com.br\/blog\/wp-json\/wp\/v2\/types\/post"}],"author":[{"embeddable":true,"href":"https:\/\/www.estrategiaconcursos.com.br\/blog\/wp-json\/wp\/v2\/users\/739"}],"replies":[{"embeddable":true,"href":"https:\/\/www.estrategiaconcursos.com.br\/blog\/wp-json\/wp\/v2\/comments?post=408066"}],"version-history":[{"count":14,"href":"https:\/\/www.estrategiaconcursos.com.br\/blog\/wp-json\/wp\/v2\/posts\/408066\/revisions"}],"predecessor-version":[{"id":421920,"href":"https:\/\/www.estrategiaconcursos.com.br\/blog\/wp-json\/wp\/v2\/posts\/408066\/revisions\/421920"}],"wp:attachment":[{"href":"https:\/\/www.estrategiaconcursos.com.br\/blog\/wp-json\/wp\/v2\/media?parent=408066"}],"wp:term":[{"taxonomy":"category","embeddable":true,"href":"https:\/\/www.estrategiaconcursos.com.br\/blog\/wp-json\/wp\/v2\/categories?post=408066"},{"taxonomy":"post_tag","embeddable":true,"href":"https:\/\/www.estrategiaconcursos.com.br\/blog\/wp-json\/wp\/v2\/tags?post=408066"},{"taxonomy":"tax_estado","embeddable":true,"href":"https:\/\/www.estrategiaconcursos.com.br\/blog\/wp-json\/wp\/v2\/tax_estado?post=408066"}],"curies":[{"name":"wp","href":"https:\/\/api.w.org\/{rel}","templated":true}]}}