{"id":407797,"date":"2019-08-09T12:10:56","date_gmt":"2019-08-09T15:10:56","guid":{"rendered":"https:\/\/www.estrategiaconcursos.com.br\/blog\/?p=407797"},"modified":"2019-12-30T17:09:16","modified_gmt":"2019-12-30T20:09:16","slug":"edital-bombeiro-pr","status":"publish","type":"post","link":"https:\/\/www.estrategiaconcursos.com.br\/blog\/edital-bombeiro-pr\/","title":{"rendered":"Edital Bombeiro PR: PUBLICADO! S\u00e3o 20 vagas para Cadete"},"content":{"rendered":"\n<p>Foi publicado o edital para o concurso do Corpo de Bombeiros do Paran\u00e1, nesta sexta-feira, 09 de agosto.<\/p>\n\n\n\n<p>Sob organiza\u00e7\u00e3o da UFPR, o Edital Bombeiros PR traz a oferta de 20 vagas para o cargo de&nbsp;<strong>Cadete<\/strong>, que exige o n\u00edvel m\u00e9dio completo para se candidatar.<\/p>\n\n\n\n<p>As vagas est\u00e3o divididas entre:<\/p>\n\n\n\n<ul class=\"wp-block-list\"><li>Ampla Concorr\u00eacia &#8211; 18 vagas<\/li><li>Afrodescendentes &#8211; 02 vagas<\/li><\/ul>\n\n\n\n<p>Sexo Feminino: fica limitado o ingresso de pessoas do sexo feminino a at\u00e9 50% das vagas ofertadas, nos termos da Lei estadual n\u00ba 14.804\/2005 <\/p>\n\n\n\n<h2 class=\"wp-block-heading\">Principais Informa\u00e7\u00f5es do Edital Bombeiros PR<\/h2>\n\n\n\n<p>As inscri\u00e7\u00f5es poder\u00e3o ser realizadas no site da banca organizadora, UFPR, at\u00e9 o dia 10 de setembro.<\/p>\n\n\n\n<p class=\"has-background has-very-light-gray-background-color\"><em><strong>Inscri\u00e7\u00f5es: <\/strong><\/em>12\/08\/2019 at\u00e9 10\/09\/2019<br \/><strong><em>Taxa: <\/em><\/strong>n\u00e3o informada no edital<strong><em><br \/>Data da Prova Objetiva:<\/em><\/strong> 27\/10<br \/><strong>Data da Prova Discursiva:<\/strong> 24\/11<\/p>\n\n\n\n<h2 class=\"wp-block-heading\"> Requisitos do cargo<\/h2>\n\n\n\n<p>Abaixo voc\u00ea confere os requisitos necess\u00e1rios para se candidatar a uma das vagas: <\/p>\n\n\n\n<p>a) Ter nacionalidade brasileira; <br \/>b) Ter <strong>no m\u00e1ximo 30 (trinta) anos<\/strong> de idade completos, <strong>at\u00e9 o primeiro dia de inscri\u00e7\u00f5es;<\/strong> <br \/>c) <strong>Comprovar conclus\u00e3o do ensino m\u00e9dio; <\/strong><br \/>d) Ter sido aprovado em todas as etapas do presente concurso p\u00fablico; <br \/>e) Possuir capacidade f\u00edsica; <br \/>f) Possuir sanidade f\u00edsica; <br \/>g) Possuir aprova\u00e7\u00e3o no exame de adequa\u00e7\u00e3o psicol\u00f3gica; <br \/>h) Ser aprovado no teste toxicol\u00f3gico; <br \/>i) Possuir idoneidade moral; <br \/>j) Estar quites com o servi\u00e7o militar; <br \/>k) Estar em dia com as obriga\u00e7\u00f5es eleitorais. <\/p>\n\n\n\n<h2 class=\"wp-block-heading\">Remunera\u00e7\u00e3o<\/h2>\n\n\n\n<p> O  Cadete durante o primeiro ano do curso de forma\u00e7\u00e3o receber\u00e1 um subs\u00eddio no valor de R$ 3.213,61, no 2\u00ba ano o valor \u00e9 de R$3.599,25 e no 3\u00ba ano \u00e9 de R$4.139,14.<\/p>\n\n\n\n<p>Ao concluir o 3\u00ba ano o Cadete \u00e9 declarado Aspirante \u00e0 Oficial com subs\u00eddio no valor de R$ 7.069,95, que ap\u00f3s o per\u00edodo de est\u00e1gio probat\u00f3rio estar\u00e1 apto a ser promovido ao Posto de 2\u00ba Tenente com subs\u00eddio de <strong>R$ 9.544,44. <\/strong><\/p>\n\n\n\n<h2 class=\"wp-block-heading\">Etapas do Edital Bombeiros PR<\/h2>\n\n\n\n<p>O certame ser\u00e1 composto por 06 etapas:<\/p>\n\n\n\n<ol class=\"wp-block-list\"><li>Prova de Conhecimentos em DUAS FASES (eliminat\u00f3rio e classificat\u00f3rio)<\/li><li>Avalia\u00e7\u00e3o Psicol\u00f3gica (eliminat\u00f3rio) <\/li><li>Investiga\u00e7\u00e3o Social <\/li><li>Exame de Sanidade F\u00edsica (eliminat\u00f3rio)<\/li><li> Exame de Capacidade F\u00edsica (eliminat\u00f3rio) <\/li><li>Teste de Habilidade Espec\u00edfica<\/li><\/ol>\n\n\n\n<h3 class=\"wp-block-heading\"><strong> Prova de Conhecimentos<\/strong><\/h3>\n\n\n\n<p class=\"has-medium-font-size\"><strong>Primeira Fase<\/strong> &#8211; <strong>Prova Objetiva<\/strong> <\/p>\n\n\n\n<p>Esta prova valer\u00e1 90 pontos e ser\u00e1 aplicada no <strong>dia 27 de outubro<\/strong>, no per\u00edodo da tarde. Ser\u00e1 constitu\u00edda de:<\/p>\n\n\n\n<ul class=\"wp-block-list\"><li>Prova de Conhecimentos Gerais com 90 quest\u00f5es objetivas <\/li><\/ul>\n\n\n\n<p class=\"has-medium-font-size\"><strong>Segunda Fase &#8211;<\/strong> <strong>Prova Discursiva<\/strong> <\/p>\n\n\n\n<p>Ser\u00e1 aplicada na <strong>data de 24 de novembro<\/strong> e contar\u00e1 com 03 (tr\u00eas) quest\u00f5es no valor de 20 pontos cada. <\/p>\n\n\n\n<h3 class=\"wp-block-heading\"><strong>Exame de Capacidade F\u00edsica <\/strong><\/h3>\n\n\n\n<p> As provas ser\u00e3o assim divididas:<\/p>\n\n\n\n<p><strong>Masculino<\/strong> &#8211; 03 testes, sendo: <br \/><em>Shuttle Run, <br \/>tra\u00e7\u00e3o em barra fixa <br \/>corrida de 2.400 metros; <\/em><\/p>\n\n\n\n<p><strong>Feminino-<\/strong> 03 testes, sendo: <br \/><em>Shuttle Run, <br \/>isometria em barra fixa<br \/>corrida de 2.400 metros <\/em><\/p>\n\n\n\n<p>Para ser considerado APTO o candidato dever\u00e1 fazer uma somat\u00f3ria de no m\u00ednimo 11 (onze) pontos, de um total m\u00e1ximo de (15) quinze pontos. <\/p>\n\n\n\n<h3 class=\"wp-block-heading\"><strong>Teste de Habilidade Espec\u00edfica<\/strong><\/h3>\n\n\n\n<p> O certame conta ainda com teste de habilidades espec\u00edficas para o cargo de Cadete BM. As provas ser\u00e3o : <\/p>\n\n\n\n<ul class=\"wp-block-list\"><li>Mergulho; <\/li><li>Deslocamento em meio l\u00edquido; <\/li><li>Transposi\u00e7\u00e3o em trave suspensa;<\/li><li>Simula\u00e7\u00e3o de resgate <\/li><\/ul>\n\n\n\n<h2 class=\"wp-block-heading\">O Curso de Forma\u00e7\u00e3o<\/h2>\n\n\n\n<p>Os candidatos aprovados dentro do n\u00famero de vagas ser\u00e3o matriculados no Curso de Forma\u00e7\u00e3o de Oficiais (CFO). <\/p>\n\n\n\n<p>O curso, com dura\u00e7\u00e3o aproximada de 3 anos, ser\u00e1 realizado na Academia Policial Militar do Guatup\u00ea-APMG, conforme normas em vigor, podendo se estender a qualquer outra unidade da PMPR. <\/p>\n\n\n\n<p>Durante o curso, o Cadete se sujeita ao regime de dedica\u00e7\u00e3o exclusiva, incluindo atividades noturnas, feriados e finais de semana, n\u00e3o sendo poss\u00edvel a libera\u00e7\u00e3o para frequ\u00eancia a outros cursos ou atividades estranhas \u00e0 Corpora\u00e7\u00e3o, podendo inclusive ser submetido ao regime de internato. <\/p>\n\n\n\n<p><strong>O curso n\u00e3o faz parte do concurso p\u00fablico.<\/strong> Ap\u00f3s concluir o curso, o Cadete estar\u00e1 apto a ser declarado Aspirante \u00e0 Oficial, que ap\u00f3s o per\u00edodo de est\u00e1gio probat\u00f3rio e demais requisitos estar\u00e1 apto a ser promovido ao Posto de 2\u00ba Tenente. <\/p>\n\n\n\n<p><em><strong>Quer saber mais sobre o concurso? Clique no link abaixo e fique por dentro de tudo!<\/strong><\/em><\/p>\n\n\n\n<p class=\"has-background has-text-align-center has-medium-font-size has-luminous-vivid-amber-background-color\"><strong><em>Mais informa\u00e7\u00f5es:<\/em><\/strong> <a href=\"https:\/\/www.estrategiaconcursos.com.br\/blog\/concurso-bombeiro-pr\/\">Bombeiro PR<\/a><\/p>\n\n\n\n<h2 class=\"wp-block-heading\" id=\"assinatura-e-cursos\"><em><strong>Assinatura Anual Ilimitada*<\/strong><\/em><\/h2>\n\n\n\n<p><em>Prepare-se com o melhor material e com quem mais aprova em Concursos P\u00fablicos em todo o pa\u00eds. Assine agora a nossa Assinatura Anual e tenha acesso ilimitado* a todos os nossos cursos.<\/em><\/p>\n\n\n\n<p class=\"has-background has-text-align-center has-light-green-cyan-background-color\"><strong>ASSINE AGORA<\/strong>&nbsp;\u2013&nbsp;<a rel=\"noreferrer noopener\" href=\"https:\/\/www.estrategiaconcursos.com.br\/assinaturas\" target=\"_blank\"><strong>Assinatura Ilimitada<\/strong><\/a><\/p>\n\n\n\n<p class=\"has-background has-text-align-center has-pale-cyan-blue-background-color\"><strong><a href=\"https:\/\/www.estrategiaconcursos.com.br\/blog\/concursos-abertos\/\">CONCURSOS ABERTOS<\/a><\/strong><\/p>\n\n\n\n<p class=\"has-background has-text-align-center has-pale-cyan-blue-background-color\"><a href=\"https:\/\/www.estrategiaconcursos.com.br\/blog\/concursos-2020\/\"><strong>CONCURSOS<\/strong><\/a><strong><a href=\"https:\/\/www.estrategiaconcursos.com.br\/blog\/concursos-2020\/\">&nbsp;2020<\/a><\/strong><\/p>\n\n\n\n<figure class=\"wp-block-image\"><img loading=\"lazy\" decoding=\"async\" width=\"300\" height=\"102\" src=\"https:\/\/dhg1h5j42swfq.cloudfront.net\/2017\/03\/28152500\/coruja-ficha-tecnica-300x102.png\" alt=\"Ficha t\u00e9cnica concurso PM PR\" class=\"wp-image-68542\"\/><\/figure>\n\n\n\n<p><strong>\u2666Informa\u00e7\u00f5es do Edital Bombeiro PR<\/strong>&nbsp;<strong>\u2013 Cadete<\/strong><br \/>\u25ba<strong>Data prevista da prova:&nbsp;<\/strong>27\/10<br \/>\u25ba<strong>Vagas:&nbsp;<\/strong>20<strong><br \/>\u25baBanca:&nbsp;<\/strong>UFPR<strong><br \/>\u25baEscolaridade:&nbsp;<\/strong>N\u00edvel m\u00e9dio<\/p>\n\n\n\n<div class=\"wp-block-file\"><a href=\"https:\/\/dhg1h5j42swfq.cloudfront.net\/2019\/08\/09120927\/Edital-Bombeiro-PR.pdf\" target=\"_blank\" rel=\"noreferrer noopener\">Edital-Bombeiro-PR<\/a><a href=\"https:\/\/dhg1h5j42swfq.cloudfront.net\/2019\/08\/09120927\/Edital-Bombeiro-PR.pdf\" class=\"wp-block-file__button\" download>Baixar<\/a><\/div>\n\n\n\n<p><br \/><\/p>\n","protected":false},"excerpt":{"rendered":"<p>Foi publicado o edital para o concurso do Corpo de Bombeiros do Paran\u00e1, nesta sexta-feira, 09 de agosto. Sob organiza\u00e7\u00e3o da UFPR, o Edital Bombeiros PR traz a oferta de 20 vagas para o cargo de&nbsp;Cadete, que exige o n\u00edvel m\u00e9dio completo para se candidatar. As vagas est\u00e3o divididas entre: Ampla Concorr\u00eacia &#8211; 18 vagas [&hellip;]<\/p>\n","protected":false},"author":214,"featured_media":407846,"comment_status":"open","ping_status":"closed","sticky":false,"template":"","format":"standard","meta":{"post_tipo":"article","footnotes":""},"categories":[1],"tags":[],"tax_estado":[],"class_list":["post-407797","post","type-post","status-publish","format-standard","has-post-thumbnail","hentry","category-cursos-e-concursos"],"acf":[],"yoast_head":"<!-- This site is optimized with the Yoast SEO Premium plugin v27.2 (Yoast SEO v27.2) - https:\/\/yoast.com\/product\/yoast-seo-premium-wordpress\/ -->\n<title>Edital Bombeiro PR: PUBLICADO! S\u00e3o 20 vagas para Cadete<\/title>\n<meta name=\"robots\" content=\"index, follow, max-snippet:-1, max-image-preview:large, max-video-preview:-1\" \/>\n<link rel=\"canonical\" href=\"https:\/\/www.estrategiaconcursos.com.br\/blog\/edital-bombeiro-pr\/\" \/>\n<meta property=\"og:locale\" content=\"pt_BR\" \/>\n<meta property=\"og:type\" content=\"article\" \/>\n<meta property=\"og:title\" content=\"Edital Bombeiro PR: PUBLICADO! S\u00e3o 20 vagas para Cadete\" \/>\n<meta property=\"og:description\" content=\"Foi publicado o edital para o concurso do Corpo de Bombeiros do Paran\u00e1, nesta sexta-feira, 09 de agosto. Sob organiza\u00e7\u00e3o da UFPR, o Edital Bombeiros PR traz a oferta de 20 vagas para o cargo de&nbsp;Cadete, que exige o n\u00edvel m\u00e9dio completo para se candidatar. As vagas est\u00e3o divididas entre: Ampla Concorr\u00eacia &#8211; 18 vagas [&hellip;]\" \/>\n<meta property=\"og:url\" content=\"https:\/\/www.estrategiaconcursos.com.br\/blog\/edital-bombeiro-pr\/\" \/>\n<meta property=\"og:site_name\" content=\"Estrat\u00e9gia Concursos\" \/>\n<meta property=\"article:published_time\" content=\"2019-08-09T15:10:56+00:00\" \/>\n<meta property=\"article:modified_time\" content=\"2019-12-30T20:09:16+00:00\" \/>\n<meta property=\"og:image\" content=\"https:\/\/dhg1h5j42swfq.cloudfront.net\/2019\/08\/09123317\/Bombeiro-PR_NOME.jpg\" \/>\n\t<meta property=\"og:image:width\" content=\"1200\" \/>\n\t<meta property=\"og:image:height\" content=\"628\" \/>\n\t<meta property=\"og:image:type\" content=\"image\/jpeg\" \/>\n<meta name=\"author\" content=\"D\u00e9cio Terror Filho\" \/>\n<meta name=\"twitter:card\" content=\"summary_large_image\" \/>\n<meta name=\"twitter:creator\" content=\"@EstratConcursos\" \/>\n<meta name=\"twitter:site\" content=\"@EstratConcursos\" \/>\n<meta name=\"twitter:label1\" content=\"Escrito por\" \/>\n\t<meta name=\"twitter:data1\" content=\"D\u00e9cio Terror Filho\" \/>\n\t<meta name=\"twitter:label2\" content=\"Est. tempo de leitura\" \/>\n\t<meta name=\"twitter:data2\" content=\"4 minutos\" \/>\n<script type=\"application\/ld+json\" class=\"yoast-schema-graph\">{\"@context\":\"https:\/\/schema.org\",\"@graph\":[{\"@type\":\"NewsArticle\",\"@id\":\"https:\/\/www.estrategiaconcursos.com.br\/blog\/edital-bombeiro-pr\/#article\",\"isPartOf\":{\"@id\":\"https:\/\/www.estrategiaconcursos.com.br\/blog\/edital-bombeiro-pr\/\"},\"author\":{\"name\":\"D\u00e9cio Terror Filho\",\"@id\":\"https:\/\/www.estrategiaconcursos.com.br\/blog\/#\/schema\/person\/e8165364027a31208914fc77c3314727\"},\"headline\":\"Edital Bombeiro PR: PUBLICADO! S\u00e3o 20 vagas para Cadete\",\"datePublished\":\"2019-08-09T15:10:56+00:00\",\"dateModified\":\"2019-12-30T20:09:16+00:00\",\"mainEntityOfPage\":{\"@id\":\"https:\/\/www.estrategiaconcursos.com.br\/blog\/edital-bombeiro-pr\/\"},\"wordCount\":771,\"commentCount\":0,\"publisher\":{\"@id\":\"https:\/\/www.estrategiaconcursos.com.br\/blog\/#organization\"},\"image\":{\"@id\":\"https:\/\/www.estrategiaconcursos.com.br\/blog\/edital-bombeiro-pr\/#primaryimage\"},\"thumbnailUrl\":\"https:\/\/dhg1h5j42swfq.cloudfront.net\/2019\/08\/09123317\/Bombeiro-PR_NOME.jpg\",\"articleSection\":[\"Concursos P\u00fablicos\"],\"inLanguage\":\"pt-BR\",\"potentialAction\":[{\"@type\":\"CommentAction\",\"name\":\"Comment\",\"target\":[\"https:\/\/www.estrategiaconcursos.com.br\/blog\/edital-bombeiro-pr\/#respond\"]}],\"copyrightYear\":\"2019\",\"copyrightHolder\":{\"@id\":\"https:\/\/www.estrategiaconcursos.com.br\/blog\/#organization\"}},{\"@type\":\"WebPage\",\"@id\":\"https:\/\/www.estrategiaconcursos.com.br\/blog\/edital-bombeiro-pr\/\",\"url\":\"https:\/\/www.estrategiaconcursos.com.br\/blog\/edital-bombeiro-pr\/\",\"name\":\"Edital Bombeiro PR: PUBLICADO! S\u00e3o 20 vagas para Cadete\",\"isPartOf\":{\"@id\":\"https:\/\/www.estrategiaconcursos.com.br\/blog\/#website\"},\"primaryImageOfPage\":{\"@id\":\"https:\/\/www.estrategiaconcursos.com.br\/blog\/edital-bombeiro-pr\/#primaryimage\"},\"image\":{\"@id\":\"https:\/\/www.estrategiaconcursos.com.br\/blog\/edital-bombeiro-pr\/#primaryimage\"},\"thumbnailUrl\":\"https:\/\/dhg1h5j42swfq.cloudfront.net\/2019\/08\/09123317\/Bombeiro-PR_NOME.jpg\",\"datePublished\":\"2019-08-09T15:10:56+00:00\",\"dateModified\":\"2019-12-30T20:09:16+00:00\",\"breadcrumb\":{\"@id\":\"https:\/\/www.estrategiaconcursos.com.br\/blog\/edital-bombeiro-pr\/#breadcrumb\"},\"inLanguage\":\"pt-BR\",\"potentialAction\":[{\"@type\":\"ReadAction\",\"target\":[\"https:\/\/www.estrategiaconcursos.com.br\/blog\/edital-bombeiro-pr\/\"]}]},{\"@type\":\"ImageObject\",\"inLanguage\":\"pt-BR\",\"@id\":\"https:\/\/www.estrategiaconcursos.com.br\/blog\/edital-bombeiro-pr\/#primaryimage\",\"url\":\"https:\/\/dhg1h5j42swfq.cloudfront.net\/2019\/08\/09123317\/Bombeiro-PR_NOME.jpg\",\"contentUrl\":\"https:\/\/dhg1h5j42swfq.cloudfront.net\/2019\/08\/09123317\/Bombeiro-PR_NOME.jpg\",\"width\":1200,\"height\":628},{\"@type\":\"BreadcrumbList\",\"@id\":\"https:\/\/www.estrategiaconcursos.com.br\/blog\/edital-bombeiro-pr\/#breadcrumb\",\"itemListElement\":[{\"@type\":\"ListItem\",\"position\":1,\"name\":\"In\u00edcio\",\"item\":\"https:\/\/www.estrategiaconcursos.com.br\/blog\/\"},{\"@type\":\"ListItem\",\"position\":2,\"name\":\"Edital Bombeiro PR: PUBLICADO! S\u00e3o 20 vagas para Cadete\"}]},{\"@type\":\"WebSite\",\"@id\":\"https:\/\/www.estrategiaconcursos.com.br\/blog\/#website\",\"url\":\"https:\/\/www.estrategiaconcursos.com.br\/blog\/\",\"name\":\"Estrat\u00e9gia Concursos\",\"description\":\"O blog da Estrat\u00e9gia Concursos traz not\u00edcias sobre concursos e artigos de professores oferecendo cursos para concursos (pdf + videaulas) no site.\",\"publisher\":{\"@id\":\"https:\/\/www.estrategiaconcursos.com.br\/blog\/#organization\"},\"potentialAction\":[{\"@type\":\"SearchAction\",\"target\":{\"@type\":\"EntryPoint\",\"urlTemplate\":\"https:\/\/www.estrategiaconcursos.com.br\/blog\/?s={search_term_string}\"},\"query-input\":{\"@type\":\"PropertyValueSpecification\",\"valueRequired\":true,\"valueName\":\"search_term_string\"}}],\"inLanguage\":\"pt-BR\"},{\"@type\":\"Organization\",\"@id\":\"https:\/\/www.estrategiaconcursos.com.br\/blog\/#organization\",\"name\":\"Estrat\u00e9gia Concursos\",\"url\":\"https:\/\/www.estrategiaconcursos.com.br\/blog\/\",\"logo\":{\"@type\":\"ImageObject\",\"inLanguage\":\"pt-BR\",\"@id\":\"https:\/\/www.estrategiaconcursos.com.br\/blog\/#\/schema\/logo\/image\/\",\"url\":\"https:\/\/dhg1h5j42swfq.cloudfront.net\/2025\/06\/03203428\/logo_concursos-1.jpg\",\"contentUrl\":\"https:\/\/dhg1h5j42swfq.cloudfront.net\/2025\/06\/03203428\/logo_concursos-1.jpg\",\"width\":230,\"height\":60,\"caption\":\"Estrat\u00e9gia Concursos\"},\"image\":{\"@id\":\"https:\/\/www.estrategiaconcursos.com.br\/blog\/#\/schema\/logo\/image\/\"},\"sameAs\":[\"https:\/\/x.com\/EstratConcursos\"]},{\"@type\":\"Person\",\"@id\":\"https:\/\/www.estrategiaconcursos.com.br\/blog\/#\/schema\/person\/e8165364027a31208914fc77c3314727\",\"name\":\"D\u00e9cio Terror Filho\",\"image\":{\"@type\":\"ImageObject\",\"inLanguage\":\"pt-BR\",\"@id\":\"https:\/\/secure.gravatar.com\/avatar\/a5b78e734de7c6482e965926e78344deb81abbc34282a3c9536cbb1a59728a37?s=96&d=mm&r=g\",\"url\":\"https:\/\/secure.gravatar.com\/avatar\/a5b78e734de7c6482e965926e78344deb81abbc34282a3c9536cbb1a59728a37?s=96&d=mm&r=g\",\"contentUrl\":\"https:\/\/secure.gravatar.com\/avatar\/a5b78e734de7c6482e965926e78344deb81abbc34282a3c9536cbb1a59728a37?s=96&d=mm&r=g\",\"caption\":\"D\u00e9cio Terror Filho\"},\"url\":\"https:\/\/www.estrategiaconcursos.com.br\/blog\/author\/contatoterrorportugues-com-br\/\"}]}<\/script>\n<!-- \/ Yoast SEO Premium plugin. -->","yoast_head_json":{"title":"Edital Bombeiro PR: PUBLICADO! S\u00e3o 20 vagas para Cadete","robots":{"index":"index","follow":"follow","max-snippet":"max-snippet:-1","max-image-preview":"max-image-preview:large","max-video-preview":"max-video-preview:-1"},"canonical":"https:\/\/www.estrategiaconcursos.com.br\/blog\/edital-bombeiro-pr\/","og_locale":"pt_BR","og_type":"article","og_title":"Edital Bombeiro PR: PUBLICADO! S\u00e3o 20 vagas para Cadete","og_description":"Foi publicado o edital para o concurso do Corpo de Bombeiros do Paran\u00e1, nesta sexta-feira, 09 de agosto. Sob organiza\u00e7\u00e3o da UFPR, o Edital Bombeiros PR traz a oferta de 20 vagas para o cargo de&nbsp;Cadete, que exige o n\u00edvel m\u00e9dio completo para se candidatar. As vagas est\u00e3o divididas entre: Ampla Concorr\u00eacia &#8211; 18 vagas [&hellip;]","og_url":"https:\/\/www.estrategiaconcursos.com.br\/blog\/edital-bombeiro-pr\/","og_site_name":"Estrat\u00e9gia Concursos","article_published_time":"2019-08-09T15:10:56+00:00","article_modified_time":"2019-12-30T20:09:16+00:00","og_image":[{"width":1200,"height":628,"url":"https:\/\/dhg1h5j42swfq.cloudfront.net\/2019\/08\/09123317\/Bombeiro-PR_NOME.jpg","type":"image\/jpeg"}],"author":"D\u00e9cio Terror Filho","twitter_card":"summary_large_image","twitter_creator":"@EstratConcursos","twitter_site":"@EstratConcursos","twitter_misc":{"Escrito por":"D\u00e9cio Terror Filho","Est. tempo de leitura":"4 minutos"},"schema":{"@context":"https:\/\/schema.org","@graph":[{"@type":"NewsArticle","@id":"https:\/\/www.estrategiaconcursos.com.br\/blog\/edital-bombeiro-pr\/#article","isPartOf":{"@id":"https:\/\/www.estrategiaconcursos.com.br\/blog\/edital-bombeiro-pr\/"},"author":{"name":"D\u00e9cio Terror Filho","@id":"https:\/\/www.estrategiaconcursos.com.br\/blog\/#\/schema\/person\/e8165364027a31208914fc77c3314727"},"headline":"Edital Bombeiro PR: PUBLICADO! S\u00e3o 20 vagas para Cadete","datePublished":"2019-08-09T15:10:56+00:00","dateModified":"2019-12-30T20:09:16+00:00","mainEntityOfPage":{"@id":"https:\/\/www.estrategiaconcursos.com.br\/blog\/edital-bombeiro-pr\/"},"wordCount":771,"commentCount":0,"publisher":{"@id":"https:\/\/www.estrategiaconcursos.com.br\/blog\/#organization"},"image":{"@id":"https:\/\/www.estrategiaconcursos.com.br\/blog\/edital-bombeiro-pr\/#primaryimage"},"thumbnailUrl":"https:\/\/dhg1h5j42swfq.cloudfront.net\/2019\/08\/09123317\/Bombeiro-PR_NOME.jpg","articleSection":["Concursos P\u00fablicos"],"inLanguage":"pt-BR","potentialAction":[{"@type":"CommentAction","name":"Comment","target":["https:\/\/www.estrategiaconcursos.com.br\/blog\/edital-bombeiro-pr\/#respond"]}],"copyrightYear":"2019","copyrightHolder":{"@id":"https:\/\/www.estrategiaconcursos.com.br\/blog\/#organization"}},{"@type":"WebPage","@id":"https:\/\/www.estrategiaconcursos.com.br\/blog\/edital-bombeiro-pr\/","url":"https:\/\/www.estrategiaconcursos.com.br\/blog\/edital-bombeiro-pr\/","name":"Edital Bombeiro PR: PUBLICADO! S\u00e3o 20 vagas para Cadete","isPartOf":{"@id":"https:\/\/www.estrategiaconcursos.com.br\/blog\/#website"},"primaryImageOfPage":{"@id":"https:\/\/www.estrategiaconcursos.com.br\/blog\/edital-bombeiro-pr\/#primaryimage"},"image":{"@id":"https:\/\/www.estrategiaconcursos.com.br\/blog\/edital-bombeiro-pr\/#primaryimage"},"thumbnailUrl":"https:\/\/dhg1h5j42swfq.cloudfront.net\/2019\/08\/09123317\/Bombeiro-PR_NOME.jpg","datePublished":"2019-08-09T15:10:56+00:00","dateModified":"2019-12-30T20:09:16+00:00","breadcrumb":{"@id":"https:\/\/www.estrategiaconcursos.com.br\/blog\/edital-bombeiro-pr\/#breadcrumb"},"inLanguage":"pt-BR","potentialAction":[{"@type":"ReadAction","target":["https:\/\/www.estrategiaconcursos.com.br\/blog\/edital-bombeiro-pr\/"]}]},{"@type":"ImageObject","inLanguage":"pt-BR","@id":"https:\/\/www.estrategiaconcursos.com.br\/blog\/edital-bombeiro-pr\/#primaryimage","url":"https:\/\/dhg1h5j42swfq.cloudfront.net\/2019\/08\/09123317\/Bombeiro-PR_NOME.jpg","contentUrl":"https:\/\/dhg1h5j42swfq.cloudfront.net\/2019\/08\/09123317\/Bombeiro-PR_NOME.jpg","width":1200,"height":628},{"@type":"BreadcrumbList","@id":"https:\/\/www.estrategiaconcursos.com.br\/blog\/edital-bombeiro-pr\/#breadcrumb","itemListElement":[{"@type":"ListItem","position":1,"name":"In\u00edcio","item":"https:\/\/www.estrategiaconcursos.com.br\/blog\/"},{"@type":"ListItem","position":2,"name":"Edital Bombeiro PR: PUBLICADO! S\u00e3o 20 vagas para Cadete"}]},{"@type":"WebSite","@id":"https:\/\/www.estrategiaconcursos.com.br\/blog\/#website","url":"https:\/\/www.estrategiaconcursos.com.br\/blog\/","name":"Estrat\u00e9gia Concursos","description":"O blog da Estrat\u00e9gia Concursos traz not\u00edcias sobre concursos e artigos de professores oferecendo cursos para concursos (pdf + videaulas) no site.","publisher":{"@id":"https:\/\/www.estrategiaconcursos.com.br\/blog\/#organization"},"potentialAction":[{"@type":"SearchAction","target":{"@type":"EntryPoint","urlTemplate":"https:\/\/www.estrategiaconcursos.com.br\/blog\/?s={search_term_string}"},"query-input":{"@type":"PropertyValueSpecification","valueRequired":true,"valueName":"search_term_string"}}],"inLanguage":"pt-BR"},{"@type":"Organization","@id":"https:\/\/www.estrategiaconcursos.com.br\/blog\/#organization","name":"Estrat\u00e9gia Concursos","url":"https:\/\/www.estrategiaconcursos.com.br\/blog\/","logo":{"@type":"ImageObject","inLanguage":"pt-BR","@id":"https:\/\/www.estrategiaconcursos.com.br\/blog\/#\/schema\/logo\/image\/","url":"https:\/\/dhg1h5j42swfq.cloudfront.net\/2025\/06\/03203428\/logo_concursos-1.jpg","contentUrl":"https:\/\/dhg1h5j42swfq.cloudfront.net\/2025\/06\/03203428\/logo_concursos-1.jpg","width":230,"height":60,"caption":"Estrat\u00e9gia Concursos"},"image":{"@id":"https:\/\/www.estrategiaconcursos.com.br\/blog\/#\/schema\/logo\/image\/"},"sameAs":["https:\/\/x.com\/EstratConcursos"]},{"@type":"Person","@id":"https:\/\/www.estrategiaconcursos.com.br\/blog\/#\/schema\/person\/e8165364027a31208914fc77c3314727","name":"D\u00e9cio Terror Filho","image":{"@type":"ImageObject","inLanguage":"pt-BR","@id":"https:\/\/secure.gravatar.com\/avatar\/a5b78e734de7c6482e965926e78344deb81abbc34282a3c9536cbb1a59728a37?s=96&d=mm&r=g","url":"https:\/\/secure.gravatar.com\/avatar\/a5b78e734de7c6482e965926e78344deb81abbc34282a3c9536cbb1a59728a37?s=96&d=mm&r=g","contentUrl":"https:\/\/secure.gravatar.com\/avatar\/a5b78e734de7c6482e965926e78344deb81abbc34282a3c9536cbb1a59728a37?s=96&d=mm&r=g","caption":"D\u00e9cio Terror Filho"},"url":"https:\/\/www.estrategiaconcursos.com.br\/blog\/author\/contatoterrorportugues-com-br\/"}]}},"_links":{"self":[{"href":"https:\/\/www.estrategiaconcursos.com.br\/blog\/wp-json\/wp\/v2\/posts\/407797","targetHints":{"allow":["GET"]}}],"collection":[{"href":"https:\/\/www.estrategiaconcursos.com.br\/blog\/wp-json\/wp\/v2\/posts"}],"about":[{"href":"https:\/\/www.estrategiaconcursos.com.br\/blog\/wp-json\/wp\/v2\/types\/post"}],"author":[{"embeddable":true,"href":"https:\/\/www.estrategiaconcursos.com.br\/blog\/wp-json\/wp\/v2\/users\/214"}],"replies":[{"embeddable":true,"href":"https:\/\/www.estrategiaconcursos.com.br\/blog\/wp-json\/wp\/v2\/comments?post=407797"}],"version-history":[{"count":11,"href":"https:\/\/www.estrategiaconcursos.com.br\/blog\/wp-json\/wp\/v2\/posts\/407797\/revisions"}],"predecessor-version":[{"id":464745,"href":"https:\/\/www.estrategiaconcursos.com.br\/blog\/wp-json\/wp\/v2\/posts\/407797\/revisions\/464745"}],"wp:featuredmedia":[{"embeddable":true,"href":"https:\/\/www.estrategiaconcursos.com.br\/blog\/wp-json\/wp\/v2\/media\/407846"}],"wp:attachment":[{"href":"https:\/\/www.estrategiaconcursos.com.br\/blog\/wp-json\/wp\/v2\/media?parent=407797"}],"wp:term":[{"taxonomy":"category","embeddable":true,"href":"https:\/\/www.estrategiaconcursos.com.br\/blog\/wp-json\/wp\/v2\/categories?post=407797"},{"taxonomy":"post_tag","embeddable":true,"href":"https:\/\/www.estrategiaconcursos.com.br\/blog\/wp-json\/wp\/v2\/tags?post=407797"},{"taxonomy":"tax_estado","embeddable":true,"href":"https:\/\/www.estrategiaconcursos.com.br\/blog\/wp-json\/wp\/v2\/tax_estado?post=407797"}],"curies":[{"name":"wp","href":"https:\/\/api.w.org\/{rel}","templated":true}]}}