{"id":407765,"date":"2019-08-09T12:10:18","date_gmt":"2019-08-09T15:10:18","guid":{"rendered":"https:\/\/www.estrategiaconcursos.com.br\/blog\/?p=407765"},"modified":"2019-08-09T12:12:50","modified_gmt":"2019-08-09T15:12:50","slug":"edital-pm-pr-saiu-edital","status":"publish","type":"post","link":"https:\/\/www.estrategiaconcursos.com.br\/blog\/edital-pm-pr-saiu-edital\/","title":{"rendered":"Edital PM PR: saiu edital com 90 vagas para o cargo de Cadete"},"content":{"rendered":"\n<p>Foi publicado nesta sexta-feira, 09 de agosto, o <strong><em>edital da Pol\u00edcia Militar do Estado do Paran\u00e1<\/em><\/strong>. Para o cargo de <strong>Cadete<\/strong>, o certame oferta <strong>90 vagas para n\u00edvel m\u00e9dio<\/strong>, sendo 81 para ampla concorr\u00eancia e 09 para afrodescendentes. <\/p>\n\n\n\n<p>Os candidatos devem se<strong><em> inscrever<\/em><\/strong> atrav\u00e9s do site da<em> NC\/ UFPR<\/em> entre os dias, <em>12 de agosto a 10 de setembro<\/em>. Para ter acesso ao valor da taxa de inscri\u00e7\u00e3o os concurseiros devem acessar o site da banca organizadora. <\/p>\n\n\n\n<p>Os candidatos que necessitarem da isen\u00e7\u00e3o da taxa devem solicitar online entre os dias, 12 a 21 e 12 a 28 de agosto. A <em>prova da primeira fase<\/em> do certame est\u00e1 prevista para acontecer no dia<strong><em> 27 de outubro<\/em><\/strong>.<\/p>\n\n\n\n<h2 class=\"wp-block-heading\">Principais datas<\/h2>\n\n\n\n<ul class=\"wp-block-list\"><li><strong><em>Inscri\u00e7\u00e3o<\/em><\/strong><em>: 12 e agosto a 10 de setembr<\/em>o<\/li><li><strong>Isen\u00e7\u00e3o da taxa<\/strong>\u00a0<strong>Cad\u00danico:<\/strong>\u00a012 a 21\/08<\/li><li><strong>Isen\u00e7\u00e3o da taxa com base nas Leis:\u00a0<\/strong>12 a 28\/08<\/li><li><strong><em>Prova:<\/em><\/strong> <em>27 de outubro<\/em><\/li><\/ul>\n\n\n\n<h2 class=\"wp-block-heading\">Cargos, Vagas e Remunera\u00e7\u00f5es<\/h2>\n\n\n\n<ul class=\"wp-block-list\"><li><strong><em>Cadete PM<\/em><\/strong> <em>&#8211; (81 vagas ampla concorr\u00eancia &#8211; 09 afrodescendentes) &#8211; R$ 3.213,61 <\/em><\/li><\/ul>\n\n\n\n<p>Os vencimentos do cargo variam conforme o andamento do candidato no  Curso de Forma\u00e7\u00e3o de Oficiais. O curso tem dura\u00e7\u00e3o aproximada de 3 anos. o Cadete no 1\u00ba ano recebe um subs\u00eddio no valor de R$ 3.213,61, no 2\u00ba ano o valor \u00e9 de R$3.599,25 e no 3\u00ba ano \u00e9 de R$4.139,14.<\/p>\n\n\n\n<p>Ao concluir o 3\u00ba ano o Cadete \u00e9 declarado Aspirante \u00e0 Oficial com subs\u00eddio no valor de R$ 7.069,95, que ap\u00f3s o per\u00edodo de est\u00e1gio probat\u00f3rio estar\u00e1 apto a ser promovido ao posto de 2\u00ba Tenente com subs\u00eddio de R$ 9.544,44. <\/p>\n\n\n\n<h2 class=\"wp-block-heading\">Etapas do concurso PM PR<\/h2>\n\n\n\n<h3 class=\"wp-block-heading\">Primeira Fase<\/h3>\n\n\n\n<p>A primeira fase \u00e9 constitu\u00edda de uma prova de Conhecimentos Gerais com 90 quest\u00f5es objetivas. O exame possui car\u00e1ter eliminat\u00f3rio e classificat\u00f3rio. <\/p>\n\n\n\n<h3 class=\"wp-block-heading\">Entrevista Afrodescendentes <\/h3>\n\n\n\n<p>Os candidatos que se declararam afrodescendentes dever\u00e3o passar por uma entrevista com a banca de verifica\u00e7\u00e3o de afrodescend\u00eancia designada, podendo ser compostas por militares e\/ou civis. <\/p>\n\n\n\n<h3 class=\"wp-block-heading\">Segunda Fase<\/h3>\n\n\n\n<p>A segunda fase \u00e9 composta de uma prova de compreens\u00e3o e produ\u00e7\u00e3o de textos, constitu\u00edda de 03 quest\u00f5es discursivas, no valor de 20 pontos cada uma, que totalizar\u00e3o 60 pontos. <\/p>\n\n\n\n<p>J\u00e1 a segunda etapa, de car\u00e1ter eliminat\u00f3rio, ser\u00e1 composta pelas Provas de Habilidades Espec\u00edficas (PHE) realizadas no \u00e2mbito da PM PR por bancas designadas e reguladas pelo edital.<\/p>\n\n\n\n<h3 class=\"wp-block-heading\">Investiga\u00e7\u00e3o Social<\/h3>\n\n\n\n<p>A investiga\u00e7\u00e3o social visa verificar todos os aspectos da vida pregressa e atual do candidato. Confira abaixo as etapas desta fase:<\/p>\n\n\n\n<ul class=\"wp-block-list\"><li><strong><em>Entrega do formul\u00e1rio de dados biogr\u00e1ficos (FDB), certid\u00f5es e documentos<\/em><\/strong><\/li><li><strong><em>An\u00e1lise do FDB, certid\u00f5es e documentos<\/em><\/strong><\/li><li><strong><em>Investiga\u00e7\u00e3o de sistemas<\/em><\/strong><\/li><li><strong><em>Investiga\u00e7\u00e3o de campo <\/em><\/strong><\/li><\/ul>\n\n\n\n<h3 class=\"wp-block-heading\">Avalia\u00e7\u00e3o Psicol\u00f3gica <\/h3>\n\n\n\n<p> A avalia\u00e7\u00e3o psicol\u00f3gica possui car\u00e1ter eliminat\u00f3rio e ser\u00e1 realizada por banca examinadora formada por psic\u00f3logos, civis e\/ou militares, devidamente inscritos no Conselho Regional de Psicologia da 8\u00aa Regi\u00e3o (CRP\/08). <\/p>\n\n\n\n<p>Est\u00e1 fase serve para identificar aspectos psicol\u00f3gicos dos candidatos compat\u00edveis com o desempenho das diversas fun\u00e7\u00f5es e atribui\u00e7\u00f5es institucionais do cargo de Cadete PM.<\/p>\n\n\n\n<h3 class=\"wp-block-heading\">Exame de Sanidade F\u00edsica <\/h3>\n\n\n\n<p> Nesta etapa os candidatos passar\u00e3o por avalia\u00e7\u00f5es m\u00e9dica e odontol\u00f3gica. A data da realiza\u00e7\u00e3o dos exames dever\u00e1 ser inferior ou igual a 90 dias da sua apresenta\u00e7\u00e3o, sob pena de desclassifica\u00e7\u00e3o no concurso.  <\/p>\n\n\n\n<h3 class=\"wp-block-heading\">Exame de Capacidade F\u00edsica<\/h3>\n\n\n\n<p>Os candidatos ser\u00e3o submetidos a exerc\u00edcios f\u00edsicos que avaliem par\u00e2metros de for\u00e7a, coordena\u00e7\u00e3o e equil\u00edbrio din\u00e2mico e\/ou flexibilidade, pot\u00eancia muscular, capacidade aer\u00f3bica, anaer\u00f3bica e velocidade, sendo o candidato capaz de cumprir com habilidade o que lhe \u00e9 proposto. <\/p>\n\n\n\n<h3 class=\"wp-block-heading\">Curso de Forma\u00e7\u00e3o <\/h3>\n\n\n\n<p>Se o candidato for aprovado em todas as etapas, ele ser\u00e1 convocado para realizar o curso de forma\u00e7\u00e3o. O curso, em dura\u00e7\u00e3o aproximada de 3 anos e ser\u00e1 realizado na Academia Policial Militar do Guatup\u00ea-APMG.<\/p>\n\n\n\n<p>Ap\u00f3s concluir o curso, o Cadete estar\u00e1 apto a ser declarado Aspirante \u00e0 Oficial, que ap\u00f3s o per\u00edodo de est\u00e1gio probat\u00f3rio e demais requisitos estar\u00e1 apto a ser promovido ao Posto de 2\u00ba Tenente.<\/p>\n\n\n\n<p><em>Quer saber mais sobre o concurso? Clique no link abaixo e fique por dentro de tudo!<\/em><\/p>\n\n\n\n<p style=\"font-size:25px;text-align:center\" class=\"has-background has-pale-cyan-blue-background-color\"><strong><em>Mais informa\u00e7\u00f5es: <\/em><\/strong><span style=\"text-decoration: underline;\"><a rel=\"noreferrer noopener\" aria-label=\"Concurso PM PR (abre numa nova aba)\" href=\"https:\/\/www.estrategiaconcursos.com.br\/blog\/concurso-pm-pr\/\" target=\"_blank\"><strong><em>Concurso PM PR<\/em><\/strong><\/a><\/span><\/p>\n\n\n\n<p style=\"text-align:center\">Gostou desta oportunidade e deseja come\u00e7ar se preparar agora mesmo? Ent\u00e3o, confira os nossos cursos e comece a estudar para PM PR:<\/p>\n\n\n\n<p style=\"font-size:23px;text-align:center\" class=\"has-background has-luminous-vivid-amber-background-color\"><a rel=\"noreferrer noopener\" href=\"https:\/\/www.estrategiaconcursos.com.br\/cursosPorConcurso\/pm-pr\/\" target=\"_blank\"><strong>CURSO PM PR<\/strong><\/a><\/p>\n\n\n\n<p style=\"text-align:center\"><em><strong>Assinatura Anual Ilimitada*<\/strong><\/em><\/p>\n\n\n\n<p style=\"text-align:center\"><em>Prepare-se com o melhor material e com quem mais aprova em Concursos P\u00fablicos em todo o pa\u00eds. Assine agora a nossa Assinatura Anual e tenha acesso ilimitado* a todos os nossos cursos.<\/em><\/p>\n\n\n\n<p style=\"font-size:25px;text-align:center\" class=\"has-background has-light-green-cyan-background-color\"><strong>ASSINE AGORA<\/strong>&nbsp;\u2013&nbsp;<a rel=\"noreferrer noopener\" href=\"https:\/\/www.estrategiaconcursos.com.br\/assinaturas\" target=\"_blank\"><strong>Assinatura Ilimitada<\/strong><\/a><\/p>\n\n\n\n<p style=\"font-size:23px;text-align:center\" class=\"has-background has-pale-cyan-blue-background-color\"><strong><a href=\"https:\/\/www.estrategiaconcursos.com.br\/blog\/concursos-abertos\/\">CONCURSOS ABERTOS<\/a><\/strong><\/p>\n\n\n\n<p style=\"font-size:23px;text-align:center\" class=\"has-background has-pale-cyan-blue-background-color\"><a href=\"https:\/\/www.estrategiaconcursos.com.br\/blog\/concursos-2019\/\"><strong>CONCURSOS 2019<\/strong><\/a><\/p>\n\n\n\n<p style=\"font-size:23px;text-align:center\" class=\"has-background has-pale-cyan-blue-background-color\"><a href=\"https:\/\/www.estrategiaconcursos.com.br\/blog\/concursos-2020\/\"><strong>CONCURSOS<\/strong><\/a><strong><a href=\"https:\/\/www.estrategiaconcursos.com.br\/blog\/concursos-2020\/\">\u00a02020<\/a><\/strong><\/p>\n\n\n\n<figure class=\"wp-block-image\"><img loading=\"lazy\" decoding=\"async\" width=\"300\" height=\"102\" src=\"https:\/\/dhg1h5j42swfq.cloudfront.net\/2017\/03\/28152500\/coruja-ficha-tecnica-300x102.png\" alt=\"Ficha t\u00e9cnica concurso PM PR\" class=\"wp-image-68542\"\/><\/figure>\n\n\n\n<p><strong>\u2666Informa\u00e7\u00f5es do  Concurso PM PR<\/strong>\u00a0<strong>\u2013 Cadete<\/strong><br \/>\u25ba<strong>Data prevista:\u00a0<\/strong>27 de outubro<br \/>\u25ba<strong>Vagas:\u00a0<\/strong>90 <strong><br \/>\u25baBanca:\u00a0<\/strong>UFPR<br \/>\u25ba<strong>Cargo:\u00a0<\/strong>Cadete<strong><br \/>\u25baEscolaridade:\u00a0<\/strong>N\u00edvel m\u00e9dio<br \/><strong>\u25baEdital: <\/strong><span style=\"text-decoration: underline;\"><a href=\"https:\/\/dhg1h5j42swfq.cloudfront.net\/2019\/08\/09120858\/edital-pm-pr.pdf\" target=\"_blank\" rel=\"noreferrer noopener\" aria-label=\"Edital PM PR (abre numa nova aba)\">Edital PM PR<\/a><\/span><\/p>\n","protected":false},"excerpt":{"rendered":"<p>Foi publicado nesta sexta-feira, 09 de agosto, o edital da Pol\u00edcia Militar do Estado do Paran\u00e1. Para o cargo de Cadete, o certame oferta 90 vagas para n\u00edvel m\u00e9dio, sendo 81 para ampla concorr\u00eancia e 09 para afrodescendentes. Os candidatos devem se inscrever atrav\u00e9s do site da NC\/ UFPR entre os dias, 12 de agosto [&hellip;]<\/p>\n","protected":false},"author":552,"featured_media":146145,"comment_status":"open","ping_status":"closed","sticky":false,"template":"","format":"standard","meta":{"post_tipo":"article","footnotes":""},"categories":[1],"tags":[],"tax_estado":[],"class_list":["post-407765","post","type-post","status-publish","format-standard","has-post-thumbnail","hentry","category-cursos-e-concursos"],"acf":[],"yoast_head":"<!-- This site is optimized with the Yoast SEO Premium plugin v27.2 (Yoast SEO v27.2) - https:\/\/yoast.com\/product\/yoast-seo-premium-wordpress\/ -->\n<title>Edital PM PR: saiu edital com 90 vagas para o cargo de Cadete<\/title>\n<meta name=\"robots\" content=\"index, follow, max-snippet:-1, max-image-preview:large, max-video-preview:-1\" \/>\n<link rel=\"canonical\" href=\"https:\/\/www.estrategiaconcursos.com.br\/blog\/edital-pm-pr-saiu-edital\/\" \/>\n<meta property=\"og:locale\" content=\"pt_BR\" \/>\n<meta property=\"og:type\" content=\"article\" \/>\n<meta property=\"og:title\" content=\"Edital PM PR: saiu edital com 90 vagas para o cargo de Cadete\" \/>\n<meta property=\"og:description\" content=\"Foi publicado nesta sexta-feira, 09 de agosto, o edital da Pol\u00edcia Militar do Estado do Paran\u00e1. Para o cargo de Cadete, o certame oferta 90 vagas para n\u00edvel m\u00e9dio, sendo 81 para ampla concorr\u00eancia e 09 para afrodescendentes. Os candidatos devem se inscrever atrav\u00e9s do site da NC\/ UFPR entre os dias, 12 de agosto [&hellip;]\" \/>\n<meta property=\"og:url\" content=\"https:\/\/www.estrategiaconcursos.com.br\/blog\/edital-pm-pr-saiu-edital\/\" \/>\n<meta property=\"og:site_name\" content=\"Estrat\u00e9gia Concursos\" \/>\n<meta property=\"article:published_time\" content=\"2019-08-09T15:10:18+00:00\" \/>\n<meta property=\"article:modified_time\" content=\"2019-08-09T15:12:50+00:00\" \/>\n<meta property=\"og:image\" content=\"https:\/\/dhg1h5j42swfq.cloudfront.net\/2018\/10\/08173802\/saiu-edital1.jpg\" \/>\n\t<meta property=\"og:image:width\" content=\"400\" \/>\n\t<meta property=\"og:image:height\" content=\"209\" \/>\n\t<meta property=\"og:image:type\" content=\"image\/jpeg\" \/>\n<meta name=\"author\" content=\"Paulo Bilynskyj\" \/>\n<meta name=\"twitter:card\" content=\"summary_large_image\" \/>\n<meta name=\"twitter:creator\" content=\"@EstratConcursos\" \/>\n<meta name=\"twitter:site\" content=\"@EstratConcursos\" \/>\n<meta name=\"twitter:label1\" content=\"Escrito por\" \/>\n\t<meta name=\"twitter:data1\" content=\"Paulo Bilynskyj\" \/>\n\t<meta name=\"twitter:label2\" content=\"Est. tempo de leitura\" \/>\n\t<meta name=\"twitter:data2\" content=\"4 minutos\" \/>\n<script type=\"application\/ld+json\" class=\"yoast-schema-graph\">{\"@context\":\"https:\/\/schema.org\",\"@graph\":[{\"@type\":\"NewsArticle\",\"@id\":\"https:\/\/www.estrategiaconcursos.com.br\/blog\/edital-pm-pr-saiu-edital\/#article\",\"isPartOf\":{\"@id\":\"https:\/\/www.estrategiaconcursos.com.br\/blog\/edital-pm-pr-saiu-edital\/\"},\"author\":{\"name\":\"Paulo Bilynskyj\",\"@id\":\"https:\/\/www.estrategiaconcursos.com.br\/blog\/#\/schema\/person\/a630b15e36f45b4c21fed01219843cb5\"},\"headline\":\"Edital PM PR: saiu edital com 90 vagas para o cargo de Cadete\",\"datePublished\":\"2019-08-09T15:10:18+00:00\",\"dateModified\":\"2019-08-09T15:12:50+00:00\",\"mainEntityOfPage\":{\"@id\":\"https:\/\/www.estrategiaconcursos.com.br\/blog\/edital-pm-pr-saiu-edital\/\"},\"wordCount\":803,\"commentCount\":2,\"publisher\":{\"@id\":\"https:\/\/www.estrategiaconcursos.com.br\/blog\/#organization\"},\"image\":{\"@id\":\"https:\/\/www.estrategiaconcursos.com.br\/blog\/edital-pm-pr-saiu-edital\/#primaryimage\"},\"thumbnailUrl\":\"https:\/\/dhg1h5j42swfq.cloudfront.net\/2018\/10\/08173802\/saiu-edital1.jpg\",\"articleSection\":[\"Concursos P\u00fablicos\"],\"inLanguage\":\"pt-BR\",\"potentialAction\":[{\"@type\":\"CommentAction\",\"name\":\"Comment\",\"target\":[\"https:\/\/www.estrategiaconcursos.com.br\/blog\/edital-pm-pr-saiu-edital\/#respond\"]}],\"copyrightYear\":\"2019\",\"copyrightHolder\":{\"@id\":\"https:\/\/www.estrategiaconcursos.com.br\/blog\/#organization\"}},{\"@type\":\"WebPage\",\"@id\":\"https:\/\/www.estrategiaconcursos.com.br\/blog\/edital-pm-pr-saiu-edital\/\",\"url\":\"https:\/\/www.estrategiaconcursos.com.br\/blog\/edital-pm-pr-saiu-edital\/\",\"name\":\"Edital PM PR: saiu edital com 90 vagas para o cargo de Cadete\",\"isPartOf\":{\"@id\":\"https:\/\/www.estrategiaconcursos.com.br\/blog\/#website\"},\"primaryImageOfPage\":{\"@id\":\"https:\/\/www.estrategiaconcursos.com.br\/blog\/edital-pm-pr-saiu-edital\/#primaryimage\"},\"image\":{\"@id\":\"https:\/\/www.estrategiaconcursos.com.br\/blog\/edital-pm-pr-saiu-edital\/#primaryimage\"},\"thumbnailUrl\":\"https:\/\/dhg1h5j42swfq.cloudfront.net\/2018\/10\/08173802\/saiu-edital1.jpg\",\"datePublished\":\"2019-08-09T15:10:18+00:00\",\"dateModified\":\"2019-08-09T15:12:50+00:00\",\"breadcrumb\":{\"@id\":\"https:\/\/www.estrategiaconcursos.com.br\/blog\/edital-pm-pr-saiu-edital\/#breadcrumb\"},\"inLanguage\":\"pt-BR\",\"potentialAction\":[{\"@type\":\"ReadAction\",\"target\":[\"https:\/\/www.estrategiaconcursos.com.br\/blog\/edital-pm-pr-saiu-edital\/\"]}]},{\"@type\":\"ImageObject\",\"inLanguage\":\"pt-BR\",\"@id\":\"https:\/\/www.estrategiaconcursos.com.br\/blog\/edital-pm-pr-saiu-edital\/#primaryimage\",\"url\":\"https:\/\/dhg1h5j42swfq.cloudfront.net\/2018\/10\/08173802\/saiu-edital1.jpg\",\"contentUrl\":\"https:\/\/dhg1h5j42swfq.cloudfront.net\/2018\/10\/08173802\/saiu-edital1.jpg\",\"width\":400,\"height\":209,\"caption\":\"concurso bombeiros Tocantins\"},{\"@type\":\"BreadcrumbList\",\"@id\":\"https:\/\/www.estrategiaconcursos.com.br\/blog\/edital-pm-pr-saiu-edital\/#breadcrumb\",\"itemListElement\":[{\"@type\":\"ListItem\",\"position\":1,\"name\":\"In\u00edcio\",\"item\":\"https:\/\/www.estrategiaconcursos.com.br\/blog\/\"},{\"@type\":\"ListItem\",\"position\":2,\"name\":\"Edital PM PR: saiu edital com 90 vagas para o cargo de Cadete\"}]},{\"@type\":\"WebSite\",\"@id\":\"https:\/\/www.estrategiaconcursos.com.br\/blog\/#website\",\"url\":\"https:\/\/www.estrategiaconcursos.com.br\/blog\/\",\"name\":\"Estrat\u00e9gia Concursos\",\"description\":\"O blog da Estrat\u00e9gia Concursos traz not\u00edcias sobre concursos e artigos de professores oferecendo cursos para concursos (pdf + videaulas) no site.\",\"publisher\":{\"@id\":\"https:\/\/www.estrategiaconcursos.com.br\/blog\/#organization\"},\"potentialAction\":[{\"@type\":\"SearchAction\",\"target\":{\"@type\":\"EntryPoint\",\"urlTemplate\":\"https:\/\/www.estrategiaconcursos.com.br\/blog\/?s={search_term_string}\"},\"query-input\":{\"@type\":\"PropertyValueSpecification\",\"valueRequired\":true,\"valueName\":\"search_term_string\"}}],\"inLanguage\":\"pt-BR\"},{\"@type\":\"Organization\",\"@id\":\"https:\/\/www.estrategiaconcursos.com.br\/blog\/#organization\",\"name\":\"Estrat\u00e9gia Concursos\",\"url\":\"https:\/\/www.estrategiaconcursos.com.br\/blog\/\",\"logo\":{\"@type\":\"ImageObject\",\"inLanguage\":\"pt-BR\",\"@id\":\"https:\/\/www.estrategiaconcursos.com.br\/blog\/#\/schema\/logo\/image\/\",\"url\":\"https:\/\/dhg1h5j42swfq.cloudfront.net\/2025\/06\/03203428\/logo_concursos-1.jpg\",\"contentUrl\":\"https:\/\/dhg1h5j42swfq.cloudfront.net\/2025\/06\/03203428\/logo_concursos-1.jpg\",\"width\":230,\"height\":60,\"caption\":\"Estrat\u00e9gia Concursos\"},\"image\":{\"@id\":\"https:\/\/www.estrategiaconcursos.com.br\/blog\/#\/schema\/logo\/image\/\"},\"sameAs\":[\"https:\/\/x.com\/EstratConcursos\"]},{\"@type\":\"Person\",\"@id\":\"https:\/\/www.estrategiaconcursos.com.br\/blog\/#\/schema\/person\/a630b15e36f45b4c21fed01219843cb5\",\"name\":\"Paulo Bilynskyj\",\"image\":{\"@type\":\"ImageObject\",\"inLanguage\":\"pt-BR\",\"@id\":\"https:\/\/secure.gravatar.com\/avatar\/37e21f70c9042e7456beffdc6d31fe051f3f6dcbf252f69343a791b144852057?s=96&d=mm&r=g\",\"url\":\"https:\/\/secure.gravatar.com\/avatar\/37e21f70c9042e7456beffdc6d31fe051f3f6dcbf252f69343a791b144852057?s=96&d=mm&r=g\",\"contentUrl\":\"https:\/\/secure.gravatar.com\/avatar\/37e21f70c9042e7456beffdc6d31fe051f3f6dcbf252f69343a791b144852057?s=96&d=mm&r=g\",\"caption\":\"Paulo Bilynskyj\"},\"url\":\"https:\/\/www.estrategiaconcursos.com.br\/blog\/author\/pbilynskyjgmail-com\/\"}]}<\/script>\n<!-- \/ Yoast SEO Premium plugin. -->","yoast_head_json":{"title":"Edital PM PR: saiu edital com 90 vagas para o cargo de Cadete","robots":{"index":"index","follow":"follow","max-snippet":"max-snippet:-1","max-image-preview":"max-image-preview:large","max-video-preview":"max-video-preview:-1"},"canonical":"https:\/\/www.estrategiaconcursos.com.br\/blog\/edital-pm-pr-saiu-edital\/","og_locale":"pt_BR","og_type":"article","og_title":"Edital PM PR: saiu edital com 90 vagas para o cargo de Cadete","og_description":"Foi publicado nesta sexta-feira, 09 de agosto, o edital da Pol\u00edcia Militar do Estado do Paran\u00e1. Para o cargo de Cadete, o certame oferta 90 vagas para n\u00edvel m\u00e9dio, sendo 81 para ampla concorr\u00eancia e 09 para afrodescendentes. Os candidatos devem se inscrever atrav\u00e9s do site da NC\/ UFPR entre os dias, 12 de agosto [&hellip;]","og_url":"https:\/\/www.estrategiaconcursos.com.br\/blog\/edital-pm-pr-saiu-edital\/","og_site_name":"Estrat\u00e9gia Concursos","article_published_time":"2019-08-09T15:10:18+00:00","article_modified_time":"2019-08-09T15:12:50+00:00","og_image":[{"width":400,"height":209,"url":"https:\/\/dhg1h5j42swfq.cloudfront.net\/2018\/10\/08173802\/saiu-edital1.jpg","type":"image\/jpeg"}],"author":"Paulo Bilynskyj","twitter_card":"summary_large_image","twitter_creator":"@EstratConcursos","twitter_site":"@EstratConcursos","twitter_misc":{"Escrito por":"Paulo Bilynskyj","Est. tempo de leitura":"4 minutos"},"schema":{"@context":"https:\/\/schema.org","@graph":[{"@type":"NewsArticle","@id":"https:\/\/www.estrategiaconcursos.com.br\/blog\/edital-pm-pr-saiu-edital\/#article","isPartOf":{"@id":"https:\/\/www.estrategiaconcursos.com.br\/blog\/edital-pm-pr-saiu-edital\/"},"author":{"name":"Paulo Bilynskyj","@id":"https:\/\/www.estrategiaconcursos.com.br\/blog\/#\/schema\/person\/a630b15e36f45b4c21fed01219843cb5"},"headline":"Edital PM PR: saiu edital com 90 vagas para o cargo de Cadete","datePublished":"2019-08-09T15:10:18+00:00","dateModified":"2019-08-09T15:12:50+00:00","mainEntityOfPage":{"@id":"https:\/\/www.estrategiaconcursos.com.br\/blog\/edital-pm-pr-saiu-edital\/"},"wordCount":803,"commentCount":2,"publisher":{"@id":"https:\/\/www.estrategiaconcursos.com.br\/blog\/#organization"},"image":{"@id":"https:\/\/www.estrategiaconcursos.com.br\/blog\/edital-pm-pr-saiu-edital\/#primaryimage"},"thumbnailUrl":"https:\/\/dhg1h5j42swfq.cloudfront.net\/2018\/10\/08173802\/saiu-edital1.jpg","articleSection":["Concursos P\u00fablicos"],"inLanguage":"pt-BR","potentialAction":[{"@type":"CommentAction","name":"Comment","target":["https:\/\/www.estrategiaconcursos.com.br\/blog\/edital-pm-pr-saiu-edital\/#respond"]}],"copyrightYear":"2019","copyrightHolder":{"@id":"https:\/\/www.estrategiaconcursos.com.br\/blog\/#organization"}},{"@type":"WebPage","@id":"https:\/\/www.estrategiaconcursos.com.br\/blog\/edital-pm-pr-saiu-edital\/","url":"https:\/\/www.estrategiaconcursos.com.br\/blog\/edital-pm-pr-saiu-edital\/","name":"Edital PM PR: saiu edital com 90 vagas para o cargo de Cadete","isPartOf":{"@id":"https:\/\/www.estrategiaconcursos.com.br\/blog\/#website"},"primaryImageOfPage":{"@id":"https:\/\/www.estrategiaconcursos.com.br\/blog\/edital-pm-pr-saiu-edital\/#primaryimage"},"image":{"@id":"https:\/\/www.estrategiaconcursos.com.br\/blog\/edital-pm-pr-saiu-edital\/#primaryimage"},"thumbnailUrl":"https:\/\/dhg1h5j42swfq.cloudfront.net\/2018\/10\/08173802\/saiu-edital1.jpg","datePublished":"2019-08-09T15:10:18+00:00","dateModified":"2019-08-09T15:12:50+00:00","breadcrumb":{"@id":"https:\/\/www.estrategiaconcursos.com.br\/blog\/edital-pm-pr-saiu-edital\/#breadcrumb"},"inLanguage":"pt-BR","potentialAction":[{"@type":"ReadAction","target":["https:\/\/www.estrategiaconcursos.com.br\/blog\/edital-pm-pr-saiu-edital\/"]}]},{"@type":"ImageObject","inLanguage":"pt-BR","@id":"https:\/\/www.estrategiaconcursos.com.br\/blog\/edital-pm-pr-saiu-edital\/#primaryimage","url":"https:\/\/dhg1h5j42swfq.cloudfront.net\/2018\/10\/08173802\/saiu-edital1.jpg","contentUrl":"https:\/\/dhg1h5j42swfq.cloudfront.net\/2018\/10\/08173802\/saiu-edital1.jpg","width":400,"height":209,"caption":"concurso bombeiros Tocantins"},{"@type":"BreadcrumbList","@id":"https:\/\/www.estrategiaconcursos.com.br\/blog\/edital-pm-pr-saiu-edital\/#breadcrumb","itemListElement":[{"@type":"ListItem","position":1,"name":"In\u00edcio","item":"https:\/\/www.estrategiaconcursos.com.br\/blog\/"},{"@type":"ListItem","position":2,"name":"Edital PM PR: saiu edital com 90 vagas para o cargo de Cadete"}]},{"@type":"WebSite","@id":"https:\/\/www.estrategiaconcursos.com.br\/blog\/#website","url":"https:\/\/www.estrategiaconcursos.com.br\/blog\/","name":"Estrat\u00e9gia Concursos","description":"O blog da Estrat\u00e9gia Concursos traz not\u00edcias sobre concursos e artigos de professores oferecendo cursos para concursos (pdf + videaulas) no site.","publisher":{"@id":"https:\/\/www.estrategiaconcursos.com.br\/blog\/#organization"},"potentialAction":[{"@type":"SearchAction","target":{"@type":"EntryPoint","urlTemplate":"https:\/\/www.estrategiaconcursos.com.br\/blog\/?s={search_term_string}"},"query-input":{"@type":"PropertyValueSpecification","valueRequired":true,"valueName":"search_term_string"}}],"inLanguage":"pt-BR"},{"@type":"Organization","@id":"https:\/\/www.estrategiaconcursos.com.br\/blog\/#organization","name":"Estrat\u00e9gia Concursos","url":"https:\/\/www.estrategiaconcursos.com.br\/blog\/","logo":{"@type":"ImageObject","inLanguage":"pt-BR","@id":"https:\/\/www.estrategiaconcursos.com.br\/blog\/#\/schema\/logo\/image\/","url":"https:\/\/dhg1h5j42swfq.cloudfront.net\/2025\/06\/03203428\/logo_concursos-1.jpg","contentUrl":"https:\/\/dhg1h5j42swfq.cloudfront.net\/2025\/06\/03203428\/logo_concursos-1.jpg","width":230,"height":60,"caption":"Estrat\u00e9gia Concursos"},"image":{"@id":"https:\/\/www.estrategiaconcursos.com.br\/blog\/#\/schema\/logo\/image\/"},"sameAs":["https:\/\/x.com\/EstratConcursos"]},{"@type":"Person","@id":"https:\/\/www.estrategiaconcursos.com.br\/blog\/#\/schema\/person\/a630b15e36f45b4c21fed01219843cb5","name":"Paulo Bilynskyj","image":{"@type":"ImageObject","inLanguage":"pt-BR","@id":"https:\/\/secure.gravatar.com\/avatar\/37e21f70c9042e7456beffdc6d31fe051f3f6dcbf252f69343a791b144852057?s=96&d=mm&r=g","url":"https:\/\/secure.gravatar.com\/avatar\/37e21f70c9042e7456beffdc6d31fe051f3f6dcbf252f69343a791b144852057?s=96&d=mm&r=g","contentUrl":"https:\/\/secure.gravatar.com\/avatar\/37e21f70c9042e7456beffdc6d31fe051f3f6dcbf252f69343a791b144852057?s=96&d=mm&r=g","caption":"Paulo Bilynskyj"},"url":"https:\/\/www.estrategiaconcursos.com.br\/blog\/author\/pbilynskyjgmail-com\/"}]}},"_links":{"self":[{"href":"https:\/\/www.estrategiaconcursos.com.br\/blog\/wp-json\/wp\/v2\/posts\/407765","targetHints":{"allow":["GET"]}}],"collection":[{"href":"https:\/\/www.estrategiaconcursos.com.br\/blog\/wp-json\/wp\/v2\/posts"}],"about":[{"href":"https:\/\/www.estrategiaconcursos.com.br\/blog\/wp-json\/wp\/v2\/types\/post"}],"author":[{"embeddable":true,"href":"https:\/\/www.estrategiaconcursos.com.br\/blog\/wp-json\/wp\/v2\/users\/552"}],"replies":[{"embeddable":true,"href":"https:\/\/www.estrategiaconcursos.com.br\/blog\/wp-json\/wp\/v2\/comments?post=407765"}],"version-history":[{"count":8,"href":"https:\/\/www.estrategiaconcursos.com.br\/blog\/wp-json\/wp\/v2\/posts\/407765\/revisions"}],"predecessor-version":[{"id":407837,"href":"https:\/\/www.estrategiaconcursos.com.br\/blog\/wp-json\/wp\/v2\/posts\/407765\/revisions\/407837"}],"wp:featuredmedia":[{"embeddable":true,"href":"https:\/\/www.estrategiaconcursos.com.br\/blog\/wp-json\/wp\/v2\/media\/146145"}],"wp:attachment":[{"href":"https:\/\/www.estrategiaconcursos.com.br\/blog\/wp-json\/wp\/v2\/media?parent=407765"}],"wp:term":[{"taxonomy":"category","embeddable":true,"href":"https:\/\/www.estrategiaconcursos.com.br\/blog\/wp-json\/wp\/v2\/categories?post=407765"},{"taxonomy":"post_tag","embeddable":true,"href":"https:\/\/www.estrategiaconcursos.com.br\/blog\/wp-json\/wp\/v2\/tags?post=407765"},{"taxonomy":"tax_estado","embeddable":true,"href":"https:\/\/www.estrategiaconcursos.com.br\/blog\/wp-json\/wp\/v2\/tax_estado?post=407765"}],"curies":[{"name":"wp","href":"https:\/\/api.w.org\/{rel}","templated":true}]}}