{"id":407746,"date":"2025-09-15T19:01:27","date_gmt":"2025-09-15T22:01:27","guid":{"rendered":"https:\/\/www.estrategiaconcursos.com.br\/blog\/?p=407746"},"modified":"2025-09-19T12:49:09","modified_gmt":"2025-09-19T15:49:09","slug":"concurso-semace","status":"publish","type":"post","link":"https:\/\/www.estrategiaconcursos.com.br\/blog\/concurso-semace\/","title":{"rendered":"Concurso SEMACE: 17 aprovados s\u00e3o convocados!"},"content":{"rendered":"\n<p>Os aprovados nas <strong>17<\/strong> <strong>vagas imediatas<\/strong> do concurso p\u00fablico da<strong> SEMACE<\/strong> (<em>Superintend\u00eancia Estadual do Meio Ambiente<\/em>) foram oficialmente convocados!<\/p>\n\n\n\n<p>H\u00e1 a expectativa de que, ao longo da vig\u00eancia do certame, ainda haja a <a href=\"https:\/\/www.ceara.gov.br\/2025\/06\/06\/governo-do-ceara-anuncia-chamamento-dos-17-aprovados-em-concurso-da-semace\/\" target=\"_blank\" rel=\"noreferrer noopener\">convoca\u00e7\u00e3o<\/a> de mais 170 candidatos do cadastro reserva.<\/p>\n\n\n\n<p>Vale lembrar que a disputa foi oficialmente <a href=\"https:\/\/dhg1h5j42swfq.cloudfront.net\/2025\/06\/06185910\/image-19-1.png\" target=\"_blank\" rel=\"noreferrer noopener nofollow\">homologada<\/a> em 2024. Assim, o concurso segue vigente at\u00e9 24 de junho de 2026, com possibilidade de prorroga\u00e7\u00e3o por mais dois anos.<\/p>\n\n\n\n<p>Ademais, a sele\u00e7\u00e3o recebeu 5.985 inscri\u00e7\u00f5es para os cargos de Gestor e Fiscal Ambiental, ambos de n\u00edvel superior.<\/p>\n\n\n\n<ul class=\"wp-block-list has-very-light-gray-to-cyan-bluish-gray-gradient-background has-background\">\n<li><strong>Superintend\u00eancia Estadual do Meio Ambiente &#8211;<\/strong> <strong>SEMACE<\/strong> <\/li>\n\n\n\n<li><strong>Status:<\/strong> vigente at\u00e9 junho\/2026<\/li>\n\n\n\n<li><strong>Banca: <\/strong><a href=\"http:\/\/concurso.idecan.org.br\/Concurso.aspx?ID=70\" target=\"_blank\" rel=\"noreferrer noopener\">IDECAN<\/a><\/li>\n\n\n\n<li><strong>Vagas:<\/strong> 17 + 170 CR<\/li>\n\n\n\n<li><strong>Sal\u00e1rio:<\/strong> R$ 3.931,17 + benef\u00edcios<\/li>\n\n\n\n<li><strong>Edital<\/strong>: <a href=\"https:\/\/dhg1h5j42swfq.cloudfront.net\/2022\/11\/01193534\/edital-semace.pdf\" target=\"_blank\" rel=\"noreferrer noopener nofollow\">Edital SEMACE 2022<\/a><\/li>\n<\/ul>\n\n\n\n<p>Confira, neste artigo, as principais informa\u00e7\u00f5es sobre o concurso da Superintend\u00eancia Estadual do Meio Ambiente do Cear\u00e1. Acompanhe pelos t\u00f3picos abaixo e n\u00e3o perca nada:<\/p>\n\n\n\n<ul id=\"indice\" class=\"wp-block-list\">\n<li><a href=\"#vagas\"><strong>Distribui\u00e7\u00e3o das vagas<\/strong><\/a>\n<ul class=\"wp-block-list\">\n<li><a href=\"#fiscal\">Fiscal Ambiental<\/a><\/li>\n\n\n\n<li><a href=\"#gestor\">Gestor Ambiental<\/a><\/li>\n\n\n\n<li><a href=\"#inscritos\">Demanda de inscritos<\/a><\/li>\n<\/ul>\n<\/li>\n\n\n\n<li><a href=\"#atribuicoes\"><strong>Atribui\u00e7\u00f5es dos cargos<\/strong><\/a><\/li>\n\n\n\n<li><a href=\"#etapas\"><strong>Etapas<\/strong><\/a>\n<ul class=\"wp-block-list\">\n<li><a href=\"#objetiva\">Prova objetiva<\/a><\/li>\n\n\n\n<li><a href=\"#discursiva\">Prova discursiva<\/a><\/li>\n\n\n\n<li><a href=\"#prova-titulos\">Prova de t\u00edtulos<\/a><\/li>\n<\/ul>\n<\/li>\n\n\n\n<li><a href=\"#cursos-assinatura\"><strong>Cursos e Assinatura<\/strong><\/a><\/li>\n\n\n\n<li><a href=\"#ficha\"><strong>Ficha t\u00e9cnica<\/strong><\/a><\/li>\n<\/ul>\n\n\n\n<p class=\"has-text-align-center has-very-light-gray-to-cyan-bluish-gray-gradient-background has-background\"><a href=\"https:\/\/www.estrategiaconcursos.com.br\/blog\/estrategia-aprovacoes-concursos-administrativos\/\" target=\"_blank\" rel=\"noreferrer noopener\"><strong>Estrat\u00e9gia: recorde de aprova\u00e7\u00f5es em concursos administrativos<\/strong><\/a><\/p>\n\n\n\n<p class=\"has-text-align-center has-very-light-gray-to-cyan-bluish-gray-gradient-background has-background\"><strong><a href=\"https:\/\/www.estrategiaconcursos.com.br\/blog\/concurso-semace-76-dos-aprovados-sao-nossos-alunos\/\" target=\"_blank\" rel=\"noreferrer noopener\">Concurso SEMACE: 76% dos aprovados s\u00e3o nossos alunos<\/a><\/strong><\/p>\n\n\n\n<div class=\"container\" id=\"boxes\">\n  <div class=\"row\">\n\n    <div class=\"col-sm\">\n      <div class=\"banner-estrat-corj\" id=\"box-assinatura\">\n        <h2 class=\"titulo-assinatura\" style=\"text-align: left;\">Cursos para Semace CE<\/h2>\n        <p class=\"subtitulo-assinatura\" style=\"text-align: left;\">Conhe\u00e7a os cursos<\/p>\n        <div class=\"box-botao\" style=\"text-align: left;\">\n          <a class=\"btn-assinatura\" target=\"_blank\" href=\"https:\/\/www.estrategiaconcursos.com.br\/cursosPorConcurso\/superintendencia-estadual-do-meio-ambiente-semace\/\" role=\"button\" rel=\"noopener noreferrer\">CLIQUE AQUI<\/a>\n        <\/div>\n      <\/div><\/div><\/div><\/div>\n\n\n\n<h2 class=\"wp-block-heading\" id=\"vagas\">Concurso Semace: distribui\u00e7\u00e3o das vagas<\/h2>\n\n\n\n<p>Confira abaixo a distribui\u00e7\u00e3o de cargos, vagas e sal\u00e1rios do concurso Semace:<\/p>\n\n\n\n<h3 class=\"wp-block-heading\" id=\"fiscal\">Fiscal Ambiental<\/h3>\n\n\n\n<ul class=\"wp-block-list\">\n<li><strong style=\"color: initial;\">Requisitos<\/strong><span style=\"color: initial;\">: Diploma de conclus\u00e3o de curso de gradua\u00e7\u00e3o na respectiva \u00e1rea.<\/span><\/li>\n\n\n\n<li><strong>Remunera\u00e7\u00e3o<\/strong>: R$ 3.931,17 + benef\u00edcios<strong>*<\/strong><\/li>\n<\/ul>\n\n\n\n<ul class=\"wp-block-list\">\n<li><strong style=\"color: initial;\">Vagas: <\/strong><span style=\"color: initial;\">12 vagas + 120 CR<\/span>\n<ul class=\"wp-block-list\">\n<li>Engenharia Florestal: <strong>02 + 20 CR<\/strong><\/li>\n\n\n\n<li>Engenharia Agron\u00f4mica: <strong>01 + 10 CR<\/strong><\/li>\n\n\n\n<li>Geologia ou Engenharia de Minas: <strong>02 + 20 CR<\/strong><\/li>\n\n\n\n<li>Engenharia Civil: <strong>02 + 20 CR<\/strong><\/li>\n\n\n\n<li>Arquitetura: <strong>01 + 10 CR<\/strong><\/li>\n\n\n\n<li>Geografia: <strong>01 + 10 CR<\/strong><\/li>\n\n\n\n<li>Biologia, Biotecnologia ou Zootecnia: <strong>01 + 10 CR<\/strong><\/li>\n\n\n\n<li>Engenharia de Pesca: <strong>02 + 20 CR<\/strong><\/li>\n<\/ul>\n<\/li>\n<\/ul>\n\n\n\n<h3 class=\"wp-block-heading\" id=\"gestor\">Gestor Ambiental<\/h3>\n\n\n\n<ul class=\"wp-block-list\">\n<li><strong style=\"color: initial;\">Requisitos<\/strong><span style=\"color: initial;\">: Diploma de conclus\u00e3o de curso de gradua\u00e7\u00e3o na respectiva \u00e1rea.<\/span><\/li>\n\n\n\n<li><strong>Remunera\u00e7\u00e3o<\/strong>: R$ 3.931,17 + benef\u00edcios<strong>*<\/strong><\/li>\n<\/ul>\n\n\n\n<ul class=\"wp-block-list\">\n<li><strong>05 vagas + 50 CR<\/strong>\n<ul class=\"wp-block-list\">\n<li>Engenharia Qu\u00edmica, Tecnologia em Processos Qu\u00edmicos, Qu\u00edmica Industrial ou Qu\u00edmica:<strong> 02 + 20 CR<\/strong><\/li>\n\n\n\n<li>Engenharia Ambiental, Engenharia Sanit\u00e1ria, Tecnologia em Saneamento Ambiental, Tecnologia em Gest\u00e3o Ambiental, Ci\u00eancias Ambientais, Economia Ecol\u00f3gica, Oceanografia ou Engenharia de Energias:<strong> 03 + 30 CR<\/strong><\/li>\n<\/ul>\n<\/li>\n<\/ul>\n\n\n\n<p><strong>*<em>Benef\u00edcios<\/em><\/strong><\/p>\n\n\n\n<ul class=\"wp-block-list\">\n<li>Gratifica\u00e7\u00e3o do Desempenho Ambiental \u2013 GDAM com varia\u00e7\u00e3o de at\u00e9 <strong>100%<\/strong>;<\/li>\n\n\n\n<li>Gratifica\u00e7\u00e3o de Titula\u00e7\u00e3o \u2013 GTIT, nos percentuais de:\n<ul class=\"wp-block-list\">\n<li><strong>15%<\/strong> para o t\u00edtulo de Especialista;<\/li>\n\n\n\n<li><strong>30%<\/strong> para o t\u00edtulo de Mestre; e <\/li>\n\n\n\n<li><strong>60%<\/strong> para o t\u00edtulo de Doutor;<\/li>\n<\/ul>\n<\/li>\n\n\n\n<li>Gratifica\u00e7\u00e3o pela Execu\u00e7\u00e3o de Trabalhos em Condi\u00e7\u00f5es Especiais, Inclusive com Risco de Vida ou Sa\u00fade.<\/li>\n<\/ul>\n\n\n\n<h3 class=\"wp-block-heading\" id=\"inscritos\">Demanda de inscritos<\/h3>\n\n\n\n<p>Ao todo, foram registradas <strong>5.985<\/strong> <strong>candidaturas<\/strong> no concurso da <strong>Superintend\u00eancia Estadual do Meio Ambiente<\/strong>. A fun\u00e7\u00e3o de Fiscal Ambiental foi aquela que mais teve inscritos, com um total de 3.746. J\u00e1 o cargo de<strong> <\/strong>Gestor Ambiental registrou 2.239 inscri\u00e7\u00f5es. <\/p>\n\n\n\n<h2 class=\"wp-block-heading\" id=\"atribuicoes\">Concurso Semace: atribui\u00e7\u00f5es dos cargos<\/h2>\n\n\n\n<p><strong>Fiscal ambiental:&nbsp;<\/strong>fiscalizar, desenvolver e implementar programas e a\u00e7\u00f5es previstas no plano de fiscaliza\u00e7\u00e3o ambiental do Cear\u00e1 elaborado pela Semace afetos \u00e0 execu\u00e7\u00e3o de pol\u00edticas de meio ambiente relacionadas \u00e0 regula\u00e7\u00e3o, controle, licenciamento e auditoria ambiental, monitoramento, gest\u00e3o, prote\u00e7\u00e3o e controle de qualidade ambiental, ordenamento dos recursos florestais, conserva\u00e7\u00e3o dos ecossistemas e das esp\u00e9cies neles inseridas e est\u00edmulo e difus\u00e3o de tecnologias, informa\u00e7\u00e3o e educa\u00e7\u00e3o ambientais.<\/p>\n\n\n\n<p><strong>Gestor ambiental:&nbsp;<\/strong>desenvolver e implementa programas, projetos, processos, sistemas, produtos e servi\u00e7os para o governo estadual, cuja solu\u00e7\u00f5es resultam em n\u00edveis elevados de complexidade, articula\u00e7\u00e3o e tecnicidade e que possam contribuir para a governabilidade e sustentabilidade da administra\u00e7\u00e3o estadual, no \u00e2mbito da gest\u00e3o ambiental.<\/p>\n\n\n\n<h2 class=\"wp-block-heading\" id=\"etapas\">Concurso Semace: etapas e provas<\/h2>\n\n\n\n<p>A avalia\u00e7\u00e3o dos candidatos foi constitu\u00edda de por meio de duas fases, sendo elas:<\/p>\n\n\n\n<ul class=\"wp-block-list\">\n<li><strong>1\u00aa fase:&nbsp;<\/strong>Prova Objetiva e Escrita;<\/li>\n\n\n\n<li><strong>1\u00aa fase:&nbsp;<\/strong>Prova Escrita Discursiva;<\/li>\n\n\n\n<li><strong>2\u00aa fase:&nbsp;<\/strong>Avalia\u00e7\u00e3o de T\u00edtulos.<\/li>\n<\/ul>\n\n\n\n<h3 class=\"wp-block-heading\" id=\"objetiva\">Prova Objetiva<\/h3>\n\n\n\n<p>As provas objetivas, de car\u00e1ter eliminat\u00f3rio e classificat\u00f3rio, constaram de 40 quest\u00f5es de m\u00faltipla escolha (A a E), com peso diferenciado conforme tabela abaixo:<\/p>\n\n\n\n<figure class=\"wp-block-image aligncenter size-large\"><img loading=\"lazy\" decoding=\"async\" width=\"1024\" height=\"108\" src=\"https:\/\/dhg1h5j42swfq.cloudfront.net\/2022\/11\/01192916\/image-11-1024x108.png\" alt=\"Quadro de provas concurso SEMACE\" class=\"wp-image-1118835\" srcset=\"https:\/\/dhg1h5j42swfq.cloudfront.net\/2022\/11\/01192916\/image-11-1024x108.png 1024w, https:\/\/dhg1h5j42swfq.cloudfront.net\/2022\/11\/01192916\/image-11-300x32.png 300w, https:\/\/dhg1h5j42swfq.cloudfront.net\/2022\/11\/01192916\/image-11-768x81.png 768w, https:\/\/dhg1h5j42swfq.cloudfront.net\/2022\/11\/01192916\/image-11-1536x162.png 1536w, https:\/\/dhg1h5j42swfq.cloudfront.net\/2022\/11\/01192916\/image-11-610x64.png 610w, https:\/\/dhg1h5j42swfq.cloudfront.net\/2022\/11\/01192916\/image-11-150x16.png 150w, https:\/\/dhg1h5j42swfq.cloudfront.net\/2022\/11\/01192916\/image-11.png 1620w\" sizes=\"auto, (max-width: 1024px) 100vw, 1024px\" \/><figcaption class=\"wp-element-caption\">Quadro de provas concurso SEMACE<\/figcaption><\/figure>\n\n\n\n<h3 class=\"wp-block-heading\" id=\"discursiva\">Prova Discursiva<\/h3>\n\n\n\n<p>As avalia\u00e7\u00f5es foram realizadas nas cidades de Fortaleza, Crato e Sobral, todas no Estado do Cear\u00e1, no turno da <strong>manh\u00e3 <\/strong>com dura\u00e7\u00e3o de 4 horas.<\/p>\n\n\n\n<p>A etapa foi constitu\u00edda de 2 quest\u00f5es, a respeito de tema constante do conte\u00fado program\u00e1tico. A prova discursiva teve o valor de 100 pontos, com valor de 50 pontos cada quest\u00e3o.<\/p>\n\n\n\n<p>A resposta devia conter a extens\u00e3o m\u00ednima de 15 e m\u00e1xima de 30 linhas para o texto, sendo atribu\u00edda nota 0 ao texto que n\u00e3o respeitasse o limite m\u00ednimo de linhas.<\/p>\n\n\n\n<p>Foram considerados aprovados apenas os candidatos que obtiverem o percentual m\u00ednimo de 60% de aproveitamento nos pontos da referida prova.<\/p>\n\n\n\n<h3 class=\"wp-block-heading\" id=\"prova-titulos\">Avalia\u00e7\u00e3o de T\u00edtulos<\/h3>\n\n\n\n<p>A Prova de T\u00edtulos consistiu na an\u00e1lise dos t\u00edtulos apresentados pelos candidatos, conforme quadro a seguir:<\/p>\n\n\n\n<figure class=\"wp-block-image aligncenter size-large\"><img loading=\"lazy\" decoding=\"async\" width=\"1024\" height=\"305\" src=\"https:\/\/dhg1h5j42swfq.cloudfront.net\/2022\/11\/01193517\/image-12-1024x305.png\" alt=\"Quadro de t\u00edtulos concurso SEMACE\" class=\"wp-image-1118836\" srcset=\"https:\/\/dhg1h5j42swfq.cloudfront.net\/2022\/11\/01193517\/image-12-1024x305.png 1024w, https:\/\/dhg1h5j42swfq.cloudfront.net\/2022\/11\/01193517\/image-12-300x89.png 300w, https:\/\/dhg1h5j42swfq.cloudfront.net\/2022\/11\/01193517\/image-12-768x229.png 768w, https:\/\/dhg1h5j42swfq.cloudfront.net\/2022\/11\/01193517\/image-12-610x182.png 610w, https:\/\/dhg1h5j42swfq.cloudfront.net\/2022\/11\/01193517\/image-12-150x45.png 150w, https:\/\/dhg1h5j42swfq.cloudfront.net\/2022\/11\/01193517\/image-12.png 1151w\" sizes=\"auto, (max-width: 1024px) 100vw, 1024px\" \/><figcaption class=\"wp-element-caption\">Quadro de t\u00edtulos concurso SEMACE<\/figcaption><\/figure>\n\n\n\n<p>O t\u00edtulo apresentado teve como finalidade somente pontuar na Prova de T\u00edtulos, devendo ser apresentado novamente no ato da posse, em caso de aprova\u00e7\u00e3o.<\/p>\n\n\n\n<p>O candidato que n\u00e3o apresentasse os t\u00edtulos no prazo estipulado, receberia nota 0 na prova. Ademais, n\u00e3o foram aceitas conclus\u00f5es de m\u00f3dulos de p\u00f3s-gradua\u00e7\u00e3o.<\/p>\n\n\n\n<hr class=\"wp-block-separator has-css-opacity\"\/>\n\n\n\n<h2 class=\"wp-block-heading has-text-align-center\" id=\"cursos-assinatura\"><em>Quer estudar para o concurso SEMACE?<\/em><\/h2>\n\n\n\n<div class=\"container\" id=\"boxes\">\n  <div class=\"row\">\n\n    <div class=\"col-sm\">\n      <div class=\"banner-estrat-corj\" id=\"box-assinatura\">\n        <h2 class=\"titulo-assinatura\" style=\"text-align: left;\">Cursos para Semace CE<\/h2>\n        <p class=\"subtitulo-assinatura\" style=\"text-align: left;\">Conhe\u00e7a os cursos<\/p>\n        <div class=\"box-botao\" style=\"text-align: left;\">\n          <a class=\"btn-assinatura\" target=\"_blank\" href=\"https:\/\/www.estrategiaconcursos.com.br\/cursosPorConcurso\/superintendencia-estadual-do-meio-ambiente-semace\/\" role=\"button\" rel=\"noopener noreferrer\">CLIQUE AQUI<\/a>\n        <\/div>\n      <\/div><\/div><\/div><\/div>\n\n\n\n<div class=\"container\" id=\"boxes\">\n  <div class=\"row\">\n\n    <div class=\"col-sm\">\n      <div class=\"estrategia\" id=\"box-assinatura\">\n        <h3 class=\"titulo-assinatura\"> Concursos P\u00fablicos\n        <p class=\"subtitulo-assinatura\">Assinatura de 1 ano ou 2 anos<\/p>\n        <div class=\"box-botao\">\n          <a class=\"btn-assinatura\" target=\"_blank\" href=\"https:\/\/www.estrategiaconcursos.com.br\/assinaturas\/\" role=\"button\" rel=\"noopener noreferrer\">ASSINE AGORA<\/a>\n        <\/div>\n      <\/h3><\/div><\/div><\/div><\/div>\n\n\n\n<h2 class=\"wp-block-heading has-text-align-center\" id=\"quer-saber-tudo-sobre-concursos-previstos-confira-nossos-artigos\">Quer saber tudo sobre concursos previstos?<br \/>Confira nossos artigos!<\/h2>\n\n\n\n<ul class=\"wp-block-list\">\n<li><a href=\"https:\/\/www.estrategiaconcursos.com.br\/blog\/concursos-abertos\/\" target=\"_blank\" rel=\"noreferrer noopener\">Concursos Abertos<\/a><\/li>\n\n\n\n<li><a href=\"https:\/\/www.estrategiaconcursos.com.br\/blog\/concursos-2025\/\" target=\"_blank\" rel=\"noreferrer noopener\">Concursos 2025<\/a><\/li>\n\n\n\n<li><a href=\"https:\/\/www.estrategiaconcursos.com.br\/blog\/concursos-2026\/\" target=\"_blank\" rel=\"noreferrer noopener\">Concursos 2026<\/a><\/li>\n<\/ul>\n\n\n\n<figure class=\"wp-block-image size-large is-resized\"><img loading=\"lazy\" decoding=\"async\" width=\"1024\" height=\"632\" src=\"https:\/\/dhg1h5j42swfq.cloudfront.net\/2021\/08\/03114407\/ficha-tecnica-2-1024x632.png\" alt=\"Informa\u00e7\u00f5es do concurso SEMACE\" class=\"wp-image-827694\" style=\"width:246px;height:152px\" srcset=\"https:\/\/dhg1h5j42swfq.cloudfront.net\/2021\/08\/03114407\/ficha-tecnica-2-1024x632.png 1024w, https:\/\/dhg1h5j42swfq.cloudfront.net\/2021\/08\/03114407\/ficha-tecnica-2-300x185.png 300w, https:\/\/dhg1h5j42swfq.cloudfront.net\/2021\/08\/03114407\/ficha-tecnica-2-768x474.png 768w, https:\/\/dhg1h5j42swfq.cloudfront.net\/2021\/08\/03114407\/ficha-tecnica-2-1536x948.png 1536w, https:\/\/dhg1h5j42swfq.cloudfront.net\/2021\/08\/03114407\/ficha-tecnica-2-610x377.png 610w, https:\/\/dhg1h5j42swfq.cloudfront.net\/2021\/08\/03114407\/ficha-tecnica-2.png 1571w\" sizes=\"auto, (max-width: 1024px) 100vw, 1024px\" \/><\/figure>\n\n\n\n<h3 class=\"wp-block-heading\" id=\"ficha\">Informa\u00e7\u00f5es do concurso SEMACE<\/h3>\n\n\n\n<ul class=\"wp-block-list\">\n<li><strong>Ano<\/strong>: 2022\/2023<\/li>\n\n\n\n<li><strong>Vagas<\/strong>: 17 + 170 CR<\/li>\n\n\n\n<li><strong>Cargos<\/strong>: Fiscal Ambiental e Gestor Ambiental<\/li>\n\n\n\n<li><strong>Banca<\/strong>: IDECAN<\/li>\n\n\n\n<li><strong>Escolaridade<\/strong>: N\u00edvel superior<\/li>\n\n\n\n<li><strong>Edital<\/strong>: <a href=\"https:\/\/dhg1h5j42swfq.cloudfront.net\/2022\/11\/01193534\/edital-semace.pdf\" target=\"_blank\" rel=\"noreferrer noopener nofollow\">SEMACE 2022<\/a> <\/li>\n<\/ul>\n","protected":false},"excerpt":{"rendered":"<p>Os aprovados nas 17 vagas imediatas do concurso p\u00fablico da SEMACE (Superintend\u00eancia Estadual do Meio Ambiente) foram oficialmente convocados! H\u00e1 a expectativa de que, ao longo da vig\u00eancia do certame, ainda haja a convoca\u00e7\u00e3o de mais 170 candidatos do cadastro reserva. Vale lembrar que a disputa foi oficialmente homologada em 2024. Assim, o concurso segue [&hellip;]<\/p>\n","protected":false},"author":1,"featured_media":703469,"comment_status":"open","ping_status":"closed","sticky":false,"template":"","format":"standard","meta":{"post_tipo":"news_page","footnotes":""},"categories":[214992],"tags":[],"tax_estado":[219969],"class_list":["post-407746","post","type-post","status-publish","format-standard","has-post-thumbnail","hentry","category-concursos-administrativos","tax_estado-ce"],"acf":[],"yoast_head":"<!-- This site is optimized with the Yoast SEO Premium plugin v27.2 (Yoast SEO v27.2) - https:\/\/yoast.com\/product\/yoast-seo-premium-wordpress\/ -->\n<title>Concurso SEMACE: 17 aprovados s\u00e3o convocados!<\/title>\n<meta name=\"description\" content=\"Concurso SEMACE: candidatos das vagas imediatas s\u00e3o convocados. Acesse o artigo e confira todos os detalhes!\" \/>\n<meta name=\"robots\" content=\"index, follow, max-snippet:-1, max-image-preview:large, max-video-preview:-1\" \/>\n<link rel=\"canonical\" href=\"https:\/\/www.estrategiaconcursos.com.br\/blog\/concurso-semace\/\" \/>\n<meta property=\"og:locale\" content=\"pt_BR\" \/>\n<meta property=\"og:type\" content=\"article\" \/>\n<meta property=\"og:title\" content=\"Concurso SEMACE: 17 aprovados s\u00e3o convocados!\" \/>\n<meta property=\"og:description\" content=\"Concurso SEMACE: candidatos das vagas imediatas s\u00e3o convocados. Acesse o artigo e confira todos os detalhes!\" \/>\n<meta property=\"og:url\" content=\"https:\/\/www.estrategiaconcursos.com.br\/blog\/concurso-semace\/\" \/>\n<meta property=\"og:site_name\" content=\"Estrat\u00e9gia Concursos\" \/>\n<meta property=\"article:author\" content=\"https:\/\/www.facebook.com\/EstrategiaConcursos\" \/>\n<meta property=\"article:published_time\" content=\"2025-09-15T22:01:27+00:00\" \/>\n<meta property=\"article:modified_time\" content=\"2025-09-19T15:49:09+00:00\" \/>\n<meta property=\"og:image\" content=\"https:\/\/dhg1h5j42swfq.cloudfront.net\/2021\/03\/29143931\/19.jpg\" \/>\n\t<meta property=\"og:image:width\" content=\"1200\" \/>\n\t<meta property=\"og:image:height\" content=\"628\" \/>\n\t<meta property=\"og:image:type\" content=\"image\/jpeg\" \/>\n<meta name=\"author\" content=\"Coordena\u00e7\u00e3o\" \/>\n<meta name=\"twitter:card\" content=\"summary_large_image\" \/>\n<meta name=\"twitter:creator\" content=\"@EstratConcursos\" \/>\n<meta name=\"twitter:site\" content=\"@EstratConcursos\" \/>\n<meta name=\"twitter:label1\" content=\"Escrito por\" \/>\n\t<meta name=\"twitter:data1\" content=\"Coordena\u00e7\u00e3o\" \/>\n\t<meta name=\"twitter:label2\" content=\"Est. tempo de leitura\" \/>\n\t<meta name=\"twitter:data2\" content=\"7 minutos\" \/>\n<script type=\"application\/ld+json\" class=\"yoast-schema-graph\">{\"@context\":\"https:\/\/schema.org\",\"@graph\":[{\"@type\":\"NewsArticle\",\"@id\":\"https:\/\/www.estrategiaconcursos.com.br\/blog\/concurso-semace\/#article\",\"isPartOf\":{\"@id\":\"https:\/\/www.estrategiaconcursos.com.br\/blog\/concurso-semace\/\"},\"author\":{\"name\":\"Coordena\u00e7\u00e3o\",\"@id\":\"https:\/\/www.estrategiaconcursos.com.br\/blog\/#\/schema\/person\/b4a388c97673c5f483d72185668afa1f\"},\"headline\":\"Concurso SEMACE: 17 aprovados s\u00e3o convocados!\",\"datePublished\":\"2025-09-15T22:01:27+00:00\",\"dateModified\":\"2025-09-19T15:49:09+00:00\",\"mainEntityOfPage\":{\"@id\":\"https:\/\/www.estrategiaconcursos.com.br\/blog\/concurso-semace\/\"},\"wordCount\":915,\"commentCount\":3,\"publisher\":{\"@id\":\"https:\/\/www.estrategiaconcursos.com.br\/blog\/#organization\"},\"image\":{\"@id\":\"https:\/\/www.estrategiaconcursos.com.br\/blog\/concurso-semace\/#primaryimage\"},\"thumbnailUrl\":\"https:\/\/dhg1h5j42swfq.cloudfront.net\/2021\/03\/29143931\/19.jpg\",\"articleSection\":[\"Executivo (Administrativa)\"],\"inLanguage\":\"pt-BR\",\"potentialAction\":[{\"@type\":\"CommentAction\",\"name\":\"Comment\",\"target\":[\"https:\/\/www.estrategiaconcursos.com.br\/blog\/concurso-semace\/#respond\"]}],\"copyrightYear\":\"2025\",\"copyrightHolder\":{\"@id\":\"https:\/\/www.estrategiaconcursos.com.br\/blog\/#organization\"}},{\"@type\":\"WebPage\",\"@id\":\"https:\/\/www.estrategiaconcursos.com.br\/blog\/concurso-semace\/\",\"url\":\"https:\/\/www.estrategiaconcursos.com.br\/blog\/concurso-semace\/\",\"name\":\"Concurso SEMACE: 17 aprovados s\u00e3o convocados!\",\"isPartOf\":{\"@id\":\"https:\/\/www.estrategiaconcursos.com.br\/blog\/#website\"},\"primaryImageOfPage\":{\"@id\":\"https:\/\/www.estrategiaconcursos.com.br\/blog\/concurso-semace\/#primaryimage\"},\"image\":{\"@id\":\"https:\/\/www.estrategiaconcursos.com.br\/blog\/concurso-semace\/#primaryimage\"},\"thumbnailUrl\":\"https:\/\/dhg1h5j42swfq.cloudfront.net\/2021\/03\/29143931\/19.jpg\",\"datePublished\":\"2025-09-15T22:01:27+00:00\",\"dateModified\":\"2025-09-19T15:49:09+00:00\",\"description\":\"Concurso SEMACE: candidatos das vagas imediatas s\u00e3o convocados. Acesse o artigo e confira todos os detalhes!\",\"breadcrumb\":{\"@id\":\"https:\/\/www.estrategiaconcursos.com.br\/blog\/concurso-semace\/#breadcrumb\"},\"inLanguage\":\"pt-BR\",\"potentialAction\":[{\"@type\":\"ReadAction\",\"target\":[\"https:\/\/www.estrategiaconcursos.com.br\/blog\/concurso-semace\/\"]}]},{\"@type\":\"ImageObject\",\"inLanguage\":\"pt-BR\",\"@id\":\"https:\/\/www.estrategiaconcursos.com.br\/blog\/concurso-semace\/#primaryimage\",\"url\":\"https:\/\/dhg1h5j42swfq.cloudfront.net\/2021\/03\/29143931\/19.jpg\",\"contentUrl\":\"https:\/\/dhg1h5j42swfq.cloudfront.net\/2021\/03\/29143931\/19.jpg\",\"width\":1200,\"height\":628,\"caption\":\"concurso Semace revis\u00e3o de v\u00e9spera\"},{\"@type\":\"BreadcrumbList\",\"@id\":\"https:\/\/www.estrategiaconcursos.com.br\/blog\/concurso-semace\/#breadcrumb\",\"itemListElement\":[{\"@type\":\"ListItem\",\"position\":1,\"name\":\"In\u00edcio\",\"item\":\"https:\/\/www.estrategiaconcursos.com.br\/blog\/\"},{\"@type\":\"ListItem\",\"position\":2,\"name\":\"Concurso SEMACE: 17 aprovados s\u00e3o convocados!\"}]},{\"@type\":\"WebSite\",\"@id\":\"https:\/\/www.estrategiaconcursos.com.br\/blog\/#website\",\"url\":\"https:\/\/www.estrategiaconcursos.com.br\/blog\/\",\"name\":\"Estrat\u00e9gia Concursos\",\"description\":\"O blog da Estrat\u00e9gia Concursos traz not\u00edcias sobre concursos e artigos de professores oferecendo cursos para concursos (pdf + videaulas) no site.\",\"publisher\":{\"@id\":\"https:\/\/www.estrategiaconcursos.com.br\/blog\/#organization\"},\"potentialAction\":[{\"@type\":\"SearchAction\",\"target\":{\"@type\":\"EntryPoint\",\"urlTemplate\":\"https:\/\/www.estrategiaconcursos.com.br\/blog\/?s={search_term_string}\"},\"query-input\":{\"@type\":\"PropertyValueSpecification\",\"valueRequired\":true,\"valueName\":\"search_term_string\"}}],\"inLanguage\":\"pt-BR\"},{\"@type\":\"Organization\",\"@id\":\"https:\/\/www.estrategiaconcursos.com.br\/blog\/#organization\",\"name\":\"Estrat\u00e9gia Concursos\",\"url\":\"https:\/\/www.estrategiaconcursos.com.br\/blog\/\",\"logo\":{\"@type\":\"ImageObject\",\"inLanguage\":\"pt-BR\",\"@id\":\"https:\/\/www.estrategiaconcursos.com.br\/blog\/#\/schema\/logo\/image\/\",\"url\":\"https:\/\/dhg1h5j42swfq.cloudfront.net\/2025\/06\/03203428\/logo_concursos-1.jpg\",\"contentUrl\":\"https:\/\/dhg1h5j42swfq.cloudfront.net\/2025\/06\/03203428\/logo_concursos-1.jpg\",\"width\":230,\"height\":60,\"caption\":\"Estrat\u00e9gia Concursos\"},\"image\":{\"@id\":\"https:\/\/www.estrategiaconcursos.com.br\/blog\/#\/schema\/logo\/image\/\"},\"sameAs\":[\"https:\/\/x.com\/EstratConcursos\"]},{\"@type\":\"Person\",\"@id\":\"https:\/\/www.estrategiaconcursos.com.br\/blog\/#\/schema\/person\/b4a388c97673c5f483d72185668afa1f\",\"name\":\"Coordena\u00e7\u00e3o\",\"image\":{\"@type\":\"ImageObject\",\"inLanguage\":\"pt-BR\",\"@id\":\"https:\/\/secure.gravatar.com\/avatar\/b720319e4c9a967eb58678d110f4fe35452fc5d5f97b202bac7b8acceb18c6ad?s=96&d=mm&r=g\",\"url\":\"https:\/\/secure.gravatar.com\/avatar\/b720319e4c9a967eb58678d110f4fe35452fc5d5f97b202bac7b8acceb18c6ad?s=96&d=mm&r=g\",\"contentUrl\":\"https:\/\/secure.gravatar.com\/avatar\/b720319e4c9a967eb58678d110f4fe35452fc5d5f97b202bac7b8acceb18c6ad?s=96&d=mm&r=g\",\"caption\":\"Coordena\u00e7\u00e3o\"},\"sameAs\":[\"https:\/\/www.facebook.com\/EstrategiaConcursos\",\"https:\/\/x.com\/EstratConcursos\"],\"url\":\"https:\/\/www.estrategiaconcursos.com.br\/blog\/author\/estrategia2013\/\"}]}<\/script>\n<!-- \/ Yoast SEO Premium plugin. -->","yoast_head_json":{"title":"Concurso SEMACE: 17 aprovados s\u00e3o convocados!","description":"Concurso SEMACE: candidatos das vagas imediatas s\u00e3o convocados. Acesse o artigo e confira todos os detalhes!","robots":{"index":"index","follow":"follow","max-snippet":"max-snippet:-1","max-image-preview":"max-image-preview:large","max-video-preview":"max-video-preview:-1"},"canonical":"https:\/\/www.estrategiaconcursos.com.br\/blog\/concurso-semace\/","og_locale":"pt_BR","og_type":"article","og_title":"Concurso SEMACE: 17 aprovados s\u00e3o convocados!","og_description":"Concurso SEMACE: candidatos das vagas imediatas s\u00e3o convocados. Acesse o artigo e confira todos os detalhes!","og_url":"https:\/\/www.estrategiaconcursos.com.br\/blog\/concurso-semace\/","og_site_name":"Estrat\u00e9gia Concursos","article_author":"https:\/\/www.facebook.com\/EstrategiaConcursos","article_published_time":"2025-09-15T22:01:27+00:00","article_modified_time":"2025-09-19T15:49:09+00:00","og_image":[{"width":1200,"height":628,"url":"https:\/\/dhg1h5j42swfq.cloudfront.net\/2021\/03\/29143931\/19.jpg","type":"image\/jpeg"}],"author":"Coordena\u00e7\u00e3o","twitter_card":"summary_large_image","twitter_creator":"@EstratConcursos","twitter_site":"@EstratConcursos","twitter_misc":{"Escrito por":"Coordena\u00e7\u00e3o","Est. tempo de leitura":"7 minutos"},"schema":{"@context":"https:\/\/schema.org","@graph":[{"@type":"NewsArticle","@id":"https:\/\/www.estrategiaconcursos.com.br\/blog\/concurso-semace\/#article","isPartOf":{"@id":"https:\/\/www.estrategiaconcursos.com.br\/blog\/concurso-semace\/"},"author":{"name":"Coordena\u00e7\u00e3o","@id":"https:\/\/www.estrategiaconcursos.com.br\/blog\/#\/schema\/person\/b4a388c97673c5f483d72185668afa1f"},"headline":"Concurso SEMACE: 17 aprovados s\u00e3o convocados!","datePublished":"2025-09-15T22:01:27+00:00","dateModified":"2025-09-19T15:49:09+00:00","mainEntityOfPage":{"@id":"https:\/\/www.estrategiaconcursos.com.br\/blog\/concurso-semace\/"},"wordCount":915,"commentCount":3,"publisher":{"@id":"https:\/\/www.estrategiaconcursos.com.br\/blog\/#organization"},"image":{"@id":"https:\/\/www.estrategiaconcursos.com.br\/blog\/concurso-semace\/#primaryimage"},"thumbnailUrl":"https:\/\/dhg1h5j42swfq.cloudfront.net\/2021\/03\/29143931\/19.jpg","articleSection":["Executivo (Administrativa)"],"inLanguage":"pt-BR","potentialAction":[{"@type":"CommentAction","name":"Comment","target":["https:\/\/www.estrategiaconcursos.com.br\/blog\/concurso-semace\/#respond"]}],"copyrightYear":"2025","copyrightHolder":{"@id":"https:\/\/www.estrategiaconcursos.com.br\/blog\/#organization"}},{"@type":"WebPage","@id":"https:\/\/www.estrategiaconcursos.com.br\/blog\/concurso-semace\/","url":"https:\/\/www.estrategiaconcursos.com.br\/blog\/concurso-semace\/","name":"Concurso SEMACE: 17 aprovados s\u00e3o convocados!","isPartOf":{"@id":"https:\/\/www.estrategiaconcursos.com.br\/blog\/#website"},"primaryImageOfPage":{"@id":"https:\/\/www.estrategiaconcursos.com.br\/blog\/concurso-semace\/#primaryimage"},"image":{"@id":"https:\/\/www.estrategiaconcursos.com.br\/blog\/concurso-semace\/#primaryimage"},"thumbnailUrl":"https:\/\/dhg1h5j42swfq.cloudfront.net\/2021\/03\/29143931\/19.jpg","datePublished":"2025-09-15T22:01:27+00:00","dateModified":"2025-09-19T15:49:09+00:00","description":"Concurso SEMACE: candidatos das vagas imediatas s\u00e3o convocados. Acesse o artigo e confira todos os detalhes!","breadcrumb":{"@id":"https:\/\/www.estrategiaconcursos.com.br\/blog\/concurso-semace\/#breadcrumb"},"inLanguage":"pt-BR","potentialAction":[{"@type":"ReadAction","target":["https:\/\/www.estrategiaconcursos.com.br\/blog\/concurso-semace\/"]}]},{"@type":"ImageObject","inLanguage":"pt-BR","@id":"https:\/\/www.estrategiaconcursos.com.br\/blog\/concurso-semace\/#primaryimage","url":"https:\/\/dhg1h5j42swfq.cloudfront.net\/2021\/03\/29143931\/19.jpg","contentUrl":"https:\/\/dhg1h5j42swfq.cloudfront.net\/2021\/03\/29143931\/19.jpg","width":1200,"height":628,"caption":"concurso Semace revis\u00e3o de v\u00e9spera"},{"@type":"BreadcrumbList","@id":"https:\/\/www.estrategiaconcursos.com.br\/blog\/concurso-semace\/#breadcrumb","itemListElement":[{"@type":"ListItem","position":1,"name":"In\u00edcio","item":"https:\/\/www.estrategiaconcursos.com.br\/blog\/"},{"@type":"ListItem","position":2,"name":"Concurso SEMACE: 17 aprovados s\u00e3o convocados!"}]},{"@type":"WebSite","@id":"https:\/\/www.estrategiaconcursos.com.br\/blog\/#website","url":"https:\/\/www.estrategiaconcursos.com.br\/blog\/","name":"Estrat\u00e9gia Concursos","description":"O blog da Estrat\u00e9gia Concursos traz not\u00edcias sobre concursos e artigos de professores oferecendo cursos para concursos (pdf + videaulas) no site.","publisher":{"@id":"https:\/\/www.estrategiaconcursos.com.br\/blog\/#organization"},"potentialAction":[{"@type":"SearchAction","target":{"@type":"EntryPoint","urlTemplate":"https:\/\/www.estrategiaconcursos.com.br\/blog\/?s={search_term_string}"},"query-input":{"@type":"PropertyValueSpecification","valueRequired":true,"valueName":"search_term_string"}}],"inLanguage":"pt-BR"},{"@type":"Organization","@id":"https:\/\/www.estrategiaconcursos.com.br\/blog\/#organization","name":"Estrat\u00e9gia Concursos","url":"https:\/\/www.estrategiaconcursos.com.br\/blog\/","logo":{"@type":"ImageObject","inLanguage":"pt-BR","@id":"https:\/\/www.estrategiaconcursos.com.br\/blog\/#\/schema\/logo\/image\/","url":"https:\/\/dhg1h5j42swfq.cloudfront.net\/2025\/06\/03203428\/logo_concursos-1.jpg","contentUrl":"https:\/\/dhg1h5j42swfq.cloudfront.net\/2025\/06\/03203428\/logo_concursos-1.jpg","width":230,"height":60,"caption":"Estrat\u00e9gia Concursos"},"image":{"@id":"https:\/\/www.estrategiaconcursos.com.br\/blog\/#\/schema\/logo\/image\/"},"sameAs":["https:\/\/x.com\/EstratConcursos"]},{"@type":"Person","@id":"https:\/\/www.estrategiaconcursos.com.br\/blog\/#\/schema\/person\/b4a388c97673c5f483d72185668afa1f","name":"Coordena\u00e7\u00e3o","image":{"@type":"ImageObject","inLanguage":"pt-BR","@id":"https:\/\/secure.gravatar.com\/avatar\/b720319e4c9a967eb58678d110f4fe35452fc5d5f97b202bac7b8acceb18c6ad?s=96&d=mm&r=g","url":"https:\/\/secure.gravatar.com\/avatar\/b720319e4c9a967eb58678d110f4fe35452fc5d5f97b202bac7b8acceb18c6ad?s=96&d=mm&r=g","contentUrl":"https:\/\/secure.gravatar.com\/avatar\/b720319e4c9a967eb58678d110f4fe35452fc5d5f97b202bac7b8acceb18c6ad?s=96&d=mm&r=g","caption":"Coordena\u00e7\u00e3o"},"sameAs":["https:\/\/www.facebook.com\/EstrategiaConcursos","https:\/\/x.com\/EstratConcursos"],"url":"https:\/\/www.estrategiaconcursos.com.br\/blog\/author\/estrategia2013\/"}]}},"_links":{"self":[{"href":"https:\/\/www.estrategiaconcursos.com.br\/blog\/wp-json\/wp\/v2\/posts\/407746","targetHints":{"allow":["GET"]}}],"collection":[{"href":"https:\/\/www.estrategiaconcursos.com.br\/blog\/wp-json\/wp\/v2\/posts"}],"about":[{"href":"https:\/\/www.estrategiaconcursos.com.br\/blog\/wp-json\/wp\/v2\/types\/post"}],"author":[{"embeddable":true,"href":"https:\/\/www.estrategiaconcursos.com.br\/blog\/wp-json\/wp\/v2\/users\/1"}],"replies":[{"embeddable":true,"href":"https:\/\/www.estrategiaconcursos.com.br\/blog\/wp-json\/wp\/v2\/comments?post=407746"}],"version-history":[{"count":103,"href":"https:\/\/www.estrategiaconcursos.com.br\/blog\/wp-json\/wp\/v2\/posts\/407746\/revisions"}],"predecessor-version":[{"id":1641769,"href":"https:\/\/www.estrategiaconcursos.com.br\/blog\/wp-json\/wp\/v2\/posts\/407746\/revisions\/1641769"}],"wp:featuredmedia":[{"embeddable":true,"href":"https:\/\/www.estrategiaconcursos.com.br\/blog\/wp-json\/wp\/v2\/media\/703469"}],"wp:attachment":[{"href":"https:\/\/www.estrategiaconcursos.com.br\/blog\/wp-json\/wp\/v2\/media?parent=407746"}],"wp:term":[{"taxonomy":"category","embeddable":true,"href":"https:\/\/www.estrategiaconcursos.com.br\/blog\/wp-json\/wp\/v2\/categories?post=407746"},{"taxonomy":"post_tag","embeddable":true,"href":"https:\/\/www.estrategiaconcursos.com.br\/blog\/wp-json\/wp\/v2\/tags?post=407746"},{"taxonomy":"tax_estado","embeddable":true,"href":"https:\/\/www.estrategiaconcursos.com.br\/blog\/wp-json\/wp\/v2\/tax_estado?post=407746"}],"curies":[{"name":"wp","href":"https:\/\/api.w.org\/{rel}","templated":true}]}}