{"id":407661,"date":"2019-08-10T06:00:36","date_gmt":"2019-08-10T09:00:36","guid":{"rendered":"https:\/\/www.estrategiaconcursos.com.br\/blog\/?p=407661"},"modified":"2019-08-19T20:09:36","modified_gmt":"2019-08-19T23:09:36","slug":"concurso-trf-3-maratona-de-aulas","status":"publish","type":"post","link":"https:\/\/www.estrategiaconcursos.com.br\/blog\/concurso-trf-3-maratona-de-aulas\/","title":{"rendered":"Maratona TRF 3: aulas gr\u00e1tis te preparam para as principais disciplinas"},"content":{"rendered":"\n<p>O Tribunal Regional Federal da Terceira Regi\u00e3o j\u00e1 iniciou os preparativos de seu novo concurso TRF 3. O certame foi autorizado no dia 18 de julho e j\u00e1 conta com uma lista parcial de vagas e cargos oferecidos.<\/p>\n\n\n\n<p>Em um e-mail enviado \u00e0 equipe de jornalismo do estrat\u00e9gia, a Assessoria do Tribunal confirmou que o certame deve oferecer <strong>5 vagas imediatas<\/strong> para os seguintes cargos:<\/p>\n\n\n\n<ul class=\"wp-block-list\"><li>T\u00e9cnico Judici\u00e1rio \u2013 \u00c1rea Administrativa (TRF3, SJSP e SJMS);<\/li><li>Analista Judici\u00e1rio \u2013 \u00c1rea Judici\u00e1ria (TRF3 e SJSP);<\/li><li>Analista Judici\u00e1rio \u2013 \u00c1rea Apoio Especializado \u2013 Especialidade Inform\u00e1tica (TRF3); e<\/li><li>T\u00e9cnico Judici\u00e1rio \u2013 \u00c1rea Apoio Especializado \u2013 Especialidade Inform\u00e1tica (TRF3).<\/li><\/ul>\n\n\n\n<p>O TRF 3 \u00e9 conhecido por oferecer uma remunera\u00e7\u00e3o inicial elevada \u00e0 seus servidores, aumentando ainda mais os valores com o cumprimento de metas e gratifica\u00e7\u00f5es.<\/p>\n\n\n\n<p style=\"font-size:25px;text-align:center\" class=\"has-background has-luminous-vivid-amber-background-color\"><strong>Saiba mais: <a rel=\"noreferrer noopener\" aria-label=\"Concurso TRF 3 (abre numa nova aba)\" href=\"https:\/\/www.estrategiaconcursos.com.br\/blog\/concurso-trf-3\/\" target=\"_blank\">Concurso TRF 3<\/a><\/strong><\/p>\n\n\n\n<p>Um concurso como da magnitude do TRF 3 atrai concurseiros de todo o Brasil buscando ingressar na carreira p\u00fablica. Por isso para garantir a aprova\u00e7\u00e3o \u00e9 necess\u00e1rio dedica\u00e7\u00e3o e uma prepara\u00e7\u00e3o adequada.<\/p>\n\n\n\n<p>E para lhe ajudar nessa quest\u00e3o o Estrat\u00e9gia Concursos realizar\u00e1 hoje uma <strong>Maratona TRF 3<\/strong>, onde nossos professores dar\u00e3o aulas gratuitas sobre as principais disciplinas cobradas no \u00faltimo edital.<\/p>\n\n\n\n<p>Confira abaixo o cronograma completo:<\/p>\n\n\n\n<p><strong>Professor:<\/strong> Hebert Almeida <br \/><strong>Disciplina:<\/strong> Direito Administrativo<br \/><strong>Hor\u00e1rio:<\/strong> 8h30 \u00e0s 9h30<\/p>\n\n\n\n<p><strong>Professor: <\/strong>Nelma Almeida<br \/><strong>Disciplina:<\/strong> Direito Constitucional<br \/><strong>Hor\u00e1rio:<\/strong> 9h30 \u00e0s 10h30<\/p>\n\n\n\n<p><strong>Professor: <\/strong>Adriana Figueredo<br \/><strong>Disciplina:<\/strong> L\u00edngua Portuguesa<br \/><strong>Hor\u00e1rio:<\/strong> 10h30 \u00e0s 11h30<\/p>\n\n\n\n<p><strong>Professor: <\/strong>Adriana Menezes <br \/><strong>Disciplina:<\/strong> Direito Previd\u00eanci\u00e1rio<br \/><strong>Hor\u00e1rio:<\/strong> 11h30 \u00e0s 13h<\/p>\n\n\n\n<p><strong>Intervalo<\/strong><\/p>\n\n\n\n<p><strong>Professor:<\/strong> G\u00e9ssica Ehle <br \/><strong>Disciplina:<\/strong> Direito Civil e Direito das pessoas com defici\u00eancia<br \/><strong>Hor\u00e1rio:<\/strong> 14h \u00e0s 15h30<\/p>\n\n\n\n<p><strong>Professor:<\/strong> Brunno Lima<br \/><strong>Disciplina:<\/strong> Racioc\u00ednio L\u00f3gico-Matem\u00e1tico<br \/><strong>Hor\u00e1rio:<\/strong> 15h30 \u00e0s 16h30<\/p>\n\n\n\n<p><strong>Professor:<\/strong> Ricardo Torques <br \/><strong>Disciplina:<\/strong> Direito Processual Civil<br \/><strong>Hor\u00e1rio:<\/strong> 16h30 \u00e0s 17h30<\/p>\n\n\n\n<p><strong>Professor:<\/strong> Renan Ara\u00fajo <br \/><strong>Disciplina:<\/strong> Direito Penal<br \/><strong>Hor\u00e1rio:<\/strong> 17h30 \u00e0s 18h30<\/p>\n\n\n\n<p>A transmiss\u00e3o tem in\u00edcio \u00e0s <strong>8h30 <\/strong>e para n\u00e3o perder nenhum segundo, basta se inscrever de forma gratuita clicando no banner abaixo:<\/p>\n\n\n\n<figure class=\"wp-block-image\"><a href=\"https:\/\/www.estrategiaconcursos.com.br\/gratis\/maratona-trf3\/\" target=\"_blank\" rel=\"noreferrer noopener\"><img loading=\"lazy\" decoding=\"async\" width=\"1920\" height=\"480\" src=\"https:\/\/dhg1h5j42swfq.cloudfront.net\/2019\/08\/08184732\/maratona-trf-3.jpg\" alt=\"\" class=\"wp-image-407662\" srcset=\"https:\/\/dhg1h5j42swfq.cloudfront.net\/2019\/08\/08184732\/maratona-trf-3.jpg 1920w, https:\/\/dhg1h5j42swfq.cloudfront.net\/2019\/08\/08184732\/maratona-trf-3.jpg 300w, https:\/\/dhg1h5j42swfq.cloudfront.net\/2019\/08\/08184732\/maratona-trf-3.jpg 768w, https:\/\/dhg1h5j42swfq.cloudfront.net\/2019\/08\/08184732\/maratona-trf-3.jpg 1024w, https:\/\/dhg1h5j42swfq.cloudfront.net\/2019\/08\/08184732\/maratona-trf-3.jpg 610w\" sizes=\"auto, (max-width: 1920px) 100vw, 1920px\" \/><\/a><\/figure>\n\n\n\n<p style=\"text-align:center\"><em>Gostou desta oportunidade e deseja come\u00e7ar se preparar agora mesmo? Ent\u00e3o, confira os nossos cursos e comece a estudar para TRF 3:<\/em><\/p>\n\n\n\n<p style=\"text-align:center\" class=\"has-background has-medium-font-size has-luminous-vivid-amber-background-color\"><strong><a href=\"https:\/\/www.estrategiaconcursos.com.br\/cursosPorConcurso\/promocao-pacotes-completos-trf-3-regiao\/\" target=\"_blank\" rel=\"noreferrer noopener\">PROMO\u00c7\u00c3O: CURSO TRF 3<\/a><\/strong><\/p>\n\n\n\n<p style=\"text-align:center\" class=\"has-medium-font-size\"><em><strong>Assinatura Anual Ilimitada*<\/strong><\/em><\/p>\n\n\n\n<p style=\"text-align:center\"><em>Prepare-se com o melhor material e com quem mais aprova em Concursos P\u00fablicos em todo o pa\u00eds. Assine agora a nossa Assinatura Anual e tenha acesso ilimitado* a todos os nossos cursos.<\/em><\/p>\n\n\n\n<p style=\"font-size:25px;text-align:center\" class=\"has-background has-light-green-cyan-background-color\"><strong>ASSINE AGORA<\/strong>&nbsp;\u2013&nbsp;<a href=\"https:\/\/www.estrategiaconcursos.com.br\/assinaturas\" target=\"_blank\" rel=\"noreferrer noopener\">Assinatura Ilimitada<\/a><\/p>\n","protected":false},"excerpt":{"rendered":"<p>O Tribunal Regional Federal da Terceira Regi\u00e3o j\u00e1 iniciou os preparativos de seu novo concurso TRF 3. O certame foi autorizado no dia 18 de julho e j\u00e1 conta com uma lista parcial de vagas e cargos oferecidos. Em um e-mail enviado \u00e0 equipe de jornalismo do estrat\u00e9gia, a Assessoria do Tribunal confirmou que o [&hellip;]<\/p>\n","protected":false},"author":180,"featured_media":0,"comment_status":"open","ping_status":"closed","sticky":false,"template":"","format":"standard","meta":{"post_tipo":"article","footnotes":""},"categories":[1],"tags":[],"tax_estado":[],"class_list":["post-407661","post","type-post","status-publish","format-standard","hentry","category-cursos-e-concursos"],"acf":[],"yoast_head":"<!-- This site is optimized with the Yoast SEO Premium plugin v27.2 (Yoast SEO v27.2) - https:\/\/yoast.com\/product\/yoast-seo-premium-wordpress\/ -->\n<title>Maratona TRF 3: aulas gr\u00e1tis te preparam para as principais disciplinas<\/title>\n<meta name=\"robots\" content=\"index, follow, max-snippet:-1, max-image-preview:large, max-video-preview:-1\" \/>\n<link rel=\"canonical\" href=\"https:\/\/www.estrategiaconcursos.com.br\/blog\/concurso-trf-3-maratona-de-aulas\/\" \/>\n<meta property=\"og:locale\" content=\"pt_BR\" \/>\n<meta property=\"og:type\" content=\"article\" \/>\n<meta property=\"og:title\" content=\"Maratona TRF 3: aulas gr\u00e1tis te preparam para as principais disciplinas\" \/>\n<meta property=\"og:description\" content=\"O Tribunal Regional Federal da Terceira Regi\u00e3o j\u00e1 iniciou os preparativos de seu novo concurso TRF 3. O certame foi autorizado no dia 18 de julho e j\u00e1 conta com uma lista parcial de vagas e cargos oferecidos. Em um e-mail enviado \u00e0 equipe de jornalismo do estrat\u00e9gia, a Assessoria do Tribunal confirmou que o [&hellip;]\" \/>\n<meta property=\"og:url\" content=\"https:\/\/www.estrategiaconcursos.com.br\/blog\/concurso-trf-3-maratona-de-aulas\/\" \/>\n<meta property=\"og:site_name\" content=\"Estrat\u00e9gia Concursos\" \/>\n<meta property=\"article:author\" content=\"https:\/\/www.facebook.com\/ricardo.s.torques\" \/>\n<meta property=\"article:published_time\" content=\"2019-08-10T09:00:36+00:00\" \/>\n<meta property=\"article:modified_time\" content=\"2019-08-19T23:09:36+00:00\" \/>\n<meta property=\"og:image\" content=\"https:\/\/www.estrategiaconcursos.com.br\/blog\/wp-content\/uploads\/2019\/08\/maratona-trf-3.jpg\" \/>\n<meta name=\"author\" content=\"Ricardo Torques\" \/>\n<meta name=\"twitter:card\" content=\"summary_large_image\" \/>\n<meta name=\"twitter:creator\" content=\"@EstratConcursos\" \/>\n<meta name=\"twitter:site\" content=\"@EstratConcursos\" \/>\n<meta name=\"twitter:label1\" content=\"Escrito por\" \/>\n\t<meta name=\"twitter:data1\" content=\"Ricardo Torques\" \/>\n\t<meta name=\"twitter:label2\" content=\"Est. tempo de leitura\" \/>\n\t<meta name=\"twitter:data2\" content=\"2 minutos\" \/>\n<script type=\"application\/ld+json\" class=\"yoast-schema-graph\">{\"@context\":\"https:\/\/schema.org\",\"@graph\":[{\"@type\":\"NewsArticle\",\"@id\":\"https:\/\/www.estrategiaconcursos.com.br\/blog\/concurso-trf-3-maratona-de-aulas\/#article\",\"isPartOf\":{\"@id\":\"https:\/\/www.estrategiaconcursos.com.br\/blog\/concurso-trf-3-maratona-de-aulas\/\"},\"author\":{\"name\":\"Ricardo Torques\",\"@id\":\"https:\/\/www.estrategiaconcursos.com.br\/blog\/#\/schema\/person\/aa39cf5ddb518e5bdce27c35788405e2\"},\"headline\":\"Maratona TRF 3: aulas gr\u00e1tis te preparam para as principais disciplinas\",\"datePublished\":\"2019-08-10T09:00:36+00:00\",\"dateModified\":\"2019-08-19T23:09:36+00:00\",\"mainEntityOfPage\":{\"@id\":\"https:\/\/www.estrategiaconcursos.com.br\/blog\/concurso-trf-3-maratona-de-aulas\/\"},\"wordCount\":415,\"commentCount\":0,\"publisher\":{\"@id\":\"https:\/\/www.estrategiaconcursos.com.br\/blog\/#organization\"},\"image\":{\"@id\":\"https:\/\/www.estrategiaconcursos.com.br\/blog\/concurso-trf-3-maratona-de-aulas\/#primaryimage\"},\"thumbnailUrl\":\"https:\/\/www.estrategiaconcursos.com.br\/blog\/wp-content\/uploads\/2019\/08\/maratona-trf-3.jpg\",\"articleSection\":[\"Concursos P\u00fablicos\"],\"inLanguage\":\"pt-BR\",\"potentialAction\":[{\"@type\":\"CommentAction\",\"name\":\"Comment\",\"target\":[\"https:\/\/www.estrategiaconcursos.com.br\/blog\/concurso-trf-3-maratona-de-aulas\/#respond\"]}],\"copyrightYear\":\"2019\",\"copyrightHolder\":{\"@id\":\"https:\/\/www.estrategiaconcursos.com.br\/blog\/#organization\"}},{\"@type\":\"WebPage\",\"@id\":\"https:\/\/www.estrategiaconcursos.com.br\/blog\/concurso-trf-3-maratona-de-aulas\/\",\"url\":\"https:\/\/www.estrategiaconcursos.com.br\/blog\/concurso-trf-3-maratona-de-aulas\/\",\"name\":\"Maratona TRF 3: aulas gr\u00e1tis te preparam para as principais disciplinas\",\"isPartOf\":{\"@id\":\"https:\/\/www.estrategiaconcursos.com.br\/blog\/#website\"},\"primaryImageOfPage\":{\"@id\":\"https:\/\/www.estrategiaconcursos.com.br\/blog\/concurso-trf-3-maratona-de-aulas\/#primaryimage\"},\"image\":{\"@id\":\"https:\/\/www.estrategiaconcursos.com.br\/blog\/concurso-trf-3-maratona-de-aulas\/#primaryimage\"},\"thumbnailUrl\":\"https:\/\/www.estrategiaconcursos.com.br\/blog\/wp-content\/uploads\/2019\/08\/maratona-trf-3.jpg\",\"datePublished\":\"2019-08-10T09:00:36+00:00\",\"dateModified\":\"2019-08-19T23:09:36+00:00\",\"breadcrumb\":{\"@id\":\"https:\/\/www.estrategiaconcursos.com.br\/blog\/concurso-trf-3-maratona-de-aulas\/#breadcrumb\"},\"inLanguage\":\"pt-BR\",\"potentialAction\":[{\"@type\":\"ReadAction\",\"target\":[\"https:\/\/www.estrategiaconcursos.com.br\/blog\/concurso-trf-3-maratona-de-aulas\/\"]}]},{\"@type\":\"ImageObject\",\"inLanguage\":\"pt-BR\",\"@id\":\"https:\/\/www.estrategiaconcursos.com.br\/blog\/concurso-trf-3-maratona-de-aulas\/#primaryimage\",\"url\":\"https:\/\/dhg1h5j42swfq.cloudfront.net\/2019\/08\/08184732\/maratona-trf-3.jpg\",\"contentUrl\":\"https:\/\/dhg1h5j42swfq.cloudfront.net\/2019\/08\/08184732\/maratona-trf-3.jpg\",\"width\":1920,\"height\":480},{\"@type\":\"BreadcrumbList\",\"@id\":\"https:\/\/www.estrategiaconcursos.com.br\/blog\/concurso-trf-3-maratona-de-aulas\/#breadcrumb\",\"itemListElement\":[{\"@type\":\"ListItem\",\"position\":1,\"name\":\"In\u00edcio\",\"item\":\"https:\/\/www.estrategiaconcursos.com.br\/blog\/\"},{\"@type\":\"ListItem\",\"position\":2,\"name\":\"Maratona TRF 3: aulas gr\u00e1tis te preparam para as principais disciplinas\"}]},{\"@type\":\"WebSite\",\"@id\":\"https:\/\/www.estrategiaconcursos.com.br\/blog\/#website\",\"url\":\"https:\/\/www.estrategiaconcursos.com.br\/blog\/\",\"name\":\"Estrat\u00e9gia Concursos\",\"description\":\"O blog da Estrat\u00e9gia Concursos traz not\u00edcias sobre concursos e artigos de professores oferecendo cursos para concursos (pdf + videaulas) no site.\",\"publisher\":{\"@id\":\"https:\/\/www.estrategiaconcursos.com.br\/blog\/#organization\"},\"potentialAction\":[{\"@type\":\"SearchAction\",\"target\":{\"@type\":\"EntryPoint\",\"urlTemplate\":\"https:\/\/www.estrategiaconcursos.com.br\/blog\/?s={search_term_string}\"},\"query-input\":{\"@type\":\"PropertyValueSpecification\",\"valueRequired\":true,\"valueName\":\"search_term_string\"}}],\"inLanguage\":\"pt-BR\"},{\"@type\":\"Organization\",\"@id\":\"https:\/\/www.estrategiaconcursos.com.br\/blog\/#organization\",\"name\":\"Estrat\u00e9gia Concursos\",\"url\":\"https:\/\/www.estrategiaconcursos.com.br\/blog\/\",\"logo\":{\"@type\":\"ImageObject\",\"inLanguage\":\"pt-BR\",\"@id\":\"https:\/\/www.estrategiaconcursos.com.br\/blog\/#\/schema\/logo\/image\/\",\"url\":\"https:\/\/dhg1h5j42swfq.cloudfront.net\/2025\/06\/03203428\/logo_concursos-1.jpg\",\"contentUrl\":\"https:\/\/dhg1h5j42swfq.cloudfront.net\/2025\/06\/03203428\/logo_concursos-1.jpg\",\"width\":230,\"height\":60,\"caption\":\"Estrat\u00e9gia Concursos\"},\"image\":{\"@id\":\"https:\/\/www.estrategiaconcursos.com.br\/blog\/#\/schema\/logo\/image\/\"},\"sameAs\":[\"https:\/\/x.com\/EstratConcursos\"]},{\"@type\":\"Person\",\"@id\":\"https:\/\/www.estrategiaconcursos.com.br\/blog\/#\/schema\/person\/aa39cf5ddb518e5bdce27c35788405e2\",\"name\":\"Ricardo Torques\",\"image\":{\"@type\":\"ImageObject\",\"inLanguage\":\"pt-BR\",\"@id\":\"https:\/\/secure.gravatar.com\/avatar\/ce9ac6c3cff25fe86d15ed568ebc64d1724baf5c0693133bcb1f6073f712f92a?s=96&d=mm&r=g\",\"url\":\"https:\/\/secure.gravatar.com\/avatar\/ce9ac6c3cff25fe86d15ed568ebc64d1724baf5c0693133bcb1f6073f712f92a?s=96&d=mm&r=g\",\"contentUrl\":\"https:\/\/secure.gravatar.com\/avatar\/ce9ac6c3cff25fe86d15ed568ebc64d1724baf5c0693133bcb1f6073f712f92a?s=96&d=mm&r=g\",\"caption\":\"Ricardo Torques\"},\"sameAs\":[\"https:\/\/www.facebook.com\/ricardo.s.torques\"],\"url\":\"https:\/\/www.estrategiaconcursos.com.br\/blog\/author\/ricardotorquesestrategiaconcursos-com-br\/\"}]}<\/script>\n<!-- \/ Yoast SEO Premium plugin. -->","yoast_head_json":{"title":"Maratona TRF 3: aulas gr\u00e1tis te preparam para as principais disciplinas","robots":{"index":"index","follow":"follow","max-snippet":"max-snippet:-1","max-image-preview":"max-image-preview:large","max-video-preview":"max-video-preview:-1"},"canonical":"https:\/\/www.estrategiaconcursos.com.br\/blog\/concurso-trf-3-maratona-de-aulas\/","og_locale":"pt_BR","og_type":"article","og_title":"Maratona TRF 3: aulas gr\u00e1tis te preparam para as principais disciplinas","og_description":"O Tribunal Regional Federal da Terceira Regi\u00e3o j\u00e1 iniciou os preparativos de seu novo concurso TRF 3. O certame foi autorizado no dia 18 de julho e j\u00e1 conta com uma lista parcial de vagas e cargos oferecidos. Em um e-mail enviado \u00e0 equipe de jornalismo do estrat\u00e9gia, a Assessoria do Tribunal confirmou que o [&hellip;]","og_url":"https:\/\/www.estrategiaconcursos.com.br\/blog\/concurso-trf-3-maratona-de-aulas\/","og_site_name":"Estrat\u00e9gia Concursos","article_author":"https:\/\/www.facebook.com\/ricardo.s.torques","article_published_time":"2019-08-10T09:00:36+00:00","article_modified_time":"2019-08-19T23:09:36+00:00","og_image":[{"url":"https:\/\/www.estrategiaconcursos.com.br\/blog\/wp-content\/uploads\/2019\/08\/maratona-trf-3.jpg","type":"","width":"","height":""}],"author":"Ricardo Torques","twitter_card":"summary_large_image","twitter_creator":"@EstratConcursos","twitter_site":"@EstratConcursos","twitter_misc":{"Escrito por":"Ricardo Torques","Est. tempo de leitura":"2 minutos"},"schema":{"@context":"https:\/\/schema.org","@graph":[{"@type":"NewsArticle","@id":"https:\/\/www.estrategiaconcursos.com.br\/blog\/concurso-trf-3-maratona-de-aulas\/#article","isPartOf":{"@id":"https:\/\/www.estrategiaconcursos.com.br\/blog\/concurso-trf-3-maratona-de-aulas\/"},"author":{"name":"Ricardo Torques","@id":"https:\/\/www.estrategiaconcursos.com.br\/blog\/#\/schema\/person\/aa39cf5ddb518e5bdce27c35788405e2"},"headline":"Maratona TRF 3: aulas gr\u00e1tis te preparam para as principais disciplinas","datePublished":"2019-08-10T09:00:36+00:00","dateModified":"2019-08-19T23:09:36+00:00","mainEntityOfPage":{"@id":"https:\/\/www.estrategiaconcursos.com.br\/blog\/concurso-trf-3-maratona-de-aulas\/"},"wordCount":415,"commentCount":0,"publisher":{"@id":"https:\/\/www.estrategiaconcursos.com.br\/blog\/#organization"},"image":{"@id":"https:\/\/www.estrategiaconcursos.com.br\/blog\/concurso-trf-3-maratona-de-aulas\/#primaryimage"},"thumbnailUrl":"https:\/\/www.estrategiaconcursos.com.br\/blog\/wp-content\/uploads\/2019\/08\/maratona-trf-3.jpg","articleSection":["Concursos P\u00fablicos"],"inLanguage":"pt-BR","potentialAction":[{"@type":"CommentAction","name":"Comment","target":["https:\/\/www.estrategiaconcursos.com.br\/blog\/concurso-trf-3-maratona-de-aulas\/#respond"]}],"copyrightYear":"2019","copyrightHolder":{"@id":"https:\/\/www.estrategiaconcursos.com.br\/blog\/#organization"}},{"@type":"WebPage","@id":"https:\/\/www.estrategiaconcursos.com.br\/blog\/concurso-trf-3-maratona-de-aulas\/","url":"https:\/\/www.estrategiaconcursos.com.br\/blog\/concurso-trf-3-maratona-de-aulas\/","name":"Maratona TRF 3: aulas gr\u00e1tis te preparam para as principais disciplinas","isPartOf":{"@id":"https:\/\/www.estrategiaconcursos.com.br\/blog\/#website"},"primaryImageOfPage":{"@id":"https:\/\/www.estrategiaconcursos.com.br\/blog\/concurso-trf-3-maratona-de-aulas\/#primaryimage"},"image":{"@id":"https:\/\/www.estrategiaconcursos.com.br\/blog\/concurso-trf-3-maratona-de-aulas\/#primaryimage"},"thumbnailUrl":"https:\/\/www.estrategiaconcursos.com.br\/blog\/wp-content\/uploads\/2019\/08\/maratona-trf-3.jpg","datePublished":"2019-08-10T09:00:36+00:00","dateModified":"2019-08-19T23:09:36+00:00","breadcrumb":{"@id":"https:\/\/www.estrategiaconcursos.com.br\/blog\/concurso-trf-3-maratona-de-aulas\/#breadcrumb"},"inLanguage":"pt-BR","potentialAction":[{"@type":"ReadAction","target":["https:\/\/www.estrategiaconcursos.com.br\/blog\/concurso-trf-3-maratona-de-aulas\/"]}]},{"@type":"ImageObject","inLanguage":"pt-BR","@id":"https:\/\/www.estrategiaconcursos.com.br\/blog\/concurso-trf-3-maratona-de-aulas\/#primaryimage","url":"https:\/\/dhg1h5j42swfq.cloudfront.net\/2019\/08\/08184732\/maratona-trf-3.jpg","contentUrl":"https:\/\/dhg1h5j42swfq.cloudfront.net\/2019\/08\/08184732\/maratona-trf-3.jpg","width":1920,"height":480},{"@type":"BreadcrumbList","@id":"https:\/\/www.estrategiaconcursos.com.br\/blog\/concurso-trf-3-maratona-de-aulas\/#breadcrumb","itemListElement":[{"@type":"ListItem","position":1,"name":"In\u00edcio","item":"https:\/\/www.estrategiaconcursos.com.br\/blog\/"},{"@type":"ListItem","position":2,"name":"Maratona TRF 3: aulas gr\u00e1tis te preparam para as principais disciplinas"}]},{"@type":"WebSite","@id":"https:\/\/www.estrategiaconcursos.com.br\/blog\/#website","url":"https:\/\/www.estrategiaconcursos.com.br\/blog\/","name":"Estrat\u00e9gia Concursos","description":"O blog da Estrat\u00e9gia Concursos traz not\u00edcias sobre concursos e artigos de professores oferecendo cursos para concursos (pdf + videaulas) no site.","publisher":{"@id":"https:\/\/www.estrategiaconcursos.com.br\/blog\/#organization"},"potentialAction":[{"@type":"SearchAction","target":{"@type":"EntryPoint","urlTemplate":"https:\/\/www.estrategiaconcursos.com.br\/blog\/?s={search_term_string}"},"query-input":{"@type":"PropertyValueSpecification","valueRequired":true,"valueName":"search_term_string"}}],"inLanguage":"pt-BR"},{"@type":"Organization","@id":"https:\/\/www.estrategiaconcursos.com.br\/blog\/#organization","name":"Estrat\u00e9gia Concursos","url":"https:\/\/www.estrategiaconcursos.com.br\/blog\/","logo":{"@type":"ImageObject","inLanguage":"pt-BR","@id":"https:\/\/www.estrategiaconcursos.com.br\/blog\/#\/schema\/logo\/image\/","url":"https:\/\/dhg1h5j42swfq.cloudfront.net\/2025\/06\/03203428\/logo_concursos-1.jpg","contentUrl":"https:\/\/dhg1h5j42swfq.cloudfront.net\/2025\/06\/03203428\/logo_concursos-1.jpg","width":230,"height":60,"caption":"Estrat\u00e9gia Concursos"},"image":{"@id":"https:\/\/www.estrategiaconcursos.com.br\/blog\/#\/schema\/logo\/image\/"},"sameAs":["https:\/\/x.com\/EstratConcursos"]},{"@type":"Person","@id":"https:\/\/www.estrategiaconcursos.com.br\/blog\/#\/schema\/person\/aa39cf5ddb518e5bdce27c35788405e2","name":"Ricardo Torques","image":{"@type":"ImageObject","inLanguage":"pt-BR","@id":"https:\/\/secure.gravatar.com\/avatar\/ce9ac6c3cff25fe86d15ed568ebc64d1724baf5c0693133bcb1f6073f712f92a?s=96&d=mm&r=g","url":"https:\/\/secure.gravatar.com\/avatar\/ce9ac6c3cff25fe86d15ed568ebc64d1724baf5c0693133bcb1f6073f712f92a?s=96&d=mm&r=g","contentUrl":"https:\/\/secure.gravatar.com\/avatar\/ce9ac6c3cff25fe86d15ed568ebc64d1724baf5c0693133bcb1f6073f712f92a?s=96&d=mm&r=g","caption":"Ricardo Torques"},"sameAs":["https:\/\/www.facebook.com\/ricardo.s.torques"],"url":"https:\/\/www.estrategiaconcursos.com.br\/blog\/author\/ricardotorquesestrategiaconcursos-com-br\/"}]}},"_links":{"self":[{"href":"https:\/\/www.estrategiaconcursos.com.br\/blog\/wp-json\/wp\/v2\/posts\/407661","targetHints":{"allow":["GET"]}}],"collection":[{"href":"https:\/\/www.estrategiaconcursos.com.br\/blog\/wp-json\/wp\/v2\/posts"}],"about":[{"href":"https:\/\/www.estrategiaconcursos.com.br\/blog\/wp-json\/wp\/v2\/types\/post"}],"author":[{"embeddable":true,"href":"https:\/\/www.estrategiaconcursos.com.br\/blog\/wp-json\/wp\/v2\/users\/180"}],"replies":[{"embeddable":true,"href":"https:\/\/www.estrategiaconcursos.com.br\/blog\/wp-json\/wp\/v2\/comments?post=407661"}],"version-history":[{"count":2,"href":"https:\/\/www.estrategiaconcursos.com.br\/blog\/wp-json\/wp\/v2\/posts\/407661\/revisions"}],"predecessor-version":[{"id":411074,"href":"https:\/\/www.estrategiaconcursos.com.br\/blog\/wp-json\/wp\/v2\/posts\/407661\/revisions\/411074"}],"wp:attachment":[{"href":"https:\/\/www.estrategiaconcursos.com.br\/blog\/wp-json\/wp\/v2\/media?parent=407661"}],"wp:term":[{"taxonomy":"category","embeddable":true,"href":"https:\/\/www.estrategiaconcursos.com.br\/blog\/wp-json\/wp\/v2\/categories?post=407661"},{"taxonomy":"post_tag","embeddable":true,"href":"https:\/\/www.estrategiaconcursos.com.br\/blog\/wp-json\/wp\/v2\/tags?post=407661"},{"taxonomy":"tax_estado","embeddable":true,"href":"https:\/\/www.estrategiaconcursos.com.br\/blog\/wp-json\/wp\/v2\/tax_estado?post=407661"}],"curies":[{"name":"wp","href":"https:\/\/api.w.org\/{rel}","templated":true}]}}