{"id":407427,"date":"2019-08-08T10:09:58","date_gmt":"2019-08-08T13:09:58","guid":{"rendered":"https:\/\/www.estrategiaconcursos.com.br\/blog\/?p=407427"},"modified":"2023-06-13T15:14:51","modified_gmt":"2023-06-13T18:14:51","slug":"concurso-alerj-validade-prorrogada","status":"publish","type":"post","link":"https:\/\/www.estrategiaconcursos.com.br\/blog\/concurso-alerj-validade-prorrogada\/","title":{"rendered":"Concurso ALERJ: mesa diretora aprova prorroga\u00e7\u00e3o da validade do \u00faltimo concurso"},"content":{"rendered":"\n<p>Foi anunciada hoje, 8 de agosto, pela Assembleia Legislativa do Estado do Rio de Janeiro a prorroga\u00e7\u00e3o do \u00faltimo concurso da Casa, que ocorreu em 2016 e homologado em 2017. <\/p>\n\n\n\n<p>Em abril foi aprovado o Projeto de Lei&nbsp;que suspende os prazos de concursos p\u00fablicos do Rio de Janeiro at\u00e9 o fim do Regime de Recupera\u00e7\u00e3o Fiscal, decretado em 2016.<\/p>\n\n\n\n<p>Assim, todos os concursos que tiveram a validade interrompida entre 1\u00ba de janeiro de 2016 at\u00e9 o t\u00e9rmino do Estado de Calamidade Financeira ter\u00e3o seu prazos interrompidos, os quais s\u00f3 voltar\u00e3o a ocorrer no primeiro dia \u00fatil seguinte ao fim do Regime de Recupera\u00e7\u00e3o Fiscal.<\/p>\n\n\n\n<p>Al\u00e9m disso, est\u00e1 proibido a realiza\u00e7\u00e3o de novos concursos enquanto todos os aprovados n\u00e3o tomarem posse, inclusive candidatos que estejam em situa\u00e7\u00e3o de cadastro reserva.<\/p>\n\n\n\n<p>Veja abaixo o extrato do documento que forma a prorroga\u00e7\u00e3o do concurso:<\/p>\n\n\n\n<figure class=\"wp-block-image aligncenter\"><img loading=\"lazy\" decoding=\"async\" width=\"663\" height=\"144\" src=\"https:\/\/dhg1h5j42swfq.cloudfront.net\/2019\/08\/08095920\/alerj.jpg\" alt=\"\" class=\"wp-image-407457\" srcset=\"https:\/\/dhg1h5j42swfq.cloudfront.net\/2019\/08\/08095920\/alerj.jpg 663w, https:\/\/dhg1h5j42swfq.cloudfront.net\/2019\/08\/08095920\/alerj.jpg 300w, https:\/\/dhg1h5j42swfq.cloudfront.net\/2019\/08\/08095920\/alerj.jpg 610w\" sizes=\"auto, (max-width: 663px) 100vw, 663px\" \/><\/figure>\n\n\n\n<p class=\"has-text-align-center\"><strong>Gostou<\/strong><strong style=\"font-style: italic;\"> dessa oportunidade e deseja se preparar para o concurso ALEPI? O Estrat\u00e9gia Concurso j\u00e1 possui cursos relacionados ao certame! Confira:<\/strong><\/p>\n\n\n\n<p class=\"has-text-align-center has-luminous-vivid-amber-background-color has-background\" style=\"font-size:clamp(16.293px, 1.018rem + ((1vw - 3.2px) * 0.854), 25px);px\"><strong><a href=\"https:\/\/www.estrategiaconcursos.com.br\/cursos\/concurso\/\" target=\"_blank\" rel=\"noreferrer noopener\" aria-label=\"Curso ALERJ (abre numa nova aba)\">Curso ALERJ<\/a><\/strong><\/p>\n\n\n\n<h2 class=\"wp-block-heading has-text-align-center\" id=\"assinatura\"><em><strong>Assinatura Anual Ilimitada*<\/strong><\/em><\/h2>\n\n\n\n<p class=\"has-text-align-center\"><em>Prepare-se com o melhor material e com quem mais aprova em Concursos P\u00fablicos em todo o pa\u00eds. Assine agora a nossa Assinatura Anual e tenha acesso ilimitado* a todos os nossos cursos.<\/em><\/p>\n\n\n\n<p class=\"has-text-align-center has-light-green-cyan-background-color has-background\" style=\"font-size:clamp(16.293px, 1.018rem + ((1vw - 3.2px) * 0.854), 25px);px\"><strong>ASSINE AGORA<\/strong>&nbsp;\u2013&nbsp;<a rel=\"noreferrer noopener\" href=\"https:\/\/www.estrategiaconcursos.com.br\/assinaturas\" target=\"_blank\"><strong>Assinatura Ilimitada<\/strong><\/a><\/p>\n\n\n\n<p class=\"has-text-align-center has-pale-cyan-blue-background-color has-background\" style=\"font-size:clamp(16.293px, 1.018rem + ((1vw - 3.2px) * 0.854), 25px);px\"><strong><a href=\"https:\/\/www.estrategiaconcursos.com.br\/blog\/concursos-abertos\/\">CONCURSOS ABERTOS<\/a><\/strong><\/p>\n\n\n\n<p><br \/><\/p>\n","protected":false},"excerpt":{"rendered":"<p>Foi anunciada hoje, 8 de agosto, pela Assembleia Legislativa do Estado do Rio de Janeiro a prorroga\u00e7\u00e3o do \u00faltimo concurso da Casa, que ocorreu em 2016 e homologado em 2017. Em abril foi aprovado o Projeto de Lei&nbsp;que suspende os prazos de concursos p\u00fablicos do Rio de Janeiro at\u00e9 o fim do Regime de Recupera\u00e7\u00e3o [&hellip;]<\/p>\n","protected":false},"author":215,"featured_media":0,"comment_status":"open","ping_status":"closed","sticky":false,"template":"","format":"standard","meta":{"post_tipo":"article","footnotes":""},"categories":[1],"tags":[],"tax_estado":[],"class_list":["post-407427","post","type-post","status-publish","format-standard","hentry","category-cursos-e-concursos"],"acf":[],"yoast_head":"<!-- This site is optimized with the Yoast SEO Premium plugin v27.2 (Yoast SEO v27.2) - https:\/\/yoast.com\/product\/yoast-seo-premium-wordpress\/ -->\n<title>Concurso ALERJ: mesa diretora aprova prorroga\u00e7\u00e3o da validade do \u00faltimo concurso<\/title>\n<meta name=\"robots\" content=\"index, follow, max-snippet:-1, max-image-preview:large, max-video-preview:-1\" \/>\n<link rel=\"canonical\" href=\"https:\/\/www.estrategiaconcursos.com.br\/blog\/concurso-alerj-validade-prorrogada\/\" \/>\n<meta property=\"og:locale\" content=\"pt_BR\" \/>\n<meta property=\"og:type\" content=\"article\" \/>\n<meta property=\"og:title\" content=\"Concurso ALERJ: mesa diretora aprova prorroga\u00e7\u00e3o da validade do \u00faltimo concurso\" \/>\n<meta property=\"og:description\" content=\"Foi anunciada hoje, 8 de agosto, pela Assembleia Legislativa do Estado do Rio de Janeiro a prorroga\u00e7\u00e3o do \u00faltimo concurso da Casa, que ocorreu em 2016 e homologado em 2017. Em abril foi aprovado o Projeto de Lei&nbsp;que suspende os prazos de concursos p\u00fablicos do Rio de Janeiro at\u00e9 o fim do Regime de Recupera\u00e7\u00e3o [&hellip;]\" \/>\n<meta property=\"og:url\" content=\"https:\/\/www.estrategiaconcursos.com.br\/blog\/concurso-alerj-validade-prorrogada\/\" \/>\n<meta property=\"og:site_name\" content=\"Estrat\u00e9gia Concursos\" \/>\n<meta property=\"article:published_time\" content=\"2019-08-08T13:09:58+00:00\" \/>\n<meta property=\"article:modified_time\" content=\"2023-06-13T18:14:51+00:00\" \/>\n<meta property=\"og:image\" content=\"https:\/\/www.estrategiaconcursos.com.br\/blog\/wp-content\/uploads\/2019\/08\/alerj.jpg\" \/>\n<meta name=\"author\" content=\"Thiago Rodrigues Cavalcanti\" \/>\n<meta name=\"twitter:card\" content=\"summary_large_image\" \/>\n<meta name=\"twitter:creator\" content=\"@EstratConcursos\" \/>\n<meta name=\"twitter:site\" content=\"@EstratConcursos\" \/>\n<meta name=\"twitter:label1\" content=\"Escrito por\" \/>\n\t<meta name=\"twitter:data1\" content=\"Thiago Rodrigues Cavalcanti\" \/>\n\t<meta name=\"twitter:label2\" content=\"Est. tempo de leitura\" \/>\n\t<meta name=\"twitter:data2\" content=\"1 minuto\" \/>\n<script type=\"application\/ld+json\" class=\"yoast-schema-graph\">{\"@context\":\"https:\/\/schema.org\",\"@graph\":[{\"@type\":\"NewsArticle\",\"@id\":\"https:\/\/www.estrategiaconcursos.com.br\/blog\/concurso-alerj-validade-prorrogada\/#article\",\"isPartOf\":{\"@id\":\"https:\/\/www.estrategiaconcursos.com.br\/blog\/concurso-alerj-validade-prorrogada\/\"},\"author\":{\"name\":\"Thiago Rodrigues Cavalcanti\",\"@id\":\"https:\/\/www.estrategiaconcursos.com.br\/blog\/#\/schema\/person\/fcaf7747a784c860b8a4feb3dd2c528e\"},\"headline\":\"Concurso ALERJ: mesa diretora aprova prorroga\u00e7\u00e3o da validade do \u00faltimo concurso\",\"datePublished\":\"2019-08-08T13:09:58+00:00\",\"dateModified\":\"2023-06-13T18:14:51+00:00\",\"mainEntityOfPage\":{\"@id\":\"https:\/\/www.estrategiaconcursos.com.br\/blog\/concurso-alerj-validade-prorrogada\/\"},\"wordCount\":230,\"commentCount\":0,\"publisher\":{\"@id\":\"https:\/\/www.estrategiaconcursos.com.br\/blog\/#organization\"},\"image\":{\"@id\":\"https:\/\/www.estrategiaconcursos.com.br\/blog\/concurso-alerj-validade-prorrogada\/#primaryimage\"},\"thumbnailUrl\":\"https:\/\/www.estrategiaconcursos.com.br\/blog\/wp-content\/uploads\/2019\/08\/alerj.jpg\",\"articleSection\":[\"Concursos P\u00fablicos\"],\"inLanguage\":\"pt-BR\",\"potentialAction\":[{\"@type\":\"CommentAction\",\"name\":\"Comment\",\"target\":[\"https:\/\/www.estrategiaconcursos.com.br\/blog\/concurso-alerj-validade-prorrogada\/#respond\"]}],\"copyrightYear\":\"2019\",\"copyrightHolder\":{\"@id\":\"https:\/\/www.estrategiaconcursos.com.br\/blog\/#organization\"}},{\"@type\":\"WebPage\",\"@id\":\"https:\/\/www.estrategiaconcursos.com.br\/blog\/concurso-alerj-validade-prorrogada\/\",\"url\":\"https:\/\/www.estrategiaconcursos.com.br\/blog\/concurso-alerj-validade-prorrogada\/\",\"name\":\"Concurso ALERJ: mesa diretora aprova prorroga\u00e7\u00e3o da validade do \u00faltimo concurso\",\"isPartOf\":{\"@id\":\"https:\/\/www.estrategiaconcursos.com.br\/blog\/#website\"},\"primaryImageOfPage\":{\"@id\":\"https:\/\/www.estrategiaconcursos.com.br\/blog\/concurso-alerj-validade-prorrogada\/#primaryimage\"},\"image\":{\"@id\":\"https:\/\/www.estrategiaconcursos.com.br\/blog\/concurso-alerj-validade-prorrogada\/#primaryimage\"},\"thumbnailUrl\":\"https:\/\/www.estrategiaconcursos.com.br\/blog\/wp-content\/uploads\/2019\/08\/alerj.jpg\",\"datePublished\":\"2019-08-08T13:09:58+00:00\",\"dateModified\":\"2023-06-13T18:14:51+00:00\",\"breadcrumb\":{\"@id\":\"https:\/\/www.estrategiaconcursos.com.br\/blog\/concurso-alerj-validade-prorrogada\/#breadcrumb\"},\"inLanguage\":\"pt-BR\",\"potentialAction\":[{\"@type\":\"ReadAction\",\"target\":[\"https:\/\/www.estrategiaconcursos.com.br\/blog\/concurso-alerj-validade-prorrogada\/\"]}]},{\"@type\":\"ImageObject\",\"inLanguage\":\"pt-BR\",\"@id\":\"https:\/\/www.estrategiaconcursos.com.br\/blog\/concurso-alerj-validade-prorrogada\/#primaryimage\",\"url\":\"https:\/\/dhg1h5j42swfq.cloudfront.net\/2019\/08\/08095920\/alerj.jpg\",\"contentUrl\":\"https:\/\/dhg1h5j42swfq.cloudfront.net\/2019\/08\/08095920\/alerj.jpg\",\"width\":663,\"height\":144},{\"@type\":\"BreadcrumbList\",\"@id\":\"https:\/\/www.estrategiaconcursos.com.br\/blog\/concurso-alerj-validade-prorrogada\/#breadcrumb\",\"itemListElement\":[{\"@type\":\"ListItem\",\"position\":1,\"name\":\"In\u00edcio\",\"item\":\"https:\/\/www.estrategiaconcursos.com.br\/blog\/\"},{\"@type\":\"ListItem\",\"position\":2,\"name\":\"Concurso ALERJ: mesa diretora aprova prorroga\u00e7\u00e3o da validade do \u00faltimo concurso\"}]},{\"@type\":\"WebSite\",\"@id\":\"https:\/\/www.estrategiaconcursos.com.br\/blog\/#website\",\"url\":\"https:\/\/www.estrategiaconcursos.com.br\/blog\/\",\"name\":\"Estrat\u00e9gia Concursos\",\"description\":\"O blog da Estrat\u00e9gia Concursos traz not\u00edcias sobre concursos e artigos de professores oferecendo cursos para concursos (pdf + videaulas) no site.\",\"publisher\":{\"@id\":\"https:\/\/www.estrategiaconcursos.com.br\/blog\/#organization\"},\"potentialAction\":[{\"@type\":\"SearchAction\",\"target\":{\"@type\":\"EntryPoint\",\"urlTemplate\":\"https:\/\/www.estrategiaconcursos.com.br\/blog\/?s={search_term_string}\"},\"query-input\":{\"@type\":\"PropertyValueSpecification\",\"valueRequired\":true,\"valueName\":\"search_term_string\"}}],\"inLanguage\":\"pt-BR\"},{\"@type\":\"Organization\",\"@id\":\"https:\/\/www.estrategiaconcursos.com.br\/blog\/#organization\",\"name\":\"Estrat\u00e9gia Concursos\",\"url\":\"https:\/\/www.estrategiaconcursos.com.br\/blog\/\",\"logo\":{\"@type\":\"ImageObject\",\"inLanguage\":\"pt-BR\",\"@id\":\"https:\/\/www.estrategiaconcursos.com.br\/blog\/#\/schema\/logo\/image\/\",\"url\":\"https:\/\/dhg1h5j42swfq.cloudfront.net\/2025\/06\/03203428\/logo_concursos-1.jpg\",\"contentUrl\":\"https:\/\/dhg1h5j42swfq.cloudfront.net\/2025\/06\/03203428\/logo_concursos-1.jpg\",\"width\":230,\"height\":60,\"caption\":\"Estrat\u00e9gia Concursos\"},\"image\":{\"@id\":\"https:\/\/www.estrategiaconcursos.com.br\/blog\/#\/schema\/logo\/image\/\"},\"sameAs\":[\"https:\/\/x.com\/EstratConcursos\"]},{\"@type\":\"Person\",\"@id\":\"https:\/\/www.estrategiaconcursos.com.br\/blog\/#\/schema\/person\/fcaf7747a784c860b8a4feb3dd2c528e\",\"name\":\"Thiago Rodrigues Cavalcanti\",\"image\":{\"@type\":\"ImageObject\",\"inLanguage\":\"pt-BR\",\"@id\":\"https:\/\/secure.gravatar.com\/avatar\/08e6c519fe84ceb0618b23307f2dee18afb2b5dce83a93b6a66dfdd007a08564?s=96&d=mm&r=g\",\"url\":\"https:\/\/secure.gravatar.com\/avatar\/08e6c519fe84ceb0618b23307f2dee18afb2b5dce83a93b6a66dfdd007a08564?s=96&d=mm&r=g\",\"contentUrl\":\"https:\/\/secure.gravatar.com\/avatar\/08e6c519fe84ceb0618b23307f2dee18afb2b5dce83a93b6a66dfdd007a08564?s=96&d=mm&r=g\",\"caption\":\"Thiago Rodrigues Cavalcanti\"},\"url\":\"https:\/\/www.estrategiaconcursos.com.br\/blog\/author\/rcthiagogmail-com\/\"}]}<\/script>\n<!-- \/ Yoast SEO Premium plugin. -->","yoast_head_json":{"title":"Concurso ALERJ: mesa diretora aprova prorroga\u00e7\u00e3o da validade do \u00faltimo concurso","robots":{"index":"index","follow":"follow","max-snippet":"max-snippet:-1","max-image-preview":"max-image-preview:large","max-video-preview":"max-video-preview:-1"},"canonical":"https:\/\/www.estrategiaconcursos.com.br\/blog\/concurso-alerj-validade-prorrogada\/","og_locale":"pt_BR","og_type":"article","og_title":"Concurso ALERJ: mesa diretora aprova prorroga\u00e7\u00e3o da validade do \u00faltimo concurso","og_description":"Foi anunciada hoje, 8 de agosto, pela Assembleia Legislativa do Estado do Rio de Janeiro a prorroga\u00e7\u00e3o do \u00faltimo concurso da Casa, que ocorreu em 2016 e homologado em 2017. Em abril foi aprovado o Projeto de Lei&nbsp;que suspende os prazos de concursos p\u00fablicos do Rio de Janeiro at\u00e9 o fim do Regime de Recupera\u00e7\u00e3o [&hellip;]","og_url":"https:\/\/www.estrategiaconcursos.com.br\/blog\/concurso-alerj-validade-prorrogada\/","og_site_name":"Estrat\u00e9gia Concursos","article_published_time":"2019-08-08T13:09:58+00:00","article_modified_time":"2023-06-13T18:14:51+00:00","og_image":[{"url":"https:\/\/www.estrategiaconcursos.com.br\/blog\/wp-content\/uploads\/2019\/08\/alerj.jpg","type":"","width":"","height":""}],"author":"Thiago Rodrigues Cavalcanti","twitter_card":"summary_large_image","twitter_creator":"@EstratConcursos","twitter_site":"@EstratConcursos","twitter_misc":{"Escrito por":"Thiago Rodrigues Cavalcanti","Est. tempo de leitura":"1 minuto"},"schema":{"@context":"https:\/\/schema.org","@graph":[{"@type":"NewsArticle","@id":"https:\/\/www.estrategiaconcursos.com.br\/blog\/concurso-alerj-validade-prorrogada\/#article","isPartOf":{"@id":"https:\/\/www.estrategiaconcursos.com.br\/blog\/concurso-alerj-validade-prorrogada\/"},"author":{"name":"Thiago Rodrigues Cavalcanti","@id":"https:\/\/www.estrategiaconcursos.com.br\/blog\/#\/schema\/person\/fcaf7747a784c860b8a4feb3dd2c528e"},"headline":"Concurso ALERJ: mesa diretora aprova prorroga\u00e7\u00e3o da validade do \u00faltimo concurso","datePublished":"2019-08-08T13:09:58+00:00","dateModified":"2023-06-13T18:14:51+00:00","mainEntityOfPage":{"@id":"https:\/\/www.estrategiaconcursos.com.br\/blog\/concurso-alerj-validade-prorrogada\/"},"wordCount":230,"commentCount":0,"publisher":{"@id":"https:\/\/www.estrategiaconcursos.com.br\/blog\/#organization"},"image":{"@id":"https:\/\/www.estrategiaconcursos.com.br\/blog\/concurso-alerj-validade-prorrogada\/#primaryimage"},"thumbnailUrl":"https:\/\/www.estrategiaconcursos.com.br\/blog\/wp-content\/uploads\/2019\/08\/alerj.jpg","articleSection":["Concursos P\u00fablicos"],"inLanguage":"pt-BR","potentialAction":[{"@type":"CommentAction","name":"Comment","target":["https:\/\/www.estrategiaconcursos.com.br\/blog\/concurso-alerj-validade-prorrogada\/#respond"]}],"copyrightYear":"2019","copyrightHolder":{"@id":"https:\/\/www.estrategiaconcursos.com.br\/blog\/#organization"}},{"@type":"WebPage","@id":"https:\/\/www.estrategiaconcursos.com.br\/blog\/concurso-alerj-validade-prorrogada\/","url":"https:\/\/www.estrategiaconcursos.com.br\/blog\/concurso-alerj-validade-prorrogada\/","name":"Concurso ALERJ: mesa diretora aprova prorroga\u00e7\u00e3o da validade do \u00faltimo concurso","isPartOf":{"@id":"https:\/\/www.estrategiaconcursos.com.br\/blog\/#website"},"primaryImageOfPage":{"@id":"https:\/\/www.estrategiaconcursos.com.br\/blog\/concurso-alerj-validade-prorrogada\/#primaryimage"},"image":{"@id":"https:\/\/www.estrategiaconcursos.com.br\/blog\/concurso-alerj-validade-prorrogada\/#primaryimage"},"thumbnailUrl":"https:\/\/www.estrategiaconcursos.com.br\/blog\/wp-content\/uploads\/2019\/08\/alerj.jpg","datePublished":"2019-08-08T13:09:58+00:00","dateModified":"2023-06-13T18:14:51+00:00","breadcrumb":{"@id":"https:\/\/www.estrategiaconcursos.com.br\/blog\/concurso-alerj-validade-prorrogada\/#breadcrumb"},"inLanguage":"pt-BR","potentialAction":[{"@type":"ReadAction","target":["https:\/\/www.estrategiaconcursos.com.br\/blog\/concurso-alerj-validade-prorrogada\/"]}]},{"@type":"ImageObject","inLanguage":"pt-BR","@id":"https:\/\/www.estrategiaconcursos.com.br\/blog\/concurso-alerj-validade-prorrogada\/#primaryimage","url":"https:\/\/dhg1h5j42swfq.cloudfront.net\/2019\/08\/08095920\/alerj.jpg","contentUrl":"https:\/\/dhg1h5j42swfq.cloudfront.net\/2019\/08\/08095920\/alerj.jpg","width":663,"height":144},{"@type":"BreadcrumbList","@id":"https:\/\/www.estrategiaconcursos.com.br\/blog\/concurso-alerj-validade-prorrogada\/#breadcrumb","itemListElement":[{"@type":"ListItem","position":1,"name":"In\u00edcio","item":"https:\/\/www.estrategiaconcursos.com.br\/blog\/"},{"@type":"ListItem","position":2,"name":"Concurso ALERJ: mesa diretora aprova prorroga\u00e7\u00e3o da validade do \u00faltimo concurso"}]},{"@type":"WebSite","@id":"https:\/\/www.estrategiaconcursos.com.br\/blog\/#website","url":"https:\/\/www.estrategiaconcursos.com.br\/blog\/","name":"Estrat\u00e9gia Concursos","description":"O blog da Estrat\u00e9gia Concursos traz not\u00edcias sobre concursos e artigos de professores oferecendo cursos para concursos (pdf + videaulas) no site.","publisher":{"@id":"https:\/\/www.estrategiaconcursos.com.br\/blog\/#organization"},"potentialAction":[{"@type":"SearchAction","target":{"@type":"EntryPoint","urlTemplate":"https:\/\/www.estrategiaconcursos.com.br\/blog\/?s={search_term_string}"},"query-input":{"@type":"PropertyValueSpecification","valueRequired":true,"valueName":"search_term_string"}}],"inLanguage":"pt-BR"},{"@type":"Organization","@id":"https:\/\/www.estrategiaconcursos.com.br\/blog\/#organization","name":"Estrat\u00e9gia Concursos","url":"https:\/\/www.estrategiaconcursos.com.br\/blog\/","logo":{"@type":"ImageObject","inLanguage":"pt-BR","@id":"https:\/\/www.estrategiaconcursos.com.br\/blog\/#\/schema\/logo\/image\/","url":"https:\/\/dhg1h5j42swfq.cloudfront.net\/2025\/06\/03203428\/logo_concursos-1.jpg","contentUrl":"https:\/\/dhg1h5j42swfq.cloudfront.net\/2025\/06\/03203428\/logo_concursos-1.jpg","width":230,"height":60,"caption":"Estrat\u00e9gia Concursos"},"image":{"@id":"https:\/\/www.estrategiaconcursos.com.br\/blog\/#\/schema\/logo\/image\/"},"sameAs":["https:\/\/x.com\/EstratConcursos"]},{"@type":"Person","@id":"https:\/\/www.estrategiaconcursos.com.br\/blog\/#\/schema\/person\/fcaf7747a784c860b8a4feb3dd2c528e","name":"Thiago Rodrigues Cavalcanti","image":{"@type":"ImageObject","inLanguage":"pt-BR","@id":"https:\/\/secure.gravatar.com\/avatar\/08e6c519fe84ceb0618b23307f2dee18afb2b5dce83a93b6a66dfdd007a08564?s=96&d=mm&r=g","url":"https:\/\/secure.gravatar.com\/avatar\/08e6c519fe84ceb0618b23307f2dee18afb2b5dce83a93b6a66dfdd007a08564?s=96&d=mm&r=g","contentUrl":"https:\/\/secure.gravatar.com\/avatar\/08e6c519fe84ceb0618b23307f2dee18afb2b5dce83a93b6a66dfdd007a08564?s=96&d=mm&r=g","caption":"Thiago Rodrigues Cavalcanti"},"url":"https:\/\/www.estrategiaconcursos.com.br\/blog\/author\/rcthiagogmail-com\/"}]}},"_links":{"self":[{"href":"https:\/\/www.estrategiaconcursos.com.br\/blog\/wp-json\/wp\/v2\/posts\/407427","targetHints":{"allow":["GET"]}}],"collection":[{"href":"https:\/\/www.estrategiaconcursos.com.br\/blog\/wp-json\/wp\/v2\/posts"}],"about":[{"href":"https:\/\/www.estrategiaconcursos.com.br\/blog\/wp-json\/wp\/v2\/types\/post"}],"author":[{"embeddable":true,"href":"https:\/\/www.estrategiaconcursos.com.br\/blog\/wp-json\/wp\/v2\/users\/215"}],"replies":[{"embeddable":true,"href":"https:\/\/www.estrategiaconcursos.com.br\/blog\/wp-json\/wp\/v2\/comments?post=407427"}],"version-history":[{"count":7,"href":"https:\/\/www.estrategiaconcursos.com.br\/blog\/wp-json\/wp\/v2\/posts\/407427\/revisions"}],"predecessor-version":[{"id":1231581,"href":"https:\/\/www.estrategiaconcursos.com.br\/blog\/wp-json\/wp\/v2\/posts\/407427\/revisions\/1231581"}],"wp:attachment":[{"href":"https:\/\/www.estrategiaconcursos.com.br\/blog\/wp-json\/wp\/v2\/media?parent=407427"}],"wp:term":[{"taxonomy":"category","embeddable":true,"href":"https:\/\/www.estrategiaconcursos.com.br\/blog\/wp-json\/wp\/v2\/categories?post=407427"},{"taxonomy":"post_tag","embeddable":true,"href":"https:\/\/www.estrategiaconcursos.com.br\/blog\/wp-json\/wp\/v2\/tags?post=407427"},{"taxonomy":"tax_estado","embeddable":true,"href":"https:\/\/www.estrategiaconcursos.com.br\/blog\/wp-json\/wp\/v2\/tax_estado?post=407427"}],"curies":[{"name":"wp","href":"https:\/\/api.w.org\/{rel}","templated":true}]}}