{"id":407068,"date":"2019-10-11T00:00:23","date_gmt":"2019-10-11T03:00:23","guid":{"rendered":"https:\/\/www.estrategiaconcursos.com.br\/blog\/?p=407068"},"modified":"2019-10-11T09:32:22","modified_gmt":"2019-10-11T12:32:22","slug":"concurso-creci-go","status":"publish","type":"post","link":"https:\/\/www.estrategiaconcursos.com.br\/blog\/concurso-creci-go\/","title":{"rendered":"Concurso CRECI GO: divulgada convoca\u00e7\u00e3o para as provas do certame"},"content":{"rendered":"\n<p>Foi divulgada no Di\u00e1rio Oficial da Uni\u00e3o desta sexta-feira, 11 de outubro, a convoca\u00e7\u00e3o dos candidatos para realizarem no domingo, <strong><em>13 de outubro, as provas do concurso CRECI GO. <\/em><\/strong><\/p>\n\n\n\n<p>O certame ser\u00e1 composto de apenas duas etapas, a primeira de prova objetiva e a segunda de prova discursiva. Os exames ter\u00e3o dura\u00e7\u00e3o de 4 horas. Vale lembrar que os port\u00f5es abrem \u00e0s 13:00 e fecham \u00e0s 14:00. <\/p>\n\n\n\n<p>\n\nPara saber o local de realiza\u00e7\u00e3o das provas, o candidato dever\u00e1 acessar o portal online da banca organizadora do certame, o Instituto Quadrix. \n\n<\/p>\n\n\n\n<p>Acompanhe neste artigo todas as informa\u00e7\u00f5es necess\u00e1rias para participar do certame.<\/p>\n\n\n\n<ul class=\"wp-block-list\"><li><a href=\"#informacoes\"><strong><em>Informa\u00e7\u00f5es principais do concurso<\/em><\/strong><\/a><\/li><li><a href=\"#quantidade\"><strong><em>Quantidade e lota\u00e7\u00f5es das vagas<\/em><\/strong><\/a><\/li><li><a href=\"#requisito\"><strong><em>Requisitos e atribui\u00e7\u00f5es do cargo<\/em><\/strong><\/a><\/li><li><a href=\"#etapas\"><strong><em>Etapas do concurso<\/em><\/strong><\/a><\/li><li><a href=\"#objetiva\"><strong><em>Prova Objetiva<\/em><\/strong><\/a><\/li><li><a href=\"#quanto\"><strong><em>Quanto preciso acertar para ser aprovado na prova objetiva?<\/em><\/strong><\/a><\/li><li><a href=\"#discursiva\"><strong><em>Prova Discursiva<\/em><\/strong><\/a><\/li><\/ul>\n\n\n\n<h2 class=\"wp-block-heading\" id=\"informacoes\">Informa\u00e7\u00f5es principais do concurso CRECI GO<\/h2>\n\n\n\n<p>S\u00e3o oportunidades imediatas, <strong>115 vagas<\/strong>, e em car\u00e1ter de reserva, no n\u00edvel m\u00e9dio, com ganhos de&nbsp;<strong>R$ 1.300,65<\/strong>&nbsp;e acr\u00e9scimo de benef\u00edcios para o cargo de <strong>Profissional de Suporte Administrativo<\/strong>.<\/p>\n\n\n\n<p>Aos valores citados, ser\u00e1 acrescido, ainda, aux\u00edlio-alimenta\u00e7\u00e3o de R$ 45,00 por dia, vale transporte, plano de sa\u00fade (m\u00e9dico, hospitalar e odontol\u00f3gico) e plano de cargos. As jornadas de trabalho ser\u00e3o de 40 horas semanais. <\/p>\n\n\n\n<h3 class=\"wp-block-heading\">Principais datas:<\/h3>\n\n\n\n<p class=\"has-background has-very-light-gray-background-color\"><strong>Inscri\u00e7\u00f5es<\/strong>: at\u00e9 a data do dia 23 de setembro<br \/><strong>Prova<\/strong>: 13 de outubro de 2019 <\/p>\n\n\n\n<h2 class=\"wp-block-heading\" id=\"quantidade\">Quantidade e lota\u00e7\u00f5es das vagas &#8211;  concurso CRECI GO<\/h2>\n\n\n\n<p>Vale lembrar que as vagas para o cargo de Profissional de Suporte Administrativo ser\u00e3o distribu\u00eddas em diversas lota\u00e7\u00f5es localizadas em Goi\u00e2nia, sendo elas: <\/p>\n\n\n\n<ul class=\"wp-block-list\"><li>An\u00e1polis &#8211; 25 vagas<\/li><li>Caldas Novas &#8211; 30 vagas<\/li><li>Rio Verde &#8211; 30 vagas <\/li><li>Valpara\u00edso &#8211; 30 vagas<\/li><\/ul>\n\n\n\n<h2 class=\"wp-block-heading\" id=\"requisitos\">Requisitos e atribui\u00e7\u00f5es do cargo &#8211; concurso CRECI GO<\/h2>\n\n\n\n<p>O requisito principal do cargo Profissional de Suporte Administrativo \u00e9 possuir diploma de Ensino M\u00e9dio. Sumariamente entre as atividades da profiss\u00e3o est\u00e3o:<\/p>\n\n\n\n<ul class=\"wp-block-list\"><li>Prestar atendimento ao p\u00fablico em geral;<\/li><li>Arquivar documentos;<\/li><li>Conferir\/Elaborar correspond\u00eancias, memorandos, of\u00edcios, relat\u00f3rios e outros documentos administrativos;<\/li><li>Efetuar ou solicitar a compra de materiais necess\u00e1rios \u00e0 manuten\u00e7\u00e3o do Conselho;<\/li><li>Gerar n\u00famero e emitir boleto de inscri\u00e7\u00e3o para corretores e estagi\u00e1rios;<\/li><li>Orientar e\/ou encaminhar den\u00fancias de irregularidades e contraven\u00e7\u00f5es \u00e0 fiscaliza\u00e7\u00e3o.<\/li><\/ul>\n\n\n\n<h2 class=\"wp-block-heading\" id=\"etapas\">Etapas do concurso CRECI GO<\/h2>\n\n\n\n<p>O concurso CRECI GO ser\u00e1 composto de apenas duas etapas, a primeira de prova objetiva e a segunda de prova discursiva. A aplica\u00e7\u00e3o das provas objetiva e discursiva est\u00e1 marcada para o dia <strong>13 de outubro<\/strong> de 2019, em locais e hor\u00e1rios divulgados pela organizadora em data oportuna. Os candidatos ter\u00e3o 4 horas para realizar as avalia\u00e7\u00f5es.<\/p>\n\n\n\n<h3 class=\"wp-block-heading\" id=\"objetiva\">Prova Objetiva<\/h3>\n\n\n\n<p>A prova objetiva, de car\u00e1ter classificat\u00f3rio e eliminat\u00f3rio, do concurso CRECI GO ser\u00e1 composta de 50 quest\u00f5es objetivas de m\u00faltipla escolha. Cada quest\u00e3o ter\u00e1 5 alternativas, para optar por uma correta, valendo 2 pontos. Portanto, a pontua\u00e7\u00e3o m\u00e1xima ser\u00e1 100 pontos.<\/p>\n\n\n\n<p>A avalia\u00e7\u00e3o ser\u00e1 dividida em Conhecimentos B\u00e1sicos e Conhecimentos Espec\u00edficos do cargo. Abaixo seguem as disciplinas cobradas para as duas partes.<\/p>\n\n\n\n<p class=\"has-medium-font-size\"><strong>Conhecimentos B\u00e1sicos<\/strong><\/p>\n\n\n\n<ul class=\"wp-block-list\"><li>Portugu\u00eas<\/li><li>No\u00e7\u00f5es de Inform\u00e1tica<\/li><li>\u00c9tica no servi\u00e7o p\u00fablico<\/li><li>Atualidades<\/li><\/ul>\n\n\n\n<p class=\"has-medium-font-size\"><strong>Conhecimentos Espec\u00edficos<\/strong><\/p>\n\n\n\n<ul class=\"wp-block-list\"><li>Lei n\u00ba 6.530\/1978<\/li><li>Decreto n\u00ba 81.871\/1978<\/li><li>No\u00e7\u00f5es de arquivamento e procedimentos administrativos<\/li><li>Atendimento ao p\u00fablico<\/li><li>Atendimento telef\u00f4nico<\/li><li>Normas regulamentadoras de seguran\u00e7a e sa\u00fade no trabalho<\/li><li>Norma Regulamentadora n\u00ba 24 &#8211; Condi\u00e7\u00f5es Sanit\u00e1rias e de Conforto nos Locais de Trabalho<\/li><li>Postura Profissional: Princ\u00edpios fundamentais para o bom atendimento<\/li><li>Rela\u00e7\u00f5es humanas no trabalho<\/li><li>Postura profissional e apresenta\u00e7\u00e3o pessoal<\/li><li>Acesso \u00e0 Informa\u00e7\u00e3o: Lei n\u00ba 12.527\/2011<\/li><li>Decreto n\u00ba7.724\/2012<\/li><li>Legisla\u00e7\u00e3o: Resolu\u00e7\u00e3o-COFECI n\u00ba 146\/1982<\/li><li>Resolu\u00e7\u00e3o-COFECI n\u00ba 326\/1992<\/li><li>Resolu\u00e7\u00e3o-COFECI n\u00ba 327\/1992<\/li><\/ul>\n\n\n\n<p>Confira tamb\u00e9m o quadro demonstrativo com a quantidade de quest\u00f5es, peso e pontos da avalia\u00e7\u00e3o objetiva.<\/p>\n\n\n\n<table class=\"wp-block-table has-subtle-pale-blue-background-color has-fixed-layout has-background is-style-stripes\"><tbody><tr><td><strong>Disciplina<\/strong><\/td><td><strong>N\u00famero de Quest\u00f5es<\/strong><\/td><td><strong>Peso<\/strong><\/td><td><strong>Pontos<\/strong><\/td><\/tr><tr><td>Portugu\u00eas<\/td><td>5<\/td><td>2<\/td><td>10<\/td><\/tr><tr><td>No\u00e7\u00f5es de Inform\u00e1tica<\/td><td>5<\/td><td>2<\/td><td>10<\/td><\/tr><tr><td>\u00c9tica no servi\u00e7o p\u00fablico<\/td><td>5<\/td><td>2<\/td><td>10<\/td><\/tr><tr><td>Atualidades<\/td><td>5<\/td><td>2<\/td><td>10<\/td><\/tr><tr><td>ConhecimentosEspec\u00edficos<\/td><td>30<\/td><td>2<\/td><td>60<\/td><\/tr><\/tbody><\/table>\n\n\n\n<h3 class=\"wp-block-heading\">Quanto preciso acertar para ser aprovado na prova objetiva?<\/h3>\n\n\n\n<p>O candidato s\u00f3 sera habilitado nesta etapa do concurso CRECI GO se conseguir as seguintes pontua\u00e7\u00f5es:<\/p>\n\n\n\n<ul class=\"wp-block-list\"><li>nota igual ou superior a 20 pontos em Conhecimentos B\u00e1sicos; <\/li><li>nota igual ou superior a 30 pontos em Conhecimentos Espec\u00edficos<\/li><li>estar entre os classificados para a corre\u00e7\u00e3o da prova discursiva dentro do quantitativo informado no quadro abaixo. <\/li><\/ul>\n\n\n\n<p><\/p>\n\n\n\n<p><\/p>\n\n\n\n<table class=\"wp-block-table has-subtle-pale-green-background-color has-fixed-layout has-background is-style-stripes\"><tbody><tr><td><strong>Lota\u00e7\u00e3o<\/strong><\/td><td> <strong>Ampla Concorr\u00eancia classificados at\u00e9 a posi\u00e7\u00e3o <\/strong><\/td><td> <strong>Candidatos negros classificados at\u00e9 a posi\u00e7\u00e3o <\/strong><\/td><td> <strong>Candidatos com defici\u00eancia classificados at\u00e9 a posi\u00e7\u00e3o <\/strong><\/td><td> <strong>Total de convocados <\/strong><\/td><\/tr><tr><td> An\u00e1polis <\/td><td>27\u00ba<\/td><td>8\u00ba<\/td><td>3\u00ba<\/td><td>38<\/td><\/tr><tr><td> Caldas Novas <\/td><td>33\u00ba<\/td><td>9\u00ba<\/td><td>3\u00ba<\/td><td>45<\/td><\/tr><tr><td> Rio Verde <\/td><td>33\u00ba<\/td><td>9\u00ba<\/td><td>3\u00ba<\/td><td>45<\/td><\/tr><tr><td> Valpara\u00edso<\/td><td>33\u00ba<\/td><td>9\u00ba<\/td><td>3\u00ba<\/td><td>45<\/td><\/tr><\/tbody><\/table>\n\n\n\n<p><\/p>\n\n\n\n<p><\/p>\n\n\n\n<p><\/p>\n\n\n\n<h3 class=\"wp-block-heading\" id=\"discursiva\">Prova Discursiva<\/h3>\n\n\n\n<p>A prova discursiva ser\u00e1 composta de uma reda\u00e7\u00e3o, que ser\u00e1 usada para avaliar&nbsp;o dom\u00ednio do conte\u00fado dos aspectos formais, textuais e t\u00e9cnicos. Al\u00e9m da capacidade de express\u00e3o na modalidade escrita, atrav\u00e9s do uso das normas do registro formal culto da <strong>L\u00edngua Portuguesa. <\/strong><\/p>\n\n\n\n<p>Os crit\u00e9rios de avalia\u00e7\u00e3o seguir\u00e3o os itens abaixo:<\/p>\n\n\n\n<ul class=\"wp-block-list\"><li>Coer\u00eancia &#8211; 2,50 pontos;<\/li><li>Coes\u00e3o: ser\u00e1 verificada a conex\u00e3o entre os elementos formadores do texto &#8211; 2,50 pontos;<\/li><li>Texto: estrutura textual adequada ao g\u00eanero proposto &#8211; 2,50 pontos;<\/li><li>Linguagem: uso adequado da l\u00edngua portuguesa em seu padr\u00e3o culto &#8211; 2,50 pontos.<\/li><li>Tema: verificar a adequa\u00e7\u00e3o e pertin\u00eancia ao tema proposto, \u00e0 ordem de desenvolvimento, qualidade e for\u00e7a dos argumentos &#8211; 10 pontos.<\/li><\/ul>\n\n\n\n<p><em>Ser\u00e1 considerado aprovado na prova discursiva do concurso CRECI GO o candidato que obtiver nota igual ou superior a 5,00 pontos<\/em>.<\/p>\n\n\n\n<p><\/p>\n\n\n\n<p style=\"text-align:center\" class=\"has-background has-medium-font-size has-luminous-vivid-amber-background-color\"><a rel=\"noreferrer noopener\" href=\"https:\/\/www.estrategiaconcursos.com.br\/cursos\/\" target=\"_blank\"><strong>Cursos para concursos<\/strong><\/a><\/p>\n\n\n\n<p style=\"text-align:center\"><em><strong>Assinatura Anual Ilimitada*<\/strong><\/em><\/p>\n\n\n\n<p style=\"text-align:center\"><em>Prepare-se com o melhor material e com quem mais aprova em Concursos P\u00fablicos em todo o pa\u00eds. Assine agora a nossa Assinatura Anual e tenha acesso ilimitado* a todos os nossos cursos.<\/em><\/p>\n\n\n\n<p style=\"font-size:18px;text-align:center\" class=\"has-background has-light-green-cyan-background-color\"><strong>ASSINE AGORA<\/strong>&nbsp;\u2013&nbsp;<a rel=\"noreferrer noopener\" href=\"https:\/\/www.estrategiaconcursos.com.br\/assinaturas\" target=\"_blank\"><strong>Assinatura Ilimitada<\/strong><\/a><\/p>\n\n\n\n<p style=\"font-size:18px;text-align:center\" class=\"has-background has-pale-cyan-blue-background-color\"><strong><a href=\"https:\/\/www.estrategiaconcursos.com.br\/blog\/concursos-abertos\/\">CONCURSOS ABERTOS<\/a><\/strong><\/p>\n\n\n\n<p style=\"font-size:18px;text-align:center\" class=\"has-background has-pale-cyan-blue-background-color\"><a href=\"https:\/\/www.estrategiaconcursos.com.br\/blog\/concursos-2019\/\"><strong>CONCURSOS 2019<\/strong><\/a><\/p>\n\n\n\n<p style=\"font-size:18px;text-align:center\" class=\"has-background has-pale-cyan-blue-background-color\"><a href=\"https:\/\/www.estrategiaconcursos.com.br\/blog\/concursos-2020\/\"><strong>CONCURSOS<\/strong><\/a><strong><a href=\"https:\/\/www.estrategiaconcursos.com.br\/blog\/concursos-2020\/\">&nbsp;2020<\/a><\/strong><\/p>\n\n\n\n<figure class=\"wp-block-image\"><img loading=\"lazy\" decoding=\"async\" width=\"300\" height=\"102\" src=\"https:\/\/dhg1h5j42swfq.cloudfront.net\/2017\/03\/28152500\/coruja-ficha-tecnica-300x102.png\" alt=\"Ficha t\u00e9cnica do concurso CRECI GO\" class=\"wp-image-68542\"\/><\/figure>\n\n\n\n<h3 class=\"wp-block-heading\" id=\"ficha-tecnica\"><strong>\u2666Informa\u00e7\u00f5es do concurso<\/strong>&nbsp;CRECI GO<\/h3>\n\n\n\n<p>\u25ba<strong>Data:&nbsp;<\/strong>13 de outubro<strong><br \/>\u25baVagas:&nbsp;<\/strong>115<strong><br \/>\u25baBanca:&nbsp;<\/strong>Quadrix<strong><br \/>\u25baEscolaridade:&nbsp;<\/strong>N\u00edvel m\u00e9dio<strong><br \/>\u25baEdital:<\/strong>&nbsp;<strong><a rel=\"noreferrer noopener\" aria-label=\"Edital CRECI GO  (abre numa nova aba)\" href=\"https:\/\/dhg1h5j42swfq.cloudfront.net\/2019\/08\/07095129\/creci-go.pdf\" target=\"_blank\">Edital CRECI GO <\/a><\/strong><\/p>\n\n\n\n<p><em>Ascom Estrat\u00e9gia<\/em><br \/>ascomestrategia@gmail.com<\/p>\n","protected":false},"excerpt":{"rendered":"<p>Foi divulgada no Di\u00e1rio Oficial da Uni\u00e3o desta sexta-feira, 11 de outubro, a convoca\u00e7\u00e3o dos candidatos para realizarem no domingo, 13 de outubro, as provas do concurso CRECI GO. O certame ser\u00e1 composto de apenas duas etapas, a primeira de prova objetiva e a segunda de prova discursiva. Os exames ter\u00e3o dura\u00e7\u00e3o de 4 horas. [&hellip;]<\/p>\n","protected":false},"author":1,"featured_media":146145,"comment_status":"open","ping_status":"closed","sticky":false,"template":"","format":"standard","meta":{"post_tipo":"news","footnotes":""},"categories":[1],"tags":[],"tax_estado":[],"class_list":["post-407068","post","type-post","status-publish","format-standard","has-post-thumbnail","hentry","category-cursos-e-concursos"],"acf":[],"yoast_head":"<!-- This site is optimized with the Yoast SEO Premium plugin v27.2 (Yoast SEO v27.2) - https:\/\/yoast.com\/product\/yoast-seo-premium-wordpress\/ -->\n<title>Concurso CRECI GO: divulgada convoca\u00e7\u00e3o para as provas do certame<\/title>\n<meta name=\"description\" content=\"Concurso CRECI GO: Candidatos s\u00e3o convocados para realizarem no domingo, 13 de outubro, as provas objetiva e discursiva. Saiba mais!\" \/>\n<meta name=\"robots\" content=\"index, follow, max-snippet:-1, max-image-preview:large, max-video-preview:-1\" \/>\n<link rel=\"canonical\" href=\"https:\/\/www.estrategiaconcursos.com.br\/blog\/concurso-creci-go\/\" \/>\n<meta property=\"og:locale\" content=\"pt_BR\" \/>\n<meta property=\"og:type\" content=\"article\" \/>\n<meta property=\"og:title\" content=\"Concurso CRECI GO: divulgada convoca\u00e7\u00e3o para as provas do certame\" \/>\n<meta property=\"og:description\" content=\"Concurso CRECI GO: Candidatos s\u00e3o convocados para realizarem no domingo, 13 de outubro, as provas objetiva e discursiva. Saiba mais!\" \/>\n<meta property=\"og:url\" content=\"https:\/\/www.estrategiaconcursos.com.br\/blog\/concurso-creci-go\/\" \/>\n<meta property=\"og:site_name\" content=\"Estrat\u00e9gia Concursos\" \/>\n<meta property=\"article:author\" content=\"https:\/\/www.facebook.com\/EstrategiaConcursos\" \/>\n<meta property=\"article:published_time\" content=\"2019-10-11T03:00:23+00:00\" \/>\n<meta property=\"article:modified_time\" content=\"2019-10-11T12:32:22+00:00\" \/>\n<meta property=\"og:image\" content=\"https:\/\/dhg1h5j42swfq.cloudfront.net\/2018\/10\/08173802\/saiu-edital1.jpg\" \/>\n\t<meta property=\"og:image:width\" content=\"400\" \/>\n\t<meta property=\"og:image:height\" content=\"209\" \/>\n\t<meta property=\"og:image:type\" content=\"image\/jpeg\" \/>\n<meta name=\"author\" content=\"Coordena\u00e7\u00e3o\" \/>\n<meta name=\"twitter:card\" content=\"summary_large_image\" \/>\n<meta name=\"twitter:creator\" content=\"@EstratConcursos\" \/>\n<meta name=\"twitter:site\" content=\"@EstratConcursos\" \/>\n<meta name=\"twitter:label1\" content=\"Escrito por\" \/>\n\t<meta name=\"twitter:data1\" content=\"Coordena\u00e7\u00e3o\" \/>\n\t<meta name=\"twitter:label2\" content=\"Est. tempo de leitura\" \/>\n\t<meta name=\"twitter:data2\" content=\"5 minutos\" \/>\n<script type=\"application\/ld+json\" class=\"yoast-schema-graph\">{\"@context\":\"https:\/\/schema.org\",\"@graph\":[{\"@type\":\"NewsArticle\",\"@id\":\"https:\/\/www.estrategiaconcursos.com.br\/blog\/concurso-creci-go\/#article\",\"isPartOf\":{\"@id\":\"https:\/\/www.estrategiaconcursos.com.br\/blog\/concurso-creci-go\/\"},\"author\":{\"name\":\"Coordena\u00e7\u00e3o\",\"@id\":\"https:\/\/www.estrategiaconcursos.com.br\/blog\/#\/schema\/person\/b4a388c97673c5f483d72185668afa1f\"},\"headline\":\"Concurso CRECI GO: divulgada convoca\u00e7\u00e3o para as provas do certame\",\"datePublished\":\"2019-10-11T03:00:23+00:00\",\"dateModified\":\"2019-10-11T12:32:22+00:00\",\"mainEntityOfPage\":{\"@id\":\"https:\/\/www.estrategiaconcursos.com.br\/blog\/concurso-creci-go\/\"},\"wordCount\":1007,\"commentCount\":2,\"publisher\":{\"@id\":\"https:\/\/www.estrategiaconcursos.com.br\/blog\/#organization\"},\"image\":{\"@id\":\"https:\/\/www.estrategiaconcursos.com.br\/blog\/concurso-creci-go\/#primaryimage\"},\"thumbnailUrl\":\"https:\/\/dhg1h5j42swfq.cloudfront.net\/2018\/10\/08173802\/saiu-edital1.jpg\",\"articleSection\":[\"Concursos P\u00fablicos\"],\"inLanguage\":\"pt-BR\",\"potentialAction\":[{\"@type\":\"CommentAction\",\"name\":\"Comment\",\"target\":[\"https:\/\/www.estrategiaconcursos.com.br\/blog\/concurso-creci-go\/#respond\"]}],\"copyrightYear\":\"2019\",\"copyrightHolder\":{\"@id\":\"https:\/\/www.estrategiaconcursos.com.br\/blog\/#organization\"}},{\"@type\":\"WebPage\",\"@id\":\"https:\/\/www.estrategiaconcursos.com.br\/blog\/concurso-creci-go\/\",\"url\":\"https:\/\/www.estrategiaconcursos.com.br\/blog\/concurso-creci-go\/\",\"name\":\"Concurso CRECI GO: divulgada convoca\u00e7\u00e3o para as provas do certame\",\"isPartOf\":{\"@id\":\"https:\/\/www.estrategiaconcursos.com.br\/blog\/#website\"},\"primaryImageOfPage\":{\"@id\":\"https:\/\/www.estrategiaconcursos.com.br\/blog\/concurso-creci-go\/#primaryimage\"},\"image\":{\"@id\":\"https:\/\/www.estrategiaconcursos.com.br\/blog\/concurso-creci-go\/#primaryimage\"},\"thumbnailUrl\":\"https:\/\/dhg1h5j42swfq.cloudfront.net\/2018\/10\/08173802\/saiu-edital1.jpg\",\"datePublished\":\"2019-10-11T03:00:23+00:00\",\"dateModified\":\"2019-10-11T12:32:22+00:00\",\"description\":\"Concurso CRECI GO: Candidatos s\u00e3o convocados para realizarem no domingo, 13 de outubro, as provas objetiva e discursiva. Saiba mais!\",\"breadcrumb\":{\"@id\":\"https:\/\/www.estrategiaconcursos.com.br\/blog\/concurso-creci-go\/#breadcrumb\"},\"inLanguage\":\"pt-BR\",\"potentialAction\":[{\"@type\":\"ReadAction\",\"target\":[\"https:\/\/www.estrategiaconcursos.com.br\/blog\/concurso-creci-go\/\"]}]},{\"@type\":\"ImageObject\",\"inLanguage\":\"pt-BR\",\"@id\":\"https:\/\/www.estrategiaconcursos.com.br\/blog\/concurso-creci-go\/#primaryimage\",\"url\":\"https:\/\/dhg1h5j42swfq.cloudfront.net\/2018\/10\/08173802\/saiu-edital1.jpg\",\"contentUrl\":\"https:\/\/dhg1h5j42swfq.cloudfront.net\/2018\/10\/08173802\/saiu-edital1.jpg\",\"width\":400,\"height\":209,\"caption\":\"concurso bombeiros Tocantins\"},{\"@type\":\"BreadcrumbList\",\"@id\":\"https:\/\/www.estrategiaconcursos.com.br\/blog\/concurso-creci-go\/#breadcrumb\",\"itemListElement\":[{\"@type\":\"ListItem\",\"position\":1,\"name\":\"In\u00edcio\",\"item\":\"https:\/\/www.estrategiaconcursos.com.br\/blog\/\"},{\"@type\":\"ListItem\",\"position\":2,\"name\":\"Concurso CRECI GO: divulgada convoca\u00e7\u00e3o para as provas do certame\"}]},{\"@type\":\"WebSite\",\"@id\":\"https:\/\/www.estrategiaconcursos.com.br\/blog\/#website\",\"url\":\"https:\/\/www.estrategiaconcursos.com.br\/blog\/\",\"name\":\"Estrat\u00e9gia Concursos\",\"description\":\"O blog da Estrat\u00e9gia Concursos traz not\u00edcias sobre concursos e artigos de professores oferecendo cursos para concursos (pdf + videaulas) no site.\",\"publisher\":{\"@id\":\"https:\/\/www.estrategiaconcursos.com.br\/blog\/#organization\"},\"potentialAction\":[{\"@type\":\"SearchAction\",\"target\":{\"@type\":\"EntryPoint\",\"urlTemplate\":\"https:\/\/www.estrategiaconcursos.com.br\/blog\/?s={search_term_string}\"},\"query-input\":{\"@type\":\"PropertyValueSpecification\",\"valueRequired\":true,\"valueName\":\"search_term_string\"}}],\"inLanguage\":\"pt-BR\"},{\"@type\":\"Organization\",\"@id\":\"https:\/\/www.estrategiaconcursos.com.br\/blog\/#organization\",\"name\":\"Estrat\u00e9gia Concursos\",\"url\":\"https:\/\/www.estrategiaconcursos.com.br\/blog\/\",\"logo\":{\"@type\":\"ImageObject\",\"inLanguage\":\"pt-BR\",\"@id\":\"https:\/\/www.estrategiaconcursos.com.br\/blog\/#\/schema\/logo\/image\/\",\"url\":\"https:\/\/dhg1h5j42swfq.cloudfront.net\/2025\/06\/03203428\/logo_concursos-1.jpg\",\"contentUrl\":\"https:\/\/dhg1h5j42swfq.cloudfront.net\/2025\/06\/03203428\/logo_concursos-1.jpg\",\"width\":230,\"height\":60,\"caption\":\"Estrat\u00e9gia Concursos\"},\"image\":{\"@id\":\"https:\/\/www.estrategiaconcursos.com.br\/blog\/#\/schema\/logo\/image\/\"},\"sameAs\":[\"https:\/\/x.com\/EstratConcursos\"]},{\"@type\":\"Person\",\"@id\":\"https:\/\/www.estrategiaconcursos.com.br\/blog\/#\/schema\/person\/b4a388c97673c5f483d72185668afa1f\",\"name\":\"Coordena\u00e7\u00e3o\",\"image\":{\"@type\":\"ImageObject\",\"inLanguage\":\"pt-BR\",\"@id\":\"https:\/\/secure.gravatar.com\/avatar\/b720319e4c9a967eb58678d110f4fe35452fc5d5f97b202bac7b8acceb18c6ad?s=96&d=mm&r=g\",\"url\":\"https:\/\/secure.gravatar.com\/avatar\/b720319e4c9a967eb58678d110f4fe35452fc5d5f97b202bac7b8acceb18c6ad?s=96&d=mm&r=g\",\"contentUrl\":\"https:\/\/secure.gravatar.com\/avatar\/b720319e4c9a967eb58678d110f4fe35452fc5d5f97b202bac7b8acceb18c6ad?s=96&d=mm&r=g\",\"caption\":\"Coordena\u00e7\u00e3o\"},\"sameAs\":[\"https:\/\/www.facebook.com\/EstrategiaConcursos\",\"https:\/\/x.com\/EstratConcursos\"],\"url\":\"https:\/\/www.estrategiaconcursos.com.br\/blog\/author\/estrategia2013\/\"}]}<\/script>\n<!-- \/ Yoast SEO Premium plugin. -->","yoast_head_json":{"title":"Concurso CRECI GO: divulgada convoca\u00e7\u00e3o para as provas do certame","description":"Concurso CRECI GO: Candidatos s\u00e3o convocados para realizarem no domingo, 13 de outubro, as provas objetiva e discursiva. Saiba mais!","robots":{"index":"index","follow":"follow","max-snippet":"max-snippet:-1","max-image-preview":"max-image-preview:large","max-video-preview":"max-video-preview:-1"},"canonical":"https:\/\/www.estrategiaconcursos.com.br\/blog\/concurso-creci-go\/","og_locale":"pt_BR","og_type":"article","og_title":"Concurso CRECI GO: divulgada convoca\u00e7\u00e3o para as provas do certame","og_description":"Concurso CRECI GO: Candidatos s\u00e3o convocados para realizarem no domingo, 13 de outubro, as provas objetiva e discursiva. Saiba mais!","og_url":"https:\/\/www.estrategiaconcursos.com.br\/blog\/concurso-creci-go\/","og_site_name":"Estrat\u00e9gia Concursos","article_author":"https:\/\/www.facebook.com\/EstrategiaConcursos","article_published_time":"2019-10-11T03:00:23+00:00","article_modified_time":"2019-10-11T12:32:22+00:00","og_image":[{"width":400,"height":209,"url":"https:\/\/dhg1h5j42swfq.cloudfront.net\/2018\/10\/08173802\/saiu-edital1.jpg","type":"image\/jpeg"}],"author":"Coordena\u00e7\u00e3o","twitter_card":"summary_large_image","twitter_creator":"@EstratConcursos","twitter_site":"@EstratConcursos","twitter_misc":{"Escrito por":"Coordena\u00e7\u00e3o","Est. tempo de leitura":"5 minutos"},"schema":{"@context":"https:\/\/schema.org","@graph":[{"@type":"NewsArticle","@id":"https:\/\/www.estrategiaconcursos.com.br\/blog\/concurso-creci-go\/#article","isPartOf":{"@id":"https:\/\/www.estrategiaconcursos.com.br\/blog\/concurso-creci-go\/"},"author":{"name":"Coordena\u00e7\u00e3o","@id":"https:\/\/www.estrategiaconcursos.com.br\/blog\/#\/schema\/person\/b4a388c97673c5f483d72185668afa1f"},"headline":"Concurso CRECI GO: divulgada convoca\u00e7\u00e3o para as provas do certame","datePublished":"2019-10-11T03:00:23+00:00","dateModified":"2019-10-11T12:32:22+00:00","mainEntityOfPage":{"@id":"https:\/\/www.estrategiaconcursos.com.br\/blog\/concurso-creci-go\/"},"wordCount":1007,"commentCount":2,"publisher":{"@id":"https:\/\/www.estrategiaconcursos.com.br\/blog\/#organization"},"image":{"@id":"https:\/\/www.estrategiaconcursos.com.br\/blog\/concurso-creci-go\/#primaryimage"},"thumbnailUrl":"https:\/\/dhg1h5j42swfq.cloudfront.net\/2018\/10\/08173802\/saiu-edital1.jpg","articleSection":["Concursos P\u00fablicos"],"inLanguage":"pt-BR","potentialAction":[{"@type":"CommentAction","name":"Comment","target":["https:\/\/www.estrategiaconcursos.com.br\/blog\/concurso-creci-go\/#respond"]}],"copyrightYear":"2019","copyrightHolder":{"@id":"https:\/\/www.estrategiaconcursos.com.br\/blog\/#organization"}},{"@type":"WebPage","@id":"https:\/\/www.estrategiaconcursos.com.br\/blog\/concurso-creci-go\/","url":"https:\/\/www.estrategiaconcursos.com.br\/blog\/concurso-creci-go\/","name":"Concurso CRECI GO: divulgada convoca\u00e7\u00e3o para as provas do certame","isPartOf":{"@id":"https:\/\/www.estrategiaconcursos.com.br\/blog\/#website"},"primaryImageOfPage":{"@id":"https:\/\/www.estrategiaconcursos.com.br\/blog\/concurso-creci-go\/#primaryimage"},"image":{"@id":"https:\/\/www.estrategiaconcursos.com.br\/blog\/concurso-creci-go\/#primaryimage"},"thumbnailUrl":"https:\/\/dhg1h5j42swfq.cloudfront.net\/2018\/10\/08173802\/saiu-edital1.jpg","datePublished":"2019-10-11T03:00:23+00:00","dateModified":"2019-10-11T12:32:22+00:00","description":"Concurso CRECI GO: Candidatos s\u00e3o convocados para realizarem no domingo, 13 de outubro, as provas objetiva e discursiva. Saiba mais!","breadcrumb":{"@id":"https:\/\/www.estrategiaconcursos.com.br\/blog\/concurso-creci-go\/#breadcrumb"},"inLanguage":"pt-BR","potentialAction":[{"@type":"ReadAction","target":["https:\/\/www.estrategiaconcursos.com.br\/blog\/concurso-creci-go\/"]}]},{"@type":"ImageObject","inLanguage":"pt-BR","@id":"https:\/\/www.estrategiaconcursos.com.br\/blog\/concurso-creci-go\/#primaryimage","url":"https:\/\/dhg1h5j42swfq.cloudfront.net\/2018\/10\/08173802\/saiu-edital1.jpg","contentUrl":"https:\/\/dhg1h5j42swfq.cloudfront.net\/2018\/10\/08173802\/saiu-edital1.jpg","width":400,"height":209,"caption":"concurso bombeiros Tocantins"},{"@type":"BreadcrumbList","@id":"https:\/\/www.estrategiaconcursos.com.br\/blog\/concurso-creci-go\/#breadcrumb","itemListElement":[{"@type":"ListItem","position":1,"name":"In\u00edcio","item":"https:\/\/www.estrategiaconcursos.com.br\/blog\/"},{"@type":"ListItem","position":2,"name":"Concurso CRECI GO: divulgada convoca\u00e7\u00e3o para as provas do certame"}]},{"@type":"WebSite","@id":"https:\/\/www.estrategiaconcursos.com.br\/blog\/#website","url":"https:\/\/www.estrategiaconcursos.com.br\/blog\/","name":"Estrat\u00e9gia Concursos","description":"O blog da Estrat\u00e9gia Concursos traz not\u00edcias sobre concursos e artigos de professores oferecendo cursos para concursos (pdf + videaulas) no site.","publisher":{"@id":"https:\/\/www.estrategiaconcursos.com.br\/blog\/#organization"},"potentialAction":[{"@type":"SearchAction","target":{"@type":"EntryPoint","urlTemplate":"https:\/\/www.estrategiaconcursos.com.br\/blog\/?s={search_term_string}"},"query-input":{"@type":"PropertyValueSpecification","valueRequired":true,"valueName":"search_term_string"}}],"inLanguage":"pt-BR"},{"@type":"Organization","@id":"https:\/\/www.estrategiaconcursos.com.br\/blog\/#organization","name":"Estrat\u00e9gia Concursos","url":"https:\/\/www.estrategiaconcursos.com.br\/blog\/","logo":{"@type":"ImageObject","inLanguage":"pt-BR","@id":"https:\/\/www.estrategiaconcursos.com.br\/blog\/#\/schema\/logo\/image\/","url":"https:\/\/dhg1h5j42swfq.cloudfront.net\/2025\/06\/03203428\/logo_concursos-1.jpg","contentUrl":"https:\/\/dhg1h5j42swfq.cloudfront.net\/2025\/06\/03203428\/logo_concursos-1.jpg","width":230,"height":60,"caption":"Estrat\u00e9gia Concursos"},"image":{"@id":"https:\/\/www.estrategiaconcursos.com.br\/blog\/#\/schema\/logo\/image\/"},"sameAs":["https:\/\/x.com\/EstratConcursos"]},{"@type":"Person","@id":"https:\/\/www.estrategiaconcursos.com.br\/blog\/#\/schema\/person\/b4a388c97673c5f483d72185668afa1f","name":"Coordena\u00e7\u00e3o","image":{"@type":"ImageObject","inLanguage":"pt-BR","@id":"https:\/\/secure.gravatar.com\/avatar\/b720319e4c9a967eb58678d110f4fe35452fc5d5f97b202bac7b8acceb18c6ad?s=96&d=mm&r=g","url":"https:\/\/secure.gravatar.com\/avatar\/b720319e4c9a967eb58678d110f4fe35452fc5d5f97b202bac7b8acceb18c6ad?s=96&d=mm&r=g","contentUrl":"https:\/\/secure.gravatar.com\/avatar\/b720319e4c9a967eb58678d110f4fe35452fc5d5f97b202bac7b8acceb18c6ad?s=96&d=mm&r=g","caption":"Coordena\u00e7\u00e3o"},"sameAs":["https:\/\/www.facebook.com\/EstrategiaConcursos","https:\/\/x.com\/EstratConcursos"],"url":"https:\/\/www.estrategiaconcursos.com.br\/blog\/author\/estrategia2013\/"}]}},"_links":{"self":[{"href":"https:\/\/www.estrategiaconcursos.com.br\/blog\/wp-json\/wp\/v2\/posts\/407068","targetHints":{"allow":["GET"]}}],"collection":[{"href":"https:\/\/www.estrategiaconcursos.com.br\/blog\/wp-json\/wp\/v2\/posts"}],"about":[{"href":"https:\/\/www.estrategiaconcursos.com.br\/blog\/wp-json\/wp\/v2\/types\/post"}],"author":[{"embeddable":true,"href":"https:\/\/www.estrategiaconcursos.com.br\/blog\/wp-json\/wp\/v2\/users\/1"}],"replies":[{"embeddable":true,"href":"https:\/\/www.estrategiaconcursos.com.br\/blog\/wp-json\/wp\/v2\/comments?post=407068"}],"version-history":[{"count":7,"href":"https:\/\/www.estrategiaconcursos.com.br\/blog\/wp-json\/wp\/v2\/posts\/407068\/revisions"}],"predecessor-version":[{"id":432998,"href":"https:\/\/www.estrategiaconcursos.com.br\/blog\/wp-json\/wp\/v2\/posts\/407068\/revisions\/432998"}],"wp:featuredmedia":[{"embeddable":true,"href":"https:\/\/www.estrategiaconcursos.com.br\/blog\/wp-json\/wp\/v2\/media\/146145"}],"wp:attachment":[{"href":"https:\/\/www.estrategiaconcursos.com.br\/blog\/wp-json\/wp\/v2\/media?parent=407068"}],"wp:term":[{"taxonomy":"category","embeddable":true,"href":"https:\/\/www.estrategiaconcursos.com.br\/blog\/wp-json\/wp\/v2\/categories?post=407068"},{"taxonomy":"post_tag","embeddable":true,"href":"https:\/\/www.estrategiaconcursos.com.br\/blog\/wp-json\/wp\/v2\/tags?post=407068"},{"taxonomy":"tax_estado","embeddable":true,"href":"https:\/\/www.estrategiaconcursos.com.br\/blog\/wp-json\/wp\/v2\/tax_estado?post=407068"}],"curies":[{"name":"wp","href":"https:\/\/api.w.org\/{rel}","templated":true}]}}