{"id":406961,"date":"2019-08-06T22:14:21","date_gmt":"2019-08-07T01:14:21","guid":{"rendered":"https:\/\/www.estrategiaconcursos.com.br\/blog\/?p=406961"},"modified":"2019-08-06T22:43:37","modified_gmt":"2019-08-07T01:43:37","slug":"ansiedade","status":"publish","type":"post","link":"https:\/\/www.estrategiaconcursos.com.br\/blog\/ansiedade\/","title":{"rendered":"ANSIEDADE"},"content":{"rendered":"\n<p>&#8220;A ESAF n\u00e3o ser\u00e1 mais a banca que far\u00e1 a prova da Receita Federal, e agora?&#8221;<\/p>\n\n\n\n<p>&#8220;H\u00e1 um boato de que o edital sair\u00e1 na semana que vem. N\u00e3o dar\u00e1 tempo de estudar tudo. Bateu o desespero!&#8221;<\/p>\n\n\n\n<p>&#8220;Houve um corte de verbas no Poder Executivo. Foram suspensos todos os concursos. Como continuar estudando no escuro?&#8221;<\/p>\n\n\n\n<p>&#8220;H\u00e1 um PL tramitando no Congresso Nacional que visa a limitar a remunera\u00e7\u00e3o inicial do servidores do executivo federal a R$ 5.000,00. Ser\u00e1 que vale a pena continuar estudando?&#8221;<\/p>\n\n\n\n<p>&#8220;Est\u00e3o querendo limitar o acesso ao cargo \u00e0quelas pessoas que tem forma\u00e7\u00e3o universit\u00e1ria espec\u00edfica. E agora?&#8221;<\/p>\n\n\n\n<p>Muitos desses questionamentos ou preocupa\u00e7\u00f5es passam pela cabe\u00e7a de quem est\u00e1 estudando para concurso p\u00fablico. Alguns s\u00e3o meros boatos ou inven\u00e7\u00f5es da mente do pr\u00f3prio concursando, que \u00e9 propenso a sofrer de ansiedade. Outros, por outro lado, apesar de serem fatos, devem ser encarados com serenidade e paci\u00eancia.<\/p>\n\n\n\n<p>A ansiedade \u00e9 um mal que acomete grande parte dos concursandos. De fato, estudar sem saber quando sair\u00e1 o edital ou se voc\u00ea estar\u00e1 preparado para prestar o certame \u00e9 um grande desafio. As oscila\u00e7\u00f5es no cen\u00e1rio pol\u00edtico e econ\u00f4mico que afetam o prest\u00edgio ou o retorno financeiro do cargo para o qual estamos estudando tamb\u00e9m tendem a fazer com que nos questionemos se fizemos a melhor op\u00e7\u00e3o.\u00a0<\/p>\n\n\n\n<p>Outros gatilhos que podem desencadear crises de ansiedade s\u00e3o as dificuldades financeiras ou at\u00e9 mesmo problemas enfrentados no trabalho, como ass\u00e9dio moral, excesso de atribui\u00e7\u00f5es, falta de tempo para a fam\u00edlia ou o medo do desemprego.<\/p>\n\n\n\n<p>Uma caracter\u00edstica que pode ser o diferencial entre um aprovado ou um reprovado \u00e9 a capacidade de controlar a ansiedade. Durante os dois anos e 3 meses que estudei at\u00e9 ser aprovado, v\u00e1rios fatos tentaram me desvirtuar do meu foco ou da minha paz interior. \u00c0s vezes, me pegava em conjecturas, as mais diversas. Nesses momentos, eu respirava fundo e falava para mim mesmo: &#8220;Basta! Eu tenho o controle da minha mente. N\u00e3o vou deixar que essas preocupa\u00e7\u00f5es me paralisem. O que importa \u00e9 o agora. O que importa \u00e9 estudar o m\u00e1ximo que eu puder, para que eu esteja pronto para agarrar a oportunidade quando ela aparecer. Basta dar um passo de cada vez. Uma &#8220;meta&#8221; de cada vez.&#8221;<\/p>\n\n\n\n<p>Neste momento fa\u00e7o um par\u00eanteses: Houve uma \u00e9poca em que eu era militar e fazia exerc\u00edcio de campo nos quais os instrutores nos colocavam para andar num sol de rachar, carregando de 20 a 30 kg no lombo, em estradas de areia fofa, num local chamado Restinga da Marambaia. Nunca sab\u00edamos quanto tempo a marcha iria durar. \u00c0s vezes durava horas (seis, sete, oito horas). Havia horas, em que o cansa\u00e7o, a fome e a sede se faziam presentes. Nesse momento, batia o desespero. Por um segundo eu pensava: N\u00e3o vou conseguir, n\u00e3o aguento mais, vou desistir. A primeira vez que isso aconteceu, eu parei, respirei fundo, bebi um pouco de \u00e1gua do cantil e pensei: &#8220;Eu consigo!&#8221; Algo dentro de mim me dizia: &#8220;N\u00e3o olhe para frente, n\u00e3o olhe para o lado. Olhe para o ch\u00e3o. D\u00ea um passo de cada vez. Isso \u00e9 tudo que importa!&#8221; Uma hora isso vai acabar e voc\u00ea vai chegar ao seu destino!&#8221;  Toda vez que eu conclu\u00eda a miss\u00e3o e me dava conta do que havia feito, pensava:&#8221; &#8211;  N\u00e3o acredito que consegui!&#8221; Algo que, em princ\u00edpio, parecia imposs\u00edvel havia acabado de ser conclu\u00eddo. Na verdade, tudo o que precisei fazer foi dar um passo de cada vez. Sem me preocupar com mais nada!<\/p>\n\n\n\n<figure class=\"wp-block-image\"><img loading=\"lazy\" decoding=\"async\" width=\"640\" height=\"426\" src=\"https:\/\/dhg1h5j42swfq.cloudfront.net\/2019\/08\/06221033\/Marcha-1.jpg\" alt=\"\" class=\"wp-image-406962\" srcset=\"https:\/\/dhg1h5j42swfq.cloudfront.net\/2019\/08\/06221033\/Marcha-1.jpg 640w, https:\/\/dhg1h5j42swfq.cloudfront.net\/2019\/08\/06221033\/Marcha-1.jpg 300w, https:\/\/dhg1h5j42swfq.cloudfront.net\/2019\/08\/06221033\/Marcha-1.jpg 610w\" sizes=\"auto, (max-width: 640px) 100vw, 640px\" \/><figcaption>Cr\u00e9ditos: revista eletr\u00f4nica Defesa TV (foto meramente ilustrativa)<\/figcaption><\/figure>\n\n\n\n<p>O mesmo pode ser aplicado na vida dos concursos! Voc\u00ea n\u00e3o sabe quanto tempo essa jornada vai durar. Podem ser dias, meses ou anos! Muitas vezes voc\u00ea est\u00e1 carregando uma tonelada de responsabilidades e problemas nas costas. O caminho pelo qual voc\u00ea vai percorrer \u00e9 tortuoso e n\u00e3o h\u00e1 atalhos. Mas a \u00fanica coisa com que voc\u00ea precisa se preocupar \u00e9 com o pr\u00f3ximo passo. Um passo de cada vez. E seu passo da vez \u00e9 a mat\u00e9ria que voc\u00ea tem que estudar agora.\u00a0<\/p>\n\n\n\n<p>Voc\u00ea n\u00e3o tem que se preocupar com a banca que elaborar\u00e1 seu certame. N\u00e3o tem que se preocupar quando sair\u00e1 o edital. N\u00e3o tem que se preocupar se o governo A ou B vai acabar com esse ou aquele benef\u00edcio do cargo que voc\u00ea est\u00e1 almejando. A \u00fanica coisa com que deve se preocupar \u00e9 em estudar, para que esteja pronto quando a oportunidade aparecer.&nbsp;<\/p>\n\n\n\n<p>\u00c0s vezes nos preocupamos com coisas que nem mesmo se concretizam, com coisas que est\u00e3o fora da nossa al\u00e7ada. Nada disso importar\u00e1, entretanto, se voc\u00ea n\u00e3o estiver preparado!<\/p>\n\n\n\n<p>Portanto, n\u00e3o deixe a ansiedade te paralisar. N\u00e3o perca seu tempo precioso de estudo com elucubra\u00e7\u00f5es. Estude. Estude. Estude!<\/p>\n\n\n\n<p>N\u00e3o olhe para o lado, n\u00e3o olhe para frente. Olhe para o ch\u00e3o. Tudo que importa \u00e9 o pr\u00f3ximo passo.<\/p>\n\n\n\n<p>Grande abra\u00e7o!<\/p>\n\n\n\n<p>Foco, Disciplina e Perseveran\u00e7a!!!<\/p>\n\n\n\n<figure class=\"wp-block-image\"><img loading=\"lazy\" decoding=\"async\" width=\"640\" height=\"426\" src=\"https:\/\/dhg1h5j42swfq.cloudfront.net\/2019\/08\/06221203\/Marcha-2.jpg\" alt=\"\" class=\"wp-image-406963\" srcset=\"https:\/\/dhg1h5j42swfq.cloudfront.net\/2019\/08\/06221203\/Marcha-2.jpg 640w, https:\/\/dhg1h5j42swfq.cloudfront.net\/2019\/08\/06221203\/Marcha-2.jpg 300w, https:\/\/dhg1h5j42swfq.cloudfront.net\/2019\/08\/06221203\/Marcha-2.jpg 610w\" sizes=\"auto, (max-width: 640px) 100vw, 640px\" \/><figcaption>Cr\u00e9ditos: revista eletr\u00f4nica Defesa TV (foto meramente ilustrativa)<\/figcaption><\/figure>\n\n\n\n<p><\/p>\n","protected":false},"excerpt":{"rendered":"<p>&#8220;A ESAF n\u00e3o ser\u00e1 mais a banca que far\u00e1 a prova da Receita Federal, e agora?&#8221; &#8220;H\u00e1 um boato de que o edital sair\u00e1 na semana que vem. N\u00e3o dar\u00e1 tempo de estudar tudo. Bateu o desespero!&#8221; &#8220;Houve um corte de verbas no Poder Executivo. Foram suspensos todos os concursos. Como continuar estudando no escuro?&#8221; [&hellip;]<\/p>\n","protected":false},"author":1269,"featured_media":0,"comment_status":"open","ping_status":"closed","sticky":false,"template":"","format":"standard","meta":{"post_tipo":"article","footnotes":""},"categories":[1],"tags":[],"tax_estado":[],"class_list":["post-406961","post","type-post","status-publish","format-standard","hentry","category-cursos-e-concursos"],"acf":[],"yoast_head":"<!-- This site is optimized with the Yoast SEO Premium plugin v27.2 (Yoast SEO v27.2) - https:\/\/yoast.com\/product\/yoast-seo-premium-wordpress\/ -->\n<title>ANSIEDADE<\/title>\n<meta name=\"robots\" content=\"index, follow, max-snippet:-1, max-image-preview:large, max-video-preview:-1\" \/>\n<link rel=\"canonical\" href=\"https:\/\/www.estrategiaconcursos.com.br\/blog\/ansiedade\/\" \/>\n<meta property=\"og:locale\" content=\"pt_BR\" \/>\n<meta property=\"og:type\" content=\"article\" \/>\n<meta property=\"og:title\" content=\"ANSIEDADE\" \/>\n<meta property=\"og:description\" content=\"&#8220;A ESAF n\u00e3o ser\u00e1 mais a banca que far\u00e1 a prova da Receita Federal, e agora?&#8221; &#8220;H\u00e1 um boato de que o edital sair\u00e1 na semana que vem. N\u00e3o dar\u00e1 tempo de estudar tudo. Bateu o desespero!&#8221; &#8220;Houve um corte de verbas no Poder Executivo. Foram suspensos todos os concursos. Como continuar estudando no escuro?&#8221; [&hellip;]\" \/>\n<meta property=\"og:url\" content=\"https:\/\/www.estrategiaconcursos.com.br\/blog\/ansiedade\/\" \/>\n<meta property=\"og:site_name\" content=\"Estrat\u00e9gia Concursos\" \/>\n<meta property=\"article:published_time\" content=\"2019-08-07T01:14:21+00:00\" \/>\n<meta property=\"article:modified_time\" content=\"2019-08-07T01:43:37+00:00\" \/>\n<meta property=\"og:image\" content=\"https:\/\/www.estrategiaconcursos.com.br\/blog\/wp-content\/uploads\/2019\/08\/Marcha-1.jpg\" \/>\n<meta name=\"author\" content=\"Dihego Oliveira\" \/>\n<meta name=\"twitter:card\" content=\"summary_large_image\" \/>\n<meta name=\"twitter:creator\" content=\"@EstratConcursos\" \/>\n<meta name=\"twitter:site\" content=\"@EstratConcursos\" \/>\n<meta name=\"twitter:label1\" content=\"Escrito por\" \/>\n\t<meta name=\"twitter:data1\" content=\"Dihego Oliveira\" \/>\n\t<meta name=\"twitter:label2\" content=\"Est. tempo de leitura\" \/>\n\t<meta name=\"twitter:data2\" content=\"4 minutos\" \/>\n<script type=\"application\/ld+json\" class=\"yoast-schema-graph\">{\"@context\":\"https:\/\/schema.org\",\"@graph\":[{\"@type\":\"NewsArticle\",\"@id\":\"https:\/\/www.estrategiaconcursos.com.br\/blog\/ansiedade\/#article\",\"isPartOf\":{\"@id\":\"https:\/\/www.estrategiaconcursos.com.br\/blog\/ansiedade\/\"},\"author\":{\"name\":\"Dihego Oliveira\",\"@id\":\"https:\/\/www.estrategiaconcursos.com.br\/blog\/#\/schema\/person\/2133d882d445288fd0401f3b78ea6bf2\"},\"headline\":\"ANSIEDADE\",\"datePublished\":\"2019-08-07T01:14:21+00:00\",\"dateModified\":\"2019-08-07T01:43:37+00:00\",\"mainEntityOfPage\":{\"@id\":\"https:\/\/www.estrategiaconcursos.com.br\/blog\/ansiedade\/\"},\"wordCount\":878,\"commentCount\":4,\"publisher\":{\"@id\":\"https:\/\/www.estrategiaconcursos.com.br\/blog\/#organization\"},\"image\":{\"@id\":\"https:\/\/www.estrategiaconcursos.com.br\/blog\/ansiedade\/#primaryimage\"},\"thumbnailUrl\":\"https:\/\/www.estrategiaconcursos.com.br\/blog\/wp-content\/uploads\/2019\/08\/Marcha-1.jpg\",\"articleSection\":[\"Concursos P\u00fablicos\"],\"inLanguage\":\"pt-BR\",\"potentialAction\":[{\"@type\":\"CommentAction\",\"name\":\"Comment\",\"target\":[\"https:\/\/www.estrategiaconcursos.com.br\/blog\/ansiedade\/#respond\"]}],\"copyrightYear\":\"2019\",\"copyrightHolder\":{\"@id\":\"https:\/\/www.estrategiaconcursos.com.br\/blog\/#organization\"}},{\"@type\":\"WebPage\",\"@id\":\"https:\/\/www.estrategiaconcursos.com.br\/blog\/ansiedade\/\",\"url\":\"https:\/\/www.estrategiaconcursos.com.br\/blog\/ansiedade\/\",\"name\":\"ANSIEDADE\",\"isPartOf\":{\"@id\":\"https:\/\/www.estrategiaconcursos.com.br\/blog\/#website\"},\"primaryImageOfPage\":{\"@id\":\"https:\/\/www.estrategiaconcursos.com.br\/blog\/ansiedade\/#primaryimage\"},\"image\":{\"@id\":\"https:\/\/www.estrategiaconcursos.com.br\/blog\/ansiedade\/#primaryimage\"},\"thumbnailUrl\":\"https:\/\/www.estrategiaconcursos.com.br\/blog\/wp-content\/uploads\/2019\/08\/Marcha-1.jpg\",\"datePublished\":\"2019-08-07T01:14:21+00:00\",\"dateModified\":\"2019-08-07T01:43:37+00:00\",\"breadcrumb\":{\"@id\":\"https:\/\/www.estrategiaconcursos.com.br\/blog\/ansiedade\/#breadcrumb\"},\"inLanguage\":\"pt-BR\",\"potentialAction\":[{\"@type\":\"ReadAction\",\"target\":[\"https:\/\/www.estrategiaconcursos.com.br\/blog\/ansiedade\/\"]}]},{\"@type\":\"ImageObject\",\"inLanguage\":\"pt-BR\",\"@id\":\"https:\/\/www.estrategiaconcursos.com.br\/blog\/ansiedade\/#primaryimage\",\"url\":\"https:\/\/dhg1h5j42swfq.cloudfront.net\/2019\/08\/06221033\/Marcha-1.jpg\",\"contentUrl\":\"https:\/\/dhg1h5j42swfq.cloudfront.net\/2019\/08\/06221033\/Marcha-1.jpg\",\"width\":640,\"height\":426},{\"@type\":\"BreadcrumbList\",\"@id\":\"https:\/\/www.estrategiaconcursos.com.br\/blog\/ansiedade\/#breadcrumb\",\"itemListElement\":[{\"@type\":\"ListItem\",\"position\":1,\"name\":\"In\u00edcio\",\"item\":\"https:\/\/www.estrategiaconcursos.com.br\/blog\/\"},{\"@type\":\"ListItem\",\"position\":2,\"name\":\"ANSIEDADE\"}]},{\"@type\":\"WebSite\",\"@id\":\"https:\/\/www.estrategiaconcursos.com.br\/blog\/#website\",\"url\":\"https:\/\/www.estrategiaconcursos.com.br\/blog\/\",\"name\":\"Estrat\u00e9gia Concursos\",\"description\":\"O blog da Estrat\u00e9gia Concursos traz not\u00edcias sobre concursos e artigos de professores oferecendo cursos para concursos (pdf + videaulas) no site.\",\"publisher\":{\"@id\":\"https:\/\/www.estrategiaconcursos.com.br\/blog\/#organization\"},\"potentialAction\":[{\"@type\":\"SearchAction\",\"target\":{\"@type\":\"EntryPoint\",\"urlTemplate\":\"https:\/\/www.estrategiaconcursos.com.br\/blog\/?s={search_term_string}\"},\"query-input\":{\"@type\":\"PropertyValueSpecification\",\"valueRequired\":true,\"valueName\":\"search_term_string\"}}],\"inLanguage\":\"pt-BR\"},{\"@type\":\"Organization\",\"@id\":\"https:\/\/www.estrategiaconcursos.com.br\/blog\/#organization\",\"name\":\"Estrat\u00e9gia Concursos\",\"url\":\"https:\/\/www.estrategiaconcursos.com.br\/blog\/\",\"logo\":{\"@type\":\"ImageObject\",\"inLanguage\":\"pt-BR\",\"@id\":\"https:\/\/www.estrategiaconcursos.com.br\/blog\/#\/schema\/logo\/image\/\",\"url\":\"https:\/\/dhg1h5j42swfq.cloudfront.net\/2025\/06\/03203428\/logo_concursos-1.jpg\",\"contentUrl\":\"https:\/\/dhg1h5j42swfq.cloudfront.net\/2025\/06\/03203428\/logo_concursos-1.jpg\",\"width\":230,\"height\":60,\"caption\":\"Estrat\u00e9gia Concursos\"},\"image\":{\"@id\":\"https:\/\/www.estrategiaconcursos.com.br\/blog\/#\/schema\/logo\/image\/\"},\"sameAs\":[\"https:\/\/x.com\/EstratConcursos\"]},{\"@type\":\"Person\",\"@id\":\"https:\/\/www.estrategiaconcursos.com.br\/blog\/#\/schema\/person\/2133d882d445288fd0401f3b78ea6bf2\",\"name\":\"Dihego Oliveira\",\"image\":{\"@type\":\"ImageObject\",\"inLanguage\":\"pt-BR\",\"@id\":\"https:\/\/secure.gravatar.com\/avatar\/7b6b56aca19ca5fcb7adf212eef2cd31cb1f46136711e38671f0204612712ed7?s=96&d=mm&r=g\",\"url\":\"https:\/\/secure.gravatar.com\/avatar\/7b6b56aca19ca5fcb7adf212eef2cd31cb1f46136711e38671f0204612712ed7?s=96&d=mm&r=g\",\"contentUrl\":\"https:\/\/secure.gravatar.com\/avatar\/7b6b56aca19ca5fcb7adf212eef2cd31cb1f46136711e38671f0204612712ed7?s=96&d=mm&r=g\",\"caption\":\"Dihego Oliveira\"},\"url\":\"https:\/\/www.estrategiaconcursos.com.br\/blog\/author\/dihtoniyahoo-com-br\/\"}]}<\/script>\n<!-- \/ Yoast SEO Premium plugin. -->","yoast_head_json":{"title":"ANSIEDADE","robots":{"index":"index","follow":"follow","max-snippet":"max-snippet:-1","max-image-preview":"max-image-preview:large","max-video-preview":"max-video-preview:-1"},"canonical":"https:\/\/www.estrategiaconcursos.com.br\/blog\/ansiedade\/","og_locale":"pt_BR","og_type":"article","og_title":"ANSIEDADE","og_description":"&#8220;A ESAF n\u00e3o ser\u00e1 mais a banca que far\u00e1 a prova da Receita Federal, e agora?&#8221; &#8220;H\u00e1 um boato de que o edital sair\u00e1 na semana que vem. N\u00e3o dar\u00e1 tempo de estudar tudo. Bateu o desespero!&#8221; &#8220;Houve um corte de verbas no Poder Executivo. Foram suspensos todos os concursos. Como continuar estudando no escuro?&#8221; [&hellip;]","og_url":"https:\/\/www.estrategiaconcursos.com.br\/blog\/ansiedade\/","og_site_name":"Estrat\u00e9gia Concursos","article_published_time":"2019-08-07T01:14:21+00:00","article_modified_time":"2019-08-07T01:43:37+00:00","og_image":[{"url":"https:\/\/www.estrategiaconcursos.com.br\/blog\/wp-content\/uploads\/2019\/08\/Marcha-1.jpg","type":"","width":"","height":""}],"author":"Dihego Oliveira","twitter_card":"summary_large_image","twitter_creator":"@EstratConcursos","twitter_site":"@EstratConcursos","twitter_misc":{"Escrito por":"Dihego Oliveira","Est. tempo de leitura":"4 minutos"},"schema":{"@context":"https:\/\/schema.org","@graph":[{"@type":"NewsArticle","@id":"https:\/\/www.estrategiaconcursos.com.br\/blog\/ansiedade\/#article","isPartOf":{"@id":"https:\/\/www.estrategiaconcursos.com.br\/blog\/ansiedade\/"},"author":{"name":"Dihego Oliveira","@id":"https:\/\/www.estrategiaconcursos.com.br\/blog\/#\/schema\/person\/2133d882d445288fd0401f3b78ea6bf2"},"headline":"ANSIEDADE","datePublished":"2019-08-07T01:14:21+00:00","dateModified":"2019-08-07T01:43:37+00:00","mainEntityOfPage":{"@id":"https:\/\/www.estrategiaconcursos.com.br\/blog\/ansiedade\/"},"wordCount":878,"commentCount":4,"publisher":{"@id":"https:\/\/www.estrategiaconcursos.com.br\/blog\/#organization"},"image":{"@id":"https:\/\/www.estrategiaconcursos.com.br\/blog\/ansiedade\/#primaryimage"},"thumbnailUrl":"https:\/\/www.estrategiaconcursos.com.br\/blog\/wp-content\/uploads\/2019\/08\/Marcha-1.jpg","articleSection":["Concursos P\u00fablicos"],"inLanguage":"pt-BR","potentialAction":[{"@type":"CommentAction","name":"Comment","target":["https:\/\/www.estrategiaconcursos.com.br\/blog\/ansiedade\/#respond"]}],"copyrightYear":"2019","copyrightHolder":{"@id":"https:\/\/www.estrategiaconcursos.com.br\/blog\/#organization"}},{"@type":"WebPage","@id":"https:\/\/www.estrategiaconcursos.com.br\/blog\/ansiedade\/","url":"https:\/\/www.estrategiaconcursos.com.br\/blog\/ansiedade\/","name":"ANSIEDADE","isPartOf":{"@id":"https:\/\/www.estrategiaconcursos.com.br\/blog\/#website"},"primaryImageOfPage":{"@id":"https:\/\/www.estrategiaconcursos.com.br\/blog\/ansiedade\/#primaryimage"},"image":{"@id":"https:\/\/www.estrategiaconcursos.com.br\/blog\/ansiedade\/#primaryimage"},"thumbnailUrl":"https:\/\/www.estrategiaconcursos.com.br\/blog\/wp-content\/uploads\/2019\/08\/Marcha-1.jpg","datePublished":"2019-08-07T01:14:21+00:00","dateModified":"2019-08-07T01:43:37+00:00","breadcrumb":{"@id":"https:\/\/www.estrategiaconcursos.com.br\/blog\/ansiedade\/#breadcrumb"},"inLanguage":"pt-BR","potentialAction":[{"@type":"ReadAction","target":["https:\/\/www.estrategiaconcursos.com.br\/blog\/ansiedade\/"]}]},{"@type":"ImageObject","inLanguage":"pt-BR","@id":"https:\/\/www.estrategiaconcursos.com.br\/blog\/ansiedade\/#primaryimage","url":"https:\/\/dhg1h5j42swfq.cloudfront.net\/2019\/08\/06221033\/Marcha-1.jpg","contentUrl":"https:\/\/dhg1h5j42swfq.cloudfront.net\/2019\/08\/06221033\/Marcha-1.jpg","width":640,"height":426},{"@type":"BreadcrumbList","@id":"https:\/\/www.estrategiaconcursos.com.br\/blog\/ansiedade\/#breadcrumb","itemListElement":[{"@type":"ListItem","position":1,"name":"In\u00edcio","item":"https:\/\/www.estrategiaconcursos.com.br\/blog\/"},{"@type":"ListItem","position":2,"name":"ANSIEDADE"}]},{"@type":"WebSite","@id":"https:\/\/www.estrategiaconcursos.com.br\/blog\/#website","url":"https:\/\/www.estrategiaconcursos.com.br\/blog\/","name":"Estrat\u00e9gia Concursos","description":"O blog da Estrat\u00e9gia Concursos traz not\u00edcias sobre concursos e artigos de professores oferecendo cursos para concursos (pdf + videaulas) no site.","publisher":{"@id":"https:\/\/www.estrategiaconcursos.com.br\/blog\/#organization"},"potentialAction":[{"@type":"SearchAction","target":{"@type":"EntryPoint","urlTemplate":"https:\/\/www.estrategiaconcursos.com.br\/blog\/?s={search_term_string}"},"query-input":{"@type":"PropertyValueSpecification","valueRequired":true,"valueName":"search_term_string"}}],"inLanguage":"pt-BR"},{"@type":"Organization","@id":"https:\/\/www.estrategiaconcursos.com.br\/blog\/#organization","name":"Estrat\u00e9gia Concursos","url":"https:\/\/www.estrategiaconcursos.com.br\/blog\/","logo":{"@type":"ImageObject","inLanguage":"pt-BR","@id":"https:\/\/www.estrategiaconcursos.com.br\/blog\/#\/schema\/logo\/image\/","url":"https:\/\/dhg1h5j42swfq.cloudfront.net\/2025\/06\/03203428\/logo_concursos-1.jpg","contentUrl":"https:\/\/dhg1h5j42swfq.cloudfront.net\/2025\/06\/03203428\/logo_concursos-1.jpg","width":230,"height":60,"caption":"Estrat\u00e9gia Concursos"},"image":{"@id":"https:\/\/www.estrategiaconcursos.com.br\/blog\/#\/schema\/logo\/image\/"},"sameAs":["https:\/\/x.com\/EstratConcursos"]},{"@type":"Person","@id":"https:\/\/www.estrategiaconcursos.com.br\/blog\/#\/schema\/person\/2133d882d445288fd0401f3b78ea6bf2","name":"Dihego Oliveira","image":{"@type":"ImageObject","inLanguage":"pt-BR","@id":"https:\/\/secure.gravatar.com\/avatar\/7b6b56aca19ca5fcb7adf212eef2cd31cb1f46136711e38671f0204612712ed7?s=96&d=mm&r=g","url":"https:\/\/secure.gravatar.com\/avatar\/7b6b56aca19ca5fcb7adf212eef2cd31cb1f46136711e38671f0204612712ed7?s=96&d=mm&r=g","contentUrl":"https:\/\/secure.gravatar.com\/avatar\/7b6b56aca19ca5fcb7adf212eef2cd31cb1f46136711e38671f0204612712ed7?s=96&d=mm&r=g","caption":"Dihego Oliveira"},"url":"https:\/\/www.estrategiaconcursos.com.br\/blog\/author\/dihtoniyahoo-com-br\/"}]}},"_links":{"self":[{"href":"https:\/\/www.estrategiaconcursos.com.br\/blog\/wp-json\/wp\/v2\/posts\/406961","targetHints":{"allow":["GET"]}}],"collection":[{"href":"https:\/\/www.estrategiaconcursos.com.br\/blog\/wp-json\/wp\/v2\/posts"}],"about":[{"href":"https:\/\/www.estrategiaconcursos.com.br\/blog\/wp-json\/wp\/v2\/types\/post"}],"author":[{"embeddable":true,"href":"https:\/\/www.estrategiaconcursos.com.br\/blog\/wp-json\/wp\/v2\/users\/1269"}],"replies":[{"embeddable":true,"href":"https:\/\/www.estrategiaconcursos.com.br\/blog\/wp-json\/wp\/v2\/comments?post=406961"}],"version-history":[{"count":9,"href":"https:\/\/www.estrategiaconcursos.com.br\/blog\/wp-json\/wp\/v2\/posts\/406961\/revisions"}],"predecessor-version":[{"id":406989,"href":"https:\/\/www.estrategiaconcursos.com.br\/blog\/wp-json\/wp\/v2\/posts\/406961\/revisions\/406989"}],"wp:attachment":[{"href":"https:\/\/www.estrategiaconcursos.com.br\/blog\/wp-json\/wp\/v2\/media?parent=406961"}],"wp:term":[{"taxonomy":"category","embeddable":true,"href":"https:\/\/www.estrategiaconcursos.com.br\/blog\/wp-json\/wp\/v2\/categories?post=406961"},{"taxonomy":"post_tag","embeddable":true,"href":"https:\/\/www.estrategiaconcursos.com.br\/blog\/wp-json\/wp\/v2\/tags?post=406961"},{"taxonomy":"tax_estado","embeddable":true,"href":"https:\/\/www.estrategiaconcursos.com.br\/blog\/wp-json\/wp\/v2\/tax_estado?post=406961"}],"curies":[{"name":"wp","href":"https:\/\/api.w.org\/{rel}","templated":true}]}}