{"id":406410,"date":"2019-08-06T06:50:12","date_gmt":"2019-08-06T09:50:12","guid":{"rendered":"https:\/\/www.estrategiaconcursos.com.br\/blog\/?p=406410"},"modified":"2019-11-08T16:39:44","modified_gmt":"2019-11-08T19:39:44","slug":"gabarito-trf-4-seguranca-e-transportes-recursos","status":"publish","type":"post","link":"https:\/\/www.estrategiaconcursos.com.br\/blog\/gabarito-trf-4-seguranca-e-transportes-recursos\/","title":{"rendered":"Gabarito TRF 4 Seguran\u00e7a e Transportes [RECURSOS]"},"content":{"rendered":"<p>\n<!--StartFragment--><\/p>\n\n\n<p>Gabarito TRF 4 Seguran\u00e7a e Transportes [RECURSOS]  <\/p>\n\n\n\n<p>Ol\u00e1, amigos!<\/p>\n\n\n\n<p>Para quem n\u00e3o me conhece ainda, meu nome \u00e9 <strong>Marcos Gir\u00e3o<\/strong> e sou professor aqui do Estrat\u00e9gia Concursos, lecionando as disciplinas Leis Penais Especiais, Legisla\u00e7\u00e3o de Tr\u00e2nsito, Legisla\u00e7\u00e3o Espec\u00edfica e Seguran\u00e7a Corporativa para Concursos P\u00fablicos.<\/p>\n\n\n\n<p>Para o concurso <strong>TRF 4\u00aa REGI\u00c3O 2019<\/strong>, fiquei respons\u00e1vel por ministrar junto ao Prof. Alexandre Herculano a parte de <strong>Conhecimentos Espec\u00edficos<\/strong> <strong>(exceto Lei n\u00ba 13.146\/153)<\/strong> para o cargo de <strong>T\u00e9cnico Judici\u00e1rio Especialidade Seguran\u00e7a e Transportes<\/strong>! As quest\u00f5es dessa prova foram bastante tranquilas, dentro do esperado, mas duas delas s\u00e3o pass\u00edveis de recursos, segundo o gabarito preliminar disponibilizado pela banca. S\u00e3o elas:<\/p>\n\n\n\n<p><strong>[PROVA 07 &#8211; TIPO 002]<\/strong><\/p>\n\n\n\n<p><strong><em>23. Sobre as sa\u00eddas de emerg\u00eancia nos locais de trabalho:<\/em><\/strong><em><br \/><\/em><strong><em> I.<\/em><\/strong><em> Devem ser dispostas de forma que, em caso de emerg\u00eancia, seja poss\u00edvel abandonar os locais de trabalho com rapidez e  seguran\u00e7a.<br \/><\/em><strong><em> II. <\/em><\/strong><em>Devem ser sinalizadas, podendo ser mantidas fechadas \u00e0 chave durante a jornada de trabalho.<br \/><\/em><strong><em> III. <\/em><\/strong><em>Devem ser equipadas com dispositivos de alarme sonoro no caso de tentativa de invas\u00e3o de estranhos.<br \/> <\/em><strong><em>IV. P<\/em><\/strong><em>odem ter dispositivos de travamento, desde que permitam a f\u00e1cil abertura do interior do estabelecimento.<br \/> <\/em><strong><em>Est\u00e1 correto o que consta APENAS em<\/em><\/strong><em><br \/> (A) I e IV.<br \/> ( B) II.<br \/> (C) I e II.<br \/> (D) III.<br \/> (E) II e III.<\/em><\/p>\n\n\n\n<p><strong>Coment\u00e1rio<\/strong>:<\/p>\n\n\n\n<p>A banca deu como certos os itens I e IV, com a letra A como gabarito preliminar. Acontece que pela reda\u00e7\u00e3o mais recente da NR 23,  com reda\u00e7\u00e3o dada pela Portaria SIT n.\u00ba 221, de 06 de maio de 2011, a regra do item I n\u00e3o mais existe, o que o torna errado para os dias atuais. A reda\u00e7\u00e3o da NR 23, ap\u00f3s essa \u00faltima atualiza\u00e7\u00e3o, ficou bem mais enxuta, estabelecendo, em seu item 23.1, que legisla\u00e7\u00e3o estadual e outras normas t\u00e9cnicas aplic\u00e1veis \u00e9 que regulamentar\u00e3o o assunto nela tratado. Desse modo, o \u00fanico item correto seria o IV, que esta de acordo com o item 23. 5 da nova reda\u00e7\u00e3o da NR 23. Confira:<\/p>\n\n\n\n<p> <br \/><em>23.5 As sa\u00eddas de emerg\u00eancia podem ser equipadas com dispositivos de travamento que permitam f\u00e1cil abertura do interior do estabelecimento.  <\/em><\/p>\n\n\n\n<p>A nova vers\u00e3o dessa norma est\u00e1 dispon\u00edvel no site do Minist\u00e9rio da Economia pelo link:<\/p>\n\n\n\n<p><a href=\"https:\/\/enit.trabalho.gov.br\/portal\/images\/Arquivos_SST\/SST_NR\/NR-23.pdf\">https:\/\/enit.trabalho.gov.br\/portal\/images\/Arquivos_SST\/SST_NR\/NR-23.pdf<\/a><\/p>\n\n\n\n<p>Desse modo, <strong>conclui-se pela anula\u00e7\u00e3o da quest\u00e3o, por n\u00e3o haver op\u00e7\u00e3o de resposta correta.<\/strong><\/p>\n\n\n\n<p><strong>Gabarito: A (pass\u00edvel de recurso para ANULA\u00c7\u00c3O<\/strong>)<\/p>\n\n\n\n<p><strong><em>46.<\/em><\/strong> <strong><em>Ap\u00f3s a tomada das medidas iniciais de controle e condu\u00e7\u00e3o de uma crise (conter, isolar e iniciar contato sem concess\u00f5es), o  T\u00e9cnico de Seguran\u00e7a respons\u00e1vel pelo gerenciamento de determinada ocorr\u00eancia cr\u00edtica dever\u00e1 determinar respectivamente  quantos e quais s\u00e3o os per\u00edmetros t\u00e1ticos para sua atua\u00e7\u00e3o, do seguinte modo:<\/em><\/strong><em><br \/> (A) 5 per\u00edmetros \/ per\u00edmetro de an\u00e1lise, per\u00edmetro de visualiza\u00e7\u00e3o, per\u00edmetro de alcance, per\u00edmetro de monitoramento e  per\u00edmetro de a\u00e7\u00e3o.<br \/> (B) 1 per\u00edmetro \/ per\u00edmetro cr\u00edtico.<br \/> (C) 2 per\u00edmetros \/ per\u00edmetro interno e per\u00edmetro externo.<br \/> (D) 4 per\u00edmetros \/ per\u00edmetro de visualiza\u00e7\u00e3o, per\u00edmetro de alcance, per\u00edmetro de monitoramento e per\u00edmetro de a\u00e7\u00e3o.<br \/> (E) 3 per\u00edmetros \/ per\u00edmetro vermelho (interno), per\u00edmetro amarelo  (intermedi\u00e1rio) e per\u00edmetro verde (externo).<\/em><\/p>\n\n\n\n<p><strong>Coment\u00e1rio<\/strong>:<\/p>\n\n\n\n<p>A banca deu como correto o item E em seu gabarito preliminar. Acontece que de acordo com o <strong>Curso de Gerenciamento de Crises &#8211; M\u00f3dulo 1, da Secretaria Nacional de Seguran\u00e7a P\u00fablica do Minist\u00e9rio da Justi\u00e7a (SENASP\/MJ)<\/strong>,  p\u00e1gina 27:<\/p>\n\n\n\n<p>O isolamento do\nponto cr\u00edtico executa-se atrav\u00e9s dos chamados per\u00edmetros t\u00e1ticos, que s\u00e3o dois:<\/p>\n\n\n\n<ul class=\"wp-block-list\"><li><strong>Per\u00edmetro t\u00e1tico <\/strong><strong>interno<\/strong>: \u00e9 um cord\u00e3o de isolamento que\n     circunda no ponto cr\u00edtico, formando o que se denomina de zona est\u00e9ril. No\n     seu interior, somente devem permanecer os causadores do evento, os ref\u00e9ns\n     (se houver) e os policiais especialmente designados. E ningu\u00e9m mais! Esse\n     per\u00edmetro deve ser patrulhado por policiais uniformizados, que tenham de prefer\u00eancia\n     um temperamento alerta e vigoroso, para afastar e afugentar poss\u00edveis\n     intrusos.<\/li><li><strong>Per\u00edmetro t\u00e1tico <\/strong><strong>externo<\/strong>: \u00e9 destinado a formar uma zona tamp\u00e3o,\n     entre o per\u00edmetro interno e o p\u00fablico. Nele ficam instalados o posto de\n     comando (PC) do gerente da crise e o posto de comando t\u00e1tico (PCT), do comandante do grupo t\u00e1tico especial. No interior desse\n     per\u00edmetro, admite-se o tr\u00e2nsito e a&#8217; perman\u00eancia de policiais que n\u00e3o estejam diretamente\n     envolvidos com o gerenciamento do evento cr\u00edtico, pessoal m\u00e9dico, apoio\n     operacional (corpo de bombeiros, peritos criminais, motoristas de\n     ambul\u00e2ncias,) e a m\u00eddia (t\u00e3o somente quando da realiza\u00e7\u00e3o de <em>briefings <\/em>ou\n     entrevistas).<strong><\/strong><\/li><\/ul>\n\n\n\n<p>Logo, <strong>pede-se que o gabarito seja alterado para a letra &#8220;C&#8221;.<\/strong><\/p>\n\n\n\n<p>Professor, e porque usar esse Manual, se existem outros na internet, por exemplo?<\/p>\n\n\n\n<p>\u00c9 porque esse material \u00e9 disponibilizado por um \u00f3rg\u00e3o oficial de refer\u00eancia, o <strong>Minist\u00e9rio da Justi\u00e7a e Seguran\u00e7a P\u00fablica<\/strong>, f<strong>oi amplamente utilizado pela Funda\u00e7\u00e3o Carlos Chagas em v\u00e1rios de seus concursos PARA CARGOS SEMELHANTES DE OUTROS TRIBUNAIS e tamb\u00e9m utilizado nas  seguintes outras quest\u00f5es da mesmas prova<\/strong>:<\/p>\n\n\n\n<p>44. <strong><em>Durante o processo de negocia\u00e7\u00e3o num determinado conflito, o negociador ficou receoso de entregar um \u201ccopo de \u00e1gua\u201d a um  dos conflitantes. Por conta disso, seu superior o estimulou a utilizar mentalmente os 5 Crit\u00e9rios de A\u00e7\u00e3o, refor\u00e7ando que apenas  a viabilidade\/aceite nos 5 itens que o comp\u00f5em resultaria na entrega do copo de \u00e1gua. Com base nessas  informa\u00e7\u00f5es, os 5  crit\u00e9rios de a\u00e7\u00e3o que o negociador dever\u00e1 utilizar s\u00e3o:<\/em><\/strong><em><br \/> (A) Necessidade, Validade do risco, Aceitabilidade legal, Aceitabilidade moral e Aceitabilidade \u00e9tica.<br \/> (B) Recebimento da demanda, An\u00e1lise dos superiores, An\u00e1lise da autoridade, Retransmiss\u00e3o da an\u00e1lise e Execu\u00e7\u00e3o da ordem.<br \/> (C) Acessibilidade, Possibilidade jur\u00eddica do pedido, An\u00e1lise cr\u00edtica dos superiores, An\u00e1lise pol\u00edtica dos gestores e Ordem de  execu\u00e7\u00e3o.<br \/> (D) An\u00e1lise pol\u00edtica do pedido, Reflex\u00e3o dos gestores, Consulta p\u00fablica, An\u00e1lise da consulta e Defini\u00e7\u00e3o de execu\u00e7\u00e3o.<br \/> (E) An\u00e1lise da demanda, C\u00e1lculo estat\u00edstico de viabilidade, C\u00e1lculo estat\u00edstico de \u00eaxito, Planejamento estrat\u00e9gico da a\u00e7\u00e3o e  An\u00e1lise da entrega.<\/em><\/p>\n\n\n\n<p>Coment\u00e1rio:<\/p>\n\n\n\n<p>A resposta voc\u00ea encontra nas p\u00e1ginas 12  a 14 do <strong>Curso de Gerenciamento de Crises &#8211; M\u00f3dulo 1, da Secretaria Nacional de Seguran\u00e7a P\u00fablica do Minist\u00e9rio da Justi\u00e7a (SENASP\/MJ)<\/strong>.<\/p>\n\n\n\n<p>Assim,\ncom o intuito de balizar o processo decis\u00f3rio na ambi\u00eancia operacional, atendendo\nos preceitos dos objetivos do Gerenciamento de Crises, a doutrina do FBI\npreconiza tr\u00eas crit\u00e9rios para tomada de decis\u00f5es:<\/p>\n\n\n\n<h4 class=\"wp-block-heading\"><a>Necessidade<\/a><\/h4>\n\n\n\n<p>O\ncrit\u00e9rio de <strong>necessidade<\/strong>\nindica que toda e qualquer a\u00e7\u00e3o somente deve ser implementada quando for\nindispens\u00e1vel. Se n\u00e3o houver necessidade de se tomar determinadas decis\u00f5es, n\u00e3o\nse justifica a sua ado\u00e7\u00e3o. A equipe deve se perguntar:<br \/>\u201c<strong>A a\u00e7\u00e3o que pretendemos fazer \u00e9 estritamente\nnecess\u00e1ria?<\/strong>\u201d<\/p>\n\n\n\n<h4 class=\"wp-block-heading\"><a> Validade do Risco<\/a><\/h4>\n\n\n\n<p>O\ncrit\u00e9rio da validade do risco estabelece que toda e qualquer a\u00e7\u00e3o, tem que\nlevar em conta, se os riscos dela advindos s\u00e3o compensados pelos resultados. A\npergunta que deve ser feita \u00e9:<br \/>\u201c<strong>Vale \u00e0 pena correr esse risco?<\/strong>\u201d<\/p>\n\n\n\n<p>Este\ncrit\u00e9rio \u00e9 muito dif\u00edcil de ser avaliado, pois envolve fatores de ordem\nsubjetiva (j\u00e1 que o que \u00e9 arriscado para um n\u00e3o \u00e9 para outro) e de ordem\nobjetiva (o que foi proveitoso em uma crise poder\u00e1 n\u00e3o s\u00ea-lo em outra).<\/p>\n\n\n\n<h4 class=\"wp-block-heading\"><a>Aceitabilidade<\/a><\/h4>\n\n\n\n<p>O\nterceiro crit\u00e9rio, aceitabilidade, implica em que toda decis\u00e3o deve ter\nrespaldo legal, moral e \u00e9tico.<\/p>\n\n\n\n<p>A\naceitabilidade <strong>legal<\/strong> significa que\ntoda decis\u00e3o deve ser tomada com base nos princ\u00edpios ditados pelas leis. Uma\ncrise, por mais s\u00e9ria que seja n\u00e3o d\u00e1 \u00e0 organiza\u00e7\u00e3o policial a prerrogativa de\nviolar leis.<\/p>\n\n\n\n<p>A\naceitabilidade <strong>moral<\/strong> implica que\ntoda decis\u00e3o para ser tomada deve levar em considera\u00e7\u00e3o aspectos de moralidade\ne bons costumes.<\/p>\n\n\n\n<p>A\naceitabilidade <strong>\u00e9tica<\/strong> est\u00e1\nconsubstanciada no princ\u00edpio de que o respons\u00e1vel pelo gerenciamento da crise,\nao tomar uma decis\u00e3o, deve faz\u00ea-lo lembrando que o resultado da mesma n\u00e3o pode\nexigir de seus comandados a pr\u00e1tica de a\u00e7\u00f5es que causem constrangimentos \u201c<em>internas corporis<\/em>\u201d.<\/p>\n\n\n\n<p>Nesse\nsentido \u00e9 cl\u00e1ssico o exemplo do policial que se oferece como volunt\u00e1rio para\nser trocado por algum ref\u00e9m. Essa troca, se autorizada, acarreta\nquestionamentos \u00e9ticos de natureza bastante complicada, que podem provocar\ns\u00e9rios transtornos no gerenciamento da crise.<\/p>\n\n\n\n<p><strong>Gabarito: A<\/strong><\/p>\n\n\n<p><em><strong>45. Durante determinado conflito, um T\u00e9cnico foi acionado para tentar mediar a situa\u00e7\u00e3o. Ao chegar no local, percebeu que um dos <\/strong><strong>conflitantes apresentava certa desconex\u00e3o com a realidade, pedindo coisas imposs\u00edveis ou inalcan\u00e7\u00e1veis. Segundo as tipologias <\/strong><strong>presentes na doutrina de Gest\u00e3o de Conflitos, esse indiv\u00edduo dever\u00e1 ser<\/strong> caracterizado pelo Agente como<\/em><br \/><em>(A) Terrorista Religioso.<\/em><br \/><em>(B) Criminoso Eventual.<\/em><br \/><em>(C) Criminoso Profissional.<\/em><br \/><em>(D) Emocionalmente Pert<\/em>urbado.<br \/>(E) Terrorista Pol\u00edtico.<br \/><!--StartFragment--><\/p>\n<p><strong>Coment\u00e1rio<\/strong>:<\/p>\n<p>A resposta voc\u00ea encontra nas p\u00e1ginas 17 do <strong>Curso de Gerenciamento de Crises &#8211; M\u00f3dulo 1, da Secretaria Nacional de Seguran\u00e7a P\u00fablica do Minist\u00e9rio da Justi\u00e7a (SENASP\/MJ):<\/strong><\/p>\n<p><strong>2\u00ba Tipo &#8211; <\/strong><strong>O emocionalmente perturbado<\/strong>:<\/p>\n<p>Pode ser um indiv\u00edduo com alguma psicopatia ou simplesmente algu\u00e9m que n\u00e3o conseguiu lidar com seus problemas de trabalho ou de fam\u00edlia, <strong>ou que esteja completamente divorciado da realidade.<\/strong><\/p>\n<p>Algumas doutrinas chamam este \u00faltimo como incidente dom\u00e9stico, j\u00e1 que normalmente envolve as rela\u00e7\u00f5es familiares. Estatisticamente, nos Estados Unidos, esse \u00e9 o tipo de indiv\u00edduo que causa a maioria dos eventos cr\u00edticos. Brigas dom\u00e9sticas, problemas referentes \u00e0 cust\u00f3dia de menores, empregados revoltados ou alguma m\u00e1goa com rela\u00e7\u00e3o a uma autoridade podem ser o estopim para a pr\u00e1tica de atos que redundem em crises.<\/p>\n<p>N\u00e3o h\u00e1 no Brasil dados estat\u00edsticos confi\u00e1veis que possam indicar, com exatid\u00e3o, o percentual representado por esse tipo de causadores de eventos cr\u00edticos no universo de crises registradas no pa\u00eds, verificando-se nos notici\u00e1rios que algumas dessas situa\u00e7\u00f5es se vinculam \u00e0 pr\u00e1tica de crimes chamados passionais.<\/p>\n<p><strong>Gabarito: D<\/strong><\/p>\n\n\n<p>CONCLUS\u00c3O: <strong>O Curso de Gerenciamento de Crises &#8211; M\u00f3dulo 1, da Secretaria Nacional de Seguran\u00e7a P\u00fablica do Minist\u00e9rio da Justi\u00e7a (SENASP\/MJ) FOI UTILIZADO COMO REFER\u00caNCIA PARA TODAS AS QUEST\u00d5ES SOBRE GEST\u00c3O DE CONFLITOS\/GERENCIAMENTO DE CRISES DA PROVA! LOGO, PEDE-SE A ALTERA\u00c7\u00c3O DE GABARITO DA QUEST\u00c3O 46 (PROVA 07, TIPO 02). <\/strong><\/p>\n\n\n\n<p><strong>LEMBRO TAMB\u00c9M QUE TODAS AS RESPOSTAS A ESSAS QUEST\u00d5ES CONSTAVAM EM NOSSO CURSO AQUI NO ESTRAT\u00c9GIA!!!!<\/strong><\/p>\n\n\n\n<p>Bom, \u00e9 isso! &nbsp; <\/p>\n\n\n\n<p>Logo em breve disponibilizaremos o coment\u00e1rio das mais quest\u00f5es que, a uma primeira vista, seus gabaritos preliminares n\u00e3o foram pass\u00edveis de recursos!<\/p>\n\n\n\n<p>E se quiserem falar comigo, <strong>tirar d\u00favidas<\/strong> e ter <strong>acesso a dicas e conte\u00fados gratuitos<\/strong>, acesse nossas redes sociais: &nbsp; <\/p>\n\n\n\n<p><strong>Email: marcospascho@gmail.com<\/strong><\/p>\n\n\n\n<p><strong>Instagram: @profmarcosgirao<\/strong><\/p>\n\n\n\n<p><strong><a href=\"https:\/\/www.facebook.com\/ProfMarcosGirao\">Fanpage do Prof. Marcos Gir\u00e3o<\/a><\/strong><\/p>\n\n\n\n<p><strong><a href=\"https:\/\/www.youtube.com\/channel\/UCsjAzxopmLjgmxkeR1Lo6wQ\">Canal do Youtube &#8211; Prof. Marcos Gir\u00e3o<\/a><\/strong><\/p>\n\n\n\n<p><strong>Seja assinante do nosso canal, \u00e9 s\u00f3 acessar pelo QR Code:<\/strong><\/p>\n\n\n\n<div class=\"wp-block-image\"><figure class=\"aligncenter is-resized\"><img loading=\"lazy\" decoding=\"async\" src=\"https:\/\/dhg1h5j42swfq.cloudfront.net\/2019\/04\/14202806\/WhatsApp-Image-2019-04-14-at-19.29.46.jpeg\" alt=\"\" class=\"wp-image-254250\" width=\"203\" height=\"203\" srcset=\"https:\/\/dhg1h5j42swfq.cloudfront.net\/2019\/04\/14202806\/WhatsApp-Image-2019-04-14-at-19.29.46.jpeg 1054w, https:\/\/dhg1h5j42swfq.cloudfront.net\/2019\/04\/14202806\/WhatsApp-Image-2019-04-14-at-19.29.46.jpeg 150w, https:\/\/dhg1h5j42swfq.cloudfront.net\/2019\/04\/14202806\/WhatsApp-Image-2019-04-14-at-19.29.46.jpeg 300w, https:\/\/dhg1h5j42swfq.cloudfront.net\/2019\/04\/14202806\/WhatsApp-Image-2019-04-14-at-19.29.46.jpeg 768w, https:\/\/dhg1h5j42swfq.cloudfront.net\/2019\/04\/14202806\/WhatsApp-Image-2019-04-14-at-19.29.46.jpeg 1024w\" sizes=\"auto, (max-width: 203px) 100vw, 203px\" \/><\/figure><\/div>\n\n\n<p><!--EndFragment--><\/p>\n<p><!--EndFragment--><\/p>","protected":false},"excerpt":{"rendered":"<p>Gabarito TRF 4 Seguran\u00e7a e Transportes [RECURSOS] Ol\u00e1, amigos! Para quem n\u00e3o me conhece ainda, meu nome \u00e9 Marcos Gir\u00e3o e sou professor aqui do Estrat\u00e9gia Concursos, lecionando as disciplinas Leis Penais Especiais, Legisla\u00e7\u00e3o de Tr\u00e2nsito, Legisla\u00e7\u00e3o Espec\u00edfica e Seguran\u00e7a Corporativa para Concursos P\u00fablicos. Para o concurso TRF 4\u00aa REGI\u00c3O 2019, fiquei respons\u00e1vel por ministrar [&hellip;]<\/p>\n","protected":false},"author":248,"featured_media":0,"comment_status":"open","ping_status":"closed","sticky":false,"template":"","format":"standard","meta":{"post_tipo":"article","footnotes":""},"categories":[1],"tags":[],"tax_estado":[],"class_list":["post-406410","post","type-post","status-publish","format-standard","hentry","category-cursos-e-concursos"],"acf":[],"yoast_head":"<!-- This site is optimized with the Yoast SEO Premium plugin v27.2 (Yoast SEO v27.2) - https:\/\/yoast.com\/product\/yoast-seo-premium-wordpress\/ -->\n<title>Gabarito TRF 4 Seguran\u00e7a e Transportes [RECURSOS]<\/title>\n<meta name=\"robots\" content=\"index, follow, max-snippet:-1, max-image-preview:large, max-video-preview:-1\" \/>\n<link rel=\"canonical\" href=\"https:\/\/www.estrategiaconcursos.com.br\/blog\/gabarito-trf-4-seguranca-e-transportes-recursos\/\" \/>\n<meta property=\"og:locale\" content=\"pt_BR\" \/>\n<meta property=\"og:type\" content=\"article\" \/>\n<meta property=\"og:title\" content=\"Gabarito TRF 4 Seguran\u00e7a e Transportes [RECURSOS]\" \/>\n<meta property=\"og:description\" content=\"Gabarito TRF 4 Seguran\u00e7a e Transportes [RECURSOS] Ol\u00e1, amigos! Para quem n\u00e3o me conhece ainda, meu nome \u00e9 Marcos Gir\u00e3o e sou professor aqui do Estrat\u00e9gia Concursos, lecionando as disciplinas Leis Penais Especiais, Legisla\u00e7\u00e3o de Tr\u00e2nsito, Legisla\u00e7\u00e3o Espec\u00edfica e Seguran\u00e7a Corporativa para Concursos P\u00fablicos. Para o concurso TRF 4\u00aa REGI\u00c3O 2019, fiquei respons\u00e1vel por ministrar [&hellip;]\" \/>\n<meta property=\"og:url\" content=\"https:\/\/www.estrategiaconcursos.com.br\/blog\/gabarito-trf-4-seguranca-e-transportes-recursos\/\" \/>\n<meta property=\"og:site_name\" content=\"Estrat\u00e9gia Concursos\" \/>\n<meta property=\"article:published_time\" content=\"2019-08-06T09:50:12+00:00\" \/>\n<meta property=\"article:modified_time\" content=\"2019-11-08T19:39:44+00:00\" \/>\n<meta property=\"og:image\" content=\"https:\/\/www.estrategiaconcursos.com.br\/blog\/wp-content\/uploads\/2019\/04\/WhatsApp-Image-2019-04-14-at-19.29.46-1024x1024.jpeg\" \/>\n<meta name=\"author\" content=\"Marcos Gir\u00e3o\" \/>\n<meta name=\"twitter:card\" content=\"summary_large_image\" \/>\n<meta name=\"twitter:creator\" content=\"@EstratConcursos\" \/>\n<meta name=\"twitter:site\" content=\"@EstratConcursos\" \/>\n<meta name=\"twitter:label1\" content=\"Escrito por\" \/>\n\t<meta name=\"twitter:data1\" content=\"Marcos Gir\u00e3o\" \/>\n\t<meta name=\"twitter:label2\" content=\"Est. tempo de leitura\" \/>\n\t<meta name=\"twitter:data2\" content=\"9 minutos\" \/>\n<script type=\"application\/ld+json\" class=\"yoast-schema-graph\">{\"@context\":\"https:\/\/schema.org\",\"@graph\":[{\"@type\":\"NewsArticle\",\"@id\":\"https:\/\/www.estrategiaconcursos.com.br\/blog\/gabarito-trf-4-seguranca-e-transportes-recursos\/#article\",\"isPartOf\":{\"@id\":\"https:\/\/www.estrategiaconcursos.com.br\/blog\/gabarito-trf-4-seguranca-e-transportes-recursos\/\"},\"author\":{\"name\":\"Marcos Gir\u00e3o\",\"@id\":\"https:\/\/www.estrategiaconcursos.com.br\/blog\/#\/schema\/person\/6be195b7a02a8ca214472b848686bb37\"},\"headline\":\"Gabarito TRF 4 Seguran\u00e7a e Transportes [RECURSOS]\",\"datePublished\":\"2019-08-06T09:50:12+00:00\",\"dateModified\":\"2019-11-08T19:39:44+00:00\",\"mainEntityOfPage\":{\"@id\":\"https:\/\/www.estrategiaconcursos.com.br\/blog\/gabarito-trf-4-seguranca-e-transportes-recursos\/\"},\"wordCount\":1904,\"commentCount\":19,\"publisher\":{\"@id\":\"https:\/\/www.estrategiaconcursos.com.br\/blog\/#organization\"},\"image\":{\"@id\":\"https:\/\/www.estrategiaconcursos.com.br\/blog\/gabarito-trf-4-seguranca-e-transportes-recursos\/#primaryimage\"},\"thumbnailUrl\":\"https:\/\/www.estrategiaconcursos.com.br\/blog\/wp-content\/uploads\/2019\/04\/WhatsApp-Image-2019-04-14-at-19.29.46-1024x1024.jpeg\",\"articleSection\":[\"Concursos P\u00fablicos\"],\"inLanguage\":\"pt-BR\",\"potentialAction\":[{\"@type\":\"CommentAction\",\"name\":\"Comment\",\"target\":[\"https:\/\/www.estrategiaconcursos.com.br\/blog\/gabarito-trf-4-seguranca-e-transportes-recursos\/#respond\"]}],\"copyrightYear\":\"2019\",\"copyrightHolder\":{\"@id\":\"https:\/\/www.estrategiaconcursos.com.br\/blog\/#organization\"}},{\"@type\":\"WebPage\",\"@id\":\"https:\/\/www.estrategiaconcursos.com.br\/blog\/gabarito-trf-4-seguranca-e-transportes-recursos\/\",\"url\":\"https:\/\/www.estrategiaconcursos.com.br\/blog\/gabarito-trf-4-seguranca-e-transportes-recursos\/\",\"name\":\"Gabarito TRF 4 Seguran\u00e7a e Transportes [RECURSOS]\",\"isPartOf\":{\"@id\":\"https:\/\/www.estrategiaconcursos.com.br\/blog\/#website\"},\"primaryImageOfPage\":{\"@id\":\"https:\/\/www.estrategiaconcursos.com.br\/blog\/gabarito-trf-4-seguranca-e-transportes-recursos\/#primaryimage\"},\"image\":{\"@id\":\"https:\/\/www.estrategiaconcursos.com.br\/blog\/gabarito-trf-4-seguranca-e-transportes-recursos\/#primaryimage\"},\"thumbnailUrl\":\"https:\/\/www.estrategiaconcursos.com.br\/blog\/wp-content\/uploads\/2019\/04\/WhatsApp-Image-2019-04-14-at-19.29.46-1024x1024.jpeg\",\"datePublished\":\"2019-08-06T09:50:12+00:00\",\"dateModified\":\"2019-11-08T19:39:44+00:00\",\"breadcrumb\":{\"@id\":\"https:\/\/www.estrategiaconcursos.com.br\/blog\/gabarito-trf-4-seguranca-e-transportes-recursos\/#breadcrumb\"},\"inLanguage\":\"pt-BR\",\"potentialAction\":[{\"@type\":\"ReadAction\",\"target\":[\"https:\/\/www.estrategiaconcursos.com.br\/blog\/gabarito-trf-4-seguranca-e-transportes-recursos\/\"]}]},{\"@type\":\"ImageObject\",\"inLanguage\":\"pt-BR\",\"@id\":\"https:\/\/www.estrategiaconcursos.com.br\/blog\/gabarito-trf-4-seguranca-e-transportes-recursos\/#primaryimage\",\"url\":\"https:\/\/www.estrategiaconcursos.com.br\/blog\/wp-content\/uploads\/2019\/04\/WhatsApp-Image-2019-04-14-at-19.29.46-1024x1024.jpeg\",\"contentUrl\":\"https:\/\/www.estrategiaconcursos.com.br\/blog\/wp-content\/uploads\/2019\/04\/WhatsApp-Image-2019-04-14-at-19.29.46-1024x1024.jpeg\"},{\"@type\":\"BreadcrumbList\",\"@id\":\"https:\/\/www.estrategiaconcursos.com.br\/blog\/gabarito-trf-4-seguranca-e-transportes-recursos\/#breadcrumb\",\"itemListElement\":[{\"@type\":\"ListItem\",\"position\":1,\"name\":\"In\u00edcio\",\"item\":\"https:\/\/www.estrategiaconcursos.com.br\/blog\/\"},{\"@type\":\"ListItem\",\"position\":2,\"name\":\"Gabarito TRF 4 Seguran\u00e7a e Transportes [RECURSOS]\"}]},{\"@type\":\"WebSite\",\"@id\":\"https:\/\/www.estrategiaconcursos.com.br\/blog\/#website\",\"url\":\"https:\/\/www.estrategiaconcursos.com.br\/blog\/\",\"name\":\"Estrat\u00e9gia Concursos\",\"description\":\"O blog da Estrat\u00e9gia Concursos traz not\u00edcias sobre concursos e artigos de professores oferecendo cursos para concursos (pdf + videaulas) no site.\",\"publisher\":{\"@id\":\"https:\/\/www.estrategiaconcursos.com.br\/blog\/#organization\"},\"potentialAction\":[{\"@type\":\"SearchAction\",\"target\":{\"@type\":\"EntryPoint\",\"urlTemplate\":\"https:\/\/www.estrategiaconcursos.com.br\/blog\/?s={search_term_string}\"},\"query-input\":{\"@type\":\"PropertyValueSpecification\",\"valueRequired\":true,\"valueName\":\"search_term_string\"}}],\"inLanguage\":\"pt-BR\"},{\"@type\":\"Organization\",\"@id\":\"https:\/\/www.estrategiaconcursos.com.br\/blog\/#organization\",\"name\":\"Estrat\u00e9gia Concursos\",\"url\":\"https:\/\/www.estrategiaconcursos.com.br\/blog\/\",\"logo\":{\"@type\":\"ImageObject\",\"inLanguage\":\"pt-BR\",\"@id\":\"https:\/\/www.estrategiaconcursos.com.br\/blog\/#\/schema\/logo\/image\/\",\"url\":\"https:\/\/dhg1h5j42swfq.cloudfront.net\/2025\/06\/03203428\/logo_concursos-1.jpg\",\"contentUrl\":\"https:\/\/dhg1h5j42swfq.cloudfront.net\/2025\/06\/03203428\/logo_concursos-1.jpg\",\"width\":230,\"height\":60,\"caption\":\"Estrat\u00e9gia Concursos\"},\"image\":{\"@id\":\"https:\/\/www.estrategiaconcursos.com.br\/blog\/#\/schema\/logo\/image\/\"},\"sameAs\":[\"https:\/\/x.com\/EstratConcursos\"]},{\"@type\":\"Person\",\"@id\":\"https:\/\/www.estrategiaconcursos.com.br\/blog\/#\/schema\/person\/6be195b7a02a8ca214472b848686bb37\",\"name\":\"Marcos Gir\u00e3o\",\"image\":{\"@type\":\"ImageObject\",\"inLanguage\":\"pt-BR\",\"@id\":\"https:\/\/secure.gravatar.com\/avatar\/ac5b9a36e2c99a8280e07b5763e3b764471d5b861c47521bfd2edffdfbb06fbd?s=96&d=mm&r=g\",\"url\":\"https:\/\/secure.gravatar.com\/avatar\/ac5b9a36e2c99a8280e07b5763e3b764471d5b861c47521bfd2edffdfbb06fbd?s=96&d=mm&r=g\",\"contentUrl\":\"https:\/\/secure.gravatar.com\/avatar\/ac5b9a36e2c99a8280e07b5763e3b764471d5b861c47521bfd2edffdfbb06fbd?s=96&d=mm&r=g\",\"caption\":\"Marcos Gir\u00e3o\"},\"url\":\"https:\/\/www.estrategiaconcursos.com.br\/blog\/author\/marcosgiraoestrategiaconcursos-com-br\/\"}]}<\/script>\n<!-- \/ Yoast SEO Premium plugin. -->","yoast_head_json":{"title":"Gabarito TRF 4 Seguran\u00e7a e Transportes [RECURSOS]","robots":{"index":"index","follow":"follow","max-snippet":"max-snippet:-1","max-image-preview":"max-image-preview:large","max-video-preview":"max-video-preview:-1"},"canonical":"https:\/\/www.estrategiaconcursos.com.br\/blog\/gabarito-trf-4-seguranca-e-transportes-recursos\/","og_locale":"pt_BR","og_type":"article","og_title":"Gabarito TRF 4 Seguran\u00e7a e Transportes [RECURSOS]","og_description":"Gabarito TRF 4 Seguran\u00e7a e Transportes [RECURSOS] Ol\u00e1, amigos! Para quem n\u00e3o me conhece ainda, meu nome \u00e9 Marcos Gir\u00e3o e sou professor aqui do Estrat\u00e9gia Concursos, lecionando as disciplinas Leis Penais Especiais, Legisla\u00e7\u00e3o de Tr\u00e2nsito, Legisla\u00e7\u00e3o Espec\u00edfica e Seguran\u00e7a Corporativa para Concursos P\u00fablicos. Para o concurso TRF 4\u00aa REGI\u00c3O 2019, fiquei respons\u00e1vel por ministrar [&hellip;]","og_url":"https:\/\/www.estrategiaconcursos.com.br\/blog\/gabarito-trf-4-seguranca-e-transportes-recursos\/","og_site_name":"Estrat\u00e9gia Concursos","article_published_time":"2019-08-06T09:50:12+00:00","article_modified_time":"2019-11-08T19:39:44+00:00","og_image":[{"url":"https:\/\/www.estrategiaconcursos.com.br\/blog\/wp-content\/uploads\/2019\/04\/WhatsApp-Image-2019-04-14-at-19.29.46-1024x1024.jpeg","type":"","width":"","height":""}],"author":"Marcos Gir\u00e3o","twitter_card":"summary_large_image","twitter_creator":"@EstratConcursos","twitter_site":"@EstratConcursos","twitter_misc":{"Escrito por":"Marcos Gir\u00e3o","Est. tempo de leitura":"9 minutos"},"schema":{"@context":"https:\/\/schema.org","@graph":[{"@type":"NewsArticle","@id":"https:\/\/www.estrategiaconcursos.com.br\/blog\/gabarito-trf-4-seguranca-e-transportes-recursos\/#article","isPartOf":{"@id":"https:\/\/www.estrategiaconcursos.com.br\/blog\/gabarito-trf-4-seguranca-e-transportes-recursos\/"},"author":{"name":"Marcos Gir\u00e3o","@id":"https:\/\/www.estrategiaconcursos.com.br\/blog\/#\/schema\/person\/6be195b7a02a8ca214472b848686bb37"},"headline":"Gabarito TRF 4 Seguran\u00e7a e Transportes [RECURSOS]","datePublished":"2019-08-06T09:50:12+00:00","dateModified":"2019-11-08T19:39:44+00:00","mainEntityOfPage":{"@id":"https:\/\/www.estrategiaconcursos.com.br\/blog\/gabarito-trf-4-seguranca-e-transportes-recursos\/"},"wordCount":1904,"commentCount":19,"publisher":{"@id":"https:\/\/www.estrategiaconcursos.com.br\/blog\/#organization"},"image":{"@id":"https:\/\/www.estrategiaconcursos.com.br\/blog\/gabarito-trf-4-seguranca-e-transportes-recursos\/#primaryimage"},"thumbnailUrl":"https:\/\/www.estrategiaconcursos.com.br\/blog\/wp-content\/uploads\/2019\/04\/WhatsApp-Image-2019-04-14-at-19.29.46-1024x1024.jpeg","articleSection":["Concursos P\u00fablicos"],"inLanguage":"pt-BR","potentialAction":[{"@type":"CommentAction","name":"Comment","target":["https:\/\/www.estrategiaconcursos.com.br\/blog\/gabarito-trf-4-seguranca-e-transportes-recursos\/#respond"]}],"copyrightYear":"2019","copyrightHolder":{"@id":"https:\/\/www.estrategiaconcursos.com.br\/blog\/#organization"}},{"@type":"WebPage","@id":"https:\/\/www.estrategiaconcursos.com.br\/blog\/gabarito-trf-4-seguranca-e-transportes-recursos\/","url":"https:\/\/www.estrategiaconcursos.com.br\/blog\/gabarito-trf-4-seguranca-e-transportes-recursos\/","name":"Gabarito TRF 4 Seguran\u00e7a e Transportes [RECURSOS]","isPartOf":{"@id":"https:\/\/www.estrategiaconcursos.com.br\/blog\/#website"},"primaryImageOfPage":{"@id":"https:\/\/www.estrategiaconcursos.com.br\/blog\/gabarito-trf-4-seguranca-e-transportes-recursos\/#primaryimage"},"image":{"@id":"https:\/\/www.estrategiaconcursos.com.br\/blog\/gabarito-trf-4-seguranca-e-transportes-recursos\/#primaryimage"},"thumbnailUrl":"https:\/\/www.estrategiaconcursos.com.br\/blog\/wp-content\/uploads\/2019\/04\/WhatsApp-Image-2019-04-14-at-19.29.46-1024x1024.jpeg","datePublished":"2019-08-06T09:50:12+00:00","dateModified":"2019-11-08T19:39:44+00:00","breadcrumb":{"@id":"https:\/\/www.estrategiaconcursos.com.br\/blog\/gabarito-trf-4-seguranca-e-transportes-recursos\/#breadcrumb"},"inLanguage":"pt-BR","potentialAction":[{"@type":"ReadAction","target":["https:\/\/www.estrategiaconcursos.com.br\/blog\/gabarito-trf-4-seguranca-e-transportes-recursos\/"]}]},{"@type":"ImageObject","inLanguage":"pt-BR","@id":"https:\/\/www.estrategiaconcursos.com.br\/blog\/gabarito-trf-4-seguranca-e-transportes-recursos\/#primaryimage","url":"https:\/\/www.estrategiaconcursos.com.br\/blog\/wp-content\/uploads\/2019\/04\/WhatsApp-Image-2019-04-14-at-19.29.46-1024x1024.jpeg","contentUrl":"https:\/\/www.estrategiaconcursos.com.br\/blog\/wp-content\/uploads\/2019\/04\/WhatsApp-Image-2019-04-14-at-19.29.46-1024x1024.jpeg"},{"@type":"BreadcrumbList","@id":"https:\/\/www.estrategiaconcursos.com.br\/blog\/gabarito-trf-4-seguranca-e-transportes-recursos\/#breadcrumb","itemListElement":[{"@type":"ListItem","position":1,"name":"In\u00edcio","item":"https:\/\/www.estrategiaconcursos.com.br\/blog\/"},{"@type":"ListItem","position":2,"name":"Gabarito TRF 4 Seguran\u00e7a e Transportes [RECURSOS]"}]},{"@type":"WebSite","@id":"https:\/\/www.estrategiaconcursos.com.br\/blog\/#website","url":"https:\/\/www.estrategiaconcursos.com.br\/blog\/","name":"Estrat\u00e9gia Concursos","description":"O blog da Estrat\u00e9gia Concursos traz not\u00edcias sobre concursos e artigos de professores oferecendo cursos para concursos (pdf + videaulas) no site.","publisher":{"@id":"https:\/\/www.estrategiaconcursos.com.br\/blog\/#organization"},"potentialAction":[{"@type":"SearchAction","target":{"@type":"EntryPoint","urlTemplate":"https:\/\/www.estrategiaconcursos.com.br\/blog\/?s={search_term_string}"},"query-input":{"@type":"PropertyValueSpecification","valueRequired":true,"valueName":"search_term_string"}}],"inLanguage":"pt-BR"},{"@type":"Organization","@id":"https:\/\/www.estrategiaconcursos.com.br\/blog\/#organization","name":"Estrat\u00e9gia Concursos","url":"https:\/\/www.estrategiaconcursos.com.br\/blog\/","logo":{"@type":"ImageObject","inLanguage":"pt-BR","@id":"https:\/\/www.estrategiaconcursos.com.br\/blog\/#\/schema\/logo\/image\/","url":"https:\/\/dhg1h5j42swfq.cloudfront.net\/2025\/06\/03203428\/logo_concursos-1.jpg","contentUrl":"https:\/\/dhg1h5j42swfq.cloudfront.net\/2025\/06\/03203428\/logo_concursos-1.jpg","width":230,"height":60,"caption":"Estrat\u00e9gia Concursos"},"image":{"@id":"https:\/\/www.estrategiaconcursos.com.br\/blog\/#\/schema\/logo\/image\/"},"sameAs":["https:\/\/x.com\/EstratConcursos"]},{"@type":"Person","@id":"https:\/\/www.estrategiaconcursos.com.br\/blog\/#\/schema\/person\/6be195b7a02a8ca214472b848686bb37","name":"Marcos Gir\u00e3o","image":{"@type":"ImageObject","inLanguage":"pt-BR","@id":"https:\/\/secure.gravatar.com\/avatar\/ac5b9a36e2c99a8280e07b5763e3b764471d5b861c47521bfd2edffdfbb06fbd?s=96&d=mm&r=g","url":"https:\/\/secure.gravatar.com\/avatar\/ac5b9a36e2c99a8280e07b5763e3b764471d5b861c47521bfd2edffdfbb06fbd?s=96&d=mm&r=g","contentUrl":"https:\/\/secure.gravatar.com\/avatar\/ac5b9a36e2c99a8280e07b5763e3b764471d5b861c47521bfd2edffdfbb06fbd?s=96&d=mm&r=g","caption":"Marcos Gir\u00e3o"},"url":"https:\/\/www.estrategiaconcursos.com.br\/blog\/author\/marcosgiraoestrategiaconcursos-com-br\/"}]}},"_links":{"self":[{"href":"https:\/\/www.estrategiaconcursos.com.br\/blog\/wp-json\/wp\/v2\/posts\/406410","targetHints":{"allow":["GET"]}}],"collection":[{"href":"https:\/\/www.estrategiaconcursos.com.br\/blog\/wp-json\/wp\/v2\/posts"}],"about":[{"href":"https:\/\/www.estrategiaconcursos.com.br\/blog\/wp-json\/wp\/v2\/types\/post"}],"author":[{"embeddable":true,"href":"https:\/\/www.estrategiaconcursos.com.br\/blog\/wp-json\/wp\/v2\/users\/248"}],"replies":[{"embeddable":true,"href":"https:\/\/www.estrategiaconcursos.com.br\/blog\/wp-json\/wp\/v2\/comments?post=406410"}],"version-history":[{"count":11,"href":"https:\/\/www.estrategiaconcursos.com.br\/blog\/wp-json\/wp\/v2\/posts\/406410\/revisions"}],"predecessor-version":[{"id":406430,"href":"https:\/\/www.estrategiaconcursos.com.br\/blog\/wp-json\/wp\/v2\/posts\/406410\/revisions\/406430"}],"wp:attachment":[{"href":"https:\/\/www.estrategiaconcursos.com.br\/blog\/wp-json\/wp\/v2\/media?parent=406410"}],"wp:term":[{"taxonomy":"category","embeddable":true,"href":"https:\/\/www.estrategiaconcursos.com.br\/blog\/wp-json\/wp\/v2\/categories?post=406410"},{"taxonomy":"post_tag","embeddable":true,"href":"https:\/\/www.estrategiaconcursos.com.br\/blog\/wp-json\/wp\/v2\/tags?post=406410"},{"taxonomy":"tax_estado","embeddable":true,"href":"https:\/\/www.estrategiaconcursos.com.br\/blog\/wp-json\/wp\/v2\/tax_estado?post=406410"}],"curies":[{"name":"wp","href":"https:\/\/api.w.org\/{rel}","templated":true}]}}