{"id":406394,"date":"2019-08-06T13:19:19","date_gmt":"2019-08-06T16:19:19","guid":{"rendered":"https:\/\/www.estrategiaconcursos.com.br\/blog\/?p=406394"},"modified":"2019-08-06T13:19:20","modified_gmt":"2019-08-06T16:19:20","slug":"trf4-comentarios-pmbok-e-itil-analista-sistemas","status":"publish","type":"post","link":"https:\/\/www.estrategiaconcursos.com.br\/blog\/trf4-comentarios-pmbok-e-itil-analista-sistemas\/","title":{"rendered":"TRF4 \u2013 Coment\u00e1rios PMBOK e ITIL \u2013 Analista &#8211; Sistemas"},"content":{"rendered":"<p>Ol\u00e1 galera! Agora as quest\u00f5es do TRF para \u00e1rea de sistemas. Prova 004 &#8211; Tipo 01.<\/p>\n<p>28. Suponha que o TRF4 esteja migrando, em rela\u00e7\u00e3o aos projetos, de uma organiza\u00e7\u00e3o do tipo 1 para do tipo 2. No tipo 1, atual, h\u00e1 apenas uma coordena\u00e7\u00e3o geral, cada funcion\u00e1rio possui um superior bem definido e cada departamento realiza o seu trabalho do projeto de modo independente dos outros departamentos. No tipo 2, haver\u00e1 um chefe dos gerentes de projeto, com autoridade consider\u00e1vel, que coordenar\u00e1 outros gerentes de projeto de tempo integral, al\u00e9m de haver pessoal administrativo de tempo integral trabalhando nos projetos. De acordo com o PMBOK 5a edi\u00e7\u00e3o, os tipos 1 e 2 s\u00e3o, correta e respectivamente, estrutura organizacional<br \/>\n(A) matricial fraca e projetizada balanceada.<br \/>\n(B) funcional fraca e funcional projetizada.<br \/>\n(C) funcional cl\u00e1ssica e matricial forte.<br \/>\n(D) matricial balanceada e matricial forte.<br \/>\n(E) matricial funcional e matricial projetizada.<\/p>\n<p><span style=\"color: #003366\"><strong>Coment\u00e1rios:<\/strong><\/span> PessoALL&#8230; considerando o PMBOK 5\u00aa Ed temos apenas:<\/p>\n<p style=\"padding-left: 40px\">\u2022 Funcional &#8211; A empresa \u00e9 organizada por fun\u00e7\u00f5es e cada colaborador tem um chefe imediato, seja ele um coordenador, supervisor, gerente, etc. dependendo do n\u00edvel hier\u00e1rquico.<br \/>\n\u2022 Matricial &#8211; A empresa \u00e9 organizada tanto por fun\u00e7\u00f5es quanto por projetos, e onde cada colaborador pode responder tanto para um chefe funcional, quanto para um ou mais gerentes de projetos. Este \u201cmodelo\u201d se subdivide em matricial fraca, moderada e forte.<br \/>\n\u2022 Projetizada (ou por projetos) &#8211; A empresa \u00e9 organizada por projetos, muito comum em empresas como consultorias e empresas de engenharia que tem como o neg\u00f3cio principal, os projetos<\/p>\n<p>Percebam que n\u00e3o existe \u201cprojetizada balanceada\u201d (eliminamos a alternativa A). Tamb\u00e9m n\u00e3o existe \u201cfuncional fraca\u201d nem \u201cfuncional projetizada\u201d (eliminamos a alternativa B). N\u00e3o existe \u201cmatricial projetizada\u201d (eliminamos a alternativa E).<br \/>\nFicamos ent\u00e3o entre as alternativas C e D. Desta maneira, j\u00e1 sabemos que a estrutura tipo 2 mencionada no comando da quest\u00e3o \u00e9 um matricial forte. Para corroborar isso, devo lembra-los que na nossa aula vimos o seguinte diagrama:<\/p>\n<p><img loading=\"lazy\" decoding=\"async\" class=\"alignnone  wp-image-406651\" src=\"https:\/\/dhg1h5j42swfq.cloudfront.net\/2019\/08\/06130919\/pmbok2.jpg\" alt=\"\" width=\"455\" height=\"241\" srcset=\"https:\/\/dhg1h5j42swfq.cloudfront.net\/2019\/08\/06130919\/pmbok2.jpg 1034w, https:\/\/dhg1h5j42swfq.cloudfront.net\/2019\/08\/06130919\/pmbok2.jpg 300w, https:\/\/dhg1h5j42swfq.cloudfront.net\/2019\/08\/06130919\/pmbok2.jpg 768w, https:\/\/dhg1h5j42swfq.cloudfront.net\/2019\/08\/06130919\/pmbok2.jpg 1024w, https:\/\/dhg1h5j42swfq.cloudfront.net\/2019\/08\/06130919\/pmbok2.jpg 610w\" sizes=\"auto, (max-width: 455px) 100vw, 455px\" \/><\/p>\n<p>Galera&#8230; eu falei pra voc\u00eas que na estrutura matricial forte, temos muitas das caracter\u00edsticas da organiza\u00e7\u00e3o projetizada, e gerentes de projeto de tempo integral com autoridade consider\u00e1vel e pessoal administrativo de tempo integral trabalhando no projeto. Percebam que aqui o gerente de projetos n\u00e3o responde a nenhum gerente funcional, mas sim a chefe dos gerentes de projetos.<\/p>\n<p>Agora precisamos saber se a estrutura do tipo 1 \u00e9 funcional cl\u00e1ssica ou matricial balanceada! Neste sentido, falamos tamb\u00e9m que na funcional cl\u00e1ssica temos departamentos muito bem definidos e os projetos em geral s\u00e3o gerenciados pelos gerentes funcionais que que acumulam esta fun\u00e7\u00e3o e vimos a seguinte figura:<\/p>\n<p><img loading=\"lazy\" decoding=\"async\" class=\"alignnone  wp-image-406651\" src=\"https:\/\/dhg1h5j42swfq.cloudfront.net\/2019\/08\/06130919\/pmbok2.jpg\" alt=\"\" width=\"468\" height=\"248\" srcset=\"https:\/\/dhg1h5j42swfq.cloudfront.net\/2019\/08\/06130919\/pmbok2.jpg 1034w, https:\/\/dhg1h5j42swfq.cloudfront.net\/2019\/08\/06130919\/pmbok2.jpg 300w, https:\/\/dhg1h5j42swfq.cloudfront.net\/2019\/08\/06130919\/pmbok2.jpg 768w, https:\/\/dhg1h5j42swfq.cloudfront.net\/2019\/08\/06130919\/pmbok2.jpg 1024w, https:\/\/dhg1h5j42swfq.cloudfront.net\/2019\/08\/06130919\/pmbok2.jpg 610w\" sizes=\"auto, (max-width: 468px) 100vw, 468px\" \/><\/p>\n<p>Lembrando disso, sabemos que o <strong>gabarito da quest\u00e3o \u00e9 a letra C<\/strong>.<\/p>\n<p>29. Considere o gr\u00e1fico abaixo.<\/p>\n<p><img loading=\"lazy\" decoding=\"async\" class=\"alignnone  wp-image-406654\" src=\"https:\/\/dhg1h5j42swfq.cloudfront.net\/2019\/08\/06131147\/pmbok6.jpg\" alt=\"\" width=\"538\" height=\"323\" srcset=\"https:\/\/dhg1h5j42swfq.cloudfront.net\/2019\/08\/06131147\/pmbok6.jpg 675w, https:\/\/dhg1h5j42swfq.cloudfront.net\/2019\/08\/06131147\/pmbok6.jpg 300w\" sizes=\"auto, (max-width: 538px) 100vw, 538px\" \/><\/p>\n<p>De acordo com o PMBOK 5a edi\u00e7\u00e3o,<br \/>\n(A) os n\u00edveis de custo (caixa I) s\u00e3o altos no in\u00edcio, atingem um valor m\u00e1ximo enquanto o projeto \u00e9 executado e caem rapidamente conforme o projeto \u00e9 finalizado.<br \/>\n(B) os n\u00edveis de custo de pessoal (caixa II) s\u00e3o baixos no in\u00edcio, atingem um valor m\u00ednimo enquanto o projeto \u00e9 executado e sobem rapidamente conforme o projeto \u00e9 finalizado.<br \/>\n(C) o gr\u00e1fico se refere aos ciclos de vida de adaptativos, que s\u00e3o desenvolvidos com o intuito de manter o grau de influ\u00eancia dos stakeholders mais baixo e os custos das mudan\u00e7as mais altos do que nos ciclos de vida previs\u00edveis, ao longo de todo o ciclo de vida do projeto.<br \/>\n(D) os riscos e incertezas (caixa I) s\u00e3o maiores no in\u00edcio do projeto e esses fatores diminuem ao longo da vida do projeto \u00e0 medida que as decis\u00f5es s\u00e3o tomadas e as entregas s\u00e3o aceitas.<br \/>\n(E) os custos das mudan\u00e7as e corre\u00e7\u00f5es de erros (caixa I) geralmente diminuem significativamente \u00e0 medida que o projeto se aproxima do t\u00e9rmino.<\/p>\n<p><span style=\"color: #003366\"><strong>Coment\u00e1rios:<\/strong><\/span> Quest\u00e3o relativamente tranquila. O examinador quase se complicou na alternativa A, mas precisamos interpretar o comando da quest\u00e3o como um todo, inclusive o gr\u00e1fico apresentado.<\/p>\n<p><img loading=\"lazy\" decoding=\"async\" class=\"alignnone  wp-image-406652\" src=\"https:\/\/dhg1h5j42swfq.cloudfront.net\/2019\/08\/06131015\/pmbok4.jpg\" alt=\"\" width=\"511\" height=\"276\" srcset=\"https:\/\/dhg1h5j42swfq.cloudfront.net\/2019\/08\/06131015\/pmbok4.jpg 818w, https:\/\/dhg1h5j42swfq.cloudfront.net\/2019\/08\/06131015\/pmbok4.jpg 300w, https:\/\/dhg1h5j42swfq.cloudfront.net\/2019\/08\/06131015\/pmbok4.jpg 768w, https:\/\/dhg1h5j42swfq.cloudfront.net\/2019\/08\/06131015\/pmbok4.jpg 610w\" sizes=\"auto, (max-width: 511px) 100vw, 511px\" \/><\/p>\n<p>Pessoal, os riscos e a incertezas caem com o passar do tempo em um projeto&#8230; o escopo vai \u201ctomando forma\u201d, as premissas v\u00e3o se confirmando&#8230; Imaginem o projeto \u201cClube no Domingo\u201d. J\u00e1 na ter\u00e7a-feira voc\u00ea marca com a fam\u00edlia um lindo passeio no clube, com direito a churrasco num domingo ensolarado. Bom&#8230; primeiro, voc\u00ea precisa reservar uma churrasqueira (incerteza), mas o clube s\u00f3 aceita as reservas a partir de quinta-feira. O tempo passa&#8230; chega quinta-feira e voc\u00ea consegue reservar a churrasqueira. Concordamos que nesse momento, o grau de risco e incerteza do seu projeto diminuiu? \u00d3timo! <strong>Gabarito letra D.<\/strong><\/p>\n<p>36. A fim de realizar alguns testes para preparar um relat\u00f3rio gerencial, um Analista necessitava obter informa\u00e7\u00f5es e m\u00eddias f\u00edsicas contendo os itens de configura\u00e7\u00e3o de alguns softwares, bem como suas licen\u00e7as e documenta\u00e7\u00e3o, cuja fonte fosse uma vers\u00e3o definitiva, autorizada e estivesse armazenada de modo seguro. Conhecedor da ITIL v3 adotada na organiza\u00e7\u00e3o, ele localizou facilmente essas informa\u00e7\u00f5es e m um ambiente espec\u00edfico denominado<br \/>\n(A) biblioteca de m\u00eddia definitiva.<br \/>\n(B) portf\u00f3lio de projeto.<br \/>\n(C) cat\u00e1logo de servi\u00e7os.<br \/>\n(D) base de conhecimento.<br \/>\n(E) funil de servi\u00e7o.<\/p>\n<p><span style=\"color: #003366\"><strong>Coment\u00e1rios:<\/strong> <\/span>Essa deve ter pego um bocado de gente&#8230; e o examinador poderia ter sido \u201cmais mau\u201d se tivesse colocado \u201cBase de Conhecimento\u201d na letra A. Isso porque n\u00e3o acho que todos os(as) candidatos(as) lembraram que o \u201cDefinitive Media Library \u2013 DML\u201d ou \u201cBiblioteca de M\u00eddia Definitiva \u2013 BMD\u201d que armazena, de modo seguro, c\u00f3pias-mestre de vers\u00f5es autorizadas e definitivas de itens de configura\u00e7\u00e3o (softwares). <strong>Gabarito letra A.<\/strong><\/p>\n<p>37. Suponha que um Analista do Tribunal Regional Federal da 4a Regi\u00e3o \u2013 TRF4 esteja atuando na gest\u00e3o da melhoria cont\u00ednua de servi\u00e7os. A fim de executar uma gest\u00e3o que garanta o sucesso, a manuten\u00e7\u00e3o e a evolu\u00e7\u00e3o positiva das melhorias conquistadas, ele vem realizando periodicamente uma atividade que deve ser praticada constantemente na ITIL v3. Essa atividade, que aborda o estudo e meios de preven\u00e7\u00e3o das amea\u00e7as e oportunidades externas, bem como a verifica\u00e7\u00e3o de medidas corretivas poss\u00edveis dos pontos fortes e fracos internos do Tribunal, \u00e9 conhecida como<br \/>\n(A) gest\u00e3o de tend\u00eancia.<br \/>\n(B) abordagem custo\/benef\u00edcio.<br \/>\n(C) gest\u00e3o de impacto no neg\u00f3cio.<br \/>\n(D) an\u00e1lise SWOT.<br \/>\n(E) an\u00e1lise AIFC.<\/p>\n<p><span style=\"color: #003366\"><strong>Coment\u00e1rios:<\/strong><\/span> Galera&#8230; falou em pontos fortes e fracos, amea\u00e7a e oportunidades, est\u00e1 falando de matriz SWOT (Strengths, Weaknesses, Opportunities &amp; Threats). <strong>Gabarito letra D.<\/strong><\/p>\n<p>\u00c9 isso pessoal&#8230; se a FCC n\u00e3o aprontar no gabarito preliminar, n\u00e3o teremos possibilidade de recursos.<\/p>\n<p>Ab\u00e7os e at\u00e9 a pr\u00f3xima!<br \/>\nF\u00e1bio Alves<br \/>\nInstagram: <em>@prof_fabioalves<\/em><\/p>\n","protected":false},"excerpt":{"rendered":"<p>Ol\u00e1 galera! Agora as quest\u00f5es do TRF para \u00e1rea de sistemas. Prova 004 &#8211; Tipo 01. 28. Suponha que o TRF4 esteja migrando, em rela\u00e7\u00e3o aos projetos, de uma organiza\u00e7\u00e3o do tipo 1 para do tipo 2. No tipo 1, atual, h\u00e1 apenas uma coordena\u00e7\u00e3o geral, cada funcion\u00e1rio possui um superior bem definido e cada [&hellip;]<\/p>\n","protected":false},"author":100,"featured_media":0,"comment_status":"open","ping_status":"closed","sticky":false,"template":"","format":"standard","meta":{"post_tipo":"article","footnotes":""},"categories":[1],"tags":[82190,1792,2202,105641,2149,2150,1365,2050],"tax_estado":[],"class_list":["post-406394","post","type-post","status-publish","format-standard","hentry","category-cursos-e-concursos","tag-concurso-trf4","tag-concurso-tribunais","tag-concursos-de-ti","tag-gestao-e-governanca-de-ti","tag-itil","tag-pmbok","tag-ti-para-tribunais","tag-trf4"],"acf":[],"yoast_head":"<!-- This site is optimized with the Yoast SEO Premium plugin v27.2 (Yoast SEO v27.2) - https:\/\/yoast.com\/product\/yoast-seo-premium-wordpress\/ -->\n<title>TRF4 \u2013 Coment\u00e1rios PMBOK e ITIL \u2013 Analista - Sistemas<\/title>\n<meta name=\"robots\" content=\"index, follow, max-snippet:-1, max-image-preview:large, max-video-preview:-1\" \/>\n<link rel=\"canonical\" href=\"https:\/\/www.estrategiaconcursos.com.br\/blog\/trf4-comentarios-pmbok-e-itil-analista-sistemas\/\" \/>\n<meta property=\"og:locale\" content=\"pt_BR\" \/>\n<meta property=\"og:type\" content=\"article\" \/>\n<meta property=\"og:title\" content=\"TRF4 \u2013 Coment\u00e1rios PMBOK e ITIL \u2013 Analista - Sistemas\" \/>\n<meta property=\"og:description\" content=\"Ol\u00e1 galera! Agora as quest\u00f5es do TRF para \u00e1rea de sistemas. Prova 004 &#8211; Tipo 01. 28. Suponha que o TRF4 esteja migrando, em rela\u00e7\u00e3o aos projetos, de uma organiza\u00e7\u00e3o do tipo 1 para do tipo 2. No tipo 1, atual, h\u00e1 apenas uma coordena\u00e7\u00e3o geral, cada funcion\u00e1rio possui um superior bem definido e cada [&hellip;]\" \/>\n<meta property=\"og:url\" content=\"https:\/\/www.estrategiaconcursos.com.br\/blog\/trf4-comentarios-pmbok-e-itil-analista-sistemas\/\" \/>\n<meta property=\"og:site_name\" content=\"Estrat\u00e9gia Concursos\" \/>\n<meta property=\"article:published_time\" content=\"2019-08-06T16:19:19+00:00\" \/>\n<meta property=\"article:modified_time\" content=\"2019-08-06T16:19:20+00:00\" \/>\n<meta property=\"og:image\" content=\"https:\/\/www.estrategiaconcursos.com.br\/blog\/wp-content\/uploads\/2019\/08\/pmbok2-300x159.jpg\" \/>\n<meta name=\"author\" content=\"F\u00e1bio Alves\" \/>\n<meta name=\"twitter:card\" content=\"summary_large_image\" \/>\n<meta name=\"twitter:creator\" content=\"@EstratConcursos\" \/>\n<meta name=\"twitter:site\" content=\"@EstratConcursos\" \/>\n<meta name=\"twitter:label1\" content=\"Escrito por\" \/>\n\t<meta name=\"twitter:data1\" content=\"F\u00e1bio Alves\" \/>\n\t<meta name=\"twitter:label2\" content=\"Est. tempo de leitura\" \/>\n\t<meta name=\"twitter:data2\" content=\"6 minutos\" \/>\n<script type=\"application\/ld+json\" class=\"yoast-schema-graph\">{\"@context\":\"https:\/\/schema.org\",\"@graph\":[{\"@type\":\"NewsArticle\",\"@id\":\"https:\/\/www.estrategiaconcursos.com.br\/blog\/trf4-comentarios-pmbok-e-itil-analista-sistemas\/#article\",\"isPartOf\":{\"@id\":\"https:\/\/www.estrategiaconcursos.com.br\/blog\/trf4-comentarios-pmbok-e-itil-analista-sistemas\/\"},\"author\":{\"name\":\"F\u00e1bio Alves\",\"@id\":\"https:\/\/www.estrategiaconcursos.com.br\/blog\/#\/schema\/person\/fd4e12a9213010d2228e6bc69b89b33a\"},\"headline\":\"TRF4 \u2013 Coment\u00e1rios PMBOK e ITIL \u2013 Analista &#8211; Sistemas\",\"datePublished\":\"2019-08-06T16:19:19+00:00\",\"dateModified\":\"2019-08-06T16:19:20+00:00\",\"mainEntityOfPage\":{\"@id\":\"https:\/\/www.estrategiaconcursos.com.br\/blog\/trf4-comentarios-pmbok-e-itil-analista-sistemas\/\"},\"wordCount\":1147,\"commentCount\":0,\"publisher\":{\"@id\":\"https:\/\/www.estrategiaconcursos.com.br\/blog\/#organization\"},\"image\":{\"@id\":\"https:\/\/www.estrategiaconcursos.com.br\/blog\/trf4-comentarios-pmbok-e-itil-analista-sistemas\/#primaryimage\"},\"thumbnailUrl\":\"https:\/\/www.estrategiaconcursos.com.br\/blog\/wp-content\/uploads\/2019\/08\/pmbok2-300x159.jpg\",\"keywords\":[\"Concurso TRF4\",\"concurso tribunais\",\"concursos de TI\",\"gest\u00e3o e governan\u00e7a de ti\",\"ITIL\",\"PMBOK\",\"TI para Tribunais\",\"TRF4\"],\"articleSection\":[\"Concursos P\u00fablicos\"],\"inLanguage\":\"pt-BR\",\"potentialAction\":[{\"@type\":\"CommentAction\",\"name\":\"Comment\",\"target\":[\"https:\/\/www.estrategiaconcursos.com.br\/blog\/trf4-comentarios-pmbok-e-itil-analista-sistemas\/#respond\"]}],\"copyrightYear\":\"2019\",\"copyrightHolder\":{\"@id\":\"https:\/\/www.estrategiaconcursos.com.br\/blog\/#organization\"}},{\"@type\":\"WebPage\",\"@id\":\"https:\/\/www.estrategiaconcursos.com.br\/blog\/trf4-comentarios-pmbok-e-itil-analista-sistemas\/\",\"url\":\"https:\/\/www.estrategiaconcursos.com.br\/blog\/trf4-comentarios-pmbok-e-itil-analista-sistemas\/\",\"name\":\"TRF4 \u2013 Coment\u00e1rios PMBOK e ITIL \u2013 Analista - Sistemas\",\"isPartOf\":{\"@id\":\"https:\/\/www.estrategiaconcursos.com.br\/blog\/#website\"},\"primaryImageOfPage\":{\"@id\":\"https:\/\/www.estrategiaconcursos.com.br\/blog\/trf4-comentarios-pmbok-e-itil-analista-sistemas\/#primaryimage\"},\"image\":{\"@id\":\"https:\/\/www.estrategiaconcursos.com.br\/blog\/trf4-comentarios-pmbok-e-itil-analista-sistemas\/#primaryimage\"},\"thumbnailUrl\":\"https:\/\/www.estrategiaconcursos.com.br\/blog\/wp-content\/uploads\/2019\/08\/pmbok2-300x159.jpg\",\"datePublished\":\"2019-08-06T16:19:19+00:00\",\"dateModified\":\"2019-08-06T16:19:20+00:00\",\"breadcrumb\":{\"@id\":\"https:\/\/www.estrategiaconcursos.com.br\/blog\/trf4-comentarios-pmbok-e-itil-analista-sistemas\/#breadcrumb\"},\"inLanguage\":\"pt-BR\",\"potentialAction\":[{\"@type\":\"ReadAction\",\"target\":[\"https:\/\/www.estrategiaconcursos.com.br\/blog\/trf4-comentarios-pmbok-e-itil-analista-sistemas\/\"]}]},{\"@type\":\"ImageObject\",\"inLanguage\":\"pt-BR\",\"@id\":\"https:\/\/www.estrategiaconcursos.com.br\/blog\/trf4-comentarios-pmbok-e-itil-analista-sistemas\/#primaryimage\",\"url\":\"https:\/\/dhg1h5j42swfq.cloudfront.net\/2019\/08\/06130919\/pmbok2.jpg\",\"contentUrl\":\"https:\/\/dhg1h5j42swfq.cloudfront.net\/2019\/08\/06130919\/pmbok2.jpg\",\"width\":1034,\"height\":548},{\"@type\":\"BreadcrumbList\",\"@id\":\"https:\/\/www.estrategiaconcursos.com.br\/blog\/trf4-comentarios-pmbok-e-itil-analista-sistemas\/#breadcrumb\",\"itemListElement\":[{\"@type\":\"ListItem\",\"position\":1,\"name\":\"In\u00edcio\",\"item\":\"https:\/\/www.estrategiaconcursos.com.br\/blog\/\"},{\"@type\":\"ListItem\",\"position\":2,\"name\":\"TRF4 \u2013 Coment\u00e1rios PMBOK e ITIL \u2013 Analista &#8211; Sistemas\"}]},{\"@type\":\"WebSite\",\"@id\":\"https:\/\/www.estrategiaconcursos.com.br\/blog\/#website\",\"url\":\"https:\/\/www.estrategiaconcursos.com.br\/blog\/\",\"name\":\"Estrat\u00e9gia Concursos\",\"description\":\"O blog da Estrat\u00e9gia Concursos traz not\u00edcias sobre concursos e artigos de professores oferecendo cursos para concursos (pdf + videaulas) no site.\",\"publisher\":{\"@id\":\"https:\/\/www.estrategiaconcursos.com.br\/blog\/#organization\"},\"potentialAction\":[{\"@type\":\"SearchAction\",\"target\":{\"@type\":\"EntryPoint\",\"urlTemplate\":\"https:\/\/www.estrategiaconcursos.com.br\/blog\/?s={search_term_string}\"},\"query-input\":{\"@type\":\"PropertyValueSpecification\",\"valueRequired\":true,\"valueName\":\"search_term_string\"}}],\"inLanguage\":\"pt-BR\"},{\"@type\":\"Organization\",\"@id\":\"https:\/\/www.estrategiaconcursos.com.br\/blog\/#organization\",\"name\":\"Estrat\u00e9gia Concursos\",\"url\":\"https:\/\/www.estrategiaconcursos.com.br\/blog\/\",\"logo\":{\"@type\":\"ImageObject\",\"inLanguage\":\"pt-BR\",\"@id\":\"https:\/\/www.estrategiaconcursos.com.br\/blog\/#\/schema\/logo\/image\/\",\"url\":\"https:\/\/dhg1h5j42swfq.cloudfront.net\/2025\/06\/03203428\/logo_concursos-1.jpg\",\"contentUrl\":\"https:\/\/dhg1h5j42swfq.cloudfront.net\/2025\/06\/03203428\/logo_concursos-1.jpg\",\"width\":230,\"height\":60,\"caption\":\"Estrat\u00e9gia Concursos\"},\"image\":{\"@id\":\"https:\/\/www.estrategiaconcursos.com.br\/blog\/#\/schema\/logo\/image\/\"},\"sameAs\":[\"https:\/\/x.com\/EstratConcursos\"]},{\"@type\":\"Person\",\"@id\":\"https:\/\/www.estrategiaconcursos.com.br\/blog\/#\/schema\/person\/fd4e12a9213010d2228e6bc69b89b33a\",\"name\":\"F\u00e1bio Alves\",\"image\":{\"@type\":\"ImageObject\",\"inLanguage\":\"pt-BR\",\"@id\":\"https:\/\/secure.gravatar.com\/avatar\/014c4afcbfcf7619f1d2feefbf6091f475f447368bbefcd03c9110b71d59a764?s=96&d=mm&r=g\",\"url\":\"https:\/\/secure.gravatar.com\/avatar\/014c4afcbfcf7619f1d2feefbf6091f475f447368bbefcd03c9110b71d59a764?s=96&d=mm&r=g\",\"contentUrl\":\"https:\/\/secure.gravatar.com\/avatar\/014c4afcbfcf7619f1d2feefbf6091f475f447368bbefcd03c9110b71d59a764?s=96&d=mm&r=g\",\"caption\":\"F\u00e1bio Alves\"},\"url\":\"https:\/\/www.estrategiaconcursos.com.br\/blog\/author\/fabioalvesestrategiaconcursos-com-br\/\"}]}<\/script>\n<!-- \/ Yoast SEO Premium plugin. -->","yoast_head_json":{"title":"TRF4 \u2013 Coment\u00e1rios PMBOK e ITIL \u2013 Analista - Sistemas","robots":{"index":"index","follow":"follow","max-snippet":"max-snippet:-1","max-image-preview":"max-image-preview:large","max-video-preview":"max-video-preview:-1"},"canonical":"https:\/\/www.estrategiaconcursos.com.br\/blog\/trf4-comentarios-pmbok-e-itil-analista-sistemas\/","og_locale":"pt_BR","og_type":"article","og_title":"TRF4 \u2013 Coment\u00e1rios PMBOK e ITIL \u2013 Analista - Sistemas","og_description":"Ol\u00e1 galera! Agora as quest\u00f5es do TRF para \u00e1rea de sistemas. Prova 004 &#8211; Tipo 01. 28. Suponha que o TRF4 esteja migrando, em rela\u00e7\u00e3o aos projetos, de uma organiza\u00e7\u00e3o do tipo 1 para do tipo 2. No tipo 1, atual, h\u00e1 apenas uma coordena\u00e7\u00e3o geral, cada funcion\u00e1rio possui um superior bem definido e cada [&hellip;]","og_url":"https:\/\/www.estrategiaconcursos.com.br\/blog\/trf4-comentarios-pmbok-e-itil-analista-sistemas\/","og_site_name":"Estrat\u00e9gia Concursos","article_published_time":"2019-08-06T16:19:19+00:00","article_modified_time":"2019-08-06T16:19:20+00:00","og_image":[{"url":"https:\/\/www.estrategiaconcursos.com.br\/blog\/wp-content\/uploads\/2019\/08\/pmbok2-300x159.jpg","type":"","width":"","height":""}],"author":"F\u00e1bio Alves","twitter_card":"summary_large_image","twitter_creator":"@EstratConcursos","twitter_site":"@EstratConcursos","twitter_misc":{"Escrito por":"F\u00e1bio Alves","Est. tempo de leitura":"6 minutos"},"schema":{"@context":"https:\/\/schema.org","@graph":[{"@type":"NewsArticle","@id":"https:\/\/www.estrategiaconcursos.com.br\/blog\/trf4-comentarios-pmbok-e-itil-analista-sistemas\/#article","isPartOf":{"@id":"https:\/\/www.estrategiaconcursos.com.br\/blog\/trf4-comentarios-pmbok-e-itil-analista-sistemas\/"},"author":{"name":"F\u00e1bio Alves","@id":"https:\/\/www.estrategiaconcursos.com.br\/blog\/#\/schema\/person\/fd4e12a9213010d2228e6bc69b89b33a"},"headline":"TRF4 \u2013 Coment\u00e1rios PMBOK e ITIL \u2013 Analista &#8211; Sistemas","datePublished":"2019-08-06T16:19:19+00:00","dateModified":"2019-08-06T16:19:20+00:00","mainEntityOfPage":{"@id":"https:\/\/www.estrategiaconcursos.com.br\/blog\/trf4-comentarios-pmbok-e-itil-analista-sistemas\/"},"wordCount":1147,"commentCount":0,"publisher":{"@id":"https:\/\/www.estrategiaconcursos.com.br\/blog\/#organization"},"image":{"@id":"https:\/\/www.estrategiaconcursos.com.br\/blog\/trf4-comentarios-pmbok-e-itil-analista-sistemas\/#primaryimage"},"thumbnailUrl":"https:\/\/www.estrategiaconcursos.com.br\/blog\/wp-content\/uploads\/2019\/08\/pmbok2-300x159.jpg","keywords":["Concurso TRF4","concurso tribunais","concursos de TI","gest\u00e3o e governan\u00e7a de ti","ITIL","PMBOK","TI para Tribunais","TRF4"],"articleSection":["Concursos P\u00fablicos"],"inLanguage":"pt-BR","potentialAction":[{"@type":"CommentAction","name":"Comment","target":["https:\/\/www.estrategiaconcursos.com.br\/blog\/trf4-comentarios-pmbok-e-itil-analista-sistemas\/#respond"]}],"copyrightYear":"2019","copyrightHolder":{"@id":"https:\/\/www.estrategiaconcursos.com.br\/blog\/#organization"}},{"@type":"WebPage","@id":"https:\/\/www.estrategiaconcursos.com.br\/blog\/trf4-comentarios-pmbok-e-itil-analista-sistemas\/","url":"https:\/\/www.estrategiaconcursos.com.br\/blog\/trf4-comentarios-pmbok-e-itil-analista-sistemas\/","name":"TRF4 \u2013 Coment\u00e1rios PMBOK e ITIL \u2013 Analista - Sistemas","isPartOf":{"@id":"https:\/\/www.estrategiaconcursos.com.br\/blog\/#website"},"primaryImageOfPage":{"@id":"https:\/\/www.estrategiaconcursos.com.br\/blog\/trf4-comentarios-pmbok-e-itil-analista-sistemas\/#primaryimage"},"image":{"@id":"https:\/\/www.estrategiaconcursos.com.br\/blog\/trf4-comentarios-pmbok-e-itil-analista-sistemas\/#primaryimage"},"thumbnailUrl":"https:\/\/www.estrategiaconcursos.com.br\/blog\/wp-content\/uploads\/2019\/08\/pmbok2-300x159.jpg","datePublished":"2019-08-06T16:19:19+00:00","dateModified":"2019-08-06T16:19:20+00:00","breadcrumb":{"@id":"https:\/\/www.estrategiaconcursos.com.br\/blog\/trf4-comentarios-pmbok-e-itil-analista-sistemas\/#breadcrumb"},"inLanguage":"pt-BR","potentialAction":[{"@type":"ReadAction","target":["https:\/\/www.estrategiaconcursos.com.br\/blog\/trf4-comentarios-pmbok-e-itil-analista-sistemas\/"]}]},{"@type":"ImageObject","inLanguage":"pt-BR","@id":"https:\/\/www.estrategiaconcursos.com.br\/blog\/trf4-comentarios-pmbok-e-itil-analista-sistemas\/#primaryimage","url":"https:\/\/dhg1h5j42swfq.cloudfront.net\/2019\/08\/06130919\/pmbok2.jpg","contentUrl":"https:\/\/dhg1h5j42swfq.cloudfront.net\/2019\/08\/06130919\/pmbok2.jpg","width":1034,"height":548},{"@type":"BreadcrumbList","@id":"https:\/\/www.estrategiaconcursos.com.br\/blog\/trf4-comentarios-pmbok-e-itil-analista-sistemas\/#breadcrumb","itemListElement":[{"@type":"ListItem","position":1,"name":"In\u00edcio","item":"https:\/\/www.estrategiaconcursos.com.br\/blog\/"},{"@type":"ListItem","position":2,"name":"TRF4 \u2013 Coment\u00e1rios PMBOK e ITIL \u2013 Analista &#8211; Sistemas"}]},{"@type":"WebSite","@id":"https:\/\/www.estrategiaconcursos.com.br\/blog\/#website","url":"https:\/\/www.estrategiaconcursos.com.br\/blog\/","name":"Estrat\u00e9gia Concursos","description":"O blog da Estrat\u00e9gia Concursos traz not\u00edcias sobre concursos e artigos de professores oferecendo cursos para concursos (pdf + videaulas) no site.","publisher":{"@id":"https:\/\/www.estrategiaconcursos.com.br\/blog\/#organization"},"potentialAction":[{"@type":"SearchAction","target":{"@type":"EntryPoint","urlTemplate":"https:\/\/www.estrategiaconcursos.com.br\/blog\/?s={search_term_string}"},"query-input":{"@type":"PropertyValueSpecification","valueRequired":true,"valueName":"search_term_string"}}],"inLanguage":"pt-BR"},{"@type":"Organization","@id":"https:\/\/www.estrategiaconcursos.com.br\/blog\/#organization","name":"Estrat\u00e9gia Concursos","url":"https:\/\/www.estrategiaconcursos.com.br\/blog\/","logo":{"@type":"ImageObject","inLanguage":"pt-BR","@id":"https:\/\/www.estrategiaconcursos.com.br\/blog\/#\/schema\/logo\/image\/","url":"https:\/\/dhg1h5j42swfq.cloudfront.net\/2025\/06\/03203428\/logo_concursos-1.jpg","contentUrl":"https:\/\/dhg1h5j42swfq.cloudfront.net\/2025\/06\/03203428\/logo_concursos-1.jpg","width":230,"height":60,"caption":"Estrat\u00e9gia Concursos"},"image":{"@id":"https:\/\/www.estrategiaconcursos.com.br\/blog\/#\/schema\/logo\/image\/"},"sameAs":["https:\/\/x.com\/EstratConcursos"]},{"@type":"Person","@id":"https:\/\/www.estrategiaconcursos.com.br\/blog\/#\/schema\/person\/fd4e12a9213010d2228e6bc69b89b33a","name":"F\u00e1bio Alves","image":{"@type":"ImageObject","inLanguage":"pt-BR","@id":"https:\/\/secure.gravatar.com\/avatar\/014c4afcbfcf7619f1d2feefbf6091f475f447368bbefcd03c9110b71d59a764?s=96&d=mm&r=g","url":"https:\/\/secure.gravatar.com\/avatar\/014c4afcbfcf7619f1d2feefbf6091f475f447368bbefcd03c9110b71d59a764?s=96&d=mm&r=g","contentUrl":"https:\/\/secure.gravatar.com\/avatar\/014c4afcbfcf7619f1d2feefbf6091f475f447368bbefcd03c9110b71d59a764?s=96&d=mm&r=g","caption":"F\u00e1bio Alves"},"url":"https:\/\/www.estrategiaconcursos.com.br\/blog\/author\/fabioalvesestrategiaconcursos-com-br\/"}]}},"_links":{"self":[{"href":"https:\/\/www.estrategiaconcursos.com.br\/blog\/wp-json\/wp\/v2\/posts\/406394","targetHints":{"allow":["GET"]}}],"collection":[{"href":"https:\/\/www.estrategiaconcursos.com.br\/blog\/wp-json\/wp\/v2\/posts"}],"about":[{"href":"https:\/\/www.estrategiaconcursos.com.br\/blog\/wp-json\/wp\/v2\/types\/post"}],"author":[{"embeddable":true,"href":"https:\/\/www.estrategiaconcursos.com.br\/blog\/wp-json\/wp\/v2\/users\/100"}],"replies":[{"embeddable":true,"href":"https:\/\/www.estrategiaconcursos.com.br\/blog\/wp-json\/wp\/v2\/comments?post=406394"}],"version-history":[{"count":4,"href":"https:\/\/www.estrategiaconcursos.com.br\/blog\/wp-json\/wp\/v2\/posts\/406394\/revisions"}],"predecessor-version":[{"id":406656,"href":"https:\/\/www.estrategiaconcursos.com.br\/blog\/wp-json\/wp\/v2\/posts\/406394\/revisions\/406656"}],"wp:attachment":[{"href":"https:\/\/www.estrategiaconcursos.com.br\/blog\/wp-json\/wp\/v2\/media?parent=406394"}],"wp:term":[{"taxonomy":"category","embeddable":true,"href":"https:\/\/www.estrategiaconcursos.com.br\/blog\/wp-json\/wp\/v2\/categories?post=406394"},{"taxonomy":"post_tag","embeddable":true,"href":"https:\/\/www.estrategiaconcursos.com.br\/blog\/wp-json\/wp\/v2\/tags?post=406394"},{"taxonomy":"tax_estado","embeddable":true,"href":"https:\/\/www.estrategiaconcursos.com.br\/blog\/wp-json\/wp\/v2\/tax_estado?post=406394"}],"curies":[{"name":"wp","href":"https:\/\/api.w.org\/{rel}","templated":true}]}}