{"id":406257,"date":"2019-08-05T18:00:15","date_gmt":"2019-08-05T21:00:15","guid":{"rendered":"https:\/\/www.estrategiaconcursos.com.br\/blog\/?p=406257"},"modified":"2019-08-05T18:28:24","modified_gmt":"2019-08-05T21:28:24","slug":"comentarios-as-questoes-de-direito-das-pessoas-com-deficiencia-do-trf-da-4a-regiao","status":"publish","type":"post","link":"https:\/\/www.estrategiaconcursos.com.br\/blog\/comentarios-as-questoes-de-direito-das-pessoas-com-deficiencia-do-trf-da-4a-regiao\/","title":{"rendered":"Coment\u00e1rios \u00e0s Quest\u00f5es de Direito das Pessoas com Defici\u00eancia do TRF da 4\u00aa Regi\u00e3o"},"content":{"rendered":"\n<p>Ol\u00e1! Analisamos as quest\u00f5es de Direito das Pessoas com Defici\u00eancia aplicadas na prova deste final de semana do TRF da 4\u00aa Regi\u00e3o. Verificamos as quest\u00f5es e entendemos que n\u00e3o cabe recurso em uma an\u00e1lise preliminar. N\u00e3o obstante, caso voc\u00ea fique em d\u00favida, por favor, no contate:<\/p>\n\n\n\n<p>INSTAGRAM:&nbsp;<a href=\"https:\/\/www.instagram.com\/proftorques\/\">https:\/\/www.instagram.com\/proftorques\/<\/a><\/p>\n\n\n\n<p>FACEBOOK:&nbsp;<a href=\"https:\/\/www.facebook.com\/direitoshumanosparaconcursos\">https:\/\/www.facebook.com\/direitoshumanosparaconcursos<\/a><\/p>\n\n\n\n<p>E-MAIL:&nbsp;<a href=\"mailto:rst.estrategia@gmail.com\">rst.estrategia@gmail.com<\/a><\/p>\n\n\n\n<p>Vamos \u00e0s quest\u00f5es?!<\/p>\n\n\n\n<p>&#8212;<\/p>\n\n\n\n<p><strong>49. <\/strong>Nos termos da Lei n\u00ba\n10.098\/2000, o passeio p\u00fablico<\/p>\n\n\n\n<p>(A) n\u00e3o faz parte da via p\u00fablica.<\/p>\n\n\n\n<p>(B) est\u00e1 sempre no mesmo n\u00edvel da\nvia p\u00fablica.<\/p>\n\n\n\n<p>(C) destina-se exclusivamente \u00e0\ncircula\u00e7\u00e3o de pedestres, n\u00e3o podendo ter qualquer outra destina\u00e7\u00e3o.<\/p>\n\n\n\n<p>(D) \u00e9 elemento obrigat\u00f3rio de\nurbaniza\u00e7\u00e3o.<\/p>\n\n\n\n<p>(E) \u00e9 considerado um mobili\u00e1rio\nurbano.<\/p>\n\n\n\n<p><strong>Coment\u00e1rios<\/strong><\/p>\n\n\n\n<p>A <strong>alternativa D<\/strong> est\u00e1\ncorreta e \u00e9 o gabarito da quest\u00e3o nos termos do art. 3\u00ba, par\u00e1grafo \u00fanico, da\nLei 10.098\/2000:<\/p>\n\n\n\n<blockquote class=\"wp-block-quote is-layout-flow wp-block-quote-is-layout-flow\"><p><em>Art. 3\u00ba O planejamento e a urbaniza\u00e7\u00e3o das vias p\u00fablicas, dos parques e dos demais espa\u00e7os de uso p\u00fablico dever\u00e3o ser concebidos e executados de forma a torn\u00e1-los acess\u00edveis para todas as pessoas, inclusive para aquelas com defici\u00eancia ou com mobilidade reduzida.&nbsp;&nbsp;&nbsp;&nbsp; <\/em><\/p><p><em>Par\u00e1grafo \u00fanico.&nbsp; O passeio p\u00fablico, <strong>elemento obrigat\u00f3rio de urbaniza\u00e7\u00e3o<\/strong> e parte da via p\u00fablica, normalmente segregado e em n\u00edvel diferente, destina-se somente \u00e0 circula\u00e7\u00e3o de pedestres e, quando poss\u00edvel, \u00e0 implanta\u00e7\u00e3o de mobili\u00e1rio urbano e de vegeta\u00e7\u00e3o.&nbsp;&nbsp;&nbsp;&nbsp;&nbsp;&nbsp; <\/em><\/p><\/blockquote>\n\n\n\n<p>&#8212;<\/p>\n\n\n\n<p><strong>50. <\/strong>Jo\u00e3o \u00e9 pessoa com\ndefici\u00eancia e pretende passar f\u00e9rias com seus amigos em um bonito hotel\nlocalizado no estado do Paran\u00e1. Referido hotel foi constru\u00eddo em 2010 e possui\n150 dormit\u00f3rios. Nos termos da Lei n\u00ba 13.146\/2015, o hotel dever\u00e1\ndisponibilizar, pelo menos,<\/p>\n\n\n\n<p>(A) 2 dormit\u00f3rios acess\u00edveis.<\/p>\n\n\n\n<p>(B) 10 dormit\u00f3rios acess\u00edveis.<\/p>\n\n\n\n<p>(C) 15 dormit\u00f3rios acess\u00edveis.<\/p>\n\n\n\n<p>(D) 5 dormit\u00f3rios acess\u00edveis.<\/p>\n\n\n\n<p>(E) 7 dormit\u00f3rios acess\u00edveis.<\/p>\n\n\n\n<p><strong>Coment\u00e1rios<\/strong><\/p>\n\n\n\n<p>Os hot\u00e9is j\u00e1 existentes \u00e0 \u00e9poca\nda edi\u00e7\u00e3o da Lei (2015) dever\u00e3o ter 10% de seus dormit\u00f3rios acess\u00edveis,\nconforme o \u00a71\u00ba do art. 45 do Estatuto da Pessoa com Defici\u00eancia:<\/p>\n\n\n\n<blockquote class=\"wp-block-quote is-layout-flow wp-block-quote-is-layout-flow\"><p><em>Art. 45. Os hot\u00e9is, pousadas e similares devem ser constru\u00eddos observando-se os princ\u00edpios do desenho universal, al\u00e9m de adotar todos os meios de acessibilidade, conforme legisla\u00e7\u00e3o em vigor.&nbsp;&nbsp;&nbsp;&nbsp;&nbsp; <\/em><\/p><p><em>\u00a7 1\u00ba Os estabelecimentos j\u00e1 existentes dever\u00e3o disponibilizar, pelo menos, 10% (dez por cento) de seus dormit\u00f3rios acess\u00edveis, garantida, no m\u00ednimo, 1 (uma) unidade acess\u00edvel.<\/em><\/p><\/blockquote>\n\n\n\n<p>O hotel em quest\u00e3o possu\u00eda 150\ndormit\u00f3rios, assim, deve ter 15 dormit\u00f3rios acess\u00edveis. Portanto, a<strong> alternativa C<\/strong>\nest\u00e1 correta e \u00e9 o gabarito da quest\u00e3o. <\/p>\n\n\n\n<p>&#8212;<\/p>\n\n\n\n<p style=\"text-align:center\" class=\"has-text-color has-background has-vivid-cyan-blue-color has-luminous-vivid-amber-background-color\"><a href=\"https:\/\/docs.google.com\/forms\/d\/e\/1FAIpQLSdtVvTvWekCBZsg1TGXhkegU5MY10bNA9igcBQ3sdw6Wcuv9A\/viewform\"><strong>Preencha o Gabarito TRF 4 e Participe do Ranking<\/strong><\/a><\/p>\n\n\n\n<p>\u00c9 isso. Bons estudos!<\/p>\n","protected":false},"excerpt":{"rendered":"<p>Ol\u00e1! Analisamos as quest\u00f5es de Direito das Pessoas com Defici\u00eancia aplicadas na prova deste final de semana do TRF da 4\u00aa Regi\u00e3o. Verificamos as quest\u00f5es e entendemos que n\u00e3o cabe recurso em uma an\u00e1lise preliminar. N\u00e3o obstante, caso voc\u00ea fique em d\u00favida, por favor, no contate: INSTAGRAM:&nbsp;https:\/\/www.instagram.com\/proftorques\/ FACEBOOK:&nbsp;https:\/\/www.facebook.com\/direitoshumanosparaconcursos E-MAIL:&nbsp;rst.estrategia@gmail.com Vamos \u00e0s quest\u00f5es?! &#8212; 49. Nos [&hellip;]<\/p>\n","protected":false},"author":180,"featured_media":0,"comment_status":"open","ping_status":"closed","sticky":false,"template":"","format":"standard","meta":{"post_tipo":"article","footnotes":""},"categories":[1],"tags":[2328,328,867,578],"tax_estado":[],"class_list":["post-406257","post","type-post","status-publish","format-standard","hentry","category-cursos-e-concursos","tag-direito-das-pessoas-com-deficiencia","tag-fcc","tag-prova-comentada","tag-trf-4"],"acf":[],"yoast_head":"<!-- This site is optimized with the Yoast SEO Premium plugin v27.2 (Yoast SEO v27.2) - https:\/\/yoast.com\/product\/yoast-seo-premium-wordpress\/ -->\n<title>Coment\u00e1rios \u00e0s Quest\u00f5es de Direito das Pessoas com Defici\u00eancia do TRF da 4\u00aa Regi\u00e3o<\/title>\n<meta name=\"robots\" content=\"index, follow, max-snippet:-1, max-image-preview:large, max-video-preview:-1\" \/>\n<link rel=\"canonical\" href=\"https:\/\/www.estrategiaconcursos.com.br\/blog\/comentarios-as-questoes-de-direito-das-pessoas-com-deficiencia-do-trf-da-4a-regiao\/\" \/>\n<meta property=\"og:locale\" content=\"pt_BR\" \/>\n<meta property=\"og:type\" content=\"article\" \/>\n<meta property=\"og:title\" content=\"Coment\u00e1rios \u00e0s Quest\u00f5es de Direito das Pessoas com Defici\u00eancia do TRF da 4\u00aa Regi\u00e3o\" \/>\n<meta property=\"og:description\" content=\"Ol\u00e1! Analisamos as quest\u00f5es de Direito das Pessoas com Defici\u00eancia aplicadas na prova deste final de semana do TRF da 4\u00aa Regi\u00e3o. Verificamos as quest\u00f5es e entendemos que n\u00e3o cabe recurso em uma an\u00e1lise preliminar. N\u00e3o obstante, caso voc\u00ea fique em d\u00favida, por favor, no contate: INSTAGRAM:&nbsp;https:\/\/www.instagram.com\/proftorques\/ FACEBOOK:&nbsp;https:\/\/www.facebook.com\/direitoshumanosparaconcursos E-MAIL:&nbsp;rst.estrategia@gmail.com Vamos \u00e0s quest\u00f5es?! &#8212; 49. Nos [&hellip;]\" \/>\n<meta property=\"og:url\" content=\"https:\/\/www.estrategiaconcursos.com.br\/blog\/comentarios-as-questoes-de-direito-das-pessoas-com-deficiencia-do-trf-da-4a-regiao\/\" \/>\n<meta property=\"og:site_name\" content=\"Estrat\u00e9gia Concursos\" \/>\n<meta property=\"article:author\" content=\"https:\/\/www.facebook.com\/ricardo.s.torques\" \/>\n<meta property=\"article:published_time\" content=\"2019-08-05T21:00:15+00:00\" \/>\n<meta property=\"article:modified_time\" content=\"2019-08-05T21:28:24+00:00\" \/>\n<meta name=\"author\" content=\"Ricardo Torques\" \/>\n<meta name=\"twitter:card\" content=\"summary_large_image\" \/>\n<meta name=\"twitter:creator\" content=\"@EstratConcursos\" \/>\n<meta name=\"twitter:site\" content=\"@EstratConcursos\" \/>\n<meta name=\"twitter:label1\" content=\"Escrito por\" \/>\n\t<meta name=\"twitter:data1\" content=\"Ricardo Torques\" \/>\n\t<meta name=\"twitter:label2\" content=\"Est. tempo de leitura\" \/>\n\t<meta name=\"twitter:data2\" content=\"2 minutos\" \/>\n<script type=\"application\/ld+json\" class=\"yoast-schema-graph\">{\"@context\":\"https:\/\/schema.org\",\"@graph\":[{\"@type\":\"NewsArticle\",\"@id\":\"https:\/\/www.estrategiaconcursos.com.br\/blog\/comentarios-as-questoes-de-direito-das-pessoas-com-deficiencia-do-trf-da-4a-regiao\/#article\",\"isPartOf\":{\"@id\":\"https:\/\/www.estrategiaconcursos.com.br\/blog\/comentarios-as-questoes-de-direito-das-pessoas-com-deficiencia-do-trf-da-4a-regiao\/\"},\"author\":{\"name\":\"Ricardo Torques\",\"@id\":\"https:\/\/www.estrategiaconcursos.com.br\/blog\/#\/schema\/person\/aa39cf5ddb518e5bdce27c35788405e2\"},\"headline\":\"Coment\u00e1rios \u00e0s Quest\u00f5es de Direito das Pessoas com Defici\u00eancia do TRF da 4\u00aa Regi\u00e3o\",\"datePublished\":\"2019-08-05T21:00:15+00:00\",\"dateModified\":\"2019-08-05T21:28:24+00:00\",\"mainEntityOfPage\":{\"@id\":\"https:\/\/www.estrategiaconcursos.com.br\/blog\/comentarios-as-questoes-de-direito-das-pessoas-com-deficiencia-do-trf-da-4a-regiao\/\"},\"wordCount\":486,\"commentCount\":1,\"publisher\":{\"@id\":\"https:\/\/www.estrategiaconcursos.com.br\/blog\/#organization\"},\"keywords\":[\"Direito das Pessoas com Defici\u00eancia\",\"FCC\",\"prova comentada\",\"TRF 4\"],\"articleSection\":[\"Concursos P\u00fablicos\"],\"inLanguage\":\"pt-BR\",\"potentialAction\":[{\"@type\":\"CommentAction\",\"name\":\"Comment\",\"target\":[\"https:\/\/www.estrategiaconcursos.com.br\/blog\/comentarios-as-questoes-de-direito-das-pessoas-com-deficiencia-do-trf-da-4a-regiao\/#respond\"]}],\"copyrightYear\":\"2019\",\"copyrightHolder\":{\"@id\":\"https:\/\/www.estrategiaconcursos.com.br\/blog\/#organization\"}},{\"@type\":\"WebPage\",\"@id\":\"https:\/\/www.estrategiaconcursos.com.br\/blog\/comentarios-as-questoes-de-direito-das-pessoas-com-deficiencia-do-trf-da-4a-regiao\/\",\"url\":\"https:\/\/www.estrategiaconcursos.com.br\/blog\/comentarios-as-questoes-de-direito-das-pessoas-com-deficiencia-do-trf-da-4a-regiao\/\",\"name\":\"Coment\u00e1rios \u00e0s Quest\u00f5es de Direito das Pessoas com Defici\u00eancia do TRF da 4\u00aa Regi\u00e3o\",\"isPartOf\":{\"@id\":\"https:\/\/www.estrategiaconcursos.com.br\/blog\/#website\"},\"datePublished\":\"2019-08-05T21:00:15+00:00\",\"dateModified\":\"2019-08-05T21:28:24+00:00\",\"breadcrumb\":{\"@id\":\"https:\/\/www.estrategiaconcursos.com.br\/blog\/comentarios-as-questoes-de-direito-das-pessoas-com-deficiencia-do-trf-da-4a-regiao\/#breadcrumb\"},\"inLanguage\":\"pt-BR\",\"potentialAction\":[{\"@type\":\"ReadAction\",\"target\":[\"https:\/\/www.estrategiaconcursos.com.br\/blog\/comentarios-as-questoes-de-direito-das-pessoas-com-deficiencia-do-trf-da-4a-regiao\/\"]}]},{\"@type\":\"BreadcrumbList\",\"@id\":\"https:\/\/www.estrategiaconcursos.com.br\/blog\/comentarios-as-questoes-de-direito-das-pessoas-com-deficiencia-do-trf-da-4a-regiao\/#breadcrumb\",\"itemListElement\":[{\"@type\":\"ListItem\",\"position\":1,\"name\":\"In\u00edcio\",\"item\":\"https:\/\/www.estrategiaconcursos.com.br\/blog\/\"},{\"@type\":\"ListItem\",\"position\":2,\"name\":\"Coment\u00e1rios \u00e0s Quest\u00f5es de Direito das Pessoas com Defici\u00eancia do TRF da 4\u00aa Regi\u00e3o\"}]},{\"@type\":\"WebSite\",\"@id\":\"https:\/\/www.estrategiaconcursos.com.br\/blog\/#website\",\"url\":\"https:\/\/www.estrategiaconcursos.com.br\/blog\/\",\"name\":\"Estrat\u00e9gia Concursos\",\"description\":\"O blog da Estrat\u00e9gia Concursos traz not\u00edcias sobre concursos e artigos de professores oferecendo cursos para concursos (pdf + videaulas) no site.\",\"publisher\":{\"@id\":\"https:\/\/www.estrategiaconcursos.com.br\/blog\/#organization\"},\"potentialAction\":[{\"@type\":\"SearchAction\",\"target\":{\"@type\":\"EntryPoint\",\"urlTemplate\":\"https:\/\/www.estrategiaconcursos.com.br\/blog\/?s={search_term_string}\"},\"query-input\":{\"@type\":\"PropertyValueSpecification\",\"valueRequired\":true,\"valueName\":\"search_term_string\"}}],\"inLanguage\":\"pt-BR\"},{\"@type\":\"Organization\",\"@id\":\"https:\/\/www.estrategiaconcursos.com.br\/blog\/#organization\",\"name\":\"Estrat\u00e9gia Concursos\",\"url\":\"https:\/\/www.estrategiaconcursos.com.br\/blog\/\",\"logo\":{\"@type\":\"ImageObject\",\"inLanguage\":\"pt-BR\",\"@id\":\"https:\/\/www.estrategiaconcursos.com.br\/blog\/#\/schema\/logo\/image\/\",\"url\":\"https:\/\/dhg1h5j42swfq.cloudfront.net\/2025\/06\/03203428\/logo_concursos-1.jpg\",\"contentUrl\":\"https:\/\/dhg1h5j42swfq.cloudfront.net\/2025\/06\/03203428\/logo_concursos-1.jpg\",\"width\":230,\"height\":60,\"caption\":\"Estrat\u00e9gia Concursos\"},\"image\":{\"@id\":\"https:\/\/www.estrategiaconcursos.com.br\/blog\/#\/schema\/logo\/image\/\"},\"sameAs\":[\"https:\/\/x.com\/EstratConcursos\"]},{\"@type\":\"Person\",\"@id\":\"https:\/\/www.estrategiaconcursos.com.br\/blog\/#\/schema\/person\/aa39cf5ddb518e5bdce27c35788405e2\",\"name\":\"Ricardo Torques\",\"image\":{\"@type\":\"ImageObject\",\"inLanguage\":\"pt-BR\",\"@id\":\"https:\/\/secure.gravatar.com\/avatar\/ce9ac6c3cff25fe86d15ed568ebc64d1724baf5c0693133bcb1f6073f712f92a?s=96&d=mm&r=g\",\"url\":\"https:\/\/secure.gravatar.com\/avatar\/ce9ac6c3cff25fe86d15ed568ebc64d1724baf5c0693133bcb1f6073f712f92a?s=96&d=mm&r=g\",\"contentUrl\":\"https:\/\/secure.gravatar.com\/avatar\/ce9ac6c3cff25fe86d15ed568ebc64d1724baf5c0693133bcb1f6073f712f92a?s=96&d=mm&r=g\",\"caption\":\"Ricardo Torques\"},\"sameAs\":[\"https:\/\/www.facebook.com\/ricardo.s.torques\"],\"url\":\"https:\/\/www.estrategiaconcursos.com.br\/blog\/author\/ricardotorquesestrategiaconcursos-com-br\/\"}]}<\/script>\n<!-- \/ Yoast SEO Premium plugin. -->","yoast_head_json":{"title":"Coment\u00e1rios \u00e0s Quest\u00f5es de Direito das Pessoas com Defici\u00eancia do TRF da 4\u00aa Regi\u00e3o","robots":{"index":"index","follow":"follow","max-snippet":"max-snippet:-1","max-image-preview":"max-image-preview:large","max-video-preview":"max-video-preview:-1"},"canonical":"https:\/\/www.estrategiaconcursos.com.br\/blog\/comentarios-as-questoes-de-direito-das-pessoas-com-deficiencia-do-trf-da-4a-regiao\/","og_locale":"pt_BR","og_type":"article","og_title":"Coment\u00e1rios \u00e0s Quest\u00f5es de Direito das Pessoas com Defici\u00eancia do TRF da 4\u00aa Regi\u00e3o","og_description":"Ol\u00e1! Analisamos as quest\u00f5es de Direito das Pessoas com Defici\u00eancia aplicadas na prova deste final de semana do TRF da 4\u00aa Regi\u00e3o. Verificamos as quest\u00f5es e entendemos que n\u00e3o cabe recurso em uma an\u00e1lise preliminar. N\u00e3o obstante, caso voc\u00ea fique em d\u00favida, por favor, no contate: INSTAGRAM:&nbsp;https:\/\/www.instagram.com\/proftorques\/ FACEBOOK:&nbsp;https:\/\/www.facebook.com\/direitoshumanosparaconcursos E-MAIL:&nbsp;rst.estrategia@gmail.com Vamos \u00e0s quest\u00f5es?! &#8212; 49. Nos [&hellip;]","og_url":"https:\/\/www.estrategiaconcursos.com.br\/blog\/comentarios-as-questoes-de-direito-das-pessoas-com-deficiencia-do-trf-da-4a-regiao\/","og_site_name":"Estrat\u00e9gia Concursos","article_author":"https:\/\/www.facebook.com\/ricardo.s.torques","article_published_time":"2019-08-05T21:00:15+00:00","article_modified_time":"2019-08-05T21:28:24+00:00","author":"Ricardo Torques","twitter_card":"summary_large_image","twitter_creator":"@EstratConcursos","twitter_site":"@EstratConcursos","twitter_misc":{"Escrito por":"Ricardo Torques","Est. tempo de leitura":"2 minutos"},"schema":{"@context":"https:\/\/schema.org","@graph":[{"@type":"NewsArticle","@id":"https:\/\/www.estrategiaconcursos.com.br\/blog\/comentarios-as-questoes-de-direito-das-pessoas-com-deficiencia-do-trf-da-4a-regiao\/#article","isPartOf":{"@id":"https:\/\/www.estrategiaconcursos.com.br\/blog\/comentarios-as-questoes-de-direito-das-pessoas-com-deficiencia-do-trf-da-4a-regiao\/"},"author":{"name":"Ricardo Torques","@id":"https:\/\/www.estrategiaconcursos.com.br\/blog\/#\/schema\/person\/aa39cf5ddb518e5bdce27c35788405e2"},"headline":"Coment\u00e1rios \u00e0s Quest\u00f5es de Direito das Pessoas com Defici\u00eancia do TRF da 4\u00aa Regi\u00e3o","datePublished":"2019-08-05T21:00:15+00:00","dateModified":"2019-08-05T21:28:24+00:00","mainEntityOfPage":{"@id":"https:\/\/www.estrategiaconcursos.com.br\/blog\/comentarios-as-questoes-de-direito-das-pessoas-com-deficiencia-do-trf-da-4a-regiao\/"},"wordCount":486,"commentCount":1,"publisher":{"@id":"https:\/\/www.estrategiaconcursos.com.br\/blog\/#organization"},"keywords":["Direito das Pessoas com Defici\u00eancia","FCC","prova comentada","TRF 4"],"articleSection":["Concursos P\u00fablicos"],"inLanguage":"pt-BR","potentialAction":[{"@type":"CommentAction","name":"Comment","target":["https:\/\/www.estrategiaconcursos.com.br\/blog\/comentarios-as-questoes-de-direito-das-pessoas-com-deficiencia-do-trf-da-4a-regiao\/#respond"]}],"copyrightYear":"2019","copyrightHolder":{"@id":"https:\/\/www.estrategiaconcursos.com.br\/blog\/#organization"}},{"@type":"WebPage","@id":"https:\/\/www.estrategiaconcursos.com.br\/blog\/comentarios-as-questoes-de-direito-das-pessoas-com-deficiencia-do-trf-da-4a-regiao\/","url":"https:\/\/www.estrategiaconcursos.com.br\/blog\/comentarios-as-questoes-de-direito-das-pessoas-com-deficiencia-do-trf-da-4a-regiao\/","name":"Coment\u00e1rios \u00e0s Quest\u00f5es de Direito das Pessoas com Defici\u00eancia do TRF da 4\u00aa Regi\u00e3o","isPartOf":{"@id":"https:\/\/www.estrategiaconcursos.com.br\/blog\/#website"},"datePublished":"2019-08-05T21:00:15+00:00","dateModified":"2019-08-05T21:28:24+00:00","breadcrumb":{"@id":"https:\/\/www.estrategiaconcursos.com.br\/blog\/comentarios-as-questoes-de-direito-das-pessoas-com-deficiencia-do-trf-da-4a-regiao\/#breadcrumb"},"inLanguage":"pt-BR","potentialAction":[{"@type":"ReadAction","target":["https:\/\/www.estrategiaconcursos.com.br\/blog\/comentarios-as-questoes-de-direito-das-pessoas-com-deficiencia-do-trf-da-4a-regiao\/"]}]},{"@type":"BreadcrumbList","@id":"https:\/\/www.estrategiaconcursos.com.br\/blog\/comentarios-as-questoes-de-direito-das-pessoas-com-deficiencia-do-trf-da-4a-regiao\/#breadcrumb","itemListElement":[{"@type":"ListItem","position":1,"name":"In\u00edcio","item":"https:\/\/www.estrategiaconcursos.com.br\/blog\/"},{"@type":"ListItem","position":2,"name":"Coment\u00e1rios \u00e0s Quest\u00f5es de Direito das Pessoas com Defici\u00eancia do TRF da 4\u00aa Regi\u00e3o"}]},{"@type":"WebSite","@id":"https:\/\/www.estrategiaconcursos.com.br\/blog\/#website","url":"https:\/\/www.estrategiaconcursos.com.br\/blog\/","name":"Estrat\u00e9gia Concursos","description":"O blog da Estrat\u00e9gia Concursos traz not\u00edcias sobre concursos e artigos de professores oferecendo cursos para concursos (pdf + videaulas) no site.","publisher":{"@id":"https:\/\/www.estrategiaconcursos.com.br\/blog\/#organization"},"potentialAction":[{"@type":"SearchAction","target":{"@type":"EntryPoint","urlTemplate":"https:\/\/www.estrategiaconcursos.com.br\/blog\/?s={search_term_string}"},"query-input":{"@type":"PropertyValueSpecification","valueRequired":true,"valueName":"search_term_string"}}],"inLanguage":"pt-BR"},{"@type":"Organization","@id":"https:\/\/www.estrategiaconcursos.com.br\/blog\/#organization","name":"Estrat\u00e9gia Concursos","url":"https:\/\/www.estrategiaconcursos.com.br\/blog\/","logo":{"@type":"ImageObject","inLanguage":"pt-BR","@id":"https:\/\/www.estrategiaconcursos.com.br\/blog\/#\/schema\/logo\/image\/","url":"https:\/\/dhg1h5j42swfq.cloudfront.net\/2025\/06\/03203428\/logo_concursos-1.jpg","contentUrl":"https:\/\/dhg1h5j42swfq.cloudfront.net\/2025\/06\/03203428\/logo_concursos-1.jpg","width":230,"height":60,"caption":"Estrat\u00e9gia Concursos"},"image":{"@id":"https:\/\/www.estrategiaconcursos.com.br\/blog\/#\/schema\/logo\/image\/"},"sameAs":["https:\/\/x.com\/EstratConcursos"]},{"@type":"Person","@id":"https:\/\/www.estrategiaconcursos.com.br\/blog\/#\/schema\/person\/aa39cf5ddb518e5bdce27c35788405e2","name":"Ricardo Torques","image":{"@type":"ImageObject","inLanguage":"pt-BR","@id":"https:\/\/secure.gravatar.com\/avatar\/ce9ac6c3cff25fe86d15ed568ebc64d1724baf5c0693133bcb1f6073f712f92a?s=96&d=mm&r=g","url":"https:\/\/secure.gravatar.com\/avatar\/ce9ac6c3cff25fe86d15ed568ebc64d1724baf5c0693133bcb1f6073f712f92a?s=96&d=mm&r=g","contentUrl":"https:\/\/secure.gravatar.com\/avatar\/ce9ac6c3cff25fe86d15ed568ebc64d1724baf5c0693133bcb1f6073f712f92a?s=96&d=mm&r=g","caption":"Ricardo Torques"},"sameAs":["https:\/\/www.facebook.com\/ricardo.s.torques"],"url":"https:\/\/www.estrategiaconcursos.com.br\/blog\/author\/ricardotorquesestrategiaconcursos-com-br\/"}]}},"_links":{"self":[{"href":"https:\/\/www.estrategiaconcursos.com.br\/blog\/wp-json\/wp\/v2\/posts\/406257","targetHints":{"allow":["GET"]}}],"collection":[{"href":"https:\/\/www.estrategiaconcursos.com.br\/blog\/wp-json\/wp\/v2\/posts"}],"about":[{"href":"https:\/\/www.estrategiaconcursos.com.br\/blog\/wp-json\/wp\/v2\/types\/post"}],"author":[{"embeddable":true,"href":"https:\/\/www.estrategiaconcursos.com.br\/blog\/wp-json\/wp\/v2\/users\/180"}],"replies":[{"embeddable":true,"href":"https:\/\/www.estrategiaconcursos.com.br\/blog\/wp-json\/wp\/v2\/comments?post=406257"}],"version-history":[{"count":3,"href":"https:\/\/www.estrategiaconcursos.com.br\/blog\/wp-json\/wp\/v2\/posts\/406257\/revisions"}],"predecessor-version":[{"id":406294,"href":"https:\/\/www.estrategiaconcursos.com.br\/blog\/wp-json\/wp\/v2\/posts\/406257\/revisions\/406294"}],"wp:attachment":[{"href":"https:\/\/www.estrategiaconcursos.com.br\/blog\/wp-json\/wp\/v2\/media?parent=406257"}],"wp:term":[{"taxonomy":"category","embeddable":true,"href":"https:\/\/www.estrategiaconcursos.com.br\/blog\/wp-json\/wp\/v2\/categories?post=406257"},{"taxonomy":"post_tag","embeddable":true,"href":"https:\/\/www.estrategiaconcursos.com.br\/blog\/wp-json\/wp\/v2\/tags?post=406257"},{"taxonomy":"tax_estado","embeddable":true,"href":"https:\/\/www.estrategiaconcursos.com.br\/blog\/wp-json\/wp\/v2\/tax_estado?post=406257"}],"curies":[{"name":"wp","href":"https:\/\/api.w.org\/{rel}","templated":true}]}}