{"id":406236,"date":"2019-08-05T17:52:42","date_gmt":"2019-08-05T20:52:42","guid":{"rendered":"https:\/\/www.estrategiaconcursos.com.br\/blog\/?p=406236"},"modified":"2019-08-05T18:33:01","modified_gmt":"2019-08-05T21:33:01","slug":"comentarios-as-questoes-de-direito-processual-civil-do-trf-da-4a-regiao","status":"publish","type":"post","link":"https:\/\/www.estrategiaconcursos.com.br\/blog\/comentarios-as-questoes-de-direito-processual-civil-do-trf-da-4a-regiao\/","title":{"rendered":"Coment\u00e1rios \u00e0s Quest\u00f5es de Direito Processual Civil do TRF da 4\u00aa Regi\u00e3o"},"content":{"rendered":"\n<p>Ol\u00e1! Analisamos as quest\u00f5es de Direito\nProcessual Civil aplicadas na prova deste final de semana do TRF da 4\u00aa Regi\u00e3o. Verificamos\nas quest\u00f5es e entendemos que n\u00e3o cabe recurso em uma an\u00e1lise preliminar. N\u00e3o\nobstante, caso voc\u00ea fique em d\u00favida, por favor, no contate:<\/p>\n\n\n\n<p>INSTAGRAM:&nbsp;<a href=\"https:\/\/www.instagram.com\/proftorques\/\">https:\/\/www.instagram.com\/proftorques\/<\/a><\/p>\n\n\n\n<p>FACEBOOK:&nbsp; <a href=\"https:\/\/www.facebook.com\/dpcparaconcursos\/\">https:\/\/www.facebook.com\/dpcparaconcursos\/<\/a> <\/p>\n\n\n\n<p>E-MAIL:&nbsp;<a href=\"mailto:rst.estrategia@gmail.com\">rst.estrategia@gmail.com<\/a><\/p>\n\n\n\n<p>Vamos \u00e0s quest\u00f5es?!<\/p>\n\n\n\n<p>&#8212;<\/p>\n\n\n\n<p><strong>33. <\/strong>Jo\u00e3o, domiciliado em\nS\u00e3o Paulo, pretende ajuizar contra Ant\u00f4nio, domiciliado em Salvador, a\u00e7\u00e3o para\npostular a declara\u00e7\u00e3o da propriedade de autom\u00f3vel que foi licenciado no\nmunic\u00edpio de Aracaju e se acha na posse de Ricardo, que tem domic\u00edlio em\nManaus. Nesse caso, segundo as regras de compet\u00eancia previstas no C\u00f3digo de\nProcesso Civil, a a\u00e7\u00e3o dever\u00e1 ser proposta no foro de<\/p>\n\n\n\n<p>(A) S\u00e3o Paulo.<\/p>\n\n\n\n<p>(B) Salvador.<\/p>\n\n\n\n<p>(C) Aracaju.<\/p>\n\n\n\n<p>(D) Manaus.<\/p>\n\n\n\n<p>(E) S\u00e3o Paulo, Salvador, Aracaju\nou Manaus, segundo exclusivo crit\u00e9rio do autor.<\/p>\n\n\n\n<p><strong>Coment\u00e1rios<\/strong><\/p>\n\n\n\n<p>A a\u00e7\u00e3o que trata sobre direito\npessoal ou real sobre bens m\u00f3veis deve ser proposta no domic\u00edlio do r\u00e9u. O r\u00e9u,\nAntonio, \u00e9 domiciliado em Salvador, portanto, a <strong>alternativa B<\/strong> est\u00e1\ncorreta e \u00e9 o gabarito da quest\u00e3o. Vejamos o art. 46, <em>caput<\/em>, o CPC, que fundamenta a quest\u00e3o:<\/p>\n\n\n\n<blockquote class=\"wp-block-quote is-layout-flow wp-block-quote-is-layout-flow\"><p><em>Art. 46. A a\u00e7\u00e3o fundada em direito pessoal ou em direito real sobre bens m\u00f3veis ser\u00e1 proposta, em regra, no foro de domic\u00edlio do r\u00e9u.<\/em><\/p><\/blockquote>\n\n\n\n<p>&#8212;<\/p>\n\n\n\n<p><strong>34.<\/strong> Sobre Juizados\nEspeciais C\u00edveis da Justi\u00e7a Federal, \u00e9 correto afirmar:<\/p>\n\n\n\n<p>(A) S\u00e3o regidos pela Lei n\u00ba\n10.259\/2001 e a eles n\u00e3o se aplica a Lei n\u00ba 9.099\/1995, que disp\u00f5e sobre os\nJuizados Especiais C\u00edveis e Criminais da Justi\u00e7a Estadual.<\/p>\n\n\n\n<p>(B) Compete ao Juizado Especial\nC\u00edvel da Justi\u00e7a Federal processar, conciliar e julgar causas de compet\u00eancia da\nJusti\u00e7a Federal at\u00e9 o valor m\u00e1ximo de quarenta sal\u00e1rios m\u00ednimos, bem como\nexecutar as suas senten\u00e7as.<\/p>\n\n\n\n<p>(C) Autarquias e funda\u00e7\u00f5es\nfederais podem ser parte no Juizado Especial C\u00edvel da Justi\u00e7a Federal, como\nautoras, desde que a causa respeite o valor de al\u00e7ada.<\/p>\n\n\n\n<p>(D) No foro onde estiver\ninstalada Vara do Juizado Especial C\u00edvel da Justi\u00e7a Federal, a sua compet\u00eancia\n\u00e9 relativa.<\/p>\n\n\n\n<p>(E) Excluem-se da compet\u00eancia do\nJuizado Especial C\u00edvel da Justi\u00e7a Federal as a\u00e7\u00f5es que tenham por objeto a\nanula\u00e7\u00e3o ou cancelamento de ato administrativo federal, salvo o de natureza\nprevidenci\u00e1ria e o de lan\u00e7amento fiscal.<\/p>\n\n\n\n<p><strong>Coment\u00e1rios<\/strong><\/p>\n\n\n\n<p>A <strong>alternativa A<\/strong> est\u00e1 incorreta, pois a aplica\u00e7\u00e3o da Lei 9.099\/95 \u00e9 subsidi\u00e1ria em rela\u00e7\u00e3o\naos Juizados Federais. Veja o art. 1\u00ba, da Lei 10.259\/2001:<\/p>\n\n\n\n<blockquote class=\"wp-block-quote is-layout-flow wp-block-quote-is-layout-flow\"><p><em>Art. 1\u00ba S\u00e3o institu\u00eddos os Juizados Especiais C\u00edveis e Criminais da Justi\u00e7a Federal, aos quais se aplica, no que n\u00e3o conflitar com esta Lei, o disposto na Lei no 9.099, de 26 de setembro de 1995.<\/em><\/p><\/blockquote>\n\n\n\n<p>A <strong>alternativa B<\/strong> est\u00e1 incorreta, pois o valor da causa nos Juizados Federais \u00e9 at\u00e9\n60 sal\u00e1rios m\u00ednimos conforme o art. 3\u00ba, da Lei 10.259\/20001:<\/p>\n\n\n\n<blockquote class=\"wp-block-quote is-layout-flow wp-block-quote-is-layout-flow\"><p><em>Art. 3\u00ba Compete ao Juizado Especial Federal C\u00edvel processar, conciliar e julgar causas de compet\u00eancia da Justi\u00e7a Federal at\u00e9 o valor de sessenta sal\u00e1rios m\u00ednimos, bem como executar as suas senten\u00e7as.<\/em><\/p><\/blockquote>\n\n\n\n<p>A <strong>alternativa C<\/strong> est\u00e1 incorreta, pois as entidades mencionadas podem atuar apenas\ncomo r\u00e9s:<\/p>\n\n\n\n<blockquote class=\"wp-block-quote is-layout-flow wp-block-quote-is-layout-flow\"><p><em>Art. 6\u00ba Podem ser partes no Juizado Especial Federal C\u00edvel:<\/em><\/p><p><em>I \u2013 como autores, as pessoas f\u00edsicas e as microempresas e empresas de pequeno porte, assim definidas na Lei no 9.317, de 5 de dezembro de 1996;<\/em><\/p><p><em>II \u2013 como r\u00e9s, a Uni\u00e3o, autarquias, funda\u00e7\u00f5es e empresas p\u00fablicas federais.<\/em><\/p><\/blockquote>\n\n\n\n<p>A <strong>alternativa D<\/strong> est\u00e1 incorreta, pois a\ncompet\u00eancia \u00e9 absoluta, conforme art. 3\u00ba, \u00a73\u00ba, da Lei 10.259\/2001:<\/p>\n\n\n\n<blockquote class=\"wp-block-quote is-layout-flow wp-block-quote-is-layout-flow\"><p><em>\u00a7 3\u00ba No foro onde estiver instalada Vara do Juizado Especial, a sua compet\u00eancia \u00e9 absoluta.<\/em><\/p><\/blockquote>\n\n\n\n<p>A<strong>\nalternativa E<\/strong> est\u00e1 correta e \u00e9 o gabarito da quest\u00e3o, conforme \u00a71\u00ba,\nIII, do art. 3\u00ba da Lei 10.259\/2001:<\/p>\n\n\n\n<blockquote class=\"wp-block-quote is-layout-flow wp-block-quote-is-layout-flow\"><p><em>\u00a7 1\u00ba N\u00e3o se incluem na compet\u00eancia do Juizado Especial C\u00edvel as causas:<\/em><\/p><p><em>III &#8211; para a anula\u00e7\u00e3o ou cancelamento de ato administrativo federal, salvo o de natureza previdenci\u00e1ria e o de lan\u00e7amento fiscal;<\/em><\/p><\/blockquote>\n\n\n\n<p>&#8212;<\/p>\n\n\n\n<p><strong>35. <\/strong>Andr\u00e9 ajuizou a\u00e7\u00e3o de\ncobran\u00e7a contra Reinaldo e Let\u00edcia, demandando o pagamento de alugueres de um\nim\u00f3vel que lhes havia locado, mediante contrato verbal. Em sua contesta\u00e7\u00e3o,\nReinaldo nega a exist\u00eancia de loca\u00e7\u00e3o, argumentando que o im\u00f3vel lhes havia\nsido cedido em comodato. Por sua vez, na contesta\u00e7\u00e3o de Let\u00edcia, ela admite a\nexist\u00eancia da loca\u00e7\u00e3o, sustentando que ela e Reinaldo, seu irm\u00e3o, deixaram de\npagar os alugueres por conta de dificuldades financeiras. Nesse caso, dada a\nexist\u00eancia do litiscons\u00f3rcio passivo, a confiss\u00e3o de Let\u00edcia quanto \u00e0\nexist\u00eancia da loca\u00e7\u00e3o<\/p>\n\n\n\n<p>(A) faz prova apenas contra ela, Let\u00edcia.<\/p>\n\n\n\n<p>(B) faz prova contra ela, Let\u00edcia, e tamb\u00e9m contra Reinaldo.<\/p>\n\n\n\n<p>(C) faz prova apenas contra Reinaldo.<\/p>\n\n\n\n<p>(D) faz prova contra ela, Let\u00edcia, somente se corroborada por outros\nmeios.<\/p>\n\n\n\n<p>(E) n\u00e3o faz prova contra ela, Let\u00edcia, nem contra Reinaldo.<\/p>\n\n\n\n<p><strong>Coment\u00e1rios<\/strong><\/p>\n\n\n\n<p>Nessa quest\u00e3o temos um\nlitiscons\u00f3rcio passivo. Por n\u00e3o se tratar de litiscons\u00f3rcio unit\u00e1rio, vamos\nobservar o princ\u00edpio da independ\u00eancia dos litisconsortes. Assim, a confiss\u00e3o de\numa das partes n\u00e3o prejudica a parte contr\u00e1ria. Logo, se Let\u00edcia confessou, a\nconfiss\u00e3o faz prova contra Let\u00edcia, mas nada afeta a defesa de Reinaldo. \u00c9 o\nque se extrai do art. 117, CPC:<\/p>\n\n\n\n<blockquote class=\"wp-block-quote is-layout-flow wp-block-quote-is-layout-flow\"><p><em>Art. 117. Os litisconsortes ser\u00e3o considerados, em suas rela\u00e7\u00f5es com a parte adversa, como litigantes distintos, exceto no litiscons\u00f3rcio unit\u00e1rio, caso em que os atos e as omiss\u00f5es de um n\u00e3o prejudicar\u00e3o os outros, mas os poder\u00e3o beneficiar.<\/em><\/p><\/blockquote>\n\n\n\n<p>Assim, a <strong>alternativa A <\/strong>est\u00e1 correta e \u00e9 o gabarito da quest\u00e3o. <\/p>\n\n\n\n<p>&#8212;<\/p>\n\n\n\n<p><strong>36. <\/strong>Patr\u00edcia ajuizou a\u00e7\u00e3o\nindenizat\u00f3ria contra a Uni\u00e3o. Sem examinar a prova produzida nem apreciar\nnenhum dos fundamentos deduzidos na contesta\u00e7\u00e3o, o juiz pronunciou, de of\u00edcio,\na prescri\u00e7\u00e3o, extinguindo o processo por meio de senten\u00e7a, contra a qual n\u00e3o\nfoi interposto nenhum recurso no prazo legal. Nesse caso, a senten\u00e7a<\/p>\n\n\n\n<p>(A) importou em resolu\u00e7\u00e3o de m\u00e9rito, fazendo coisa julgada formal, mas\nn\u00e3o material.<\/p>\n\n\n\n<p>(B) importou em resolu\u00e7\u00e3o de m\u00e9rito, fazendo coisa julgada material.<\/p>\n\n\n\n<p>(C) n\u00e3o importou em resolu\u00e7\u00e3o de m\u00e9rito, nem fez coisa julgada.<\/p>\n\n\n\n<p>(D) n\u00e3o importou em resolu\u00e7\u00e3o de m\u00e9rito, fazendo coisa julgada formal,\nmas n\u00e3o material.<\/p>\n\n\n\n<p>(E) n\u00e3o importou em resolu\u00e7\u00e3o de m\u00e9rito, fazendo coisa julgada material.<\/p>\n\n\n\n<p><strong>Coment\u00e1rios<\/strong><\/p>\n\n\n\n<p>A senten\u00e7a que reconhecer\nliminarmente a prescri\u00e7\u00e3o \u00e9 resolut\u00f3ria de m\u00e9rito nos termos do \u00a71\u00ba do art. 332\ndo CPC. Veja:<\/p>\n\n\n\n<blockquote class=\"wp-block-quote is-layout-flow wp-block-quote-is-layout-flow\"><p><em>\u00a7 1\u00ba O juiz tamb\u00e9m poder\u00e1 julgar liminarmente improcedente o pedido se verificar, desde logo, a ocorr\u00eancia de decad\u00eancia ou de prescri\u00e7\u00e3o.<\/em><\/p><\/blockquote>\n\n\n\n<p>Essa decis\u00e3o resolve o m\u00e9rito com\nbase no art. 487, II, do CPC:<\/p>\n\n\n\n<blockquote class=\"wp-block-quote is-layout-flow wp-block-quote-is-layout-flow\"><p>Art. 487. Haver\u00e1 resolu\u00e7\u00e3o de m\u00e9rito quando o juiz:<\/p><p>II &#8211; decidir, de of\u00edcio ou a requerimento, sobre a ocorr\u00eancia de decad\u00eancia ou prescri\u00e7\u00e3o;<\/p><\/blockquote>\n\n\n\n<p>Por se tratar de decis\u00e3o que\nresolve o m\u00e9rito, h\u00e1 coisa julgada material, para al\u00e9m da coisa julgada formal.\nLogo, &nbsp;a <strong>alternativa\nB<\/strong> \u00e9 a correta e gabarito da quest\u00e3o.<\/p>\n\n\n\n<p>&#8212;<\/p>\n\n\n\n<p><strong>37.<\/strong> Rodolfo ajuizou a\u00e7\u00e3o contra Felipe, versando o lit\u00edgio sobre\ndireito indispon\u00edvel. Devidamente citado, o r\u00e9u n\u00e3o ofereceu contesta\u00e7\u00e3o no\nprazo legal, tornando-se revel. Nesse caso, a revelia<\/p>\n\n\n\n<p>(A) imp\u00f5e que o pedido seja\njulgado procedente.<\/p>\n\n\n\n<p>(B) torna precluso o direito de\nproduzir provas.<\/p>\n\n\n\n<p>(C) veda a interposi\u00e7\u00e3o de\nrecurso contra a senten\u00e7a.<\/p>\n\n\n\n<p>(D) impede o r\u00e9u de intervir no\nprocesso, salvo na fase de cumprimento de senten\u00e7a.<\/p>\n\n\n\n<p>(E) n\u00e3o enseja a presun\u00e7\u00e3o da\nveracidade das alega\u00e7\u00f5es de fato formuladas pelo autor.<\/p>\n\n\n\n<p><strong>Coment\u00e1rios<\/strong><\/p>\n\n\n\n<p>A <strong>alternativa\nE<\/strong> \u00e9 correta e gabarito da quest\u00e3o. Como regra, a revelia te como\nefeito a presun\u00e7\u00e3o de veracidade das alega\u00e7\u00f5es de fato formuladas pelo autor.\nContudo, quando o lit\u00edgio versar sobre direitos indispon\u00edveis, da revelia n\u00e3o\ndecorre o efeito material de presun\u00e7\u00e3o de verdade dos\nfatos alegados pela parte autora. Confira, o art. 345, II, combinado com o art.\n344, todos do CPC:<\/p>\n\n\n\n<blockquote class=\"wp-block-quote is-layout-flow wp-block-quote-is-layout-flow\"><p><em>Art. 345. A revelia n\u00e3o produz o efeito mencionado no art. 344 se: (&#8230;)<\/em><\/p><p><em>II &#8211; o lit\u00edgio versar sobre direitos indispon\u00edveis;<\/em><\/p><p><em>Art. 344. Se o r\u00e9u n\u00e3o contestar a a\u00e7\u00e3o, ser\u00e1 considerado revel e presumir-se-\u00e3o verdadeiras as alega\u00e7\u00f5es de fato formuladas pelo autor.<\/em><\/p><\/blockquote>\n\n\n\n<p>&#8212;<\/p>\n\n\n\n<p style=\"text-align:center\" class=\"has-text-color has-background has-vivid-cyan-blue-color has-luminous-vivid-amber-background-color\"><strong><a href=\"https:\/\/docs.google.com\/forms\/d\/e\/1FAIpQLSdtVvTvWekCBZsg1TGXhkegU5MY10bNA9igcBQ3sdw6Wcuv9A\/viewform\">Preencha o Gabarito TRF4 e Participe do Ranking<\/a><\/strong><\/p>\n\n\n\n<p>\u00c9 isso. Bons estudos!<\/p>\n\n\n\n<p><\/p>\n","protected":false},"excerpt":{"rendered":"<p>Ol\u00e1! Analisamos as quest\u00f5es de Direito Processual Civil aplicadas na prova deste final de semana do TRF da 4\u00aa Regi\u00e3o. Verificamos as quest\u00f5es e entendemos que n\u00e3o cabe recurso em uma an\u00e1lise preliminar. N\u00e3o obstante, caso voc\u00ea fique em d\u00favida, por favor, no contate: INSTAGRAM:&nbsp;https:\/\/www.instagram.com\/proftorques\/ FACEBOOK:&nbsp; https:\/\/www.facebook.com\/dpcparaconcursos\/ E-MAIL:&nbsp;rst.estrategia@gmail.com Vamos \u00e0s quest\u00f5es?! &#8212; 33. Jo\u00e3o, domiciliado [&hellip;]<\/p>\n","protected":false},"author":180,"featured_media":0,"comment_status":"open","ping_status":"closed","sticky":false,"template":"","format":"standard","meta":{"post_tipo":"article","footnotes":""},"categories":[1],"tags":[328,1182,867,578],"tax_estado":[],"class_list":["post-406236","post","type-post","status-publish","format-standard","hentry","category-cursos-e-concursos","tag-fcc","tag-processo-civil","tag-prova-comentada","tag-trf-4"],"acf":[],"yoast_head":"<!-- This site is optimized with the Yoast SEO Premium plugin v27.2 (Yoast SEO v27.2) - https:\/\/yoast.com\/product\/yoast-seo-premium-wordpress\/ -->\n<title>Coment\u00e1rios \u00e0s Quest\u00f5es de Direito Processual Civil do TRF da 4\u00aa Regi\u00e3o<\/title>\n<meta name=\"robots\" content=\"index, follow, max-snippet:-1, max-image-preview:large, max-video-preview:-1\" \/>\n<link rel=\"canonical\" href=\"https:\/\/www.estrategiaconcursos.com.br\/blog\/comentarios-as-questoes-de-direito-processual-civil-do-trf-da-4a-regiao\/\" \/>\n<meta property=\"og:locale\" content=\"pt_BR\" \/>\n<meta property=\"og:type\" content=\"article\" \/>\n<meta property=\"og:title\" content=\"Coment\u00e1rios \u00e0s Quest\u00f5es de Direito Processual Civil do TRF da 4\u00aa Regi\u00e3o\" \/>\n<meta property=\"og:description\" content=\"Ol\u00e1! Analisamos as quest\u00f5es de Direito Processual Civil aplicadas na prova deste final de semana do TRF da 4\u00aa Regi\u00e3o. Verificamos as quest\u00f5es e entendemos que n\u00e3o cabe recurso em uma an\u00e1lise preliminar. N\u00e3o obstante, caso voc\u00ea fique em d\u00favida, por favor, no contate: INSTAGRAM:&nbsp;https:\/\/www.instagram.com\/proftorques\/ FACEBOOK:&nbsp; https:\/\/www.facebook.com\/dpcparaconcursos\/ E-MAIL:&nbsp;rst.estrategia@gmail.com Vamos \u00e0s quest\u00f5es?! &#8212; 33. Jo\u00e3o, domiciliado [&hellip;]\" \/>\n<meta property=\"og:url\" content=\"https:\/\/www.estrategiaconcursos.com.br\/blog\/comentarios-as-questoes-de-direito-processual-civil-do-trf-da-4a-regiao\/\" \/>\n<meta property=\"og:site_name\" content=\"Estrat\u00e9gia Concursos\" \/>\n<meta property=\"article:author\" content=\"https:\/\/www.facebook.com\/ricardo.s.torques\" \/>\n<meta property=\"article:published_time\" content=\"2019-08-05T20:52:42+00:00\" \/>\n<meta property=\"article:modified_time\" content=\"2019-08-05T21:33:01+00:00\" \/>\n<meta name=\"author\" content=\"Ricardo Torques\" \/>\n<meta name=\"twitter:card\" content=\"summary_large_image\" \/>\n<meta name=\"twitter:creator\" content=\"@EstratConcursos\" \/>\n<meta name=\"twitter:site\" content=\"@EstratConcursos\" \/>\n<meta name=\"twitter:label1\" content=\"Escrito por\" \/>\n\t<meta name=\"twitter:data1\" content=\"Ricardo Torques\" \/>\n\t<meta name=\"twitter:label2\" content=\"Est. tempo de leitura\" \/>\n\t<meta name=\"twitter:data2\" content=\"7 minutos\" \/>\n<script type=\"application\/ld+json\" class=\"yoast-schema-graph\">{\"@context\":\"https:\/\/schema.org\",\"@graph\":[{\"@type\":\"NewsArticle\",\"@id\":\"https:\/\/www.estrategiaconcursos.com.br\/blog\/comentarios-as-questoes-de-direito-processual-civil-do-trf-da-4a-regiao\/#article\",\"isPartOf\":{\"@id\":\"https:\/\/www.estrategiaconcursos.com.br\/blog\/comentarios-as-questoes-de-direito-processual-civil-do-trf-da-4a-regiao\/\"},\"author\":{\"name\":\"Ricardo Torques\",\"@id\":\"https:\/\/www.estrategiaconcursos.com.br\/blog\/#\/schema\/person\/aa39cf5ddb518e5bdce27c35788405e2\"},\"headline\":\"Coment\u00e1rios \u00e0s Quest\u00f5es de Direito Processual Civil do TRF da 4\u00aa Regi\u00e3o\",\"datePublished\":\"2019-08-05T20:52:42+00:00\",\"dateModified\":\"2019-08-05T21:33:01+00:00\",\"mainEntityOfPage\":{\"@id\":\"https:\/\/www.estrategiaconcursos.com.br\/blog\/comentarios-as-questoes-de-direito-processual-civil-do-trf-da-4a-regiao\/\"},\"wordCount\":1490,\"commentCount\":4,\"publisher\":{\"@id\":\"https:\/\/www.estrategiaconcursos.com.br\/blog\/#organization\"},\"keywords\":[\"FCC\",\"Processo Civil\",\"prova comentada\",\"TRF 4\"],\"articleSection\":[\"Concursos P\u00fablicos\"],\"inLanguage\":\"pt-BR\",\"potentialAction\":[{\"@type\":\"CommentAction\",\"name\":\"Comment\",\"target\":[\"https:\/\/www.estrategiaconcursos.com.br\/blog\/comentarios-as-questoes-de-direito-processual-civil-do-trf-da-4a-regiao\/#respond\"]}],\"copyrightYear\":\"2019\",\"copyrightHolder\":{\"@id\":\"https:\/\/www.estrategiaconcursos.com.br\/blog\/#organization\"}},{\"@type\":\"WebPage\",\"@id\":\"https:\/\/www.estrategiaconcursos.com.br\/blog\/comentarios-as-questoes-de-direito-processual-civil-do-trf-da-4a-regiao\/\",\"url\":\"https:\/\/www.estrategiaconcursos.com.br\/blog\/comentarios-as-questoes-de-direito-processual-civil-do-trf-da-4a-regiao\/\",\"name\":\"Coment\u00e1rios \u00e0s Quest\u00f5es de Direito Processual Civil do TRF da 4\u00aa Regi\u00e3o\",\"isPartOf\":{\"@id\":\"https:\/\/www.estrategiaconcursos.com.br\/blog\/#website\"},\"datePublished\":\"2019-08-05T20:52:42+00:00\",\"dateModified\":\"2019-08-05T21:33:01+00:00\",\"breadcrumb\":{\"@id\":\"https:\/\/www.estrategiaconcursos.com.br\/blog\/comentarios-as-questoes-de-direito-processual-civil-do-trf-da-4a-regiao\/#breadcrumb\"},\"inLanguage\":\"pt-BR\",\"potentialAction\":[{\"@type\":\"ReadAction\",\"target\":[\"https:\/\/www.estrategiaconcursos.com.br\/blog\/comentarios-as-questoes-de-direito-processual-civil-do-trf-da-4a-regiao\/\"]}]},{\"@type\":\"BreadcrumbList\",\"@id\":\"https:\/\/www.estrategiaconcursos.com.br\/blog\/comentarios-as-questoes-de-direito-processual-civil-do-trf-da-4a-regiao\/#breadcrumb\",\"itemListElement\":[{\"@type\":\"ListItem\",\"position\":1,\"name\":\"In\u00edcio\",\"item\":\"https:\/\/www.estrategiaconcursos.com.br\/blog\/\"},{\"@type\":\"ListItem\",\"position\":2,\"name\":\"Coment\u00e1rios \u00e0s Quest\u00f5es de Direito Processual Civil do TRF da 4\u00aa Regi\u00e3o\"}]},{\"@type\":\"WebSite\",\"@id\":\"https:\/\/www.estrategiaconcursos.com.br\/blog\/#website\",\"url\":\"https:\/\/www.estrategiaconcursos.com.br\/blog\/\",\"name\":\"Estrat\u00e9gia Concursos\",\"description\":\"O blog da Estrat\u00e9gia Concursos traz not\u00edcias sobre concursos e artigos de professores oferecendo cursos para concursos (pdf + videaulas) no site.\",\"publisher\":{\"@id\":\"https:\/\/www.estrategiaconcursos.com.br\/blog\/#organization\"},\"potentialAction\":[{\"@type\":\"SearchAction\",\"target\":{\"@type\":\"EntryPoint\",\"urlTemplate\":\"https:\/\/www.estrategiaconcursos.com.br\/blog\/?s={search_term_string}\"},\"query-input\":{\"@type\":\"PropertyValueSpecification\",\"valueRequired\":true,\"valueName\":\"search_term_string\"}}],\"inLanguage\":\"pt-BR\"},{\"@type\":\"Organization\",\"@id\":\"https:\/\/www.estrategiaconcursos.com.br\/blog\/#organization\",\"name\":\"Estrat\u00e9gia Concursos\",\"url\":\"https:\/\/www.estrategiaconcursos.com.br\/blog\/\",\"logo\":{\"@type\":\"ImageObject\",\"inLanguage\":\"pt-BR\",\"@id\":\"https:\/\/www.estrategiaconcursos.com.br\/blog\/#\/schema\/logo\/image\/\",\"url\":\"https:\/\/dhg1h5j42swfq.cloudfront.net\/2025\/06\/03203428\/logo_concursos-1.jpg\",\"contentUrl\":\"https:\/\/dhg1h5j42swfq.cloudfront.net\/2025\/06\/03203428\/logo_concursos-1.jpg\",\"width\":230,\"height\":60,\"caption\":\"Estrat\u00e9gia Concursos\"},\"image\":{\"@id\":\"https:\/\/www.estrategiaconcursos.com.br\/blog\/#\/schema\/logo\/image\/\"},\"sameAs\":[\"https:\/\/x.com\/EstratConcursos\"]},{\"@type\":\"Person\",\"@id\":\"https:\/\/www.estrategiaconcursos.com.br\/blog\/#\/schema\/person\/aa39cf5ddb518e5bdce27c35788405e2\",\"name\":\"Ricardo Torques\",\"image\":{\"@type\":\"ImageObject\",\"inLanguage\":\"pt-BR\",\"@id\":\"https:\/\/secure.gravatar.com\/avatar\/ce9ac6c3cff25fe86d15ed568ebc64d1724baf5c0693133bcb1f6073f712f92a?s=96&d=mm&r=g\",\"url\":\"https:\/\/secure.gravatar.com\/avatar\/ce9ac6c3cff25fe86d15ed568ebc64d1724baf5c0693133bcb1f6073f712f92a?s=96&d=mm&r=g\",\"contentUrl\":\"https:\/\/secure.gravatar.com\/avatar\/ce9ac6c3cff25fe86d15ed568ebc64d1724baf5c0693133bcb1f6073f712f92a?s=96&d=mm&r=g\",\"caption\":\"Ricardo Torques\"},\"sameAs\":[\"https:\/\/www.facebook.com\/ricardo.s.torques\"],\"url\":\"https:\/\/www.estrategiaconcursos.com.br\/blog\/author\/ricardotorquesestrategiaconcursos-com-br\/\"}]}<\/script>\n<!-- \/ Yoast SEO Premium plugin. -->","yoast_head_json":{"title":"Coment\u00e1rios \u00e0s Quest\u00f5es de Direito Processual Civil do TRF da 4\u00aa Regi\u00e3o","robots":{"index":"index","follow":"follow","max-snippet":"max-snippet:-1","max-image-preview":"max-image-preview:large","max-video-preview":"max-video-preview:-1"},"canonical":"https:\/\/www.estrategiaconcursos.com.br\/blog\/comentarios-as-questoes-de-direito-processual-civil-do-trf-da-4a-regiao\/","og_locale":"pt_BR","og_type":"article","og_title":"Coment\u00e1rios \u00e0s Quest\u00f5es de Direito Processual Civil do TRF da 4\u00aa Regi\u00e3o","og_description":"Ol\u00e1! Analisamos as quest\u00f5es de Direito Processual Civil aplicadas na prova deste final de semana do TRF da 4\u00aa Regi\u00e3o. Verificamos as quest\u00f5es e entendemos que n\u00e3o cabe recurso em uma an\u00e1lise preliminar. N\u00e3o obstante, caso voc\u00ea fique em d\u00favida, por favor, no contate: INSTAGRAM:&nbsp;https:\/\/www.instagram.com\/proftorques\/ FACEBOOK:&nbsp; https:\/\/www.facebook.com\/dpcparaconcursos\/ E-MAIL:&nbsp;rst.estrategia@gmail.com Vamos \u00e0s quest\u00f5es?! &#8212; 33. Jo\u00e3o, domiciliado [&hellip;]","og_url":"https:\/\/www.estrategiaconcursos.com.br\/blog\/comentarios-as-questoes-de-direito-processual-civil-do-trf-da-4a-regiao\/","og_site_name":"Estrat\u00e9gia Concursos","article_author":"https:\/\/www.facebook.com\/ricardo.s.torques","article_published_time":"2019-08-05T20:52:42+00:00","article_modified_time":"2019-08-05T21:33:01+00:00","author":"Ricardo Torques","twitter_card":"summary_large_image","twitter_creator":"@EstratConcursos","twitter_site":"@EstratConcursos","twitter_misc":{"Escrito por":"Ricardo Torques","Est. tempo de leitura":"7 minutos"},"schema":{"@context":"https:\/\/schema.org","@graph":[{"@type":"NewsArticle","@id":"https:\/\/www.estrategiaconcursos.com.br\/blog\/comentarios-as-questoes-de-direito-processual-civil-do-trf-da-4a-regiao\/#article","isPartOf":{"@id":"https:\/\/www.estrategiaconcursos.com.br\/blog\/comentarios-as-questoes-de-direito-processual-civil-do-trf-da-4a-regiao\/"},"author":{"name":"Ricardo Torques","@id":"https:\/\/www.estrategiaconcursos.com.br\/blog\/#\/schema\/person\/aa39cf5ddb518e5bdce27c35788405e2"},"headline":"Coment\u00e1rios \u00e0s Quest\u00f5es de Direito Processual Civil do TRF da 4\u00aa Regi\u00e3o","datePublished":"2019-08-05T20:52:42+00:00","dateModified":"2019-08-05T21:33:01+00:00","mainEntityOfPage":{"@id":"https:\/\/www.estrategiaconcursos.com.br\/blog\/comentarios-as-questoes-de-direito-processual-civil-do-trf-da-4a-regiao\/"},"wordCount":1490,"commentCount":4,"publisher":{"@id":"https:\/\/www.estrategiaconcursos.com.br\/blog\/#organization"},"keywords":["FCC","Processo Civil","prova comentada","TRF 4"],"articleSection":["Concursos P\u00fablicos"],"inLanguage":"pt-BR","potentialAction":[{"@type":"CommentAction","name":"Comment","target":["https:\/\/www.estrategiaconcursos.com.br\/blog\/comentarios-as-questoes-de-direito-processual-civil-do-trf-da-4a-regiao\/#respond"]}],"copyrightYear":"2019","copyrightHolder":{"@id":"https:\/\/www.estrategiaconcursos.com.br\/blog\/#organization"}},{"@type":"WebPage","@id":"https:\/\/www.estrategiaconcursos.com.br\/blog\/comentarios-as-questoes-de-direito-processual-civil-do-trf-da-4a-regiao\/","url":"https:\/\/www.estrategiaconcursos.com.br\/blog\/comentarios-as-questoes-de-direito-processual-civil-do-trf-da-4a-regiao\/","name":"Coment\u00e1rios \u00e0s Quest\u00f5es de Direito Processual Civil do TRF da 4\u00aa Regi\u00e3o","isPartOf":{"@id":"https:\/\/www.estrategiaconcursos.com.br\/blog\/#website"},"datePublished":"2019-08-05T20:52:42+00:00","dateModified":"2019-08-05T21:33:01+00:00","breadcrumb":{"@id":"https:\/\/www.estrategiaconcursos.com.br\/blog\/comentarios-as-questoes-de-direito-processual-civil-do-trf-da-4a-regiao\/#breadcrumb"},"inLanguage":"pt-BR","potentialAction":[{"@type":"ReadAction","target":["https:\/\/www.estrategiaconcursos.com.br\/blog\/comentarios-as-questoes-de-direito-processual-civil-do-trf-da-4a-regiao\/"]}]},{"@type":"BreadcrumbList","@id":"https:\/\/www.estrategiaconcursos.com.br\/blog\/comentarios-as-questoes-de-direito-processual-civil-do-trf-da-4a-regiao\/#breadcrumb","itemListElement":[{"@type":"ListItem","position":1,"name":"In\u00edcio","item":"https:\/\/www.estrategiaconcursos.com.br\/blog\/"},{"@type":"ListItem","position":2,"name":"Coment\u00e1rios \u00e0s Quest\u00f5es de Direito Processual Civil do TRF da 4\u00aa Regi\u00e3o"}]},{"@type":"WebSite","@id":"https:\/\/www.estrategiaconcursos.com.br\/blog\/#website","url":"https:\/\/www.estrategiaconcursos.com.br\/blog\/","name":"Estrat\u00e9gia Concursos","description":"O blog da Estrat\u00e9gia Concursos traz not\u00edcias sobre concursos e artigos de professores oferecendo cursos para concursos (pdf + videaulas) no site.","publisher":{"@id":"https:\/\/www.estrategiaconcursos.com.br\/blog\/#organization"},"potentialAction":[{"@type":"SearchAction","target":{"@type":"EntryPoint","urlTemplate":"https:\/\/www.estrategiaconcursos.com.br\/blog\/?s={search_term_string}"},"query-input":{"@type":"PropertyValueSpecification","valueRequired":true,"valueName":"search_term_string"}}],"inLanguage":"pt-BR"},{"@type":"Organization","@id":"https:\/\/www.estrategiaconcursos.com.br\/blog\/#organization","name":"Estrat\u00e9gia Concursos","url":"https:\/\/www.estrategiaconcursos.com.br\/blog\/","logo":{"@type":"ImageObject","inLanguage":"pt-BR","@id":"https:\/\/www.estrategiaconcursos.com.br\/blog\/#\/schema\/logo\/image\/","url":"https:\/\/dhg1h5j42swfq.cloudfront.net\/2025\/06\/03203428\/logo_concursos-1.jpg","contentUrl":"https:\/\/dhg1h5j42swfq.cloudfront.net\/2025\/06\/03203428\/logo_concursos-1.jpg","width":230,"height":60,"caption":"Estrat\u00e9gia Concursos"},"image":{"@id":"https:\/\/www.estrategiaconcursos.com.br\/blog\/#\/schema\/logo\/image\/"},"sameAs":["https:\/\/x.com\/EstratConcursos"]},{"@type":"Person","@id":"https:\/\/www.estrategiaconcursos.com.br\/blog\/#\/schema\/person\/aa39cf5ddb518e5bdce27c35788405e2","name":"Ricardo Torques","image":{"@type":"ImageObject","inLanguage":"pt-BR","@id":"https:\/\/secure.gravatar.com\/avatar\/ce9ac6c3cff25fe86d15ed568ebc64d1724baf5c0693133bcb1f6073f712f92a?s=96&d=mm&r=g","url":"https:\/\/secure.gravatar.com\/avatar\/ce9ac6c3cff25fe86d15ed568ebc64d1724baf5c0693133bcb1f6073f712f92a?s=96&d=mm&r=g","contentUrl":"https:\/\/secure.gravatar.com\/avatar\/ce9ac6c3cff25fe86d15ed568ebc64d1724baf5c0693133bcb1f6073f712f92a?s=96&d=mm&r=g","caption":"Ricardo Torques"},"sameAs":["https:\/\/www.facebook.com\/ricardo.s.torques"],"url":"https:\/\/www.estrategiaconcursos.com.br\/blog\/author\/ricardotorquesestrategiaconcursos-com-br\/"}]}},"_links":{"self":[{"href":"https:\/\/www.estrategiaconcursos.com.br\/blog\/wp-json\/wp\/v2\/posts\/406236","targetHints":{"allow":["GET"]}}],"collection":[{"href":"https:\/\/www.estrategiaconcursos.com.br\/blog\/wp-json\/wp\/v2\/posts"}],"about":[{"href":"https:\/\/www.estrategiaconcursos.com.br\/blog\/wp-json\/wp\/v2\/types\/post"}],"author":[{"embeddable":true,"href":"https:\/\/www.estrategiaconcursos.com.br\/blog\/wp-json\/wp\/v2\/users\/180"}],"replies":[{"embeddable":true,"href":"https:\/\/www.estrategiaconcursos.com.br\/blog\/wp-json\/wp\/v2\/comments?post=406236"}],"version-history":[{"count":4,"href":"https:\/\/www.estrategiaconcursos.com.br\/blog\/wp-json\/wp\/v2\/posts\/406236\/revisions"}],"predecessor-version":[{"id":406296,"href":"https:\/\/www.estrategiaconcursos.com.br\/blog\/wp-json\/wp\/v2\/posts\/406236\/revisions\/406296"}],"wp:attachment":[{"href":"https:\/\/www.estrategiaconcursos.com.br\/blog\/wp-json\/wp\/v2\/media?parent=406236"}],"wp:term":[{"taxonomy":"category","embeddable":true,"href":"https:\/\/www.estrategiaconcursos.com.br\/blog\/wp-json\/wp\/v2\/categories?post=406236"},{"taxonomy":"post_tag","embeddable":true,"href":"https:\/\/www.estrategiaconcursos.com.br\/blog\/wp-json\/wp\/v2\/tags?post=406236"},{"taxonomy":"tax_estado","embeddable":true,"href":"https:\/\/www.estrategiaconcursos.com.br\/blog\/wp-json\/wp\/v2\/tax_estado?post=406236"}],"curies":[{"name":"wp","href":"https:\/\/api.w.org\/{rel}","templated":true}]}}