{"id":406169,"date":"2019-08-05T15:40:47","date_gmt":"2019-08-05T18:40:47","guid":{"rendered":"https:\/\/www.estrategiaconcursos.com.br\/blog\/?p=406169"},"modified":"2022-10-24T17:27:25","modified_gmt":"2022-10-24T20:27:25","slug":"2a-semana-intensiva-para-o-xxx-exame-de-ordem","status":"publish","type":"post","link":"https:\/\/www.estrategiaconcursos.com.br\/blog\/2a-semana-intensiva-para-o-xxx-exame-de-ordem\/","title":{"rendered":"2\u00aa Semana Intensiva para o XXX Exame de Ordem"},"content":{"rendered":"\n<p>Nesta segunda-feira, 6 de agosto, come\u00e7amos a 2\u00b0 semana Intensiva para o XXX Exame de Ordem. A 1\u00aa fase do Exame de Ordem busca avaliar os conhecimentos te\u00f3ricos adquiridos durante o curso de Direito.<\/p>\n\n\n\n<p> O exame \u00e9 composto por duas etapas de provas, sendo elas objetiva e&nbsp;pr\u00e1tico-profissional. As duas fases possuem car\u00e1ter eliminat\u00f3rio. Al\u00e9m disso, a 1\u00aa fase do Exame de Ordem consiste em uma&nbsp;<strong>prova&nbsp;objetiva<\/strong>&nbsp;com 80 quest\u00f5es de m\u00faltipla escolha com quatro alternativas.&nbsp;<\/p>\n\n\n\n<p><em>Confira abaixo as disciplinas cobradas:<\/em><\/p>\n\n\n\n<p>Segundo o edital, a prova exigir\u00e1 conhecimentos das disciplinas presentes no curr\u00edculo m\u00ednimo do curso de Direito e mais&nbsp;<strong>sete&nbsp;disciplinas:<\/strong><\/p>\n\n\n\n<ul class=\"wp-block-list\"><li><em>Direitos Humanos;<\/em><\/li><li><em>C\u00f3digo do Consumidor;<\/em><\/li><li><em>Estatuto da Crian\u00e7a e do Adolescente;<\/em><\/li><li><em>Direito Ambiental;<\/em><\/li><li><em>Direito Internacional;<\/em><\/li><li><em>Filosofia do Direito;<\/em><\/li><li><em>Estatuto da Advocacia e da OAB, Regulamento Geral e C\u00f3digo de \u00c9tica e Disciplina da OAB .<\/em><\/li><\/ul>\n\n\n\n<p><em>Quer saber mais sobre o concurso? Clique no link abaixo e fique por dentro de tudo!<\/em><\/p>\n\n\n\n<p class=\"has-text-align-center has-pale-cyan-blue-background-color has-background\" style=\"font-size:clamp(16.293px, 1.018rem + ((1vw - 3.2px) * 0.854), 25px);px\"><em><strong>Mais informa\u00e7\u00f5es:&nbsp;<\/strong><\/em><em><strong><a rel=\"noreferrer noopener\" href=\"https:\/\/www.estrategiaconcursos.com.br\/blog\/exame-de-ordem-2\/\" target=\"_blank\">Exame de Ordem<\/a><\/strong><\/em><\/p>\n\n\n\n<p>O XXX Exame de Ordem abrir\u00e1 as inscri\u00e7\u00f5es no dia 23 de agosto at\u00e9 o dia 01 de setembro. A prova objetiva ser\u00e1 realizada no dia 20 de outubro e a pr\u00e1tico-profissional no dia 01 de dezembro.<\/p>\n\n\n\n<p>Sabendo da import\u00e2ncia que o exame tem na vida do candidato, a equipe de professores do Estrat\u00e9gia Concursos desenvolveu uma<strong><em>&nbsp;\u201c 2\u00b0Semana Intensiva para o XXX Exame de Ordem da OAB<\/em><\/strong>.<\/p>\n\n\n\n<p>Nesta&nbsp;<em>segunda-feira, 05 de agosto, \u00e0s 14:00<\/em>, o professor&nbsp;<em>Ricardo Torques<\/em>&nbsp;ir\u00e1 ministrar a disciplina de&nbsp;<strong>Direito Processual Penal<\/strong>. Voc\u00ea acompanha ao vivo e&nbsp;<strong><em>gratuitamente<\/em><\/strong>&nbsp;atrav\u00e9s do&nbsp;<em>canal do Estrat\u00e9gia Concursos no Youtube<\/em>.<\/p>\n\n\n\n<h2 class=\"wp-block-heading\" id=\"h-nossas-redes-sociais\">Nossas redes sociais<\/h2>\n\n\n\n<p><a href=\"https:\/\/www.instagram.com\/estrategiaoab\/\" target=\"_blank\" rel=\"noreferrer noopener\">Instagram Estrat\u00e9gia OAB<\/a><\/p>\n\n\n\n<p>YouTube do Estrat\u00e9gia OAB<\/p>\n\n\n\n<h2 class=\"wp-block-heading\" id=\"h-pacotes-completos-para-a-1\u00aa-fase\">Pacotes completos para a 1\u00aa fase<\/h2>\n\n\n\n<p><strong><a href=\"https:\/\/www.estrategiaconcursos.com.br\/cursosPorConcurso\/exame-de-ordem-oab-1-fase\/\">Cursos OAB 1\u00aa fase<\/a><\/strong><\/p>\n\n\n\n<h2 class=\"wp-block-heading\" id=\"h-pacotes-completos-para-a-2\u00aa-fase\">Pacotes completos para a 2\u00aa fase<\/h2>\n\n\n\n<p><a href=\"https:\/\/www.estrategiaconcursos.com.br\/curso\/1-curso-de-direito-administrativo-p-oab-2-fase-xxviii-exame-de-ordem-com-monitoria\/\" target=\"_blank\" rel=\"noreferrer noopener\">Direito Administrativo (com Monitoria)<\/a><\/p>\n\n\n\n<p><a href=\"https:\/\/www.estrategiaconcursos.com.br\/curso\/curso-de-direito-administrativo-p-oab-2-fase-xxviii-exame-de-ordem\/\">Direito Administrativo<\/a><\/p>\n\n\n\n<p><a href=\"https:\/\/www.estrategiaconcursos.com.br\/curso\/3-curso-de-direito-constitucional-p-oab-2-fase-xxviii-exame-de-ordem-com-monitoria\/\" target=\"_blank\" rel=\"noreferrer noopener\">Direito Constitucional (com Monitoria)<\/a><\/p>\n\n\n\n<p><a href=\"https:\/\/www.estrategiaconcursos.com.br\/curso\/curso-de-direito-constitucional-p-oab-2-fase-xxviii-exame-de-ordem\/\">Direito Constitucional<\/a><\/p>\n\n\n\n<p><a href=\"https:\/\/www.estrategiaconcursos.com.br\/curso\/2-curso-de-direito-civil-p-oab-2-fase-xxviii-exame-de-ordem-com-monitoria\/\" target=\"_blank\" rel=\"noreferrer noopener\">Direito Civil (com Monitoria)<\/a><\/p>\n\n\n\n<p><a href=\"https:\/\/www.estrategiaconcursos.com.br\/curso\/curso-de-direito-civil-p-oab-2-fase-xxviii-exame-de-ordem\/\" target=\"_blank\" rel=\"noreferrer noopener\">Direito Civil<\/a><\/p>\n\n\n\n<p><a href=\"https:\/\/www.estrategiaconcursos.com.br\/curso\/5-curso-de-direito-do-trabalho-p-oab-2-fase-xxviii-exame-de-ordem-com-monitoria\/\" target=\"_blank\" rel=\"noreferrer noopener\">Direito do Trabalho (com Monitoria)<\/a><\/p>\n\n\n\n<p><a href=\"https:\/\/www.estrategiaconcursos.com.br\/curso\/curso-de-direito-do-trabalho-p-oab-2-fase-xxviii-exame-de-ordem\/\" target=\"_blank\" rel=\"noreferrer noopener\">Direito do Trabalho<\/a><\/p>\n\n\n\n<p><a href=\"https:\/\/www.estrategiaconcursos.com.br\/curso\/7-curso-de-direito-empresarial-p-oab-2-fase-xxviii-exame-de-ordem-com-monitoria\/\" target=\"_blank\" rel=\"noreferrer noopener\">Direito Empresarial (com Monitoria)<\/a><\/p>\n\n\n\n<p><a href=\"https:\/\/www.estrategiaconcursos.com.br\/curso\/curso-de-direito-empresarial-p-oab-2-fase-xxviii-exame-de-ordem\/\" target=\"_blank\" rel=\"noreferrer noopener\">Direito Empresarial<\/a><\/p>\n\n\n\n<p><a href=\"https:\/\/www.estrategiaconcursos.com.br\/curso\/4-curso-de-direito-penal-p-oab-2-fase-xxviii-exame-de-ordem-com-monitoria\/\">Direito Penal (com Monitoria)<\/a><\/p>\n\n\n\n<p><a href=\"https:\/\/www.estrategiaconcursos.com.br\/curso\/curso-de-direito-penal-p-oab-2-fase-xxviii-exame-de-ordem\/\" target=\"_blank\" rel=\"noreferrer noopener\">Direito Penal<\/a><\/p>\n\n\n\n<p><a href=\"https:\/\/www.estrategiaconcursos.com.br\/curso\/6-curso-de-direito-tributario-p-oab-2-fase-xxviii-exame-de-ordem-com-monitoria\/\" target=\"_blank\" rel=\"noreferrer noopener\">Direito Tribut\u00e1rio (com Monitoria)<\/a><\/p>\n\n\n\n<p><a rel=\"noreferrer noopener\" href=\"https:\/\/www.estrategiaconcursos.com.br\/curso\/curso-de-direito-tributario-p-oab-2-fase-xxviii-exame-de-ordem\/\" target=\"_blank\">Direito Tribut\u00e1rio<\/a><\/p>\n","protected":false},"excerpt":{"rendered":"<p>Nesta segunda-feira, 6 de agosto, come\u00e7amos a 2\u00b0 semana Intensiva para o XXX Exame de Ordem. A 1\u00aa fase do Exame de Ordem busca avaliar os conhecimentos te\u00f3ricos adquiridos durante o curso de Direito. O exame \u00e9 composto por duas etapas de provas, sendo elas objetiva e&nbsp;pr\u00e1tico-profissional. As duas fases possuem car\u00e1ter eliminat\u00f3rio. Al\u00e9m disso, [&hellip;]<\/p>\n","protected":false},"author":180,"featured_media":0,"comment_status":"open","ping_status":"closed","sticky":false,"template":"","format":"standard","meta":{"post_tipo":"article","footnotes":""},"categories":[1],"tags":[],"tax_estado":[],"class_list":["post-406169","post","type-post","status-publish","format-standard","hentry","category-cursos-e-concursos"],"acf":[],"yoast_head":"<!-- This site is optimized with the Yoast SEO Premium plugin v27.2 (Yoast SEO v27.2) - https:\/\/yoast.com\/product\/yoast-seo-premium-wordpress\/ -->\n<title>2\u00aa Semana Intensiva para o XXX Exame de Ordem<\/title>\n<meta name=\"robots\" content=\"index, follow, max-snippet:-1, max-image-preview:large, max-video-preview:-1\" \/>\n<link rel=\"canonical\" href=\"https:\/\/www.estrategiaconcursos.com.br\/blog\/2a-semana-intensiva-para-o-xxx-exame-de-ordem\/\" \/>\n<meta property=\"og:locale\" content=\"pt_BR\" \/>\n<meta property=\"og:type\" content=\"article\" \/>\n<meta property=\"og:title\" content=\"2\u00aa Semana Intensiva para o XXX Exame de Ordem\" \/>\n<meta property=\"og:description\" content=\"Nesta segunda-feira, 6 de agosto, come\u00e7amos a 2\u00b0 semana Intensiva para o XXX Exame de Ordem. A 1\u00aa fase do Exame de Ordem busca avaliar os conhecimentos te\u00f3ricos adquiridos durante o curso de Direito. O exame \u00e9 composto por duas etapas de provas, sendo elas objetiva e&nbsp;pr\u00e1tico-profissional. As duas fases possuem car\u00e1ter eliminat\u00f3rio. Al\u00e9m disso, [&hellip;]\" \/>\n<meta property=\"og:url\" content=\"https:\/\/www.estrategiaconcursos.com.br\/blog\/2a-semana-intensiva-para-o-xxx-exame-de-ordem\/\" \/>\n<meta property=\"og:site_name\" content=\"Estrat\u00e9gia Concursos\" \/>\n<meta property=\"article:author\" content=\"https:\/\/www.facebook.com\/ricardo.s.torques\" \/>\n<meta property=\"article:published_time\" content=\"2019-08-05T18:40:47+00:00\" \/>\n<meta property=\"article:modified_time\" content=\"2022-10-24T20:27:25+00:00\" \/>\n<meta name=\"author\" content=\"Ricardo Torques\" \/>\n<meta name=\"twitter:card\" content=\"summary_large_image\" \/>\n<meta name=\"twitter:creator\" content=\"@EstratConcursos\" \/>\n<meta name=\"twitter:site\" content=\"@EstratConcursos\" \/>\n<meta name=\"twitter:label1\" content=\"Escrito por\" \/>\n\t<meta name=\"twitter:data1\" content=\"Ricardo Torques\" \/>\n\t<meta name=\"twitter:label2\" content=\"Est. tempo de leitura\" \/>\n\t<meta name=\"twitter:data2\" content=\"2 minutos\" \/>\n<script type=\"application\/ld+json\" class=\"yoast-schema-graph\">{\"@context\":\"https:\/\/schema.org\",\"@graph\":[{\"@type\":\"NewsArticle\",\"@id\":\"https:\/\/www.estrategiaconcursos.com.br\/blog\/2a-semana-intensiva-para-o-xxx-exame-de-ordem\/#article\",\"isPartOf\":{\"@id\":\"https:\/\/www.estrategiaconcursos.com.br\/blog\/2a-semana-intensiva-para-o-xxx-exame-de-ordem\/\"},\"author\":{\"name\":\"Ricardo Torques\",\"@id\":\"https:\/\/www.estrategiaconcursos.com.br\/blog\/#\/schema\/person\/aa39cf5ddb518e5bdce27c35788405e2\"},\"headline\":\"2\u00aa Semana Intensiva para o XXX Exame de Ordem\",\"datePublished\":\"2019-08-05T18:40:47+00:00\",\"dateModified\":\"2022-10-24T20:27:25+00:00\",\"mainEntityOfPage\":{\"@id\":\"https:\/\/www.estrategiaconcursos.com.br\/blog\/2a-semana-intensiva-para-o-xxx-exame-de-ordem\/\"},\"wordCount\":361,\"commentCount\":1,\"publisher\":{\"@id\":\"https:\/\/www.estrategiaconcursos.com.br\/blog\/#organization\"},\"articleSection\":[\"Concursos P\u00fablicos\"],\"inLanguage\":\"pt-BR\",\"potentialAction\":[{\"@type\":\"CommentAction\",\"name\":\"Comment\",\"target\":[\"https:\/\/www.estrategiaconcursos.com.br\/blog\/2a-semana-intensiva-para-o-xxx-exame-de-ordem\/#respond\"]}],\"copyrightYear\":\"2019\",\"copyrightHolder\":{\"@id\":\"https:\/\/www.estrategiaconcursos.com.br\/blog\/#organization\"}},{\"@type\":\"WebPage\",\"@id\":\"https:\/\/www.estrategiaconcursos.com.br\/blog\/2a-semana-intensiva-para-o-xxx-exame-de-ordem\/\",\"url\":\"https:\/\/www.estrategiaconcursos.com.br\/blog\/2a-semana-intensiva-para-o-xxx-exame-de-ordem\/\",\"name\":\"2\u00aa Semana Intensiva para o XXX Exame de Ordem\",\"isPartOf\":{\"@id\":\"https:\/\/www.estrategiaconcursos.com.br\/blog\/#website\"},\"datePublished\":\"2019-08-05T18:40:47+00:00\",\"dateModified\":\"2022-10-24T20:27:25+00:00\",\"breadcrumb\":{\"@id\":\"https:\/\/www.estrategiaconcursos.com.br\/blog\/2a-semana-intensiva-para-o-xxx-exame-de-ordem\/#breadcrumb\"},\"inLanguage\":\"pt-BR\",\"potentialAction\":[{\"@type\":\"ReadAction\",\"target\":[\"https:\/\/www.estrategiaconcursos.com.br\/blog\/2a-semana-intensiva-para-o-xxx-exame-de-ordem\/\"]}]},{\"@type\":\"BreadcrumbList\",\"@id\":\"https:\/\/www.estrategiaconcursos.com.br\/blog\/2a-semana-intensiva-para-o-xxx-exame-de-ordem\/#breadcrumb\",\"itemListElement\":[{\"@type\":\"ListItem\",\"position\":1,\"name\":\"In\u00edcio\",\"item\":\"https:\/\/www.estrategiaconcursos.com.br\/blog\/\"},{\"@type\":\"ListItem\",\"position\":2,\"name\":\"2\u00aa Semana Intensiva para o XXX Exame de Ordem\"}]},{\"@type\":\"WebSite\",\"@id\":\"https:\/\/www.estrategiaconcursos.com.br\/blog\/#website\",\"url\":\"https:\/\/www.estrategiaconcursos.com.br\/blog\/\",\"name\":\"Estrat\u00e9gia Concursos\",\"description\":\"O blog da Estrat\u00e9gia Concursos traz not\u00edcias sobre concursos e artigos de professores oferecendo cursos para concursos (pdf + videaulas) no site.\",\"publisher\":{\"@id\":\"https:\/\/www.estrategiaconcursos.com.br\/blog\/#organization\"},\"potentialAction\":[{\"@type\":\"SearchAction\",\"target\":{\"@type\":\"EntryPoint\",\"urlTemplate\":\"https:\/\/www.estrategiaconcursos.com.br\/blog\/?s={search_term_string}\"},\"query-input\":{\"@type\":\"PropertyValueSpecification\",\"valueRequired\":true,\"valueName\":\"search_term_string\"}}],\"inLanguage\":\"pt-BR\"},{\"@type\":\"Organization\",\"@id\":\"https:\/\/www.estrategiaconcursos.com.br\/blog\/#organization\",\"name\":\"Estrat\u00e9gia Concursos\",\"url\":\"https:\/\/www.estrategiaconcursos.com.br\/blog\/\",\"logo\":{\"@type\":\"ImageObject\",\"inLanguage\":\"pt-BR\",\"@id\":\"https:\/\/www.estrategiaconcursos.com.br\/blog\/#\/schema\/logo\/image\/\",\"url\":\"https:\/\/dhg1h5j42swfq.cloudfront.net\/2025\/06\/03203428\/logo_concursos-1.jpg\",\"contentUrl\":\"https:\/\/dhg1h5j42swfq.cloudfront.net\/2025\/06\/03203428\/logo_concursos-1.jpg\",\"width\":230,\"height\":60,\"caption\":\"Estrat\u00e9gia Concursos\"},\"image\":{\"@id\":\"https:\/\/www.estrategiaconcursos.com.br\/blog\/#\/schema\/logo\/image\/\"},\"sameAs\":[\"https:\/\/x.com\/EstratConcursos\"]},{\"@type\":\"Person\",\"@id\":\"https:\/\/www.estrategiaconcursos.com.br\/blog\/#\/schema\/person\/aa39cf5ddb518e5bdce27c35788405e2\",\"name\":\"Ricardo Torques\",\"image\":{\"@type\":\"ImageObject\",\"inLanguage\":\"pt-BR\",\"@id\":\"https:\/\/secure.gravatar.com\/avatar\/ce9ac6c3cff25fe86d15ed568ebc64d1724baf5c0693133bcb1f6073f712f92a?s=96&d=mm&r=g\",\"url\":\"https:\/\/secure.gravatar.com\/avatar\/ce9ac6c3cff25fe86d15ed568ebc64d1724baf5c0693133bcb1f6073f712f92a?s=96&d=mm&r=g\",\"contentUrl\":\"https:\/\/secure.gravatar.com\/avatar\/ce9ac6c3cff25fe86d15ed568ebc64d1724baf5c0693133bcb1f6073f712f92a?s=96&d=mm&r=g\",\"caption\":\"Ricardo Torques\"},\"sameAs\":[\"https:\/\/www.facebook.com\/ricardo.s.torques\"],\"url\":\"https:\/\/www.estrategiaconcursos.com.br\/blog\/author\/ricardotorquesestrategiaconcursos-com-br\/\"}]}<\/script>\n<!-- \/ Yoast SEO Premium plugin. -->","yoast_head_json":{"title":"2\u00aa Semana Intensiva para o XXX Exame de Ordem","robots":{"index":"index","follow":"follow","max-snippet":"max-snippet:-1","max-image-preview":"max-image-preview:large","max-video-preview":"max-video-preview:-1"},"canonical":"https:\/\/www.estrategiaconcursos.com.br\/blog\/2a-semana-intensiva-para-o-xxx-exame-de-ordem\/","og_locale":"pt_BR","og_type":"article","og_title":"2\u00aa Semana Intensiva para o XXX Exame de Ordem","og_description":"Nesta segunda-feira, 6 de agosto, come\u00e7amos a 2\u00b0 semana Intensiva para o XXX Exame de Ordem. A 1\u00aa fase do Exame de Ordem busca avaliar os conhecimentos te\u00f3ricos adquiridos durante o curso de Direito. O exame \u00e9 composto por duas etapas de provas, sendo elas objetiva e&nbsp;pr\u00e1tico-profissional. As duas fases possuem car\u00e1ter eliminat\u00f3rio. Al\u00e9m disso, [&hellip;]","og_url":"https:\/\/www.estrategiaconcursos.com.br\/blog\/2a-semana-intensiva-para-o-xxx-exame-de-ordem\/","og_site_name":"Estrat\u00e9gia Concursos","article_author":"https:\/\/www.facebook.com\/ricardo.s.torques","article_published_time":"2019-08-05T18:40:47+00:00","article_modified_time":"2022-10-24T20:27:25+00:00","author":"Ricardo Torques","twitter_card":"summary_large_image","twitter_creator":"@EstratConcursos","twitter_site":"@EstratConcursos","twitter_misc":{"Escrito por":"Ricardo Torques","Est. tempo de leitura":"2 minutos"},"schema":{"@context":"https:\/\/schema.org","@graph":[{"@type":"NewsArticle","@id":"https:\/\/www.estrategiaconcursos.com.br\/blog\/2a-semana-intensiva-para-o-xxx-exame-de-ordem\/#article","isPartOf":{"@id":"https:\/\/www.estrategiaconcursos.com.br\/blog\/2a-semana-intensiva-para-o-xxx-exame-de-ordem\/"},"author":{"name":"Ricardo Torques","@id":"https:\/\/www.estrategiaconcursos.com.br\/blog\/#\/schema\/person\/aa39cf5ddb518e5bdce27c35788405e2"},"headline":"2\u00aa Semana Intensiva para o XXX Exame de Ordem","datePublished":"2019-08-05T18:40:47+00:00","dateModified":"2022-10-24T20:27:25+00:00","mainEntityOfPage":{"@id":"https:\/\/www.estrategiaconcursos.com.br\/blog\/2a-semana-intensiva-para-o-xxx-exame-de-ordem\/"},"wordCount":361,"commentCount":1,"publisher":{"@id":"https:\/\/www.estrategiaconcursos.com.br\/blog\/#organization"},"articleSection":["Concursos P\u00fablicos"],"inLanguage":"pt-BR","potentialAction":[{"@type":"CommentAction","name":"Comment","target":["https:\/\/www.estrategiaconcursos.com.br\/blog\/2a-semana-intensiva-para-o-xxx-exame-de-ordem\/#respond"]}],"copyrightYear":"2019","copyrightHolder":{"@id":"https:\/\/www.estrategiaconcursos.com.br\/blog\/#organization"}},{"@type":"WebPage","@id":"https:\/\/www.estrategiaconcursos.com.br\/blog\/2a-semana-intensiva-para-o-xxx-exame-de-ordem\/","url":"https:\/\/www.estrategiaconcursos.com.br\/blog\/2a-semana-intensiva-para-o-xxx-exame-de-ordem\/","name":"2\u00aa Semana Intensiva para o XXX Exame de Ordem","isPartOf":{"@id":"https:\/\/www.estrategiaconcursos.com.br\/blog\/#website"},"datePublished":"2019-08-05T18:40:47+00:00","dateModified":"2022-10-24T20:27:25+00:00","breadcrumb":{"@id":"https:\/\/www.estrategiaconcursos.com.br\/blog\/2a-semana-intensiva-para-o-xxx-exame-de-ordem\/#breadcrumb"},"inLanguage":"pt-BR","potentialAction":[{"@type":"ReadAction","target":["https:\/\/www.estrategiaconcursos.com.br\/blog\/2a-semana-intensiva-para-o-xxx-exame-de-ordem\/"]}]},{"@type":"BreadcrumbList","@id":"https:\/\/www.estrategiaconcursos.com.br\/blog\/2a-semana-intensiva-para-o-xxx-exame-de-ordem\/#breadcrumb","itemListElement":[{"@type":"ListItem","position":1,"name":"In\u00edcio","item":"https:\/\/www.estrategiaconcursos.com.br\/blog\/"},{"@type":"ListItem","position":2,"name":"2\u00aa Semana Intensiva para o XXX Exame de Ordem"}]},{"@type":"WebSite","@id":"https:\/\/www.estrategiaconcursos.com.br\/blog\/#website","url":"https:\/\/www.estrategiaconcursos.com.br\/blog\/","name":"Estrat\u00e9gia Concursos","description":"O blog da Estrat\u00e9gia Concursos traz not\u00edcias sobre concursos e artigos de professores oferecendo cursos para concursos (pdf + videaulas) no site.","publisher":{"@id":"https:\/\/www.estrategiaconcursos.com.br\/blog\/#organization"},"potentialAction":[{"@type":"SearchAction","target":{"@type":"EntryPoint","urlTemplate":"https:\/\/www.estrategiaconcursos.com.br\/blog\/?s={search_term_string}"},"query-input":{"@type":"PropertyValueSpecification","valueRequired":true,"valueName":"search_term_string"}}],"inLanguage":"pt-BR"},{"@type":"Organization","@id":"https:\/\/www.estrategiaconcursos.com.br\/blog\/#organization","name":"Estrat\u00e9gia Concursos","url":"https:\/\/www.estrategiaconcursos.com.br\/blog\/","logo":{"@type":"ImageObject","inLanguage":"pt-BR","@id":"https:\/\/www.estrategiaconcursos.com.br\/blog\/#\/schema\/logo\/image\/","url":"https:\/\/dhg1h5j42swfq.cloudfront.net\/2025\/06\/03203428\/logo_concursos-1.jpg","contentUrl":"https:\/\/dhg1h5j42swfq.cloudfront.net\/2025\/06\/03203428\/logo_concursos-1.jpg","width":230,"height":60,"caption":"Estrat\u00e9gia Concursos"},"image":{"@id":"https:\/\/www.estrategiaconcursos.com.br\/blog\/#\/schema\/logo\/image\/"},"sameAs":["https:\/\/x.com\/EstratConcursos"]},{"@type":"Person","@id":"https:\/\/www.estrategiaconcursos.com.br\/blog\/#\/schema\/person\/aa39cf5ddb518e5bdce27c35788405e2","name":"Ricardo Torques","image":{"@type":"ImageObject","inLanguage":"pt-BR","@id":"https:\/\/secure.gravatar.com\/avatar\/ce9ac6c3cff25fe86d15ed568ebc64d1724baf5c0693133bcb1f6073f712f92a?s=96&d=mm&r=g","url":"https:\/\/secure.gravatar.com\/avatar\/ce9ac6c3cff25fe86d15ed568ebc64d1724baf5c0693133bcb1f6073f712f92a?s=96&d=mm&r=g","contentUrl":"https:\/\/secure.gravatar.com\/avatar\/ce9ac6c3cff25fe86d15ed568ebc64d1724baf5c0693133bcb1f6073f712f92a?s=96&d=mm&r=g","caption":"Ricardo Torques"},"sameAs":["https:\/\/www.facebook.com\/ricardo.s.torques"],"url":"https:\/\/www.estrategiaconcursos.com.br\/blog\/author\/ricardotorquesestrategiaconcursos-com-br\/"}]}},"_links":{"self":[{"href":"https:\/\/www.estrategiaconcursos.com.br\/blog\/wp-json\/wp\/v2\/posts\/406169","targetHints":{"allow":["GET"]}}],"collection":[{"href":"https:\/\/www.estrategiaconcursos.com.br\/blog\/wp-json\/wp\/v2\/posts"}],"about":[{"href":"https:\/\/www.estrategiaconcursos.com.br\/blog\/wp-json\/wp\/v2\/types\/post"}],"author":[{"embeddable":true,"href":"https:\/\/www.estrategiaconcursos.com.br\/blog\/wp-json\/wp\/v2\/users\/180"}],"replies":[{"embeddable":true,"href":"https:\/\/www.estrategiaconcursos.com.br\/blog\/wp-json\/wp\/v2\/comments?post=406169"}],"version-history":[{"count":5,"href":"https:\/\/www.estrategiaconcursos.com.br\/blog\/wp-json\/wp\/v2\/posts\/406169\/revisions"}],"predecessor-version":[{"id":1114903,"href":"https:\/\/www.estrategiaconcursos.com.br\/blog\/wp-json\/wp\/v2\/posts\/406169\/revisions\/1114903"}],"wp:attachment":[{"href":"https:\/\/www.estrategiaconcursos.com.br\/blog\/wp-json\/wp\/v2\/media?parent=406169"}],"wp:term":[{"taxonomy":"category","embeddable":true,"href":"https:\/\/www.estrategiaconcursos.com.br\/blog\/wp-json\/wp\/v2\/categories?post=406169"},{"taxonomy":"post_tag","embeddable":true,"href":"https:\/\/www.estrategiaconcursos.com.br\/blog\/wp-json\/wp\/v2\/tags?post=406169"},{"taxonomy":"tax_estado","embeddable":true,"href":"https:\/\/www.estrategiaconcursos.com.br\/blog\/wp-json\/wp\/v2\/tax_estado?post=406169"}],"curies":[{"name":"wp","href":"https:\/\/api.w.org\/{rel}","templated":true}]}}