{"id":406069,"date":"2019-08-05T18:37:32","date_gmt":"2019-08-05T21:37:32","guid":{"rendered":"https:\/\/www.estrategiaconcursos.com.br\/blog\/?p=406069"},"modified":"2019-11-08T17:44:24","modified_gmt":"2019-11-08T20:44:24","slug":"concurso-prefeitura-de-florianopolis-saiu-edital","status":"publish","type":"post","link":"https:\/\/www.estrategiaconcursos.com.br\/blog\/concurso-prefeitura-de-florianopolis-saiu-edital\/","title":{"rendered":"Concurso Prefeitura de Florian\u00f3polis: SAIU edital com 328 vagas"},"content":{"rendered":"\n<h2 class=\"wp-block-heading\"><em>Inscri\u00e7\u00f5es abertas at\u00e9 o dia 5 de setembro <\/em><\/h2>\n\n\n\n<p>Foi publicado no Di\u00e1rio Oficial desta segunda-feira, 5 de agosto, os editais do concurso p\u00fablico da Prefeitura de Florian\u00f3polis. Ao todo os documentos ofertam 328 vagas, sendo 153 para o magist\u00e9rio. Al\u00e9m das 16 vagas para cadastro de reserva.<\/p>\n\n\n\n<p>S\u00e3o ofertados cargos como; m\u00e9dico, professor, dentista, assistente administrativo e outros. As remunera\u00e7\u00f5es podem variar conforme o cargo, podendo chegar at\u00e9 <strong>R$ 14.081,99<\/strong>. <\/p>\n\n\n\n<p>Os cargos com jornada de 40 semanais ser\u00e3o beneficiados com auxilio alimenta\u00e7\u00e3o no valor de <strong>R$ 21,25<\/strong> e os cargos de 30 horas semanais auxilio lanche no valor de <strong>R$ 18,13.<\/strong> <\/p>\n\n\n\n<p>Lembrando que os candidatos interessados em participar do certame devem acessar o site da banca organizadora do concurso, <strong>Fepese<\/strong>, at\u00e9 a data do dia 5 de setembro de 2019. O prazo do processo seletivo \u00e9 o mesmo para todos os cargos. <\/p>\n\n\n\n<p>Al\u00e9m disso, \u00e9 necess\u00e1rio efetuar o pagamento da taxa fixada que variam entre <strong>R$ 50,00 e R$ 100,00 <\/strong>conforme cargo. A isen\u00e7\u00e3o da taxa deve ser solicitada entre os dias 5 de agosto a 12 de agosto.<\/p>\n\n\n\n<h2 class=\"wp-block-heading\">Principais datas<\/h2>\n\n\n\n<p class=\"has-background has-very-light-gray-background-color\"><strong>Inscri\u00e7\u00e3o<\/strong>: 05 de agosto a 05 de setembro de 2019<br \/><strong>Prova<\/strong>: 17 de novembro <br \/><strong>Isen\u00e7\u00e3o da taxa<\/strong>  &#8211; 05 de agosto a 12 de agosto<\/p>\n\n\n\n<h2 class=\"wp-block-heading\">Cargos\/remunera\u00e7\u00e3o<\/h2>\n\n\n\n<h3 class=\"wp-block-heading\">M\u00e9dico &#8211; Medicina de Fam\u00edlia e Comunidade (MFC)<\/h3>\n\n\n\n<p>S\u00e3o ofertadas ao todo 26 vagas para o cargo de m\u00e9dico (medicina de fam\u00edlia e comunidade) com carga hor\u00e1ria de at\u00e9 40 horas semanais e remunera\u00e7\u00e3o inicial de R$ 14.081,99. <\/p>\n\n\n\n<p>S\u00e3o requisitos do cargo: Gradua\u00e7\u00e3o em Medicina, Registro no respectivo \u00f3rg\u00e3o de classe, Resid\u00eancia M\u00e9dica em Medicina de Fam\u00edlia e Comunidade em Institui\u00e7\u00e3o reconhecida pela Comiss\u00e3o Nacional de Resid\u00eancia M\u00e9dica (CNRM) ou T\u00edtulo de Especialista em Medicina de Fam\u00edlia e Comunidade reconhecido pela Associa\u00e7\u00e3o M\u00e9dica Brasileira (AMB) e devidamente registrado no Conselho Regional de Medicina (CRM).<\/p>\n\n\n\n<h3 class=\"wp-block-heading\">Enfermeiro\/Odont\u00f3logo  <\/h3>\n\n\n\n<p><strong>Enfermeiro <\/strong>&#8211; 5 vagas <br \/>remunera\u00e7\u00e3o &#8211; R$ 8.147,71 <\/p>\n\n\n\n<p><strong>Odont\u00f3logo <\/strong>&#8211; 3 vagas <br \/>Remunera\u00e7\u00e3o &#8211; R$ 9.479,08 <\/p>\n\n\n\n<h3 class=\"wp-block-heading\">Professor<\/h3>\n\n\n\n<p>Para o cargo de professor s\u00e3o ofertadas diversas vagas para especialidades distintas. Todas exigem n\u00edvel Superior como grau de escolaridade. Confira a distribui\u00e7\u00e3o destas vagas:<\/p>\n\n\n\n<ul class=\"wp-block-list\"><li>Auxiliar de Atividades de Ci\u00eancias &#8211; CR <\/li><li>Professor Auxiliar de Educa\u00e7\u00e3o Especial &#8211; 10 vagas <\/li><li>Professor Auxiliar de Educa\u00e7\u00e3o Infantil &#8211; 10 vagas <\/li><li>Professor Auxiliar de Educa\u00e7\u00e3o Fundamental -05 vagas <\/li><li>Professor Auxiliar de Interprete Educacional &#8211; 02 vagas<\/li><li>Professor Auxiliar de Tecnologia Educacional &#8211; CR<\/li><li> Professor de Anos Iniciais &#8211; 35 vagas <\/li><li>Professor de Teatro &#8211; CR<\/li><li>Professor de M\u00fasica &#8211; CR<\/li><li>Professor de Artes Pl\u00e1sticas  &#8211; 01 vaga<\/li><li>Professor de Ci\u00eancias &#8211; CR <\/li><li>Professor de Dan\u00e7a &#8211; 01 vaga<\/li><li>Professor de Educa\u00e7\u00e3o Especial &#8211; CR<\/li><li>Professor de Educa\u00e7\u00e3o F\u00edsica &#8211; 25 vagas<\/li><li>Professor de Educa\u00e7\u00e3o Infantil &#8211; CR <\/li><li> Professor de Espanhol &#8211; CR<\/li><li>Professor de Hist\u00f3ria &#8211; 01 vaga<\/li><li>Professor de Geografia &#8211; CR<\/li><li> Professor de Ingl\u00eas &#8211; 02 vagas<\/li><li> Professor de Libras &#8211; 01 vaga<\/li><li>Professor de Matem\u00e1tica &#8211; CR  <\/li><li>Professor de Portugu\u00eas &#8211; CR <\/li><li>Professor de Portugu\u00eas e Ingl\u00eas &#8211; CR <\/li><li>Orientador Educacional &#8211; 12 vagas<\/li><li>Administrador Escolar &#8211; 04 vagas <\/li><li>Supervisor Escolar &#8211; 10 vagas<\/li><\/ul>\n\n\n\n<h2 class=\"wp-block-heading\">Quadro geral (diversos cargos)<\/h2>\n\n\n\n<h3 class=\"wp-block-heading\">N\u00edvel Fundamental<\/h3>\n\n\n\n<ul class=\"wp-block-list\"><li>Auxiliar de Sa\u00fade Bucal &#8211; 8 vagas<\/li><li> Auxiliar Operacional &#8211; 7 vagas<\/li><li> Coveiro &#8211; CR<\/li><li> Mec\u00e2nico &#8211; 1<\/li><li> Motorista &#8211; 1 vaga<\/li><li> Operador de M\u00e1quinas &#8211; 1 vaga<\/li><\/ul>\n\n\n\n<h3 class=\"wp-block-heading\">N\u00edvel M\u00e9dio<\/h3>\n\n\n\n<ul class=\"wp-block-list\"><li> Agente de Defesa Civil &#8211; 5 vagas<\/li><li> Assistente Administrativo &#8211; 15 vagas<\/li><li> Auxiliar de Sala &#8211; CR<\/li><li> Educador Social &#8211; 15 vagas<\/li><li> Fiscal de Transporte Coletivo &#8211; 1 vaga<\/li><li> T\u00e9cnico de Laborat\u00f3rio &#8211; 2 vagas<\/li><li> T\u00e9cnico de Seguran\u00e7a do Trabalho &#8211; 1 vaga<\/li><li> T\u00e9cnico de Agrimensura &#8211; CR<\/li><li> T\u00e9cnico em atividades Culturais &#8211; 1 vaga<\/li><li> T\u00e9cnico de Contabilidade &#8211; 1 vaga<\/li><li> T\u00e9cnico de Edifica\u00e7\u00e3o &#8211; 1 vaga<\/li><li> T\u00e9cnico de Enfermagem &#8211; 30 vagas<\/li><li> T\u00e9cnico de Inform\u00e1tica &#8211; 1 vaga<\/li><li> T\u00e9cnico de Pr\u00f3tese Dent\u00e1ria &#8211; 1 vaga<\/li><\/ul>\n\n\n\n<h3 class=\"wp-block-heading\">N\u00edvel Superior<\/h3>\n\n\n\n<ul class=\"wp-block-list\"><li>Analista de atividades Culturais &#8211; CR<\/li><li> Analista de Sistemas &#8211; CR<\/li><li> Antrop\u00f3logo &#8211; CR<\/li><li> Arquiteto &#8211; CR<\/li><li> Assistente Jur\u00eddico &#8211; 1 vaga<\/li><li> Assistente Social &#8211; 5 vagas<\/li><li> Bibliotec\u00e1rio &#8211; CR<\/li><li> Economista &#8211; 1 vaga<\/li><li> Engenheiro Agr\u00f4nomo &#8211; 1 vaga<\/li><li> Engenheiro Civil &#8211; 1 vaga<\/li><li> Engenheiro Sanitarista e Ambiental &#8211; CR<\/li><li> Farmac\u00eautico &#8211; 1 vaga<\/li><li> Farmac\u00eautico Bioqu\u00edmico &#8211; 1 vaga<\/li><li> Fisioterapeuta &#8211; 1 vaga<\/li><li> Ge\u00f3grafo &#8211; CR<\/li><li> Ge\u00f3logo &#8211; CR<\/li><li> Historiador &#8211; 1 vaga<\/li><li> Jornalista &#8211; 1 vaga<\/li><li> M\u00e9dico &#8211; Cirurgia Geral &#8211; 1 vaga<\/li><li> M\u00e9dico &#8211; Cl\u00ednica M\u00e9dica &#8211; CR<\/li><li> M\u00e9dico Endocrinologia &#8211; 1 vaga<\/li><li> M\u00e9dico &#8211; Infectologia &#8211; 2 vagas<\/li><li> M\u00e9dico &#8211; Pediatra &#8211; CR<\/li><li> M\u00e9dico- Psiquiatra &#8211; CR<\/li><li> M\u00e9dico do Trabalho &#8211; CR<\/li><li> M\u00e9dico Veterin\u00e1rio &#8211; 5 vagas<\/li><li> Nutricionista &#8211; 1 vaga<\/li><li> Ocean\u00f3grafo &#8211; CR<\/li><li> Pedagogo &#8211; 1 vaga<\/li><li> Profissional de Educa\u00e7\u00e3o F\u00edsica &#8211; 2 vagas<\/li><li> Psic\u00f3logo &#8211; 5 vagas<\/li><li> Turism\u00f3logo &#8211; 1 vaga<\/li><\/ul>\n\n\n\n<h2 class=\"wp-block-heading\">Etapas de provas do concurso prefeitura de Florian\u00f3polis <\/h2>\n\n\n\n<p>A prova objetiva do concurso Prefeitura de Florian\u00f3polis ser\u00e1 aplicada no dia 17 de novembro para todos os cargos. <\/p>\n\n\n\n<p>O concurso ser\u00e1 composto de 3 etapas, sendo elas de prova escrita com quest\u00f5es objetivas, prova de t\u00edtulos e uma prova pr\u00e1tica para Motorista,  Professor Int\u00e9rprete Educacional, Motorista e Operador de M\u00e1quinas, teste de aptid\u00e3o f\u00edsica para Agente de Defesa Civil e avalia\u00e7\u00e3o de t\u00edtulos para cargos de n\u00edvel superior e do magist\u00e9rio.  <\/p>\n\n\n\n<p>Os concursos ser\u00e3o v\u00e1lidos por dois anos, contados a partir da data de publica\u00e7\u00e3o de sua homologa\u00e7\u00e3o no Di\u00e1rio Oficial, podendo haver prorrogado por igual per\u00edodo, uma \u00fanica vez, a crit\u00e9rio da Prefeitura de Florian\u00f3polis. <\/p>\n\n\n\n<p style=\"text-align:center\" class=\"has-medium-font-size\"><strong><em>Confira todos os detalhes e saiba mais sobre as etapas e provas em nosso artigo completo do concurso Prefeitura Florian\u00f3polis<\/em><\/strong><\/p>\n\n\n\n<p style=\"font-size:22px;text-align:center\" class=\"has-background has-very-light-gray-background-color\"><a rel=\"noreferrer noopener\" aria-label=\"Concurso Prefeitura de Florian\u00f3polis (abre numa nova aba)\" href=\"https:\/\/www.estrategiaconcursos.com.br\/blog\/concurso-prefeitura-florianopolis\/\" target=\"_blank\"><strong>Concurso Prefeitura de Florian\u00f3polis<\/strong><\/a><\/p>\n\n\n\n<p style=\"text-align:center\" class=\"has-medium-font-size\"><strong><em>Assinatura ilimitada e cursos para o Concurso Prefeitura Florian\u00f3polis<\/em><\/strong><\/p>\n\n\n\n<p>Gostou desta oportunidade e deseja come\u00e7ar se preparar agora mesmo? Ent\u00e3o, confira os nossos cursos e comece a estudar para Prefeitura de Florian\u00f3polis:<\/p>\n\n\n\n<p style=\"font-size:23px;text-align:center\" class=\"has-background has-luminous-vivid-amber-background-color\"><strong><em><a href=\"https:\/\/www.estrategiaconcursos.com.br\/cursosPorConcurso\/prefeitura-municipal-de-florianopolis-307\/\" target=\"_blank\" rel=\"noreferrer noopener\">Curso Prefeitura Florian\u00f3polis<\/a><\/em><\/strong><\/p>\n\n\n\n<p style=\"text-align:center\"><em><strong>Assinatura Anual Ilimitada*<\/strong><\/em><\/p>\n\n\n\n<p style=\"text-align:center\"><em>Prepare-se com o melhor material e com quem mais aprova em Concursos P\u00fablicos em todo o pa\u00eds. Assine agora a nossa Assinatura Anual e tenha acesso ilimitado* a todos os nossos cursos.<\/em><\/p>\n\n\n\n<p style=\"text-align:center\" class=\"has-background has-light-green-cyan-background-color\"><strong>ASSINE AGORA<\/strong>&nbsp;\u2013&nbsp;<a rel=\"noreferrer noopener\" href=\"https:\/\/www.estrategiaconcursos.com.br\/assinaturas\" target=\"_blank\"><strong>Assinatura Ilimitada<\/strong><\/a><\/p>\n\n\n\n<p style=\"text-align:center\"><em><strong>Fique por dentro de todos os concursos<\/strong><\/em>:<\/p>\n\n\n\n<p style=\"font-size:18px;text-align:center\" class=\"has-background has-pale-cyan-blue-background-color\"><strong><a href=\"https:\/\/www.estrategiaconcursos.com.br\/blog\/concursos-abertos\/\" target=\"_blank\" rel=\"noreferrer noopener\">Concursos abertos<\/a><\/strong><\/p>\n\n\n\n<p style=\"font-size:18px;text-align:center\" class=\"has-background has-pale-cyan-blue-background-color\"><strong><a href=\"https:\/\/www.estrategiaconcursos.com.br\/blog\/concursos-2019\/\" target=\"_blank\" rel=\"noreferrer noopener\">Concursos 2019<\/a><\/strong><\/p>\n\n\n\n<p style=\"font-size:18px;text-align:center\" class=\"has-background has-pale-cyan-blue-background-color\"><a rel=\"noreferrer noopener\" href=\"https:\/\/www.estrategiaconcursos.com.br\/blog\/concursos-2020\/\" target=\"_blank\"><strong>Concursos 2020<\/strong><\/a><\/p>\n\n\n\n<figure class=\"wp-block-image\"><img loading=\"lazy\" decoding=\"async\" width=\"300\" height=\"102\" src=\"https:\/\/dhg1h5j42swfq.cloudfront.net\/2019\/05\/27120444\/coruja-ficha-tecnica-300x1024.png\" alt=\"ficha t\u00e9cnica concurso prefeitura florianopolis\" class=\"wp-image-378638\"\/><\/figure>\n\n\n\n<p><strong>\u25baInforma\u00e7\u00f5es do concurso Prefeitura Florian\u00f3polis:<\/strong><\/p>\n\n\n\n<p>\u25ba<strong>Data prevista da prova:<\/strong>&nbsp;17 de novembro <br \/>\u25ba<strong>Vagas:&nbsp;<\/strong>328 + CR<br \/>\u25ba<strong>Cargos:<\/strong>&nbsp;V\u00e1rios<br \/>\u25ba<strong>Banca:&nbsp;<\/strong>FEPESE<br \/>\u25ba<strong>Escolaridade:<\/strong>&nbsp;N\u00edvel m\u00e9dio e superior<br \/> <br \/>\u25ba<strong>Editais <\/strong><br \/><strong><em><a rel=\"noreferrer noopener\" aria-label=\"Magist\u00e9rio\n (abre numa nova aba)\" href=\"https:\/\/dhg1h5j42swfq.cloudfront.net\/2019\/08\/05145249\/Magist%C3%A9rio2.pdf\" target=\"_blank\">Magist\u00e9rio<br \/><\/a><a rel=\"noreferrer noopener\" aria-label=\"Enfermeiro e Odont\u00f3logo (abre numa nova aba)\" href=\"https:\/\/dhg1h5j42swfq.cloudfront.net\/2019\/08\/05145250\/Enfermeiro-e-Odont%C3%B3logo3.pdf\" target=\"_blank\">Enfermeiro e Odont\u00f3logo<\/a><\/em><\/strong><br \/><strong><em><a rel=\"noreferrer noopener\" aria-label=\"M\u00e9dico da Fam\u00edlia\n (abre numa nova aba)\" href=\"https:\/\/dhg1h5j42swfq.cloudfront.net\/2019\/08\/05145342\/M%C3%A9dico-da-Fam%C3%ADlia2.pdf\" target=\"_blank\">M\u00e9dico da Fam\u00edlia<br \/><\/a><a href=\"https:\/\/dhg1h5j42swfq.cloudfront.net\/2019\/08\/05145403\/Quadro-Geral2.pdf\" target=\"_blank\" rel=\"noreferrer noopener\" aria-label=\"Demais cargos (Quadro Geral) (abre numa nova aba)\">Demais cargos (Quadro Geral)<\/a><\/em><\/strong><\/p>\n\n\n\n<p><em>Ascom Estrat\u00e9gia<\/em><br \/>ascomestrategia@gmail.com<\/p>\n","protected":false},"excerpt":{"rendered":"<p>Inscri\u00e7\u00f5es abertas at\u00e9 o dia 5 de setembro Foi publicado no Di\u00e1rio Oficial desta segunda-feira, 5 de agosto, os editais do concurso p\u00fablico da Prefeitura de Florian\u00f3polis. Ao todo os documentos ofertam 328 vagas, sendo 153 para o magist\u00e9rio. Al\u00e9m das 16 vagas para cadastro de reserva. S\u00e3o ofertados cargos como; m\u00e9dico, professor, dentista, assistente [&hellip;]<\/p>\n","protected":false},"author":1,"featured_media":400555,"comment_status":"open","ping_status":"closed","sticky":false,"template":"","format":"standard","meta":{"post_tipo":"news","footnotes":""},"categories":[1],"tags":[],"tax_estado":[],"class_list":["post-406069","post","type-post","status-publish","format-standard","has-post-thumbnail","hentry","category-cursos-e-concursos"],"acf":[],"yoast_head":"<!-- This site is optimized with the Yoast SEO Premium plugin v27.2 (Yoast SEO v27.2) - https:\/\/yoast.com\/product\/yoast-seo-premium-wordpress\/ -->\n<title>Concurso Prefeitura de Florian\u00f3polis: SAIU edital com 328 vagas<\/title>\n<meta name=\"robots\" content=\"index, follow, max-snippet:-1, max-image-preview:large, max-video-preview:-1\" \/>\n<link rel=\"canonical\" href=\"https:\/\/www.estrategiaconcursos.com.br\/blog\/concurso-prefeitura-de-florianopolis-saiu-edital\/\" \/>\n<meta property=\"og:locale\" content=\"pt_BR\" \/>\n<meta property=\"og:type\" content=\"article\" \/>\n<meta property=\"og:title\" content=\"Concurso Prefeitura de Florian\u00f3polis: SAIU edital com 328 vagas\" \/>\n<meta property=\"og:description\" content=\"Inscri\u00e7\u00f5es abertas at\u00e9 o dia 5 de setembro Foi publicado no Di\u00e1rio Oficial desta segunda-feira, 5 de agosto, os editais do concurso p\u00fablico da Prefeitura de Florian\u00f3polis. Ao todo os documentos ofertam 328 vagas, sendo 153 para o magist\u00e9rio. Al\u00e9m das 16 vagas para cadastro de reserva. S\u00e3o ofertados cargos como; m\u00e9dico, professor, dentista, assistente [&hellip;]\" \/>\n<meta property=\"og:url\" content=\"https:\/\/www.estrategiaconcursos.com.br\/blog\/concurso-prefeitura-de-florianopolis-saiu-edital\/\" \/>\n<meta property=\"og:site_name\" content=\"Estrat\u00e9gia Concursos\" \/>\n<meta property=\"article:author\" content=\"https:\/\/www.facebook.com\/EstrategiaConcursos\" \/>\n<meta property=\"article:published_time\" content=\"2019-08-05T21:37:32+00:00\" \/>\n<meta property=\"article:modified_time\" content=\"2019-11-08T20:44:24+00:00\" \/>\n<meta property=\"og:image\" content=\"https:\/\/dhg1h5j42swfq.cloudfront.net\/2019\/06\/19105036\/prefeitura-floriano%CC%81polis-e1563544265867.jpg\" \/>\n\t<meta property=\"og:image:width\" content=\"400\" \/>\n\t<meta property=\"og:image:height\" content=\"209\" \/>\n\t<meta property=\"og:image:type\" content=\"image\/jpeg\" \/>\n<meta name=\"author\" content=\"Coordena\u00e7\u00e3o\" \/>\n<meta name=\"twitter:card\" content=\"summary_large_image\" \/>\n<meta name=\"twitter:creator\" content=\"@EstratConcursos\" \/>\n<meta name=\"twitter:site\" content=\"@EstratConcursos\" \/>\n<meta name=\"twitter:label1\" content=\"Escrito por\" \/>\n\t<meta name=\"twitter:data1\" content=\"Coordena\u00e7\u00e3o\" \/>\n\t<meta name=\"twitter:label2\" content=\"Est. tempo de leitura\" \/>\n\t<meta name=\"twitter:data2\" content=\"5 minutos\" \/>\n<script type=\"application\/ld+json\" class=\"yoast-schema-graph\">{\"@context\":\"https:\/\/schema.org\",\"@graph\":[{\"@type\":\"NewsArticle\",\"@id\":\"https:\/\/www.estrategiaconcursos.com.br\/blog\/concurso-prefeitura-de-florianopolis-saiu-edital\/#article\",\"isPartOf\":{\"@id\":\"https:\/\/www.estrategiaconcursos.com.br\/blog\/concurso-prefeitura-de-florianopolis-saiu-edital\/\"},\"author\":{\"name\":\"Coordena\u00e7\u00e3o\",\"@id\":\"https:\/\/www.estrategiaconcursos.com.br\/blog\/#\/schema\/person\/b4a388c97673c5f483d72185668afa1f\"},\"headline\":\"Concurso Prefeitura de Florian\u00f3polis: SAIU edital com 328 vagas\",\"datePublished\":\"2019-08-05T21:37:32+00:00\",\"dateModified\":\"2019-11-08T20:44:24+00:00\",\"mainEntityOfPage\":{\"@id\":\"https:\/\/www.estrategiaconcursos.com.br\/blog\/concurso-prefeitura-de-florianopolis-saiu-edital\/\"},\"wordCount\":1122,\"commentCount\":7,\"publisher\":{\"@id\":\"https:\/\/www.estrategiaconcursos.com.br\/blog\/#organization\"},\"image\":{\"@id\":\"https:\/\/www.estrategiaconcursos.com.br\/blog\/concurso-prefeitura-de-florianopolis-saiu-edital\/#primaryimage\"},\"thumbnailUrl\":\"https:\/\/dhg1h5j42swfq.cloudfront.net\/2019\/06\/19105036\/prefeitura-floriano%CC%81polis-e1563544265867.jpg\",\"articleSection\":[\"Concursos P\u00fablicos\"],\"inLanguage\":\"pt-BR\",\"potentialAction\":[{\"@type\":\"CommentAction\",\"name\":\"Comment\",\"target\":[\"https:\/\/www.estrategiaconcursos.com.br\/blog\/concurso-prefeitura-de-florianopolis-saiu-edital\/#respond\"]}],\"copyrightYear\":\"2019\",\"copyrightHolder\":{\"@id\":\"https:\/\/www.estrategiaconcursos.com.br\/blog\/#organization\"}},{\"@type\":\"WebPage\",\"@id\":\"https:\/\/www.estrategiaconcursos.com.br\/blog\/concurso-prefeitura-de-florianopolis-saiu-edital\/\",\"url\":\"https:\/\/www.estrategiaconcursos.com.br\/blog\/concurso-prefeitura-de-florianopolis-saiu-edital\/\",\"name\":\"Concurso Prefeitura de Florian\u00f3polis: SAIU edital com 328 vagas\",\"isPartOf\":{\"@id\":\"https:\/\/www.estrategiaconcursos.com.br\/blog\/#website\"},\"primaryImageOfPage\":{\"@id\":\"https:\/\/www.estrategiaconcursos.com.br\/blog\/concurso-prefeitura-de-florianopolis-saiu-edital\/#primaryimage\"},\"image\":{\"@id\":\"https:\/\/www.estrategiaconcursos.com.br\/blog\/concurso-prefeitura-de-florianopolis-saiu-edital\/#primaryimage\"},\"thumbnailUrl\":\"https:\/\/dhg1h5j42swfq.cloudfront.net\/2019\/06\/19105036\/prefeitura-floriano%CC%81polis-e1563544265867.jpg\",\"datePublished\":\"2019-08-05T21:37:32+00:00\",\"dateModified\":\"2019-11-08T20:44:24+00:00\",\"breadcrumb\":{\"@id\":\"https:\/\/www.estrategiaconcursos.com.br\/blog\/concurso-prefeitura-de-florianopolis-saiu-edital\/#breadcrumb\"},\"inLanguage\":\"pt-BR\",\"potentialAction\":[{\"@type\":\"ReadAction\",\"target\":[\"https:\/\/www.estrategiaconcursos.com.br\/blog\/concurso-prefeitura-de-florianopolis-saiu-edital\/\"]}]},{\"@type\":\"ImageObject\",\"inLanguage\":\"pt-BR\",\"@id\":\"https:\/\/www.estrategiaconcursos.com.br\/blog\/concurso-prefeitura-de-florianopolis-saiu-edital\/#primaryimage\",\"url\":\"https:\/\/dhg1h5j42swfq.cloudfront.net\/2019\/06\/19105036\/prefeitura-floriano%CC%81polis-e1563544265867.jpg\",\"contentUrl\":\"https:\/\/dhg1h5j42swfq.cloudfront.net\/2019\/06\/19105036\/prefeitura-floriano%CC%81polis-e1563544265867.jpg\",\"width\":400,\"height\":209,\"caption\":\"concurso prefeitura Florian\u00f3polis\"},{\"@type\":\"BreadcrumbList\",\"@id\":\"https:\/\/www.estrategiaconcursos.com.br\/blog\/concurso-prefeitura-de-florianopolis-saiu-edital\/#breadcrumb\",\"itemListElement\":[{\"@type\":\"ListItem\",\"position\":1,\"name\":\"In\u00edcio\",\"item\":\"https:\/\/www.estrategiaconcursos.com.br\/blog\/\"},{\"@type\":\"ListItem\",\"position\":2,\"name\":\"Concurso Prefeitura de Florian\u00f3polis: SAIU edital com 328 vagas\"}]},{\"@type\":\"WebSite\",\"@id\":\"https:\/\/www.estrategiaconcursos.com.br\/blog\/#website\",\"url\":\"https:\/\/www.estrategiaconcursos.com.br\/blog\/\",\"name\":\"Estrat\u00e9gia Concursos\",\"description\":\"O blog da Estrat\u00e9gia Concursos traz not\u00edcias sobre concursos e artigos de professores oferecendo cursos para concursos (pdf + videaulas) no site.\",\"publisher\":{\"@id\":\"https:\/\/www.estrategiaconcursos.com.br\/blog\/#organization\"},\"potentialAction\":[{\"@type\":\"SearchAction\",\"target\":{\"@type\":\"EntryPoint\",\"urlTemplate\":\"https:\/\/www.estrategiaconcursos.com.br\/blog\/?s={search_term_string}\"},\"query-input\":{\"@type\":\"PropertyValueSpecification\",\"valueRequired\":true,\"valueName\":\"search_term_string\"}}],\"inLanguage\":\"pt-BR\"},{\"@type\":\"Organization\",\"@id\":\"https:\/\/www.estrategiaconcursos.com.br\/blog\/#organization\",\"name\":\"Estrat\u00e9gia Concursos\",\"url\":\"https:\/\/www.estrategiaconcursos.com.br\/blog\/\",\"logo\":{\"@type\":\"ImageObject\",\"inLanguage\":\"pt-BR\",\"@id\":\"https:\/\/www.estrategiaconcursos.com.br\/blog\/#\/schema\/logo\/image\/\",\"url\":\"https:\/\/dhg1h5j42swfq.cloudfront.net\/2025\/06\/03203428\/logo_concursos-1.jpg\",\"contentUrl\":\"https:\/\/dhg1h5j42swfq.cloudfront.net\/2025\/06\/03203428\/logo_concursos-1.jpg\",\"width\":230,\"height\":60,\"caption\":\"Estrat\u00e9gia Concursos\"},\"image\":{\"@id\":\"https:\/\/www.estrategiaconcursos.com.br\/blog\/#\/schema\/logo\/image\/\"},\"sameAs\":[\"https:\/\/x.com\/EstratConcursos\"]},{\"@type\":\"Person\",\"@id\":\"https:\/\/www.estrategiaconcursos.com.br\/blog\/#\/schema\/person\/b4a388c97673c5f483d72185668afa1f\",\"name\":\"Coordena\u00e7\u00e3o\",\"image\":{\"@type\":\"ImageObject\",\"inLanguage\":\"pt-BR\",\"@id\":\"https:\/\/secure.gravatar.com\/avatar\/b720319e4c9a967eb58678d110f4fe35452fc5d5f97b202bac7b8acceb18c6ad?s=96&d=mm&r=g\",\"url\":\"https:\/\/secure.gravatar.com\/avatar\/b720319e4c9a967eb58678d110f4fe35452fc5d5f97b202bac7b8acceb18c6ad?s=96&d=mm&r=g\",\"contentUrl\":\"https:\/\/secure.gravatar.com\/avatar\/b720319e4c9a967eb58678d110f4fe35452fc5d5f97b202bac7b8acceb18c6ad?s=96&d=mm&r=g\",\"caption\":\"Coordena\u00e7\u00e3o\"},\"sameAs\":[\"https:\/\/www.facebook.com\/EstrategiaConcursos\",\"https:\/\/x.com\/EstratConcursos\"],\"url\":\"https:\/\/www.estrategiaconcursos.com.br\/blog\/author\/estrategia2013\/\"}]}<\/script>\n<!-- \/ Yoast SEO Premium plugin. -->","yoast_head_json":{"title":"Concurso Prefeitura de Florian\u00f3polis: SAIU edital com 328 vagas","robots":{"index":"index","follow":"follow","max-snippet":"max-snippet:-1","max-image-preview":"max-image-preview:large","max-video-preview":"max-video-preview:-1"},"canonical":"https:\/\/www.estrategiaconcursos.com.br\/blog\/concurso-prefeitura-de-florianopolis-saiu-edital\/","og_locale":"pt_BR","og_type":"article","og_title":"Concurso Prefeitura de Florian\u00f3polis: SAIU edital com 328 vagas","og_description":"Inscri\u00e7\u00f5es abertas at\u00e9 o dia 5 de setembro Foi publicado no Di\u00e1rio Oficial desta segunda-feira, 5 de agosto, os editais do concurso p\u00fablico da Prefeitura de Florian\u00f3polis. Ao todo os documentos ofertam 328 vagas, sendo 153 para o magist\u00e9rio. Al\u00e9m das 16 vagas para cadastro de reserva. S\u00e3o ofertados cargos como; m\u00e9dico, professor, dentista, assistente [&hellip;]","og_url":"https:\/\/www.estrategiaconcursos.com.br\/blog\/concurso-prefeitura-de-florianopolis-saiu-edital\/","og_site_name":"Estrat\u00e9gia Concursos","article_author":"https:\/\/www.facebook.com\/EstrategiaConcursos","article_published_time":"2019-08-05T21:37:32+00:00","article_modified_time":"2019-11-08T20:44:24+00:00","og_image":[{"width":400,"height":209,"url":"https:\/\/dhg1h5j42swfq.cloudfront.net\/2019\/06\/19105036\/prefeitura-floriano%CC%81polis-e1563544265867.jpg","type":"image\/jpeg"}],"author":"Coordena\u00e7\u00e3o","twitter_card":"summary_large_image","twitter_creator":"@EstratConcursos","twitter_site":"@EstratConcursos","twitter_misc":{"Escrito por":"Coordena\u00e7\u00e3o","Est. tempo de leitura":"5 minutos"},"schema":{"@context":"https:\/\/schema.org","@graph":[{"@type":"NewsArticle","@id":"https:\/\/www.estrategiaconcursos.com.br\/blog\/concurso-prefeitura-de-florianopolis-saiu-edital\/#article","isPartOf":{"@id":"https:\/\/www.estrategiaconcursos.com.br\/blog\/concurso-prefeitura-de-florianopolis-saiu-edital\/"},"author":{"name":"Coordena\u00e7\u00e3o","@id":"https:\/\/www.estrategiaconcursos.com.br\/blog\/#\/schema\/person\/b4a388c97673c5f483d72185668afa1f"},"headline":"Concurso Prefeitura de Florian\u00f3polis: SAIU edital com 328 vagas","datePublished":"2019-08-05T21:37:32+00:00","dateModified":"2019-11-08T20:44:24+00:00","mainEntityOfPage":{"@id":"https:\/\/www.estrategiaconcursos.com.br\/blog\/concurso-prefeitura-de-florianopolis-saiu-edital\/"},"wordCount":1122,"commentCount":7,"publisher":{"@id":"https:\/\/www.estrategiaconcursos.com.br\/blog\/#organization"},"image":{"@id":"https:\/\/www.estrategiaconcursos.com.br\/blog\/concurso-prefeitura-de-florianopolis-saiu-edital\/#primaryimage"},"thumbnailUrl":"https:\/\/dhg1h5j42swfq.cloudfront.net\/2019\/06\/19105036\/prefeitura-floriano%CC%81polis-e1563544265867.jpg","articleSection":["Concursos P\u00fablicos"],"inLanguage":"pt-BR","potentialAction":[{"@type":"CommentAction","name":"Comment","target":["https:\/\/www.estrategiaconcursos.com.br\/blog\/concurso-prefeitura-de-florianopolis-saiu-edital\/#respond"]}],"copyrightYear":"2019","copyrightHolder":{"@id":"https:\/\/www.estrategiaconcursos.com.br\/blog\/#organization"}},{"@type":"WebPage","@id":"https:\/\/www.estrategiaconcursos.com.br\/blog\/concurso-prefeitura-de-florianopolis-saiu-edital\/","url":"https:\/\/www.estrategiaconcursos.com.br\/blog\/concurso-prefeitura-de-florianopolis-saiu-edital\/","name":"Concurso Prefeitura de Florian\u00f3polis: SAIU edital com 328 vagas","isPartOf":{"@id":"https:\/\/www.estrategiaconcursos.com.br\/blog\/#website"},"primaryImageOfPage":{"@id":"https:\/\/www.estrategiaconcursos.com.br\/blog\/concurso-prefeitura-de-florianopolis-saiu-edital\/#primaryimage"},"image":{"@id":"https:\/\/www.estrategiaconcursos.com.br\/blog\/concurso-prefeitura-de-florianopolis-saiu-edital\/#primaryimage"},"thumbnailUrl":"https:\/\/dhg1h5j42swfq.cloudfront.net\/2019\/06\/19105036\/prefeitura-floriano%CC%81polis-e1563544265867.jpg","datePublished":"2019-08-05T21:37:32+00:00","dateModified":"2019-11-08T20:44:24+00:00","breadcrumb":{"@id":"https:\/\/www.estrategiaconcursos.com.br\/blog\/concurso-prefeitura-de-florianopolis-saiu-edital\/#breadcrumb"},"inLanguage":"pt-BR","potentialAction":[{"@type":"ReadAction","target":["https:\/\/www.estrategiaconcursos.com.br\/blog\/concurso-prefeitura-de-florianopolis-saiu-edital\/"]}]},{"@type":"ImageObject","inLanguage":"pt-BR","@id":"https:\/\/www.estrategiaconcursos.com.br\/blog\/concurso-prefeitura-de-florianopolis-saiu-edital\/#primaryimage","url":"https:\/\/dhg1h5j42swfq.cloudfront.net\/2019\/06\/19105036\/prefeitura-floriano%CC%81polis-e1563544265867.jpg","contentUrl":"https:\/\/dhg1h5j42swfq.cloudfront.net\/2019\/06\/19105036\/prefeitura-floriano%CC%81polis-e1563544265867.jpg","width":400,"height":209,"caption":"concurso prefeitura Florian\u00f3polis"},{"@type":"BreadcrumbList","@id":"https:\/\/www.estrategiaconcursos.com.br\/blog\/concurso-prefeitura-de-florianopolis-saiu-edital\/#breadcrumb","itemListElement":[{"@type":"ListItem","position":1,"name":"In\u00edcio","item":"https:\/\/www.estrategiaconcursos.com.br\/blog\/"},{"@type":"ListItem","position":2,"name":"Concurso Prefeitura de Florian\u00f3polis: SAIU edital com 328 vagas"}]},{"@type":"WebSite","@id":"https:\/\/www.estrategiaconcursos.com.br\/blog\/#website","url":"https:\/\/www.estrategiaconcursos.com.br\/blog\/","name":"Estrat\u00e9gia Concursos","description":"O blog da Estrat\u00e9gia Concursos traz not\u00edcias sobre concursos e artigos de professores oferecendo cursos para concursos (pdf + videaulas) no site.","publisher":{"@id":"https:\/\/www.estrategiaconcursos.com.br\/blog\/#organization"},"potentialAction":[{"@type":"SearchAction","target":{"@type":"EntryPoint","urlTemplate":"https:\/\/www.estrategiaconcursos.com.br\/blog\/?s={search_term_string}"},"query-input":{"@type":"PropertyValueSpecification","valueRequired":true,"valueName":"search_term_string"}}],"inLanguage":"pt-BR"},{"@type":"Organization","@id":"https:\/\/www.estrategiaconcursos.com.br\/blog\/#organization","name":"Estrat\u00e9gia Concursos","url":"https:\/\/www.estrategiaconcursos.com.br\/blog\/","logo":{"@type":"ImageObject","inLanguage":"pt-BR","@id":"https:\/\/www.estrategiaconcursos.com.br\/blog\/#\/schema\/logo\/image\/","url":"https:\/\/dhg1h5j42swfq.cloudfront.net\/2025\/06\/03203428\/logo_concursos-1.jpg","contentUrl":"https:\/\/dhg1h5j42swfq.cloudfront.net\/2025\/06\/03203428\/logo_concursos-1.jpg","width":230,"height":60,"caption":"Estrat\u00e9gia Concursos"},"image":{"@id":"https:\/\/www.estrategiaconcursos.com.br\/blog\/#\/schema\/logo\/image\/"},"sameAs":["https:\/\/x.com\/EstratConcursos"]},{"@type":"Person","@id":"https:\/\/www.estrategiaconcursos.com.br\/blog\/#\/schema\/person\/b4a388c97673c5f483d72185668afa1f","name":"Coordena\u00e7\u00e3o","image":{"@type":"ImageObject","inLanguage":"pt-BR","@id":"https:\/\/secure.gravatar.com\/avatar\/b720319e4c9a967eb58678d110f4fe35452fc5d5f97b202bac7b8acceb18c6ad?s=96&d=mm&r=g","url":"https:\/\/secure.gravatar.com\/avatar\/b720319e4c9a967eb58678d110f4fe35452fc5d5f97b202bac7b8acceb18c6ad?s=96&d=mm&r=g","contentUrl":"https:\/\/secure.gravatar.com\/avatar\/b720319e4c9a967eb58678d110f4fe35452fc5d5f97b202bac7b8acceb18c6ad?s=96&d=mm&r=g","caption":"Coordena\u00e7\u00e3o"},"sameAs":["https:\/\/www.facebook.com\/EstrategiaConcursos","https:\/\/x.com\/EstratConcursos"],"url":"https:\/\/www.estrategiaconcursos.com.br\/blog\/author\/estrategia2013\/"}]}},"_links":{"self":[{"href":"https:\/\/www.estrategiaconcursos.com.br\/blog\/wp-json\/wp\/v2\/posts\/406069","targetHints":{"allow":["GET"]}}],"collection":[{"href":"https:\/\/www.estrategiaconcursos.com.br\/blog\/wp-json\/wp\/v2\/posts"}],"about":[{"href":"https:\/\/www.estrategiaconcursos.com.br\/blog\/wp-json\/wp\/v2\/types\/post"}],"author":[{"embeddable":true,"href":"https:\/\/www.estrategiaconcursos.com.br\/blog\/wp-json\/wp\/v2\/users\/1"}],"replies":[{"embeddable":true,"href":"https:\/\/www.estrategiaconcursos.com.br\/blog\/wp-json\/wp\/v2\/comments?post=406069"}],"version-history":[{"count":14,"href":"https:\/\/www.estrategiaconcursos.com.br\/blog\/wp-json\/wp\/v2\/posts\/406069\/revisions"}],"predecessor-version":[{"id":406282,"href":"https:\/\/www.estrategiaconcursos.com.br\/blog\/wp-json\/wp\/v2\/posts\/406069\/revisions\/406282"}],"wp:featuredmedia":[{"embeddable":true,"href":"https:\/\/www.estrategiaconcursos.com.br\/blog\/wp-json\/wp\/v2\/media\/400555"}],"wp:attachment":[{"href":"https:\/\/www.estrategiaconcursos.com.br\/blog\/wp-json\/wp\/v2\/media?parent=406069"}],"wp:term":[{"taxonomy":"category","embeddable":true,"href":"https:\/\/www.estrategiaconcursos.com.br\/blog\/wp-json\/wp\/v2\/categories?post=406069"},{"taxonomy":"post_tag","embeddable":true,"href":"https:\/\/www.estrategiaconcursos.com.br\/blog\/wp-json\/wp\/v2\/tags?post=406069"},{"taxonomy":"tax_estado","embeddable":true,"href":"https:\/\/www.estrategiaconcursos.com.br\/blog\/wp-json\/wp\/v2\/tax_estado?post=406069"}],"curies":[{"name":"wp","href":"https:\/\/api.w.org\/{rel}","templated":true}]}}