{"id":405999,"date":"2019-08-05T12:14:36","date_gmt":"2019-08-05T15:14:36","guid":{"rendered":"https:\/\/www.estrategiaconcursos.com.br\/blog\/?p=405999"},"modified":"2023-05-18T17:42:03","modified_gmt":"2023-05-18T20:42:03","slug":"tj-ce-e-tj-am-analise-das-materias","status":"publish","type":"post","link":"https:\/\/www.estrategiaconcursos.com.br\/blog\/tj-ce-e-tj-am-analise-das-materias\/","title":{"rendered":"TJ CE e TJ AM: Semana Especial de An\u00e1lise das Mat\u00e9rias"},"content":{"rendered":"\n<p>O concurso do Tribunal de Justi\u00e7a do Cear\u00e1 est\u00e1 com as inscri\u00e7\u00f5es abertas at\u00e9 o dia 20 de agosto. A oferta \u00e9 de&nbsp;<em>8 vagas imediatas<\/em>&nbsp;e&nbsp;<em>320 para forma\u00e7\u00e3o de cadastro reserva<\/em>&nbsp;para o cargo de T\u00e9cnico Judici\u00e1rio, que exige forma\u00e7\u00e3o de n\u00edvel m\u00e9dio. A banca respons\u00e1vel pelo concurso TJ CE \u00e9 a Funda\u00e7\u00e3o Get\u00falio Vargas \u2013 FGV. <\/p>\n\n\n\n<p>J\u00e1 para o concurso do Tribunal de Justi\u00e7a do Amazonas s\u00e3o ofertadas&nbsp;<strong>vagas imediatas e cadastro de reserva<\/strong>&nbsp;para os cargos de Analista e Assistente Judici\u00e1rio. A remunera\u00e7\u00e3o varia entre R$ 4.558,34 e R$ 8.936,96 mais benef\u00edcios. <\/p>\n\n\n\n<p><em>Quer saber mais sobre os concursos? Clique nos links abaixo e fique por dentro de tudo!<\/em><\/p>\n\n\n\n<p class=\"has-text-align-center has-pale-cyan-blue-background-color has-background\" style=\"font-size:clamp(15.197px, 0.95rem + ((1vw - 3.2px) * 0.765), 23px);px\"><em><strong>Mais informa\u00e7\u00f5es: <\/strong><\/em><span style=\"text-decoration: underline;\"><a rel=\"noreferrer noopener\" aria-label=\"Concurso TJ CE (abre numa nova aba)\" href=\"https:\/\/www.estrategiaconcursos.com.br\/blog\/concurso-tj-ce\/\" target=\"_blank\"><em><strong>Concurso TJ CE<\/strong><\/em><\/a><\/span><em><strong>  <\/strong><\/em><span style=\"text-decoration: underline;\"><a rel=\"noreferrer noopener\" aria-label=\"Concurso TJ AM (abre numa nova aba)\" href=\"https:\/\/www.estrategiaconcursos.com.br\/blog\/concurso-tj-am\/\" target=\"_blank\"><em><strong>Concurso TJ AM<\/strong><\/em><\/a><\/span><\/p>\n\n\n\n<p>Sabendo que os concurseiros precisam treinar os conhecimentos adquiridos, a equipe de professores do Estrat\u00e9gia Concursos desenvolveu uma <strong><em>Semana Especial de An\u00e1lise das Mat\u00e9rias<\/em><\/strong>. <\/p>\n\n\n\n<p>Os professores T\u00falio Lages, Murillo Leal e Rafael Barbosa dar\u00e3o o pontap\u00e9 inicial no evento com as disciplinas de Direito Constitucional, Direito Processual Penal e Contabilidade e Estat\u00edstica. <\/p>\n\n\n\n<p>Voc\u00ea acompanha <strong><em>ao vivo e gratuitamente a partir das 21:00<\/em><\/strong>, no <em>canal do Estrat\u00e9gia Concursos no Youtube<\/em>. <\/p>\n\n\n\n<h2 class=\"wp-block-heading\" id=\"h-cronograma-tj-ce-e-tj-am-semana-especial-de-analise-das-materias\">Cronograma TJ CE e TJ AM: Semana Especial de An\u00e1lise das Mat\u00e9rias<\/h2>\n\n\n\n<ul class=\"wp-block-list\">\n<li><em>6\/8 &#8211; \u00e0s 21h &#8211; Portugu\u00eas, Direito Civil, AFO e Contabilidade P\u00fablica. <\/em><\/li>\n\n\n\n<li><em>7\/8 &#8211; \u00e0s 21h &#8211; Direito Administrativo, Direito Processual Civil e Inform\u00e1tica. <\/em><\/li>\n\n\n\n<li><em>8\/8 &#8211; \u00e0s 21h &#8211; Direito Penal, Acessibilidade e Direito das Pessoas com Defici\u00eancia e Administra\u00e7\u00e3o Geral e P\u00fablica. <\/em><\/li>\n<\/ul>\n\n\n\n<p class=\"has-text-align-center has-luminous-vivid-amber-background-color has-background\" style=\"font-size:clamp(15.197px, 0.95rem + ((1vw - 3.2px) * 0.765), 23px);px\"><a rel=\"noreferrer noopener\" href=\"https:\/\/www.estrategiaconcursos.com.br\/cursosPorConcurso\/promocao-pacotes-para-tj-ce\/\" target=\"_blank\"><strong>CURSO TJ CE<\/strong><\/a><\/p>\n\n\n\n<p class=\"has-text-align-center has-luminous-vivid-amber-background-color has-background\" style=\"font-size:clamp(15.197px, 0.95rem + ((1vw - 3.2px) * 0.765), 23px);px\"><em><a rel=\"noreferrer noopener\" href=\"https:\/\/www.estrategiaconcursos.com.br\/cursosPorConcurso\/tj-am-tribunal-de-justica-do-amazonas\/\" target=\"_blank\">CURSO TJ AM<\/a><\/em><\/p>\n\n\n\n<p class=\"has-text-align-center\"><em><strong>Assinatura Anual Ilimitada*<\/strong><\/em><\/p>\n\n\n\n<p class=\"has-text-align-center\"><em>Prepare-se com o melhor material e com quem mais aprova em Concursos P\u00fablicos em todo o pa\u00eds. Assine agora a nossa Assinatura Anual e tenha acesso ilimitado* a todos os nossos cursos.<\/em><\/p>\n\n\n\n<p class=\"has-text-align-center has-light-green-cyan-background-color has-background\" style=\"font-size:clamp(16.293px, 1.018rem + ((1vw - 3.2px) * 0.854), 25px);px\"><strong>ASSINE AGORA<\/strong>&nbsp;\u2013&nbsp;<a rel=\"noreferrer noopener\" href=\"https:\/\/www.estrategiaconcursos.com.br\/assinaturas\" target=\"_blank\"><strong>Assinatura Ilimitada<\/strong><\/a><\/p>\n\n\n\n<p class=\"has-text-align-center\"><em><strong>Fique por dentro de todos os concursos<\/strong><\/em>:<\/p>\n\n\n\n<p class=\"has-text-align-center has-pale-cyan-blue-background-color has-background\" style=\"font-size:clamp(15.197px, 0.95rem + ((1vw - 3.2px) * 0.765), 23px);px\"><strong><a href=\"https:\/\/www.estrategiaconcursos.com.br\/blog\/concursos-abertos\/\" target=\"_blank\" rel=\"noreferrer noopener\">Concursos abertos<\/a><\/strong><\/p>\n\n\n\n<p class=\"has-text-align-center has-pale-cyan-blue-background-color has-background\" style=\"font-size:clamp(15.197px, 0.95rem + ((1vw - 3.2px) * 0.765), 23px);px\"><strong><a href=\"https:\/\/www.estrategiaconcursos.com.br\/blog\/concursos-2019\/\" target=\"_blank\" rel=\"noreferrer noopener\">Concursos 2019<\/a><\/strong><\/p>\n\n\n\n<p class=\"has-text-align-center has-pale-cyan-blue-background-color has-background\" style=\"font-size:clamp(15.197px, 0.95rem + ((1vw - 3.2px) * 0.765), 23px);px\"><a rel=\"noreferrer noopener\" href=\"https:\/\/www.estrategiaconcursos.com.br\/blog\/concursos-2020\/\" target=\"_blank\"><strong>Concursos 2020<\/strong><\/a><\/p>\n\n\n\n<p><em>Ascom Estrat\u00e9gia<\/em><br \/>ascomestrategia@gmail.com<\/p>\n\n\n\n<p class=\"has-text-align-center\"><em><strong>Receba not\u00edcias de Concursos no seu WhatsApp e\/ou Telegram!<\/strong><\/em><\/p>\n\n\n\n<p class=\"has-text-align-center\"><em><strong>Cadastre-se clicando no \u00edcone abaixo<\/strong><\/em><\/p>\n\n\n\n<p class=\"has-text-align-center\"><a rel=\"noreferrer noopener\" href=\"https:\/\/www.estrategiaconcursos.com.br\/blog\/noticias-de-concursos-whatsapp-estrategia-concursos\/\" target=\"_blank\"><strong>Not\u00edcias de concursos no seu WhatsApp e\/ou Telegram<\/strong><\/a><\/p>\n","protected":false},"excerpt":{"rendered":"<p>O concurso do Tribunal de Justi\u00e7a do Cear\u00e1 est\u00e1 com as inscri\u00e7\u00f5es abertas at\u00e9 o dia 20 de agosto. A oferta \u00e9 de&nbsp;8 vagas imediatas&nbsp;e&nbsp;320 para forma\u00e7\u00e3o de cadastro reserva&nbsp;para o cargo de T\u00e9cnico Judici\u00e1rio, que exige forma\u00e7\u00e3o de n\u00edvel m\u00e9dio. A banca respons\u00e1vel pelo concurso TJ CE \u00e9 a Funda\u00e7\u00e3o Get\u00falio Vargas \u2013 FGV. [&hellip;]<\/p>\n","protected":false},"author":221,"featured_media":0,"comment_status":"open","ping_status":"closed","sticky":false,"template":"","format":"standard","meta":{"post_tipo":"article","footnotes":""},"categories":[1],"tags":[],"tax_estado":[],"class_list":["post-405999","post","type-post","status-publish","format-standard","hentry","category-cursos-e-concursos"],"acf":[],"yoast_head":"<!-- This site is optimized with the Yoast SEO Premium plugin v27.2 (Yoast SEO v27.2) - https:\/\/yoast.com\/product\/yoast-seo-premium-wordpress\/ -->\n<title>TJ CE e TJ AM: Semana Especial de An\u00e1lise das Mat\u00e9rias<\/title>\n<meta name=\"robots\" content=\"index, follow, max-snippet:-1, max-image-preview:large, max-video-preview:-1\" \/>\n<link rel=\"canonical\" href=\"https:\/\/www.estrategiaconcursos.com.br\/blog\/tj-ce-e-tj-am-analise-das-materias\/\" \/>\n<meta property=\"og:locale\" content=\"pt_BR\" \/>\n<meta property=\"og:type\" content=\"article\" \/>\n<meta property=\"og:title\" content=\"TJ CE e TJ AM: Semana Especial de An\u00e1lise das Mat\u00e9rias\" \/>\n<meta property=\"og:description\" content=\"O concurso do Tribunal de Justi\u00e7a do Cear\u00e1 est\u00e1 com as inscri\u00e7\u00f5es abertas at\u00e9 o dia 20 de agosto. A oferta \u00e9 de&nbsp;8 vagas imediatas&nbsp;e&nbsp;320 para forma\u00e7\u00e3o de cadastro reserva&nbsp;para o cargo de T\u00e9cnico Judici\u00e1rio, que exige forma\u00e7\u00e3o de n\u00edvel m\u00e9dio. A banca respons\u00e1vel pelo concurso TJ CE \u00e9 a Funda\u00e7\u00e3o Get\u00falio Vargas \u2013 FGV. [&hellip;]\" \/>\n<meta property=\"og:url\" content=\"https:\/\/www.estrategiaconcursos.com.br\/blog\/tj-ce-e-tj-am-analise-das-materias\/\" \/>\n<meta property=\"og:site_name\" content=\"Estrat\u00e9gia Concursos\" \/>\n<meta property=\"article:published_time\" content=\"2019-08-05T15:14:36+00:00\" \/>\n<meta property=\"article:modified_time\" content=\"2023-05-18T20:42:03+00:00\" \/>\n<meta name=\"author\" content=\"Tulio Lages\" \/>\n<meta name=\"twitter:card\" content=\"summary_large_image\" \/>\n<meta name=\"twitter:creator\" content=\"@EstratConcursos\" \/>\n<meta name=\"twitter:site\" content=\"@EstratConcursos\" \/>\n<meta name=\"twitter:label1\" content=\"Escrito por\" \/>\n\t<meta name=\"twitter:data1\" content=\"Tulio Lages\" \/>\n\t<meta name=\"twitter:label2\" content=\"Est. tempo de leitura\" \/>\n\t<meta name=\"twitter:data2\" content=\"2 minutos\" \/>\n<script type=\"application\/ld+json\" class=\"yoast-schema-graph\">{\"@context\":\"https:\/\/schema.org\",\"@graph\":[{\"@type\":\"NewsArticle\",\"@id\":\"https:\/\/www.estrategiaconcursos.com.br\/blog\/tj-ce-e-tj-am-analise-das-materias\/#article\",\"isPartOf\":{\"@id\":\"https:\/\/www.estrategiaconcursos.com.br\/blog\/tj-ce-e-tj-am-analise-das-materias\/\"},\"author\":{\"name\":\"Tulio Lages\",\"@id\":\"https:\/\/www.estrategiaconcursos.com.br\/blog\/#\/schema\/person\/80581c41357e3666d4b56f2db6910639\"},\"headline\":\"TJ CE e TJ AM: Semana Especial de An\u00e1lise das Mat\u00e9rias\",\"datePublished\":\"2019-08-05T15:14:36+00:00\",\"dateModified\":\"2023-05-18T20:42:03+00:00\",\"mainEntityOfPage\":{\"@id\":\"https:\/\/www.estrategiaconcursos.com.br\/blog\/tj-ce-e-tj-am-analise-das-materias\/\"},\"wordCount\":375,\"commentCount\":0,\"publisher\":{\"@id\":\"https:\/\/www.estrategiaconcursos.com.br\/blog\/#organization\"},\"articleSection\":[\"Concursos P\u00fablicos\"],\"inLanguage\":\"pt-BR\",\"potentialAction\":[{\"@type\":\"CommentAction\",\"name\":\"Comment\",\"target\":[\"https:\/\/www.estrategiaconcursos.com.br\/blog\/tj-ce-e-tj-am-analise-das-materias\/#respond\"]}],\"copyrightYear\":\"2019\",\"copyrightHolder\":{\"@id\":\"https:\/\/www.estrategiaconcursos.com.br\/blog\/#organization\"}},{\"@type\":\"WebPage\",\"@id\":\"https:\/\/www.estrategiaconcursos.com.br\/blog\/tj-ce-e-tj-am-analise-das-materias\/\",\"url\":\"https:\/\/www.estrategiaconcursos.com.br\/blog\/tj-ce-e-tj-am-analise-das-materias\/\",\"name\":\"TJ CE e TJ AM: Semana Especial de An\u00e1lise das Mat\u00e9rias\",\"isPartOf\":{\"@id\":\"https:\/\/www.estrategiaconcursos.com.br\/blog\/#website\"},\"datePublished\":\"2019-08-05T15:14:36+00:00\",\"dateModified\":\"2023-05-18T20:42:03+00:00\",\"breadcrumb\":{\"@id\":\"https:\/\/www.estrategiaconcursos.com.br\/blog\/tj-ce-e-tj-am-analise-das-materias\/#breadcrumb\"},\"inLanguage\":\"pt-BR\",\"potentialAction\":[{\"@type\":\"ReadAction\",\"target\":[\"https:\/\/www.estrategiaconcursos.com.br\/blog\/tj-ce-e-tj-am-analise-das-materias\/\"]}]},{\"@type\":\"BreadcrumbList\",\"@id\":\"https:\/\/www.estrategiaconcursos.com.br\/blog\/tj-ce-e-tj-am-analise-das-materias\/#breadcrumb\",\"itemListElement\":[{\"@type\":\"ListItem\",\"position\":1,\"name\":\"In\u00edcio\",\"item\":\"https:\/\/www.estrategiaconcursos.com.br\/blog\/\"},{\"@type\":\"ListItem\",\"position\":2,\"name\":\"TJ CE e TJ AM: Semana Especial de An\u00e1lise das Mat\u00e9rias\"}]},{\"@type\":\"WebSite\",\"@id\":\"https:\/\/www.estrategiaconcursos.com.br\/blog\/#website\",\"url\":\"https:\/\/www.estrategiaconcursos.com.br\/blog\/\",\"name\":\"Estrat\u00e9gia Concursos\",\"description\":\"O blog da Estrat\u00e9gia Concursos traz not\u00edcias sobre concursos e artigos de professores oferecendo cursos para concursos (pdf + videaulas) no site.\",\"publisher\":{\"@id\":\"https:\/\/www.estrategiaconcursos.com.br\/blog\/#organization\"},\"potentialAction\":[{\"@type\":\"SearchAction\",\"target\":{\"@type\":\"EntryPoint\",\"urlTemplate\":\"https:\/\/www.estrategiaconcursos.com.br\/blog\/?s={search_term_string}\"},\"query-input\":{\"@type\":\"PropertyValueSpecification\",\"valueRequired\":true,\"valueName\":\"search_term_string\"}}],\"inLanguage\":\"pt-BR\"},{\"@type\":\"Organization\",\"@id\":\"https:\/\/www.estrategiaconcursos.com.br\/blog\/#organization\",\"name\":\"Estrat\u00e9gia Concursos\",\"url\":\"https:\/\/www.estrategiaconcursos.com.br\/blog\/\",\"logo\":{\"@type\":\"ImageObject\",\"inLanguage\":\"pt-BR\",\"@id\":\"https:\/\/www.estrategiaconcursos.com.br\/blog\/#\/schema\/logo\/image\/\",\"url\":\"https:\/\/dhg1h5j42swfq.cloudfront.net\/2025\/06\/03203428\/logo_concursos-1.jpg\",\"contentUrl\":\"https:\/\/dhg1h5j42swfq.cloudfront.net\/2025\/06\/03203428\/logo_concursos-1.jpg\",\"width\":230,\"height\":60,\"caption\":\"Estrat\u00e9gia Concursos\"},\"image\":{\"@id\":\"https:\/\/www.estrategiaconcursos.com.br\/blog\/#\/schema\/logo\/image\/\"},\"sameAs\":[\"https:\/\/x.com\/EstratConcursos\"]},{\"@type\":\"Person\",\"@id\":\"https:\/\/www.estrategiaconcursos.com.br\/blog\/#\/schema\/person\/80581c41357e3666d4b56f2db6910639\",\"name\":\"Tulio Lages\",\"image\":{\"@type\":\"ImageObject\",\"inLanguage\":\"pt-BR\",\"@id\":\"https:\/\/secure.gravatar.com\/avatar\/d24e31d7062c4ca48f968843d2bcad20a2ba1a5cf087b6f34171db005b925941?s=96&d=mm&r=g\",\"url\":\"https:\/\/secure.gravatar.com\/avatar\/d24e31d7062c4ca48f968843d2bcad20a2ba1a5cf087b6f34171db005b925941?s=96&d=mm&r=g\",\"contentUrl\":\"https:\/\/secure.gravatar.com\/avatar\/d24e31d7062c4ca48f968843d2bcad20a2ba1a5cf087b6f34171db005b925941?s=96&d=mm&r=g\",\"caption\":\"Tulio Lages\"},\"url\":\"https:\/\/www.estrategiaconcursos.com.br\/blog\/author\/tuliolagesestrategiaconcursos-com-br\/\"}]}<\/script>\n<!-- \/ Yoast SEO Premium plugin. -->","yoast_head_json":{"title":"TJ CE e TJ AM: Semana Especial de An\u00e1lise das Mat\u00e9rias","robots":{"index":"index","follow":"follow","max-snippet":"max-snippet:-1","max-image-preview":"max-image-preview:large","max-video-preview":"max-video-preview:-1"},"canonical":"https:\/\/www.estrategiaconcursos.com.br\/blog\/tj-ce-e-tj-am-analise-das-materias\/","og_locale":"pt_BR","og_type":"article","og_title":"TJ CE e TJ AM: Semana Especial de An\u00e1lise das Mat\u00e9rias","og_description":"O concurso do Tribunal de Justi\u00e7a do Cear\u00e1 est\u00e1 com as inscri\u00e7\u00f5es abertas at\u00e9 o dia 20 de agosto. A oferta \u00e9 de&nbsp;8 vagas imediatas&nbsp;e&nbsp;320 para forma\u00e7\u00e3o de cadastro reserva&nbsp;para o cargo de T\u00e9cnico Judici\u00e1rio, que exige forma\u00e7\u00e3o de n\u00edvel m\u00e9dio. A banca respons\u00e1vel pelo concurso TJ CE \u00e9 a Funda\u00e7\u00e3o Get\u00falio Vargas \u2013 FGV. [&hellip;]","og_url":"https:\/\/www.estrategiaconcursos.com.br\/blog\/tj-ce-e-tj-am-analise-das-materias\/","og_site_name":"Estrat\u00e9gia Concursos","article_published_time":"2019-08-05T15:14:36+00:00","article_modified_time":"2023-05-18T20:42:03+00:00","author":"Tulio Lages","twitter_card":"summary_large_image","twitter_creator":"@EstratConcursos","twitter_site":"@EstratConcursos","twitter_misc":{"Escrito por":"Tulio Lages","Est. tempo de leitura":"2 minutos"},"schema":{"@context":"https:\/\/schema.org","@graph":[{"@type":"NewsArticle","@id":"https:\/\/www.estrategiaconcursos.com.br\/blog\/tj-ce-e-tj-am-analise-das-materias\/#article","isPartOf":{"@id":"https:\/\/www.estrategiaconcursos.com.br\/blog\/tj-ce-e-tj-am-analise-das-materias\/"},"author":{"name":"Tulio Lages","@id":"https:\/\/www.estrategiaconcursos.com.br\/blog\/#\/schema\/person\/80581c41357e3666d4b56f2db6910639"},"headline":"TJ CE e TJ AM: Semana Especial de An\u00e1lise das Mat\u00e9rias","datePublished":"2019-08-05T15:14:36+00:00","dateModified":"2023-05-18T20:42:03+00:00","mainEntityOfPage":{"@id":"https:\/\/www.estrategiaconcursos.com.br\/blog\/tj-ce-e-tj-am-analise-das-materias\/"},"wordCount":375,"commentCount":0,"publisher":{"@id":"https:\/\/www.estrategiaconcursos.com.br\/blog\/#organization"},"articleSection":["Concursos P\u00fablicos"],"inLanguage":"pt-BR","potentialAction":[{"@type":"CommentAction","name":"Comment","target":["https:\/\/www.estrategiaconcursos.com.br\/blog\/tj-ce-e-tj-am-analise-das-materias\/#respond"]}],"copyrightYear":"2019","copyrightHolder":{"@id":"https:\/\/www.estrategiaconcursos.com.br\/blog\/#organization"}},{"@type":"WebPage","@id":"https:\/\/www.estrategiaconcursos.com.br\/blog\/tj-ce-e-tj-am-analise-das-materias\/","url":"https:\/\/www.estrategiaconcursos.com.br\/blog\/tj-ce-e-tj-am-analise-das-materias\/","name":"TJ CE e TJ AM: Semana Especial de An\u00e1lise das Mat\u00e9rias","isPartOf":{"@id":"https:\/\/www.estrategiaconcursos.com.br\/blog\/#website"},"datePublished":"2019-08-05T15:14:36+00:00","dateModified":"2023-05-18T20:42:03+00:00","breadcrumb":{"@id":"https:\/\/www.estrategiaconcursos.com.br\/blog\/tj-ce-e-tj-am-analise-das-materias\/#breadcrumb"},"inLanguage":"pt-BR","potentialAction":[{"@type":"ReadAction","target":["https:\/\/www.estrategiaconcursos.com.br\/blog\/tj-ce-e-tj-am-analise-das-materias\/"]}]},{"@type":"BreadcrumbList","@id":"https:\/\/www.estrategiaconcursos.com.br\/blog\/tj-ce-e-tj-am-analise-das-materias\/#breadcrumb","itemListElement":[{"@type":"ListItem","position":1,"name":"In\u00edcio","item":"https:\/\/www.estrategiaconcursos.com.br\/blog\/"},{"@type":"ListItem","position":2,"name":"TJ CE e TJ AM: Semana Especial de An\u00e1lise das Mat\u00e9rias"}]},{"@type":"WebSite","@id":"https:\/\/www.estrategiaconcursos.com.br\/blog\/#website","url":"https:\/\/www.estrategiaconcursos.com.br\/blog\/","name":"Estrat\u00e9gia Concursos","description":"O blog da Estrat\u00e9gia Concursos traz not\u00edcias sobre concursos e artigos de professores oferecendo cursos para concursos (pdf + videaulas) no site.","publisher":{"@id":"https:\/\/www.estrategiaconcursos.com.br\/blog\/#organization"},"potentialAction":[{"@type":"SearchAction","target":{"@type":"EntryPoint","urlTemplate":"https:\/\/www.estrategiaconcursos.com.br\/blog\/?s={search_term_string}"},"query-input":{"@type":"PropertyValueSpecification","valueRequired":true,"valueName":"search_term_string"}}],"inLanguage":"pt-BR"},{"@type":"Organization","@id":"https:\/\/www.estrategiaconcursos.com.br\/blog\/#organization","name":"Estrat\u00e9gia Concursos","url":"https:\/\/www.estrategiaconcursos.com.br\/blog\/","logo":{"@type":"ImageObject","inLanguage":"pt-BR","@id":"https:\/\/www.estrategiaconcursos.com.br\/blog\/#\/schema\/logo\/image\/","url":"https:\/\/dhg1h5j42swfq.cloudfront.net\/2025\/06\/03203428\/logo_concursos-1.jpg","contentUrl":"https:\/\/dhg1h5j42swfq.cloudfront.net\/2025\/06\/03203428\/logo_concursos-1.jpg","width":230,"height":60,"caption":"Estrat\u00e9gia Concursos"},"image":{"@id":"https:\/\/www.estrategiaconcursos.com.br\/blog\/#\/schema\/logo\/image\/"},"sameAs":["https:\/\/x.com\/EstratConcursos"]},{"@type":"Person","@id":"https:\/\/www.estrategiaconcursos.com.br\/blog\/#\/schema\/person\/80581c41357e3666d4b56f2db6910639","name":"Tulio Lages","image":{"@type":"ImageObject","inLanguage":"pt-BR","@id":"https:\/\/secure.gravatar.com\/avatar\/d24e31d7062c4ca48f968843d2bcad20a2ba1a5cf087b6f34171db005b925941?s=96&d=mm&r=g","url":"https:\/\/secure.gravatar.com\/avatar\/d24e31d7062c4ca48f968843d2bcad20a2ba1a5cf087b6f34171db005b925941?s=96&d=mm&r=g","contentUrl":"https:\/\/secure.gravatar.com\/avatar\/d24e31d7062c4ca48f968843d2bcad20a2ba1a5cf087b6f34171db005b925941?s=96&d=mm&r=g","caption":"Tulio Lages"},"url":"https:\/\/www.estrategiaconcursos.com.br\/blog\/author\/tuliolagesestrategiaconcursos-com-br\/"}]}},"_links":{"self":[{"href":"https:\/\/www.estrategiaconcursos.com.br\/blog\/wp-json\/wp\/v2\/posts\/405999","targetHints":{"allow":["GET"]}}],"collection":[{"href":"https:\/\/www.estrategiaconcursos.com.br\/blog\/wp-json\/wp\/v2\/posts"}],"about":[{"href":"https:\/\/www.estrategiaconcursos.com.br\/blog\/wp-json\/wp\/v2\/types\/post"}],"author":[{"embeddable":true,"href":"https:\/\/www.estrategiaconcursos.com.br\/blog\/wp-json\/wp\/v2\/users\/221"}],"replies":[{"embeddable":true,"href":"https:\/\/www.estrategiaconcursos.com.br\/blog\/wp-json\/wp\/v2\/comments?post=405999"}],"version-history":[{"count":8,"href":"https:\/\/www.estrategiaconcursos.com.br\/blog\/wp-json\/wp\/v2\/posts\/405999\/revisions"}],"predecessor-version":[{"id":1218594,"href":"https:\/\/www.estrategiaconcursos.com.br\/blog\/wp-json\/wp\/v2\/posts\/405999\/revisions\/1218594"}],"wp:attachment":[{"href":"https:\/\/www.estrategiaconcursos.com.br\/blog\/wp-json\/wp\/v2\/media?parent=405999"}],"wp:term":[{"taxonomy":"category","embeddable":true,"href":"https:\/\/www.estrategiaconcursos.com.br\/blog\/wp-json\/wp\/v2\/categories?post=405999"},{"taxonomy":"post_tag","embeddable":true,"href":"https:\/\/www.estrategiaconcursos.com.br\/blog\/wp-json\/wp\/v2\/tags?post=405999"},{"taxonomy":"tax_estado","embeddable":true,"href":"https:\/\/www.estrategiaconcursos.com.br\/blog\/wp-json\/wp\/v2\/tax_estado?post=405999"}],"curies":[{"name":"wp","href":"https:\/\/api.w.org\/{rel}","templated":true}]}}