{"id":405900,"date":"2019-08-05T10:23:56","date_gmt":"2019-08-05T13:23:56","guid":{"rendered":"https:\/\/www.estrategiaconcursos.com.br\/blog\/?p=405900"},"modified":"2019-08-05T10:28:20","modified_gmt":"2019-08-05T13:28:20","slug":"concurso-mp-sc-promotor-resultado-da-prova-objetiva","status":"publish","type":"post","link":"https:\/\/www.estrategiaconcursos.com.br\/blog\/concurso-mp-sc-promotor-resultado-da-prova-objetiva\/","title":{"rendered":"Concurso MP SC Promotor: resultado da prova objetiva \u00e9 divulgado"},"content":{"rendered":"\n<h2 class=\"wp-block-heading\"><em>Confira a classifica\u00e7\u00e3o dos candidatos aprovados <\/em><\/h2>\n\n\n\n<p>Foi publicado no Di\u00e1rio Oficial desta segunda-feira, 5 de agosto, a apura\u00e7\u00e3o da pontua\u00e7\u00e3o dos candidatos nas provas do processo seletivo preambular objetivo. Na classifica\u00e7\u00e3o divulgada est\u00e3o inclusas candidatos com defici\u00eancia e negros.<\/p>\n\n\n\n<p>Vale lembrar que os gabaritos da primeira etapa de provas objetivas que ocorreu na data do dia 14 de julho j\u00e1 foram divulgados. Ao todo foram 4,7 mil inscri\u00e7\u00f5es preliminares homologadas. <\/p>\n\n\n\n<p>A pr\u00f3xima etapa do certame est\u00e1 marcada para acontecer no dia 29 de setembro de 2019 e ser\u00e1 aplicada uma prova de Direito Penal e Direito Processual Penal.<\/p>\n\n\n\n<p> Confira abaixo os candidatos classificados para o processo seletivo preambular discursivo:<\/p>\n\n\n\n<p style=\"font-size:22px;text-align:center\" class=\"has-background has-very-light-gray-background-color\"><strong><a href=\"https:\/\/dhg1h5j42swfq.cloudfront.net\/2019\/08\/05102607\/10_Comunicado_resultado_preambular-1.pdf\" target=\"_blank\" rel=\"noreferrer noopener\" aria-label=\"Resultado prova objetiva MP SC (abre numa nova aba)\">Resultado prova objetiva MP SC<\/a><\/strong><\/p>\n\n\n\n<p>Importante ressaltar que o edital do concurso foi publicado em abril deste ano. Das 23 vagas, uma ser\u00e1 reservada preferencialmente aos candidatos com defici\u00eancia e 4 outras ser\u00e3o reservadas preferencialmente aos candidatos negros. <\/p>\n\n\n\n<p>Fique por dentro de todas as informa\u00e7\u00f5es do concurso do Minist\u00e9rio Publico de Santa Catarina para Promotor acessando o link abaixo!<\/p>\n\n\n\n<p style=\"font-size:22px;text-align:center\" class=\"has-background has-very-light-gray-background-color\"><strong>Saiba mais: <a rel=\"noreferrer noopener\" aria-label=\"Concurso UFRB (abre numa nova aba)\" href=\"https:\/\/www.estrategiaconcursos.com.br\/blog\/concurso-mp-sc-promotor\/\" target=\"_blank\">Concurso MP SC Promotor<\/a><\/strong><\/p>\n\n\n\n<p style=\"text-align:center\" class=\"has-background has-medium-font-size has-luminous-vivid-amber-background-color\"><strong><a href=\"https:\/\/www.estrategiaconcursos.com.br\/cursosPorConcurso\/ministerio-publico-do-estado-de-santa-catarina-mp-sc-promotor\/\">CURSO MP SC PROMOTOR<\/a><\/strong><\/p>\n\n\n\n<p style=\"text-align:center\"><em><strong>Assinatura Anual Ilimitada*<\/strong><\/em><\/p>\n\n\n\n<p style=\"text-align:center\"><em>Prepare-se com o melhor material e com quem mais aprova em Concursos P\u00fablicos em todo o pa\u00eds. Assine agora a nossa Assinatura Anual e tenha acesso ilimitado* a todos os nossos cursos.<\/em><\/p>\n\n\n\n<p style=\"text-align:center\" class=\"has-background has-light-green-cyan-background-color\"><strong>ASSINE AGORA<\/strong>&nbsp;\u2013&nbsp;<a rel=\"noreferrer noopener\" href=\"https:\/\/www.estrategiaconcursos.com.br\/assinaturas\" target=\"_blank\">Assinatura Ilimitada<\/a><\/p>\n\n\n\n<p style=\"font-size:22px;text-align:center\" class=\"has-background has-pale-cyan-blue-background-color\"><strong><a href=\"https:\/\/www.estrategiaconcursos.com.br\/blog\/concursos-abertos\/\">CONCURSOS ABERTOS<\/a><\/strong><\/p>\n\n\n\n<p style=\"font-size:22px;text-align:center\" class=\"has-background has-pale-cyan-blue-background-color\"><a href=\"https:\/\/www.estrategiaconcursos.com.br\/blog\/concursos-2019\/\"><strong>CONCURSOS 2019<\/strong><\/a><\/p>\n\n\n\n<p style=\"font-size:22px;text-align:center\" class=\"has-background has-pale-cyan-blue-background-color\"><a href=\"https:\/\/www.estrategiaconcursos.com.br\/blog\/concursos-2020\/\"><strong>CONCURSOS<\/strong><\/a><strong><a href=\"https:\/\/www.estrategiaconcursos.com.br\/blog\/concursos-2020\/\">&nbsp;2020<\/a><\/strong><\/p>\n","protected":false},"excerpt":{"rendered":"<p>Confira a classifica\u00e7\u00e3o dos candidatos aprovados Foi publicado no Di\u00e1rio Oficial desta segunda-feira, 5 de agosto, a apura\u00e7\u00e3o da pontua\u00e7\u00e3o dos candidatos nas provas do processo seletivo preambular objetivo. Na classifica\u00e7\u00e3o divulgada est\u00e3o inclusas candidatos com defici\u00eancia e negros. Vale lembrar que os gabaritos da primeira etapa de provas objetivas que ocorreu na data do [&hellip;]<\/p>\n","protected":false},"author":492,"featured_media":0,"comment_status":"open","ping_status":"closed","sticky":false,"template":"","format":"standard","meta":{"post_tipo":"article","footnotes":""},"categories":[1],"tags":[],"tax_estado":[],"class_list":["post-405900","post","type-post","status-publish","format-standard","hentry","category-cursos-e-concursos"],"acf":[],"yoast_head":"<!-- This site is optimized with the Yoast SEO Premium plugin v27.2 (Yoast SEO v27.2) - https:\/\/yoast.com\/product\/yoast-seo-premium-wordpress\/ -->\n<title>Concurso MP SC Promotor: resultado da prova objetiva \u00e9 divulgado<\/title>\n<meta name=\"robots\" content=\"index, follow, max-snippet:-1, max-image-preview:large, max-video-preview:-1\" \/>\n<link rel=\"canonical\" href=\"https:\/\/www.estrategiaconcursos.com.br\/blog\/concurso-mp-sc-promotor-resultado-da-prova-objetiva\/\" \/>\n<meta property=\"og:locale\" content=\"pt_BR\" \/>\n<meta property=\"og:type\" content=\"article\" \/>\n<meta property=\"og:title\" content=\"Concurso MP SC Promotor: resultado da prova objetiva \u00e9 divulgado\" \/>\n<meta property=\"og:description\" content=\"Confira a classifica\u00e7\u00e3o dos candidatos aprovados Foi publicado no Di\u00e1rio Oficial desta segunda-feira, 5 de agosto, a apura\u00e7\u00e3o da pontua\u00e7\u00e3o dos candidatos nas provas do processo seletivo preambular objetivo. Na classifica\u00e7\u00e3o divulgada est\u00e3o inclusas candidatos com defici\u00eancia e negros. Vale lembrar que os gabaritos da primeira etapa de provas objetivas que ocorreu na data do [&hellip;]\" \/>\n<meta property=\"og:url\" content=\"https:\/\/www.estrategiaconcursos.com.br\/blog\/concurso-mp-sc-promotor-resultado-da-prova-objetiva\/\" \/>\n<meta property=\"og:site_name\" content=\"Estrat\u00e9gia Concursos\" \/>\n<meta property=\"article:published_time\" content=\"2019-08-05T13:23:56+00:00\" \/>\n<meta property=\"article:modified_time\" content=\"2019-08-05T13:28:20+00:00\" \/>\n<meta name=\"author\" content=\"Nelma Fontana\" \/>\n<meta name=\"twitter:card\" content=\"summary_large_image\" \/>\n<meta name=\"twitter:creator\" content=\"@EstratConcursos\" \/>\n<meta name=\"twitter:site\" content=\"@EstratConcursos\" \/>\n<meta name=\"twitter:label1\" content=\"Escrito por\" \/>\n\t<meta name=\"twitter:data1\" content=\"Nelma Fontana\" \/>\n\t<meta name=\"twitter:label2\" content=\"Est. tempo de leitura\" \/>\n\t<meta name=\"twitter:data2\" content=\"1 minuto\" \/>\n<script type=\"application\/ld+json\" class=\"yoast-schema-graph\">{\"@context\":\"https:\/\/schema.org\",\"@graph\":[{\"@type\":\"NewsArticle\",\"@id\":\"https:\/\/www.estrategiaconcursos.com.br\/blog\/concurso-mp-sc-promotor-resultado-da-prova-objetiva\/#article\",\"isPartOf\":{\"@id\":\"https:\/\/www.estrategiaconcursos.com.br\/blog\/concurso-mp-sc-promotor-resultado-da-prova-objetiva\/\"},\"author\":{\"name\":\"Nelma Fontana\",\"@id\":\"https:\/\/www.estrategiaconcursos.com.br\/blog\/#\/schema\/person\/09924ae9dae935885ef15db075a3be15\"},\"headline\":\"Concurso MP SC Promotor: resultado da prova objetiva \u00e9 divulgado\",\"datePublished\":\"2019-08-05T13:23:56+00:00\",\"dateModified\":\"2019-08-05T13:28:20+00:00\",\"mainEntityOfPage\":{\"@id\":\"https:\/\/www.estrategiaconcursos.com.br\/blog\/concurso-mp-sc-promotor-resultado-da-prova-objetiva\/\"},\"wordCount\":241,\"commentCount\":0,\"publisher\":{\"@id\":\"https:\/\/www.estrategiaconcursos.com.br\/blog\/#organization\"},\"articleSection\":[\"Concursos P\u00fablicos\"],\"inLanguage\":\"pt-BR\",\"potentialAction\":[{\"@type\":\"CommentAction\",\"name\":\"Comment\",\"target\":[\"https:\/\/www.estrategiaconcursos.com.br\/blog\/concurso-mp-sc-promotor-resultado-da-prova-objetiva\/#respond\"]}],\"copyrightYear\":\"2019\",\"copyrightHolder\":{\"@id\":\"https:\/\/www.estrategiaconcursos.com.br\/blog\/#organization\"}},{\"@type\":\"WebPage\",\"@id\":\"https:\/\/www.estrategiaconcursos.com.br\/blog\/concurso-mp-sc-promotor-resultado-da-prova-objetiva\/\",\"url\":\"https:\/\/www.estrategiaconcursos.com.br\/blog\/concurso-mp-sc-promotor-resultado-da-prova-objetiva\/\",\"name\":\"Concurso MP SC Promotor: resultado da prova objetiva \u00e9 divulgado\",\"isPartOf\":{\"@id\":\"https:\/\/www.estrategiaconcursos.com.br\/blog\/#website\"},\"datePublished\":\"2019-08-05T13:23:56+00:00\",\"dateModified\":\"2019-08-05T13:28:20+00:00\",\"breadcrumb\":{\"@id\":\"https:\/\/www.estrategiaconcursos.com.br\/blog\/concurso-mp-sc-promotor-resultado-da-prova-objetiva\/#breadcrumb\"},\"inLanguage\":\"pt-BR\",\"potentialAction\":[{\"@type\":\"ReadAction\",\"target\":[\"https:\/\/www.estrategiaconcursos.com.br\/blog\/concurso-mp-sc-promotor-resultado-da-prova-objetiva\/\"]}]},{\"@type\":\"BreadcrumbList\",\"@id\":\"https:\/\/www.estrategiaconcursos.com.br\/blog\/concurso-mp-sc-promotor-resultado-da-prova-objetiva\/#breadcrumb\",\"itemListElement\":[{\"@type\":\"ListItem\",\"position\":1,\"name\":\"In\u00edcio\",\"item\":\"https:\/\/www.estrategiaconcursos.com.br\/blog\/\"},{\"@type\":\"ListItem\",\"position\":2,\"name\":\"Concurso MP SC Promotor: resultado da prova objetiva \u00e9 divulgado\"}]},{\"@type\":\"WebSite\",\"@id\":\"https:\/\/www.estrategiaconcursos.com.br\/blog\/#website\",\"url\":\"https:\/\/www.estrategiaconcursos.com.br\/blog\/\",\"name\":\"Estrat\u00e9gia Concursos\",\"description\":\"O blog da Estrat\u00e9gia Concursos traz not\u00edcias sobre concursos e artigos de professores oferecendo cursos para concursos (pdf + videaulas) no site.\",\"publisher\":{\"@id\":\"https:\/\/www.estrategiaconcursos.com.br\/blog\/#organization\"},\"potentialAction\":[{\"@type\":\"SearchAction\",\"target\":{\"@type\":\"EntryPoint\",\"urlTemplate\":\"https:\/\/www.estrategiaconcursos.com.br\/blog\/?s={search_term_string}\"},\"query-input\":{\"@type\":\"PropertyValueSpecification\",\"valueRequired\":true,\"valueName\":\"search_term_string\"}}],\"inLanguage\":\"pt-BR\"},{\"@type\":\"Organization\",\"@id\":\"https:\/\/www.estrategiaconcursos.com.br\/blog\/#organization\",\"name\":\"Estrat\u00e9gia Concursos\",\"url\":\"https:\/\/www.estrategiaconcursos.com.br\/blog\/\",\"logo\":{\"@type\":\"ImageObject\",\"inLanguage\":\"pt-BR\",\"@id\":\"https:\/\/www.estrategiaconcursos.com.br\/blog\/#\/schema\/logo\/image\/\",\"url\":\"https:\/\/dhg1h5j42swfq.cloudfront.net\/2025\/06\/03203428\/logo_concursos-1.jpg\",\"contentUrl\":\"https:\/\/dhg1h5j42swfq.cloudfront.net\/2025\/06\/03203428\/logo_concursos-1.jpg\",\"width\":230,\"height\":60,\"caption\":\"Estrat\u00e9gia Concursos\"},\"image\":{\"@id\":\"https:\/\/www.estrategiaconcursos.com.br\/blog\/#\/schema\/logo\/image\/\"},\"sameAs\":[\"https:\/\/x.com\/EstratConcursos\"]},{\"@type\":\"Person\",\"@id\":\"https:\/\/www.estrategiaconcursos.com.br\/blog\/#\/schema\/person\/09924ae9dae935885ef15db075a3be15\",\"name\":\"Nelma Fontana\",\"image\":{\"@type\":\"ImageObject\",\"inLanguage\":\"pt-BR\",\"@id\":\"https:\/\/secure.gravatar.com\/avatar\/a2b4071a40b0ae857a4dfe2308130289bde3d65cc7674fb758d21a8b645071e5?s=96&d=mm&r=g\",\"url\":\"https:\/\/secure.gravatar.com\/avatar\/a2b4071a40b0ae857a4dfe2308130289bde3d65cc7674fb758d21a8b645071e5?s=96&d=mm&r=g\",\"contentUrl\":\"https:\/\/secure.gravatar.com\/avatar\/a2b4071a40b0ae857a4dfe2308130289bde3d65cc7674fb758d21a8b645071e5?s=96&d=mm&r=g\",\"caption\":\"Nelma Fontana\"},\"url\":\"https:\/\/www.estrategiaconcursos.com.br\/blog\/author\/fontananelmagmail-com\/\"}]}<\/script>\n<!-- \/ Yoast SEO Premium plugin. -->","yoast_head_json":{"title":"Concurso MP SC Promotor: resultado da prova objetiva \u00e9 divulgado","robots":{"index":"index","follow":"follow","max-snippet":"max-snippet:-1","max-image-preview":"max-image-preview:large","max-video-preview":"max-video-preview:-1"},"canonical":"https:\/\/www.estrategiaconcursos.com.br\/blog\/concurso-mp-sc-promotor-resultado-da-prova-objetiva\/","og_locale":"pt_BR","og_type":"article","og_title":"Concurso MP SC Promotor: resultado da prova objetiva \u00e9 divulgado","og_description":"Confira a classifica\u00e7\u00e3o dos candidatos aprovados Foi publicado no Di\u00e1rio Oficial desta segunda-feira, 5 de agosto, a apura\u00e7\u00e3o da pontua\u00e7\u00e3o dos candidatos nas provas do processo seletivo preambular objetivo. Na classifica\u00e7\u00e3o divulgada est\u00e3o inclusas candidatos com defici\u00eancia e negros. Vale lembrar que os gabaritos da primeira etapa de provas objetivas que ocorreu na data do [&hellip;]","og_url":"https:\/\/www.estrategiaconcursos.com.br\/blog\/concurso-mp-sc-promotor-resultado-da-prova-objetiva\/","og_site_name":"Estrat\u00e9gia Concursos","article_published_time":"2019-08-05T13:23:56+00:00","article_modified_time":"2019-08-05T13:28:20+00:00","author":"Nelma Fontana","twitter_card":"summary_large_image","twitter_creator":"@EstratConcursos","twitter_site":"@EstratConcursos","twitter_misc":{"Escrito por":"Nelma Fontana","Est. tempo de leitura":"1 minuto"},"schema":{"@context":"https:\/\/schema.org","@graph":[{"@type":"NewsArticle","@id":"https:\/\/www.estrategiaconcursos.com.br\/blog\/concurso-mp-sc-promotor-resultado-da-prova-objetiva\/#article","isPartOf":{"@id":"https:\/\/www.estrategiaconcursos.com.br\/blog\/concurso-mp-sc-promotor-resultado-da-prova-objetiva\/"},"author":{"name":"Nelma Fontana","@id":"https:\/\/www.estrategiaconcursos.com.br\/blog\/#\/schema\/person\/09924ae9dae935885ef15db075a3be15"},"headline":"Concurso MP SC Promotor: resultado da prova objetiva \u00e9 divulgado","datePublished":"2019-08-05T13:23:56+00:00","dateModified":"2019-08-05T13:28:20+00:00","mainEntityOfPage":{"@id":"https:\/\/www.estrategiaconcursos.com.br\/blog\/concurso-mp-sc-promotor-resultado-da-prova-objetiva\/"},"wordCount":241,"commentCount":0,"publisher":{"@id":"https:\/\/www.estrategiaconcursos.com.br\/blog\/#organization"},"articleSection":["Concursos P\u00fablicos"],"inLanguage":"pt-BR","potentialAction":[{"@type":"CommentAction","name":"Comment","target":["https:\/\/www.estrategiaconcursos.com.br\/blog\/concurso-mp-sc-promotor-resultado-da-prova-objetiva\/#respond"]}],"copyrightYear":"2019","copyrightHolder":{"@id":"https:\/\/www.estrategiaconcursos.com.br\/blog\/#organization"}},{"@type":"WebPage","@id":"https:\/\/www.estrategiaconcursos.com.br\/blog\/concurso-mp-sc-promotor-resultado-da-prova-objetiva\/","url":"https:\/\/www.estrategiaconcursos.com.br\/blog\/concurso-mp-sc-promotor-resultado-da-prova-objetiva\/","name":"Concurso MP SC Promotor: resultado da prova objetiva \u00e9 divulgado","isPartOf":{"@id":"https:\/\/www.estrategiaconcursos.com.br\/blog\/#website"},"datePublished":"2019-08-05T13:23:56+00:00","dateModified":"2019-08-05T13:28:20+00:00","breadcrumb":{"@id":"https:\/\/www.estrategiaconcursos.com.br\/blog\/concurso-mp-sc-promotor-resultado-da-prova-objetiva\/#breadcrumb"},"inLanguage":"pt-BR","potentialAction":[{"@type":"ReadAction","target":["https:\/\/www.estrategiaconcursos.com.br\/blog\/concurso-mp-sc-promotor-resultado-da-prova-objetiva\/"]}]},{"@type":"BreadcrumbList","@id":"https:\/\/www.estrategiaconcursos.com.br\/blog\/concurso-mp-sc-promotor-resultado-da-prova-objetiva\/#breadcrumb","itemListElement":[{"@type":"ListItem","position":1,"name":"In\u00edcio","item":"https:\/\/www.estrategiaconcursos.com.br\/blog\/"},{"@type":"ListItem","position":2,"name":"Concurso MP SC Promotor: resultado da prova objetiva \u00e9 divulgado"}]},{"@type":"WebSite","@id":"https:\/\/www.estrategiaconcursos.com.br\/blog\/#website","url":"https:\/\/www.estrategiaconcursos.com.br\/blog\/","name":"Estrat\u00e9gia Concursos","description":"O blog da Estrat\u00e9gia Concursos traz not\u00edcias sobre concursos e artigos de professores oferecendo cursos para concursos (pdf + videaulas) no site.","publisher":{"@id":"https:\/\/www.estrategiaconcursos.com.br\/blog\/#organization"},"potentialAction":[{"@type":"SearchAction","target":{"@type":"EntryPoint","urlTemplate":"https:\/\/www.estrategiaconcursos.com.br\/blog\/?s={search_term_string}"},"query-input":{"@type":"PropertyValueSpecification","valueRequired":true,"valueName":"search_term_string"}}],"inLanguage":"pt-BR"},{"@type":"Organization","@id":"https:\/\/www.estrategiaconcursos.com.br\/blog\/#organization","name":"Estrat\u00e9gia Concursos","url":"https:\/\/www.estrategiaconcursos.com.br\/blog\/","logo":{"@type":"ImageObject","inLanguage":"pt-BR","@id":"https:\/\/www.estrategiaconcursos.com.br\/blog\/#\/schema\/logo\/image\/","url":"https:\/\/dhg1h5j42swfq.cloudfront.net\/2025\/06\/03203428\/logo_concursos-1.jpg","contentUrl":"https:\/\/dhg1h5j42swfq.cloudfront.net\/2025\/06\/03203428\/logo_concursos-1.jpg","width":230,"height":60,"caption":"Estrat\u00e9gia Concursos"},"image":{"@id":"https:\/\/www.estrategiaconcursos.com.br\/blog\/#\/schema\/logo\/image\/"},"sameAs":["https:\/\/x.com\/EstratConcursos"]},{"@type":"Person","@id":"https:\/\/www.estrategiaconcursos.com.br\/blog\/#\/schema\/person\/09924ae9dae935885ef15db075a3be15","name":"Nelma Fontana","image":{"@type":"ImageObject","inLanguage":"pt-BR","@id":"https:\/\/secure.gravatar.com\/avatar\/a2b4071a40b0ae857a4dfe2308130289bde3d65cc7674fb758d21a8b645071e5?s=96&d=mm&r=g","url":"https:\/\/secure.gravatar.com\/avatar\/a2b4071a40b0ae857a4dfe2308130289bde3d65cc7674fb758d21a8b645071e5?s=96&d=mm&r=g","contentUrl":"https:\/\/secure.gravatar.com\/avatar\/a2b4071a40b0ae857a4dfe2308130289bde3d65cc7674fb758d21a8b645071e5?s=96&d=mm&r=g","caption":"Nelma Fontana"},"url":"https:\/\/www.estrategiaconcursos.com.br\/blog\/author\/fontananelmagmail-com\/"}]}},"_links":{"self":[{"href":"https:\/\/www.estrategiaconcursos.com.br\/blog\/wp-json\/wp\/v2\/posts\/405900","targetHints":{"allow":["GET"]}}],"collection":[{"href":"https:\/\/www.estrategiaconcursos.com.br\/blog\/wp-json\/wp\/v2\/posts"}],"about":[{"href":"https:\/\/www.estrategiaconcursos.com.br\/blog\/wp-json\/wp\/v2\/types\/post"}],"author":[{"embeddable":true,"href":"https:\/\/www.estrategiaconcursos.com.br\/blog\/wp-json\/wp\/v2\/users\/492"}],"replies":[{"embeddable":true,"href":"https:\/\/www.estrategiaconcursos.com.br\/blog\/wp-json\/wp\/v2\/comments?post=405900"}],"version-history":[{"count":4,"href":"https:\/\/www.estrategiaconcursos.com.br\/blog\/wp-json\/wp\/v2\/posts\/405900\/revisions"}],"predecessor-version":[{"id":405953,"href":"https:\/\/www.estrategiaconcursos.com.br\/blog\/wp-json\/wp\/v2\/posts\/405900\/revisions\/405953"}],"wp:attachment":[{"href":"https:\/\/www.estrategiaconcursos.com.br\/blog\/wp-json\/wp\/v2\/media?parent=405900"}],"wp:term":[{"taxonomy":"category","embeddable":true,"href":"https:\/\/www.estrategiaconcursos.com.br\/blog\/wp-json\/wp\/v2\/categories?post=405900"},{"taxonomy":"post_tag","embeddable":true,"href":"https:\/\/www.estrategiaconcursos.com.br\/blog\/wp-json\/wp\/v2\/tags?post=405900"},{"taxonomy":"tax_estado","embeddable":true,"href":"https:\/\/www.estrategiaconcursos.com.br\/blog\/wp-json\/wp\/v2\/tax_estado?post=405900"}],"curies":[{"name":"wp","href":"https:\/\/api.w.org\/{rel}","templated":true}]}}