{"id":405899,"date":"2019-09-04T00:00:32","date_gmt":"2019-09-04T03:00:32","guid":{"rendered":"https:\/\/www.estrategiaconcursos.com.br\/blog\/?p=405899"},"modified":"2019-09-18T11:34:31","modified_gmt":"2019-09-18T14:34:31","slug":"concurso-camara-de-santa-rita-pb","status":"publish","type":"post","link":"https:\/\/www.estrategiaconcursos.com.br\/blog\/concurso-camara-de-santa-rita-pb\/","title":{"rendered":"Concurso C\u00e2mara de Santa Rita PB: terminam hoje (18) as inscri\u00e7\u00f5es"},"content":{"rendered":"\n<p>Terminam nesta quarta-feira, 18 de setembro, as inscri\u00e7\u00f5es para o concurso C\u00e2mara de Santa Rita localizado no estado da Para\u00edba. S\u00e3o ofertadas no total <strong><em>13 vagas<\/em><\/strong><em> <\/em>distribu\u00eddas entre os cargos com forma\u00e7\u00e3o em n\u00edvel <em>fundamental, m\u00e9dio e superior<\/em>. <\/p>\n\n\n\n<p>Santa Rita fica localizada a aproximadamente 18 minutos da capital Jo\u00e3o Pessoa, por isso o certame \u00e9 interessante tamb\u00e9m para quem reside nessa cidade. Neste artigo voc\u00ea encontra as principais informa\u00e7\u00f5es sobre o edital do concurso.<\/p>\n\n\n\n<h2 class=\"wp-block-heading\">Principais informa\u00e7\u00f5es do edital &#8211; concurso C\u00e2mara de Santa Rita<\/h2>\n\n\n\n<p>As <strong>inscri\u00e7\u00f5es<\/strong> para o concurso p\u00fablico devem ser feitas atrav\u00e9s do portal online da banca organizadora, a Universidade Estadual da Para\u00edba, entre os dias 0<strong>8 de agosto a 05 de setembro<\/strong>. Ap\u00f3s a realiza\u00e7\u00e3o da inscri\u00e7\u00e3o \u00e9 cobrado de cada candidato uma taxa, confira abaixo: <\/p>\n\n\n\n<p><strong><em>N\u00edvel Fundamental: R$ 65,00<br \/>N\u00edvel M\u00e9dio: R$ 85,00<br \/>N\u00edvel Superior: R$ 105,00<\/em><\/strong><\/p>\n\n\n\n<p>Os candidatos que necessitarem da isen\u00e7\u00e3o da taxa devem solicitar atrav\u00e9s do site da UEPB entre os dias 08 a 15 de agosto. A prova objetiva do concurso ser\u00e1 realizada no dia 20 de outubro. <\/p>\n\n\n\n<h3 class=\"wp-block-heading\">Principais datas<\/h3>\n\n\n\n<p class=\"has-background has-very-light-gray-background-color\"><strong><em>Inscri\u00e7\u00e3o<\/em><\/strong><em>: 08 de agosto a 18 de setembro<br \/><\/em><strong><em>Isen\u00e7\u00e3o da taxa<\/em><\/strong><em>: 08 a 15 de agosto<br \/><\/em><strong><em>Prova<\/em><\/strong><em>: 20 de outubro<\/em><\/p>\n\n\n\n<h2 class=\"wp-block-heading\">Cargo, Vagas e Remunera\u00e7\u00f5es &#8211; concurso C\u00e2mara de Santa Rita<\/h2>\n\n\n\n<p>As oportunidades oferecidas pelo concurso C\u00e2mara de Santa Rita abrangem os n\u00edveis fundamental, m\u00e9dio e superior. Al\u00e9m disso, as remunera\u00e7\u00f5es variam de R$<em>1.315,00 <\/em>a <em>R$ 3.000,00<\/em>. Confira abaixo os cargos ofertados com as respectivas quantidade de vagas e remunera\u00e7\u00e3o. <\/p>\n\n\n\n<h3 class=\"wp-block-heading\">N\u00edvel Fundamental<\/h3>\n\n\n\n<ul class=\"wp-block-list\"><li><em>Agente Legislativo &#8211; ( 2 vagas ampla concorr\u00eancia + 1 vaga PCD) &#8211; R$ 1.315,00 <\/em><\/li><\/ul>\n\n\n\n<h3 class=\"wp-block-heading\">N\u00edvel M\u00e9dio<\/h3>\n\n\n\n<ul class=\"wp-block-list\"><li><em>Assistente Legislativo &#8211; (03 vagas ampla concorr\u00eancia + 1 vaga PCD) &#8211; R$ 1.562,60 <\/em><\/li><\/ul>\n\n\n\n<h3 class=\"wp-block-heading\">N\u00edvel Superior<\/h3>\n\n\n\n<ul class=\"wp-block-list\"><li><em>Assessor Jur\u00eddico &#8211; (01 vaga ampla concorr\u00eancia) &#8211; R$ 2.200,00 <\/em><\/li><li><em>Contador  &#8211; (01 vaga ampla concorr\u00eancia) &#8211; R$ 3.000,00 <\/em><\/li><li><em>Procurador Jur\u00eddico &#8211; (01 vaga ampla concorr\u00eancia) &#8211; R$ 3.000,00 <\/em><\/li><li><em>T\u00e9cnico Legislativo &#8211; ( 02 vagas ampla concorr\u00eancia e 01 vaga PCD) R$  2.466,75<\/em><\/li><\/ul>\n\n\n\n<h2 class=\"wp-block-heading\">Requisitos para o concurso C\u00e2mara de Santa Rita<\/h2>\n\n\n\n<p>Para o cargo de Ensino Fundamental \u00e9 necess\u00e1rio obter diploma ou certificado de conclus\u00e3o neste n\u00edvel. J\u00e1 para os cargos de n\u00edvel M\u00e9dio, al\u00e9m de diploma de conclus\u00e3o, \u00e9 exigido certificado atualizado de curso b\u00e1sico de inform\u00e1tica em Word, Excel e digita\u00e7\u00e3o. <\/p>\n\n\n\n<p>Em rela\u00e7\u00e3o aos cargos de n\u00edvel Superior, para Assessor Jur\u00eddico e Procurador Jur\u00eddico \u00e9 necess\u00e1rio diploma de bacharel em direito, com certificado de aprova\u00e7\u00e3o na OAB (Ordem de Advogados do Brasil). Para Contador, n\u00edvel Superior em Ci\u00eancias Cont\u00e1beis com registro no conselho de classe espec\u00edfico. <\/p>\n\n\n\n<p>J\u00e1 para o cargo de T\u00e9cnico Legislativo podem se inscrever candidatos com diploma de n\u00edvel superior em qualquer \u00e1rea de conhecimento.  <\/p>\n\n\n\n<h2 class=\"wp-block-heading\">Etapas de provas concurso C\u00e2mara de Santa Rita PB<\/h2>\n\n\n\n<p>O concurso C\u00e2mara de Santa Rita ter\u00e1 uma etapa constitu\u00edda de uma prova objetiva de <strong>40 quest\u00f5es<\/strong> de m\u00faltipla escolha com 5 alternativas com uma correta. A avalia\u00e7\u00e3o tem car\u00e1ter classificat\u00f3rio e eliminat\u00f3rio e o tempo de resolu\u00e7\u00e3o da prova ser\u00e1 de 4 horas. <\/p>\n\n\n\n<p>A <strong>aplica\u00e7\u00e3o da avalia\u00e7\u00e3o objetiva <\/strong>est\u00e1 prevista para o dia <strong>20 de outubro<\/strong> na cidade de Santa Rita.  No per\u00edodo da MANH\u00c3, das 08h \u00e0s 12h para candidatos de n\u00edveis Fundamental e Superior, e no per\u00edodo da TARDE para candidatos de n\u00edvel M\u00e9dio\/T\u00e9cnico, no hor\u00e1rio das 14h30 \u00e0s 18h30.<\/p>\n\n\n\n<p>Confira abaixo as disciplinas cobradas e os respectivos pesos. <\/p>\n\n\n\n<h3 class=\"wp-block-heading\">N\u00edvel Fundamental<\/h3>\n\n\n\n<p><\/p>\n\n\n\n<table class=\"wp-block-table has-subtle-light-gray-background-color has-fixed-layout has-background\"><tbody><tr><td><strong>Disciplina<\/strong><\/td><td><strong>Quantidade de Quest\u00f5es<\/strong><\/td><td><strong>Pesos<\/strong><\/td><\/tr><tr><td>Portugu\u00eas<\/td><td>20<\/td><td>4,0<\/td><\/tr><tr><td>Matem\u00e1tica<\/td><td>10<\/td><td>3,0<\/td><\/tr><tr><td>Conhecimentos Gerais<\/td><td>10<\/td><td>3,0<\/td><\/tr><\/tbody><\/table>\n\n\n\n<p><\/p>\n\n\n\n<p><\/p>\n\n\n\n<h2 class=\"wp-block-heading\">N\u00edvel M\u00e9dio<\/h2>\n\n\n\n<table class=\"wp-block-table has-subtle-pale-green-background-color has-fixed-layout has-background\"><tbody><tr><td><strong>Disciplina<\/strong><\/td><td><strong>Quantidade de Quest\u00f5es<\/strong><\/td><td><strong>Pesos<\/strong><\/td><\/tr><tr><td>Portugu\u00eas<\/td><td>15<\/td><td>3,5<\/td><\/tr><tr><td>Inform\u00e1tica<\/td><td>10<\/td><td>2,0<\/td><\/tr><tr><td>Conhecimentos Espec\u00edficos<\/td><td>15<\/td><td>4,5<\/td><\/tr><\/tbody><\/table>\n\n\n\n<p><\/p>\n\n\n\n<h3 class=\"wp-block-heading\">N\u00edvel Superior<\/h3>\n\n\n\n<table class=\"wp-block-table has-subtle-pale-blue-background-color has-fixed-layout has-background\"><tbody><tr><td><strong>Disciplina<\/strong><\/td><td><strong>Quantidade de Quest\u00f5es<\/strong><\/td><td><strong>Pesos<\/strong><\/td><\/tr><tr><td>Portugu\u00eas<\/td><td>15<\/td><td>3,5<\/td><\/tr><tr><td>Racioc\u00ednio L\u00f3gico<\/td><td>10<\/td><td>2,0<\/td><\/tr><tr><td>Conhecimentos Espec\u00edficos<\/td><td>15<\/td><td>4,5<\/td><\/tr><\/tbody><\/table>\n\n\n\n<h2 class=\"wp-block-heading\">Classifica\u00e7\u00e3o no concurso C\u00e2mara de Santa Rita<\/h2>\n\n\n\n<p>As Provas Objetivas t\u00eam pontua\u00e7\u00e3o m\u00e1xima igual a 1.020 pontos. A classifica\u00e7\u00e3o dos candidatos no concurso C\u00e2mara de Santa Rita ser\u00e1 divulgada na ordem decrescente das notas obtidas nas provas, por cargo de op\u00e7\u00e3o. Sendo considerado apto o candidato que obtiver a nota igual ou superior a 600 pontos.  <\/p>\n\n\n\n<p style=\"text-align:center\"><em><strong>Q<\/strong><\/em><strong><em>uer estudar para Concurso C\u00e2mara Municipal de Santa Rita (PB)?<\/em><\/strong><\/p>\n\n\n\n<p style=\"text-align:center\"><em><strong>Gostou desta oportunidade e deseja come\u00e7ar se preparar agora mesmo? Ent\u00e3o, confira os nossos cursos e comece a estudar:<\/strong><\/em><\/p>\n\n\n\n<p style=\"font-size:23px;text-align:center\" class=\"has-background has-luminous-vivid-amber-background-color\"><a rel=\"noreferrer noopener\" href=\"https:\/\/www.estrategiaconcursos.com.br\/cursos\/\" target=\"_blank\"><em><strong>Cursos para concursos<\/strong><\/em><\/a><\/p>\n\n\n\n<p style=\"text-align:center\"><em><strong>Assinatura Anual Ilimitada*<\/strong><\/em><\/p>\n\n\n\n<p style=\"text-align:center\"><em>Prepare-se com o melhor material e com quem mais aprova em Concursos P\u00fablicos em todo o pa\u00eds. Assine agora a nossa Assinatura Anual e tenha acesso ilimitado a todos os nossos cursos.<\/em><\/p>\n\n\n\n<p style=\"font-size:25px;text-align:center\" class=\"has-background has-light-green-cyan-background-color\"><strong>ASSINE AGORA<\/strong>&nbsp;\u2013&nbsp;<a rel=\"noreferrer noopener\" href=\"https:\/\/www.estrategiaconcursos.com.br\/assinaturas\" target=\"_blank\"><strong>Assinatura Ilimitada<\/strong><\/a><\/p>\n\n\n\n<p style=\"text-align:center\"><em><strong>Fique por dentro de todos os concursos<\/strong><\/em>:<\/p>\n\n\n\n<p style=\"font-size:23px;text-align:center\" class=\"has-background has-pale-cyan-blue-background-color\"><strong><a href=\"https:\/\/www.estrategiaconcursos.com.br\/blog\/concursos-abertos\/\" target=\"_blank\" rel=\"noreferrer noopener\">Concursos abertos<\/a><\/strong><\/p>\n\n\n\n<p style=\"font-size:23px;text-align:center\" class=\"has-background has-pale-cyan-blue-background-color\"><strong><a href=\"https:\/\/www.estrategiaconcursos.com.br\/blog\/concursos-2019\/\" target=\"_blank\" rel=\"noreferrer noopener\">Concursos 2019<\/a><\/strong><\/p>\n\n\n\n<p style=\"font-size:23px;text-align:center\" class=\"has-background has-pale-cyan-blue-background-color\"><a rel=\"noreferrer noopener\" href=\"https:\/\/www.estrategiaconcursos.com.br\/blog\/concursos-2020\/\" target=\"_blank\"><strong>Concursos 2020<\/strong><\/a><\/p>\n\n\n\n<figure class=\"wp-block-image\"><img decoding=\"async\" src=\"https:\/\/dhg1h5j42swfq.cloudfront.net\/2017\/03\/28152500\/coruja-ficha-tecnica-300x102.png\" alt=\"concurso c\u00e2mara de santa rita\"\/><\/figure>\n\n\n\n<p><strong>Informa\u00e7\u00f5es do Edital C\u00e2mara Municipal de Santa Rita (PB)<\/strong><br \/>\u25ba<strong>Data da prova:<\/strong>&nbsp;20 de outubro<br \/>\u25ba<strong>Vagas:<\/strong>&nbsp;13 vagas<br \/>\u25ba<strong>Banca:<\/strong>&nbsp;UEPB<br \/>\u25ba<strong>Escolaridade:&nbsp;<\/strong>N\u00edvel Fundamental, M\u00e9dio e Superior<br \/><strong>\u25baEdital:<\/strong> <span style=\"text-decoration: underline;\"><a rel=\"noreferrer noopener\" aria-label=\"Edital C\u00e2mara Municipal de Santa Rita PB (abre numa nova aba)\" href=\"https:\/\/dhg1h5j42swfq.cloudfront.net\/2019\/08\/05104732\/2019_Edital_cm_SantaRita.pdf\" target=\"_blank\">Edital C\u00e2mara Municipal de Santa Rita PB<\/a><\/span><\/p>\n\n\n\n<p><em>Ascom Estrat\u00e9gia<\/em><br \/>ascomestrategia@gmail.com<\/p>\n\n\n\n<p style=\"text-align:center\"><em><strong>Receba not\u00edcias de Concursos no seu WhatsApp e\/ou Telegram!<\/strong><\/em><\/p>\n\n\n\n<p style=\"text-align:center\"><em><strong>Cadastre-se clicando no \u00edcone abaixo<\/strong><\/em><\/p>\n\n\n\n<p style=\"text-align:center\" class=\"has-background has-very-light-gray-background-color\"><a rel=\"noreferrer noopener\" href=\"https:\/\/www.estrategiaconcursos.com.br\/blog\/noticias-de-concursos-whatsapp-estrategia-concursos\/\" target=\"_blank\"><strong>Not\u00edcias de concursos no seu WhatsApp e\/ou Telegram<\/strong><\/a><\/p>\n","protected":false},"excerpt":{"rendered":"<p>Terminam nesta quarta-feira, 18 de setembro, as inscri\u00e7\u00f5es para o concurso C\u00e2mara de Santa Rita localizado no estado da Para\u00edba. S\u00e3o ofertadas no total 13 vagas distribu\u00eddas entre os cargos com forma\u00e7\u00e3o em n\u00edvel fundamental, m\u00e9dio e superior. Santa Rita fica localizada a aproximadamente 18 minutos da capital Jo\u00e3o Pessoa, por isso o certame \u00e9 [&hellip;]<\/p>\n","protected":false},"author":129,"featured_media":407180,"comment_status":"open","ping_status":"closed","sticky":false,"template":"","format":"standard","meta":{"post_tipo":"article","footnotes":""},"categories":[1],"tags":[],"tax_estado":[],"class_list":["post-405899","post","type-post","status-publish","format-standard","has-post-thumbnail","hentry","category-cursos-e-concursos"],"acf":[],"yoast_head":"<!-- This site is optimized with the Yoast SEO Premium plugin v27.2 (Yoast SEO v27.2) - https:\/\/yoast.com\/product\/yoast-seo-premium-wordpress\/ -->\n<title>Concurso C\u00e2mara de Santa Rita PB: terminam hoje (18) as inscri\u00e7\u00f5es<\/title>\n<meta name=\"description\" content=\"Saiu um novo edital para o concurso C\u00e2mara de Santa Rita ara diversos cargos para n\u00edvel fundamental, m\u00e9dio e superior. Confira tudo sobre o certame.\" \/>\n<meta name=\"robots\" content=\"index, follow, max-snippet:-1, max-image-preview:large, max-video-preview:-1\" \/>\n<link rel=\"canonical\" href=\"https:\/\/www.estrategiaconcursos.com.br\/blog\/concurso-camara-de-santa-rita-pb\/\" \/>\n<meta property=\"og:locale\" content=\"pt_BR\" \/>\n<meta property=\"og:type\" content=\"article\" \/>\n<meta property=\"og:title\" content=\"Concurso C\u00e2mara de Santa Rita PB: terminam hoje (18) as inscri\u00e7\u00f5es\" \/>\n<meta property=\"og:description\" content=\"Saiu um novo edital para o concurso C\u00e2mara de Santa Rita ara diversos cargos para n\u00edvel fundamental, m\u00e9dio e superior. Confira tudo sobre o certame.\" \/>\n<meta property=\"og:url\" content=\"https:\/\/www.estrategiaconcursos.com.br\/blog\/concurso-camara-de-santa-rita-pb\/\" \/>\n<meta property=\"og:site_name\" content=\"Estrat\u00e9gia Concursos\" \/>\n<meta property=\"article:published_time\" content=\"2019-09-04T03:00:32+00:00\" \/>\n<meta property=\"article:modified_time\" content=\"2019-09-18T14:34:31+00:00\" \/>\n<meta property=\"og:image\" content=\"https:\/\/dhg1h5j42swfq.cloudfront.net\/2019\/08\/07121413\/C%C3%A2mara-de-Santa-Rita.jpg\" \/>\n\t<meta property=\"og:image:width\" content=\"1200\" \/>\n\t<meta property=\"og:image:height\" content=\"628\" \/>\n\t<meta property=\"og:image:type\" content=\"image\/jpeg\" \/>\n<meta name=\"author\" content=\"Herbert Almeida\" \/>\n<meta name=\"twitter:card\" content=\"summary_large_image\" \/>\n<meta name=\"twitter:creator\" content=\"@EstratConcursos\" \/>\n<meta name=\"twitter:site\" content=\"@EstratConcursos\" \/>\n<meta name=\"twitter:label1\" content=\"Escrito por\" \/>\n\t<meta name=\"twitter:data1\" content=\"Herbert Almeida\" \/>\n\t<meta name=\"twitter:label2\" content=\"Est. tempo de leitura\" \/>\n\t<meta name=\"twitter:data2\" content=\"4 minutos\" \/>\n<script type=\"application\/ld+json\" class=\"yoast-schema-graph\">{\"@context\":\"https:\/\/schema.org\",\"@graph\":[{\"@type\":\"NewsArticle\",\"@id\":\"https:\/\/www.estrategiaconcursos.com.br\/blog\/concurso-camara-de-santa-rita-pb\/#article\",\"isPartOf\":{\"@id\":\"https:\/\/www.estrategiaconcursos.com.br\/blog\/concurso-camara-de-santa-rita-pb\/\"},\"author\":{\"name\":\"Herbert Almeida\",\"@id\":\"https:\/\/www.estrategiaconcursos.com.br\/blog\/#\/schema\/person\/59717c75350fa01aa0fd68a52a8d02e0\"},\"headline\":\"Concurso C\u00e2mara de Santa Rita PB: terminam hoje (18) as inscri\u00e7\u00f5es\",\"datePublished\":\"2019-09-04T03:00:32+00:00\",\"dateModified\":\"2019-09-18T14:34:31+00:00\",\"mainEntityOfPage\":{\"@id\":\"https:\/\/www.estrategiaconcursos.com.br\/blog\/concurso-camara-de-santa-rita-pb\/\"},\"wordCount\":886,\"commentCount\":4,\"publisher\":{\"@id\":\"https:\/\/www.estrategiaconcursos.com.br\/blog\/#organization\"},\"image\":{\"@id\":\"https:\/\/www.estrategiaconcursos.com.br\/blog\/concurso-camara-de-santa-rita-pb\/#primaryimage\"},\"thumbnailUrl\":\"https:\/\/dhg1h5j42swfq.cloudfront.net\/2019\/08\/07121413\/C%C3%A2mara-de-Santa-Rita.jpg\",\"articleSection\":[\"Concursos P\u00fablicos\"],\"inLanguage\":\"pt-BR\",\"potentialAction\":[{\"@type\":\"CommentAction\",\"name\":\"Comment\",\"target\":[\"https:\/\/www.estrategiaconcursos.com.br\/blog\/concurso-camara-de-santa-rita-pb\/#respond\"]}],\"copyrightYear\":\"2019\",\"copyrightHolder\":{\"@id\":\"https:\/\/www.estrategiaconcursos.com.br\/blog\/#organization\"}},{\"@type\":\"WebPage\",\"@id\":\"https:\/\/www.estrategiaconcursos.com.br\/blog\/concurso-camara-de-santa-rita-pb\/\",\"url\":\"https:\/\/www.estrategiaconcursos.com.br\/blog\/concurso-camara-de-santa-rita-pb\/\",\"name\":\"Concurso C\u00e2mara de Santa Rita PB: terminam hoje (18) as inscri\u00e7\u00f5es\",\"isPartOf\":{\"@id\":\"https:\/\/www.estrategiaconcursos.com.br\/blog\/#website\"},\"primaryImageOfPage\":{\"@id\":\"https:\/\/www.estrategiaconcursos.com.br\/blog\/concurso-camara-de-santa-rita-pb\/#primaryimage\"},\"image\":{\"@id\":\"https:\/\/www.estrategiaconcursos.com.br\/blog\/concurso-camara-de-santa-rita-pb\/#primaryimage\"},\"thumbnailUrl\":\"https:\/\/dhg1h5j42swfq.cloudfront.net\/2019\/08\/07121413\/C%C3%A2mara-de-Santa-Rita.jpg\",\"datePublished\":\"2019-09-04T03:00:32+00:00\",\"dateModified\":\"2019-09-18T14:34:31+00:00\",\"description\":\"Saiu um novo edital para o concurso C\u00e2mara de Santa Rita ara diversos cargos para n\u00edvel fundamental, m\u00e9dio e superior. Confira tudo sobre o certame.\",\"breadcrumb\":{\"@id\":\"https:\/\/www.estrategiaconcursos.com.br\/blog\/concurso-camara-de-santa-rita-pb\/#breadcrumb\"},\"inLanguage\":\"pt-BR\",\"potentialAction\":[{\"@type\":\"ReadAction\",\"target\":[\"https:\/\/www.estrategiaconcursos.com.br\/blog\/concurso-camara-de-santa-rita-pb\/\"]}]},{\"@type\":\"ImageObject\",\"inLanguage\":\"pt-BR\",\"@id\":\"https:\/\/www.estrategiaconcursos.com.br\/blog\/concurso-camara-de-santa-rita-pb\/#primaryimage\",\"url\":\"https:\/\/dhg1h5j42swfq.cloudfront.net\/2019\/08\/07121413\/C%C3%A2mara-de-Santa-Rita.jpg\",\"contentUrl\":\"https:\/\/dhg1h5j42swfq.cloudfront.net\/2019\/08\/07121413\/C%C3%A2mara-de-Santa-Rita.jpg\",\"width\":1200,\"height\":628},{\"@type\":\"BreadcrumbList\",\"@id\":\"https:\/\/www.estrategiaconcursos.com.br\/blog\/concurso-camara-de-santa-rita-pb\/#breadcrumb\",\"itemListElement\":[{\"@type\":\"ListItem\",\"position\":1,\"name\":\"In\u00edcio\",\"item\":\"https:\/\/www.estrategiaconcursos.com.br\/blog\/\"},{\"@type\":\"ListItem\",\"position\":2,\"name\":\"Concurso C\u00e2mara de Santa Rita PB: terminam hoje (18) as inscri\u00e7\u00f5es\"}]},{\"@type\":\"WebSite\",\"@id\":\"https:\/\/www.estrategiaconcursos.com.br\/blog\/#website\",\"url\":\"https:\/\/www.estrategiaconcursos.com.br\/blog\/\",\"name\":\"Estrat\u00e9gia Concursos\",\"description\":\"O blog da Estrat\u00e9gia Concursos traz not\u00edcias sobre concursos e artigos de professores oferecendo cursos para concursos (pdf + videaulas) no site.\",\"publisher\":{\"@id\":\"https:\/\/www.estrategiaconcursos.com.br\/blog\/#organization\"},\"potentialAction\":[{\"@type\":\"SearchAction\",\"target\":{\"@type\":\"EntryPoint\",\"urlTemplate\":\"https:\/\/www.estrategiaconcursos.com.br\/blog\/?s={search_term_string}\"},\"query-input\":{\"@type\":\"PropertyValueSpecification\",\"valueRequired\":true,\"valueName\":\"search_term_string\"}}],\"inLanguage\":\"pt-BR\"},{\"@type\":\"Organization\",\"@id\":\"https:\/\/www.estrategiaconcursos.com.br\/blog\/#organization\",\"name\":\"Estrat\u00e9gia Concursos\",\"url\":\"https:\/\/www.estrategiaconcursos.com.br\/blog\/\",\"logo\":{\"@type\":\"ImageObject\",\"inLanguage\":\"pt-BR\",\"@id\":\"https:\/\/www.estrategiaconcursos.com.br\/blog\/#\/schema\/logo\/image\/\",\"url\":\"https:\/\/dhg1h5j42swfq.cloudfront.net\/2025\/06\/03203428\/logo_concursos-1.jpg\",\"contentUrl\":\"https:\/\/dhg1h5j42swfq.cloudfront.net\/2025\/06\/03203428\/logo_concursos-1.jpg\",\"width\":230,\"height\":60,\"caption\":\"Estrat\u00e9gia Concursos\"},\"image\":{\"@id\":\"https:\/\/www.estrategiaconcursos.com.br\/blog\/#\/schema\/logo\/image\/\"},\"sameAs\":[\"https:\/\/x.com\/EstratConcursos\"]},{\"@type\":\"Person\",\"@id\":\"https:\/\/www.estrategiaconcursos.com.br\/blog\/#\/schema\/person\/59717c75350fa01aa0fd68a52a8d02e0\",\"name\":\"Herbert Almeida\",\"image\":{\"@type\":\"ImageObject\",\"inLanguage\":\"pt-BR\",\"@id\":\"https:\/\/secure.gravatar.com\/avatar\/b6461a43893c24d5fc91efc433971ffec025c84c0341129f4578034d77f9a536?s=96&d=mm&r=g\",\"url\":\"https:\/\/secure.gravatar.com\/avatar\/b6461a43893c24d5fc91efc433971ffec025c84c0341129f4578034d77f9a536?s=96&d=mm&r=g\",\"contentUrl\":\"https:\/\/secure.gravatar.com\/avatar\/b6461a43893c24d5fc91efc433971ffec025c84c0341129f4578034d77f9a536?s=96&d=mm&r=g\",\"caption\":\"Herbert Almeida\"},\"url\":\"https:\/\/www.estrategiaconcursos.com.br\/blog\/author\/herbertestrategiaconcursos-com-br\/\"}]}<\/script>\n<!-- \/ Yoast SEO Premium plugin. -->","yoast_head_json":{"title":"Concurso C\u00e2mara de Santa Rita PB: terminam hoje (18) as inscri\u00e7\u00f5es","description":"Saiu um novo edital para o concurso C\u00e2mara de Santa Rita ara diversos cargos para n\u00edvel fundamental, m\u00e9dio e superior. Confira tudo sobre o certame.","robots":{"index":"index","follow":"follow","max-snippet":"max-snippet:-1","max-image-preview":"max-image-preview:large","max-video-preview":"max-video-preview:-1"},"canonical":"https:\/\/www.estrategiaconcursos.com.br\/blog\/concurso-camara-de-santa-rita-pb\/","og_locale":"pt_BR","og_type":"article","og_title":"Concurso C\u00e2mara de Santa Rita PB: terminam hoje (18) as inscri\u00e7\u00f5es","og_description":"Saiu um novo edital para o concurso C\u00e2mara de Santa Rita ara diversos cargos para n\u00edvel fundamental, m\u00e9dio e superior. Confira tudo sobre o certame.","og_url":"https:\/\/www.estrategiaconcursos.com.br\/blog\/concurso-camara-de-santa-rita-pb\/","og_site_name":"Estrat\u00e9gia Concursos","article_published_time":"2019-09-04T03:00:32+00:00","article_modified_time":"2019-09-18T14:34:31+00:00","og_image":[{"width":1200,"height":628,"url":"https:\/\/dhg1h5j42swfq.cloudfront.net\/2019\/08\/07121413\/C%C3%A2mara-de-Santa-Rita.jpg","type":"image\/jpeg"}],"author":"Herbert Almeida","twitter_card":"summary_large_image","twitter_creator":"@EstratConcursos","twitter_site":"@EstratConcursos","twitter_misc":{"Escrito por":"Herbert Almeida","Est. tempo de leitura":"4 minutos"},"schema":{"@context":"https:\/\/schema.org","@graph":[{"@type":"NewsArticle","@id":"https:\/\/www.estrategiaconcursos.com.br\/blog\/concurso-camara-de-santa-rita-pb\/#article","isPartOf":{"@id":"https:\/\/www.estrategiaconcursos.com.br\/blog\/concurso-camara-de-santa-rita-pb\/"},"author":{"name":"Herbert Almeida","@id":"https:\/\/www.estrategiaconcursos.com.br\/blog\/#\/schema\/person\/59717c75350fa01aa0fd68a52a8d02e0"},"headline":"Concurso C\u00e2mara de Santa Rita PB: terminam hoje (18) as inscri\u00e7\u00f5es","datePublished":"2019-09-04T03:00:32+00:00","dateModified":"2019-09-18T14:34:31+00:00","mainEntityOfPage":{"@id":"https:\/\/www.estrategiaconcursos.com.br\/blog\/concurso-camara-de-santa-rita-pb\/"},"wordCount":886,"commentCount":4,"publisher":{"@id":"https:\/\/www.estrategiaconcursos.com.br\/blog\/#organization"},"image":{"@id":"https:\/\/www.estrategiaconcursos.com.br\/blog\/concurso-camara-de-santa-rita-pb\/#primaryimage"},"thumbnailUrl":"https:\/\/dhg1h5j42swfq.cloudfront.net\/2019\/08\/07121413\/C%C3%A2mara-de-Santa-Rita.jpg","articleSection":["Concursos P\u00fablicos"],"inLanguage":"pt-BR","potentialAction":[{"@type":"CommentAction","name":"Comment","target":["https:\/\/www.estrategiaconcursos.com.br\/blog\/concurso-camara-de-santa-rita-pb\/#respond"]}],"copyrightYear":"2019","copyrightHolder":{"@id":"https:\/\/www.estrategiaconcursos.com.br\/blog\/#organization"}},{"@type":"WebPage","@id":"https:\/\/www.estrategiaconcursos.com.br\/blog\/concurso-camara-de-santa-rita-pb\/","url":"https:\/\/www.estrategiaconcursos.com.br\/blog\/concurso-camara-de-santa-rita-pb\/","name":"Concurso C\u00e2mara de Santa Rita PB: terminam hoje (18) as inscri\u00e7\u00f5es","isPartOf":{"@id":"https:\/\/www.estrategiaconcursos.com.br\/blog\/#website"},"primaryImageOfPage":{"@id":"https:\/\/www.estrategiaconcursos.com.br\/blog\/concurso-camara-de-santa-rita-pb\/#primaryimage"},"image":{"@id":"https:\/\/www.estrategiaconcursos.com.br\/blog\/concurso-camara-de-santa-rita-pb\/#primaryimage"},"thumbnailUrl":"https:\/\/dhg1h5j42swfq.cloudfront.net\/2019\/08\/07121413\/C%C3%A2mara-de-Santa-Rita.jpg","datePublished":"2019-09-04T03:00:32+00:00","dateModified":"2019-09-18T14:34:31+00:00","description":"Saiu um novo edital para o concurso C\u00e2mara de Santa Rita ara diversos cargos para n\u00edvel fundamental, m\u00e9dio e superior. Confira tudo sobre o certame.","breadcrumb":{"@id":"https:\/\/www.estrategiaconcursos.com.br\/blog\/concurso-camara-de-santa-rita-pb\/#breadcrumb"},"inLanguage":"pt-BR","potentialAction":[{"@type":"ReadAction","target":["https:\/\/www.estrategiaconcursos.com.br\/blog\/concurso-camara-de-santa-rita-pb\/"]}]},{"@type":"ImageObject","inLanguage":"pt-BR","@id":"https:\/\/www.estrategiaconcursos.com.br\/blog\/concurso-camara-de-santa-rita-pb\/#primaryimage","url":"https:\/\/dhg1h5j42swfq.cloudfront.net\/2019\/08\/07121413\/C%C3%A2mara-de-Santa-Rita.jpg","contentUrl":"https:\/\/dhg1h5j42swfq.cloudfront.net\/2019\/08\/07121413\/C%C3%A2mara-de-Santa-Rita.jpg","width":1200,"height":628},{"@type":"BreadcrumbList","@id":"https:\/\/www.estrategiaconcursos.com.br\/blog\/concurso-camara-de-santa-rita-pb\/#breadcrumb","itemListElement":[{"@type":"ListItem","position":1,"name":"In\u00edcio","item":"https:\/\/www.estrategiaconcursos.com.br\/blog\/"},{"@type":"ListItem","position":2,"name":"Concurso C\u00e2mara de Santa Rita PB: terminam hoje (18) as inscri\u00e7\u00f5es"}]},{"@type":"WebSite","@id":"https:\/\/www.estrategiaconcursos.com.br\/blog\/#website","url":"https:\/\/www.estrategiaconcursos.com.br\/blog\/","name":"Estrat\u00e9gia Concursos","description":"O blog da Estrat\u00e9gia Concursos traz not\u00edcias sobre concursos e artigos de professores oferecendo cursos para concursos (pdf + videaulas) no site.","publisher":{"@id":"https:\/\/www.estrategiaconcursos.com.br\/blog\/#organization"},"potentialAction":[{"@type":"SearchAction","target":{"@type":"EntryPoint","urlTemplate":"https:\/\/www.estrategiaconcursos.com.br\/blog\/?s={search_term_string}"},"query-input":{"@type":"PropertyValueSpecification","valueRequired":true,"valueName":"search_term_string"}}],"inLanguage":"pt-BR"},{"@type":"Organization","@id":"https:\/\/www.estrategiaconcursos.com.br\/blog\/#organization","name":"Estrat\u00e9gia Concursos","url":"https:\/\/www.estrategiaconcursos.com.br\/blog\/","logo":{"@type":"ImageObject","inLanguage":"pt-BR","@id":"https:\/\/www.estrategiaconcursos.com.br\/blog\/#\/schema\/logo\/image\/","url":"https:\/\/dhg1h5j42swfq.cloudfront.net\/2025\/06\/03203428\/logo_concursos-1.jpg","contentUrl":"https:\/\/dhg1h5j42swfq.cloudfront.net\/2025\/06\/03203428\/logo_concursos-1.jpg","width":230,"height":60,"caption":"Estrat\u00e9gia Concursos"},"image":{"@id":"https:\/\/www.estrategiaconcursos.com.br\/blog\/#\/schema\/logo\/image\/"},"sameAs":["https:\/\/x.com\/EstratConcursos"]},{"@type":"Person","@id":"https:\/\/www.estrategiaconcursos.com.br\/blog\/#\/schema\/person\/59717c75350fa01aa0fd68a52a8d02e0","name":"Herbert Almeida","image":{"@type":"ImageObject","inLanguage":"pt-BR","@id":"https:\/\/secure.gravatar.com\/avatar\/b6461a43893c24d5fc91efc433971ffec025c84c0341129f4578034d77f9a536?s=96&d=mm&r=g","url":"https:\/\/secure.gravatar.com\/avatar\/b6461a43893c24d5fc91efc433971ffec025c84c0341129f4578034d77f9a536?s=96&d=mm&r=g","contentUrl":"https:\/\/secure.gravatar.com\/avatar\/b6461a43893c24d5fc91efc433971ffec025c84c0341129f4578034d77f9a536?s=96&d=mm&r=g","caption":"Herbert Almeida"},"url":"https:\/\/www.estrategiaconcursos.com.br\/blog\/author\/herbertestrategiaconcursos-com-br\/"}]}},"_links":{"self":[{"href":"https:\/\/www.estrategiaconcursos.com.br\/blog\/wp-json\/wp\/v2\/posts\/405899","targetHints":{"allow":["GET"]}}],"collection":[{"href":"https:\/\/www.estrategiaconcursos.com.br\/blog\/wp-json\/wp\/v2\/posts"}],"about":[{"href":"https:\/\/www.estrategiaconcursos.com.br\/blog\/wp-json\/wp\/v2\/types\/post"}],"author":[{"embeddable":true,"href":"https:\/\/www.estrategiaconcursos.com.br\/blog\/wp-json\/wp\/v2\/users\/129"}],"replies":[{"embeddable":true,"href":"https:\/\/www.estrategiaconcursos.com.br\/blog\/wp-json\/wp\/v2\/comments?post=405899"}],"version-history":[{"count":10,"href":"https:\/\/www.estrategiaconcursos.com.br\/blog\/wp-json\/wp\/v2\/posts\/405899\/revisions"}],"predecessor-version":[{"id":421270,"href":"https:\/\/www.estrategiaconcursos.com.br\/blog\/wp-json\/wp\/v2\/posts\/405899\/revisions\/421270"}],"wp:featuredmedia":[{"embeddable":true,"href":"https:\/\/www.estrategiaconcursos.com.br\/blog\/wp-json\/wp\/v2\/media\/407180"}],"wp:attachment":[{"href":"https:\/\/www.estrategiaconcursos.com.br\/blog\/wp-json\/wp\/v2\/media?parent=405899"}],"wp:term":[{"taxonomy":"category","embeddable":true,"href":"https:\/\/www.estrategiaconcursos.com.br\/blog\/wp-json\/wp\/v2\/categories?post=405899"},{"taxonomy":"post_tag","embeddable":true,"href":"https:\/\/www.estrategiaconcursos.com.br\/blog\/wp-json\/wp\/v2\/tags?post=405899"},{"taxonomy":"tax_estado","embeddable":true,"href":"https:\/\/www.estrategiaconcursos.com.br\/blog\/wp-json\/wp\/v2\/tax_estado?post=405899"}],"curies":[{"name":"wp","href":"https:\/\/api.w.org\/{rel}","templated":true}]}}