{"id":405888,"date":"2019-08-09T12:00:24","date_gmt":"2019-08-09T15:00:24","guid":{"rendered":"https:\/\/www.estrategiaconcursos.com.br\/blog\/?p=405888"},"modified":"2019-08-05T11:47:18","modified_gmt":"2019-08-05T14:47:18","slug":"eu-me-amo","status":"publish","type":"post","link":"https:\/\/www.estrategiaconcursos.com.br\/blog\/eu-me-amo\/","title":{"rendered":"Eu me amo?"},"content":{"rendered":"\n<p><strong>EU ME AMO? &#8211; DICA DE LEITURA<\/strong><\/p>\n\n\n\n<p>O texto abaixo foi retirado da prova para o cargo de vice-diretor de unidade educacional da Prefeitura de Valinhos &#8211; 2019, banca VUNESP.<\/p>\n\n\n\n<p>Vamos come\u00e7ar respondendo \u00e0s perguntas a seguir.<\/p>\n\n\n\n<p>Voc\u00ea tem prestado aten\u00e7\u00e3o em si mesmo ultimamente? O que voc\u00ea tem feito ou faz por voc\u00ea?<\/p>\n\n\n\n<p>Muitas vezes nos preocupamos mais com os outros do que com n\u00f3s mesmos e acabamos deixando para depois o que nos faria bem. Mas at\u00e9 que ponto n\u00e3o estamos abrindo m\u00e3o da nossa felicidade em prol do filho, do c\u00f4njuge, do amigo&#8230;? N\u00e3o digo isso pensando no lado ego\u00edsta, mas sim no amor pr\u00f3prio. <\/p>\n\n\n\n<p>Voc\u00ea se ama?<\/p>\n\n\n\n<p>A cr\u00f4nica a seguir \u201c<em><strong>\u00c9 uma cr\u00f4nica para quem n\u00e3o se ama da forma como deveria se amar, se respeitar, se querer bem<\/strong><\/em><strong>\u201d.<\/strong><\/p>\n\n\n\n<p>Boa leitura!<\/p>\n\n\n\n<h2 class=\"wp-block-heading\"><strong>Eu me amo?<\/strong><\/h2>\n\n\n\n<p style=\"text-align:right\">Elma\nEneida Bassan Mendes <\/p>\n\n\n\n<p>N\u00e3o\nsei se acontece com voc\u00ea. \u00c9 pensar em come\u00e7ar uma dieta e pronto, j\u00e1 engordei\num quilo. Ou ent\u00e3o, quando me proponho a ser disciplinada com os hor\u00e1rios dos\nrem\u00e9dios. No terceiro dia j\u00e1 esqueci a proposta. Ali\u00e1s, nem me lembro de onde\nguardei os ditos\u2013cujos. Vejo no espelho que a pele est\u00e1 sem vi\u00e7o. Decido usar\ncreme no rosto antes de dormir. Passado um ano, encontro o pote ainda cheio e\ncom prazo de validade vencido, no fundo da gaveta do banheiro. N\u00e3o sei a sua,\nmas a minha mem\u00f3ria, quando precisa trabalhar em minha pr\u00f3pria causa, \u00e9\npregui\u00e7osa, lenta, finge que n\u00e3o \u00e9 com ela. Minha for\u00e7a de vontade, ent\u00e3o,\ncoitada, \u00e9 uma com\u00e9dia de mau gosto, boa em me deixar envergonhada, d\u00e1 uma\nnovela o que eu j\u00e1 passei com ela.<\/p>\n\n\n\n<p>Por\noutro lado, nunca me esqueci dos hor\u00e1rios dos rem\u00e9dios dos meus filhos. Nunca\natrasei para cumprir um prazo da minha agenda profissional, e, menos ainda,\ndeixei sem fazer qualquer uma das tarefas no trabalho ou em casa. Para as\nresponsabilidades do ganha-p\u00e3o e os compromissos com a fam\u00edlia, n\u00e3o me permito\nerrar. Sou pontual. Com todos menos comigo. \u00c9 assim, comigo eu falho mesmo.<\/p>\n\n\n\n<p>S\u00e3o\nexemplos bobos, mas refletem a fragilidade de nossos impulsos, sentimentos,\ndecis\u00f5es. Principalmente, mostram a falta de amor, carinho e afeto com n\u00f3s\npr\u00f3prios. E a vida vai passando e voc\u00ea vai se esquecendo disso, abandonando,\npouco a pouco, a si mesma. Tudo e todos s\u00e3o importantes e merecem o seu tempo,\na sua disposi\u00e7\u00e3o, o seu sorriso. Menos voc\u00ea.<\/p>\n\n\n\n<p>Tem\ndias, sinceramente, que n\u00e3o dou nem um sorriso para mim. Como posso? Eu que\nmereceria o meu primeiro sorriso pela manh\u00e3, n\u00e3o me permito abrir os l\u00e1bios e\nme ofertar a vis\u00e3o alegre da minha bela dentadura. Olhar no espelho e ver meus\nolhinhos brilhando e espertos ao me encontrarem ali, inteira para mais um tempo\nde vida. Inadmiss\u00edvel. \u00c0 noite, desmonto morta na cama. Meus p\u00e9s pedem um\ncarinho, um toque, massagem. Estou cansada demais para atend\u00ea-los. Bem a hora\nque seria deles, os her\u00f3is que me carregaram o dia todo, eu n\u00e3o tenho mais\nfor\u00e7as.<\/p>\n\n\n\n<p>Vou\ndormir sem esse deleite, n\u00e3o me mexo em busca de algo t\u00e3o simples, t\u00e3o f\u00e1cil.\nEsquecer-se da gente mesma \u00e9 coisa que habitua. Empedra. Impregna no cotidiano.\nCoisa dif\u00edcil de mudar. Mas \u00e9 preciso lembrar que temos a permiss\u00e3o e o\nincentivo de Deus para esses rituais de agrado, aconchego, bem-estar e\nacolhida. N\u00e3o \u00e9 uma cr\u00f4nica para narcisos. Pelo contr\u00e1rio. \u00c9 uma cr\u00f4nica para\nquem n\u00e3o se ama da forma como deveria se amar, se respeitar, se querer bem.\nPara quem se esqueceu&#8230; Ent\u00e3o, se voc\u00ea n\u00e3o passou por nenhuma dessas situa\u00e7\u00f5es\nem que eu me autodescrevi, parab\u00e9ns! Caso contr\u00e1rio, hoje ainda, sente-se no\nsof\u00e1 e esfregue seus pezinhos com um creme bem cheiroso. E n\u00e3o ligue para o que\nv\u00e3o dizer. Apenas se ame.<\/p>\n\n\n\n<p style=\"text-align:right\">(Elma E. Bassan Mendes. Eu me amo? Di\u00e1rio\nda Regi\u00e3o, 23.02.2019. Adaptado.)<\/p>\n\n\n\n<p>Chegamos ao fim do texto e quero deixar um desafio: chegue \u00e0 frente de um espelho, olhe-se nos olhos e diga: <em><strong>eu sou foda<\/strong><\/em>! <\/p>\n\n\n\n<div class=\"wp-block-image\"><figure class=\"aligncenter\"><img loading=\"lazy\" decoding=\"async\" width=\"162\" height=\"177\" src=\"https:\/\/dhg1h5j42swfq.cloudfront.net\/2019\/08\/05092516\/image12.png\" alt=\"\" class=\"wp-image-405889\" srcset=\"https:\/\/dhg1h5j42swfq.cloudfront.net\/2019\/08\/05092516\/image12.png 162w, https:\/\/dhg1h5j42swfq.cloudfront.net\/2019\/08\/05092516\/image12.png 120w\" sizes=\"auto, (max-width: 162px) 100vw, 162px\" \/><\/figure><\/div>\n\n\n\n<p>Repita isso at\u00e9 voc\u00ea se convencer de que voc\u00ea \u00e9\ndemais e fa\u00e7a isso todos os dias antes de sair de casa. <\/p>\n\n\n\n<p>Procure tirar um tempo para voc\u00ea todos os dias, nem que seja para fazer absolutamente nada, ler um livro, fazer uma massagem, academia, um curso. O importante \u00e9 que <strong>voc\u00ea fa\u00e7a qualquer coisa POR VOC\u00ca<\/strong>! Isso faz toda a diferen\u00e7a. <\/p>\n\n\n\n<p>Ah! Para isso, n\u00e3o precisa se esquecer dos outros, apenas lembrar de voc\u00ea mesmo.<\/p>\n\n\n\n<p>N\u00e3o deixe de ler os<a href=\"https:\/\/www.estrategiaconcursos.com.br\/blog\/author\/contatoterrorportugues-com-br\/\" target=\"_blank\" rel=\"noreferrer noopener\" aria-label=\" artigos anteriores (abre numa nova aba)\"> artigos anteriores<\/a>!<\/p>\n\n\n\n<p>Um grande abra\u00e7o!<\/p>\n\n\n\n<p><a href=\"https:\/\/www.instagram.com\/decioterror\/?hl=pt-br\" target=\"_blank\" rel=\"noreferrer noopener\" aria-label=\"D\u00e9cio Terror (abre numa nova aba)\">D\u00e9cio Terror<\/a><\/p>\n","protected":false},"excerpt":{"rendered":"<p>EU ME AMO? &#8211; DICA DE LEITURA O texto abaixo foi retirado da prova para o cargo de vice-diretor de unidade educacional da Prefeitura de Valinhos &#8211; 2019, banca VUNESP. Vamos come\u00e7ar respondendo \u00e0s perguntas a seguir. Voc\u00ea tem prestado aten\u00e7\u00e3o em si mesmo ultimamente? O que voc\u00ea tem feito ou faz por voc\u00ea? Muitas [&hellip;]<\/p>\n","protected":false},"author":214,"featured_media":0,"comment_status":"open","ping_status":"closed","sticky":false,"template":"","format":"standard","meta":{"post_tipo":"article","footnotes":""},"categories":[1],"tags":[],"tax_estado":[],"class_list":["post-405888","post","type-post","status-publish","format-standard","hentry","category-cursos-e-concursos"],"acf":[],"yoast_head":"<!-- This site is optimized with the Yoast SEO Premium plugin v27.2 (Yoast SEO v27.2) - https:\/\/yoast.com\/product\/yoast-seo-premium-wordpress\/ -->\n<title>Eu me amo? Dica de leitura<\/title>\n<meta name=\"description\" content=\"Eu me amo? - Nossa dica de leitura de hoje \u00e9 o texto retirado da prova para o cargo de vice-diretor de unidade educacional da Prefeitura de Valinhos - 2019.\" \/>\n<meta name=\"robots\" content=\"index, follow, max-snippet:-1, max-image-preview:large, max-video-preview:-1\" \/>\n<link rel=\"canonical\" href=\"https:\/\/www.estrategiaconcursos.com.br\/blog\/eu-me-amo\/\" \/>\n<meta property=\"og:locale\" content=\"pt_BR\" \/>\n<meta property=\"og:type\" content=\"article\" \/>\n<meta property=\"og:title\" content=\"Eu me amo?\" \/>\n<meta property=\"og:description\" content=\"Eu me amo? - Nossa dica de leitura de hoje \u00e9 o texto retirado da prova para o cargo de vice-diretor de unidade educacional da Prefeitura de Valinhos - 2019.\" \/>\n<meta property=\"og:url\" content=\"https:\/\/www.estrategiaconcursos.com.br\/blog\/eu-me-amo\/\" \/>\n<meta property=\"og:site_name\" content=\"Estrat\u00e9gia Concursos\" \/>\n<meta property=\"article:published_time\" content=\"2019-08-09T15:00:24+00:00\" \/>\n<meta property=\"og:image\" content=\"https:\/\/www.estrategiaconcursos.com.br\/blog\/wp-content\/uploads\/2019\/08\/image12.png\" \/>\n<meta name=\"author\" content=\"D\u00e9cio Terror Filho\" \/>\n<meta name=\"twitter:card\" content=\"summary_large_image\" \/>\n<meta name=\"twitter:creator\" content=\"@EstratConcursos\" \/>\n<meta name=\"twitter:site\" content=\"@EstratConcursos\" \/>\n<meta name=\"twitter:label1\" content=\"Escrito por\" \/>\n\t<meta name=\"twitter:data1\" content=\"D\u00e9cio Terror Filho\" \/>\n\t<meta name=\"twitter:label2\" content=\"Est. tempo de leitura\" \/>\n\t<meta name=\"twitter:data2\" content=\"4 minutos\" \/>\n<script type=\"application\/ld+json\" class=\"yoast-schema-graph\">{\"@context\":\"https:\/\/schema.org\",\"@graph\":[{\"@type\":\"NewsArticle\",\"@id\":\"https:\/\/www.estrategiaconcursos.com.br\/blog\/eu-me-amo\/#article\",\"isPartOf\":{\"@id\":\"https:\/\/www.estrategiaconcursos.com.br\/blog\/eu-me-amo\/\"},\"author\":{\"name\":\"D\u00e9cio Terror Filho\",\"@id\":\"https:\/\/www.estrategiaconcursos.com.br\/blog\/#\/schema\/person\/e8165364027a31208914fc77c3314727\"},\"headline\":\"Eu me amo?\",\"datePublished\":\"2019-08-09T15:00:24+00:00\",\"mainEntityOfPage\":{\"@id\":\"https:\/\/www.estrategiaconcursos.com.br\/blog\/eu-me-amo\/\"},\"wordCount\":815,\"commentCount\":12,\"publisher\":{\"@id\":\"https:\/\/www.estrategiaconcursos.com.br\/blog\/#organization\"},\"image\":{\"@id\":\"https:\/\/www.estrategiaconcursos.com.br\/blog\/eu-me-amo\/#primaryimage\"},\"thumbnailUrl\":\"https:\/\/www.estrategiaconcursos.com.br\/blog\/wp-content\/uploads\/2019\/08\/image12.png\",\"articleSection\":[\"Concursos P\u00fablicos\"],\"inLanguage\":\"pt-BR\",\"potentialAction\":[{\"@type\":\"CommentAction\",\"name\":\"Comment\",\"target\":[\"https:\/\/www.estrategiaconcursos.com.br\/blog\/eu-me-amo\/#respond\"]}],\"copyrightYear\":\"2019\",\"copyrightHolder\":{\"@id\":\"https:\/\/www.estrategiaconcursos.com.br\/blog\/#organization\"}},{\"@type\":\"WebPage\",\"@id\":\"https:\/\/www.estrategiaconcursos.com.br\/blog\/eu-me-amo\/\",\"url\":\"https:\/\/www.estrategiaconcursos.com.br\/blog\/eu-me-amo\/\",\"name\":\"Eu me amo? Dica de leitura\",\"isPartOf\":{\"@id\":\"https:\/\/www.estrategiaconcursos.com.br\/blog\/#website\"},\"primaryImageOfPage\":{\"@id\":\"https:\/\/www.estrategiaconcursos.com.br\/blog\/eu-me-amo\/#primaryimage\"},\"image\":{\"@id\":\"https:\/\/www.estrategiaconcursos.com.br\/blog\/eu-me-amo\/#primaryimage\"},\"thumbnailUrl\":\"https:\/\/www.estrategiaconcursos.com.br\/blog\/wp-content\/uploads\/2019\/08\/image12.png\",\"datePublished\":\"2019-08-09T15:00:24+00:00\",\"description\":\"Eu me amo? - Nossa dica de leitura de hoje \u00e9 o texto retirado da prova para o cargo de vice-diretor de unidade educacional da Prefeitura de Valinhos - 2019.\",\"breadcrumb\":{\"@id\":\"https:\/\/www.estrategiaconcursos.com.br\/blog\/eu-me-amo\/#breadcrumb\"},\"inLanguage\":\"pt-BR\",\"potentialAction\":[{\"@type\":\"ReadAction\",\"target\":[\"https:\/\/www.estrategiaconcursos.com.br\/blog\/eu-me-amo\/\"]}]},{\"@type\":\"ImageObject\",\"inLanguage\":\"pt-BR\",\"@id\":\"https:\/\/www.estrategiaconcursos.com.br\/blog\/eu-me-amo\/#primaryimage\",\"url\":\"https:\/\/dhg1h5j42swfq.cloudfront.net\/2019\/08\/05092516\/image12.png\",\"contentUrl\":\"https:\/\/dhg1h5j42swfq.cloudfront.net\/2019\/08\/05092516\/image12.png\",\"width\":162,\"height\":177},{\"@type\":\"BreadcrumbList\",\"@id\":\"https:\/\/www.estrategiaconcursos.com.br\/blog\/eu-me-amo\/#breadcrumb\",\"itemListElement\":[{\"@type\":\"ListItem\",\"position\":1,\"name\":\"In\u00edcio\",\"item\":\"https:\/\/www.estrategiaconcursos.com.br\/blog\/\"},{\"@type\":\"ListItem\",\"position\":2,\"name\":\"Eu me amo?\"}]},{\"@type\":\"WebSite\",\"@id\":\"https:\/\/www.estrategiaconcursos.com.br\/blog\/#website\",\"url\":\"https:\/\/www.estrategiaconcursos.com.br\/blog\/\",\"name\":\"Estrat\u00e9gia Concursos\",\"description\":\"O blog da Estrat\u00e9gia Concursos traz not\u00edcias sobre concursos e artigos de professores oferecendo cursos para concursos (pdf + videaulas) no site.\",\"publisher\":{\"@id\":\"https:\/\/www.estrategiaconcursos.com.br\/blog\/#organization\"},\"potentialAction\":[{\"@type\":\"SearchAction\",\"target\":{\"@type\":\"EntryPoint\",\"urlTemplate\":\"https:\/\/www.estrategiaconcursos.com.br\/blog\/?s={search_term_string}\"},\"query-input\":{\"@type\":\"PropertyValueSpecification\",\"valueRequired\":true,\"valueName\":\"search_term_string\"}}],\"inLanguage\":\"pt-BR\"},{\"@type\":\"Organization\",\"@id\":\"https:\/\/www.estrategiaconcursos.com.br\/blog\/#organization\",\"name\":\"Estrat\u00e9gia Concursos\",\"url\":\"https:\/\/www.estrategiaconcursos.com.br\/blog\/\",\"logo\":{\"@type\":\"ImageObject\",\"inLanguage\":\"pt-BR\",\"@id\":\"https:\/\/www.estrategiaconcursos.com.br\/blog\/#\/schema\/logo\/image\/\",\"url\":\"https:\/\/dhg1h5j42swfq.cloudfront.net\/2025\/06\/03203428\/logo_concursos-1.jpg\",\"contentUrl\":\"https:\/\/dhg1h5j42swfq.cloudfront.net\/2025\/06\/03203428\/logo_concursos-1.jpg\",\"width\":230,\"height\":60,\"caption\":\"Estrat\u00e9gia Concursos\"},\"image\":{\"@id\":\"https:\/\/www.estrategiaconcursos.com.br\/blog\/#\/schema\/logo\/image\/\"},\"sameAs\":[\"https:\/\/x.com\/EstratConcursos\"]},{\"@type\":\"Person\",\"@id\":\"https:\/\/www.estrategiaconcursos.com.br\/blog\/#\/schema\/person\/e8165364027a31208914fc77c3314727\",\"name\":\"D\u00e9cio Terror Filho\",\"image\":{\"@type\":\"ImageObject\",\"inLanguage\":\"pt-BR\",\"@id\":\"https:\/\/secure.gravatar.com\/avatar\/a5b78e734de7c6482e965926e78344deb81abbc34282a3c9536cbb1a59728a37?s=96&d=mm&r=g\",\"url\":\"https:\/\/secure.gravatar.com\/avatar\/a5b78e734de7c6482e965926e78344deb81abbc34282a3c9536cbb1a59728a37?s=96&d=mm&r=g\",\"contentUrl\":\"https:\/\/secure.gravatar.com\/avatar\/a5b78e734de7c6482e965926e78344deb81abbc34282a3c9536cbb1a59728a37?s=96&d=mm&r=g\",\"caption\":\"D\u00e9cio Terror Filho\"},\"url\":\"https:\/\/www.estrategiaconcursos.com.br\/blog\/author\/contatoterrorportugues-com-br\/\"}]}<\/script>\n<!-- \/ Yoast SEO Premium plugin. -->","yoast_head_json":{"title":"Eu me amo? Dica de leitura","description":"Eu me amo? - Nossa dica de leitura de hoje \u00e9 o texto retirado da prova para o cargo de vice-diretor de unidade educacional da Prefeitura de Valinhos - 2019.","robots":{"index":"index","follow":"follow","max-snippet":"max-snippet:-1","max-image-preview":"max-image-preview:large","max-video-preview":"max-video-preview:-1"},"canonical":"https:\/\/www.estrategiaconcursos.com.br\/blog\/eu-me-amo\/","og_locale":"pt_BR","og_type":"article","og_title":"Eu me amo?","og_description":"Eu me amo? - Nossa dica de leitura de hoje \u00e9 o texto retirado da prova para o cargo de vice-diretor de unidade educacional da Prefeitura de Valinhos - 2019.","og_url":"https:\/\/www.estrategiaconcursos.com.br\/blog\/eu-me-amo\/","og_site_name":"Estrat\u00e9gia Concursos","article_published_time":"2019-08-09T15:00:24+00:00","og_image":[{"url":"https:\/\/www.estrategiaconcursos.com.br\/blog\/wp-content\/uploads\/2019\/08\/image12.png","type":"","width":"","height":""}],"author":"D\u00e9cio Terror Filho","twitter_card":"summary_large_image","twitter_creator":"@EstratConcursos","twitter_site":"@EstratConcursos","twitter_misc":{"Escrito por":"D\u00e9cio Terror Filho","Est. tempo de leitura":"4 minutos"},"schema":{"@context":"https:\/\/schema.org","@graph":[{"@type":"NewsArticle","@id":"https:\/\/www.estrategiaconcursos.com.br\/blog\/eu-me-amo\/#article","isPartOf":{"@id":"https:\/\/www.estrategiaconcursos.com.br\/blog\/eu-me-amo\/"},"author":{"name":"D\u00e9cio Terror Filho","@id":"https:\/\/www.estrategiaconcursos.com.br\/blog\/#\/schema\/person\/e8165364027a31208914fc77c3314727"},"headline":"Eu me amo?","datePublished":"2019-08-09T15:00:24+00:00","mainEntityOfPage":{"@id":"https:\/\/www.estrategiaconcursos.com.br\/blog\/eu-me-amo\/"},"wordCount":815,"commentCount":12,"publisher":{"@id":"https:\/\/www.estrategiaconcursos.com.br\/blog\/#organization"},"image":{"@id":"https:\/\/www.estrategiaconcursos.com.br\/blog\/eu-me-amo\/#primaryimage"},"thumbnailUrl":"https:\/\/www.estrategiaconcursos.com.br\/blog\/wp-content\/uploads\/2019\/08\/image12.png","articleSection":["Concursos P\u00fablicos"],"inLanguage":"pt-BR","potentialAction":[{"@type":"CommentAction","name":"Comment","target":["https:\/\/www.estrategiaconcursos.com.br\/blog\/eu-me-amo\/#respond"]}],"copyrightYear":"2019","copyrightHolder":{"@id":"https:\/\/www.estrategiaconcursos.com.br\/blog\/#organization"}},{"@type":"WebPage","@id":"https:\/\/www.estrategiaconcursos.com.br\/blog\/eu-me-amo\/","url":"https:\/\/www.estrategiaconcursos.com.br\/blog\/eu-me-amo\/","name":"Eu me amo? Dica de leitura","isPartOf":{"@id":"https:\/\/www.estrategiaconcursos.com.br\/blog\/#website"},"primaryImageOfPage":{"@id":"https:\/\/www.estrategiaconcursos.com.br\/blog\/eu-me-amo\/#primaryimage"},"image":{"@id":"https:\/\/www.estrategiaconcursos.com.br\/blog\/eu-me-amo\/#primaryimage"},"thumbnailUrl":"https:\/\/www.estrategiaconcursos.com.br\/blog\/wp-content\/uploads\/2019\/08\/image12.png","datePublished":"2019-08-09T15:00:24+00:00","description":"Eu me amo? - Nossa dica de leitura de hoje \u00e9 o texto retirado da prova para o cargo de vice-diretor de unidade educacional da Prefeitura de Valinhos - 2019.","breadcrumb":{"@id":"https:\/\/www.estrategiaconcursos.com.br\/blog\/eu-me-amo\/#breadcrumb"},"inLanguage":"pt-BR","potentialAction":[{"@type":"ReadAction","target":["https:\/\/www.estrategiaconcursos.com.br\/blog\/eu-me-amo\/"]}]},{"@type":"ImageObject","inLanguage":"pt-BR","@id":"https:\/\/www.estrategiaconcursos.com.br\/blog\/eu-me-amo\/#primaryimage","url":"https:\/\/dhg1h5j42swfq.cloudfront.net\/2019\/08\/05092516\/image12.png","contentUrl":"https:\/\/dhg1h5j42swfq.cloudfront.net\/2019\/08\/05092516\/image12.png","width":162,"height":177},{"@type":"BreadcrumbList","@id":"https:\/\/www.estrategiaconcursos.com.br\/blog\/eu-me-amo\/#breadcrumb","itemListElement":[{"@type":"ListItem","position":1,"name":"In\u00edcio","item":"https:\/\/www.estrategiaconcursos.com.br\/blog\/"},{"@type":"ListItem","position":2,"name":"Eu me amo?"}]},{"@type":"WebSite","@id":"https:\/\/www.estrategiaconcursos.com.br\/blog\/#website","url":"https:\/\/www.estrategiaconcursos.com.br\/blog\/","name":"Estrat\u00e9gia Concursos","description":"O blog da Estrat\u00e9gia Concursos traz not\u00edcias sobre concursos e artigos de professores oferecendo cursos para concursos (pdf + videaulas) no site.","publisher":{"@id":"https:\/\/www.estrategiaconcursos.com.br\/blog\/#organization"},"potentialAction":[{"@type":"SearchAction","target":{"@type":"EntryPoint","urlTemplate":"https:\/\/www.estrategiaconcursos.com.br\/blog\/?s={search_term_string}"},"query-input":{"@type":"PropertyValueSpecification","valueRequired":true,"valueName":"search_term_string"}}],"inLanguage":"pt-BR"},{"@type":"Organization","@id":"https:\/\/www.estrategiaconcursos.com.br\/blog\/#organization","name":"Estrat\u00e9gia Concursos","url":"https:\/\/www.estrategiaconcursos.com.br\/blog\/","logo":{"@type":"ImageObject","inLanguage":"pt-BR","@id":"https:\/\/www.estrategiaconcursos.com.br\/blog\/#\/schema\/logo\/image\/","url":"https:\/\/dhg1h5j42swfq.cloudfront.net\/2025\/06\/03203428\/logo_concursos-1.jpg","contentUrl":"https:\/\/dhg1h5j42swfq.cloudfront.net\/2025\/06\/03203428\/logo_concursos-1.jpg","width":230,"height":60,"caption":"Estrat\u00e9gia Concursos"},"image":{"@id":"https:\/\/www.estrategiaconcursos.com.br\/blog\/#\/schema\/logo\/image\/"},"sameAs":["https:\/\/x.com\/EstratConcursos"]},{"@type":"Person","@id":"https:\/\/www.estrategiaconcursos.com.br\/blog\/#\/schema\/person\/e8165364027a31208914fc77c3314727","name":"D\u00e9cio Terror Filho","image":{"@type":"ImageObject","inLanguage":"pt-BR","@id":"https:\/\/secure.gravatar.com\/avatar\/a5b78e734de7c6482e965926e78344deb81abbc34282a3c9536cbb1a59728a37?s=96&d=mm&r=g","url":"https:\/\/secure.gravatar.com\/avatar\/a5b78e734de7c6482e965926e78344deb81abbc34282a3c9536cbb1a59728a37?s=96&d=mm&r=g","contentUrl":"https:\/\/secure.gravatar.com\/avatar\/a5b78e734de7c6482e965926e78344deb81abbc34282a3c9536cbb1a59728a37?s=96&d=mm&r=g","caption":"D\u00e9cio Terror Filho"},"url":"https:\/\/www.estrategiaconcursos.com.br\/blog\/author\/contatoterrorportugues-com-br\/"}]}},"_links":{"self":[{"href":"https:\/\/www.estrategiaconcursos.com.br\/blog\/wp-json\/wp\/v2\/posts\/405888","targetHints":{"allow":["GET"]}}],"collection":[{"href":"https:\/\/www.estrategiaconcursos.com.br\/blog\/wp-json\/wp\/v2\/posts"}],"about":[{"href":"https:\/\/www.estrategiaconcursos.com.br\/blog\/wp-json\/wp\/v2\/types\/post"}],"author":[{"embeddable":true,"href":"https:\/\/www.estrategiaconcursos.com.br\/blog\/wp-json\/wp\/v2\/users\/214"}],"replies":[{"embeddable":true,"href":"https:\/\/www.estrategiaconcursos.com.br\/blog\/wp-json\/wp\/v2\/comments?post=405888"}],"version-history":[{"count":3,"href":"https:\/\/www.estrategiaconcursos.com.br\/blog\/wp-json\/wp\/v2\/posts\/405888\/revisions"}],"predecessor-version":[{"id":405942,"href":"https:\/\/www.estrategiaconcursos.com.br\/blog\/wp-json\/wp\/v2\/posts\/405888\/revisions\/405942"}],"wp:attachment":[{"href":"https:\/\/www.estrategiaconcursos.com.br\/blog\/wp-json\/wp\/v2\/media?parent=405888"}],"wp:term":[{"taxonomy":"category","embeddable":true,"href":"https:\/\/www.estrategiaconcursos.com.br\/blog\/wp-json\/wp\/v2\/categories?post=405888"},{"taxonomy":"post_tag","embeddable":true,"href":"https:\/\/www.estrategiaconcursos.com.br\/blog\/wp-json\/wp\/v2\/tags?post=405888"},{"taxonomy":"tax_estado","embeddable":true,"href":"https:\/\/www.estrategiaconcursos.com.br\/blog\/wp-json\/wp\/v2\/tax_estado?post=405888"}],"curies":[{"name":"wp","href":"https:\/\/api.w.org\/{rel}","templated":true}]}}