{"id":40554,"date":"2016-06-02T14:49:26","date_gmt":"2016-06-02T17:49:26","guid":{"rendered":"http:\/\/www.estrategiaconcursos.com.br\/blog\/?p=40554"},"modified":"2016-06-02T18:10:09","modified_gmt":"2016-06-02T21:10:09","slug":"prova-comentada-tcesc-afo-direito","status":"publish","type":"post","link":"https:\/\/www.estrategiaconcursos.com.br\/blog\/prova-comentada-tcesc-afo-direito\/","title":{"rendered":"Prova comentada TCE\/SC &#8211; AFO &#8211; Direito"},"content":{"rendered":"<p style=\"text-align: justify\"><a href=\"https:\/\/dhg1h5j42swfq.cloudfront.net\/2016\/06\/02125938\/TCE-SC.jpg\" rel=\"attachment wp-att-40566\"><img loading=\"lazy\" decoding=\"async\" class=\"alignleft wp-image-40566 size-medium\" src=\"https:\/\/dhg1h5j42swfq.cloudfront.net\/2016\/06\/02125938\/TCE-SC-300x159.jpg\" alt=\"TCE SC\" width=\"300\" height=\"159\" srcset=\"https:\/\/dhg1h5j42swfq.cloudfront.net\/2016\/06\/02125938\/TCE-SC.jpg 300w, https:\/\/dhg1h5j42swfq.cloudfront.net\/2016\/06\/02125938\/TCE-SC.jpg 472w\" sizes=\"auto, (max-width: 300px) 100vw, 300px\" \/><\/a>Ol\u00e1 audazes concurseiros e concurseiras, tudo bem? Hoje estou aqui para trazer para voc\u00eas a prova comentada do TCE\/SC, especificamente para a \u00e1rea de Direito!<\/p>\n<p style=\"text-align: justify\">Vamos ao trabalho?<\/p>\n<p style=\"text-align: justify\"><strong>43 O grupo de destina\u00e7\u00e3o de recursos divide a receita p\u00fablica entre os recursos origin\u00e1rios do Tesouro Nacional e os origin\u00e1rios de outras fontes, fornecendo tamb\u00e9m a indica\u00e7\u00e3o sobre o exerc\u00edcio em que esses recursos foram arrecadados<\/strong><\/p>\n<p style=\"text-align: justify\"><span style=\"color: #0000ff\"><strong>Certo.<\/strong><\/span> A classifica\u00e7\u00e3o por destina\u00e7\u00e3o de recursos ou por fontes pertence tanto \u00e0 receita quanto \u00e0 despesa,\u00a0servindo para indicar como s\u00e3o financiadas as despesas or\u00e7ament\u00e1rias. Olha s\u00f3 esse quadro previsto nos curso de AFO do Prof. S\u00e9rgio Mendes:<\/p>\n<p><a href=\"https:\/\/dhg1h5j42swfq.cloudfront.net\/2016\/06\/02122248\/Classifica%C3%A7%C3%A3o-por-destina%C3%A7%C3%A3o.png\" rel=\"attachment wp-att-40558\"><img loading=\"lazy\" decoding=\"async\" class=\"alignnone size-medium wp-image-40558 aligncenter\" src=\"https:\/\/dhg1h5j42swfq.cloudfront.net\/2016\/06\/02122248\/Classifica%C3%A7%C3%A3o-por-destina%C3%A7%C3%A3o-300x138.png\" alt=\"Classifica\u00e7\u00e3o por destina\u00e7\u00e3o\" width=\"300\" height=\"138\" srcset=\"https:\/\/dhg1h5j42swfq.cloudfront.net\/2016\/06\/02122248\/Classifica%C3%A7%C3%A3o-por-destina%C3%A7%C3%A3o.png 300w, https:\/\/dhg1h5j42swfq.cloudfront.net\/2016\/06\/02122248\/Classifica%C3%A7%C3%A3o-por-destina%C3%A7%C3%A3o.png 474w\" sizes=\"auto, (max-width: 300px) 100vw, 300px\" \/><\/a><\/p>\n<p style=\"text-align: justify\"><strong>44 A fixa\u00e7\u00e3o da despesa, que compreende a ado\u00e7\u00e3o de medidas em determinada situa\u00e7\u00e3o idealizada, conforme os recursos dispon\u00edveis e as diretrizes e prioridades tra\u00e7adas pelo governo, \u00e9 um dos est\u00e1gios da despesa p\u00fablica previstos na legisla\u00e7\u00e3o em vigor.<\/strong><\/p>\n<p style=\"text-align: justify\"><span style=\"color: #ff0000\"><strong>Errado.<\/strong><\/span> Embora a fixa\u00e7\u00e3o da despesa ocorra na LOA e seja reconhecida pela doutrina, <strong><span style=\"text-decoration: underline\">a legisla\u00e7\u00e3o<\/span><\/strong> reconhece como est\u00e1gio apenas o empenho, liquida\u00e7\u00e3o e pagamento.<\/p>\n<p style=\"text-align: justify\"><strong>45 Os conceitos de d\u00edvida fundada e d\u00edvida flutuante aplicam-se indistintamente \u00e0 d\u00edvida ativa e \u00e0 d\u00edvida passiva.<\/strong><\/p>\n<p style=\"text-align: justify\"><span style=\"color: #ff0000\"><strong>Errado.<\/strong><\/span> D\u00edvida ativa s\u00e3o recursos A RECEBER do ente p\u00fablico, portanto n\u00e3o faz parte da d\u00edvida fundada e flutuante. Essas s\u00e3o recursos A PAGAR, classificadas de acordo com o que prev\u00ea a lei 4.320 e LRF.<\/p>\n<p style=\"text-align: justify\"><strong>46 Se, em fun\u00e7\u00e3o da natureza de determinada a\u00e7\u00e3o or\u00e7ament\u00e1ria, for necess\u00e1rio seu acompanhamento intensivo, ser\u00e1 obrigat\u00f3ria a utiliza\u00e7\u00e3o da identifica\u00e7\u00e3o denominada plano or\u00e7ament\u00e1rio.<\/strong><\/p>\n<p style=\"text-align: justify\"><span style=\"color: #0000ff\"><strong>Certo.<\/strong><\/span> Vou reproduzir um trecho do nosso curso para o TCE\/SC que confirma a quest\u00e3o da banca:<\/p>\n<p style=\"text-align: justify\">&#8220;D<em>e acordo com o MTO, o Plano Or\u00e7ament\u00e1rio (PO) \u00e9 uma identifica\u00e7\u00e3o or\u00e7ament\u00e1ria, <strong>de car\u00e1ter gerencial<\/strong> (n\u00e3o constante da LOA), vinculada \u00e0 a\u00e7\u00e3o or\u00e7ament\u00e1ria, que tem por finalidade permitir que tanto a elabora\u00e7\u00e3o do or\u00e7amento quanto o acompanhamento f\u00edsico e financeiro da execu\u00e7\u00e3o ocorram em um n\u00edvel mais detalhado do que o do subt\u00edtulo (localizador de gasto) da a\u00e7\u00e3o.<\/em><\/p>\n<p style=\"text-align: justify\"><em>Apesar de o PO, na maioria dos casos, ser opcional, <strong>ser\u00e1 obrigat\u00f3rio para as a\u00e7\u00f5es or\u00e7ament\u00e1rias que requerem <u>acompanhamento intensivo<\/u><\/strong>. Nessa situa\u00e7\u00e3o, haver\u00e1 um campo no cadastro da a\u00e7\u00e3o, marcado pela SOF, que indicar\u00e1 essa obrigatoriedade.&#8221;<\/em><\/p>\n<p style=\"text-align: justify\"><strong>47 Caso seja necess\u00e1rio modificar os atributos de determinado cr\u00e9dito or\u00e7ament\u00e1rio, a modifica\u00e7\u00e3o dever\u00e1 ser feita por meio de cr\u00e9ditos suplementares, cr\u00e9ditos especiais ou cr\u00e9ditos extraordin\u00e1rios.<\/strong><\/p>\n<p style=\"text-align: justify\"><span style=\"color: #ff0000\"><strong>Errado.<\/strong><\/span> As altera\u00e7\u00f5es or\u00e7ament\u00e1rias podem ser qualitativas ou quantitativas. Uma altera\u00e7\u00e3o quantitativa apenas modifica o total de cr\u00e9dito constante na LOA atrav\u00e9s de um cr\u00e9dito suplementar, refor\u00e7ando a dota\u00e7\u00e3o j\u00e1 existente para uma determinada despesa.<\/p>\n<p style=\"text-align: justify\">J\u00e1 altera\u00e7\u00e3o qualitativa \u00e9 aquela que modifica o conte\u00fado da LOA, incluindo nova despesa n\u00e3o prevista (cr\u00e9dito especial) ou urgente (cr\u00e9dito extraordin\u00e1rio).<\/p>\n<p style=\"text-align: justify\">Portanto temos que os cr\u00e9ditos suplementares n\u00e3o alteram os atributos do cr\u00e9dito or\u00e7ament\u00e1rio, mas apenas a dota\u00e7\u00e3o.<\/p>\n<p style=\"text-align: justify\"><strong>48 Se determinado ente da Federa\u00e7\u00e3o assinar contrato de adimpl\u00eancia de obriga\u00e7\u00e3o financeira ou contratual assumida por entidade vinculada a este ente, a opera\u00e7\u00e3o dever\u00e1 ser inclu\u00edda no montante da d\u00edvida p\u00fablica consolidada.<\/strong><\/p>\n<p style=\"text-align: justify\"><span style=\"color: #0000ff\"><strong>Certo.\u00a0<\/strong><\/span>Essa obriga\u00e7\u00e3o financeira apresentada na quest\u00e3o, consiste em uma concess\u00e3o\u00a0de garantia, conforme o\u00a0art\u00ba. 29, IV da LRF. Portanto, a concess\u00e3o de garantia n\u00e3o se classifica como opera\u00e7\u00e3o de cr\u00e9dito. Por\u00e9m, o art. 40 da mesma Lei <strong>sujeita a concess\u00e3o de garantia \u00e0s mesmas exig\u00eancias de opera\u00e7\u00e3o de cr\u00e9dito.<\/strong> Assim sendo, sujeitam-se \u00e0s condi\u00e7\u00f5es gerais para contrata\u00e7\u00e3o de opera\u00e7\u00e3o de cr\u00e9dito impostas pela Resolu\u00e7\u00e3o n\u00ba 43, de 2001<\/p>\n<p style=\"text-align: justify\">Ainda segundo a LRF,\u00a0d\u00edvida p\u00fablica consolidada ou fundada consiste no montante total, apurado sem duplicidade, <strong>das obriga\u00e7\u00f5es financeiras do ente da Federa\u00e7\u00e3o<\/strong>, <strong>assumidas em virtude de leis, contratos, conv\u00eanios ou tratados e da realiza\u00e7\u00e3o de opera\u00e7\u00f5es de cr\u00e9dito<\/strong>, para amortiza\u00e7\u00e3o em prazo superior a doze meses.<\/p>\n<p style=\"text-align: justify\">Portanto, podemos concluir que, embora n\u00e3o seja opera\u00e7\u00e3o de cr\u00e9dito, a concess\u00e3o de garantia deve se submeter \u00e0s mesmas regras relativas \u00e0s opera\u00e7\u00f5es de cr\u00e9dito, por isso s\u00e3o computadas na d\u00edvida consolidada do ente.<\/p>\n<p style=\"text-align: justify\"><strong>49 No \u00e2mbito fiscal do setor p\u00fablico, o resultado prim\u00e1rio corresponde \u00e0 diferen\u00e7a entre as receitas e as despesas, inclu\u00eddas as opera\u00e7\u00f5es de cr\u00e9dito ativas e passivas destinadas ao refinanciamento da d\u00edvida p\u00fablica.<\/strong><\/p>\n<p style=\"text-align: justify\"><span style=\"color: #ff0000\"><strong>Errado.<\/strong><\/span>\u00a0Segundo o portal de or\u00e7amento do Governo Federal, o\u00a0resultado prim\u00e1rio \u00e9 definido pela diferen\u00e7a entre receitas e despesas do governo, <strong>excluindo-se da conta as receitas e despesas com juros<\/strong>.<\/p>\n<p style=\"text-align: justify\">Portanto, desse resultado s\u00e3o retiradas as despesas com juros das opera\u00e7\u00f5es de cr\u00e9ditos contratadas e concedidas pelo ente.<\/p>\n<p style=\"text-align: justify\"><strong>96 Apesar de os entes federados serem obrigados a elaborar um or\u00e7amento fiscal, um or\u00e7amento de investimento das empresas estatais e um or\u00e7amento da seguridade social, \u00e9 correto afirmar que vigora no Brasil o princ\u00edpio da unidade or\u00e7ament\u00e1ria.<\/strong><\/p>\n<p style=\"text-align: justify\"><span style=\"color: #0000ff\"><strong>Certo.<\/strong><\/span>\u00a0 Apesar de existir &#8220;tr\u00eas or\u00e7amentos&#8221; na LOA, essa divis\u00e3o n\u00e3o fere o princ\u00edpio da unidade. Para descrever esse princ\u00edpio, olha s\u00f3 como foi apresentado no curso para o TCE\/SC:<\/p>\n<p style=\"text-align: justify\"><em>&#8220;Segundo o princ\u00edpio da unidade, o or\u00e7amento deve ser uno, isto \u00e9, deve existir apenas um or\u00e7amento, e n\u00e3o mais que um <strong>para cada ente da Federa\u00e7\u00e3o<\/strong> em cada exerc\u00edcio financeiro. Objetiva eliminar a exist\u00eancia de or\u00e7amentos paralelos e permite ao Poder Legislativo o controle racional e direto das opera\u00e7\u00f5es financeiras de responsabilidade do Executivo.&#8221;<\/em><\/p>\n<p style=\"text-align: justify\"><strong>97 A despeito de no direito financeiro brasileiro vigorar o princ\u00edpio da anualidade or\u00e7ament\u00e1ria, os cr\u00e9ditos adicionais podem ser incorporados ao or\u00e7amento do exerc\u00edcio financeiro subsequente ao da sua autoriza\u00e7\u00e3o.<\/strong><\/p>\n<p style=\"text-align: justify\"><span style=\"color: #ff0000\"><strong>Errado.<\/strong><\/span>\u00a0Segundo o princ\u00edpio da anualidade, o or\u00e7amento deve ser elaborado e autorizado para um per\u00edodo de um exerc\u00edcio financeiro, o qual coincide com o ano civil.<\/p>\n<p style=\"text-align: justify\">Por\u00e9m temos duas exce\u00e7\u00f5es: <strong>cr\u00e9ditos especiais e extraordin\u00e1rios<\/strong> abertos nos \u00faltimos quatro meses do exerc\u00edcio financeiro. Esses cr\u00e9ditos podem ser reabertos no exerc\u00edcio seguinte, em seu saldo remanescente.<\/p>\n<p style=\"text-align: justify\">Ent\u00e3o o erro \u00e9 afirmar que os cr\u00e9ditos adicionais s\u00e3o exce\u00e7\u00e3o, quando na verdade s\u00e3o apenas os especiais e extraordin\u00e1rios.<\/p>\n<p style=\"text-align: justify\"><strong>98 Ainda que haja autoriza\u00e7\u00e3o por lei espec\u00edfica e conformidade com a lei de diretrizes or\u00e7ament\u00e1rias, n\u00e3o \u00e9 permitido ao munic\u00edpio usar recursos previstos em cr\u00e9ditos suplementares para cobrir d\u00e9ficits de pessoas jur\u00eddicas.<\/strong><\/p>\n<p style=\"text-align: justify\"><span style=\"color: #ff0000\"><strong>Errado.<\/strong><\/span>\u00a0Olha s\u00f3 o que diz a CF\/88:<\/p>\n<blockquote>\n<p style=\"text-align: justify\">Art. 167. S\u00e3o vedados:<\/p>\n<p style=\"text-align: justify\">VIII &#8211; a utiliza\u00e7\u00e3o, sem autoriza\u00e7\u00e3o legislativa espec\u00edfica, de recursos dos or\u00e7amentos fiscal e da seguridade social para suprir necessidade ou cobrir d\u00e9ficit de empresas, funda\u00e7\u00f5es e fundos, inclusive dos mencionados no art. 165, \u00a7 5\u00ba;<\/p>\n<\/blockquote>\n<p style=\"text-align: justify\">Portanto, havendo autoriza\u00e7\u00e3o legislativa espec\u00edfica, podem ser utilizados recursos de cr\u00e9dito suplementar para cobrir d\u00e9ficit de pessoas jur\u00eddicas<\/p>\n<p style=\"text-align: justify\"><strong>99 Para que o estado-membro receba da Uni\u00e3o transfer\u00eancias volunt\u00e1rias destinadas ao pagamento de despesas com pessoal inativo, \u00e9 condi\u00e7\u00e3o inarred\u00e1vel a pr\u00e9via autoriza\u00e7\u00e3o por lei espec\u00edfica autorizativa no \u00e2mbito federal, aprovada por maioria absoluta.<\/strong><\/p>\n<p style=\"text-align: justify\"><span style=\"color: #ff0000\"><strong>Errado.<\/strong><\/span>\u00a0A CF\/88 veda a transfer\u00eancia volunt\u00e1ria de recursos destinada a pagamento de inativo. Quer ver?<\/p>\n<blockquote>\n<p style=\"text-align: justify\">Art. 167. S\u00e3o vedados:<\/p>\n<p style=\"text-align: justify\">X &#8211; <strong>a transfer\u00eancia volunt\u00e1ria de recursos<\/strong> e a concess\u00e3o de empr\u00e9stimos, inclusive por antecipa\u00e7\u00e3o de receita, pelos Governos Federal e Estaduais e suas institui\u00e7\u00f5es financeiras, <strong>para pagamento de despesas com pessoal ativo, inativo e pensionista<\/strong>, dos Estados, do Distrito Federal e dos Munic\u00edpios.<\/p>\n<\/blockquote>\n<p style=\"text-align: justify\"><strong>100 Integra a administra\u00e7\u00e3o indireta municipal, como empresa controlada, a sociedade empres\u00e1ria de cuja maioria das a\u00e7\u00f5es o munic\u00edpio seja titular, ainda que n\u00e3o tenha direito a voto.<\/strong><\/p>\n<p style=\"text-align: justify\"><strong><span style=\"color: #ff0000\">Errado.<\/span>\u00a0<\/strong>Segundo a LRF,\u00a0empresa controlada \u00e9 sociedade cuja maioria do capital social <strong>com direito a voto perten\u00e7a<\/strong>, direta ou indiretamente, a ente da Federa\u00e7\u00e3o;<\/p>\n<p style=\"text-align: justify\"><strong>101 Para licitar servi\u00e7os, \u00e9 imperioso que o ordenador de despesas do \u00f3rg\u00e3o licitante declare que os gastos atrelados ao futuro contrato estar\u00e3o adequados \u00e0 lei de or\u00e7amento e compat\u00edveis com o plano plurianual e com a lei de diretrizes or\u00e7ament\u00e1rias.<\/strong><\/p>\n<p style=\"text-align: justify\"><span style=\"color: #0000ff\"><strong>Certo.<\/strong><\/span>\u00a0Devido ao princ\u00edpio da legalidade, o poder p\u00fablico somente pode fazer o que a lei determina ou permita que seja feito. Com rela\u00e7\u00e3o ao or\u00e7amento n\u00e3o \u00e9 diferente.<\/p>\n<p style=\"text-align: justify\">A despesa p\u00fablica, em sentido estrito, somente poder\u00e1 ser executada se houver expressa autoriza\u00e7\u00e3o legal. Como, no Brasil, \u00e9 adotado o or\u00e7amento programa, deve haver uma integra\u00e7\u00e3o entre o planejamento e o or\u00e7amento.<\/p>\n<p style=\"text-align: justify\">Analisando essas breves ideias, podemos concluir que toda despesa, em sentido estrito, deve estar compat\u00edvel com os tr\u00eas instrumentos de planejamento e or\u00e7amento: PPA, LDO e LOA.<\/p>\n<p style=\"text-align: justify\"><strong>102 O suprimento de fundos n\u00e3o pode ser autorizado por servidor p\u00fablico efetivo que tenha, sob sua responsabilidade, outros dois adiantamentos em fase de aplica\u00e7\u00e3o ou de presta\u00e7\u00e3o de contas.<\/strong><\/p>\n<p style=\"text-align: justify\"><span style=\"color: #0000ff\"><strong>Certo.<\/strong><\/span>\u00a0Suprimento de fundos consiste na entrega de recursos ao servido para atender determinadas despesas\u00a0que n\u00e3o possam subordinar-se ao processo normal de aplica\u00e7\u00e3o. Por\u00e9m temos algumas veda\u00e7\u00f5es! Olha s\u00f3 como elas foram expostas em nosso curso:<\/p>\n<p style=\"text-align: justify\"><a href=\"https:\/\/dhg1h5j42swfq.cloudfront.net\/2016\/06\/02133456\/Suprimento-de-fundos1.png\" rel=\"attachment wp-att-40573\"><img loading=\"lazy\" decoding=\"async\" class=\"alignnone wp-image-40573 size-full\" src=\"https:\/\/dhg1h5j42swfq.cloudfront.net\/2016\/06\/02133456\/Suprimento-de-fundos1.png\" alt=\"Suprimento de fundos\" width=\"777\" height=\"240\" srcset=\"https:\/\/dhg1h5j42swfq.cloudfront.net\/2016\/06\/02133456\/Suprimento-de-fundos1.png 777w, https:\/\/dhg1h5j42swfq.cloudfront.net\/2016\/06\/02133456\/Suprimento-de-fundos1.png 300w, https:\/\/dhg1h5j42swfq.cloudfront.net\/2016\/06\/02133456\/Suprimento-de-fundos1.png 768w, https:\/\/dhg1h5j42swfq.cloudfront.net\/2016\/06\/02133456\/Suprimento-de-fundos1.png 500w\" sizes=\"auto, (max-width: 777px) 100vw, 777px\" \/><\/a><\/p>\n<p style=\"text-align: justify\">Portanto, o servidor somente pode ser detentor de dois suprimentos, n\u00e3o podendo ser benefici\u00e1rio de um terceiro.<\/p>\n<p style=\"text-align: justify\"><span style=\"color: #ff0000\">Por\u00e9m, voc\u00ea pode argumentar que a lei\u00a0prev\u00ea que a veda\u00e7\u00e3o \u00e9 de concess\u00e3o <span style=\"text-decoration: underline\"><strong>A<\/strong><\/span> servidor titular de dois suprimentos, e n\u00e3o POR servidor titular.<\/span><\/p>\n<p style=\"text-align: justify\"><strong>103 As despesas empenhadas e n\u00e3o pagas at\u00e9 o dia 31 de dezembro e que estejam liquidadas devem ser registradas por exerc\u00edcio e por credor na categoria restos a pagar processados.<\/strong><\/p>\n<p style=\"text-align: justify\"><span style=\"color: #0000ff\"><strong>Certo.<\/strong><\/span>\u00a0Nosso curso alertou que esse tema despenca em prova, quer ver?<\/p>\n<p style=\"text-align: justify\"><a href=\"https:\/\/dhg1h5j42swfq.cloudfront.net\/2016\/06\/02133814\/RAP.png\" rel=\"attachment wp-att-40574\"><img loading=\"lazy\" decoding=\"async\" class=\"alignnone wp-image-40574 size-full\" src=\"https:\/\/dhg1h5j42swfq.cloudfront.net\/2016\/06\/02133814\/RAP.png\" alt=\"RAP\" width=\"787\" height=\"143\" srcset=\"https:\/\/dhg1h5j42swfq.cloudfront.net\/2016\/06\/02133814\/RAP.png 787w, https:\/\/dhg1h5j42swfq.cloudfront.net\/2016\/06\/02133814\/RAP.png 300w, https:\/\/dhg1h5j42swfq.cloudfront.net\/2016\/06\/02133814\/RAP.png 768w, https:\/\/dhg1h5j42swfq.cloudfront.net\/2016\/06\/02133814\/RAP.png 500w\" sizes=\"auto, (max-width: 787px) 100vw, 787px\" \/><\/a><\/p>\n<p style=\"text-align: justify\">Al\u00e9m dessa distin\u00e7\u00e3o, os RAP devem ser registradas por exerc\u00edcio e por credor, a fim de facilitar o controle e posterior pagamento.<\/p>\n<p style=\"text-align: justify\">E isso \u00e9 tudo pessoal!<\/p>\n<p style=\"text-align: justify\">Com certeza quem estudou com o nosso curso, conseguiu um excelente resultado nessa prova. 100% do que foi cobrado estava em nosso curso, um aproveitamento excelente!<\/p>\n<p style=\"text-align: justify\">Deixo aqui o link dos nossos cursos (Prof. S\u00e9rgio Mendes e Prof. Vin\u00edcius Nascimento) para voc\u00ea poder se aprofundar mais nesse conte\u00fado!<\/p>\n<p style=\"text-align: justify\">Forte abra\u00e7o e bons estudos!<\/p>\n<p><a href=\"https:\/\/www.estrategiaconcursos.com.br\/cursosPorProfessor\/sergio-mendes-3000\/\">https:\/\/www.estrategiaconcursos.com.br\/cursosPorProfessor\/sergio-mendes-3000\/<\/a><\/p>\n<p><a href=\"https:\/\/dhg1h5j42swfq.cloudfront.net\/2016\/06\/02125721\/Prof-Vin%C3%ADcius-escura.png\" rel=\"attachment wp-att-40564\"><img loading=\"lazy\" decoding=\"async\" class=\"alignnone size-medium wp-image-40564\" src=\"https:\/\/dhg1h5j42swfq.cloudfront.net\/2016\/06\/02125721\/Prof-Vin%C3%ADcius-escura-300x129.png\" alt=\"Prof Vin\u00edcius escura\" width=\"300\" height=\"129\" srcset=\"https:\/\/dhg1h5j42swfq.cloudfront.net\/2016\/06\/02125721\/Prof-Vin%C3%ADcius-escura.png 300w, https:\/\/dhg1h5j42swfq.cloudfront.net\/2016\/06\/02125721\/Prof-Vin%C3%ADcius-escura.png 768w, https:\/\/dhg1h5j42swfq.cloudfront.net\/2016\/06\/02125721\/Prof-Vin%C3%ADcius-escura.png 1024w, https:\/\/dhg1h5j42swfq.cloudfront.net\/2016\/06\/02125721\/Prof-Vin%C3%ADcius-escura.png 500w\" sizes=\"auto, (max-width: 300px) 100vw, 300px\" \/><\/a><\/p>\n<p><a href=\"https:\/\/dhg1h5j42swfq.cloudfront.net\/2016\/03\/21115355\/periscope.jpg\" rel=\"attachment wp-att-35489\"><img loading=\"lazy\" decoding=\"async\" class=\"alignnone wp-image-35489\" src=\"https:\/\/dhg1h5j42swfq.cloudfront.net\/2016\/03\/21115355\/periscope.jpg\" alt=\"periscope\" width=\"77\" height=\"72\" \/><\/a>\u00a0 @ProfVinicius<\/p>\n<p><a href=\"https:\/\/dhg1h5j42swfq.cloudfront.net\/2016\/04\/13153610\/face.png\" rel=\"attachment wp-att-36936\"><img loading=\"lazy\" decoding=\"async\" class=\"alignnone wp-image-36936\" src=\"https:\/\/dhg1h5j42swfq.cloudfront.net\/2016\/04\/13153610\/face-300x168.png\" alt=\"face\" width=\"78\" height=\"45\" \/><\/a>\u00a0Prof Vinicius Nascimento<\/p>\n","protected":false},"excerpt":{"rendered":"<p>Ol\u00e1 audazes concurseiros e concurseiras, tudo bem? Hoje estou aqui para trazer para voc\u00eas a prova comentada do TCE\/SC, especificamente para a \u00e1rea de Direito! Vamos ao trabalho? 43 O grupo de destina\u00e7\u00e3o de recursos divide a receita p\u00fablica entre os recursos origin\u00e1rios do Tesouro Nacional e os origin\u00e1rios de outras fontes, fornecendo tamb\u00e9m a [&hellip;]<\/p>\n","protected":false},"author":212,"featured_media":0,"comment_status":"open","ping_status":"open","sticky":false,"template":"","format":"standard","meta":{"post_tipo":"article","footnotes":""},"categories":[1],"tags":[894,1563,867,1818,1813,1223],"tax_estado":[],"class_list":["post-40554","post","type-post","status-publish","format-standard","hentry","category-cursos-e-concursos","tag-afo","tag-estrategia-concuros","tag-prova-comentada","tag-sergio-mendes","tag-tcesc","tag-vinicius-nascimento"],"acf":[],"yoast_head":"<!-- This site is optimized with the Yoast SEO Premium plugin v27.2 (Yoast SEO v27.2) - https:\/\/yoast.com\/product\/yoast-seo-premium-wordpress\/ -->\n<title>Prova comentada TCE\/SC - AFO - Direito<\/title>\n<meta name=\"robots\" content=\"index, follow, max-snippet:-1, max-image-preview:large, max-video-preview:-1\" \/>\n<link rel=\"canonical\" href=\"https:\/\/www.estrategiaconcursos.com.br\/blog\/prova-comentada-tcesc-afo-direito\/\" \/>\n<meta property=\"og:locale\" content=\"pt_BR\" \/>\n<meta property=\"og:type\" content=\"article\" \/>\n<meta property=\"og:title\" content=\"Prova comentada TCE\/SC - AFO - Direito\" \/>\n<meta property=\"og:description\" content=\"Ol\u00e1 audazes concurseiros e concurseiras, tudo bem? Hoje estou aqui para trazer para voc\u00eas a prova comentada do TCE\/SC, especificamente para a \u00e1rea de Direito! Vamos ao trabalho? 43 O grupo de destina\u00e7\u00e3o de recursos divide a receita p\u00fablica entre os recursos origin\u00e1rios do Tesouro Nacional e os origin\u00e1rios de outras fontes, fornecendo tamb\u00e9m a [&hellip;]\" \/>\n<meta property=\"og:url\" content=\"https:\/\/www.estrategiaconcursos.com.br\/blog\/prova-comentada-tcesc-afo-direito\/\" \/>\n<meta property=\"og:site_name\" content=\"Estrat\u00e9gia Concursos\" \/>\n<meta property=\"article:published_time\" content=\"2016-06-02T17:49:26+00:00\" \/>\n<meta property=\"article:modified_time\" content=\"2016-06-02T21:10:09+00:00\" \/>\n<meta property=\"og:image\" content=\"https:\/\/dhg1h5j42swfq.cloudfront.net\/2016\/06\/02125938\/TCE-SC-300x159.jpg\" \/>\n<meta name=\"author\" content=\"Equipe AFO e Direito Financeiro Estrat\u00e9gia Concursos\" \/>\n<meta name=\"twitter:card\" content=\"summary_large_image\" \/>\n<meta name=\"twitter:creator\" content=\"@EstratConcursos\" \/>\n<meta name=\"twitter:site\" content=\"@EstratConcursos\" \/>\n<meta name=\"twitter:label1\" content=\"Escrito por\" \/>\n\t<meta name=\"twitter:data1\" content=\"Equipe AFO e Direito Financeiro Estrat\u00e9gia Concursos\" \/>\n\t<meta name=\"twitter:label2\" content=\"Est. tempo de leitura\" \/>\n\t<meta name=\"twitter:data2\" content=\"9 minutos\" \/>\n<script type=\"application\/ld+json\" class=\"yoast-schema-graph\">{\"@context\":\"https:\/\/schema.org\",\"@graph\":[{\"@type\":\"NewsArticle\",\"@id\":\"https:\/\/www.estrategiaconcursos.com.br\/blog\/prova-comentada-tcesc-afo-direito\/#article\",\"isPartOf\":{\"@id\":\"https:\/\/www.estrategiaconcursos.com.br\/blog\/prova-comentada-tcesc-afo-direito\/\"},\"author\":{\"name\":\"Equipe AFO e Direito Financeiro Estrat\u00e9gia Concursos\",\"@id\":\"https:\/\/www.estrategiaconcursos.com.br\/blog\/#\/schema\/person\/77a2892ad782f0107fe53568a4b21468\"},\"headline\":\"Prova comentada TCE\/SC &#8211; AFO &#8211; Direito\",\"datePublished\":\"2016-06-02T17:49:26+00:00\",\"dateModified\":\"2016-06-02T21:10:09+00:00\",\"mainEntityOfPage\":{\"@id\":\"https:\/\/www.estrategiaconcursos.com.br\/blog\/prova-comentada-tcesc-afo-direito\/\"},\"wordCount\":1827,\"commentCount\":9,\"publisher\":{\"@id\":\"https:\/\/www.estrategiaconcursos.com.br\/blog\/#organization\"},\"image\":{\"@id\":\"https:\/\/www.estrategiaconcursos.com.br\/blog\/prova-comentada-tcesc-afo-direito\/#primaryimage\"},\"thumbnailUrl\":\"https:\/\/dhg1h5j42swfq.cloudfront.net\/2016\/06\/02125938\/TCE-SC-300x159.jpg\",\"keywords\":[\"AFO\",\"Estrat\u00e9gia Concuros\",\"prova comentada\",\"sergio mendes\",\"tce\/sc\",\"Vin\u00edcius Nascimento\"],\"articleSection\":[\"Concursos P\u00fablicos\"],\"inLanguage\":\"pt-BR\",\"potentialAction\":[{\"@type\":\"CommentAction\",\"name\":\"Comment\",\"target\":[\"https:\/\/www.estrategiaconcursos.com.br\/blog\/prova-comentada-tcesc-afo-direito\/#respond\"]}],\"copyrightYear\":\"2016\",\"copyrightHolder\":{\"@id\":\"https:\/\/www.estrategiaconcursos.com.br\/blog\/#organization\"}},{\"@type\":\"WebPage\",\"@id\":\"https:\/\/www.estrategiaconcursos.com.br\/blog\/prova-comentada-tcesc-afo-direito\/\",\"url\":\"https:\/\/www.estrategiaconcursos.com.br\/blog\/prova-comentada-tcesc-afo-direito\/\",\"name\":\"Prova comentada TCE\/SC - AFO - Direito\",\"isPartOf\":{\"@id\":\"https:\/\/www.estrategiaconcursos.com.br\/blog\/#website\"},\"primaryImageOfPage\":{\"@id\":\"https:\/\/www.estrategiaconcursos.com.br\/blog\/prova-comentada-tcesc-afo-direito\/#primaryimage\"},\"image\":{\"@id\":\"https:\/\/www.estrategiaconcursos.com.br\/blog\/prova-comentada-tcesc-afo-direito\/#primaryimage\"},\"thumbnailUrl\":\"https:\/\/dhg1h5j42swfq.cloudfront.net\/2016\/06\/02125938\/TCE-SC-300x159.jpg\",\"datePublished\":\"2016-06-02T17:49:26+00:00\",\"dateModified\":\"2016-06-02T21:10:09+00:00\",\"breadcrumb\":{\"@id\":\"https:\/\/www.estrategiaconcursos.com.br\/blog\/prova-comentada-tcesc-afo-direito\/#breadcrumb\"},\"inLanguage\":\"pt-BR\",\"potentialAction\":[{\"@type\":\"ReadAction\",\"target\":[\"https:\/\/www.estrategiaconcursos.com.br\/blog\/prova-comentada-tcesc-afo-direito\/\"]}]},{\"@type\":\"ImageObject\",\"inLanguage\":\"pt-BR\",\"@id\":\"https:\/\/www.estrategiaconcursos.com.br\/blog\/prova-comentada-tcesc-afo-direito\/#primaryimage\",\"url\":\"https:\/\/dhg1h5j42swfq.cloudfront.net\/2016\/06\/02125938\/TCE-SC-300x159.jpg\",\"contentUrl\":\"https:\/\/dhg1h5j42swfq.cloudfront.net\/2016\/06\/02125938\/TCE-SC-300x159.jpg\"},{\"@type\":\"BreadcrumbList\",\"@id\":\"https:\/\/www.estrategiaconcursos.com.br\/blog\/prova-comentada-tcesc-afo-direito\/#breadcrumb\",\"itemListElement\":[{\"@type\":\"ListItem\",\"position\":1,\"name\":\"In\u00edcio\",\"item\":\"https:\/\/www.estrategiaconcursos.com.br\/blog\/\"},{\"@type\":\"ListItem\",\"position\":2,\"name\":\"Prova comentada TCE\/SC &#8211; AFO &#8211; Direito\"}]},{\"@type\":\"WebSite\",\"@id\":\"https:\/\/www.estrategiaconcursos.com.br\/blog\/#website\",\"url\":\"https:\/\/www.estrategiaconcursos.com.br\/blog\/\",\"name\":\"Estrat\u00e9gia Concursos\",\"description\":\"O blog da Estrat\u00e9gia Concursos traz not\u00edcias sobre concursos e artigos de professores oferecendo cursos para concursos (pdf + videaulas) no site.\",\"publisher\":{\"@id\":\"https:\/\/www.estrategiaconcursos.com.br\/blog\/#organization\"},\"potentialAction\":[{\"@type\":\"SearchAction\",\"target\":{\"@type\":\"EntryPoint\",\"urlTemplate\":\"https:\/\/www.estrategiaconcursos.com.br\/blog\/?s={search_term_string}\"},\"query-input\":{\"@type\":\"PropertyValueSpecification\",\"valueRequired\":true,\"valueName\":\"search_term_string\"}}],\"inLanguage\":\"pt-BR\"},{\"@type\":\"Organization\",\"@id\":\"https:\/\/www.estrategiaconcursos.com.br\/blog\/#organization\",\"name\":\"Estrat\u00e9gia Concursos\",\"url\":\"https:\/\/www.estrategiaconcursos.com.br\/blog\/\",\"logo\":{\"@type\":\"ImageObject\",\"inLanguage\":\"pt-BR\",\"@id\":\"https:\/\/www.estrategiaconcursos.com.br\/blog\/#\/schema\/logo\/image\/\",\"url\":\"https:\/\/dhg1h5j42swfq.cloudfront.net\/2025\/06\/03203428\/logo_concursos-1.jpg\",\"contentUrl\":\"https:\/\/dhg1h5j42swfq.cloudfront.net\/2025\/06\/03203428\/logo_concursos-1.jpg\",\"width\":230,\"height\":60,\"caption\":\"Estrat\u00e9gia Concursos\"},\"image\":{\"@id\":\"https:\/\/www.estrategiaconcursos.com.br\/blog\/#\/schema\/logo\/image\/\"},\"sameAs\":[\"https:\/\/x.com\/EstratConcursos\"]},{\"@type\":\"Person\",\"@id\":\"https:\/\/www.estrategiaconcursos.com.br\/blog\/#\/schema\/person\/77a2892ad782f0107fe53568a4b21468\",\"name\":\"Equipe AFO e Direito Financeiro Estrat\u00e9gia Concursos\",\"image\":{\"@type\":\"ImageObject\",\"inLanguage\":\"pt-BR\",\"@id\":\"https:\/\/secure.gravatar.com\/avatar\/d41138c46db8615c04f3f4bacb65c20fd12675ce069a35a91c19fb13ad0747b7?s=96&d=mm&r=g\",\"url\":\"https:\/\/secure.gravatar.com\/avatar\/d41138c46db8615c04f3f4bacb65c20fd12675ce069a35a91c19fb13ad0747b7?s=96&d=mm&r=g\",\"contentUrl\":\"https:\/\/secure.gravatar.com\/avatar\/d41138c46db8615c04f3f4bacb65c20fd12675ce069a35a91c19fb13ad0747b7?s=96&d=mm&r=g\",\"caption\":\"Equipe AFO e Direito Financeiro Estrat\u00e9gia Concursos\"},\"url\":\"https:\/\/www.estrategiaconcursos.com.br\/blog\/author\/vinicius_nascimento1987hotmail-com\/\"}]}<\/script>\n<!-- \/ Yoast SEO Premium plugin. -->","yoast_head_json":{"title":"Prova comentada TCE\/SC - AFO - Direito","robots":{"index":"index","follow":"follow","max-snippet":"max-snippet:-1","max-image-preview":"max-image-preview:large","max-video-preview":"max-video-preview:-1"},"canonical":"https:\/\/www.estrategiaconcursos.com.br\/blog\/prova-comentada-tcesc-afo-direito\/","og_locale":"pt_BR","og_type":"article","og_title":"Prova comentada TCE\/SC - AFO - Direito","og_description":"Ol\u00e1 audazes concurseiros e concurseiras, tudo bem? Hoje estou aqui para trazer para voc\u00eas a prova comentada do TCE\/SC, especificamente para a \u00e1rea de Direito! Vamos ao trabalho? 43 O grupo de destina\u00e7\u00e3o de recursos divide a receita p\u00fablica entre os recursos origin\u00e1rios do Tesouro Nacional e os origin\u00e1rios de outras fontes, fornecendo tamb\u00e9m a [&hellip;]","og_url":"https:\/\/www.estrategiaconcursos.com.br\/blog\/prova-comentada-tcesc-afo-direito\/","og_site_name":"Estrat\u00e9gia Concursos","article_published_time":"2016-06-02T17:49:26+00:00","article_modified_time":"2016-06-02T21:10:09+00:00","og_image":[{"url":"https:\/\/dhg1h5j42swfq.cloudfront.net\/2016\/06\/02125938\/TCE-SC-300x159.jpg","type":"","width":"","height":""}],"author":"Equipe AFO e Direito Financeiro Estrat\u00e9gia Concursos","twitter_card":"summary_large_image","twitter_creator":"@EstratConcursos","twitter_site":"@EstratConcursos","twitter_misc":{"Escrito por":"Equipe AFO e Direito Financeiro Estrat\u00e9gia Concursos","Est. tempo de leitura":"9 minutos"},"schema":{"@context":"https:\/\/schema.org","@graph":[{"@type":"NewsArticle","@id":"https:\/\/www.estrategiaconcursos.com.br\/blog\/prova-comentada-tcesc-afo-direito\/#article","isPartOf":{"@id":"https:\/\/www.estrategiaconcursos.com.br\/blog\/prova-comentada-tcesc-afo-direito\/"},"author":{"name":"Equipe AFO e Direito Financeiro Estrat\u00e9gia Concursos","@id":"https:\/\/www.estrategiaconcursos.com.br\/blog\/#\/schema\/person\/77a2892ad782f0107fe53568a4b21468"},"headline":"Prova comentada TCE\/SC &#8211; AFO &#8211; Direito","datePublished":"2016-06-02T17:49:26+00:00","dateModified":"2016-06-02T21:10:09+00:00","mainEntityOfPage":{"@id":"https:\/\/www.estrategiaconcursos.com.br\/blog\/prova-comentada-tcesc-afo-direito\/"},"wordCount":1827,"commentCount":9,"publisher":{"@id":"https:\/\/www.estrategiaconcursos.com.br\/blog\/#organization"},"image":{"@id":"https:\/\/www.estrategiaconcursos.com.br\/blog\/prova-comentada-tcesc-afo-direito\/#primaryimage"},"thumbnailUrl":"https:\/\/dhg1h5j42swfq.cloudfront.net\/2016\/06\/02125938\/TCE-SC-300x159.jpg","keywords":["AFO","Estrat\u00e9gia Concuros","prova comentada","sergio mendes","tce\/sc","Vin\u00edcius Nascimento"],"articleSection":["Concursos P\u00fablicos"],"inLanguage":"pt-BR","potentialAction":[{"@type":"CommentAction","name":"Comment","target":["https:\/\/www.estrategiaconcursos.com.br\/blog\/prova-comentada-tcesc-afo-direito\/#respond"]}],"copyrightYear":"2016","copyrightHolder":{"@id":"https:\/\/www.estrategiaconcursos.com.br\/blog\/#organization"}},{"@type":"WebPage","@id":"https:\/\/www.estrategiaconcursos.com.br\/blog\/prova-comentada-tcesc-afo-direito\/","url":"https:\/\/www.estrategiaconcursos.com.br\/blog\/prova-comentada-tcesc-afo-direito\/","name":"Prova comentada TCE\/SC - AFO - Direito","isPartOf":{"@id":"https:\/\/www.estrategiaconcursos.com.br\/blog\/#website"},"primaryImageOfPage":{"@id":"https:\/\/www.estrategiaconcursos.com.br\/blog\/prova-comentada-tcesc-afo-direito\/#primaryimage"},"image":{"@id":"https:\/\/www.estrategiaconcursos.com.br\/blog\/prova-comentada-tcesc-afo-direito\/#primaryimage"},"thumbnailUrl":"https:\/\/dhg1h5j42swfq.cloudfront.net\/2016\/06\/02125938\/TCE-SC-300x159.jpg","datePublished":"2016-06-02T17:49:26+00:00","dateModified":"2016-06-02T21:10:09+00:00","breadcrumb":{"@id":"https:\/\/www.estrategiaconcursos.com.br\/blog\/prova-comentada-tcesc-afo-direito\/#breadcrumb"},"inLanguage":"pt-BR","potentialAction":[{"@type":"ReadAction","target":["https:\/\/www.estrategiaconcursos.com.br\/blog\/prova-comentada-tcesc-afo-direito\/"]}]},{"@type":"ImageObject","inLanguage":"pt-BR","@id":"https:\/\/www.estrategiaconcursos.com.br\/blog\/prova-comentada-tcesc-afo-direito\/#primaryimage","url":"https:\/\/dhg1h5j42swfq.cloudfront.net\/2016\/06\/02125938\/TCE-SC-300x159.jpg","contentUrl":"https:\/\/dhg1h5j42swfq.cloudfront.net\/2016\/06\/02125938\/TCE-SC-300x159.jpg"},{"@type":"BreadcrumbList","@id":"https:\/\/www.estrategiaconcursos.com.br\/blog\/prova-comentada-tcesc-afo-direito\/#breadcrumb","itemListElement":[{"@type":"ListItem","position":1,"name":"In\u00edcio","item":"https:\/\/www.estrategiaconcursos.com.br\/blog\/"},{"@type":"ListItem","position":2,"name":"Prova comentada TCE\/SC &#8211; AFO &#8211; Direito"}]},{"@type":"WebSite","@id":"https:\/\/www.estrategiaconcursos.com.br\/blog\/#website","url":"https:\/\/www.estrategiaconcursos.com.br\/blog\/","name":"Estrat\u00e9gia Concursos","description":"O blog da Estrat\u00e9gia Concursos traz not\u00edcias sobre concursos e artigos de professores oferecendo cursos para concursos (pdf + videaulas) no site.","publisher":{"@id":"https:\/\/www.estrategiaconcursos.com.br\/blog\/#organization"},"potentialAction":[{"@type":"SearchAction","target":{"@type":"EntryPoint","urlTemplate":"https:\/\/www.estrategiaconcursos.com.br\/blog\/?s={search_term_string}"},"query-input":{"@type":"PropertyValueSpecification","valueRequired":true,"valueName":"search_term_string"}}],"inLanguage":"pt-BR"},{"@type":"Organization","@id":"https:\/\/www.estrategiaconcursos.com.br\/blog\/#organization","name":"Estrat\u00e9gia Concursos","url":"https:\/\/www.estrategiaconcursos.com.br\/blog\/","logo":{"@type":"ImageObject","inLanguage":"pt-BR","@id":"https:\/\/www.estrategiaconcursos.com.br\/blog\/#\/schema\/logo\/image\/","url":"https:\/\/dhg1h5j42swfq.cloudfront.net\/2025\/06\/03203428\/logo_concursos-1.jpg","contentUrl":"https:\/\/dhg1h5j42swfq.cloudfront.net\/2025\/06\/03203428\/logo_concursos-1.jpg","width":230,"height":60,"caption":"Estrat\u00e9gia Concursos"},"image":{"@id":"https:\/\/www.estrategiaconcursos.com.br\/blog\/#\/schema\/logo\/image\/"},"sameAs":["https:\/\/x.com\/EstratConcursos"]},{"@type":"Person","@id":"https:\/\/www.estrategiaconcursos.com.br\/blog\/#\/schema\/person\/77a2892ad782f0107fe53568a4b21468","name":"Equipe AFO e Direito Financeiro Estrat\u00e9gia Concursos","image":{"@type":"ImageObject","inLanguage":"pt-BR","@id":"https:\/\/secure.gravatar.com\/avatar\/d41138c46db8615c04f3f4bacb65c20fd12675ce069a35a91c19fb13ad0747b7?s=96&d=mm&r=g","url":"https:\/\/secure.gravatar.com\/avatar\/d41138c46db8615c04f3f4bacb65c20fd12675ce069a35a91c19fb13ad0747b7?s=96&d=mm&r=g","contentUrl":"https:\/\/secure.gravatar.com\/avatar\/d41138c46db8615c04f3f4bacb65c20fd12675ce069a35a91c19fb13ad0747b7?s=96&d=mm&r=g","caption":"Equipe AFO e Direito Financeiro Estrat\u00e9gia Concursos"},"url":"https:\/\/www.estrategiaconcursos.com.br\/blog\/author\/vinicius_nascimento1987hotmail-com\/"}]}},"_links":{"self":[{"href":"https:\/\/www.estrategiaconcursos.com.br\/blog\/wp-json\/wp\/v2\/posts\/40554","targetHints":{"allow":["GET"]}}],"collection":[{"href":"https:\/\/www.estrategiaconcursos.com.br\/blog\/wp-json\/wp\/v2\/posts"}],"about":[{"href":"https:\/\/www.estrategiaconcursos.com.br\/blog\/wp-json\/wp\/v2\/types\/post"}],"author":[{"embeddable":true,"href":"https:\/\/www.estrategiaconcursos.com.br\/blog\/wp-json\/wp\/v2\/users\/212"}],"replies":[{"embeddable":true,"href":"https:\/\/www.estrategiaconcursos.com.br\/blog\/wp-json\/wp\/v2\/comments?post=40554"}],"version-history":[{"count":13,"href":"https:\/\/www.estrategiaconcursos.com.br\/blog\/wp-json\/wp\/v2\/posts\/40554\/revisions"}],"predecessor-version":[{"id":40598,"href":"https:\/\/www.estrategiaconcursos.com.br\/blog\/wp-json\/wp\/v2\/posts\/40554\/revisions\/40598"}],"wp:attachment":[{"href":"https:\/\/www.estrategiaconcursos.com.br\/blog\/wp-json\/wp\/v2\/media?parent=40554"}],"wp:term":[{"taxonomy":"category","embeddable":true,"href":"https:\/\/www.estrategiaconcursos.com.br\/blog\/wp-json\/wp\/v2\/categories?post=40554"},{"taxonomy":"post_tag","embeddable":true,"href":"https:\/\/www.estrategiaconcursos.com.br\/blog\/wp-json\/wp\/v2\/tags?post=40554"},{"taxonomy":"tax_estado","embeddable":true,"href":"https:\/\/www.estrategiaconcursos.com.br\/blog\/wp-json\/wp\/v2\/tax_estado?post=40554"}],"curies":[{"name":"wp","href":"https:\/\/api.w.org\/{rel}","templated":true}]}}