{"id":405219,"date":"2019-08-05T08:00:26","date_gmt":"2019-08-05T11:00:26","guid":{"rendered":"https:\/\/www.estrategiaconcursos.com.br\/blog\/?p=405219"},"modified":"2019-08-02T16:18:55","modified_gmt":"2019-08-02T19:18:55","slug":"concursos-abertos-05-08-19","status":"publish","type":"post","link":"https:\/\/www.estrategiaconcursos.com.br\/blog\/concursos-abertos-05-08-19\/","title":{"rendered":"Concursos Abertos: chuva de editais na primeira semana de agosto"},"content":{"rendered":"\n<p>Entre a \u00faltima semana de julho e a primeira de agosto, v\u00e1rios editais de concursos p\u00fablicos foram publicados. As prefeituras continuam sendo destaque, mas grandes concursos tamb\u00e9m foram publicados, como do<strong> Tribunal de Justi\u00e7a do Maranh\u00e3o <\/strong>e da <strong>C\u00e2mara Municipal de Fortaleza<\/strong>.<\/p>\n\n\n\n<p>Juntos, os 15 editais somam 3.709 vagas distribu\u00eddas entre todas as escolaridades. Ao longo deste artigo voc\u00ea confere um resumo dos novos concursos e ao final, os links com mais detalhes.<\/p>\n\n\n\n<h2 class=\"wp-block-heading\">Prefeitura de Araruama (RJ)<\/h2>\n\n\n\n<p>O edital da Prefeitura de Araruama, no Rio de Janeiro, oferta <strong><em>1.818 vagas<\/em> <\/strong>mais cadastro de reserva para todas as escolaridades. A organiza\u00e7\u00e3o do certame ficou por conta do Instituto Nacional de Concurso P\u00fablico, o INCP. Provas em setembro e outubro.<\/p>\n\n\n\n<p style=\"text-align:center\" class=\"has-background has-very-light-gray-background-color\"><strong>Mais informa\u00e7\u00f5es &#8211; <a href=\"https:\/\/www.estrategiaconcursos.com.br\/blog\/prefeitura-de-araruama-rj\/\" target=\"_blank\" rel=\"noreferrer noopener\" aria-label=\"Concurso Prefeitura de Araruama (abre numa nova aba)\">Concurso Prefeitura de Araruama<\/a><\/strong><\/p>\n\n\n\n<h2 class=\"wp-block-heading\">Prefeitura de Boa Vista (RR)<\/h2>\n\n\n\n<p>O concurso p\u00fablico da Prefeitura de Boa Vista, capital de Roraima, oferta <strong><em>314 vagas<\/em><\/strong> para cargos de n\u00edvel fundamental, m\u00e9dio e superior. A organiza\u00e7\u00e3o ficou por conta da empresa Selecon. Provas em setembro.<\/p>\n\n\n\n<p style=\"text-align:center\" class=\"has-background has-very-light-gray-background-color\"><strong>Mais informa\u00e7\u00f5es &#8211; <a href=\"https:\/\/www.estrategiaconcursos.com.br\/blog\/concurso-prefeitura-boa-vista\/\" target=\"_blank\" rel=\"noreferrer noopener\" aria-label=\"Concurso Prefeitura de Boa Vista (abre numa nova aba)\">Concurso Prefeitura de Boa Vista<\/a><\/strong><\/p>\n\n\n\n<h2 class=\"wp-block-heading\">Prefeitura de Cristalina (GO)<\/h2>\n\n\n\n<p>Sob organiza\u00e7\u00e3o do Instituto Quadrix, o edital do concurso da Prefeitura de Cristalina oferta <em><strong>810 vagas<\/strong><\/em> mais cadastro de reserva. O mesmo edital tamb\u00e9m traz um Processo Seletivo para Agente Comunit\u00e1rio de Sa\u00fade, Agente de Combate \u00e0s endemias e Assistente Social.<\/p>\n\n\n\n<p style=\"text-align:center\" class=\"has-background has-very-light-gray-background-color\"><strong>Mais informa\u00e7\u00f5es &#8211; <a href=\"https:\/\/www.estrategiaconcursos.com.br\/blog\/concurso-prefeitura-cristalina-go\/\" target=\"_blank\" rel=\"noreferrer noopener\" aria-label=\"Concurso Prefeitura de Cristalina (abre numa nova aba)\">Concurso Prefeitura de Cristalina<\/a><\/strong><\/p>\n\n\n\n<h2 class=\"wp-block-heading\">Prefeitura de Queimados (RJ)<\/h2>\n\n\n\n<p>O concurso p\u00fablico da Prefeitura de Queimados traz <em><strong>64 vagas<\/strong><\/em>, sendo 14 vagas para n\u00edvel superior&nbsp;e&nbsp;50 para n\u00edvel m\u00e9dio. A organiza\u00e7\u00e3o ficou por conta do CEPUERJ. Provas em setembro e outubro. <\/p>\n\n\n\n<p style=\"text-align:center\" class=\"has-background has-very-light-gray-background-color\"><strong>Mais informa\u00e7\u00f5es &#8211; <a href=\"https:\/\/www.estrategiaconcursos.com.br\/blog\/concurso-prefeitura-de-queimados-rj\/\" target=\"_blank\" rel=\"noreferrer noopener\" aria-label=\"Concurso Prefeitura de Queimados (abre numa nova aba)\">Concurso Prefeitura de Queimados<\/a><\/strong><\/p>\n\n\n\n<h2 class=\"wp-block-heading\">Prefeitura Rio Preto e ISS Rio Preto (SP)<\/h2>\n\n\n\n<p>O concurso da Prefeitura de Rio Preto traz vagas para diversos cargos em todas as escolaridades. Juntos, os editais ofertam <strong><em>mais de 450 vagas<\/em><\/strong>. Para o concurso ISS Rio Preto, s\u00e3o 10 vagas para Auditor Fiscal Tribut\u00e1rio Municipal (AFTM). <\/p>\n\n\n\n<p style=\"text-align:center\" class=\"has-background has-very-light-gray-background-color\"><strong>Mais informa\u00e7\u00f5es &#8211; <a href=\"https:\/\/www.estrategiaconcursos.com.br\/blog\/concurso-rio-preto\/\" target=\"_blank\" rel=\"noreferrer noopener\" aria-label=\"Concurso Prefeitura Rio Preto (abre numa nova aba)\">Concurso Prefeitura Rio Preto<\/a> e <a rel=\"noreferrer noopener\" aria-label=\"Concurso ISS Rio Preto (abre numa nova aba)\" href=\"https:\/\/www.estrategiaconcursos.com.br\/blog\/concurso-iss-rio-preto\/\" target=\"_blank\">Concurso ISS Rio Preto<\/a><\/strong><\/p>\n\n\n\n<h2 class=\"wp-block-heading\">Prefeitura de S\u00e3o Jos\u00e9 e ISS S\u00e3o Jos\u00e9 (SC)<\/h2>\n\n\n\n<p>A Prefeitura de S\u00e3o Jos\u00e9 publicou edital com <strong><em>13 vagas<\/em><\/strong> de n\u00edvel m\u00e9dio e superior para os cargos de Agente, Analista, Arquiteto, Engenheiro, Ge\u00f3logo, Procurador e T\u00e9cnico.<\/p>\n\n\n\n<p style=\"text-align:center\" class=\"has-background has-very-light-gray-background-color\"><strong>Mais informa\u00e7\u00f5es &#8211; <a href=\"https:\/\/www.estrategiaconcursos.com.br\/blog\/concurso-prefeitura-de-sao-jose-sc\/\" target=\"_blank\" rel=\"noreferrer noopener\" aria-label=\"Concurso Prefeitura S\u00e3o Jos\u00e9 (abre numa nova aba)\">Concurso Prefeitura S\u00e3o Jos\u00e9<\/a> e <a rel=\"noreferrer noopener\" aria-label=\"Concurso ISS S\u00e3o Jos\u00e9 (abre numa nova aba)\" href=\"https:\/\/www.estrategiaconcursos.com.br\/blog\/concurso-iss-sao-jose-sc\/\" target=\"_blank\">Concurso ISS S\u00e3o Jos\u00e9<\/a> <\/strong><\/p>\n\n\n\n<h2 class=\"wp-block-heading\">C\u00e2mara de Fortaleza (CE)<\/h2>\n\n\n\n<p>O edital do concurso p\u00fablico da C\u00e2mara Municipal de Fortaleza oferta<em><strong> 31 vagas <\/strong><\/em>para cargos de n\u00edvel m\u00e9dio e superior, com remunera\u00e7\u00f5es de R$ 2.6788,31 a R$ 4.182,48. Provas em outubro.<\/p>\n\n\n\n<p style=\"text-align:center\" class=\"has-background has-very-light-gray-background-color\"><strong>Mais informa\u00e7\u00f5es &#8211; <a href=\"https:\/\/www.estrategiaconcursos.com.br\/blog\/concurso-camara-municipal-de-fortaleza\/\" target=\"_blank\" rel=\"noreferrer noopener\" aria-label=\"Concurso C\u00e2mara de Fortaleza (abre numa nova aba)\">Concurso C\u00e2mara de Fortaleza<\/a><\/strong><\/p>\n\n\n\n<h2 class=\"wp-block-heading\">C\u00e2mara de S\u00e3o Roque (SP)<\/h2>\n\n\n\n<p>O concurso da C\u00e2mara Municipal de S\u00e3o Roque oferta ao todo <strong><em>12 vagas<\/em><\/strong> para os cargos de Agente de Opera\u00e7\u00f5es, Assistente de Comiss\u00f5es, Oficial Legislativo, Assistente de Licita\u00e7\u00f5es, Compras e Contratos e Procurador Jur\u00eddico.<\/p>\n\n\n\n<p style=\"text-align:center\" class=\"has-background has-very-light-gray-background-color\"><strong>Mais informa\u00e7\u00f5es &#8211; <a href=\"https:\/\/www.estrategiaconcursos.com.br\/blog\/concurso-camara-de-sao-roque\/\" target=\"_blank\" rel=\"noreferrer noopener\" aria-label=\"Concurso C\u00e2mara de S\u00e3o Roque (abre numa nova aba)\">Concurso C\u00e2mara de S\u00e3o Roque<\/a><\/strong><\/p>\n\n\n\n<h2 class=\"wp-block-heading\">Coren MT<\/h2>\n\n\n\n<p>O edital do concurso do Conselho Regional de Enfermagem do Mato Grosso oferta ao todo<strong>\u00a0<em>21 vagas<\/em><\/strong>\u00a0distribu\u00eddas entre os cargos de\u00a0Assistente de Administra\u00e7\u00e3o, T\u00e9cnico em Secretariado, Enfermagem Fiscal e para Administrador.<\/p>\n\n\n\n<p style=\"text-align:center\" class=\"has-background has-very-light-gray-background-color\"><strong>Mais informa\u00e7\u00f5es &#8211; <a href=\"https:\/\/www.estrategiaconcursos.com.br\/blog\/concurso-coren-mt\/\" target=\"_blank\" rel=\"noreferrer noopener\" aria-label=\"Concurso Coren MT (abre numa nova aba)\">Concurso Coren MT<\/a><\/strong><\/p>\n\n\n\n<h2 class=\"wp-block-heading\">CRB BA<\/h2>\n\n\n\n<p>O concurso p\u00fablico do Conselho Regional de Biblioteconomia 5\u00aa Regi\u00e3o (Bahia) oferta <strong><em>20 vagas <\/em><\/strong>para o cargo de Bibliotec\u00e1rio-Fiscal, cargo que exige n\u00edvel superior. Provas em outubro.<\/p>\n\n\n\n<p style=\"text-align:center\" class=\"has-background has-very-light-gray-background-color\"><strong>Mais informa\u00e7\u00f5es &#8211; <a href=\"https:\/\/www.estrategiaconcursos.com.br\/blog\/concurso-crb-ba\/\" target=\"_blank\" rel=\"noreferrer noopener\" aria-label=\"Concurso CRB BA (abre numa nova aba)\">Concurso CRB BA<\/a><\/strong><\/p>\n\n\n\n<h2 class=\"wp-block-heading\">CRB6 (MG\/ES)<\/h2>\n\n\n\n<p>O Conselho Regional de Biblioteconomia da 6\u00aa regi\u00e3o, que abrange os estados de Minas Gerais e Esp\u00edrito Santo abriu concurso com <em><strong>2 vagas <\/strong><\/em>imediatas mais<strong><em> 58 para cadastro de reserva <\/em><\/strong>para os cargos de Auxiliar Administrativo e Bibliotec\u00e1rio Fiscal . <\/p>\n\n\n\n<p style=\"text-align:center\" class=\"has-background has-very-light-gray-background-color\"><strong>Mais informa\u00e7\u00f5es &#8211; <a href=\"https:\/\/www.estrategiaconcursos.com.br\/blog\/concurso-crb-6\/\" target=\"_blank\" rel=\"noreferrer noopener\" aria-label=\"Concurso CRB6 (abre numa nova aba)\">Concurso CRB6<\/a><\/strong><\/p>\n\n\n\n<h2 class=\"wp-block-heading\">IME CFrm<\/h2>\n\n\n\n<p>O certame do Comando do Ex\u00e9rcito para Engenheiros&nbsp;visa preencher <strong><em>10 vagas<\/em><\/strong>, sendo 3 vagas para a \u00e1rea de Engenharia de Computa\u00e7\u00e3o, 3 vagas para a \u00e1rea de Engenharia El\u00e9trica, 1 para a \u00e1rea de Engenharia de Produ\u00e7\u00e3o e 3 para a Engenharia de Fortifica\u00e7\u00e3o e Constru\u00e7\u00e3o (Engenharia Civil). <\/p>\n\n\n\n<p style=\"text-align:center\" class=\"has-background has-very-light-gray-background-color\"><strong>Mais informa\u00e7\u00f5es &#8211; <a href=\"https:\/\/www.estrategiaconcursos.com.br\/blog\/concurso-ime-cfrm\/\" target=\"_blank\" rel=\"noreferrer noopener\" aria-label=\"Concurso IME CFrm (abre numa nova aba)\">Concurso IME CFrm<\/a><\/strong><\/p>\n\n\n\n<h2 class=\"wp-block-heading\">FOZTRANS PR<\/h2>\n\n\n\n<p>O edital do concurso p\u00fablico do Instituto de Transportes e Tr\u00e2nsito de Foz do Igua\u00e7u-Paran\u00e1 oferta<em>&nbsp;<\/em><strong><em>12 vagas <\/em><\/strong>imediatas&nbsp;e forma\u00e7\u00e3o de cadastro reserva. Os interessados no concurso FozTrans precisam possuir&nbsp;n\u00edvel m\u00e9dio e\/ou superior. <\/p>\n\n\n\n<p style=\"text-align:center\" class=\"has-background has-very-light-gray-background-color\"><strong>Mais informa\u00e7\u00f5es &#8211; <a href=\"https:\/\/www.estrategiaconcursos.com.br\/blog\/concurso-foztrans-pr\/\" target=\"_blank\" rel=\"noreferrer noopener\" aria-label=\"Concurso FOZTRANS PR (abre numa nova aba)\">Concurso FOZTRANS PR<\/a><\/strong><\/p>\n\n\n\n<h2 class=\"wp-block-heading\">CORE RJ<\/h2>\n\n\n\n<p>O edital do&nbsp;Conselho Regional dos Representantes Comerciais&nbsp;do Rio de Janeiro oferta <strong><em>9 vagas<\/em><\/strong> para cadastro de reserva para os cargos de n\u00edveis fundamental, m\u00e9dio e superior.&nbsp;A banca examinadora que organiza o concurso \u00e9 a&nbsp;D\u00e9dalus Concurso. <\/p>\n\n\n\n<p style=\"text-align:center\" class=\"has-background has-very-light-gray-background-color\"><strong>Mais informa\u00e7\u00f5es &#8211; <a href=\"https:\/\/www.estrategiaconcursos.com.br\/blog\/concurso-core-rj\/\" target=\"_blank\" rel=\"noreferrer noopener\" aria-label=\"Concurso Core RJ (abre numa nova aba)\">Concurso Core RJ<\/a><\/strong><\/p>\n\n\n\n<h2 class=\"wp-block-heading\">TJ MA<\/h2>\n\n\n\n<p>O&nbsp;Tribunal de Justi\u00e7a do Maranh\u00e3o&nbsp;publicou o esperado edital do concurso para o quadro de servidores. S\u00e3o<em>&nbsp;<\/em><strong><em>63 vagas<\/em><\/strong>, distribu\u00eddas entre os cargos de Analista Judici\u00e1rio, Oficial de Justi\u00e7a e T\u00e9cnico Judici\u00e1rio.<\/p>\n\n\n\n<p style=\"text-align:center\" class=\"has-background has-very-light-gray-background-color\"><strong>Mais informa\u00e7\u00f5es &#8211; <a rel=\"noreferrer noopener\" aria-label=\"Concurso TJ MA (abre numa nova aba)\" href=\"https:\/\/www.estrategiaconcursos.com.br\/blog\/concurso-tj-ma\/\" target=\"_blank\">Concurso TJ MA<\/a><\/strong><\/p>\n\n\n\n<p><\/p>\n\n\n\n<p style=\"text-align:center\" class=\"has-background has-medium-font-size has-pale-cyan-blue-background-color\"><strong><a href=\"https:\/\/www.estrategiaconcursos.com.br\/blog\/concursos-abertos\/\">CONCURSOS ABERTOS<\/a><\/strong><\/p>\n\n\n\n<p style=\"text-align:center\" class=\"has-background has-medium-font-size has-pale-cyan-blue-background-color\"><a href=\"https:\/\/www.estrategiaconcursos.com.br\/blog\/concursos-2019\/\"><strong>CONCURSOS 2019<\/strong><\/a><\/p>\n\n\n\n<p style=\"text-align:center\" class=\"has-background has-medium-font-size has-pale-cyan-blue-background-color\"><a href=\"https:\/\/www.estrategiaconcursos.com.br\/blog\/concursos-2020\/\"><strong>CONCURSOS<\/strong><\/a><strong><a href=\"https:\/\/www.estrategiaconcursos.com.br\/blog\/concursos-2020\/\">&nbsp;2020<\/a><\/strong><\/p>\n\n\n\n<p style=\"text-align:center\"><br \/><em><strong>Assinatura Anual Ilimitada*<\/strong><\/em><\/p>\n\n\n\n<p style=\"text-align:center\"><em>Prepare-se com o melhor material e com quem mais aprova em Concursos P\u00fablicos em todo o pa\u00eds. Assine agora a nossa Assinatura Anual e tenha acesso ilimitado* a todos os nossos cursos.<\/em><\/p>\n\n\n\n<p style=\"text-align:center\" class=\"has-background has-light-green-cyan-background-color\"><strong>ASSINE AGORA<\/strong>&nbsp;\u2013&nbsp;<a rel=\"noreferrer noopener\" href=\"https:\/\/www.estrategiaconcursos.com.br\/assinaturas\" target=\"_blank\"><strong>Assinatura Ilimitada<\/strong><\/a><\/p>\n\n\n\n<p><em>Ascom Estrat\u00e9gia<br \/><\/em>ascomestrategia@gmail.com<\/p>\n","protected":false},"excerpt":{"rendered":"<p>Entre a \u00faltima semana de julho e a primeira de agosto, v\u00e1rios editais de concursos p\u00fablicos foram publicados. As prefeituras continuam sendo destaque, mas grandes concursos tamb\u00e9m foram publicados, como do Tribunal de Justi\u00e7a do Maranh\u00e3o e da C\u00e2mara Municipal de Fortaleza. Juntos, os 15 editais somam 3.709 vagas distribu\u00eddas entre todas as escolaridades. Ao [&hellip;]<\/p>\n","protected":false},"author":188,"featured_media":364742,"comment_status":"open","ping_status":"closed","sticky":false,"template":"","format":"standard","meta":{"post_tipo":"article","footnotes":""},"categories":[1],"tags":[],"tax_estado":[],"class_list":["post-405219","post","type-post","status-publish","format-standard","has-post-thumbnail","hentry","category-cursos-e-concursos"],"acf":[],"yoast_head":"<!-- This site is optimized with the Yoast SEO Premium plugin v27.2 (Yoast SEO v27.2) - https:\/\/yoast.com\/product\/yoast-seo-premium-wordpress\/ -->\n<title>Concursos Abertos: chuva de editais na primeira semana de agosto<\/title>\n<meta name=\"robots\" content=\"index, follow, max-snippet:-1, max-image-preview:large, max-video-preview:-1\" \/>\n<link rel=\"canonical\" href=\"https:\/\/www.estrategiaconcursos.com.br\/blog\/concursos-abertos-05-08-19\/\" \/>\n<meta property=\"og:locale\" content=\"pt_BR\" \/>\n<meta property=\"og:type\" content=\"article\" \/>\n<meta property=\"og:title\" content=\"Concursos Abertos: chuva de editais na primeira semana de agosto\" \/>\n<meta property=\"og:description\" content=\"Entre a \u00faltima semana de julho e a primeira de agosto, v\u00e1rios editais de concursos p\u00fablicos foram publicados. As prefeituras continuam sendo destaque, mas grandes concursos tamb\u00e9m foram publicados, como do Tribunal de Justi\u00e7a do Maranh\u00e3o e da C\u00e2mara Municipal de Fortaleza. Juntos, os 15 editais somam 3.709 vagas distribu\u00eddas entre todas as escolaridades. Ao [&hellip;]\" \/>\n<meta property=\"og:url\" content=\"https:\/\/www.estrategiaconcursos.com.br\/blog\/concursos-abertos-05-08-19\/\" \/>\n<meta property=\"og:site_name\" content=\"Estrat\u00e9gia Concursos\" \/>\n<meta property=\"article:published_time\" content=\"2019-08-05T11:00:26+00:00\" \/>\n<meta property=\"og:image\" content=\"https:\/\/dhg1h5j42swfq.cloudfront.net\/2019\/04\/20085844\/Concursos-abertos2-e1555761535855.jpg\" \/>\n\t<meta property=\"og:image:width\" content=\"400\" \/>\n\t<meta property=\"og:image:height\" content=\"209\" \/>\n\t<meta property=\"og:image:type\" content=\"image\/jpeg\" \/>\n<meta name=\"author\" content=\"Tha\u00eds Mendes (Jornalista)\" \/>\n<meta name=\"twitter:card\" content=\"summary_large_image\" \/>\n<meta name=\"twitter:creator\" content=\"@EstratConcursos\" \/>\n<meta name=\"twitter:site\" content=\"@EstratConcursos\" \/>\n<meta name=\"twitter:label1\" content=\"Escrito por\" \/>\n\t<meta name=\"twitter:data1\" content=\"Tha\u00eds Mendes (Jornalista)\" \/>\n\t<meta name=\"twitter:label2\" content=\"Est. tempo de leitura\" \/>\n\t<meta name=\"twitter:data2\" content=\"5 minutos\" \/>\n<script type=\"application\/ld+json\" class=\"yoast-schema-graph\">{\"@context\":\"https:\/\/schema.org\",\"@graph\":[{\"@type\":\"NewsArticle\",\"@id\":\"https:\/\/www.estrategiaconcursos.com.br\/blog\/concursos-abertos-05-08-19\/#article\",\"isPartOf\":{\"@id\":\"https:\/\/www.estrategiaconcursos.com.br\/blog\/concursos-abertos-05-08-19\/\"},\"author\":{\"name\":\"Tha\u00eds Mendes (Jornalista)\",\"@id\":\"https:\/\/www.estrategiaconcursos.com.br\/blog\/#\/schema\/person\/b69f846fcb6f09c1b651569e30b6e865\"},\"headline\":\"Concursos Abertos: chuva de editais na primeira semana de agosto\",\"datePublished\":\"2019-08-05T11:00:26+00:00\",\"mainEntityOfPage\":{\"@id\":\"https:\/\/www.estrategiaconcursos.com.br\/blog\/concursos-abertos-05-08-19\/\"},\"wordCount\":920,\"commentCount\":1,\"publisher\":{\"@id\":\"https:\/\/www.estrategiaconcursos.com.br\/blog\/#organization\"},\"image\":{\"@id\":\"https:\/\/www.estrategiaconcursos.com.br\/blog\/concursos-abertos-05-08-19\/#primaryimage\"},\"thumbnailUrl\":\"https:\/\/dhg1h5j42swfq.cloudfront.net\/2019\/04\/20085844\/Concursos-abertos2-e1555761535855.jpg\",\"articleSection\":[\"Concursos P\u00fablicos\"],\"inLanguage\":\"pt-BR\",\"potentialAction\":[{\"@type\":\"CommentAction\",\"name\":\"Comment\",\"target\":[\"https:\/\/www.estrategiaconcursos.com.br\/blog\/concursos-abertos-05-08-19\/#respond\"]}],\"copyrightYear\":\"2019\",\"copyrightHolder\":{\"@id\":\"https:\/\/www.estrategiaconcursos.com.br\/blog\/#organization\"}},{\"@type\":\"WebPage\",\"@id\":\"https:\/\/www.estrategiaconcursos.com.br\/blog\/concursos-abertos-05-08-19\/\",\"url\":\"https:\/\/www.estrategiaconcursos.com.br\/blog\/concursos-abertos-05-08-19\/\",\"name\":\"Concursos Abertos: chuva de editais na primeira semana de agosto\",\"isPartOf\":{\"@id\":\"https:\/\/www.estrategiaconcursos.com.br\/blog\/#website\"},\"primaryImageOfPage\":{\"@id\":\"https:\/\/www.estrategiaconcursos.com.br\/blog\/concursos-abertos-05-08-19\/#primaryimage\"},\"image\":{\"@id\":\"https:\/\/www.estrategiaconcursos.com.br\/blog\/concursos-abertos-05-08-19\/#primaryimage\"},\"thumbnailUrl\":\"https:\/\/dhg1h5j42swfq.cloudfront.net\/2019\/04\/20085844\/Concursos-abertos2-e1555761535855.jpg\",\"datePublished\":\"2019-08-05T11:00:26+00:00\",\"breadcrumb\":{\"@id\":\"https:\/\/www.estrategiaconcursos.com.br\/blog\/concursos-abertos-05-08-19\/#breadcrumb\"},\"inLanguage\":\"pt-BR\",\"potentialAction\":[{\"@type\":\"ReadAction\",\"target\":[\"https:\/\/www.estrategiaconcursos.com.br\/blog\/concursos-abertos-05-08-19\/\"]}]},{\"@type\":\"ImageObject\",\"inLanguage\":\"pt-BR\",\"@id\":\"https:\/\/www.estrategiaconcursos.com.br\/blog\/concursos-abertos-05-08-19\/#primaryimage\",\"url\":\"https:\/\/dhg1h5j42swfq.cloudfront.net\/2019\/04\/20085844\/Concursos-abertos2-e1555761535855.jpg\",\"contentUrl\":\"https:\/\/dhg1h5j42swfq.cloudfront.net\/2019\/04\/20085844\/Concursos-abertos2-e1555761535855.jpg\",\"width\":400,\"height\":209,\"caption\":\"Concursos abertos\"},{\"@type\":\"BreadcrumbList\",\"@id\":\"https:\/\/www.estrategiaconcursos.com.br\/blog\/concursos-abertos-05-08-19\/#breadcrumb\",\"itemListElement\":[{\"@type\":\"ListItem\",\"position\":1,\"name\":\"In\u00edcio\",\"item\":\"https:\/\/www.estrategiaconcursos.com.br\/blog\/\"},{\"@type\":\"ListItem\",\"position\":2,\"name\":\"Concursos Abertos: chuva de editais na primeira semana de agosto\"}]},{\"@type\":\"WebSite\",\"@id\":\"https:\/\/www.estrategiaconcursos.com.br\/blog\/#website\",\"url\":\"https:\/\/www.estrategiaconcursos.com.br\/blog\/\",\"name\":\"Estrat\u00e9gia Concursos\",\"description\":\"O blog da Estrat\u00e9gia Concursos traz not\u00edcias sobre concursos e artigos de professores oferecendo cursos para concursos (pdf + videaulas) no site.\",\"publisher\":{\"@id\":\"https:\/\/www.estrategiaconcursos.com.br\/blog\/#organization\"},\"potentialAction\":[{\"@type\":\"SearchAction\",\"target\":{\"@type\":\"EntryPoint\",\"urlTemplate\":\"https:\/\/www.estrategiaconcursos.com.br\/blog\/?s={search_term_string}\"},\"query-input\":{\"@type\":\"PropertyValueSpecification\",\"valueRequired\":true,\"valueName\":\"search_term_string\"}}],\"inLanguage\":\"pt-BR\"},{\"@type\":\"Organization\",\"@id\":\"https:\/\/www.estrategiaconcursos.com.br\/blog\/#organization\",\"name\":\"Estrat\u00e9gia Concursos\",\"url\":\"https:\/\/www.estrategiaconcursos.com.br\/blog\/\",\"logo\":{\"@type\":\"ImageObject\",\"inLanguage\":\"pt-BR\",\"@id\":\"https:\/\/www.estrategiaconcursos.com.br\/blog\/#\/schema\/logo\/image\/\",\"url\":\"https:\/\/dhg1h5j42swfq.cloudfront.net\/2025\/06\/03203428\/logo_concursos-1.jpg\",\"contentUrl\":\"https:\/\/dhg1h5j42swfq.cloudfront.net\/2025\/06\/03203428\/logo_concursos-1.jpg\",\"width\":230,\"height\":60,\"caption\":\"Estrat\u00e9gia Concursos\"},\"image\":{\"@id\":\"https:\/\/www.estrategiaconcursos.com.br\/blog\/#\/schema\/logo\/image\/\"},\"sameAs\":[\"https:\/\/x.com\/EstratConcursos\"]},{\"@type\":\"Person\",\"@id\":\"https:\/\/www.estrategiaconcursos.com.br\/blog\/#\/schema\/person\/b69f846fcb6f09c1b651569e30b6e865\",\"name\":\"Tha\u00eds Mendes (Jornalista)\",\"image\":{\"@type\":\"ImageObject\",\"inLanguage\":\"pt-BR\",\"@id\":\"https:\/\/secure.gravatar.com\/avatar\/3c9c4f2eb3e762ee925852cf3188d5507fcec36cfe4fdee47acd4135266a8614?s=96&d=mm&r=g\",\"url\":\"https:\/\/secure.gravatar.com\/avatar\/3c9c4f2eb3e762ee925852cf3188d5507fcec36cfe4fdee47acd4135266a8614?s=96&d=mm&r=g\",\"contentUrl\":\"https:\/\/secure.gravatar.com\/avatar\/3c9c4f2eb3e762ee925852cf3188d5507fcec36cfe4fdee47acd4135266a8614?s=96&d=mm&r=g\",\"caption\":\"Tha\u00eds Mendes (Jornalista)\"},\"url\":\"https:\/\/www.estrategiaconcursos.com.br\/blog\/author\/comunicacaoestrategiaconcursos-com-br\/\"}]}<\/script>\n<!-- \/ Yoast SEO Premium plugin. -->","yoast_head_json":{"title":"Concursos Abertos: chuva de editais na primeira semana de agosto","robots":{"index":"index","follow":"follow","max-snippet":"max-snippet:-1","max-image-preview":"max-image-preview:large","max-video-preview":"max-video-preview:-1"},"canonical":"https:\/\/www.estrategiaconcursos.com.br\/blog\/concursos-abertos-05-08-19\/","og_locale":"pt_BR","og_type":"article","og_title":"Concursos Abertos: chuva de editais na primeira semana de agosto","og_description":"Entre a \u00faltima semana de julho e a primeira de agosto, v\u00e1rios editais de concursos p\u00fablicos foram publicados. As prefeituras continuam sendo destaque, mas grandes concursos tamb\u00e9m foram publicados, como do Tribunal de Justi\u00e7a do Maranh\u00e3o e da C\u00e2mara Municipal de Fortaleza. Juntos, os 15 editais somam 3.709 vagas distribu\u00eddas entre todas as escolaridades. Ao [&hellip;]","og_url":"https:\/\/www.estrategiaconcursos.com.br\/blog\/concursos-abertos-05-08-19\/","og_site_name":"Estrat\u00e9gia Concursos","article_published_time":"2019-08-05T11:00:26+00:00","og_image":[{"width":400,"height":209,"url":"https:\/\/dhg1h5j42swfq.cloudfront.net\/2019\/04\/20085844\/Concursos-abertos2-e1555761535855.jpg","type":"image\/jpeg"}],"author":"Tha\u00eds Mendes (Jornalista)","twitter_card":"summary_large_image","twitter_creator":"@EstratConcursos","twitter_site":"@EstratConcursos","twitter_misc":{"Escrito por":"Tha\u00eds Mendes (Jornalista)","Est. tempo de leitura":"5 minutos"},"schema":{"@context":"https:\/\/schema.org","@graph":[{"@type":"NewsArticle","@id":"https:\/\/www.estrategiaconcursos.com.br\/blog\/concursos-abertos-05-08-19\/#article","isPartOf":{"@id":"https:\/\/www.estrategiaconcursos.com.br\/blog\/concursos-abertos-05-08-19\/"},"author":{"name":"Tha\u00eds Mendes (Jornalista)","@id":"https:\/\/www.estrategiaconcursos.com.br\/blog\/#\/schema\/person\/b69f846fcb6f09c1b651569e30b6e865"},"headline":"Concursos Abertos: chuva de editais na primeira semana de agosto","datePublished":"2019-08-05T11:00:26+00:00","mainEntityOfPage":{"@id":"https:\/\/www.estrategiaconcursos.com.br\/blog\/concursos-abertos-05-08-19\/"},"wordCount":920,"commentCount":1,"publisher":{"@id":"https:\/\/www.estrategiaconcursos.com.br\/blog\/#organization"},"image":{"@id":"https:\/\/www.estrategiaconcursos.com.br\/blog\/concursos-abertos-05-08-19\/#primaryimage"},"thumbnailUrl":"https:\/\/dhg1h5j42swfq.cloudfront.net\/2019\/04\/20085844\/Concursos-abertos2-e1555761535855.jpg","articleSection":["Concursos P\u00fablicos"],"inLanguage":"pt-BR","potentialAction":[{"@type":"CommentAction","name":"Comment","target":["https:\/\/www.estrategiaconcursos.com.br\/blog\/concursos-abertos-05-08-19\/#respond"]}],"copyrightYear":"2019","copyrightHolder":{"@id":"https:\/\/www.estrategiaconcursos.com.br\/blog\/#organization"}},{"@type":"WebPage","@id":"https:\/\/www.estrategiaconcursos.com.br\/blog\/concursos-abertos-05-08-19\/","url":"https:\/\/www.estrategiaconcursos.com.br\/blog\/concursos-abertos-05-08-19\/","name":"Concursos Abertos: chuva de editais na primeira semana de agosto","isPartOf":{"@id":"https:\/\/www.estrategiaconcursos.com.br\/blog\/#website"},"primaryImageOfPage":{"@id":"https:\/\/www.estrategiaconcursos.com.br\/blog\/concursos-abertos-05-08-19\/#primaryimage"},"image":{"@id":"https:\/\/www.estrategiaconcursos.com.br\/blog\/concursos-abertos-05-08-19\/#primaryimage"},"thumbnailUrl":"https:\/\/dhg1h5j42swfq.cloudfront.net\/2019\/04\/20085844\/Concursos-abertos2-e1555761535855.jpg","datePublished":"2019-08-05T11:00:26+00:00","breadcrumb":{"@id":"https:\/\/www.estrategiaconcursos.com.br\/blog\/concursos-abertos-05-08-19\/#breadcrumb"},"inLanguage":"pt-BR","potentialAction":[{"@type":"ReadAction","target":["https:\/\/www.estrategiaconcursos.com.br\/blog\/concursos-abertos-05-08-19\/"]}]},{"@type":"ImageObject","inLanguage":"pt-BR","@id":"https:\/\/www.estrategiaconcursos.com.br\/blog\/concursos-abertos-05-08-19\/#primaryimage","url":"https:\/\/dhg1h5j42swfq.cloudfront.net\/2019\/04\/20085844\/Concursos-abertos2-e1555761535855.jpg","contentUrl":"https:\/\/dhg1h5j42swfq.cloudfront.net\/2019\/04\/20085844\/Concursos-abertos2-e1555761535855.jpg","width":400,"height":209,"caption":"Concursos abertos"},{"@type":"BreadcrumbList","@id":"https:\/\/www.estrategiaconcursos.com.br\/blog\/concursos-abertos-05-08-19\/#breadcrumb","itemListElement":[{"@type":"ListItem","position":1,"name":"In\u00edcio","item":"https:\/\/www.estrategiaconcursos.com.br\/blog\/"},{"@type":"ListItem","position":2,"name":"Concursos Abertos: chuva de editais na primeira semana de agosto"}]},{"@type":"WebSite","@id":"https:\/\/www.estrategiaconcursos.com.br\/blog\/#website","url":"https:\/\/www.estrategiaconcursos.com.br\/blog\/","name":"Estrat\u00e9gia Concursos","description":"O blog da Estrat\u00e9gia Concursos traz not\u00edcias sobre concursos e artigos de professores oferecendo cursos para concursos (pdf + videaulas) no site.","publisher":{"@id":"https:\/\/www.estrategiaconcursos.com.br\/blog\/#organization"},"potentialAction":[{"@type":"SearchAction","target":{"@type":"EntryPoint","urlTemplate":"https:\/\/www.estrategiaconcursos.com.br\/blog\/?s={search_term_string}"},"query-input":{"@type":"PropertyValueSpecification","valueRequired":true,"valueName":"search_term_string"}}],"inLanguage":"pt-BR"},{"@type":"Organization","@id":"https:\/\/www.estrategiaconcursos.com.br\/blog\/#organization","name":"Estrat\u00e9gia Concursos","url":"https:\/\/www.estrategiaconcursos.com.br\/blog\/","logo":{"@type":"ImageObject","inLanguage":"pt-BR","@id":"https:\/\/www.estrategiaconcursos.com.br\/blog\/#\/schema\/logo\/image\/","url":"https:\/\/dhg1h5j42swfq.cloudfront.net\/2025\/06\/03203428\/logo_concursos-1.jpg","contentUrl":"https:\/\/dhg1h5j42swfq.cloudfront.net\/2025\/06\/03203428\/logo_concursos-1.jpg","width":230,"height":60,"caption":"Estrat\u00e9gia Concursos"},"image":{"@id":"https:\/\/www.estrategiaconcursos.com.br\/blog\/#\/schema\/logo\/image\/"},"sameAs":["https:\/\/x.com\/EstratConcursos"]},{"@type":"Person","@id":"https:\/\/www.estrategiaconcursos.com.br\/blog\/#\/schema\/person\/b69f846fcb6f09c1b651569e30b6e865","name":"Tha\u00eds Mendes (Jornalista)","image":{"@type":"ImageObject","inLanguage":"pt-BR","@id":"https:\/\/secure.gravatar.com\/avatar\/3c9c4f2eb3e762ee925852cf3188d5507fcec36cfe4fdee47acd4135266a8614?s=96&d=mm&r=g","url":"https:\/\/secure.gravatar.com\/avatar\/3c9c4f2eb3e762ee925852cf3188d5507fcec36cfe4fdee47acd4135266a8614?s=96&d=mm&r=g","contentUrl":"https:\/\/secure.gravatar.com\/avatar\/3c9c4f2eb3e762ee925852cf3188d5507fcec36cfe4fdee47acd4135266a8614?s=96&d=mm&r=g","caption":"Tha\u00eds Mendes (Jornalista)"},"url":"https:\/\/www.estrategiaconcursos.com.br\/blog\/author\/comunicacaoestrategiaconcursos-com-br\/"}]}},"_links":{"self":[{"href":"https:\/\/www.estrategiaconcursos.com.br\/blog\/wp-json\/wp\/v2\/posts\/405219","targetHints":{"allow":["GET"]}}],"collection":[{"href":"https:\/\/www.estrategiaconcursos.com.br\/blog\/wp-json\/wp\/v2\/posts"}],"about":[{"href":"https:\/\/www.estrategiaconcursos.com.br\/blog\/wp-json\/wp\/v2\/types\/post"}],"author":[{"embeddable":true,"href":"https:\/\/www.estrategiaconcursos.com.br\/blog\/wp-json\/wp\/v2\/users\/188"}],"replies":[{"embeddable":true,"href":"https:\/\/www.estrategiaconcursos.com.br\/blog\/wp-json\/wp\/v2\/comments?post=405219"}],"version-history":[{"count":14,"href":"https:\/\/www.estrategiaconcursos.com.br\/blog\/wp-json\/wp\/v2\/posts\/405219\/revisions"}],"predecessor-version":[{"id":405371,"href":"https:\/\/www.estrategiaconcursos.com.br\/blog\/wp-json\/wp\/v2\/posts\/405219\/revisions\/405371"}],"wp:featuredmedia":[{"embeddable":true,"href":"https:\/\/www.estrategiaconcursos.com.br\/blog\/wp-json\/wp\/v2\/media\/364742"}],"wp:attachment":[{"href":"https:\/\/www.estrategiaconcursos.com.br\/blog\/wp-json\/wp\/v2\/media?parent=405219"}],"wp:term":[{"taxonomy":"category","embeddable":true,"href":"https:\/\/www.estrategiaconcursos.com.br\/blog\/wp-json\/wp\/v2\/categories?post=405219"},{"taxonomy":"post_tag","embeddable":true,"href":"https:\/\/www.estrategiaconcursos.com.br\/blog\/wp-json\/wp\/v2\/tags?post=405219"},{"taxonomy":"tax_estado","embeddable":true,"href":"https:\/\/www.estrategiaconcursos.com.br\/blog\/wp-json\/wp\/v2\/tax_estado?post=405219"}],"curies":[{"name":"wp","href":"https:\/\/api.w.org\/{rel}","templated":true}]}}