{"id":405215,"date":"2026-03-24T11:24:00","date_gmt":"2026-03-24T14:24:00","guid":{"rendered":"https:\/\/www.estrategiaconcursos.com.br\/blog\/?p=405215"},"modified":"2026-03-24T16:37:09","modified_gmt":"2026-03-24T19:37:09","slug":"exame-cfc","status":"publish","type":"post","link":"https:\/\/www.estrategiaconcursos.com.br\/blog\/exame-cfc\/","title":{"rendered":"Exame CFC 2026.1: inscri\u00e7\u00f5es encerradas; provas em maio!"},"content":{"rendered":"\n<p>Aten\u00e7\u00e3o! Foi publicado o mais novo edital do <strong><a href=\"https:\/\/www.estrategiaconcursos.com.br\/cursosPorConcurso\/exame-de-suficiencia-do-cfc\/\" target=\"_blank\" rel=\"noreferrer noopener\">Exame de Sufici\u00eancia &#8211; CFC 2026.1<\/a><\/strong>, mais uma vez com organiza\u00e7\u00e3o da Funda\u00e7\u00e3o Get\u00falio Vargas (<strong>FGV<\/strong>).<\/p>\n\n\n\n<p>Os interessados puderam garantir a sua participa\u00e7\u00e3o at\u00e9 as <strong>16h do dia 24 de mar\u00e7o<\/strong>, hor\u00e1rio oficial de Bras\u00edlia\/DF.<\/p>\n\n\n\n<p>Para efetivar a inscri\u00e7\u00e3o, foi requisitado o pagamento de uma taxa no valor de <strong>R$ 130,00<\/strong>, que deve ser pago at\u00e9 o dia 25 de mar\u00e7o.<\/p>\n\n\n\n<p>No dia <strong>24 de maio<\/strong>, os examinandos ser\u00e3o avaliados por meio de uma prova objetiva, com 50 quest\u00f5es de m\u00faltipla escolha.<\/p>\n\n\n\n<p>O Exame ocorre <strong>duas vezes ao ano<\/strong> e visa \u00e0 obten\u00e7\u00e3o de registro na categoria de contador, podendo ser prestado exclusivamente pelos bachar\u00e9is e estudantes do \u00faltimo ano letivo do curso de Ci\u00eancias Cont\u00e1beis.<\/p>\n\n\n\n<ul class=\"wp-block-list has-very-light-gray-to-cyan-bluish-gray-gradient-background has-background\">\n<li><strong>Exame CFC<\/strong> <strong>2026.1<\/strong><\/li>\n\n\n\n<li><strong>Status:<\/strong> inscri\u00e7\u00f5es encerradas; provas em 24\/05<\/li>\n\n\n\n<li><strong>Banca:<\/strong>&nbsp;<a href=\"https:\/\/conhecimento.fgv.br\/exames\/cfc\/2026.1\" target=\"_blank\" rel=\"noreferrer noopener\">FGV<\/a><\/li>\n\n\n\n<li><strong>Edital:<\/strong> <a href=\"https:\/\/dhg1h5j42swfq.cloudfront.net\/2026\/02\/13191608\/cfc-edital-2026-1-versao-final.pdf\" target=\"_blank\" rel=\"noreferrer noopener nofollow\">CFC 2026.1<\/a> <\/li>\n<\/ul>\n\n\n\n<p id=\"indice\">Confira, neste artigo, as principais informa\u00e7\u00f5es sobre o Conselho Federal de Contabilidade e saiba tudo sobre o exame. Acompanhe os t\u00f3picos:<\/p>\n\n\n\n<ul id=\"indice\" class=\"wp-block-list\">\n<li><a href=\"#saiba-mais\"><strong>O que \u00e9 o CFC?<\/strong><\/a><\/li>\n\n\n\n<li><strong><a href=\"#datas\">Principais datas do Exame CFC 2026<\/a><\/strong><\/li>\n\n\n\n<li><a href=\"#etapas\"><strong>Etapa de prova<\/strong><\/a>\n<ul class=\"wp-block-list\">\n<li><a href=\"#locais\">Locais de prova<\/a><\/li>\n<\/ul>\n<\/li>\n\n\n\n<li><a href=\"#estatisticas\"><strong>Estat\u00edsticas das edi\u00e7\u00f5es anteriores<\/strong><\/a>\n<ul class=\"wp-block-list\">\n<li><a href=\"#demanda\">Demanda de inscritos<\/a><\/li>\n<\/ul>\n<\/li>\n\n\n\n<li><a href=\"#cursos-assinatura\"><strong>Cursos e Assinatura<\/strong><\/a><\/li>\n\n\n\n<li><a href=\"#ficha-tecnica\"><strong>Ficha t\u00e9cnica<\/strong><\/a><\/li>\n<\/ul>\n\n\n\n<div class=\"container\" id=\"boxes\">\n  <div class=\"row\">\n\n    <div class=\"col-sm\">\n      <div class=\"banner-exame-cfc\" id=\"box-assinatura\">\n        <h2 class=\"titulo-assinatura\" style=\"text-align: left;\">Exame CFC<\/h2>\n        <p class=\"subtitulo-assinatura\" style=\"text-align: left;\">Prepara\u00e7\u00e3o completa para o CFC<\/p>\n        <div class=\"box-botao\" style=\"text-align: left;\">\n          <a class=\"btn-assinatura\" target=\"_blank\" href=\"hhttps:\/\/www.estrategiaconcursos.com.br\/cursosPorConcurso\/exame-de-suficiencia-do-cfc\/\" role=\"button\" rel=\"noopener noreferrer\">INICIAR PREPARA\u00c7\u00c3O<\/a>\n        <\/div>\n      <\/div><\/div><\/div><\/div>\n\n\n\n<h2 class=\"wp-block-heading\" id=\"saiba-mais\">O que \u00e9 o Exame CFC?<\/h2>\n\n\n\n<p>O CFC&nbsp;\u00e9 uma avalia\u00e7\u00e3o a que se submetem, por for\u00e7a de lei, os bachar\u00e9is e t\u00e9cnicos em Ci\u00eancias Cont\u00e1beis no Brasil. <\/p>\n\n\n\n<p>Seu objetivo \u00e9 comprovar que possuem capacita\u00e7\u00e3o, conhecimentos e pr\u00e1ticas necess\u00e1rias ao exerc\u00edcio da contabilidade. <\/p>\n\n\n\n<p>O exame foi criado em 2000 e derrubado em 2004 por uma liminar que questionava o fato de a prova n\u00e3o ser uma lei federal e sim uma resolu\u00e7\u00e3o do CFC. <\/p>\n\n\n\n<p>Em 2010, a Lei federal 12.249 instituiu a aprova\u00e7\u00e3o no exame como condi\u00e7\u00e3o para obter o registro no conselho de classe. A aplica\u00e7\u00e3o do exame CFC ocorre duas vezes por ano, uma a cada semestre.<\/p>\n\n\n\n<h2 class=\"wp-block-heading\" id=\"datas\">Exame CFC 2026.1: principais datas<\/h2>\n\n\n\n<ul class=\"wp-block-list\">\n<li><strong>Inscri\u00e7\u00f5es<\/strong>: <s>23 de fevereiro a 24 de mar\u00e7o<\/s><\/li>\n\n\n\n<li><strong>Isen\u00e7\u00e3o da taxa<\/strong>: <s>23 a 25 de fevereiro<\/s><\/li>\n\n\n\n<li><strong>Pagamento da taxa<\/strong>: at\u00e9 25 de mar\u00e7o<\/li>\n\n\n\n<li><strong>Data da prova<\/strong>: 24 de maio<\/li>\n<\/ul>\n\n\n\n<h2 class=\"wp-block-heading\" id=\"etapas\">Exame CFC 2026.1: etapa de prova<\/h2>\n\n\n\n<p>A prova objetiva do Exame CFC 2026.1 ser\u00e1 realizada no turno da manh\u00e3, das <strong>10h \u00e0s 14h<\/strong>, observado o hor\u00e1rio de Bras\u00edlia (DF).<\/p>\n\n\n\n<p>O exame ser\u00e1 composto de <strong>50 quest\u00f5es <\/strong>de m\u00faltipla escolha (A, B, C e D), valendo um ponto cada uma, abrangendo os seguintes assuntos:<\/p>\n\n\n\n<ul class=\"wp-block-list\">\n<li>a) L\u00edngua Portuguesa Aplicada;<\/li>\n\n\n\n<li>b) Matem\u00e1tica Financeira e Estat\u00edstica;<\/li>\n\n\n\n<li>c) No\u00e7\u00f5es de Direito e Legisla\u00e7\u00e3o Aplicada;<\/li>\n\n\n\n<li>d) Legisla\u00e7\u00e3o e \u00c9tica Profissional;<\/li>\n\n\n\n<li>e) Teoria da Contabilidade;<\/li>\n\n\n\n<li>f) Princ\u00edpios de Contabilidade e Normas Brasileiras de Contabilidade;<\/li>\n\n\n\n<li>g) Contabilidade Geral;<\/li>\n\n\n\n<li>h) Contabilidade de Custos;<\/li>\n\n\n\n<li>i) Contabilidade Gerencial;<\/li>\n\n\n\n<li>j) Contabilidade Aplicada ao Setor P\u00fablico;<\/li>\n\n\n\n<li>k) Controladoria;<\/li>\n\n\n\n<li>l) Auditoria Cont\u00e1bil; e<\/li>\n\n\n\n<li>m) Per\u00edcia Cont\u00e1bil.<\/li>\n<\/ul>\n\n\n\n<p>Ser\u00e3o considerados aprovados os examinandos que acertarem, no m\u00ednimo, 50% do total das quest\u00f5es, ou seja, 25 pontos.<\/p>\n\n\n\n<h3 class=\"wp-block-heading\" id=\"locais\">Locais de aplica\u00e7\u00e3o das provas<\/h3>\n\n\n\n<figure class=\"wp-block-table is-style-stripes\"><table class=\"has-fixed-layout\"><thead><tr><th>ESTADO<\/th><th>OP\u00c7\u00c3O PARA A REALIZA\u00c7\u00c3O DE PROVAS<\/th><\/tr><\/thead><tbody><tr><td>Acre<\/td><td>Cruzeiro do Sul e Rio Branco<\/td><\/tr><tr><td>Alagoas<\/td><td>Macei\u00f3<\/td><\/tr><tr><td>Amazonas<\/td><td>Manaus<\/td><\/tr><tr><td>Amap\u00e1<\/td><td>Macap\u00e1<\/td><\/tr><tr><td>Bahia<\/td><td>Alagoinhas, Barreiras, Eun\u00e1polis, Feira de Santana, Irec\u00ea, Itabuna, Salvador e<br \/>Vit\u00f3ria da Conquista<\/td><\/tr><tr><td>Cear\u00e1<\/td><td>Fortaleza, Juazeiro do Norte e Sobral<\/td><\/tr><tr><td>Distrito Federal<\/td><td>Bras\u00edlia<\/td><\/tr><tr><td>Esp\u00edrito Santo<\/td><td>Cachoeiro de Itapemirim, Linhares e Vit\u00f3ria<\/td><\/tr><tr><td>Goi\u00e1s<\/td><td>An\u00e1polis, Goi\u00e2nia e Rio Verde<\/td><\/tr><tr><td>Maranh\u00e3o<\/td><td>Imperatriz e S\u00e3o Lu\u00eds<\/td><\/tr><tr><td>Mato Grosso<\/td><td>Barra do Gar\u00e7as, C\u00e1ceres, Cuiab\u00e1, Rondon\u00f3polis, Sinop e Tangar\u00e1 da Serra<\/td><\/tr><tr><td>Mato Grosso do Sul<\/td><td>Campo Grande e Dourados<\/td><\/tr><tr><td>Minas Gerais<\/td><td>Belo Horizonte, Divin\u00f3polis, Governador Valadares, Ipatinga, Juiz de Fora, Montes Claros, Paracatu, Patos de Minas, Po\u00e7os de Caldas, Pouso Alegre, S\u00e3o<br \/>Jo\u00e3o del-Rei, Uberl\u00e2ndia e Varginha<\/td><\/tr><tr><td>Par\u00e1<\/td><td>Bel\u00e9m, Castanhal, Itaituba, Marab\u00e1, Reden\u00e7\u00e3o e Santar\u00e9m<\/td><\/tr><tr><td>Para\u00edba<\/td><td>Campina Grande e Jo\u00e3o Pessoa<\/td><\/tr><tr><td>Paran\u00e1<\/td><td>Cascavel, Curitiba, Francisco Beltr\u00e3o, Londrina, Maring\u00e1, Ponta Grossa e<br \/>Umuarama<\/td><\/tr><tr><td>Pernambuco<\/td><td>Caruaru, Petrolina e Recife<\/td><\/tr><tr><td>Piau\u00ed<\/td><td>Floriano, Parna\u00edba, Picos e Teresina<\/td><\/tr><tr><td>Rio de Janeiro<\/td><td>Campos dos Goytacazes, Niter\u00f3i, Nova Friburgo, Nova Igua\u00e7u, Petr\u00f3polis, Rio de<br \/>Janeiro e Volta Redonda<\/td><\/tr><tr><td>Rio Grande do Norte<\/td><td>Mossor\u00f3 e Natal<\/td><\/tr><tr><td>Rio Grande do Sul<\/td><td>Caxias do Sul, Iju\u00ed, Lajeado, Novo Hamburgo, Passo Fundo, Pelotas, Porto Alegre,<br \/>Santa Cruz do Sul, Santa Maria, Santo \u00c2ngelo e Uruguaiana<\/td><\/tr><tr><td>Rond\u00f4nia<\/td><td>Ji-Paran\u00e1, Porto Velho e Vilhena<\/td><\/tr><tr><td>Roraima<\/td><td>Boa Vista<\/td><\/tr><tr><td>Santa Catarina<\/td><td>Blumenau, Chapec\u00f3, Crici\u00fama, Florian\u00f3polis, Itaja\u00ed, Joa\u00e7aba, Joinville e Lages<\/td><\/tr><tr><td>S\u00e3o Paulo<\/td><td>Ara\u00e7atuba, Araraquara, Bauru, Campinas, Jundia\u00ed, Mar\u00edlia, Piracicaba, Presidente Prudente, Ribeir\u00e3o Preto, Santos, S\u00e3o Jos\u00e9 do Rio Preto, S\u00e3o Jos\u00e9 Dos Campos,<br \/>S\u00e3o Paulo e Sorocaba<\/td><\/tr><tr><td>Sergipe<\/td><td>Aracaju<\/td><\/tr><tr><td>Tocantins<\/td><td>Aragua\u00edna, Gurupi e Palmas<\/td><\/tr><\/tbody><\/table><figcaption class=\"wp-element-caption\">Locais de aplica\u00e7\u00e3o das provas do Exame CFC 2025.2<\/figcaption><\/figure>\n\n\n\n<h2 class=\"wp-block-heading\" id=\"estatisticas\">Estat\u00edsticas do Exame CFC<\/h2>\n\n\n\n<p>O CFC sempre divulga algumas <a href=\"https:\/\/cfc.org.br\/registro\/exame-de-suficiencia\/relatorios-estatisticos-do-exame-de-suficiencia\/\" target=\"_blank\" rel=\"noreferrer noopener\">estat\u00edsticas<\/a> bem interessantes a respeito das edi\u00e7\u00f5es anteriores e trouxemos aqui algumas delas. <\/p>\n\n\n\n<h3 class=\"wp-block-heading\" id=\"demanda\">Demanda (2025.2)<\/h3>\n\n\n\n<p>No quadro abaixo, podemos conferir a demanda de candidatos inscritos e ausentes por regi\u00e3o. No total, a edi\u00e7\u00e3o 2025.1 teve <strong>38.619<\/strong> <strong>inscritos<\/strong>.<\/p>\n\n\n\n<p>Dos candidatos que compareceram,<strong> 69,08% foram reprovados<\/strong>, ou seja, n\u00e3o atingiram a nota m\u00ednima de 25 pontos.<\/p>\n\n\n\n<figure class=\"wp-block-image aligncenter size-large\"><img loading=\"lazy\" decoding=\"async\" width=\"1024\" height=\"441\" src=\"https:\/\/dhg1h5j42swfq.cloudfront.net\/2026\/02\/13110314\/inscritos-2025-2-1024x441.jpg\" alt=\"Demanda de inscritos CFC 2025.2\" class=\"wp-image-1715867\" srcset=\"https:\/\/dhg1h5j42swfq.cloudfront.net\/2026\/02\/13110314\/inscritos-2025-2-1024x441.jpg 1024w, https:\/\/dhg1h5j42swfq.cloudfront.net\/2026\/02\/13110314\/inscritos-2025-2-300x129.jpg 300w, https:\/\/dhg1h5j42swfq.cloudfront.net\/2026\/02\/13110314\/inscritos-2025-2-768x331.jpg 768w, https:\/\/dhg1h5j42swfq.cloudfront.net\/2026\/02\/13110314\/inscritos-2025-2-150x65.jpg 150w, https:\/\/dhg1h5j42swfq.cloudfront.net\/2026\/02\/13110314\/inscritos-2025-2.jpg 1324w\" sizes=\"auto, (max-width: 1024px) 100vw, 1024px\" \/><figcaption class=\"wp-element-caption\">Demanda de inscritos CFC 2025.2<\/figcaption><\/figure>\n\n\n\n<p><strong>Veja tamb\u00e9m dicas e curiosidades sobre o Exame CFC que podem te interessar:<\/strong><\/p>\n\n\n\n<ul class=\"wp-block-list\">\n<li><a href=\"https:\/\/www.estrategiaconcursos.com.br\/blog\/exame-cfc-dicas\/\" target=\"_blank\" rel=\"noreferrer noopener\">7 Dicas Infal\u00edveis para conquistar sua aprova\u00e7\u00e3o no Exame CFC!<\/a><\/li>\n\n\n\n<li><a href=\"https:\/\/www.estrategiaconcursos.com.br\/blog\/exame-cfc-pontos-minimo\/\" target=\"_blank\" rel=\"noreferrer noopener\">Exame CFC: quantos pontos m\u00ednimos preciso para passar?<\/a><\/li>\n\n\n\n<li><a href=\"https:\/\/www.estrategiaconcursos.com.br\/blog\/exame-cfc-disciplinas-importantes\/\" target=\"_blank\" rel=\"noreferrer noopener\">Exame CFC: quais s\u00e3o as disciplinas mais importantes?<\/a><\/li>\n\n\n\n<li><a href=\"https:\/\/www.estrategiaconcursos.com.br\/blog\/exame-cfc-organizar-estudos\/\" target=\"_blank\" rel=\"noreferrer noopener\">Como organizar os estudos para o Exame CFC?<\/a><\/li>\n\n\n\n<li><a href=\"https:\/\/www.estrategiaconcursos.com.br\/blog\/exame-cfc-calculadora\/\" target=\"_blank\" rel=\"noreferrer noopener\">Pode levar calculadora para a prova do Exame CFC?<\/a><\/li>\n\n\n\n<li><a href=\"https:\/\/www.estrategiaconcursos.com.br\/blog\/exame-cfc-assuntos-dificeis\/\" target=\"_blank\" rel=\"noreferrer noopener\">Exame CFC: como aprender assuntos dif\u00edceis?<\/a><\/li>\n\n\n\n<li><a href=\"https:\/\/www.estrategiaconcursos.com.br\/blog\/exame-cfc-sem-estar-formado\/\" target=\"_blank\" rel=\"noreferrer noopener\">Posso fazer o Exame CFC sem estar formado?<\/a><\/li>\n<\/ul>\n\n\n\n<hr class=\"wp-block-separator has-css-opacity\"\/>\n\n\n\n<h2 class=\"wp-block-heading has-text-align-center\" id=\"cursos-assinatura\"><em>Cursos para o Exame CFC:<\/em><\/h2>\n\n\n\n<div class=\"container\" id=\"boxes\">\n  <div class=\"row\">\n\n    <div class=\"col-sm\">\n      <div class=\"banner-exame-cfc\" id=\"box-assinatura\">\n        <h2 class=\"titulo-assinatura\" style=\"text-align: left;\">Exame CFC<\/h2>\n        <p class=\"subtitulo-assinatura\" style=\"text-align: left;\">Prepara\u00e7\u00e3o completa para o CFC<\/p>\n        <div class=\"box-botao\" style=\"text-align: left;\">\n          <a class=\"btn-assinatura\" target=\"_blank\" href=\"https:\/\/www.estrategiaconcursos.com.br\/cursosPorConcurso\/exame-de-suficiencia-do-cfc\/\" role=\"button\" rel=\"noopener noreferrer\">INICIAR PREPARA\u00c7\u00c3O<\/a>\n        <\/div>\n      <\/div><\/div><\/div><\/div>\n\n\n\n<h2 class=\"wp-block-heading has-text-align-center\" id=\"h-quer-saber-tudo-sobre-concursos-previstos-confira-nossos-artigos\">Quer saber tudo sobre concursos previstos?<br \/>Confira nossos artigos!<\/h2>\n\n\n\n<ul class=\"wp-block-list\">\n<li><a href=\"https:\/\/www.estrategiaconcursos.com.br\/blog\/concursos-abertos\/\" target=\"_blank\" rel=\"noreferrer noopener\">Concursos Abertos<\/a><\/li>\n\n\n\n<li><a href=\"https:\/\/www.estrategiaconcursos.com.br\/blog\/concursos-contabilidade\/\" target=\"_blank\" rel=\"noreferrer noopener\">Concursos Contabilidade<\/a><\/li>\n\n\n\n<li><a href=\"https:\/\/www.estrategiaconcursos.com.br\/blog\/concursos-2026\/\" target=\"_blank\" rel=\"noreferrer noopener\">Concursos 2026<\/a><\/li>\n<\/ul>\n\n\n\n<figure class=\"wp-block-image is-resized\"><img decoding=\"async\" src=\"https:\/\/dhg1h5j42swfq.cloudfront.net\/2021\/03\/31152459\/ficha-tecnica-1-1024x632-1-1.png\" alt=\"Ficha t\u00e9cnica do EXAME CFC\" style=\"width:258px;height:159px\"\/><\/figure>\n\n\n\n<h3 class=\"wp-block-heading\" id=\"ficha-tecnica\">Informa\u00e7\u00f5es do Exame CFC &#8211; 2026.1<\/h3>\n\n\n\n<ul class=\"wp-block-list\">\n<li><strong style=\"color: initial;\">Data da prova:<\/strong> 24\/05\/2026<\/li>\n\n\n\n<li><strong>Banca<\/strong>: FGV<\/li>\n\n\n\n<li><strong>Escolaridade<\/strong>: Bacharel em Ci\u00eancias Cont\u00e1beis<\/li>\n\n\n\n<li><strong>Edital:<\/strong> <a href=\"https:\/\/dhg1h5j42swfq.cloudfront.net\/2026\/02\/13104445\/edital-do-exame-de-suficiencia-edital-do-exame-de-suficiencia-dou-imprensa-nacional.pdf\" target=\"_blank\" rel=\"noreferrer noopener nofollow\">CFC 2026.1<\/a><\/li>\n<\/ul>\n","protected":false},"excerpt":{"rendered":"<p>Aten\u00e7\u00e3o! Foi publicado o mais novo edital do Exame de Sufici\u00eancia &#8211; CFC 2026.1, mais uma vez com organiza\u00e7\u00e3o da Funda\u00e7\u00e3o Get\u00falio Vargas (FGV). Os interessados puderam garantir a sua participa\u00e7\u00e3o at\u00e9 as 16h do dia 24 de mar\u00e7o, hor\u00e1rio oficial de Bras\u00edlia\/DF. Para efetivar a inscri\u00e7\u00e3o, foi requisitado o pagamento de uma taxa no [&hellip;]<\/p>\n","protected":false},"author":2692,"featured_media":1054244,"comment_status":"open","ping_status":"closed","sticky":false,"template":"","format":"standard","meta":{"post_tipo":"news_page","footnotes":""},"categories":[220015],"tags":[],"tax_estado":[219963],"class_list":["post-405215","post","type-post","status-publish","format-standard","has-post-thumbnail","hentry","category-cfc","tax_estado-concursos-federais"],"acf":[],"yoast_head":"<!-- This site is optimized with the Yoast SEO Premium plugin v27.2 (Yoast SEO v27.2) - https:\/\/yoast.com\/product\/yoast-seo-premium-wordpress\/ -->\n<title>Exame CFC 2026.1: inscri\u00e7\u00f5es encerradas; provas em maio!<\/title>\n<meta name=\"description\" content=\"Exame CFC 2026.1: FGV divulga o edital da mais nova edi\u00e7\u00e3o. Inscri\u00e7\u00f5es encerradas e saiba quando ser\u00e1 a prova.\" \/>\n<meta name=\"robots\" content=\"index, follow, max-snippet:-1, max-image-preview:large, max-video-preview:-1\" \/>\n<link rel=\"canonical\" href=\"https:\/\/www.estrategiaconcursos.com.br\/blog\/exame-cfc\/\" \/>\n<meta property=\"og:locale\" content=\"pt_BR\" \/>\n<meta property=\"og:type\" content=\"article\" \/>\n<meta property=\"og:title\" content=\"Exame CFC 2026.1: inscri\u00e7\u00f5es encerradas; provas em maio!\" \/>\n<meta property=\"og:description\" content=\"Exame CFC 2026.1: FGV divulga o edital da mais nova edi\u00e7\u00e3o. Inscri\u00e7\u00f5es encerradas e saiba quando ser\u00e1 a prova.\" \/>\n<meta property=\"og:url\" content=\"https:\/\/www.estrategiaconcursos.com.br\/blog\/exame-cfc\/\" \/>\n<meta property=\"og:site_name\" content=\"Estrat\u00e9gia Concursos\" \/>\n<meta property=\"article:published_time\" content=\"2026-03-24T14:24:00+00:00\" \/>\n<meta property=\"article:modified_time\" content=\"2026-03-24T19:37:09+00:00\" \/>\n<meta property=\"og:image\" content=\"https:\/\/dhg1h5j42swfq.cloudfront.net\/2022\/07\/01175941\/exame_cfc.jpg\" \/>\n\t<meta property=\"og:image:width\" content=\"768\" \/>\n\t<meta property=\"og:image:height\" content=\"432\" \/>\n\t<meta property=\"og:image:type\" content=\"image\/jpeg\" \/>\n<meta name=\"author\" content=\"Ronaldo Scanavini Neto\" \/>\n<meta name=\"twitter:card\" content=\"summary_large_image\" \/>\n<meta name=\"twitter:creator\" content=\"@EstratConcursos\" \/>\n<meta name=\"twitter:site\" content=\"@EstratConcursos\" \/>\n<meta name=\"twitter:label1\" content=\"Escrito por\" \/>\n\t<meta name=\"twitter:data1\" content=\"Ronaldo Scanavini Neto\" \/>\n\t<meta name=\"twitter:label2\" content=\"Est. tempo de leitura\" \/>\n\t<meta name=\"twitter:data2\" content=\"5 minutos\" \/>\n<script type=\"application\/ld+json\" class=\"yoast-schema-graph\">{\"@context\":\"https:\/\/schema.org\",\"@graph\":[{\"@type\":\"NewsArticle\",\"@id\":\"https:\/\/www.estrategiaconcursos.com.br\/blog\/exame-cfc\/#article\",\"isPartOf\":{\"@id\":\"https:\/\/www.estrategiaconcursos.com.br\/blog\/exame-cfc\/\"},\"author\":{\"name\":\"Ronaldo Scanavini Neto\",\"@id\":\"https:\/\/www.estrategiaconcursos.com.br\/blog\/#\/schema\/person\/70c2ad4297aa24ff8815b08215b23a76\"},\"headline\":\"Exame CFC 2026.1: inscri\u00e7\u00f5es encerradas; provas em maio!\",\"datePublished\":\"2026-03-24T14:24:00+00:00\",\"dateModified\":\"2026-03-24T19:37:09+00:00\",\"mainEntityOfPage\":{\"@id\":\"https:\/\/www.estrategiaconcursos.com.br\/blog\/exame-cfc\/\"},\"wordCount\":1014,\"commentCount\":47,\"publisher\":{\"@id\":\"https:\/\/www.estrategiaconcursos.com.br\/blog\/#organization\"},\"image\":{\"@id\":\"https:\/\/www.estrategiaconcursos.com.br\/blog\/exame-cfc\/#primaryimage\"},\"thumbnailUrl\":\"https:\/\/dhg1h5j42swfq.cloudfront.net\/2022\/07\/01175941\/exame_cfc.jpg\",\"articleSection\":[\"CFC\"],\"inLanguage\":\"pt-BR\",\"potentialAction\":[{\"@type\":\"CommentAction\",\"name\":\"Comment\",\"target\":[\"https:\/\/www.estrategiaconcursos.com.br\/blog\/exame-cfc\/#respond\"]}],\"copyrightYear\":\"2026\",\"copyrightHolder\":{\"@id\":\"https:\/\/www.estrategiaconcursos.com.br\/blog\/#organization\"}},{\"@type\":\"WebPage\",\"@id\":\"https:\/\/www.estrategiaconcursos.com.br\/blog\/exame-cfc\/\",\"url\":\"https:\/\/www.estrategiaconcursos.com.br\/blog\/exame-cfc\/\",\"name\":\"Exame CFC 2026.1: inscri\u00e7\u00f5es encerradas; provas em maio!\",\"isPartOf\":{\"@id\":\"https:\/\/www.estrategiaconcursos.com.br\/blog\/#website\"},\"primaryImageOfPage\":{\"@id\":\"https:\/\/www.estrategiaconcursos.com.br\/blog\/exame-cfc\/#primaryimage\"},\"image\":{\"@id\":\"https:\/\/www.estrategiaconcursos.com.br\/blog\/exame-cfc\/#primaryimage\"},\"thumbnailUrl\":\"https:\/\/dhg1h5j42swfq.cloudfront.net\/2022\/07\/01175941\/exame_cfc.jpg\",\"datePublished\":\"2026-03-24T14:24:00+00:00\",\"dateModified\":\"2026-03-24T19:37:09+00:00\",\"description\":\"Exame CFC 2026.1: FGV divulga o edital da mais nova edi\u00e7\u00e3o. Inscri\u00e7\u00f5es encerradas e saiba quando ser\u00e1 a prova.\",\"breadcrumb\":{\"@id\":\"https:\/\/www.estrategiaconcursos.com.br\/blog\/exame-cfc\/#breadcrumb\"},\"inLanguage\":\"pt-BR\",\"potentialAction\":[{\"@type\":\"ReadAction\",\"target\":[\"https:\/\/www.estrategiaconcursos.com.br\/blog\/exame-cfc\/\"]}]},{\"@type\":\"ImageObject\",\"inLanguage\":\"pt-BR\",\"@id\":\"https:\/\/www.estrategiaconcursos.com.br\/blog\/exame-cfc\/#primaryimage\",\"url\":\"https:\/\/dhg1h5j42swfq.cloudfront.net\/2022\/07\/01175941\/exame_cfc.jpg\",\"contentUrl\":\"https:\/\/dhg1h5j42swfq.cloudfront.net\/2022\/07\/01175941\/exame_cfc.jpg\",\"width\":768,\"height\":432,\"caption\":\"Simulado Final Exame CFC 2026.1: participe gratuitamente!\"},{\"@type\":\"BreadcrumbList\",\"@id\":\"https:\/\/www.estrategiaconcursos.com.br\/blog\/exame-cfc\/#breadcrumb\",\"itemListElement\":[{\"@type\":\"ListItem\",\"position\":1,\"name\":\"In\u00edcio\",\"item\":\"https:\/\/www.estrategiaconcursos.com.br\/blog\/\"},{\"@type\":\"ListItem\",\"position\":2,\"name\":\"Exame CFC 2026.1: inscri\u00e7\u00f5es encerradas; provas em maio!\"}]},{\"@type\":\"WebSite\",\"@id\":\"https:\/\/www.estrategiaconcursos.com.br\/blog\/#website\",\"url\":\"https:\/\/www.estrategiaconcursos.com.br\/blog\/\",\"name\":\"Estrat\u00e9gia Concursos\",\"description\":\"O blog da Estrat\u00e9gia Concursos traz not\u00edcias sobre concursos e artigos de professores oferecendo cursos para concursos (pdf + videaulas) no site.\",\"publisher\":{\"@id\":\"https:\/\/www.estrategiaconcursos.com.br\/blog\/#organization\"},\"potentialAction\":[{\"@type\":\"SearchAction\",\"target\":{\"@type\":\"EntryPoint\",\"urlTemplate\":\"https:\/\/www.estrategiaconcursos.com.br\/blog\/?s={search_term_string}\"},\"query-input\":{\"@type\":\"PropertyValueSpecification\",\"valueRequired\":true,\"valueName\":\"search_term_string\"}}],\"inLanguage\":\"pt-BR\"},{\"@type\":\"Organization\",\"@id\":\"https:\/\/www.estrategiaconcursos.com.br\/blog\/#organization\",\"name\":\"Estrat\u00e9gia Concursos\",\"url\":\"https:\/\/www.estrategiaconcursos.com.br\/blog\/\",\"logo\":{\"@type\":\"ImageObject\",\"inLanguage\":\"pt-BR\",\"@id\":\"https:\/\/www.estrategiaconcursos.com.br\/blog\/#\/schema\/logo\/image\/\",\"url\":\"https:\/\/dhg1h5j42swfq.cloudfront.net\/2025\/06\/03203428\/logo_concursos-1.jpg\",\"contentUrl\":\"https:\/\/dhg1h5j42swfq.cloudfront.net\/2025\/06\/03203428\/logo_concursos-1.jpg\",\"width\":230,\"height\":60,\"caption\":\"Estrat\u00e9gia Concursos\"},\"image\":{\"@id\":\"https:\/\/www.estrategiaconcursos.com.br\/blog\/#\/schema\/logo\/image\/\"},\"sameAs\":[\"https:\/\/x.com\/EstratConcursos\"]},{\"@type\":\"Person\",\"@id\":\"https:\/\/www.estrategiaconcursos.com.br\/blog\/#\/schema\/person\/70c2ad4297aa24ff8815b08215b23a76\",\"name\":\"Ronaldo Scanavini Neto\",\"image\":{\"@type\":\"ImageObject\",\"inLanguage\":\"pt-BR\",\"@id\":\"https:\/\/secure.gravatar.com\/avatar\/f93d8e56fe264596e94aee6b3feb737d98ad0fc5bac7eb0a245f04723c5c8f21?s=96&d=mm&r=g\",\"url\":\"https:\/\/secure.gravatar.com\/avatar\/f93d8e56fe264596e94aee6b3feb737d98ad0fc5bac7eb0a245f04723c5c8f21?s=96&d=mm&r=g\",\"contentUrl\":\"https:\/\/secure.gravatar.com\/avatar\/f93d8e56fe264596e94aee6b3feb737d98ad0fc5bac7eb0a245f04723c5c8f21?s=96&d=mm&r=g\",\"caption\":\"Ronaldo Scanavini Neto\"},\"description\":\"Graduando em Comunica\u00e7\u00e3o Social \u2013 Jornalismo pela Universidade Federal de Vi\u00e7osa (UFV). Integra a equipe de jornalismo do Estrat\u00e9gia Concursos desde 2023, atuando com \u00eanfase na cobertura da \u00e1rea fiscal. Tamb\u00e9m realiza a apura\u00e7\u00e3o e produ\u00e7\u00e3o de not\u00edcias sobre concursos federais, \u00f3rg\u00e3os participantes do CNU e das \u00e1reas de controle, gest\u00e3o, engenharia, Exame CFC, comunica\u00e7\u00e3o social TI e \u00e1rea de concursos administrativos.\",\"url\":\"https:\/\/www.estrategiaconcursos.com.br\/blog\/author\/ronaldo-netoestrategia-com\/\"}]}<\/script>\n<!-- \/ Yoast SEO Premium plugin. -->","yoast_head_json":{"title":"Exame CFC 2026.1: inscri\u00e7\u00f5es encerradas; provas em maio!","description":"Exame CFC 2026.1: FGV divulga o edital da mais nova edi\u00e7\u00e3o. Inscri\u00e7\u00f5es encerradas e saiba quando ser\u00e1 a prova.","robots":{"index":"index","follow":"follow","max-snippet":"max-snippet:-1","max-image-preview":"max-image-preview:large","max-video-preview":"max-video-preview:-1"},"canonical":"https:\/\/www.estrategiaconcursos.com.br\/blog\/exame-cfc\/","og_locale":"pt_BR","og_type":"article","og_title":"Exame CFC 2026.1: inscri\u00e7\u00f5es encerradas; provas em maio!","og_description":"Exame CFC 2026.1: FGV divulga o edital da mais nova edi\u00e7\u00e3o. Inscri\u00e7\u00f5es encerradas e saiba quando ser\u00e1 a prova.","og_url":"https:\/\/www.estrategiaconcursos.com.br\/blog\/exame-cfc\/","og_site_name":"Estrat\u00e9gia Concursos","article_published_time":"2026-03-24T14:24:00+00:00","article_modified_time":"2026-03-24T19:37:09+00:00","og_image":[{"width":768,"height":432,"url":"https:\/\/dhg1h5j42swfq.cloudfront.net\/2022\/07\/01175941\/exame_cfc.jpg","type":"image\/jpeg"}],"author":"Ronaldo Scanavini Neto","twitter_card":"summary_large_image","twitter_creator":"@EstratConcursos","twitter_site":"@EstratConcursos","twitter_misc":{"Escrito por":"Ronaldo Scanavini Neto","Est. tempo de leitura":"5 minutos"},"schema":{"@context":"https:\/\/schema.org","@graph":[{"@type":"NewsArticle","@id":"https:\/\/www.estrategiaconcursos.com.br\/blog\/exame-cfc\/#article","isPartOf":{"@id":"https:\/\/www.estrategiaconcursos.com.br\/blog\/exame-cfc\/"},"author":{"name":"Ronaldo Scanavini Neto","@id":"https:\/\/www.estrategiaconcursos.com.br\/blog\/#\/schema\/person\/70c2ad4297aa24ff8815b08215b23a76"},"headline":"Exame CFC 2026.1: inscri\u00e7\u00f5es encerradas; provas em maio!","datePublished":"2026-03-24T14:24:00+00:00","dateModified":"2026-03-24T19:37:09+00:00","mainEntityOfPage":{"@id":"https:\/\/www.estrategiaconcursos.com.br\/blog\/exame-cfc\/"},"wordCount":1014,"commentCount":47,"publisher":{"@id":"https:\/\/www.estrategiaconcursos.com.br\/blog\/#organization"},"image":{"@id":"https:\/\/www.estrategiaconcursos.com.br\/blog\/exame-cfc\/#primaryimage"},"thumbnailUrl":"https:\/\/dhg1h5j42swfq.cloudfront.net\/2022\/07\/01175941\/exame_cfc.jpg","articleSection":["CFC"],"inLanguage":"pt-BR","potentialAction":[{"@type":"CommentAction","name":"Comment","target":["https:\/\/www.estrategiaconcursos.com.br\/blog\/exame-cfc\/#respond"]}],"copyrightYear":"2026","copyrightHolder":{"@id":"https:\/\/www.estrategiaconcursos.com.br\/blog\/#organization"}},{"@type":"WebPage","@id":"https:\/\/www.estrategiaconcursos.com.br\/blog\/exame-cfc\/","url":"https:\/\/www.estrategiaconcursos.com.br\/blog\/exame-cfc\/","name":"Exame CFC 2026.1: inscri\u00e7\u00f5es encerradas; provas em maio!","isPartOf":{"@id":"https:\/\/www.estrategiaconcursos.com.br\/blog\/#website"},"primaryImageOfPage":{"@id":"https:\/\/www.estrategiaconcursos.com.br\/blog\/exame-cfc\/#primaryimage"},"image":{"@id":"https:\/\/www.estrategiaconcursos.com.br\/blog\/exame-cfc\/#primaryimage"},"thumbnailUrl":"https:\/\/dhg1h5j42swfq.cloudfront.net\/2022\/07\/01175941\/exame_cfc.jpg","datePublished":"2026-03-24T14:24:00+00:00","dateModified":"2026-03-24T19:37:09+00:00","description":"Exame CFC 2026.1: FGV divulga o edital da mais nova edi\u00e7\u00e3o. Inscri\u00e7\u00f5es encerradas e saiba quando ser\u00e1 a prova.","breadcrumb":{"@id":"https:\/\/www.estrategiaconcursos.com.br\/blog\/exame-cfc\/#breadcrumb"},"inLanguage":"pt-BR","potentialAction":[{"@type":"ReadAction","target":["https:\/\/www.estrategiaconcursos.com.br\/blog\/exame-cfc\/"]}]},{"@type":"ImageObject","inLanguage":"pt-BR","@id":"https:\/\/www.estrategiaconcursos.com.br\/blog\/exame-cfc\/#primaryimage","url":"https:\/\/dhg1h5j42swfq.cloudfront.net\/2022\/07\/01175941\/exame_cfc.jpg","contentUrl":"https:\/\/dhg1h5j42swfq.cloudfront.net\/2022\/07\/01175941\/exame_cfc.jpg","width":768,"height":432,"caption":"Simulado Final Exame CFC 2026.1: participe gratuitamente!"},{"@type":"BreadcrumbList","@id":"https:\/\/www.estrategiaconcursos.com.br\/blog\/exame-cfc\/#breadcrumb","itemListElement":[{"@type":"ListItem","position":1,"name":"In\u00edcio","item":"https:\/\/www.estrategiaconcursos.com.br\/blog\/"},{"@type":"ListItem","position":2,"name":"Exame CFC 2026.1: inscri\u00e7\u00f5es encerradas; provas em maio!"}]},{"@type":"WebSite","@id":"https:\/\/www.estrategiaconcursos.com.br\/blog\/#website","url":"https:\/\/www.estrategiaconcursos.com.br\/blog\/","name":"Estrat\u00e9gia Concursos","description":"O blog da Estrat\u00e9gia Concursos traz not\u00edcias sobre concursos e artigos de professores oferecendo cursos para concursos (pdf + videaulas) no site.","publisher":{"@id":"https:\/\/www.estrategiaconcursos.com.br\/blog\/#organization"},"potentialAction":[{"@type":"SearchAction","target":{"@type":"EntryPoint","urlTemplate":"https:\/\/www.estrategiaconcursos.com.br\/blog\/?s={search_term_string}"},"query-input":{"@type":"PropertyValueSpecification","valueRequired":true,"valueName":"search_term_string"}}],"inLanguage":"pt-BR"},{"@type":"Organization","@id":"https:\/\/www.estrategiaconcursos.com.br\/blog\/#organization","name":"Estrat\u00e9gia Concursos","url":"https:\/\/www.estrategiaconcursos.com.br\/blog\/","logo":{"@type":"ImageObject","inLanguage":"pt-BR","@id":"https:\/\/www.estrategiaconcursos.com.br\/blog\/#\/schema\/logo\/image\/","url":"https:\/\/dhg1h5j42swfq.cloudfront.net\/2025\/06\/03203428\/logo_concursos-1.jpg","contentUrl":"https:\/\/dhg1h5j42swfq.cloudfront.net\/2025\/06\/03203428\/logo_concursos-1.jpg","width":230,"height":60,"caption":"Estrat\u00e9gia Concursos"},"image":{"@id":"https:\/\/www.estrategiaconcursos.com.br\/blog\/#\/schema\/logo\/image\/"},"sameAs":["https:\/\/x.com\/EstratConcursos"]},{"@type":"Person","@id":"https:\/\/www.estrategiaconcursos.com.br\/blog\/#\/schema\/person\/70c2ad4297aa24ff8815b08215b23a76","name":"Ronaldo Scanavini Neto","image":{"@type":"ImageObject","inLanguage":"pt-BR","@id":"https:\/\/secure.gravatar.com\/avatar\/f93d8e56fe264596e94aee6b3feb737d98ad0fc5bac7eb0a245f04723c5c8f21?s=96&d=mm&r=g","url":"https:\/\/secure.gravatar.com\/avatar\/f93d8e56fe264596e94aee6b3feb737d98ad0fc5bac7eb0a245f04723c5c8f21?s=96&d=mm&r=g","contentUrl":"https:\/\/secure.gravatar.com\/avatar\/f93d8e56fe264596e94aee6b3feb737d98ad0fc5bac7eb0a245f04723c5c8f21?s=96&d=mm&r=g","caption":"Ronaldo Scanavini Neto"},"description":"Graduando em Comunica\u00e7\u00e3o Social \u2013 Jornalismo pela Universidade Federal de Vi\u00e7osa (UFV). Integra a equipe de jornalismo do Estrat\u00e9gia Concursos desde 2023, atuando com \u00eanfase na cobertura da \u00e1rea fiscal. Tamb\u00e9m realiza a apura\u00e7\u00e3o e produ\u00e7\u00e3o de not\u00edcias sobre concursos federais, \u00f3rg\u00e3os participantes do CNU e das \u00e1reas de controle, gest\u00e3o, engenharia, Exame CFC, comunica\u00e7\u00e3o social TI e \u00e1rea de concursos administrativos.","url":"https:\/\/www.estrategiaconcursos.com.br\/blog\/author\/ronaldo-netoestrategia-com\/"}]}},"_links":{"self":[{"href":"https:\/\/www.estrategiaconcursos.com.br\/blog\/wp-json\/wp\/v2\/posts\/405215","targetHints":{"allow":["GET"]}}],"collection":[{"href":"https:\/\/www.estrategiaconcursos.com.br\/blog\/wp-json\/wp\/v2\/posts"}],"about":[{"href":"https:\/\/www.estrategiaconcursos.com.br\/blog\/wp-json\/wp\/v2\/types\/post"}],"author":[{"embeddable":true,"href":"https:\/\/www.estrategiaconcursos.com.br\/blog\/wp-json\/wp\/v2\/users\/2692"}],"replies":[{"embeddable":true,"href":"https:\/\/www.estrategiaconcursos.com.br\/blog\/wp-json\/wp\/v2\/comments?post=405215"}],"version-history":[{"count":367,"href":"https:\/\/www.estrategiaconcursos.com.br\/blog\/wp-json\/wp\/v2\/posts\/405215\/revisions"}],"predecessor-version":[{"id":1742487,"href":"https:\/\/www.estrategiaconcursos.com.br\/blog\/wp-json\/wp\/v2\/posts\/405215\/revisions\/1742487"}],"wp:featuredmedia":[{"embeddable":true,"href":"https:\/\/www.estrategiaconcursos.com.br\/blog\/wp-json\/wp\/v2\/media\/1054244"}],"wp:attachment":[{"href":"https:\/\/www.estrategiaconcursos.com.br\/blog\/wp-json\/wp\/v2\/media?parent=405215"}],"wp:term":[{"taxonomy":"category","embeddable":true,"href":"https:\/\/www.estrategiaconcursos.com.br\/blog\/wp-json\/wp\/v2\/categories?post=405215"},{"taxonomy":"post_tag","embeddable":true,"href":"https:\/\/www.estrategiaconcursos.com.br\/blog\/wp-json\/wp\/v2\/tags?post=405215"},{"taxonomy":"tax_estado","embeddable":true,"href":"https:\/\/www.estrategiaconcursos.com.br\/blog\/wp-json\/wp\/v2\/tax_estado?post=405215"}],"curies":[{"name":"wp","href":"https:\/\/api.w.org\/{rel}","templated":true}]}}