{"id":405103,"date":"2026-02-25T18:15:06","date_gmt":"2026-02-25T21:15:06","guid":{"rendered":"https:\/\/www.estrategiaconcursos.com.br\/blog\/?p=405103"},"modified":"2026-02-26T15:26:13","modified_gmt":"2026-02-26T18:26:13","slug":"concurso-prefeitura-de-araruama-rj","status":"publish","type":"post","link":"https:\/\/www.estrategiaconcursos.com.br\/blog\/concurso-prefeitura-de-araruama-rj\/","title":{"rendered":"Concurso Araruama RJ: comiss\u00e3o formada!"},"content":{"rendered":"\n<p>A <strong>Prefeitura de Araruama<\/strong>, no estado do Rio de Janeiro (RJ), iniciou os tr\u00e2mites para realizar um novo concurso p\u00fablico. <\/p>\n\n\n\n<p>No dia 19 de fevereiro, foi institu\u00edda uma comiss\u00e3o organizadora respons\u00e1vel pelo planejamento do edital, bem como a contrata\u00e7\u00e3o da banca.<\/p>\n\n\n\n<ul class=\"wp-block-list\">\n<li><a href=\"https:\/\/dhg1h5j42swfq.cloudfront.net\/2026\/02\/25180543\/araruama-rj-comissao-formada.pdf\" target=\"_blank\" rel=\"noreferrer noopener nofollow\">Comiss\u00e3o formada<\/a><\/li>\n<\/ul>\n\n\n\n<p>Vale lembrar que a \u00faltima sele\u00e7\u00e3o do munic\u00edpio aconteceu em 2019, quando a INCP organizou um edital com 1.818 vagas imediatas mais cadastro reserva para diversos cargos.<\/p>\n\n\n\n<ul style=\"background-color:#dee3e7\" class=\"wp-block-list has-background\">\n<li><strong>Prefeitura Municipal de Araruama &#8211; RJ<\/strong><\/li>\n\n\n\n<li><strong style=\"color: initial;\">Status:&nbsp;<\/strong>comiss\u00e3o formada<\/li>\n\n\n\n<li><strong>Banca:<\/strong>&nbsp;a definir<\/li>\n\n\n\n<li><strong>Vagas:<\/strong> a definir<\/li>\n\n\n\n<li><strong>Sal\u00e1rio inicial:<\/strong>&nbsp;R$ 998,00 e R$ 2.194,87 <em>&#8211; \u00faltimo edital<\/em><\/li>\n\n\n\n<li><strong>\u00daltimo edital:&nbsp;<\/strong><a aria-label=\"Edital Guarda (abre numa nova aba)\" href=\"https:\/\/dhg1h5j42swfq.cloudfront.net\/2019\/08\/02121401\/guarda-Edital_Araruama_RJ_2.pdf\" target=\"_blank\" rel=\"noreferrer noopener\">Edital Guarda<\/a><strong>\/&nbsp;<\/strong><a aria-label=\"Edital Geral (abre numa nova aba)\" href=\"https:\/\/dhg1h5j42swfq.cloudfront.net\/2019\/08\/02121454\/Edital_Araruama_RJ_1.pdf\" target=\"_blank\" rel=\"noreferrer noopener\">Edital Geral<\/a><\/li>\n<\/ul>\n\n\n\n<p>Neste artigo voc\u00ea encontra as principais informa\u00e7\u00f5es do concurso Araruama. Acompanhe os t\u00f3picos abaixo e n\u00e3o perca nenhum detalhe:<\/p>\n\n\n\n<ul id=\"indice\" class=\"wp-block-list\">\n<li><strong><a href=\"#ultimo\" type=\"internal\" id=\"#ultimo\">\u00daltimo concurso<\/a><\/strong>\n<ul class=\"wp-block-list\">\n<li><a href=\"#cargo\">Cargos, vagas e sal\u00e1rios<\/a><\/li>\n\n\n\n<li><a href=\"#etapas\">Etapa de prova<\/a><\/li>\n<\/ul>\n<\/li>\n\n\n\n<li><a href=\"#cursos\"><strong>Assinatura e cursos<\/strong><\/a><\/li>\n\n\n\n<li><a href=\"#ficha\"><strong>Ficha t\u00e9cnica<\/strong><\/a><\/li>\n<\/ul>\n\n\n\n<div class=\"container\" id=\"boxes\">\n  <div class=\"row\">\n\n    <div class=\"col-sm\">\n      <div class=\"banner-prefeituras-ec\" id=\"box-assinatura\">\n        <h2 class=\"titulo-assinatura\" style=\"text-align: left;\">Concursos Prefeituras<\/h2>\n        <p class=\"subtitulo-assinatura\" style=\"text-align: left;\">Prepara\u00e7\u00e3o completa para a carreira!<\/p>\n        <div class=\"box-botao\" style=\"text-align: left;\">\n          <a class=\"btn-assinatura\" target=\"_blank\" href=\"https:\/\/www.estrategiaconcursos.com.br\/pesquisa\/?q=prefeitura+araruama\" role=\"button\" rel=\"noopener noreferrer\">EXPLORAR CURSOS<\/a>\n        <\/div>\n      <\/div><\/div><\/div><\/div>\n\n\n\n<h2 class=\"wp-block-heading\" id=\"datas\">Concurso Araruama: \u00faltimo edital &#8211; 2019<\/h2>\n\n\n\n<p>Sob organiza\u00e7\u00e3o do INCP, na \u00e9poca, foram publicados dois editais, que juntos, somaram a oferta de&nbsp;<strong>1.818 vagas<\/strong>. Foram contemplados diversos cargos que abrangem todos os n\u00edveis de escolaridade: n\u00edvel fundamental, n\u00edvel m\u00e9dio e n\u00edvel superior.<\/p>\n\n\n\n<h3 class=\"wp-block-heading\" id=\"cargo\">Cargos, vagas e sal\u00e1rios<\/h3>\n\n\n\n<h3 class=\"wp-block-heading\"><strong>N\u00edvel Fundamental Incompleto<\/strong>&nbsp;\u2013 R$ 998,00<\/h3>\n\n\n\n<figure class=\"wp-block-table is-style-stripes\"><table class=\"has-fixed-layout\"><tbody><tr><td class=\"has-text-align-center\" data-align=\"center\">\u2022 Agente de Servi\u00e7os Gerais Leves \u2013 60<\/td><td class=\"has-text-align-center\" data-align=\"center\">\u2022 Monitor de Transporte Escolar \u2013 25<\/td><\/tr><tr><td class=\"has-text-align-center\" data-align=\"center\">\u2022 Jardineiro \u2013 1<\/td><td class=\"has-text-align-center\" data-align=\"center\">\u2022 Operador de M\u00e1quinas \u2013 2<\/td><\/tr><tr><td class=\"has-text-align-center\" data-align=\"center\">\u2022 Pedreiro \u2013 3<\/td><td class=\"has-text-align-center\" data-align=\"center\">\u2022 Motorista \u201cB\u201d \u2013 4<\/td><\/tr><tr><td class=\"has-text-align-center\" data-align=\"center\">\u2022 Coveiro \u2013 10<\/td><td class=\"has-text-align-center\" data-align=\"center\">\u2022 Motorista \u201cD\u201d \u2013 34<\/td><\/tr><tr><td class=\"has-text-align-center\" data-align=\"center\">\u2022 Merendeira&nbsp;\u2013 100<\/td><td class=\"has-text-align-center\" data-align=\"center\">\u2022 Vigia&nbsp;\u2013 90<\/td><\/tr><\/tbody><\/table><\/figure>\n\n\n\n<h3 class=\"wp-block-heading\"><br \/><strong>N\u00edvel Fundamental Completo<\/strong>&nbsp;\u2013 R$ 998,00<\/h3>\n\n\n\n<figure class=\"wp-block-table is-style-stripes\"><table class=\"has-fixed-layout\"><tbody><tr><td class=\"has-text-align-center\" data-align=\"center\">\u2022 Auxiliar de Disciplina \u2013 50<\/td><td class=\"has-text-align-center\" data-align=\"center\">\u2022 Maqueiro \u2013 7<\/td><\/tr><\/tbody><\/table><\/figure>\n\n\n\n<h3 class=\"wp-block-heading\"><br \/>N\u00edvel M\u00e9dio \u2013 de R$ 998,00 a R$ 1.209,98<\/h3>\n\n\n\n<figure class=\"wp-block-table is-style-stripes\"><table class=\"has-fixed-layout\"><tbody><tr><td class=\"has-text-align-center\" data-align=\"center\">\u2022 Cuidador \u2013 03<\/td><td class=\"has-text-align-center\" data-align=\"center\">\u2022 T\u00e9cnico em Raio X \u2013 02<\/td><\/tr><tr><td class=\"has-text-align-center\" data-align=\"center\">\u2022 Instrumentador Cir\u00fargico \u2013 04<\/td><td class=\"has-text-align-center\" data-align=\"center\">\u2022 T\u00e9cnico em Higiene Dental \u2013 09<\/td><\/tr><tr><td class=\"has-text-align-center\" data-align=\"center\">\u2022 Oficial Administrativo \u2013 147<\/td><td class=\"has-text-align-center\" data-align=\"center\">\u2022 T\u00e9cnico em Enfermagem \u2013 100<\/td><\/tr><tr><td class=\"has-text-align-center\" data-align=\"center\">\u2022 Professor II Magist\u00e9rio (Zona Urbana\/Rural) \u2013 530<\/td><td class=\"has-text-align-center\" data-align=\"center\">\u2022 T\u00e9cnico em Laborat\u00f3rio \u2013 06<\/td><\/tr><tr><td class=\"has-text-align-center\" data-align=\"center\">\u2022 Secretario Escolar \u2013 12<\/td><td class=\"has-text-align-center\" data-align=\"center\">\u2022 Guarda Civil \u2013 100<\/td><\/tr><\/tbody><\/table><\/figure>\n\n\n\n<h3 class=\"wp-block-heading\"><br \/><strong>N\u00edvel Superior<\/strong>&nbsp;\u2013 de R$ 998,00 a R$ 2.194,87<\/h3>\n\n\n\n<figure class=\"wp-block-table is-style-stripes\"><table class=\"has-fixed-layout\"><tbody><tr><td class=\"has-text-align-center\" data-align=\"center\">\u2022 Assistente Social \u2013 23<\/td><td class=\"has-text-align-center\" data-align=\"center\">\u2022 M\u00e9dico Pneumologista \u2013 2<\/td><\/tr><tr><td class=\"has-text-align-center\" data-align=\"center\">\u2022 Bi\u00f3logo \u2013 2<\/td><td class=\"has-text-align-center\" data-align=\"center\">\u2022 M\u00e9dico Psiquiatra \u2013 3<\/td><\/tr><tr><td class=\"has-text-align-center\" data-align=\"center\">\u2022 Dentista \u2013 12<\/td><td class=\"has-text-align-center\" data-align=\"center\">\u2022 M\u00e9dico Reumatologista \u2013 2<\/td><\/tr><tr><td class=\"has-text-align-center\" data-align=\"center\">\u2022 Enfermeiro \u2013 67<\/td><td class=\"has-text-align-center\" data-align=\"center\">\u2022 M\u00e9dico Urologista \u2013 2<\/td><\/tr><tr><td class=\"has-text-align-center\" data-align=\"center\">\u2022 Engenheiro Civil \u2013 1<\/td><td class=\"has-text-align-center\" data-align=\"center\">\u2022 M\u00e9dico Veterin\u00e1rio \u2013 2<\/td><\/tr><tr><td class=\"has-text-align-center\" data-align=\"center\">\u2022 Farmac\u00eautico \u2013 14<\/td><td class=\"has-text-align-center\" data-align=\"center\">\u2022 Nutricionista \u2013 9<\/td><\/tr><tr><td class=\"has-text-align-center\" data-align=\"center\">\u2022 Fonoaudi\u00f3logo \u2013 5<\/td><td class=\"has-text-align-center\" data-align=\"center\">\u2022 Orientador Pedag\u00f3gico \u2013 22<\/td><\/tr><tr><td class=\"has-text-align-center\" data-align=\"center\">\u2022 M\u00e9dico Anestesista \u2013 4<\/td><td class=\"has-text-align-center\" data-align=\"center\">\u2022 Orientador Educacional \u2013 25<\/td><\/tr><tr><td class=\"has-text-align-center\" data-align=\"center\">\u2022 M\u00e9dico Angiologista \u2013 3<\/td><td class=\"has-text-align-center\" data-align=\"center\">\u2022 Orientador Social \u2013 3<\/td><\/tr><tr><td class=\"has-text-align-center\" data-align=\"center\">\u2022 M\u00e9dico Cardiologista \u2013 10<\/td><td class=\"has-text-align-center\" data-align=\"center\">\u2022 Pedagogo&nbsp;\u2013 4<\/td><\/tr><tr><td class=\"has-text-align-center\" data-align=\"center\">\u2022 M\u00e9dico Cirurgi\u00e3o \u2013 2<\/td><td class=\"has-text-align-center\" data-align=\"center\">\u2022 Psic\u00f3logo \u2013 10<\/td><\/tr><tr><td class=\"has-text-align-center\" data-align=\"center\">\u2022 M\u00e9dico Clinico Geral Plantonista \u2013 54<\/td><td class=\"has-text-align-center\" data-align=\"center\">\u2022 Terapeuta Ocupacional \u2013 4<\/td><\/tr><tr><td class=\"has-text-align-center\" data-align=\"center\">\u2022 M\u00e9dico Dermatologista \u2013 2<\/td><td class=\"has-text-align-center\" data-align=\"center\">\u2022 Professor de Educa\u00e7\u00e3o Art\u00edstica \u2013 6<\/td><\/tr><tr><td class=\"has-text-align-center\" data-align=\"center\">\u2022 M\u00e9dico Endocrinologista \u2013 2<\/td><td class=\"has-text-align-center\" data-align=\"center\">\u2022 Professor de L\u00edngua Inglesa \u2013 13<\/td><\/tr><tr><td class=\"has-text-align-center\" data-align=\"center\">\u2022 M\u00e9dico Ginecologista \u2013 7<\/td><td class=\"has-text-align-center\" data-align=\"center\">\u2022 Professor de L\u00edngua Portuguesa \u2013 46<\/td><\/tr><tr><td class=\"has-text-align-center\" data-align=\"center\">\u2022 M\u00e9dico Neurologista \u2013 7<\/td><td class=\"has-text-align-center\" data-align=\"center\">\u2022 Professor de Ci\u00eancias \u2013 40<\/td><\/tr><tr><td class=\"has-text-align-center\" data-align=\"center\">\u2022 M\u00e9dico Obstetra \u2013 9<\/td><td class=\"has-text-align-center\" data-align=\"center\">\u2022 Professor de Matem\u00e1tica \u2013 40<\/td><\/tr><tr><td class=\"has-text-align-center\" data-align=\"center\">\u2022 M\u00e9dico Oftalmologista \u2013 2<\/td><td class=\"has-text-align-center\" data-align=\"center\">\u2022 Professor de Historia \u2013 39<\/td><\/tr><tr><td class=\"has-text-align-center\" data-align=\"center\">\u2022 M\u00e9dico Ortopedista \u2013 7<\/td><td class=\"has-text-align-center\" data-align=\"center\">\u2022 Professor de Geografia \u2013 34<\/td><\/tr><tr><td class=\"has-text-align-center\" data-align=\"center\">\u2022 M\u00e9dico Otorrinolaringologista \u2013 2<\/td><td class=\"has-text-align-center\" data-align=\"center\">\u2022 Professor de Educa\u00e7\u00e3o Especial \u2013 18<\/td><\/tr><tr><td class=\"has-text-align-center\" data-align=\"center\">\u2022 M\u00e9dico Pediatra \u2013 25<\/td><td class=\"has-text-align-center\" data-align=\"center\">\u2022 Professor de Educa\u00e7\u00e3o F\u00edsica \u2013 35<\/td><\/tr><\/tbody><\/table><\/figure>\n\n\n\n<h2 class=\"wp-block-heading\" id=\"etapas\">Etapas de avalia\u00e7\u00f5es<\/h2>\n\n\n\n<p>O certame constitui-se de:<\/p>\n\n\n\n<ul class=\"wp-block-list\">\n<li><strong>Prova objetiva<\/strong>, de car\u00e1ter classificat\u00f3rio e eliminat\u00f3rio, para todos os cargos;<\/li>\n\n\n\n<li><strong>Prova de t\u00edtulos<\/strong>, de car\u00e1ter classificat\u00f3rio, para os cargos de Professor;<\/li>\n\n\n\n<li><strong>Prova pr\u00e1tica<\/strong>, de car\u00e1ter classificat\u00f3rio e eliminat\u00f3rio, para;<\/li>\n\n\n\n<li><strong>Avalia\u00e7\u00e3o M\u00e9dica Admissional<\/strong>, de car\u00e1ter eliminat\u00f3rio, para todos os cargos;<\/li>\n\n\n\n<li><strong>Avalia\u00e7\u00e3o Psicol\u00f3gica,<\/strong> de car\u00e1ter eliminat\u00f3rio, para Guarda Municipal;<\/li>\n\n\n\n<li><strong><\/strong><strong>Checagem de Pr\u00e9-Requisitos e Comprova\u00e7\u00e3o de Documentos<\/strong>, de car\u00e1ter eliminat\u00f3rio, para todos os cargos;<\/li>\n\n\n\n<li><strong>Teste de aptid\u00e3o f\u00edsica<\/strong>, de car\u00e1ter eliminat\u00f3rio, para Guarda Municipal;<\/li>\n\n\n\n<li><strong>Investiga\u00e7\u00e3o Social<\/strong>, de car\u00e1ter eliminat\u00f3rio, para Guarda Municipal;<\/li>\n\n\n\n<li><strong>Curso de Forma\u00e7\u00e3o<\/strong>, de car\u00e1ter eliminat\u00f3rio, para Guarda Municipal.<\/li>\n<\/ul>\n\n\n\n<h3 class=\"wp-block-heading\" id=\"objetiva\">Prova objetiva<\/h3>\n\n\n\n<p>Com dura\u00e7\u00e3o de 3 e 4 horas, a prova objetiva foi composta por quest\u00f5es de m\u00faltipla escolha, com 5 alternativas, sendo apenas uma a correta.<\/p>\n\n\n\n<p>Os candidatos de n\u00edvel fundamental e m\u00e9dio tiveram 40 quest\u00f5es de m\u00faltipla escolha para resolver. J\u00e1 para os de n\u00edvel superior, foram 50 quest\u00f5es. <\/p>\n\n\n\n<p>Foi considerado aprovado aquele que obtivesse o m\u00ednimo de 50% do total de pontos. O candidato que obteve nota zero em qualquer das disciplinas foi eliminado.<\/p>\n\n\n\n<hr class=\"wp-block-separator has-alpha-channel-opacity\"\/>\n\n\n\n<h2 class=\"wp-block-heading has-text-align-center\" id=\"cursos\"><em>Quer estudar para o concurso Araruama?<\/em><\/h2>\n\n\n\n<div class=\"container\" id=\"boxes\">\n  <div class=\"row\">\n\n    <div class=\"col-sm\">\n      <div class=\"banner-prefeituras-ec\" id=\"box-assinatura\">\n        <h2 class=\"titulo-assinatura\" style=\"text-align: left;\">Concursos Prefeituras<\/h2>\n        <p class=\"subtitulo-assinatura\" style=\"text-align: left;\">Prepara\u00e7\u00e3o completa para a carreira!<\/p>\n        <div class=\"box-botao\" style=\"text-align: left;\">\n          <a class=\"btn-assinatura\" target=\"_blank\" href=\"https:\/\/www.estrategiaconcursos.com.br\/pesquisa\/?q=prefeitura-araruama\" role=\"button\" rel=\"noopener noreferrer\">EXPLORAR CURSOS<\/a>\n        <\/div>\n      <\/div><\/div><\/div><\/div>\n\n\n\n<div class=\"container\" id=\"boxes\">\n  <div class=\"row\">\n\n    <div class=\"col-sm\">\n      <div class=\"estrategia\" id=\"box-assinatura\">\n        <h3 class=\"titulo-assinatura\">Assinatura Concursos<\/h3>\n        <p class=\"subtitulo-assinatura\">Assinatura de 1 ano ou 2 anos<\/p>\n        <div class=\"box-botao\">\n          <a class=\"btn-assinatura\" target=\"_blank\" href=\"https:\/\/www.estrategiaconcursos.com.br\/assinaturas\/\" role=\"button\" rel=\"noopener noreferrer\">ASSINE AGORA<\/a>\n        <\/div>\n      <\/div><\/div><\/div><\/div>\n\n\n\n<h2 class=\"wp-block-heading has-text-align-center\" id=\"h-quer-saber-tudo-sobre-concursos-previstos-confira-os-nossos-artigos\">Quer saber tudo sobre concursos previstos?<br \/>Confira os nossos artigos!<\/h2>\n\n\n\n<ul class=\"wp-block-list\">\n<li><a href=\"https:\/\/www.estrategiaconcursos.com.br\/blog\/concursos-abertos\/\" target=\"_blank\" rel=\"noreferrer noopener\">Concursos Abertos<\/a><\/li>\n\n\n\n<li><a href=\"https:\/\/www.estrategiaconcursos.com.br\/blog\/concursos-abertos-prefeituras\/?srsltid=AfmBOoqFWRgstAdShu3KWy5n7AcJBl-fkHeMc1_9f6PHsVgg__40c37J\" target=\"_blank\" rel=\"noreferrer noopener\">Concursos Abertos de Prefeituras<\/a><\/li>\n\n\n\n<li><a href=\"https:\/\/www.estrategiaconcursos.com.br\/blog\/concursos-prefeituras\/?srsltid=AfmBOorp0jdmPvhohqUpcOPqtdgGzza7gaSiuJGE4abLyOza9ZuL4Nex\" target=\"_blank\" rel=\"noreferrer noopener\">Concursos Prefeituras<\/a><\/li>\n\n\n\n<li><a href=\"https:\/\/www.estrategiaconcursos.com.br\/blog\/concursos-2026\/\" target=\"_blank\" rel=\"noreferrer noopener\">Concursos 2026<\/a><\/li>\n<\/ul>\n\n\n\n<figure class=\"wp-block-image is-resized\"><img loading=\"lazy\" decoding=\"async\" width=\"1024\" height=\"632\" src=\"https:\/\/dhg1h5j42swfq.cloudfront.net\/2021\/04\/01161145\/ficha-tecnica-5-1024x632.png\" alt=\"Informa\u00e7\u00f5es do concurso Prefeitura de\" class=\"wp-image-706736\" style=\"width:236px;height:145px\" srcset=\"https:\/\/dhg1h5j42swfq.cloudfront.net\/2021\/04\/01161145\/ficha-tecnica-5-1024x632.png 1024w, https:\/\/dhg1h5j42swfq.cloudfront.net\/2021\/04\/01161145\/ficha-tecnica-5-300x185.png 300w, https:\/\/dhg1h5j42swfq.cloudfront.net\/2021\/04\/01161145\/ficha-tecnica-5-768x474.png 768w, https:\/\/dhg1h5j42swfq.cloudfront.net\/2021\/04\/01161145\/ficha-tecnica-5-1536x948.png 1536w, https:\/\/dhg1h5j42swfq.cloudfront.net\/2021\/04\/01161145\/ficha-tecnica-5-610x377.png 610w, https:\/\/dhg1h5j42swfq.cloudfront.net\/2021\/04\/01161145\/ficha-tecnica-5.png 1571w\" sizes=\"auto, (max-width: 1024px) 100vw, 1024px\" \/><\/figure>\n\n\n\n<h3 class=\"wp-block-heading\" id=\"ficha-tecnica\">Informa\u00e7\u00f5es do pr\u00f3ximo Concurso Araruama &#8211; RJ<\/h3>\n\n\n\n<ul class=\"wp-block-list\">\n<li><strong>Ano:<\/strong> 2026<\/li>\n\n\n\n<li><strong>Banca<\/strong>: a definir<\/li>\n\n\n\n<li><strong>Escolaridade<\/strong>: a definir<\/li>\n\n\n\n<li><strong>Vagas:<\/strong> a definir<\/li>\n\n\n\n<li><strong>Cargo<\/strong>: a definir<\/li>\n\n\n\n<li><strong>\u00daltimo edital:\u00a0<\/strong><a aria-label=\"Edital Guarda (abre numa nova aba)\" href=\"https:\/\/dhg1h5j42swfq.cloudfront.net\/2019\/08\/02121401\/guarda-Edital_Araruama_RJ_2.pdf\" target=\"_blank\" rel=\"noreferrer noopener\">Edital Guarda<\/a><strong> \/\u00a0<\/strong><a aria-label=\"Edital Geral (abre numa nova aba)\" href=\"https:\/\/dhg1h5j42swfq.cloudfront.net\/2019\/08\/02121454\/Edital_Araruama_RJ_1.pdf\" target=\"_blank\" rel=\"noreferrer noopener\">Edital Geral<\/a><\/li>\n<\/ul>\n","protected":false},"excerpt":{"rendered":"<p>A Prefeitura de Araruama, no estado do Rio de Janeiro (RJ), iniciou os tr\u00e2mites para realizar um novo concurso p\u00fablico. No dia 19 de fevereiro, foi institu\u00edda uma comiss\u00e3o organizadora respons\u00e1vel pelo planejamento do edital, bem como a contrata\u00e7\u00e3o da banca. Vale lembrar que a \u00faltima sele\u00e7\u00e3o do munic\u00edpio aconteceu em 2019, quando a INCP [&hellip;]<\/p>\n","protected":false},"author":2991,"featured_media":1721468,"comment_status":"open","ping_status":"closed","sticky":false,"template":"","format":"standard","meta":{"post_tipo":"news_page","footnotes":""},"categories":[222278],"tags":[],"tax_estado":[219982],"class_list":["post-405103","post","type-post","status-publish","format-standard","has-post-thumbnail","hentry","category-prefeituras","tax_estado-rj"],"acf":[],"yoast_head":"<!-- This site is optimized with the Yoast SEO Premium plugin v27.2 (Yoast SEO v27.2) - https:\/\/yoast.com\/product\/yoast-seo-premium-wordpress\/ -->\n<title>Concurso Araruama RJ: comiss\u00e3o formada!<\/title>\n<meta name=\"description\" content=\"Concurso Prefeitura Araruama tem uma comiss\u00e3o organizadora institu\u00edda. Pr\u00f3ximo passo ser\u00e1 a contrata\u00e7\u00e3o da banca!\" \/>\n<meta name=\"robots\" content=\"index, follow, max-snippet:-1, max-image-preview:large, max-video-preview:-1\" \/>\n<link rel=\"canonical\" href=\"https:\/\/www.estrategiaconcursos.com.br\/blog\/concurso-prefeitura-de-araruama-rj\/\" \/>\n<meta property=\"og:locale\" content=\"pt_BR\" \/>\n<meta property=\"og:type\" content=\"article\" \/>\n<meta property=\"og:title\" content=\"Concurso Araruama RJ: comiss\u00e3o formada!\" \/>\n<meta property=\"og:description\" content=\"Concurso Prefeitura Araruama tem uma comiss\u00e3o organizadora institu\u00edda. Pr\u00f3ximo passo ser\u00e1 a contrata\u00e7\u00e3o da banca!\" \/>\n<meta property=\"og:url\" content=\"https:\/\/www.estrategiaconcursos.com.br\/blog\/concurso-prefeitura-de-araruama-rj\/\" \/>\n<meta property=\"og:site_name\" content=\"Estrat\u00e9gia Concursos\" \/>\n<meta property=\"article:published_time\" content=\"2026-02-25T21:15:06+00:00\" \/>\n<meta property=\"article:modified_time\" content=\"2026-02-26T18:26:13+00:00\" \/>\n<meta property=\"og:image\" content=\"https:\/\/dhg1h5j42swfq.cloudfront.net\/2026\/02\/25202136\/prefeitura-de-araruama-rj.jpg\" \/>\n\t<meta property=\"og:image:width\" content=\"768\" \/>\n\t<meta property=\"og:image:height\" content=\"432\" \/>\n\t<meta property=\"og:image:type\" content=\"image\/jpeg\" \/>\n<meta name=\"author\" content=\"Melmuara Thaiane Doneg\u00e1 C\u00e2ndido\" \/>\n<meta name=\"twitter:card\" content=\"summary_large_image\" \/>\n<meta name=\"twitter:creator\" content=\"@EstratConcursos\" \/>\n<meta name=\"twitter:site\" content=\"@EstratConcursos\" \/>\n<meta name=\"twitter:label1\" content=\"Escrito por\" \/>\n\t<meta name=\"twitter:data1\" content=\"Melmuara Thaiane Doneg\u00e1 C\u00e2ndido\" \/>\n\t<meta name=\"twitter:label2\" content=\"Est. tempo de leitura\" \/>\n\t<meta name=\"twitter:data2\" content=\"4 minutos\" \/>\n<script type=\"application\/ld+json\" class=\"yoast-schema-graph\">{\"@context\":\"https:\/\/schema.org\",\"@graph\":[{\"@type\":\"NewsArticle\",\"@id\":\"https:\/\/www.estrategiaconcursos.com.br\/blog\/concurso-prefeitura-de-araruama-rj\/#article\",\"isPartOf\":{\"@id\":\"https:\/\/www.estrategiaconcursos.com.br\/blog\/concurso-prefeitura-de-araruama-rj\/\"},\"author\":{\"name\":\"Melmuara Thaiane Doneg\u00e1 C\u00e2ndido\",\"@id\":\"https:\/\/www.estrategiaconcursos.com.br\/blog\/#\/schema\/person\/f33ffe5648e36a1ec7be14cb98aec31a\"},\"headline\":\"Concurso Araruama RJ: comiss\u00e3o formada!\",\"datePublished\":\"2026-02-25T21:15:06+00:00\",\"dateModified\":\"2026-02-26T18:26:13+00:00\",\"mainEntityOfPage\":{\"@id\":\"https:\/\/www.estrategiaconcursos.com.br\/blog\/concurso-prefeitura-de-araruama-rj\/\"},\"wordCount\":721,\"commentCount\":1,\"publisher\":{\"@id\":\"https:\/\/www.estrategiaconcursos.com.br\/blog\/#organization\"},\"image\":{\"@id\":\"https:\/\/www.estrategiaconcursos.com.br\/blog\/concurso-prefeitura-de-araruama-rj\/#primaryimage\"},\"thumbnailUrl\":\"https:\/\/dhg1h5j42swfq.cloudfront.net\/2026\/02\/25202136\/prefeitura-de-araruama-rj.jpg\",\"articleSection\":[\"Prefeituras\"],\"inLanguage\":\"pt-BR\",\"potentialAction\":[{\"@type\":\"CommentAction\",\"name\":\"Comment\",\"target\":[\"https:\/\/www.estrategiaconcursos.com.br\/blog\/concurso-prefeitura-de-araruama-rj\/#respond\"]}],\"copyrightYear\":\"2026\",\"copyrightHolder\":{\"@id\":\"https:\/\/www.estrategiaconcursos.com.br\/blog\/#organization\"}},{\"@type\":\"WebPage\",\"@id\":\"https:\/\/www.estrategiaconcursos.com.br\/blog\/concurso-prefeitura-de-araruama-rj\/\",\"url\":\"https:\/\/www.estrategiaconcursos.com.br\/blog\/concurso-prefeitura-de-araruama-rj\/\",\"name\":\"Concurso Araruama RJ: comiss\u00e3o formada!\",\"isPartOf\":{\"@id\":\"https:\/\/www.estrategiaconcursos.com.br\/blog\/#website\"},\"primaryImageOfPage\":{\"@id\":\"https:\/\/www.estrategiaconcursos.com.br\/blog\/concurso-prefeitura-de-araruama-rj\/#primaryimage\"},\"image\":{\"@id\":\"https:\/\/www.estrategiaconcursos.com.br\/blog\/concurso-prefeitura-de-araruama-rj\/#primaryimage\"},\"thumbnailUrl\":\"https:\/\/dhg1h5j42swfq.cloudfront.net\/2026\/02\/25202136\/prefeitura-de-araruama-rj.jpg\",\"datePublished\":\"2026-02-25T21:15:06+00:00\",\"dateModified\":\"2026-02-26T18:26:13+00:00\",\"description\":\"Concurso Prefeitura Araruama tem uma comiss\u00e3o organizadora institu\u00edda. Pr\u00f3ximo passo ser\u00e1 a contrata\u00e7\u00e3o da banca!\",\"breadcrumb\":{\"@id\":\"https:\/\/www.estrategiaconcursos.com.br\/blog\/concurso-prefeitura-de-araruama-rj\/#breadcrumb\"},\"inLanguage\":\"pt-BR\",\"potentialAction\":[{\"@type\":\"ReadAction\",\"target\":[\"https:\/\/www.estrategiaconcursos.com.br\/blog\/concurso-prefeitura-de-araruama-rj\/\"]}]},{\"@type\":\"ImageObject\",\"inLanguage\":\"pt-BR\",\"@id\":\"https:\/\/www.estrategiaconcursos.com.br\/blog\/concurso-prefeitura-de-araruama-rj\/#primaryimage\",\"url\":\"https:\/\/dhg1h5j42swfq.cloudfront.net\/2026\/02\/25202136\/prefeitura-de-araruama-rj.jpg\",\"contentUrl\":\"https:\/\/dhg1h5j42swfq.cloudfront.net\/2026\/02\/25202136\/prefeitura-de-araruama-rj.jpg\",\"width\":768,\"height\":432},{\"@type\":\"BreadcrumbList\",\"@id\":\"https:\/\/www.estrategiaconcursos.com.br\/blog\/concurso-prefeitura-de-araruama-rj\/#breadcrumb\",\"itemListElement\":[{\"@type\":\"ListItem\",\"position\":1,\"name\":\"In\u00edcio\",\"item\":\"https:\/\/www.estrategiaconcursos.com.br\/blog\/\"},{\"@type\":\"ListItem\",\"position\":2,\"name\":\"Concurso Araruama RJ: comiss\u00e3o formada!\"}]},{\"@type\":\"WebSite\",\"@id\":\"https:\/\/www.estrategiaconcursos.com.br\/blog\/#website\",\"url\":\"https:\/\/www.estrategiaconcursos.com.br\/blog\/\",\"name\":\"Estrat\u00e9gia Concursos\",\"description\":\"O blog da Estrat\u00e9gia Concursos traz not\u00edcias sobre concursos e artigos de professores oferecendo cursos para concursos (pdf + videaulas) no site.\",\"publisher\":{\"@id\":\"https:\/\/www.estrategiaconcursos.com.br\/blog\/#organization\"},\"potentialAction\":[{\"@type\":\"SearchAction\",\"target\":{\"@type\":\"EntryPoint\",\"urlTemplate\":\"https:\/\/www.estrategiaconcursos.com.br\/blog\/?s={search_term_string}\"},\"query-input\":{\"@type\":\"PropertyValueSpecification\",\"valueRequired\":true,\"valueName\":\"search_term_string\"}}],\"inLanguage\":\"pt-BR\"},{\"@type\":\"Organization\",\"@id\":\"https:\/\/www.estrategiaconcursos.com.br\/blog\/#organization\",\"name\":\"Estrat\u00e9gia Concursos\",\"url\":\"https:\/\/www.estrategiaconcursos.com.br\/blog\/\",\"logo\":{\"@type\":\"ImageObject\",\"inLanguage\":\"pt-BR\",\"@id\":\"https:\/\/www.estrategiaconcursos.com.br\/blog\/#\/schema\/logo\/image\/\",\"url\":\"https:\/\/dhg1h5j42swfq.cloudfront.net\/2025\/06\/03203428\/logo_concursos-1.jpg\",\"contentUrl\":\"https:\/\/dhg1h5j42swfq.cloudfront.net\/2025\/06\/03203428\/logo_concursos-1.jpg\",\"width\":230,\"height\":60,\"caption\":\"Estrat\u00e9gia Concursos\"},\"image\":{\"@id\":\"https:\/\/www.estrategiaconcursos.com.br\/blog\/#\/schema\/logo\/image\/\"},\"sameAs\":[\"https:\/\/x.com\/EstratConcursos\"]},{\"@type\":\"Person\",\"@id\":\"https:\/\/www.estrategiaconcursos.com.br\/blog\/#\/schema\/person\/f33ffe5648e36a1ec7be14cb98aec31a\",\"name\":\"Melmuara Thaiane Doneg\u00e1 C\u00e2ndido\",\"image\":{\"@type\":\"ImageObject\",\"inLanguage\":\"pt-BR\",\"@id\":\"https:\/\/secure.gravatar.com\/avatar\/72c23c49ace6e781125178efe440f336ae4f50fbfb902780beb369688b387c4f?s=96&d=mm&r=g\",\"url\":\"https:\/\/secure.gravatar.com\/avatar\/72c23c49ace6e781125178efe440f336ae4f50fbfb902780beb369688b387c4f?s=96&d=mm&r=g\",\"contentUrl\":\"https:\/\/secure.gravatar.com\/avatar\/72c23c49ace6e781125178efe440f336ae4f50fbfb902780beb369688b387c4f?s=96&d=mm&r=g\",\"caption\":\"Melmuara Thaiane Doneg\u00e1 C\u00e2ndido\"},\"description\":\"Formada em Jornalismo em 2011 pela UniSEB-COC, Ribeir\u00e3o Preto-SP, atua desde 2017 na produ\u00e7\u00e3o de conte\u00fado para prefeituras, passando da \u00e1rea publicit\u00e1ria para a cria\u00e7\u00e3o de textos estrat\u00e9gicos e not\u00edcias sobre concursos, mantendo os concurseiros bem informados sobre os principais editais de prefeituras e concursos municipais.\",\"birthDate\":\"1990-04-21\",\"gender\":\"feminino\",\"url\":\"https:\/\/www.estrategiaconcursos.com.br\/blog\/author\/melmuara-candidoestrategia-com\/\"}]}<\/script>\n<!-- \/ Yoast SEO Premium plugin. -->","yoast_head_json":{"title":"Concurso Araruama RJ: comiss\u00e3o formada!","description":"Concurso Prefeitura Araruama tem uma comiss\u00e3o organizadora institu\u00edda. Pr\u00f3ximo passo ser\u00e1 a contrata\u00e7\u00e3o da banca!","robots":{"index":"index","follow":"follow","max-snippet":"max-snippet:-1","max-image-preview":"max-image-preview:large","max-video-preview":"max-video-preview:-1"},"canonical":"https:\/\/www.estrategiaconcursos.com.br\/blog\/concurso-prefeitura-de-araruama-rj\/","og_locale":"pt_BR","og_type":"article","og_title":"Concurso Araruama RJ: comiss\u00e3o formada!","og_description":"Concurso Prefeitura Araruama tem uma comiss\u00e3o organizadora institu\u00edda. Pr\u00f3ximo passo ser\u00e1 a contrata\u00e7\u00e3o da banca!","og_url":"https:\/\/www.estrategiaconcursos.com.br\/blog\/concurso-prefeitura-de-araruama-rj\/","og_site_name":"Estrat\u00e9gia Concursos","article_published_time":"2026-02-25T21:15:06+00:00","article_modified_time":"2026-02-26T18:26:13+00:00","og_image":[{"width":768,"height":432,"url":"https:\/\/dhg1h5j42swfq.cloudfront.net\/2026\/02\/25202136\/prefeitura-de-araruama-rj.jpg","type":"image\/jpeg"}],"author":"Melmuara Thaiane Doneg\u00e1 C\u00e2ndido","twitter_card":"summary_large_image","twitter_creator":"@EstratConcursos","twitter_site":"@EstratConcursos","twitter_misc":{"Escrito por":"Melmuara Thaiane Doneg\u00e1 C\u00e2ndido","Est. tempo de leitura":"4 minutos"},"schema":{"@context":"https:\/\/schema.org","@graph":[{"@type":"NewsArticle","@id":"https:\/\/www.estrategiaconcursos.com.br\/blog\/concurso-prefeitura-de-araruama-rj\/#article","isPartOf":{"@id":"https:\/\/www.estrategiaconcursos.com.br\/blog\/concurso-prefeitura-de-araruama-rj\/"},"author":{"name":"Melmuara Thaiane Doneg\u00e1 C\u00e2ndido","@id":"https:\/\/www.estrategiaconcursos.com.br\/blog\/#\/schema\/person\/f33ffe5648e36a1ec7be14cb98aec31a"},"headline":"Concurso Araruama RJ: comiss\u00e3o formada!","datePublished":"2026-02-25T21:15:06+00:00","dateModified":"2026-02-26T18:26:13+00:00","mainEntityOfPage":{"@id":"https:\/\/www.estrategiaconcursos.com.br\/blog\/concurso-prefeitura-de-araruama-rj\/"},"wordCount":721,"commentCount":1,"publisher":{"@id":"https:\/\/www.estrategiaconcursos.com.br\/blog\/#organization"},"image":{"@id":"https:\/\/www.estrategiaconcursos.com.br\/blog\/concurso-prefeitura-de-araruama-rj\/#primaryimage"},"thumbnailUrl":"https:\/\/dhg1h5j42swfq.cloudfront.net\/2026\/02\/25202136\/prefeitura-de-araruama-rj.jpg","articleSection":["Prefeituras"],"inLanguage":"pt-BR","potentialAction":[{"@type":"CommentAction","name":"Comment","target":["https:\/\/www.estrategiaconcursos.com.br\/blog\/concurso-prefeitura-de-araruama-rj\/#respond"]}],"copyrightYear":"2026","copyrightHolder":{"@id":"https:\/\/www.estrategiaconcursos.com.br\/blog\/#organization"}},{"@type":"WebPage","@id":"https:\/\/www.estrategiaconcursos.com.br\/blog\/concurso-prefeitura-de-araruama-rj\/","url":"https:\/\/www.estrategiaconcursos.com.br\/blog\/concurso-prefeitura-de-araruama-rj\/","name":"Concurso Araruama RJ: comiss\u00e3o formada!","isPartOf":{"@id":"https:\/\/www.estrategiaconcursos.com.br\/blog\/#website"},"primaryImageOfPage":{"@id":"https:\/\/www.estrategiaconcursos.com.br\/blog\/concurso-prefeitura-de-araruama-rj\/#primaryimage"},"image":{"@id":"https:\/\/www.estrategiaconcursos.com.br\/blog\/concurso-prefeitura-de-araruama-rj\/#primaryimage"},"thumbnailUrl":"https:\/\/dhg1h5j42swfq.cloudfront.net\/2026\/02\/25202136\/prefeitura-de-araruama-rj.jpg","datePublished":"2026-02-25T21:15:06+00:00","dateModified":"2026-02-26T18:26:13+00:00","description":"Concurso Prefeitura Araruama tem uma comiss\u00e3o organizadora institu\u00edda. Pr\u00f3ximo passo ser\u00e1 a contrata\u00e7\u00e3o da banca!","breadcrumb":{"@id":"https:\/\/www.estrategiaconcursos.com.br\/blog\/concurso-prefeitura-de-araruama-rj\/#breadcrumb"},"inLanguage":"pt-BR","potentialAction":[{"@type":"ReadAction","target":["https:\/\/www.estrategiaconcursos.com.br\/blog\/concurso-prefeitura-de-araruama-rj\/"]}]},{"@type":"ImageObject","inLanguage":"pt-BR","@id":"https:\/\/www.estrategiaconcursos.com.br\/blog\/concurso-prefeitura-de-araruama-rj\/#primaryimage","url":"https:\/\/dhg1h5j42swfq.cloudfront.net\/2026\/02\/25202136\/prefeitura-de-araruama-rj.jpg","contentUrl":"https:\/\/dhg1h5j42swfq.cloudfront.net\/2026\/02\/25202136\/prefeitura-de-araruama-rj.jpg","width":768,"height":432},{"@type":"BreadcrumbList","@id":"https:\/\/www.estrategiaconcursos.com.br\/blog\/concurso-prefeitura-de-araruama-rj\/#breadcrumb","itemListElement":[{"@type":"ListItem","position":1,"name":"In\u00edcio","item":"https:\/\/www.estrategiaconcursos.com.br\/blog\/"},{"@type":"ListItem","position":2,"name":"Concurso Araruama RJ: comiss\u00e3o formada!"}]},{"@type":"WebSite","@id":"https:\/\/www.estrategiaconcursos.com.br\/blog\/#website","url":"https:\/\/www.estrategiaconcursos.com.br\/blog\/","name":"Estrat\u00e9gia Concursos","description":"O blog da Estrat\u00e9gia Concursos traz not\u00edcias sobre concursos e artigos de professores oferecendo cursos para concursos (pdf + videaulas) no site.","publisher":{"@id":"https:\/\/www.estrategiaconcursos.com.br\/blog\/#organization"},"potentialAction":[{"@type":"SearchAction","target":{"@type":"EntryPoint","urlTemplate":"https:\/\/www.estrategiaconcursos.com.br\/blog\/?s={search_term_string}"},"query-input":{"@type":"PropertyValueSpecification","valueRequired":true,"valueName":"search_term_string"}}],"inLanguage":"pt-BR"},{"@type":"Organization","@id":"https:\/\/www.estrategiaconcursos.com.br\/blog\/#organization","name":"Estrat\u00e9gia Concursos","url":"https:\/\/www.estrategiaconcursos.com.br\/blog\/","logo":{"@type":"ImageObject","inLanguage":"pt-BR","@id":"https:\/\/www.estrategiaconcursos.com.br\/blog\/#\/schema\/logo\/image\/","url":"https:\/\/dhg1h5j42swfq.cloudfront.net\/2025\/06\/03203428\/logo_concursos-1.jpg","contentUrl":"https:\/\/dhg1h5j42swfq.cloudfront.net\/2025\/06\/03203428\/logo_concursos-1.jpg","width":230,"height":60,"caption":"Estrat\u00e9gia Concursos"},"image":{"@id":"https:\/\/www.estrategiaconcursos.com.br\/blog\/#\/schema\/logo\/image\/"},"sameAs":["https:\/\/x.com\/EstratConcursos"]},{"@type":"Person","@id":"https:\/\/www.estrategiaconcursos.com.br\/blog\/#\/schema\/person\/f33ffe5648e36a1ec7be14cb98aec31a","name":"Melmuara Thaiane Doneg\u00e1 C\u00e2ndido","image":{"@type":"ImageObject","inLanguage":"pt-BR","@id":"https:\/\/secure.gravatar.com\/avatar\/72c23c49ace6e781125178efe440f336ae4f50fbfb902780beb369688b387c4f?s=96&d=mm&r=g","url":"https:\/\/secure.gravatar.com\/avatar\/72c23c49ace6e781125178efe440f336ae4f50fbfb902780beb369688b387c4f?s=96&d=mm&r=g","contentUrl":"https:\/\/secure.gravatar.com\/avatar\/72c23c49ace6e781125178efe440f336ae4f50fbfb902780beb369688b387c4f?s=96&d=mm&r=g","caption":"Melmuara Thaiane Doneg\u00e1 C\u00e2ndido"},"description":"Formada em Jornalismo em 2011 pela UniSEB-COC, Ribeir\u00e3o Preto-SP, atua desde 2017 na produ\u00e7\u00e3o de conte\u00fado para prefeituras, passando da \u00e1rea publicit\u00e1ria para a cria\u00e7\u00e3o de textos estrat\u00e9gicos e not\u00edcias sobre concursos, mantendo os concurseiros bem informados sobre os principais editais de prefeituras e concursos municipais.","birthDate":"1990-04-21","gender":"feminino","url":"https:\/\/www.estrategiaconcursos.com.br\/blog\/author\/melmuara-candidoestrategia-com\/"}]}},"_links":{"self":[{"href":"https:\/\/www.estrategiaconcursos.com.br\/blog\/wp-json\/wp\/v2\/posts\/405103","targetHints":{"allow":["GET"]}}],"collection":[{"href":"https:\/\/www.estrategiaconcursos.com.br\/blog\/wp-json\/wp\/v2\/posts"}],"about":[{"href":"https:\/\/www.estrategiaconcursos.com.br\/blog\/wp-json\/wp\/v2\/types\/post"}],"author":[{"embeddable":true,"href":"https:\/\/www.estrategiaconcursos.com.br\/blog\/wp-json\/wp\/v2\/users\/2991"}],"replies":[{"embeddable":true,"href":"https:\/\/www.estrategiaconcursos.com.br\/blog\/wp-json\/wp\/v2\/comments?post=405103"}],"version-history":[{"count":24,"href":"https:\/\/www.estrategiaconcursos.com.br\/blog\/wp-json\/wp\/v2\/posts\/405103\/revisions"}],"predecessor-version":[{"id":1721899,"href":"https:\/\/www.estrategiaconcursos.com.br\/blog\/wp-json\/wp\/v2\/posts\/405103\/revisions\/1721899"}],"wp:featuredmedia":[{"embeddable":true,"href":"https:\/\/www.estrategiaconcursos.com.br\/blog\/wp-json\/wp\/v2\/media\/1721468"}],"wp:attachment":[{"href":"https:\/\/www.estrategiaconcursos.com.br\/blog\/wp-json\/wp\/v2\/media?parent=405103"}],"wp:term":[{"taxonomy":"category","embeddable":true,"href":"https:\/\/www.estrategiaconcursos.com.br\/blog\/wp-json\/wp\/v2\/categories?post=405103"},{"taxonomy":"post_tag","embeddable":true,"href":"https:\/\/www.estrategiaconcursos.com.br\/blog\/wp-json\/wp\/v2\/tags?post=405103"},{"taxonomy":"tax_estado","embeddable":true,"href":"https:\/\/www.estrategiaconcursos.com.br\/blog\/wp-json\/wp\/v2\/tax_estado?post=405103"}],"curies":[{"name":"wp","href":"https:\/\/api.w.org\/{rel}","templated":true}]}}