{"id":405029,"date":"2022-01-19T08:00:00","date_gmt":"2022-01-19T11:00:00","guid":{"rendered":"https:\/\/www.estrategiaconcursos.com.br\/blog\/?p=405029"},"modified":"2022-01-19T09:25:22","modified_gmt":"2022-01-19T12:25:22","slug":"concurso-coren-mt","status":"publish","type":"post","link":"https:\/\/www.estrategiaconcursos.com.br\/blog\/concurso-coren-mt\/","title":{"rendered":"Concurso Coren MT: prazo de validade prorrogado"},"content":{"rendered":"\n<p>O concurso do Conselho Regional de Enfermagem do Mato Grosso teve seu prazo de validade prorrogado por mais dois anos. A sele\u00e7\u00e3o ficar\u00e1 vigente at\u00e9 o dia 11\/02\/2024.<\/p>\n\n\n\n<ul id=\"block-ee678516-e9d1-48bd-b327-7b9acd55f0fd\" class=\"has-very-light-gray-to-cyan-bluish-gray-gradient-background has-background wp-block-list\"><li><strong>Concurso Coren MT<\/strong><\/li><li><strong>Status:<\/strong>\u00a0prazo de validade prorrogado<\/li><li><strong>Banca:\u00a0<\/strong>UFMT<\/li><li><strong>Vagas:\u00a0<\/strong>21<\/li><li><strong>Sal\u00e1rio inicial:<\/strong>\u00a0 R$5.616,19<\/li><\/ul>\n\n\n\n<p>O documento ofertou ao todo<strong> 21 vagas<\/strong> distribu\u00eddas para os seguintes cargos:  <strong><em>Assistente de Administra\u00e7\u00e3o, T\u00e9cnico em Secretariado, Enfermagem Fiscal e para Administrador. <\/em><\/strong><\/p>\n\n\n\n<div class=\"col-sm\">\n      <div class=\"banner-estrategia\" id=\"box-assinatura\">\n        <h3 class=\"titulo-assinatura\">Cursos para Coren MT<\/h3>\n        <p class=\"subtitulo-assinatura\">Conhe\u00e7a os cursos<\/p>\n        <div class=\"box-botao\">\n          <a class=\"btn-assinatura\" target=\"_blank\" href=\"https:\/\/www.estrategiaconcursos.com.br\/cursos\/concurso\/\" role=\"button\" rel=\"noopener noreferrer\">Conhe\u00e7a mais<\/a>\n        <\/div>\n      <\/div>\n      <p class=\"texto-auxiliar\">Prepare-se com o melhor material e com quem mais aprova em Concursos P\u00fablicos em todo o pa\u00eds.<\/p>\n    <\/div>\n\n\n\n<ul class=\"wp-block-list\"><li><a href=\"#atual\">Situa\u00e7\u00e3o atual<\/a><\/li><li><a href=\"#carreira\">Carreira<\/a><ul><li><a href=\"#cargo\">Cargos, Vagas e Sal\u00e1rios<\/a><\/li><\/ul><\/li><li><a href=\"#etapas\"><strong>Etapas do concurso<\/strong><\/a><\/li><li><a href=\"#aprovacao\"><strong>Aprova\u00e7\u00e3o no concurso<\/strong><\/a><\/li><li>Cursos e Assinaturas<\/li><li>Ficha T\u00e9cnica <\/li><\/ul>\n\n\n\n<h2 class=\"wp-block-heading\" id=\"atual\">Concurso Coren MT: situa\u00e7\u00e3o atual<\/h2>\n\n\n\n<h3 class=\"wp-block-heading\">Principais datas: <\/h3>\n\n\n\n<p class=\"has-very-light-gray-background-color has-background\"><strong>Inscri\u00e7\u00f5es<\/strong>: <s>19 de agosto a 23 de setembro<\/s><br \/><strong>Isen\u00e7\u00e3o de taxa de inscri\u00e7\u00e3o<\/strong>: <s>19 de agosto a 23 de agosto <\/s><br \/><strong>Prova<\/strong>:<s> 01 de dezembro de 2019<\/s><\/p>\n\n\n\n<h2 class=\"wp-block-heading\" id=\"carreira\">Concurso Coren MT: carreira<\/h2>\n\n\n\n<p>A oferta de 21 vagas para o concurso Coren MT abrangem cargos de n\u00edveis m\u00e9dio\/t\u00e9cnico e superior. As remunera\u00e7\u00f5es variam de R$1.867,56 a  R$5.616,19 para carga hor\u00e1ria de 40 horas semanais. Confira abaixo a quantidade de vagas para cada cargo com as respectivas remunera\u00e7\u00f5es e lota\u00e7\u00f5es. <\/p>\n\n\n\n<h3 class=\"wp-block-heading\" id=\"cargo\">Cargos, Vagas e Sal\u00e1rios<\/h3>\n\n\n\n<h3 class=\"wp-block-heading\"><strong>Enfermeiro Fiscal<\/strong> &#8211; 5 vagas<\/h3>\n\n\n\n<ul class=\"wp-block-list\"><li><strong>Remunera\u00e7\u00e3o<\/strong>:  R$5.616,19.<\/li><li><strong>Requisitos<\/strong>: Ensino Superior Completo em Enfermagem, registro no respectivo Conselho\/Delegacia ou \u00d3rg\u00e3o quando este exigir para o exerc\u00edcio do emprego p\u00fablico. Al\u00e9m de, Carteira Nacional de Habilita\u00e7\u00e3o definitiva. <\/li><\/ul>\n\n\n\n<ul class=\"wp-block-list\"><li><strong>Lota\u00e7\u00f5es<\/strong><\/li><li>Barra do Gar\u00e7as (01)<\/li><li>C\u00e1ceres (01)<\/li><li>Cuiab\u00e1 (02)<\/li><li>Sinop (01)<\/li><\/ul>\n\n\n\n<h3 class=\"wp-block-heading\"><strong>Administrador<\/strong> &#8211; 1 vaga<\/h3>\n\n\n\n<ul class=\"wp-block-list\"><li><strong>Remunera\u00e7\u00e3o<\/strong>:  R$5.616,19.<\/li><li><strong>Requisitos<\/strong>: Curso Superior Completo em Administra\u00e7\u00e3o e respectivo Conselho\/Delegacia ou \u00d3rg\u00e3o quando este exigir para o exerc\u00edcio do emprego p\u00fablico. <\/li><\/ul>\n\n\n\n<ul class=\"wp-block-list\"><li><strong>Lota\u00e7\u00f5es<\/strong><\/li><li>Cuiab\u00e1 (01)<\/li><\/ul>\n\n\n\n<h3 class=\"wp-block-heading\"><strong>Assistente de Administra\u00e7\u00e3o<\/strong> &#8211; 14 vagas<\/h3>\n\n\n\n<ul class=\"wp-block-list\"><li><strong>Remunera\u00e7\u00e3o<\/strong>: 1.867,56.<\/li><li><strong>Requisitos<\/strong>:  Certificado acompanhado de hist\u00f3rico escolar de conclus\u00e3o de Ensino M\u00e9dio.<\/li><\/ul>\n\n\n\n<ul class=\"wp-block-list\"><li><strong>Lota\u00e7\u00f5es<\/strong><\/li><li>Barra do Gar\u00e7as (01)<\/li><li>C\u00e1ceres (01)<\/li><li>Cuiab\u00e1 (11)<\/li><li>Sinop (01)<\/li><\/ul>\n\n\n\n<h3 class=\"wp-block-heading\">T\u00e9cnico em Secretariado &#8211; 1 vaga<\/h3>\n\n\n\n<ul class=\"wp-block-list\"><li>Remunera\u00e7\u00e3o: R$2.257,71. <\/li><li>Requisitos:  Ensino M\u00e9dio Profissionalizante na \u00e1rea OU Ensino M\u00e9dio completo + Curso T\u00e9cnico na \u00e1rea. <\/li><\/ul>\n\n\n\n<ul class=\"wp-block-list\"><li><strong>Lota\u00e7\u00f5es<\/strong><\/li><li>Cuiab\u00e1 (01)<\/li><\/ul>\n\n\n\n<h2 class=\"wp-block-heading\" id=\"etapas\">Etapas do concurso Coren MT<\/h2>\n\n\n\n<p>O concurso Coren MT ser\u00e1 composto de uma prova objetiva com data prevista para o dia 01 de dezembro nas cidades de Barra do Gar\u00e7as, C\u00e1ceres, Cuiab\u00e1 e Sinop.O exame, de car\u00e1ter eliminat\u00f3rio e classificat\u00f3rio, ser\u00e1 composto por 40 quest\u00f5es de m\u00faltipla escolha tendo a dura\u00e7\u00e3o m\u00e1xima de 04 horas. <\/p>\n\n\n\n<p>Cada quest\u00e3o tem o valor de 1 ponto, sendo 40 pontos o valor m\u00e1ximo que pode ser obtido na avalia\u00e7\u00e3o. De acordo com o edital, os candidatos ser\u00e3o avaliados por meio das seguintes disciplinas.<\/p>\n\n\n\n<h3 class=\"wp-block-heading\" id=\"superior\">Ensino Superior<\/h3>\n\n\n\n<figure class=\"wp-block-table is-style-stripes\"><table class=\"has-subtle-pale-blue-background-color has-background has-fixed-layout\"><tbody><tr><td><strong>Cargo <\/strong><\/td><td><strong>Disciplina<\/strong><\/td><td><strong>N\u00ba de Quest\u00f5es<\/strong><\/td><\/tr><tr><td><strong>Enfermeiro Fiscal<\/strong><\/td><td>Portugu\u00eas<\/td><td>15<\/td><\/tr><tr><td><\/td><td>Inform\u00e1tica B\u00e1sica<\/td><td>05<\/td><\/tr><tr><td><\/td><td>Conhecimentos Espec\u00edficos<\/td><td>20<\/td><\/tr><tr><td><strong>Administrador<\/strong><\/td><td>Portugu\u00eas <\/td><td>10<\/td><\/tr><tr><td><\/td><td>Inform\u00e1tica B\u00e1sica<\/td><td>05<\/td><\/tr><tr><td><\/td><td> Legisla\u00e7\u00e3o B\u00e1sica em Sa\u00fade\/Enfermagem <\/td><td>05<\/td><\/tr><tr><td><\/td><td>Conhecimentos Espec\u00edficos <\/td><td>20<\/td><\/tr><\/tbody><\/table><\/figure>\n\n\n\n<h3 class=\"wp-block-heading\" id=\"medio\">Ensino M\u00e9dio\/T\u00e9cnico<\/h3>\n\n\n\n<figure class=\"wp-block-table is-style-stripes\"><table class=\"has-subtle-pale-blue-background-color has-background\"><tbody><tr><td><strong>Cargo <\/strong><\/td><td><strong>Disciplina<\/strong><\/td><td><strong>N\u00ba de Quest\u00f5es<\/strong><\/td><\/tr><tr><td><strong>Assistente de Administra\u00e7\u00e3o<\/strong><\/td><td>Portugu\u00eas<\/td><td>15<\/td><\/tr><tr><td><\/td><td>Inform\u00e1tica B\u00e1sica<\/td><td>05<\/td><\/tr><tr><td><\/td><td>Legisla\u00e7\u00e3o B\u00e1sica em Sa\u00fade\/Enfermagem  <\/td><td>05<\/td><\/tr><tr><td><\/td><td>Racioc\u00ednio L\u00f3gico<\/td><td>15<\/td><\/tr><tr><td><strong>T\u00e9cnico em Secretariado<\/strong><\/td><td> Portugu\u00eas<\/td><td>15<\/td><\/tr><tr><td><\/td><td> Inform\u00e1tica B\u00e1sica <\/td><td>05<\/td><\/tr><tr><td><\/td><td> Legisla\u00e7\u00e3o B\u00e1sica em Sa\u00fade\/Enfermagem   <\/td><td>05<\/td><\/tr><tr><td><\/td><td>Conhecimentos Espec\u00edficos <\/td><td>15<\/td><\/tr><\/tbody><\/table><\/figure>\n\n\n\n<h2 class=\"wp-block-heading\" id=\"aprova\u00e7\u00e3o\">Aprova\u00e7\u00e3o no concurso Coren MT<\/h2>\n\n\n\n<p>A Pontua\u00e7\u00e3o Final (PF) no certame ser\u00e1 calculada da seguinte forma: <br \/>PF = PO, em que PO \u00e9 a pontua\u00e7\u00e3o obtida na Prova Objetiva. Os candidatos n\u00e3o eliminados do concurso ser\u00e3o classificados, por localidade de oferta\/emprego p\u00fablico, segundo a ordem decrescente da Pontua\u00e7\u00e3o Final.<\/p>\n\n\n\n<p>A partir de 11 de dezembro ser\u00e1 disponibilizada no site da UFMT a pontua\u00e7\u00e3o de cada candidato na Prova Objetiva. Caber\u00e1 recurso contra desempenho na avalia\u00e7\u00e3o a partir de 18 de dezembro. Ser\u00e1 disponibilizado no site da banca organizadora e no Di\u00e1rio Oficial do Estado de Mato Grosso o desempenho de cada candidato na Prova Objetiva ap\u00f3s a an\u00e1lise dos recursos.<\/p>\n\n\n\n<h2 class=\"has-text-align-center wp-block-heading\" id=\"h-quer-saber-tudo-sobre-concursos-previstos-confira-nossos-artigos\">Quer saber tudo sobre concursos previstos?<br \/>Confira nossos artigos!<\/h2>\n\n\n\n<ul class=\"wp-block-list\"><li><a href=\"https:\/\/www.estrategiaconcursos.com.br\/blog\/concursos-abertos\/\" target=\"_blank\" rel=\"noreferrer noopener\">Concursos abertos<\/a><\/li><li><a href=\"https:\/\/www.estrategiaconcursos.com.br\/blog\/concursos-2022\/\" target=\"_blank\" rel=\"noreferrer noopener\">Concursos 2022<\/a><\/li><\/ul>\n\n\n\n<h2 class=\"has-text-align-center wp-block-heading\" id=\"cursos\">Quer se preparar para o concurso Coren MT? <\/h2>\n\n\n\n<div class=\"col-sm\">\n      <div class=\"banner-estrategia\" id=\"box-assinatura\">\n        <h3 class=\"titulo-assinatura\">Cursos para Coren MT<\/h3>\n        <p class=\"subtitulo-assinatura\">Conhe\u00e7a os cursos<\/p>\n        <div class=\"box-botao\">\n          <a class=\"btn-assinatura\" target=\"_blank\" href=\"https:\/\/www.estrategiaconcursos.com.br\/cursos\/concurso\/\" role=\"button\" rel=\"noopener noreferrer\">Conhe\u00e7a mais<\/a>\n        <\/div>\n      <\/div>\n      <p class=\"texto-auxiliar\">Prepare-se com o melhor material e com quem mais aprova em Concursos P\u00fablicos em todo o pa\u00eds.<\/p>\n    <\/div>\n\n\n\n<div class=\"container\" id=\"boxes\">\n  <div class=\"row\">\n\n    <div class=\"col-sm\">\n      <div class=\"estrategia\" id=\"box-assinatura\">\n        <h3 class=\"titulo-assinatura\">Assinatura Concursos<\/h3>\n        <p class=\"subtitulo-assinatura\">Assinatura de 1 ano ou 2 anos<\/p>\n        <div class=\"box-botao\">\n          <a class=\"btn-assinatura\" target=\"_blank\" href=\"https:\/\/www.estrategiaconcursos.com.br\/assinaturas\/\" role=\"button\" rel=\"noopener noreferrer\">ASSINE AGORA<\/a>\n        <\/div>\n      <\/div>\n     \n    <\/div><\/div><\/div>\n\n\n\n<figure class=\"wp-block-image size-large is-resized\"><img loading=\"lazy\" decoding=\"async\" src=\"https:\/\/dhg1h5j42swfq.cloudfront.net\/2021\/04\/05171352\/ficha-tecnica-33-1024x632.png\" alt=\"\" class=\"wp-image-707823\" width=\"140\" height=\"86\" srcset=\"https:\/\/dhg1h5j42swfq.cloudfront.net\/2021\/04\/05171352\/ficha-tecnica-33-1024x632.png 1024w, https:\/\/dhg1h5j42swfq.cloudfront.net\/2021\/04\/05171352\/ficha-tecnica-33-300x185.png 300w, https:\/\/dhg1h5j42swfq.cloudfront.net\/2021\/04\/05171352\/ficha-tecnica-33-768x474.png 768w, https:\/\/dhg1h5j42swfq.cloudfront.net\/2021\/04\/05171352\/ficha-tecnica-33-1536x948.png 1536w, https:\/\/dhg1h5j42swfq.cloudfront.net\/2021\/04\/05171352\/ficha-tecnica-33-610x377.png 610w, https:\/\/dhg1h5j42swfq.cloudfront.net\/2021\/04\/05171352\/ficha-tecnica-33.png 1571w\" sizes=\"auto, (max-width: 140px) 100vw, 140px\" \/><\/figure>\n\n\n\n<p><strong>Informa\u00e7\u00f5es do concurso Coren MT<\/strong><\/p>\n\n\n\n<p>\u25ba<strong>Data<\/strong>\u00a0<strong>prevista da prova:<\/strong>\u00a0<s>01 de setembro \u00a0<\/s><br \/>\u25ba<strong>Vagas<\/strong>: 21<br \/>\u25ba<strong>Cargos<\/strong>: <em>Assistente de Administra\u00e7\u00e3o, T\u00e9cnico em Secretariado, Enfermagem Fiscal e para Administrador<\/em> <br \/>\u25ba<strong>Banca<\/strong>: UFMT  <br \/>\u25ba<strong>Escolaridade<\/strong>: N\u00edvel Superior\u00a0e M\u00e9dio\/T\u00e9cnico<br \/>\u25ba<strong>Edital<\/strong>\u00a0<strong><a aria-label=\"Coren MT  (abre numa nova aba)\" rel=\"noreferrer noopener\" href=\"https:\/\/dhg1h5j42swfq.cloudfront.net\/2019\/08\/02111125\/edital-coren-MT.pdf\" target=\"_blank\">Coren MT <\/a><\/strong><\/p>\n","protected":false},"excerpt":{"rendered":"<p>O concurso do Conselho Regional de Enfermagem do Mato Grosso teve seu prazo de validade prorrogado por mais dois anos. A sele\u00e7\u00e3o ficar\u00e1 vigente at\u00e9 o dia 11\/02\/2024. Concurso Coren MT Status:\u00a0prazo de validade prorrogado Banca:\u00a0UFMT Vagas:\u00a021 Sal\u00e1rio inicial:\u00a0 R$5.616,19 O documento ofertou ao todo 21 vagas distribu\u00eddas para os seguintes cargos: Assistente de Administra\u00e7\u00e3o, [&hellip;]<\/p>\n","protected":false},"author":463,"featured_media":950224,"comment_status":"open","ping_status":"closed","sticky":false,"template":"","format":"standard","meta":{"post_tipo":"article","footnotes":""},"categories":[214992],"tags":[],"tax_estado":[219976],"class_list":["post-405029","post","type-post","status-publish","format-standard","has-post-thumbnail","hentry","category-concursos-administrativos","tax_estado-mt"],"acf":[],"yoast_head":"<!-- This site is optimized with the Yoast SEO Premium plugin v27.2 (Yoast SEO v27.2) - https:\/\/yoast.com\/product\/yoast-seo-premium-wordpress\/ -->\n<title>Concurso Coren MT: prazo de validade prorrogado<\/title>\n<meta name=\"description\" content=\"Concurso Coren MT: prazo de validade prorrogado at\u00e9 2024. Foram ofertadas 21 vagas para os n\u00edveis m\u00e9dio e superior.\" \/>\n<meta name=\"robots\" content=\"index, follow, max-snippet:-1, max-image-preview:large, max-video-preview:-1\" \/>\n<link rel=\"canonical\" href=\"https:\/\/www.estrategiaconcursos.com.br\/blog\/concurso-coren-mt\/\" \/>\n<meta property=\"og:locale\" content=\"pt_BR\" \/>\n<meta property=\"og:type\" content=\"article\" \/>\n<meta property=\"og:title\" content=\"Concurso Coren MT: prazo de validade prorrogado\" \/>\n<meta property=\"og:description\" content=\"Concurso Coren MT: prazo de validade prorrogado at\u00e9 2024. Foram ofertadas 21 vagas para os n\u00edveis m\u00e9dio e superior.\" \/>\n<meta property=\"og:url\" content=\"https:\/\/www.estrategiaconcursos.com.br\/blog\/concurso-coren-mt\/\" \/>\n<meta property=\"og:site_name\" content=\"Estrat\u00e9gia Concursos\" \/>\n<meta property=\"article:published_time\" content=\"2022-01-19T11:00:00+00:00\" \/>\n<meta property=\"article:modified_time\" content=\"2022-01-19T12:25:22+00:00\" \/>\n<meta property=\"og:image\" content=\"https:\/\/dhg1h5j42swfq.cloudfront.net\/2019\/08\/19092456\/conselho-regional-de-enfermagem-de-mato-grosso.png\" \/>\n\t<meta property=\"og:image:width\" content=\"990\" \/>\n\t<meta property=\"og:image:height\" content=\"744\" \/>\n\t<meta property=\"og:image:type\" content=\"image\/png\" \/>\n<meta name=\"author\" content=\"Wagner Damazio\" \/>\n<meta name=\"twitter:card\" content=\"summary_large_image\" \/>\n<meta name=\"twitter:creator\" content=\"@EstratConcursos\" \/>\n<meta name=\"twitter:site\" content=\"@EstratConcursos\" \/>\n<meta name=\"twitter:label1\" content=\"Escrito por\" \/>\n\t<meta name=\"twitter:data1\" content=\"Wagner Damazio\" \/>\n\t<meta name=\"twitter:label2\" content=\"Est. tempo de leitura\" \/>\n\t<meta name=\"twitter:data2\" content=\"5 minutos\" \/>\n<script type=\"application\/ld+json\" class=\"yoast-schema-graph\">{\"@context\":\"https:\/\/schema.org\",\"@graph\":[{\"@type\":\"NewsArticle\",\"@id\":\"https:\/\/www.estrategiaconcursos.com.br\/blog\/concurso-coren-mt\/#article\",\"isPartOf\":{\"@id\":\"https:\/\/www.estrategiaconcursos.com.br\/blog\/concurso-coren-mt\/\"},\"author\":{\"name\":\"Wagner Damazio\",\"@id\":\"https:\/\/www.estrategiaconcursos.com.br\/blog\/#\/schema\/person\/f5b81e04c4522e78c0d896ba290e4cb0\"},\"headline\":\"Concurso Coren MT: prazo de validade prorrogado\",\"datePublished\":\"2022-01-19T11:00:00+00:00\",\"dateModified\":\"2022-01-19T12:25:22+00:00\",\"mainEntityOfPage\":{\"@id\":\"https:\/\/www.estrategiaconcursos.com.br\/blog\/concurso-coren-mt\/\"},\"wordCount\":773,\"commentCount\":1,\"publisher\":{\"@id\":\"https:\/\/www.estrategiaconcursos.com.br\/blog\/#organization\"},\"image\":{\"@id\":\"https:\/\/www.estrategiaconcursos.com.br\/blog\/concurso-coren-mt\/#primaryimage\"},\"thumbnailUrl\":\"https:\/\/dhg1h5j42swfq.cloudfront.net\/2019\/08\/19092456\/conselho-regional-de-enfermagem-de-mato-grosso.png\",\"articleSection\":[\"Executivo (Administrativa)\"],\"inLanguage\":\"pt-BR\",\"potentialAction\":[{\"@type\":\"CommentAction\",\"name\":\"Comment\",\"target\":[\"https:\/\/www.estrategiaconcursos.com.br\/blog\/concurso-coren-mt\/#respond\"]}],\"copyrightYear\":\"2022\",\"copyrightHolder\":{\"@id\":\"https:\/\/www.estrategiaconcursos.com.br\/blog\/#organization\"}},{\"@type\":\"WebPage\",\"@id\":\"https:\/\/www.estrategiaconcursos.com.br\/blog\/concurso-coren-mt\/\",\"url\":\"https:\/\/www.estrategiaconcursos.com.br\/blog\/concurso-coren-mt\/\",\"name\":\"Concurso Coren MT: prazo de validade prorrogado\",\"isPartOf\":{\"@id\":\"https:\/\/www.estrategiaconcursos.com.br\/blog\/#website\"},\"primaryImageOfPage\":{\"@id\":\"https:\/\/www.estrategiaconcursos.com.br\/blog\/concurso-coren-mt\/#primaryimage\"},\"image\":{\"@id\":\"https:\/\/www.estrategiaconcursos.com.br\/blog\/concurso-coren-mt\/#primaryimage\"},\"thumbnailUrl\":\"https:\/\/dhg1h5j42swfq.cloudfront.net\/2019\/08\/19092456\/conselho-regional-de-enfermagem-de-mato-grosso.png\",\"datePublished\":\"2022-01-19T11:00:00+00:00\",\"dateModified\":\"2022-01-19T12:25:22+00:00\",\"description\":\"Concurso Coren MT: prazo de validade prorrogado at\u00e9 2024. Foram ofertadas 21 vagas para os n\u00edveis m\u00e9dio e superior.\",\"breadcrumb\":{\"@id\":\"https:\/\/www.estrategiaconcursos.com.br\/blog\/concurso-coren-mt\/#breadcrumb\"},\"inLanguage\":\"pt-BR\",\"potentialAction\":[{\"@type\":\"ReadAction\",\"target\":[\"https:\/\/www.estrategiaconcursos.com.br\/blog\/concurso-coren-mt\/\"]}]},{\"@type\":\"ImageObject\",\"inLanguage\":\"pt-BR\",\"@id\":\"https:\/\/www.estrategiaconcursos.com.br\/blog\/concurso-coren-mt\/#primaryimage\",\"url\":\"https:\/\/dhg1h5j42swfq.cloudfront.net\/2019\/08\/19092456\/conselho-regional-de-enfermagem-de-mato-grosso.png\",\"contentUrl\":\"https:\/\/dhg1h5j42swfq.cloudfront.net\/2019\/08\/19092456\/conselho-regional-de-enfermagem-de-mato-grosso.png\",\"width\":990,\"height\":744},{\"@type\":\"BreadcrumbList\",\"@id\":\"https:\/\/www.estrategiaconcursos.com.br\/blog\/concurso-coren-mt\/#breadcrumb\",\"itemListElement\":[{\"@type\":\"ListItem\",\"position\":1,\"name\":\"In\u00edcio\",\"item\":\"https:\/\/www.estrategiaconcursos.com.br\/blog\/\"},{\"@type\":\"ListItem\",\"position\":2,\"name\":\"Concurso Coren MT: prazo de validade prorrogado\"}]},{\"@type\":\"WebSite\",\"@id\":\"https:\/\/www.estrategiaconcursos.com.br\/blog\/#website\",\"url\":\"https:\/\/www.estrategiaconcursos.com.br\/blog\/\",\"name\":\"Estrat\u00e9gia Concursos\",\"description\":\"O blog da Estrat\u00e9gia Concursos traz not\u00edcias sobre concursos e artigos de professores oferecendo cursos para concursos (pdf + videaulas) no site.\",\"publisher\":{\"@id\":\"https:\/\/www.estrategiaconcursos.com.br\/blog\/#organization\"},\"potentialAction\":[{\"@type\":\"SearchAction\",\"target\":{\"@type\":\"EntryPoint\",\"urlTemplate\":\"https:\/\/www.estrategiaconcursos.com.br\/blog\/?s={search_term_string}\"},\"query-input\":{\"@type\":\"PropertyValueSpecification\",\"valueRequired\":true,\"valueName\":\"search_term_string\"}}],\"inLanguage\":\"pt-BR\"},{\"@type\":\"Organization\",\"@id\":\"https:\/\/www.estrategiaconcursos.com.br\/blog\/#organization\",\"name\":\"Estrat\u00e9gia Concursos\",\"url\":\"https:\/\/www.estrategiaconcursos.com.br\/blog\/\",\"logo\":{\"@type\":\"ImageObject\",\"inLanguage\":\"pt-BR\",\"@id\":\"https:\/\/www.estrategiaconcursos.com.br\/blog\/#\/schema\/logo\/image\/\",\"url\":\"https:\/\/dhg1h5j42swfq.cloudfront.net\/2025\/06\/03203428\/logo_concursos-1.jpg\",\"contentUrl\":\"https:\/\/dhg1h5j42swfq.cloudfront.net\/2025\/06\/03203428\/logo_concursos-1.jpg\",\"width\":230,\"height\":60,\"caption\":\"Estrat\u00e9gia Concursos\"},\"image\":{\"@id\":\"https:\/\/www.estrategiaconcursos.com.br\/blog\/#\/schema\/logo\/image\/\"},\"sameAs\":[\"https:\/\/x.com\/EstratConcursos\"]},{\"@type\":\"Person\",\"@id\":\"https:\/\/www.estrategiaconcursos.com.br\/blog\/#\/schema\/person\/f5b81e04c4522e78c0d896ba290e4cb0\",\"name\":\"Wagner Damazio\",\"image\":{\"@type\":\"ImageObject\",\"inLanguage\":\"pt-BR\",\"@id\":\"https:\/\/secure.gravatar.com\/avatar\/5841b494cf624bcdfca728a4708ad21f8dd8e34657a98b9970e6136e633ae15a?s=96&d=mm&r=g\",\"url\":\"https:\/\/secure.gravatar.com\/avatar\/5841b494cf624bcdfca728a4708ad21f8dd8e34657a98b9970e6136e633ae15a?s=96&d=mm&r=g\",\"contentUrl\":\"https:\/\/secure.gravatar.com\/avatar\/5841b494cf624bcdfca728a4708ad21f8dd8e34657a98b9970e6136e633ae15a?s=96&d=mm&r=g\",\"caption\":\"Wagner Damazio\"},\"url\":\"https:\/\/www.estrategiaconcursos.com.br\/blog\/author\/wagnermatematicoyahoo-com-br\/\"}]}<\/script>\n<!-- \/ Yoast SEO Premium plugin. -->","yoast_head_json":{"title":"Concurso Coren MT: prazo de validade prorrogado","description":"Concurso Coren MT: prazo de validade prorrogado at\u00e9 2024. Foram ofertadas 21 vagas para os n\u00edveis m\u00e9dio e superior.","robots":{"index":"index","follow":"follow","max-snippet":"max-snippet:-1","max-image-preview":"max-image-preview:large","max-video-preview":"max-video-preview:-1"},"canonical":"https:\/\/www.estrategiaconcursos.com.br\/blog\/concurso-coren-mt\/","og_locale":"pt_BR","og_type":"article","og_title":"Concurso Coren MT: prazo de validade prorrogado","og_description":"Concurso Coren MT: prazo de validade prorrogado at\u00e9 2024. Foram ofertadas 21 vagas para os n\u00edveis m\u00e9dio e superior.","og_url":"https:\/\/www.estrategiaconcursos.com.br\/blog\/concurso-coren-mt\/","og_site_name":"Estrat\u00e9gia Concursos","article_published_time":"2022-01-19T11:00:00+00:00","article_modified_time":"2022-01-19T12:25:22+00:00","og_image":[{"width":990,"height":744,"url":"https:\/\/dhg1h5j42swfq.cloudfront.net\/2019\/08\/19092456\/conselho-regional-de-enfermagem-de-mato-grosso.png","type":"image\/png"}],"author":"Wagner Damazio","twitter_card":"summary_large_image","twitter_creator":"@EstratConcursos","twitter_site":"@EstratConcursos","twitter_misc":{"Escrito por":"Wagner Damazio","Est. tempo de leitura":"5 minutos"},"schema":{"@context":"https:\/\/schema.org","@graph":[{"@type":"NewsArticle","@id":"https:\/\/www.estrategiaconcursos.com.br\/blog\/concurso-coren-mt\/#article","isPartOf":{"@id":"https:\/\/www.estrategiaconcursos.com.br\/blog\/concurso-coren-mt\/"},"author":{"name":"Wagner Damazio","@id":"https:\/\/www.estrategiaconcursos.com.br\/blog\/#\/schema\/person\/f5b81e04c4522e78c0d896ba290e4cb0"},"headline":"Concurso Coren MT: prazo de validade prorrogado","datePublished":"2022-01-19T11:00:00+00:00","dateModified":"2022-01-19T12:25:22+00:00","mainEntityOfPage":{"@id":"https:\/\/www.estrategiaconcursos.com.br\/blog\/concurso-coren-mt\/"},"wordCount":773,"commentCount":1,"publisher":{"@id":"https:\/\/www.estrategiaconcursos.com.br\/blog\/#organization"},"image":{"@id":"https:\/\/www.estrategiaconcursos.com.br\/blog\/concurso-coren-mt\/#primaryimage"},"thumbnailUrl":"https:\/\/dhg1h5j42swfq.cloudfront.net\/2019\/08\/19092456\/conselho-regional-de-enfermagem-de-mato-grosso.png","articleSection":["Executivo (Administrativa)"],"inLanguage":"pt-BR","potentialAction":[{"@type":"CommentAction","name":"Comment","target":["https:\/\/www.estrategiaconcursos.com.br\/blog\/concurso-coren-mt\/#respond"]}],"copyrightYear":"2022","copyrightHolder":{"@id":"https:\/\/www.estrategiaconcursos.com.br\/blog\/#organization"}},{"@type":"WebPage","@id":"https:\/\/www.estrategiaconcursos.com.br\/blog\/concurso-coren-mt\/","url":"https:\/\/www.estrategiaconcursos.com.br\/blog\/concurso-coren-mt\/","name":"Concurso Coren MT: prazo de validade prorrogado","isPartOf":{"@id":"https:\/\/www.estrategiaconcursos.com.br\/blog\/#website"},"primaryImageOfPage":{"@id":"https:\/\/www.estrategiaconcursos.com.br\/blog\/concurso-coren-mt\/#primaryimage"},"image":{"@id":"https:\/\/www.estrategiaconcursos.com.br\/blog\/concurso-coren-mt\/#primaryimage"},"thumbnailUrl":"https:\/\/dhg1h5j42swfq.cloudfront.net\/2019\/08\/19092456\/conselho-regional-de-enfermagem-de-mato-grosso.png","datePublished":"2022-01-19T11:00:00+00:00","dateModified":"2022-01-19T12:25:22+00:00","description":"Concurso Coren MT: prazo de validade prorrogado at\u00e9 2024. Foram ofertadas 21 vagas para os n\u00edveis m\u00e9dio e superior.","breadcrumb":{"@id":"https:\/\/www.estrategiaconcursos.com.br\/blog\/concurso-coren-mt\/#breadcrumb"},"inLanguage":"pt-BR","potentialAction":[{"@type":"ReadAction","target":["https:\/\/www.estrategiaconcursos.com.br\/blog\/concurso-coren-mt\/"]}]},{"@type":"ImageObject","inLanguage":"pt-BR","@id":"https:\/\/www.estrategiaconcursos.com.br\/blog\/concurso-coren-mt\/#primaryimage","url":"https:\/\/dhg1h5j42swfq.cloudfront.net\/2019\/08\/19092456\/conselho-regional-de-enfermagem-de-mato-grosso.png","contentUrl":"https:\/\/dhg1h5j42swfq.cloudfront.net\/2019\/08\/19092456\/conselho-regional-de-enfermagem-de-mato-grosso.png","width":990,"height":744},{"@type":"BreadcrumbList","@id":"https:\/\/www.estrategiaconcursos.com.br\/blog\/concurso-coren-mt\/#breadcrumb","itemListElement":[{"@type":"ListItem","position":1,"name":"In\u00edcio","item":"https:\/\/www.estrategiaconcursos.com.br\/blog\/"},{"@type":"ListItem","position":2,"name":"Concurso Coren MT: prazo de validade prorrogado"}]},{"@type":"WebSite","@id":"https:\/\/www.estrategiaconcursos.com.br\/blog\/#website","url":"https:\/\/www.estrategiaconcursos.com.br\/blog\/","name":"Estrat\u00e9gia Concursos","description":"O blog da Estrat\u00e9gia Concursos traz not\u00edcias sobre concursos e artigos de professores oferecendo cursos para concursos (pdf + videaulas) no site.","publisher":{"@id":"https:\/\/www.estrategiaconcursos.com.br\/blog\/#organization"},"potentialAction":[{"@type":"SearchAction","target":{"@type":"EntryPoint","urlTemplate":"https:\/\/www.estrategiaconcursos.com.br\/blog\/?s={search_term_string}"},"query-input":{"@type":"PropertyValueSpecification","valueRequired":true,"valueName":"search_term_string"}}],"inLanguage":"pt-BR"},{"@type":"Organization","@id":"https:\/\/www.estrategiaconcursos.com.br\/blog\/#organization","name":"Estrat\u00e9gia Concursos","url":"https:\/\/www.estrategiaconcursos.com.br\/blog\/","logo":{"@type":"ImageObject","inLanguage":"pt-BR","@id":"https:\/\/www.estrategiaconcursos.com.br\/blog\/#\/schema\/logo\/image\/","url":"https:\/\/dhg1h5j42swfq.cloudfront.net\/2025\/06\/03203428\/logo_concursos-1.jpg","contentUrl":"https:\/\/dhg1h5j42swfq.cloudfront.net\/2025\/06\/03203428\/logo_concursos-1.jpg","width":230,"height":60,"caption":"Estrat\u00e9gia Concursos"},"image":{"@id":"https:\/\/www.estrategiaconcursos.com.br\/blog\/#\/schema\/logo\/image\/"},"sameAs":["https:\/\/x.com\/EstratConcursos"]},{"@type":"Person","@id":"https:\/\/www.estrategiaconcursos.com.br\/blog\/#\/schema\/person\/f5b81e04c4522e78c0d896ba290e4cb0","name":"Wagner Damazio","image":{"@type":"ImageObject","inLanguage":"pt-BR","@id":"https:\/\/secure.gravatar.com\/avatar\/5841b494cf624bcdfca728a4708ad21f8dd8e34657a98b9970e6136e633ae15a?s=96&d=mm&r=g","url":"https:\/\/secure.gravatar.com\/avatar\/5841b494cf624bcdfca728a4708ad21f8dd8e34657a98b9970e6136e633ae15a?s=96&d=mm&r=g","contentUrl":"https:\/\/secure.gravatar.com\/avatar\/5841b494cf624bcdfca728a4708ad21f8dd8e34657a98b9970e6136e633ae15a?s=96&d=mm&r=g","caption":"Wagner Damazio"},"url":"https:\/\/www.estrategiaconcursos.com.br\/blog\/author\/wagnermatematicoyahoo-com-br\/"}]}},"_links":{"self":[{"href":"https:\/\/www.estrategiaconcursos.com.br\/blog\/wp-json\/wp\/v2\/posts\/405029","targetHints":{"allow":["GET"]}}],"collection":[{"href":"https:\/\/www.estrategiaconcursos.com.br\/blog\/wp-json\/wp\/v2\/posts"}],"about":[{"href":"https:\/\/www.estrategiaconcursos.com.br\/blog\/wp-json\/wp\/v2\/types\/post"}],"author":[{"embeddable":true,"href":"https:\/\/www.estrategiaconcursos.com.br\/blog\/wp-json\/wp\/v2\/users\/463"}],"replies":[{"embeddable":true,"href":"https:\/\/www.estrategiaconcursos.com.br\/blog\/wp-json\/wp\/v2\/comments?post=405029"}],"version-history":[{"count":9,"href":"https:\/\/www.estrategiaconcursos.com.br\/blog\/wp-json\/wp\/v2\/posts\/405029\/revisions"}],"predecessor-version":[{"id":950220,"href":"https:\/\/www.estrategiaconcursos.com.br\/blog\/wp-json\/wp\/v2\/posts\/405029\/revisions\/950220"}],"wp:featuredmedia":[{"embeddable":true,"href":"https:\/\/www.estrategiaconcursos.com.br\/blog\/wp-json\/wp\/v2\/media\/950224"}],"wp:attachment":[{"href":"https:\/\/www.estrategiaconcursos.com.br\/blog\/wp-json\/wp\/v2\/media?parent=405029"}],"wp:term":[{"taxonomy":"category","embeddable":true,"href":"https:\/\/www.estrategiaconcursos.com.br\/blog\/wp-json\/wp\/v2\/categories?post=405029"},{"taxonomy":"post_tag","embeddable":true,"href":"https:\/\/www.estrategiaconcursos.com.br\/blog\/wp-json\/wp\/v2\/tags?post=405029"},{"taxonomy":"tax_estado","embeddable":true,"href":"https:\/\/www.estrategiaconcursos.com.br\/blog\/wp-json\/wp\/v2\/tax_estado?post=405029"}],"curies":[{"name":"wp","href":"https:\/\/api.w.org\/{rel}","templated":true}]}}