{"id":404669,"date":"2019-10-03T04:00:45","date_gmt":"2019-10-03T07:00:45","guid":{"rendered":"https:\/\/www.estrategiaconcursos.com.br\/blog\/?p=404669"},"modified":"2019-10-03T10:54:46","modified_gmt":"2019-10-03T13:54:46","slug":"concurso-iffar-rs","status":"publish","type":"post","link":"https:\/\/www.estrategiaconcursos.com.br\/blog\/concurso-iffar-rs\/","title":{"rendered":"Concurso IFFar RS: inscri\u00e7\u00f5es encerradas na \u00faltima quarta-feira, 2 de outubro"},"content":{"rendered":"\n<p>As inscri\u00e7\u00f5es para o concurso p\u00fablico do Instituto Federal de Ci\u00eancia e Tecnologia Farroupilha (IFFar), no Rio Grande do Sul, concurso IFFar terminaram na quarta-feira, 2 de outubro. S\u00e3o ofertadas no total <strong>19 vagas<\/strong> para cargos de<strong> n\u00edvel m\u00e9dio e superior<\/strong>. <\/p>\n\n\n\n<p>A empresa contratada para organizar foi a <strong>Funda\u00e7\u00e3o Universidade Empresa de Tecnologia e Ci\u00eancias &#8211; FUNDATEC<\/strong>. Acompanhe neste artigo todas as informa\u00e7\u00f5es necess\u00e1rias para prestar o certame.<\/p>\n\n\n\n<ul class=\"wp-block-list\"><li><strong><em><a href=\"#principais\">Principais informa\u00e7\u00f5es do edital<\/a><\/em><\/strong><\/li><li><strong><em><a href=\"#cargos\">Cargos Vagos, requisitos e remunera\u00e7\u00e3o<\/a><\/em><\/strong><\/li><li><strong><em><a href=\"#etapas\">Etapas do concurso<\/a><\/em><\/strong><\/li><li><strong><em><a href=\"#quantitativo\">Quantitativo por unidade<\/a><\/em><\/strong><\/li><li><strong><em><a href=\"#remuneracao\">Remunera\u00e7\u00e3o<\/a><\/em><\/strong><\/li><li><strong><em><a href=\"#requisitos\">Requisitos dos cargos<\/a><\/em><\/strong><\/li><li><strong><em><a href=\"#concurso-tae\">\u00daltimo concurso &#8211; TAE<\/a><\/em><\/strong><\/li><li><strong><em><a href=\"#concurso-docentes\">\u00daltimo concurso &#8211; Docentes<\/a><\/em><\/strong><\/li><li><strong><em><a href=\"#assinatura-e-cursos\">Assinatura ilimitada e curso<\/a><\/em><\/strong><\/li><\/ul>\n\n\n\n<h2 class=\"wp-block-heading\" id=\"principais\">Principais informa\u00e7\u00f5es do edital concurso IFFar RS<\/h2>\n\n\n\n<p>A <strong>prova objetiva<\/strong> est\u00e1 prevista para o dia <strong>22 de dezembro<\/strong>. <\/p>\n\n\n\n<h3 class=\"wp-block-heading\">Principais datas:<\/h3>\n\n\n\n<p class=\"has-background has-very-light-gray-background-color\"><em><strong>Inscri\u00e7\u00e3o<\/strong>: 03\/09 a 02\/10<\/em><br \/><em><strong>Isen\u00e7\u00e3o<\/strong>: 03\/09 a 05\/09<\/em><br \/><em><strong>Programa de conte\u00fado<\/strong>: 03\/09<\/em><br \/><em><strong>Prova Objetiva<\/strong>: 22\/12<\/em><\/p>\n\n\n\n<h2 class=\"wp-block-heading\" id=\"cargos\">Cargos vagos, requisitos e remunera\u00e7\u00e3o concurso IFFar RS <\/h2>\n\n\n\n<p>Abaixo relacionamos as oportunidades do certame com as respectivas quantidade de vagas.<\/p>\n\n\n\n<table class=\"wp-block-table has-subtle-light-gray-background-color has-fixed-layout has-background is-style-stripes\"><tbody><tr><td><strong>Cargo<\/strong> <strong>&#8211; N\u00edvel Superior<\/strong><\/td><td><strong>Total de Vagas<\/strong><\/td><\/tr><tr><td> Assistente Social <\/td><td>01<\/td><\/tr><tr><td> Bibliotec\u00e1rio Documentalista <\/td><td>01<\/td><\/tr><tr><td>Enfermeiro <\/td><td>01<\/td><\/tr><tr><td> M\u00e9dico <\/td><td>01<\/td><\/tr><tr><td> Nutricionista &#8211; Habilita\u00e7\u00e3o <\/td><td>01<\/td><\/tr><tr><td> Pedagogo &#8211; \u00c1rea <\/td><td>01<\/td><\/tr><tr><td>T\u00e9cnico em Assuntos Educacionais <\/td><td>03<\/td><\/tr><tr><td><strong>Cargos de n\u00edvel M\u00e9dio e T\u00e9cnico<\/strong><\/td><td><strong>Total de Vagas<\/strong><\/td><\/tr><tr><td> T\u00e9cnico de Laborat\u00f3rio &#8211; \u00c1rea Agricultura <\/td><td>01<\/td><\/tr><tr><td> T\u00e9cnico de Laborat\u00f3rio &#8211; \u00c1rea Agropecu\u00e1ria <\/td><td>01<\/td><\/tr><tr><td> T\u00e9cnico de Laborat\u00f3rio &#8211; \u00c1rea Enfermagem <\/td><td>01<\/td><\/tr><tr><td> T\u00e9cnico de Laborat\u00f3rio &#8211; \u00c1rea Est\u00e9tica <\/td><td>01<\/td><\/tr><tr><td> T\u00e9cnico de Laborat\u00f3rio &#8211; \u00c1rea Qu\u00edmica <\/td><td>01<\/td><\/tr><tr><td> T\u00e9cnico de Tecnologia da Informa\u00e7\u00e3o <\/td><td>01<\/td><\/tr><tr><td> T\u00e9cnico em Edifica\u00e7\u00f5es <\/td><td>01<\/td><\/tr><tr><td> T\u00e9cnico em Enfermagem <\/td><td>02<\/td><\/tr><tr><td><strong>Cargo Ensino M\u00e9dio<\/strong><\/td><td><strong>Total de Vagas<\/strong><\/td><\/tr><tr><td> Assistente de Aluno <\/td><td>01<\/td><\/tr><\/tbody><\/table>\n\n\n\n<p>Sobre a remunera\u00e7\u00e3o e requisitos no concurso IFFar, para os cargos de <strong>n\u00edvel superior<\/strong> \u00e9 necess\u00e1rio diploma de gradua\u00e7\u00e3o na \u00e1rea da profiss\u00e3o, o sal\u00e1rio oferecido \u00e9 de <strong>R$4.180,66<\/strong>. <\/p>\n\n\n\n<p>J\u00e1 para cargos de<strong> n\u00edvel m\u00e9dio e t\u00e9cnico<\/strong>, a remunera\u00e7\u00e3o \u00e9 de <strong>R$ 2.446,96<\/strong>, com exig\u00eancia tamb\u00e9m de curso t\u00e9cnico na \u00e1rea do cargo. Para o cargo de Assistente de Aluno, <strong>Ensino M\u00e9dio Completo<\/strong> e remunera\u00e7\u00e3o no valor de <strong>R$ 1.945,07<\/strong>. <\/p>\n\n\n\n<p>Lembrando que para M\u00e9dico a carga hor\u00e1ria \u00e9 de 20 horas enquanto para os outros cargos, de 40 horas.<\/p>\n\n\n\n<h3 class=\"wp-block-heading\">Benef\u00edcios<\/h3>\n\n\n\n<p>Os candidatos tamb\u00e9m t\u00eam direito aos benef\u00edcios abaixo:<\/p>\n\n\n\n<ul class=\"wp-block-list\"><li>Aux\u00edlio Alimenta\u00e7\u00e3o no valor de R$ 458,00 <\/li><li>Aux\u00edlio Pr\u00e9-escola no valor de R$ 321,00 <\/li><li>Aux\u00edlio transporte <\/li><li>Aux\u00edlio sa\u00fade<\/li><\/ul>\n\n\n\n<h2 class=\"wp-block-heading\" id=\"etapas\">Etapas do concurso concurso IFFar<\/h2>\n\n\n\n<p>O processo seletivo do concurso IFFar ser\u00e1 constitu\u00eddo de uma Prova Te\u00f3rico-Objetiva, aplicada na cidade de Santa Maria no Rio Grande do Sul. Ser\u00e3o no total 50 quest\u00f5es de m\u00faltipla escolha com 5 alternativas com uma correta. Os candidatos obter\u00e3o 3h30 para realizar a avalia\u00e7\u00e3o. <\/p>\n\n\n\n<p>Segue abaixo o quadro demonstrativo das disciplinas.<\/p>\n\n\n\n<table class=\"wp-block-table has-subtle-pale-green-background-color has-fixed-layout has-background is-style-stripes\"><tbody><tr><td><strong>Disciplinas<\/strong><\/td><td><strong>Quantidade de Quest\u00f5es<\/strong><\/td><td><strong>Pontos\/Quest\u00e3o<\/strong><\/td><\/tr><tr><td>Conhecimentos Espec\u00edficos<\/td><td>25<\/td><td>2<\/td><\/tr><tr><td>L\u00edngua Portuguesa<\/td><td>15<\/td><td>2<\/td><\/tr><tr><td>Legisla\u00e7\u00e3o<\/td><td>10<\/td><td>2<\/td><\/tr><\/tbody><\/table>\n\n\n\n<p>O programa de conte\u00fado da prova ser\u00e1 publicado no dia 03 de setembro.<\/p>\n\n\n\n<h2 class=\"wp-block-heading\" id=\"quantitativo\">Concurso IFFar: Quantitativo por unidade<\/h2>\n\n\n\n<p>Quantitativo de servidores T\u00e9cnico-administrativos e docentes por unidade e departamento referente ao m\u00eas de julho.<\/p>\n\n\n\n<p><\/p>\n\n\n\n<table class=\"wp-block-table has-subtle-pale-blue-background-color has-fixed-layout has-background is-style-stripes\"><thead><tr><th>Departamento<\/th><th>Docentes<\/th><th>T\u00e9cnicos Administrativos<\/th><th>Total<\/th><\/tr><\/thead><tbody><tr><td><strong>INSTITUTO FEDERAL FARROUPILHA<\/strong><\/td><td><strong>822<\/strong><\/td><td><strong>666<\/strong><\/td><td><strong>1488<\/strong><\/td><\/tr><tr><td>Reitoria<\/td><td>35<\/td><td>93<\/td><td>128<\/td><\/tr><tr><td>Campus Alegrete<\/td><td>117<\/td><td>81<\/td><td>198<\/td><\/tr><tr><td>Campus S\u00e3o Vicente do Sul<\/td><td>122<\/td><td>96<\/td><td>218<\/td><\/tr><tr><td>Campus Santa Rosa<\/td><td>71<\/td><td>56<\/td><td>127<\/td><\/tr><tr><td>Campus Julio de Castilhos<\/td><td>80<\/td><td>56<\/td><td>136<\/td><\/tr><tr><td>Campus Santo Augusto<\/td><td>71<\/td><td>50<\/td><td>121<\/td><\/tr><tr><td>Campus Panambi<\/td><td>73<\/td><td>53<\/td><td>126<\/td><\/tr><tr><td>Campus S\u00e3o Borja<\/td><td>68<\/td><td>54<\/td><td>122<\/td><\/tr><tr><td>Campus JAGUARI<\/td><td>38<\/td><td>36<\/td><td>74<\/td><\/tr><tr><td>Campus Santo Angelo<\/td><td>55<\/td><td>40<\/td><td>95<\/td><\/tr><tr><td>Campus Avan\u00e7ado Uruguaiana<\/td><td>26<\/td><td>14<\/td><td>40<\/td><\/tr><tr><td>Campus Frederico Westphalen<\/td><td>66<\/td><td>37<\/td><td>103<\/td><\/tr><tr><td><strong>TOTAL GERAL<\/strong><\/td><td><strong>822<\/strong><\/td><td><strong>666<\/strong><\/td><td><strong>1488<\/strong><\/td><\/tr><\/tbody><\/table>\n\n\n\n<h2 class=\"wp-block-heading\" id=\"remuneracao\">Concurso IFFar: Remunera\u00e7\u00e3o<\/h2>\n\n\n\n<h3 class=\"wp-block-heading\"><em>TAE:<\/em><\/h3>\n\n\n\n<ul class=\"wp-block-list\"><li><strong>Cargos de n\u00edvel fundamental:<\/strong> R$ 1.945,07 <\/li><li><strong>Cargos de n\u00edvel superior: <\/strong>R$ 2.446,96 <\/li><\/ul>\n\n\n\n<p>Ao Vencimento B\u00e1sico tamb\u00e9m \u00e9 acrescido o valor de R$ 458,00, que corresponde ao Aux\u00edlio Alimenta\u00e7\u00e3o. <\/p>\n\n\n\n<p>Ao servidor que possuir n\u00edvel de escolaridade formal superior ao previsto para o exerc\u00edcio do cargo, ser\u00e1 concedido incentivo \u00e0 qualifica\u00e7\u00e3o, conforme quadro a seguir:<\/p>\n\n\n\n<div class=\"wp-block-image\"><figure class=\"aligncenter\"><img loading=\"lazy\" decoding=\"async\" width=\"962\" height=\"266\" src=\"https:\/\/dhg1h5j42swfq.cloudfront.net\/2019\/08\/02113339\/Capturar-min.jpg2.jpg\" alt=\"concurso IFFar \" class=\"wp-image-405157\" srcset=\"https:\/\/dhg1h5j42swfq.cloudfront.net\/2019\/08\/02113339\/Capturar-min.jpg2.jpg 962w, https:\/\/dhg1h5j42swfq.cloudfront.net\/2019\/08\/02113339\/Capturar-min.jpg2.jpg 300w, https:\/\/dhg1h5j42swfq.cloudfront.net\/2019\/08\/02113339\/Capturar-min.jpg2.jpg 768w, https:\/\/dhg1h5j42swfq.cloudfront.net\/2019\/08\/02113339\/Capturar-min.jpg2.jpg 610w\" sizes=\"auto, (max-width: 962px) 100vw, 962px\" \/><figcaption>Concurso IFFar: incentivo \u00e0 qualifica\u00e7\u00e3o<\/figcaption><\/figure><\/div>\n\n\n\n<h3 class=\"wp-block-heading\"><em>Docentes:<\/em><\/h3>\n\n\n\n<p><\/p>\n\n\n\n<table class=\"wp-block-table has-subtle-pale-blue-background-color has-fixed-layout has-background is-style-stripes\"><tbody><tr><td><strong>Vencimento B\u00e1sico <\/strong><\/td><td><strong>T\u00edtulo <\/strong><\/td><td><strong>Retribui\u00e7\u00e3o por Titula\u00e7\u00e3o <\/strong><\/td><td><strong>Aux\u00edlio Alimenta\u00e7\u00e3o <\/strong><\/td><td><strong>Total <\/strong><\/td><\/tr><tr><td>R$ 4.455,22 <\/td><td>Doutorado <\/td><td>R$ 5.130,45 <\/td><td>R$ 458,00 <\/td><td>R$ 10.043,67 <\/td><\/tr><tr><td>R$ 4.455,22 <\/td><td>Mestrado <\/td><td>R$ 2.172,21 <\/td><td>R$ 458,00 <\/td><td>R$ 7.085,43 <\/td><\/tr><tr><td>R$ 4.455,22 <\/td><td>Especializa\u00e7\u00e3o <\/td><td>R$ 753,71 <\/td><td>R$ 458,00 <\/td><td>R$ 5.666,93 <\/td><\/tr><tr><td>R$ 4.455,22 <\/td><td>Aperfei\u00e7oamento <\/td><td>R$ 409,76 <\/td><td>R$ 458,00 <\/td><td>R$ 5.322,98 <\/td><\/tr><tr><td>R$ 4.455,22 <\/td><td>Gradua\u00e7\u00e3o <\/td><td>&#8211;<\/td><td>R$ 458,00 <\/td><td>R$ 4.913,22 <\/td><\/tr><\/tbody><\/table>\n\n\n\n<h2 class=\"wp-block-heading\" id=\"requisitos\">Requisitos dos cargos do concurso IFFar<\/h2>\n\n\n\n<p><strong>Auxiliar em Administra\u00e7\u00e3o <br \/><\/strong>Ensino Fundamental Completo <\/p>\n\n\n\n<p><strong>T\u00e9cnico de Laborat\u00f3rio\/ \u00c1rea Biologia <br \/><\/strong>Ensino M\u00e9dio Profissionalizante na \u00c1rea de Biologia ou Ensino M\u00e9dio completo + Curso T\u00e9cnico na \u00c1rea de Biologia <\/p>\n\n\n\n<p><strong>Tradutor e Int\u00e9rprete de Linguagem de Sinais <br \/>I \u2013 <\/strong>Gradua\u00e7\u00e3o em Tradu\u00e7\u00e3o e Interpreta\u00e7\u00e3o Letras\/Libras; ou <br \/><strong>II \u2013<\/strong> Curso superior + certifica\u00e7\u00e3o de profici\u00eancia em tradu\u00e7\u00e3o e interpreta\u00e7\u00e3o de LIBRAS; ou <br \/><strong>III \u2013<\/strong> Ensino M\u00e9dio Completo + certifica\u00e7\u00e3o de profici\u00eancia em tradu\u00e7\u00e3o e interpreta\u00e7\u00e3o de LIBRAS. <\/p>\n\n\n\n<p><strong>Professor do Ensino B\u00e1sico, T\u00e9cnico e Tecnol\u00f3gico <\/strong><br \/>Gradua\u00e7\u00e3o ou licenciatura, conforme o cargo<\/p>\n\n\n\n<h2 class=\"wp-block-heading\" id=\"concurso-tae\">\u00daltimo concurso IFFar RS &#8211; TAE<\/h2>\n\n\n\n<p>O \u00faltimo concurso IFFar para os cargos de T\u00e9cnico-Administrativos em Educa\u00e7\u00e3o foi realizado em 2018 sob organiza\u00e7\u00e3o da Funda\u00e7\u00e3o Cefetminas. Na ocasi\u00e3o foram ofertadas 03 vagas para os cargos de T\u00e9cnico de Laborat\u00f3rio, Tradutor e Int\u00e9rprete de Linguagem de Sinais e Auxiliar em Administra\u00e7\u00e3o.<\/p>\n\n\n\n<ul class=\"wp-block-list\"><li>1 vaga &#8211; T\u00e9cnico de Laborat\u00f3rio\/ \u00c1rea Biologia <\/li><li>1 vaga &#8211; Tradutor e Int\u00e9rprete de Linguagem de Sinais <\/li><li>1 vaga &#8211; Auxiliar em Administra\u00e7\u00e3o <\/li><\/ul>\n\n\n\n<h3 class=\"wp-block-heading\">Etapas do concurso<\/h3>\n\n\n\n<ol class=\"wp-block-list\"><li>Prova Objetiva &#8211; Conhecimentos Gerais<\/li><li>Prova Objetiva &#8211; Conhecimentos Espec\u00edficos<\/li><li>Prova Pr\u00e1tica (somente para o cargo de Tradutor)<\/li><\/ol>\n\n\n\n<div class=\"wp-block-image\"><figure class=\"aligncenter\"><img loading=\"lazy\" decoding=\"async\" width=\"697\" height=\"180\" src=\"https:\/\/dhg1h5j42swfq.cloudfront.net\/2019\/08\/02113901\/Capturar-min-1.jpg1.jpg\" alt=\"Concurso IFFar: prova objetiva - TAE\" class=\"wp-image-405160\" srcset=\"https:\/\/dhg1h5j42swfq.cloudfront.net\/2019\/08\/02113901\/Capturar-min-1.jpg1.jpg 697w, https:\/\/dhg1h5j42swfq.cloudfront.net\/2019\/08\/02113901\/Capturar-min-1.jpg1.jpg 300w, https:\/\/dhg1h5j42swfq.cloudfront.net\/2019\/08\/02113901\/Capturar-min-1.jpg1.jpg 610w\" sizes=\"auto, (max-width: 697px) 100vw, 697px\" \/><figcaption>Concurso IFFar: prova objetiva &#8211; TAE<\/figcaption><\/figure><\/div>\n\n\n\n<h3 class=\"wp-block-heading\">Nomea\u00e7\u00f5es<\/h3>\n\n\n\n<p>Segundo o levantamento mais recente, de 11 de abril, foram nomeados cinco candidatos, conforme tabela abaixo:<\/p>\n\n\n\n<p><\/p>\n\n\n\n<table class=\"wp-block-table has-subtle-pale-blue-background-color has-fixed-layout has-background is-style-stripes\"><tbody><tr><td><strong>Cargo<\/strong><\/td><td><strong>Classifica\u00e7\u00e3o<\/strong><\/td><td><strong>Nota<\/strong><\/td><\/tr><tr><td>Auxiliar em Adm. &#8211; AC<\/td><td>1<\/td><td>98,00 <\/td><\/tr><tr><td>T\u00e9cnico de Lab. &#8211; AC<\/td><td>1<\/td><td>82,00  <\/td><\/tr><tr><td>T\u00e9cnico de Lab. &#8211; AC<\/td><td>2<\/td><td>80,00  <\/td><\/tr><tr><td>T\u00e9cnico de Lab. &#8211; Negros<\/td><td>1<\/td><td>56,00 <\/td><\/tr><tr><td>Tradutor<\/td><td>3<\/td><td>57,80 <\/td><\/tr><\/tbody><\/table>\n\n\n\n<p style=\"font-size:25px;text-align:center\" class=\"has-background has-very-light-gray-background-color\"><strong><a href=\"https:\/\/dhg1h5j42swfq.cloudfront.net\/2019\/08\/02112328\/tae1.pdf\" target=\"_blank\" rel=\"noreferrer noopener\" aria-label=\"Edital IFFar RS - TAE 2018 (abre numa nova aba)\">Edital IFFar RS &#8211; TAE 2018<\/a><\/strong><\/p>\n\n\n\n<h2 class=\"wp-block-heading\" id=\"concurso-docentes\">\u00daltimo concurso IFFar RS &#8211; Docentes<\/h2>\n\n\n\n<p>O \u00faltimo concurso IFFar para o cargo de Professor do Ensino B\u00e1sico, T\u00e9cnico e Tecnol\u00f3gico foi realizado em 2018, tamb\u00e9m sob organiza\u00e7\u00e3o da Funda\u00e7\u00e3o Cefetminas. Foram ofertadas 35 vagas para v\u00e1rias especialidades.<\/p>\n\n\n\n<ul class=\"wp-block-list\"><li>2 vagas: Administra\u00e7\u00e3o <\/li><li>2 vagas: Agronomia <\/li><li>1 vaga: Artes <\/li><li>3 vagas: Biologia I  <\/li><li>1 vaga: Biologia II  <\/li><li>1 vaga: Contabilidade <\/li><li>1 vaga: Engenharia Civil <\/li><li>1 vaga: Engenharia El\u00e9trica <\/li><li>1 vaga: Engenharia de Controle e Automa\u00e7\u00e3o <\/li><li>1 vaga: Engenharia Qu\u00edmica <\/li><li>1 vaga: Filosofia <\/li><li>2 vagas: Geografia <\/li><li>1 vaga: Hist\u00f3ria <\/li><li>1 vaga: Letras\/ Portugu\u00eas Espanhol <\/li><li>2 vagas: Letras\/ Portugu\u00eas Ingl\u00eas <\/li><li>4 vagas: Matem\u00e1tica I <\/li><li>3 vagas: Matem\u00e1tica II <\/li><li>2 vagas: Pedagogia <\/li><li>2 vagas: Qu\u00edmica I  <\/li><li>1 vaga: Qu\u00edmica II <\/li><li>1 vaga: Qu\u00edmica III  <\/li><li>1 vaga: Qu\u00edmica IV <\/li><\/ul>\n\n\n\n<h3 class=\"wp-block-heading\">Etapas do concurso<\/h3>\n\n\n\n<ol class=\"wp-block-list\"><li>Prova Objetiva de M\u00faltipla Escolha (eliminat\u00f3rio e classificat\u00f3rio) <\/li><li>Prova de Desempenho Did\u00e1tico (eliminat\u00f3rio e classificat\u00f3rio) <\/li><li>Prova de T\u00edtulos (classificat\u00f3rio)<\/li><\/ol>\n\n\n\n<div class=\"wp-block-image\"><figure class=\"aligncenter\"><img loading=\"lazy\" decoding=\"async\" width=\"785\" height=\"259\" src=\"https:\/\/dhg1h5j42swfq.cloudfront.net\/2019\/08\/02120316\/Capturar-min.jpg3.jpg\" alt=\"Concurso IFFar: prova objetiva - Docentes\" class=\"wp-image-405176\" srcset=\"https:\/\/dhg1h5j42swfq.cloudfront.net\/2019\/08\/02120316\/Capturar-min.jpg3.jpg 785w, https:\/\/dhg1h5j42swfq.cloudfront.net\/2019\/08\/02120316\/Capturar-min.jpg3.jpg 300w, https:\/\/dhg1h5j42swfq.cloudfront.net\/2019\/08\/02120316\/Capturar-min.jpg3.jpg 768w, https:\/\/dhg1h5j42swfq.cloudfront.net\/2019\/08\/02120316\/Capturar-min.jpg3.jpg 610w\" sizes=\"auto, (max-width: 785px) 100vw, 785px\" \/><figcaption>Concurso IFFar: prova objetiva &#8211; Docentes<\/figcaption><\/figure><\/div>\n\n\n\n<h3 class=\"wp-block-heading\">Prova de Desempenho Did\u00e1tico <\/h3>\n\n\n\n<p>A Prova de Desempenho Did\u00e1tico consistiu em uma aula de, no m\u00ednimo, 30 e, no m\u00e1ximo, 40 minutos, perante uma banca examinadora, com a finalidade de verificar os conhecimentos e a capacidade did\u00e1tica do professor. <\/p>\n\n\n\n<p>As aulas referentes \u00e0 \u00e1rea de Letras\/Portugu\u00eas Espanhol foram ministradas em Espanhol. As aulas referentes \u00e0 \u00e1rea de Letras\/Portugu\u00eas Ingl\u00eas foram ministradas em Ingl\u00eas. Foi considerado aprovado o candidato que obtivesse nota igual ou superior a 60%, ou seja, igual ou superior a 90 pontos. <\/p>\n\n\n\n<h3 class=\"wp-block-heading\">Prova de t\u00edtulos<\/h3>\n\n\n\n<div class=\"wp-block-image\"><figure class=\"aligncenter\"><img loading=\"lazy\" decoding=\"async\" width=\"690\" height=\"774\" src=\"https:\/\/dhg1h5j42swfq.cloudfront.net\/2019\/08\/02121132\/Capturar-min-1.jpg2.jpg\" alt=\"Concurso IFFar - Avalia\u00e7\u00e3o de T\u00edtulos\" class=\"wp-image-405182\" srcset=\"https:\/\/dhg1h5j42swfq.cloudfront.net\/2019\/08\/02121132\/Capturar-min-1.jpg2.jpg 690w, https:\/\/dhg1h5j42swfq.cloudfront.net\/2019\/08\/02121132\/Capturar-min-1.jpg2.jpg 267w, https:\/\/dhg1h5j42swfq.cloudfront.net\/2019\/08\/02121132\/Capturar-min-1.jpg2.jpg 610w\" sizes=\"auto, (max-width: 690px) 100vw, 690px\" \/><figcaption>Concurso IFFar &#8211; Avalia\u00e7\u00e3o de T\u00edtulos<\/figcaption><\/figure><\/div>\n\n\n\n<h3 class=\"wp-block-heading\">Nomea\u00e7\u00f5es<\/h3>\n\n\n\n<p>Segundo o levantamento mais recente, de 30 de maio, foram nomeados 24 candidatos, conforme tabela abaixo: <\/p>\n\n\n\n<p><\/p>\n\n\n\n<table class=\"wp-block-table has-subtle-pale-blue-background-color has-fixed-layout has-background is-style-stripes\"><tbody><tr><td><strong>Cargo\/especialidade<\/strong><\/td><td><strong>Classifica\u00e7\u00e3o<\/strong> <strong>do \u00faltimo nomeado<\/strong><\/td><td><strong>Unidade\/Campus<\/strong><\/td><td><strong>Nota<\/strong><\/td><\/tr><tr><td>Administra\u00e7\u00e3o<\/td><td>4<\/td><td>Avan\u00e7ado Uruguaiana<\/td><td>67,85 <\/td><\/tr><tr><td>Agronomia<\/td><td>4<\/td><td>Jaguari<\/td><td>77,35  <\/td><\/tr><tr><td>Artes<\/td><td>1<\/td><td>Alegrete<\/td><td>79,78 <\/td><\/tr><tr><td>Biologia I<\/td><td>2<\/td><td>Alegrete<\/td><td>88,60 <\/td><\/tr><tr><td>Biologia I <\/td><td>1<\/td><td>Avan\u00e7ado Uruguaiana <\/td><td>78,83 <\/td><\/tr><tr><td>Biologia II <\/td><td>1<\/td><td>Santo Augusto<\/td><td>85,10 <\/td><\/tr><tr><td>Contabilidade<\/td><td>1<\/td><td>Frederico Westphalen<\/td><td> 67,47 <\/td><\/tr><tr><td>Engenharia Civil<\/td><td>1<\/td><td>Santa Rosa<\/td><td>67,89 <\/td><\/tr><tr><td>Engenharia de Controle e Automa\u00e7\u00e3o <\/td><td>2<\/td><td>Panambi<\/td><td>61,09 <\/td><\/tr><tr><td>Engenharia El\u00e9trica<\/td><td>1<\/td><td>Jaguari<\/td><td>66,70 <\/td><\/tr><tr><td>Engenharia Qu\u00edmica<\/td><td>1<\/td><td>Santa Rosa<\/td><td>69,53 <\/td><\/tr><tr><td>Filosofia<\/td><td>1<\/td><td>Avan\u00e7ado Uruguaiana  <\/td><td>87,73 <\/td><\/tr><tr><td>Geografia<\/td><td>2<\/td><td>Avan\u00e7ado Uruguaiana   <\/td><td>76,18 <\/td><\/tr><tr><td>Hist\u00f3ria<\/td><td>1<\/td><td>Avan\u00e7ado Uruguaiana    <\/td><td>75,23  <\/td><\/tr><tr><td>Letras\/Espanhol<\/td><td>4<\/td><td>Avan\u00e7ado Uruguaiana     <\/td><td>70,19 <\/td><\/tr><tr><td>Letras\/Portugu\u00eas<\/td><td>3<\/td><td>Avan\u00e7ado Uruguaiana      <\/td><td>85,20 <\/td><\/tr><tr><td>Matem\u00e1tica I<\/td><td>7<\/td><td>Jaguari<\/td><td>66,00 <\/td><\/tr><tr><td>Matem\u00e1tica II <\/td><td>2<\/td><td>Frederico Westphalen <\/td><td>73,85<\/td><\/tr><tr><td>Matem\u00e1tica II  <\/td><td>1<\/td><td>S\u00e3o Borja <\/td><td>73,20 <\/td><\/tr><tr><td>Pedagogia<\/td><td>3<\/td><td>Santo Augusto<\/td><td>78,50 <\/td><\/tr><tr><td>Qu\u00edmica II<\/td><td>2<\/td><td>S\u00e3o Borja<\/td><td>85,65 <\/td><\/tr><tr><td>Qu\u00edmica II <\/td><td>1<\/td><td>Alegrete<\/td><td>80,40 <\/td><\/tr><tr><td>Qu\u00edmica III <\/td><td>2<\/td><td>Alegrete <\/td><td>73,03 <\/td><\/tr><tr><td>Qu\u00edmica IV <\/td><td>1<\/td><td>Alegrete  <\/td><td>78,65 <\/td><\/tr><\/tbody><\/table>\n\n\n\n<p style=\"font-size:25px;text-align:center\" class=\"has-background has-very-light-gray-background-color\"><strong><a rel=\"noreferrer noopener\" aria-label=\"Edital IFFar RS - Docentes 2018 (abre numa nova aba)\" href=\"https:\/\/dhg1h5j42swfq.cloudfront.net\/2019\/08\/02114822\/Edital-n%C2%BA-53.2018_Retifica%C3%A7%C3%A3o-Edital-n%C2%BA-578.2017.pdf\" target=\"_blank\">Edital IFFar RS &#8211; Docentes 2018<\/a><\/strong><\/p>\n\n\n\n<h2 class=\"wp-block-heading\" id=\"assinatura-e-cursos\">Assinatura ilimitada e cursos para o concurso IFFar<\/h2>\n\n\n\n<p style=\"text-align:left\">Gostou desta oportunidade e deseja come\u00e7ar se preparar agora mesmo? Ent\u00e3o, confira os nossos cursos e comece a estudar para IFFar RS:<\/p>\n\n\n\n<p style=\"font-size:23px;text-align:center\" class=\"has-background has-luminous-vivid-amber-background-color\"><a rel=\"noreferrer noopener\" href=\"https:\/\/www.estrategiaconcursos.com.br\/cursos\/concurso\/\" target=\"_blank\"><strong><em>Curso para concurso<\/em><\/strong><\/a><\/p>\n\n\n\n<p style=\"text-align:center\"><em><strong>Assinatura Anual Ilimitada*<\/strong><\/em><\/p>\n\n\n\n<p style=\"text-align:center\"><em>Prepare-se com o melhor material e com quem mais aprova em&nbsp;Concursos P\u00fablicos de todo o pa\u00eds. Assine agora a nossa Assinatura Anual e tenha acesso ilimitado* a todos os nossos cursos.<\/em><\/p>\n\n\n\n<p style=\"font-size:25px;text-align:center\" class=\"has-background has-light-green-cyan-background-color\"><strong>ASSINE AGORA \u2013&nbsp;<\/strong><a rel=\"noreferrer noopener\" href=\"https:\/\/www.estrategiaconcursos.com.br\/assinaturas\/\" target=\"_blank\"><strong>Assinatura Ilimitada<\/strong><\/a><\/p>\n\n\n\n<p style=\"text-align:center\"><strong><em>Fique por dentro dos concursos vigentes:<\/em><\/strong><\/p>\n\n\n\n<p style=\"text-align:center\" class=\"has-background has-medium-font-size has-pale-cyan-blue-background-color\"><strong><a href=\"https:\/\/www.estrategiaconcursos.com.br\/blog\/concursos-abertos\/\" target=\"_blank\" rel=\"noreferrer noopener\">CONCURSOS ABERTOS<\/a><\/strong><\/p>\n\n\n\n<p style=\"text-align:center\" class=\"has-background has-medium-font-size has-pale-cyan-blue-background-color\"><strong><a href=\"https:\/\/www.estrategiaconcursos.com.br\/blog\/concursos-2019\/\" target=\"_blank\" rel=\"noreferrer noopener\">CONCURSOS 2019<\/a><\/strong><\/p>\n\n\n\n<p style=\"text-align:center\" class=\"has-background has-medium-font-size has-pale-cyan-blue-background-color\"><strong><a href=\"https:\/\/www.estrategiaconcursos.com.br\/blog\/concursos-2020\/\" target=\"_blank\" rel=\"noreferrer noopener\">CONCURSOS&nbsp;2020<\/a><\/strong><\/p>\n\n\n\n<figure class=\"wp-block-image\"><img loading=\"lazy\" decoding=\"async\" width=\"300\" height=\"102\" src=\"https:\/\/dhg1h5j42swfq.cloudfront.net\/2017\/03\/28152500\/coruja-ficha-tecnica-300x102.png\" alt=\"Ficha t\u00e9cnica Concurso IFFar RS\" class=\"wp-image-68542\"\/><\/figure>\n\n\n\n<h4 class=\"wp-block-heading\" id=\"ficha\"><strong>\u2666Informa\u00e7\u00f5es do pr\u00f3ximo concurso IFFar RS<\/strong><\/h4>\n\n\n\n<p><strong>\u25baData:&nbsp;<\/strong>2019<br \/><strong>\u25baVagas:&nbsp;<\/strong>19<br \/><strong>\u25baCargos:<\/strong>&nbsp;v\u00e1rios<br \/><strong>\u25baEscolaridade:&nbsp;<\/strong>m\u00e9dio, m\u00e9dio\/t\u00e9cnico, superior<br \/><strong>\u25baBanca:&nbsp;<\/strong>Fundatec <br \/><strong>\u25baEdital<\/strong>: <a href=\"https:\/\/dhg1h5j42swfq.cloudfront.net\/2019\/08\/22132440\/Edital-IFFar-RS.pdf\" target=\"_blank\" rel=\"noreferrer noopener\" aria-label=\"Edital IFFar RS (abre numa nova aba)\">Edital IFFar RS<\/a><\/p>\n\n\n\n<p><em>Ascom Estrat\u00e9gia<br \/><\/em>ascomestratega@gmail.com<\/p>\n\n\n\n<p style=\"text-align:center\"><em><strong>Receba not\u00edcias de Concursos no seu WhatsApp e\/ou Telegram!<\/strong><\/em><\/p>\n\n\n\n<p style=\"text-align:center\"><em><strong>Cadastre-se clicando no link abaixo<\/strong><\/em>:<\/p>\n\n\n\n<p style=\"text-align:center\" class=\"has-background has-medium-font-size has-very-light-gray-background-color\"><a rel=\"noreferrer noopener\" href=\"https:\/\/www.estrategiaconcursos.com.br\/blog\/noticias-de-concursos-whatsapp-estrategia-concursos\/\" target=\"_blank\"><strong>Not\u00edcias de concursos no seu WhatsApp e\/ou Telegram<\/strong><\/a><\/p>\n","protected":false},"excerpt":{"rendered":"<p>As inscri\u00e7\u00f5es para o concurso p\u00fablico do Instituto Federal de Ci\u00eancia e Tecnologia Farroupilha (IFFar), no Rio Grande do Sul, concurso IFFar terminaram na quarta-feira, 2 de outubro. S\u00e3o ofertadas no total 19 vagas para cargos de n\u00edvel m\u00e9dio e superior. A empresa contratada para organizar foi a Funda\u00e7\u00e3o Universidade Empresa de Tecnologia e Ci\u00eancias [&hellip;]<\/p>\n","protected":false},"author":1,"featured_media":160087,"comment_status":"open","ping_status":"closed","sticky":false,"template":"","format":"standard","meta":{"post_tipo":"news","footnotes":""},"categories":[1],"tags":[],"tax_estado":[],"class_list":["post-404669","post","type-post","status-publish","format-standard","has-post-thumbnail","hentry","category-cursos-e-concursos"],"acf":[],"yoast_head":"<!-- This site is optimized with the Yoast SEO Premium plugin v27.2 (Yoast SEO v27.2) - https:\/\/yoast.com\/product\/yoast-seo-premium-wordpress\/ -->\n<title>Concurso IFFar RS: inscri\u00e7\u00f5es encerradas na \u00faltima quarta-feira, 2 de outubro<\/title>\n<meta name=\"description\" content=\"Concurso IFFar (RS): o concurso do Instituto Federal de Educa\u00e7\u00e3o, Ci\u00eancia e Tecnologia Farroupilha j\u00e1 publicou o edital com 19 vagas. Confira tudo aqui!\" \/>\n<meta name=\"robots\" content=\"index, follow, max-snippet:-1, max-image-preview:large, max-video-preview:-1\" \/>\n<link rel=\"canonical\" href=\"https:\/\/www.estrategiaconcursos.com.br\/blog\/concurso-iffar-rs\/\" \/>\n<meta property=\"og:locale\" content=\"pt_BR\" \/>\n<meta property=\"og:type\" content=\"article\" \/>\n<meta property=\"og:title\" content=\"Concurso IFFar RS: inscri\u00e7\u00f5es encerradas na \u00faltima quarta-feira, 2 de outubro\" \/>\n<meta property=\"og:description\" content=\"Concurso IFFar (RS): o concurso do Instituto Federal de Educa\u00e7\u00e3o, Ci\u00eancia e Tecnologia Farroupilha j\u00e1 publicou o edital com 19 vagas. Confira tudo aqui!\" \/>\n<meta property=\"og:url\" content=\"https:\/\/www.estrategiaconcursos.com.br\/blog\/concurso-iffar-rs\/\" \/>\n<meta property=\"og:site_name\" content=\"Estrat\u00e9gia Concursos\" \/>\n<meta property=\"article:author\" content=\"https:\/\/www.facebook.com\/EstrategiaConcursos\" \/>\n<meta property=\"article:published_time\" content=\"2019-10-03T07:00:45+00:00\" \/>\n<meta property=\"article:modified_time\" content=\"2019-10-03T13:54:46+00:00\" \/>\n<meta property=\"og:image\" content=\"https:\/\/dhg1h5j42swfq.cloudfront.net\/2019\/01\/18054330\/saiu_Edital.jpg\" \/>\n\t<meta property=\"og:image:width\" content=\"1200\" \/>\n\t<meta property=\"og:image:height\" content=\"628\" \/>\n\t<meta property=\"og:image:type\" content=\"image\/jpeg\" \/>\n<meta name=\"author\" content=\"Coordena\u00e7\u00e3o\" \/>\n<meta name=\"twitter:card\" content=\"summary_large_image\" \/>\n<meta name=\"twitter:creator\" content=\"@EstratConcursos\" \/>\n<meta name=\"twitter:site\" content=\"@EstratConcursos\" \/>\n<meta name=\"twitter:label1\" content=\"Escrito por\" \/>\n\t<meta name=\"twitter:data1\" content=\"Coordena\u00e7\u00e3o\" \/>\n\t<meta name=\"twitter:label2\" content=\"Est. tempo de leitura\" \/>\n\t<meta name=\"twitter:data2\" content=\"7 minutos\" \/>\n<script type=\"application\/ld+json\" class=\"yoast-schema-graph\">{\"@context\":\"https:\/\/schema.org\",\"@graph\":[{\"@type\":\"NewsArticle\",\"@id\":\"https:\/\/www.estrategiaconcursos.com.br\/blog\/concurso-iffar-rs\/#article\",\"isPartOf\":{\"@id\":\"https:\/\/www.estrategiaconcursos.com.br\/blog\/concurso-iffar-rs\/\"},\"author\":{\"name\":\"Coordena\u00e7\u00e3o\",\"@id\":\"https:\/\/www.estrategiaconcursos.com.br\/blog\/#\/schema\/person\/b4a388c97673c5f483d72185668afa1f\"},\"headline\":\"Concurso IFFar RS: inscri\u00e7\u00f5es encerradas na \u00faltima quarta-feira, 2 de outubro\",\"datePublished\":\"2019-10-03T07:00:45+00:00\",\"dateModified\":\"2019-10-03T13:54:46+00:00\",\"mainEntityOfPage\":{\"@id\":\"https:\/\/www.estrategiaconcursos.com.br\/blog\/concurso-iffar-rs\/\"},\"wordCount\":1507,\"commentCount\":0,\"publisher\":{\"@id\":\"https:\/\/www.estrategiaconcursos.com.br\/blog\/#organization\"},\"image\":{\"@id\":\"https:\/\/www.estrategiaconcursos.com.br\/blog\/concurso-iffar-rs\/#primaryimage\"},\"thumbnailUrl\":\"https:\/\/dhg1h5j42swfq.cloudfront.net\/2019\/01\/18054330\/saiu_Edital.jpg\",\"articleSection\":[\"Concursos P\u00fablicos\"],\"inLanguage\":\"pt-BR\",\"potentialAction\":[{\"@type\":\"CommentAction\",\"name\":\"Comment\",\"target\":[\"https:\/\/www.estrategiaconcursos.com.br\/blog\/concurso-iffar-rs\/#respond\"]}],\"copyrightYear\":\"2019\",\"copyrightHolder\":{\"@id\":\"https:\/\/www.estrategiaconcursos.com.br\/blog\/#organization\"}},{\"@type\":\"WebPage\",\"@id\":\"https:\/\/www.estrategiaconcursos.com.br\/blog\/concurso-iffar-rs\/\",\"url\":\"https:\/\/www.estrategiaconcursos.com.br\/blog\/concurso-iffar-rs\/\",\"name\":\"Concurso IFFar RS: inscri\u00e7\u00f5es encerradas na \u00faltima quarta-feira, 2 de outubro\",\"isPartOf\":{\"@id\":\"https:\/\/www.estrategiaconcursos.com.br\/blog\/#website\"},\"primaryImageOfPage\":{\"@id\":\"https:\/\/www.estrategiaconcursos.com.br\/blog\/concurso-iffar-rs\/#primaryimage\"},\"image\":{\"@id\":\"https:\/\/www.estrategiaconcursos.com.br\/blog\/concurso-iffar-rs\/#primaryimage\"},\"thumbnailUrl\":\"https:\/\/dhg1h5j42swfq.cloudfront.net\/2019\/01\/18054330\/saiu_Edital.jpg\",\"datePublished\":\"2019-10-03T07:00:45+00:00\",\"dateModified\":\"2019-10-03T13:54:46+00:00\",\"description\":\"Concurso IFFar (RS): o concurso do Instituto Federal de Educa\u00e7\u00e3o, Ci\u00eancia e Tecnologia Farroupilha j\u00e1 publicou o edital com 19 vagas. Confira tudo aqui!\",\"breadcrumb\":{\"@id\":\"https:\/\/www.estrategiaconcursos.com.br\/blog\/concurso-iffar-rs\/#breadcrumb\"},\"inLanguage\":\"pt-BR\",\"potentialAction\":[{\"@type\":\"ReadAction\",\"target\":[\"https:\/\/www.estrategiaconcursos.com.br\/blog\/concurso-iffar-rs\/\"]}]},{\"@type\":\"ImageObject\",\"inLanguage\":\"pt-BR\",\"@id\":\"https:\/\/www.estrategiaconcursos.com.br\/blog\/concurso-iffar-rs\/#primaryimage\",\"url\":\"https:\/\/dhg1h5j42swfq.cloudfront.net\/2019\/01\/18054330\/saiu_Edital.jpg\",\"contentUrl\":\"https:\/\/dhg1h5j42swfq.cloudfront.net\/2019\/01\/18054330\/saiu_Edital.jpg\",\"width\":1200,\"height\":628,\"caption\":\"concurso pge pb procurador\"},{\"@type\":\"BreadcrumbList\",\"@id\":\"https:\/\/www.estrategiaconcursos.com.br\/blog\/concurso-iffar-rs\/#breadcrumb\",\"itemListElement\":[{\"@type\":\"ListItem\",\"position\":1,\"name\":\"In\u00edcio\",\"item\":\"https:\/\/www.estrategiaconcursos.com.br\/blog\/\"},{\"@type\":\"ListItem\",\"position\":2,\"name\":\"Concurso IFFar RS: inscri\u00e7\u00f5es encerradas na \u00faltima quarta-feira, 2 de outubro\"}]},{\"@type\":\"WebSite\",\"@id\":\"https:\/\/www.estrategiaconcursos.com.br\/blog\/#website\",\"url\":\"https:\/\/www.estrategiaconcursos.com.br\/blog\/\",\"name\":\"Estrat\u00e9gia Concursos\",\"description\":\"O blog da Estrat\u00e9gia Concursos traz not\u00edcias sobre concursos e artigos de professores oferecendo cursos para concursos (pdf + videaulas) no site.\",\"publisher\":{\"@id\":\"https:\/\/www.estrategiaconcursos.com.br\/blog\/#organization\"},\"potentialAction\":[{\"@type\":\"SearchAction\",\"target\":{\"@type\":\"EntryPoint\",\"urlTemplate\":\"https:\/\/www.estrategiaconcursos.com.br\/blog\/?s={search_term_string}\"},\"query-input\":{\"@type\":\"PropertyValueSpecification\",\"valueRequired\":true,\"valueName\":\"search_term_string\"}}],\"inLanguage\":\"pt-BR\"},{\"@type\":\"Organization\",\"@id\":\"https:\/\/www.estrategiaconcursos.com.br\/blog\/#organization\",\"name\":\"Estrat\u00e9gia Concursos\",\"url\":\"https:\/\/www.estrategiaconcursos.com.br\/blog\/\",\"logo\":{\"@type\":\"ImageObject\",\"inLanguage\":\"pt-BR\",\"@id\":\"https:\/\/www.estrategiaconcursos.com.br\/blog\/#\/schema\/logo\/image\/\",\"url\":\"https:\/\/dhg1h5j42swfq.cloudfront.net\/2025\/06\/03203428\/logo_concursos-1.jpg\",\"contentUrl\":\"https:\/\/dhg1h5j42swfq.cloudfront.net\/2025\/06\/03203428\/logo_concursos-1.jpg\",\"width\":230,\"height\":60,\"caption\":\"Estrat\u00e9gia Concursos\"},\"image\":{\"@id\":\"https:\/\/www.estrategiaconcursos.com.br\/blog\/#\/schema\/logo\/image\/\"},\"sameAs\":[\"https:\/\/x.com\/EstratConcursos\"]},{\"@type\":\"Person\",\"@id\":\"https:\/\/www.estrategiaconcursos.com.br\/blog\/#\/schema\/person\/b4a388c97673c5f483d72185668afa1f\",\"name\":\"Coordena\u00e7\u00e3o\",\"image\":{\"@type\":\"ImageObject\",\"inLanguage\":\"pt-BR\",\"@id\":\"https:\/\/secure.gravatar.com\/avatar\/b720319e4c9a967eb58678d110f4fe35452fc5d5f97b202bac7b8acceb18c6ad?s=96&d=mm&r=g\",\"url\":\"https:\/\/secure.gravatar.com\/avatar\/b720319e4c9a967eb58678d110f4fe35452fc5d5f97b202bac7b8acceb18c6ad?s=96&d=mm&r=g\",\"contentUrl\":\"https:\/\/secure.gravatar.com\/avatar\/b720319e4c9a967eb58678d110f4fe35452fc5d5f97b202bac7b8acceb18c6ad?s=96&d=mm&r=g\",\"caption\":\"Coordena\u00e7\u00e3o\"},\"sameAs\":[\"https:\/\/www.facebook.com\/EstrategiaConcursos\",\"https:\/\/x.com\/EstratConcursos\"],\"url\":\"https:\/\/www.estrategiaconcursos.com.br\/blog\/author\/estrategia2013\/\"}]}<\/script>\n<!-- \/ Yoast SEO Premium plugin. -->","yoast_head_json":{"title":"Concurso IFFar RS: inscri\u00e7\u00f5es encerradas na \u00faltima quarta-feira, 2 de outubro","description":"Concurso IFFar (RS): o concurso do Instituto Federal de Educa\u00e7\u00e3o, Ci\u00eancia e Tecnologia Farroupilha j\u00e1 publicou o edital com 19 vagas. Confira tudo aqui!","robots":{"index":"index","follow":"follow","max-snippet":"max-snippet:-1","max-image-preview":"max-image-preview:large","max-video-preview":"max-video-preview:-1"},"canonical":"https:\/\/www.estrategiaconcursos.com.br\/blog\/concurso-iffar-rs\/","og_locale":"pt_BR","og_type":"article","og_title":"Concurso IFFar RS: inscri\u00e7\u00f5es encerradas na \u00faltima quarta-feira, 2 de outubro","og_description":"Concurso IFFar (RS): o concurso do Instituto Federal de Educa\u00e7\u00e3o, Ci\u00eancia e Tecnologia Farroupilha j\u00e1 publicou o edital com 19 vagas. Confira tudo aqui!","og_url":"https:\/\/www.estrategiaconcursos.com.br\/blog\/concurso-iffar-rs\/","og_site_name":"Estrat\u00e9gia Concursos","article_author":"https:\/\/www.facebook.com\/EstrategiaConcursos","article_published_time":"2019-10-03T07:00:45+00:00","article_modified_time":"2019-10-03T13:54:46+00:00","og_image":[{"width":1200,"height":628,"url":"https:\/\/dhg1h5j42swfq.cloudfront.net\/2019\/01\/18054330\/saiu_Edital.jpg","type":"image\/jpeg"}],"author":"Coordena\u00e7\u00e3o","twitter_card":"summary_large_image","twitter_creator":"@EstratConcursos","twitter_site":"@EstratConcursos","twitter_misc":{"Escrito por":"Coordena\u00e7\u00e3o","Est. tempo de leitura":"7 minutos"},"schema":{"@context":"https:\/\/schema.org","@graph":[{"@type":"NewsArticle","@id":"https:\/\/www.estrategiaconcursos.com.br\/blog\/concurso-iffar-rs\/#article","isPartOf":{"@id":"https:\/\/www.estrategiaconcursos.com.br\/blog\/concurso-iffar-rs\/"},"author":{"name":"Coordena\u00e7\u00e3o","@id":"https:\/\/www.estrategiaconcursos.com.br\/blog\/#\/schema\/person\/b4a388c97673c5f483d72185668afa1f"},"headline":"Concurso IFFar RS: inscri\u00e7\u00f5es encerradas na \u00faltima quarta-feira, 2 de outubro","datePublished":"2019-10-03T07:00:45+00:00","dateModified":"2019-10-03T13:54:46+00:00","mainEntityOfPage":{"@id":"https:\/\/www.estrategiaconcursos.com.br\/blog\/concurso-iffar-rs\/"},"wordCount":1507,"commentCount":0,"publisher":{"@id":"https:\/\/www.estrategiaconcursos.com.br\/blog\/#organization"},"image":{"@id":"https:\/\/www.estrategiaconcursos.com.br\/blog\/concurso-iffar-rs\/#primaryimage"},"thumbnailUrl":"https:\/\/dhg1h5j42swfq.cloudfront.net\/2019\/01\/18054330\/saiu_Edital.jpg","articleSection":["Concursos P\u00fablicos"],"inLanguage":"pt-BR","potentialAction":[{"@type":"CommentAction","name":"Comment","target":["https:\/\/www.estrategiaconcursos.com.br\/blog\/concurso-iffar-rs\/#respond"]}],"copyrightYear":"2019","copyrightHolder":{"@id":"https:\/\/www.estrategiaconcursos.com.br\/blog\/#organization"}},{"@type":"WebPage","@id":"https:\/\/www.estrategiaconcursos.com.br\/blog\/concurso-iffar-rs\/","url":"https:\/\/www.estrategiaconcursos.com.br\/blog\/concurso-iffar-rs\/","name":"Concurso IFFar RS: inscri\u00e7\u00f5es encerradas na \u00faltima quarta-feira, 2 de outubro","isPartOf":{"@id":"https:\/\/www.estrategiaconcursos.com.br\/blog\/#website"},"primaryImageOfPage":{"@id":"https:\/\/www.estrategiaconcursos.com.br\/blog\/concurso-iffar-rs\/#primaryimage"},"image":{"@id":"https:\/\/www.estrategiaconcursos.com.br\/blog\/concurso-iffar-rs\/#primaryimage"},"thumbnailUrl":"https:\/\/dhg1h5j42swfq.cloudfront.net\/2019\/01\/18054330\/saiu_Edital.jpg","datePublished":"2019-10-03T07:00:45+00:00","dateModified":"2019-10-03T13:54:46+00:00","description":"Concurso IFFar (RS): o concurso do Instituto Federal de Educa\u00e7\u00e3o, Ci\u00eancia e Tecnologia Farroupilha j\u00e1 publicou o edital com 19 vagas. Confira tudo aqui!","breadcrumb":{"@id":"https:\/\/www.estrategiaconcursos.com.br\/blog\/concurso-iffar-rs\/#breadcrumb"},"inLanguage":"pt-BR","potentialAction":[{"@type":"ReadAction","target":["https:\/\/www.estrategiaconcursos.com.br\/blog\/concurso-iffar-rs\/"]}]},{"@type":"ImageObject","inLanguage":"pt-BR","@id":"https:\/\/www.estrategiaconcursos.com.br\/blog\/concurso-iffar-rs\/#primaryimage","url":"https:\/\/dhg1h5j42swfq.cloudfront.net\/2019\/01\/18054330\/saiu_Edital.jpg","contentUrl":"https:\/\/dhg1h5j42swfq.cloudfront.net\/2019\/01\/18054330\/saiu_Edital.jpg","width":1200,"height":628,"caption":"concurso pge pb procurador"},{"@type":"BreadcrumbList","@id":"https:\/\/www.estrategiaconcursos.com.br\/blog\/concurso-iffar-rs\/#breadcrumb","itemListElement":[{"@type":"ListItem","position":1,"name":"In\u00edcio","item":"https:\/\/www.estrategiaconcursos.com.br\/blog\/"},{"@type":"ListItem","position":2,"name":"Concurso IFFar RS: inscri\u00e7\u00f5es encerradas na \u00faltima quarta-feira, 2 de outubro"}]},{"@type":"WebSite","@id":"https:\/\/www.estrategiaconcursos.com.br\/blog\/#website","url":"https:\/\/www.estrategiaconcursos.com.br\/blog\/","name":"Estrat\u00e9gia Concursos","description":"O blog da Estrat\u00e9gia Concursos traz not\u00edcias sobre concursos e artigos de professores oferecendo cursos para concursos (pdf + videaulas) no site.","publisher":{"@id":"https:\/\/www.estrategiaconcursos.com.br\/blog\/#organization"},"potentialAction":[{"@type":"SearchAction","target":{"@type":"EntryPoint","urlTemplate":"https:\/\/www.estrategiaconcursos.com.br\/blog\/?s={search_term_string}"},"query-input":{"@type":"PropertyValueSpecification","valueRequired":true,"valueName":"search_term_string"}}],"inLanguage":"pt-BR"},{"@type":"Organization","@id":"https:\/\/www.estrategiaconcursos.com.br\/blog\/#organization","name":"Estrat\u00e9gia Concursos","url":"https:\/\/www.estrategiaconcursos.com.br\/blog\/","logo":{"@type":"ImageObject","inLanguage":"pt-BR","@id":"https:\/\/www.estrategiaconcursos.com.br\/blog\/#\/schema\/logo\/image\/","url":"https:\/\/dhg1h5j42swfq.cloudfront.net\/2025\/06\/03203428\/logo_concursos-1.jpg","contentUrl":"https:\/\/dhg1h5j42swfq.cloudfront.net\/2025\/06\/03203428\/logo_concursos-1.jpg","width":230,"height":60,"caption":"Estrat\u00e9gia Concursos"},"image":{"@id":"https:\/\/www.estrategiaconcursos.com.br\/blog\/#\/schema\/logo\/image\/"},"sameAs":["https:\/\/x.com\/EstratConcursos"]},{"@type":"Person","@id":"https:\/\/www.estrategiaconcursos.com.br\/blog\/#\/schema\/person\/b4a388c97673c5f483d72185668afa1f","name":"Coordena\u00e7\u00e3o","image":{"@type":"ImageObject","inLanguage":"pt-BR","@id":"https:\/\/secure.gravatar.com\/avatar\/b720319e4c9a967eb58678d110f4fe35452fc5d5f97b202bac7b8acceb18c6ad?s=96&d=mm&r=g","url":"https:\/\/secure.gravatar.com\/avatar\/b720319e4c9a967eb58678d110f4fe35452fc5d5f97b202bac7b8acceb18c6ad?s=96&d=mm&r=g","contentUrl":"https:\/\/secure.gravatar.com\/avatar\/b720319e4c9a967eb58678d110f4fe35452fc5d5f97b202bac7b8acceb18c6ad?s=96&d=mm&r=g","caption":"Coordena\u00e7\u00e3o"},"sameAs":["https:\/\/www.facebook.com\/EstrategiaConcursos","https:\/\/x.com\/EstratConcursos"],"url":"https:\/\/www.estrategiaconcursos.com.br\/blog\/author\/estrategia2013\/"}]}},"_links":{"self":[{"href":"https:\/\/www.estrategiaconcursos.com.br\/blog\/wp-json\/wp\/v2\/posts\/404669","targetHints":{"allow":["GET"]}}],"collection":[{"href":"https:\/\/www.estrategiaconcursos.com.br\/blog\/wp-json\/wp\/v2\/posts"}],"about":[{"href":"https:\/\/www.estrategiaconcursos.com.br\/blog\/wp-json\/wp\/v2\/types\/post"}],"author":[{"embeddable":true,"href":"https:\/\/www.estrategiaconcursos.com.br\/blog\/wp-json\/wp\/v2\/users\/1"}],"replies":[{"embeddable":true,"href":"https:\/\/www.estrategiaconcursos.com.br\/blog\/wp-json\/wp\/v2\/comments?post=404669"}],"version-history":[{"count":20,"href":"https:\/\/www.estrategiaconcursos.com.br\/blog\/wp-json\/wp\/v2\/posts\/404669\/revisions"}],"predecessor-version":[{"id":429651,"href":"https:\/\/www.estrategiaconcursos.com.br\/blog\/wp-json\/wp\/v2\/posts\/404669\/revisions\/429651"}],"wp:featuredmedia":[{"embeddable":true,"href":"https:\/\/www.estrategiaconcursos.com.br\/blog\/wp-json\/wp\/v2\/media\/160087"}],"wp:attachment":[{"href":"https:\/\/www.estrategiaconcursos.com.br\/blog\/wp-json\/wp\/v2\/media?parent=404669"}],"wp:term":[{"taxonomy":"category","embeddable":true,"href":"https:\/\/www.estrategiaconcursos.com.br\/blog\/wp-json\/wp\/v2\/categories?post=404669"},{"taxonomy":"post_tag","embeddable":true,"href":"https:\/\/www.estrategiaconcursos.com.br\/blog\/wp-json\/wp\/v2\/tags?post=404669"},{"taxonomy":"tax_estado","embeddable":true,"href":"https:\/\/www.estrategiaconcursos.com.br\/blog\/wp-json\/wp\/v2\/tax_estado?post=404669"}],"curies":[{"name":"wp","href":"https:\/\/api.w.org\/{rel}","templated":true}]}}