{"id":404532,"date":"2019-07-31T21:06:16","date_gmt":"2019-08-01T00:06:16","guid":{"rendered":"https:\/\/www.estrategiaconcursos.com.br\/blog\/?p=404532"},"modified":"2019-07-31T21:06:18","modified_gmt":"2019-08-01T00:06:18","slug":"estudo-de-caso-tecnico-judiciario-seguranca-e-transporte-trf4","status":"publish","type":"post","link":"https:\/\/www.estrategiaconcursos.com.br\/blog\/estudo-de-caso-tecnico-judiciario-seguranca-e-transporte-trf4\/","title":{"rendered":"Estudo de caso &#8211; T\u00e9cnico Judici\u00e1rio ( Seguran\u00e7a e Transporte) TRF4."},"content":{"rendered":"<p>Fala futuros ASjs!!!!<\/p>\n<p>Segue um artigo para ajud\u00e1-los nos dois estudos de casos que est\u00e3o previstos no Edital:<\/p>\n<p>-&gt; Seguran\u00e7a de Dignit\u00e1rios<\/p>\n<p>-&gt; Gerenciamento de crises<\/p>\n<p style=\"text-align: center\">Vamos l\u00e1&#8230;.<\/p>\n<p>A <span style=\"color: #ff0000\"><em>Resolu\u00e7\u00e3o CNJ 239\/16<\/em><\/span>,que disp\u00f5e sobre a Pol\u00edtica Nacional de Seguran\u00e7a do Poder Judici\u00e1rio, reza em seu Art. 2\u00ba que a \u201cSeguran\u00e7a Institucional do Poder Judici\u00e1rio tem como miss\u00e3o promover as condi\u00e7\u00f5es prec\u00edpuas de seguran\u00e7a a fim de possibilitar aos magistrados e servidores da Justi\u00e7a o pleno exerc\u00edcio de suas atribui\u00e7\u00f5es\u201d, sendo considerada desta forma fator cr\u00edtico de sucesso e imprescind\u00edvel ao cumprimento da miss\u00e3o do pr\u00f3prio Poder Judici\u00e1rio de realizar a justi\u00e7a por meio de uma efetiva presta\u00e7\u00e3o jurisdicional, e para garantir a sua independ\u00eancia.<\/p>\n<p><img loading=\"lazy\" decoding=\"async\" class=\"wp-image-404535 alignleft\" src=\"https:\/\/dhg1h5j42swfq.cloudfront.net\/2019\/07\/31204331\/20170605_120429-e1564616654342.jpg\" alt=\"\" width=\"270\" height=\"479\" srcset=\"https:\/\/dhg1h5j42swfq.cloudfront.net\/2019\/07\/31204331\/20170605_120429-e1564616654342.jpg 2322w, https:\/\/dhg1h5j42swfq.cloudfront.net\/2019\/07\/31204331\/20170605_120429-e1564616654342.jpg 169w, https:\/\/dhg1h5j42swfq.cloudfront.net\/2019\/07\/31204331\/20170605_120429-e1564616654342.jpg 768w, https:\/\/dhg1h5j42swfq.cloudfront.net\/2019\/07\/31204331\/20170605_120429-e1564616654342.jpg 576w, https:\/\/dhg1h5j42swfq.cloudfront.net\/2019\/07\/31204331\/20170605_120429-e1564616654342.jpg 610w\" sizes=\"auto, (max-width: 270px) 100vw, 270px\" \/><\/p>\n<p>Desta forma , cabe \u00e0s unidades de seguran\u00e7a, em seus tr\u00eas n\u00edveis(estrat\u00e9gico,t\u00e1tico ou operacional) promover a seguran\u00e7a dos magistrados, servidores e visitantes, bem como das \u00e1reas e instala\u00e7\u00f5es de suas unidades judici\u00e1rias. Para tal, cada Agente de Seguran\u00e7a Judici\u00e1ria deve ter em mente sua condi\u00e7\u00e3o de gestor de seguran\u00e7a no ambiente em que atua, elaborando dentro de suas compet\u00eancias os diversos Planos de Seguran\u00e7a de acordo com os objetivos estrat\u00e9gicos de sua institui\u00e7\u00e3o.<\/p>\n<p>Dentre as diversas ramifica\u00e7\u00f5es da seguran\u00e7a judici\u00e1ria, dois planos tem se tornado de suma import\u00e2ncia no cumprimento desta miss\u00e3o, a saber: plano de seguran\u00e7a de dignit\u00e1rios e o plano de gerenciamento de crises, tendo em vista que a criminalidade tratada pelo Judici\u00e1rio brasileiro sofreu profunda modifica\u00e7\u00e3o nos \u00faltimos tempos, inclusive passando a ser registrados, com frequ\u00eancia cada vez maior e preocupante, casos de amea\u00e7as e atentados aos ju\u00edzes que exercem as suas atribui\u00e7\u00f5es nas varas(especialmente as criminais),como os exemplos do assassinato do juiz-corregedor de Presidente Prudente-SP, Ant\u00f4nio Jos\u00e9 Machado Dias, a mando de l\u00edderes da fac\u00e7\u00e3o criminosa PCC e a morte da ju\u00edza Patr\u00edcia Accioli com 21 tiros por policiais militares do Rio de Janeiro insatisfeitos com sua atua\u00e7\u00e3o em rela\u00e7\u00e3o a um grupo de agentes que atuava na cidade de S\u00e3o Gon\u00e7alo,ambos em 2003.<\/p>\n<p><img loading=\"lazy\" decoding=\"async\" class=\" wp-image-404538 alignleft\" src=\"https:\/\/dhg1h5j42swfq.cloudfront.net\/2019\/07\/31204751\/73c3c907-2e0d-4e30-b6c2-a4286b5edfa7.jpg\" alt=\"\" width=\"407\" height=\"229\" srcset=\"https:\/\/dhg1h5j42swfq.cloudfront.net\/2019\/07\/31204751\/73c3c907-2e0d-4e30-b6c2-a4286b5edfa7.jpg 1280w, https:\/\/dhg1h5j42swfq.cloudfront.net\/2019\/07\/31204751\/73c3c907-2e0d-4e30-b6c2-a4286b5edfa7.jpg 300w, https:\/\/dhg1h5j42swfq.cloudfront.net\/2019\/07\/31204751\/73c3c907-2e0d-4e30-b6c2-a4286b5edfa7.jpg 768w, https:\/\/dhg1h5j42swfq.cloudfront.net\/2019\/07\/31204751\/73c3c907-2e0d-4e30-b6c2-a4286b5edfa7.jpg 1024w, https:\/\/dhg1h5j42swfq.cloudfront.net\/2019\/07\/31204751\/73c3c907-2e0d-4e30-b6c2-a4286b5edfa7.jpg 610w\" sizes=\"auto, (max-width: 407px) 100vw, 407px\" \/>Para o plano de seguran\u00e7a de dignit\u00e1rios, al\u00e9m de outras vari\u00e1veis espec\u00edficas de acordo com an\u00e1lise de risco, inicialmente \u00e9 imperioso o conhecimento das principais normas pertinentes \u00e0 seguran\u00e7a de magistrados, a fim de que sejam fornecidos subs\u00eddios t\u00e9cnicos para a defini\u00e7\u00e3o de protocolos, medidas e rotinas a serem adotadas. <em><span style=\"color: #ff0000\">A Res. CNJ 104\/10<\/span><\/em> que trata da seguran\u00e7a dos \u00f3rg\u00e3os do Poder Judici\u00e1rio regulamentou dentre outros dispositivos, a cria\u00e7\u00e3o das Comiss\u00f5es de Seguran\u00e7a, integradas por Magistrados, como \u00f3rg\u00e3os permanentes com atribui\u00e7\u00e3o para elaborar plano de prote\u00e7\u00e3o e assist\u00eancia dos ju\u00edzes em situa\u00e7\u00e3o de risco, bem como para conhecer e decidir sobre os pedidos de prote\u00e7\u00e3o especial. <em><span style=\"color: #ff0000\">A Lei 12694\/12<\/span><\/em> estabeleceu a possibilidade de presta\u00e7\u00e3o de prote\u00e7\u00e3o pessoal, de acordo com a avalia\u00e7\u00e3o da pol\u00edcia judici\u00e1ria, pelos \u00f3rg\u00e3os de seguran\u00e7a institucional; por outras for\u00e7as policiais; ou de forma conjunta pelos citados, al\u00e9m da possibilidade de presta\u00e7\u00e3o de prote\u00e7\u00e3o pessoal imediata nos casos urgentes, sem preju\u00edzo da adequa\u00e7\u00e3o da medida, segundo avalia\u00e7\u00e3o posterior. <img loading=\"lazy\" decoding=\"async\" class=\" wp-image-404541 alignleft\" src=\"https:\/\/dhg1h5j42swfq.cloudfront.net\/2019\/07\/31205308\/PHOTO-2019-07-26-13-26-21.jpg\" alt=\"\" width=\"307\" height=\"409\" srcset=\"https:\/\/dhg1h5j42swfq.cloudfront.net\/2019\/07\/31205308\/PHOTO-2019-07-26-13-26-21.jpg 960w, https:\/\/dhg1h5j42swfq.cloudfront.net\/2019\/07\/31205308\/PHOTO-2019-07-26-13-26-21.jpg 225w, https:\/\/dhg1h5j42swfq.cloudfront.net\/2019\/07\/31205308\/PHOTO-2019-07-26-13-26-21.jpg 768w, https:\/\/dhg1h5j42swfq.cloudfront.net\/2019\/07\/31205308\/PHOTO-2019-07-26-13-26-21.jpg 610w\" sizes=\"auto, (max-width: 307px) 100vw, 307px\" \/>Em 2013, o<em><span style=\"color: #ff0000\"> CNJ com a Res. 176<\/span><\/em>,considerando dentre outros fatores a necessidade de ado\u00e7\u00e3o de um programa em \u00e2mbito nacional para seguran\u00e7a de magistrados em situa\u00e7\u00e3o de risco, instituiu o Sistema Nacional de Seguran\u00e7a do Poder Judici\u00e1rio, regido por diretrizes, medidas, protocolos e rotinas de seguran\u00e7a org\u00e2nica, institucional e da informa\u00e7\u00e3o, assim como de seguran\u00e7a pessoal de magistrados e familiares em situa\u00e7\u00f5es de risco. O \u00faltimo Diagn\u00f3stico da Seguran\u00e7a Institucional do Poder Judici\u00e1rio declarou um total de 110 magistrados amea\u00e7ados em todo territ\u00f3rio nacional.<\/p>\n<p>J\u00e1 em rela\u00e7\u00e3o ao Plano de Gerenciamento de Crises(PGC), entender primeiramente o conceito de crise \u00e9 primordial. Crise pode ser definida como um evento, real ou percebido, que resulte em danos aos objetivos estrat\u00e9gicos da organiza\u00e7\u00e3o, e que, se n\u00e3o gerenciados, podem aumentar de intensidade, podendo causar perdas humanas, materiais e imateriais, al\u00e9m de grande exposi\u00e7\u00e3o negativa do \u00f3rg\u00e3o, de ordem econ\u00f4mica, legal ou perante a m\u00eddia, exigindo atua\u00e7\u00e3o corporativa.<\/p>\n<p>Desta forma, entender as principais amea\u00e7as a que o \u00d3rg\u00e3o est\u00e1 exposto e as vulnerabilidades que possui, no contexto que conduza ao n\u00e3o-cumprimento de seus objetivos estrat\u00e9gicos, associados \u00e0 sustenta\u00e7\u00e3o de suas atividades, \u00e9 primordial para a elabora\u00e7\u00e3o de um PGC que objetive acima de tudo manter a integridade dos recursos humanos, minimizar o impacto na atividade e em fatores tang\u00edveis (ex.: perda de ativos, produtos) e intang\u00edveis (ex.:imagem), de forma r\u00e1pida, organizada e proporcionando o retorno \u00e0 normalidade no menor tempo poss\u00edvel.<\/p>\n<p>\u00c9 isso ai rapaziada!!!! Espero ter ajudado, vamos com tudo pra essa prova e <span style=\"color: #ff0000\"><strong>n\u00e3o deixem de ler as legisla\u00e7\u00f5es citadas!!!<\/strong><\/span><\/p>\n<p>*Foto 01: Ministro Gilmar Mendes em visita institucional ao Rio de Janeiro.<\/p>\n<p><em>** Colabora\u00e7\u00e3o: ASJ Luciano Lustosa<\/em><\/p>\n<p>Instagram:\u00a0<a href=\"https:\/\/www.instagram.com\/j_moraess\/?hl=pt-br\">https:\/\/www.instagram.com\/j_moraess\/?hl=pt-br<\/a><\/p>\n","protected":false},"excerpt":{"rendered":"<p>Fala futuros ASjs!!!! Segue um artigo para ajud\u00e1-los nos dois estudos de casos que est\u00e3o previstos no Edital: -&gt; Seguran\u00e7a de Dignit\u00e1rios -&gt; Gerenciamento de crises Vamos l\u00e1&#8230;. A Resolu\u00e7\u00e3o CNJ 239\/16,que disp\u00f5e sobre a Pol\u00edtica Nacional de Seguran\u00e7a do Poder Judici\u00e1rio, reza em seu Art. 2\u00ba que a \u201cSeguran\u00e7a Institucional do Poder Judici\u00e1rio tem [&hellip;]<\/p>\n","protected":false},"author":1268,"featured_media":404535,"comment_status":"open","ping_status":"closed","sticky":false,"template":"","format":"standard","meta":{"post_tipo":"article","footnotes":""},"categories":[1,6741,2185,1988],"tags":[],"tax_estado":[],"class_list":["post-404532","post","type-post","status-publish","format-standard","has-post-thumbnail","hentry","category-cursos-e-concursos","category-forcas-armadas-oficiais","category-carreiras-juridicas","category-policia"],"acf":[],"yoast_head":"<!-- This site is optimized with the Yoast SEO Premium plugin v27.2 (Yoast SEO v27.2) - https:\/\/yoast.com\/product\/yoast-seo-premium-wordpress\/ -->\n<title>Estudo de caso - T\u00e9cnico Judici\u00e1rio ( Seguran\u00e7a e Transporte) TRF4.<\/title>\n<meta name=\"robots\" content=\"index, follow, max-snippet:-1, max-image-preview:large, max-video-preview:-1\" \/>\n<link rel=\"canonical\" href=\"https:\/\/www.estrategiaconcursos.com.br\/blog\/estudo-de-caso-tecnico-judiciario-seguranca-e-transporte-trf4\/\" \/>\n<meta property=\"og:locale\" content=\"pt_BR\" \/>\n<meta property=\"og:type\" content=\"article\" \/>\n<meta property=\"og:title\" content=\"Estudo de caso - T\u00e9cnico Judici\u00e1rio ( Seguran\u00e7a e Transporte) TRF4.\" \/>\n<meta property=\"og:description\" content=\"Fala futuros ASjs!!!! Segue um artigo para ajud\u00e1-los nos dois estudos de casos que est\u00e3o previstos no Edital: -&gt; Seguran\u00e7a de Dignit\u00e1rios -&gt; Gerenciamento de crises Vamos l\u00e1&#8230;. A Resolu\u00e7\u00e3o CNJ 239\/16,que disp\u00f5e sobre a Pol\u00edtica Nacional de Seguran\u00e7a do Poder Judici\u00e1rio, reza em seu Art. 2\u00ba que a \u201cSeguran\u00e7a Institucional do Poder Judici\u00e1rio tem [&hellip;]\" \/>\n<meta property=\"og:url\" content=\"https:\/\/www.estrategiaconcursos.com.br\/blog\/estudo-de-caso-tecnico-judiciario-seguranca-e-transporte-trf4\/\" \/>\n<meta property=\"og:site_name\" content=\"Estrat\u00e9gia Concursos\" \/>\n<meta property=\"article:published_time\" content=\"2019-08-01T00:06:16+00:00\" \/>\n<meta property=\"article:modified_time\" content=\"2019-08-01T00:06:18+00:00\" \/>\n<meta property=\"og:image\" content=\"https:\/\/dhg1h5j42swfq.cloudfront.net\/2019\/07\/31204331\/20170605_120429-e1564616654342.jpg\" \/>\n\t<meta property=\"og:image:width\" content=\"2322\" \/>\n\t<meta property=\"og:image:height\" content=\"4128\" \/>\n\t<meta property=\"og:image:type\" content=\"image\/jpeg\" \/>\n<meta name=\"author\" content=\"Jess\u00e9 Moraes de Jesus\" \/>\n<meta name=\"twitter:card\" content=\"summary_large_image\" \/>\n<meta name=\"twitter:creator\" content=\"@EstratConcursos\" \/>\n<meta name=\"twitter:site\" content=\"@EstratConcursos\" \/>\n<meta name=\"twitter:label1\" content=\"Escrito por\" \/>\n\t<meta name=\"twitter:data1\" content=\"Jess\u00e9 Moraes de Jesus\" \/>\n\t<meta name=\"twitter:label2\" content=\"Est. tempo de leitura\" \/>\n\t<meta name=\"twitter:data2\" content=\"4 minutos\" \/>\n<script type=\"application\/ld+json\" class=\"yoast-schema-graph\">{\"@context\":\"https:\/\/schema.org\",\"@graph\":[{\"@type\":\"NewsArticle\",\"@id\":\"https:\/\/www.estrategiaconcursos.com.br\/blog\/estudo-de-caso-tecnico-judiciario-seguranca-e-transporte-trf4\/#article\",\"isPartOf\":{\"@id\":\"https:\/\/www.estrategiaconcursos.com.br\/blog\/estudo-de-caso-tecnico-judiciario-seguranca-e-transporte-trf4\/\"},\"author\":{\"name\":\"Jess\u00e9 Moraes de Jesus\",\"@id\":\"https:\/\/www.estrategiaconcursos.com.br\/blog\/#\/schema\/person\/02fbe868c0ddff1fdc015e4110eae134\"},\"headline\":\"Estudo de caso &#8211; T\u00e9cnico Judici\u00e1rio ( Seguran\u00e7a e Transporte) TRF4.\",\"datePublished\":\"2019-08-01T00:06:16+00:00\",\"dateModified\":\"2019-08-01T00:06:18+00:00\",\"mainEntityOfPage\":{\"@id\":\"https:\/\/www.estrategiaconcursos.com.br\/blog\/estudo-de-caso-tecnico-judiciario-seguranca-e-transporte-trf4\/\"},\"wordCount\":912,\"commentCount\":1,\"publisher\":{\"@id\":\"https:\/\/www.estrategiaconcursos.com.br\/blog\/#organization\"},\"image\":{\"@id\":\"https:\/\/www.estrategiaconcursos.com.br\/blog\/estudo-de-caso-tecnico-judiciario-seguranca-e-transporte-trf4\/#primaryimage\"},\"thumbnailUrl\":\"https:\/\/dhg1h5j42swfq.cloudfront.net\/2019\/07\/31204331\/20170605_120429-e1564616654342.jpg\",\"articleSection\":[\"Concursos P\u00fablicos\",\"For\u00e7as Armadas (Oficiais)\",\"Jur\u00eddico\",\"Policial (Agente, Escriv\u00e3o e Investigador)\"],\"inLanguage\":\"pt-BR\",\"potentialAction\":[{\"@type\":\"CommentAction\",\"name\":\"Comment\",\"target\":[\"https:\/\/www.estrategiaconcursos.com.br\/blog\/estudo-de-caso-tecnico-judiciario-seguranca-e-transporte-trf4\/#respond\"]}],\"copyrightYear\":\"2019\",\"copyrightHolder\":{\"@id\":\"https:\/\/www.estrategiaconcursos.com.br\/blog\/#organization\"}},{\"@type\":\"WebPage\",\"@id\":\"https:\/\/www.estrategiaconcursos.com.br\/blog\/estudo-de-caso-tecnico-judiciario-seguranca-e-transporte-trf4\/\",\"url\":\"https:\/\/www.estrategiaconcursos.com.br\/blog\/estudo-de-caso-tecnico-judiciario-seguranca-e-transporte-trf4\/\",\"name\":\"Estudo de caso - T\u00e9cnico Judici\u00e1rio ( Seguran\u00e7a e Transporte) TRF4.\",\"isPartOf\":{\"@id\":\"https:\/\/www.estrategiaconcursos.com.br\/blog\/#website\"},\"primaryImageOfPage\":{\"@id\":\"https:\/\/www.estrategiaconcursos.com.br\/blog\/estudo-de-caso-tecnico-judiciario-seguranca-e-transporte-trf4\/#primaryimage\"},\"image\":{\"@id\":\"https:\/\/www.estrategiaconcursos.com.br\/blog\/estudo-de-caso-tecnico-judiciario-seguranca-e-transporte-trf4\/#primaryimage\"},\"thumbnailUrl\":\"https:\/\/dhg1h5j42swfq.cloudfront.net\/2019\/07\/31204331\/20170605_120429-e1564616654342.jpg\",\"datePublished\":\"2019-08-01T00:06:16+00:00\",\"dateModified\":\"2019-08-01T00:06:18+00:00\",\"breadcrumb\":{\"@id\":\"https:\/\/www.estrategiaconcursos.com.br\/blog\/estudo-de-caso-tecnico-judiciario-seguranca-e-transporte-trf4\/#breadcrumb\"},\"inLanguage\":\"pt-BR\",\"potentialAction\":[{\"@type\":\"ReadAction\",\"target\":[\"https:\/\/www.estrategiaconcursos.com.br\/blog\/estudo-de-caso-tecnico-judiciario-seguranca-e-transporte-trf4\/\"]}]},{\"@type\":\"ImageObject\",\"inLanguage\":\"pt-BR\",\"@id\":\"https:\/\/www.estrategiaconcursos.com.br\/blog\/estudo-de-caso-tecnico-judiciario-seguranca-e-transporte-trf4\/#primaryimage\",\"url\":\"https:\/\/dhg1h5j42swfq.cloudfront.net\/2019\/07\/31204331\/20170605_120429-e1564616654342.jpg\",\"contentUrl\":\"https:\/\/dhg1h5j42swfq.cloudfront.net\/2019\/07\/31204331\/20170605_120429-e1564616654342.jpg\",\"width\":2322,\"height\":4128},{\"@type\":\"BreadcrumbList\",\"@id\":\"https:\/\/www.estrategiaconcursos.com.br\/blog\/estudo-de-caso-tecnico-judiciario-seguranca-e-transporte-trf4\/#breadcrumb\",\"itemListElement\":[{\"@type\":\"ListItem\",\"position\":1,\"name\":\"In\u00edcio\",\"item\":\"https:\/\/www.estrategiaconcursos.com.br\/blog\/\"},{\"@type\":\"ListItem\",\"position\":2,\"name\":\"Estudo de caso &#8211; T\u00e9cnico Judici\u00e1rio ( Seguran\u00e7a e Transporte) TRF4.\"}]},{\"@type\":\"WebSite\",\"@id\":\"https:\/\/www.estrategiaconcursos.com.br\/blog\/#website\",\"url\":\"https:\/\/www.estrategiaconcursos.com.br\/blog\/\",\"name\":\"Estrat\u00e9gia Concursos\",\"description\":\"O blog da Estrat\u00e9gia Concursos traz not\u00edcias sobre concursos e artigos de professores oferecendo cursos para concursos (pdf + videaulas) no site.\",\"publisher\":{\"@id\":\"https:\/\/www.estrategiaconcursos.com.br\/blog\/#organization\"},\"potentialAction\":[{\"@type\":\"SearchAction\",\"target\":{\"@type\":\"EntryPoint\",\"urlTemplate\":\"https:\/\/www.estrategiaconcursos.com.br\/blog\/?s={search_term_string}\"},\"query-input\":{\"@type\":\"PropertyValueSpecification\",\"valueRequired\":true,\"valueName\":\"search_term_string\"}}],\"inLanguage\":\"pt-BR\"},{\"@type\":\"Organization\",\"@id\":\"https:\/\/www.estrategiaconcursos.com.br\/blog\/#organization\",\"name\":\"Estrat\u00e9gia Concursos\",\"url\":\"https:\/\/www.estrategiaconcursos.com.br\/blog\/\",\"logo\":{\"@type\":\"ImageObject\",\"inLanguage\":\"pt-BR\",\"@id\":\"https:\/\/www.estrategiaconcursos.com.br\/blog\/#\/schema\/logo\/image\/\",\"url\":\"https:\/\/dhg1h5j42swfq.cloudfront.net\/2025\/06\/03203428\/logo_concursos-1.jpg\",\"contentUrl\":\"https:\/\/dhg1h5j42swfq.cloudfront.net\/2025\/06\/03203428\/logo_concursos-1.jpg\",\"width\":230,\"height\":60,\"caption\":\"Estrat\u00e9gia Concursos\"},\"image\":{\"@id\":\"https:\/\/www.estrategiaconcursos.com.br\/blog\/#\/schema\/logo\/image\/\"},\"sameAs\":[\"https:\/\/x.com\/EstratConcursos\"]},{\"@type\":\"Person\",\"@id\":\"https:\/\/www.estrategiaconcursos.com.br\/blog\/#\/schema\/person\/02fbe868c0ddff1fdc015e4110eae134\",\"name\":\"Jess\u00e9 Moraes de Jesus\",\"image\":{\"@type\":\"ImageObject\",\"inLanguage\":\"pt-BR\",\"@id\":\"https:\/\/secure.gravatar.com\/avatar\/35d75aad9f78f129c4559b2849484d0270231cce8af1907f90cf863e9aefff13?s=96&d=mm&r=g\",\"url\":\"https:\/\/secure.gravatar.com\/avatar\/35d75aad9f78f129c4559b2849484d0270231cce8af1907f90cf863e9aefff13?s=96&d=mm&r=g\",\"contentUrl\":\"https:\/\/secure.gravatar.com\/avatar\/35d75aad9f78f129c4559b2849484d0270231cce8af1907f90cf863e9aefff13?s=96&d=mm&r=g\",\"caption\":\"Jess\u00e9 Moraes de Jesus\"},\"url\":\"https:\/\/www.estrategiaconcursos.com.br\/blog\/author\/jesse115804gmail-com\/\"}]}<\/script>\n<!-- \/ Yoast SEO Premium plugin. -->","yoast_head_json":{"title":"Estudo de caso - T\u00e9cnico Judici\u00e1rio ( Seguran\u00e7a e Transporte) TRF4.","robots":{"index":"index","follow":"follow","max-snippet":"max-snippet:-1","max-image-preview":"max-image-preview:large","max-video-preview":"max-video-preview:-1"},"canonical":"https:\/\/www.estrategiaconcursos.com.br\/blog\/estudo-de-caso-tecnico-judiciario-seguranca-e-transporte-trf4\/","og_locale":"pt_BR","og_type":"article","og_title":"Estudo de caso - T\u00e9cnico Judici\u00e1rio ( Seguran\u00e7a e Transporte) TRF4.","og_description":"Fala futuros ASjs!!!! Segue um artigo para ajud\u00e1-los nos dois estudos de casos que est\u00e3o previstos no Edital: -&gt; Seguran\u00e7a de Dignit\u00e1rios -&gt; Gerenciamento de crises Vamos l\u00e1&#8230;. A Resolu\u00e7\u00e3o CNJ 239\/16,que disp\u00f5e sobre a Pol\u00edtica Nacional de Seguran\u00e7a do Poder Judici\u00e1rio, reza em seu Art. 2\u00ba que a \u201cSeguran\u00e7a Institucional do Poder Judici\u00e1rio tem [&hellip;]","og_url":"https:\/\/www.estrategiaconcursos.com.br\/blog\/estudo-de-caso-tecnico-judiciario-seguranca-e-transporte-trf4\/","og_site_name":"Estrat\u00e9gia Concursos","article_published_time":"2019-08-01T00:06:16+00:00","article_modified_time":"2019-08-01T00:06:18+00:00","og_image":[{"width":2322,"height":4128,"url":"https:\/\/dhg1h5j42swfq.cloudfront.net\/2019\/07\/31204331\/20170605_120429-e1564616654342.jpg","type":"image\/jpeg"}],"author":"Jess\u00e9 Moraes de Jesus","twitter_card":"summary_large_image","twitter_creator":"@EstratConcursos","twitter_site":"@EstratConcursos","twitter_misc":{"Escrito por":"Jess\u00e9 Moraes de Jesus","Est. tempo de leitura":"4 minutos"},"schema":{"@context":"https:\/\/schema.org","@graph":[{"@type":"NewsArticle","@id":"https:\/\/www.estrategiaconcursos.com.br\/blog\/estudo-de-caso-tecnico-judiciario-seguranca-e-transporte-trf4\/#article","isPartOf":{"@id":"https:\/\/www.estrategiaconcursos.com.br\/blog\/estudo-de-caso-tecnico-judiciario-seguranca-e-transporte-trf4\/"},"author":{"name":"Jess\u00e9 Moraes de Jesus","@id":"https:\/\/www.estrategiaconcursos.com.br\/blog\/#\/schema\/person\/02fbe868c0ddff1fdc015e4110eae134"},"headline":"Estudo de caso &#8211; T\u00e9cnico Judici\u00e1rio ( Seguran\u00e7a e Transporte) TRF4.","datePublished":"2019-08-01T00:06:16+00:00","dateModified":"2019-08-01T00:06:18+00:00","mainEntityOfPage":{"@id":"https:\/\/www.estrategiaconcursos.com.br\/blog\/estudo-de-caso-tecnico-judiciario-seguranca-e-transporte-trf4\/"},"wordCount":912,"commentCount":1,"publisher":{"@id":"https:\/\/www.estrategiaconcursos.com.br\/blog\/#organization"},"image":{"@id":"https:\/\/www.estrategiaconcursos.com.br\/blog\/estudo-de-caso-tecnico-judiciario-seguranca-e-transporte-trf4\/#primaryimage"},"thumbnailUrl":"https:\/\/dhg1h5j42swfq.cloudfront.net\/2019\/07\/31204331\/20170605_120429-e1564616654342.jpg","articleSection":["Concursos P\u00fablicos","For\u00e7as Armadas (Oficiais)","Jur\u00eddico","Policial (Agente, Escriv\u00e3o e Investigador)"],"inLanguage":"pt-BR","potentialAction":[{"@type":"CommentAction","name":"Comment","target":["https:\/\/www.estrategiaconcursos.com.br\/blog\/estudo-de-caso-tecnico-judiciario-seguranca-e-transporte-trf4\/#respond"]}],"copyrightYear":"2019","copyrightHolder":{"@id":"https:\/\/www.estrategiaconcursos.com.br\/blog\/#organization"}},{"@type":"WebPage","@id":"https:\/\/www.estrategiaconcursos.com.br\/blog\/estudo-de-caso-tecnico-judiciario-seguranca-e-transporte-trf4\/","url":"https:\/\/www.estrategiaconcursos.com.br\/blog\/estudo-de-caso-tecnico-judiciario-seguranca-e-transporte-trf4\/","name":"Estudo de caso - T\u00e9cnico Judici\u00e1rio ( Seguran\u00e7a e Transporte) TRF4.","isPartOf":{"@id":"https:\/\/www.estrategiaconcursos.com.br\/blog\/#website"},"primaryImageOfPage":{"@id":"https:\/\/www.estrategiaconcursos.com.br\/blog\/estudo-de-caso-tecnico-judiciario-seguranca-e-transporte-trf4\/#primaryimage"},"image":{"@id":"https:\/\/www.estrategiaconcursos.com.br\/blog\/estudo-de-caso-tecnico-judiciario-seguranca-e-transporte-trf4\/#primaryimage"},"thumbnailUrl":"https:\/\/dhg1h5j42swfq.cloudfront.net\/2019\/07\/31204331\/20170605_120429-e1564616654342.jpg","datePublished":"2019-08-01T00:06:16+00:00","dateModified":"2019-08-01T00:06:18+00:00","breadcrumb":{"@id":"https:\/\/www.estrategiaconcursos.com.br\/blog\/estudo-de-caso-tecnico-judiciario-seguranca-e-transporte-trf4\/#breadcrumb"},"inLanguage":"pt-BR","potentialAction":[{"@type":"ReadAction","target":["https:\/\/www.estrategiaconcursos.com.br\/blog\/estudo-de-caso-tecnico-judiciario-seguranca-e-transporte-trf4\/"]}]},{"@type":"ImageObject","inLanguage":"pt-BR","@id":"https:\/\/www.estrategiaconcursos.com.br\/blog\/estudo-de-caso-tecnico-judiciario-seguranca-e-transporte-trf4\/#primaryimage","url":"https:\/\/dhg1h5j42swfq.cloudfront.net\/2019\/07\/31204331\/20170605_120429-e1564616654342.jpg","contentUrl":"https:\/\/dhg1h5j42swfq.cloudfront.net\/2019\/07\/31204331\/20170605_120429-e1564616654342.jpg","width":2322,"height":4128},{"@type":"BreadcrumbList","@id":"https:\/\/www.estrategiaconcursos.com.br\/blog\/estudo-de-caso-tecnico-judiciario-seguranca-e-transporte-trf4\/#breadcrumb","itemListElement":[{"@type":"ListItem","position":1,"name":"In\u00edcio","item":"https:\/\/www.estrategiaconcursos.com.br\/blog\/"},{"@type":"ListItem","position":2,"name":"Estudo de caso &#8211; T\u00e9cnico Judici\u00e1rio ( Seguran\u00e7a e Transporte) TRF4."}]},{"@type":"WebSite","@id":"https:\/\/www.estrategiaconcursos.com.br\/blog\/#website","url":"https:\/\/www.estrategiaconcursos.com.br\/blog\/","name":"Estrat\u00e9gia Concursos","description":"O blog da Estrat\u00e9gia Concursos traz not\u00edcias sobre concursos e artigos de professores oferecendo cursos para concursos (pdf + videaulas) no site.","publisher":{"@id":"https:\/\/www.estrategiaconcursos.com.br\/blog\/#organization"},"potentialAction":[{"@type":"SearchAction","target":{"@type":"EntryPoint","urlTemplate":"https:\/\/www.estrategiaconcursos.com.br\/blog\/?s={search_term_string}"},"query-input":{"@type":"PropertyValueSpecification","valueRequired":true,"valueName":"search_term_string"}}],"inLanguage":"pt-BR"},{"@type":"Organization","@id":"https:\/\/www.estrategiaconcursos.com.br\/blog\/#organization","name":"Estrat\u00e9gia Concursos","url":"https:\/\/www.estrategiaconcursos.com.br\/blog\/","logo":{"@type":"ImageObject","inLanguage":"pt-BR","@id":"https:\/\/www.estrategiaconcursos.com.br\/blog\/#\/schema\/logo\/image\/","url":"https:\/\/dhg1h5j42swfq.cloudfront.net\/2025\/06\/03203428\/logo_concursos-1.jpg","contentUrl":"https:\/\/dhg1h5j42swfq.cloudfront.net\/2025\/06\/03203428\/logo_concursos-1.jpg","width":230,"height":60,"caption":"Estrat\u00e9gia Concursos"},"image":{"@id":"https:\/\/www.estrategiaconcursos.com.br\/blog\/#\/schema\/logo\/image\/"},"sameAs":["https:\/\/x.com\/EstratConcursos"]},{"@type":"Person","@id":"https:\/\/www.estrategiaconcursos.com.br\/blog\/#\/schema\/person\/02fbe868c0ddff1fdc015e4110eae134","name":"Jess\u00e9 Moraes de Jesus","image":{"@type":"ImageObject","inLanguage":"pt-BR","@id":"https:\/\/secure.gravatar.com\/avatar\/35d75aad9f78f129c4559b2849484d0270231cce8af1907f90cf863e9aefff13?s=96&d=mm&r=g","url":"https:\/\/secure.gravatar.com\/avatar\/35d75aad9f78f129c4559b2849484d0270231cce8af1907f90cf863e9aefff13?s=96&d=mm&r=g","contentUrl":"https:\/\/secure.gravatar.com\/avatar\/35d75aad9f78f129c4559b2849484d0270231cce8af1907f90cf863e9aefff13?s=96&d=mm&r=g","caption":"Jess\u00e9 Moraes de Jesus"},"url":"https:\/\/www.estrategiaconcursos.com.br\/blog\/author\/jesse115804gmail-com\/"}]}},"_links":{"self":[{"href":"https:\/\/www.estrategiaconcursos.com.br\/blog\/wp-json\/wp\/v2\/posts\/404532","targetHints":{"allow":["GET"]}}],"collection":[{"href":"https:\/\/www.estrategiaconcursos.com.br\/blog\/wp-json\/wp\/v2\/posts"}],"about":[{"href":"https:\/\/www.estrategiaconcursos.com.br\/blog\/wp-json\/wp\/v2\/types\/post"}],"author":[{"embeddable":true,"href":"https:\/\/www.estrategiaconcursos.com.br\/blog\/wp-json\/wp\/v2\/users\/1268"}],"replies":[{"embeddable":true,"href":"https:\/\/www.estrategiaconcursos.com.br\/blog\/wp-json\/wp\/v2\/comments?post=404532"}],"version-history":[{"count":9,"href":"https:\/\/www.estrategiaconcursos.com.br\/blog\/wp-json\/wp\/v2\/posts\/404532\/revisions"}],"predecessor-version":[{"id":404545,"href":"https:\/\/www.estrategiaconcursos.com.br\/blog\/wp-json\/wp\/v2\/posts\/404532\/revisions\/404545"}],"wp:featuredmedia":[{"embeddable":true,"href":"https:\/\/www.estrategiaconcursos.com.br\/blog\/wp-json\/wp\/v2\/media\/404535"}],"wp:attachment":[{"href":"https:\/\/www.estrategiaconcursos.com.br\/blog\/wp-json\/wp\/v2\/media?parent=404532"}],"wp:term":[{"taxonomy":"category","embeddable":true,"href":"https:\/\/www.estrategiaconcursos.com.br\/blog\/wp-json\/wp\/v2\/categories?post=404532"},{"taxonomy":"post_tag","embeddable":true,"href":"https:\/\/www.estrategiaconcursos.com.br\/blog\/wp-json\/wp\/v2\/tags?post=404532"},{"taxonomy":"tax_estado","embeddable":true,"href":"https:\/\/www.estrategiaconcursos.com.br\/blog\/wp-json\/wp\/v2\/tax_estado?post=404532"}],"curies":[{"name":"wp","href":"https:\/\/api.w.org\/{rel}","templated":true}]}}