{"id":404366,"date":"2019-07-31T15:20:35","date_gmt":"2019-07-31T18:20:35","guid":{"rendered":"https:\/\/www.estrategiaconcursos.com.br\/blog\/?p=404366"},"modified":"2019-07-31T15:20:37","modified_gmt":"2019-07-31T18:20:37","slug":"concurso-trf-3-vagas-edital","status":"publish","type":"post","link":"https:\/\/www.estrategiaconcursos.com.br\/blog\/concurso-trf-3-vagas-edital\/","title":{"rendered":"Concurso TRF 3: \u00f3rg\u00e3o divulga n\u00famero de vagas; confira a distribui\u00e7\u00e3o"},"content":{"rendered":"\n<h2 class=\"wp-block-heading\">Novo concurso para o TRF3 foi autorizado em 17 de julho<\/h2>\n\n\n\n<p>O <strong>Tribunal Regional Federal da 3\u00aa regi\u00e3o<\/strong> j\u00e1 definiu o quantitativo de vagas previsto para o novo edital de concurso p\u00fablico do \u00f3rg\u00e3o, autorizado em 17 de julho. Em contato com o Estrat\u00e9gia Concursos, o \u00f3rg\u00e3o confirmou com exclusividade o n\u00famero de vagas imediatas que estar\u00e3o no edital.<\/p>\n\n\n\n<p>De acordo com o TRF 3, o certame ter\u00e1 vagas para Analista Judici\u00e1rio e T\u00e9cnico Judici\u00e1rio, distribu\u00eddos entre as se\u00e7\u00f5es judici\u00e1rias de S\u00e3o Paulo e Mato Grosso do Sul e na sede do Tribunal na capital paulista.<\/p>\n\n\n\n<p>Em virtude das restri\u00e7\u00f5es or\u00e7ament\u00e1rias, o TRF 3 prev\u00ea que o edital ter\u00e1 <strong>uma vaga<\/strong> por cargo, sem preju\u00edzo de novas nomea\u00e7\u00f5es durante o per\u00edodo de validade do concurso p\u00fablico. Vale lembrar que no \u00faltimo concurso (2013), s\u00f3 para o cargo de T\u00e9cnico Judici\u00e1rio (\u00c1rea Administrativa), 435 aprovados foram convocados para a posse.<\/p>\n\n\n\n<p>Confira os cargos contemplados:<\/p>\n\n\n\n<ul class=\"wp-block-list\"><li><strong>Analista Judici\u00e1rio &#8211; \u00c1rea Judici\u00e1ria<\/strong><ul><li>com lota\u00e7\u00e3o em TRF3 e Se\u00e7\u00e3o Judici\u00e1ria de S\u00e3o Paulo<\/li><\/ul><\/li><li><strong>T\u00e9cnico Judici\u00e1rio &#8211; \u00c1rea Administrativa<\/strong><ul><li>com lota\u00e7\u00f5es em TRE3 e Se\u00e7\u00f5es Judici\u00e1rias de S\u00e3o Paulo e Mato Grosso do Sul<\/li><\/ul><\/li><li><strong>Analista Judici\u00e1rio &#8211; Especialidade Inform\u00e1tica<\/strong><ul><li>com lota\u00e7\u00e3o em TRF3<\/li><\/ul><\/li><li><strong>T\u00e9cnico Judici\u00e1rio &#8211; Especialidade Inform\u00e1tica<\/strong><ul><li>com lota\u00e7\u00e3o em TRF3<\/li><\/ul><\/li><\/ul>\n\n\n\n<p>Confira a resposta enviada pelo \u00f3rg\u00e3o ao Estrat\u00e9gia Concursos:<\/p>\n\n\n\n<figure class=\"wp-block-image is-resized\"><img loading=\"lazy\" decoding=\"async\" src=\"https:\/\/trello-attachments.s3.amazonaws.com\/5d4182f5526dc907d2c45528\/800x321\/e2c9de726f2a9d31b26cb7f7340fc2b6\/TRF3.jpg\" alt=\"TRF 3 responde questionamentos sobre vagas previstas no edital do novo concurso.\" width=\"516\" height=\"206\"\/><figcaption>TRF 3 responde questionamentos sobre vagas previstas no edital do novo concurso.<\/figcaption><\/figure>\n\n\n\n<p style=\"font-size:23px;text-align:center\"><strong>Saiba mais sobre este concurso<\/strong>:<\/p>\n\n\n\n<p style=\"font-size:23px;text-align:center\" class=\"has-background has-pale-cyan-blue-background-color\"><strong><a rel=\"noreferrer noopener\" aria-label=\"Concurso TRF3 (abre numa nova aba)\" href=\"https:\/\/www.estrategiaconcursos.com.br\/blog\/concurso-trf-3\/\" target=\"_blank\">CLique aqui para saber tudo sobre o TRF3<\/a><\/strong><\/p>\n\n\n\n<p style=\"font-size:23px;text-align:center\" class=\"has-background has-light-green-cyan-background-color\"><strong><a href=\"https:\/\/www.estrategiaconcursos.com.br\/cursosPorConcurso\/promocao-pacotes-completos-trf-3-regiao\/\" target=\"_blank\" rel=\"noreferrer noopener\">PROMO\u00c7\u00c3O: CURSO TRF 3<\/a><\/strong><\/p>\n\n\n\n<p style=\"text-align:center\"><em><strong>Assinatura Anual Ilimitada*<\/strong><\/em><\/p>\n\n\n\n<p style=\"text-align:center\"><em>Prepare-se com o melhor material e com quem mais aprova em Concursos P\u00fablicos em todo o pa\u00eds. Assine agora a nossa Assinatura Anual e tenha acesso ilimitado* a todos os nossos cursos.<\/em><\/p>\n\n\n\n<p style=\"font-size:22px;text-align:center\" class=\"has-background has-luminous-vivid-amber-background-color\"><strong>ASSINE AGORA<\/strong>&nbsp;\u2013&nbsp;<a rel=\"noreferrer noopener\" href=\"https:\/\/www.estrategiaconcursos.com.br\/assinaturas\" target=\"_blank\"><strong>Assinatura Ilimitada<\/strong><\/a><\/p>\n","protected":false},"excerpt":{"rendered":"<p>Novo concurso para o TRF3 foi autorizado em 17 de julho O Tribunal Regional Federal da 3\u00aa regi\u00e3o j\u00e1 definiu o quantitativo de vagas previsto para o novo edital de concurso p\u00fablico do \u00f3rg\u00e3o, autorizado em 17 de julho. Em contato com o Estrat\u00e9gia Concursos, o \u00f3rg\u00e3o confirmou com exclusividade o n\u00famero de vagas imediatas [&hellip;]<\/p>\n","protected":false},"author":26,"featured_media":135680,"comment_status":"open","ping_status":"closed","sticky":false,"template":"","format":"standard","meta":{"post_tipo":"article","footnotes":""},"categories":[1984],"tags":[],"tax_estado":[],"class_list":["post-404366","post","type-post","status-publish","format-standard","has-post-thumbnail","hentry","category-tribunais"],"acf":[],"yoast_head":"<!-- This site is optimized with the Yoast SEO Premium plugin v27.2 (Yoast SEO v27.2) - https:\/\/yoast.com\/product\/yoast-seo-premium-wordpress\/ -->\n<title>Concurso TRF 3: \u00f3rg\u00e3o divulga n\u00famero de vagas; confira a distribui\u00e7\u00e3o<\/title>\n<meta name=\"robots\" content=\"index, follow, max-snippet:-1, max-image-preview:large, max-video-preview:-1\" \/>\n<link rel=\"canonical\" href=\"https:\/\/www.estrategiaconcursos.com.br\/blog\/concurso-trf-3-vagas-edital\/\" \/>\n<meta property=\"og:locale\" content=\"pt_BR\" \/>\n<meta property=\"og:type\" content=\"article\" \/>\n<meta property=\"og:title\" content=\"Concurso TRF 3: \u00f3rg\u00e3o divulga n\u00famero de vagas; confira a distribui\u00e7\u00e3o\" \/>\n<meta property=\"og:description\" content=\"Novo concurso para o TRF3 foi autorizado em 17 de julho O Tribunal Regional Federal da 3\u00aa regi\u00e3o j\u00e1 definiu o quantitativo de vagas previsto para o novo edital de concurso p\u00fablico do \u00f3rg\u00e3o, autorizado em 17 de julho. Em contato com o Estrat\u00e9gia Concursos, o \u00f3rg\u00e3o confirmou com exclusividade o n\u00famero de vagas imediatas [&hellip;]\" \/>\n<meta property=\"og:url\" content=\"https:\/\/www.estrategiaconcursos.com.br\/blog\/concurso-trf-3-vagas-edital\/\" \/>\n<meta property=\"og:site_name\" content=\"Estrat\u00e9gia Concursos\" \/>\n<meta property=\"article:author\" content=\"https:\/\/www.facebook.com\/rvale01\" \/>\n<meta property=\"article:published_time\" content=\"2019-07-31T18:20:35+00:00\" \/>\n<meta property=\"article:modified_time\" content=\"2019-07-31T18:20:37+00:00\" \/>\n<meta property=\"og:image\" content=\"https:\/\/dhg1h5j42swfq.cloudfront.net\/2018\/08\/10172345\/TRF3-e1533932635972.jpg\" \/>\n\t<meta property=\"og:image:width\" content=\"400\" \/>\n\t<meta property=\"og:image:height\" content=\"209\" \/>\n\t<meta property=\"og:image:type\" content=\"image\/jpeg\" \/>\n<meta name=\"author\" content=\"Ricardo Vale\" \/>\n<meta name=\"twitter:card\" content=\"summary_large_image\" \/>\n<meta name=\"twitter:creator\" content=\"@https:\/\/twitter.com\/EstratConcursos\" \/>\n<meta name=\"twitter:site\" content=\"@EstratConcursos\" \/>\n<meta name=\"twitter:label1\" content=\"Escrito por\" \/>\n\t<meta name=\"twitter:data1\" content=\"Ricardo Vale\" \/>\n\t<meta name=\"twitter:label2\" content=\"Est. tempo de leitura\" \/>\n\t<meta name=\"twitter:data2\" content=\"2 minutos\" \/>\n<script type=\"application\/ld+json\" class=\"yoast-schema-graph\">{\"@context\":\"https:\/\/schema.org\",\"@graph\":[{\"@type\":\"NewsArticle\",\"@id\":\"https:\/\/www.estrategiaconcursos.com.br\/blog\/concurso-trf-3-vagas-edital\/#article\",\"isPartOf\":{\"@id\":\"https:\/\/www.estrategiaconcursos.com.br\/blog\/concurso-trf-3-vagas-edital\/\"},\"author\":{\"name\":\"Ricardo Vale\",\"@id\":\"https:\/\/www.estrategiaconcursos.com.br\/blog\/#\/schema\/person\/c32e47dba2159cafe7796a9569a6ff7e\"},\"headline\":\"Concurso TRF 3: \u00f3rg\u00e3o divulga n\u00famero de vagas; confira a distribui\u00e7\u00e3o\",\"datePublished\":\"2019-07-31T18:20:35+00:00\",\"dateModified\":\"2019-07-31T18:20:37+00:00\",\"mainEntityOfPage\":{\"@id\":\"https:\/\/www.estrategiaconcursos.com.br\/blog\/concurso-trf-3-vagas-edital\/\"},\"wordCount\":336,\"commentCount\":2,\"publisher\":{\"@id\":\"https:\/\/www.estrategiaconcursos.com.br\/blog\/#organization\"},\"image\":{\"@id\":\"https:\/\/www.estrategiaconcursos.com.br\/blog\/concurso-trf-3-vagas-edital\/#primaryimage\"},\"thumbnailUrl\":\"https:\/\/dhg1h5j42swfq.cloudfront.net\/2018\/08\/10172345\/TRF3-e1533932635972.jpg\",\"articleSection\":[\"Tribunais\"],\"inLanguage\":\"pt-BR\",\"potentialAction\":[{\"@type\":\"CommentAction\",\"name\":\"Comment\",\"target\":[\"https:\/\/www.estrategiaconcursos.com.br\/blog\/concurso-trf-3-vagas-edital\/#respond\"]}],\"copyrightYear\":\"2019\",\"copyrightHolder\":{\"@id\":\"https:\/\/www.estrategiaconcursos.com.br\/blog\/#organization\"}},{\"@type\":\"WebPage\",\"@id\":\"https:\/\/www.estrategiaconcursos.com.br\/blog\/concurso-trf-3-vagas-edital\/\",\"url\":\"https:\/\/www.estrategiaconcursos.com.br\/blog\/concurso-trf-3-vagas-edital\/\",\"name\":\"Concurso TRF 3: \u00f3rg\u00e3o divulga n\u00famero de vagas; confira a distribui\u00e7\u00e3o\",\"isPartOf\":{\"@id\":\"https:\/\/www.estrategiaconcursos.com.br\/blog\/#website\"},\"primaryImageOfPage\":{\"@id\":\"https:\/\/www.estrategiaconcursos.com.br\/blog\/concurso-trf-3-vagas-edital\/#primaryimage\"},\"image\":{\"@id\":\"https:\/\/www.estrategiaconcursos.com.br\/blog\/concurso-trf-3-vagas-edital\/#primaryimage\"},\"thumbnailUrl\":\"https:\/\/dhg1h5j42swfq.cloudfront.net\/2018\/08\/10172345\/TRF3-e1533932635972.jpg\",\"datePublished\":\"2019-07-31T18:20:35+00:00\",\"dateModified\":\"2019-07-31T18:20:37+00:00\",\"breadcrumb\":{\"@id\":\"https:\/\/www.estrategiaconcursos.com.br\/blog\/concurso-trf-3-vagas-edital\/#breadcrumb\"},\"inLanguage\":\"pt-BR\",\"potentialAction\":[{\"@type\":\"ReadAction\",\"target\":[\"https:\/\/www.estrategiaconcursos.com.br\/blog\/concurso-trf-3-vagas-edital\/\"]}]},{\"@type\":\"ImageObject\",\"inLanguage\":\"pt-BR\",\"@id\":\"https:\/\/www.estrategiaconcursos.com.br\/blog\/concurso-trf-3-vagas-edital\/#primaryimage\",\"url\":\"https:\/\/dhg1h5j42swfq.cloudfront.net\/2018\/08\/10172345\/TRF3-e1533932635972.jpg\",\"contentUrl\":\"https:\/\/dhg1h5j42swfq.cloudfront.net\/2018\/08\/10172345\/TRF3-e1533932635972.jpg\",\"width\":400,\"height\":209,\"caption\":\"TRF3\"},{\"@type\":\"BreadcrumbList\",\"@id\":\"https:\/\/www.estrategiaconcursos.com.br\/blog\/concurso-trf-3-vagas-edital\/#breadcrumb\",\"itemListElement\":[{\"@type\":\"ListItem\",\"position\":1,\"name\":\"In\u00edcio\",\"item\":\"https:\/\/www.estrategiaconcursos.com.br\/blog\/\"},{\"@type\":\"ListItem\",\"position\":2,\"name\":\"Concurso TRF 3: \u00f3rg\u00e3o divulga n\u00famero de vagas; confira a distribui\u00e7\u00e3o\"}]},{\"@type\":\"WebSite\",\"@id\":\"https:\/\/www.estrategiaconcursos.com.br\/blog\/#website\",\"url\":\"https:\/\/www.estrategiaconcursos.com.br\/blog\/\",\"name\":\"Estrat\u00e9gia Concursos\",\"description\":\"O blog da Estrat\u00e9gia Concursos traz not\u00edcias sobre concursos e artigos de professores oferecendo cursos para concursos (pdf + videaulas) no site.\",\"publisher\":{\"@id\":\"https:\/\/www.estrategiaconcursos.com.br\/blog\/#organization\"},\"potentialAction\":[{\"@type\":\"SearchAction\",\"target\":{\"@type\":\"EntryPoint\",\"urlTemplate\":\"https:\/\/www.estrategiaconcursos.com.br\/blog\/?s={search_term_string}\"},\"query-input\":{\"@type\":\"PropertyValueSpecification\",\"valueRequired\":true,\"valueName\":\"search_term_string\"}}],\"inLanguage\":\"pt-BR\"},{\"@type\":\"Organization\",\"@id\":\"https:\/\/www.estrategiaconcursos.com.br\/blog\/#organization\",\"name\":\"Estrat\u00e9gia Concursos\",\"url\":\"https:\/\/www.estrategiaconcursos.com.br\/blog\/\",\"logo\":{\"@type\":\"ImageObject\",\"inLanguage\":\"pt-BR\",\"@id\":\"https:\/\/www.estrategiaconcursos.com.br\/blog\/#\/schema\/logo\/image\/\",\"url\":\"https:\/\/dhg1h5j42swfq.cloudfront.net\/2025\/06\/03203428\/logo_concursos-1.jpg\",\"contentUrl\":\"https:\/\/dhg1h5j42swfq.cloudfront.net\/2025\/06\/03203428\/logo_concursos-1.jpg\",\"width\":230,\"height\":60,\"caption\":\"Estrat\u00e9gia Concursos\"},\"image\":{\"@id\":\"https:\/\/www.estrategiaconcursos.com.br\/blog\/#\/schema\/logo\/image\/\"},\"sameAs\":[\"https:\/\/x.com\/EstratConcursos\"]},{\"@type\":\"Person\",\"@id\":\"https:\/\/www.estrategiaconcursos.com.br\/blog\/#\/schema\/person\/c32e47dba2159cafe7796a9569a6ff7e\",\"name\":\"Ricardo Vale\",\"image\":{\"@type\":\"ImageObject\",\"inLanguage\":\"pt-BR\",\"@id\":\"https:\/\/secure.gravatar.com\/avatar\/e5a5658c798bb49dd53314263f59f38c192d73370fb65839a372c2ae9027be74?s=96&d=mm&r=g\",\"url\":\"https:\/\/secure.gravatar.com\/avatar\/e5a5658c798bb49dd53314263f59f38c192d73370fb65839a372c2ae9027be74?s=96&d=mm&r=g\",\"contentUrl\":\"https:\/\/secure.gravatar.com\/avatar\/e5a5658c798bb49dd53314263f59f38c192d73370fb65839a372c2ae9027be74?s=96&d=mm&r=g\",\"caption\":\"Ricardo Vale\"},\"sameAs\":[\"https:\/\/www.facebook.com\/rvale01\",\"https:\/\/x.com\/https:\/\/twitter.com\/EstratConcursos\"],\"url\":\"https:\/\/www.estrategiaconcursos.com.br\/blog\/author\/ricardovaleestrategiaconcursos-com-br\/\"}]}<\/script>\n<!-- \/ Yoast SEO Premium plugin. -->","yoast_head_json":{"title":"Concurso TRF 3: \u00f3rg\u00e3o divulga n\u00famero de vagas; confira a distribui\u00e7\u00e3o","robots":{"index":"index","follow":"follow","max-snippet":"max-snippet:-1","max-image-preview":"max-image-preview:large","max-video-preview":"max-video-preview:-1"},"canonical":"https:\/\/www.estrategiaconcursos.com.br\/blog\/concurso-trf-3-vagas-edital\/","og_locale":"pt_BR","og_type":"article","og_title":"Concurso TRF 3: \u00f3rg\u00e3o divulga n\u00famero de vagas; confira a distribui\u00e7\u00e3o","og_description":"Novo concurso para o TRF3 foi autorizado em 17 de julho O Tribunal Regional Federal da 3\u00aa regi\u00e3o j\u00e1 definiu o quantitativo de vagas previsto para o novo edital de concurso p\u00fablico do \u00f3rg\u00e3o, autorizado em 17 de julho. Em contato com o Estrat\u00e9gia Concursos, o \u00f3rg\u00e3o confirmou com exclusividade o n\u00famero de vagas imediatas [&hellip;]","og_url":"https:\/\/www.estrategiaconcursos.com.br\/blog\/concurso-trf-3-vagas-edital\/","og_site_name":"Estrat\u00e9gia Concursos","article_author":"https:\/\/www.facebook.com\/rvale01","article_published_time":"2019-07-31T18:20:35+00:00","article_modified_time":"2019-07-31T18:20:37+00:00","og_image":[{"width":400,"height":209,"url":"https:\/\/dhg1h5j42swfq.cloudfront.net\/2018\/08\/10172345\/TRF3-e1533932635972.jpg","type":"image\/jpeg"}],"author":"Ricardo Vale","twitter_card":"summary_large_image","twitter_creator":"@https:\/\/twitter.com\/EstratConcursos","twitter_site":"@EstratConcursos","twitter_misc":{"Escrito por":"Ricardo Vale","Est. tempo de leitura":"2 minutos"},"schema":{"@context":"https:\/\/schema.org","@graph":[{"@type":"NewsArticle","@id":"https:\/\/www.estrategiaconcursos.com.br\/blog\/concurso-trf-3-vagas-edital\/#article","isPartOf":{"@id":"https:\/\/www.estrategiaconcursos.com.br\/blog\/concurso-trf-3-vagas-edital\/"},"author":{"name":"Ricardo Vale","@id":"https:\/\/www.estrategiaconcursos.com.br\/blog\/#\/schema\/person\/c32e47dba2159cafe7796a9569a6ff7e"},"headline":"Concurso TRF 3: \u00f3rg\u00e3o divulga n\u00famero de vagas; confira a distribui\u00e7\u00e3o","datePublished":"2019-07-31T18:20:35+00:00","dateModified":"2019-07-31T18:20:37+00:00","mainEntityOfPage":{"@id":"https:\/\/www.estrategiaconcursos.com.br\/blog\/concurso-trf-3-vagas-edital\/"},"wordCount":336,"commentCount":2,"publisher":{"@id":"https:\/\/www.estrategiaconcursos.com.br\/blog\/#organization"},"image":{"@id":"https:\/\/www.estrategiaconcursos.com.br\/blog\/concurso-trf-3-vagas-edital\/#primaryimage"},"thumbnailUrl":"https:\/\/dhg1h5j42swfq.cloudfront.net\/2018\/08\/10172345\/TRF3-e1533932635972.jpg","articleSection":["Tribunais"],"inLanguage":"pt-BR","potentialAction":[{"@type":"CommentAction","name":"Comment","target":["https:\/\/www.estrategiaconcursos.com.br\/blog\/concurso-trf-3-vagas-edital\/#respond"]}],"copyrightYear":"2019","copyrightHolder":{"@id":"https:\/\/www.estrategiaconcursos.com.br\/blog\/#organization"}},{"@type":"WebPage","@id":"https:\/\/www.estrategiaconcursos.com.br\/blog\/concurso-trf-3-vagas-edital\/","url":"https:\/\/www.estrategiaconcursos.com.br\/blog\/concurso-trf-3-vagas-edital\/","name":"Concurso TRF 3: \u00f3rg\u00e3o divulga n\u00famero de vagas; confira a distribui\u00e7\u00e3o","isPartOf":{"@id":"https:\/\/www.estrategiaconcursos.com.br\/blog\/#website"},"primaryImageOfPage":{"@id":"https:\/\/www.estrategiaconcursos.com.br\/blog\/concurso-trf-3-vagas-edital\/#primaryimage"},"image":{"@id":"https:\/\/www.estrategiaconcursos.com.br\/blog\/concurso-trf-3-vagas-edital\/#primaryimage"},"thumbnailUrl":"https:\/\/dhg1h5j42swfq.cloudfront.net\/2018\/08\/10172345\/TRF3-e1533932635972.jpg","datePublished":"2019-07-31T18:20:35+00:00","dateModified":"2019-07-31T18:20:37+00:00","breadcrumb":{"@id":"https:\/\/www.estrategiaconcursos.com.br\/blog\/concurso-trf-3-vagas-edital\/#breadcrumb"},"inLanguage":"pt-BR","potentialAction":[{"@type":"ReadAction","target":["https:\/\/www.estrategiaconcursos.com.br\/blog\/concurso-trf-3-vagas-edital\/"]}]},{"@type":"ImageObject","inLanguage":"pt-BR","@id":"https:\/\/www.estrategiaconcursos.com.br\/blog\/concurso-trf-3-vagas-edital\/#primaryimage","url":"https:\/\/dhg1h5j42swfq.cloudfront.net\/2018\/08\/10172345\/TRF3-e1533932635972.jpg","contentUrl":"https:\/\/dhg1h5j42swfq.cloudfront.net\/2018\/08\/10172345\/TRF3-e1533932635972.jpg","width":400,"height":209,"caption":"TRF3"},{"@type":"BreadcrumbList","@id":"https:\/\/www.estrategiaconcursos.com.br\/blog\/concurso-trf-3-vagas-edital\/#breadcrumb","itemListElement":[{"@type":"ListItem","position":1,"name":"In\u00edcio","item":"https:\/\/www.estrategiaconcursos.com.br\/blog\/"},{"@type":"ListItem","position":2,"name":"Concurso TRF 3: \u00f3rg\u00e3o divulga n\u00famero de vagas; confira a distribui\u00e7\u00e3o"}]},{"@type":"WebSite","@id":"https:\/\/www.estrategiaconcursos.com.br\/blog\/#website","url":"https:\/\/www.estrategiaconcursos.com.br\/blog\/","name":"Estrat\u00e9gia Concursos","description":"O blog da Estrat\u00e9gia Concursos traz not\u00edcias sobre concursos e artigos de professores oferecendo cursos para concursos (pdf + videaulas) no site.","publisher":{"@id":"https:\/\/www.estrategiaconcursos.com.br\/blog\/#organization"},"potentialAction":[{"@type":"SearchAction","target":{"@type":"EntryPoint","urlTemplate":"https:\/\/www.estrategiaconcursos.com.br\/blog\/?s={search_term_string}"},"query-input":{"@type":"PropertyValueSpecification","valueRequired":true,"valueName":"search_term_string"}}],"inLanguage":"pt-BR"},{"@type":"Organization","@id":"https:\/\/www.estrategiaconcursos.com.br\/blog\/#organization","name":"Estrat\u00e9gia Concursos","url":"https:\/\/www.estrategiaconcursos.com.br\/blog\/","logo":{"@type":"ImageObject","inLanguage":"pt-BR","@id":"https:\/\/www.estrategiaconcursos.com.br\/blog\/#\/schema\/logo\/image\/","url":"https:\/\/dhg1h5j42swfq.cloudfront.net\/2025\/06\/03203428\/logo_concursos-1.jpg","contentUrl":"https:\/\/dhg1h5j42swfq.cloudfront.net\/2025\/06\/03203428\/logo_concursos-1.jpg","width":230,"height":60,"caption":"Estrat\u00e9gia Concursos"},"image":{"@id":"https:\/\/www.estrategiaconcursos.com.br\/blog\/#\/schema\/logo\/image\/"},"sameAs":["https:\/\/x.com\/EstratConcursos"]},{"@type":"Person","@id":"https:\/\/www.estrategiaconcursos.com.br\/blog\/#\/schema\/person\/c32e47dba2159cafe7796a9569a6ff7e","name":"Ricardo Vale","image":{"@type":"ImageObject","inLanguage":"pt-BR","@id":"https:\/\/secure.gravatar.com\/avatar\/e5a5658c798bb49dd53314263f59f38c192d73370fb65839a372c2ae9027be74?s=96&d=mm&r=g","url":"https:\/\/secure.gravatar.com\/avatar\/e5a5658c798bb49dd53314263f59f38c192d73370fb65839a372c2ae9027be74?s=96&d=mm&r=g","contentUrl":"https:\/\/secure.gravatar.com\/avatar\/e5a5658c798bb49dd53314263f59f38c192d73370fb65839a372c2ae9027be74?s=96&d=mm&r=g","caption":"Ricardo Vale"},"sameAs":["https:\/\/www.facebook.com\/rvale01","https:\/\/x.com\/https:\/\/twitter.com\/EstratConcursos"],"url":"https:\/\/www.estrategiaconcursos.com.br\/blog\/author\/ricardovaleestrategiaconcursos-com-br\/"}]}},"_links":{"self":[{"href":"https:\/\/www.estrategiaconcursos.com.br\/blog\/wp-json\/wp\/v2\/posts\/404366","targetHints":{"allow":["GET"]}}],"collection":[{"href":"https:\/\/www.estrategiaconcursos.com.br\/blog\/wp-json\/wp\/v2\/posts"}],"about":[{"href":"https:\/\/www.estrategiaconcursos.com.br\/blog\/wp-json\/wp\/v2\/types\/post"}],"author":[{"embeddable":true,"href":"https:\/\/www.estrategiaconcursos.com.br\/blog\/wp-json\/wp\/v2\/users\/26"}],"replies":[{"embeddable":true,"href":"https:\/\/www.estrategiaconcursos.com.br\/blog\/wp-json\/wp\/v2\/comments?post=404366"}],"version-history":[{"count":2,"href":"https:\/\/www.estrategiaconcursos.com.br\/blog\/wp-json\/wp\/v2\/posts\/404366\/revisions"}],"predecessor-version":[{"id":404398,"href":"https:\/\/www.estrategiaconcursos.com.br\/blog\/wp-json\/wp\/v2\/posts\/404366\/revisions\/404398"}],"wp:featuredmedia":[{"embeddable":true,"href":"https:\/\/www.estrategiaconcursos.com.br\/blog\/wp-json\/wp\/v2\/media\/135680"}],"wp:attachment":[{"href":"https:\/\/www.estrategiaconcursos.com.br\/blog\/wp-json\/wp\/v2\/media?parent=404366"}],"wp:term":[{"taxonomy":"category","embeddable":true,"href":"https:\/\/www.estrategiaconcursos.com.br\/blog\/wp-json\/wp\/v2\/categories?post=404366"},{"taxonomy":"post_tag","embeddable":true,"href":"https:\/\/www.estrategiaconcursos.com.br\/blog\/wp-json\/wp\/v2\/tags?post=404366"},{"taxonomy":"tax_estado","embeddable":true,"href":"https:\/\/www.estrategiaconcursos.com.br\/blog\/wp-json\/wp\/v2\/tax_estado?post=404366"}],"curies":[{"name":"wp","href":"https:\/\/api.w.org\/{rel}","templated":true}]}}