{"id":404339,"date":"2019-08-06T06:20:51","date_gmt":"2019-08-06T09:20:51","guid":{"rendered":"https:\/\/www.estrategiaconcursos.com.br\/blog\/?p=404339"},"modified":"2019-08-06T09:53:15","modified_gmt":"2019-08-06T12:53:15","slug":"edital-pm-sp-soldado-2019","status":"publish","type":"post","link":"https:\/\/www.estrategiaconcursos.com.br\/blog\/edital-pm-sp-soldado-2019\/","title":{"rendered":"Edital PM SP: publicado novo edital com 2.700 vagas para Soldado"},"content":{"rendered":"\n<p>Foi publicado neste s\u00e1bado, 03 de agosto, o segundo edital do concurso p\u00fablico da <strong>Pol\u00edcia Militar de S\u00e3o Paulo<\/strong> para o cargo de Soldado 2\u00aa classe. S\u00e3o ofertadas 2.700 vagas para o cargo, que exige somente o n\u00edvel m\u00e9dio completo e CNH.<\/p>\n\n\n\n<p>Aqueles que desejam garantir sua inscri\u00e7\u00e3o devem acessar o site da banca organizadora, a <strong>Funda\u00e7\u00e3o Vunesp<\/strong>, entre os dias <strong>15 de agosto a 25 de setembro<\/strong>, al\u00e9m de pagar uma taxa que foi fixada no valor de R$ 50,00.<\/p>\n\n\n\n<p>Vale lembrar que j\u00e1 havia sido publicado no primeiro semestre um edital com outras 2.700 vagas. Para este certame, foram registrados <strong>105.767 candidatos inscritos<\/strong>, sendo 82.147 do sexo masculino e 23.620 do sexo feminino.<\/p>\n\n\n\n<p>O edital do concurso PM SP foi publicado no Di\u00e1rio Oficial de S\u00e3o Paulo, mas voc\u00ea confere todas as informa\u00e7\u00f5es sobre o certame ao longo deste artigo.<\/p>\n\n\n\n<h2 class=\"wp-block-heading\">Principais datas do concurso<\/h2>\n\n\n\n<ul class=\"wp-block-list\"><li><strong>Inscri\u00e7\u00f5es:<\/strong> 15 de agosto a 25 de setembro<\/li><li><strong>Isen\u00e7\u00e3o da taxa:<\/strong> 15 a 16 de agosto<\/li><li><strong>Taxa de inscri\u00e7\u00e3o: <\/strong>R$<strong> <\/strong>50,00<\/li><li><strong>Data prevista da prova:<\/strong> 24 de novembro<\/li><\/ul>\n\n\n\n<h2 class=\"wp-block-heading\">Principais requisitos para ingressar no cargo<\/h2>\n\n\n\n<ul class=\"wp-block-list\"><li>Ter <strong>idade<\/strong> m\u00ednima de 17 anos e m\u00e1xima de 30 anos; <\/li><li>Ter <strong>estatura m\u00ednima<\/strong>, descal\u00e7o e descoberto, de: 1.55m, se mulher e 1.60m, se homem; <\/li><li>Ter conclu\u00eddo o <strong>ensino m\u00e9dio<\/strong> ou equivalente; <\/li><li>Ser <strong>habilitado<\/strong> para condu\u00e7\u00e3o de ve\u00edculo motorizado entre as categorias \u201cB\u201d e \u201cE\u201d. <\/li><\/ul>\n\n\n\n<h2 class=\"wp-block-heading\">Remunera\u00e7\u00e3o<\/h2>\n\n\n\n<p>A remunera\u00e7\u00e3o b\u00e1sica inicial para o cargo de Soldado PM de 2\u00aa Classe \u00e9 de <strong>R$ 3.164,58<\/strong>, sendo que as parcelas que a comp\u00f5em s\u00e3o: <\/p>\n\n\n\n<ul class=\"wp-block-list\"><li>padr\u00e3o no valor de R$ 1.226,03, <\/li><li>Regime Especial de Trabalho Policial (RETP), no valor de R$ 1.226,03, e <\/li><li>insalubridade, no valor de R$ 712,52. <\/li><\/ul>\n\n\n\n<h2 class=\"wp-block-heading\">Atribui\u00e7\u00f5es do cargo de Soldado<\/h2>\n\n\n\n<p>Policiamento ostensivo e a preserva\u00e7\u00e3o da ordem p\u00fablica, envolvendo a repress\u00e3o imediata \u00e0s infra\u00e7\u00f5es penais e administrativas e a aplica\u00e7\u00e3o da lei, nas diversas modalidades de policiamento, sempre primando pela defesa da vida, da integridade f\u00edsica e da dignidade da pessoa humana, em conformidade com os princ\u00edpios doutrin\u00e1rios de pol\u00edcia comunit\u00e1ria, de direitos humanos e de gest\u00e3o pela qualidade, por interm\u00e9dio da conclus\u00e3o com aproveitamento do Curso Superior de T\u00e9cnico de Pol\u00edcia Ostensiva e Preserva\u00e7\u00e3o da Ordem P\u00fablica, destinado a formar, com solidez te\u00f3rica e pr\u00e1tica, o profissional ocupante do cargo inicial do Quadro de Pra\u00e7as da Pol\u00edcia Militar. <\/p>\n\n\n\n<h2 class=\"wp-block-heading\">Etapas do concurso<\/h2>\n\n\n\n<ul class=\"wp-block-list\"><li>Prova Objetiva (eliminat\u00f3rio e classificat\u00f3rio);<\/li><li>Prova Dissertativa (eliminat\u00f3rio e classificat\u00f3rio);<\/li><li>Exames de Aptid\u00e3o F\u00edsica (eliminat\u00f3rio);<\/li><li>Exames de Sa\u00fade (eliminat\u00f3rio);<\/li><li>Exames Psicol\u00f3gicos (eliminat\u00f3rio);<\/li><li>Avalia\u00e7\u00e3o da Conduta Social, da Reputa\u00e7\u00e3o e da Idoneidade (eliminat\u00f3rio); <\/li><li>An\u00e1lise de Documentos (eliminat\u00f3rio). <\/li><\/ul>\n\n\n\n<h2 class=\"wp-block-heading\">Prova Objetiva<\/h2>\n\n\n\n<p>Com 4 horas de dura\u00e7\u00e3o, a prova objetiva e a prova discursiva devem acontecer no dia 24 de novembro, no per\u00edodo da tarde. A <strong>prova objetiva<\/strong> ser\u00e1 composta por 60 quest\u00f5es de m\u00faltipla escolha, com cinco alternativas cada: <\/p>\n\n\n\n<ul class=\"wp-block-list\"><li>L\u00edngua Portuguesa e Interpreta\u00e7\u00e3o de Texto &#8211; 20 quest\u00f5es<\/li><li>Matem\u00e1tica &#8211; 15 quest\u00f5es <\/li><li>Conhecimentos Gerais &#8211; 15 quest\u00f5es<ul><li>Hist\u00f3ria Geral e do Brasil<\/li><li>Geografia Geral e do Brasil<\/li><li>Atualidades<\/li><\/ul><\/li><li>No\u00e7\u00f5es B\u00e1sicas de Inform\u00e1tica &#8211; 5 quest\u00f5es<\/li><li>No\u00e7\u00f5es de Administra\u00e7\u00e3o P\u00fablica &#8211; 5 quest\u00f5es<ul><li>Constitui\u00e7\u00e3o Federal<\/li><li>Constitui\u00e7\u00e3o do Estado de S\u00e3o Paulo<\/li><li>Lei Federal<\/li><\/ul><\/li><\/ul>\n\n\n\n<h2 class=\"wp-block-heading\">TAF &#8211; Teste de Aptid\u00e3o F\u00edsica<\/h2>\n\n\n\n<p>Os Exames de Aptid\u00e3o F\u00edsica ser\u00e3o compostos, al\u00e9m da aferi\u00e7\u00e3o de altura, pelos seguintes testes: <\/p>\n\n\n\n<ol class=\"wp-block-list\"><li>Apoio de frente sobre o solo (flex\u00e3o e extens\u00e3o de cotovelos), em dec\u00fabito ventral, para o p\u00fablico masculino e apoio de frente no solo (flex\u00e3o e extens\u00e3o de cotovelos), em dec\u00fabito ventral, apoiando os joelhos sobre o banco, para o p\u00fablico feminino; <\/li><li>Resist\u00eancia abdominal, em dec\u00fabito dorsal (tipo remador); <\/li><li>Corrida de 50 metros; <\/li><li>Corrida de 12 minutos.  <\/li><\/ol>\n\n\n\n<p>Cada um dos testes previstos ter\u00e1 a pontua\u00e7\u00e3o compreendida entre 10 e 100 pontos. Para o candidato ser considerado apto nesta etapa, \u00e9 necess\u00e1rio alcan\u00e7ar, no m\u00ednimo, a marca correspondente a 10 pontos em cada um dos testes e 201 pontos no somat\u00f3rio geral obtido nos quatro testes. <\/p>\n\n\n\n<h2 class=\"wp-block-heading\">Locais de prova e lota\u00e7\u00f5es<\/h2>\n\n\n\n<ul class=\"wp-block-list\"><li>Ara\u00e7atuba; <\/li><li>Bauru; <\/li><li>Campinas; <\/li><li>Piracicaba; <\/li><li>Presidente Prudente; <\/li><li>Ribeir\u00e3o Preto; <\/li><li>Santos; <\/li><li>S\u00e3o Jos\u00e9 do Rio Preto; <\/li><li>S\u00e3o Jos\u00e9 dos Campos; <\/li><li>S\u00e3o Paulo; <\/li><li>Sorocaba. <\/li><\/ul>\n\n\n\n<p style=\"text-align:center\" class=\"has-medium-font-size\"><strong>Saiba mais sobre este concurso da Pol\u00edcia Militar de S\u00e3o Paulo:<\/strong><\/p>\n\n\n\n<p style=\"font-size:22px;text-align:center\" class=\"has-background has-very-light-gray-background-color\"><a rel=\"noreferrer noopener\" aria-label=\"Concurso PM SP 2019 (abre numa nova aba)\" href=\"https:\/\/www.estrategiaconcursos.com.br\/blog\/concurso-pm-sp-2019\/\" target=\"_blank\"><strong>Concurso PM SP 2019<\/strong><\/a><\/p>\n\n\n\n<p style=\"font-size:18px;text-align:center\"><strong><em>Gostou desta oportunidade e deseja se preparar para o concurso PM SP? Confira os cursos dispon\u00edveis para o certame:<\/em><\/strong><\/p>\n\n\n\n<p style=\"font-size:23px;text-align:center\" class=\"has-background has-light-green-cyan-background-color\"><strong><a rel=\"noreferrer noopener\" href=\"https:\/\/www.estrategiaconcursos.com.br\/cursosPorConcurso\/policia-militar-de-sao-paulo-pm-sp\/\" target=\"_blank\">Curso PM SP Soldado<\/a><\/strong><\/p>\n\n\n\n<p style=\"text-align:center\"><em><strong>Assinatura Anual Ilimitada*<\/strong><\/em><\/p>\n\n\n\n<p style=\"text-align:center\"><em>Prepare-se com o melhor material e com quem mais aprova em&nbsp;Concursos P\u00fablicos de todo o pa\u00eds. Assine agora a nossa Assinatura Anual e tenha acesso ilimitado* a todos os nossos cursos.<\/em><\/p>\n\n\n\n<p style=\"text-align:center\" class=\"has-background has-medium-font-size has-luminous-vivid-amber-background-color\"><strong>ASSINE AGORA<\/strong>&nbsp;\u2013&nbsp;<a rel=\"noreferrer noopener\" href=\"https:\/\/www.estrategiaconcursos.com.br\/assinaturas\" target=\"_blank\"><strong>Assinatura Ilimitada<\/strong><\/a><\/p>\n\n\n\n<p style=\"text-align:center\" class=\"has-medium-font-size\"><em><strong>Fique por dentro de todos os concursos<\/strong><\/em>:<\/p>\n\n\n\n<p style=\"font-size:24px;text-align:center\" class=\"has-background has-pale-cyan-blue-background-color\"><strong><a href=\"https:\/\/www.estrategiaconcursos.com.br\/blog\/concursos-abertos\/\" target=\"_blank\" rel=\"noreferrer noopener\" aria-label=\"Concursos abertos (abre numa nova aba)\">Concursos abertos<\/a><\/strong><\/p>\n\n\n\n<p style=\"font-size:23px;text-align:center\" class=\"has-background has-pale-cyan-blue-background-color\"><strong><a href=\"https:\/\/www.estrategiaconcursos.com.br\/blog\/concursos-2019\/\" target=\"_blank\" rel=\"noreferrer noopener\" aria-label=\"Concursos 2019 (abre numa nova aba)\">Concursos 2019<\/a><\/strong><\/p>\n\n\n\n<p style=\"font-size:23px;text-align:center\" class=\"has-background has-pale-cyan-blue-background-color\"><a rel=\"noreferrer noopener\" aria-label=\"Concursos 2020 (abre numa nova aba)\" href=\"https:\/\/www.estrategiaconcursos.com.br\/blog\/concursos-2020\/\" target=\"_blank\"><strong>Concursos 2020<\/strong><\/a><\/p>\n\n\n\n<figure class=\"wp-block-image\"><img decoding=\"async\" src=\"https:\/\/dhg1h5j42swfq.cloudfront.net\/2017\/03\/28152500\/coruja-ficha-tecnica-300x102.png\" alt=\"Ficha T\u00e9cnica Edital PM SP Soldado\"\/><\/figure>\n\n\n\n<p><strong>Informa\u00e7\u00f5es do Edital PM SP Soldado&nbsp;<\/strong><br \/>\u25ba<strong>Data prevista da prova:<\/strong>&nbsp;24 de novembro<br \/>\u25ba<strong>Vagas:<\/strong>&nbsp;2.700<br \/>\u25ba<strong>Lota\u00e7\u00f5es:<\/strong>&nbsp;S\u00e3o Paulo<br \/>\u25ba<strong>Banca:<\/strong>&nbsp;Vunesp<br \/>\u25ba<strong>Escolaridade:&nbsp;<\/strong>N\u00edvel m\u00e9dio&nbsp;<br \/><strong>\u25baEdital:&nbsp;<a href=\"https:\/\/dhg1h5j42swfq.cloudfront.net\/2019\/08\/03094553\/edital_pm_sp1.pdf\" target=\"_blank\" rel=\"noreferrer noopener\" aria-label=\"2\u00ba Edital PM SP Soldado (abre numa nova aba)\">2\u00ba Edital PM SP Soldado<\/a><\/strong><\/p>\n\n\n\n<p><em>Ascom Estrat\u00e9gia<\/em><br \/>ascomestrategia@gmail.com<\/p>\n\n\n\n<hr class=\"wp-block-separator\"\/>\n\n\n\n<p style=\"text-align:center\"><em><strong>Receba not\u00edcias de Concursos no seu WhatsApp e\/ou Telegram!<\/strong><\/em><\/p>\n\n\n\n<p style=\"text-align:center\"><em><strong>Cadastre-se clicando no link abaixo<\/strong><\/em>:<\/p>\n\n\n\n<p style=\"text-align:center\" class=\"has-background has-medium-font-size has-very-light-gray-background-color\"><a rel=\"noreferrer noopener\" href=\"https:\/\/www.estrategiaconcursos.com.br\/blog\/noticias-de-concursos-whatsapp-estrategia-concursos\/\" target=\"_blank\"><strong>Not\u00edcias de concursos no seu WhatsApp e\/ou Telegram<\/strong><\/a><\/p>\n","protected":false},"excerpt":{"rendered":"<p>Foi publicado neste s\u00e1bado, 03 de agosto, o segundo edital do concurso p\u00fablico da Pol\u00edcia Militar de S\u00e3o Paulo para o cargo de Soldado 2\u00aa classe. S\u00e3o ofertadas 2.700 vagas para o cargo, que exige somente o n\u00edvel m\u00e9dio completo e CNH. Aqueles que desejam garantir sua inscri\u00e7\u00e3o devem acessar o site da banca organizadora, [&hellip;]<\/p>\n","protected":false},"author":1,"featured_media":146615,"comment_status":"open","ping_status":"closed","sticky":false,"template":"","format":"standard","meta":{"post_tipo":"news","footnotes":""},"categories":[1,1988],"tags":[],"tax_estado":[],"class_list":["post-404339","post","type-post","status-publish","format-standard","has-post-thumbnail","hentry","category-cursos-e-concursos","category-policia"],"acf":[],"yoast_head":"<!-- This site is optimized with the Yoast SEO Premium plugin v27.2 (Yoast SEO v27.2) - https:\/\/yoast.com\/product\/yoast-seo-premium-wordpress\/ -->\n<title>Edital PM SP: publicado novo edital com 2.700 vagas para Soldado<\/title>\n<meta name=\"robots\" content=\"index, follow, max-snippet:-1, max-image-preview:large, max-video-preview:-1\" \/>\n<link rel=\"canonical\" href=\"https:\/\/www.estrategiaconcursos.com.br\/blog\/edital-pm-sp-soldado-2019\/\" \/>\n<meta property=\"og:locale\" content=\"pt_BR\" \/>\n<meta property=\"og:type\" content=\"article\" \/>\n<meta property=\"og:title\" content=\"Edital PM SP: publicado novo edital com 2.700 vagas para Soldado\" \/>\n<meta property=\"og:description\" content=\"Foi publicado neste s\u00e1bado, 03 de agosto, o segundo edital do concurso p\u00fablico da Pol\u00edcia Militar de S\u00e3o Paulo para o cargo de Soldado 2\u00aa classe. S\u00e3o ofertadas 2.700 vagas para o cargo, que exige somente o n\u00edvel m\u00e9dio completo e CNH. Aqueles que desejam garantir sua inscri\u00e7\u00e3o devem acessar o site da banca organizadora, [&hellip;]\" \/>\n<meta property=\"og:url\" content=\"https:\/\/www.estrategiaconcursos.com.br\/blog\/edital-pm-sp-soldado-2019\/\" \/>\n<meta property=\"og:site_name\" content=\"Estrat\u00e9gia Concursos\" \/>\n<meta property=\"article:author\" content=\"https:\/\/www.facebook.com\/EstrategiaConcursos\" \/>\n<meta property=\"article:published_time\" content=\"2019-08-06T09:20:51+00:00\" \/>\n<meta property=\"article:modified_time\" content=\"2019-08-06T12:53:15+00:00\" \/>\n<meta property=\"og:image\" content=\"https:\/\/dhg1h5j42swfq.cloudfront.net\/2018\/10\/13081514\/PM-SP-e1539429325468.jpg\" \/>\n\t<meta property=\"og:image:width\" content=\"400\" \/>\n\t<meta property=\"og:image:height\" content=\"209\" \/>\n\t<meta property=\"og:image:type\" content=\"image\/jpeg\" \/>\n<meta name=\"author\" content=\"Coordena\u00e7\u00e3o\" \/>\n<meta name=\"twitter:card\" content=\"summary_large_image\" \/>\n<meta name=\"twitter:creator\" content=\"@EstratConcursos\" \/>\n<meta name=\"twitter:site\" content=\"@EstratConcursos\" \/>\n<meta name=\"twitter:label1\" content=\"Escrito por\" \/>\n\t<meta name=\"twitter:data1\" content=\"Coordena\u00e7\u00e3o\" \/>\n\t<meta name=\"twitter:label2\" content=\"Est. tempo de leitura\" \/>\n\t<meta name=\"twitter:data2\" content=\"4 minutos\" \/>\n<script type=\"application\/ld+json\" class=\"yoast-schema-graph\">{\"@context\":\"https:\/\/schema.org\",\"@graph\":[{\"@type\":\"NewsArticle\",\"@id\":\"https:\/\/www.estrategiaconcursos.com.br\/blog\/edital-pm-sp-soldado-2019\/#article\",\"isPartOf\":{\"@id\":\"https:\/\/www.estrategiaconcursos.com.br\/blog\/edital-pm-sp-soldado-2019\/\"},\"author\":{\"name\":\"Coordena\u00e7\u00e3o\",\"@id\":\"https:\/\/www.estrategiaconcursos.com.br\/blog\/#\/schema\/person\/b4a388c97673c5f483d72185668afa1f\"},\"headline\":\"Edital PM SP: publicado novo edital com 2.700 vagas para Soldado\",\"datePublished\":\"2019-08-06T09:20:51+00:00\",\"dateModified\":\"2019-08-06T12:53:15+00:00\",\"mainEntityOfPage\":{\"@id\":\"https:\/\/www.estrategiaconcursos.com.br\/blog\/edital-pm-sp-soldado-2019\/\"},\"wordCount\":918,\"commentCount\":2,\"publisher\":{\"@id\":\"https:\/\/www.estrategiaconcursos.com.br\/blog\/#organization\"},\"image\":{\"@id\":\"https:\/\/www.estrategiaconcursos.com.br\/blog\/edital-pm-sp-soldado-2019\/#primaryimage\"},\"thumbnailUrl\":\"https:\/\/dhg1h5j42swfq.cloudfront.net\/2018\/10\/13081514\/PM-SP-e1539429325468.jpg\",\"articleSection\":[\"Concursos P\u00fablicos\",\"Policial (Agente, Escriv\u00e3o e Investigador)\"],\"inLanguage\":\"pt-BR\",\"potentialAction\":[{\"@type\":\"CommentAction\",\"name\":\"Comment\",\"target\":[\"https:\/\/www.estrategiaconcursos.com.br\/blog\/edital-pm-sp-soldado-2019\/#respond\"]}],\"copyrightYear\":\"2019\",\"copyrightHolder\":{\"@id\":\"https:\/\/www.estrategiaconcursos.com.br\/blog\/#organization\"}},{\"@type\":\"WebPage\",\"@id\":\"https:\/\/www.estrategiaconcursos.com.br\/blog\/edital-pm-sp-soldado-2019\/\",\"url\":\"https:\/\/www.estrategiaconcursos.com.br\/blog\/edital-pm-sp-soldado-2019\/\",\"name\":\"Edital PM SP: publicado novo edital com 2.700 vagas para Soldado\",\"isPartOf\":{\"@id\":\"https:\/\/www.estrategiaconcursos.com.br\/blog\/#website\"},\"primaryImageOfPage\":{\"@id\":\"https:\/\/www.estrategiaconcursos.com.br\/blog\/edital-pm-sp-soldado-2019\/#primaryimage\"},\"image\":{\"@id\":\"https:\/\/www.estrategiaconcursos.com.br\/blog\/edital-pm-sp-soldado-2019\/#primaryimage\"},\"thumbnailUrl\":\"https:\/\/dhg1h5j42swfq.cloudfront.net\/2018\/10\/13081514\/PM-SP-e1539429325468.jpg\",\"datePublished\":\"2019-08-06T09:20:51+00:00\",\"dateModified\":\"2019-08-06T12:53:15+00:00\",\"breadcrumb\":{\"@id\":\"https:\/\/www.estrategiaconcursos.com.br\/blog\/edital-pm-sp-soldado-2019\/#breadcrumb\"},\"inLanguage\":\"pt-BR\",\"potentialAction\":[{\"@type\":\"ReadAction\",\"target\":[\"https:\/\/www.estrategiaconcursos.com.br\/blog\/edital-pm-sp-soldado-2019\/\"]}]},{\"@type\":\"ImageObject\",\"inLanguage\":\"pt-BR\",\"@id\":\"https:\/\/www.estrategiaconcursos.com.br\/blog\/edital-pm-sp-soldado-2019\/#primaryimage\",\"url\":\"https:\/\/dhg1h5j42swfq.cloudfront.net\/2018\/10\/13081514\/PM-SP-e1539429325468.jpg\",\"contentUrl\":\"https:\/\/dhg1h5j42swfq.cloudfront.net\/2018\/10\/13081514\/PM-SP-e1539429325468.jpg\",\"width\":400,\"height\":209,\"caption\":\"edital pm sp\"},{\"@type\":\"BreadcrumbList\",\"@id\":\"https:\/\/www.estrategiaconcursos.com.br\/blog\/edital-pm-sp-soldado-2019\/#breadcrumb\",\"itemListElement\":[{\"@type\":\"ListItem\",\"position\":1,\"name\":\"In\u00edcio\",\"item\":\"https:\/\/www.estrategiaconcursos.com.br\/blog\/\"},{\"@type\":\"ListItem\",\"position\":2,\"name\":\"Edital PM SP: publicado novo edital com 2.700 vagas para Soldado\"}]},{\"@type\":\"WebSite\",\"@id\":\"https:\/\/www.estrategiaconcursos.com.br\/blog\/#website\",\"url\":\"https:\/\/www.estrategiaconcursos.com.br\/blog\/\",\"name\":\"Estrat\u00e9gia Concursos\",\"description\":\"O blog da Estrat\u00e9gia Concursos traz not\u00edcias sobre concursos e artigos de professores oferecendo cursos para concursos (pdf + videaulas) no site.\",\"publisher\":{\"@id\":\"https:\/\/www.estrategiaconcursos.com.br\/blog\/#organization\"},\"potentialAction\":[{\"@type\":\"SearchAction\",\"target\":{\"@type\":\"EntryPoint\",\"urlTemplate\":\"https:\/\/www.estrategiaconcursos.com.br\/blog\/?s={search_term_string}\"},\"query-input\":{\"@type\":\"PropertyValueSpecification\",\"valueRequired\":true,\"valueName\":\"search_term_string\"}}],\"inLanguage\":\"pt-BR\"},{\"@type\":\"Organization\",\"@id\":\"https:\/\/www.estrategiaconcursos.com.br\/blog\/#organization\",\"name\":\"Estrat\u00e9gia Concursos\",\"url\":\"https:\/\/www.estrategiaconcursos.com.br\/blog\/\",\"logo\":{\"@type\":\"ImageObject\",\"inLanguage\":\"pt-BR\",\"@id\":\"https:\/\/www.estrategiaconcursos.com.br\/blog\/#\/schema\/logo\/image\/\",\"url\":\"https:\/\/dhg1h5j42swfq.cloudfront.net\/2025\/06\/03203428\/logo_concursos-1.jpg\",\"contentUrl\":\"https:\/\/dhg1h5j42swfq.cloudfront.net\/2025\/06\/03203428\/logo_concursos-1.jpg\",\"width\":230,\"height\":60,\"caption\":\"Estrat\u00e9gia Concursos\"},\"image\":{\"@id\":\"https:\/\/www.estrategiaconcursos.com.br\/blog\/#\/schema\/logo\/image\/\"},\"sameAs\":[\"https:\/\/x.com\/EstratConcursos\"]},{\"@type\":\"Person\",\"@id\":\"https:\/\/www.estrategiaconcursos.com.br\/blog\/#\/schema\/person\/b4a388c97673c5f483d72185668afa1f\",\"name\":\"Coordena\u00e7\u00e3o\",\"image\":{\"@type\":\"ImageObject\",\"inLanguage\":\"pt-BR\",\"@id\":\"https:\/\/secure.gravatar.com\/avatar\/b720319e4c9a967eb58678d110f4fe35452fc5d5f97b202bac7b8acceb18c6ad?s=96&d=mm&r=g\",\"url\":\"https:\/\/secure.gravatar.com\/avatar\/b720319e4c9a967eb58678d110f4fe35452fc5d5f97b202bac7b8acceb18c6ad?s=96&d=mm&r=g\",\"contentUrl\":\"https:\/\/secure.gravatar.com\/avatar\/b720319e4c9a967eb58678d110f4fe35452fc5d5f97b202bac7b8acceb18c6ad?s=96&d=mm&r=g\",\"caption\":\"Coordena\u00e7\u00e3o\"},\"sameAs\":[\"https:\/\/www.facebook.com\/EstrategiaConcursos\",\"https:\/\/x.com\/EstratConcursos\"],\"url\":\"https:\/\/www.estrategiaconcursos.com.br\/blog\/author\/estrategia2013\/\"}]}<\/script>\n<!-- \/ Yoast SEO Premium plugin. -->","yoast_head_json":{"title":"Edital PM SP: publicado novo edital com 2.700 vagas para Soldado","robots":{"index":"index","follow":"follow","max-snippet":"max-snippet:-1","max-image-preview":"max-image-preview:large","max-video-preview":"max-video-preview:-1"},"canonical":"https:\/\/www.estrategiaconcursos.com.br\/blog\/edital-pm-sp-soldado-2019\/","og_locale":"pt_BR","og_type":"article","og_title":"Edital PM SP: publicado novo edital com 2.700 vagas para Soldado","og_description":"Foi publicado neste s\u00e1bado, 03 de agosto, o segundo edital do concurso p\u00fablico da Pol\u00edcia Militar de S\u00e3o Paulo para o cargo de Soldado 2\u00aa classe. S\u00e3o ofertadas 2.700 vagas para o cargo, que exige somente o n\u00edvel m\u00e9dio completo e CNH. Aqueles que desejam garantir sua inscri\u00e7\u00e3o devem acessar o site da banca organizadora, [&hellip;]","og_url":"https:\/\/www.estrategiaconcursos.com.br\/blog\/edital-pm-sp-soldado-2019\/","og_site_name":"Estrat\u00e9gia Concursos","article_author":"https:\/\/www.facebook.com\/EstrategiaConcursos","article_published_time":"2019-08-06T09:20:51+00:00","article_modified_time":"2019-08-06T12:53:15+00:00","og_image":[{"width":400,"height":209,"url":"https:\/\/dhg1h5j42swfq.cloudfront.net\/2018\/10\/13081514\/PM-SP-e1539429325468.jpg","type":"image\/jpeg"}],"author":"Coordena\u00e7\u00e3o","twitter_card":"summary_large_image","twitter_creator":"@EstratConcursos","twitter_site":"@EstratConcursos","twitter_misc":{"Escrito por":"Coordena\u00e7\u00e3o","Est. tempo de leitura":"4 minutos"},"schema":{"@context":"https:\/\/schema.org","@graph":[{"@type":"NewsArticle","@id":"https:\/\/www.estrategiaconcursos.com.br\/blog\/edital-pm-sp-soldado-2019\/#article","isPartOf":{"@id":"https:\/\/www.estrategiaconcursos.com.br\/blog\/edital-pm-sp-soldado-2019\/"},"author":{"name":"Coordena\u00e7\u00e3o","@id":"https:\/\/www.estrategiaconcursos.com.br\/blog\/#\/schema\/person\/b4a388c97673c5f483d72185668afa1f"},"headline":"Edital PM SP: publicado novo edital com 2.700 vagas para Soldado","datePublished":"2019-08-06T09:20:51+00:00","dateModified":"2019-08-06T12:53:15+00:00","mainEntityOfPage":{"@id":"https:\/\/www.estrategiaconcursos.com.br\/blog\/edital-pm-sp-soldado-2019\/"},"wordCount":918,"commentCount":2,"publisher":{"@id":"https:\/\/www.estrategiaconcursos.com.br\/blog\/#organization"},"image":{"@id":"https:\/\/www.estrategiaconcursos.com.br\/blog\/edital-pm-sp-soldado-2019\/#primaryimage"},"thumbnailUrl":"https:\/\/dhg1h5j42swfq.cloudfront.net\/2018\/10\/13081514\/PM-SP-e1539429325468.jpg","articleSection":["Concursos P\u00fablicos","Policial (Agente, Escriv\u00e3o e Investigador)"],"inLanguage":"pt-BR","potentialAction":[{"@type":"CommentAction","name":"Comment","target":["https:\/\/www.estrategiaconcursos.com.br\/blog\/edital-pm-sp-soldado-2019\/#respond"]}],"copyrightYear":"2019","copyrightHolder":{"@id":"https:\/\/www.estrategiaconcursos.com.br\/blog\/#organization"}},{"@type":"WebPage","@id":"https:\/\/www.estrategiaconcursos.com.br\/blog\/edital-pm-sp-soldado-2019\/","url":"https:\/\/www.estrategiaconcursos.com.br\/blog\/edital-pm-sp-soldado-2019\/","name":"Edital PM SP: publicado novo edital com 2.700 vagas para Soldado","isPartOf":{"@id":"https:\/\/www.estrategiaconcursos.com.br\/blog\/#website"},"primaryImageOfPage":{"@id":"https:\/\/www.estrategiaconcursos.com.br\/blog\/edital-pm-sp-soldado-2019\/#primaryimage"},"image":{"@id":"https:\/\/www.estrategiaconcursos.com.br\/blog\/edital-pm-sp-soldado-2019\/#primaryimage"},"thumbnailUrl":"https:\/\/dhg1h5j42swfq.cloudfront.net\/2018\/10\/13081514\/PM-SP-e1539429325468.jpg","datePublished":"2019-08-06T09:20:51+00:00","dateModified":"2019-08-06T12:53:15+00:00","breadcrumb":{"@id":"https:\/\/www.estrategiaconcursos.com.br\/blog\/edital-pm-sp-soldado-2019\/#breadcrumb"},"inLanguage":"pt-BR","potentialAction":[{"@type":"ReadAction","target":["https:\/\/www.estrategiaconcursos.com.br\/blog\/edital-pm-sp-soldado-2019\/"]}]},{"@type":"ImageObject","inLanguage":"pt-BR","@id":"https:\/\/www.estrategiaconcursos.com.br\/blog\/edital-pm-sp-soldado-2019\/#primaryimage","url":"https:\/\/dhg1h5j42swfq.cloudfront.net\/2018\/10\/13081514\/PM-SP-e1539429325468.jpg","contentUrl":"https:\/\/dhg1h5j42swfq.cloudfront.net\/2018\/10\/13081514\/PM-SP-e1539429325468.jpg","width":400,"height":209,"caption":"edital pm sp"},{"@type":"BreadcrumbList","@id":"https:\/\/www.estrategiaconcursos.com.br\/blog\/edital-pm-sp-soldado-2019\/#breadcrumb","itemListElement":[{"@type":"ListItem","position":1,"name":"In\u00edcio","item":"https:\/\/www.estrategiaconcursos.com.br\/blog\/"},{"@type":"ListItem","position":2,"name":"Edital PM SP: publicado novo edital com 2.700 vagas para Soldado"}]},{"@type":"WebSite","@id":"https:\/\/www.estrategiaconcursos.com.br\/blog\/#website","url":"https:\/\/www.estrategiaconcursos.com.br\/blog\/","name":"Estrat\u00e9gia Concursos","description":"O blog da Estrat\u00e9gia Concursos traz not\u00edcias sobre concursos e artigos de professores oferecendo cursos para concursos (pdf + videaulas) no site.","publisher":{"@id":"https:\/\/www.estrategiaconcursos.com.br\/blog\/#organization"},"potentialAction":[{"@type":"SearchAction","target":{"@type":"EntryPoint","urlTemplate":"https:\/\/www.estrategiaconcursos.com.br\/blog\/?s={search_term_string}"},"query-input":{"@type":"PropertyValueSpecification","valueRequired":true,"valueName":"search_term_string"}}],"inLanguage":"pt-BR"},{"@type":"Organization","@id":"https:\/\/www.estrategiaconcursos.com.br\/blog\/#organization","name":"Estrat\u00e9gia Concursos","url":"https:\/\/www.estrategiaconcursos.com.br\/blog\/","logo":{"@type":"ImageObject","inLanguage":"pt-BR","@id":"https:\/\/www.estrategiaconcursos.com.br\/blog\/#\/schema\/logo\/image\/","url":"https:\/\/dhg1h5j42swfq.cloudfront.net\/2025\/06\/03203428\/logo_concursos-1.jpg","contentUrl":"https:\/\/dhg1h5j42swfq.cloudfront.net\/2025\/06\/03203428\/logo_concursos-1.jpg","width":230,"height":60,"caption":"Estrat\u00e9gia Concursos"},"image":{"@id":"https:\/\/www.estrategiaconcursos.com.br\/blog\/#\/schema\/logo\/image\/"},"sameAs":["https:\/\/x.com\/EstratConcursos"]},{"@type":"Person","@id":"https:\/\/www.estrategiaconcursos.com.br\/blog\/#\/schema\/person\/b4a388c97673c5f483d72185668afa1f","name":"Coordena\u00e7\u00e3o","image":{"@type":"ImageObject","inLanguage":"pt-BR","@id":"https:\/\/secure.gravatar.com\/avatar\/b720319e4c9a967eb58678d110f4fe35452fc5d5f97b202bac7b8acceb18c6ad?s=96&d=mm&r=g","url":"https:\/\/secure.gravatar.com\/avatar\/b720319e4c9a967eb58678d110f4fe35452fc5d5f97b202bac7b8acceb18c6ad?s=96&d=mm&r=g","contentUrl":"https:\/\/secure.gravatar.com\/avatar\/b720319e4c9a967eb58678d110f4fe35452fc5d5f97b202bac7b8acceb18c6ad?s=96&d=mm&r=g","caption":"Coordena\u00e7\u00e3o"},"sameAs":["https:\/\/www.facebook.com\/EstrategiaConcursos","https:\/\/x.com\/EstratConcursos"],"url":"https:\/\/www.estrategiaconcursos.com.br\/blog\/author\/estrategia2013\/"}]}},"_links":{"self":[{"href":"https:\/\/www.estrategiaconcursos.com.br\/blog\/wp-json\/wp\/v2\/posts\/404339","targetHints":{"allow":["GET"]}}],"collection":[{"href":"https:\/\/www.estrategiaconcursos.com.br\/blog\/wp-json\/wp\/v2\/posts"}],"about":[{"href":"https:\/\/www.estrategiaconcursos.com.br\/blog\/wp-json\/wp\/v2\/types\/post"}],"author":[{"embeddable":true,"href":"https:\/\/www.estrategiaconcursos.com.br\/blog\/wp-json\/wp\/v2\/users\/1"}],"replies":[{"embeddable":true,"href":"https:\/\/www.estrategiaconcursos.com.br\/blog\/wp-json\/wp\/v2\/comments?post=404339"}],"version-history":[{"count":18,"href":"https:\/\/www.estrategiaconcursos.com.br\/blog\/wp-json\/wp\/v2\/posts\/404339\/revisions"}],"predecessor-version":[{"id":406481,"href":"https:\/\/www.estrategiaconcursos.com.br\/blog\/wp-json\/wp\/v2\/posts\/404339\/revisions\/406481"}],"wp:featuredmedia":[{"embeddable":true,"href":"https:\/\/www.estrategiaconcursos.com.br\/blog\/wp-json\/wp\/v2\/media\/146615"}],"wp:attachment":[{"href":"https:\/\/www.estrategiaconcursos.com.br\/blog\/wp-json\/wp\/v2\/media?parent=404339"}],"wp:term":[{"taxonomy":"category","embeddable":true,"href":"https:\/\/www.estrategiaconcursos.com.br\/blog\/wp-json\/wp\/v2\/categories?post=404339"},{"taxonomy":"post_tag","embeddable":true,"href":"https:\/\/www.estrategiaconcursos.com.br\/blog\/wp-json\/wp\/v2\/tags?post=404339"},{"taxonomy":"tax_estado","embeddable":true,"href":"https:\/\/www.estrategiaconcursos.com.br\/blog\/wp-json\/wp\/v2\/tax_estado?post=404339"}],"curies":[{"name":"wp","href":"https:\/\/api.w.org\/{rel}","templated":true}]}}