{"id":404334,"date":"2019-09-04T01:00:40","date_gmt":"2019-09-04T04:00:40","guid":{"rendered":"https:\/\/www.estrategiaconcursos.com.br\/blog\/?p=404334"},"modified":"2019-09-04T12:07:49","modified_gmt":"2019-09-04T15:07:49","slug":"concurso-foztrans-pr","status":"publish","type":"post","link":"https:\/\/www.estrategiaconcursos.com.br\/blog\/concurso-foztrans-pr\/","title":{"rendered":"Concurso FozTrans PR: inscri\u00e7\u00f5es encerradas para vagas de m\u00e9dio e superior"},"content":{"rendered":"\n<p>As inscri\u00e7\u00f5es do concurso p\u00fablico do Instituto de Transportes e Tr\u00e2nsito de Foz do Igua\u00e7u-Paran\u00e1 est\u00e3o oficialmente encerradas. Os candidatos interessados tiveram at\u00e9 o dia 3 de setembro para acessar o site da banca organizadora, a Funda\u00e7\u00e3o de Apoio \u00e0 <strong>UNESPAR<\/strong>, e garantir sua inscri\u00e7\u00e3o. <\/p>\n\n\n\n<p>S\u00e3o ofertadas <strong>12 vagas imediatas<\/strong> e forma\u00e7\u00e3o de cadastro reserva. Os interessados no concurso FozTrans precisam possuir <strong>n\u00edvel m\u00e9dio e\/ou superior<\/strong>.<\/p>\n\n\n\n<p>Confira neste artigo tudo o que voc\u00ea precisa saber sobre este mais novo concurso FozTrans e as principais informa\u00e7\u00f5es do edital. Acompanhe pelos t\u00f3picos:<\/p>\n\n\n\n<ul class=\"wp-block-list\"><li><strong><em><a href=\"#informacoes-edital\">Informa\u00e7\u00f5es do edital<\/a><\/em><\/strong><\/li><li><strong><em><a href=\"#principais-datas\">Principais datas<\/a><\/em><\/strong><\/li><li><strong><em><a href=\"#cargos-vagas\">Cargos e vagas ofertados<\/a><\/em><\/strong><\/li><li><strong><em><a href=\"#atribuicoes\">Atribui\u00e7\u00f5es dos cargos<\/a><\/em><\/strong><\/li><li><strong><em><a href=\"#etapas\">Etapas<\/a><\/em><\/strong><\/li><li><strong><em><a href=\"#provas\">Provas do concurso<\/a><\/em><\/strong><\/li><li><strong><em><a href=\"#prova-titulos\">Prova de t\u00edtulos<\/a><\/em><\/strong><\/li><li><strong><em><a href=\"#cursos-assinatura\">Cursos e Assinatura ilimitada<\/a><\/em><\/strong><\/li><\/ul>\n\n\n\n<h2 class=\"wp-block-heading\" id=\"informacoes-edital\">Informa\u00e7\u00f5es sobre o edital do concurso FozTrans<\/h2>\n\n\n\n<p>Foi publicado no dia 31 de julho, o <em>edital do Instituto de Transportes e Tr\u00e2nsito de Foz do Igua\u00e7u (PR)<\/em>. O certame visa ofertar <strong>12 vagas imediatas<\/strong> e forma\u00e7\u00e3o de <strong>cadastro de reserva<\/strong> para diversos cargos. <\/p>\n\n\n\n<p>O concurso FozTrans exige forma\u00e7\u00e3o de n\u00edvel m\u00e9dio e superior para concorrer as vagas.<\/p>\n\n\n\n<p>A taxa de inscri\u00e7\u00e3o varia, conforme o grau de forma\u00e7\u00e3o do candidato. Conforme abaixo:<\/p>\n\n\n\n<ul class=\"wp-block-list\"><li><em><strong>N\u00edvel M\u00e9dio<\/strong> &#8211; R$ 70,00<\/em><\/li><li><em><strong>N\u00edvel Superior<\/strong> &#8211; R$ 100,00<\/em><\/li><\/ul>\n\n\n\n<p>Os candidatos tiveram o prazo m\u00e1ximo<em> 11 de agosto<\/em> para solicitar a taxa de isen\u00e7\u00e3o. J\u00e1 as <em>provas objetiva e discursiva<\/em> est\u00e3o previstas para acontecer no dia <strong>06 de outubro<\/strong>. <\/p>\n\n\n\n<h2 class=\"wp-block-heading\" id=\"principais-datas\">Principais datas do concurso FozTrans<\/h2>\n\n\n\n<p class=\"has-background has-very-light-gray-background-color\"><strong><em>Inscri\u00e7\u00f5es<\/em><\/strong>: <em>05 de agosto a 03 de setembro<\/em> [ENCERRADO]<br \/><strong><em>Isen\u00e7\u00e3o da taxa<\/em><\/strong>: <em>05 a 11 de agosto<\/em> [ENCERRADO] <br \/><strong><em>Provas<\/em><\/strong>: <em>06 de outubro<\/em><\/p>\n\n\n\n<h2 class=\"wp-block-heading\" id=\"cargos-vagas\">Cargos e vagas do concurso FozTrans<\/h2>\n\n\n\n<h3 class=\"wp-block-heading\"><strong>Assistente Administrativo J\u00fanior<\/strong><\/h3>\n\n\n\n<ul class=\"wp-block-list\"><li><strong>Vagas<\/strong>: 5 <\/li><li><strong>Remunera\u00e7\u00e3o<\/strong>: R$ 2.746,99<\/li><li><strong>Requisitos<\/strong>: Forma\u00e7\u00e3o de n\u00edvel m\u00e9dio e curso de Inform\u00e1tica com conhecimento em editor de textos, planilha eletr\u00f4nica e sistema operacional <\/li><\/ul>\n\n\n\n<h3 class=\"wp-block-heading\"><strong>Fiscal de Preceitos J\u00fanior<\/strong><\/h3>\n\n\n\n<ul class=\"wp-block-list\"><li><strong>Vagas<\/strong>: 7<\/li><li><strong>Remunera\u00e7\u00e3o<\/strong>: <em>R$ 2.914,27 <\/em><\/li><li><strong>Requisitos<\/strong>: Forma\u00e7\u00e3o de n\u00edvel m\u00e9dio e habilita\u00e7\u00e3o ou permiss\u00e3o para dirigir na categoria \u201cAB\u201d ou superior <\/li><\/ul>\n\n\n\n<h3 class=\"wp-block-heading\">Advogado J\u00fanior<\/h3>\n\n\n\n<ul class=\"wp-block-list\"><li><strong>Vagas<\/strong>: CR<\/li><li><strong>Remunera\u00e7\u00e3o<\/strong>: R$ 3.802,48 <\/li><li><strong>Requisitos<\/strong>: Forma\u00e7\u00e3o acad\u00eamica espec\u00edfica e Registro no Conselho de Classe <\/li><\/ul>\n\n\n\n<h3 class=\"wp-block-heading\">Contador J\u00fanior<\/h3>\n\n\n\n<ul class=\"wp-block-list\"><li><strong>Vagas<\/strong>: CR<\/li><li><strong>Remunera\u00e7\u00e3o<\/strong>: R$ 3.802,48 <\/li><li><strong>Requisitos<\/strong>: Forma\u00e7\u00e3o acad\u00eamica espec\u00edfica e Registro no Conselho de Classe <\/li><\/ul>\n\n\n\n<h3 class=\"wp-block-heading\">Engenheiro de Tr\u00e1fego J\u00fanior<\/h3>\n\n\n\n<ul class=\"wp-block-list\"><li><strong>Vagas<\/strong>: CR<\/li><li><strong>Remunera\u00e7\u00e3o<\/strong>: R$ 3.802,48 <\/li><li><strong>Requisitos<\/strong>: Forma\u00e7\u00e3o acad\u00eamica espec\u00edfica e Registro no Conselho de Classe <\/li><\/ul>\n\n\n\n<h2 class=\"wp-block-heading\" id=\"atribuicoes\">Concurso FozTrans: atribui\u00e7\u00f5es dos cargos<\/h2>\n\n\n\n<h4 class=\"wp-block-heading\"><strong>Advogado J\u00fanior:<\/strong><\/h4>\n\n\n\n<ul class=\"wp-block-list\"><li>estuda a mat\u00e9ria jur\u00eddica e de outra natureza, consultando c\u00f3digos, leis, jurisprud\u00eancia e outros documentos, para adequar os fatos a legisla\u00e7\u00e3o<\/li><li>complementa ou apura as informa\u00e7\u00f5es levantadas, inquirindo o cliente, as testemunhas e outras pessoas tomando medidas, para obter os elementos necess\u00e1rios a defesa ou acusa\u00e7\u00e3o<\/li><li>prepara a defesa ou acusa\u00e7\u00e3o, arrolando e correlacionando os fatos e aplicando o procedimento adequado, para apresent\u00e1-lo em ju\u00edzo; <\/li><li>acompanha o processo em todas as suas fases, requerendo seu andamento atrav\u00e9s de peti\u00e7\u00f5es especificas, para garantir seu tramite legal ate decis\u00e3o final do lit\u00edgio<\/li><li>representa a parte de que e mandat\u00e1rio em ju\u00edzo, comparecendo as audi\u00eancias e tomando sua defesa, para pleitear uma decis\u00e3o favor\u00e1vel <\/li><li>redige ou elabora documentos jur\u00eddicos, pronunciamentos, minutes e informa\u00e7\u00f5es sobre quest\u00f5es de natureza administrativa, fiscal, civil, comercial, trabalhista, penal ou outras, aplicando a legisla\u00e7\u00e3o, forma e terminologia adequadas ao assunto em quest\u00e3o, para utiliz\u00e1-los na defesa do FOZTRANS<\/li><\/ul>\n\n\n\n<h4 class=\"wp-block-heading\">Assistente Administrativo J\u00fanior:<\/h4>\n\n\n\n<ul class=\"wp-block-list\"><li>coordenar, acompanhar e controlar a execu\u00e7\u00e3o das atividades da \u00e1rea, distribuindo os trabalhos, orientando quanto a forma de realiz\u00e1-los, analisando os resultados e inserindo altera\u00e7\u00f5es, a fim de atender prazos e padr\u00f5es de qualidade<\/li><li>participar da elabora\u00e7\u00e3o do Or\u00e7amento Geral, realizando levantamento dos projetos a serem executados no per\u00edodo, materiais, instrumentos, equipamentos e m\u00e3o-de-obra a ser empregada, projetando e calculando desembolso a cada m\u00eas, consolidando em planilhas e apresentando para aprova\u00e7\u00e3o da Diretoria, a fim de possibilitar a previs\u00e3o de necessidades para o per\u00edodo<\/li><li>elaborar estudos sobre atividades da \u00e1rea, verificando fluxo de rotinas, praticidade e efic\u00e1cia, alterando e acompanhando novos procedimentos, a fim de aumentar a qualidade dos servi\u00e7os prestados <\/li><li>prestar assessoramento t\u00e9cnico, organizando e coordenando trabalhos, instruindo empregados, acompanhando resultados e cumprimento de objetivos, a fim de otimizar procedimentos<\/li><li>emitir pareceres em assuntos relacionados com seu campo de atividade, analisando problemas, verificando vari\u00e1veis e implica\u00e7\u00f5es, consultando normas, bibliografia pertinente, a fim de possibilitar uma solu\u00e7\u00e3o adequada \u00e0 quest\u00e3o<\/li><\/ul>\n\n\n\n<h4 class=\"wp-block-heading\">Contador J\u00fanior:<\/h4>\n\n\n\n<ul class=\"wp-block-list\"><li>Planeja o sistema de registros e opera\u00e7\u00f5es as necessidades administrativas e as exig\u00eancias legais, para possibilitar controle cont\u00e1bil e or\u00e7ament\u00e1rio<\/li><li>supervisiona os trabalhos de contabiliza\u00e7\u00e3o de documentos, analisando-os e orientando seu procedimento, para assegurar a observ\u00e2ncia do piano de contas adotado<\/li><li>inspeciona regularmente a escritura\u00e7\u00e3o dos livros comerciais e fiscais, verificando se os registros efetuados correspondem aos documentos que lhes deram origem, para fazer cumprir as exig\u00eancias legais e administrativas<\/li><li>controla e participa dos trabalhos de analise e concilia\u00e7\u00e3o de contas, conferindo os saldos apresentados, localizando e emendando os poss\u00edveis erros, para assegurar a corre\u00e7\u00e3o das opera\u00e7\u00f5es cont\u00e1bei <\/li><li>procede e orienta a classifica\u00e7\u00e3o e avalia\u00e7\u00e3o de despesas, examinando sua natureza, para apropriar custos de bens e servi\u00e7os<\/li><li>organiza e assina balancetes, balan\u00e7os e demonstrativos de contas, aplicando as normas cont\u00e1beis, para apresentar resultados parciais e gerais da situa\u00e7\u00e3o patrimonial, econ\u00f4mica e financeira do FOZTRANS<\/li><li>prepara a declara\u00e7\u00e3o de imposto de renda do FOZTRANS, segundo a legisla\u00e7\u00e3o que rege a mat\u00e9ria, para apurar o valor do tributo devido<\/li><li>elabora relat\u00f3rios sobre a situa\u00e7\u00e3o patrimonial, econ\u00f4mica e financeira do FOZTRANS, apresentando dados estat\u00edsticos e pareceres t\u00e9cnicos, para fornecer os elementos cont\u00e1beis, administrativos e or\u00e7ament\u00e1rios, dando pareceres a luz das ci\u00eancias e das praticas cont\u00e1beis, afim de contribuir para a correta elabora\u00e7\u00e3o de pol\u00edticas e instrumentos de a\u00e7\u00e3o nos referidos setores<\/li><li>planeja sistema de registros e opera\u00e7\u00f5es, atendendo as necessidades administrativas e as exig\u00eancias legais<\/li><li>supervisiona os trabalhos de contabiliza\u00e7\u00e3o de documentos, analisando-os e orientando seu processamento<\/li><li>inspeciona regularmente a escritura\u00e7\u00e3o dos livros comerciais e fiscais, verificando registros efetuados e documentos que deram origem. <\/li><li>orienta a classifica\u00e7\u00e3o e avalia\u00e7\u00e3o de despesas, examinando sua natureza, para apropriar custos de bens e servi\u00e7os<\/li><li>supervisiona os c\u00e1lculos de reavalia\u00e7\u00e3o do ativo e de deprecia\u00e7\u00e3o de ve\u00edculos, maquinas, moveis, utens\u00edlios e instala\u00e7\u00f5es <\/li><\/ul>\n\n\n\n<h4 class=\"wp-block-heading\">Engenheiro de Tr\u00e1fego J\u00fanior<\/h4>\n\n\n\n<ul class=\"wp-block-list\"><li>consulta engenheiros civis especializados na constru\u00e7\u00e3o de estradas e outros especialistas assemelhados, trocando id\u00e9ias e informa\u00e7\u00f5es relacionadas a planifica\u00e7\u00e3o do trafego, para decidir sobre m\u00e9todos mais aprimorados de controle da circula\u00e7\u00e3o rodovi\u00e1ria<\/li><li>estuda os fen\u00f4menos causadores do engarrafamento de tr\u00e2nsito, observando a dire\u00e7\u00e3o e o volume do mesmo nas diversas \u00e1reas da cidade e as principais zonas de estrangulamento, para propor medidas de controle da situa\u00e7\u00e3o<\/li><li>estuda e prop\u00f5e modifica\u00e7\u00f5es no tra\u00e7ado e alargamento das ruas e rodovias em geral, analisando problemas de congestionamento e levando em considera\u00e7\u00e3o o volume de trafego atual e o previsto para o futuro, para facilitar o fluxo rodovi\u00e1rio<\/li><li>relata as conclus\u00f5es de experi\u00eancias e observa\u00e7\u00f5es efetuadas, redigindo informes t\u00e9cnicos, para permitir a sua utiliza\u00e7\u00e3o em estudos futuros; define sinaliza\u00e7\u00e3o vertical e horizontal. <\/li><\/ul>\n\n\n\n<h4 class=\"wp-block-heading\">Fiscal de Preceitos J\u00fanior:<\/h4>\n\n\n\n<ul class=\"wp-block-list\"><li>Realiza os servi\u00e7os t\u00e9cnicos de fiscaliza\u00e7\u00e3o no Transportes coletivo e individual, concedidos, permitidos ou autorizados, bem como a fiscaliza\u00e7\u00e3o do tr\u00e2nsito e todos os demais equipamentos neles envolvidos<\/li><li>verifica o fiel cumprimento das legisla\u00e7\u00f5es pertinentes, co\u00edbe as irregularidades e proporciona informa\u00e7\u00f5es para o cumprimento das normas inerentes e de maneiras \u00fateis ao melhoramento do servi\u00e7o;<\/li><li>elaborar relat\u00f3rios e planilhas<\/li><li>efetuar preenchimento de formul\u00e1rios diversos, proceder aos controles diversos e avalia\u00e7\u00f5es necess\u00e1rias para o bom andamento das tarefas<\/li><li>fazer plant\u00f5es fiscais, autos de constata\u00e7\u00e3o de infra\u00e7\u00f5es e apreens\u00e3o de ve\u00edculos, vistorias nos ve\u00edculos destinados ao Transportes p\u00fablico; <\/li><li>executar outras atividades correlatas, e julgadas cab\u00edveis<\/li><\/ul>\n\n\n\n<h2 class=\"wp-block-heading\" id=\"etapas\">Etapas do concurso FozTrans<\/h2>\n\n\n\n<p>O concurso FozTrans \u00e9 constitu\u00eddo por quatro etapas, sendo elas:<\/p>\n\n\n\n<ul class=\"wp-block-list\"><li>Prova objetiva<\/li><li>Prova discursiva<\/li><li>Prova pr\u00e1tica<\/li><li>Prova de t\u00edtulos<\/li><\/ul>\n\n\n\n<p>A prova objetiva e discursiva ser\u00e3o aplicadas no Munic\u00edpio de Foz do Igua\u00e7u, no Estado do Paran\u00e1.  <\/p>\n\n\n\n<h2 class=\"wp-block-heading\" id=\"provas\">Provas do concurso FozTrans<\/h2>\n\n\n\n<p>Os cargos de&nbsp;<strong><em>Assistente Administrativo J\u00fanior e Fiscal de Preceitos J\u00fanior<\/em><\/strong>&nbsp;passar\u00e3o pelas etapas de provas objetiva, discursiva e t\u00edtulos:<\/p>\n\n\n\n<p><strong>Objetiva<\/strong><\/p>\n\n\n\n<ul class=\"wp-block-list\"><li><em>L\u00edngua Portuguesa &#8211; 10 quest\u00f5es <\/em><\/li><li><em>Matem\u00e1tica e Racioc\u00ednio L\u00f3gico &#8211; 07 quest\u00f5es<\/em><\/li><li><em>No\u00e7\u00f5es de Inform\u00e1tica &#8211; 05 quest\u00f5es<\/em><\/li><li><em>Estatuto do Servidor &#8211; 01 quest<\/em>\u00e3o<\/li><li><em>Conhecimentos Espec\u00edficos &#8211; 27 quest\u00f5es<\/em><\/li><\/ul>\n\n\n\n<p>Os cargos de <strong><em> Contador J\u00fanior e Engenheiro de Tr\u00e1fego J\u00fanior<\/em><\/strong> v\u00e3o responder as quest\u00f5es listadas abaixo e passar\u00e3o por provas discursiva e de t\u00edtulos:<\/p>\n\n\n\n<p><strong>Objetiva<\/strong><\/p>\n\n\n\n<ul class=\"wp-block-list\"><li><em>L\u00edngua Portuguesa &#8211; 05 quest\u00f5es<\/em><\/li><li><em>Conhecimento de Inform\u00e1tica &#8211; 05 quest\u00f5es<\/em><\/li><li><em>Legisla\u00e7\u00e3o Espec\u00edfica &#8211; 05 quest\u00f5es<\/em><\/li><li><em>Estatuto do Servidor &#8211; 01 quest\u00e3o<\/em><\/li><li><em>Conhecimentos Espec\u00edficos &#8211; 34 quest\u00f5es<\/em><\/li><\/ul>\n\n\n\n<p>J\u00e1 o cargo de<strong><em> Advogado J\u00fanior<\/em><\/strong> far\u00e1 a prova objetiva e depois a prova pr\u00e1tica:<\/p>\n\n\n\n<p><strong>Objetiva<\/strong><\/p>\n\n\n\n<ul class=\"wp-block-list\"><li><em>Direito Administrativo &#8211; 05 quest\u00f5es<\/em><\/li><li><em>Direito Constitucional &#8211; 05 quest\u00f5es<\/em><\/li><li><em>Direito Processual Civil &#8211; 05 quest\u00f5es<\/em><\/li><li><em>Direito Tribut\u00e1rio e Financeiro &#8211; 05 quest\u00f5es<\/em><\/li><li><em>Direito Civil &#8211; 05 quest\u00f5es<\/em><\/li><li><em>Legisla\u00e7\u00e3o de Tr\u00e2nsito &#8211; 20 quest\u00f5es<\/em><\/li><li><em>Legisla\u00e7\u00e3o Municipal &#8211; 20 quest\u00f5es<\/em><\/li><\/ul>\n\n\n\n<p><strong>Prova Pr\u00e1tica<\/strong><\/p>\n\n\n\n<ul class=\"wp-block-list\"><li><em>Direito Administrativo &#8211; 01 quest\u00e3o<\/em><\/li><li><em>Direito Constitucional &#8211; 01 quest\u00e3o<\/em><\/li><li><em>Direito Processual Civil &#8211; 01 quest\u00e3o<\/em><\/li><li><em>Legisla\u00e7\u00e3o de Tr\u00e2nsito &#8211; 01 quest\u00e3o <\/em><\/li><li><em>Legisla\u00e7\u00e3o Municipal &#8211; 01 quest\u00e3o <\/em><\/li><li><em>Pe\u00e7a Processual (Direito Administrativo, e\/ou Direito Constitucional, e\/ou Direito Processual Civil &#8211; 01 quest\u00e3o<\/em><\/li><\/ul>\n\n\n\n<h2 class=\"wp-block-heading\" id=\"prova-titulos\">Prova de t\u00edtulos do concurso FozTrans<\/h2>\n\n\n\n<p><strong>Assistente Administrativo e Fiscal de Preceitos<\/strong>:<\/p>\n\n\n\n<ul class=\"wp-block-list\"><li><strong>1)<\/strong> Certificado de curso de p\u00f3s-gradua\u00e7\u00e3o em n\u00edvel de <strong>especializa\u00e7\u00e3o<\/strong>, acompanhado do respectivo hist\u00f3rico escolar e carga hor\u00e1ria m\u00ednima de 360 h\/a, em qualquer \u00e1rea. Tamb\u00e9m ser\u00e1 aceita a declara\u00e7\u00e3o de conclus\u00e3o de p\u00f3s-gradua\u00e7\u00e3o em n\u00edvel de especializa\u00e7\u00e3o, desde que acompanhada de hist\u00f3rico escolar. <ul><li>pontua\u00e7\u00e3o unit\u00e1ria: 3,00 <\/li><li>pontua\u00e7\u00e3o m\u00e1xima: 6,00 <\/li><\/ul><\/li><li><strong>2)<\/strong> Diploma de curso de <strong>Gradua\u00e7\u00e3o <\/strong>em qualquer \u00e1rea. Tamb\u00e9m ser\u00e1 aceita a declara\u00e7\u00e3o de conclus\u00e3o de Curso de Gradua\u00e7\u00e3o, desde que acompanhado de hist\u00f3rico escolar.<ul><li>pontua\u00e7\u00e3o unit\u00e1ria: 4,00<\/li><li>pontua\u00e7\u00e3o m\u00e1xima: 4,00 <\/li><\/ul><\/li><\/ul>\n\n\n\n<p><strong>Advogado, Contador e Engenheiro de Tr\u00e1fego<\/strong>:<\/p>\n\n\n\n<ul class=\"wp-block-list\"><li><strong>1)<\/strong> Diploma de curso de p\u00f3s-gradua\u00e7\u00e3o em n\u00edvel de <strong>doutorado <\/strong>(t\u00edtulo de doutor) na \u00e1rea do cargo a que concorre. Tamb\u00e9m ser\u00e1 aceito certificado\/declara\u00e7\u00e3o de conclus\u00e3o de curso de doutorado na \u00e1rea do cargo a que concorre, desde que acompanhado de hist\u00f3rico escolar.<ul><li>pontua\u00e7\u00e3o unit\u00e1ria e m\u00e1xima: 4,00 <\/li><\/ul><\/li><li><strong>2)<\/strong> Diploma de curso de p\u00f3s-gradua\u00e7\u00e3o em n\u00edvel de <strong>mestrado <\/strong>(t\u00edtulo de mestre) na \u00e1rea do cargo a que concorre. Tamb\u00e9m ser\u00e1 aceito certificado\/declara\u00e7\u00e3o de conclus\u00e3o de curso de mestrado na \u00e1rea do cargo a que concorre, desde que acompanhado de hist\u00f3rico escolar.<ul><li>pontua\u00e7\u00e3o unit\u00e1ria e m\u00e1xima: 3,00<\/li><\/ul><\/li><li><strong>3)<\/strong> Certificado de curso de p\u00f3s-gradua\u00e7\u00e3o em n\u00edvel de <strong>especializa\u00e7\u00e3o<\/strong>, acompanhado do respectivo hist\u00f3rico escolar e carga hor\u00e1ria m\u00ednima de 360 h\/a na \u00e1rea do cargo a que concorre. Tamb\u00e9m ser\u00e1 aceita a declara\u00e7\u00e3o de conclus\u00e3o de p\u00f3s-gradua\u00e7\u00e3o em n\u00edvel de especializa\u00e7\u00e3o na \u00e1rea do cargo a que concorre, desde que acompanhada de hist\u00f3rico escolar. <ul><li>pontua\u00e7\u00e3o unit\u00e1ria: 1,00 <\/li><li>pontua\u00e7\u00e3o m\u00e1xima: 2,00 <\/li><\/ul><\/li><li><strong>4)<\/strong> Diploma de curso de <strong>gradua\u00e7\u00e3o<\/strong>, desde que n\u00e3o seja requisito do cargo a que concorre. Tamb\u00e9m ser\u00e1 aceita a declara\u00e7\u00e3o de conclus\u00e3o de Curso de Gradua\u00e7\u00e3o, desde que acompanhado de hist\u00f3rico escolar.<ul><li>pontua\u00e7\u00e3o unit\u00e1ria e m\u00e1xima: 1,00 <\/li><\/ul><\/li><\/ul>\n\n\n\n<h2 class=\"wp-block-heading\" style=\"text-align:center\" id=\"cursos-assinatura\">Quer estudar para Edital FOZTRANS PR?<\/h2>\n\n\n\n<p style=\"text-align:center\"><em><strong>Gostou dessa oportunidade e deseja se preparar? Ent\u00e3o, confira abaixo nosso curso exclusivo para este concurso e inicie seus estudos agora mesmo:<\/strong><\/em><\/p>\n\n\n\n<p style=\"font-size:23px;text-align:center\" class=\"has-background has-light-green-cyan-background-color\"><span style=\"text-decoration: underline;\"><strong><a rel=\"noreferrer noopener\" aria-label=\"CURSO FOZTRANS PR (abre numa nova aba)\" href=\"https:\/\/www.estrategiaconcursos.com.br\/cursosPorConcurso\/instituto-de-transportes-e-transito-de-foz-do-iguacu-foztrans-pr\/\" target=\"_blank\">CURSO FOZTRANS PR<\/a><\/strong><\/span><\/p>\n\n\n\n<p style=\"text-align:center\"><em><strong>Assinatura Anual Ilimitada*<\/strong><\/em><\/p>\n\n\n\n<p style=\"text-align:center\"><em>Prepare-se com o melhor material e com quem mais aprova em Concursos P\u00fablicos em todo o pa\u00eds. Assine agora a nossa Assinatura Anual e tenha acesso ilimitado* a todos os nossos cursos.<\/em><\/p>\n\n\n\n<p style=\"font-size:23px;text-align:center\" class=\"has-background has-luminous-vivid-amber-background-color\"><strong>ASSINE AGORA<\/strong>&nbsp;\u2013&nbsp;<a rel=\"noreferrer noopener\" href=\"https:\/\/www.estrategiaconcursos.com.br\/assinaturas\" target=\"_blank\"><strong>Assinatura Ilimitada<\/strong><\/a><\/p>\n\n\n\n<figure class=\"wp-block-image\"><img loading=\"lazy\" decoding=\"async\" width=\"300\" height=\"102\" src=\"https:\/\/dhg1h5j42swfq.cloudfront.net\/2017\/03\/28152500\/coruja-ficha-tecnica-300x102.png\" alt=\"Ficha t\u00e9cnica concurso FozTrans\" class=\"wp-image-68542\"\/><\/figure>\n\n\n\n<h3 class=\"wp-block-heading\" id=\"ficha-tecnica\"><strong>\u2666Informa\u00e7\u00f5es do concurso <\/strong>FozTrans<\/h3>\n\n\n\n<p><strong>\u25baData prevista:&nbsp;<\/strong>06 de outubro<br \/><strong>\u25baVagas:&nbsp;<\/strong>12 vagas imediatas + CR<br \/><strong>\u25baCargos:<\/strong>&nbsp;Diversos<br \/><strong>\u25baLota\u00e7\u00f5es:&nbsp;<\/strong>Paran\u00e1<br \/><strong>\u25baBanca:&nbsp;<\/strong>Unespar<br \/><strong>\u25baEdital:<\/strong> <span style=\"text-decoration: underline;\"><a rel=\"noreferrer noopener\" aria-label=\"Edital FOZTRANS (abre numa nova aba)\" href=\"https:\/\/dhg1h5j42swfq.cloudfront.net\/2019\/07\/31151946\/Edital_FOZTRANS_PR.pdf\" target=\"_blank\"><strong>Edital FOZTRANS<\/strong><\/a><\/span><\/p>\n\n\n\n<p><em>Ascom Estrat\u00e9gia<br \/><\/em>ascomestratega@gmail.com<\/p>\n","protected":false},"excerpt":{"rendered":"<p>As inscri\u00e7\u00f5es do concurso p\u00fablico do Instituto de Transportes e Tr\u00e2nsito de Foz do Igua\u00e7u-Paran\u00e1 est\u00e3o oficialmente encerradas. Os candidatos interessados tiveram at\u00e9 o dia 3 de setembro para acessar o site da banca organizadora, a Funda\u00e7\u00e3o de Apoio \u00e0 UNESPAR, e garantir sua inscri\u00e7\u00e3o. S\u00e3o ofertadas 12 vagas imediatas e forma\u00e7\u00e3o de cadastro reserva. [&hellip;]<\/p>\n","protected":false},"author":1,"featured_media":406019,"comment_status":"open","ping_status":"closed","sticky":false,"template":"","format":"standard","meta":{"post_tipo":"news","footnotes":""},"categories":[1],"tags":[],"tax_estado":[],"class_list":["post-404334","post","type-post","status-publish","format-standard","has-post-thumbnail","hentry","category-cursos-e-concursos"],"acf":[],"yoast_head":"<!-- This site is optimized with the Yoast SEO Premium plugin v27.2 (Yoast SEO v27.2) - https:\/\/yoast.com\/product\/yoast-seo-premium-wordpress\/ -->\n<title>Concurso FozTrans PR: inscri\u00e7\u00f5es encerradas para vagas de m\u00e9dio e superior<\/title>\n<meta name=\"description\" content=\"Concurso FozTrans: Inscri\u00e7\u00f5es encerradas com 12 vagas mais CR para diversos cargos de n\u00edvel m\u00e9dio e superior. Confira informa\u00e7\u00f5es completas!\" \/>\n<meta name=\"robots\" content=\"index, follow, max-snippet:-1, max-image-preview:large, max-video-preview:-1\" \/>\n<link rel=\"canonical\" href=\"https:\/\/www.estrategiaconcursos.com.br\/blog\/concurso-foztrans-pr\/\" \/>\n<meta property=\"og:locale\" content=\"pt_BR\" \/>\n<meta property=\"og:type\" content=\"article\" \/>\n<meta property=\"og:title\" content=\"Concurso FozTrans PR: inscri\u00e7\u00f5es encerradas para vagas de m\u00e9dio e superior\" \/>\n<meta property=\"og:description\" content=\"Concurso FozTrans: Inscri\u00e7\u00f5es encerradas com 12 vagas mais CR para diversos cargos de n\u00edvel m\u00e9dio e superior. Confira informa\u00e7\u00f5es completas!\" \/>\n<meta property=\"og:url\" content=\"https:\/\/www.estrategiaconcursos.com.br\/blog\/concurso-foztrans-pr\/\" \/>\n<meta property=\"og:site_name\" content=\"Estrat\u00e9gia Concursos\" \/>\n<meta property=\"article:author\" content=\"https:\/\/www.facebook.com\/EstrategiaConcursos\" \/>\n<meta property=\"article:published_time\" content=\"2019-09-04T04:00:40+00:00\" \/>\n<meta property=\"article:modified_time\" content=\"2019-09-04T15:07:49+00:00\" \/>\n<meta property=\"og:image\" content=\"https:\/\/dhg1h5j42swfq.cloudfront.net\/2019\/07\/05111910\/Foztrans-pr.png\" \/>\n\t<meta property=\"og:image:width\" content=\"1200\" \/>\n\t<meta property=\"og:image:height\" content=\"628\" \/>\n\t<meta property=\"og:image:type\" content=\"image\/png\" \/>\n<meta name=\"author\" content=\"Coordena\u00e7\u00e3o\" \/>\n<meta name=\"twitter:card\" content=\"summary_large_image\" \/>\n<meta name=\"twitter:creator\" content=\"@EstratConcursos\" \/>\n<meta name=\"twitter:site\" content=\"@EstratConcursos\" \/>\n<meta name=\"twitter:label1\" content=\"Escrito por\" \/>\n\t<meta name=\"twitter:data1\" content=\"Coordena\u00e7\u00e3o\" \/>\n\t<meta name=\"twitter:label2\" content=\"Est. tempo de leitura\" \/>\n\t<meta name=\"twitter:data2\" content=\"11 minutos\" \/>\n<script type=\"application\/ld+json\" class=\"yoast-schema-graph\">{\"@context\":\"https:\/\/schema.org\",\"@graph\":[{\"@type\":\"NewsArticle\",\"@id\":\"https:\/\/www.estrategiaconcursos.com.br\/blog\/concurso-foztrans-pr\/#article\",\"isPartOf\":{\"@id\":\"https:\/\/www.estrategiaconcursos.com.br\/blog\/concurso-foztrans-pr\/\"},\"author\":{\"name\":\"Coordena\u00e7\u00e3o\",\"@id\":\"https:\/\/www.estrategiaconcursos.com.br\/blog\/#\/schema\/person\/b4a388c97673c5f483d72185668afa1f\"},\"headline\":\"Concurso FozTrans PR: inscri\u00e7\u00f5es encerradas para vagas de m\u00e9dio e superior\",\"datePublished\":\"2019-09-04T04:00:40+00:00\",\"dateModified\":\"2019-09-04T15:07:49+00:00\",\"mainEntityOfPage\":{\"@id\":\"https:\/\/www.estrategiaconcursos.com.br\/blog\/concurso-foztrans-pr\/\"},\"wordCount\":2178,\"commentCount\":1,\"publisher\":{\"@id\":\"https:\/\/www.estrategiaconcursos.com.br\/blog\/#organization\"},\"image\":{\"@id\":\"https:\/\/www.estrategiaconcursos.com.br\/blog\/concurso-foztrans-pr\/#primaryimage\"},\"thumbnailUrl\":\"https:\/\/dhg1h5j42swfq.cloudfront.net\/2019\/07\/05111910\/Foztrans-pr.png\",\"articleSection\":[\"Concursos P\u00fablicos\"],\"inLanguage\":\"pt-BR\",\"potentialAction\":[{\"@type\":\"CommentAction\",\"name\":\"Comment\",\"target\":[\"https:\/\/www.estrategiaconcursos.com.br\/blog\/concurso-foztrans-pr\/#respond\"]}],\"copyrightYear\":\"2019\",\"copyrightHolder\":{\"@id\":\"https:\/\/www.estrategiaconcursos.com.br\/blog\/#organization\"}},{\"@type\":\"WebPage\",\"@id\":\"https:\/\/www.estrategiaconcursos.com.br\/blog\/concurso-foztrans-pr\/\",\"url\":\"https:\/\/www.estrategiaconcursos.com.br\/blog\/concurso-foztrans-pr\/\",\"name\":\"Concurso FozTrans PR: inscri\u00e7\u00f5es encerradas para vagas de m\u00e9dio e superior\",\"isPartOf\":{\"@id\":\"https:\/\/www.estrategiaconcursos.com.br\/blog\/#website\"},\"primaryImageOfPage\":{\"@id\":\"https:\/\/www.estrategiaconcursos.com.br\/blog\/concurso-foztrans-pr\/#primaryimage\"},\"image\":{\"@id\":\"https:\/\/www.estrategiaconcursos.com.br\/blog\/concurso-foztrans-pr\/#primaryimage\"},\"thumbnailUrl\":\"https:\/\/dhg1h5j42swfq.cloudfront.net\/2019\/07\/05111910\/Foztrans-pr.png\",\"datePublished\":\"2019-09-04T04:00:40+00:00\",\"dateModified\":\"2019-09-04T15:07:49+00:00\",\"description\":\"Concurso FozTrans: Inscri\u00e7\u00f5es encerradas com 12 vagas mais CR para diversos cargos de n\u00edvel m\u00e9dio e superior. Confira informa\u00e7\u00f5es completas!\",\"breadcrumb\":{\"@id\":\"https:\/\/www.estrategiaconcursos.com.br\/blog\/concurso-foztrans-pr\/#breadcrumb\"},\"inLanguage\":\"pt-BR\",\"potentialAction\":[{\"@type\":\"ReadAction\",\"target\":[\"https:\/\/www.estrategiaconcursos.com.br\/blog\/concurso-foztrans-pr\/\"]}]},{\"@type\":\"ImageObject\",\"inLanguage\":\"pt-BR\",\"@id\":\"https:\/\/www.estrategiaconcursos.com.br\/blog\/concurso-foztrans-pr\/#primaryimage\",\"url\":\"https:\/\/dhg1h5j42swfq.cloudfront.net\/2019\/07\/05111910\/Foztrans-pr.png\",\"contentUrl\":\"https:\/\/dhg1h5j42swfq.cloudfront.net\/2019\/07\/05111910\/Foztrans-pr.png\",\"width\":1200,\"height\":628},{\"@type\":\"BreadcrumbList\",\"@id\":\"https:\/\/www.estrategiaconcursos.com.br\/blog\/concurso-foztrans-pr\/#breadcrumb\",\"itemListElement\":[{\"@type\":\"ListItem\",\"position\":1,\"name\":\"In\u00edcio\",\"item\":\"https:\/\/www.estrategiaconcursos.com.br\/blog\/\"},{\"@type\":\"ListItem\",\"position\":2,\"name\":\"Concurso FozTrans PR: inscri\u00e7\u00f5es encerradas para vagas de m\u00e9dio e superior\"}]},{\"@type\":\"WebSite\",\"@id\":\"https:\/\/www.estrategiaconcursos.com.br\/blog\/#website\",\"url\":\"https:\/\/www.estrategiaconcursos.com.br\/blog\/\",\"name\":\"Estrat\u00e9gia Concursos\",\"description\":\"O blog da Estrat\u00e9gia Concursos traz not\u00edcias sobre concursos e artigos de professores oferecendo cursos para concursos (pdf + videaulas) no site.\",\"publisher\":{\"@id\":\"https:\/\/www.estrategiaconcursos.com.br\/blog\/#organization\"},\"potentialAction\":[{\"@type\":\"SearchAction\",\"target\":{\"@type\":\"EntryPoint\",\"urlTemplate\":\"https:\/\/www.estrategiaconcursos.com.br\/blog\/?s={search_term_string}\"},\"query-input\":{\"@type\":\"PropertyValueSpecification\",\"valueRequired\":true,\"valueName\":\"search_term_string\"}}],\"inLanguage\":\"pt-BR\"},{\"@type\":\"Organization\",\"@id\":\"https:\/\/www.estrategiaconcursos.com.br\/blog\/#organization\",\"name\":\"Estrat\u00e9gia Concursos\",\"url\":\"https:\/\/www.estrategiaconcursos.com.br\/blog\/\",\"logo\":{\"@type\":\"ImageObject\",\"inLanguage\":\"pt-BR\",\"@id\":\"https:\/\/www.estrategiaconcursos.com.br\/blog\/#\/schema\/logo\/image\/\",\"url\":\"https:\/\/dhg1h5j42swfq.cloudfront.net\/2025\/06\/03203428\/logo_concursos-1.jpg\",\"contentUrl\":\"https:\/\/dhg1h5j42swfq.cloudfront.net\/2025\/06\/03203428\/logo_concursos-1.jpg\",\"width\":230,\"height\":60,\"caption\":\"Estrat\u00e9gia Concursos\"},\"image\":{\"@id\":\"https:\/\/www.estrategiaconcursos.com.br\/blog\/#\/schema\/logo\/image\/\"},\"sameAs\":[\"https:\/\/x.com\/EstratConcursos\"]},{\"@type\":\"Person\",\"@id\":\"https:\/\/www.estrategiaconcursos.com.br\/blog\/#\/schema\/person\/b4a388c97673c5f483d72185668afa1f\",\"name\":\"Coordena\u00e7\u00e3o\",\"image\":{\"@type\":\"ImageObject\",\"inLanguage\":\"pt-BR\",\"@id\":\"https:\/\/secure.gravatar.com\/avatar\/b720319e4c9a967eb58678d110f4fe35452fc5d5f97b202bac7b8acceb18c6ad?s=96&d=mm&r=g\",\"url\":\"https:\/\/secure.gravatar.com\/avatar\/b720319e4c9a967eb58678d110f4fe35452fc5d5f97b202bac7b8acceb18c6ad?s=96&d=mm&r=g\",\"contentUrl\":\"https:\/\/secure.gravatar.com\/avatar\/b720319e4c9a967eb58678d110f4fe35452fc5d5f97b202bac7b8acceb18c6ad?s=96&d=mm&r=g\",\"caption\":\"Coordena\u00e7\u00e3o\"},\"sameAs\":[\"https:\/\/www.facebook.com\/EstrategiaConcursos\",\"https:\/\/x.com\/EstratConcursos\"],\"url\":\"https:\/\/www.estrategiaconcursos.com.br\/blog\/author\/estrategia2013\/\"}]}<\/script>\n<!-- \/ Yoast SEO Premium plugin. -->","yoast_head_json":{"title":"Concurso FozTrans PR: inscri\u00e7\u00f5es encerradas para vagas de m\u00e9dio e superior","description":"Concurso FozTrans: Inscri\u00e7\u00f5es encerradas com 12 vagas mais CR para diversos cargos de n\u00edvel m\u00e9dio e superior. Confira informa\u00e7\u00f5es completas!","robots":{"index":"index","follow":"follow","max-snippet":"max-snippet:-1","max-image-preview":"max-image-preview:large","max-video-preview":"max-video-preview:-1"},"canonical":"https:\/\/www.estrategiaconcursos.com.br\/blog\/concurso-foztrans-pr\/","og_locale":"pt_BR","og_type":"article","og_title":"Concurso FozTrans PR: inscri\u00e7\u00f5es encerradas para vagas de m\u00e9dio e superior","og_description":"Concurso FozTrans: Inscri\u00e7\u00f5es encerradas com 12 vagas mais CR para diversos cargos de n\u00edvel m\u00e9dio e superior. Confira informa\u00e7\u00f5es completas!","og_url":"https:\/\/www.estrategiaconcursos.com.br\/blog\/concurso-foztrans-pr\/","og_site_name":"Estrat\u00e9gia Concursos","article_author":"https:\/\/www.facebook.com\/EstrategiaConcursos","article_published_time":"2019-09-04T04:00:40+00:00","article_modified_time":"2019-09-04T15:07:49+00:00","og_image":[{"width":1200,"height":628,"url":"https:\/\/dhg1h5j42swfq.cloudfront.net\/2019\/07\/05111910\/Foztrans-pr.png","type":"image\/png"}],"author":"Coordena\u00e7\u00e3o","twitter_card":"summary_large_image","twitter_creator":"@EstratConcursos","twitter_site":"@EstratConcursos","twitter_misc":{"Escrito por":"Coordena\u00e7\u00e3o","Est. tempo de leitura":"11 minutos"},"schema":{"@context":"https:\/\/schema.org","@graph":[{"@type":"NewsArticle","@id":"https:\/\/www.estrategiaconcursos.com.br\/blog\/concurso-foztrans-pr\/#article","isPartOf":{"@id":"https:\/\/www.estrategiaconcursos.com.br\/blog\/concurso-foztrans-pr\/"},"author":{"name":"Coordena\u00e7\u00e3o","@id":"https:\/\/www.estrategiaconcursos.com.br\/blog\/#\/schema\/person\/b4a388c97673c5f483d72185668afa1f"},"headline":"Concurso FozTrans PR: inscri\u00e7\u00f5es encerradas para vagas de m\u00e9dio e superior","datePublished":"2019-09-04T04:00:40+00:00","dateModified":"2019-09-04T15:07:49+00:00","mainEntityOfPage":{"@id":"https:\/\/www.estrategiaconcursos.com.br\/blog\/concurso-foztrans-pr\/"},"wordCount":2178,"commentCount":1,"publisher":{"@id":"https:\/\/www.estrategiaconcursos.com.br\/blog\/#organization"},"image":{"@id":"https:\/\/www.estrategiaconcursos.com.br\/blog\/concurso-foztrans-pr\/#primaryimage"},"thumbnailUrl":"https:\/\/dhg1h5j42swfq.cloudfront.net\/2019\/07\/05111910\/Foztrans-pr.png","articleSection":["Concursos P\u00fablicos"],"inLanguage":"pt-BR","potentialAction":[{"@type":"CommentAction","name":"Comment","target":["https:\/\/www.estrategiaconcursos.com.br\/blog\/concurso-foztrans-pr\/#respond"]}],"copyrightYear":"2019","copyrightHolder":{"@id":"https:\/\/www.estrategiaconcursos.com.br\/blog\/#organization"}},{"@type":"WebPage","@id":"https:\/\/www.estrategiaconcursos.com.br\/blog\/concurso-foztrans-pr\/","url":"https:\/\/www.estrategiaconcursos.com.br\/blog\/concurso-foztrans-pr\/","name":"Concurso FozTrans PR: inscri\u00e7\u00f5es encerradas para vagas de m\u00e9dio e superior","isPartOf":{"@id":"https:\/\/www.estrategiaconcursos.com.br\/blog\/#website"},"primaryImageOfPage":{"@id":"https:\/\/www.estrategiaconcursos.com.br\/blog\/concurso-foztrans-pr\/#primaryimage"},"image":{"@id":"https:\/\/www.estrategiaconcursos.com.br\/blog\/concurso-foztrans-pr\/#primaryimage"},"thumbnailUrl":"https:\/\/dhg1h5j42swfq.cloudfront.net\/2019\/07\/05111910\/Foztrans-pr.png","datePublished":"2019-09-04T04:00:40+00:00","dateModified":"2019-09-04T15:07:49+00:00","description":"Concurso FozTrans: Inscri\u00e7\u00f5es encerradas com 12 vagas mais CR para diversos cargos de n\u00edvel m\u00e9dio e superior. Confira informa\u00e7\u00f5es completas!","breadcrumb":{"@id":"https:\/\/www.estrategiaconcursos.com.br\/blog\/concurso-foztrans-pr\/#breadcrumb"},"inLanguage":"pt-BR","potentialAction":[{"@type":"ReadAction","target":["https:\/\/www.estrategiaconcursos.com.br\/blog\/concurso-foztrans-pr\/"]}]},{"@type":"ImageObject","inLanguage":"pt-BR","@id":"https:\/\/www.estrategiaconcursos.com.br\/blog\/concurso-foztrans-pr\/#primaryimage","url":"https:\/\/dhg1h5j42swfq.cloudfront.net\/2019\/07\/05111910\/Foztrans-pr.png","contentUrl":"https:\/\/dhg1h5j42swfq.cloudfront.net\/2019\/07\/05111910\/Foztrans-pr.png","width":1200,"height":628},{"@type":"BreadcrumbList","@id":"https:\/\/www.estrategiaconcursos.com.br\/blog\/concurso-foztrans-pr\/#breadcrumb","itemListElement":[{"@type":"ListItem","position":1,"name":"In\u00edcio","item":"https:\/\/www.estrategiaconcursos.com.br\/blog\/"},{"@type":"ListItem","position":2,"name":"Concurso FozTrans PR: inscri\u00e7\u00f5es encerradas para vagas de m\u00e9dio e superior"}]},{"@type":"WebSite","@id":"https:\/\/www.estrategiaconcursos.com.br\/blog\/#website","url":"https:\/\/www.estrategiaconcursos.com.br\/blog\/","name":"Estrat\u00e9gia Concursos","description":"O blog da Estrat\u00e9gia Concursos traz not\u00edcias sobre concursos e artigos de professores oferecendo cursos para concursos (pdf + videaulas) no site.","publisher":{"@id":"https:\/\/www.estrategiaconcursos.com.br\/blog\/#organization"},"potentialAction":[{"@type":"SearchAction","target":{"@type":"EntryPoint","urlTemplate":"https:\/\/www.estrategiaconcursos.com.br\/blog\/?s={search_term_string}"},"query-input":{"@type":"PropertyValueSpecification","valueRequired":true,"valueName":"search_term_string"}}],"inLanguage":"pt-BR"},{"@type":"Organization","@id":"https:\/\/www.estrategiaconcursos.com.br\/blog\/#organization","name":"Estrat\u00e9gia Concursos","url":"https:\/\/www.estrategiaconcursos.com.br\/blog\/","logo":{"@type":"ImageObject","inLanguage":"pt-BR","@id":"https:\/\/www.estrategiaconcursos.com.br\/blog\/#\/schema\/logo\/image\/","url":"https:\/\/dhg1h5j42swfq.cloudfront.net\/2025\/06\/03203428\/logo_concursos-1.jpg","contentUrl":"https:\/\/dhg1h5j42swfq.cloudfront.net\/2025\/06\/03203428\/logo_concursos-1.jpg","width":230,"height":60,"caption":"Estrat\u00e9gia Concursos"},"image":{"@id":"https:\/\/www.estrategiaconcursos.com.br\/blog\/#\/schema\/logo\/image\/"},"sameAs":["https:\/\/x.com\/EstratConcursos"]},{"@type":"Person","@id":"https:\/\/www.estrategiaconcursos.com.br\/blog\/#\/schema\/person\/b4a388c97673c5f483d72185668afa1f","name":"Coordena\u00e7\u00e3o","image":{"@type":"ImageObject","inLanguage":"pt-BR","@id":"https:\/\/secure.gravatar.com\/avatar\/b720319e4c9a967eb58678d110f4fe35452fc5d5f97b202bac7b8acceb18c6ad?s=96&d=mm&r=g","url":"https:\/\/secure.gravatar.com\/avatar\/b720319e4c9a967eb58678d110f4fe35452fc5d5f97b202bac7b8acceb18c6ad?s=96&d=mm&r=g","contentUrl":"https:\/\/secure.gravatar.com\/avatar\/b720319e4c9a967eb58678d110f4fe35452fc5d5f97b202bac7b8acceb18c6ad?s=96&d=mm&r=g","caption":"Coordena\u00e7\u00e3o"},"sameAs":["https:\/\/www.facebook.com\/EstrategiaConcursos","https:\/\/x.com\/EstratConcursos"],"url":"https:\/\/www.estrategiaconcursos.com.br\/blog\/author\/estrategia2013\/"}]}},"_links":{"self":[{"href":"https:\/\/www.estrategiaconcursos.com.br\/blog\/wp-json\/wp\/v2\/posts\/404334","targetHints":{"allow":["GET"]}}],"collection":[{"href":"https:\/\/www.estrategiaconcursos.com.br\/blog\/wp-json\/wp\/v2\/posts"}],"about":[{"href":"https:\/\/www.estrategiaconcursos.com.br\/blog\/wp-json\/wp\/v2\/types\/post"}],"author":[{"embeddable":true,"href":"https:\/\/www.estrategiaconcursos.com.br\/blog\/wp-json\/wp\/v2\/users\/1"}],"replies":[{"embeddable":true,"href":"https:\/\/www.estrategiaconcursos.com.br\/blog\/wp-json\/wp\/v2\/comments?post=404334"}],"version-history":[{"count":23,"href":"https:\/\/www.estrategiaconcursos.com.br\/blog\/wp-json\/wp\/v2\/posts\/404334\/revisions"}],"predecessor-version":[{"id":416417,"href":"https:\/\/www.estrategiaconcursos.com.br\/blog\/wp-json\/wp\/v2\/posts\/404334\/revisions\/416417"}],"wp:featuredmedia":[{"embeddable":true,"href":"https:\/\/www.estrategiaconcursos.com.br\/blog\/wp-json\/wp\/v2\/media\/406019"}],"wp:attachment":[{"href":"https:\/\/www.estrategiaconcursos.com.br\/blog\/wp-json\/wp\/v2\/media?parent=404334"}],"wp:term":[{"taxonomy":"category","embeddable":true,"href":"https:\/\/www.estrategiaconcursos.com.br\/blog\/wp-json\/wp\/v2\/categories?post=404334"},{"taxonomy":"post_tag","embeddable":true,"href":"https:\/\/www.estrategiaconcursos.com.br\/blog\/wp-json\/wp\/v2\/tags?post=404334"},{"taxonomy":"tax_estado","embeddable":true,"href":"https:\/\/www.estrategiaconcursos.com.br\/blog\/wp-json\/wp\/v2\/tax_estado?post=404334"}],"curies":[{"name":"wp","href":"https:\/\/api.w.org\/{rel}","templated":true}]}}