{"id":403778,"date":"2024-04-09T12:09:00","date_gmt":"2024-04-09T15:09:00","guid":{"rendered":"https:\/\/www.estrategiaconcursos.com.br\/blog\/?p=403778"},"modified":"2026-04-09T17:00:40","modified_gmt":"2026-04-09T20:00:40","slug":"concurso-prefeitura-cristalina","status":"publish","type":"post","link":"https:\/\/www.estrategiaconcursos.com.br\/blog\/concurso-prefeitura-cristalina\/","title":{"rendered":"Concurso Cristalina GO: novo edital no radar!"},"content":{"rendered":"\n<p style=\"font-size:clamp(17.371px, 1.086rem + ((1vw - 3.2px) * 0.944), 27px);\"><em><strong>Novo edital do Concurso Cristalina ter\u00e1 vagas em todos os n\u00edveis de escolaridade!<\/strong><\/em><\/p>\n\n\n\n<p>Um novo concurso p\u00fablico para a <strong><a href=\"https:\/\/www.estrategiaconcursos.com.br\/cursosPorConcurso\/prefeitura-municipal-de-cristalina-go\/\" target=\"_blank\" rel=\"noreferrer noopener\">Prefeitura de Cristalina<\/a><\/strong>, no estado de Goi\u00e1s (GO), est\u00e1 no radar! Isso quer dizer que teremos edital na pra\u00e7a.<\/p>\n\n\n\n<p>Inclusive, o certame j\u00e1 possui uma banca organizadora: <strong>o Instituto Quadrix.<\/strong> A empresa abriu um espa\u00e7o em seu site oficial para as informa\u00e7\u00f5es do concurso. <\/p>\n\n\n\n<p>As vagas ser\u00e3o destinadas para cargos de n\u00edveis fundamental, m\u00e9dio e superior de forma\u00e7\u00e3o. O quantitativo ainda n\u00e3o foi divulgado oficialmente.<\/p>\n\n\n\n<figure class=\"wp-block-image aligncenter size-large\"><img loading=\"lazy\" decoding=\"async\" width=\"1024\" height=\"705\" src=\"https:\/\/dhg1h5j42swfq.cloudfront.net\/2024\/06\/09120333\/cristalina-pagina-banca-1024x705.png\" alt=\"Concurso Cristalina: banca definida!\" class=\"wp-image-1750974\" srcset=\"https:\/\/dhg1h5j42swfq.cloudfront.net\/2024\/06\/09120333\/cristalina-pagina-banca-1024x705.png 1024w, https:\/\/dhg1h5j42swfq.cloudfront.net\/2024\/06\/09120333\/cristalina-pagina-banca-300x206.png 300w, https:\/\/dhg1h5j42swfq.cloudfront.net\/2024\/06\/09120333\/cristalina-pagina-banca-768x529.png 768w, https:\/\/dhg1h5j42swfq.cloudfront.net\/2024\/06\/09120333\/cristalina-pagina-banca-150x103.png 150w, https:\/\/dhg1h5j42swfq.cloudfront.net\/2024\/06\/09120333\/cristalina-pagina-banca.png 1055w\" sizes=\"auto, (max-width: 1024px) 100vw, 1024px\" \/><figcaption class=\"wp-element-caption\">Concurso Cristalina: banca definida!<\/figcaption><\/figure>\n\n\n\n<p>A equipe de jornalismo do Estrat\u00e9gia segue em contato com a prefeitura para obter mais detalhes acerca da sele\u00e7\u00e3o. Fique atento!<\/p>\n\n\n\n<p>Ademais, o \u00faltimo Concurso de Cristalina ocorreu em 2024. Na \u00e9poca, foram ofertadas <strong>1.210 vagas<\/strong> para cargos de todos os n\u00edveis de escolaridade e iniciais de at\u00e9 <strong>R$ 5,7 mil<\/strong>.<\/p>\n\n\n\n<p>O cargo de Guarda Civil registrou 4.485 inscritos, enquanto os demais cargos somaram 5.144 candidaturas. <\/p>\n\n\n\n<p>O cargo mais procurado foi o de Professor \u2013 Pedagogia, com 1.022 interessados, o que corresponde a 5,05 candidatos por vaga.<\/p>\n\n\n\n<ul class=\"wp-block-list has-very-light-gray-to-cyan-bluish-gray-gradient-background has-background\">\n<li><strong>Prefeitura Municipal de Cristalina &#8211; GO<\/strong><\/li>\n\n\n\n<li><strong style=\"color: initial;\">Status:&nbsp;<\/strong>banca definida<\/li>\n\n\n\n<li><strong>Banca:<\/strong>\u00a0<a href=\"https:\/\/ps-adm-861.selecao.net.br\/informacoes\/3057\/\" target=\"_blank\" rel=\"noreferrer noopener nofollow\">Quadrix<\/a><\/li>\n\n\n\n<li><strong>Vagas:<\/strong> a definir<\/li>\n\n\n\n<li><strong>Sal\u00e1rio inicial:<\/strong>&nbsp;R$ 1.215,00 a R$ 5.750,12 [\u00faltimo edital]<\/li>\n\n\n\n<li><strong>\u00daltimos editais:<\/strong> <a href=\"https:\/\/dhg1h5j42swfq.cloudfront.net\/2024\/02\/12163321\/geral.pdf\" target=\"_blank\" rel=\"noreferrer noopener nofollow\">Geral<\/a> | <a href=\"https:\/\/dhg1h5j42swfq.cloudfront.net\/2024\/03\/01101908\/edu.pdf\" target=\"_blank\" rel=\"noreferrer noopener nofollow\">Educa\u00e7\u00e3o<\/a> | <a href=\"https:\/\/dhg1h5j42swfq.cloudfront.net\/2024\/01\/30195043\/cristalina-gcm.pdf\" target=\"_blank\" rel=\"noreferrer noopener nofollow\">GCM<\/a><\/li>\n<\/ul>\n\n\n\n<p>Neste artigo voc\u00ea encontra as principais informa\u00e7\u00f5es do Concurso Cristalina GO. Acompanhe os t\u00f3picos abaixo e n\u00e3o perca nenhum detalhe:<\/p>\n\n\n\n<ul id=\"indice\" class=\"wp-block-list\">\n<li><strong>\u00daltimo concurso <\/strong>\n<ul class=\"wp-block-list\">\n<li><a href=\"#fund\">Cargos de n\u00edvel fundamental<\/a><\/li>\n\n\n\n<li><a href=\"#medi\">Cargos de n\u00edvel m\u00e9dio\/t\u00e9cnico<\/a><\/li>\n\n\n\n<li><a href=\"#sup\">Cargos de n\u00edvel superior<\/a><\/li>\n<\/ul>\n<\/li>\n\n\n\n<li><a href=\"#etapas\"><strong>Etapa de prova<\/strong><\/a>\n<ul class=\"wp-block-list\">\n<li><a href=\"#objetiva\">Prova objetiva<\/a><\/li>\n\n\n\n<li><a href=\"#pratica\">Prova pr\u00e1tica<\/a><\/li>\n<\/ul>\n<\/li>\n\n\n\n<li><a href=\"#cursos\"><strong>Assinatura e cursos<\/strong><\/a><\/li>\n\n\n\n<li><a href=\"#ficha\"><strong>Ficha t\u00e9cnica<\/strong><\/a><\/li>\n<\/ul>\n\n\n\n<div class=\"container\" id=\"boxes\">\n  <div class=\"row\">\n\n    <div class=\"col-sm\">\n      <div class=\"banner-estrategia\" id=\"box-assinatura\">\n        <h3 class=\"titulo-assinatura\">Cursos para Pref. Cristalina<\/h3>\n        <p class=\"subtitulo-assinatura\">Conhe\u00e7a os cursos<\/p>\n        <div class=\"box-botao\">\n          <a class=\"btn-assinatura\" target=\"_blank\" href=\"https:\/\/www.estrategiaconcursos.com.br\/cursosPorConcurso\/prefeitura-municipal-de-cristalina-go\/\" role=\"button\" rel=\"noopener noreferrer\">Conhe\u00e7a mais<\/a>\n        <\/div>\n      <\/div>\n     \n    <\/div>\n\n  <\/div>\n<\/div>\n\n\n\n<h2 class=\"wp-block-heading\" id=\"cargo\">\u00daltimo Concurso Cristalina GO: cargos, vagas e sal\u00e1rios<\/h2>\n\n\n\n<h3 class=\"wp-block-heading\" id=\"fund\">N\u00edvel fundamental<\/h3>\n\n\n\n<figure class=\"wp-block-table is-style-stripes\"><table><thead><tr><th class=\"has-text-align-center\" data-align=\"center\">Cargos<\/th><th class=\"has-text-align-center\" data-align=\"center\">Vagas<\/th><th class=\"has-text-align-center\" data-align=\"center\">Sal\u00e1rios<\/th><\/tr><\/thead><tbody><tr><td class=\"has-text-align-center\" data-align=\"center\">Bombeiro Hidr\u00e1ulico<\/td><td class=\"has-text-align-center\" data-align=\"center\">1 + 10 CR<\/td><td class=\"has-text-align-center\" data-align=\"center\">R$ 2.211,33<\/td><\/tr><tr><td class=\"has-text-align-center\" data-align=\"center\">Copeiro<\/td><td class=\"has-text-align-center\" data-align=\"center\">8 + 10 CR<\/td><td class=\"has-text-align-center\" data-align=\"center\">R$ 1.215,00<\/td><\/tr><tr><td class=\"has-text-align-center\" data-align=\"center\">Cozinheiro<\/td><td class=\"has-text-align-center\" data-align=\"center\">5 + 10 CR<\/td><td class=\"has-text-align-center\" data-align=\"center\">R$ 1.701,03<\/td><\/tr><tr><td class=\"has-text-align-center\" data-align=\"center\">Mec\u00e2nico (v\u00e1rias especificidades)<\/td><td class=\"has-text-align-center\" data-align=\"center\">4 + 30 CR<\/td><td class=\"has-text-align-center\" data-align=\"center\">R$ 2.211,33\/R$ 1.701,03<\/td><\/tr><tr><td class=\"has-text-align-center\" data-align=\"center\">Operador de Equipamentos Rodovi\u00e1rios (v\u00e1rias especificidades)<\/td><td class=\"has-text-align-center\" data-align=\"center\">6 + 20 CR<\/td><td class=\"has-text-align-center\" data-align=\"center\">R$ 2.211,33<\/td><\/tr><tr><td class=\"has-text-align-center\" data-align=\"center\">Pedreiro (duas localidades)<\/td><td class=\"has-text-align-center\" data-align=\"center\">4 + 20 CR<\/td><td class=\"has-text-align-center\" data-align=\"center\">R$ 1.701,03<\/td><\/tr><tr><td class=\"has-text-align-center\" data-align=\"center\">Eletricista (duas localidades)<\/td><td class=\"has-text-align-center\" data-align=\"center\">5 + 20 CR<\/td><td class=\"has-text-align-center\" data-align=\"center\">R$ 2.211,33<\/td><\/tr><tr><td class=\"has-text-align-center\" data-align=\"center\">Protocolista<\/td><td class=\"has-text-align-center\" data-align=\"center\">6 + 10 CR<\/td><td class=\"has-text-align-center\" data-align=\"center\">R$ 1.701,03<\/td><\/tr><tr><td class=\"has-text-align-center\" data-align=\"center\">Auxiliar de Servi\u00e7os Gerais Escolar (duas localidades)<\/td><td class=\"has-text-align-center\" data-align=\"center\">67 + 107 CR<\/td><td class=\"has-text-align-center\" data-align=\"center\">R$ 1.215,00<\/td><\/tr><tr><td class=\"has-text-align-center\" data-align=\"center\">Merendeiro Escolar (duas localidades)<\/td><td class=\"has-text-align-center\" data-align=\"center\">25 + 51 CR<\/td><td class=\"has-text-align-center\" data-align=\"center\">R$ 1.215,00<\/td><\/tr><tr><td class=\"has-text-align-center\" data-align=\"center\">Vigia Escolar<\/td><td class=\"has-text-align-center\" data-align=\"center\">5 CR<\/td><td class=\"has-text-align-center\" data-align=\"center\">R$ 1.215,00<\/td><\/tr><\/tbody><\/table><figcaption class=\"wp-element-caption\">Cargos, vagas e sal\u00e1rios de n\u00edvel fundamental<\/figcaption><\/figure>\n\n\n\n<h3 class=\"wp-block-heading\" id=\"medi\">N\u00edvel m\u00e9dio\/t\u00e9cnico<\/h3>\n\n\n\n<figure class=\"wp-block-table is-style-stripes\"><table><thead><tr><th class=\"has-text-align-center\" data-align=\"center\">Cargos<\/th><th class=\"has-text-align-center\" data-align=\"center\">Vagas<\/th><th class=\"has-text-align-center\" data-align=\"center\">Sal\u00e1rios<\/th><\/tr><\/thead><tbody><tr><td class=\"has-text-align-center\" data-align=\"center\">Almoxarife<\/td><td class=\"has-text-align-center\" data-align=\"center\">2 + 10 CR<\/td><td class=\"has-text-align-center\" data-align=\"center\">R$ 2.211,33<\/td><\/tr><tr><td class=\"has-text-align-center\" data-align=\"center\">Coletor<\/td><td class=\"has-text-align-center\" data-align=\"center\">1 + 10 CR<\/td><td class=\"has-text-align-center\" data-align=\"center\">R$ 2.211,33<\/td><\/tr><tr><td class=\"has-text-align-center\" data-align=\"center\">Entrevistador Social<\/td><td class=\"has-text-align-center\" data-align=\"center\">9 + 15 CR<\/td><td class=\"has-text-align-center\" data-align=\"center\">R$ 1.701,03<\/td><\/tr><tr><td class=\"has-text-align-center\" data-align=\"center\">Fiscal Ambiental<\/td><td class=\"has-text-align-center\" data-align=\"center\">3 + 20 CR<\/td><td class=\"has-text-align-center\" data-align=\"center\">R$ 2.211,33<\/td><\/tr><tr><td class=\"has-text-align-center\" data-align=\"center\">Fiscal de Obras e Posturas<\/td><td class=\"has-text-align-center\" data-align=\"center\">4 + 20 CR<\/td><td class=\"has-text-align-center\" data-align=\"center\">R$ 2.211,33<\/td><\/tr><tr><td class=\"has-text-align-center\" data-align=\"center\">Fiscal de Tributos<\/td><td class=\"has-text-align-center\" data-align=\"center\">4 + 20 CR<\/td><td class=\"has-text-align-center\" data-align=\"center\">R$ 2.211,33<\/td><\/tr><tr><td class=\"has-text-align-center\" data-align=\"center\">Fiscal de Vigil\u00e2ncia Sanit\u00e1ria<\/td><td class=\"has-text-align-center\" data-align=\"center\">4 + 20 CR<\/td><td class=\"has-text-align-center\" data-align=\"center\">R$ 2.211,33<\/td><\/tr><tr><td class=\"has-text-align-center\" data-align=\"center\">Operador de Computador<\/td><td class=\"has-text-align-center\" data-align=\"center\">6 + 20 CR<\/td><td class=\"has-text-align-center\" data-align=\"center\">R$ 2.211,33<\/td><\/tr><tr><td class=\"has-text-align-center\" data-align=\"center\">Orientador Social<\/td><td class=\"has-text-align-center\" data-align=\"center\">15 + 15 CR<\/td><td class=\"has-text-align-center\" data-align=\"center\">R$ 1.701,03<\/td><\/tr><tr><td class=\"has-text-align-center\" data-align=\"center\">Visitador Social<\/td><td class=\"has-text-align-center\" data-align=\"center\">12 + 15 CR<\/td><td class=\"has-text-align-center\" data-align=\"center\">R$ 1.701,03<\/td><\/tr><tr><td class=\"has-text-align-center\" data-align=\"center\">T\u00e9cnico em Seguran\u00e7a do Trabalho<\/td><td class=\"has-text-align-center\" data-align=\"center\">3 + 10 CR<\/td><td class=\"has-text-align-center\" data-align=\"center\">R$ 2.211,33<\/td><\/tr><tr><td class=\"has-text-align-center\" data-align=\"center\">Assistente de Educa\u00e7\u00e3o<\/td><td class=\"has-text-align-center\" data-align=\"center\">19 + 19 CR<\/td><td class=\"has-text-align-center\" data-align=\"center\">R$ 1.701,03<\/td><\/tr><tr><td class=\"has-text-align-center\" data-align=\"center\">Guarda Civil Municipal<\/td><td class=\"has-text-align-center\" data-align=\"center\">25 + 50 CR<\/td><td class=\"has-text-align-center\" data-align=\"center\">R$ 9.454,08 (todas as <br \/>gratifica\u00e7\u00f5es adicionadas)<\/td><\/tr><\/tbody><\/table><figcaption class=\"wp-element-caption\">Cargos, vagas e sal\u00e1rios de n\u00edvel m\u00e9dio<\/figcaption><\/figure>\n\n\n\n<h3 class=\"wp-block-heading\" id=\"sup\">N\u00edvel superior<\/h3>\n\n\n\n<figure class=\"wp-block-table is-style-stripes\"><table><thead><tr><th class=\"has-text-align-center\" data-align=\"center\">Cargos<\/th><th class=\"has-text-align-center\" data-align=\"center\">Vagas<\/th><th class=\"has-text-align-center\" data-align=\"center\">Sal\u00e1rios<\/th><\/tr><\/thead><tbody><tr><td class=\"has-text-align-center\" data-align=\"center\">Analista Ambiental<\/td><td class=\"has-text-align-center\" data-align=\"center\">4 + 10 CR<\/td><td class=\"has-text-align-center\" data-align=\"center\">R$ 5.750,12<\/td><\/tr><tr><td class=\"has-text-align-center\" data-align=\"center\">Assistente Social I<\/td><td class=\"has-text-align-center\" data-align=\"center\">12 + 15 CR<\/td><td class=\"has-text-align-center\" data-align=\"center\">R$ 4.312,59<\/td><\/tr><tr><td class=\"has-text-align-center\" data-align=\"center\">Pedagogo<\/td><td class=\"has-text-align-center\" data-align=\"center\">4 + 10 CR<\/td><td class=\"has-text-align-center\" data-align=\"center\">R$ 4.312,59<\/td><\/tr><tr><td class=\"has-text-align-center\" data-align=\"center\">Psic\u00f3logo (40h\/30h)<\/td><td class=\"has-text-align-center\" data-align=\"center\">11 + 20 CR<\/td><td class=\"has-text-align-center\" data-align=\"center\">R$ 5.750,12\/R$ 4.312,59<\/td><\/tr><tr><td class=\"has-text-align-center\" data-align=\"center\">Assistente Social Escolar<\/td><td class=\"has-text-align-center\" data-align=\"center\">2 + 5 CR<\/td><td class=\"has-text-align-center\" data-align=\"center\">R$ 4.312,59<\/td><\/tr><tr><td class=\"has-text-align-center\" data-align=\"center\">Fonoaudi\u00f3logo<\/td><td class=\"has-text-align-center\" data-align=\"center\">2 + 5 CR<\/td><td class=\"has-text-align-center\" data-align=\"center\">R$ 2.875,06<\/td><\/tr><tr><td class=\"has-text-align-center\" data-align=\"center\">Nutricionista Escolar<\/td><td class=\"has-text-align-center\" data-align=\"center\">3 + 5 CR<\/td><td class=\"has-text-align-center\" data-align=\"center\">R$ 2.875,06<\/td><\/tr><tr><td class=\"has-text-align-center\" data-align=\"center\">Professor Pedagogo<\/td><td class=\"has-text-align-center\" data-align=\"center\">140 + 211 CR<\/td><td class=\"has-text-align-center\" data-align=\"center\">R$ 3.790,42<\/td><\/tr><tr><td class=\"has-text-align-center\" data-align=\"center\">Psic\u00f3logo Escolar<\/td><td class=\"has-text-align-center\" data-align=\"center\">2 + 5 CR<\/td><td class=\"has-text-align-center\" data-align=\"center\">R$ 2.875,06<\/td><\/tr><tr><td class=\"has-text-align-center\" data-align=\"center\">Terapeuta Ocupacional Escolar<\/td><td class=\"has-text-align-center\" data-align=\"center\">2 + CR <\/td><td class=\"has-text-align-center\" data-align=\"center\">R$ 4.312,59<\/td><\/tr><\/tbody><\/table><figcaption class=\"wp-element-caption\">Cargos, vagas e sal\u00e1rios de n\u00edvel superior<\/figcaption><\/figure>\n\n\n\n<h2 class=\"wp-block-heading\" id=\"etapas\">Concurso Cristalina GO: etapas de avalia\u00e7\u00f5es<\/h2>\n\n\n\n<p>Os candidatos do \u00faltimo Concurso da Prefeitura de Cristalina, de Goi\u00e1s, passaram pelas seguintes avalia\u00e7\u00f5es:<\/p>\n\n\n\n<ul class=\"wp-block-list\">\n<li><strong>Prova objetiva<\/strong>, para todos os cargos (classificat\u00f3ria e eliminat\u00f3ria);<\/li>\n\n\n\n<li><strong>Prova discusiva<\/strong>, cargos de educa\u00e7\u00e3o (classificat\u00f3ria e eliminat\u00f3ria);<\/li>\n\n\n\n<li><strong>Prova pr\u00e1tica<\/strong>, para Operador de Equipamentos Rodovi\u00e1rios (eliminat\u00f3ria e classificat\u00f3ria);<\/li>\n\n\n\n<li><strong>Teste de aptid\u00e3o f\u00edsica<\/strong>, para GCM (eliminat\u00f3rio);<\/li>\n\n\n\n<li><strong>Avalia\u00e7\u00e3o psicol\u00f3gica<\/strong>, para GCM (eliminat\u00f3ria); e<\/li>\n\n\n\n<li><strong>Avalia\u00e7\u00e3o m\u00e9dica<\/strong>, para GCM (eliminat\u00f3ria).<\/li>\n<\/ul>\n\n\n\n<h3 class=\"wp-block-heading\" id=\"objetiva\">Prova objetiva<\/h3>\n\n\n\n<p>As provas objetivas tiveram dura\u00e7\u00e3o de <strong>4 horas para n\u00edvel superior <\/strong>e<strong> 3 horas para os demais n\u00edveis<\/strong> de escolaridade.<\/p>\n\n\n\n<p>As quest\u00f5es de m\u00faltipla escolha abordaram os conte\u00fados abaixo e valeram <strong>100,00 pontos<\/strong>.<\/p>\n\n\n\n<figure class=\"wp-block-image aligncenter size-full\"><img loading=\"lazy\" decoding=\"async\" width=\"838\" height=\"150\" src=\"https:\/\/dhg1h5j42swfq.cloudfront.net\/2024\/02\/12163509\/image-289.png\" alt=\"Concurso Cristalina: etapas \" class=\"wp-image-1351336\" srcset=\"https:\/\/dhg1h5j42swfq.cloudfront.net\/2024\/02\/12163509\/image-289.png 838w, https:\/\/dhg1h5j42swfq.cloudfront.net\/2024\/02\/12163509\/image-289-300x54.png 300w, https:\/\/dhg1h5j42swfq.cloudfront.net\/2024\/02\/12163509\/image-289-768x137.png 768w, https:\/\/dhg1h5j42swfq.cloudfront.net\/2024\/02\/12163509\/image-289-610x109.png 610w, https:\/\/dhg1h5j42swfq.cloudfront.net\/2024\/02\/12163509\/image-289-150x27.png 150w\" sizes=\"auto, (max-width: 838px) 100vw, 838px\" \/><figcaption class=\"wp-element-caption\">Para n\u00edvel fundamental do edital 01<\/figcaption><\/figure>\n\n\n\n<figure class=\"wp-block-image aligncenter size-full\"><img loading=\"lazy\" decoding=\"async\" width=\"885\" height=\"416\" src=\"https:\/\/dhg1h5j42swfq.cloudfront.net\/2024\/02\/12163500\/image-288.png\" alt=\"\" class=\"wp-image-1351335\" srcset=\"https:\/\/dhg1h5j42swfq.cloudfront.net\/2024\/02\/12163500\/image-288.png 885w, https:\/\/dhg1h5j42swfq.cloudfront.net\/2024\/02\/12163500\/image-288-300x141.png 300w, https:\/\/dhg1h5j42swfq.cloudfront.net\/2024\/02\/12163500\/image-288-768x361.png 768w, https:\/\/dhg1h5j42swfq.cloudfront.net\/2024\/02\/12163500\/image-288-610x287.png 610w, https:\/\/dhg1h5j42swfq.cloudfront.net\/2024\/02\/12163500\/image-288-150x71.png 150w\" sizes=\"auto, (max-width: 885px) 100vw, 885px\" \/><figcaption class=\"wp-element-caption\">Para n\u00edveis m\u00e9dio e superior do edital 01<\/figcaption><\/figure>\n\n\n\n<figure class=\"wp-block-image aligncenter size-large\"><img loading=\"lazy\" decoding=\"async\" width=\"1024\" height=\"224\" src=\"https:\/\/dhg1h5j42swfq.cloudfront.net\/2024\/01\/30202729\/image-726-1024x224.png\" alt=\"Concurso Cristalina: etapas \" class=\"wp-image-1343819\" srcset=\"https:\/\/dhg1h5j42swfq.cloudfront.net\/2024\/01\/30202729\/image-726-1024x224.png 1024w, https:\/\/dhg1h5j42swfq.cloudfront.net\/2024\/01\/30202729\/image-726-300x66.png 300w, https:\/\/dhg1h5j42swfq.cloudfront.net\/2024\/01\/30202729\/image-726-768x168.png 768w, https:\/\/dhg1h5j42swfq.cloudfront.net\/2024\/01\/30202729\/image-726-610x133.png 610w, https:\/\/dhg1h5j42swfq.cloudfront.net\/2024\/01\/30202729\/image-726-150x33.png 150w, https:\/\/dhg1h5j42swfq.cloudfront.net\/2024\/01\/30202729\/image-726.png 1372w\" sizes=\"auto, (max-width: 1024px) 100vw, 1024px\" \/><figcaption class=\"wp-element-caption\">Para n\u00edvel superior do edital 02<\/figcaption><\/figure>\n\n\n\n<figure class=\"wp-block-image aligncenter size-large\"><img loading=\"lazy\" decoding=\"async\" width=\"1024\" height=\"414\" src=\"https:\/\/dhg1h5j42swfq.cloudfront.net\/2024\/01\/30202844\/image-727-1024x414.png\" alt=\"Concurso Cristalina: etapas \" class=\"wp-image-1343820\" srcset=\"https:\/\/dhg1h5j42swfq.cloudfront.net\/2024\/01\/30202844\/image-727-1024x414.png 1024w, https:\/\/dhg1h5j42swfq.cloudfront.net\/2024\/01\/30202844\/image-727-300x121.png 300w, https:\/\/dhg1h5j42swfq.cloudfront.net\/2024\/01\/30202844\/image-727-768x311.png 768w, https:\/\/dhg1h5j42swfq.cloudfront.net\/2024\/01\/30202844\/image-727-610x247.png 610w, https:\/\/dhg1h5j42swfq.cloudfront.net\/2024\/01\/30202844\/image-727-150x61.png 150w, https:\/\/dhg1h5j42swfq.cloudfront.net\/2024\/01\/30202844\/image-727.png 1117w\" sizes=\"auto, (max-width: 1024px) 100vw, 1024px\" \/><figcaption class=\"wp-element-caption\">Para n\u00edvel GCM<\/figcaption><\/figure>\n\n\n\n<h3 class=\"wp-block-heading\" id=\"pratica\">Prova pr\u00e1tica<\/h3>\n\n\n\n<p>Aplicada somente para os candidatos do cargo de <strong>Operador de Equipamentos Rodovi\u00e1rios<\/strong>, a prova pr\u00e1tica valeu 10 pontos e consistiu na execu\u00e7\u00e3o das respectivas atividades da carreira ofertada.<\/p>\n\n\n\n<p>Foi considerado apto o candidato que atingisse uma nota igual ou superior a <strong>5,00 pontos<\/strong> na prova de dire\u00e7\u00e3o veicular com opera\u00e7\u00e3o em equipamentos pesados.<\/p>\n\n\n\n<hr class=\"wp-block-separator has-alpha-channel-opacity\"\/>\n\n\n\n<p class=\"has-text-align-center has-x-large-font-size\" id=\"cursos\"><em>Quer estudar para o Concurso Cristalina GO?<\/em><\/p>\n\n\n\n<div class=\"container\" id=\"boxes\">\n  <div class=\"row\">\n\n    <div class=\"col-sm\">\n      <div class=\"banner-estrategia\" id=\"box-assinatura\">\n        <h3 class=\"titulo-assinatura\">Cursos para Pref. Cristalina<\/h3>\n        <p class=\"subtitulo-assinatura\">Conhe\u00e7a os cursos<\/p>\n        <div class=\"box-botao\">\n          <a class=\"btn-assinatura\" target=\"_blank\" href=\"https:\/\/www.estrategiaconcursos.com.br\/cursosPorConcurso\/prefeitura-municipal-de-cristalina-go\/\" role=\"button\" rel=\"noopener noreferrer\">Conhe\u00e7a mais<\/a>\n        <\/div>\n      <\/div>\n     \n    <\/div>\n\n  <\/div>\n<\/div>\n\n\n\n<div class=\"container\" id=\"boxes\">\r\n  <div class=\"row\">\r\n\r\n    <div class=\"col-sm\">\r\n      <div class=\"estrategia\" id=\"box-assinatura\">\r\n        <h3 class=\"titulo-assinatura\">Assinatura Concursos<\/h3>\r\n        <p class=\"subtitulo-assinatura\">Assinatura de 1 ano ou 2 anos<\/p>\r\n        <div class=\"box-botao\">\r\n          <a class=\"btn-assinatura\" target=\"_blank\" href=\"https:\/\/www.estrategiaconcursos.com.br\/assinaturas\/\" role=\"button\" rel=\"noopener noreferrer\">ASSINE AGORA<\/a>\r\n        <\/div>\r\n      <\/div><\/div><\/div><\/div>\n\n\n\n<p class=\"has-text-align-center has-x-large-font-size\" id=\"h-quer-saber-tudo-sobre-concursos-previstos-confira-os-nossos-artigos\">Quer saber tudo sobre concursos previstos?<br \/>Confira os nossos artigos!<\/p>\n\n\n\n<ul class=\"wp-block-list\">\n<li><a href=\"https:\/\/www.estrategiaconcursos.com.br\/blog\/concursos-abertos\/\" target=\"_blank\" rel=\"noreferrer noopener\">Concursos Abertos<\/a><\/li>\n\n\n\n<li><a href=\"https:\/\/www.estrategiaconcursos.com.br\/blog\/concursos-prefeituras\/\">Concursos Prefeituras<\/a><\/li>\n\n\n\n<li><a href=\"https:\/\/www.estrategiaconcursos.com.br\/blog\/concursos-2026\/\" target=\"_blank\" rel=\"noreferrer noopener\">Concursos 2026<\/a><\/li>\n<\/ul>\n\n\n\n<figure class=\"wp-block-image is-resized\"><img loading=\"lazy\" decoding=\"async\" width=\"1024\" height=\"632\" src=\"https:\/\/dhg1h5j42swfq.cloudfront.net\/2021\/04\/01161145\/ficha-tecnica-5-1024x632.png\" alt=\"Informa\u00e7\u00f5es do concurso Prefeitura de Porangatu\" class=\"wp-image-706736\" style=\"width:236px;height:145px\" srcset=\"https:\/\/dhg1h5j42swfq.cloudfront.net\/2021\/04\/01161145\/ficha-tecnica-5-1024x632.png 1024w, https:\/\/dhg1h5j42swfq.cloudfront.net\/2021\/04\/01161145\/ficha-tecnica-5-300x185.png 300w, https:\/\/dhg1h5j42swfq.cloudfront.net\/2021\/04\/01161145\/ficha-tecnica-5-768x474.png 768w, https:\/\/dhg1h5j42swfq.cloudfront.net\/2021\/04\/01161145\/ficha-tecnica-5-1536x948.png 1536w, https:\/\/dhg1h5j42swfq.cloudfront.net\/2021\/04\/01161145\/ficha-tecnica-5-610x377.png 610w, https:\/\/dhg1h5j42swfq.cloudfront.net\/2021\/04\/01161145\/ficha-tecnica-5.png 1571w\" sizes=\"auto, (max-width: 1024px) 100vw, 1024px\" \/><\/figure>\n\n\n\n<h3 class=\"wp-block-heading\" id=\"ficha-tecnica\">Informa\u00e7\u00f5es do pr\u00f3ximo Concurso Cristalina &#8211; GO<\/h3>\n\n\n\n<ul class=\"wp-block-list\">\n<li><strong>Ano<\/strong>: 2026<\/li>\n\n\n\n<li><strong>Banca<\/strong>: Instituto Quadrix<\/li>\n\n\n\n<li><strong>Escolaridade<\/strong>: todos<\/li>\n\n\n\n<li><strong>Vagas:<\/strong> a definir<\/li>\n\n\n\n<li><strong>Cargos<\/strong>: a definir<\/li>\n\n\n\n<li><strong>\u00daltimos editais:<\/strong> <a href=\"https:\/\/dhg1h5j42swfq.cloudfront.net\/2024\/02\/12163321\/geral.pdf\" target=\"_blank\" rel=\"noreferrer noopener nofollow\">Geral<\/a> | <a href=\"https:\/\/dhg1h5j42swfq.cloudfront.net\/2024\/03\/01101908\/edu.pdf\" target=\"_blank\" rel=\"noreferrer noopener nofollow\">Educa\u00e7\u00e3o<\/a> | <a href=\"https:\/\/dhg1h5j42swfq.cloudfront.net\/2024\/01\/30195043\/cristalina-gcm.pdf\" target=\"_blank\" rel=\"noreferrer noopener nofollow\">GCM<\/a><\/li>\n<\/ul>\n","protected":false},"excerpt":{"rendered":"<p>Novo edital do Concurso Cristalina ter\u00e1 vagas em todos os n\u00edveis de escolaridade! Um novo concurso p\u00fablico para a Prefeitura de Cristalina, no estado de Goi\u00e1s (GO), est\u00e1 no radar! Isso quer dizer que teremos edital na pra\u00e7a. Inclusive, o certame j\u00e1 possui uma banca organizadora: o Instituto Quadrix. A empresa abriu um espa\u00e7o em [&hellip;]<\/p>\n","protected":false},"author":2991,"featured_media":1344468,"comment_status":"open","ping_status":"closed","sticky":false,"template":"","format":"standard","meta":{"post_tipo":"news_page","footnotes":""},"categories":[222278],"tags":[],"tax_estado":[219972],"class_list":["post-403778","post","type-post","status-publish","format-standard","has-post-thumbnail","hentry","category-prefeituras","tax_estado-go"],"acf":[],"yoast_head":"<!-- This site is optimized with the Yoast SEO Premium plugin v27.2 (Yoast SEO v27.2) - https:\/\/yoast.com\/product\/yoast-seo-premium-wordpress\/ -->\n<title>Concurso Cristalina GO: novo edital no radar!<\/title>\n<meta name=\"description\" content=\"Concurso da Prefeitura de Cristalina: novo edital previsto para todos os n\u00edveis de escolaridade. Banca definida! Acesse e veja aqui!\" \/>\n<meta name=\"robots\" content=\"index, follow, max-snippet:-1, max-image-preview:large, max-video-preview:-1\" \/>\n<link rel=\"canonical\" href=\"https:\/\/www.estrategiaconcursos.com.br\/blog\/concurso-prefeitura-cristalina\/\" \/>\n<meta property=\"og:locale\" content=\"pt_BR\" \/>\n<meta property=\"og:type\" content=\"article\" \/>\n<meta property=\"og:title\" content=\"Concurso Cristalina GO: novo edital no radar!\" \/>\n<meta property=\"og:description\" content=\"Concurso da Prefeitura de Cristalina: novo edital previsto para todos os n\u00edveis de escolaridade. Banca definida! Acesse e veja aqui!\" \/>\n<meta property=\"og:url\" content=\"https:\/\/www.estrategiaconcursos.com.br\/blog\/concurso-prefeitura-cristalina\/\" \/>\n<meta property=\"og:site_name\" content=\"Estrat\u00e9gia Concursos\" \/>\n<meta property=\"article:published_time\" content=\"2024-04-09T15:09:00+00:00\" \/>\n<meta property=\"article:modified_time\" content=\"2026-04-09T20:00:40+00:00\" \/>\n<meta property=\"og:image\" content=\"https:\/\/dhg1h5j42swfq.cloudfront.net\/2024\/01\/31172614\/cristalina-go.jpg\" \/>\n\t<meta property=\"og:image:width\" content=\"768\" \/>\n\t<meta property=\"og:image:height\" content=\"432\" \/>\n\t<meta property=\"og:image:type\" content=\"image\/jpeg\" \/>\n<meta name=\"author\" content=\"Melmuara Thaiane Doneg\u00e1 C\u00e2ndido\" \/>\n<meta name=\"twitter:card\" content=\"summary_large_image\" \/>\n<meta name=\"twitter:creator\" content=\"@EstratConcursos\" \/>\n<meta name=\"twitter:site\" content=\"@EstratConcursos\" \/>\n<meta name=\"twitter:label1\" content=\"Escrito por\" \/>\n\t<meta name=\"twitter:data1\" content=\"Melmuara Thaiane Doneg\u00e1 C\u00e2ndido\" \/>\n\t<meta name=\"twitter:label2\" content=\"Est. tempo de leitura\" \/>\n\t<meta name=\"twitter:data2\" content=\"4 minutos\" \/>\n<script type=\"application\/ld+json\" class=\"yoast-schema-graph\">{\"@context\":\"https:\/\/schema.org\",\"@graph\":[{\"@type\":\"NewsArticle\",\"@id\":\"https:\/\/www.estrategiaconcursos.com.br\/blog\/concurso-prefeitura-cristalina\/#article\",\"isPartOf\":{\"@id\":\"https:\/\/www.estrategiaconcursos.com.br\/blog\/concurso-prefeitura-cristalina\/\"},\"author\":{\"name\":\"Melmuara Thaiane Doneg\u00e1 C\u00e2ndido\",\"@id\":\"https:\/\/www.estrategiaconcursos.com.br\/blog\/#\/schema\/person\/f33ffe5648e36a1ec7be14cb98aec31a\"},\"headline\":\"Concurso Cristalina GO: novo edital no radar!\",\"datePublished\":\"2024-04-09T15:09:00+00:00\",\"dateModified\":\"2026-04-09T20:00:40+00:00\",\"mainEntityOfPage\":{\"@id\":\"https:\/\/www.estrategiaconcursos.com.br\/blog\/concurso-prefeitura-cristalina\/\"},\"wordCount\":805,\"commentCount\":0,\"publisher\":{\"@id\":\"https:\/\/www.estrategiaconcursos.com.br\/blog\/#organization\"},\"image\":{\"@id\":\"https:\/\/www.estrategiaconcursos.com.br\/blog\/concurso-prefeitura-cristalina\/#primaryimage\"},\"thumbnailUrl\":\"https:\/\/dhg1h5j42swfq.cloudfront.net\/2024\/01\/31172614\/cristalina-go.jpg\",\"articleSection\":[\"Prefeituras\"],\"inLanguage\":\"pt-BR\",\"potentialAction\":[{\"@type\":\"CommentAction\",\"name\":\"Comment\",\"target\":[\"https:\/\/www.estrategiaconcursos.com.br\/blog\/concurso-prefeitura-cristalina\/#respond\"]}],\"copyrightYear\":\"2024\",\"copyrightHolder\":{\"@id\":\"https:\/\/www.estrategiaconcursos.com.br\/blog\/#organization\"}},{\"@type\":\"WebPage\",\"@id\":\"https:\/\/www.estrategiaconcursos.com.br\/blog\/concurso-prefeitura-cristalina\/\",\"url\":\"https:\/\/www.estrategiaconcursos.com.br\/blog\/concurso-prefeitura-cristalina\/\",\"name\":\"Concurso Cristalina GO: novo edital no radar!\",\"isPartOf\":{\"@id\":\"https:\/\/www.estrategiaconcursos.com.br\/blog\/#website\"},\"primaryImageOfPage\":{\"@id\":\"https:\/\/www.estrategiaconcursos.com.br\/blog\/concurso-prefeitura-cristalina\/#primaryimage\"},\"image\":{\"@id\":\"https:\/\/www.estrategiaconcursos.com.br\/blog\/concurso-prefeitura-cristalina\/#primaryimage\"},\"thumbnailUrl\":\"https:\/\/dhg1h5j42swfq.cloudfront.net\/2024\/01\/31172614\/cristalina-go.jpg\",\"datePublished\":\"2024-04-09T15:09:00+00:00\",\"dateModified\":\"2026-04-09T20:00:40+00:00\",\"description\":\"Concurso da Prefeitura de Cristalina: novo edital previsto para todos os n\u00edveis de escolaridade. Banca definida! Acesse e veja aqui!\",\"breadcrumb\":{\"@id\":\"https:\/\/www.estrategiaconcursos.com.br\/blog\/concurso-prefeitura-cristalina\/#breadcrumb\"},\"inLanguage\":\"pt-BR\",\"potentialAction\":[{\"@type\":\"ReadAction\",\"target\":[\"https:\/\/www.estrategiaconcursos.com.br\/blog\/concurso-prefeitura-cristalina\/\"]}]},{\"@type\":\"ImageObject\",\"inLanguage\":\"pt-BR\",\"@id\":\"https:\/\/www.estrategiaconcursos.com.br\/blog\/concurso-prefeitura-cristalina\/#primaryimage\",\"url\":\"https:\/\/dhg1h5j42swfq.cloudfront.net\/2024\/01\/31172614\/cristalina-go.jpg\",\"contentUrl\":\"https:\/\/dhg1h5j42swfq.cloudfront.net\/2024\/01\/31172614\/cristalina-go.jpg\",\"width\":768,\"height\":432},{\"@type\":\"BreadcrumbList\",\"@id\":\"https:\/\/www.estrategiaconcursos.com.br\/blog\/concurso-prefeitura-cristalina\/#breadcrumb\",\"itemListElement\":[{\"@type\":\"ListItem\",\"position\":1,\"name\":\"In\u00edcio\",\"item\":\"https:\/\/www.estrategiaconcursos.com.br\/blog\/\"},{\"@type\":\"ListItem\",\"position\":2,\"name\":\"Concurso Cristalina GO: novo edital no radar!\"}]},{\"@type\":\"WebSite\",\"@id\":\"https:\/\/www.estrategiaconcursos.com.br\/blog\/#website\",\"url\":\"https:\/\/www.estrategiaconcursos.com.br\/blog\/\",\"name\":\"Estrat\u00e9gia Concursos\",\"description\":\"O blog da Estrat\u00e9gia Concursos traz not\u00edcias sobre concursos e artigos de professores oferecendo cursos para concursos (pdf + videaulas) no site.\",\"publisher\":{\"@id\":\"https:\/\/www.estrategiaconcursos.com.br\/blog\/#organization\"},\"potentialAction\":[{\"@type\":\"SearchAction\",\"target\":{\"@type\":\"EntryPoint\",\"urlTemplate\":\"https:\/\/www.estrategiaconcursos.com.br\/blog\/?s={search_term_string}\"},\"query-input\":{\"@type\":\"PropertyValueSpecification\",\"valueRequired\":true,\"valueName\":\"search_term_string\"}}],\"inLanguage\":\"pt-BR\"},{\"@type\":\"Organization\",\"@id\":\"https:\/\/www.estrategiaconcursos.com.br\/blog\/#organization\",\"name\":\"Estrat\u00e9gia Concursos\",\"url\":\"https:\/\/www.estrategiaconcursos.com.br\/blog\/\",\"logo\":{\"@type\":\"ImageObject\",\"inLanguage\":\"pt-BR\",\"@id\":\"https:\/\/www.estrategiaconcursos.com.br\/blog\/#\/schema\/logo\/image\/\",\"url\":\"https:\/\/dhg1h5j42swfq.cloudfront.net\/2025\/06\/03203428\/logo_concursos-1.jpg\",\"contentUrl\":\"https:\/\/dhg1h5j42swfq.cloudfront.net\/2025\/06\/03203428\/logo_concursos-1.jpg\",\"width\":230,\"height\":60,\"caption\":\"Estrat\u00e9gia Concursos\"},\"image\":{\"@id\":\"https:\/\/www.estrategiaconcursos.com.br\/blog\/#\/schema\/logo\/image\/\"},\"sameAs\":[\"https:\/\/x.com\/EstratConcursos\"]},{\"@type\":\"Person\",\"@id\":\"https:\/\/www.estrategiaconcursos.com.br\/blog\/#\/schema\/person\/f33ffe5648e36a1ec7be14cb98aec31a\",\"name\":\"Melmuara Thaiane Doneg\u00e1 C\u00e2ndido\",\"image\":{\"@type\":\"ImageObject\",\"inLanguage\":\"pt-BR\",\"@id\":\"https:\/\/secure.gravatar.com\/avatar\/72c23c49ace6e781125178efe440f336ae4f50fbfb902780beb369688b387c4f?s=96&d=mm&r=g\",\"url\":\"https:\/\/secure.gravatar.com\/avatar\/72c23c49ace6e781125178efe440f336ae4f50fbfb902780beb369688b387c4f?s=96&d=mm&r=g\",\"contentUrl\":\"https:\/\/secure.gravatar.com\/avatar\/72c23c49ace6e781125178efe440f336ae4f50fbfb902780beb369688b387c4f?s=96&d=mm&r=g\",\"caption\":\"Melmuara Thaiane Doneg\u00e1 C\u00e2ndido\"},\"description\":\"Formada em Jornalismo em 2011 pela UniSEB-COC, Ribeir\u00e3o Preto-SP, atua desde 2017 na produ\u00e7\u00e3o de conte\u00fado para prefeituras, passando da \u00e1rea publicit\u00e1ria para a cria\u00e7\u00e3o de textos estrat\u00e9gicos e not\u00edcias sobre concursos, mantendo os concurseiros bem informados sobre os principais editais de prefeituras e concursos municipais.\",\"birthDate\":\"1990-04-21\",\"gender\":\"feminino\",\"url\":\"https:\/\/www.estrategiaconcursos.com.br\/blog\/author\/melmuara-candidoestrategia-com\/\"}]}<\/script>\n<!-- \/ Yoast SEO Premium plugin. -->","yoast_head_json":{"title":"Concurso Cristalina GO: novo edital no radar!","description":"Concurso da Prefeitura de Cristalina: novo edital previsto para todos os n\u00edveis de escolaridade. Banca definida! Acesse e veja aqui!","robots":{"index":"index","follow":"follow","max-snippet":"max-snippet:-1","max-image-preview":"max-image-preview:large","max-video-preview":"max-video-preview:-1"},"canonical":"https:\/\/www.estrategiaconcursos.com.br\/blog\/concurso-prefeitura-cristalina\/","og_locale":"pt_BR","og_type":"article","og_title":"Concurso Cristalina GO: novo edital no radar!","og_description":"Concurso da Prefeitura de Cristalina: novo edital previsto para todos os n\u00edveis de escolaridade. Banca definida! Acesse e veja aqui!","og_url":"https:\/\/www.estrategiaconcursos.com.br\/blog\/concurso-prefeitura-cristalina\/","og_site_name":"Estrat\u00e9gia Concursos","article_published_time":"2024-04-09T15:09:00+00:00","article_modified_time":"2026-04-09T20:00:40+00:00","og_image":[{"width":768,"height":432,"url":"https:\/\/dhg1h5j42swfq.cloudfront.net\/2024\/01\/31172614\/cristalina-go.jpg","type":"image\/jpeg"}],"author":"Melmuara Thaiane Doneg\u00e1 C\u00e2ndido","twitter_card":"summary_large_image","twitter_creator":"@EstratConcursos","twitter_site":"@EstratConcursos","twitter_misc":{"Escrito por":"Melmuara Thaiane Doneg\u00e1 C\u00e2ndido","Est. tempo de leitura":"4 minutos"},"schema":{"@context":"https:\/\/schema.org","@graph":[{"@type":"NewsArticle","@id":"https:\/\/www.estrategiaconcursos.com.br\/blog\/concurso-prefeitura-cristalina\/#article","isPartOf":{"@id":"https:\/\/www.estrategiaconcursos.com.br\/blog\/concurso-prefeitura-cristalina\/"},"author":{"name":"Melmuara Thaiane Doneg\u00e1 C\u00e2ndido","@id":"https:\/\/www.estrategiaconcursos.com.br\/blog\/#\/schema\/person\/f33ffe5648e36a1ec7be14cb98aec31a"},"headline":"Concurso Cristalina GO: novo edital no radar!","datePublished":"2024-04-09T15:09:00+00:00","dateModified":"2026-04-09T20:00:40+00:00","mainEntityOfPage":{"@id":"https:\/\/www.estrategiaconcursos.com.br\/blog\/concurso-prefeitura-cristalina\/"},"wordCount":805,"commentCount":0,"publisher":{"@id":"https:\/\/www.estrategiaconcursos.com.br\/blog\/#organization"},"image":{"@id":"https:\/\/www.estrategiaconcursos.com.br\/blog\/concurso-prefeitura-cristalina\/#primaryimage"},"thumbnailUrl":"https:\/\/dhg1h5j42swfq.cloudfront.net\/2024\/01\/31172614\/cristalina-go.jpg","articleSection":["Prefeituras"],"inLanguage":"pt-BR","potentialAction":[{"@type":"CommentAction","name":"Comment","target":["https:\/\/www.estrategiaconcursos.com.br\/blog\/concurso-prefeitura-cristalina\/#respond"]}],"copyrightYear":"2024","copyrightHolder":{"@id":"https:\/\/www.estrategiaconcursos.com.br\/blog\/#organization"}},{"@type":"WebPage","@id":"https:\/\/www.estrategiaconcursos.com.br\/blog\/concurso-prefeitura-cristalina\/","url":"https:\/\/www.estrategiaconcursos.com.br\/blog\/concurso-prefeitura-cristalina\/","name":"Concurso Cristalina GO: novo edital no radar!","isPartOf":{"@id":"https:\/\/www.estrategiaconcursos.com.br\/blog\/#website"},"primaryImageOfPage":{"@id":"https:\/\/www.estrategiaconcursos.com.br\/blog\/concurso-prefeitura-cristalina\/#primaryimage"},"image":{"@id":"https:\/\/www.estrategiaconcursos.com.br\/blog\/concurso-prefeitura-cristalina\/#primaryimage"},"thumbnailUrl":"https:\/\/dhg1h5j42swfq.cloudfront.net\/2024\/01\/31172614\/cristalina-go.jpg","datePublished":"2024-04-09T15:09:00+00:00","dateModified":"2026-04-09T20:00:40+00:00","description":"Concurso da Prefeitura de Cristalina: novo edital previsto para todos os n\u00edveis de escolaridade. Banca definida! Acesse e veja aqui!","breadcrumb":{"@id":"https:\/\/www.estrategiaconcursos.com.br\/blog\/concurso-prefeitura-cristalina\/#breadcrumb"},"inLanguage":"pt-BR","potentialAction":[{"@type":"ReadAction","target":["https:\/\/www.estrategiaconcursos.com.br\/blog\/concurso-prefeitura-cristalina\/"]}]},{"@type":"ImageObject","inLanguage":"pt-BR","@id":"https:\/\/www.estrategiaconcursos.com.br\/blog\/concurso-prefeitura-cristalina\/#primaryimage","url":"https:\/\/dhg1h5j42swfq.cloudfront.net\/2024\/01\/31172614\/cristalina-go.jpg","contentUrl":"https:\/\/dhg1h5j42swfq.cloudfront.net\/2024\/01\/31172614\/cristalina-go.jpg","width":768,"height":432},{"@type":"BreadcrumbList","@id":"https:\/\/www.estrategiaconcursos.com.br\/blog\/concurso-prefeitura-cristalina\/#breadcrumb","itemListElement":[{"@type":"ListItem","position":1,"name":"In\u00edcio","item":"https:\/\/www.estrategiaconcursos.com.br\/blog\/"},{"@type":"ListItem","position":2,"name":"Concurso Cristalina GO: novo edital no radar!"}]},{"@type":"WebSite","@id":"https:\/\/www.estrategiaconcursos.com.br\/blog\/#website","url":"https:\/\/www.estrategiaconcursos.com.br\/blog\/","name":"Estrat\u00e9gia Concursos","description":"O blog da Estrat\u00e9gia Concursos traz not\u00edcias sobre concursos e artigos de professores oferecendo cursos para concursos (pdf + videaulas) no site.","publisher":{"@id":"https:\/\/www.estrategiaconcursos.com.br\/blog\/#organization"},"potentialAction":[{"@type":"SearchAction","target":{"@type":"EntryPoint","urlTemplate":"https:\/\/www.estrategiaconcursos.com.br\/blog\/?s={search_term_string}"},"query-input":{"@type":"PropertyValueSpecification","valueRequired":true,"valueName":"search_term_string"}}],"inLanguage":"pt-BR"},{"@type":"Organization","@id":"https:\/\/www.estrategiaconcursos.com.br\/blog\/#organization","name":"Estrat\u00e9gia Concursos","url":"https:\/\/www.estrategiaconcursos.com.br\/blog\/","logo":{"@type":"ImageObject","inLanguage":"pt-BR","@id":"https:\/\/www.estrategiaconcursos.com.br\/blog\/#\/schema\/logo\/image\/","url":"https:\/\/dhg1h5j42swfq.cloudfront.net\/2025\/06\/03203428\/logo_concursos-1.jpg","contentUrl":"https:\/\/dhg1h5j42swfq.cloudfront.net\/2025\/06\/03203428\/logo_concursos-1.jpg","width":230,"height":60,"caption":"Estrat\u00e9gia Concursos"},"image":{"@id":"https:\/\/www.estrategiaconcursos.com.br\/blog\/#\/schema\/logo\/image\/"},"sameAs":["https:\/\/x.com\/EstratConcursos"]},{"@type":"Person","@id":"https:\/\/www.estrategiaconcursos.com.br\/blog\/#\/schema\/person\/f33ffe5648e36a1ec7be14cb98aec31a","name":"Melmuara Thaiane Doneg\u00e1 C\u00e2ndido","image":{"@type":"ImageObject","inLanguage":"pt-BR","@id":"https:\/\/secure.gravatar.com\/avatar\/72c23c49ace6e781125178efe440f336ae4f50fbfb902780beb369688b387c4f?s=96&d=mm&r=g","url":"https:\/\/secure.gravatar.com\/avatar\/72c23c49ace6e781125178efe440f336ae4f50fbfb902780beb369688b387c4f?s=96&d=mm&r=g","contentUrl":"https:\/\/secure.gravatar.com\/avatar\/72c23c49ace6e781125178efe440f336ae4f50fbfb902780beb369688b387c4f?s=96&d=mm&r=g","caption":"Melmuara Thaiane Doneg\u00e1 C\u00e2ndido"},"description":"Formada em Jornalismo em 2011 pela UniSEB-COC, Ribeir\u00e3o Preto-SP, atua desde 2017 na produ\u00e7\u00e3o de conte\u00fado para prefeituras, passando da \u00e1rea publicit\u00e1ria para a cria\u00e7\u00e3o de textos estrat\u00e9gicos e not\u00edcias sobre concursos, mantendo os concurseiros bem informados sobre os principais editais de prefeituras e concursos municipais.","birthDate":"1990-04-21","gender":"feminino","url":"https:\/\/www.estrategiaconcursos.com.br\/blog\/author\/melmuara-candidoestrategia-com\/"}]}},"_links":{"self":[{"href":"https:\/\/www.estrategiaconcursos.com.br\/blog\/wp-json\/wp\/v2\/posts\/403778","targetHints":{"allow":["GET"]}}],"collection":[{"href":"https:\/\/www.estrategiaconcursos.com.br\/blog\/wp-json\/wp\/v2\/posts"}],"about":[{"href":"https:\/\/www.estrategiaconcursos.com.br\/blog\/wp-json\/wp\/v2\/types\/post"}],"author":[{"embeddable":true,"href":"https:\/\/www.estrategiaconcursos.com.br\/blog\/wp-json\/wp\/v2\/users\/2991"}],"replies":[{"embeddable":true,"href":"https:\/\/www.estrategiaconcursos.com.br\/blog\/wp-json\/wp\/v2\/comments?post=403778"}],"version-history":[{"count":47,"href":"https:\/\/www.estrategiaconcursos.com.br\/blog\/wp-json\/wp\/v2\/posts\/403778\/revisions"}],"predecessor-version":[{"id":1751267,"href":"https:\/\/www.estrategiaconcursos.com.br\/blog\/wp-json\/wp\/v2\/posts\/403778\/revisions\/1751267"}],"wp:featuredmedia":[{"embeddable":true,"href":"https:\/\/www.estrategiaconcursos.com.br\/blog\/wp-json\/wp\/v2\/media\/1344468"}],"wp:attachment":[{"href":"https:\/\/www.estrategiaconcursos.com.br\/blog\/wp-json\/wp\/v2\/media?parent=403778"}],"wp:term":[{"taxonomy":"category","embeddable":true,"href":"https:\/\/www.estrategiaconcursos.com.br\/blog\/wp-json\/wp\/v2\/categories?post=403778"},{"taxonomy":"post_tag","embeddable":true,"href":"https:\/\/www.estrategiaconcursos.com.br\/blog\/wp-json\/wp\/v2\/tags?post=403778"},{"taxonomy":"tax_estado","embeddable":true,"href":"https:\/\/www.estrategiaconcursos.com.br\/blog\/wp-json\/wp\/v2\/tax_estado?post=403778"}],"curies":[{"name":"wp","href":"https:\/\/api.w.org\/{rel}","templated":true}]}}