{"id":403647,"date":"2019-07-29T15:40:28","date_gmt":"2019-07-29T18:40:28","guid":{"rendered":"https:\/\/www.estrategiaconcursos.com.br\/blog\/?p=403647"},"modified":"2019-07-29T15:40:30","modified_gmt":"2019-07-29T18:40:30","slug":"concurso-tj-ma-contratacao-fcc-autorizada","status":"publish","type":"post","link":"https:\/\/www.estrategiaconcursos.com.br\/blog\/concurso-tj-ma-contratacao-fcc-autorizada\/","title":{"rendered":"Concurso TJ MA: Presidente AUTORIZA contrata\u00e7\u00e3o da FCC"},"content":{"rendered":"\n<h2 class=\"wp-block-heading\">Edital com 63 vagas ser\u00e1 publicado em breve<\/h2>\n\n\n\n<p>A contrata\u00e7\u00e3o da <strong>Funda\u00e7\u00e3o Carlos Chagas (FCC)<\/strong> como organizadora do novo concurso do Tribunal de Justi\u00e7a do Maranh\u00e3o com <span style=\"text-decoration: underline;\">63 vagas<\/span> foi autorizada! Nesta segunda-feira, 29 de julho, o presidente da corte, desembargador Jos\u00e9 Joaquim Figueiredo dos Anjos, assinou a decis\u00e3o que oficializou a escolha da banca.<\/p>\n\n\n\n<p>A FCC j\u00e1 havia sido anunciada como poss\u00edvel organizadora do certame em junho, quando a Assessoria Jur\u00eddica da Presid\u00eancia do TJ MA deu parecer favor\u00e1vel \u00e0 escolha da institui\u00e7\u00e3o, que tem larga experi\u00eancia na realiza\u00e7\u00e3o de concursos de tribunais no pa\u00eds. <\/p>\n\n\n\n<p>Com a decis\u00e3o do presidente, est\u00e3o conclu\u00eddos os tr\u00e2mites burocr\u00e1ticos para a escolha da banca, que deve agora assinar o contrato com o Tribunal. Ap\u00f3s a publica\u00e7\u00e3o do extrato, o <strong>lan\u00e7amento do edital<\/strong> estar\u00e1 formalmente autorizado. <\/p>\n\n\n\n<p>O novo concurso do TJ MA foi autorizado no in\u00edcio deste ano para o provimento de <strong>63 vagas<\/strong>. A publica\u00e7\u00e3o do edital tamb\u00e9m aguardava a mudan\u00e7a de escolaridade no cargo de Oficial de Justi\u00e7a, que agora exige N\u00edvel Superior em Direito. A Assembleia Legislativa do Maranh\u00e3o aprovou a altera\u00e7\u00e3o antes do in\u00edcio do recesso legislativo, em 15 de julho.<\/p>\n\n\n\n<p>Confira a distribui\u00e7\u00e3o das vagas:<\/p>\n\n\n\n<p><strong>N\u00edvel Superior<\/strong><\/p>\n\n\n\n<ul class=\"wp-block-list\"><li><em>Analista de Sistemas e Desenvolvimento \u2013 04 vagas<\/em><\/li><li><em>Analista de Suportes e Rede \u2013 02 vagas<\/em><\/li><li><em>Direito \u2013 15 vagas<\/em><\/li><li><em>Oficial de Justi\u00e7a \u2013 15 vagas<\/em><\/li><li><em>Psic\u00f3logo \u2013 01 vaga<\/em><\/li><li><em>Psiquiatra \u2013 01 vaga<\/em><\/li><li><em>Assistente Social \u2013 01 vaga<\/em><\/li><li><em>Engenheiro Mec\u00e2nico \u2013 01 vaga<\/em><\/li><\/ul>\n\n\n\n<p><strong>N\u00edvel M\u00e9dio\/ T\u00e9cnico<\/strong><\/p>\n\n\n\n<ul class=\"wp-block-list\"><li><em>Apoio T\u00e9cnico Administrativo \u2013 20 vagas<\/em><\/li><li><em>T\u00e9cnico em Contabilidade \u2013 01 vaga<\/em><\/li><li><em>T\u00e9cnico Edifica\u00e7\u00f5es \u2013 01 vaga<\/em><\/li><li><em>T\u00e9cnico em Inform\u00e1tica \u2013 Hardware \u2013 01 vaga<\/em><\/li><li><em>T\u00e9cnico em Inform\u00e1tica \u2013 Software \u2013 CR<\/em><\/li><\/ul>\n\n\n\n<p>Confira abaixo um trecho do documento que autoriza a contrata\u00e7\u00e3o da FCC, assinado pelo presidente do TJ MA na manh\u00e3 desta segunda-feira:<\/p>\n\n\n\n<div class=\"wp-block-image\"><figure class=\"aligncenter is-resized\"><img loading=\"lazy\" decoding=\"async\" src=\"https:\/\/dhg1h5j42swfq.cloudfront.net\/2019\/07\/29153634\/concurso-tj-ma.jpg\" alt=\"\" class=\"wp-image-403667\" width=\"408\" height=\"496\" srcset=\"https:\/\/dhg1h5j42swfq.cloudfront.net\/2019\/07\/29153634\/concurso-tj-ma.jpg 578w, https:\/\/dhg1h5j42swfq.cloudfront.net\/2019\/07\/29153634\/concurso-tj-ma.jpg 247w\" sizes=\"auto, (max-width: 408px) 100vw, 408px\" \/><figcaption>Presidente do TJ MA, Jos\u00e9 Joaquim Figueiredo dos Anjos, autoriza a contrata\u00e7\u00e3o da FCC.<\/figcaption><\/figure><\/div>\n\n\n\n<p style=\"font-size:25px;text-align:center\" class=\"has-background has-very-light-gray-background-color\"><a rel=\"noreferrer noopener\" aria-label=\"Clique aqui para mais informa\u00e7\u00f5es sobre o TJ MA (abre numa nova aba)\" href=\"https:\/\/www.estrategiaconcursos.com.br\/blog\/concurso-tj-ma\/\" target=\"_blank\">Clique aqui para mais informa\u00e7\u00f5es sobre o TJ MA<\/a><\/p>\n\n\n\n<h2 class=\"wp-block-heading\" style=\"text-align:center\" id=\"cursos-assinatura\"><strong><em>Quer estudar para o TJ MA?<\/em><\/strong><\/h2>\n\n\n\n<p style=\"text-align:center\"><em><strong>Gostou desta oportunidade e deseja come\u00e7ar se preparar agora mesmo? Ent\u00e3o, confira os nossos cursos e comece a estudar para TJ MA:<\/strong><\/em><\/p>\n\n\n\n<p style=\"font-size:23px;text-align:center\" class=\"has-background has-luminous-vivid-amber-background-color\"><a rel=\"noreferrer noopener\" href=\"https:\/\/www.estrategiaconcursos.com.br\/cursosPorConcurso\/tribunal-de-justica-do-estado-do-maranhao-tj-ma\/\" target=\"_blank\"><strong><em>CURSO TJ MA<\/em><\/strong><\/a><\/p>\n\n\n\n<p style=\"text-align:center\"><em><strong>Assinatura Anual Ilimitada*<\/strong><\/em><\/p>\n\n\n\n<p style=\"text-align:center\"><em>Prepare-se com o melhor material e com quem mais aprova em Concursos P\u00fablicos em todo o pa\u00eds. Assine agora a nossa Assinatura Anual e tenha acesso ilimitado* a todos os nossos cursos.<\/em><\/p>\n\n\n\n<p style=\"font-size:25px;text-align:center\" class=\"has-background has-light-green-cyan-background-color\"><strong>ASSINE AGORA<\/strong>&nbsp;\u2013&nbsp;<a href=\"https:\/\/www.estrategiaconcursos.com.br\/assinaturas\" target=\"_blank\" rel=\"noreferrer noopener\">Assinatura Ilimitada<\/a><\/p>\n\n\n\n<p><em>Ascom Estrat\u00e9gia<\/em><br \/>ascomestrategia@gmail.com<\/p>\n\n\n\n<hr class=\"wp-block-separator\"\/>\n\n\n\n<p style=\"text-align:center\"><em><strong>Receba not\u00edcias de Concursos no seu WhatsApp e\/ou Telegram!<\/strong><\/em><\/p>\n\n\n\n<p style=\"text-align:center\"><em><strong>Cadastre-se clicando no link abaixo<\/strong><\/em>:<\/p>\n\n\n\n<p style=\"text-align:center\" class=\"has-background has-very-light-gray-background-color\"><a rel=\"noreferrer noopener\" href=\"https:\/\/www.estrategiaconcursos.com.br\/blog\/noticias-de-concursos-whatsapp-estrategia-concursos\/\" target=\"_blank\"><strong>Not\u00edcias de concursos no seu WhatsApp e\/ou Telegram<\/strong><\/a><\/p>\n","protected":false},"excerpt":{"rendered":"<p>Edital com 63 vagas ser\u00e1 publicado em breve A contrata\u00e7\u00e3o da Funda\u00e7\u00e3o Carlos Chagas (FCC) como organizadora do novo concurso do Tribunal de Justi\u00e7a do Maranh\u00e3o com 63 vagas foi autorizada! Nesta segunda-feira, 29 de julho, o presidente da corte, desembargador Jos\u00e9 Joaquim Figueiredo dos Anjos, assinou a decis\u00e3o que oficializou a escolha da banca. [&hellip;]<\/p>\n","protected":false},"author":26,"featured_media":399097,"comment_status":"open","ping_status":"closed","sticky":false,"template":"","format":"standard","meta":{"post_tipo":"article","footnotes":""},"categories":[1,1984],"tags":[],"tax_estado":[],"class_list":["post-403647","post","type-post","status-publish","format-standard","has-post-thumbnail","hentry","category-cursos-e-concursos","category-tribunais"],"acf":[],"yoast_head":"<!-- This site is optimized with the Yoast SEO Premium plugin v27.2 (Yoast SEO v27.2) - https:\/\/yoast.com\/product\/yoast-seo-premium-wordpress\/ -->\n<title>Concurso TJ MA: Presidente AUTORIZA contrata\u00e7\u00e3o da FCC<\/title>\n<meta name=\"robots\" content=\"index, follow, max-snippet:-1, max-image-preview:large, max-video-preview:-1\" \/>\n<link rel=\"canonical\" href=\"https:\/\/www.estrategiaconcursos.com.br\/blog\/concurso-tj-ma-contratacao-fcc-autorizada\/\" \/>\n<meta property=\"og:locale\" content=\"pt_BR\" \/>\n<meta property=\"og:type\" content=\"article\" \/>\n<meta property=\"og:title\" content=\"Concurso TJ MA: Presidente AUTORIZA contrata\u00e7\u00e3o da FCC\" \/>\n<meta property=\"og:description\" content=\"Edital com 63 vagas ser\u00e1 publicado em breve A contrata\u00e7\u00e3o da Funda\u00e7\u00e3o Carlos Chagas (FCC) como organizadora do novo concurso do Tribunal de Justi\u00e7a do Maranh\u00e3o com 63 vagas foi autorizada! Nesta segunda-feira, 29 de julho, o presidente da corte, desembargador Jos\u00e9 Joaquim Figueiredo dos Anjos, assinou a decis\u00e3o que oficializou a escolha da banca. [&hellip;]\" \/>\n<meta property=\"og:url\" content=\"https:\/\/www.estrategiaconcursos.com.br\/blog\/concurso-tj-ma-contratacao-fcc-autorizada\/\" \/>\n<meta property=\"og:site_name\" content=\"Estrat\u00e9gia Concursos\" \/>\n<meta property=\"article:author\" content=\"https:\/\/www.facebook.com\/rvale01\" \/>\n<meta property=\"article:published_time\" content=\"2019-07-29T18:40:28+00:00\" \/>\n<meta property=\"article:modified_time\" content=\"2019-07-29T18:40:30+00:00\" \/>\n<meta property=\"og:image\" content=\"https:\/\/dhg1h5j42swfq.cloudfront.net\/2019\/07\/15171309\/tj-ma-sede.jpg\" \/>\n\t<meta property=\"og:image:width\" content=\"318\" \/>\n\t<meta property=\"og:image:height\" content=\"159\" \/>\n\t<meta property=\"og:image:type\" content=\"image\/jpeg\" \/>\n<meta name=\"author\" content=\"Ricardo Vale\" \/>\n<meta name=\"twitter:card\" content=\"summary_large_image\" \/>\n<meta name=\"twitter:creator\" content=\"@https:\/\/twitter.com\/EstratConcursos\" \/>\n<meta name=\"twitter:site\" content=\"@EstratConcursos\" \/>\n<meta name=\"twitter:label1\" content=\"Escrito por\" \/>\n\t<meta name=\"twitter:data1\" content=\"Ricardo Vale\" \/>\n\t<meta name=\"twitter:label2\" content=\"Est. tempo de leitura\" \/>\n\t<meta name=\"twitter:data2\" content=\"2 minutos\" \/>\n<script type=\"application\/ld+json\" class=\"yoast-schema-graph\">{\"@context\":\"https:\/\/schema.org\",\"@graph\":[{\"@type\":\"NewsArticle\",\"@id\":\"https:\/\/www.estrategiaconcursos.com.br\/blog\/concurso-tj-ma-contratacao-fcc-autorizada\/#article\",\"isPartOf\":{\"@id\":\"https:\/\/www.estrategiaconcursos.com.br\/blog\/concurso-tj-ma-contratacao-fcc-autorizada\/\"},\"author\":{\"name\":\"Ricardo Vale\",\"@id\":\"https:\/\/www.estrategiaconcursos.com.br\/blog\/#\/schema\/person\/c32e47dba2159cafe7796a9569a6ff7e\"},\"headline\":\"Concurso TJ MA: Presidente AUTORIZA contrata\u00e7\u00e3o da FCC\",\"datePublished\":\"2019-07-29T18:40:28+00:00\",\"dateModified\":\"2019-07-29T18:40:30+00:00\",\"mainEntityOfPage\":{\"@id\":\"https:\/\/www.estrategiaconcursos.com.br\/blog\/concurso-tj-ma-contratacao-fcc-autorizada\/\"},\"wordCount\":455,\"commentCount\":0,\"publisher\":{\"@id\":\"https:\/\/www.estrategiaconcursos.com.br\/blog\/#organization\"},\"image\":{\"@id\":\"https:\/\/www.estrategiaconcursos.com.br\/blog\/concurso-tj-ma-contratacao-fcc-autorizada\/#primaryimage\"},\"thumbnailUrl\":\"https:\/\/dhg1h5j42swfq.cloudfront.net\/2019\/07\/15171309\/tj-ma-sede.jpg\",\"articleSection\":[\"Concursos P\u00fablicos\",\"Tribunais\"],\"inLanguage\":\"pt-BR\",\"potentialAction\":[{\"@type\":\"CommentAction\",\"name\":\"Comment\",\"target\":[\"https:\/\/www.estrategiaconcursos.com.br\/blog\/concurso-tj-ma-contratacao-fcc-autorizada\/#respond\"]}],\"copyrightYear\":\"2019\",\"copyrightHolder\":{\"@id\":\"https:\/\/www.estrategiaconcursos.com.br\/blog\/#organization\"}},{\"@type\":\"WebPage\",\"@id\":\"https:\/\/www.estrategiaconcursos.com.br\/blog\/concurso-tj-ma-contratacao-fcc-autorizada\/\",\"url\":\"https:\/\/www.estrategiaconcursos.com.br\/blog\/concurso-tj-ma-contratacao-fcc-autorizada\/\",\"name\":\"Concurso TJ MA: Presidente AUTORIZA contrata\u00e7\u00e3o da FCC\",\"isPartOf\":{\"@id\":\"https:\/\/www.estrategiaconcursos.com.br\/blog\/#website\"},\"primaryImageOfPage\":{\"@id\":\"https:\/\/www.estrategiaconcursos.com.br\/blog\/concurso-tj-ma-contratacao-fcc-autorizada\/#primaryimage\"},\"image\":{\"@id\":\"https:\/\/www.estrategiaconcursos.com.br\/blog\/concurso-tj-ma-contratacao-fcc-autorizada\/#primaryimage\"},\"thumbnailUrl\":\"https:\/\/dhg1h5j42swfq.cloudfront.net\/2019\/07\/15171309\/tj-ma-sede.jpg\",\"datePublished\":\"2019-07-29T18:40:28+00:00\",\"dateModified\":\"2019-07-29T18:40:30+00:00\",\"breadcrumb\":{\"@id\":\"https:\/\/www.estrategiaconcursos.com.br\/blog\/concurso-tj-ma-contratacao-fcc-autorizada\/#breadcrumb\"},\"inLanguage\":\"pt-BR\",\"potentialAction\":[{\"@type\":\"ReadAction\",\"target\":[\"https:\/\/www.estrategiaconcursos.com.br\/blog\/concurso-tj-ma-contratacao-fcc-autorizada\/\"]}]},{\"@type\":\"ImageObject\",\"inLanguage\":\"pt-BR\",\"@id\":\"https:\/\/www.estrategiaconcursos.com.br\/blog\/concurso-tj-ma-contratacao-fcc-autorizada\/#primaryimage\",\"url\":\"https:\/\/dhg1h5j42swfq.cloudfront.net\/2019\/07\/15171309\/tj-ma-sede.jpg\",\"contentUrl\":\"https:\/\/dhg1h5j42swfq.cloudfront.net\/2019\/07\/15171309\/tj-ma-sede.jpg\",\"width\":318,\"height\":159},{\"@type\":\"BreadcrumbList\",\"@id\":\"https:\/\/www.estrategiaconcursos.com.br\/blog\/concurso-tj-ma-contratacao-fcc-autorizada\/#breadcrumb\",\"itemListElement\":[{\"@type\":\"ListItem\",\"position\":1,\"name\":\"In\u00edcio\",\"item\":\"https:\/\/www.estrategiaconcursos.com.br\/blog\/\"},{\"@type\":\"ListItem\",\"position\":2,\"name\":\"Concurso TJ MA: Presidente AUTORIZA contrata\u00e7\u00e3o da FCC\"}]},{\"@type\":\"WebSite\",\"@id\":\"https:\/\/www.estrategiaconcursos.com.br\/blog\/#website\",\"url\":\"https:\/\/www.estrategiaconcursos.com.br\/blog\/\",\"name\":\"Estrat\u00e9gia Concursos\",\"description\":\"O blog da Estrat\u00e9gia Concursos traz not\u00edcias sobre concursos e artigos de professores oferecendo cursos para concursos (pdf + videaulas) no site.\",\"publisher\":{\"@id\":\"https:\/\/www.estrategiaconcursos.com.br\/blog\/#organization\"},\"potentialAction\":[{\"@type\":\"SearchAction\",\"target\":{\"@type\":\"EntryPoint\",\"urlTemplate\":\"https:\/\/www.estrategiaconcursos.com.br\/blog\/?s={search_term_string}\"},\"query-input\":{\"@type\":\"PropertyValueSpecification\",\"valueRequired\":true,\"valueName\":\"search_term_string\"}}],\"inLanguage\":\"pt-BR\"},{\"@type\":\"Organization\",\"@id\":\"https:\/\/www.estrategiaconcursos.com.br\/blog\/#organization\",\"name\":\"Estrat\u00e9gia Concursos\",\"url\":\"https:\/\/www.estrategiaconcursos.com.br\/blog\/\",\"logo\":{\"@type\":\"ImageObject\",\"inLanguage\":\"pt-BR\",\"@id\":\"https:\/\/www.estrategiaconcursos.com.br\/blog\/#\/schema\/logo\/image\/\",\"url\":\"https:\/\/dhg1h5j42swfq.cloudfront.net\/2025\/06\/03203428\/logo_concursos-1.jpg\",\"contentUrl\":\"https:\/\/dhg1h5j42swfq.cloudfront.net\/2025\/06\/03203428\/logo_concursos-1.jpg\",\"width\":230,\"height\":60,\"caption\":\"Estrat\u00e9gia Concursos\"},\"image\":{\"@id\":\"https:\/\/www.estrategiaconcursos.com.br\/blog\/#\/schema\/logo\/image\/\"},\"sameAs\":[\"https:\/\/x.com\/EstratConcursos\"]},{\"@type\":\"Person\",\"@id\":\"https:\/\/www.estrategiaconcursos.com.br\/blog\/#\/schema\/person\/c32e47dba2159cafe7796a9569a6ff7e\",\"name\":\"Ricardo Vale\",\"image\":{\"@type\":\"ImageObject\",\"inLanguage\":\"pt-BR\",\"@id\":\"https:\/\/secure.gravatar.com\/avatar\/e5a5658c798bb49dd53314263f59f38c192d73370fb65839a372c2ae9027be74?s=96&d=mm&r=g\",\"url\":\"https:\/\/secure.gravatar.com\/avatar\/e5a5658c798bb49dd53314263f59f38c192d73370fb65839a372c2ae9027be74?s=96&d=mm&r=g\",\"contentUrl\":\"https:\/\/secure.gravatar.com\/avatar\/e5a5658c798bb49dd53314263f59f38c192d73370fb65839a372c2ae9027be74?s=96&d=mm&r=g\",\"caption\":\"Ricardo Vale\"},\"sameAs\":[\"https:\/\/www.facebook.com\/rvale01\",\"https:\/\/x.com\/https:\/\/twitter.com\/EstratConcursos\"],\"url\":\"https:\/\/www.estrategiaconcursos.com.br\/blog\/author\/ricardovaleestrategiaconcursos-com-br\/\"}]}<\/script>\n<!-- \/ Yoast SEO Premium plugin. -->","yoast_head_json":{"title":"Concurso TJ MA: Presidente AUTORIZA contrata\u00e7\u00e3o da FCC","robots":{"index":"index","follow":"follow","max-snippet":"max-snippet:-1","max-image-preview":"max-image-preview:large","max-video-preview":"max-video-preview:-1"},"canonical":"https:\/\/www.estrategiaconcursos.com.br\/blog\/concurso-tj-ma-contratacao-fcc-autorizada\/","og_locale":"pt_BR","og_type":"article","og_title":"Concurso TJ MA: Presidente AUTORIZA contrata\u00e7\u00e3o da FCC","og_description":"Edital com 63 vagas ser\u00e1 publicado em breve A contrata\u00e7\u00e3o da Funda\u00e7\u00e3o Carlos Chagas (FCC) como organizadora do novo concurso do Tribunal de Justi\u00e7a do Maranh\u00e3o com 63 vagas foi autorizada! Nesta segunda-feira, 29 de julho, o presidente da corte, desembargador Jos\u00e9 Joaquim Figueiredo dos Anjos, assinou a decis\u00e3o que oficializou a escolha da banca. [&hellip;]","og_url":"https:\/\/www.estrategiaconcursos.com.br\/blog\/concurso-tj-ma-contratacao-fcc-autorizada\/","og_site_name":"Estrat\u00e9gia Concursos","article_author":"https:\/\/www.facebook.com\/rvale01","article_published_time":"2019-07-29T18:40:28+00:00","article_modified_time":"2019-07-29T18:40:30+00:00","og_image":[{"width":318,"height":159,"url":"https:\/\/dhg1h5j42swfq.cloudfront.net\/2019\/07\/15171309\/tj-ma-sede.jpg","type":"image\/jpeg"}],"author":"Ricardo Vale","twitter_card":"summary_large_image","twitter_creator":"@https:\/\/twitter.com\/EstratConcursos","twitter_site":"@EstratConcursos","twitter_misc":{"Escrito por":"Ricardo Vale","Est. tempo de leitura":"2 minutos"},"schema":{"@context":"https:\/\/schema.org","@graph":[{"@type":"NewsArticle","@id":"https:\/\/www.estrategiaconcursos.com.br\/blog\/concurso-tj-ma-contratacao-fcc-autorizada\/#article","isPartOf":{"@id":"https:\/\/www.estrategiaconcursos.com.br\/blog\/concurso-tj-ma-contratacao-fcc-autorizada\/"},"author":{"name":"Ricardo Vale","@id":"https:\/\/www.estrategiaconcursos.com.br\/blog\/#\/schema\/person\/c32e47dba2159cafe7796a9569a6ff7e"},"headline":"Concurso TJ MA: Presidente AUTORIZA contrata\u00e7\u00e3o da FCC","datePublished":"2019-07-29T18:40:28+00:00","dateModified":"2019-07-29T18:40:30+00:00","mainEntityOfPage":{"@id":"https:\/\/www.estrategiaconcursos.com.br\/blog\/concurso-tj-ma-contratacao-fcc-autorizada\/"},"wordCount":455,"commentCount":0,"publisher":{"@id":"https:\/\/www.estrategiaconcursos.com.br\/blog\/#organization"},"image":{"@id":"https:\/\/www.estrategiaconcursos.com.br\/blog\/concurso-tj-ma-contratacao-fcc-autorizada\/#primaryimage"},"thumbnailUrl":"https:\/\/dhg1h5j42swfq.cloudfront.net\/2019\/07\/15171309\/tj-ma-sede.jpg","articleSection":["Concursos P\u00fablicos","Tribunais"],"inLanguage":"pt-BR","potentialAction":[{"@type":"CommentAction","name":"Comment","target":["https:\/\/www.estrategiaconcursos.com.br\/blog\/concurso-tj-ma-contratacao-fcc-autorizada\/#respond"]}],"copyrightYear":"2019","copyrightHolder":{"@id":"https:\/\/www.estrategiaconcursos.com.br\/blog\/#organization"}},{"@type":"WebPage","@id":"https:\/\/www.estrategiaconcursos.com.br\/blog\/concurso-tj-ma-contratacao-fcc-autorizada\/","url":"https:\/\/www.estrategiaconcursos.com.br\/blog\/concurso-tj-ma-contratacao-fcc-autorizada\/","name":"Concurso TJ MA: Presidente AUTORIZA contrata\u00e7\u00e3o da FCC","isPartOf":{"@id":"https:\/\/www.estrategiaconcursos.com.br\/blog\/#website"},"primaryImageOfPage":{"@id":"https:\/\/www.estrategiaconcursos.com.br\/blog\/concurso-tj-ma-contratacao-fcc-autorizada\/#primaryimage"},"image":{"@id":"https:\/\/www.estrategiaconcursos.com.br\/blog\/concurso-tj-ma-contratacao-fcc-autorizada\/#primaryimage"},"thumbnailUrl":"https:\/\/dhg1h5j42swfq.cloudfront.net\/2019\/07\/15171309\/tj-ma-sede.jpg","datePublished":"2019-07-29T18:40:28+00:00","dateModified":"2019-07-29T18:40:30+00:00","breadcrumb":{"@id":"https:\/\/www.estrategiaconcursos.com.br\/blog\/concurso-tj-ma-contratacao-fcc-autorizada\/#breadcrumb"},"inLanguage":"pt-BR","potentialAction":[{"@type":"ReadAction","target":["https:\/\/www.estrategiaconcursos.com.br\/blog\/concurso-tj-ma-contratacao-fcc-autorizada\/"]}]},{"@type":"ImageObject","inLanguage":"pt-BR","@id":"https:\/\/www.estrategiaconcursos.com.br\/blog\/concurso-tj-ma-contratacao-fcc-autorizada\/#primaryimage","url":"https:\/\/dhg1h5j42swfq.cloudfront.net\/2019\/07\/15171309\/tj-ma-sede.jpg","contentUrl":"https:\/\/dhg1h5j42swfq.cloudfront.net\/2019\/07\/15171309\/tj-ma-sede.jpg","width":318,"height":159},{"@type":"BreadcrumbList","@id":"https:\/\/www.estrategiaconcursos.com.br\/blog\/concurso-tj-ma-contratacao-fcc-autorizada\/#breadcrumb","itemListElement":[{"@type":"ListItem","position":1,"name":"In\u00edcio","item":"https:\/\/www.estrategiaconcursos.com.br\/blog\/"},{"@type":"ListItem","position":2,"name":"Concurso TJ MA: Presidente AUTORIZA contrata\u00e7\u00e3o da FCC"}]},{"@type":"WebSite","@id":"https:\/\/www.estrategiaconcursos.com.br\/blog\/#website","url":"https:\/\/www.estrategiaconcursos.com.br\/blog\/","name":"Estrat\u00e9gia Concursos","description":"O blog da Estrat\u00e9gia Concursos traz not\u00edcias sobre concursos e artigos de professores oferecendo cursos para concursos (pdf + videaulas) no site.","publisher":{"@id":"https:\/\/www.estrategiaconcursos.com.br\/blog\/#organization"},"potentialAction":[{"@type":"SearchAction","target":{"@type":"EntryPoint","urlTemplate":"https:\/\/www.estrategiaconcursos.com.br\/blog\/?s={search_term_string}"},"query-input":{"@type":"PropertyValueSpecification","valueRequired":true,"valueName":"search_term_string"}}],"inLanguage":"pt-BR"},{"@type":"Organization","@id":"https:\/\/www.estrategiaconcursos.com.br\/blog\/#organization","name":"Estrat\u00e9gia Concursos","url":"https:\/\/www.estrategiaconcursos.com.br\/blog\/","logo":{"@type":"ImageObject","inLanguage":"pt-BR","@id":"https:\/\/www.estrategiaconcursos.com.br\/blog\/#\/schema\/logo\/image\/","url":"https:\/\/dhg1h5j42swfq.cloudfront.net\/2025\/06\/03203428\/logo_concursos-1.jpg","contentUrl":"https:\/\/dhg1h5j42swfq.cloudfront.net\/2025\/06\/03203428\/logo_concursos-1.jpg","width":230,"height":60,"caption":"Estrat\u00e9gia Concursos"},"image":{"@id":"https:\/\/www.estrategiaconcursos.com.br\/blog\/#\/schema\/logo\/image\/"},"sameAs":["https:\/\/x.com\/EstratConcursos"]},{"@type":"Person","@id":"https:\/\/www.estrategiaconcursos.com.br\/blog\/#\/schema\/person\/c32e47dba2159cafe7796a9569a6ff7e","name":"Ricardo Vale","image":{"@type":"ImageObject","inLanguage":"pt-BR","@id":"https:\/\/secure.gravatar.com\/avatar\/e5a5658c798bb49dd53314263f59f38c192d73370fb65839a372c2ae9027be74?s=96&d=mm&r=g","url":"https:\/\/secure.gravatar.com\/avatar\/e5a5658c798bb49dd53314263f59f38c192d73370fb65839a372c2ae9027be74?s=96&d=mm&r=g","contentUrl":"https:\/\/secure.gravatar.com\/avatar\/e5a5658c798bb49dd53314263f59f38c192d73370fb65839a372c2ae9027be74?s=96&d=mm&r=g","caption":"Ricardo Vale"},"sameAs":["https:\/\/www.facebook.com\/rvale01","https:\/\/x.com\/https:\/\/twitter.com\/EstratConcursos"],"url":"https:\/\/www.estrategiaconcursos.com.br\/blog\/author\/ricardovaleestrategiaconcursos-com-br\/"}]}},"_links":{"self":[{"href":"https:\/\/www.estrategiaconcursos.com.br\/blog\/wp-json\/wp\/v2\/posts\/403647","targetHints":{"allow":["GET"]}}],"collection":[{"href":"https:\/\/www.estrategiaconcursos.com.br\/blog\/wp-json\/wp\/v2\/posts"}],"about":[{"href":"https:\/\/www.estrategiaconcursos.com.br\/blog\/wp-json\/wp\/v2\/types\/post"}],"author":[{"embeddable":true,"href":"https:\/\/www.estrategiaconcursos.com.br\/blog\/wp-json\/wp\/v2\/users\/26"}],"replies":[{"embeddable":true,"href":"https:\/\/www.estrategiaconcursos.com.br\/blog\/wp-json\/wp\/v2\/comments?post=403647"}],"version-history":[{"count":4,"href":"https:\/\/www.estrategiaconcursos.com.br\/blog\/wp-json\/wp\/v2\/posts\/403647\/revisions"}],"predecessor-version":[{"id":403675,"href":"https:\/\/www.estrategiaconcursos.com.br\/blog\/wp-json\/wp\/v2\/posts\/403647\/revisions\/403675"}],"wp:featuredmedia":[{"embeddable":true,"href":"https:\/\/www.estrategiaconcursos.com.br\/blog\/wp-json\/wp\/v2\/media\/399097"}],"wp:attachment":[{"href":"https:\/\/www.estrategiaconcursos.com.br\/blog\/wp-json\/wp\/v2\/media?parent=403647"}],"wp:term":[{"taxonomy":"category","embeddable":true,"href":"https:\/\/www.estrategiaconcursos.com.br\/blog\/wp-json\/wp\/v2\/categories?post=403647"},{"taxonomy":"post_tag","embeddable":true,"href":"https:\/\/www.estrategiaconcursos.com.br\/blog\/wp-json\/wp\/v2\/tags?post=403647"},{"taxonomy":"tax_estado","embeddable":true,"href":"https:\/\/www.estrategiaconcursos.com.br\/blog\/wp-json\/wp\/v2\/tax_estado?post=403647"}],"curies":[{"name":"wp","href":"https:\/\/api.w.org\/{rel}","templated":true}]}}