{"id":403569,"date":"2019-07-29T13:05:36","date_gmt":"2019-07-29T16:05:36","guid":{"rendered":"https:\/\/www.estrategiaconcursos.com.br\/blog\/?p=403569"},"modified":"2019-07-29T13:09:01","modified_gmt":"2019-07-29T16:09:01","slug":"concurso-rio-preto-sp-editais-em-agosto-novas-vagas-previstas","status":"publish","type":"post","link":"https:\/\/www.estrategiaconcursos.com.br\/blog\/concurso-rio-preto-sp-editais-em-agosto-novas-vagas-previstas\/","title":{"rendered":"Concurso Rio Preto SP: Editais em agosto; novas vagas previstas"},"content":{"rendered":"\n<p class=\"has-medium-font-size\"><em>RioPretoPrev confirma edital em agosto com vagas imediatas e cadastro reserva<\/em><\/p>\n\n\n\n<p>A Prefeitura de S\u00e3o Jos\u00e9 de Rio Preto, munic\u00edpio de S\u00e3o Paulo, est\u00e1 a todo vapor para a publica\u00e7\u00e3o,<strong> ainda em agosto<\/strong>, de 05 editais organizados pela Funda\u00e7\u00e3o Carlos Chagas &#8211; FCC.<\/p>\n\n\n\n<p>Todas as comiss\u00f5es j\u00e1 foram definidas, sendo a \u00faltima a comiss\u00e3o respons\u00e1vel pela organiza\u00e7\u00e3o do concurso da autarquia de Regime Pr\u00f3prio de Previd\u00eancia Social do Munic\u00edpio de S\u00e3o Jos\u00e9 do Rio Preto \u2013 RIOPRETOPREV.<\/p>\n\n\n\n<p>Em contato com a RioPretoPrev, foi informado que ser\u00e3o ofertadas 06 vagas imediatas e vagas para cadastro reserva, nos cargos de:<\/p>\n\n\n\n<ul class=\"wp-block-list\"><li>02 vagas de Assistente Social<\/li><li>02 vagas de Psic\u00f3logo<\/li><li>02 vagas de Agente Previdenci\u00e1rio <\/li><\/ul>\n\n\n\n<h3 class=\"wp-block-heading\">Os editais da Prefeitura de S\u00e3o Jos\u00e9 do Rio Preto<\/h3>\n\n\n\n<p>Todos os editais ser\u00e3o publicados em agosto sob a coordena\u00e7\u00e3o da FCC e a previs\u00e3o \u00e9 de que sejam ofertadas, no total, <strong>458 vagas<\/strong> para diversos cargos, que abrangem o n\u00edvel m\u00e9dio e superior.<\/p>\n\n\n\n<p>Os editais de Rio Preto tamb\u00e9m ofertar\u00e3o cargos para diversas secretarias, sendo dois editais para a Secretaria de Sa\u00fade, um edital para Agente Administrativo e outro para os demais cargos da prefeitura. <\/p>\n\n\n\n<h2 class=\"wp-block-heading\" id=\"cargos\">Os cargos ofertados no concurso Rio Preto<\/h2>\n\n\n\n<p>Em maio de 2019, foi publicada a <strong>Lei Complementar n\u00ba 593<\/strong>, que criou os cargos que ser\u00e3o ofertados nos editais de Rio Preto. Confira abaixo a distribui\u00e7\u00e3o das 452 vagas e os cargos:<\/p>\n\n\n\n<p class=\"has-background has-very-light-gray-background-color\"><strong>N\u00cdVEL SUPERIOR<\/strong><\/p>\n\n\n\n<ul class=\"wp-block-list\"><li>Agente de Cerimonial: 1<\/li><li>Agente Fiscal de Posturas: 15<\/li><li>Analista em Vigil\u00e2ncia Sanit\u00e1ria &#8211; Arquiteto: 1<\/li><li>Analista em Vigil\u00e2ncia Sanit\u00e1ria &#8211; Bi\u00f3logo: 2<\/li><li>Analista em Vigil\u00e2ncia Sanit\u00e1ria &#8211; Enfermeiro: 1<\/li><li>Analista em Vigil\u00e2ncia Sanit\u00e1ria &#8211; Engenheiro de Alimentos: 1<\/li><li>Analista em Vigil\u00e2ncia Sanit\u00e1ria &#8211; Engenheiro Qu\u00edmico: 1<\/li><li>Analista em Vigil\u00e2ncia Sanit\u00e1ria &#8211; Farmac\u00eautico: 3<\/li><li>Analista em Vigil\u00e2ncia Sanit\u00e1ria &#8211; M\u00e9dico Veterin\u00e1rio: 1<\/li><li>Arquiteto: 2<\/li><li>Auditor Fiscal Tribut\u00e1rio Municipal: 10<\/li><li>Bi\u00f3logo: 1<\/li><li>Biom\u00e9dico: 6<\/li><li>Cirurgi\u00e3o Dentista: 13<\/li><li>Enfermeiro: 18<\/li><li>Engenheiro Agr\u00f4nomo: 1<\/li><li>Engenheiro Civil: 10<\/li><li>Engenheiro Eletricista: 1<\/li><li>Farmac\u00eautico: 5<\/li><li>Fisioterapeuta: 4<\/li><li>Fonoaudi\u00f3logo: 3<\/li><li>Jornalista: 1<\/li><li>M\u00e9dico da Fam\u00edlia e Comunidade: 35<\/li><li>M\u00e9dico do Trabalho: 1<\/li><li>M\u00e9dico Ginecologista: 7<\/li><li>M\u00e9dico Infectologista: 1<\/li><li>M\u00e9dico Neurologista: 1<\/li><li>M\u00e9dico Oncologista: 2<\/li><li>M\u00e9dico Ortopedista: 3<\/li><li>M\u00e9dico Pediatra: 6<\/li><li>M\u00e9dico Plantonista Cl\u00ednico: 20<\/li><li>M\u00e9dico Plantonista Pediatra: 15 <\/li><li>M\u00e9dico Veterin\u00e1rio: 2<\/li><li>Nutricionista: 4<\/li><li>Terapeuta Ocupacional: 2<\/li><\/ul>\n\n\n\n<p class=\"has-background has-very-light-gray-background-color\"><strong>N\u00cdVEL M\u00c9DIO<\/strong><\/p>\n\n\n\n<ul class=\"wp-block-list\"><li>Agente Administrativo: 156 <\/li><li>Auxiliar de Sa\u00fade Bucal: 7<\/li><li>T\u00e9cnico de Ilumina\u00e7\u00e3o: 3<\/li><li>T\u00e9cnico de Seguran\u00e7a do Trabalho: 1<\/li><li>T\u00e9cnico de Som: 3<\/li><li>T\u00e9cnico em Enfermagem: 22<\/li><li>T\u00e9cnico em Farm\u00e1cia: 5<\/li><li>T\u00e9cnico em Patologia Cl\u00ednica: 07<\/li><li>T\u00e9cnico em Radiologia: 3<\/li><li>Agente Comunit\u00e1rio de Sa\u00fade: 20<\/li><li>Agente de Combate \u00e0s Endemias: 25<\/li><\/ul>\n\n\n\n<p>Gostou dessa oportunidade e quer saber mais sobre os cargos, comiss\u00f5es, remunera\u00e7\u00f5es e \u00faltimos editas? Acesse a mat\u00e9ria completa:<\/p>\n\n\n\n<p class=\"has-background has-medium-font-size has-luminous-vivid-amber-background-color\"><strong>Saiba mais sobre o <a href=\"https:\/\/www.estrategiaconcursos.com.br\/blog\/concurso-rio-preto\/\">Concurso de S\u00e3o Jos\u00e9 do Rio Preto<\/a><\/strong> e <a href=\"https:\/\/www.estrategiaconcursos.com.br\/blog\/concurso-iss-rio-preto\/\">ISS Rio Preto<\/a><\/p>\n\n\n\n<h3 class=\"wp-block-heading\" style=\"text-align:center\" id=\"cursos-assinatura\"><br \/><strong><em>Quer estudar para o Concurso Rio Preto?<\/em><\/strong><\/h3>\n\n\n\n<p style=\"text-align:center\"><em><strong>Gostou desta oportunidade e deseja come\u00e7ar se preparar agora mesmo? Ent\u00e3o, confira os nossos cursos e comece a estudar:<\/strong><\/em><\/p>\n\n\n\n<p style=\"font-size:25px;text-align:center\" class=\"has-background has-light-green-cyan-background-color\"><strong><a href=\"https:\/\/www.estrategiaconcursos.com.br\/cursosPorConcurso\/prefeitura-de-sao-jose-do-rio-preto\/\" target=\"_blank\" rel=\"noreferrer noopener\" aria-label=\"CURSO RIO PRETO (abre numa nova aba)\">CURSO<\/a><\/strong><a href=\"https:\/\/www.estrategiaconcursos.com.br\/cursosPorConcurso\/prefeitura-de-sao-jose-do-rio-preto\/\" target=\"_blank\" rel=\"noreferrer noopener\" aria-label=\"CURSO RIO PRETO (abre numa nova aba)\"> <\/a><strong><a href=\"https:\/\/www.estrategiaconcursos.com.br\/cursosPorConcurso\/prefeitura-de-sao-jose-do-rio-preto\/\" target=\"_blank\" rel=\"noreferrer noopener\" aria-label=\"CURSO RIO PRETO (abre numa nova aba)\">RIO PRETO<\/a><\/strong><\/p>\n\n\n\n<p style=\"text-align:center\" class=\"has-medium-font-size\"><em><strong>Assinatura Anual Ilimitada*<\/strong><\/em><\/p>\n\n\n\n<p style=\"text-align:center\"><em>Prepare-se com o melhor material e com quem mais aprova em Concursos P\u00fablicos em todo o pa\u00eds. Assine agora a nossa Assinatura Anual e tenha acesso ilimitado* a todos os nossos cursos.<\/em><\/p>\n\n\n\n<p style=\"font-size:22px;text-align:center\" class=\"has-background has-luminous-vivid-amber-background-color\"><strong>ASSINE AGORA<\/strong>&nbsp;\u2013&nbsp;<strong><a rel=\"noreferrer noopener\" aria-label=\"Assinatura Ilimitada (abre numa nova aba)\" href=\"https:\/\/www.estrategiaconcursos.com.br\/assinaturas\" target=\"_blank\">Assinatura Ilimitada<\/a><\/strong><\/p>\n","protected":false},"excerpt":{"rendered":"<p>RioPretoPrev confirma edital em agosto com vagas imediatas e cadastro reserva A Prefeitura de S\u00e3o Jos\u00e9 de Rio Preto, munic\u00edpio de S\u00e3o Paulo, est\u00e1 a todo vapor para a publica\u00e7\u00e3o, ainda em agosto, de 05 editais organizados pela Funda\u00e7\u00e3o Carlos Chagas &#8211; FCC. Todas as comiss\u00f5es j\u00e1 foram definidas, sendo a \u00faltima a comiss\u00e3o respons\u00e1vel [&hellip;]<\/p>\n","protected":false},"author":260,"featured_media":400043,"comment_status":"open","ping_status":"closed","sticky":false,"template":"","format":"standard","meta":{"post_tipo":"article","footnotes":""},"categories":[1],"tags":[],"tax_estado":[],"class_list":["post-403569","post","type-post","status-publish","format-standard","has-post-thumbnail","hentry","category-cursos-e-concursos"],"acf":[],"yoast_head":"<!-- This site is optimized with the Yoast SEO Premium plugin v27.2 (Yoast SEO v27.2) - https:\/\/yoast.com\/product\/yoast-seo-premium-wordpress\/ -->\n<title>Concurso Rio Preto SP: Editais em agosto; novas vagas previstas<\/title>\n<meta name=\"robots\" content=\"index, follow, max-snippet:-1, max-image-preview:large, max-video-preview:-1\" \/>\n<link rel=\"canonical\" href=\"https:\/\/www.estrategiaconcursos.com.br\/blog\/concurso-rio-preto-sp-editais-em-agosto-novas-vagas-previstas\/\" \/>\n<meta property=\"og:locale\" content=\"pt_BR\" \/>\n<meta property=\"og:type\" content=\"article\" \/>\n<meta property=\"og:title\" content=\"Concurso Rio Preto SP: Editais em agosto; novas vagas previstas\" \/>\n<meta property=\"og:description\" content=\"RioPretoPrev confirma edital em agosto com vagas imediatas e cadastro reserva A Prefeitura de S\u00e3o Jos\u00e9 de Rio Preto, munic\u00edpio de S\u00e3o Paulo, est\u00e1 a todo vapor para a publica\u00e7\u00e3o, ainda em agosto, de 05 editais organizados pela Funda\u00e7\u00e3o Carlos Chagas &#8211; FCC. Todas as comiss\u00f5es j\u00e1 foram definidas, sendo a \u00faltima a comiss\u00e3o respons\u00e1vel [&hellip;]\" \/>\n<meta property=\"og:url\" content=\"https:\/\/www.estrategiaconcursos.com.br\/blog\/concurso-rio-preto-sp-editais-em-agosto-novas-vagas-previstas\/\" \/>\n<meta property=\"og:site_name\" content=\"Estrat\u00e9gia Concursos\" \/>\n<meta property=\"article:published_time\" content=\"2019-07-29T16:05:36+00:00\" \/>\n<meta property=\"article:modified_time\" content=\"2019-07-29T16:09:01+00:00\" \/>\n<meta property=\"og:image\" content=\"https:\/\/dhg1h5j42swfq.cloudfront.net\/2019\/07\/18070722\/CONCURSO-PREFEITURA-DE-RIO-PRETO.png\" \/>\n\t<meta property=\"og:image:width\" content=\"400\" \/>\n\t<meta property=\"og:image:height\" content=\"209\" \/>\n\t<meta property=\"og:image:type\" content=\"image\/png\" \/>\n<meta name=\"author\" content=\"Diego Cerqueira Berbert Vasconcelos\" \/>\n<meta name=\"twitter:card\" content=\"summary_large_image\" \/>\n<meta name=\"twitter:creator\" content=\"@EstratConcursos\" \/>\n<meta name=\"twitter:site\" content=\"@EstratConcursos\" \/>\n<meta name=\"twitter:label1\" content=\"Escrito por\" \/>\n\t<meta name=\"twitter:data1\" content=\"Diego Cerqueira Berbert Vasconcelos\" \/>\n\t<meta name=\"twitter:label2\" content=\"Est. tempo de leitura\" \/>\n\t<meta name=\"twitter:data2\" content=\"3 minutos\" \/>\n<script type=\"application\/ld+json\" class=\"yoast-schema-graph\">{\"@context\":\"https:\/\/schema.org\",\"@graph\":[{\"@type\":\"NewsArticle\",\"@id\":\"https:\/\/www.estrategiaconcursos.com.br\/blog\/concurso-rio-preto-sp-editais-em-agosto-novas-vagas-previstas\/#article\",\"isPartOf\":{\"@id\":\"https:\/\/www.estrategiaconcursos.com.br\/blog\/concurso-rio-preto-sp-editais-em-agosto-novas-vagas-previstas\/\"},\"author\":{\"name\":\"Diego Cerqueira Berbert Vasconcelos\",\"@id\":\"https:\/\/www.estrategiaconcursos.com.br\/blog\/#\/schema\/person\/7fbf898fd336f5ce58a961518beff68c\"},\"headline\":\"Concurso Rio Preto SP: Editais em agosto; novas vagas previstas\",\"datePublished\":\"2019-07-29T16:05:36+00:00\",\"dateModified\":\"2019-07-29T16:09:01+00:00\",\"mainEntityOfPage\":{\"@id\":\"https:\/\/www.estrategiaconcursos.com.br\/blog\/concurso-rio-preto-sp-editais-em-agosto-novas-vagas-previstas\/\"},\"wordCount\":570,\"commentCount\":0,\"publisher\":{\"@id\":\"https:\/\/www.estrategiaconcursos.com.br\/blog\/#organization\"},\"image\":{\"@id\":\"https:\/\/www.estrategiaconcursos.com.br\/blog\/concurso-rio-preto-sp-editais-em-agosto-novas-vagas-previstas\/#primaryimage\"},\"thumbnailUrl\":\"https:\/\/dhg1h5j42swfq.cloudfront.net\/2019\/07\/18070722\/CONCURSO-PREFEITURA-DE-RIO-PRETO.png\",\"articleSection\":[\"Concursos P\u00fablicos\"],\"inLanguage\":\"pt-BR\",\"potentialAction\":[{\"@type\":\"CommentAction\",\"name\":\"Comment\",\"target\":[\"https:\/\/www.estrategiaconcursos.com.br\/blog\/concurso-rio-preto-sp-editais-em-agosto-novas-vagas-previstas\/#respond\"]}],\"copyrightYear\":\"2019\",\"copyrightHolder\":{\"@id\":\"https:\/\/www.estrategiaconcursos.com.br\/blog\/#organization\"}},{\"@type\":\"WebPage\",\"@id\":\"https:\/\/www.estrategiaconcursos.com.br\/blog\/concurso-rio-preto-sp-editais-em-agosto-novas-vagas-previstas\/\",\"url\":\"https:\/\/www.estrategiaconcursos.com.br\/blog\/concurso-rio-preto-sp-editais-em-agosto-novas-vagas-previstas\/\",\"name\":\"Concurso Rio Preto SP: Editais em agosto; novas vagas previstas\",\"isPartOf\":{\"@id\":\"https:\/\/www.estrategiaconcursos.com.br\/blog\/#website\"},\"primaryImageOfPage\":{\"@id\":\"https:\/\/www.estrategiaconcursos.com.br\/blog\/concurso-rio-preto-sp-editais-em-agosto-novas-vagas-previstas\/#primaryimage\"},\"image\":{\"@id\":\"https:\/\/www.estrategiaconcursos.com.br\/blog\/concurso-rio-preto-sp-editais-em-agosto-novas-vagas-previstas\/#primaryimage\"},\"thumbnailUrl\":\"https:\/\/dhg1h5j42swfq.cloudfront.net\/2019\/07\/18070722\/CONCURSO-PREFEITURA-DE-RIO-PRETO.png\",\"datePublished\":\"2019-07-29T16:05:36+00:00\",\"dateModified\":\"2019-07-29T16:09:01+00:00\",\"breadcrumb\":{\"@id\":\"https:\/\/www.estrategiaconcursos.com.br\/blog\/concurso-rio-preto-sp-editais-em-agosto-novas-vagas-previstas\/#breadcrumb\"},\"inLanguage\":\"pt-BR\",\"potentialAction\":[{\"@type\":\"ReadAction\",\"target\":[\"https:\/\/www.estrategiaconcursos.com.br\/blog\/concurso-rio-preto-sp-editais-em-agosto-novas-vagas-previstas\/\"]}]},{\"@type\":\"ImageObject\",\"inLanguage\":\"pt-BR\",\"@id\":\"https:\/\/www.estrategiaconcursos.com.br\/blog\/concurso-rio-preto-sp-editais-em-agosto-novas-vagas-previstas\/#primaryimage\",\"url\":\"https:\/\/dhg1h5j42swfq.cloudfront.net\/2019\/07\/18070722\/CONCURSO-PREFEITURA-DE-RIO-PRETO.png\",\"contentUrl\":\"https:\/\/dhg1h5j42swfq.cloudfront.net\/2019\/07\/18070722\/CONCURSO-PREFEITURA-DE-RIO-PRETO.png\",\"width\":400,\"height\":209,\"caption\":\"CONCURSO RIO PRETO SP\"},{\"@type\":\"BreadcrumbList\",\"@id\":\"https:\/\/www.estrategiaconcursos.com.br\/blog\/concurso-rio-preto-sp-editais-em-agosto-novas-vagas-previstas\/#breadcrumb\",\"itemListElement\":[{\"@type\":\"ListItem\",\"position\":1,\"name\":\"In\u00edcio\",\"item\":\"https:\/\/www.estrategiaconcursos.com.br\/blog\/\"},{\"@type\":\"ListItem\",\"position\":2,\"name\":\"Concurso Rio Preto SP: Editais em agosto; novas vagas previstas\"}]},{\"@type\":\"WebSite\",\"@id\":\"https:\/\/www.estrategiaconcursos.com.br\/blog\/#website\",\"url\":\"https:\/\/www.estrategiaconcursos.com.br\/blog\/\",\"name\":\"Estrat\u00e9gia Concursos\",\"description\":\"O blog da Estrat\u00e9gia Concursos traz not\u00edcias sobre concursos e artigos de professores oferecendo cursos para concursos (pdf + videaulas) no site.\",\"publisher\":{\"@id\":\"https:\/\/www.estrategiaconcursos.com.br\/blog\/#organization\"},\"potentialAction\":[{\"@type\":\"SearchAction\",\"target\":{\"@type\":\"EntryPoint\",\"urlTemplate\":\"https:\/\/www.estrategiaconcursos.com.br\/blog\/?s={search_term_string}\"},\"query-input\":{\"@type\":\"PropertyValueSpecification\",\"valueRequired\":true,\"valueName\":\"search_term_string\"}}],\"inLanguage\":\"pt-BR\"},{\"@type\":\"Organization\",\"@id\":\"https:\/\/www.estrategiaconcursos.com.br\/blog\/#organization\",\"name\":\"Estrat\u00e9gia Concursos\",\"url\":\"https:\/\/www.estrategiaconcursos.com.br\/blog\/\",\"logo\":{\"@type\":\"ImageObject\",\"inLanguage\":\"pt-BR\",\"@id\":\"https:\/\/www.estrategiaconcursos.com.br\/blog\/#\/schema\/logo\/image\/\",\"url\":\"https:\/\/dhg1h5j42swfq.cloudfront.net\/2025\/06\/03203428\/logo_concursos-1.jpg\",\"contentUrl\":\"https:\/\/dhg1h5j42swfq.cloudfront.net\/2025\/06\/03203428\/logo_concursos-1.jpg\",\"width\":230,\"height\":60,\"caption\":\"Estrat\u00e9gia Concursos\"},\"image\":{\"@id\":\"https:\/\/www.estrategiaconcursos.com.br\/blog\/#\/schema\/logo\/image\/\"},\"sameAs\":[\"https:\/\/x.com\/EstratConcursos\"]},{\"@type\":\"Person\",\"@id\":\"https:\/\/www.estrategiaconcursos.com.br\/blog\/#\/schema\/person\/7fbf898fd336f5ce58a961518beff68c\",\"name\":\"Diego Cerqueira Berbert Vasconcelos\",\"image\":{\"@type\":\"ImageObject\",\"inLanguage\":\"pt-BR\",\"@id\":\"https:\/\/secure.gravatar.com\/avatar\/ed2d045a7390980cad1a92d24dcc39d10ef55b88fcb9fb9c047979bf4ddeb1ce?s=96&d=mm&r=g\",\"url\":\"https:\/\/secure.gravatar.com\/avatar\/ed2d045a7390980cad1a92d24dcc39d10ef55b88fcb9fb9c047979bf4ddeb1ce?s=96&d=mm&r=g\",\"contentUrl\":\"https:\/\/secure.gravatar.com\/avatar\/ed2d045a7390980cad1a92d24dcc39d10ef55b88fcb9fb9c047979bf4ddeb1ce?s=96&d=mm&r=g\",\"caption\":\"Diego Cerqueira Berbert Vasconcelos\"},\"url\":\"https:\/\/www.estrategiaconcursos.com.br\/blog\/author\/diegocerqueiraestrategiaconcursos-com-br\/\"}]}<\/script>\n<!-- \/ Yoast SEO Premium plugin. -->","yoast_head_json":{"title":"Concurso Rio Preto SP: Editais em agosto; novas vagas previstas","robots":{"index":"index","follow":"follow","max-snippet":"max-snippet:-1","max-image-preview":"max-image-preview:large","max-video-preview":"max-video-preview:-1"},"canonical":"https:\/\/www.estrategiaconcursos.com.br\/blog\/concurso-rio-preto-sp-editais-em-agosto-novas-vagas-previstas\/","og_locale":"pt_BR","og_type":"article","og_title":"Concurso Rio Preto SP: Editais em agosto; novas vagas previstas","og_description":"RioPretoPrev confirma edital em agosto com vagas imediatas e cadastro reserva A Prefeitura de S\u00e3o Jos\u00e9 de Rio Preto, munic\u00edpio de S\u00e3o Paulo, est\u00e1 a todo vapor para a publica\u00e7\u00e3o, ainda em agosto, de 05 editais organizados pela Funda\u00e7\u00e3o Carlos Chagas &#8211; FCC. Todas as comiss\u00f5es j\u00e1 foram definidas, sendo a \u00faltima a comiss\u00e3o respons\u00e1vel [&hellip;]","og_url":"https:\/\/www.estrategiaconcursos.com.br\/blog\/concurso-rio-preto-sp-editais-em-agosto-novas-vagas-previstas\/","og_site_name":"Estrat\u00e9gia Concursos","article_published_time":"2019-07-29T16:05:36+00:00","article_modified_time":"2019-07-29T16:09:01+00:00","og_image":[{"width":400,"height":209,"url":"https:\/\/dhg1h5j42swfq.cloudfront.net\/2019\/07\/18070722\/CONCURSO-PREFEITURA-DE-RIO-PRETO.png","type":"image\/png"}],"author":"Diego Cerqueira Berbert Vasconcelos","twitter_card":"summary_large_image","twitter_creator":"@EstratConcursos","twitter_site":"@EstratConcursos","twitter_misc":{"Escrito por":"Diego Cerqueira Berbert Vasconcelos","Est. tempo de leitura":"3 minutos"},"schema":{"@context":"https:\/\/schema.org","@graph":[{"@type":"NewsArticle","@id":"https:\/\/www.estrategiaconcursos.com.br\/blog\/concurso-rio-preto-sp-editais-em-agosto-novas-vagas-previstas\/#article","isPartOf":{"@id":"https:\/\/www.estrategiaconcursos.com.br\/blog\/concurso-rio-preto-sp-editais-em-agosto-novas-vagas-previstas\/"},"author":{"name":"Diego Cerqueira Berbert Vasconcelos","@id":"https:\/\/www.estrategiaconcursos.com.br\/blog\/#\/schema\/person\/7fbf898fd336f5ce58a961518beff68c"},"headline":"Concurso Rio Preto SP: Editais em agosto; novas vagas previstas","datePublished":"2019-07-29T16:05:36+00:00","dateModified":"2019-07-29T16:09:01+00:00","mainEntityOfPage":{"@id":"https:\/\/www.estrategiaconcursos.com.br\/blog\/concurso-rio-preto-sp-editais-em-agosto-novas-vagas-previstas\/"},"wordCount":570,"commentCount":0,"publisher":{"@id":"https:\/\/www.estrategiaconcursos.com.br\/blog\/#organization"},"image":{"@id":"https:\/\/www.estrategiaconcursos.com.br\/blog\/concurso-rio-preto-sp-editais-em-agosto-novas-vagas-previstas\/#primaryimage"},"thumbnailUrl":"https:\/\/dhg1h5j42swfq.cloudfront.net\/2019\/07\/18070722\/CONCURSO-PREFEITURA-DE-RIO-PRETO.png","articleSection":["Concursos P\u00fablicos"],"inLanguage":"pt-BR","potentialAction":[{"@type":"CommentAction","name":"Comment","target":["https:\/\/www.estrategiaconcursos.com.br\/blog\/concurso-rio-preto-sp-editais-em-agosto-novas-vagas-previstas\/#respond"]}],"copyrightYear":"2019","copyrightHolder":{"@id":"https:\/\/www.estrategiaconcursos.com.br\/blog\/#organization"}},{"@type":"WebPage","@id":"https:\/\/www.estrategiaconcursos.com.br\/blog\/concurso-rio-preto-sp-editais-em-agosto-novas-vagas-previstas\/","url":"https:\/\/www.estrategiaconcursos.com.br\/blog\/concurso-rio-preto-sp-editais-em-agosto-novas-vagas-previstas\/","name":"Concurso Rio Preto SP: Editais em agosto; novas vagas previstas","isPartOf":{"@id":"https:\/\/www.estrategiaconcursos.com.br\/blog\/#website"},"primaryImageOfPage":{"@id":"https:\/\/www.estrategiaconcursos.com.br\/blog\/concurso-rio-preto-sp-editais-em-agosto-novas-vagas-previstas\/#primaryimage"},"image":{"@id":"https:\/\/www.estrategiaconcursos.com.br\/blog\/concurso-rio-preto-sp-editais-em-agosto-novas-vagas-previstas\/#primaryimage"},"thumbnailUrl":"https:\/\/dhg1h5j42swfq.cloudfront.net\/2019\/07\/18070722\/CONCURSO-PREFEITURA-DE-RIO-PRETO.png","datePublished":"2019-07-29T16:05:36+00:00","dateModified":"2019-07-29T16:09:01+00:00","breadcrumb":{"@id":"https:\/\/www.estrategiaconcursos.com.br\/blog\/concurso-rio-preto-sp-editais-em-agosto-novas-vagas-previstas\/#breadcrumb"},"inLanguage":"pt-BR","potentialAction":[{"@type":"ReadAction","target":["https:\/\/www.estrategiaconcursos.com.br\/blog\/concurso-rio-preto-sp-editais-em-agosto-novas-vagas-previstas\/"]}]},{"@type":"ImageObject","inLanguage":"pt-BR","@id":"https:\/\/www.estrategiaconcursos.com.br\/blog\/concurso-rio-preto-sp-editais-em-agosto-novas-vagas-previstas\/#primaryimage","url":"https:\/\/dhg1h5j42swfq.cloudfront.net\/2019\/07\/18070722\/CONCURSO-PREFEITURA-DE-RIO-PRETO.png","contentUrl":"https:\/\/dhg1h5j42swfq.cloudfront.net\/2019\/07\/18070722\/CONCURSO-PREFEITURA-DE-RIO-PRETO.png","width":400,"height":209,"caption":"CONCURSO RIO PRETO SP"},{"@type":"BreadcrumbList","@id":"https:\/\/www.estrategiaconcursos.com.br\/blog\/concurso-rio-preto-sp-editais-em-agosto-novas-vagas-previstas\/#breadcrumb","itemListElement":[{"@type":"ListItem","position":1,"name":"In\u00edcio","item":"https:\/\/www.estrategiaconcursos.com.br\/blog\/"},{"@type":"ListItem","position":2,"name":"Concurso Rio Preto SP: Editais em agosto; novas vagas previstas"}]},{"@type":"WebSite","@id":"https:\/\/www.estrategiaconcursos.com.br\/blog\/#website","url":"https:\/\/www.estrategiaconcursos.com.br\/blog\/","name":"Estrat\u00e9gia Concursos","description":"O blog da Estrat\u00e9gia Concursos traz not\u00edcias sobre concursos e artigos de professores oferecendo cursos para concursos (pdf + videaulas) no site.","publisher":{"@id":"https:\/\/www.estrategiaconcursos.com.br\/blog\/#organization"},"potentialAction":[{"@type":"SearchAction","target":{"@type":"EntryPoint","urlTemplate":"https:\/\/www.estrategiaconcursos.com.br\/blog\/?s={search_term_string}"},"query-input":{"@type":"PropertyValueSpecification","valueRequired":true,"valueName":"search_term_string"}}],"inLanguage":"pt-BR"},{"@type":"Organization","@id":"https:\/\/www.estrategiaconcursos.com.br\/blog\/#organization","name":"Estrat\u00e9gia Concursos","url":"https:\/\/www.estrategiaconcursos.com.br\/blog\/","logo":{"@type":"ImageObject","inLanguage":"pt-BR","@id":"https:\/\/www.estrategiaconcursos.com.br\/blog\/#\/schema\/logo\/image\/","url":"https:\/\/dhg1h5j42swfq.cloudfront.net\/2025\/06\/03203428\/logo_concursos-1.jpg","contentUrl":"https:\/\/dhg1h5j42swfq.cloudfront.net\/2025\/06\/03203428\/logo_concursos-1.jpg","width":230,"height":60,"caption":"Estrat\u00e9gia Concursos"},"image":{"@id":"https:\/\/www.estrategiaconcursos.com.br\/blog\/#\/schema\/logo\/image\/"},"sameAs":["https:\/\/x.com\/EstratConcursos"]},{"@type":"Person","@id":"https:\/\/www.estrategiaconcursos.com.br\/blog\/#\/schema\/person\/7fbf898fd336f5ce58a961518beff68c","name":"Diego Cerqueira Berbert Vasconcelos","image":{"@type":"ImageObject","inLanguage":"pt-BR","@id":"https:\/\/secure.gravatar.com\/avatar\/ed2d045a7390980cad1a92d24dcc39d10ef55b88fcb9fb9c047979bf4ddeb1ce?s=96&d=mm&r=g","url":"https:\/\/secure.gravatar.com\/avatar\/ed2d045a7390980cad1a92d24dcc39d10ef55b88fcb9fb9c047979bf4ddeb1ce?s=96&d=mm&r=g","contentUrl":"https:\/\/secure.gravatar.com\/avatar\/ed2d045a7390980cad1a92d24dcc39d10ef55b88fcb9fb9c047979bf4ddeb1ce?s=96&d=mm&r=g","caption":"Diego Cerqueira Berbert Vasconcelos"},"url":"https:\/\/www.estrategiaconcursos.com.br\/blog\/author\/diegocerqueiraestrategiaconcursos-com-br\/"}]}},"_links":{"self":[{"href":"https:\/\/www.estrategiaconcursos.com.br\/blog\/wp-json\/wp\/v2\/posts\/403569","targetHints":{"allow":["GET"]}}],"collection":[{"href":"https:\/\/www.estrategiaconcursos.com.br\/blog\/wp-json\/wp\/v2\/posts"}],"about":[{"href":"https:\/\/www.estrategiaconcursos.com.br\/blog\/wp-json\/wp\/v2\/types\/post"}],"author":[{"embeddable":true,"href":"https:\/\/www.estrategiaconcursos.com.br\/blog\/wp-json\/wp\/v2\/users\/260"}],"replies":[{"embeddable":true,"href":"https:\/\/www.estrategiaconcursos.com.br\/blog\/wp-json\/wp\/v2\/comments?post=403569"}],"version-history":[{"count":2,"href":"https:\/\/www.estrategiaconcursos.com.br\/blog\/wp-json\/wp\/v2\/posts\/403569\/revisions"}],"predecessor-version":[{"id":403586,"href":"https:\/\/www.estrategiaconcursos.com.br\/blog\/wp-json\/wp\/v2\/posts\/403569\/revisions\/403586"}],"wp:featuredmedia":[{"embeddable":true,"href":"https:\/\/www.estrategiaconcursos.com.br\/blog\/wp-json\/wp\/v2\/media\/400043"}],"wp:attachment":[{"href":"https:\/\/www.estrategiaconcursos.com.br\/blog\/wp-json\/wp\/v2\/media?parent=403569"}],"wp:term":[{"taxonomy":"category","embeddable":true,"href":"https:\/\/www.estrategiaconcursos.com.br\/blog\/wp-json\/wp\/v2\/categories?post=403569"},{"taxonomy":"post_tag","embeddable":true,"href":"https:\/\/www.estrategiaconcursos.com.br\/blog\/wp-json\/wp\/v2\/tags?post=403569"},{"taxonomy":"tax_estado","embeddable":true,"href":"https:\/\/www.estrategiaconcursos.com.br\/blog\/wp-json\/wp\/v2\/tax_estado?post=403569"}],"curies":[{"name":"wp","href":"https:\/\/api.w.org\/{rel}","templated":true}]}}