{"id":403503,"date":"2019-07-29T11:49:18","date_gmt":"2019-07-29T14:49:18","guid":{"rendered":"https:\/\/www.estrategiaconcursos.com.br\/blog\/?p=403503"},"modified":"2019-07-29T15:02:34","modified_gmt":"2019-07-29T18:02:34","slug":"concurso-ufpe-2019-novas-retificacoes","status":"publish","type":"post","link":"https:\/\/www.estrategiaconcursos.com.br\/blog\/concurso-ufpe-2019-novas-retificacoes\/","title":{"rendered":"Concurso UFPE: novas retifica\u00e7\u00f5es sobre o edital s\u00e3o publicadas"},"content":{"rendered":"\n<p>A Universidade Federal de Pernambuco retificou nesta segunda-feira, 29 de julho, o edital do seu novo concurso para o provimento de diversos cargos publicado inicialmente em agosto de 2018. <\/p>\n\n\n\n<p>Entre as retifica\u00e7\u00f5es est\u00e3o as datas de inscri\u00e7\u00e3o, solicita\u00e7\u00e3o de isen\u00e7\u00e3o, data de prova, divulga\u00e7\u00e3o de gabarito, resultado da veracidade da autodeclara\u00e7\u00e3o dos candidatos negros, data da homologa\u00e7\u00e3o entre outras.<\/p>\n\n\n\n<p>As inscri\u00e7\u00f5es que antes come\u00e7avam dia 30 de julho e iam at\u00e9 22 de agosto, agora s\u00f3 v\u00e3o at\u00e9 <strong>22 de agosto<\/strong>. A solicita\u00e7\u00e3o de isen\u00e7\u00e3o na taxa tamb\u00e9m teve sua data alterada, antes ia at\u00e9 2 de agosto, agora vai at\u00e9 15 de agosto.<\/p>\n\n\n\n<p>A data de aplica\u00e7\u00e3o da prova os resultados finais n\u00e3o tiveram modifica\u00e7\u00f5es, a prova continuar\u00e1 para o <strong>24 de outubro<\/strong>,o e os resultados finais ser\u00e3o disponibilizados <strong>24 de janeiro<\/strong>.<\/p>\n\n\n\n<p>No total, o certame oferece <strong>200 vagas<\/strong> para N\u00edvel M\u00e9dio, N\u00edvel M\u00e9dio\/T\u00e9cnico e N\u00edvel Superior. A remunera\u00e7\u00e3o inicial para os cargos de N\u00edvel M\u00e9dio e M\u00e9dio\/T\u00e9cnico \u00e9 de  <strong>R$ 1.945,07<\/strong> e para os de N\u00edvel Superior \u00e9 de <strong>R$ 4.180,66 <\/strong><\/p>\n\n\n\n<p>J\u00e1 o valor da taxa de inscri\u00e7\u00e3o foi fixado em <strong>R$ 78,00<\/strong> para os cargos de N\u00edvel M\u00e9dio e M\u00e9dio\/T\u00e9cnico e <strong>R$ 125,00<\/strong> para os cargos de N\u00edvel Superior. As vagas contemplam os&nbsp;<em>campi<\/em>&nbsp;de Recife, Vit\u00f3ria de Santo Ant\u00e3o e Caruaru. <\/p>\n\n\n\n<p>Veja abaixo documento com o cronograma completo das retifica\u00e7\u00f5es do concurso da Universidade Federal de Pernambuco:<\/p>\n\n\n\n<div class=\"wp-block-image\"><figure class=\"aligncenter\"><img loading=\"lazy\" decoding=\"async\" width=\"951\" height=\"463\" src=\"https:\/\/dhg1h5j42swfq.cloudfront.net\/2019\/07\/29113858\/ufpe.png\" alt=\"\" class=\"wp-image-403524\" srcset=\"https:\/\/dhg1h5j42swfq.cloudfront.net\/2019\/07\/29113858\/ufpe.png 951w, https:\/\/dhg1h5j42swfq.cloudfront.net\/2019\/07\/29113858\/ufpe.png 300w, https:\/\/dhg1h5j42swfq.cloudfront.net\/2019\/07\/29113858\/ufpe.png 768w, https:\/\/dhg1h5j42swfq.cloudfront.net\/2019\/07\/29113858\/ufpe.png 610w\" sizes=\"auto, (max-width: 951px) 100vw, 951px\" \/><\/figure><\/div>\n\n\n\n<p style=\"text-align:center\">Saiba mais informa\u00e7\u00f5es sobre o concurso da Universidade Federal de Pernambuco:<\/p>\n\n\n\n<p style=\"font-size:25px;text-align:center\" class=\"has-background has-very-light-gray-background-color\"><strong>Saiba mais: <\/strong><a rel=\"noreferrer noopener\" aria-label=\"UFPE  (abre numa nova aba)\" href=\"https:\/\/www.estrategiaconcursos.com.br\/blog\/edital-ufpe-2019\/\" target=\"_blank\"><strong>UFPE <\/strong><\/a><\/p>\n\n\n\n<p style=\"font-size:25px;text-align:center\" class=\"has-background has-light-green-cyan-background-color\"><strong><a rel=\"noreferrer noopener\" href=\"https:\/\/www.estrategiaconcursos.com.br\/cursosPorConcurso\/ufpe-universidade-federal-de-pernambuco\/\" target=\"_blank\">CURSO UFPE<\/a><\/strong><\/p>\n\n\n\n<p style=\"text-align:center\"><em><strong>Assinatura Anual Ilimitada*<\/strong><\/em><\/p>\n\n\n\n<p style=\"text-align:center\"><em>Prepare-se com o melhor material e com quem mais aprova em Concursos P\u00fablicos em todo o pa\u00eds. Assine agora a nossa Assinatura Anual e tenha acesso ilimitado a todos os nossos cursos.<\/em><\/p>\n\n\n\n<p style=\"font-size:25px;text-align:center\" class=\"has-background has-luminous-vivid-amber-background-color\"><strong>ASSINE AGORA<\/strong>&nbsp;\u2013&nbsp;<a rel=\"noreferrer noopener\" href=\"https:\/\/www.estrategiaconcursos.com.br\/assinaturas\" target=\"_blank\">Assinatura Ilimitada<\/a><\/p>\n\n\n\n<p><br \/><br \/> <\/p>\n","protected":false},"excerpt":{"rendered":"<p>A Universidade Federal de Pernambuco retificou nesta segunda-feira, 29 de julho, o edital do seu novo concurso para o provimento de diversos cargos publicado inicialmente em agosto de 2018. Entre as retifica\u00e7\u00f5es est\u00e3o as datas de inscri\u00e7\u00e3o, solicita\u00e7\u00e3o de isen\u00e7\u00e3o, data de prova, divulga\u00e7\u00e3o de gabarito, resultado da veracidade da autodeclara\u00e7\u00e3o dos candidatos negros, data [&hellip;]<\/p>\n","protected":false},"author":260,"featured_media":371990,"comment_status":"open","ping_status":"closed","sticky":false,"template":"","format":"standard","meta":{"post_tipo":"article","footnotes":""},"categories":[1],"tags":[],"tax_estado":[],"class_list":["post-403503","post","type-post","status-publish","format-standard","has-post-thumbnail","hentry","category-cursos-e-concursos"],"acf":[],"yoast_head":"<!-- This site is optimized with the Yoast SEO Premium plugin v27.2 (Yoast SEO v27.2) - https:\/\/yoast.com\/product\/yoast-seo-premium-wordpress\/ -->\n<title>Concurso UFPE: novas retifica\u00e7\u00f5es sobre o edital s\u00e3o publicadas<\/title>\n<meta name=\"robots\" content=\"index, follow, max-snippet:-1, max-image-preview:large, max-video-preview:-1\" \/>\n<link rel=\"canonical\" href=\"https:\/\/www.estrategiaconcursos.com.br\/blog\/concurso-ufpe-2019-novas-retificacoes\/\" \/>\n<meta property=\"og:locale\" content=\"pt_BR\" \/>\n<meta property=\"og:type\" content=\"article\" \/>\n<meta property=\"og:title\" content=\"Concurso UFPE: novas retifica\u00e7\u00f5es sobre o edital s\u00e3o publicadas\" \/>\n<meta property=\"og:description\" content=\"A Universidade Federal de Pernambuco retificou nesta segunda-feira, 29 de julho, o edital do seu novo concurso para o provimento de diversos cargos publicado inicialmente em agosto de 2018. Entre as retifica\u00e7\u00f5es est\u00e3o as datas de inscri\u00e7\u00e3o, solicita\u00e7\u00e3o de isen\u00e7\u00e3o, data de prova, divulga\u00e7\u00e3o de gabarito, resultado da veracidade da autodeclara\u00e7\u00e3o dos candidatos negros, data [&hellip;]\" \/>\n<meta property=\"og:url\" content=\"https:\/\/www.estrategiaconcursos.com.br\/blog\/concurso-ufpe-2019-novas-retificacoes\/\" \/>\n<meta property=\"og:site_name\" content=\"Estrat\u00e9gia Concursos\" \/>\n<meta property=\"article:published_time\" content=\"2019-07-29T14:49:18+00:00\" \/>\n<meta property=\"article:modified_time\" content=\"2019-07-29T18:02:34+00:00\" \/>\n<meta property=\"og:image\" content=\"https:\/\/dhg1h5j42swfq.cloudfront.net\/2019\/05\/07085134\/UFPE-1.jpeg\" \/>\n\t<meta property=\"og:image:width\" content=\"400\" \/>\n\t<meta property=\"og:image:height\" content=\"209\" \/>\n\t<meta property=\"og:image:type\" content=\"image\/jpeg\" \/>\n<meta name=\"author\" content=\"Diego Cerqueira Berbert Vasconcelos\" \/>\n<meta name=\"twitter:card\" content=\"summary_large_image\" \/>\n<meta name=\"twitter:creator\" content=\"@EstratConcursos\" \/>\n<meta name=\"twitter:site\" content=\"@EstratConcursos\" \/>\n<meta name=\"twitter:label1\" content=\"Escrito por\" \/>\n\t<meta name=\"twitter:data1\" content=\"Diego Cerqueira Berbert Vasconcelos\" \/>\n\t<meta name=\"twitter:label2\" content=\"Est. tempo de leitura\" \/>\n\t<meta name=\"twitter:data2\" content=\"2 minutos\" \/>\n<script type=\"application\/ld+json\" class=\"yoast-schema-graph\">{\"@context\":\"https:\/\/schema.org\",\"@graph\":[{\"@type\":\"NewsArticle\",\"@id\":\"https:\/\/www.estrategiaconcursos.com.br\/blog\/concurso-ufpe-2019-novas-retificacoes\/#article\",\"isPartOf\":{\"@id\":\"https:\/\/www.estrategiaconcursos.com.br\/blog\/concurso-ufpe-2019-novas-retificacoes\/\"},\"author\":{\"name\":\"Diego Cerqueira Berbert Vasconcelos\",\"@id\":\"https:\/\/www.estrategiaconcursos.com.br\/blog\/#\/schema\/person\/7fbf898fd336f5ce58a961518beff68c\"},\"headline\":\"Concurso UFPE: novas retifica\u00e7\u00f5es sobre o edital s\u00e3o publicadas\",\"datePublished\":\"2019-07-29T14:49:18+00:00\",\"dateModified\":\"2019-07-29T18:02:34+00:00\",\"mainEntityOfPage\":{\"@id\":\"https:\/\/www.estrategiaconcursos.com.br\/blog\/concurso-ufpe-2019-novas-retificacoes\/\"},\"wordCount\":331,\"commentCount\":0,\"publisher\":{\"@id\":\"https:\/\/www.estrategiaconcursos.com.br\/blog\/#organization\"},\"image\":{\"@id\":\"https:\/\/www.estrategiaconcursos.com.br\/blog\/concurso-ufpe-2019-novas-retificacoes\/#primaryimage\"},\"thumbnailUrl\":\"https:\/\/dhg1h5j42swfq.cloudfront.net\/2019\/05\/07085134\/UFPE-1.jpeg\",\"articleSection\":[\"Concursos P\u00fablicos\"],\"inLanguage\":\"pt-BR\",\"potentialAction\":[{\"@type\":\"CommentAction\",\"name\":\"Comment\",\"target\":[\"https:\/\/www.estrategiaconcursos.com.br\/blog\/concurso-ufpe-2019-novas-retificacoes\/#respond\"]}],\"copyrightYear\":\"2019\",\"copyrightHolder\":{\"@id\":\"https:\/\/www.estrategiaconcursos.com.br\/blog\/#organization\"}},{\"@type\":\"WebPage\",\"@id\":\"https:\/\/www.estrategiaconcursos.com.br\/blog\/concurso-ufpe-2019-novas-retificacoes\/\",\"url\":\"https:\/\/www.estrategiaconcursos.com.br\/blog\/concurso-ufpe-2019-novas-retificacoes\/\",\"name\":\"Concurso UFPE: novas retifica\u00e7\u00f5es sobre o edital s\u00e3o publicadas\",\"isPartOf\":{\"@id\":\"https:\/\/www.estrategiaconcursos.com.br\/blog\/#website\"},\"primaryImageOfPage\":{\"@id\":\"https:\/\/www.estrategiaconcursos.com.br\/blog\/concurso-ufpe-2019-novas-retificacoes\/#primaryimage\"},\"image\":{\"@id\":\"https:\/\/www.estrategiaconcursos.com.br\/blog\/concurso-ufpe-2019-novas-retificacoes\/#primaryimage\"},\"thumbnailUrl\":\"https:\/\/dhg1h5j42swfq.cloudfront.net\/2019\/05\/07085134\/UFPE-1.jpeg\",\"datePublished\":\"2019-07-29T14:49:18+00:00\",\"dateModified\":\"2019-07-29T18:02:34+00:00\",\"breadcrumb\":{\"@id\":\"https:\/\/www.estrategiaconcursos.com.br\/blog\/concurso-ufpe-2019-novas-retificacoes\/#breadcrumb\"},\"inLanguage\":\"pt-BR\",\"potentialAction\":[{\"@type\":\"ReadAction\",\"target\":[\"https:\/\/www.estrategiaconcursos.com.br\/blog\/concurso-ufpe-2019-novas-retificacoes\/\"]}]},{\"@type\":\"ImageObject\",\"inLanguage\":\"pt-BR\",\"@id\":\"https:\/\/www.estrategiaconcursos.com.br\/blog\/concurso-ufpe-2019-novas-retificacoes\/#primaryimage\",\"url\":\"https:\/\/dhg1h5j42swfq.cloudfront.net\/2019\/05\/07085134\/UFPE-1.jpeg\",\"contentUrl\":\"https:\/\/dhg1h5j42swfq.cloudfront.net\/2019\/05\/07085134\/UFPE-1.jpeg\",\"width\":400,\"height\":209,\"caption\":\"concurso UFPE\"},{\"@type\":\"BreadcrumbList\",\"@id\":\"https:\/\/www.estrategiaconcursos.com.br\/blog\/concurso-ufpe-2019-novas-retificacoes\/#breadcrumb\",\"itemListElement\":[{\"@type\":\"ListItem\",\"position\":1,\"name\":\"In\u00edcio\",\"item\":\"https:\/\/www.estrategiaconcursos.com.br\/blog\/\"},{\"@type\":\"ListItem\",\"position\":2,\"name\":\"Concurso UFPE: novas retifica\u00e7\u00f5es sobre o edital s\u00e3o publicadas\"}]},{\"@type\":\"WebSite\",\"@id\":\"https:\/\/www.estrategiaconcursos.com.br\/blog\/#website\",\"url\":\"https:\/\/www.estrategiaconcursos.com.br\/blog\/\",\"name\":\"Estrat\u00e9gia Concursos\",\"description\":\"O blog da Estrat\u00e9gia Concursos traz not\u00edcias sobre concursos e artigos de professores oferecendo cursos para concursos (pdf + videaulas) no site.\",\"publisher\":{\"@id\":\"https:\/\/www.estrategiaconcursos.com.br\/blog\/#organization\"},\"potentialAction\":[{\"@type\":\"SearchAction\",\"target\":{\"@type\":\"EntryPoint\",\"urlTemplate\":\"https:\/\/www.estrategiaconcursos.com.br\/blog\/?s={search_term_string}\"},\"query-input\":{\"@type\":\"PropertyValueSpecification\",\"valueRequired\":true,\"valueName\":\"search_term_string\"}}],\"inLanguage\":\"pt-BR\"},{\"@type\":\"Organization\",\"@id\":\"https:\/\/www.estrategiaconcursos.com.br\/blog\/#organization\",\"name\":\"Estrat\u00e9gia Concursos\",\"url\":\"https:\/\/www.estrategiaconcursos.com.br\/blog\/\",\"logo\":{\"@type\":\"ImageObject\",\"inLanguage\":\"pt-BR\",\"@id\":\"https:\/\/www.estrategiaconcursos.com.br\/blog\/#\/schema\/logo\/image\/\",\"url\":\"https:\/\/dhg1h5j42swfq.cloudfront.net\/2025\/06\/03203428\/logo_concursos-1.jpg\",\"contentUrl\":\"https:\/\/dhg1h5j42swfq.cloudfront.net\/2025\/06\/03203428\/logo_concursos-1.jpg\",\"width\":230,\"height\":60,\"caption\":\"Estrat\u00e9gia Concursos\"},\"image\":{\"@id\":\"https:\/\/www.estrategiaconcursos.com.br\/blog\/#\/schema\/logo\/image\/\"},\"sameAs\":[\"https:\/\/x.com\/EstratConcursos\"]},{\"@type\":\"Person\",\"@id\":\"https:\/\/www.estrategiaconcursos.com.br\/blog\/#\/schema\/person\/7fbf898fd336f5ce58a961518beff68c\",\"name\":\"Diego Cerqueira Berbert Vasconcelos\",\"image\":{\"@type\":\"ImageObject\",\"inLanguage\":\"pt-BR\",\"@id\":\"https:\/\/secure.gravatar.com\/avatar\/ed2d045a7390980cad1a92d24dcc39d10ef55b88fcb9fb9c047979bf4ddeb1ce?s=96&d=mm&r=g\",\"url\":\"https:\/\/secure.gravatar.com\/avatar\/ed2d045a7390980cad1a92d24dcc39d10ef55b88fcb9fb9c047979bf4ddeb1ce?s=96&d=mm&r=g\",\"contentUrl\":\"https:\/\/secure.gravatar.com\/avatar\/ed2d045a7390980cad1a92d24dcc39d10ef55b88fcb9fb9c047979bf4ddeb1ce?s=96&d=mm&r=g\",\"caption\":\"Diego Cerqueira Berbert Vasconcelos\"},\"url\":\"https:\/\/www.estrategiaconcursos.com.br\/blog\/author\/diegocerqueiraestrategiaconcursos-com-br\/\"}]}<\/script>\n<!-- \/ Yoast SEO Premium plugin. -->","yoast_head_json":{"title":"Concurso UFPE: novas retifica\u00e7\u00f5es sobre o edital s\u00e3o publicadas","robots":{"index":"index","follow":"follow","max-snippet":"max-snippet:-1","max-image-preview":"max-image-preview:large","max-video-preview":"max-video-preview:-1"},"canonical":"https:\/\/www.estrategiaconcursos.com.br\/blog\/concurso-ufpe-2019-novas-retificacoes\/","og_locale":"pt_BR","og_type":"article","og_title":"Concurso UFPE: novas retifica\u00e7\u00f5es sobre o edital s\u00e3o publicadas","og_description":"A Universidade Federal de Pernambuco retificou nesta segunda-feira, 29 de julho, o edital do seu novo concurso para o provimento de diversos cargos publicado inicialmente em agosto de 2018. Entre as retifica\u00e7\u00f5es est\u00e3o as datas de inscri\u00e7\u00e3o, solicita\u00e7\u00e3o de isen\u00e7\u00e3o, data de prova, divulga\u00e7\u00e3o de gabarito, resultado da veracidade da autodeclara\u00e7\u00e3o dos candidatos negros, data [&hellip;]","og_url":"https:\/\/www.estrategiaconcursos.com.br\/blog\/concurso-ufpe-2019-novas-retificacoes\/","og_site_name":"Estrat\u00e9gia Concursos","article_published_time":"2019-07-29T14:49:18+00:00","article_modified_time":"2019-07-29T18:02:34+00:00","og_image":[{"width":400,"height":209,"url":"https:\/\/dhg1h5j42swfq.cloudfront.net\/2019\/05\/07085134\/UFPE-1.jpeg","type":"image\/jpeg"}],"author":"Diego Cerqueira Berbert Vasconcelos","twitter_card":"summary_large_image","twitter_creator":"@EstratConcursos","twitter_site":"@EstratConcursos","twitter_misc":{"Escrito por":"Diego Cerqueira Berbert Vasconcelos","Est. tempo de leitura":"2 minutos"},"schema":{"@context":"https:\/\/schema.org","@graph":[{"@type":"NewsArticle","@id":"https:\/\/www.estrategiaconcursos.com.br\/blog\/concurso-ufpe-2019-novas-retificacoes\/#article","isPartOf":{"@id":"https:\/\/www.estrategiaconcursos.com.br\/blog\/concurso-ufpe-2019-novas-retificacoes\/"},"author":{"name":"Diego Cerqueira Berbert Vasconcelos","@id":"https:\/\/www.estrategiaconcursos.com.br\/blog\/#\/schema\/person\/7fbf898fd336f5ce58a961518beff68c"},"headline":"Concurso UFPE: novas retifica\u00e7\u00f5es sobre o edital s\u00e3o publicadas","datePublished":"2019-07-29T14:49:18+00:00","dateModified":"2019-07-29T18:02:34+00:00","mainEntityOfPage":{"@id":"https:\/\/www.estrategiaconcursos.com.br\/blog\/concurso-ufpe-2019-novas-retificacoes\/"},"wordCount":331,"commentCount":0,"publisher":{"@id":"https:\/\/www.estrategiaconcursos.com.br\/blog\/#organization"},"image":{"@id":"https:\/\/www.estrategiaconcursos.com.br\/blog\/concurso-ufpe-2019-novas-retificacoes\/#primaryimage"},"thumbnailUrl":"https:\/\/dhg1h5j42swfq.cloudfront.net\/2019\/05\/07085134\/UFPE-1.jpeg","articleSection":["Concursos P\u00fablicos"],"inLanguage":"pt-BR","potentialAction":[{"@type":"CommentAction","name":"Comment","target":["https:\/\/www.estrategiaconcursos.com.br\/blog\/concurso-ufpe-2019-novas-retificacoes\/#respond"]}],"copyrightYear":"2019","copyrightHolder":{"@id":"https:\/\/www.estrategiaconcursos.com.br\/blog\/#organization"}},{"@type":"WebPage","@id":"https:\/\/www.estrategiaconcursos.com.br\/blog\/concurso-ufpe-2019-novas-retificacoes\/","url":"https:\/\/www.estrategiaconcursos.com.br\/blog\/concurso-ufpe-2019-novas-retificacoes\/","name":"Concurso UFPE: novas retifica\u00e7\u00f5es sobre o edital s\u00e3o publicadas","isPartOf":{"@id":"https:\/\/www.estrategiaconcursos.com.br\/blog\/#website"},"primaryImageOfPage":{"@id":"https:\/\/www.estrategiaconcursos.com.br\/blog\/concurso-ufpe-2019-novas-retificacoes\/#primaryimage"},"image":{"@id":"https:\/\/www.estrategiaconcursos.com.br\/blog\/concurso-ufpe-2019-novas-retificacoes\/#primaryimage"},"thumbnailUrl":"https:\/\/dhg1h5j42swfq.cloudfront.net\/2019\/05\/07085134\/UFPE-1.jpeg","datePublished":"2019-07-29T14:49:18+00:00","dateModified":"2019-07-29T18:02:34+00:00","breadcrumb":{"@id":"https:\/\/www.estrategiaconcursos.com.br\/blog\/concurso-ufpe-2019-novas-retificacoes\/#breadcrumb"},"inLanguage":"pt-BR","potentialAction":[{"@type":"ReadAction","target":["https:\/\/www.estrategiaconcursos.com.br\/blog\/concurso-ufpe-2019-novas-retificacoes\/"]}]},{"@type":"ImageObject","inLanguage":"pt-BR","@id":"https:\/\/www.estrategiaconcursos.com.br\/blog\/concurso-ufpe-2019-novas-retificacoes\/#primaryimage","url":"https:\/\/dhg1h5j42swfq.cloudfront.net\/2019\/05\/07085134\/UFPE-1.jpeg","contentUrl":"https:\/\/dhg1h5j42swfq.cloudfront.net\/2019\/05\/07085134\/UFPE-1.jpeg","width":400,"height":209,"caption":"concurso UFPE"},{"@type":"BreadcrumbList","@id":"https:\/\/www.estrategiaconcursos.com.br\/blog\/concurso-ufpe-2019-novas-retificacoes\/#breadcrumb","itemListElement":[{"@type":"ListItem","position":1,"name":"In\u00edcio","item":"https:\/\/www.estrategiaconcursos.com.br\/blog\/"},{"@type":"ListItem","position":2,"name":"Concurso UFPE: novas retifica\u00e7\u00f5es sobre o edital s\u00e3o publicadas"}]},{"@type":"WebSite","@id":"https:\/\/www.estrategiaconcursos.com.br\/blog\/#website","url":"https:\/\/www.estrategiaconcursos.com.br\/blog\/","name":"Estrat\u00e9gia Concursos","description":"O blog da Estrat\u00e9gia Concursos traz not\u00edcias sobre concursos e artigos de professores oferecendo cursos para concursos (pdf + videaulas) no site.","publisher":{"@id":"https:\/\/www.estrategiaconcursos.com.br\/blog\/#organization"},"potentialAction":[{"@type":"SearchAction","target":{"@type":"EntryPoint","urlTemplate":"https:\/\/www.estrategiaconcursos.com.br\/blog\/?s={search_term_string}"},"query-input":{"@type":"PropertyValueSpecification","valueRequired":true,"valueName":"search_term_string"}}],"inLanguage":"pt-BR"},{"@type":"Organization","@id":"https:\/\/www.estrategiaconcursos.com.br\/blog\/#organization","name":"Estrat\u00e9gia Concursos","url":"https:\/\/www.estrategiaconcursos.com.br\/blog\/","logo":{"@type":"ImageObject","inLanguage":"pt-BR","@id":"https:\/\/www.estrategiaconcursos.com.br\/blog\/#\/schema\/logo\/image\/","url":"https:\/\/dhg1h5j42swfq.cloudfront.net\/2025\/06\/03203428\/logo_concursos-1.jpg","contentUrl":"https:\/\/dhg1h5j42swfq.cloudfront.net\/2025\/06\/03203428\/logo_concursos-1.jpg","width":230,"height":60,"caption":"Estrat\u00e9gia Concursos"},"image":{"@id":"https:\/\/www.estrategiaconcursos.com.br\/blog\/#\/schema\/logo\/image\/"},"sameAs":["https:\/\/x.com\/EstratConcursos"]},{"@type":"Person","@id":"https:\/\/www.estrategiaconcursos.com.br\/blog\/#\/schema\/person\/7fbf898fd336f5ce58a961518beff68c","name":"Diego Cerqueira Berbert Vasconcelos","image":{"@type":"ImageObject","inLanguage":"pt-BR","@id":"https:\/\/secure.gravatar.com\/avatar\/ed2d045a7390980cad1a92d24dcc39d10ef55b88fcb9fb9c047979bf4ddeb1ce?s=96&d=mm&r=g","url":"https:\/\/secure.gravatar.com\/avatar\/ed2d045a7390980cad1a92d24dcc39d10ef55b88fcb9fb9c047979bf4ddeb1ce?s=96&d=mm&r=g","contentUrl":"https:\/\/secure.gravatar.com\/avatar\/ed2d045a7390980cad1a92d24dcc39d10ef55b88fcb9fb9c047979bf4ddeb1ce?s=96&d=mm&r=g","caption":"Diego Cerqueira Berbert Vasconcelos"},"url":"https:\/\/www.estrategiaconcursos.com.br\/blog\/author\/diegocerqueiraestrategiaconcursos-com-br\/"}]}},"_links":{"self":[{"href":"https:\/\/www.estrategiaconcursos.com.br\/blog\/wp-json\/wp\/v2\/posts\/403503","targetHints":{"allow":["GET"]}}],"collection":[{"href":"https:\/\/www.estrategiaconcursos.com.br\/blog\/wp-json\/wp\/v2\/posts"}],"about":[{"href":"https:\/\/www.estrategiaconcursos.com.br\/blog\/wp-json\/wp\/v2\/types\/post"}],"author":[{"embeddable":true,"href":"https:\/\/www.estrategiaconcursos.com.br\/blog\/wp-json\/wp\/v2\/users\/260"}],"replies":[{"embeddable":true,"href":"https:\/\/www.estrategiaconcursos.com.br\/blog\/wp-json\/wp\/v2\/comments?post=403503"}],"version-history":[{"count":6,"href":"https:\/\/www.estrategiaconcursos.com.br\/blog\/wp-json\/wp\/v2\/posts\/403503\/revisions"}],"predecessor-version":[{"id":403639,"href":"https:\/\/www.estrategiaconcursos.com.br\/blog\/wp-json\/wp\/v2\/posts\/403503\/revisions\/403639"}],"wp:featuredmedia":[{"embeddable":true,"href":"https:\/\/www.estrategiaconcursos.com.br\/blog\/wp-json\/wp\/v2\/media\/371990"}],"wp:attachment":[{"href":"https:\/\/www.estrategiaconcursos.com.br\/blog\/wp-json\/wp\/v2\/media?parent=403503"}],"wp:term":[{"taxonomy":"category","embeddable":true,"href":"https:\/\/www.estrategiaconcursos.com.br\/blog\/wp-json\/wp\/v2\/categories?post=403503"},{"taxonomy":"post_tag","embeddable":true,"href":"https:\/\/www.estrategiaconcursos.com.br\/blog\/wp-json\/wp\/v2\/tags?post=403503"},{"taxonomy":"tax_estado","embeddable":true,"href":"https:\/\/www.estrategiaconcursos.com.br\/blog\/wp-json\/wp\/v2\/tax_estado?post=403503"}],"curies":[{"name":"wp","href":"https:\/\/api.w.org\/{rel}","templated":true}]}}