{"id":403418,"date":"2019-07-29T07:30:55","date_gmt":"2019-07-29T10:30:55","guid":{"rendered":"https:\/\/www.estrategiaconcursos.com.br\/blog\/?p=403418"},"modified":"2023-05-22T15:36:13","modified_gmt":"2023-05-22T18:36:13","slug":"concurso-pc-es-e-policia-cientifica-pa-aprovada-amanda-mendes","status":"publish","type":"post","link":"https:\/\/www.estrategiaconcursos.com.br\/blog\/concurso-pc-es-e-policia-cientifica-pa-aprovada-amanda-mendes\/","title":{"rendered":"ENTREVISTA: Amanda Mendes &#8211; Aprovada no cargo de Perito Criminal Oficial da PC-ES e para o Centro de Per\u00edcias Cient\u00edficas Renato Chaves do Par\u00e1"},"content":{"rendered":"\n<figure class=\"wp-block-image alignleft is-resized\"><img loading=\"lazy\" decoding=\"async\" src=\"https:\/\/dhg1h5j42swfq.cloudfront.net\/2019\/07\/18152823\/foto-perfil.jpg\" alt=\"\" class=\"wp-image-400296\" width=\"234\" height=\"266\" srcset=\"https:\/\/dhg1h5j42swfq.cloudfront.net\/2019\/07\/18152823\/foto-perfil.jpg 282w, https:\/\/dhg1h5j42swfq.cloudfront.net\/2019\/07\/18152823\/foto-perfil.jpg 264w\" sizes=\"auto, (max-width: 234px) 100vw, 234px\" \/><\/figure>\n\n\n\n<p class=\"has-text-align-center\">&#8220;<strong><em>Estudar para concursos requer muita dedica\u00e7\u00e3o e for\u00e7a para negar as distra\u00e7\u00f5es. N\u00e3o esperava que fosse conseguir uma aprova\u00e7\u00e3o t\u00e3o rapidamente, por isso afirmo: todo esfor\u00e7o vale a pena!&#8221;   <\/em><\/strong><\/p>\n\n\n\n<p>Confira nossa entrevista com Amanda Mendes da Silva, aprovada no cargo de Perito Criminal Oficial para a Pol\u00edcia Civil do Esp\u00edrito Santo e para o Centro de Per\u00edcias Cient\u00edficas Renato Chaves do Par\u00e1: <\/p>\n\n\n\n<p><strong>Estrat\u00e9gia Concursos: Conte-nos um pouco sobre voc\u00ea, para que nossos leitores possam te conhecer melhor. Voc\u00ea \u00e9 formada em que \u00e1rea? Qual sua idade? De onde voc\u00ea \u00e9? <\/strong> <\/p>\n\n\n\n<p><strong>Amanda Mendes:<\/strong> Sou formada em Farm\u00e1cia pela UFRJ, tenho 27 anos e sou natural do Rio de Janeiro.  <\/p>\n\n\n\n<p><strong>Estrat\u00e9gia: O que te levou a tomar a decis\u00e3o de come\u00e7ar a estudar para concursos?<\/strong><\/p>\n\n\n\n<p><strong>Amanda: <\/strong>Desde que entrei na faculdade, j\u00e1 me interessava pela \u00e1rea de Per\u00edcia Criminal. Durante a gradua\u00e7\u00e3o tive contato com as diversas \u00e1reas as quais o Farmac\u00eautico pode atuar e me afastei do \u201cmundo pericial\u201d.  <\/p>\n\n\n\n<p>Somente depois de formada que resolvi investir nessa carreira. Aqui no Brasil, para se tornar Perito Criminal Oficial, \u00e9 preciso realizar concurso p\u00fablico, ent\u00e3o decidi come\u00e7ar a estudar para concursos.<\/p>\n\n\n\n<p><strong>Estrat\u00e9gia: Durante sua caminhada como concurseira, voc\u00ea trabalhava e estudava (como conciliava trabalho e estudos?), ou se dedicava inteiramente aos estudos para concurso? <\/strong> <\/p>\n\n\n\n<p><strong>Amanda:<\/strong> No come\u00e7o estudava e trabalhava. Fiquei em torno de 8 meses trabalhando e estudando at\u00e9 o concurso da Pol\u00edcia Federal.  <\/p>\n\n\n\n<p>N\u00e3o fui aprovada, por\u00e9m com apenas poucos meses de estudo e dividindo meu tempo entre trabalhar e estudar, percebi que fui muito bem na prova e que se eu me dedicasse 100% aos estudos, minhas chances de passar seriam muito maiores.  <\/p>\n\n\n\n<p>Ent\u00e3o, sa\u00ed do meu emprego e me dediquei somente aos estudos. <\/p>\n\n\n\n<p><strong>Estrat\u00e9gia: Quantos e em quais concursos j\u00e1 foi aprovada? Qual o \u00faltimo? Em qual cargo e em que coloca\u00e7\u00e3o?<\/strong><\/p>\n\n\n\n<p><strong>Amanda:<\/strong> Fui aprovada no concurso para Perito Criminal Oficial da Pol\u00edcia Civil do Esp\u00edrito Santo, em 17\u00ba lugar.  <\/p>\n\n\n\n<p>Quase na mesma semana fui aprovada no concurso para Perito Criminal Oficial do Centro de Per\u00edcias Cient\u00edficas Renato Chaves do Par\u00e1, em 3\u00ba lugar.  <\/p>\n\n\n\n<p><strong>Estrat\u00e9gia: Qual foi sua sensa\u00e7\u00e3o ao ver seu nome na lista dos aprovados\/classificados?<\/strong><\/p>\n\n\n\n<p><strong>Amanda: <\/strong>Uma mistura de felicidade com surpresa. Sentia que tinha ido super mal nas duas provas e que poderia ter me sa\u00eddo melhor.  <\/p>\n\n\n\n<p>Quando vi o meu nome nas listas, fiquei sem acreditar nas duas vezes! Tive a sensa\u00e7\u00e3o de que estou no caminho certo, e que meu objetivo de passar para a Policia Federal \u00e9 poss\u00edvel.  <\/p>\n\n\n\n<p><strong>Estrat\u00e9gia: Como era sua vida social durante a prepara\u00e7\u00e3o para concursos? Voc\u00ea sa\u00eda com amigos, fam\u00edlia, etc? Ou adotou uma postura radical, abdicando do conv\u00edvio social?<\/strong><\/p>\n\n\n\n<p><strong>Amanda: <\/strong>Nesse aspecto eu fui um pouco radical. Praticamente parei de sair e minha rotina se resumia em trabalhar, estudar e ir para a academia.  <\/p>\n\n\n\n<p>Parei totalmente de entrar no Facebook. Quanto ao Instagram, deixei de seguir mais da metade dos meus amigos (principalmente quem posta muito) e comecei a seguir perfis de estudo e peritos criminais.  <\/p>\n\n\n\n<p>Reuni\u00f5es de fam\u00edlia, apenas as mais importantes. Quando encontrava meu namorado, estud\u00e1vamos juntos, cada um na sua \u00e1rea de estudo.  <\/p>\n\n\n\n<p>Eu acreditava que quanto mais radical eu fosse nessa fase, por mais dif\u00edcil de fosse, mais r\u00e1pido chegaria a minha aprova\u00e7\u00e3o.  <\/p>\n\n\n\n<p><strong>Estrat\u00e9gia: Voc\u00ea \u00e9 casada? Tem filhos? Namora? Mora com seus pais? Sua fam\u00edlia entendeu e apoiou sua caminhada como concurseira? Se sim, de que forma? <\/strong> <\/p>\n\n\n\n<p><strong>Amanda:<\/strong> N\u00e3o sou casada, tenho namorado. Moro com meus irm\u00e3os. Meu pai apoiou desde o in\u00edcio e foi meu grande incentivador.<\/p>\n\n\n\n<p>Me buscava tarde da noite na sala de estudos, ia comigo viajar para os locais de prova e me estimulou a seguir firme e forte nos estudos. Meu namorado tamb\u00e9m me ajudou muito durante esse processo.<\/p>\n\n\n\n<p><strong>Estrat\u00e9gia: Voc\u00ea acha que vale a pena fazer outros concursos, com foco diferente daquele concurso que \u00e9 realmente seu objetivo maior? <\/strong><\/p>\n\n\n\n<p><strong>Amanda: <\/strong>N\u00e3o. Acredito que a melhor forma \u00e9 estudar direto para o concurso de interesse. No meu caso, para Perito Criminal Oficial. Meu objetivo final \u00e9 passar para a Pol\u00edcia Federal, ent\u00e3o seguirei estudando.  <\/p>\n\n\n\n<p><strong>Estrat\u00e9gia: Voc\u00ea estudou por quanto tempo direcionado ao concurso que foi aprovada? <\/strong> <\/p>\n\n\n\n<p><strong>Amanda: <\/strong>Estudei por 1 ano (mar\u00e7o\/18 a mar\u00e7o\/19) para os dois concursos. Eles aconteceram no mesmo m\u00eas.<\/p>\n\n\n\n<p><strong>Estrat\u00e9gia: Chegou a estudar sem ter edital na pra\u00e7a? Durante esse tempo, como voc\u00ea fazia para manter a disciplina nos estudos?<\/strong><\/p>\n\n\n\n<p><strong>Amanda: <\/strong>Sim. Comecei a estudar em mar\u00e7o\/18 e o edital da Pol\u00edcia Federal abriu em junho\/18. N\u00e3o fui aprovada e segui no processo. <\/p>\n\n\n\n<p>Em outubro\/18 me demiti do meu emprego e me dediquei somente aos estudos.  <\/p>\n\n\n\n<p>Em dezembro\/18 abriram os editais do Esp\u00edrito Santo e Par\u00e1. Em mar\u00e7o\/19 fiz as provas.  <\/p>\n\n\n\n<p>Pelo fato de eu ter pedido demiss\u00e3o, a press\u00e3o para passar o quanto antes era imensa. Por isso, seguia estudando a todo vapor, mesmo sem edital.   <\/p>\n\n\n\n<p><strong>Estrat\u00e9gia: Que materiais voc\u00ea usou em sua prepara\u00e7\u00e3o para o concurso? Aulas presenciais, telepresenciais, livros, cursos em PDF, videoaulas? Quais foram as principais vantagens e desvantagens de cada um?<\/strong><\/p>\n\n\n\n<p><strong>Amanda: <\/strong>Utilizei apostilas, cursos em PDF e videoaulas.  <\/p>\n\n\n\n<p>As videoaulas s\u00e3o \u00f3timas para quem est\u00e1 come\u00e7ando, pois o professor consegue prender a aten\u00e7\u00e3o do aluno e resumir a mat\u00e9ria em pouco tempo.  <\/p>\n\n\n\n<p>Aproveitei as videoaulas para ter uma vis\u00e3o geral da mat\u00e9ria. Conforme fui evoluindo no conte\u00fado, os materiais escritos tornaram-se uma melhor op\u00e7\u00e3o, pois s\u00e3o mais aprofundados e mais completos.  <\/p>\n\n\n\n<p>Ou seja, na minha opini\u00e3o, a jun\u00e7\u00e3o de diferentes tipos de materiais, s\u00e3o de grande utilidade na prepara\u00e7\u00e3o para concurso p\u00fablico.  <\/p>\n\n\n\n<p><strong>Estrat\u00e9gia: Como conheceu o Estrat\u00e9gia Concursos? <\/strong> <\/p>\n\n\n\n<p><strong>Amanda: <\/strong>Eu n\u00e3o conhecia nada sobre concurso at\u00e9 um amigo me recomendar o Estrat\u00e9gia Concursos.  <\/p>\n\n\n\n<p>Depois de pesquisar na internet, o Estrat\u00e9gia era o curso online mais completo e dispon\u00edvel, espec\u00edfico para Perito Criminal da \u00e1rea de Farm\u00e1cia. Por isso, comprei o curso e devorei as aulas.  <\/p>\n\n\n\n<p><strong>Estrat\u00e9gia: Uma das principais dificuldades de todo o concursando \u00e9 a quantidade de assuntos que devem ser memorizados. Como voc\u00ea fez para estudar todo o conte\u00fado do concurso? Falando de modo mais espec\u00edfico: voc\u00ea estudava v\u00e1rias mat\u00e9rias ao mesmo tempo? Quantas? Costumava fazer resumos? Focava mais em exerc\u00edcios, ou na leitura e releitura da teoria? Como montou seu plano de estudos? Quantas horas por dia costumava estudar?<\/strong><\/p>\n\n\n\n<p><strong>Amanda:<\/strong> Na verdade, n\u00e3o deu tempo de estudar todo o conte\u00fado do concurso! \u00c9 realmente muita mat\u00e9ria (rsrs). Precisei priorizar as mat\u00e9rias mais importantes e focar nas que eu tinha mais dificuldade.  <\/p>\n\n\n\n<p>Minha estrat\u00e9gia era estudar diferentes mat\u00e9rias por dia, para n\u00e3o me cansar.  <\/p>\n\n\n\n<p>Sempre fiz resumos, desde a \u00e9poca da faculdade, ent\u00e3o essa sempre foi a minha forma de memorizar. Depois eu releio o resumo antes da prova.  <\/p>\n\n\n\n<p>Tamb\u00e9m fiz uma assinatura em um site de quest\u00f5es para concurso, ent\u00e3o todo dia eu estudava e fazia quest\u00f5es. Quando errava muito as quest\u00f5es de uma certa mat\u00e9ria, voltava e estudava mais.  <\/p>\n\n\n\n<p>Na \u00e9poca que eu trabalhava, estudava umas 3-4 horas\/dia, variava muito. Quando passei a somente estudar, conseguia uma faixa de 6-7 horas\/dia, mais do que isso eu percebia que ficava muito cansada no dia seguinte e meu rendimento ca\u00eda muito.  <\/p>\n\n\n\n<p><strong>Estrat\u00e9gia: Voc\u00ea tinha mais dificuldades em alguma(s) disciplina(s)? Quais? Como voc\u00ea fez para superar estas dificuldades?<\/strong><\/p>\n\n\n\n<p><strong>Amanda: <\/strong>Sim, as disciplinas de direito, pois eram completamente fora da minha zona de conforto. Eu dedicava mais horas de estudo para essas mat\u00e9rias, pois precisei come\u00e7ar do zero.  <\/p>\n\n\n\n<p><strong>Estrat\u00e9gia: A reta final \u00e9 sempre um per\u00edodo estressante. Como foi sua rotina de estudos na semana que antecedeu a prova? E v\u00e9spera de prova: foi dia de descanso ou dia de estudo?<\/strong><\/p>\n\n\n\n<p><strong>Amanda: <\/strong>Fiz revis\u00f5es dos materiais que eu tinha resumido e assisti revis\u00f5es de v\u00e9spera no youtube, onde me ajudam demais!  <\/p>\n\n\n\n<p>A v\u00e9spera foi dia de estudo, apesar de eu achar que o melhor seria descansar, mas mesmo querendo o descanso eu estava muito apreensiva e estudar me deixava mais segura.  <\/p>\n\n\n\n<p><strong>Estrat\u00e9gia: No seu concurso, tivemos, al\u00e9m das provas objetivas, as provas discursivas. Como foi seu estudo para esta importante parte do certame? O que voc\u00ea aconselha?<\/strong><\/p>\n\n\n\n<p><strong>Amanda: <\/strong>Eu busquei temas que j\u00e1 haviam sido cobrados em discursivas anteriores e assim, simulava a reda\u00e7\u00e3o.  <\/p>\n\n\n\n<p>Quando acabaram os temas, eu inventava um tema que achava prov\u00e1vel cair no concurso e fazia a reda\u00e7\u00e3o.<\/p>\n\n\n\n<p>Aconselho treinar o m\u00e1ximo poss\u00edvel. Tamb\u00e9m acho importante contratar um professor de portugu\u00eas para corrigir sua reda\u00e7\u00e3o, pois acredito que isto me fez falta e eu poderia ter ido melhor nas discursivas.  <\/p>\n\n\n\n<p><strong>Estrat\u00e9gia: Se voc\u00ea tivesse que apontar ERROS em sua prepara\u00e7\u00e3o (se \u00e9 que houve), quais seriam? Diga-nos tamb\u00e9m quais foram os maiores ACERTOS?<\/strong><\/p>\n\n\n\n<p><strong>Amanda: <\/strong>Acredito que eu poderia ter perdido menos tempo em redes sociais ao longo da minha prepara\u00e7\u00e3o. Hoje em dia, muitas dicas de concurso s\u00e3o dadas diariamente na internet e se voc\u00ea n\u00e3o se policiar, isso custar\u00e1 muitas horas do seu dia.  <\/p>\n\n\n\n<p>Quando eu efetivamente ficava o dia inteiro focada em estudar e n\u00e3o pegava no meu celular, eu rendia muito mais. Digo isso porque as dicas s\u00e3o importantes mas, muitas vezes, se repetem.  <\/p>\n\n\n\n<p>Al\u00e9m disso, s\u00e3o as horas que voc\u00ea sentou e estudou que realmente ir\u00e3o fazer a diferen\u00e7a na hora da prova.  <\/p>\n\n\n\n<p>Outro ponto que eu poderia ter investido mais, foi na discursiva. \u00c9uma parte negligenciada pela maioria dos candidatos, mas faz toda diferen\u00e7a!<\/p>\n\n\n\n<p>Quanto aos acertos, eu fui aprendendo ao longo do tempo. Hoje percebo que estudar fora de casa, seja em uma biblioteca ou uma sala de estudo, tem seu valor. \u00c9 muito mais dif\u00edcil se manter focada em casa, onde temos muitas distra\u00e7\u00f5es.  <\/p>\n\n\n\n<p>Tamb\u00e9m aprendi que o segredo n\u00e3o \u00e9 a quantidade de horas estudadas e sim, a const\u00e2ncia. Criar o h\u00e1bito de estudar todo santo dia. Por isso, nunca fiquei 12 horas estudando em 1 \u00fanico dia. Para mim, depois de 8 horas j\u00e1 fico muito fadigada e no dia seguinte meu rendimento cai muito. Por isso aprendi a respeitar meu limite.  <\/p>\n\n\n\n<p>Outro grande acerto foi investir em materiais de qualidade. O material \u00e9 de suma import\u00e2ncia para a prepara\u00e7\u00e3o. Sempre pensei como um investimento, pois depois de aprovada no concurso dos sonhos, tudo ter\u00e1 valido a pena!<\/p>\n\n\n\n<p><strong>Estrat\u00e9gia: O que foi mais dif\u00edcil nessa caminhada rumo \u00e0 aprova\u00e7\u00e3o? Chegou a pensar, por algum momento, em desistir? Se sim, como fez para seguir em frente?<\/strong><\/p>\n\n\n\n<p><strong>Amanda: <\/strong>O mais dif\u00edcil \u00e9 ter pouco tempo para lazer. Pensei em desistir algumas vezes, pois \u00e9 muito cansativo estudar em um ritmo acelerado e n\u00e3o ter muita vida social.  <\/p>\n\n\n\n<p>Parei de assistir Netflix, de ir ao cinema, entre outras coisas, para continuar seguindo em frente. Sempre me imaginava no cargo. Me imaginava (e ainda imagino!) sendo Perita Criminal na Pol\u00edcia Federal e o qu\u00e3o dif\u00edcil \u00e9 conseguir chegar l\u00e1, por isso, precisava dar meu sangue nos estudos.<\/p>\n\n\n\n<p>Se meu objetivo \u00e9 alto, ent\u00e3o n\u00e3o vir\u00e1 f\u00e1cil. \u00c9 preciso de sacrif\u00edcio e abdicar muitas coisas para chegar l\u00e1.  <\/p>\n\n\n\n<p><strong>Estrat\u00e9gia: Qual foi sua principal motiva\u00e7\u00e3o? <\/strong> <\/p>\n\n\n\n<p><strong>Amanda: <\/strong>Minha principal motiva\u00e7\u00e3o foi buscar minha realiza\u00e7\u00e3o profissional. Apesar de ser uma profiss\u00e3o que muitas pessoas tem pavor s\u00f3 de pensar, sempre me interessei muito pela \u00e1rea. Eu acho incr\u00edvel!  <\/p>\n\n\n\n<p><strong>Estrat\u00e9gia: Por fim, o que voc\u00ea aconselharia a algu\u00e9m que est\u00e1 iniciando seus estudos para concurso? Deixe-nos sua mensagem para todos aqueles que um dia almejam chegar aonde voc\u00ea chegou!<\/strong><\/p>\n\n\n\n<p><strong>Amanda: <\/strong>Um dos meus dilemas era se eu estudava para um concurso mais f\u00e1cil para me estabilizar financeiramente ou se j\u00e1 focava no meu objetivo final. Por\u00e9m, resolvi arriscar e mergulhar de cabe\u00e7a no meu objetivo.  <\/p>\n\n\n\n<p>Estudar para concursos requer muita dedica\u00e7\u00e3o e for\u00e7a para negar as distra\u00e7\u00f5es. N\u00e3o esperava que fosse conseguir uma aprova\u00e7\u00e3o t\u00e3o rapidamente, por isso afirmo: todo esfor\u00e7o vale a pena!  <\/p>\n\n\n\n<p>Ser concurseira n\u00e3o \u00e9 um mar de rosas. Portanto, se voc\u00ea quer conquistar sua vaga no concurso p\u00fablico, \u00e9 importante olhar l\u00e1 no futuro e acreditar que o seu dia vai chegar.  <\/p>\n\n\n\n<p><strong>Confira outras entrevistas em:<\/strong><\/p>\n\n\n\n<p><a rel=\"noreferrer noopener\" href=\"https:\/\/www.estrategiaconcursos.com.br\/depoimentos\/\" target=\"_blank\">Depoimentos de Aprovados<\/a><\/p>\n\n\n\n<p><a rel=\"noreferrer noopener\" href=\"https:\/\/www.estrategiaconcursos.com.br\/cursos\/concurso\" target=\"_blank\">Cursos Online para Concursos<\/a><\/p>\n\n\n\n<p class=\"has-text-align-center\"><em><strong>Foi aprovado e deseja dividir com a gente e com outros concurseiros como foi sua trajet\u00f3ria at\u00e9 a aprova\u00e7\u00e3o?! Mande um e-mail para:&nbsp;<\/strong><\/em><strong>comunicacao@estrategiaconcursos.com.br<\/strong><\/p>\n\n\n\n<p>Abra\u00e7os,<\/p>\n\n\n\n<p>Tha\u00eds Mendes<\/p>\n","protected":false},"excerpt":{"rendered":"<p>&#8220;Estudar para concursos requer muita dedica\u00e7\u00e3o e for\u00e7a para negar as distra\u00e7\u00f5es. N\u00e3o esperava que fosse conseguir uma aprova\u00e7\u00e3o t\u00e3o rapidamente, por isso afirmo: todo esfor\u00e7o vale a pena!&#8221; Confira nossa entrevista com Amanda Mendes da Silva, aprovada no cargo de Perito Criminal Oficial para a Pol\u00edcia Civil do Esp\u00edrito Santo e para o Centro [&hellip;]<\/p>\n","protected":false},"author":1,"featured_media":403424,"comment_status":"open","ping_status":"closed","sticky":false,"template":"","format":"standard","meta":{"post_tipo":"news","footnotes":""},"categories":[1],"tags":[],"tax_estado":[219971,219977],"class_list":["post-403418","post","type-post","status-publish","format-standard","has-post-thumbnail","hentry","category-cursos-e-concursos","tax_estado-es","tax_estado-pa"],"acf":[],"yoast_head":"<!-- This site is optimized with the Yoast SEO Premium plugin v27.2 (Yoast SEO v27.2) - https:\/\/yoast.com\/product\/yoast-seo-premium-wordpress\/ -->\n<title>ENTREVISTA: Amanda Mendes - Aprovada no cargo de Perito Criminal Oficial da PC-ES e para o Centro de Per\u00edcias Cient\u00edficas Renato Chaves do Par\u00e1<\/title>\n<meta name=\"description\" content=\"Confira nossa entrevista com Amanda Mendes da Silva, aprovada no cargo de Perito Criminal Oficial para a PCES e para o Centro de Per\u00edcias Cient\u00edficas Renato Chaves do Par\u00e1\" \/>\n<meta name=\"robots\" content=\"index, follow, max-snippet:-1, max-image-preview:large, max-video-preview:-1\" \/>\n<link rel=\"canonical\" href=\"https:\/\/www.estrategiaconcursos.com.br\/blog\/concurso-pc-es-e-policia-cientifica-pa-aprovada-amanda-mendes\/\" \/>\n<meta property=\"og:locale\" content=\"pt_BR\" \/>\n<meta property=\"og:type\" content=\"article\" \/>\n<meta property=\"og:title\" content=\"ENTREVISTA: Amanda Mendes - Aprovada no cargo de Perito Criminal Oficial da PC-ES e para o Centro de Per\u00edcias Cient\u00edficas Renato Chaves do Par\u00e1\" \/>\n<meta property=\"og:description\" content=\"Confira nossa entrevista com Amanda Mendes da Silva, aprovada no cargo de Perito Criminal Oficial para a PCES e para o Centro de Per\u00edcias Cient\u00edficas Renato Chaves do Par\u00e1\" \/>\n<meta property=\"og:url\" content=\"https:\/\/www.estrategiaconcursos.com.br\/blog\/concurso-pc-es-e-policia-cientifica-pa-aprovada-amanda-mendes\/\" \/>\n<meta property=\"og:site_name\" content=\"Estrat\u00e9gia Concursos\" \/>\n<meta property=\"article:author\" content=\"https:\/\/www.facebook.com\/EstrategiaConcursos\" \/>\n<meta property=\"article:published_time\" content=\"2019-07-29T10:30:55+00:00\" \/>\n<meta property=\"article:modified_time\" content=\"2023-05-22T18:36:13+00:00\" \/>\n<meta property=\"og:image\" content=\"https:\/\/dhg1h5j42swfq.cloudfront.net\/2019\/07\/29083938\/Amanda-home.jpg\" \/>\n\t<meta property=\"og:image:width\" content=\"275\" \/>\n\t<meta property=\"og:image:height\" content=\"166\" \/>\n\t<meta property=\"og:image:type\" content=\"image\/jpeg\" \/>\n<meta name=\"author\" content=\"Coordena\u00e7\u00e3o\" \/>\n<meta name=\"twitter:card\" content=\"summary_large_image\" \/>\n<meta name=\"twitter:creator\" content=\"@EstratConcursos\" \/>\n<meta name=\"twitter:site\" content=\"@EstratConcursos\" \/>\n<meta name=\"twitter:label1\" content=\"Escrito por\" \/>\n\t<meta name=\"twitter:data1\" content=\"Coordena\u00e7\u00e3o\" \/>\n\t<meta name=\"twitter:label2\" content=\"Est. tempo de leitura\" \/>\n\t<meta name=\"twitter:data2\" content=\"11 minutos\" \/>\n<script type=\"application\/ld+json\" class=\"yoast-schema-graph\">{\"@context\":\"https:\/\/schema.org\",\"@graph\":[{\"@type\":\"NewsArticle\",\"@id\":\"https:\/\/www.estrategiaconcursos.com.br\/blog\/concurso-pc-es-e-policia-cientifica-pa-aprovada-amanda-mendes\/#article\",\"isPartOf\":{\"@id\":\"https:\/\/www.estrategiaconcursos.com.br\/blog\/concurso-pc-es-e-policia-cientifica-pa-aprovada-amanda-mendes\/\"},\"author\":{\"name\":\"Coordena\u00e7\u00e3o\",\"@id\":\"https:\/\/www.estrategiaconcursos.com.br\/blog\/#\/schema\/person\/b4a388c97673c5f483d72185668afa1f\"},\"headline\":\"ENTREVISTA: Amanda Mendes &#8211; Aprovada no cargo de Perito Criminal Oficial da PC-ES e para o Centro de Per\u00edcias Cient\u00edficas Renato Chaves do Par\u00e1\",\"datePublished\":\"2019-07-29T10:30:55+00:00\",\"dateModified\":\"2023-05-22T18:36:13+00:00\",\"mainEntityOfPage\":{\"@id\":\"https:\/\/www.estrategiaconcursos.com.br\/blog\/concurso-pc-es-e-policia-cientifica-pa-aprovada-amanda-mendes\/\"},\"wordCount\":2198,\"commentCount\":2,\"publisher\":{\"@id\":\"https:\/\/www.estrategiaconcursos.com.br\/blog\/#organization\"},\"image\":{\"@id\":\"https:\/\/www.estrategiaconcursos.com.br\/blog\/concurso-pc-es-e-policia-cientifica-pa-aprovada-amanda-mendes\/#primaryimage\"},\"thumbnailUrl\":\"https:\/\/dhg1h5j42swfq.cloudfront.net\/2019\/07\/29083938\/Amanda-home.jpg\",\"articleSection\":[\"Concursos P\u00fablicos\"],\"inLanguage\":\"pt-BR\",\"potentialAction\":[{\"@type\":\"CommentAction\",\"name\":\"Comment\",\"target\":[\"https:\/\/www.estrategiaconcursos.com.br\/blog\/concurso-pc-es-e-policia-cientifica-pa-aprovada-amanda-mendes\/#respond\"]}],\"copyrightYear\":\"2019\",\"copyrightHolder\":{\"@id\":\"https:\/\/www.estrategiaconcursos.com.br\/blog\/#organization\"}},{\"@type\":\"WebPage\",\"@id\":\"https:\/\/www.estrategiaconcursos.com.br\/blog\/concurso-pc-es-e-policia-cientifica-pa-aprovada-amanda-mendes\/\",\"url\":\"https:\/\/www.estrategiaconcursos.com.br\/blog\/concurso-pc-es-e-policia-cientifica-pa-aprovada-amanda-mendes\/\",\"name\":\"ENTREVISTA: Amanda Mendes - Aprovada no cargo de Perito Criminal Oficial da PC-ES e para o Centro de Per\u00edcias Cient\u00edficas Renato Chaves do Par\u00e1\",\"isPartOf\":{\"@id\":\"https:\/\/www.estrategiaconcursos.com.br\/blog\/#website\"},\"primaryImageOfPage\":{\"@id\":\"https:\/\/www.estrategiaconcursos.com.br\/blog\/concurso-pc-es-e-policia-cientifica-pa-aprovada-amanda-mendes\/#primaryimage\"},\"image\":{\"@id\":\"https:\/\/www.estrategiaconcursos.com.br\/blog\/concurso-pc-es-e-policia-cientifica-pa-aprovada-amanda-mendes\/#primaryimage\"},\"thumbnailUrl\":\"https:\/\/dhg1h5j42swfq.cloudfront.net\/2019\/07\/29083938\/Amanda-home.jpg\",\"datePublished\":\"2019-07-29T10:30:55+00:00\",\"dateModified\":\"2023-05-22T18:36:13+00:00\",\"description\":\"Confira nossa entrevista com Amanda Mendes da Silva, aprovada no cargo de Perito Criminal Oficial para a PCES e para o Centro de Per\u00edcias Cient\u00edficas Renato Chaves do Par\u00e1\",\"breadcrumb\":{\"@id\":\"https:\/\/www.estrategiaconcursos.com.br\/blog\/concurso-pc-es-e-policia-cientifica-pa-aprovada-amanda-mendes\/#breadcrumb\"},\"inLanguage\":\"pt-BR\",\"potentialAction\":[{\"@type\":\"ReadAction\",\"target\":[\"https:\/\/www.estrategiaconcursos.com.br\/blog\/concurso-pc-es-e-policia-cientifica-pa-aprovada-amanda-mendes\/\"]}]},{\"@type\":\"ImageObject\",\"inLanguage\":\"pt-BR\",\"@id\":\"https:\/\/www.estrategiaconcursos.com.br\/blog\/concurso-pc-es-e-policia-cientifica-pa-aprovada-amanda-mendes\/#primaryimage\",\"url\":\"https:\/\/dhg1h5j42swfq.cloudfront.net\/2019\/07\/29083938\/Amanda-home.jpg\",\"contentUrl\":\"https:\/\/dhg1h5j42swfq.cloudfront.net\/2019\/07\/29083938\/Amanda-home.jpg\",\"width\":275,\"height\":166},{\"@type\":\"BreadcrumbList\",\"@id\":\"https:\/\/www.estrategiaconcursos.com.br\/blog\/concurso-pc-es-e-policia-cientifica-pa-aprovada-amanda-mendes\/#breadcrumb\",\"itemListElement\":[{\"@type\":\"ListItem\",\"position\":1,\"name\":\"In\u00edcio\",\"item\":\"https:\/\/www.estrategiaconcursos.com.br\/blog\/\"},{\"@type\":\"ListItem\",\"position\":2,\"name\":\"ENTREVISTA: Amanda Mendes &#8211; Aprovada no cargo de Perito Criminal Oficial da PC-ES e para o Centro de Per\u00edcias Cient\u00edficas Renato Chaves do Par\u00e1\"}]},{\"@type\":\"WebSite\",\"@id\":\"https:\/\/www.estrategiaconcursos.com.br\/blog\/#website\",\"url\":\"https:\/\/www.estrategiaconcursos.com.br\/blog\/\",\"name\":\"Estrat\u00e9gia Concursos\",\"description\":\"O blog da Estrat\u00e9gia Concursos traz not\u00edcias sobre concursos e artigos de professores oferecendo cursos para concursos (pdf + videaulas) no site.\",\"publisher\":{\"@id\":\"https:\/\/www.estrategiaconcursos.com.br\/blog\/#organization\"},\"potentialAction\":[{\"@type\":\"SearchAction\",\"target\":{\"@type\":\"EntryPoint\",\"urlTemplate\":\"https:\/\/www.estrategiaconcursos.com.br\/blog\/?s={search_term_string}\"},\"query-input\":{\"@type\":\"PropertyValueSpecification\",\"valueRequired\":true,\"valueName\":\"search_term_string\"}}],\"inLanguage\":\"pt-BR\"},{\"@type\":\"Organization\",\"@id\":\"https:\/\/www.estrategiaconcursos.com.br\/blog\/#organization\",\"name\":\"Estrat\u00e9gia Concursos\",\"url\":\"https:\/\/www.estrategiaconcursos.com.br\/blog\/\",\"logo\":{\"@type\":\"ImageObject\",\"inLanguage\":\"pt-BR\",\"@id\":\"https:\/\/www.estrategiaconcursos.com.br\/blog\/#\/schema\/logo\/image\/\",\"url\":\"https:\/\/dhg1h5j42swfq.cloudfront.net\/2025\/06\/03203428\/logo_concursos-1.jpg\",\"contentUrl\":\"https:\/\/dhg1h5j42swfq.cloudfront.net\/2025\/06\/03203428\/logo_concursos-1.jpg\",\"width\":230,\"height\":60,\"caption\":\"Estrat\u00e9gia Concursos\"},\"image\":{\"@id\":\"https:\/\/www.estrategiaconcursos.com.br\/blog\/#\/schema\/logo\/image\/\"},\"sameAs\":[\"https:\/\/x.com\/EstratConcursos\"]},{\"@type\":\"Person\",\"@id\":\"https:\/\/www.estrategiaconcursos.com.br\/blog\/#\/schema\/person\/b4a388c97673c5f483d72185668afa1f\",\"name\":\"Coordena\u00e7\u00e3o\",\"image\":{\"@type\":\"ImageObject\",\"inLanguage\":\"pt-BR\",\"@id\":\"https:\/\/secure.gravatar.com\/avatar\/b720319e4c9a967eb58678d110f4fe35452fc5d5f97b202bac7b8acceb18c6ad?s=96&d=mm&r=g\",\"url\":\"https:\/\/secure.gravatar.com\/avatar\/b720319e4c9a967eb58678d110f4fe35452fc5d5f97b202bac7b8acceb18c6ad?s=96&d=mm&r=g\",\"contentUrl\":\"https:\/\/secure.gravatar.com\/avatar\/b720319e4c9a967eb58678d110f4fe35452fc5d5f97b202bac7b8acceb18c6ad?s=96&d=mm&r=g\",\"caption\":\"Coordena\u00e7\u00e3o\"},\"sameAs\":[\"https:\/\/www.facebook.com\/EstrategiaConcursos\",\"https:\/\/x.com\/EstratConcursos\"],\"url\":\"https:\/\/www.estrategiaconcursos.com.br\/blog\/author\/estrategia2013\/\"}]}<\/script>\n<!-- \/ Yoast SEO Premium plugin. -->","yoast_head_json":{"title":"ENTREVISTA: Amanda Mendes - Aprovada no cargo de Perito Criminal Oficial da PC-ES e para o Centro de Per\u00edcias Cient\u00edficas Renato Chaves do Par\u00e1","description":"Confira nossa entrevista com Amanda Mendes da Silva, aprovada no cargo de Perito Criminal Oficial para a PCES e para o Centro de Per\u00edcias Cient\u00edficas Renato Chaves do Par\u00e1","robots":{"index":"index","follow":"follow","max-snippet":"max-snippet:-1","max-image-preview":"max-image-preview:large","max-video-preview":"max-video-preview:-1"},"canonical":"https:\/\/www.estrategiaconcursos.com.br\/blog\/concurso-pc-es-e-policia-cientifica-pa-aprovada-amanda-mendes\/","og_locale":"pt_BR","og_type":"article","og_title":"ENTREVISTA: Amanda Mendes - Aprovada no cargo de Perito Criminal Oficial da PC-ES e para o Centro de Per\u00edcias Cient\u00edficas Renato Chaves do Par\u00e1","og_description":"Confira nossa entrevista com Amanda Mendes da Silva, aprovada no cargo de Perito Criminal Oficial para a PCES e para o Centro de Per\u00edcias Cient\u00edficas Renato Chaves do Par\u00e1","og_url":"https:\/\/www.estrategiaconcursos.com.br\/blog\/concurso-pc-es-e-policia-cientifica-pa-aprovada-amanda-mendes\/","og_site_name":"Estrat\u00e9gia Concursos","article_author":"https:\/\/www.facebook.com\/EstrategiaConcursos","article_published_time":"2019-07-29T10:30:55+00:00","article_modified_time":"2023-05-22T18:36:13+00:00","og_image":[{"width":275,"height":166,"url":"https:\/\/dhg1h5j42swfq.cloudfront.net\/2019\/07\/29083938\/Amanda-home.jpg","type":"image\/jpeg"}],"author":"Coordena\u00e7\u00e3o","twitter_card":"summary_large_image","twitter_creator":"@EstratConcursos","twitter_site":"@EstratConcursos","twitter_misc":{"Escrito por":"Coordena\u00e7\u00e3o","Est. tempo de leitura":"11 minutos"},"schema":{"@context":"https:\/\/schema.org","@graph":[{"@type":"NewsArticle","@id":"https:\/\/www.estrategiaconcursos.com.br\/blog\/concurso-pc-es-e-policia-cientifica-pa-aprovada-amanda-mendes\/#article","isPartOf":{"@id":"https:\/\/www.estrategiaconcursos.com.br\/blog\/concurso-pc-es-e-policia-cientifica-pa-aprovada-amanda-mendes\/"},"author":{"name":"Coordena\u00e7\u00e3o","@id":"https:\/\/www.estrategiaconcursos.com.br\/blog\/#\/schema\/person\/b4a388c97673c5f483d72185668afa1f"},"headline":"ENTREVISTA: Amanda Mendes &#8211; Aprovada no cargo de Perito Criminal Oficial da PC-ES e para o Centro de Per\u00edcias Cient\u00edficas Renato Chaves do Par\u00e1","datePublished":"2019-07-29T10:30:55+00:00","dateModified":"2023-05-22T18:36:13+00:00","mainEntityOfPage":{"@id":"https:\/\/www.estrategiaconcursos.com.br\/blog\/concurso-pc-es-e-policia-cientifica-pa-aprovada-amanda-mendes\/"},"wordCount":2198,"commentCount":2,"publisher":{"@id":"https:\/\/www.estrategiaconcursos.com.br\/blog\/#organization"},"image":{"@id":"https:\/\/www.estrategiaconcursos.com.br\/blog\/concurso-pc-es-e-policia-cientifica-pa-aprovada-amanda-mendes\/#primaryimage"},"thumbnailUrl":"https:\/\/dhg1h5j42swfq.cloudfront.net\/2019\/07\/29083938\/Amanda-home.jpg","articleSection":["Concursos P\u00fablicos"],"inLanguage":"pt-BR","potentialAction":[{"@type":"CommentAction","name":"Comment","target":["https:\/\/www.estrategiaconcursos.com.br\/blog\/concurso-pc-es-e-policia-cientifica-pa-aprovada-amanda-mendes\/#respond"]}],"copyrightYear":"2019","copyrightHolder":{"@id":"https:\/\/www.estrategiaconcursos.com.br\/blog\/#organization"}},{"@type":"WebPage","@id":"https:\/\/www.estrategiaconcursos.com.br\/blog\/concurso-pc-es-e-policia-cientifica-pa-aprovada-amanda-mendes\/","url":"https:\/\/www.estrategiaconcursos.com.br\/blog\/concurso-pc-es-e-policia-cientifica-pa-aprovada-amanda-mendes\/","name":"ENTREVISTA: Amanda Mendes - Aprovada no cargo de Perito Criminal Oficial da PC-ES e para o Centro de Per\u00edcias Cient\u00edficas Renato Chaves do Par\u00e1","isPartOf":{"@id":"https:\/\/www.estrategiaconcursos.com.br\/blog\/#website"},"primaryImageOfPage":{"@id":"https:\/\/www.estrategiaconcursos.com.br\/blog\/concurso-pc-es-e-policia-cientifica-pa-aprovada-amanda-mendes\/#primaryimage"},"image":{"@id":"https:\/\/www.estrategiaconcursos.com.br\/blog\/concurso-pc-es-e-policia-cientifica-pa-aprovada-amanda-mendes\/#primaryimage"},"thumbnailUrl":"https:\/\/dhg1h5j42swfq.cloudfront.net\/2019\/07\/29083938\/Amanda-home.jpg","datePublished":"2019-07-29T10:30:55+00:00","dateModified":"2023-05-22T18:36:13+00:00","description":"Confira nossa entrevista com Amanda Mendes da Silva, aprovada no cargo de Perito Criminal Oficial para a PCES e para o Centro de Per\u00edcias Cient\u00edficas Renato Chaves do Par\u00e1","breadcrumb":{"@id":"https:\/\/www.estrategiaconcursos.com.br\/blog\/concurso-pc-es-e-policia-cientifica-pa-aprovada-amanda-mendes\/#breadcrumb"},"inLanguage":"pt-BR","potentialAction":[{"@type":"ReadAction","target":["https:\/\/www.estrategiaconcursos.com.br\/blog\/concurso-pc-es-e-policia-cientifica-pa-aprovada-amanda-mendes\/"]}]},{"@type":"ImageObject","inLanguage":"pt-BR","@id":"https:\/\/www.estrategiaconcursos.com.br\/blog\/concurso-pc-es-e-policia-cientifica-pa-aprovada-amanda-mendes\/#primaryimage","url":"https:\/\/dhg1h5j42swfq.cloudfront.net\/2019\/07\/29083938\/Amanda-home.jpg","contentUrl":"https:\/\/dhg1h5j42swfq.cloudfront.net\/2019\/07\/29083938\/Amanda-home.jpg","width":275,"height":166},{"@type":"BreadcrumbList","@id":"https:\/\/www.estrategiaconcursos.com.br\/blog\/concurso-pc-es-e-policia-cientifica-pa-aprovada-amanda-mendes\/#breadcrumb","itemListElement":[{"@type":"ListItem","position":1,"name":"In\u00edcio","item":"https:\/\/www.estrategiaconcursos.com.br\/blog\/"},{"@type":"ListItem","position":2,"name":"ENTREVISTA: Amanda Mendes &#8211; Aprovada no cargo de Perito Criminal Oficial da PC-ES e para o Centro de Per\u00edcias Cient\u00edficas Renato Chaves do Par\u00e1"}]},{"@type":"WebSite","@id":"https:\/\/www.estrategiaconcursos.com.br\/blog\/#website","url":"https:\/\/www.estrategiaconcursos.com.br\/blog\/","name":"Estrat\u00e9gia Concursos","description":"O blog da Estrat\u00e9gia Concursos traz not\u00edcias sobre concursos e artigos de professores oferecendo cursos para concursos (pdf + videaulas) no site.","publisher":{"@id":"https:\/\/www.estrategiaconcursos.com.br\/blog\/#organization"},"potentialAction":[{"@type":"SearchAction","target":{"@type":"EntryPoint","urlTemplate":"https:\/\/www.estrategiaconcursos.com.br\/blog\/?s={search_term_string}"},"query-input":{"@type":"PropertyValueSpecification","valueRequired":true,"valueName":"search_term_string"}}],"inLanguage":"pt-BR"},{"@type":"Organization","@id":"https:\/\/www.estrategiaconcursos.com.br\/blog\/#organization","name":"Estrat\u00e9gia Concursos","url":"https:\/\/www.estrategiaconcursos.com.br\/blog\/","logo":{"@type":"ImageObject","inLanguage":"pt-BR","@id":"https:\/\/www.estrategiaconcursos.com.br\/blog\/#\/schema\/logo\/image\/","url":"https:\/\/dhg1h5j42swfq.cloudfront.net\/2025\/06\/03203428\/logo_concursos-1.jpg","contentUrl":"https:\/\/dhg1h5j42swfq.cloudfront.net\/2025\/06\/03203428\/logo_concursos-1.jpg","width":230,"height":60,"caption":"Estrat\u00e9gia Concursos"},"image":{"@id":"https:\/\/www.estrategiaconcursos.com.br\/blog\/#\/schema\/logo\/image\/"},"sameAs":["https:\/\/x.com\/EstratConcursos"]},{"@type":"Person","@id":"https:\/\/www.estrategiaconcursos.com.br\/blog\/#\/schema\/person\/b4a388c97673c5f483d72185668afa1f","name":"Coordena\u00e7\u00e3o","image":{"@type":"ImageObject","inLanguage":"pt-BR","@id":"https:\/\/secure.gravatar.com\/avatar\/b720319e4c9a967eb58678d110f4fe35452fc5d5f97b202bac7b8acceb18c6ad?s=96&d=mm&r=g","url":"https:\/\/secure.gravatar.com\/avatar\/b720319e4c9a967eb58678d110f4fe35452fc5d5f97b202bac7b8acceb18c6ad?s=96&d=mm&r=g","contentUrl":"https:\/\/secure.gravatar.com\/avatar\/b720319e4c9a967eb58678d110f4fe35452fc5d5f97b202bac7b8acceb18c6ad?s=96&d=mm&r=g","caption":"Coordena\u00e7\u00e3o"},"sameAs":["https:\/\/www.facebook.com\/EstrategiaConcursos","https:\/\/x.com\/EstratConcursos"],"url":"https:\/\/www.estrategiaconcursos.com.br\/blog\/author\/estrategia2013\/"}]}},"_links":{"self":[{"href":"https:\/\/www.estrategiaconcursos.com.br\/blog\/wp-json\/wp\/v2\/posts\/403418","targetHints":{"allow":["GET"]}}],"collection":[{"href":"https:\/\/www.estrategiaconcursos.com.br\/blog\/wp-json\/wp\/v2\/posts"}],"about":[{"href":"https:\/\/www.estrategiaconcursos.com.br\/blog\/wp-json\/wp\/v2\/types\/post"}],"author":[{"embeddable":true,"href":"https:\/\/www.estrategiaconcursos.com.br\/blog\/wp-json\/wp\/v2\/users\/1"}],"replies":[{"embeddable":true,"href":"https:\/\/www.estrategiaconcursos.com.br\/blog\/wp-json\/wp\/v2\/comments?post=403418"}],"version-history":[{"count":6,"href":"https:\/\/www.estrategiaconcursos.com.br\/blog\/wp-json\/wp\/v2\/posts\/403418\/revisions"}],"predecessor-version":[{"id":1220073,"href":"https:\/\/www.estrategiaconcursos.com.br\/blog\/wp-json\/wp\/v2\/posts\/403418\/revisions\/1220073"}],"wp:featuredmedia":[{"embeddable":true,"href":"https:\/\/www.estrategiaconcursos.com.br\/blog\/wp-json\/wp\/v2\/media\/403424"}],"wp:attachment":[{"href":"https:\/\/www.estrategiaconcursos.com.br\/blog\/wp-json\/wp\/v2\/media?parent=403418"}],"wp:term":[{"taxonomy":"category","embeddable":true,"href":"https:\/\/www.estrategiaconcursos.com.br\/blog\/wp-json\/wp\/v2\/categories?post=403418"},{"taxonomy":"post_tag","embeddable":true,"href":"https:\/\/www.estrategiaconcursos.com.br\/blog\/wp-json\/wp\/v2\/tags?post=403418"},{"taxonomy":"tax_estado","embeddable":true,"href":"https:\/\/www.estrategiaconcursos.com.br\/blog\/wp-json\/wp\/v2\/tax_estado?post=403418"}],"curies":[{"name":"wp","href":"https:\/\/api.w.org\/{rel}","templated":true}]}}