{"id":403157,"date":"2019-07-29T12:10:12","date_gmt":"2019-07-29T15:10:12","guid":{"rendered":"https:\/\/www.estrategiaconcursos.com.br\/blog\/?p=403157"},"modified":"2020-01-03T11:40:38","modified_gmt":"2020-01-03T14:40:38","slug":"concurso-cem","status":"publish","type":"post","link":"https:\/\/www.estrategiaconcursos.com.br\/blog\/concurso-cem\/","title":{"rendered":"Concurso CEM 2019: edital com 54 vagas para n\u00edvel superior"},"content":{"rendered":"\n<p>No m\u00eas de mar\u00e7o de 2019, foi publicado o edital do Concurso de Ingresso do <strong>Corpo de Engenheiros da Marinha<\/strong> do Brasil. S\u00e3o ofertadas <strong>54 vagas<\/strong> no concurso CEM 2019, para diversas especialidades, com exig\u00eancia de <em>n\u00edvel superior<\/em>. <\/p>\n\n\n\n<p>Confira nesta artigo as principais informa\u00e7\u00f5es sobre este concurso e o edital CEM. Acompanhe os t\u00f3picos:<\/p>\n\n\n\n<ul class=\"wp-block-list\"><li><strong><em><a href=\"#status-atual\">Status atual do concurso<\/a><\/em><\/strong><\/li><li><strong><em><a href=\"#principais-datas\">Principais datas<\/a><\/em><\/strong><\/li><li><strong><em><a href=\"#requisitos\">Requisitos<\/a><\/em><\/strong><\/li><li><strong><em><a href=\"#etapas\">Etapas do concurso<\/a><\/em><\/strong><\/li><li><strong><em><a href=\"#provas\">Provas<\/a><\/em><\/strong><\/li><li><strong><em><a href=\"#TAF\">Teste de aptid\u00e3o f\u00edsica<\/a><\/em><\/strong><\/li><li><strong><em><a href=\"#prova-titulos\">Prova de t\u00edtulos<\/a><\/em><\/strong><\/li><li><strong><em><a href=\"#CFO\">Curso de forma\u00e7\u00e3o de Oficiais<\/a><\/em><\/strong><\/li><li><strong><em><a href=\"#cursos\">Cursos militares<\/a><\/em><\/strong><\/li><li><strong><em><a href=\"#ficha-tecnica\">Ficha t\u00e9cnica<\/a><\/em><\/strong><\/li><\/ul>\n\n\n\n<h2 class=\"wp-block-heading\" id=\"status-atual\">Status atual do concurso CEM 2019<\/h2>\n\n\n\n<p>Em mar\u00e7o deste ano foi publicado o edital do concurso p\u00fablico para ingresso no Corpo de Engenheiros da Marinha. Foram ofertadas 54 vagas, para diversas especialidades.<\/p>\n\n\n\n<ul class=\"wp-block-list\"><li>Arquitetura e Urbanismo &#8211; 2 vagas<\/li><li>Engenharia Cartogr\u00e1fica &#8211; 2 vagas<\/li><li>Engenharia Civil &#8211; 5<\/li><li>Engenharia de Materiais &#8211; 2 <\/li><li>Engenharia de Produ\u00e7\u00e3o &#8211; 3<\/li><li>Engenharia de Sistemas de Computa\u00e7\u00e3o &#8211; 3 <\/li><li>Engenharia de Telecomunica\u00e7\u00f5es &#8211; 3 <\/li><li>Engenharia El\u00e9trica &#8211; 7<\/li><li>Engenharia Eletr\u00f4nica &#8211; 5<\/li><li>Engenharia Mec\u00e2nica &#8211; 11<\/li><li>Engenharia Mecatr\u00f4nica &#8211; 2<\/li><li>Engenharia Naval &#8211; 6<\/li><li>Engenharia Qu\u00edmica &#8211; 3 <\/li><\/ul>\n\n\n\n<h2 class=\"wp-block-heading\" id=\"principais-datas\">Principais datas do concurso CEM 2019<\/h2>\n\n\n\n<ul class=\"wp-block-list\"><li><strong>Inscri\u00e7\u00f5es<\/strong>: de 13 de mar\u00e7o a 01 de abril [encerradas]<\/li><li><strong>Prova Objetiva e Reda\u00e7\u00e3o<\/strong>: 2\u00aa quinzena de maio<\/li><li><strong>Prova Discursiva e Tradu\u00e7\u00e3o de Texto<\/strong>: 2\u00aa quinzena de julho<\/li><li><strong>Prova de T\u00edtulos<\/strong>: 11 a 13 de novembro<\/li><li><strong>Verifica\u00e7\u00e3o de Documentos<\/strong>: 11 a 13 de novembro<\/li><li><strong>Avalia\u00e7\u00e3o Psicol\u00f3gica e Verifica\u00e7\u00e3o de Dados Biogr\u00e1ficos<\/strong>: 11 a 14 de novembro<\/li><li><strong>Inspe\u00e7\u00e3o de Sa\u00fade<\/strong>: 13 a 19 de novembro<\/li><li><strong>Teste de Aptid\u00e3o F\u00edsica<\/strong>: 12 a 29 de novembro<\/li><li><strong>Per\u00edodo de Adapta\u00e7\u00e3o<\/strong>: 17 de fevereiro a 08 de mar\u00e7o de 2020<\/li><li><strong>In\u00edcio do Curso<\/strong>: 09 de mar\u00e7o de 2020 <\/li><\/ul>\n\n\n\n<h2 class=\"wp-block-heading\" id=\"requisitos\">Principais requisitos do concurso CEM 2019<\/h2>\n\n\n\n<ul class=\"wp-block-list\"><li>ter menos de 36 anos de idade no primeiro dia do m\u00eas de janeiro 2020<\/li><li>possuir idoneidade moral, a ser apurada por interm\u00e9dio de averigua\u00e7\u00e3o da vida pregressa do candidato<ul><li>se militar ou membro da Pol\u00edcia ou do Corpo de Bombeiros Militar em atividade, apresentar atestado de idoneidade moral e bons antecedentes de conduta emitido pela autoridade a quem estiver subordinado <\/li><\/ul><\/li><li>ter conclu\u00eddo ou estar em fase conclus\u00e3o do curso de Gradua\u00e7\u00e3o em Engenharia ou Arquitetura e Urbanismo. <ul><li>no caso esteja em fase de conclus\u00e3o, deve ser entregue a declara\u00e7\u00e3o e apresentar o Diploma ou Certificado\/Declara\u00e7\u00e3o de conclus\u00e3o at\u00e9 a data de matr\u00edcula no curso <\/li><\/ul><\/li><li>estar registrado no \u00f3rg\u00e3o fiscalizador da profiss\u00e3o a que concorre, at\u00e9 a data da matr\u00edcula no curso<ul><li>caso o candidato n\u00e3o possua ou esteja em fase de conclus\u00e3o da gradua\u00e7\u00e3o, dever\u00e1 entregar a declara\u00e7\u00e3o <\/li><\/ul><\/li><\/ul>\n\n\n\n<h2 class=\"wp-block-heading\" id=\"etapas\">Etapas do concurso CEM 2019<\/h2>\n\n\n\n<ul class=\"wp-block-list\"><li><strong>1\u00aa etapa<\/strong> &#8211; Sele\u00e7\u00e3o Inicial: <ul><li>a) Provas Escritas Objetiva e Discursiva de Conhecimentos Profissionais<\/li><li>b) Reda\u00e7\u00e3o<\/li><li>c) Tradu\u00e7\u00e3o de Texto<\/li><li>d) Eventos Complementares, constitu\u00eddos de:<ul><li>I) Verifica\u00e7\u00e3o de Dados Biogr\u00e1ficos (VDB)<\/li><li>II) Inspe\u00e7\u00e3o de Sa\u00fade (IS)<\/li><li>III) Teste de Aptid\u00e3o F\u00edsica (TAF)<\/li><li>IV) Prova de T\u00edtulos (PT)<\/li><li>V) Avalia\u00e7\u00e3o Psicol\u00f3gica (AP)<\/li><li>VI) Verifica\u00e7\u00e3o de Documentos (VD)<\/li><li>VII) Procedimento de Heteroidentifica\u00e7\u00e3o Complementar \u00e0 Autodeclara\u00e7\u00e3o (PH)<\/li><\/ul><\/li><\/ul><\/li><li><strong>2\u00aa etapa<\/strong> &#8211; Per\u00edodo de Adapta\u00e7\u00e3o (PA) <\/li><\/ul>\n\n\n\n<h2 class=\"wp-block-heading\" id=\"provas\">Provas do concurso CEM 2019<\/h2>\n\n\n\n<p>As provas cont\u00e9m duas fases: a primeira fase conta com a aplica\u00e7\u00e3o de uma <strong>Prova Escrita Objetiva<\/strong> de Conhecimentos Profissionais e uma Reda\u00e7\u00e3o, com dura\u00e7\u00e3o de 4 horas. A prova Escrita \u00e9 constitu\u00edda de 20 quest\u00f5es.<\/p>\n\n\n\n<p>A segunda fase \u00e9 composta pela <strong>Prova Escrita Discursiva<\/strong> de Conhecimentos Profissionais e uma Tradu\u00e7\u00e3o de Texto, com dura\u00e7\u00e3o de 5 horas. Ambas s\u00e3o de car\u00e1ter eliminat\u00f3rio e classificat\u00f3rio.<\/p>\n\n\n\n<p>Todos os candidatos inscritos podem realizar a primeira fase, entretanto, somente s\u00f3 podem realizar as provas da segunda fase, os candidatos aprovados com as maiores notas, at\u00e9 o limite do n\u00famero correspondente a 10 vezes o n\u00famero de vagas previstas, considerando-se os empates na \u00faltima posi\u00e7\u00e3o. <\/p>\n\n\n\n<p>No caso das profiss\u00f5es onde houver a previs\u00e3o de vagas reservadas para candidatos negros, s\u00e3o chamados os candidatos autodeclarados aprovados com as maiores notas, at\u00e9 o limite do n\u00famero correspondente a 10 vezes o n\u00famero de vagas previstas, considerando-se os empates na \u00faltima posi\u00e7\u00e3o. <\/p>\n\n\n\n<h3 class=\"wp-block-heading\">Crit\u00e9rios <\/h3>\n\n\n\n<p>S\u00e3o considerados eliminados nas provas escritas os candidatos que: <\/p>\n\n\n\n<ul class=\"wp-block-list\"><li>a) obtiverem um n\u00famero de acertos inferior a 50% das quest\u00f5es nas provas objetivas e discursivas<\/li><li>b) numa escala de 0 a 100 obtiverem nota inferior a 50 pontos na Reda\u00e7\u00e3o ou na Tradu\u00e7\u00e3o de Texto<\/li><li>c) n\u00e3o tiveram sua Reda\u00e7\u00e3o ou Tradu\u00e7\u00e3o de Texto corrigidas, por estarem al\u00e9m do n\u00famero previsto para corre\u00e7\u00e3o <\/li><\/ul>\n\n\n\n<h2 class=\"wp-block-heading\" id=\"TAF\">Teste de Aptid\u00e3o F\u00edsica do concurso CEM 2019<\/h2>\n\n\n\n<p>O TAF do concurso CEM, \u00e9 de car\u00e1ter eliminat\u00f3rio e consiste das seguintes provas:<\/p>\n\n\n\n<ul class=\"wp-block-list\"><li><strong>a) Nata\u00e7\u00e3o &#8211; 25 metros:<\/strong><ul><li>masculino: tempo m\u00e1ximo de 50 segundos <\/li><li>feminino: tempo m\u00e1ximo de 1 minuto<\/li><\/ul><\/li><li><strong>b) Corrida &#8211; 2.400 metros:<\/strong><ul><li>masculino: tempo m\u00e1ximo de 16 minutos<\/li><li>feminino: tempo m\u00e1ximo de 17 minutos <\/li><\/ul><\/li><\/ul>\n\n\n\n<h2 class=\"wp-block-heading\" id=\"prova-titulos\">Prova de T\u00edtulos do concurso CEM 2019<\/h2>\n\n\n\n<p>A avalia\u00e7\u00e3o de t\u00edtulos \u00e9 realizada pelas Comiss\u00f5es Examinadoras, compostas de Oficiais e\/ou Servidores Civis assemelhados indicados e designados pelas Organiza\u00e7\u00f5es Militares Orientadoras T\u00e9cnicas de cada profiss\u00e3o. Esta prova do concurso CEM possui car\u00e1ter classificat\u00f3rio.<\/p>\n\n\n\n<p>Com o m\u00e1ximo de 100 pontos, os t\u00edtulos poss\u00edveis s\u00e3o:<\/p>\n\n\n\n<h4 class=\"wp-block-heading\">Doutorado &#8211; 35 pontos:<\/h4>\n\n\n\n<ul class=\"wp-block-list\"><li>Diploma de conclus\u00e3o de curso de p\u00f3s-gradua\u00e7\u00e3o \u201cstricto sensu\u201d em n\u00edvel de doutorado na \u00e1rea da profiss\u00e3o a que concorre, emitido por institui\u00e7\u00e3o possuidora de curso recomendado pela CAPES, acompanhado do hist\u00f3rico escolar e da ata de aprova\u00e7\u00e3o da tese. Caso o(a) candidato(a) n\u00e3o possua o Diploma, deve ser apresentada declara\u00e7\u00e3o com a informa\u00e7\u00e3o da data de conclus\u00e3o do curso e o tema da tese, acompanhada dos demais documentos. <\/li><\/ul>\n\n\n\n<h4 class=\"wp-block-heading\">Mestrado &#8211; 25 pontos:<\/h4>\n\n\n\n<ul class=\"wp-block-list\"><li>Diploma de conclus\u00e3o de curso de p\u00f3s-gradua\u00e7\u00e3o \u201c<em>stricto sensu<\/em>\u201d em n\u00edvel de mestrado na \u00e1rea da profiss\u00e3o a que concorre, emitido por institui\u00e7\u00e3o possuidora de curso recomendado pela CAPES, acompanhado do hist\u00f3rico escolar e da ata de aprova\u00e7\u00e3o da disserta\u00e7\u00e3o. Caso o(a) candidato(a) n\u00e3o possua o Diploma, deve ser apresentada declara\u00e7\u00e3o com a informa\u00e7\u00e3o da data de conclus\u00e3o do curso e o tema da disserta\u00e7\u00e3o, acompanhada dos demais documentos. <\/li><\/ul>\n\n\n\n<h4 class=\"wp-block-heading\">Especializa\u00e7\u00e3o &#8211; 20 pontos:<\/h4>\n\n\n\n<ul class=\"wp-block-list\"><li>Certificado ou declara\u00e7\u00e3o de conclus\u00e3o de curso de p\u00f3s-gradua\u00e7\u00e3o \u201clato sensu\u201d em n\u00edvel de Especializa\u00e7\u00e3o \/ MBA, na \u00e1rea da profiss\u00e3o a que concorre, com carga hor\u00e1ria m\u00ednima de 360 horas e corpo docente formado por, no m\u00ednimo, 30% de mestres ou doutores, com 10 pontos por certificado, at\u00e9 o limite de 02 certificados. O certificado\/declara\u00e7\u00e3o deve ser emitido por institui\u00e7\u00e3o de ensino oficialmente reconhecida pelo MEC, ou outras especialmente credenciadas junto ao MEC para a oferta do referido curso, acompanhado do hist\u00f3rico escolar, contendo, dentre outros dados, o elenco do corpo docente que efetivamente ministrou o curso, com sua respectiva titula\u00e7\u00e3o. O curso deve possuir credenciamento\/reconhecimento acad\u00eamico ou profissional junto aos sistemas oficiais de ensino ou Conselhos representativos das especialidades no \u00e2mbito nacional. <\/li><\/ul>\n\n\n\n<h4 class=\"wp-block-heading\">Atividade Profissional &#8211; 10 pontos:<\/h4>\n\n\n\n<ul class=\"wp-block-list\"><li>Exerc\u00edcio de atividade profissional de n\u00edvel superior na Administra\u00e7\u00e3o P\u00fablica ou na Iniciativa Privada, em empregos\/cargos na profiss\u00e3o a que concorre com 2 pontos por ano, at\u00e9 o total de 5 anos, sem sobreposi\u00e7\u00e3o de tempos. <\/li><\/ul>\n\n\n\n<h4 class=\"wp-block-heading\">Artigo &#8211; 04 pontos:<\/h4>\n\n\n\n<ul class=\"wp-block-list\"><li>Artigo publicado, como autor, em peri\u00f3dico nacional ou internacional (Qualis A ou B), at\u00e9 o limite de 1 publica\u00e7\u00e3o. <\/li><\/ul>\n\n\n\n<h4 class=\"wp-block-heading\">Exames de profici\u00eancia &#8211; 06 pontos:<\/h4>\n\n\n\n<ul class=\"wp-block-list\"><li>Certificado\/Diploma de exames de profici\u00eancia nos idiomas ingl\u00eas, espanhol, franc\u00eas ou alem\u00e3o, com 2 pontos por certificado\/diploma, devendo estes, necessariamente, atestar profici\u00eancia em idiomas distintos, at\u00e9 o limite de 3 certificados\/diplomas de exames de profici\u00eancia. A partir do n\u00edvel intermedi\u00e1rio: <ul><li>Cambridge EnglishPreliminary (PET), <\/li><li>Cambridge EnglishFirst (FCE), <\/li><li>Cambridge EnglishAdvanced (CAE), <\/li><li>Cambridge EnglishProficiency (CPE), <\/li><li>IELTS (pontua\u00e7\u00e3o m\u00ednima 4), <\/li><li>TOEFL iBT (pontua\u00e7\u00e3o m\u00ednima 60), <\/li><li>TOEIC (pontua\u00e7\u00e3o m\u00ednima 550), <\/li><li>Michigan ECCE, <\/li><li>Michigan ECPE, <\/li><li>DELE (B1, B2, C1,C2), <\/li><li>DELF (B1, B2), <\/li><li>DALF (C1,C2), <\/li><li>TestDaF, <\/li><li>Goethe-Zertifikat (B1, B2, C1, C2) <\/li><li>BULATS (B1, B2, C1, C2), <\/li><\/ul><\/li><\/ul>\n\n\n\n<h2 class=\"wp-block-heading\" id=\"CFO\">Curso de Forma\u00e7\u00e3o de Oficiais<\/h2>\n\n\n\n<p>Os aprovados e classificados na Sele\u00e7\u00e3o Inicial realiza o Curso de Forma\u00e7\u00e3o de Oficiais (CFO), no Centro de Instru\u00e7\u00e3o Almirante Wandenkolk, localizado no Rio de Janeiro. <\/p>\n\n\n\n<p>Este curso tem por finalidade prepara o candidato para o exerc\u00edcio de cargos e fun\u00e7\u00f5es em Organiza\u00e7\u00f5es Militares da Marinha, de acordo com suas qualifica\u00e7\u00f5es e atendendo \u00e0 conveni\u00eancia do servi\u00e7o.<\/p>\n\n\n\n<p>O Curso \u00e9 constitu\u00eddo por um Per\u00edodo de Adapta\u00e7\u00e3o de, aproximadamente, 3 semanas e uma etapa b\u00e1sica, compreendendo as atividades previstas nos respectivos curr\u00edculos. <\/p>\n\n\n\n<p>Durante esse curso, o Guarda-Marinha perceber\u00e1 remunera\u00e7\u00e3o atinente \u00e0 sua gradua\u00e7\u00e3o, como previsto na Lei de Remunera\u00e7\u00e3o dos Militares, al\u00e9m de serem proporcionados alimenta\u00e7\u00e3o, uniforme, assist\u00eancia m\u00e9dico-odontol\u00f3gica, psicol\u00f3gica, social e religiosa. <\/p>\n\n\n\n<p>Al\u00e9m disso, o candidato realiza um Est\u00e1gio de Aplica\u00e7\u00e3o (EA), com dura\u00e7\u00e3o de at\u00e9 6 semanas, com objetivo de adaptar as caracter\u00edsticas do servi\u00e7o naval inerentes \u00e0 profiss\u00e3o, \u00e0 complementa\u00e7\u00e3o de sua forma\u00e7\u00e3o militar-naval e a avalia\u00e7\u00e3o complementar para o desempenho de fun\u00e7\u00f5es t\u00e9cnicas e administrativas. <\/p>\n\n\n\n<p>O CFO possui dura\u00e7\u00e3o de, aproximadamente, 25 semanas. No decorrer do CFO e EA, o candidato fica sujeito ao Regulamento e ao Regimento Interno do CIAW e \u00e0 legisla\u00e7\u00e3o vigente aplicada a todos os militares da ativa das For\u00e7as Armadas. <\/p>\n\n\n\n<p>Antes de completar 5 anos da nomea\u00e7\u00e3o ao Oficialato, os Oficiais ser\u00e3o avaliados pela Comiss\u00e3o de Promo\u00e7\u00f5es de Oficiais (CPO), visando a sua perman\u00eancia em car\u00e1ter definitivo na Marinha. Os que n\u00e3o obtiverem avalia\u00e7\u00e3o favor\u00e1vel ser\u00e3o licenciados ex off\u00edcio do Servi\u00e7o Ativo da MB. <\/p>\n\n\n\n<h2 class=\"has-text-align-center wp-block-heading\" id=\"cursos\">Quer estudar para o concurso CEM 2019?<\/h2>\n\n\n\n<p class=\"has-text-align-center\"><em>Gostou desta oportunidade e deseja se preparar? Ent\u00e3o, confira abaixo nossos cursos e inicie seus estudos agora mesmo:<\/em><\/p>\n\n\n\n<p style=\"font-size:23px\" class=\"has-background has-text-align-center has-light-green-cyan-background-color\"><strong><a rel=\"noreferrer noopener\" href=\"https:\/\/www.estrategiaconcursos.com.br\/cursosPorConcurso\/cursos-para-concursos-militares\/\" target=\"_blank\">CURSOS MILITARES<\/a><\/strong><\/p>\n\n\n\n<figure class=\"wp-block-image\"><img loading=\"lazy\" decoding=\"async\" width=\"300\" height=\"102\" src=\"https:\/\/dhg1h5j42swfq.cloudfront.net\/2017\/03\/28152500\/coruja-ficha-tecnica-300x102.png\" alt=\"Ficha t\u00e9cnica concurso CEM 2019\" class=\"wp-image-68542\"\/><\/figure>\n\n\n\n<h3 class=\"wp-block-heading\" id=\"ficha-tecnica\"><strong>\u25baInforma\u00e7\u00f5es sobre o concurso CEM<\/strong> 2019<\/h3>\n\n\n\n<p>\u25ba<strong>Data<\/strong>: maio\/2019<br \/>\u25ba<strong>Vagas<\/strong>: 54<br \/>\u25ba<strong>Cargos<\/strong>: Oficial Engenheiro da Marinha<br \/>\u25ba<strong>Lota\u00e7\u00f5es<\/strong>: Brasil<br \/>\u25ba<strong>Banca<\/strong>: Servi\u00e7o de Sele\u00e7\u00e3o de Pessoal da Marinha (SSPM)&nbsp;<br \/>\u25ba<strong>Escolaridade<\/strong>: N\u00edvel Superior<br \/>\u25ba<strong>Edital<\/strong>: <a rel=\"noreferrer noopener\" aria-label=\"Edital CEM (abre numa nova aba)\" href=\"https:\/\/dhg1h5j42swfq.cloudfront.net\/2019\/03\/13070203\/CP-CEM-2019.pdf\" target=\"_blank\"><strong>Edital CEM<\/strong><\/a><\/p>\n\n\n\n<p><em>Ascom Estrat\u00e9gia<\/em><br \/>ascomestrategia@gmail.com<\/p>\n","protected":false},"excerpt":{"rendered":"<p>No m\u00eas de mar\u00e7o de 2019, foi publicado o edital do Concurso de Ingresso do Corpo de Engenheiros da Marinha do Brasil. S\u00e3o ofertadas 54 vagas no concurso CEM 2019, para diversas especialidades, com exig\u00eancia de n\u00edvel superior. Confira nesta artigo as principais informa\u00e7\u00f5es sobre este concurso e o edital CEM. Acompanhe os t\u00f3picos: Status [&hellip;]<\/p>\n","protected":false},"author":214,"featured_media":404050,"comment_status":"open","ping_status":"closed","sticky":false,"template":"","format":"standard","meta":{"post_tipo":"article","footnotes":""},"categories":[1],"tags":[],"tax_estado":[],"class_list":["post-403157","post","type-post","status-publish","format-standard","has-post-thumbnail","hentry","category-cursos-e-concursos"],"acf":[],"yoast_head":"<!-- This site is optimized with the Yoast SEO Premium plugin v27.2 (Yoast SEO v27.2) - https:\/\/yoast.com\/product\/yoast-seo-premium-wordpress\/ -->\n<title>Concurso CEM 2019: edital com 54 vagas para n\u00edvel superior<\/title>\n<meta name=\"description\" content=\"Concurso CEM 2019: Publicado em mar\u00e7o, edital oferta 54 vagas para diversas especialidades de n\u00edvel superior. Confira tudo aqui!\" \/>\n<meta name=\"robots\" content=\"index, follow, max-snippet:-1, max-image-preview:large, max-video-preview:-1\" \/>\n<link rel=\"canonical\" href=\"https:\/\/www.estrategiaconcursos.com.br\/blog\/concurso-cem\/\" \/>\n<meta property=\"og:locale\" content=\"pt_BR\" \/>\n<meta property=\"og:type\" content=\"article\" \/>\n<meta property=\"og:title\" content=\"Concurso CEM 2019: edital com 54 vagas para n\u00edvel superior\" \/>\n<meta property=\"og:description\" content=\"Concurso CEM 2019: Publicado em mar\u00e7o, edital oferta 54 vagas para diversas especialidades de n\u00edvel superior. Confira tudo aqui!\" \/>\n<meta property=\"og:url\" content=\"https:\/\/www.estrategiaconcursos.com.br\/blog\/concurso-cem\/\" \/>\n<meta property=\"og:site_name\" content=\"Estrat\u00e9gia Concursos\" \/>\n<meta property=\"article:published_time\" content=\"2019-07-29T15:10:12+00:00\" \/>\n<meta property=\"article:modified_time\" content=\"2020-01-03T14:40:38+00:00\" \/>\n<meta property=\"og:image\" content=\"https:\/\/dhg1h5j42swfq.cloudfront.net\/2019\/07\/30171408\/CEM.jpg\" \/>\n\t<meta property=\"og:image:width\" content=\"1200\" \/>\n\t<meta property=\"og:image:height\" content=\"628\" \/>\n\t<meta property=\"og:image:type\" content=\"image\/jpeg\" \/>\n<meta name=\"author\" content=\"D\u00e9cio Terror Filho\" \/>\n<meta name=\"twitter:card\" content=\"summary_large_image\" \/>\n<meta name=\"twitter:creator\" content=\"@EstratConcursos\" \/>\n<meta name=\"twitter:site\" content=\"@EstratConcursos\" \/>\n<meta name=\"twitter:label1\" content=\"Escrito por\" \/>\n\t<meta name=\"twitter:data1\" content=\"D\u00e9cio Terror Filho\" \/>\n\t<meta name=\"twitter:label2\" content=\"Est. tempo de leitura\" \/>\n\t<meta name=\"twitter:data2\" content=\"9 minutos\" \/>\n<script type=\"application\/ld+json\" class=\"yoast-schema-graph\">{\"@context\":\"https:\/\/schema.org\",\"@graph\":[{\"@type\":\"NewsArticle\",\"@id\":\"https:\/\/www.estrategiaconcursos.com.br\/blog\/concurso-cem\/#article\",\"isPartOf\":{\"@id\":\"https:\/\/www.estrategiaconcursos.com.br\/blog\/concurso-cem\/\"},\"author\":{\"name\":\"D\u00e9cio Terror Filho\",\"@id\":\"https:\/\/www.estrategiaconcursos.com.br\/blog\/#\/schema\/person\/e8165364027a31208914fc77c3314727\"},\"headline\":\"Concurso CEM 2019: edital com 54 vagas para n\u00edvel superior\",\"datePublished\":\"2019-07-29T15:10:12+00:00\",\"dateModified\":\"2020-01-03T14:40:38+00:00\",\"mainEntityOfPage\":{\"@id\":\"https:\/\/www.estrategiaconcursos.com.br\/blog\/concurso-cem\/\"},\"wordCount\":1751,\"commentCount\":0,\"publisher\":{\"@id\":\"https:\/\/www.estrategiaconcursos.com.br\/blog\/#organization\"},\"image\":{\"@id\":\"https:\/\/www.estrategiaconcursos.com.br\/blog\/concurso-cem\/#primaryimage\"},\"thumbnailUrl\":\"https:\/\/dhg1h5j42swfq.cloudfront.net\/2019\/07\/30171408\/CEM.jpg\",\"articleSection\":[\"Concursos P\u00fablicos\"],\"inLanguage\":\"pt-BR\",\"potentialAction\":[{\"@type\":\"CommentAction\",\"name\":\"Comment\",\"target\":[\"https:\/\/www.estrategiaconcursos.com.br\/blog\/concurso-cem\/#respond\"]}],\"copyrightYear\":\"2019\",\"copyrightHolder\":{\"@id\":\"https:\/\/www.estrategiaconcursos.com.br\/blog\/#organization\"}},{\"@type\":\"WebPage\",\"@id\":\"https:\/\/www.estrategiaconcursos.com.br\/blog\/concurso-cem\/\",\"url\":\"https:\/\/www.estrategiaconcursos.com.br\/blog\/concurso-cem\/\",\"name\":\"Concurso CEM 2019: edital com 54 vagas para n\u00edvel superior\",\"isPartOf\":{\"@id\":\"https:\/\/www.estrategiaconcursos.com.br\/blog\/#website\"},\"primaryImageOfPage\":{\"@id\":\"https:\/\/www.estrategiaconcursos.com.br\/blog\/concurso-cem\/#primaryimage\"},\"image\":{\"@id\":\"https:\/\/www.estrategiaconcursos.com.br\/blog\/concurso-cem\/#primaryimage\"},\"thumbnailUrl\":\"https:\/\/dhg1h5j42swfq.cloudfront.net\/2019\/07\/30171408\/CEM.jpg\",\"datePublished\":\"2019-07-29T15:10:12+00:00\",\"dateModified\":\"2020-01-03T14:40:38+00:00\",\"description\":\"Concurso CEM 2019: Publicado em mar\u00e7o, edital oferta 54 vagas para diversas especialidades de n\u00edvel superior. Confira tudo aqui!\",\"breadcrumb\":{\"@id\":\"https:\/\/www.estrategiaconcursos.com.br\/blog\/concurso-cem\/#breadcrumb\"},\"inLanguage\":\"pt-BR\",\"potentialAction\":[{\"@type\":\"ReadAction\",\"target\":[\"https:\/\/www.estrategiaconcursos.com.br\/blog\/concurso-cem\/\"]}]},{\"@type\":\"ImageObject\",\"inLanguage\":\"pt-BR\",\"@id\":\"https:\/\/www.estrategiaconcursos.com.br\/blog\/concurso-cem\/#primaryimage\",\"url\":\"https:\/\/dhg1h5j42swfq.cloudfront.net\/2019\/07\/30171408\/CEM.jpg\",\"contentUrl\":\"https:\/\/dhg1h5j42swfq.cloudfront.net\/2019\/07\/30171408\/CEM.jpg\",\"width\":1200,\"height\":628},{\"@type\":\"BreadcrumbList\",\"@id\":\"https:\/\/www.estrategiaconcursos.com.br\/blog\/concurso-cem\/#breadcrumb\",\"itemListElement\":[{\"@type\":\"ListItem\",\"position\":1,\"name\":\"In\u00edcio\",\"item\":\"https:\/\/www.estrategiaconcursos.com.br\/blog\/\"},{\"@type\":\"ListItem\",\"position\":2,\"name\":\"Concurso CEM 2019: edital com 54 vagas para n\u00edvel superior\"}]},{\"@type\":\"WebSite\",\"@id\":\"https:\/\/www.estrategiaconcursos.com.br\/blog\/#website\",\"url\":\"https:\/\/www.estrategiaconcursos.com.br\/blog\/\",\"name\":\"Estrat\u00e9gia Concursos\",\"description\":\"O blog da Estrat\u00e9gia Concursos traz not\u00edcias sobre concursos e artigos de professores oferecendo cursos para concursos (pdf + videaulas) no site.\",\"publisher\":{\"@id\":\"https:\/\/www.estrategiaconcursos.com.br\/blog\/#organization\"},\"potentialAction\":[{\"@type\":\"SearchAction\",\"target\":{\"@type\":\"EntryPoint\",\"urlTemplate\":\"https:\/\/www.estrategiaconcursos.com.br\/blog\/?s={search_term_string}\"},\"query-input\":{\"@type\":\"PropertyValueSpecification\",\"valueRequired\":true,\"valueName\":\"search_term_string\"}}],\"inLanguage\":\"pt-BR\"},{\"@type\":\"Organization\",\"@id\":\"https:\/\/www.estrategiaconcursos.com.br\/blog\/#organization\",\"name\":\"Estrat\u00e9gia Concursos\",\"url\":\"https:\/\/www.estrategiaconcursos.com.br\/blog\/\",\"logo\":{\"@type\":\"ImageObject\",\"inLanguage\":\"pt-BR\",\"@id\":\"https:\/\/www.estrategiaconcursos.com.br\/blog\/#\/schema\/logo\/image\/\",\"url\":\"https:\/\/dhg1h5j42swfq.cloudfront.net\/2025\/06\/03203428\/logo_concursos-1.jpg\",\"contentUrl\":\"https:\/\/dhg1h5j42swfq.cloudfront.net\/2025\/06\/03203428\/logo_concursos-1.jpg\",\"width\":230,\"height\":60,\"caption\":\"Estrat\u00e9gia Concursos\"},\"image\":{\"@id\":\"https:\/\/www.estrategiaconcursos.com.br\/blog\/#\/schema\/logo\/image\/\"},\"sameAs\":[\"https:\/\/x.com\/EstratConcursos\"]},{\"@type\":\"Person\",\"@id\":\"https:\/\/www.estrategiaconcursos.com.br\/blog\/#\/schema\/person\/e8165364027a31208914fc77c3314727\",\"name\":\"D\u00e9cio Terror Filho\",\"image\":{\"@type\":\"ImageObject\",\"inLanguage\":\"pt-BR\",\"@id\":\"https:\/\/secure.gravatar.com\/avatar\/a5b78e734de7c6482e965926e78344deb81abbc34282a3c9536cbb1a59728a37?s=96&d=mm&r=g\",\"url\":\"https:\/\/secure.gravatar.com\/avatar\/a5b78e734de7c6482e965926e78344deb81abbc34282a3c9536cbb1a59728a37?s=96&d=mm&r=g\",\"contentUrl\":\"https:\/\/secure.gravatar.com\/avatar\/a5b78e734de7c6482e965926e78344deb81abbc34282a3c9536cbb1a59728a37?s=96&d=mm&r=g\",\"caption\":\"D\u00e9cio Terror Filho\"},\"url\":\"https:\/\/www.estrategiaconcursos.com.br\/blog\/author\/contatoterrorportugues-com-br\/\"}]}<\/script>\n<!-- \/ Yoast SEO Premium plugin. -->","yoast_head_json":{"title":"Concurso CEM 2019: edital com 54 vagas para n\u00edvel superior","description":"Concurso CEM 2019: Publicado em mar\u00e7o, edital oferta 54 vagas para diversas especialidades de n\u00edvel superior. Confira tudo aqui!","robots":{"index":"index","follow":"follow","max-snippet":"max-snippet:-1","max-image-preview":"max-image-preview:large","max-video-preview":"max-video-preview:-1"},"canonical":"https:\/\/www.estrategiaconcursos.com.br\/blog\/concurso-cem\/","og_locale":"pt_BR","og_type":"article","og_title":"Concurso CEM 2019: edital com 54 vagas para n\u00edvel superior","og_description":"Concurso CEM 2019: Publicado em mar\u00e7o, edital oferta 54 vagas para diversas especialidades de n\u00edvel superior. Confira tudo aqui!","og_url":"https:\/\/www.estrategiaconcursos.com.br\/blog\/concurso-cem\/","og_site_name":"Estrat\u00e9gia Concursos","article_published_time":"2019-07-29T15:10:12+00:00","article_modified_time":"2020-01-03T14:40:38+00:00","og_image":[{"width":1200,"height":628,"url":"https:\/\/dhg1h5j42swfq.cloudfront.net\/2019\/07\/30171408\/CEM.jpg","type":"image\/jpeg"}],"author":"D\u00e9cio Terror Filho","twitter_card":"summary_large_image","twitter_creator":"@EstratConcursos","twitter_site":"@EstratConcursos","twitter_misc":{"Escrito por":"D\u00e9cio Terror Filho","Est. tempo de leitura":"9 minutos"},"schema":{"@context":"https:\/\/schema.org","@graph":[{"@type":"NewsArticle","@id":"https:\/\/www.estrategiaconcursos.com.br\/blog\/concurso-cem\/#article","isPartOf":{"@id":"https:\/\/www.estrategiaconcursos.com.br\/blog\/concurso-cem\/"},"author":{"name":"D\u00e9cio Terror Filho","@id":"https:\/\/www.estrategiaconcursos.com.br\/blog\/#\/schema\/person\/e8165364027a31208914fc77c3314727"},"headline":"Concurso CEM 2019: edital com 54 vagas para n\u00edvel superior","datePublished":"2019-07-29T15:10:12+00:00","dateModified":"2020-01-03T14:40:38+00:00","mainEntityOfPage":{"@id":"https:\/\/www.estrategiaconcursos.com.br\/blog\/concurso-cem\/"},"wordCount":1751,"commentCount":0,"publisher":{"@id":"https:\/\/www.estrategiaconcursos.com.br\/blog\/#organization"},"image":{"@id":"https:\/\/www.estrategiaconcursos.com.br\/blog\/concurso-cem\/#primaryimage"},"thumbnailUrl":"https:\/\/dhg1h5j42swfq.cloudfront.net\/2019\/07\/30171408\/CEM.jpg","articleSection":["Concursos P\u00fablicos"],"inLanguage":"pt-BR","potentialAction":[{"@type":"CommentAction","name":"Comment","target":["https:\/\/www.estrategiaconcursos.com.br\/blog\/concurso-cem\/#respond"]}],"copyrightYear":"2019","copyrightHolder":{"@id":"https:\/\/www.estrategiaconcursos.com.br\/blog\/#organization"}},{"@type":"WebPage","@id":"https:\/\/www.estrategiaconcursos.com.br\/blog\/concurso-cem\/","url":"https:\/\/www.estrategiaconcursos.com.br\/blog\/concurso-cem\/","name":"Concurso CEM 2019: edital com 54 vagas para n\u00edvel superior","isPartOf":{"@id":"https:\/\/www.estrategiaconcursos.com.br\/blog\/#website"},"primaryImageOfPage":{"@id":"https:\/\/www.estrategiaconcursos.com.br\/blog\/concurso-cem\/#primaryimage"},"image":{"@id":"https:\/\/www.estrategiaconcursos.com.br\/blog\/concurso-cem\/#primaryimage"},"thumbnailUrl":"https:\/\/dhg1h5j42swfq.cloudfront.net\/2019\/07\/30171408\/CEM.jpg","datePublished":"2019-07-29T15:10:12+00:00","dateModified":"2020-01-03T14:40:38+00:00","description":"Concurso CEM 2019: Publicado em mar\u00e7o, edital oferta 54 vagas para diversas especialidades de n\u00edvel superior. Confira tudo aqui!","breadcrumb":{"@id":"https:\/\/www.estrategiaconcursos.com.br\/blog\/concurso-cem\/#breadcrumb"},"inLanguage":"pt-BR","potentialAction":[{"@type":"ReadAction","target":["https:\/\/www.estrategiaconcursos.com.br\/blog\/concurso-cem\/"]}]},{"@type":"ImageObject","inLanguage":"pt-BR","@id":"https:\/\/www.estrategiaconcursos.com.br\/blog\/concurso-cem\/#primaryimage","url":"https:\/\/dhg1h5j42swfq.cloudfront.net\/2019\/07\/30171408\/CEM.jpg","contentUrl":"https:\/\/dhg1h5j42swfq.cloudfront.net\/2019\/07\/30171408\/CEM.jpg","width":1200,"height":628},{"@type":"BreadcrumbList","@id":"https:\/\/www.estrategiaconcursos.com.br\/blog\/concurso-cem\/#breadcrumb","itemListElement":[{"@type":"ListItem","position":1,"name":"In\u00edcio","item":"https:\/\/www.estrategiaconcursos.com.br\/blog\/"},{"@type":"ListItem","position":2,"name":"Concurso CEM 2019: edital com 54 vagas para n\u00edvel superior"}]},{"@type":"WebSite","@id":"https:\/\/www.estrategiaconcursos.com.br\/blog\/#website","url":"https:\/\/www.estrategiaconcursos.com.br\/blog\/","name":"Estrat\u00e9gia Concursos","description":"O blog da Estrat\u00e9gia Concursos traz not\u00edcias sobre concursos e artigos de professores oferecendo cursos para concursos (pdf + videaulas) no site.","publisher":{"@id":"https:\/\/www.estrategiaconcursos.com.br\/blog\/#organization"},"potentialAction":[{"@type":"SearchAction","target":{"@type":"EntryPoint","urlTemplate":"https:\/\/www.estrategiaconcursos.com.br\/blog\/?s={search_term_string}"},"query-input":{"@type":"PropertyValueSpecification","valueRequired":true,"valueName":"search_term_string"}}],"inLanguage":"pt-BR"},{"@type":"Organization","@id":"https:\/\/www.estrategiaconcursos.com.br\/blog\/#organization","name":"Estrat\u00e9gia Concursos","url":"https:\/\/www.estrategiaconcursos.com.br\/blog\/","logo":{"@type":"ImageObject","inLanguage":"pt-BR","@id":"https:\/\/www.estrategiaconcursos.com.br\/blog\/#\/schema\/logo\/image\/","url":"https:\/\/dhg1h5j42swfq.cloudfront.net\/2025\/06\/03203428\/logo_concursos-1.jpg","contentUrl":"https:\/\/dhg1h5j42swfq.cloudfront.net\/2025\/06\/03203428\/logo_concursos-1.jpg","width":230,"height":60,"caption":"Estrat\u00e9gia Concursos"},"image":{"@id":"https:\/\/www.estrategiaconcursos.com.br\/blog\/#\/schema\/logo\/image\/"},"sameAs":["https:\/\/x.com\/EstratConcursos"]},{"@type":"Person","@id":"https:\/\/www.estrategiaconcursos.com.br\/blog\/#\/schema\/person\/e8165364027a31208914fc77c3314727","name":"D\u00e9cio Terror Filho","image":{"@type":"ImageObject","inLanguage":"pt-BR","@id":"https:\/\/secure.gravatar.com\/avatar\/a5b78e734de7c6482e965926e78344deb81abbc34282a3c9536cbb1a59728a37?s=96&d=mm&r=g","url":"https:\/\/secure.gravatar.com\/avatar\/a5b78e734de7c6482e965926e78344deb81abbc34282a3c9536cbb1a59728a37?s=96&d=mm&r=g","contentUrl":"https:\/\/secure.gravatar.com\/avatar\/a5b78e734de7c6482e965926e78344deb81abbc34282a3c9536cbb1a59728a37?s=96&d=mm&r=g","caption":"D\u00e9cio Terror Filho"},"url":"https:\/\/www.estrategiaconcursos.com.br\/blog\/author\/contatoterrorportugues-com-br\/"}]}},"_links":{"self":[{"href":"https:\/\/www.estrategiaconcursos.com.br\/blog\/wp-json\/wp\/v2\/posts\/403157","targetHints":{"allow":["GET"]}}],"collection":[{"href":"https:\/\/www.estrategiaconcursos.com.br\/blog\/wp-json\/wp\/v2\/posts"}],"about":[{"href":"https:\/\/www.estrategiaconcursos.com.br\/blog\/wp-json\/wp\/v2\/types\/post"}],"author":[{"embeddable":true,"href":"https:\/\/www.estrategiaconcursos.com.br\/blog\/wp-json\/wp\/v2\/users\/214"}],"replies":[{"embeddable":true,"href":"https:\/\/www.estrategiaconcursos.com.br\/blog\/wp-json\/wp\/v2\/comments?post=403157"}],"version-history":[{"count":18,"href":"https:\/\/www.estrategiaconcursos.com.br\/blog\/wp-json\/wp\/v2\/posts\/403157\/revisions"}],"predecessor-version":[{"id":465545,"href":"https:\/\/www.estrategiaconcursos.com.br\/blog\/wp-json\/wp\/v2\/posts\/403157\/revisions\/465545"}],"wp:featuredmedia":[{"embeddable":true,"href":"https:\/\/www.estrategiaconcursos.com.br\/blog\/wp-json\/wp\/v2\/media\/404050"}],"wp:attachment":[{"href":"https:\/\/www.estrategiaconcursos.com.br\/blog\/wp-json\/wp\/v2\/media?parent=403157"}],"wp:term":[{"taxonomy":"category","embeddable":true,"href":"https:\/\/www.estrategiaconcursos.com.br\/blog\/wp-json\/wp\/v2\/categories?post=403157"},{"taxonomy":"post_tag","embeddable":true,"href":"https:\/\/www.estrategiaconcursos.com.br\/blog\/wp-json\/wp\/v2\/tags?post=403157"},{"taxonomy":"tax_estado","embeddable":true,"href":"https:\/\/www.estrategiaconcursos.com.br\/blog\/wp-json\/wp\/v2\/tax_estado?post=403157"}],"curies":[{"name":"wp","href":"https:\/\/api.w.org\/{rel}","templated":true}]}}