{"id":402635,"date":"2020-10-12T11:40:00","date_gmt":"2020-10-12T14:40:00","guid":{"rendered":"https:\/\/www.estrategiaconcursos.com.br\/blog\/?p=402635"},"modified":"2024-01-16T17:00:15","modified_gmt":"2024-01-16T20:00:15","slug":"concurso-prefeitura-altamira","status":"publish","type":"post","link":"https:\/\/www.estrategiaconcursos.com.br\/blog\/concurso-prefeitura-altamira\/","title":{"rendered":"Concurso Prefeitura de Altamira: confira os gabaritos"},"content":{"rendered":"\n<p>Foram publicados os gabaritos preliminares das provas objetivas do concurso p\u00fablico da Prefeitura de Altamira, estado do Par\u00e1, aplicadas em 11 de outubro. Vale ressaltar que a etapa ainda ocorre nos dias 18 e 25 de outubro.<\/p>\n\n\n\n<p>A Prefeitura de Altamira oferta, ao todo, em seus tr\u00eas editais <strong>1.859 vagas<\/strong>. As oportunidades s\u00e3o para todos os n\u00edveis de escolaridade e se distribuem em v\u00e1rias secretarias, tais como Educa\u00e7\u00e3o, Sa\u00fade e Finan\u00e7as.<\/p>\n\n\n\n<p>A fim de te deixar sempre bem informado, separamos as principais informa\u00e7\u00f5es e novidades sobre o concurso Prefeitura de Altamira. Acompanhe os t\u00f3picos abaixo e n\u00e3o perca nenhum detalhe:<\/p>\n\n\n\n<ul class=\"wp-block-list\">\n<li><strong><a href=\"#datas\">Principais datas<\/a><\/strong><\/li>\n\n\n\n<li><strong><a href=\"#cargos-vagas\">Cargos e vagas<\/a><\/strong><\/li>\n\n\n\n<li><strong><a href=\"#etapas-provas\">Etapas e provas<\/a><\/strong><\/li>\n\n\n\n<li><strong><a href=\"#altamira\">Onde fica Altamira?<\/a><\/strong><\/li>\n\n\n\n<li><strong><a href=\"#assinatura-e-cursos\">Assinatura ilimitada e cursos<\/a> <\/strong><\/li>\n\n\n\n<li><strong><a href=\"#ficha-tecnica\">Ficha t\u00e9cnica<\/a><\/strong><\/li>\n<\/ul>\n\n\n\n<div class=\"container\" id=\"boxes\">\n  <div class=\"row\">\n\n    <div class=\"col-sm\">\n      <div class=\"banner-ecj\" id=\"box-assinatura\">\n        <h3 class=\"titulo-assinatura\">Cursos para concursos <\/h3>\n        <p class=\"subtitulo-assinatura\">Cursos focados no edital do concurso<\/p>\n        <div class=\"box-botao\">\n          <a class=\"btn-assinatura\" target=\"_blank\" href=\"https:\/\/www.estrategiaconcursos.com.br\/cursos\/concurso\/\" role=\"button\" rel=\"noopener noreferrer\">Conhe\u00e7a mais<\/a>\n        <\/div>\n      <\/div>\n      <p class=\"texto-auxiliar\">Prepare-se com o melhor material e com quem mais aprova em concursos p\u00fablicos em todo o pa\u00eds. \n<\/p>\n    <\/div>\n\n  <\/div>\n<\/div>\n\n\n\n<h2 class=\"wp-block-heading\" id=\"datas\">Principais datas do concurso Prefeitura de Altamira <\/h2>\n\n\n\n<p class=\"has-very-light-gray-background-color has-background\"><strong>EDITAL 01 &#8211; EDUCA\u00c7\u00c3O<\/strong><\/p>\n\n\n\n<ul class=\"wp-block-list\">\n<li><strong>Inscri\u00e7\u00f5es<\/strong>: <s>31 de janeiro a 04 de mar\u00e7o<\/s> <\/li>\n\n\n\n<li><strong>Isen\u00e7\u00e3o da taxa<\/strong>: <s>03 a 07 de fevereiro<\/s> <\/li>\n\n\n\n<li><strong>\u00daltimo dia para pagamento<\/strong>: <s>05 de mar\u00e7o<\/s><\/li>\n\n\n\n<li><strong>Provas<\/strong>: 11 e 18 de outubro<\/li>\n<\/ul>\n\n\n\n<p class=\"has-text-align-center has-medium-font-size\"><a rel=\"noreferrer noopener\" href=\"https:\/\/dhg1h5j42swfq.cloudfront.net\/2020\/10\/12111531\/cronograma-001-2020-alterado-ok-20200817085525.pdf\" target=\"_blank\"><strong>Novo cronograma<\/strong><\/a><\/p>\n\n\n\n<p class=\"has-very-light-gray-background-color has-background\"><strong>EDITAL 02 &#8211; SA\u00daDE<\/strong><\/p>\n\n\n\n<ul class=\"wp-block-list\">\n<li><strong>Inscri\u00e7\u00f5es<\/strong>: <s>07 de fevereiro a 08 de mar\u00e7o<\/s><\/li>\n\n\n\n<li><strong>Isen\u00e7\u00e3o da taxa<\/strong>: <s>10 a 14 de fevereiro<\/s><\/li>\n\n\n\n<li><strong>\u00daltimo dia para pagamento<\/strong>: <s>09 de mar\u00e7o<\/s><\/li>\n\n\n\n<li><strong>Prova<\/strong>: 18 de outubro<\/li>\n<\/ul>\n\n\n\n<p class=\"has-text-align-center has-medium-font-size\"><a href=\"https:\/\/dhg1h5j42swfq.cloudfront.net\/2020\/10\/12111528\/cronograma-002-2020-alterado-ok-20200817085626.pdf\" target=\"_blank\" rel=\"noreferrer noopener\"><strong>Novo cronograma<\/strong><\/a><\/p>\n\n\n\n<p class=\"has-very-light-gray-background-color has-background\"><strong>EDITAL 03 &#8211; DIVERSOS<\/strong><\/p>\n\n\n\n<ul class=\"wp-block-list\">\n<li><strong>Inscri\u00e7\u00f5es<\/strong>: <s>07 de fevereiro a 08 de mar\u00e7o<\/s><\/li>\n\n\n\n<li><strong>Isen\u00e7\u00e3o da taxa<\/strong>: <s>10 a 14 de fevereiro<\/s><\/li>\n\n\n\n<li><strong>\u00daltimo dia para pagamento<\/strong>: <s>09 de mar\u00e7o<\/s><\/li>\n\n\n\n<li><strong>Provas<\/strong>: 11, 18 e 25 de outubro <\/li>\n<\/ul>\n\n\n\n<p class=\"has-text-align-center has-medium-font-size\"><a href=\"https:\/\/dhg1h5j42swfq.cloudfront.net\/2020\/10\/12111525\/cronograma-003-2020-alterado-ok-20200817085730.pdf\" target=\"_blank\" rel=\"noreferrer noopener\"><strong>Novo cronograma<\/strong><\/a><\/p>\n\n\n\n<h2 class=\"wp-block-heading\" id=\"cargos-vagas\">Cargos e vagas do concurso Prefeitura de Altamira <\/h2>\n\n\n\n<h3 class=\"wp-block-heading\">EDUCA\u00c7\u00c3O &#8211; EDITAL 01<\/h3>\n\n\n\n<h4 class=\"wp-block-heading\">N\u00edvel m\u00e9dio\/t\u00e9cnico<\/h4>\n\n\n\n<figure class=\"wp-block-table is-style-stripes\"><table class=\"has-background has-fixed-layout\" style=\"background-color:#e7f5fe\"><tbody><tr><td><strong>CARGO<\/strong><\/td><td><strong>VAGAS<\/strong><\/td><td><strong>REMUNERA\u00c7\u00c3O<\/strong><\/td><\/tr><tr><td> Professor do Magist\u00e9rio<\/td><td>39<\/td><td> R$ 2.557,73 <\/td><\/tr><\/tbody><\/table><\/figure>\n\n\n\n<h4 class=\"wp-block-heading\">N\u00edvel superior<\/h4>\n\n\n\n<figure class=\"wp-block-table is-style-stripes\"><table class=\"has-background has-fixed-layout\" style=\"background-color:#e7f5fe\"><tbody><tr><td><strong>CARGO<\/strong><\/td><td><strong>VAGAS<\/strong><\/td><td><strong>REMUNERA\u00c7\u00c3O<\/strong><\/td><\/tr><tr><td> Pedagogo <\/td><td>346<\/td><td> R$ 2.557,73 <\/td><\/tr><tr><td> Professor de Educa\u00e7\u00e3o do Campo <\/td><td>31<\/td><td> R$ 2.557,73 <\/td><\/tr><tr><td> Professor\/Instrutor   de Libras<\/td><td>05<\/td><td> R$ 2.557,73 <\/td><\/tr><tr><td> Professor Auxiliar de Sala Regular <\/td><td>24<\/td><td> R$ 2.557,73 <\/td><\/tr><tr><td> Professor de Atendimento Educacional  <\/td><td>24<\/td><td> R$ 2.557,73 <\/td><\/tr><tr><td> Professor (v\u00e1rias disciplinas)<\/td><td>287<\/td><td> R$ 2.557,73 <\/td><\/tr><\/tbody><\/table><\/figure>\n\n\n\n<h3 class=\"wp-block-heading\">SA\u00daDE &#8211; EDITAL 02<\/h3>\n\n\n\n<h4 class=\"wp-block-heading\">Curso superior<\/h4>\n\n\n\n<figure class=\"wp-block-table is-style-stripes\"><table class=\"has-background has-fixed-layout\" style=\"background-color:#e7f5fe\"><tbody><tr><td><strong>CARGO<\/strong><\/td><td><strong>VAGAS<\/strong><\/td><td><strong>REMUNERA\u00c7\u00c3O<\/strong><\/td><\/tr><tr><td>Cirurgi\u00e3o Dentista<\/td><td>15<\/td><td>R$ 3.300,00<\/td><\/tr><tr><td>Cirurgi\u00e3o Dentista<br \/>Buco maxilofacial<\/td><td>01<\/td><td>R$ 3.500,00<\/td><\/tr><tr><td>Cirurgi\u00e3o Dentista<br \/>Periodontista<\/td><td>01<\/td><td>R$ 3.500,00<\/td><\/tr><tr><td>Enfermeiro<\/td><td>43<\/td><td>R$ 3.300,00<\/td><\/tr><tr><td>Enfermeiro Obst\u00e9trico<\/td><td>06<\/td><td>R$ 3.500,00<\/td><\/tr><tr><td>Farmac\u00eautico\/Bioqu\u00edmico<\/td><td>08<\/td><td>R$ 3.300,00<\/td><\/tr><tr><td>Farmac\u00eautico\/Citopatologista<\/td><td>01<\/td><td>R$ 3.300,00<\/td><\/tr><tr><td>Fisioterapeuta<\/td><td>05<\/td><td>R$ 3.300,00<\/td><\/tr><tr><td>Fonoaudi\u00f3logo<\/td><td>01<\/td><td>R$ 3.300,00<\/td><\/tr><tr><td>M\u00e9dico (v\u00e1rios)<\/td><td>26<\/td><td>R$ 6.000,00 \/ R$ 8.000,00<\/td><\/tr><tr><td>Nutricionista<\/td><td>01<\/td><td>R$ 3.300,00<\/td><\/tr><tr><td>Terapeuta Ocupacional<\/td><td>01<\/td><td>R$ 3.300,00<\/td><\/tr><\/tbody><\/table><\/figure>\n\n\n\n<h3 class=\"wp-block-heading\">DIVERSOS &#8211; EDITAL 03<\/h3>\n\n\n\n<h4 class=\"wp-block-heading\">N\u00edvel fundamental<\/h4>\n\n\n\n<figure class=\"wp-block-table is-style-stripes\"><table class=\"has-background has-fixed-layout\" style=\"background-color:#e7f5fe\"><tbody><tr><td><strong>CARGO<\/strong><\/td><td><strong>VAGAS<\/strong><\/td><td><strong>REMUNERA\u00c7\u00c3O<\/strong><\/td><\/tr><tr><td>Auxiliar de Obras<\/td><td>20<\/td><td>R$ 1.050,00<\/td><\/tr><tr><td>Auxiliar de Usina de Asfalto<\/td><td>10<\/td><td>R$ 1.050,00<\/td><\/tr><tr><td>Auxiliar T\u00e9cnico Agropecu\u00e1rio<\/td><td>01<\/td><td>R$ 1.050,00<\/td><\/tr><tr><td>Borracheiro<\/td><td>01<\/td><td>R$ 1.050,00<\/td><\/tr><tr><td>Coveiro<\/td><td>06<\/td><td>R$ 1.050,00<\/td><\/tr><tr><td>Cozinheira<\/td><td>55<\/td><td>R$ 1.050,00<\/td><\/tr><tr><td>Lanterneiro<\/td><td>02<\/td><td>R$ 1.050,00<\/td><\/tr><tr><td>Lubrificador\/Lavador<\/td><td>01<\/td><td>R$ 1.050,00<\/td><\/tr><tr><td>Manipulador de Alimentos<\/td><td>43<\/td><td>R$ 1.050,00<\/td><\/tr><tr><td>Mec\u00e2nico de Ve\u00edculo Leve<\/td><td>04<\/td><td>R$ 1.350,00<\/td><\/tr><tr><td>Mec\u00e2nico de Ve\u00edculo Pesado<\/td><td>03<\/td><td>R$ 2.500,00<\/td><\/tr><tr><td>Mestre de Obras<\/td><td>02<\/td><td>R$ 1.350,00<\/td><\/tr><tr><td>Monitor de Transporte Escolar<\/td><td>05<\/td><td>R$ 1.050,00<\/td><\/tr><tr><td>Motorista de \u00d4nibus<\/td><td>CR<\/td><td>R$ 2.000,00<\/td><\/tr><tr><td>Motorista Categoria AB<\/td><td>15<\/td><td>R$ 1.350,00<\/td><\/tr><tr><td>Motorista Categoria D<\/td><td>35<\/td><td>R$ 2.000,00<\/td><\/tr><tr><td>Office-Boy<\/td><td>01<\/td><td>R$ 1.050,00<\/td><\/tr><tr><td>Pedreiro<\/td><td>03<\/td><td>R$ 1.050,00<\/td><\/tr><tr><td>Telefonista<\/td><td>01<\/td><td>R$ 1.050,00<\/td><\/tr><\/tbody><\/table><\/figure>\n\n\n\n<h4 class=\"wp-block-heading\">Ensino m\u00e9dio\/t\u00e9cnico<\/h4>\n\n\n\n<figure class=\"wp-block-table is-style-stripes\"><table class=\"has-background has-fixed-layout\" style=\"background-color:#e7f5fe\"><tbody><tr><td><strong>CARGO<\/strong><\/td><td><strong>VAGAS<\/strong><\/td><td><strong>REMUNERA\u00c7\u00c3O<\/strong><\/td><\/tr><tr><td>Agente Administrativo<\/td><td>200<\/td><td>R$ 1.350,00<\/td><\/tr><tr><td>Agente de Fiscaliza\u00e7\u00e3o (v\u00e1rios)<\/td><td>31<\/td><td>R$ 1.350,00<\/td><\/tr><tr><td>Agente de Tr\u00e2nsito<\/td><td>20<\/td><td>R$ 1.350,00<\/td><\/tr><tr><td>Agente T\u00e9cnico (v\u00e1rios)<\/td><td>13<\/td><td>R$ 1.350,00<\/td><\/tr><tr><td>Almoxarife<\/td><td>15<\/td><td>R$ 1.350,00<\/td><\/tr><tr><td>Apontador de Obras<\/td><td>01<\/td><td>R$ 1.350,00<\/td><\/tr><tr><td>Assessor de Comunica\u00e7\u00e3o<\/td><td>CR<\/td><td>R$ 1.350,00<\/td><\/tr><tr><td>Cadista<\/td><td>03<\/td><td>R$ 1.350,00<\/td><\/tr><tr><td>Bombeiro Hidr\u00e1ulico<\/td><td>01<\/td><td>R$ 1.050,00<\/td><\/tr><tr><td>Carpinteiro<\/td><td>02<\/td><td>R$ 1.050,00<\/td><\/tr><tr><td>Cobrador de \u00d4nibus<\/td><td>CR<\/td><td>R$ 1.050,00<\/td><\/tr><tr><td>Condutor Ve\u00edculo de Urg\u00eancia<\/td><td>04<\/td><td>R$ 1.350,00<\/td><\/tr><tr><td>Cuidador Educacional de Creche<\/td><td>50<\/td><td>R$ 1.350,00<\/td><\/tr><tr><td>Digitador \u2013 Bolsa Fam\u00edlia<\/td><td>07<\/td><td>R$ 1.050,00<\/td><\/tr><tr><td>Educador Social<\/td><td>05<\/td><td>R$ 1.350,00<\/td><\/tr><tr><td>Eletricista<\/td><td>10<\/td><td>R$ 1.350,00<\/td><\/tr><tr><td>Encarregado<\/td><td>15<\/td><td>R$ 1.350,00<\/td><\/tr><tr><td>Entrevistador Social\/Bolsa Fam\u00edlia<\/td><td>03<\/td><td>R$ 1.350,00<\/td><\/tr><tr><td>Guarda Municipal<\/td><td>20<\/td><td>R$ 1.350,00<\/td><\/tr><tr><td>Int\u00e9rprete de Libras<\/td><td>CR<\/td><td>R$ 1.350,00<\/td><\/tr><tr><td>Operador M\u00e1quinas<\/td><td>16<\/td><td>R$ 1.350,00 \/ R$ 2.300,00<\/td><\/tr><tr><td>Operador de Usina de Asfalto<\/td><td>01<\/td><td>R$ 1.350,00<\/td><\/tr><tr><td>Orientador Educacional<\/td><td>50<\/td><td>R$ 1.350,00<\/td><\/tr><tr><td>Recepcionista<\/td><td>25<\/td><td>R$ 1.050,00<\/td><\/tr><tr><td>T\u00e9cnico (v\u00e1rios)<\/td><td>235 + CR<\/td><td>R$ 1.350,00 \/ R$ 1.996,00<\/td><\/tr><tr><td>Top\u00f3grafo<\/td><td>CR<\/td><td>R$ 1.350,00<\/td><\/tr><\/tbody><\/table><\/figure>\n\n\n\n<h4 class=\"wp-block-heading\">Curso superior<\/h4>\n\n\n\n<figure class=\"wp-block-table is-style-stripes\"><table class=\"has-background has-fixed-layout\" style=\"background-color:#e7f5fe\"><tbody><tr><td><strong>CARGO<\/strong><\/td><td><strong>VAGAS<\/strong><\/td><td><strong>REMUNERA\u00c7\u00c3O<\/strong><\/td><\/tr><tr><td>Analista de Sistema<\/td><td>CR<\/td><td>R$ 3.300,00<\/td><\/tr><tr><td>Arquiteto<\/td><td>03<\/td><td>R$ 5.988,00<\/td><\/tr><tr><td>Assistente Social<\/td><td>13<\/td><td>R$ 3.300,00<\/td><\/tr><tr><td>Bibliotec\u00e1rio<\/td><td>02<\/td><td>R$ 3.300,00<\/td><\/tr><tr><td>Bi\u00f3logo<\/td><td>02<\/td><td>R$ 3.300,00<\/td><\/tr><tr><td>Biom\u00e9dico<\/td><td>03<\/td><td>R$ 3.300,00<\/td><\/tr><tr><td>Contador<\/td><td>CR<\/td><td>R$ 3.300,00<\/td><\/tr><tr><td>Engenheiro (v\u00e1rios)<\/td><td>12 + CR<\/td><td>R$ 5.988,00<\/td><\/tr><tr><td>Estat\u00edstico<\/td><td>CR<\/td><td>R$ 3.300,00<\/td><\/tr><tr><td>Fiscal de Tributos<\/td><td>02<\/td><td>R$ 3.300,00<\/td><\/tr><tr><td>Ge\u00f3grafo<\/td><td>CR<\/td><td>R$ 3.300,00<\/td><\/tr><tr><td>Ge\u00f3logo<\/td><td>CR<\/td><td>R$ 3.300,00<\/td><\/tr><tr><td>M\u00e9dico Veterin\u00e1rio<\/td><td>02<\/td><td>R$ 3.300,00<\/td><\/tr><tr><td>Orientador Social<\/td><td>CR<\/td><td>R$ 1.350,00<\/td><\/tr><tr><td>Psic\u00f3logo<\/td><td>04<\/td><td>R$ 3.300,00<\/td><\/tr><tr><td>Tecn\u00f3logo em Radiologia<\/td><td>01<\/td><td>R$ 3.300,00<\/td><\/tr><tr><td>Soci\u00f3logo<\/td><td>CR<\/td><td>R$ 3.300,00<\/td><\/tr><tr><td>Turism\u00f3logo<\/td><td>CR<\/td><td>R$ 3.300,00<\/td><\/tr><tr><td>Zootecnista<\/td><td>CR<\/td><td>R$ 3.300,00<\/td><\/tr><\/tbody><\/table><\/figure>\n\n\n\n<h2 class=\"wp-block-heading\" id=\"etapas-provas\">Etapas e provas do concurso Prefeitura de Altamira <\/h2>\n\n\n\n<p>Conforme edital, o concurso da Prefeitura de Altamira ser\u00e1 constitu\u00eddo das seguintes etapas, a depender do cargo desejado:<\/p>\n\n\n\n<ul class=\"wp-block-list\">\n<li><strong>1\u00aa Etapa<\/strong>: Prova Escrita Objetiva de m\u00faltipla escolha, de car\u00e1ter Eliminat\u00f3rio e Classificat\u00f3rio;<\/li>\n\n\n\n<li><strong>2\u00aa Etapa<\/strong>: Prova Discursiva, de car\u00e1ter Eliminat\u00f3rio e Classificat\u00f3rio;<\/li>\n\n\n\n<li><strong>3\u00aa Etapa<\/strong>: Prova de T\u00edtulos, de car\u00e1ter apenas Classificat\u00f3rio;<\/li>\n\n\n\n<li><strong>4\u00aa Etapa:<\/strong> Prova Pr\u00e1tica, de car\u00e1ter Eliminat\u00f3rio e Classificat\u00f3rio;<\/li>\n\n\n\n<li><strong>5\u00aa Etapa:<\/strong> Teste de Aptid\u00e3o F\u00edsica, de car\u00e1ter Eliminat\u00f3rio;<\/li>\n\n\n\n<li><strong>6\u00aa Etapa: <\/strong>Psicot\u00e9cnico, de car\u00e1ter Eliminat\u00f3rio.<\/li>\n<\/ul>\n\n\n\n<h3 class=\"wp-block-heading\">Provas Escritas Objetivas<\/h3>\n\n\n\n<p>A prova objetiva ser\u00e1 composta de quest\u00f5es objetivas, cada uma contendo cinco op\u00e7\u00f5es de resposta, das quais apenas uma ser\u00e1 correta: <\/p>\n\n\n\n<p class=\"has-medium-font-size\"><strong>EDITAL 01<\/strong><\/p>\n\n\n\n<figure class=\"wp-block-image aligncenter size-large\"><img loading=\"lazy\" decoding=\"async\" width=\"796\" height=\"313\" src=\"https:\/\/dhg1h5j42swfq.cloudfront.net\/2020\/06\/29161345\/image-370.png\" alt=\"\" class=\"wp-image-534525\" srcset=\"https:\/\/dhg1h5j42swfq.cloudfront.net\/2020\/06\/29161345\/image-370.png 796w, https:\/\/dhg1h5j42swfq.cloudfront.net\/2020\/06\/29161345\/image-370-300x118.png 300w, https:\/\/dhg1h5j42swfq.cloudfront.net\/2020\/06\/29161345\/image-370-768x302.png 768w, https:\/\/dhg1h5j42swfq.cloudfront.net\/2020\/06\/29161345\/image-370-610x240.png 610w\" sizes=\"auto, (max-width: 796px) 100vw, 796px\" \/><\/figure>\n\n\n\n<p class=\"has-text-align-center has-background\" style=\"background-color:#e7e9eb;font-size:clamp(14px, 0.875rem + ((1vw - 3.2px) * 0.392), 18px);px\"><a rel=\"noreferrer noopener\" href=\"https:\/\/dhg1h5j42swfq.cloudfront.net\/2020\/10\/12113611\/gabarito-preliminar-edital-001-dia-11-ma%C2%A9dio-e-superior-20201011203454.pdf\" target=\"_blank\"><strong>Gabarito preliminar (edital 01) &#8211; provas dia 11<\/strong><\/a><\/p>\n\n\n\n<p class=\"has-medium-font-size\"><strong>EDITAIS 02 E 03<\/strong><\/p>\n\n\n\n<figure class=\"wp-block-image aligncenter size-large\"><img loading=\"lazy\" decoding=\"async\" width=\"708\" height=\"265\" src=\"https:\/\/dhg1h5j42swfq.cloudfront.net\/2020\/06\/29161624\/image-372.png\" alt=\"Provas do concurso Prefeitura de Altamira\" class=\"wp-image-534529\" srcset=\"https:\/\/dhg1h5j42swfq.cloudfront.net\/2020\/06\/29161624\/image-372.png 708w, https:\/\/dhg1h5j42swfq.cloudfront.net\/2020\/06\/29161624\/image-372-300x112.png 300w, https:\/\/dhg1h5j42swfq.cloudfront.net\/2020\/06\/29161624\/image-372-610x228.png 610w\" sizes=\"auto, (max-width: 708px) 100vw, 708px\" \/><\/figure>\n\n\n\n<figure class=\"wp-block-image aligncenter size-large\"><img loading=\"lazy\" decoding=\"async\" width=\"708\" height=\"528\" src=\"https:\/\/dhg1h5j42swfq.cloudfront.net\/2020\/06\/29161603\/image-371.png\" alt=\"\" class=\"wp-image-534528\" srcset=\"https:\/\/dhg1h5j42swfq.cloudfront.net\/2020\/06\/29161603\/image-371.png 708w, https:\/\/dhg1h5j42swfq.cloudfront.net\/2020\/06\/29161603\/image-371-300x224.png 300w, https:\/\/dhg1h5j42swfq.cloudfront.net\/2020\/06\/29161603\/image-371-610x455.png 610w\" sizes=\"auto, (max-width: 708px) 100vw, 708px\" \/><\/figure>\n\n\n\n<p class=\"has-text-align-center has-background\" style=\"background-color:#e7e9eb;font-size:clamp(14px, 0.875rem + ((1vw - 3.2px) * 0.392), 18px);px\"><a href=\"https:\/\/dhg1h5j42swfq.cloudfront.net\/2020\/10\/12113609\/gabarito-preliminar-edital-003-dia-11-agente-administrativo-20201011203655.pdf\" target=\"_blank\" rel=\"noreferrer noopener\"><strong>Gabarito preliminar (edital 03) &#8211; provas dia 11<\/strong><\/a><\/p>\n\n\n\n<h3 class=\"wp-block-heading\">Prova Discursiva<\/h3>\n\n\n\n<p>Todos os candidatos do concurso Prefeitura de Altamira ser\u00e3o submetidos \u00e0 Prova Discursiva de Reda\u00e7\u00e3o, que ser\u00e1 aplicada no mesmo dia e hor\u00e1rio das Provas Objetivas. Nesta etapa, o candidato dever\u00e1 desenvolver texto dissertativo a partir de proposta \u00fanica, sobre assunto de interesse geral. <\/p>\n\n\n\n<p>Na Reda\u00e7\u00e3o, dever\u00e3o ser rigorosamente observados os limites de m\u00ednimo de 20  linhas e m\u00e1ximo de 30 linhas. De car\u00e1ter eliminat\u00f3rio e classificat\u00f3rio, esta prova ser\u00e1 avaliada na escala de 0 a 10 pontos, considerando-se habilitado o candidato que nela obtiver nota igual ou superior a 06.  <\/p>\n\n\n\n<h3 class=\"wp-block-heading\">Avalia\u00e7\u00e3o de T\u00edtulos<\/h3>\n\n\n\n<p>Os candidatos habilitados nas etapas anteriores, para todos os cargos de n\u00edvel superior, devem apresentar os t\u00edtulos e os respectivos documentos comprobat\u00f3rios. A an\u00e1lise dos t\u00edtulos \u00e9 limitada ao n\u00famero m\u00e1ximo de 10 pontos e tem car\u00e1ter apenas classificat\u00f3rio.<\/p>\n\n\n\n<figure class=\"wp-block-image aligncenter size-large is-resized\"><img loading=\"lazy\" decoding=\"async\" src=\"https:\/\/dhg1h5j42swfq.cloudfront.net\/2020\/01\/23165424\/image-182.png\" alt=\"T\u00edtulos do concurso Prefeitura de Altamira\" class=\"wp-image-473502\" width=\"635\" height=\"311\" srcset=\"https:\/\/dhg1h5j42swfq.cloudfront.net\/2020\/01\/23165424\/image-182.png 883w, https:\/\/dhg1h5j42swfq.cloudfront.net\/2020\/01\/23165424\/image-182-300x147.png 300w, https:\/\/dhg1h5j42swfq.cloudfront.net\/2020\/01\/23165424\/image-182-768x377.png 768w, https:\/\/dhg1h5j42swfq.cloudfront.net\/2020\/01\/23165424\/image-182-610x299.png 610w\" sizes=\"auto, (max-width: 635px) 100vw, 635px\" \/><\/figure>\n\n\n\n<h2 class=\"wp-block-heading\" id=\"altamira\">Onde fica o munic\u00edpio de Altamira?<\/h2>\n\n\n\n<p>Altamira \u00e9 um munic\u00edpio do estado do Par\u00e1, localizado a cerca de 13 horas da capital, Bel\u00e9m. A popula\u00e7\u00e3o estimada no ano de 2018 era de 113.195 habitantes. <\/p>\n\n\n\n<figure class=\"wp-block-image aligncenter is-resized\"><img loading=\"lazy\" decoding=\"async\" src=\"https:\/\/dhg1h5j42swfq.cloudfront.net\/2019\/07\/25160258\/Capturar.jpg1.jpg\" alt=\"Concurso Prefeitura de Altamira: mapa do estado do Par\u00e1\" class=\"wp-image-402735\" width=\"580\" height=\"557\" srcset=\"https:\/\/dhg1h5j42swfq.cloudfront.net\/2019\/07\/25160258\/Capturar.jpg1.jpg 810w, https:\/\/dhg1h5j42swfq.cloudfront.net\/2019\/07\/25160258\/Capturar.jpg1.jpg 300w, https:\/\/dhg1h5j42swfq.cloudfront.net\/2019\/07\/25160258\/Capturar.jpg1.jpg 768w, https:\/\/dhg1h5j42swfq.cloudfront.net\/2019\/07\/25160258\/Capturar.jpg1.jpg 610w\" sizes=\"auto, (max-width: 580px) 100vw, 580px\" \/><figcaption class=\"wp-element-caption\">Concurso Prefeitura de Altamira: mapa do estado do Par\u00e1<\/figcaption><\/figure>\n\n\n\n<hr class=\"wp-block-separator has-css-opacity\"\/>\n\n\n\n<div class=\"container\" id=\"boxes\">\n  <div class=\"row\">\n\n    <div class=\"col-sm\">\n      <div class=\"estrategia\" id=\"box-assinatura\">\n        <h3 class=\"titulo-assinatura\">Assinatura Ilimitada<\/h3>\n        <p class=\"subtitulo-assinatura\">Assinatura Anual Ilimitada*<\/p>\n        <div class=\"box-botao\">\n          <a class=\"btn-assinatura\" target=\"_blank\" href=\"https:\/\/www.estrategiaconcursos.com.br\/assinaturas\/\" role=\"button\" rel=\"noopener noreferrer\">ASSINE AGORA<\/a>\n        <\/div>\n      <\/div>\n      <p class=\"texto-auxiliar\">Prepare-se com o melhor material e com quem mais aprova em Concursos P\u00fablicos em todo o pa\u00eds. Assine agora a nossa Assinatura Anual e tenha acesso ilimitado* a todos os nossos cursos.<\/p>\n    <\/div>\n\n    <div class=\"col-sm\">\n      <div class=\"questoes\" id=\"box-assinatura\">\n        <h3 class=\"titulo-assinatura\">Sistema de Quest\u00f5es<\/h3>\n        <p class=\"subtitulo-assinatura\">Assinatura Ilimitada*\n<\/p>\n        <div class=\"box-botao\">\n          <a class=\"btn-assinatura\" target=\"_blank\" href=\"https:\/\/www.estrategiaconcursos.com.br\/cursosPorConcurso\/sistema-de-questoes\/#\/\" role=\"button\" rel=\"noopener noreferrer\">ASSINE AGORA<\/a>\n        <\/div>\n      <\/div>\n      <p class=\"texto-auxiliar\">Estrat\u00e9gia Quest\u00f5es nasceu maior do que todos os concorrentes, com mais quest\u00f5es cadastradas e mais solu\u00e7\u00f5es por professores. Clique no link e aproveite os descontos e b\u00f4nus imperd\u00edveis!<\/p>\n    <\/div>\n  <\/div>\n<\/div>\n\n\n\n<figure class=\"wp-block-image\"><img decoding=\"async\" src=\"https:\/\/dhg1h5j42swfq.cloudfront.net\/2017\/03\/28152500\/coruja-ficha-tecnica-300x102.png\" alt=\"Ficha t\u00e9cnica concurso Prefeitura de Altamira\"\/><\/figure>\n\n\n\n<h3 class=\"wp-block-heading\" id=\"ficha-tecnica\"><strong>Informa\u00e7\u00f5es do concurso Prefeitura Altamira<\/strong>-PA<\/h3>\n\n\n\n<p><strong>EDITAL 03 &#8211; DIVERSOS<\/strong><\/p>\n\n\n\n<ul class=\"wp-block-list\">\n<li><strong>Provas: <\/strong>11, 18 e 25\/10<\/li>\n\n\n\n<li><strong>Vagas:<\/strong> 994<\/li>\n\n\n\n<li><strong>Cargos:<\/strong> Diversos<\/li>\n\n\n\n<li><strong>Banca:<\/strong> Instituto Bezerra Nelson<\/li>\n\n\n\n<li><strong>Escolaridade: <\/strong>N\u00edvel fundamental, m\u00e9dio e superior<\/li>\n\n\n\n<li><strong>Edital:<\/strong> <a rel=\"noreferrer noopener\" href=\"https:\/\/dhg1h5j42swfq.cloudfront.net\/2020\/06\/29152118\/edital-na-003-de-abertura-de-inscria%E2%80%A1a%E2%80%A2es-20200127082249-1.pdf\" target=\"_blank\">Edital Altamira Diversos<\/a><\/li>\n<\/ul>\n\n\n\n<p><strong>EDITAL 02 &#8211; SA\u00daDE<\/strong><\/p>\n\n\n\n<ul class=\"wp-block-list\">\n<li><strong>Provas: <\/strong>18\/10<\/li>\n\n\n\n<li><strong>Vagas:<\/strong> 109<\/li>\n\n\n\n<li><strong>Cargos:<\/strong> Diversos <\/li>\n\n\n\n<li><strong>Banca:<\/strong> Instituto Bezerra Nelson<\/li>\n\n\n\n<li><strong>Escolaridade: <\/strong>N\u00edvel superior<\/li>\n\n\n\n<li><strong>Edital:<\/strong> <a rel=\"noreferrer noopener\" href=\"https:\/\/dhg1h5j42swfq.cloudfront.net\/2020\/06\/29152114\/edital-de-abertura-de-inscria%E2%80%A1a%E2%80%A2es-002-cargos-da-saa%C5%A1de-20200124093931.pdf\" target=\"_blank\">Edital Altamira Sa\u00fade<\/a><\/li>\n<\/ul>\n\n\n\n<p><strong>EDITAL 01 &#8211; EDUCA\u00c7\u00c3O<\/strong><\/p>\n\n\n\n<ul class=\"wp-block-list\">\n<li><strong>Provas: <\/strong>11 e 18\/10<\/li>\n\n\n\n<li><strong>Vagas:<\/strong> 756<\/li>\n\n\n\n<li><strong>Cargos:<\/strong> Diversos<\/li>\n\n\n\n<li><strong>Banca:<\/strong> Instituto Bezerra Nelson<\/li>\n\n\n\n<li><strong>Escolaridade: <\/strong>N\u00edvel m\u00e9dio e superior<\/li>\n\n\n\n<li><strong>Edital:<\/strong> <a rel=\"noreferrer noopener\" aria-label=\"Edital 1 - Educa\u00e7\u00e3o (abre numa nova aba)\" href=\"https:\/\/dhg1h5j42swfq.cloudfront.net\/2020\/01\/23165515\/edital-concurso-altamira-pa-01-2020-educacao.pdf\" target=\"_blank\">Edital Altamira Educa\u00e7\u00e3o<\/a><\/li>\n<\/ul>\n","protected":false},"excerpt":{"rendered":"<p>Foram publicados os gabaritos preliminares das provas objetivas do concurso p\u00fablico da Prefeitura de Altamira, estado do Par\u00e1, aplicadas em 11 de outubro. Vale ressaltar que a etapa ainda ocorre nos dias 18 e 25 de outubro. A Prefeitura de Altamira oferta, ao todo, em seus tr\u00eas editais 1.859 vagas. As oportunidades s\u00e3o para todos [&hellip;]<\/p>\n","protected":false},"author":1,"featured_media":418182,"comment_status":"open","ping_status":"closed","sticky":false,"template":"","format":"standard","meta":{"post_tipo":"news","footnotes":""},"categories":[1],"tags":[],"tax_estado":[219977],"class_list":["post-402635","post","type-post","status-publish","format-standard","has-post-thumbnail","hentry","category-cursos-e-concursos","tax_estado-pa"],"acf":[],"yoast_head":"<!-- This site is optimized with the Yoast SEO Premium plugin v27.2 (Yoast SEO v27.2) - https:\/\/yoast.com\/product\/yoast-seo-premium-wordpress\/ -->\n<title>Concurso Prefeitura de Altamira: confira os gabaritos<\/title>\n<meta name=\"description\" content=\"Concurso Prefeitura de Altamira-PA: Editais ofertam 1.859 vagas. Provas marcadas para outubro. Acesse e saiba todos os detalhes!\" \/>\n<meta name=\"robots\" content=\"index, follow, max-snippet:-1, max-image-preview:large, max-video-preview:-1\" \/>\n<link rel=\"canonical\" href=\"https:\/\/www.estrategiaconcursos.com.br\/blog\/concurso-prefeitura-altamira\/\" \/>\n<meta property=\"og:locale\" content=\"pt_BR\" \/>\n<meta property=\"og:type\" content=\"article\" \/>\n<meta property=\"og:title\" content=\"Concurso Prefeitura de Altamira: confira os gabaritos\" \/>\n<meta property=\"og:description\" content=\"Concurso Prefeitura de Altamira-PA: Editais ofertam 1.859 vagas. Provas marcadas para outubro. Acesse e saiba todos os detalhes!\" \/>\n<meta property=\"og:url\" content=\"https:\/\/www.estrategiaconcursos.com.br\/blog\/concurso-prefeitura-altamira\/\" \/>\n<meta property=\"og:site_name\" content=\"Estrat\u00e9gia Concursos\" \/>\n<meta property=\"article:author\" content=\"https:\/\/www.facebook.com\/EstrategiaConcursos\" \/>\n<meta property=\"article:published_time\" content=\"2020-10-12T14:40:00+00:00\" \/>\n<meta property=\"article:modified_time\" content=\"2024-01-16T20:00:15+00:00\" \/>\n<meta property=\"og:image\" content=\"https:\/\/dhg1h5j42swfq.cloudfront.net\/2019\/09\/09175212\/Prefeitura-de-Altamira.jpg\" \/>\n\t<meta property=\"og:image:width\" content=\"1200\" \/>\n\t<meta property=\"og:image:height\" content=\"628\" \/>\n\t<meta property=\"og:image:type\" content=\"image\/jpeg\" \/>\n<meta name=\"author\" content=\"Coordena\u00e7\u00e3o\" \/>\n<meta name=\"twitter:card\" content=\"summary_large_image\" \/>\n<meta name=\"twitter:creator\" content=\"@EstratConcursos\" \/>\n<meta name=\"twitter:site\" content=\"@EstratConcursos\" \/>\n<meta name=\"twitter:label1\" content=\"Escrito por\" \/>\n\t<meta name=\"twitter:data1\" content=\"Coordena\u00e7\u00e3o\" \/>\n\t<meta name=\"twitter:label2\" content=\"Est. tempo de leitura\" \/>\n\t<meta name=\"twitter:data2\" content=\"5 minutos\" \/>\n<script type=\"application\/ld+json\" class=\"yoast-schema-graph\">{\"@context\":\"https:\/\/schema.org\",\"@graph\":[{\"@type\":\"NewsArticle\",\"@id\":\"https:\/\/www.estrategiaconcursos.com.br\/blog\/concurso-prefeitura-altamira\/#article\",\"isPartOf\":{\"@id\":\"https:\/\/www.estrategiaconcursos.com.br\/blog\/concurso-prefeitura-altamira\/\"},\"author\":{\"name\":\"Coordena\u00e7\u00e3o\",\"@id\":\"https:\/\/www.estrategiaconcursos.com.br\/blog\/#\/schema\/person\/b4a388c97673c5f483d72185668afa1f\"},\"headline\":\"Concurso Prefeitura de Altamira: confira os gabaritos\",\"datePublished\":\"2020-10-12T14:40:00+00:00\",\"dateModified\":\"2024-01-16T20:00:15+00:00\",\"mainEntityOfPage\":{\"@id\":\"https:\/\/www.estrategiaconcursos.com.br\/blog\/concurso-prefeitura-altamira\/\"},\"wordCount\":1151,\"commentCount\":6,\"publisher\":{\"@id\":\"https:\/\/www.estrategiaconcursos.com.br\/blog\/#organization\"},\"image\":{\"@id\":\"https:\/\/www.estrategiaconcursos.com.br\/blog\/concurso-prefeitura-altamira\/#primaryimage\"},\"thumbnailUrl\":\"https:\/\/dhg1h5j42swfq.cloudfront.net\/2019\/09\/09175212\/Prefeitura-de-Altamira.jpg\",\"articleSection\":[\"Concursos P\u00fablicos\"],\"inLanguage\":\"pt-BR\",\"potentialAction\":[{\"@type\":\"CommentAction\",\"name\":\"Comment\",\"target\":[\"https:\/\/www.estrategiaconcursos.com.br\/blog\/concurso-prefeitura-altamira\/#respond\"]}],\"copyrightYear\":\"2020\",\"copyrightHolder\":{\"@id\":\"https:\/\/www.estrategiaconcursos.com.br\/blog\/#organization\"}},{\"@type\":\"WebPage\",\"@id\":\"https:\/\/www.estrategiaconcursos.com.br\/blog\/concurso-prefeitura-altamira\/\",\"url\":\"https:\/\/www.estrategiaconcursos.com.br\/blog\/concurso-prefeitura-altamira\/\",\"name\":\"Concurso Prefeitura de Altamira: confira os gabaritos\",\"isPartOf\":{\"@id\":\"https:\/\/www.estrategiaconcursos.com.br\/blog\/#website\"},\"primaryImageOfPage\":{\"@id\":\"https:\/\/www.estrategiaconcursos.com.br\/blog\/concurso-prefeitura-altamira\/#primaryimage\"},\"image\":{\"@id\":\"https:\/\/www.estrategiaconcursos.com.br\/blog\/concurso-prefeitura-altamira\/#primaryimage\"},\"thumbnailUrl\":\"https:\/\/dhg1h5j42swfq.cloudfront.net\/2019\/09\/09175212\/Prefeitura-de-Altamira.jpg\",\"datePublished\":\"2020-10-12T14:40:00+00:00\",\"dateModified\":\"2024-01-16T20:00:15+00:00\",\"description\":\"Concurso Prefeitura de Altamira-PA: Editais ofertam 1.859 vagas. Provas marcadas para outubro. Acesse e saiba todos os detalhes!\",\"breadcrumb\":{\"@id\":\"https:\/\/www.estrategiaconcursos.com.br\/blog\/concurso-prefeitura-altamira\/#breadcrumb\"},\"inLanguage\":\"pt-BR\",\"potentialAction\":[{\"@type\":\"ReadAction\",\"target\":[\"https:\/\/www.estrategiaconcursos.com.br\/blog\/concurso-prefeitura-altamira\/\"]}]},{\"@type\":\"ImageObject\",\"inLanguage\":\"pt-BR\",\"@id\":\"https:\/\/www.estrategiaconcursos.com.br\/blog\/concurso-prefeitura-altamira\/#primaryimage\",\"url\":\"https:\/\/dhg1h5j42swfq.cloudfront.net\/2019\/09\/09175212\/Prefeitura-de-Altamira.jpg\",\"contentUrl\":\"https:\/\/dhg1h5j42swfq.cloudfront.net\/2019\/09\/09175212\/Prefeitura-de-Altamira.jpg\",\"width\":1200,\"height\":628,\"caption\":\"Prefeitura de Altamira\"},{\"@type\":\"BreadcrumbList\",\"@id\":\"https:\/\/www.estrategiaconcursos.com.br\/blog\/concurso-prefeitura-altamira\/#breadcrumb\",\"itemListElement\":[{\"@type\":\"ListItem\",\"position\":1,\"name\":\"In\u00edcio\",\"item\":\"https:\/\/www.estrategiaconcursos.com.br\/blog\/\"},{\"@type\":\"ListItem\",\"position\":2,\"name\":\"Concurso Prefeitura de Altamira: confira os gabaritos\"}]},{\"@type\":\"WebSite\",\"@id\":\"https:\/\/www.estrategiaconcursos.com.br\/blog\/#website\",\"url\":\"https:\/\/www.estrategiaconcursos.com.br\/blog\/\",\"name\":\"Estrat\u00e9gia Concursos\",\"description\":\"O blog da Estrat\u00e9gia Concursos traz not\u00edcias sobre concursos e artigos de professores oferecendo cursos para concursos (pdf + videaulas) no site.\",\"publisher\":{\"@id\":\"https:\/\/www.estrategiaconcursos.com.br\/blog\/#organization\"},\"potentialAction\":[{\"@type\":\"SearchAction\",\"target\":{\"@type\":\"EntryPoint\",\"urlTemplate\":\"https:\/\/www.estrategiaconcursos.com.br\/blog\/?s={search_term_string}\"},\"query-input\":{\"@type\":\"PropertyValueSpecification\",\"valueRequired\":true,\"valueName\":\"search_term_string\"}}],\"inLanguage\":\"pt-BR\"},{\"@type\":\"Organization\",\"@id\":\"https:\/\/www.estrategiaconcursos.com.br\/blog\/#organization\",\"name\":\"Estrat\u00e9gia Concursos\",\"url\":\"https:\/\/www.estrategiaconcursos.com.br\/blog\/\",\"logo\":{\"@type\":\"ImageObject\",\"inLanguage\":\"pt-BR\",\"@id\":\"https:\/\/www.estrategiaconcursos.com.br\/blog\/#\/schema\/logo\/image\/\",\"url\":\"https:\/\/dhg1h5j42swfq.cloudfront.net\/2025\/06\/03203428\/logo_concursos-1.jpg\",\"contentUrl\":\"https:\/\/dhg1h5j42swfq.cloudfront.net\/2025\/06\/03203428\/logo_concursos-1.jpg\",\"width\":230,\"height\":60,\"caption\":\"Estrat\u00e9gia Concursos\"},\"image\":{\"@id\":\"https:\/\/www.estrategiaconcursos.com.br\/blog\/#\/schema\/logo\/image\/\"},\"sameAs\":[\"https:\/\/x.com\/EstratConcursos\"]},{\"@type\":\"Person\",\"@id\":\"https:\/\/www.estrategiaconcursos.com.br\/blog\/#\/schema\/person\/b4a388c97673c5f483d72185668afa1f\",\"name\":\"Coordena\u00e7\u00e3o\",\"image\":{\"@type\":\"ImageObject\",\"inLanguage\":\"pt-BR\",\"@id\":\"https:\/\/secure.gravatar.com\/avatar\/b720319e4c9a967eb58678d110f4fe35452fc5d5f97b202bac7b8acceb18c6ad?s=96&d=mm&r=g\",\"url\":\"https:\/\/secure.gravatar.com\/avatar\/b720319e4c9a967eb58678d110f4fe35452fc5d5f97b202bac7b8acceb18c6ad?s=96&d=mm&r=g\",\"contentUrl\":\"https:\/\/secure.gravatar.com\/avatar\/b720319e4c9a967eb58678d110f4fe35452fc5d5f97b202bac7b8acceb18c6ad?s=96&d=mm&r=g\",\"caption\":\"Coordena\u00e7\u00e3o\"},\"sameAs\":[\"https:\/\/www.facebook.com\/EstrategiaConcursos\",\"https:\/\/x.com\/EstratConcursos\"],\"url\":\"https:\/\/www.estrategiaconcursos.com.br\/blog\/author\/estrategia2013\/\"}]}<\/script>\n<!-- \/ Yoast SEO Premium plugin. -->","yoast_head_json":{"title":"Concurso Prefeitura de Altamira: confira os gabaritos","description":"Concurso Prefeitura de Altamira-PA: Editais ofertam 1.859 vagas. Provas marcadas para outubro. Acesse e saiba todos os detalhes!","robots":{"index":"index","follow":"follow","max-snippet":"max-snippet:-1","max-image-preview":"max-image-preview:large","max-video-preview":"max-video-preview:-1"},"canonical":"https:\/\/www.estrategiaconcursos.com.br\/blog\/concurso-prefeitura-altamira\/","og_locale":"pt_BR","og_type":"article","og_title":"Concurso Prefeitura de Altamira: confira os gabaritos","og_description":"Concurso Prefeitura de Altamira-PA: Editais ofertam 1.859 vagas. Provas marcadas para outubro. Acesse e saiba todos os detalhes!","og_url":"https:\/\/www.estrategiaconcursos.com.br\/blog\/concurso-prefeitura-altamira\/","og_site_name":"Estrat\u00e9gia Concursos","article_author":"https:\/\/www.facebook.com\/EstrategiaConcursos","article_published_time":"2020-10-12T14:40:00+00:00","article_modified_time":"2024-01-16T20:00:15+00:00","og_image":[{"width":1200,"height":628,"url":"https:\/\/dhg1h5j42swfq.cloudfront.net\/2019\/09\/09175212\/Prefeitura-de-Altamira.jpg","type":"image\/jpeg"}],"author":"Coordena\u00e7\u00e3o","twitter_card":"summary_large_image","twitter_creator":"@EstratConcursos","twitter_site":"@EstratConcursos","twitter_misc":{"Escrito por":"Coordena\u00e7\u00e3o","Est. tempo de leitura":"5 minutos"},"schema":{"@context":"https:\/\/schema.org","@graph":[{"@type":"NewsArticle","@id":"https:\/\/www.estrategiaconcursos.com.br\/blog\/concurso-prefeitura-altamira\/#article","isPartOf":{"@id":"https:\/\/www.estrategiaconcursos.com.br\/blog\/concurso-prefeitura-altamira\/"},"author":{"name":"Coordena\u00e7\u00e3o","@id":"https:\/\/www.estrategiaconcursos.com.br\/blog\/#\/schema\/person\/b4a388c97673c5f483d72185668afa1f"},"headline":"Concurso Prefeitura de Altamira: confira os gabaritos","datePublished":"2020-10-12T14:40:00+00:00","dateModified":"2024-01-16T20:00:15+00:00","mainEntityOfPage":{"@id":"https:\/\/www.estrategiaconcursos.com.br\/blog\/concurso-prefeitura-altamira\/"},"wordCount":1151,"commentCount":6,"publisher":{"@id":"https:\/\/www.estrategiaconcursos.com.br\/blog\/#organization"},"image":{"@id":"https:\/\/www.estrategiaconcursos.com.br\/blog\/concurso-prefeitura-altamira\/#primaryimage"},"thumbnailUrl":"https:\/\/dhg1h5j42swfq.cloudfront.net\/2019\/09\/09175212\/Prefeitura-de-Altamira.jpg","articleSection":["Concursos P\u00fablicos"],"inLanguage":"pt-BR","potentialAction":[{"@type":"CommentAction","name":"Comment","target":["https:\/\/www.estrategiaconcursos.com.br\/blog\/concurso-prefeitura-altamira\/#respond"]}],"copyrightYear":"2020","copyrightHolder":{"@id":"https:\/\/www.estrategiaconcursos.com.br\/blog\/#organization"}},{"@type":"WebPage","@id":"https:\/\/www.estrategiaconcursos.com.br\/blog\/concurso-prefeitura-altamira\/","url":"https:\/\/www.estrategiaconcursos.com.br\/blog\/concurso-prefeitura-altamira\/","name":"Concurso Prefeitura de Altamira: confira os gabaritos","isPartOf":{"@id":"https:\/\/www.estrategiaconcursos.com.br\/blog\/#website"},"primaryImageOfPage":{"@id":"https:\/\/www.estrategiaconcursos.com.br\/blog\/concurso-prefeitura-altamira\/#primaryimage"},"image":{"@id":"https:\/\/www.estrategiaconcursos.com.br\/blog\/concurso-prefeitura-altamira\/#primaryimage"},"thumbnailUrl":"https:\/\/dhg1h5j42swfq.cloudfront.net\/2019\/09\/09175212\/Prefeitura-de-Altamira.jpg","datePublished":"2020-10-12T14:40:00+00:00","dateModified":"2024-01-16T20:00:15+00:00","description":"Concurso Prefeitura de Altamira-PA: Editais ofertam 1.859 vagas. Provas marcadas para outubro. Acesse e saiba todos os detalhes!","breadcrumb":{"@id":"https:\/\/www.estrategiaconcursos.com.br\/blog\/concurso-prefeitura-altamira\/#breadcrumb"},"inLanguage":"pt-BR","potentialAction":[{"@type":"ReadAction","target":["https:\/\/www.estrategiaconcursos.com.br\/blog\/concurso-prefeitura-altamira\/"]}]},{"@type":"ImageObject","inLanguage":"pt-BR","@id":"https:\/\/www.estrategiaconcursos.com.br\/blog\/concurso-prefeitura-altamira\/#primaryimage","url":"https:\/\/dhg1h5j42swfq.cloudfront.net\/2019\/09\/09175212\/Prefeitura-de-Altamira.jpg","contentUrl":"https:\/\/dhg1h5j42swfq.cloudfront.net\/2019\/09\/09175212\/Prefeitura-de-Altamira.jpg","width":1200,"height":628,"caption":"Prefeitura de Altamira"},{"@type":"BreadcrumbList","@id":"https:\/\/www.estrategiaconcursos.com.br\/blog\/concurso-prefeitura-altamira\/#breadcrumb","itemListElement":[{"@type":"ListItem","position":1,"name":"In\u00edcio","item":"https:\/\/www.estrategiaconcursos.com.br\/blog\/"},{"@type":"ListItem","position":2,"name":"Concurso Prefeitura de Altamira: confira os gabaritos"}]},{"@type":"WebSite","@id":"https:\/\/www.estrategiaconcursos.com.br\/blog\/#website","url":"https:\/\/www.estrategiaconcursos.com.br\/blog\/","name":"Estrat\u00e9gia Concursos","description":"O blog da Estrat\u00e9gia Concursos traz not\u00edcias sobre concursos e artigos de professores oferecendo cursos para concursos (pdf + videaulas) no site.","publisher":{"@id":"https:\/\/www.estrategiaconcursos.com.br\/blog\/#organization"},"potentialAction":[{"@type":"SearchAction","target":{"@type":"EntryPoint","urlTemplate":"https:\/\/www.estrategiaconcursos.com.br\/blog\/?s={search_term_string}"},"query-input":{"@type":"PropertyValueSpecification","valueRequired":true,"valueName":"search_term_string"}}],"inLanguage":"pt-BR"},{"@type":"Organization","@id":"https:\/\/www.estrategiaconcursos.com.br\/blog\/#organization","name":"Estrat\u00e9gia Concursos","url":"https:\/\/www.estrategiaconcursos.com.br\/blog\/","logo":{"@type":"ImageObject","inLanguage":"pt-BR","@id":"https:\/\/www.estrategiaconcursos.com.br\/blog\/#\/schema\/logo\/image\/","url":"https:\/\/dhg1h5j42swfq.cloudfront.net\/2025\/06\/03203428\/logo_concursos-1.jpg","contentUrl":"https:\/\/dhg1h5j42swfq.cloudfront.net\/2025\/06\/03203428\/logo_concursos-1.jpg","width":230,"height":60,"caption":"Estrat\u00e9gia Concursos"},"image":{"@id":"https:\/\/www.estrategiaconcursos.com.br\/blog\/#\/schema\/logo\/image\/"},"sameAs":["https:\/\/x.com\/EstratConcursos"]},{"@type":"Person","@id":"https:\/\/www.estrategiaconcursos.com.br\/blog\/#\/schema\/person\/b4a388c97673c5f483d72185668afa1f","name":"Coordena\u00e7\u00e3o","image":{"@type":"ImageObject","inLanguage":"pt-BR","@id":"https:\/\/secure.gravatar.com\/avatar\/b720319e4c9a967eb58678d110f4fe35452fc5d5f97b202bac7b8acceb18c6ad?s=96&d=mm&r=g","url":"https:\/\/secure.gravatar.com\/avatar\/b720319e4c9a967eb58678d110f4fe35452fc5d5f97b202bac7b8acceb18c6ad?s=96&d=mm&r=g","contentUrl":"https:\/\/secure.gravatar.com\/avatar\/b720319e4c9a967eb58678d110f4fe35452fc5d5f97b202bac7b8acceb18c6ad?s=96&d=mm&r=g","caption":"Coordena\u00e7\u00e3o"},"sameAs":["https:\/\/www.facebook.com\/EstrategiaConcursos","https:\/\/x.com\/EstratConcursos"],"url":"https:\/\/www.estrategiaconcursos.com.br\/blog\/author\/estrategia2013\/"}]}},"_links":{"self":[{"href":"https:\/\/www.estrategiaconcursos.com.br\/blog\/wp-json\/wp\/v2\/posts\/402635","targetHints":{"allow":["GET"]}}],"collection":[{"href":"https:\/\/www.estrategiaconcursos.com.br\/blog\/wp-json\/wp\/v2\/posts"}],"about":[{"href":"https:\/\/www.estrategiaconcursos.com.br\/blog\/wp-json\/wp\/v2\/types\/post"}],"author":[{"embeddable":true,"href":"https:\/\/www.estrategiaconcursos.com.br\/blog\/wp-json\/wp\/v2\/users\/1"}],"replies":[{"embeddable":true,"href":"https:\/\/www.estrategiaconcursos.com.br\/blog\/wp-json\/wp\/v2\/comments?post=402635"}],"version-history":[{"count":33,"href":"https:\/\/www.estrategiaconcursos.com.br\/blog\/wp-json\/wp\/v2\/posts\/402635\/revisions"}],"predecessor-version":[{"id":1234728,"href":"https:\/\/www.estrategiaconcursos.com.br\/blog\/wp-json\/wp\/v2\/posts\/402635\/revisions\/1234728"}],"wp:featuredmedia":[{"embeddable":true,"href":"https:\/\/www.estrategiaconcursos.com.br\/blog\/wp-json\/wp\/v2\/media\/418182"}],"wp:attachment":[{"href":"https:\/\/www.estrategiaconcursos.com.br\/blog\/wp-json\/wp\/v2\/media?parent=402635"}],"wp:term":[{"taxonomy":"category","embeddable":true,"href":"https:\/\/www.estrategiaconcursos.com.br\/blog\/wp-json\/wp\/v2\/categories?post=402635"},{"taxonomy":"post_tag","embeddable":true,"href":"https:\/\/www.estrategiaconcursos.com.br\/blog\/wp-json\/wp\/v2\/tags?post=402635"},{"taxonomy":"tax_estado","embeddable":true,"href":"https:\/\/www.estrategiaconcursos.com.br\/blog\/wp-json\/wp\/v2\/tax_estado?post=402635"}],"curies":[{"name":"wp","href":"https:\/\/api.w.org\/{rel}","templated":true}]}}