{"id":402493,"date":"2022-02-14T06:50:00","date_gmt":"2022-02-14T09:50:00","guid":{"rendered":"https:\/\/www.estrategiaconcursos.com.br\/blog\/?p=402493"},"modified":"2022-02-17T02:43:06","modified_gmt":"2022-02-17T05:43:06","slug":"concurso-crmv-am","status":"publish","type":"post","link":"https:\/\/www.estrategiaconcursos.com.br\/blog\/concurso-crmv-am\/","title":{"rendered":"Concurso CRMV AM: prazo de validade prorrogado!"},"content":{"rendered":"\n<p>O prazo de validade do concurso CRMV AM (2019-2020), foi prorrogado por mais dois anos. De acordo com o \u00f3rg\u00e3o, a nova vig\u00eancia entrar\u00e1 em vigor a partir de 12\/05\/2022<strong>. <\/strong><\/p>\n\n\n\n<ul id=\"block-ee678516-e9d1-48bd-b327-7b9acd55f0fd\" class=\"has-very-light-gray-to-cyan-bluish-gray-gradient-background has-background wp-block-list\"><li><strong>Concurso CRMV AM<\/strong><\/li><li><strong>Status:<\/strong>&nbsp;prazo de validade prorrogado <\/li><li><strong>Banca:&nbsp;<\/strong>Quadrix<\/li><li><strong>Vagas:&nbsp;<\/strong>5 + 95 CR<\/li><li><strong>Sal\u00e1rio inicial:<\/strong>&nbsp;<strong>R$ 1.100,00<\/strong> \/ <strong>R$ 1.900,00<\/strong><\/li><\/ul>\n\n\n\n<p>Vale lembrar que j\u00e1 foi divulgada a homologa\u00e7\u00e3o do <a href=\"https:\/\/dhg1h5j42swfq.cloudfront.net\/2020\/05\/11123537\/1_CRMV-AM_concurso_publico_2019_resultado_final.pdf\" target=\"_blank\" rel=\"noreferrer noopener\">resultado final definitivo<\/a> do concurso<strong>.<\/strong> O edital oferta <strong>5 vagas efetivas<\/strong> mais<strong> 95 vagas cadastro reserva<\/strong> para os n\u00edveis fundamental e m\u00e9dio. <\/p>\n\n\n\n<p>As remunera\u00e7\u00f5es variaram de <strong>R$ 1.100,00<\/strong> para n\u00edvel fundamental a <strong>R$ 1.900,00 <\/strong>para n\u00edvel m\u00e9dio, para uma carga hor\u00e1ria ser\u00e1 de <em>40 horas semanais<\/em>. <\/p>\n\n\n\n<div class=\"col-sm\">\n      <div class=\"banner-estrategia\" id=\"box-assinatura\">\n        <h3 class=\"titulo-assinatura\">Cursos para CRMV AM<\/h3>\n        <p class=\"subtitulo-assinatura\">Conhe\u00e7a os cursos<\/p>\n        <div class=\"box-botao\">\n          <a class=\"btn-assinatura\" target=\"_blank\" rel=\"noopener\">Conhe\u00e7a mais<\/a>\n        <\/div>\n      <\/div>\n      <p class=\"texto-auxiliar\">Prepare-se com o melhor material e com quem mais aprova em Concursos P\u00fablicos em todo o pa\u00eds.<\/p>\n    <\/div>\n\n\n\n<p>Neste artigo voc\u00ea encontra as principais informa\u00e7\u00f5es sobre o CRMV de Amazonas e tudo sobre o atual e \u00faltimos concursos. Confira os t\u00f3picos:<\/p>\n\n\n\n<ul class=\"wp-block-list\" id=\"indice\"><li><a href=\"#principais-datas\"><strong>Principais datas <\/strong><\/a><ul><li><a href=\"#cargos-abertos\"><strong>Cargos abertos e requisitos <\/strong><\/a><\/li><\/ul><\/li><li><a href=\"#Etapas-concurso\"><strong>Etapas do certame<\/strong><\/a><ul><li><a href=\"#cargos-situacao-ocupados\"><strong>Situa\u00e7\u00e3o dos cargos j\u00e1 ocupados <\/strong><\/a><\/li><\/ul><\/li><li><a href=\"#ultimo-concurso\"><strong>\u00daltimo concurso <\/strong><\/a><\/li><li><a href=\"#cursos-assinatura\"><strong>Cursos e Assinaturas<\/strong><\/a><\/li><li><a href=\"https:\/\/www.estrategiaconcursos.com.br\/blog\/wp-admin\/post.php?action=edit&amp;post=402493#ficha-tecnica\"><strong>Ficha t\u00e9cnica<\/strong><\/a><strong> <\/strong><\/li><\/ul>\n\n\n\n<h2 class=\"wp-block-heading\" id=\"principais-datas\">Principais datas do concurso CRMV AM <\/h2>\n\n\n\n<p class=\"has-very-light-gray-background-color has-background\"><strong>Per\u00edodo de inscri\u00e7\u00f5es:<\/strong> <s>28\/10 at\u00e9 12\/12<\/s><br \/><strong>Taxa de inscri\u00e7\u00f5es:<\/strong> R$ 40 (n\u00edvel fundamental) e R$ 60 (n\u00edvel m\u00e9dio)<br \/><strong>Isen\u00e7\u00e3o das inscri\u00e7\u00f5es:<\/strong> <s>28\/10 a 01\/11<\/s><br \/><strong>Data da Prova objetiva:<\/strong><em> <\/em><s>19\/01\/2020<\/s><\/p>\n\n\n\n<h2 class=\"wp-block-heading\" id=\"cargos-abertos\">Cargos abertos e requisitos do concurso CRMV AM <\/h2>\n\n\n\n<p>Os cargos cujas vagas foram ofertadas dividem-se da seguinte maneira: <\/p>\n\n\n\n<p><\/p>\n\n\n\n<figure class=\"wp-block-table aligncenter is-style-stripes\"><table class=\"has-background has-fixed-layout\" style=\"background-color:#e7f5fe\"><tbody><tr><td class=\"has-text-align-center\" data-align=\"center\"><strong>N\u00edvel <\/strong>\/ <br \/><strong>Requisito<\/strong><\/td><td class=\"has-text-align-center\" data-align=\"center\"><strong>Cargo<\/strong> <\/td><td class=\"has-text-align-center\" data-align=\"center\"><strong>Vagas <\/strong><br \/><strong>Efetivas <\/strong><\/td><td class=\"has-text-align-center\" data-align=\"center\"><strong>CR<\/strong><\/td><td class=\"has-text-align-center\" data-align=\"center\"><strong>Remunera\u00e7\u00e3o <\/strong><br \/><strong>b\u00e1sica<\/strong><\/td><\/tr><tr><td class=\"has-text-align-center\" data-align=\"center\">Fundamental <\/td><td class=\"has-text-align-center\" data-align=\"center\"> Servi\u00e7os Gerais <\/td><td class=\"has-text-align-center\" data-align=\"center\">1<\/td><td class=\"has-text-align-center\" data-align=\"center\">19<\/td><td class=\"has-text-align-center\" data-align=\"center\">R$ 1.100,00 <\/td><\/tr><tr><td class=\"has-text-align-center\" data-align=\"center\">M\u00e9dio <\/td><td class=\"has-text-align-center\" data-align=\"center\">Motorista <\/td><td class=\"has-text-align-center\" data-align=\"center\"> &#8211; <\/td><td class=\"has-text-align-center\" data-align=\"center\">10 <\/td><td class=\"has-text-align-center\" data-align=\"center\">R$ 1.300,00 <\/td><\/tr><tr><td class=\"has-text-align-center\" data-align=\"center\">M\u00e9dio  <\/td><td class=\"has-text-align-center\" data-align=\"center\"> Auxiliar Administrativo\/ Financeiro <\/td><td class=\"has-text-align-center\" data-align=\"center\">2<\/td><td class=\"has-text-align-center\" data-align=\"center\">28<\/td><td class=\"has-text-align-center\" data-align=\"center\">R$ 1.300,00<\/td><\/tr><tr><td class=\"has-text-align-center\" data-align=\"center\">M\u00e9dio  <\/td><td class=\"has-text-align-center\" data-align=\"center\">Assistente Administrativo  <\/td><td class=\"has-text-align-center\" data-align=\"center\">1 <\/td><td class=\"has-text-align-center\" data-align=\"center\">19 <\/td><td class=\"has-text-align-center\" data-align=\"center\">R$ 1.600,00 <\/td><\/tr><tr><td class=\"has-text-align-center\" data-align=\"center\"> M\u00e9dio  <\/td><td class=\"has-text-align-center\" data-align=\"center\"> Fiscal  <\/td><td class=\"has-text-align-center\" data-align=\"center\"> 1 <\/td><td class=\"has-text-align-center\" data-align=\"center\"> 19 <\/td><td class=\"has-text-align-center\" data-align=\"center\"> R$ 1.900,00 <\/td><\/tr><\/tbody><\/table><figcaption>Tabela de cargos, vagas e remunera\u00e7\u00f5es<\/figcaption><\/figure>\n\n\n\n<h2 class=\"wp-block-heading\" id=\"Etapas-concurso\">Etapas do concurso CRMV AM <\/h2>\n\n\n\n<p>O certame foi composto apenas de uma <strong>prova objetiva<\/strong>, que ter\u00e1 car\u00e1ter <em>eliminat\u00f3rio e classificat\u00f3rio.<\/em> A prova foi realizada no dia <strong>19 de janeiro de 2020<\/strong> no turno da <strong>tarde<\/strong> e ter\u00e1 dura\u00e7\u00e3o de <strong>3 horas e 30 minutos<\/strong>. <\/p>\n\n\n\n<p>Para o cargo de <em>n\u00edvel fundamental<\/em> a prova foi composta de <strong>100 quest\u00f5es<\/strong>. J\u00e1 para os cargos de <em>n\u00edvel m\u00e9dio<\/em>, foram cobradas <strong>120 quest\u00f5es<\/strong>. <\/p>\n\n\n\n<p>Em ambos os casos todas as quest\u00f5es tiveram peso <strong>1,0 positivo<\/strong> para cada <em>acerto<\/em>, <strong>0,5 ponto negativo<\/strong> para cada <em>erro<\/em>, de acordo com o gabarito oficial, e <strong>0,0 ponto<\/strong> em caso de <em>aus\u00eancia de marca\u00e7\u00e3o ou marca\u00e7\u00e3o dupla<\/em>. <\/p>\n\n\n\n<p>As disciplinas se diferiram a depender do n\u00edvel de escolaridade, como vemos abaixo: <\/p>\n\n\n\n<h3 class=\"wp-block-heading\" id=\"nivel-fundamental\">N\u00edvel Fundamental <\/h3>\n\n\n\n<ul class=\"wp-block-list\"><li>100 quest\u00f5es &#8211; <em>Conhecimentos Gerais <\/em><\/li><\/ul>\n\n\n\n<h3 class=\"wp-block-heading\" id=\"nivel-medio\">N\u00edvel M\u00e9dio <\/h3>\n\n\n\n<ul class=\"wp-block-list\"><li>40 quest\u00f5es &#8211;<em> Conhecimentos B\u00e1sicos <\/em><\/li><li>30 quest\u00f5es &#8211; <em>Conhecimentos Complementares <\/em><\/li><li>50 quest\u00f5es &#8211; <em>Conhecimentos Espec\u00edficos<\/em> <\/li><\/ul>\n\n\n\n<p>Foi considerado APROVADO o candidato que: <\/p>\n\n\n\n<p class=\"has-medium-font-size\"><strong>N\u00edvel Fundamental<\/strong><\/p>\n\n\n\n<p>Obtivesse nota igual ou superior a <strong>37,00 pontos <\/strong>na \u00e1rea de <em>Conhecimentos Gerais<\/em>. <\/p>\n\n\n\n<p class=\"has-medium-font-size\"><strong>N\u00edvel m\u00e9dio<\/strong><\/p>\n\n\n\n<p>Obtivesse, <strong>cumulativamente<\/strong>, nota igual ou superior a:<\/p>\n\n\n\n<ul class=\"wp-block-list\"><li><strong>16,00 pontos<\/strong> na \u00e1rea de <em>Conhecimentos B\u00e1sicos<\/em>; <\/li><li><strong>10,00 pontos<\/strong> na \u00e1rea de<em> Conhecimentos Complementares<\/em>; <\/li><li><strong>17,00 pontos<\/strong> na \u00e1rea de<em> Conhecimentos Espec\u00edficos.  <\/em><\/li><\/ul>\n\n\n\n<h2 class=\"wp-block-heading\" id=\"cargos-situacao-ocupados\">Situa\u00e7\u00e3o dos cargos j\u00e1 ocupados do concurso CRMV AM<\/h2>\n\n\n\n<p>De acordo com os dados dispon\u00edveis no Portal da Transpar\u00eancia do CRMV de Amazonas, o \u00f3rg\u00e3o conta com 10 servidores efetivos. Os cargos ativos atualmente e suas respectivas remunera\u00e7\u00f5es s\u00e3o:<\/p>\n\n\n\n<ul class=\"wp-block-list\"><li><strong>Assistente Administrativo<\/strong> (5 servidores) :<strong> <\/strong><ul><li><em>R$ 2.388,46 <\/em><\/li><\/ul><\/li><li><strong>Gerente Administrativo <\/strong>(1 servidor):<em><strong> <\/strong><\/em><ul><li><em>R$ 4.831,53<\/em><\/li><\/ul><\/li><li><strong>Fiscal <\/strong>(2 servidores): <ul><li><em>R$ 2.388,46 <\/em><\/li><\/ul><\/li><li><strong>Assessor Jur\u00eddico <\/strong>(1 servidor): <ul><li><em>R$ 4.831,53<\/em><\/li><\/ul><\/li><li><strong>Auxiliar de Servi\u00e7os Gerais <\/strong>(1 servidor): <ul><li><em>R$ 1.185,80<\/em><\/li><\/ul><\/li><\/ul>\n\n\n\n<h2 class=\"wp-block-heading\" id=\"ultimo-concurso\">\u00daltimo concurso CRMV AM<\/h2>\n\n\n\n<p>Em 2014, aconteceu o \u00faltimo concurso CRMV AM, com a oferta total de 18 vagas para os cargos de T\u00e9cnico em Contabilidade e Assistente Administrativo. A remunera\u00e7\u00e3o oferecida para ambos foi de R$ 1.452,00. <\/p>\n\n\n\n<ul class=\"wp-block-list\"><li>T\u00e9cnico em Contabilidade: 1 imediata e 5 para cadastro de reserva<\/li><li>Assistente Administrativo: 2 imediatas e 10 para cadastro de reserva<\/li><\/ul>\n\n\n\n<h3 class=\"wp-block-heading\" id=\"etapas\">Etapas<\/h3>\n\n\n\n<p>A sele\u00e7\u00e3o do certame contou com 2 fases, de car\u00e1ter classificat\u00f3rio e eliminat\u00f3rio, sendo elas: <\/p>\n\n\n\n<ul class=\"wp-block-list\"><li><strong>1\u00aa fase:<\/strong> Prova Objetiva<\/li><li><strong>2\u00aa fase:<\/strong> Avalia\u00e7\u00e3o de Habilidades<\/li><\/ul>\n\n\n\n<h3 class=\"wp-block-heading\" id=\"provas\">Provas<\/h3>\n\n\n\n<p>A <strong>prova objetiva<\/strong> contou com 50 quest\u00f5es de m\u00faltipla escolha, com peso 2 e m\u00e1ximo de 100 pontos. As disciplinas cobradas para cada cargo foram:<\/p>\n\n\n\n<p><strong>T\u00e9cnico em Contabilidade:<\/strong><\/p>\n\n\n\n<ul class=\"wp-block-list\"><li>Portugu\u00eas &#8211; 15<\/li><li>Contabilidade &#8211; 20 <\/li><li>Inform\u00e1tica &#8211; 5<\/li><li>Legisla\u00e7\u00e3o do Sistema CFMV\/CRMVs &#8211; 10 <\/li><\/ul>\n\n\n\n<p><strong>Assistente Administrativo:<\/strong><\/p>\n\n\n\n<ul class=\"wp-block-list\"><li>Portugu\u00eas &#8211; 15<\/li><li>Rotinas Administrativas &#8211; 20<\/li><li>Inform\u00e1tica &#8211; 5<\/li><li>Legisla\u00e7\u00e3o do Sistema CFMV\/CRMVs &#8211; 10 <\/li><\/ul>\n\n\n\n<p>A <strong>Avalia\u00e7\u00e3o de Habilidades<\/strong> para <em>Assistente Administrativo<\/em> contou com 4 situa\u00e7\u00f5es pr\u00e1ticas, valendo 25 pontos cada, voltada para as tarefas relacionadas \u00e0s atribui\u00e7\u00f5es dos cargos e uso do ambiente de microinform\u00e1tica. <\/p>\n\n\n\n<p>Para o cargo de <em>T\u00e9cnico em Contabilidade<\/em> foram 2 quest\u00f5es, valendo 25 pontos cada e 1 reda\u00e7\u00e3o, valendo 50 pontos.<\/p>\n\n\n\n<p>Clique abaixo e se prepare melhor para esses cargos com o nosso Edital Estrat\u00e9gico: <\/p>\n\n\n\n<p class=\"has-text-align-center has-pale-cyan-blue-background-color has-background\" style=\"font-size:clamp(14px, 0.875rem + ((1vw - 3.2px) * 0.392), 18px);px\"><a href=\"https:\/\/dhg1h5j42swfq.cloudfront.net\/2019\/10\/29172426\/Edital-Estrat%C3%A9gico_CRMV-AM_AUXILIAR-ADMINISTRATIVO-FINANCEIRO1.xlsx\"><strong>Edital Estrat\u00e9gico Auxiliar Administrativo Financeiro<\/strong><\/a><\/p>\n\n\n\n<p class=\"has-text-align-center has-pale-cyan-blue-background-color has-background\" style=\"font-size:clamp(14px, 0.875rem + ((1vw - 3.2px) * 0.392), 18px);px\"><a href=\"https:\/\/dhg1h5j42swfq.cloudfront.net\/2019\/10\/29172259\/Edital-Estrat%C3%A9gico_CRMV-AM_ASSISTENTE-ADMINISTRATIVO.xlsx\"><strong>Edital Estrat\u00e9gico Assistente Administrativo<\/strong><\/a><\/p>\n\n\n\n<h2 class=\"has-text-align-center wp-block-heading\" id=\"h-quer-saber-tudo-sobre-concursos-previstos-confira-nossos-artigos\">Quer saber tudo sobre concursos previstos?<br \/>Confira nossos artigos!<\/h2>\n\n\n\n<ul class=\"wp-block-list\"><li><a href=\"https:\/\/www.estrategiaconcursos.com.br\/blog\/concursos-abertos\/\" target=\"_blank\" rel=\"noreferrer noopener\">Concursos abertos<\/a><\/li><li><a href=\"https:\/\/www.estrategiaconcursos.com.br\/blog\/concursos-2022\/\" target=\"_blank\" rel=\"noreferrer noopener\">Concursos 2022<\/a><\/li><\/ul>\n\n\n\n<h2 class=\"has-text-align-center wp-block-heading\" id=\"curso\">Quer estudar para o concurso CRMV AM?<\/h2>\n\n\n\n<div class=\"col-sm\">\n      <div class=\"banner-estrategia\" id=\"box-assinatura\">\n        <h3 class=\"titulo-assinatura\">Cursos para CRMV AM<\/h3>\n        <p class=\"subtitulo-assinatura\">Conhe\u00e7a os cursos<\/p>\n        <div class=\"box-botao\">\n          <a class=\"btn-assinatura\" target=\"_blank\" rel=\"noopener\">Conhe\u00e7a mais<\/a>\n        <\/div>\n      <\/div>\n      <p class=\"texto-auxiliar\">Prepare-se com o melhor material e com quem mais aprova em Concursos P\u00fablicos em todo o pa\u00eds.<\/p>\n    <\/div>\n\n\n\n<div class=\"container\" id=\"boxes\">\n  <div class=\"row\">\n\n    <div class=\"col-sm\">\n      <div class=\"estrategia\" id=\"box-assinatura\">\n        <h3 class=\"titulo-assinatura\">Assinatura Concursos<\/h3>\n        <p class=\"subtitulo-assinatura\">Assinatura de 1 ano ou 2 anos<\/p>\n        <div class=\"box-botao\">\n          <a class=\"btn-assinatura\" target=\"_blank\" href=\"https:\/\/www.estrategiaconcursos.com.br\/assinaturas\/\" role=\"button\" rel=\"noopener noreferrer\">ASSINE AGORA<\/a>\n        <\/div>\n      <\/div>\n     \n    <\/div><\/div><\/div>\n\n\n\n<figure class=\"wp-block-image size-large is-resized\"><img loading=\"lazy\" decoding=\"async\" src=\"https:\/\/dhg1h5j42swfq.cloudfront.net\/2021\/04\/05171352\/ficha-tecnica-33-1024x632.png\" alt=\"\" class=\"wp-image-707823\" width=\"200\" height=\"123\" srcset=\"https:\/\/dhg1h5j42swfq.cloudfront.net\/2021\/04\/05171352\/ficha-tecnica-33-1024x632.png 1024w, https:\/\/dhg1h5j42swfq.cloudfront.net\/2021\/04\/05171352\/ficha-tecnica-33-300x185.png 300w, https:\/\/dhg1h5j42swfq.cloudfront.net\/2021\/04\/05171352\/ficha-tecnica-33-768x474.png 768w, https:\/\/dhg1h5j42swfq.cloudfront.net\/2021\/04\/05171352\/ficha-tecnica-33-1536x948.png 1536w, https:\/\/dhg1h5j42swfq.cloudfront.net\/2021\/04\/05171352\/ficha-tecnica-33-610x377.png 610w, https:\/\/dhg1h5j42swfq.cloudfront.net\/2021\/04\/05171352\/ficha-tecnica-33.png 1571w\" sizes=\"auto, (max-width: 200px) 100vw, 200px\" \/><\/figure>\n\n\n\n<h3 class=\"wp-block-heading\" id=\"ficha-tecnica\"><strong>Informa\u00e7\u00f5es sobre o concurso CRMV AM<\/strong><\/h3>\n\n\n\n<p>\u25ba<strong>Data<\/strong>: <s>19 de janeiro de 2020 <\/s><br \/>\u25ba<strong>Vagas<\/strong>: 5 efetivas + 95 CR <br \/>\u25ba<strong>Cargos<\/strong>: V\u00e1rios <br \/>\u25ba<strong>Banca<\/strong>: Instituto Quadrix<br \/>\u25ba<strong>Escolaridade<\/strong>: N\u00edvel fundamental e m\u00e9dio<br \/>\u25ba <strong>Edital<\/strong>: Edital <a href=\"https:\/\/dhg1h5j42swfq.cloudfront.net\/2019\/10\/28182758\/2_CRMV-AM_concurso_publico_2019_edital_1.pdf\" target=\"_blank\" rel=\"noreferrer noopener\">concurso CRMV AM <\/a><\/p>\n","protected":false},"excerpt":{"rendered":"<p>O prazo de validade do concurso CRMV AM (2019-2020), foi prorrogado por mais dois anos. De acordo com o \u00f3rg\u00e3o, a nova vig\u00eancia entrar\u00e1 em vigor a partir de 12\/05\/2022. Concurso CRMV AM Status:&nbsp;prazo de validade prorrogado Banca:&nbsp;Quadrix Vagas:&nbsp;5 + 95 CR Sal\u00e1rio inicial:&nbsp;R$ 1.100,00 \/ R$ 1.900,00 Vale lembrar que j\u00e1 foi divulgada a [&hellip;]<\/p>\n","protected":false},"author":1,"featured_media":403703,"comment_status":"open","ping_status":"closed","sticky":false,"template":"","format":"standard","meta":{"post_tipo":"news_page","footnotes":""},"categories":[214992],"tags":[],"tax_estado":[219966],"class_list":["post-402493","post","type-post","status-publish","format-standard","has-post-thumbnail","hentry","category-concursos-administrativos","tax_estado-am"],"acf":[],"yoast_head":"<!-- This site is optimized with the Yoast SEO Premium plugin v27.2 (Yoast SEO v27.2) - https:\/\/yoast.com\/product\/yoast-seo-premium-wordpress\/ -->\n<title>Concurso CRMV AM: prazo de validade prorrogado!<\/title>\n<meta name=\"description\" content=\"Concurso CRMV AM: prazo de validade prorrogado por mais dois anos. Saiba tudo sobre a sele\u00e7\u00e3o neste artigo!\" \/>\n<meta name=\"robots\" content=\"index, follow, max-snippet:-1, max-image-preview:large, max-video-preview:-1\" \/>\n<link rel=\"canonical\" href=\"https:\/\/www.estrategiaconcursos.com.br\/blog\/concurso-crmv-am\/\" \/>\n<meta property=\"og:locale\" content=\"pt_BR\" \/>\n<meta property=\"og:type\" content=\"article\" \/>\n<meta property=\"og:title\" content=\"Concurso CRMV AM: prazo de validade prorrogado!\" \/>\n<meta property=\"og:description\" content=\"Concurso CRMV AM: prazo de validade prorrogado por mais dois anos. Saiba tudo sobre a sele\u00e7\u00e3o neste artigo!\" \/>\n<meta property=\"og:url\" content=\"https:\/\/www.estrategiaconcursos.com.br\/blog\/concurso-crmv-am\/\" \/>\n<meta property=\"og:site_name\" content=\"Estrat\u00e9gia Concursos\" \/>\n<meta property=\"article:author\" content=\"https:\/\/www.facebook.com\/EstrategiaConcursos\" \/>\n<meta property=\"article:published_time\" content=\"2022-02-14T09:50:00+00:00\" \/>\n<meta property=\"article:modified_time\" content=\"2022-02-17T05:43:06+00:00\" \/>\n<meta property=\"og:image\" content=\"https:\/\/dhg1h5j42swfq.cloudfront.net\/2019\/07\/29164810\/CRMV-AM.jpg\" \/>\n\t<meta property=\"og:image:width\" content=\"1200\" \/>\n\t<meta property=\"og:image:height\" content=\"628\" \/>\n\t<meta property=\"og:image:type\" content=\"image\/jpeg\" \/>\n<meta name=\"author\" content=\"Coordena\u00e7\u00e3o\" \/>\n<meta name=\"twitter:card\" content=\"summary_large_image\" \/>\n<meta name=\"twitter:creator\" content=\"@EstratConcursos\" \/>\n<meta name=\"twitter:site\" content=\"@EstratConcursos\" \/>\n<meta name=\"twitter:label1\" content=\"Escrito por\" \/>\n\t<meta name=\"twitter:data1\" content=\"Coordena\u00e7\u00e3o\" \/>\n\t<meta name=\"twitter:label2\" content=\"Est. tempo de leitura\" \/>\n\t<meta name=\"twitter:data2\" content=\"5 minutos\" \/>\n<script type=\"application\/ld+json\" class=\"yoast-schema-graph\">{\"@context\":\"https:\/\/schema.org\",\"@graph\":[{\"@type\":\"NewsArticle\",\"@id\":\"https:\/\/www.estrategiaconcursos.com.br\/blog\/concurso-crmv-am\/#article\",\"isPartOf\":{\"@id\":\"https:\/\/www.estrategiaconcursos.com.br\/blog\/concurso-crmv-am\/\"},\"author\":{\"name\":\"Coordena\u00e7\u00e3o\",\"@id\":\"https:\/\/www.estrategiaconcursos.com.br\/blog\/#\/schema\/person\/b4a388c97673c5f483d72185668afa1f\"},\"headline\":\"Concurso CRMV AM: prazo de validade prorrogado!\",\"datePublished\":\"2022-02-14T09:50:00+00:00\",\"dateModified\":\"2022-02-17T05:43:06+00:00\",\"mainEntityOfPage\":{\"@id\":\"https:\/\/www.estrategiaconcursos.com.br\/blog\/concurso-crmv-am\/\"},\"wordCount\":878,\"commentCount\":1,\"publisher\":{\"@id\":\"https:\/\/www.estrategiaconcursos.com.br\/blog\/#organization\"},\"image\":{\"@id\":\"https:\/\/www.estrategiaconcursos.com.br\/blog\/concurso-crmv-am\/#primaryimage\"},\"thumbnailUrl\":\"https:\/\/dhg1h5j42swfq.cloudfront.net\/2019\/07\/29164810\/CRMV-AM.jpg\",\"articleSection\":[\"Executivo (Administrativa)\"],\"inLanguage\":\"pt-BR\",\"potentialAction\":[{\"@type\":\"CommentAction\",\"name\":\"Comment\",\"target\":[\"https:\/\/www.estrategiaconcursos.com.br\/blog\/concurso-crmv-am\/#respond\"]}],\"copyrightYear\":\"2022\",\"copyrightHolder\":{\"@id\":\"https:\/\/www.estrategiaconcursos.com.br\/blog\/#organization\"}},{\"@type\":\"WebPage\",\"@id\":\"https:\/\/www.estrategiaconcursos.com.br\/blog\/concurso-crmv-am\/\",\"url\":\"https:\/\/www.estrategiaconcursos.com.br\/blog\/concurso-crmv-am\/\",\"name\":\"Concurso CRMV AM: prazo de validade prorrogado!\",\"isPartOf\":{\"@id\":\"https:\/\/www.estrategiaconcursos.com.br\/blog\/#website\"},\"primaryImageOfPage\":{\"@id\":\"https:\/\/www.estrategiaconcursos.com.br\/blog\/concurso-crmv-am\/#primaryimage\"},\"image\":{\"@id\":\"https:\/\/www.estrategiaconcursos.com.br\/blog\/concurso-crmv-am\/#primaryimage\"},\"thumbnailUrl\":\"https:\/\/dhg1h5j42swfq.cloudfront.net\/2019\/07\/29164810\/CRMV-AM.jpg\",\"datePublished\":\"2022-02-14T09:50:00+00:00\",\"dateModified\":\"2022-02-17T05:43:06+00:00\",\"description\":\"Concurso CRMV AM: prazo de validade prorrogado por mais dois anos. Saiba tudo sobre a sele\u00e7\u00e3o neste artigo!\",\"breadcrumb\":{\"@id\":\"https:\/\/www.estrategiaconcursos.com.br\/blog\/concurso-crmv-am\/#breadcrumb\"},\"inLanguage\":\"pt-BR\",\"potentialAction\":[{\"@type\":\"ReadAction\",\"target\":[\"https:\/\/www.estrategiaconcursos.com.br\/blog\/concurso-crmv-am\/\"]}]},{\"@type\":\"ImageObject\",\"inLanguage\":\"pt-BR\",\"@id\":\"https:\/\/www.estrategiaconcursos.com.br\/blog\/concurso-crmv-am\/#primaryimage\",\"url\":\"https:\/\/dhg1h5j42swfq.cloudfront.net\/2019\/07\/29164810\/CRMV-AM.jpg\",\"contentUrl\":\"https:\/\/dhg1h5j42swfq.cloudfront.net\/2019\/07\/29164810\/CRMV-AM.jpg\",\"width\":1200,\"height\":628},{\"@type\":\"BreadcrumbList\",\"@id\":\"https:\/\/www.estrategiaconcursos.com.br\/blog\/concurso-crmv-am\/#breadcrumb\",\"itemListElement\":[{\"@type\":\"ListItem\",\"position\":1,\"name\":\"In\u00edcio\",\"item\":\"https:\/\/www.estrategiaconcursos.com.br\/blog\/\"},{\"@type\":\"ListItem\",\"position\":2,\"name\":\"Concurso CRMV AM: prazo de validade prorrogado!\"}]},{\"@type\":\"WebSite\",\"@id\":\"https:\/\/www.estrategiaconcursos.com.br\/blog\/#website\",\"url\":\"https:\/\/www.estrategiaconcursos.com.br\/blog\/\",\"name\":\"Estrat\u00e9gia Concursos\",\"description\":\"O blog da Estrat\u00e9gia Concursos traz not\u00edcias sobre concursos e artigos de professores oferecendo cursos para concursos (pdf + videaulas) no site.\",\"publisher\":{\"@id\":\"https:\/\/www.estrategiaconcursos.com.br\/blog\/#organization\"},\"potentialAction\":[{\"@type\":\"SearchAction\",\"target\":{\"@type\":\"EntryPoint\",\"urlTemplate\":\"https:\/\/www.estrategiaconcursos.com.br\/blog\/?s={search_term_string}\"},\"query-input\":{\"@type\":\"PropertyValueSpecification\",\"valueRequired\":true,\"valueName\":\"search_term_string\"}}],\"inLanguage\":\"pt-BR\"},{\"@type\":\"Organization\",\"@id\":\"https:\/\/www.estrategiaconcursos.com.br\/blog\/#organization\",\"name\":\"Estrat\u00e9gia Concursos\",\"url\":\"https:\/\/www.estrategiaconcursos.com.br\/blog\/\",\"logo\":{\"@type\":\"ImageObject\",\"inLanguage\":\"pt-BR\",\"@id\":\"https:\/\/www.estrategiaconcursos.com.br\/blog\/#\/schema\/logo\/image\/\",\"url\":\"https:\/\/dhg1h5j42swfq.cloudfront.net\/2025\/06\/03203428\/logo_concursos-1.jpg\",\"contentUrl\":\"https:\/\/dhg1h5j42swfq.cloudfront.net\/2025\/06\/03203428\/logo_concursos-1.jpg\",\"width\":230,\"height\":60,\"caption\":\"Estrat\u00e9gia Concursos\"},\"image\":{\"@id\":\"https:\/\/www.estrategiaconcursos.com.br\/blog\/#\/schema\/logo\/image\/\"},\"sameAs\":[\"https:\/\/x.com\/EstratConcursos\"]},{\"@type\":\"Person\",\"@id\":\"https:\/\/www.estrategiaconcursos.com.br\/blog\/#\/schema\/person\/b4a388c97673c5f483d72185668afa1f\",\"name\":\"Coordena\u00e7\u00e3o\",\"image\":{\"@type\":\"ImageObject\",\"inLanguage\":\"pt-BR\",\"@id\":\"https:\/\/secure.gravatar.com\/avatar\/b720319e4c9a967eb58678d110f4fe35452fc5d5f97b202bac7b8acceb18c6ad?s=96&d=mm&r=g\",\"url\":\"https:\/\/secure.gravatar.com\/avatar\/b720319e4c9a967eb58678d110f4fe35452fc5d5f97b202bac7b8acceb18c6ad?s=96&d=mm&r=g\",\"contentUrl\":\"https:\/\/secure.gravatar.com\/avatar\/b720319e4c9a967eb58678d110f4fe35452fc5d5f97b202bac7b8acceb18c6ad?s=96&d=mm&r=g\",\"caption\":\"Coordena\u00e7\u00e3o\"},\"sameAs\":[\"https:\/\/www.facebook.com\/EstrategiaConcursos\",\"https:\/\/x.com\/EstratConcursos\"],\"url\":\"https:\/\/www.estrategiaconcursos.com.br\/blog\/author\/estrategia2013\/\"}]}<\/script>\n<!-- \/ Yoast SEO Premium plugin. -->","yoast_head_json":{"title":"Concurso CRMV AM: prazo de validade prorrogado!","description":"Concurso CRMV AM: prazo de validade prorrogado por mais dois anos. Saiba tudo sobre a sele\u00e7\u00e3o neste artigo!","robots":{"index":"index","follow":"follow","max-snippet":"max-snippet:-1","max-image-preview":"max-image-preview:large","max-video-preview":"max-video-preview:-1"},"canonical":"https:\/\/www.estrategiaconcursos.com.br\/blog\/concurso-crmv-am\/","og_locale":"pt_BR","og_type":"article","og_title":"Concurso CRMV AM: prazo de validade prorrogado!","og_description":"Concurso CRMV AM: prazo de validade prorrogado por mais dois anos. Saiba tudo sobre a sele\u00e7\u00e3o neste artigo!","og_url":"https:\/\/www.estrategiaconcursos.com.br\/blog\/concurso-crmv-am\/","og_site_name":"Estrat\u00e9gia Concursos","article_author":"https:\/\/www.facebook.com\/EstrategiaConcursos","article_published_time":"2022-02-14T09:50:00+00:00","article_modified_time":"2022-02-17T05:43:06+00:00","og_image":[{"width":1200,"height":628,"url":"https:\/\/dhg1h5j42swfq.cloudfront.net\/2019\/07\/29164810\/CRMV-AM.jpg","type":"image\/jpeg"}],"author":"Coordena\u00e7\u00e3o","twitter_card":"summary_large_image","twitter_creator":"@EstratConcursos","twitter_site":"@EstratConcursos","twitter_misc":{"Escrito por":"Coordena\u00e7\u00e3o","Est. tempo de leitura":"5 minutos"},"schema":{"@context":"https:\/\/schema.org","@graph":[{"@type":"NewsArticle","@id":"https:\/\/www.estrategiaconcursos.com.br\/blog\/concurso-crmv-am\/#article","isPartOf":{"@id":"https:\/\/www.estrategiaconcursos.com.br\/blog\/concurso-crmv-am\/"},"author":{"name":"Coordena\u00e7\u00e3o","@id":"https:\/\/www.estrategiaconcursos.com.br\/blog\/#\/schema\/person\/b4a388c97673c5f483d72185668afa1f"},"headline":"Concurso CRMV AM: prazo de validade prorrogado!","datePublished":"2022-02-14T09:50:00+00:00","dateModified":"2022-02-17T05:43:06+00:00","mainEntityOfPage":{"@id":"https:\/\/www.estrategiaconcursos.com.br\/blog\/concurso-crmv-am\/"},"wordCount":878,"commentCount":1,"publisher":{"@id":"https:\/\/www.estrategiaconcursos.com.br\/blog\/#organization"},"image":{"@id":"https:\/\/www.estrategiaconcursos.com.br\/blog\/concurso-crmv-am\/#primaryimage"},"thumbnailUrl":"https:\/\/dhg1h5j42swfq.cloudfront.net\/2019\/07\/29164810\/CRMV-AM.jpg","articleSection":["Executivo (Administrativa)"],"inLanguage":"pt-BR","potentialAction":[{"@type":"CommentAction","name":"Comment","target":["https:\/\/www.estrategiaconcursos.com.br\/blog\/concurso-crmv-am\/#respond"]}],"copyrightYear":"2022","copyrightHolder":{"@id":"https:\/\/www.estrategiaconcursos.com.br\/blog\/#organization"}},{"@type":"WebPage","@id":"https:\/\/www.estrategiaconcursos.com.br\/blog\/concurso-crmv-am\/","url":"https:\/\/www.estrategiaconcursos.com.br\/blog\/concurso-crmv-am\/","name":"Concurso CRMV AM: prazo de validade prorrogado!","isPartOf":{"@id":"https:\/\/www.estrategiaconcursos.com.br\/blog\/#website"},"primaryImageOfPage":{"@id":"https:\/\/www.estrategiaconcursos.com.br\/blog\/concurso-crmv-am\/#primaryimage"},"image":{"@id":"https:\/\/www.estrategiaconcursos.com.br\/blog\/concurso-crmv-am\/#primaryimage"},"thumbnailUrl":"https:\/\/dhg1h5j42swfq.cloudfront.net\/2019\/07\/29164810\/CRMV-AM.jpg","datePublished":"2022-02-14T09:50:00+00:00","dateModified":"2022-02-17T05:43:06+00:00","description":"Concurso CRMV AM: prazo de validade prorrogado por mais dois anos. Saiba tudo sobre a sele\u00e7\u00e3o neste artigo!","breadcrumb":{"@id":"https:\/\/www.estrategiaconcursos.com.br\/blog\/concurso-crmv-am\/#breadcrumb"},"inLanguage":"pt-BR","potentialAction":[{"@type":"ReadAction","target":["https:\/\/www.estrategiaconcursos.com.br\/blog\/concurso-crmv-am\/"]}]},{"@type":"ImageObject","inLanguage":"pt-BR","@id":"https:\/\/www.estrategiaconcursos.com.br\/blog\/concurso-crmv-am\/#primaryimage","url":"https:\/\/dhg1h5j42swfq.cloudfront.net\/2019\/07\/29164810\/CRMV-AM.jpg","contentUrl":"https:\/\/dhg1h5j42swfq.cloudfront.net\/2019\/07\/29164810\/CRMV-AM.jpg","width":1200,"height":628},{"@type":"BreadcrumbList","@id":"https:\/\/www.estrategiaconcursos.com.br\/blog\/concurso-crmv-am\/#breadcrumb","itemListElement":[{"@type":"ListItem","position":1,"name":"In\u00edcio","item":"https:\/\/www.estrategiaconcursos.com.br\/blog\/"},{"@type":"ListItem","position":2,"name":"Concurso CRMV AM: prazo de validade prorrogado!"}]},{"@type":"WebSite","@id":"https:\/\/www.estrategiaconcursos.com.br\/blog\/#website","url":"https:\/\/www.estrategiaconcursos.com.br\/blog\/","name":"Estrat\u00e9gia Concursos","description":"O blog da Estrat\u00e9gia Concursos traz not\u00edcias sobre concursos e artigos de professores oferecendo cursos para concursos (pdf + videaulas) no site.","publisher":{"@id":"https:\/\/www.estrategiaconcursos.com.br\/blog\/#organization"},"potentialAction":[{"@type":"SearchAction","target":{"@type":"EntryPoint","urlTemplate":"https:\/\/www.estrategiaconcursos.com.br\/blog\/?s={search_term_string}"},"query-input":{"@type":"PropertyValueSpecification","valueRequired":true,"valueName":"search_term_string"}}],"inLanguage":"pt-BR"},{"@type":"Organization","@id":"https:\/\/www.estrategiaconcursos.com.br\/blog\/#organization","name":"Estrat\u00e9gia Concursos","url":"https:\/\/www.estrategiaconcursos.com.br\/blog\/","logo":{"@type":"ImageObject","inLanguage":"pt-BR","@id":"https:\/\/www.estrategiaconcursos.com.br\/blog\/#\/schema\/logo\/image\/","url":"https:\/\/dhg1h5j42swfq.cloudfront.net\/2025\/06\/03203428\/logo_concursos-1.jpg","contentUrl":"https:\/\/dhg1h5j42swfq.cloudfront.net\/2025\/06\/03203428\/logo_concursos-1.jpg","width":230,"height":60,"caption":"Estrat\u00e9gia Concursos"},"image":{"@id":"https:\/\/www.estrategiaconcursos.com.br\/blog\/#\/schema\/logo\/image\/"},"sameAs":["https:\/\/x.com\/EstratConcursos"]},{"@type":"Person","@id":"https:\/\/www.estrategiaconcursos.com.br\/blog\/#\/schema\/person\/b4a388c97673c5f483d72185668afa1f","name":"Coordena\u00e7\u00e3o","image":{"@type":"ImageObject","inLanguage":"pt-BR","@id":"https:\/\/secure.gravatar.com\/avatar\/b720319e4c9a967eb58678d110f4fe35452fc5d5f97b202bac7b8acceb18c6ad?s=96&d=mm&r=g","url":"https:\/\/secure.gravatar.com\/avatar\/b720319e4c9a967eb58678d110f4fe35452fc5d5f97b202bac7b8acceb18c6ad?s=96&d=mm&r=g","contentUrl":"https:\/\/secure.gravatar.com\/avatar\/b720319e4c9a967eb58678d110f4fe35452fc5d5f97b202bac7b8acceb18c6ad?s=96&d=mm&r=g","caption":"Coordena\u00e7\u00e3o"},"sameAs":["https:\/\/www.facebook.com\/EstrategiaConcursos","https:\/\/x.com\/EstratConcursos"],"url":"https:\/\/www.estrategiaconcursos.com.br\/blog\/author\/estrategia2013\/"}]}},"_links":{"self":[{"href":"https:\/\/www.estrategiaconcursos.com.br\/blog\/wp-json\/wp\/v2\/posts\/402493","targetHints":{"allow":["GET"]}}],"collection":[{"href":"https:\/\/www.estrategiaconcursos.com.br\/blog\/wp-json\/wp\/v2\/posts"}],"about":[{"href":"https:\/\/www.estrategiaconcursos.com.br\/blog\/wp-json\/wp\/v2\/types\/post"}],"author":[{"embeddable":true,"href":"https:\/\/www.estrategiaconcursos.com.br\/blog\/wp-json\/wp\/v2\/users\/1"}],"replies":[{"embeddable":true,"href":"https:\/\/www.estrategiaconcursos.com.br\/blog\/wp-json\/wp\/v2\/comments?post=402493"}],"version-history":[{"count":49,"href":"https:\/\/www.estrategiaconcursos.com.br\/blog\/wp-json\/wp\/v2\/posts\/402493\/revisions"}],"predecessor-version":[{"id":971031,"href":"https:\/\/www.estrategiaconcursos.com.br\/blog\/wp-json\/wp\/v2\/posts\/402493\/revisions\/971031"}],"wp:featuredmedia":[{"embeddable":true,"href":"https:\/\/www.estrategiaconcursos.com.br\/blog\/wp-json\/wp\/v2\/media\/403703"}],"wp:attachment":[{"href":"https:\/\/www.estrategiaconcursos.com.br\/blog\/wp-json\/wp\/v2\/media?parent=402493"}],"wp:term":[{"taxonomy":"category","embeddable":true,"href":"https:\/\/www.estrategiaconcursos.com.br\/blog\/wp-json\/wp\/v2\/categories?post=402493"},{"taxonomy":"post_tag","embeddable":true,"href":"https:\/\/www.estrategiaconcursos.com.br\/blog\/wp-json\/wp\/v2\/tags?post=402493"},{"taxonomy":"tax_estado","embeddable":true,"href":"https:\/\/www.estrategiaconcursos.com.br\/blog\/wp-json\/wp\/v2\/tax_estado?post=402493"}],"curies":[{"name":"wp","href":"https:\/\/api.w.org\/{rel}","templated":true}]}}