{"id":402125,"date":"2019-08-29T04:00:23","date_gmt":"2019-08-29T07:00:23","guid":{"rendered":"https:\/\/www.estrategiaconcursos.com.br\/blog\/?p=402125"},"modified":"2019-11-07T13:38:51","modified_gmt":"2019-11-07T16:38:51","slug":"edital-agepen-go","status":"publish","type":"post","link":"https:\/\/www.estrategiaconcursos.com.br\/blog\/edital-agepen-go\/","title":{"rendered":"Edital AGEPEN GO: acabaram as inscri\u00e7\u00f5es com 500 vagas imediatas"},"content":{"rendered":"\n<h2 class=\"wp-block-heading\">Provas est\u00e3o previstas para novembro em GO e no DF<\/h2>\n\n\n\n<p>O t\u00e3o esperado edital da Diretoria Geral de Administra\u00e7\u00e3o Penitenci\u00e1ria de Goi\u00e1s para o cargo de <strong>Agente de Seguran\u00e7a Prisional, teve suas inscri\u00e7\u00f5es encerradas no dia 13 de outubro. <\/strong>S\u00e3o ofertadas <strong>500 vagas imediatas<\/strong> lotadas em nove cidades do Estado.<\/p>\n\n\n\n<p>A remunera\u00e7\u00e3o inicial do cargo \u00e9 de R$ 4.891,25. Os aprovados ser\u00e3o lotados nas regionais de Goi\u00e2nia, Aparecida de Goi\u00e2nia, Goian\u00e9sia, Caldas Novas, Rio Verde, Itabera\u00ed, Formosa, Palmeiras e Luzi\u00e2nia.<\/p>\n\n\n\n<p>As provas objetivas e discursivas est\u00e3o previstas para o dia <strong>24 de novembro de 2019<\/strong> e ser\u00e3o aplicadas em Goi\u00e1s e no Distrito Federal.<\/p>\n\n\n\n<h2 class=\"wp-block-heading\">Principais datas do edital Agente Penitenci\u00e1rio GO<\/h2>\n\n\n\n<p class=\"has-background has-very-light-gray-background-color\"><strong>Inscri\u00e7\u00f5es<\/strong>: 29\/08 a 13\/10\/2019<br \/><strong>Isen\u00e7\u00e3o<\/strong>: 08 a 14\/08\/2019<br \/><strong>Pagamento da taxa<\/strong>: at\u00e9 16\/10\/2019<br \/><strong>Provas<\/strong>: 24\/11\/2019<br \/><strong>Avalia\u00e7\u00e3o M\u00e9dica, Psicol\u00f3gica, Multiprofissional e f\u00edsica<\/strong>: 1\u00ba a 10\/02\/2020<\/p>\n\n\n\n<h2 class=\"wp-block-heading\">Edital Agente Penitenci\u00e1rio GO: requisitos para a posse<\/h2>\n\n\n\n<p>Para ingressar na carreira \u00e9 necess\u00e1rio ter <strong>N\u00edvel Superior<\/strong> em <strong>qualquer \u00e1rea de forma\u00e7\u00e3o.<\/strong><\/p>\n\n\n\n<h2 class=\"wp-block-heading\">Edital Agente Penitenci\u00e1rio GO: quadro de vagas<\/h2>\n\n\n\n<ul class=\"wp-block-list\"><li><strong>Total de vagas<\/strong>: 500<ul><li>AC\/Masculino: 425<\/li><li>AC\/Feminino: 42<\/li><li>PcD\/Masculino: 25<\/li><li>PcD\/Feminino:  8<\/li><\/ul><\/li><\/ul>\n\n\n\n<h3 class=\"wp-block-heading\">Vagas por regi\u00e3o<\/h3>\n\n\n\n<ul class=\"wp-block-list\"><li> <strong>Metropolitana &#8211; Goi\u00e2nia e Aparecida de Goi\u00e2nia<\/strong>: 97 vagas<ul><li>AC\/Masculino: 80<\/li><li>AC\/Feminino: 8<\/li><li>PcD\/Masculino: 8<\/li><li>PcD\/Feminino: 1<\/li><\/ul><\/li><li><strong>Norte &#8211; Goian\u00e9sia<\/strong>: 62 vagas<ul><li>AC\/Masculino: 53<\/li><li>AC\/Feminino: 6<\/li><li>PcD\/Masculino:2<\/li><li>PcD\/Feminino: 1 <\/li><\/ul><\/li><li><strong>Sudoeste &#8211; Caldas Novas<\/strong>: 59 vagas<ul><li>AC\/Masculino: 51<\/li><li>AC\/Feminino: 4<\/li><li>PcD\/Masculino: 3<\/li><li>PcD\/Feminino: 1<\/li><\/ul><\/li><li><strong>Sudoeste &#8211; Rio Verde<\/strong>: 71 vagas<ul><li> AC\/Masculino: 62<\/li><li>AC\/Feminino: 6<\/li><li>PcD\/Masculino: 2 <\/li><li>PcD\/Feminino:  1<\/li><\/ul><\/li><li><strong>Noroeste &#8211; Itabera\u00ed<\/strong>: 39 vagas <ul><li>AC\/Masculino: 33<\/li><\/ul><ul><li>AC\/Feminino: 3<\/li><li>PcD\/Masculino: 2<\/li><li>PcD\/Feminino: 1<\/li><\/ul><\/li><li><strong>Nordeste &#8211; Formosa<\/strong>: 63 vagas<ul><li>AC\/Masculino: 52<\/li><li>AC\/Feminino: 6<\/li><li>PcD\/Masculino: 4<\/li><li>PcD\/Feminino: 1<\/li><\/ul><\/li><li><strong>Centro Oeste &#8211; Palmeiras<\/strong>: 39 vagas<ul><li>AC\/Masculino: 33<\/li><li>AC\/Feminino: 3<\/li><li>PcD\/Masculino: 2<\/li><li>PcD\/Feminino: 1<\/li><\/ul><\/li><li><strong>Entorno de Bras\u00edlia &#8211; Luzi\u00e2nia<\/strong>: 70 vagas<ul><li> AC\/Masculino: 61<\/li><li>AC\/Feminino: 6<\/li><li>PcD\/Masculino: 2<\/li><li>PcD\/Feminino:   1<\/li><\/ul><\/li><\/ul>\n\n\n\n<h2 class=\"wp-block-heading\">Edital Agente Penitenci\u00e1rio GO: etapas do concurso<\/h2>\n\n\n\n<ol class=\"wp-block-list\"><li><strong>prova objetiva<\/strong>, de car\u00e1ter eliminat\u00f3rio e classificat\u00f3rio, a ser realizada pelo IADES; <\/li><li><strong>prova discursiva<\/strong>, de car\u00e1ter eliminat\u00f3rio e classificat\u00f3rio, a ser realizada pelo IADES; <\/li><li><strong>avalia\u00e7\u00e3o m\u00e9dica<\/strong>, de car\u00e1ter eliminat\u00f3rio, a ser realizada pelo IADES; <\/li><li>a<strong>valia\u00e7\u00e3o da equipe multiprofissional<\/strong>, de car\u00e1ter eliminat\u00f3rio e exclusiva para os candidatos que se declararam com defici\u00eancia, a ser realizada pelo IADES; <\/li><li><strong>avalia\u00e7\u00e3o f\u00edsica<\/strong>, de car\u00e1ter eliminat\u00f3rio, a ser realizada pelo IADES; <\/li><li>avalia\u00e7\u00e3o psicol\u00f3gica, de car\u00e1ter eliminat\u00f3rio, a ser realizada pelo IADES; e <\/li><li><strong>investiga\u00e7\u00e3o social<\/strong>, de car\u00e1ter eliminat\u00f3rio, a ser realizada pela DGAP.<\/li><\/ol>\n\n\n\n<p class=\"has-background has-very-light-gray-background-color\"><em> As provas objetiva e discursiva ser\u00e3o aplicadas no Distrito Federal e nas seguintes cidades do Estado de Goi\u00e1s: Goi\u00e2nia, Aparecida de Goi\u00e2nia, Catal\u00e3o, Formosa, Itumbiara, Luzi\u00e2nia, Rio Verde e Urua\u00e7u.<\/em><\/p>\n\n\n\n<h2 class=\"wp-block-heading\">Edital Agente Penitenci\u00e1rio GO: as provas<\/h2>\n\n\n\n<h3 class=\"wp-block-heading\">Prova objetiva<\/h3>\n\n\n\n<p>A prova objetiva do concurso ser\u00e1 composta por <strong>60 quest\u00f5es<\/strong> de m\u00faltipla escolha com cinco alternativas e ter\u00e1 dura\u00e7\u00e3o de <strong>4 horas<\/strong>. Confira a distribui\u00e7\u00e3o de quest\u00f5es por \u00e1rea de conhecimento:<\/p>\n\n\n\n<p><\/p>\n\n\n\n<table class=\"wp-block-table has-subtle-pale-blue-background-color has-fixed-layout has-background is-style-stripes\"><tbody><tr><td><strong>\u00c1rea de conhecimento<\/strong><\/td><td><strong>Quantidade de quest\u00f5es<\/strong><\/td><td><strong>Peso<\/strong><\/td><td><strong>Total de pontos<\/strong><\/td><\/tr><tr><td><em><span style=\"text-decoration: underline;\">Conhecimentos Gerais<\/span><\/em><\/td><td>20<\/td><td>1<\/td><td>20<\/td><\/tr><tr><td> L\u00edngua Portuguesa <\/td><td>10<\/td><td>1<\/td><td>10<\/td><\/tr><tr><td> Realidade \u00c9tnica, Social, Hist\u00f3rica, Geogr\u00e1fica, Cultural, Pol\u00edtica e Econ\u00f4mica de Goi\u00e1s  <\/td><td>4<\/td><td>1<\/td><td>4<\/td><\/tr><tr><td> Racioc\u00ednio L\u00f3gico <\/td><td>3<\/td><td>1<\/td><td>3<\/td><\/tr><tr><td> \u00c9tica no Servi\u00e7o P\u00fablico <\/td><td>3<\/td><td>1<\/td><td>3<\/td><\/tr><tr><td><em><span style=\"text-decoration: underline;\">Conhecimentos Espec\u00edficos<\/span><\/em><\/td><td>40<\/td><td>2<\/td><td>80<\/td><\/tr><tr><td> Direito Constitucional <\/td><td>6<\/td><td>2<\/td><td>12<\/td><\/tr><tr><td> Direito Administrativo <\/td><td>6<\/td><td>2<\/td><td>12<\/td><\/tr><tr><td> Direito Penal <\/td><td>8<\/td><td>2<\/td><td>16<\/td><\/tr><tr><td> Direito Processual Penal <\/td><td>8<\/td><td>2<\/td><td>16<\/td><\/tr><tr><td> Lei de Execu\u00e7\u00e3o Penal <\/td><td>8<\/td><td>2<\/td><td>16<\/td><\/tr><tr><td><em>Direitos Humanos<\/em><\/td><td>4<\/td><td>2<\/td><td>8<\/td><\/tr><tr><td><strong>Total<\/strong><\/td><td><strong>60<\/strong><\/td><td>&#8211;<\/td><td><strong>100<\/strong><\/td><\/tr><\/tbody><\/table>\n\n\n\n<p><\/p>\n\n\n\n<h4 class=\"wp-block-heading\">Notas m\u00ednimas na prova objetiva<\/h4>\n\n\n\n<ul class=\"wp-block-list\"><li>No total da prova: 50 pontos<\/li><li>Em L\u00edngua Portuguesa: 1 ponto (n\u00e3o zerar)<\/li><li>Conhecimentos gerais: 50%<\/li><li>Conhecimentos espec\u00edficos: 50%<\/li><\/ul>\n\n\n\n<h3 class=\"wp-block-heading\">Prova discursiva<\/h3>\n\n\n\n<p>A prova discursiva ser\u00e1 aplicada  <strong>em conjunto<\/strong> com a prova objetiva, no mesmo turno e hor\u00e1rio. A avalia\u00e7\u00e3o consistir\u00e1 na reda\u00e7\u00e3o de um texto dissertativo e\/ou discursivo, com 20 a 30 linhas, elaborado mediante proposta apresentada pela banca com base no programa de conhecimentos espec\u00edficos.<\/p>\n\n\n\n<h4 class=\"wp-block-heading\">C\u00e1lculo da nota na prova discursiva<\/h4>\n\n\n\n<ul class=\"wp-block-list\"><li>  Tema \/ Texto (TX): pontua\u00e7\u00e3o m\u00e1xima igual a 5 pontos;<\/li><li>  Argumenta\u00e7\u00e3o (AR): pontua\u00e7\u00e3o m\u00e1xima igual a 5 pontos;<\/li><li>  Coes\u00e3o e coer\u00eancia (CC): pontua\u00e7\u00e3o m\u00e1xima igual a 5 pontos; e<\/li><li>  Elabora\u00e7\u00e3o Cr\u00edtica (EC): pontua\u00e7\u00e3o m\u00e1xima igual a 5  pontos.<\/li><\/ul>\n\n\n\n<p><strong>Nota final<\/strong>:  TX + AR + CC + EC.<\/p>\n\n\n\n<p><strong>Nota m\u00ednima: <\/strong>10 pontos.<\/p>\n\n\n\n<h4 class=\"wp-block-heading\">Provas discursivas corrigidas<\/h4>\n\n\n\n<p><strong>AMPLA CONCORR\u00caNCIA<\/strong><\/p>\n\n\n\n<p><\/p>\n\n\n\n<table class=\"wp-block-table has-subtle-pale-blue-background-color has-fixed-layout has-background is-style-stripes\"><tbody><tr><td>Regi\u00e3o\/Cidade<\/td><td>Feminino&nbsp;<\/td><td>Masculino&nbsp;<\/td><\/tr><tr><td>Metropolitana &#8211; Goi\u00e2nia e&nbsp;\n  Aparecida de Goi\u00e2nia&nbsp;<\/td><td>24<\/td><td>240<\/td><\/tr><tr><td>Norte &#8211; Goian\u00e9sia&nbsp;<\/td><td>18<\/td><td>159<\/td><\/tr><tr><td>Sudeste &#8211; Caldas Novas&nbsp;<\/td><td>12<\/td><td>153<\/td><\/tr><tr><td>Sudoeste &#8211; Rio Verde&nbsp;<\/td><td>18<\/td><td>186<\/td><\/tr><tr><td>Noroeste &#8211; Itabera\u00ed&nbsp;<\/td><td>9<\/td><td>99<\/td><\/tr><tr><td>Noroeste &#8211; Formosa&nbsp;<\/td><td>18<\/td><td>156<\/td><\/tr><tr><td>Centro Oeste &#8211; Palmeiras&nbsp;<\/td><td>9<\/td><td>99<\/td><\/tr><tr><td>Entorno de Bras\u00edlia &#8211; Luzi\u00e2nia&nbsp;<\/td><td>18<\/td><td>183<\/td><\/tr><\/tbody><\/table>\n\n\n\n<p><\/p>\n\n\n\n<p><strong>PESSOA COM DEFICI\u00caNCIA<\/strong><\/p>\n\n\n\n<p><\/p>\n\n\n\n<table class=\"wp-block-table has-subtle-pale-blue-background-color has-fixed-layout has-background is-style-stripes\"><tbody><tr><td>Regi\u00e3o\/Cidade<\/td><td>Feminino&nbsp;<\/td><td>Masculino&nbsp;<\/td><\/tr><tr><td>Metropolitana &#8211; Goi\u00e2nia e&nbsp;\n  Aparecida de Goi\u00e2nia&nbsp;<\/td><td>3<\/td><td>24<\/td><\/tr><tr><td>Norte &#8211; Goian\u00e9sia&nbsp;<\/td><td>3<\/td><td>6<\/td><\/tr><tr><td>Sudeste &#8211; Caldas Novas&nbsp;<\/td><td>3<\/td><td>9<\/td><\/tr><tr><td>Sudoeste &#8211; Rio Verde&nbsp;<\/td><td>3<\/td><td>6<\/td><\/tr><tr><td>Noroeste &#8211; Itabera\u00ed&nbsp;<\/td><td>3<\/td><td>6<\/td><\/tr><tr><td>Noroeste &#8211; Formosa&nbsp;<\/td><td>3<\/td><td>12<\/td><\/tr><tr><td>Centro Oeste &#8211; Palmeiras&nbsp;<\/td><td>3<\/td><td>6<\/td><\/tr><tr><td>Entorno de Bras\u00edlia &#8211; Luzi\u00e2nia&nbsp;<\/td><td>3<\/td><td>6<\/td><\/tr><\/tbody><\/table>\n\n\n\n<p><\/p>\n\n\n\n<p style=\"text-align:center\" class=\"has-background has-very-light-gray-background-color\"><em>Todos os candidatos aprovados na prova discursiva ser\u00e3o convocados para as pr\u00f3ximas etapas do certame.<\/em><\/p>\n\n\n\n<h2 class=\"wp-block-heading\">Edital Agente Penitenci\u00e1rio GO: Avalia\u00e7\u00e3o F\u00edsica<\/h2>\n\n\n\n<ul class=\"wp-block-list\"><li><strong>Impuls\u00e3o horizontal<\/strong>:<ul><li> Para os candidatos do sexo masculino, o desempenho m\u00ednimo a ser atingido \u00e9: salto de 1,70m de dist\u00e2ncia.<\/li><li> Para as candidatas do sexo feminino, o desempenho m\u00ednimo a ser atingido \u00e9: salto de 1,30 m de dist\u00e2ncia.<\/li><\/ul><\/li><li><strong>Teste de corrida<\/strong> <strong>de 12 minutos:<\/strong><ul><li>Candidato do sexo masculino: dist\u00e2ncia m\u00ednima de 2.400 metros.<\/li><li>Candidata do sexo feminino: dist\u00e2ncia m\u00ednima de 1.800 metros.<\/li><\/ul><\/li><\/ul>\n\n\n\n<h2 class=\"wp-block-heading\">Edital Agente Penitenci\u00e1rio GO: convocados para investiga\u00e7\u00e3o social<\/h2>\n\n\n\n<p><\/p>\n\n\n\n<p><strong>AMPLA CONCORR\u00caNCIA<\/strong><\/p>\n\n\n\n<p><\/p>\n\n\n\n<table class=\"wp-block-table has-subtle-pale-blue-background-color has-fixed-layout has-background is-style-stripes\"><tbody><tr><td>Regi\u00e3o\/Cidade<\/td><td>Feminino&nbsp;<\/td><td>Masculino&nbsp;<\/td><\/tr><tr><td>Metropolitana &#8211; Goi\u00e2nia e&nbsp;\n  Aparecida de Goi\u00e2nia&nbsp;<\/td><td>10<\/td><td>96<\/td><\/tr><tr><td>Norte &#8211; Goian\u00e9sia&nbsp;<\/td><td>9<\/td><td>63<\/td><\/tr><tr><td>Sudeste &#8211; Caldas Novas&nbsp;<\/td><td>4<\/td><td>61<\/td><\/tr><tr><td>Sudoeste &#8211; Rio Verde&nbsp;<\/td><td>8<\/td><td>73<\/td><\/tr><tr><td>Noroeste &#8211; Itabera\u00ed&nbsp;<\/td><td>3<\/td><td>39<\/td><\/tr><tr><td>Noroeste &#8211; Formosa&nbsp;<\/td><td>9<\/td><td>62<\/td><\/tr><tr><td>Centro Oeste &#8211; Palmeiras&nbsp;<\/td><td>3<\/td><td>39<\/td><\/tr><tr><td>Entorno de Bras\u00edlia &#8211; Luzi\u00e2nia&nbsp;<\/td><td>9<\/td><td>73<\/td><\/tr><\/tbody><\/table>\n\n\n\n<p><\/p>\n\n\n\n<p><strong>PESSOA COM DEFICI\u00caNCIA<\/strong><\/p>\n\n\n\n<p><\/p>\n\n\n\n<table class=\"wp-block-table has-subtle-pale-blue-background-color has-fixed-layout has-background is-style-stripes\"><tbody><tr><td>Regi\u00e3o\/Cidade<\/td><td>Feminino&nbsp;<\/td><td>Masculino&nbsp;<\/td><\/tr><tr><td>Metropolitana &#8211; Goi\u00e2nia e&nbsp;\n  Aparecida de Goi\u00e2nia&nbsp;<\/td><td>1<\/td><td>10<\/td><\/tr><tr><td>Norte &#8211; Goian\u00e9sia&nbsp;<\/td><td>1<\/td><td>3<\/td><\/tr><tr><td>Sudeste &#8211; Caldas Novas&nbsp;<\/td><td>1<\/td><td>3<\/td><\/tr><tr><td>Sudoeste &#8211; Rio Verde&nbsp;<\/td><td>1<\/td><td>3<\/td><\/tr><tr><td>Noroeste &#8211; Itabera\u00ed&nbsp;<\/td><td>1<\/td><td>2<\/td><\/tr><tr><td>Noroeste &#8211; Formosa&nbsp;<\/td><td>1<\/td><td>4<\/td><\/tr><tr><td>Centro Oeste &#8211; Palmeiras&nbsp;<\/td><td>1<\/td><td>2<\/td><\/tr><tr><td>Entorno de Bras\u00edlia &#8211; Luzi\u00e2nia&nbsp;<\/td><td>1<\/td><td>3<\/td><\/tr><\/tbody><\/table>\n\n\n\n<h3 class=\"wp-block-heading\" style=\"text-align:center\"><em><strong>Cursos para Agente Penitenci\u00e1rio&nbsp;GO<\/strong><\/em> &#8211; Promo\u00e7\u00e3o at\u00e9 dia 30\/07<\/h3>\n\n\n\n<p style=\"font-size:25px;text-align:center\"><em><a href=\"https:\/\/www.estrategiaconcursos.com.br\/cursosPorConcurso\/promocao-pacotes-para-agepen-go\/\" target=\"_blank\" rel=\"noreferrer noopener\" aria-label=\"CURSO&nbsp;AGENTE PENITENCI\u00c1RIO GO (abre numa nova aba)\">CURSO&nbsp;AGENTE PENITENCI\u00c1RIO GO<\/a><\/em><\/p>\n\n\n\n<p style=\"font-size:25px;text-align:center\"><em><strong>Assinatura Anual Ilimitada*<\/strong><\/em><\/p>\n\n\n\n<p style=\"text-align:center\"><em>Prepare-se com o melhor material e com quem mais aprova em&nbsp;Concursos P\u00fablicos de todo o pa\u00eds. Assine agora a nossa Assinatura Anual e tenha acesso ilimitado* a todos os nossos cursos.<\/em><\/p>\n\n\n\n<p style=\"font-size:26px;text-align:center\" class=\"has-background has-light-green-cyan-background-color\"><strong>ASSINE AGORA<\/strong> &#8211; <a rel=\"noreferrer noopener\" href=\"https:\/\/www.estrategiaconcursos.com.br\/assinaturas\" target=\"_blank\">Assinatura Ilimitada<\/a><\/p>\n\n\n\n<div class=\"wp-block-image wp-image-68542 size-full\"><figure class=\"aligncenter\"><img loading=\"lazy\" decoding=\"async\" width=\"300\" height=\"102\" src=\"https:\/\/dhg1h5j42swfq.cloudfront.net\/2017\/03\/28152500\/coruja-ficha-tecnica-300x102.png\" alt=\"Ficha t\u00e9cnica concurso agente penitenci\u00e1rio go\" class=\"wp-image-68542\"\/><figcaption><br \/><\/figcaption><\/figure><\/div>\n\n\n\n<p><strong>Informa\u00e7\u00f5es do pr\u00f3ximo concurso&nbsp;de&nbsp;Agente&nbsp;Penitenci\u00e1rio&nbsp;GO<\/strong><\/p>\n\n\n\n<p>\u25baData prevista: 24\/11\/2019<br \/>\u25baVagas: 500<br \/>\u25baCargos: Agente de Seguran\u00e7a Prisional<br \/>\u25baLota\u00e7\u00f5es: Goi\u00e1s<br \/>\u25baBanca: IADES<br \/>\u25baEscolaridade: N\u00edvel superior<\/p>\n\n\n\n<p>\u25baEdital:<\/p>\n\n\n\n<div class=\"wp-block-file\"><a href=\"https:\/\/dhg1h5j42swfq.cloudfront.net\/2019\/07\/24065556\/Edital-Agente-Penitenci%C3%A1rio-GO-2019.pdf\" target=\"_blank\" rel=\"noreferrer noopener\"><strong>Edital Agente Penitenci\u00e1rio GO 2019<\/strong><\/a><a href=\"https:\/\/dhg1h5j42swfq.cloudfront.net\/2019\/07\/24065556\/Edital-Agente-Penitenci%C3%A1rio-GO-2019.pdf\" class=\"wp-block-file__button\" download>Baixar<\/a><\/div>\n\n\n\n<p><em>Ascom Estrat\u00e9gia<\/em><br \/>ascomestrategia@gmail.com<\/p>\n\n\n\n<hr class=\"wp-block-separator\"\/>\n\n\n\n<p style=\"text-align:center\"><em><strong>Receba not\u00edcias de Concursos no seu WhatsApp e\/ou Telegram!<\/strong><\/em><\/p>\n\n\n\n<p style=\"text-align:center\" class=\"has-background has-medium-font-size has-very-light-gray-background-color\"><a rel=\"noreferrer noopener\" href=\"https:\/\/www.estrategiaconcursos.com.br\/blog\/noticias-de-concursos-whatsapp-estrategia-concursos\/\" target=\"_blank\">Not\u00edcias de concursos no seu WhatsApp e\/ou Telegram<\/a><\/p>\n","protected":false},"excerpt":{"rendered":"<p>Provas est\u00e3o previstas para novembro em GO e no DF O t\u00e3o esperado edital da Diretoria Geral de Administra\u00e7\u00e3o Penitenci\u00e1ria de Goi\u00e1s para o cargo de Agente de Seguran\u00e7a Prisional, teve suas inscri\u00e7\u00f5es encerradas no dia 13 de outubro. S\u00e3o ofertadas 500 vagas imediatas lotadas em nove cidades do Estado. A remunera\u00e7\u00e3o inicial do cargo [&hellip;]<\/p>\n","protected":false},"author":260,"featured_media":379507,"comment_status":"open","ping_status":"closed","sticky":false,"template":"","format":"standard","meta":{"post_tipo":"article","footnotes":""},"categories":[1,1988],"tags":[],"tax_estado":[],"class_list":["post-402125","post","type-post","status-publish","format-standard","has-post-thumbnail","hentry","category-cursos-e-concursos","category-policia"],"acf":[],"yoast_head":"<!-- This site is optimized with the Yoast SEO Premium plugin v27.2 (Yoast SEO v27.2) - https:\/\/yoast.com\/product\/yoast-seo-premium-wordpress\/ -->\n<title>Edital AGEPEN GO: acabaram as inscri\u00e7\u00f5es com 500 vagas imediatas<\/title>\n<meta name=\"robots\" content=\"index, follow, max-snippet:-1, max-image-preview:large, max-video-preview:-1\" \/>\n<link rel=\"canonical\" href=\"https:\/\/www.estrategiaconcursos.com.br\/blog\/edital-agepen-go\/\" \/>\n<meta property=\"og:locale\" content=\"pt_BR\" \/>\n<meta property=\"og:type\" content=\"article\" \/>\n<meta property=\"og:title\" content=\"Edital AGEPEN GO: acabaram as inscri\u00e7\u00f5es com 500 vagas imediatas\" \/>\n<meta property=\"og:description\" content=\"Provas est\u00e3o previstas para novembro em GO e no DF O t\u00e3o esperado edital da Diretoria Geral de Administra\u00e7\u00e3o Penitenci\u00e1ria de Goi\u00e1s para o cargo de Agente de Seguran\u00e7a Prisional, teve suas inscri\u00e7\u00f5es encerradas no dia 13 de outubro. S\u00e3o ofertadas 500 vagas imediatas lotadas em nove cidades do Estado. A remunera\u00e7\u00e3o inicial do cargo [&hellip;]\" \/>\n<meta property=\"og:url\" content=\"https:\/\/www.estrategiaconcursos.com.br\/blog\/edital-agepen-go\/\" \/>\n<meta property=\"og:site_name\" content=\"Estrat\u00e9gia Concursos\" \/>\n<meta property=\"article:published_time\" content=\"2019-08-29T07:00:23+00:00\" \/>\n<meta property=\"article:modified_time\" content=\"2019-11-07T16:38:51+00:00\" \/>\n<meta property=\"og:image\" content=\"https:\/\/dhg1h5j42swfq.cloudfront.net\/2019\/05\/28172918\/saiu-edital.jpg\" \/>\n\t<meta property=\"og:image:width\" content=\"1024\" \/>\n\t<meta property=\"og:image:height\" content=\"536\" \/>\n\t<meta property=\"og:image:type\" content=\"image\/jpeg\" \/>\n<meta name=\"author\" content=\"Diego Cerqueira Berbert Vasconcelos\" \/>\n<meta name=\"twitter:card\" content=\"summary_large_image\" \/>\n<meta name=\"twitter:creator\" content=\"@EstratConcursos\" \/>\n<meta name=\"twitter:site\" content=\"@EstratConcursos\" \/>\n<meta name=\"twitter:label1\" content=\"Escrito por\" \/>\n\t<meta name=\"twitter:data1\" content=\"Diego Cerqueira Berbert Vasconcelos\" \/>\n\t<meta name=\"twitter:label2\" content=\"Est. tempo de leitura\" \/>\n\t<meta name=\"twitter:data2\" content=\"6 minutos\" \/>\n<script type=\"application\/ld+json\" class=\"yoast-schema-graph\">{\"@context\":\"https:\/\/schema.org\",\"@graph\":[{\"@type\":\"NewsArticle\",\"@id\":\"https:\/\/www.estrategiaconcursos.com.br\/blog\/edital-agepen-go\/#article\",\"isPartOf\":{\"@id\":\"https:\/\/www.estrategiaconcursos.com.br\/blog\/edital-agepen-go\/\"},\"author\":{\"name\":\"Diego Cerqueira Berbert Vasconcelos\",\"@id\":\"https:\/\/www.estrategiaconcursos.com.br\/blog\/#\/schema\/person\/7fbf898fd336f5ce58a961518beff68c\"},\"headline\":\"Edital AGEPEN GO: acabaram as inscri\u00e7\u00f5es com 500 vagas imediatas\",\"datePublished\":\"2019-08-29T07:00:23+00:00\",\"dateModified\":\"2019-11-07T16:38:51+00:00\",\"mainEntityOfPage\":{\"@id\":\"https:\/\/www.estrategiaconcursos.com.br\/blog\/edital-agepen-go\/\"},\"wordCount\":1177,\"commentCount\":29,\"publisher\":{\"@id\":\"https:\/\/www.estrategiaconcursos.com.br\/blog\/#organization\"},\"image\":{\"@id\":\"https:\/\/www.estrategiaconcursos.com.br\/blog\/edital-agepen-go\/#primaryimage\"},\"thumbnailUrl\":\"https:\/\/dhg1h5j42swfq.cloudfront.net\/2019\/05\/28172918\/saiu-edital.jpg\",\"articleSection\":[\"Concursos P\u00fablicos\",\"Policial (Agente, Escriv\u00e3o e Investigador)\"],\"inLanguage\":\"pt-BR\",\"potentialAction\":[{\"@type\":\"CommentAction\",\"name\":\"Comment\",\"target\":[\"https:\/\/www.estrategiaconcursos.com.br\/blog\/edital-agepen-go\/#respond\"]}],\"copyrightYear\":\"2019\",\"copyrightHolder\":{\"@id\":\"https:\/\/www.estrategiaconcursos.com.br\/blog\/#organization\"}},{\"@type\":\"WebPage\",\"@id\":\"https:\/\/www.estrategiaconcursos.com.br\/blog\/edital-agepen-go\/\",\"url\":\"https:\/\/www.estrategiaconcursos.com.br\/blog\/edital-agepen-go\/\",\"name\":\"Edital AGEPEN GO: acabaram as inscri\u00e7\u00f5es com 500 vagas imediatas\",\"isPartOf\":{\"@id\":\"https:\/\/www.estrategiaconcursos.com.br\/blog\/#website\"},\"primaryImageOfPage\":{\"@id\":\"https:\/\/www.estrategiaconcursos.com.br\/blog\/edital-agepen-go\/#primaryimage\"},\"image\":{\"@id\":\"https:\/\/www.estrategiaconcursos.com.br\/blog\/edital-agepen-go\/#primaryimage\"},\"thumbnailUrl\":\"https:\/\/dhg1h5j42swfq.cloudfront.net\/2019\/05\/28172918\/saiu-edital.jpg\",\"datePublished\":\"2019-08-29T07:00:23+00:00\",\"dateModified\":\"2019-11-07T16:38:51+00:00\",\"breadcrumb\":{\"@id\":\"https:\/\/www.estrategiaconcursos.com.br\/blog\/edital-agepen-go\/#breadcrumb\"},\"inLanguage\":\"pt-BR\",\"potentialAction\":[{\"@type\":\"ReadAction\",\"target\":[\"https:\/\/www.estrategiaconcursos.com.br\/blog\/edital-agepen-go\/\"]}]},{\"@type\":\"ImageObject\",\"inLanguage\":\"pt-BR\",\"@id\":\"https:\/\/www.estrategiaconcursos.com.br\/blog\/edital-agepen-go\/#primaryimage\",\"url\":\"https:\/\/dhg1h5j42swfq.cloudfront.net\/2019\/05\/28172918\/saiu-edital.jpg\",\"contentUrl\":\"https:\/\/dhg1h5j42swfq.cloudfront.net\/2019\/05\/28172918\/saiu-edital.jpg\",\"width\":1024,\"height\":536,\"caption\":\"concurso cremese\"},{\"@type\":\"BreadcrumbList\",\"@id\":\"https:\/\/www.estrategiaconcursos.com.br\/blog\/edital-agepen-go\/#breadcrumb\",\"itemListElement\":[{\"@type\":\"ListItem\",\"position\":1,\"name\":\"In\u00edcio\",\"item\":\"https:\/\/www.estrategiaconcursos.com.br\/blog\/\"},{\"@type\":\"ListItem\",\"position\":2,\"name\":\"Edital AGEPEN GO: acabaram as inscri\u00e7\u00f5es com 500 vagas imediatas\"}]},{\"@type\":\"WebSite\",\"@id\":\"https:\/\/www.estrategiaconcursos.com.br\/blog\/#website\",\"url\":\"https:\/\/www.estrategiaconcursos.com.br\/blog\/\",\"name\":\"Estrat\u00e9gia Concursos\",\"description\":\"O blog da Estrat\u00e9gia Concursos traz not\u00edcias sobre concursos e artigos de professores oferecendo cursos para concursos (pdf + videaulas) no site.\",\"publisher\":{\"@id\":\"https:\/\/www.estrategiaconcursos.com.br\/blog\/#organization\"},\"potentialAction\":[{\"@type\":\"SearchAction\",\"target\":{\"@type\":\"EntryPoint\",\"urlTemplate\":\"https:\/\/www.estrategiaconcursos.com.br\/blog\/?s={search_term_string}\"},\"query-input\":{\"@type\":\"PropertyValueSpecification\",\"valueRequired\":true,\"valueName\":\"search_term_string\"}}],\"inLanguage\":\"pt-BR\"},{\"@type\":\"Organization\",\"@id\":\"https:\/\/www.estrategiaconcursos.com.br\/blog\/#organization\",\"name\":\"Estrat\u00e9gia Concursos\",\"url\":\"https:\/\/www.estrategiaconcursos.com.br\/blog\/\",\"logo\":{\"@type\":\"ImageObject\",\"inLanguage\":\"pt-BR\",\"@id\":\"https:\/\/www.estrategiaconcursos.com.br\/blog\/#\/schema\/logo\/image\/\",\"url\":\"https:\/\/dhg1h5j42swfq.cloudfront.net\/2025\/06\/03203428\/logo_concursos-1.jpg\",\"contentUrl\":\"https:\/\/dhg1h5j42swfq.cloudfront.net\/2025\/06\/03203428\/logo_concursos-1.jpg\",\"width\":230,\"height\":60,\"caption\":\"Estrat\u00e9gia Concursos\"},\"image\":{\"@id\":\"https:\/\/www.estrategiaconcursos.com.br\/blog\/#\/schema\/logo\/image\/\"},\"sameAs\":[\"https:\/\/x.com\/EstratConcursos\"]},{\"@type\":\"Person\",\"@id\":\"https:\/\/www.estrategiaconcursos.com.br\/blog\/#\/schema\/person\/7fbf898fd336f5ce58a961518beff68c\",\"name\":\"Diego Cerqueira Berbert Vasconcelos\",\"image\":{\"@type\":\"ImageObject\",\"inLanguage\":\"pt-BR\",\"@id\":\"https:\/\/secure.gravatar.com\/avatar\/ed2d045a7390980cad1a92d24dcc39d10ef55b88fcb9fb9c047979bf4ddeb1ce?s=96&d=mm&r=g\",\"url\":\"https:\/\/secure.gravatar.com\/avatar\/ed2d045a7390980cad1a92d24dcc39d10ef55b88fcb9fb9c047979bf4ddeb1ce?s=96&d=mm&r=g\",\"contentUrl\":\"https:\/\/secure.gravatar.com\/avatar\/ed2d045a7390980cad1a92d24dcc39d10ef55b88fcb9fb9c047979bf4ddeb1ce?s=96&d=mm&r=g\",\"caption\":\"Diego Cerqueira Berbert Vasconcelos\"},\"url\":\"https:\/\/www.estrategiaconcursos.com.br\/blog\/author\/diegocerqueiraestrategiaconcursos-com-br\/\"}]}<\/script>\n<!-- \/ Yoast SEO Premium plugin. -->","yoast_head_json":{"title":"Edital AGEPEN GO: acabaram as inscri\u00e7\u00f5es com 500 vagas imediatas","robots":{"index":"index","follow":"follow","max-snippet":"max-snippet:-1","max-image-preview":"max-image-preview:large","max-video-preview":"max-video-preview:-1"},"canonical":"https:\/\/www.estrategiaconcursos.com.br\/blog\/edital-agepen-go\/","og_locale":"pt_BR","og_type":"article","og_title":"Edital AGEPEN GO: acabaram as inscri\u00e7\u00f5es com 500 vagas imediatas","og_description":"Provas est\u00e3o previstas para novembro em GO e no DF O t\u00e3o esperado edital da Diretoria Geral de Administra\u00e7\u00e3o Penitenci\u00e1ria de Goi\u00e1s para o cargo de Agente de Seguran\u00e7a Prisional, teve suas inscri\u00e7\u00f5es encerradas no dia 13 de outubro. S\u00e3o ofertadas 500 vagas imediatas lotadas em nove cidades do Estado. A remunera\u00e7\u00e3o inicial do cargo [&hellip;]","og_url":"https:\/\/www.estrategiaconcursos.com.br\/blog\/edital-agepen-go\/","og_site_name":"Estrat\u00e9gia Concursos","article_published_time":"2019-08-29T07:00:23+00:00","article_modified_time":"2019-11-07T16:38:51+00:00","og_image":[{"width":1024,"height":536,"url":"https:\/\/dhg1h5j42swfq.cloudfront.net\/2019\/05\/28172918\/saiu-edital.jpg","type":"image\/jpeg"}],"author":"Diego Cerqueira Berbert Vasconcelos","twitter_card":"summary_large_image","twitter_creator":"@EstratConcursos","twitter_site":"@EstratConcursos","twitter_misc":{"Escrito por":"Diego Cerqueira Berbert Vasconcelos","Est. tempo de leitura":"6 minutos"},"schema":{"@context":"https:\/\/schema.org","@graph":[{"@type":"NewsArticle","@id":"https:\/\/www.estrategiaconcursos.com.br\/blog\/edital-agepen-go\/#article","isPartOf":{"@id":"https:\/\/www.estrategiaconcursos.com.br\/blog\/edital-agepen-go\/"},"author":{"name":"Diego Cerqueira Berbert Vasconcelos","@id":"https:\/\/www.estrategiaconcursos.com.br\/blog\/#\/schema\/person\/7fbf898fd336f5ce58a961518beff68c"},"headline":"Edital AGEPEN GO: acabaram as inscri\u00e7\u00f5es com 500 vagas imediatas","datePublished":"2019-08-29T07:00:23+00:00","dateModified":"2019-11-07T16:38:51+00:00","mainEntityOfPage":{"@id":"https:\/\/www.estrategiaconcursos.com.br\/blog\/edital-agepen-go\/"},"wordCount":1177,"commentCount":29,"publisher":{"@id":"https:\/\/www.estrategiaconcursos.com.br\/blog\/#organization"},"image":{"@id":"https:\/\/www.estrategiaconcursos.com.br\/blog\/edital-agepen-go\/#primaryimage"},"thumbnailUrl":"https:\/\/dhg1h5j42swfq.cloudfront.net\/2019\/05\/28172918\/saiu-edital.jpg","articleSection":["Concursos P\u00fablicos","Policial (Agente, Escriv\u00e3o e Investigador)"],"inLanguage":"pt-BR","potentialAction":[{"@type":"CommentAction","name":"Comment","target":["https:\/\/www.estrategiaconcursos.com.br\/blog\/edital-agepen-go\/#respond"]}],"copyrightYear":"2019","copyrightHolder":{"@id":"https:\/\/www.estrategiaconcursos.com.br\/blog\/#organization"}},{"@type":"WebPage","@id":"https:\/\/www.estrategiaconcursos.com.br\/blog\/edital-agepen-go\/","url":"https:\/\/www.estrategiaconcursos.com.br\/blog\/edital-agepen-go\/","name":"Edital AGEPEN GO: acabaram as inscri\u00e7\u00f5es com 500 vagas imediatas","isPartOf":{"@id":"https:\/\/www.estrategiaconcursos.com.br\/blog\/#website"},"primaryImageOfPage":{"@id":"https:\/\/www.estrategiaconcursos.com.br\/blog\/edital-agepen-go\/#primaryimage"},"image":{"@id":"https:\/\/www.estrategiaconcursos.com.br\/blog\/edital-agepen-go\/#primaryimage"},"thumbnailUrl":"https:\/\/dhg1h5j42swfq.cloudfront.net\/2019\/05\/28172918\/saiu-edital.jpg","datePublished":"2019-08-29T07:00:23+00:00","dateModified":"2019-11-07T16:38:51+00:00","breadcrumb":{"@id":"https:\/\/www.estrategiaconcursos.com.br\/blog\/edital-agepen-go\/#breadcrumb"},"inLanguage":"pt-BR","potentialAction":[{"@type":"ReadAction","target":["https:\/\/www.estrategiaconcursos.com.br\/blog\/edital-agepen-go\/"]}]},{"@type":"ImageObject","inLanguage":"pt-BR","@id":"https:\/\/www.estrategiaconcursos.com.br\/blog\/edital-agepen-go\/#primaryimage","url":"https:\/\/dhg1h5j42swfq.cloudfront.net\/2019\/05\/28172918\/saiu-edital.jpg","contentUrl":"https:\/\/dhg1h5j42swfq.cloudfront.net\/2019\/05\/28172918\/saiu-edital.jpg","width":1024,"height":536,"caption":"concurso cremese"},{"@type":"BreadcrumbList","@id":"https:\/\/www.estrategiaconcursos.com.br\/blog\/edital-agepen-go\/#breadcrumb","itemListElement":[{"@type":"ListItem","position":1,"name":"In\u00edcio","item":"https:\/\/www.estrategiaconcursos.com.br\/blog\/"},{"@type":"ListItem","position":2,"name":"Edital AGEPEN GO: acabaram as inscri\u00e7\u00f5es com 500 vagas imediatas"}]},{"@type":"WebSite","@id":"https:\/\/www.estrategiaconcursos.com.br\/blog\/#website","url":"https:\/\/www.estrategiaconcursos.com.br\/blog\/","name":"Estrat\u00e9gia Concursos","description":"O blog da Estrat\u00e9gia Concursos traz not\u00edcias sobre concursos e artigos de professores oferecendo cursos para concursos (pdf + videaulas) no site.","publisher":{"@id":"https:\/\/www.estrategiaconcursos.com.br\/blog\/#organization"},"potentialAction":[{"@type":"SearchAction","target":{"@type":"EntryPoint","urlTemplate":"https:\/\/www.estrategiaconcursos.com.br\/blog\/?s={search_term_string}"},"query-input":{"@type":"PropertyValueSpecification","valueRequired":true,"valueName":"search_term_string"}}],"inLanguage":"pt-BR"},{"@type":"Organization","@id":"https:\/\/www.estrategiaconcursos.com.br\/blog\/#organization","name":"Estrat\u00e9gia Concursos","url":"https:\/\/www.estrategiaconcursos.com.br\/blog\/","logo":{"@type":"ImageObject","inLanguage":"pt-BR","@id":"https:\/\/www.estrategiaconcursos.com.br\/blog\/#\/schema\/logo\/image\/","url":"https:\/\/dhg1h5j42swfq.cloudfront.net\/2025\/06\/03203428\/logo_concursos-1.jpg","contentUrl":"https:\/\/dhg1h5j42swfq.cloudfront.net\/2025\/06\/03203428\/logo_concursos-1.jpg","width":230,"height":60,"caption":"Estrat\u00e9gia Concursos"},"image":{"@id":"https:\/\/www.estrategiaconcursos.com.br\/blog\/#\/schema\/logo\/image\/"},"sameAs":["https:\/\/x.com\/EstratConcursos"]},{"@type":"Person","@id":"https:\/\/www.estrategiaconcursos.com.br\/blog\/#\/schema\/person\/7fbf898fd336f5ce58a961518beff68c","name":"Diego Cerqueira Berbert Vasconcelos","image":{"@type":"ImageObject","inLanguage":"pt-BR","@id":"https:\/\/secure.gravatar.com\/avatar\/ed2d045a7390980cad1a92d24dcc39d10ef55b88fcb9fb9c047979bf4ddeb1ce?s=96&d=mm&r=g","url":"https:\/\/secure.gravatar.com\/avatar\/ed2d045a7390980cad1a92d24dcc39d10ef55b88fcb9fb9c047979bf4ddeb1ce?s=96&d=mm&r=g","contentUrl":"https:\/\/secure.gravatar.com\/avatar\/ed2d045a7390980cad1a92d24dcc39d10ef55b88fcb9fb9c047979bf4ddeb1ce?s=96&d=mm&r=g","caption":"Diego Cerqueira Berbert Vasconcelos"},"url":"https:\/\/www.estrategiaconcursos.com.br\/blog\/author\/diegocerqueiraestrategiaconcursos-com-br\/"}]}},"_links":{"self":[{"href":"https:\/\/www.estrategiaconcursos.com.br\/blog\/wp-json\/wp\/v2\/posts\/402125","targetHints":{"allow":["GET"]}}],"collection":[{"href":"https:\/\/www.estrategiaconcursos.com.br\/blog\/wp-json\/wp\/v2\/posts"}],"about":[{"href":"https:\/\/www.estrategiaconcursos.com.br\/blog\/wp-json\/wp\/v2\/types\/post"}],"author":[{"embeddable":true,"href":"https:\/\/www.estrategiaconcursos.com.br\/blog\/wp-json\/wp\/v2\/users\/260"}],"replies":[{"embeddable":true,"href":"https:\/\/www.estrategiaconcursos.com.br\/blog\/wp-json\/wp\/v2\/comments?post=402125"}],"version-history":[{"count":20,"href":"https:\/\/www.estrategiaconcursos.com.br\/blog\/wp-json\/wp\/v2\/posts\/402125\/revisions"}],"predecessor-version":[{"id":445215,"href":"https:\/\/www.estrategiaconcursos.com.br\/blog\/wp-json\/wp\/v2\/posts\/402125\/revisions\/445215"}],"wp:featuredmedia":[{"embeddable":true,"href":"https:\/\/www.estrategiaconcursos.com.br\/blog\/wp-json\/wp\/v2\/media\/379507"}],"wp:attachment":[{"href":"https:\/\/www.estrategiaconcursos.com.br\/blog\/wp-json\/wp\/v2\/media?parent=402125"}],"wp:term":[{"taxonomy":"category","embeddable":true,"href":"https:\/\/www.estrategiaconcursos.com.br\/blog\/wp-json\/wp\/v2\/categories?post=402125"},{"taxonomy":"post_tag","embeddable":true,"href":"https:\/\/www.estrategiaconcursos.com.br\/blog\/wp-json\/wp\/v2\/tags?post=402125"},{"taxonomy":"tax_estado","embeddable":true,"href":"https:\/\/www.estrategiaconcursos.com.br\/blog\/wp-json\/wp\/v2\/tax_estado?post=402125"}],"curies":[{"name":"wp","href":"https:\/\/api.w.org\/{rel}","templated":true}]}}