{"id":401487,"date":"2026-03-11T16:00:00","date_gmt":"2026-03-11T19:00:00","guid":{"rendered":"https:\/\/www.estrategiaconcursos.com.br\/blog\/?p=401487"},"modified":"2026-03-12T15:24:13","modified_gmt":"2026-03-12T18:24:13","slug":"concurso-gcm-novo-hamburgo-rs","status":"publish","type":"post","link":"https:\/\/www.estrategiaconcursos.com.br\/blog\/concurso-gcm-novo-hamburgo-rs\/","title":{"rendered":"Concurso GCM Novo Hamburgo RS: edital anunciado!"},"content":{"rendered":"\n<p class=\"has-medium-font-size\"><strong><em>N\u00famero de vagas do pr\u00f3ximo concurso GCM Novo Hamburgo n\u00e3o foi divulgado! <\/em><\/strong><\/p>\n\n\n\n<p>Um novo edital do <strong>concurso GCM Novo Hamburgo<\/strong>, munic\u00edpio localizado no estado do Rio Grande do Sul, foi anunciado.<\/p>\n\n\n\n<p>De acordo com o prefeito Gustavo Finck, o novo edital ofertar\u00e1 mais de 50 vagas para diversos cargos, incluindo o de Guarda Municipal.<\/p>\n\n\n\n<p>Inclusive, a divulga\u00e7\u00e3o da banca organizadora, assim como o edital de abertura, deve ocorrer nas pr\u00f3ximas semanas. <\/p>\n\n\n\n<p>&#8220;<em>Nas pr\u00f3ximas semanas, vamos divulgar a banca e o edital completo. Fique atento!<\/em>&#8220;, disse.<\/p>\n\n\n\n<ul class=\"wp-block-list has-very-light-gray-to-cyan-bluish-gray-gradient-background has-background\">\n<li><strong>GCM Novo Hamburgo &#8211; RS<\/strong><\/li>\n\n\n\n<li><strong>Status<\/strong>: edital anunciado<\/li>\n\n\n\n<li><strong>Banca<\/strong>: a definir<\/li>\n\n\n\n<li><strong>Vagas<\/strong>: a definir<\/li>\n\n\n\n<li><strong>Sal\u00e1rio inicial<\/strong>: R$ 2.516,18 [\u00faltimo edital]<\/li>\n\n\n\n<li><strong>\u00daltimo edital<\/strong>:\u00a0<a aria-label=\" (abre numa nova aba)\" href=\"https:\/\/dhg1h5j42swfq.cloudfront.net\/2020\/01\/23203222\/edital_abertura_pmnovohamburgo2019.pdf\" target=\"_blank\" rel=\"noreferrer noopener\">GCM Novo Hamburgo 2019<\/a><\/li>\n<\/ul>\n\n\n\n<p>A fim de te deixar sempre bem informado, elaboramos este artigo com as principais informa\u00e7\u00f5es e novidades sobre o concurso. Acompanhe os t\u00f3picos abaixo e n\u00e3o perca nenhum detalhe!<\/p>\n\n\n\n<div class=\"container\" id=\"boxes\">\r\n  <div class=\"row\">\r\n\r\n    <div class=\"col-sm\">\r\n      <div class=\"banner-guarda-gcm\" id=\"box-assinatura\">\r\n        <h3 class=\"titulo-assinatura\">Concurso GCM Novo Hamburgo<\/h3>\r\n        <p class=\"subtitulo-assinatura\">Estude conosco<\/p>\r\n        <div class=\"box-botao\">\r\n          <a class=\"btn-assinatura\" target=\"_blank\" href=\"https:\/\/www.estrategiaconcursos.com.br\/pesquisa\/?q=GCM+Novo+Hamburgo\" role=\"button\" rel=\"noopener noreferrer\">Conhe\u00e7a os cursos<\/a>\r\n        <\/div>\r\n      <\/div>\r\n     \r\n    <\/div>\r\n\r\n  <\/div>\r\n<\/div>\n\n\n\n<ul id=\"indice\" class=\"wp-block-list\">\n<li><a href=\"#atual\">Situa\u00e7\u00e3o atual do concurso<\/a>\n<ul class=\"wp-block-list\">\n<li><a href=\"#anunciado\">Edital anunciado<\/a><\/li>\n<\/ul>\n<\/li>\n\n\n\n<li><a href=\"#carreira\">Carreira de Guarda Municipal<\/a>\n<ul class=\"wp-block-list\">\n<li><a href=\"#atri\">Atribui\u00e7\u00f5es<\/a><\/li>\n\n\n\n<li><a href=\"#requi\">Requisitos<\/a><\/li>\n<\/ul>\n<\/li>\n\n\n\n<li><a href=\"#ultimos\">\u00daltimos concursos<\/a>\n<ul class=\"wp-block-list\">\n<li><a href=\"#19\">Edital 2019<\/a><\/li>\n\n\n\n<li><a href=\"#11\">Edital 2011<\/a><\/li>\n<\/ul>\n<\/li>\n\n\n\n<li><a href=\"#cursos\">Cursos e assinaturas<\/a><\/li>\n\n\n\n<li><a href=\"#ficha\">Ficha t\u00e9cnica<\/a><\/li>\n<\/ul>\n\n\n\n<h2 class=\"wp-block-heading has-cyan-bluish-gray-background-color has-background\" id=\"atual\">Situa\u00e7\u00e3o atual do concurso GCM Novo Hamburgo<\/h2>\n\n\n\n<h3 class=\"wp-block-heading\" id=\"anunciado\">Edital anunciado<\/h3>\n\n\n\n<p>Um novo edital do concurso Guarda Municipal de Novo Hamburgo, no Rio Grande do Sul, foi anunciado. Veja na \u00edntegra!<\/p>\n\n\n\n<blockquote class=\"instagram-media\" data-instgrm-captioned data-instgrm-permalink=\"https:\/\/www.instagram.com\/reel\/DVuLWGOD5pM\/?utm_source=ig_embed&amp;utm_campaign=loading\" data-instgrm-version=\"14\" style=\" background:#FFF; border:0; border-radius:3px; box-shadow:0 0 1px 0 rgba(0,0,0,0.5),0 1px 10px 0 rgba(0,0,0,0.15); margin: 1px; max-width:540px; min-width:326px; padding:0; width:99.375%; width:-webkit-calc(100% - 2px); width:calc(100% - 2px);\"><div style=\"padding:16px;\"> <a href=\"https:\/\/www.instagram.com\/reel\/DVuLWGOD5pM\/?utm_source=ig_embed&amp;utm_campaign=loading\" style=\" background:#FFFFFF; line-height:0; padding:0 0; text-align:center; text-decoration:none; width:100%;\" target=\"_blank\"> <div style=\" display: flex; flex-direction: row; align-items: center;\"> <div style=\"background-color: #F4F4F4; border-radius: 50%; flex-grow: 0; height: 40px; margin-right: 14px; width: 40px;\"><\/div> <div style=\"display: flex; flex-direction: column; flex-grow: 1; justify-content: center;\"> <div style=\" background-color: #F4F4F4; border-radius: 4px; flex-grow: 0; height: 14px; margin-bottom: 6px; width: 100px;\"><\/div> <div style=\" background-color: #F4F4F4; border-radius: 4px; flex-grow: 0; height: 14px; width: 60px;\"><\/div><\/div><\/div><div style=\"padding: 19% 0;\"><\/div> <div style=\"display:block; height:50px; margin:0 auto 12px; width:50px;\"><svg width=\"50px\" height=\"50px\" viewBox=\"0 0 60 60\" version=\"1.1\" xmlns=\"https:\/\/www.w3.org\/2000\/svg\" xmlns:xlink=\"https:\/\/www.w3.org\/1999\/xlink\"><g stroke=\"none\" stroke-width=\"1\" fill=\"none\" fill-rule=\"evenodd\"><\/g><g transform=\"translate(-511.000000, -20.000000)\" fill=\"#000000\"><\/g><g><path d=\"M556.869,30.41 C554.814,30.41 553.148,32.076 553.148,34.131 C553.148,36.186 554.814,37.852 556.869,37.852 C558.924,37.852 560.59,36.186 560.59,34.131 C560.59,32.076 558.924,30.41 556.869,30.41 M541,60.657 C535.114,60.657 530.342,55.887 530.342,50 C530.342,44.114 535.114,39.342 541,39.342 C546.887,39.342 551.658,44.114 551.658,50 C551.658,55.887 546.887,60.657 541,60.657 M541,33.886 C532.1,33.886 524.886,41.1 524.886,50 C524.886,58.899 532.1,66.113 541,66.113 C549.9,66.113 557.115,58.899 557.115,50 C557.115,41.1 549.9,33.886 541,33.886 M565.378,62.101 C565.244,65.022 564.756,66.606 564.346,67.663 C563.803,69.06 563.154,70.057 562.106,71.106 C561.058,72.155 560.06,72.803 558.662,73.347 C557.607,73.757 556.021,74.244 553.102,74.378 C549.944,74.521 548.997,74.552 541,74.552 C533.003,74.552 532.056,74.521 528.898,74.378 C525.979,74.244 524.393,73.757 523.338,73.347 C521.94,72.803 520.942,72.155 519.894,71.106 C518.846,70.057 518.197,69.06 517.654,67.663 C517.244,66.606 516.755,65.022 516.623,62.101 C516.479,58.943 516.448,57.996 516.448,50 C516.448,42.003 516.479,41.056 516.623,37.899 C516.755,34.978 517.244,33.391 517.654,32.338 C518.197,30.938 518.846,29.942 519.894,28.894 C520.942,27.846 521.94,27.196 523.338,26.654 C524.393,26.244 525.979,25.756 528.898,25.623 C532.057,25.479 533.004,25.448 541,25.448 C548.997,25.448 549.943,25.479 553.102,25.623 C556.021,25.756 557.607,26.244 558.662,26.654 C560.06,27.196 561.058,27.846 562.106,28.894 C563.154,29.942 563.803,30.938 564.346,32.338 C564.756,33.391 565.244,34.978 565.378,37.899 C565.522,41.056 565.552,42.003 565.552,50 C565.552,57.996 565.522,58.943 565.378,62.101 M570.82,37.631 C570.674,34.438 570.167,32.258 569.425,30.349 C568.659,28.377 567.633,26.702 565.965,25.035 C564.297,23.368 562.623,22.342 560.652,21.575 C558.743,20.834 556.562,20.326 553.369,20.18 C550.169,20.033 549.148,20 541,20 C532.853,20 531.831,20.033 528.631,20.18 C525.438,20.326 523.257,20.834 521.349,21.575 C519.376,22.342 517.703,23.368 516.035,25.035 C514.368,26.702 513.342,28.377 512.574,30.349 C511.834,32.258 511.326,34.438 511.181,37.631 C511.035,40.831 511,41.851 511,50 C511,58.147 511.035,59.17 511.181,62.369 C511.326,65.562 511.834,67.743 512.574,69.651 C513.342,71.625 514.368,73.296 516.035,74.965 C517.703,76.634 519.376,77.658 521.349,78.425 C523.257,79.167 525.438,79.673 528.631,79.82 C531.831,79.965 532.853,80.001 541,80.001 C549.148,80.001 550.169,79.965 553.369,79.82 C556.562,79.673 558.743,79.167 560.652,78.425 C562.623,77.658 564.297,76.634 565.965,74.965 C567.633,73.296 568.659,71.625 569.425,69.651 C570.167,67.743 570.674,65.562 570.82,62.369 C570.966,59.17 571,58.147 571,50 C571,41.851 570.966,40.831 570.82,37.631\"><\/path><\/g><\/svg><\/div><div style=\"padding-top: 8px;\"> <div style=\" color:#3897f0; font-family:Arial,sans-serif; font-size:14px; font-style:normal; font-weight:550; line-height:18px;\">Ver essa foto no Instagram<\/div><\/div><div style=\"padding: 12.5% 0;\"><\/div> <div style=\"display: flex; flex-direction: row; margin-bottom: 14px; align-items: center;\"><div> <div style=\"background-color: #F4F4F4; border-radius: 50%; height: 12.5px; width: 12.5px; transform: translateX(0px) translateY(7px);\"><\/div> <div style=\"background-color: #F4F4F4; height: 12.5px; transform: rotate(-45deg) translateX(3px) translateY(1px); width: 12.5px; flex-grow: 0; margin-right: 14px; margin-left: 2px;\"><\/div> <div style=\"background-color: #F4F4F4; border-radius: 50%; height: 12.5px; width: 12.5px; transform: translateX(9px) translateY(-18px);\"><\/div><\/div><div style=\"margin-left: 8px;\"> <div style=\" background-color: #F4F4F4; border-radius: 50%; flex-grow: 0; height: 20px; width: 20px;\"><\/div> <div style=\" width: 0; height: 0; border-top: 2px solid transparent; border-left: 6px solid #f4f4f4; border-bottom: 2px solid transparent; transform: translateX(16px) translateY(-4px) rotate(30deg)\"><\/div><\/div><div style=\"margin-left: auto;\"> <div style=\" width: 0px; border-top: 8px solid #F4F4F4; border-right: 8px solid transparent; transform: translateY(16px);\"><\/div> <div style=\" background-color: #F4F4F4; flex-grow: 0; height: 12px; width: 16px; transform: translateY(-4px);\"><\/div> <div style=\" width: 0; height: 0; border-top: 8px solid #F4F4F4; border-left: 8px solid transparent; transform: translateY(-4px) translateX(8px);\"><\/div><\/div><\/div> <div style=\"display: flex; flex-direction: column; flex-grow: 1; justify-content: center; margin-bottom: 24px;\"> <div style=\" background-color: #F4F4F4; border-radius: 4px; flex-grow: 0; height: 14px; margin-bottom: 6px; width: 224px;\"><\/div> <div style=\" background-color: #F4F4F4; border-radius: 4px; flex-grow: 0; height: 14px; width: 144px;\"><\/div><\/div><\/a><p style=\" color:#c9c8cd; font-family:Arial,sans-serif; font-size:14px; line-height:17px; margin-bottom:0; margin-top:8px; overflow:hidden; padding:8px 0 7px; text-align:center; text-overflow:ellipsis; white-space:nowrap;\"><a href=\"https:\/\/www.instagram.com\/reel\/DVuLWGOD5pM\/?utm_source=ig_embed&amp;utm_campaign=loading\" style=\" color:#c9c8cd; font-family:Arial,sans-serif; font-size:14px; font-style:normal; font-weight:normal; line-height:17px; text-decoration:none;\" target=\"_blank\">Um post compartilhado por Gustavo Finck (@gustavofinck)<\/a><\/p><\/div><\/blockquote>\n<script async src=\"\/\/www.instagram.com\/embed.js\"><\/script>\n\n\n\n<h2 class=\"wp-block-heading has-cyan-bluish-gray-background-color has-background\" id=\"carreira\">Carreira de Guarda Municipal<\/h2>\n\n\n\n<h3 class=\"wp-block-heading\" id=\"atri\">Atribui\u00e7\u00f5es<\/h3>\n\n\n\n<ul class=\"wp-block-list\">\n<li>Apoiar a administra\u00e7\u00e3o no exerc\u00edcio de pol\u00edcia administrativa para proteger o meio ambiente local, zelar pela seguran\u00e7a dos servidores municipais quando no exerc\u00edcio de suas fun\u00e7\u00f5es, fazer cessar as atividades que violarem as normas de sa\u00fade, defesa civil, sossego p\u00fablico, seguran\u00e7a e outras de interesse da coletividade;<\/li>\n\n\n\n<li>Colaborar com as pol\u00edcias civil e militar no que couber ou quando e conforme conv\u00eanio mantido entre Estado e Munic\u00edpio para a\u00e7\u00f5es de colabora\u00e7\u00e3o visando a implementa\u00e7\u00e3o de pol\u00edticas de seguran\u00e7a p\u00fablica e tr\u00e2nsito no munic\u00edpio;<\/li>\n\n\n\n<li>Atuar em conjunto com a Coordena\u00e7\u00e3o de Defesa Civil, nos casos de calamidade p\u00fablica;<\/li>\n\n\n\n<li>Garantir o funcionamento dos servi\u00e7os de responsabilidade do Munic\u00edpio;<\/li>\n\n\n\n<li>Colaborar com o Judici\u00e1rio e ao Minist\u00e9rio P\u00fablico, especialmente no que tange \u00e0s medidas de prote\u00e7\u00e3o \u00e0 crian\u00e7a e ao adolescente, no cumprimento da legisla\u00e7\u00e3o eleitoral e na defesa do meio ambiente;<\/li>\n\n\n\n<li>Promover a vigil\u00e2ncia e prote\u00e7\u00e3o dos logradouros p\u00fablicos, realizando o policiamento diurno e noturno;<\/li>\n\n\n\n<li>Promover a seguran\u00e7a e fiscaliza\u00e7\u00e3o para a utiliza\u00e7\u00e3o adequada dos parques, jardins, pra\u00e7as e outros bens de dom\u00ednio p\u00fablico, evitando a depreda\u00e7\u00e3o;<\/li>\n\n\n\n<li>Garantir a integridade f\u00edsica e moral de toda a comunidade escolar no \u00e2mbito de compet\u00eancia municipal; <\/li>\n\n\n\n<li>Exercer e apoiar a fiscaliza\u00e7\u00e3o da prefeitura na aplica\u00e7\u00e3o da legisla\u00e7\u00e3o relativa ao exerc\u00edcio de poder de pol\u00edcia administrativa do munic\u00edpio, inclusive inibir e impedir ocupa\u00e7\u00e3o ou invas\u00e3o de \u00e1reas p\u00fablicas municipais destinadas as pol\u00edticas de habita\u00e7\u00e3o; e<\/li>\n\n\n\n<li>Realizar escoltas de pessoas, cargas e valores quando de interesse de responsabilidade do poder P\u00fablico Municipal.<\/li>\n<\/ul>\n\n\n\n<h3 class=\"wp-block-heading\" id=\"requi\">Requisitos<\/h3>\n\n\n\n<ul class=\"wp-block-list\">\n<li>Certificado de conclus\u00e3o do ensino m\u00e9dio; e<\/li>\n\n\n\n<li>Carteira Nacional de Habilita\u00e7\u00e3o \u2013 categoria \u201cA\u201d e \u201cB\u201d<\/li>\n<\/ul>\n\n\n\n<h2 class=\"wp-block-heading has-cyan-bluish-gray-background-color has-background\" id=\"ultimos\">\u00daltimos concursos GCM Novo Hamburgo<\/h2>\n\n\n\n<h3 class=\"wp-block-heading\" id=\"19\"><a href=\"https:\/\/dhg1h5j42swfq.cloudfront.net\/2020\/01\/23203222\/edital_abertura_pmnovohamburgo2019.pdf\" target=\"_blank\" rel=\"noreferrer noopener nofollow\"><strong>Edital 2019<\/strong><\/a><\/h3>\n\n\n\n<h3 class=\"wp-block-heading\" id=\"h-cargos-e-vagas\">Cargos e vagas<\/h3>\n\n\n\n<figure class=\"wp-block-table is-style-stripes\"><table class=\"has-very-light-gray-to-cyan-bluish-gray-gradient-background has-background has-fixed-layout\"><thead><tr><th class=\"has-text-align-center\" data-align=\"center\">Cargo<\/th><th class=\"has-text-align-center\" data-align=\"center\">Vagas<\/th><th class=\"has-text-align-center\" data-align=\"center\">Sal\u00e1rio inicial<\/th><\/tr><\/thead><tbody><tr><td class=\"has-text-align-center\" data-align=\"center\">Guarda Municipal<\/td><td class=\"has-text-align-center\" data-align=\"center\">69<\/td><td class=\"has-text-align-center\" data-align=\"center\">R$ 2.516,18<\/td><\/tr><\/tbody><\/table><figcaption class=\"wp-element-caption\">Jornada de 40 horas semanais.<\/figcaption><\/figure>\n\n\n\n<h3 class=\"wp-block-heading\" id=\"etapa\">Etapas do \u00faltimo concurso GCM Novo Hamburgo<\/h3>\n\n\n\n<h4 class=\"wp-block-heading\" id=\"h-prova-objetiva\">Prova Objetiva<\/h4>\n\n\n\n<p>A etapa foi composta por quest\u00f5es de m\u00faltipla escolha, com dura\u00e7\u00e3o de 4 horas. <\/p>\n\n\n\n<ul class=\"wp-block-list\">\n<li><strong>Cargos de n\u00edvel m\u00e9dio e t\u00e9cnico:<\/strong>\n<ul class=\"wp-block-list\">\n<li><em>L\u00edngua Portuguesa \u2013 10<\/em><\/li>\n\n\n\n<li><em>Racioc\u00ednio L\u00f3gico \u2013 5<\/em><\/li>\n\n\n\n<li><em>Legisla\u00e7\u00e3o \u2013 5<\/em><\/li>\n\n\n\n<li><em>Conhecimentos Espec\u00edficos \u2013 20<\/em><\/li>\n<\/ul>\n<\/li>\n\n\n\n<li><strong>Cargos de n\u00edvel superior:<\/strong>\n<ul class=\"wp-block-list\">\n<li><em>L\u00edngua Portuguesa \u2013 10<\/em><\/li>\n\n\n\n<li><em>Racioc\u00ednio L\u00f3gico \u2013 5<\/em><\/li>\n\n\n\n<li><em>Legisla\u00e7\u00e3o \u2013 5<\/em><\/li>\n\n\n\n<li><em>Conhecimentos Espec\u00edficos \u2013 30<\/em><\/li>\n<\/ul>\n<\/li>\n<\/ul>\n\n\n\n<p>Para ser aprovado, o candidato precisou obter 50% ou mais do total de pontos previstos.<\/p>\n\n\n\n<h4 class=\"wp-block-heading\">Prova de Aptid\u00e3o F\u00edsica<\/h4>\n\n\n\n<p>A etapa foi constitu\u00edda pelos seguintes testes:<\/p>\n\n\n\n<ul class=\"wp-block-list\">\n<li><strong>Teste de Barra Fixa:<\/strong>\n<ul class=\"wp-block-list\">\n<li><em>Masculino \u2013 05 repeti\u00e7\u00f5es<\/em><\/li>\n\n\n\n<li><em>Feminino \u2013 20 segundos em suspens\u00e3o<\/em><\/li>\n<\/ul>\n<\/li>\n\n\n\n<li><strong>Flex\u00e3o Abdominal:<\/strong>\n<ul class=\"wp-block-list\">\n<li><em>Masculino \u2013 30 repeti\u00e7\u00f5es<\/em><\/li>\n\n\n\n<li><em>Feminino \u2013 20 repeti\u00e7\u00f5es<\/em><\/li>\n<\/ul>\n<\/li>\n\n\n\n<li><strong>Prova de Corrida de 12 minutos:<\/strong>\n<ul class=\"wp-block-list\">\n<li>Masculino \u2013 2.400 metros<\/li>\n\n\n\n<li>Feminino \u2013 2.000 metros<\/li>\n<\/ul>\n<\/li>\n<\/ul>\n\n\n\n<h3 class=\"wp-block-heading\" id=\"11\"><strong><a href=\"https:\/\/fundacaolasalle.org.br\/wp-content\/uploads\/2015\/02\/ed_abert_032011_nh_qgeral.pdf\" target=\"_blank\" rel=\"noreferrer noopener\">Edital 2011<\/a><\/strong><\/h3>\n\n\n\n<h3 class=\"wp-block-heading\" id=\"h-cargos-e-vagas-0\">Cargos e vagas<\/h3>\n\n\n\n<figure class=\"wp-block-table is-style-stripes\"><table class=\"has-very-light-gray-to-cyan-bluish-gray-gradient-background has-background has-fixed-layout\"><thead><tr><th class=\"has-text-align-center\" data-align=\"center\">Cargo<\/th><th class=\"has-text-align-center\" data-align=\"center\">Vagas<\/th><th class=\"has-text-align-center\" data-align=\"center\">Sal\u00e1rio inicial<\/th><\/tr><\/thead><tbody><tr><td class=\"has-text-align-center\" data-align=\"center\">Guarda Municipal<\/td><td class=\"has-text-align-center\" data-align=\"center\">40<\/td><td class=\"has-text-align-center\" data-align=\"center\">R$ 1.094,16<\/td><\/tr><\/tbody><\/table><figcaption class=\"wp-element-caption\">Jornada de 40 horas semanais.<\/figcaption><\/figure>\n\n\n\n<p>A sele\u00e7\u00e3o para a Guarda Municipal contou com duas etapas, sendo:<\/p>\n\n\n\n<ul class=\"wp-block-list\">\n<li><strong>1\u00aa &#8211; <\/strong>Prova Objetiva<\/li>\n\n\n\n<li><strong>2\u00aa &#8211;<\/strong> Prova de Aptid\u00e3o F\u00edsica<\/li>\n<\/ul>\n\n\n\n<h4 class=\"wp-block-heading\">Prova Objetiva<\/h4>\n\n\n\n<p>A prova objetiva foi de car\u00e1ter eliminat\u00f3rio e classificat\u00f3rio, composta por 40 quest\u00f5es de m\u00faltipla escolha. A avalia\u00e7\u00e3o foi dividida por disciplinas, conforme abaixo: <\/p>\n\n\n\n<ul class=\"wp-block-list\">\n<li><em>Conhecimentos Espec\u00edficos<\/em> &#8211; 15<\/li>\n\n\n\n<li><em>L\u00edngua Portuguesa<\/em> &#8211; 10<\/li>\n\n\n\n<li><em>Legisla\u00e7\u00e3o<\/em> &#8211; 08<\/li>\n\n\n\n<li><em>Inform\u00e1tica<\/em> &#8211; 07<\/li>\n<\/ul>\n\n\n\n<h4 class=\"wp-block-heading\">Prova de Aptid\u00e3o F\u00edsica<\/h4>\n\n\n\n<p>Esta etapa foi de car\u00e1ter apenas eliminat\u00f3rio, com avalia\u00e7\u00e3o individual por candidato. Foram convocados <em>120 candidatos<\/em> melhores classificados na prova objetiva  para realizarem as provas de aptid\u00e3o f\u00edsica.<\/p>\n\n\n\n<p><strong>Teste de Flex\u00e3o Abdominal em 1 Minuto:<\/strong><\/p>\n\n\n\n<figure class=\"wp-block-table is-style-stripes\"><table class=\"has-background has-fixed-layout\" style=\"background-color:#e7f5fe\"><tbody><tr><td><strong>SEXO<\/strong><\/td><td><strong>M\u00cdNIMO DE REPETI\u00c7\u00d5ES<\/strong><\/td><\/tr><tr><td>Feminino<\/td><td>20<\/td><\/tr><tr><td>Masculino<\/td><td>30<\/td><\/tr><\/tbody><\/table><\/figure>\n\n\n\n<p><strong>Teste de Corrida de 12 Minutos:<\/strong><\/p>\n\n\n\n<figure class=\"wp-block-table is-style-stripes\"><table class=\"has-background has-fixed-layout\" style=\"background-color:#e7f5fe\"><tbody><tr><td><strong>SEXO<\/strong><\/td><td><strong>DIST\u00c2NCIA M\u00cdNIMA<\/strong><\/td><\/tr><tr><td>Feminino<\/td><td> 1.600 m <\/td><\/tr><tr><td>Masculino<\/td><td> 2.100 m <\/td><\/tr><\/tbody><\/table><\/figure>\n\n\n\n<p><strong>Teste de Barra:<\/strong><\/p>\n\n\n\n<figure class=\"wp-block-table is-style-stripes\"><table class=\"has-background has-fixed-layout\" style=\"background-color:#e7f5fe\"><tbody><tr><td><strong>SEXO<\/strong><\/td><td><strong>M\u00cdNIMO DE REPETI\u00c7\u00d5ES<\/strong><\/td><\/tr><tr><td>Masculino<\/td><td>04<\/td><\/tr><\/tbody><\/table><\/figure>\n\n\n\n<p><strong>Teste Est\u00e1tico de Barra:<\/strong><\/p>\n\n\n\n<figure class=\"wp-block-table is-style-stripes\"><table class=\"has-background has-fixed-layout\" style=\"background-color:#e7f5fe\"><tbody><tr><td><strong>SEXO<\/strong><\/td><td><strong>M\u00cdNIMO DE SUSPENS\u00c3O<\/strong><\/td><\/tr><tr><td>Feminino<\/td><td>15 segundos<\/td><\/tr><\/tbody><\/table><\/figure>\n\n\n\n<hr class=\"wp-block-separator has-alpha-channel-opacity\"\/>\n\n\n\n<h2 class=\"wp-block-heading has-text-align-center\" id=\"h-quer-estudar-para-o-concurso-gcm-novo-hamburgo\">Quer estudar para o concurso GCM Novo Hamburgo?<\/h2>\n\n\n\n<div class=\"container\" id=\"boxes\">\n  <div class=\"row\">\n\n    <div class=\"col-sm\">\n      <div class=\"banner-guarda-gcm\" id=\"box-assinatura\">\n        <h3 class=\"titulo-assinatura\">Concurso GCM Novo Hamburgo<\/h3>\n        <p class=\"subtitulo-assinatura\">Estude conosco<\/p>\n        <div class=\"box-botao\">\n          <a class=\"btn-assinatura\" target=\"_blank\" href=\"https:\/\/www.estrategiaconcursos.com.br\/pesquisa\/?q=GCM+Novo+Hamburgo\" role=\"button\" rel=\"noopener noreferrer\">Conhe\u00e7a os cursos<\/a>\n        <\/div>\n      <\/div>\n     \n    <\/div>\n\n  <\/div>\n<\/div>\n\n\n\n<div class=\"container\" id=\"boxes\">\n  <div class=\"row\">\n\n    <div class=\"col-sm\">\n      <div class=\"estrategia\" id=\"box-assinatura\">\n        <h3 class=\"titulo-assinatura\">Assinatura de Concursos<\/h3>\n        <p class=\"subtitulo-assinatura\">Assinatura de 1 ano ou 2 anos<\/p>\n        <div class=\"box-botao\">\n          <a class=\"btn-assinatura\" target=\"_blank\" href=\"https:\/\/www.estrategiaconcursos.com.br\/assinaturas\/\" role=\"button\" rel=\"noopener noreferrer\">ASSINE AGORA<\/a>\n        <\/div>\n      <\/div>\n     \n    <\/div><\/div><\/div>\n\n\n\n<h2 class=\"wp-block-heading has-text-align-center\" id=\"h-quer-saber-tudo-sobre-concursos-previstos-confira-nossos-artigos\">Quer saber tudo sobre concursos previstos?<br \/>Confira nossos artigos!<\/h2>\n\n\n\n<ul class=\"wp-block-list\">\n<li><a href=\"https:\/\/www.estrategiaconcursos.com.br\/blog\/concursos-abertos\/\" target=\"_blank\" rel=\"noreferrer noopener\">Concursos abertos<\/a><\/li>\n\n\n\n<li><a href=\"https:\/\/www.estrategiaconcursos.com.br\/blog\/concursos-2026\" target=\"_blank\" rel=\"noreferrer noopener\">Concursos 2026<\/a><\/li>\n\n\n\n<li><a href=\"https:\/\/www.estrategiaconcursos.com.br\/blog\/concursos-guarda-municipal\/\" target=\"_blank\" rel=\"noreferrer noopener\">Concursos Guardas Municipais<\/a><\/li>\n<\/ul>\n\n\n\n<figure class=\"wp-block-image size-large is-resized\"><img loading=\"lazy\" decoding=\"async\" width=\"1024\" height=\"632\" src=\"https:\/\/dhg1h5j42swfq.cloudfront.net\/2025\/06\/27101122\/ficha-tecnica-1-1024x632.png\" alt=\"Ficha t\u00e9cnica\" class=\"wp-image-702728\" style=\"aspect-ratio:1.620253164556962;width:282px;height:auto\" srcset=\"https:\/\/dhg1h5j42swfq.cloudfront.net\/2025\/06\/27101122\/ficha-tecnica-1-1024x632.png 1024w, https:\/\/dhg1h5j42swfq.cloudfront.net\/2025\/06\/27101122\/ficha-tecnica-1-300x185.png 300w, https:\/\/dhg1h5j42swfq.cloudfront.net\/2025\/06\/27101122\/ficha-tecnica-1-768x474.png 768w, https:\/\/dhg1h5j42swfq.cloudfront.net\/2025\/06\/27101122\/ficha-tecnica-1-1536x948.png 1536w, https:\/\/dhg1h5j42swfq.cloudfront.net\/2025\/06\/27101122\/ficha-tecnica-1-610x377.png 610w, https:\/\/dhg1h5j42swfq.cloudfront.net\/2025\/06\/27101122\/ficha-tecnica-1.png 1571w\" sizes=\"auto, (max-width: 1024px) 100vw, 1024px\" \/><\/figure>\n\n\n\n<h3 class=\"wp-block-heading\" id=\"ficha\">Informa\u00e7\u00f5es do concurso GCM Novo Hamburgo-RS<\/h3>\n\n\n\n<ul class=\"wp-block-list\">\n<li><strong>Previs\u00e3o:\u00a0<\/strong>2026<\/li>\n\n\n\n<li><strong>Vagas:\u00a0<\/strong>a definir<\/li>\n\n\n\n<li><strong>Cargo:\u00a0<\/strong>Guarda Municipal<\/li>\n\n\n\n<li><strong>Banca:\u00a0<\/strong>a definir<\/li>\n\n\n\n<li><strong>Escolaridade:\u00a0<\/strong>N\u00edvel M\u00e9dio<\/li>\n\n\n\n<li><strong>\u00daltimo edital: <a aria-label=\" (abre numa nova aba)\" href=\"https:\/\/dhg1h5j42swfq.cloudfront.net\/2020\/01\/23203222\/edital_abertura_pmnovohamburgo2019.pdf\" target=\"_blank\" rel=\"noreferrer noopener\">GCM Novo Hamburgo 2019<\/a><\/strong><\/li>\n<\/ul>\n\n\n\n<p><\/p>\n","protected":false},"excerpt":{"rendered":"<p>N\u00famero de vagas do pr\u00f3ximo concurso GCM Novo Hamburgo n\u00e3o foi divulgado! Um novo edital do concurso GCM Novo Hamburgo, munic\u00edpio localizado no estado do Rio Grande do Sul, foi anunciado. De acordo com o prefeito Gustavo Finck, o novo edital ofertar\u00e1 mais de 50 vagas para diversos cargos, incluindo o de Guarda Municipal. Inclusive, [&hellip;]<\/p>\n","protected":false},"author":1,"featured_media":1732774,"comment_status":"open","ping_status":"closed","sticky":false,"template":"","format":"standard","meta":{"post_tipo":"news_page","footnotes":""},"categories":[220189],"tags":[],"tax_estado":[219986],"class_list":["post-401487","post","type-post","status-publish","format-standard","has-post-thumbnail","hentry","category-policial-guarda-civis","tax_estado-rs"],"acf":[],"yoast_head":"<!-- This site is optimized with the Yoast SEO Premium plugin v27.2 (Yoast SEO v27.2) - https:\/\/yoast.com\/product\/yoast-seo-premium-wordpress\/ -->\n<title>Concurso GCM Novo Hamburgo RS: edital anunciado!<\/title>\n<meta name=\"description\" content=\"Concurso GCM Novo Hamburgo: novo edital \u00e9 anunciado pelo prefeito. Acesse o site do Estrat\u00e9gia e veja os detalhes!\" \/>\n<meta name=\"robots\" content=\"index, follow, max-snippet:-1, max-image-preview:large, max-video-preview:-1\" \/>\n<link rel=\"canonical\" href=\"https:\/\/www.estrategiaconcursos.com.br\/blog\/concurso-gcm-novo-hamburgo-rs\/\" \/>\n<meta property=\"og:locale\" content=\"pt_BR\" \/>\n<meta property=\"og:type\" content=\"article\" \/>\n<meta property=\"og:title\" content=\"Concurso GCM Novo Hamburgo RS: edital anunciado!\" \/>\n<meta property=\"og:description\" content=\"Concurso GCM Novo Hamburgo: novo edital \u00e9 anunciado pelo prefeito. Acesse o site do Estrat\u00e9gia e veja os detalhes!\" \/>\n<meta property=\"og:url\" content=\"https:\/\/www.estrategiaconcursos.com.br\/blog\/concurso-gcm-novo-hamburgo-rs\/\" \/>\n<meta property=\"og:site_name\" content=\"Estrat\u00e9gia Concursos\" \/>\n<meta property=\"article:author\" content=\"https:\/\/www.facebook.com\/EstrategiaConcursos\" \/>\n<meta property=\"article:published_time\" content=\"2026-03-11T19:00:00+00:00\" \/>\n<meta property=\"article:modified_time\" content=\"2026-03-12T18:24:13+00:00\" \/>\n<meta property=\"og:image\" content=\"https:\/\/dhg1h5j42swfq.cloudfront.net\/2026\/03\/12152404\/gcm-novo-hamburgo-rs.jpg\" \/>\n\t<meta property=\"og:image:width\" content=\"768\" \/>\n\t<meta property=\"og:image:height\" content=\"432\" \/>\n\t<meta property=\"og:image:type\" content=\"image\/jpeg\" \/>\n<meta name=\"author\" content=\"Coordena\u00e7\u00e3o\" \/>\n<meta name=\"twitter:card\" content=\"summary_large_image\" \/>\n<meta name=\"twitter:creator\" content=\"@EstratConcursos\" \/>\n<meta name=\"twitter:site\" content=\"@EstratConcursos\" \/>\n<meta name=\"twitter:label1\" content=\"Escrito por\" \/>\n\t<meta name=\"twitter:data1\" content=\"Coordena\u00e7\u00e3o\" \/>\n\t<meta name=\"twitter:label2\" content=\"Est. tempo de leitura\" \/>\n\t<meta name=\"twitter:data2\" content=\"5 minutos\" \/>\n<script type=\"application\/ld+json\" class=\"yoast-schema-graph\">{\"@context\":\"https:\/\/schema.org\",\"@graph\":[{\"@type\":\"NewsArticle\",\"@id\":\"https:\/\/www.estrategiaconcursos.com.br\/blog\/concurso-gcm-novo-hamburgo-rs\/#article\",\"isPartOf\":{\"@id\":\"https:\/\/www.estrategiaconcursos.com.br\/blog\/concurso-gcm-novo-hamburgo-rs\/\"},\"author\":{\"name\":\"Coordena\u00e7\u00e3o\",\"@id\":\"https:\/\/www.estrategiaconcursos.com.br\/blog\/#\/schema\/person\/b4a388c97673c5f483d72185668afa1f\"},\"headline\":\"Concurso GCM Novo Hamburgo RS: edital anunciado!\",\"datePublished\":\"2026-03-11T19:00:00+00:00\",\"dateModified\":\"2026-03-12T18:24:13+00:00\",\"mainEntityOfPage\":{\"@id\":\"https:\/\/www.estrategiaconcursos.com.br\/blog\/concurso-gcm-novo-hamburgo-rs\/\"},\"wordCount\":939,\"commentCount\":0,\"publisher\":{\"@id\":\"https:\/\/www.estrategiaconcursos.com.br\/blog\/#organization\"},\"image\":{\"@id\":\"https:\/\/www.estrategiaconcursos.com.br\/blog\/concurso-gcm-novo-hamburgo-rs\/#primaryimage\"},\"thumbnailUrl\":\"https:\/\/dhg1h5j42swfq.cloudfront.net\/2026\/03\/12152404\/gcm-novo-hamburgo-rs.jpg\",\"articleSection\":[\"Policial (Guardas Civis)\"],\"inLanguage\":\"pt-BR\",\"potentialAction\":[{\"@type\":\"CommentAction\",\"name\":\"Comment\",\"target\":[\"https:\/\/www.estrategiaconcursos.com.br\/blog\/concurso-gcm-novo-hamburgo-rs\/#respond\"]}],\"copyrightYear\":\"2026\",\"copyrightHolder\":{\"@id\":\"https:\/\/www.estrategiaconcursos.com.br\/blog\/#organization\"}},{\"@type\":\"WebPage\",\"@id\":\"https:\/\/www.estrategiaconcursos.com.br\/blog\/concurso-gcm-novo-hamburgo-rs\/\",\"url\":\"https:\/\/www.estrategiaconcursos.com.br\/blog\/concurso-gcm-novo-hamburgo-rs\/\",\"name\":\"Concurso GCM Novo Hamburgo RS: edital anunciado!\",\"isPartOf\":{\"@id\":\"https:\/\/www.estrategiaconcursos.com.br\/blog\/#website\"},\"primaryImageOfPage\":{\"@id\":\"https:\/\/www.estrategiaconcursos.com.br\/blog\/concurso-gcm-novo-hamburgo-rs\/#primaryimage\"},\"image\":{\"@id\":\"https:\/\/www.estrategiaconcursos.com.br\/blog\/concurso-gcm-novo-hamburgo-rs\/#primaryimage\"},\"thumbnailUrl\":\"https:\/\/dhg1h5j42swfq.cloudfront.net\/2026\/03\/12152404\/gcm-novo-hamburgo-rs.jpg\",\"datePublished\":\"2026-03-11T19:00:00+00:00\",\"dateModified\":\"2026-03-12T18:24:13+00:00\",\"description\":\"Concurso GCM Novo Hamburgo: novo edital \u00e9 anunciado pelo prefeito. Acesse o site do Estrat\u00e9gia e veja os detalhes!\",\"breadcrumb\":{\"@id\":\"https:\/\/www.estrategiaconcursos.com.br\/blog\/concurso-gcm-novo-hamburgo-rs\/#breadcrumb\"},\"inLanguage\":\"pt-BR\",\"potentialAction\":[{\"@type\":\"ReadAction\",\"target\":[\"https:\/\/www.estrategiaconcursos.com.br\/blog\/concurso-gcm-novo-hamburgo-rs\/\"]}]},{\"@type\":\"ImageObject\",\"inLanguage\":\"pt-BR\",\"@id\":\"https:\/\/www.estrategiaconcursos.com.br\/blog\/concurso-gcm-novo-hamburgo-rs\/#primaryimage\",\"url\":\"https:\/\/dhg1h5j42swfq.cloudfront.net\/2026\/03\/12152404\/gcm-novo-hamburgo-rs.jpg\",\"contentUrl\":\"https:\/\/dhg1h5j42swfq.cloudfront.net\/2026\/03\/12152404\/gcm-novo-hamburgo-rs.jpg\",\"width\":768,\"height\":432},{\"@type\":\"BreadcrumbList\",\"@id\":\"https:\/\/www.estrategiaconcursos.com.br\/blog\/concurso-gcm-novo-hamburgo-rs\/#breadcrumb\",\"itemListElement\":[{\"@type\":\"ListItem\",\"position\":1,\"name\":\"In\u00edcio\",\"item\":\"https:\/\/www.estrategiaconcursos.com.br\/blog\/\"},{\"@type\":\"ListItem\",\"position\":2,\"name\":\"Concurso GCM Novo Hamburgo RS: edital anunciado!\"}]},{\"@type\":\"WebSite\",\"@id\":\"https:\/\/www.estrategiaconcursos.com.br\/blog\/#website\",\"url\":\"https:\/\/www.estrategiaconcursos.com.br\/blog\/\",\"name\":\"Estrat\u00e9gia Concursos\",\"description\":\"O blog da Estrat\u00e9gia Concursos traz not\u00edcias sobre concursos e artigos de professores oferecendo cursos para concursos (pdf + videaulas) no site.\",\"publisher\":{\"@id\":\"https:\/\/www.estrategiaconcursos.com.br\/blog\/#organization\"},\"potentialAction\":[{\"@type\":\"SearchAction\",\"target\":{\"@type\":\"EntryPoint\",\"urlTemplate\":\"https:\/\/www.estrategiaconcursos.com.br\/blog\/?s={search_term_string}\"},\"query-input\":{\"@type\":\"PropertyValueSpecification\",\"valueRequired\":true,\"valueName\":\"search_term_string\"}}],\"inLanguage\":\"pt-BR\"},{\"@type\":\"Organization\",\"@id\":\"https:\/\/www.estrategiaconcursos.com.br\/blog\/#organization\",\"name\":\"Estrat\u00e9gia Concursos\",\"url\":\"https:\/\/www.estrategiaconcursos.com.br\/blog\/\",\"logo\":{\"@type\":\"ImageObject\",\"inLanguage\":\"pt-BR\",\"@id\":\"https:\/\/www.estrategiaconcursos.com.br\/blog\/#\/schema\/logo\/image\/\",\"url\":\"https:\/\/dhg1h5j42swfq.cloudfront.net\/2025\/06\/03203428\/logo_concursos-1.jpg\",\"contentUrl\":\"https:\/\/dhg1h5j42swfq.cloudfront.net\/2025\/06\/03203428\/logo_concursos-1.jpg\",\"width\":230,\"height\":60,\"caption\":\"Estrat\u00e9gia Concursos\"},\"image\":{\"@id\":\"https:\/\/www.estrategiaconcursos.com.br\/blog\/#\/schema\/logo\/image\/\"},\"sameAs\":[\"https:\/\/x.com\/EstratConcursos\"]},{\"@type\":\"Person\",\"@id\":\"https:\/\/www.estrategiaconcursos.com.br\/blog\/#\/schema\/person\/b4a388c97673c5f483d72185668afa1f\",\"name\":\"Coordena\u00e7\u00e3o\",\"image\":{\"@type\":\"ImageObject\",\"inLanguage\":\"pt-BR\",\"@id\":\"https:\/\/secure.gravatar.com\/avatar\/b720319e4c9a967eb58678d110f4fe35452fc5d5f97b202bac7b8acceb18c6ad?s=96&d=mm&r=g\",\"url\":\"https:\/\/secure.gravatar.com\/avatar\/b720319e4c9a967eb58678d110f4fe35452fc5d5f97b202bac7b8acceb18c6ad?s=96&d=mm&r=g\",\"contentUrl\":\"https:\/\/secure.gravatar.com\/avatar\/b720319e4c9a967eb58678d110f4fe35452fc5d5f97b202bac7b8acceb18c6ad?s=96&d=mm&r=g\",\"caption\":\"Coordena\u00e7\u00e3o\"},\"sameAs\":[\"https:\/\/www.facebook.com\/EstrategiaConcursos\",\"https:\/\/x.com\/EstratConcursos\"],\"url\":\"https:\/\/www.estrategiaconcursos.com.br\/blog\/author\/estrategia2013\/\"}]}<\/script>\n<!-- \/ Yoast SEO Premium plugin. -->","yoast_head_json":{"title":"Concurso GCM Novo Hamburgo RS: edital anunciado!","description":"Concurso GCM Novo Hamburgo: novo edital \u00e9 anunciado pelo prefeito. Acesse o site do Estrat\u00e9gia e veja os detalhes!","robots":{"index":"index","follow":"follow","max-snippet":"max-snippet:-1","max-image-preview":"max-image-preview:large","max-video-preview":"max-video-preview:-1"},"canonical":"https:\/\/www.estrategiaconcursos.com.br\/blog\/concurso-gcm-novo-hamburgo-rs\/","og_locale":"pt_BR","og_type":"article","og_title":"Concurso GCM Novo Hamburgo RS: edital anunciado!","og_description":"Concurso GCM Novo Hamburgo: novo edital \u00e9 anunciado pelo prefeito. Acesse o site do Estrat\u00e9gia e veja os detalhes!","og_url":"https:\/\/www.estrategiaconcursos.com.br\/blog\/concurso-gcm-novo-hamburgo-rs\/","og_site_name":"Estrat\u00e9gia Concursos","article_author":"https:\/\/www.facebook.com\/EstrategiaConcursos","article_published_time":"2026-03-11T19:00:00+00:00","article_modified_time":"2026-03-12T18:24:13+00:00","og_image":[{"width":768,"height":432,"url":"https:\/\/dhg1h5j42swfq.cloudfront.net\/2026\/03\/12152404\/gcm-novo-hamburgo-rs.jpg","type":"image\/jpeg"}],"author":"Coordena\u00e7\u00e3o","twitter_card":"summary_large_image","twitter_creator":"@EstratConcursos","twitter_site":"@EstratConcursos","twitter_misc":{"Escrito por":"Coordena\u00e7\u00e3o","Est. tempo de leitura":"5 minutos"},"schema":{"@context":"https:\/\/schema.org","@graph":[{"@type":"NewsArticle","@id":"https:\/\/www.estrategiaconcursos.com.br\/blog\/concurso-gcm-novo-hamburgo-rs\/#article","isPartOf":{"@id":"https:\/\/www.estrategiaconcursos.com.br\/blog\/concurso-gcm-novo-hamburgo-rs\/"},"author":{"name":"Coordena\u00e7\u00e3o","@id":"https:\/\/www.estrategiaconcursos.com.br\/blog\/#\/schema\/person\/b4a388c97673c5f483d72185668afa1f"},"headline":"Concurso GCM Novo Hamburgo RS: edital anunciado!","datePublished":"2026-03-11T19:00:00+00:00","dateModified":"2026-03-12T18:24:13+00:00","mainEntityOfPage":{"@id":"https:\/\/www.estrategiaconcursos.com.br\/blog\/concurso-gcm-novo-hamburgo-rs\/"},"wordCount":939,"commentCount":0,"publisher":{"@id":"https:\/\/www.estrategiaconcursos.com.br\/blog\/#organization"},"image":{"@id":"https:\/\/www.estrategiaconcursos.com.br\/blog\/concurso-gcm-novo-hamburgo-rs\/#primaryimage"},"thumbnailUrl":"https:\/\/dhg1h5j42swfq.cloudfront.net\/2026\/03\/12152404\/gcm-novo-hamburgo-rs.jpg","articleSection":["Policial (Guardas Civis)"],"inLanguage":"pt-BR","potentialAction":[{"@type":"CommentAction","name":"Comment","target":["https:\/\/www.estrategiaconcursos.com.br\/blog\/concurso-gcm-novo-hamburgo-rs\/#respond"]}],"copyrightYear":"2026","copyrightHolder":{"@id":"https:\/\/www.estrategiaconcursos.com.br\/blog\/#organization"}},{"@type":"WebPage","@id":"https:\/\/www.estrategiaconcursos.com.br\/blog\/concurso-gcm-novo-hamburgo-rs\/","url":"https:\/\/www.estrategiaconcursos.com.br\/blog\/concurso-gcm-novo-hamburgo-rs\/","name":"Concurso GCM Novo Hamburgo RS: edital anunciado!","isPartOf":{"@id":"https:\/\/www.estrategiaconcursos.com.br\/blog\/#website"},"primaryImageOfPage":{"@id":"https:\/\/www.estrategiaconcursos.com.br\/blog\/concurso-gcm-novo-hamburgo-rs\/#primaryimage"},"image":{"@id":"https:\/\/www.estrategiaconcursos.com.br\/blog\/concurso-gcm-novo-hamburgo-rs\/#primaryimage"},"thumbnailUrl":"https:\/\/dhg1h5j42swfq.cloudfront.net\/2026\/03\/12152404\/gcm-novo-hamburgo-rs.jpg","datePublished":"2026-03-11T19:00:00+00:00","dateModified":"2026-03-12T18:24:13+00:00","description":"Concurso GCM Novo Hamburgo: novo edital \u00e9 anunciado pelo prefeito. Acesse o site do Estrat\u00e9gia e veja os detalhes!","breadcrumb":{"@id":"https:\/\/www.estrategiaconcursos.com.br\/blog\/concurso-gcm-novo-hamburgo-rs\/#breadcrumb"},"inLanguage":"pt-BR","potentialAction":[{"@type":"ReadAction","target":["https:\/\/www.estrategiaconcursos.com.br\/blog\/concurso-gcm-novo-hamburgo-rs\/"]}]},{"@type":"ImageObject","inLanguage":"pt-BR","@id":"https:\/\/www.estrategiaconcursos.com.br\/blog\/concurso-gcm-novo-hamburgo-rs\/#primaryimage","url":"https:\/\/dhg1h5j42swfq.cloudfront.net\/2026\/03\/12152404\/gcm-novo-hamburgo-rs.jpg","contentUrl":"https:\/\/dhg1h5j42swfq.cloudfront.net\/2026\/03\/12152404\/gcm-novo-hamburgo-rs.jpg","width":768,"height":432},{"@type":"BreadcrumbList","@id":"https:\/\/www.estrategiaconcursos.com.br\/blog\/concurso-gcm-novo-hamburgo-rs\/#breadcrumb","itemListElement":[{"@type":"ListItem","position":1,"name":"In\u00edcio","item":"https:\/\/www.estrategiaconcursos.com.br\/blog\/"},{"@type":"ListItem","position":2,"name":"Concurso GCM Novo Hamburgo RS: edital anunciado!"}]},{"@type":"WebSite","@id":"https:\/\/www.estrategiaconcursos.com.br\/blog\/#website","url":"https:\/\/www.estrategiaconcursos.com.br\/blog\/","name":"Estrat\u00e9gia Concursos","description":"O blog da Estrat\u00e9gia Concursos traz not\u00edcias sobre concursos e artigos de professores oferecendo cursos para concursos (pdf + videaulas) no site.","publisher":{"@id":"https:\/\/www.estrategiaconcursos.com.br\/blog\/#organization"},"potentialAction":[{"@type":"SearchAction","target":{"@type":"EntryPoint","urlTemplate":"https:\/\/www.estrategiaconcursos.com.br\/blog\/?s={search_term_string}"},"query-input":{"@type":"PropertyValueSpecification","valueRequired":true,"valueName":"search_term_string"}}],"inLanguage":"pt-BR"},{"@type":"Organization","@id":"https:\/\/www.estrategiaconcursos.com.br\/blog\/#organization","name":"Estrat\u00e9gia Concursos","url":"https:\/\/www.estrategiaconcursos.com.br\/blog\/","logo":{"@type":"ImageObject","inLanguage":"pt-BR","@id":"https:\/\/www.estrategiaconcursos.com.br\/blog\/#\/schema\/logo\/image\/","url":"https:\/\/dhg1h5j42swfq.cloudfront.net\/2025\/06\/03203428\/logo_concursos-1.jpg","contentUrl":"https:\/\/dhg1h5j42swfq.cloudfront.net\/2025\/06\/03203428\/logo_concursos-1.jpg","width":230,"height":60,"caption":"Estrat\u00e9gia Concursos"},"image":{"@id":"https:\/\/www.estrategiaconcursos.com.br\/blog\/#\/schema\/logo\/image\/"},"sameAs":["https:\/\/x.com\/EstratConcursos"]},{"@type":"Person","@id":"https:\/\/www.estrategiaconcursos.com.br\/blog\/#\/schema\/person\/b4a388c97673c5f483d72185668afa1f","name":"Coordena\u00e7\u00e3o","image":{"@type":"ImageObject","inLanguage":"pt-BR","@id":"https:\/\/secure.gravatar.com\/avatar\/b720319e4c9a967eb58678d110f4fe35452fc5d5f97b202bac7b8acceb18c6ad?s=96&d=mm&r=g","url":"https:\/\/secure.gravatar.com\/avatar\/b720319e4c9a967eb58678d110f4fe35452fc5d5f97b202bac7b8acceb18c6ad?s=96&d=mm&r=g","contentUrl":"https:\/\/secure.gravatar.com\/avatar\/b720319e4c9a967eb58678d110f4fe35452fc5d5f97b202bac7b8acceb18c6ad?s=96&d=mm&r=g","caption":"Coordena\u00e7\u00e3o"},"sameAs":["https:\/\/www.facebook.com\/EstrategiaConcursos","https:\/\/x.com\/EstratConcursos"],"url":"https:\/\/www.estrategiaconcursos.com.br\/blog\/author\/estrategia2013\/"}]}},"_links":{"self":[{"href":"https:\/\/www.estrategiaconcursos.com.br\/blog\/wp-json\/wp\/v2\/posts\/401487","targetHints":{"allow":["GET"]}}],"collection":[{"href":"https:\/\/www.estrategiaconcursos.com.br\/blog\/wp-json\/wp\/v2\/posts"}],"about":[{"href":"https:\/\/www.estrategiaconcursos.com.br\/blog\/wp-json\/wp\/v2\/types\/post"}],"author":[{"embeddable":true,"href":"https:\/\/www.estrategiaconcursos.com.br\/blog\/wp-json\/wp\/v2\/users\/1"}],"replies":[{"embeddable":true,"href":"https:\/\/www.estrategiaconcursos.com.br\/blog\/wp-json\/wp\/v2\/comments?post=401487"}],"version-history":[{"count":14,"href":"https:\/\/www.estrategiaconcursos.com.br\/blog\/wp-json\/wp\/v2\/posts\/401487\/revisions"}],"predecessor-version":[{"id":1730988,"href":"https:\/\/www.estrategiaconcursos.com.br\/blog\/wp-json\/wp\/v2\/posts\/401487\/revisions\/1730988"}],"wp:featuredmedia":[{"embeddable":true,"href":"https:\/\/www.estrategiaconcursos.com.br\/blog\/wp-json\/wp\/v2\/media\/1732774"}],"wp:attachment":[{"href":"https:\/\/www.estrategiaconcursos.com.br\/blog\/wp-json\/wp\/v2\/media?parent=401487"}],"wp:term":[{"taxonomy":"category","embeddable":true,"href":"https:\/\/www.estrategiaconcursos.com.br\/blog\/wp-json\/wp\/v2\/categories?post=401487"},{"taxonomy":"post_tag","embeddable":true,"href":"https:\/\/www.estrategiaconcursos.com.br\/blog\/wp-json\/wp\/v2\/tags?post=401487"},{"taxonomy":"tax_estado","embeddable":true,"href":"https:\/\/www.estrategiaconcursos.com.br\/blog\/wp-json\/wp\/v2\/tax_estado?post=401487"}],"curies":[{"name":"wp","href":"https:\/\/api.w.org\/{rel}","templated":true}]}}