{"id":40144,"date":"2017-06-19T11:05:47","date_gmt":"2017-06-19T14:05:47","guid":{"rendered":"http:\/\/www.estrategiaconcursos.com.br\/blog\/?p=40144"},"modified":"2022-09-12T15:32:15","modified_gmt":"2022-09-12T18:32:15","slug":"edital-receita-federal","status":"publish","type":"post","link":"https:\/\/www.estrategiaconcursos.com.br\/blog\/edital-receita-federal\/","title":{"rendered":"Edital Receita Federal: mais de 2.000 vagas solicitadas! Veja um hist\u00f3rico e an\u00e1lise dos \u00faltimos editais"},"content":{"rendered":"<p style=\"text-align: justify;\"><span style=\"color: #000000;\"><em><strong>Edital Receita Federal: hist\u00f3rico e an\u00e1lise dos \u00faltimos editais<\/strong><\/em><\/span><\/p>\n<p style=\"text-align: justify;\"><span style=\"color: #0000ff;\"><strong>1. Introdu\u00e7\u00e3o.<\/strong><\/span><\/p>\n<p style=\"text-align: justify;\"><span style=\"color: #000000;\">Prezado(a) aluno(a) da \u00e1rea fiscal federal.<\/span><\/p>\n<p style=\"text-align: justify;\"><img loading=\"lazy\" decoding=\"async\" class=\"alignleft size-medium wp-image-40156\" src=\"https:\/\/dhg1h5j42swfq.cloudfront.net\/2016\/05\/30152423\/edital-receita-federal.jpg\" alt=\"edital receita federal\" width=\"300\" height=\"223\" srcset=\"https:\/\/dhg1h5j42swfq.cloudfront.net\/2016\/05\/30152423\/edital-receita-federal.jpg 670w, https:\/\/dhg1h5j42swfq.cloudfront.net\/2016\/05\/30152423\/edital-receita-federal.jpg 300w, https:\/\/dhg1h5j42swfq.cloudfront.net\/2016\/05\/30152423\/edital-receita-federal.jpg 404w\" sizes=\"auto, (max-width: 300px) 100vw, 300px\" \/><span style=\"color: #000000;\">Nos \u00faltimos dias tivemos a <\/span><span style=\"color: #ff0000;\"><strong>confirma\u00e7\u00e3o<\/strong><\/span><span style=\"color: #000000;\"> de que a Receita Federal do Brasil (RFB) solicitou, junto ao Minist\u00e9rio do Planejamento, Desenvolvimento e Gest\u00e3o (MPDG), a <\/span><span style=\"color: #ff0000;\"><strong>autoriza\u00e7\u00e3o de novos concursos<\/strong><\/span><span style=\"color: #000000;\"> para os cargos de <\/span><span style=\"color: #0000ff;\"><strong>Auditor-Fiscal da Receita Federal do Brasil (AFRFB)<\/strong><\/span><span style=\"color: #000000;\"> e de <\/span><span style=\"color: #0000ff;\"><strong>Analista-Tribut\u00e1rio da Receita Federal do Brasil (ATRFB)<\/strong><\/span><span style=\"color: #000000;\">.<\/span><\/p>\n<p><strong>Para constar, esses foram os quantitativos solicitados:<\/strong><\/p>\n<p><strong>Auditor-Fiscal: 630 vagas<\/strong><\/p>\n<p><strong>Analista-Tribut\u00e1rio: 1.453 vagas<\/strong><\/p>\n<p><strong>Total: 2.083 vagas solicitadas<\/strong><\/p>\n<p style=\"text-align: justify;\">\n<p style=\"text-align: justify;\"><span style=\"color: #000000;\">Neste momento, temos que olhar esse pedido com <strong>parcim\u00f4nia <\/strong>e <strong>modera\u00e7\u00e3o<\/strong>. A solicita\u00e7\u00e3o da RFB ser\u00e1 analisada pelo MPDG juntamente com todos os pedidos requeridos pelos demais \u00f3rg\u00e3os e entidades do Poder Executivo Federal.<\/span><\/p>\n<p style=\"text-align: justify;\">\n<p style=\"text-align: justify;\"><span style=\"color: #ff0000;\"><strong>Particularmente<\/strong><\/span>, n\u00e3o acredito que a RFB consiga esse quantitativo todo de vagas solicitado, eu acredito que a RFB consiga sim uns 30% do que foi pedido. Penso em algo mais ou menos assim para 2018\/2019:<\/p>\n<p><span style=\"color: #008000;\"><strong>Auditor-Fiscal: 150 nomea\u00e7\u00f5es em 2018 + 150 nomea\u00e7\u00f5es em 2019<\/strong><\/span><\/p>\n<p><span style=\"color: #008000;\"><strong>Analista Tribut\u00e1rio: 400 nomea\u00e7\u00f5es em 2018 + 400 nomea\u00e7\u00f5es em 2019<\/strong><\/span><\/p>\n<p><span style=\"color: #008000;\"><strong>Total: 1.100 nomea\u00e7\u00f5es em 2018 e em 2019<\/strong><\/span><\/p>\n<p style=\"text-align: justify;\"><span style=\"color: #000000;\">Dando continuidade, <strong>o Planejamento formatar\u00e1 e enviar\u00e1, at\u00e9 31\/08\/2017,<\/strong> uma quinta-feira, o Projeto de Lei Or\u00e7ament\u00e1ria Anual 2018 (PLOA 2018) para o Congresso Nacional, contendo todas as despesas para contrata\u00e7\u00e3o do ano seguinte (leia-se \u201cnovos concursos em 2018\u201d).<\/span><\/p>\n<p style=\"text-align: justify;\"><span style=\"color: #000000;\">Caso o PLOA seja aprovado pelo Congresso contendo a previs\u00e3o de novos concursos da RFB, <\/span><span style=\"color: #0000ff;\"><strong>muito provavelmente os concursos ser\u00e3o realizados em 2018 com nomea\u00e7\u00e3o em 2018 e em 2019<\/strong><\/span><span style=\"color: #000000;\"> (lembrando que a RFB tem o costume de nomear duas turmas &#8211; vide os concursos realizados de 2010 para c\u00e1).<\/span><\/p>\n<p style=\"text-align: justify;\"><span style=\"color: #000000;\">Caso o PLOA seja aprovado sem tal previs\u00e3o, os concursos da RFB ainda poder\u00e3o ocorrer, mas depender\u00e3o autoriza\u00e7\u00e3o especifica do MPDG, o que \u00e9 uma situa\u00e7\u00e3o um pouco mais delicada.<\/span><\/p>\n<p style=\"text-align: justify;\"><span style=\"color: #000000;\">Por sua vez, informo aos desavisados, que os cargos supracitados passaram, recentemente, por profundas e ben\u00e9ficas altera\u00e7\u00f5es em suas estruturas, principalmente no aspecto remunerat\u00f3rio, com um grande percentual de reajuste no in\u00edcio de 2017. Se voc\u00ea ainda n\u00e3o leu, leia o artigo no qual eu descrevo tais mudan\u00e7as, ao final deste artigo voc\u00ea encontrar\u00e1 o link.<\/span><\/p>\n<p style=\"text-align: justify;\"><span style=\"color: #0000ff;\"><strong>2. Hist\u00f3rico.<\/strong><\/span><\/p>\n<p style=\"text-align: justify;\"><span style=\"color: #000000;\">Agora que j\u00e1 falamos da <strong>grande probabilidade de novo concurso em breve<\/strong> e das altera\u00e7\u00f5es na carreira, vamos conversar \u201cum pouco\u201d sobre os \u00faltimos editais dos cargos de AFRFB e ATRFB. =)<\/span><\/p>\n<p style=\"text-align: justify;\"><span style=\"color: #000000;\">Em princ\u00edpio, deve-se ter em mente que, <strong>por for\u00e7a de legisla\u00e7\u00e3o<\/strong>, os certames de Auditor-Fiscal e de Analista-Tribut\u00e1rio da RFB sempre ser\u00e3o realizados pela Escola de Administra\u00e7\u00e3o Fazenda (ESAF). Em suma, n\u00e3o existe a possibilidade de a prova ser realizada pelo CESPE, pela FGV, pela Cesgranrio, pela FCC ou por qualquer outra banca.<\/span><\/p>\n<p style=\"text-align: justify;\"><span style=\"color: #000000;\">Por sua vez, ao analisar as \u00faltimas tr\u00eas d\u00e9cadas, observa-se que at\u00e9 o certame de 2003, o concurso de ingresso, tanto para AFRFB quanto para ATRFB, era dividido por \u00e1reas, como ainda ocorre, por exemplo, no Banco Central do Brasil (BACEN). Com isso, o candidato deveria escolher uma das \u00e1reas especificas (Aduana, Auditoria, Pol\u00edtica e Administra\u00e7\u00e3o Tribut\u00e1ria &#8211; PAT, Tributa\u00e7\u00e3o e Julgamento &#8211; TJ ou Tecnologia da Informa\u00e7\u00e3o &#8211; TI) e concorrer as vagas dentro da \u00e1rea selecionada.<\/span><\/p>\n<p style=\"text-align: justify;\"><span style=\"color: #000000;\">At\u00e9 ent\u00e3o, as provas apresentavam a seguinte estrutura: duas provas comuns (uma de conhecimentos gerais e outra de conhecimentos espec\u00edficos) e uma prova distinta para cada \u00e1rea com conhecimentos especializados. S\u00f3 para exemplificar, na \u00e1rea de Aduana era cobrado Com\u00e9rcio Internacional e Rela\u00e7\u00f5es Econ\u00f4micas Internacionais. J\u00e1 na \u00e1rea de PAT era cobrado Economia, Finan\u00e7as P\u00fablicas, Administra\u00e7\u00e3o P\u00fablica e Inform\u00e1tica.<\/span><\/p>\n<p style=\"text-align: justify;\"><span style=\"color: #000000;\">Essa divis\u00e3o por \u00e1reas caiu, parcialmente, por terra no concurso de 2005, quando os cargos de AFRFB e ATRFB vieram divididos em apenas duas \u00e1reas: Tribut\u00e1ria e Aduaneira (TA), com 90% das vagas, e Tecnologia da Informa\u00e7\u00e3o (TI). Neste concurso, a RFB e a ESAF decidiram mesclar todas as \u00e1reas existentes, excluindo a de TI, para criar a \u00e1rea de TA! Este concurso pegou todo mundo de surpresa, pois nenhum candidato tinha estudado por completo esse novo edital (lembre-se, at\u00e9 2003 voc\u00ea escolhia uma \u00e1rea e estudava somente as disciplinas daquela \u00e1rea).<\/span><\/p>\n<p style=\"text-align: justify;\"><span style=\"color: #000000;\">Para colocar um pouco mais de pimenta no molho, o Governo Federal, em meados de 2005, teve a sua primeira tentativa de unifica\u00e7\u00e3o da Secretaria da Receita Previdenci\u00e1ria &#8211; SRP com a Secretaria da Receita Federal do Brasil &#8211; SRF, por meio da Medida Provis\u00f3ria (MP) n.\u00ba 258\/2005. Em fun\u00e7\u00e3o disso, o Direito Previdenci\u00e1rio apareceu pela primeira vez nos concursos da RFB. Em 2005 ainda, a referida MP perdeu sua efic\u00e1cia sem ser convertida em lei, sendo que a unifica\u00e7\u00e3o das Secretarias e a cria\u00e7\u00e3o da RFB s\u00f3 ocorreu em mar\u00e7o de 2007, por meio da Lei n.\u00ba 11.457\/2007.<\/span><\/p>\n<p style=\"text-align: justify;\"><span style=\"color: #000000;\">Dando continuidade, com essa unifica\u00e7\u00e3o de \u00e1reas em 2005 e o caso da MP supracitada, o edital Receita Federal trouxe grandes altera\u00e7\u00f5es na estrutura do concurso, sendo que pela primeira vez foi cobrado Contabilidade Avan\u00e7ada, Inform\u00e1tica, Direito Previdenci\u00e1rio, Com\u00e9rcio Internacional, Direito Internacional P\u00fablico, Economia e Finan\u00e7as P\u00fablicas <strong>para todos os candidatos<\/strong> (AFRFB \u00e1rea de TA).<\/span><\/p>\n<p style=\"text-align: justify;\"><span style=\"color: #000000;\">Alguns anos mais tarde, no edital Receita Federal de 2010 (o meu!), a ESAF novamente optou por realizar um concurso em \u00e1rea \u00fanica <strong>com a inclus\u00e3o de novas disciplinas<\/strong> (Direito Civil, Direito Penal, Direito Comercial, Auditoria e Administra\u00e7\u00e3o P\u00fablica para Auditor-Fiscal e algumas outras para Analista-Tribut\u00e1rio) e inseriu a in\u00e9dita 2.\u00aa fase no concurso, composta por <strong>provas discursivas<\/strong>. Esse concurso foi o divisor de \u00e1guas nos concursos de ingresso para os cargos de AFRFB e de ATRFB! Neste concurso, todos que foram aprovados na 1.\u00aa fase ficaram altamente apreensivos pela 2.\u00aa fase, pois nunca na hist\u00f3ria da gloriosa Receita Federal foi cobrada uma prova escrita! Ningu\u00e9m conhecia o estilo das quest\u00f5es, a forma de corre\u00e7\u00e3o e nem qual seria uma nota boa ou ruim. Foi um verdadeiro tiro no escuro para os candidatos e para os professores dos cursos preparat\u00f3rios.<\/span><\/p>\n<p style=\"text-align: justify;\"><span style=\"color: #000000;\">Nos concursos seguintes, 2012 e 2014, a ESAF manteve o padr\u00e3o adotado em 2010 (provas objetivas e discursivas), com a inclus\u00e3o de duas disciplinas, que eram cobradas durante o Programa de Forma\u00e7\u00e3o (PF) dos novos servidores, no caso, Legisla\u00e7\u00e3o Tribut\u00e1ria (IRPJ, IRPF e IPI) e Legisla\u00e7\u00e3o Aduaneira (Regulamento Aduaneiro e mais alguns atos normativos correlatos).<\/span><\/p>\n<p style=\"text-align: justify;\"><strong><span style=\"color: #993300;\">Conhe\u00e7a os nossos <\/span><a href=\"https:\/\/www.estrategiaconcursos.com.br\/curso\/pacote-completo-p-auditor-fiscal-afrfb-2016-com-videoaulas\/\" target=\"_blank\" rel=\"noopener\">Cursos Online para Receita Federal<\/a><\/strong><\/p>\n<p style=\"text-align: justify;\"><span style=\"color: #0000ff;\"><strong>3. An\u00e1lise dos editais recentes.<\/strong><\/span><\/p>\n<p style=\"text-align: justify;\"><span style=\"color: #000000;\">Diante de todo o supracitado at\u00e9 o momento, fica claro que devemos analisar \u201csomente\u201d os \u00faltimos editais da RFB, a saber:<\/span><\/p>\n<p style=\"text-align: justify;\"><span style=\"color: #ff0000;\"><strong>Edital Receita Federal &#8211; Auditor-Fiscal: 2010, 2012 e 2014, e;<\/strong><\/span><\/p>\n<p style=\"text-align: justify;\"><span style=\"color: #ff0000;\"><strong>Edital Receita Federal -Analista-Tribut\u00e1rio: 2010 e 2012.<\/strong><\/span><\/p>\n<p style=\"text-align: justify;\"><span style=\"color: #000000;\">Sendo assim, vamos l\u00e1! =)<\/span><\/p>\n<p style=\"text-align: justify;\"><span style=\"color: #0000ff;\"><strong>3.1. Auditor-Fiscal.<\/strong><\/span><\/p>\n<p style=\"text-align: justify;\"><span style=\"color: #000000;\">De forma sistem\u00e1tica, essa foi a distribui\u00e7\u00e3o da nota final por disciplina nos \u00faltimos certames:<\/span><\/p>\n<p style=\"text-align: justify;\"><a href=\"https:\/\/dhg1h5j42swfq.cloudfront.net\/2016\/05\/30144240\/001.-AF-2010.png\" rel=\"attachment wp-att-40137\"><img loading=\"lazy\" decoding=\"async\" class=\"aligncenter wp-image-40137 size-full\" src=\"https:\/\/dhg1h5j42swfq.cloudfront.net\/2016\/05\/30144240\/001.-AF-2010.png\" alt=\"edital receita federal\" width=\"662\" height=\"341\" srcset=\"https:\/\/dhg1h5j42swfq.cloudfront.net\/2016\/05\/30144240\/001.-AF-2010.png 662w, https:\/\/dhg1h5j42swfq.cloudfront.net\/2016\/05\/30144240\/001.-AF-2010.png 300w, https:\/\/dhg1h5j42swfq.cloudfront.net\/2016\/05\/30144240\/001.-AF-2010.png 500w\" sizes=\"auto, (max-width: 662px) 100vw, 662px\" \/><\/a><\/p>\n<p style=\"text-align: justify;\"><a href=\"https:\/\/dhg1h5j42swfq.cloudfront.net\/2016\/05\/30144241\/002.-AF-2012.png\" rel=\"attachment wp-att-40138\"><img loading=\"lazy\" decoding=\"async\" class=\"aligncenter wp-image-40138 size-full\" src=\"https:\/\/dhg1h5j42swfq.cloudfront.net\/2016\/05\/30144241\/002.-AF-2012.png\" alt=\"edital receita federal\" width=\"662\" height=\"381\" srcset=\"https:\/\/dhg1h5j42swfq.cloudfront.net\/2016\/05\/30144241\/002.-AF-2012.png 662w, https:\/\/dhg1h5j42swfq.cloudfront.net\/2016\/05\/30144241\/002.-AF-2012.png 300w, https:\/\/dhg1h5j42swfq.cloudfront.net\/2016\/05\/30144241\/002.-AF-2012.png 500w\" sizes=\"auto, (max-width: 662px) 100vw, 662px\" \/><\/a><\/p>\n<p style=\"text-align: justify;\"><a href=\"https:\/\/dhg1h5j42swfq.cloudfront.net\/2016\/05\/30144243\/003.-AF-2014.png\" rel=\"attachment wp-att-40139\"><img loading=\"lazy\" decoding=\"async\" class=\"aligncenter wp-image-40139 size-full\" src=\"https:\/\/dhg1h5j42swfq.cloudfront.net\/2016\/05\/30144243\/003.-AF-2014.png\" alt=\"edital receita federal\" width=\"662\" height=\"361\" srcset=\"https:\/\/dhg1h5j42swfq.cloudfront.net\/2016\/05\/30144243\/003.-AF-2014.png 662w, https:\/\/dhg1h5j42swfq.cloudfront.net\/2016\/05\/30144243\/003.-AF-2014.png 300w, https:\/\/dhg1h5j42swfq.cloudfront.net\/2016\/05\/30144243\/003.-AF-2014.png 500w\" sizes=\"auto, (max-width: 662px) 100vw, 662px\" \/><\/a><\/p>\n<p style=\"text-align: justify;\"><span style=\"color: #000000;\">N\u00e3o obstante, essa \u00e9 a distribui\u00e7\u00e3o de nota por disciplina consolidada (com as devidas adapta\u00e7\u00f5es):<\/span><\/p>\n<p style=\"text-align: justify;\"><a href=\"https:\/\/dhg1h5j42swfq.cloudfront.net\/2016\/05\/30144244\/004.-AF-CONSOLIDADO.png\" rel=\"attachment wp-att-40140\"><img loading=\"lazy\" decoding=\"async\" class=\"aligncenter wp-image-40140 size-full\" src=\"https:\/\/dhg1h5j42swfq.cloudfront.net\/2016\/05\/30144244\/004.-AF-CONSOLIDADO.png\" alt=\"edital receita federal\" width=\"399\" height=\"301\" srcset=\"https:\/\/dhg1h5j42swfq.cloudfront.net\/2016\/05\/30144244\/004.-AF-CONSOLIDADO.png 399w, https:\/\/dhg1h5j42swfq.cloudfront.net\/2016\/05\/30144244\/004.-AF-CONSOLIDADO.png 300w, https:\/\/dhg1h5j42swfq.cloudfront.net\/2016\/05\/30144244\/004.-AF-CONSOLIDADO.png 398w\" sizes=\"auto, (max-width: 399px) 100vw, 399px\" \/><\/a><\/p>\n<p style=\"text-align: justify;\"><span style=\"color: #000000;\">Do supracitado, fica claro que as cinco primeiras disciplinas comp\u00f5em o n\u00facleo essencial do concurso de AFRFB, ou seja, elas correspondem, em m\u00e9dia, a mais de 60% da nota final. Muita dedica\u00e7\u00e3o nessas disciplinas! =)<\/span><\/p>\n<p style=\"text-align: justify;\"><span style=\"color: #0000ff;\"><strong>3.2. Analista-Tribut\u00e1rio.<\/strong><\/span><\/p>\n<p style=\"text-align: justify;\"><span style=\"color: #000000;\">De forma sistem\u00e1tica, essa foi a distribui\u00e7\u00e3o da nota final por disciplina nos \u00faltimos certames:<\/span><\/p>\n<p style=\"text-align: justify;\"><a href=\"https:\/\/dhg1h5j42swfq.cloudfront.net\/2016\/05\/30144246\/005.-AT-2010.png\" rel=\"attachment wp-att-40141\"><img loading=\"lazy\" decoding=\"async\" class=\"aligncenter wp-image-40141 size-full\" src=\"https:\/\/dhg1h5j42swfq.cloudfront.net\/2016\/05\/30144246\/005.-AT-2010.png\" alt=\"edital receita federal\" width=\"662\" height=\"301\" srcset=\"https:\/\/dhg1h5j42swfq.cloudfront.net\/2016\/05\/30144246\/005.-AT-2010.png 662w, https:\/\/dhg1h5j42swfq.cloudfront.net\/2016\/05\/30144246\/005.-AT-2010.png 300w, https:\/\/dhg1h5j42swfq.cloudfront.net\/2016\/05\/30144246\/005.-AT-2010.png 500w\" sizes=\"auto, (max-width: 662px) 100vw, 662px\" \/><\/a><\/p>\n<p style=\"text-align: justify;\"><a href=\"https:\/\/dhg1h5j42swfq.cloudfront.net\/2016\/05\/30144248\/006.-AT-2012.png\" rel=\"attachment wp-att-40142\"><img loading=\"lazy\" decoding=\"async\" class=\"aligncenter wp-image-40142 size-full\" src=\"https:\/\/dhg1h5j42swfq.cloudfront.net\/2016\/05\/30144248\/006.-AT-2012.png\" alt=\"edital receita federal\" width=\"662\" height=\"281\" srcset=\"https:\/\/dhg1h5j42swfq.cloudfront.net\/2016\/05\/30144248\/006.-AT-2012.png 662w, https:\/\/dhg1h5j42swfq.cloudfront.net\/2016\/05\/30144248\/006.-AT-2012.png 300w, https:\/\/dhg1h5j42swfq.cloudfront.net\/2016\/05\/30144248\/006.-AT-2012.png 500w\" sizes=\"auto, (max-width: 662px) 100vw, 662px\" \/><\/a><\/p>\n<p style=\"text-align: justify;\"><span style=\"color: #000000;\">N\u00e3o obstante, essa \u00e9 a distribui\u00e7\u00e3o de nota por disciplina consolidada (com as devidas adapta\u00e7\u00f5es):<\/span><\/p>\n<p style=\"text-align: justify;\"><a href=\"https:\/\/dhg1h5j42swfq.cloudfront.net\/2016\/05\/30144249\/007.-AT-CONSOLIDADO.png\" rel=\"attachment wp-att-40143\"><img loading=\"lazy\" decoding=\"async\" class=\"aligncenter wp-image-40143 size-full\" src=\"https:\/\/dhg1h5j42swfq.cloudfront.net\/2016\/05\/30144249\/007.-AT-CONSOLIDADO.png\" alt=\"edital receita federal\" width=\"401\" height=\"241\" srcset=\"https:\/\/dhg1h5j42swfq.cloudfront.net\/2016\/05\/30144249\/007.-AT-CONSOLIDADO.png 401w, https:\/\/dhg1h5j42swfq.cloudfront.net\/2016\/05\/30144249\/007.-AT-CONSOLIDADO.png 300w\" sizes=\"auto, (max-width: 401px) 100vw, 401px\" \/><\/a><\/p>\n<p style=\"text-align: justify;\"><span style=\"color: #000000;\">Do supracitado, fica claro que as tr\u00eas primeiras disciplinas comp\u00f5em o n\u00facleo essencial do concurso de ATRFB, ou seja, elas correspondem, em m\u00e9dia, a mais de 65% da nota final. Muita dedica\u00e7\u00e3o nessas disciplinas! =)<\/span><\/p>\n<p style=\"text-align: justify;\"><span style=\"color: #0000ff;\"><strong>4. Conclus\u00e3o.<\/strong><\/span><\/p>\n<p style=\"text-align: justify;\"><span style=\"color: #000000;\">Agora que voc\u00ea j\u00e1 conhece a hist\u00f3ria dos editais da RFB e an\u00e1lise dos \u00faltimos certames, cabe somente a voc\u00ea, futuro colega de Receita Federal, iniciar (ou dar continuidade aos) seus estudos de maneira eficiente e focada! =)<\/span><\/p>\n<p class=\"lplh-29\" style=\"text-align: justify;\"><span style=\"color: #000000;\">Voc\u00ea gostaria de ter acesso a uma an\u00e1lise estat\u00edstica\u00a0detalhada de todas as disciplinas para o concurso da Receita Federal do Brasil?\u00a0<\/span><span style=\"color: #000000;\">Nossos professores analisaram todas as provas de 2005 a 2014 e levantaram os temas mais cobrados no concurso da RFB! Acesse abaixo:<\/span><\/p>\n<p><strong><a href=\"https:\/\/www.estrategiaconcursos.com.br\/raio-x-receita-federal-do-brasil\/\" target=\"_blank\" rel=\"noopener\">RAIO-X DA RECEITA<\/a><\/strong><\/p>\n<p style=\"text-align: justify;\"><span style=\"color: #000000;\">Como prometido, segue o link sobre as mudan\u00e7as na carreira:<\/span><\/p>\n<p><span style=\"color: #008000;\"><strong><a style=\"color: #008000;\" href=\"http:\/\/www.estrategiaconcursos.com.br\/blog\/receita-federal-uma-nova-e-atraente-carreira-em-2017\/\" target=\"_blank\" rel=\"noopener\">Receita Federal &#8211; uma nova (e atraente) carreira em 2017. =)<\/a><\/strong><\/span><\/p>\n<p>Aproveito e apresento, para quem ainda n\u00e3o leu tamb\u00e9m, o artigo sobre a carreira na Receita Federal do Brasil (RFB):<\/p>\n<p><span style=\"color: #008000;\"><strong><a style=\"color: #008000;\" href=\"http:\/\/www.estrategiaconcursos.com.br\/blog\/conheca-minha-carreira-auditor-fiscal-da-receita-federal\/\" target=\"_blank\" rel=\"noopener\">Auditor-Fiscal da Receita Federal: conhe\u00e7a minha carreira!<\/a><\/strong><\/span><\/p>\n<p style=\"text-align: justify;\"><span style=\"color: #000000;\">Bons Estudos! Fique com Deus!<\/span><\/p>\n<p style=\"text-align: justify;\"><span style=\"color: #000000;\">Grande Abra\u00e7o!<\/span><\/p>\n<p style=\"text-align: justify;\"><span style=\"color: #000000;\"><strong>Ali Mohamad Jaha<\/strong><\/span><br \/>\n<span style=\"color: #000000;\">Professor de Direito Previdenci\u00e1rio<\/span><br \/>\n<span style=\"color: #000000;\">Auditor-Fiscal da Receita Federal do Brasil<\/span><\/p>\n<p style=\"text-align: justify;\"><em><strong><span style=\"color: #ff6600;\">PS: Inscreva-se em nosso canal do Youtube e aproveite o projeto 200 Dicas para a Receita Federal!<\/span><\/strong><\/em><\/p>\n<p><strong><em><span style=\"color: #ff6600;\">PS2: Confira nossos Pacotes para a Receita Federal!<\/span><\/em><\/strong><\/p>\n<p>Auditor-Fiscal: <a href=\"https:\/\/www.estrategiaconcursos.com.br\/cursosPorConcurso\/receita-federal-auditor-fiscal-7\/\" target=\"_blank\" rel=\"noopener\">CLIQUE AQUI<\/a><\/p>\n<p>Analista-Tribut\u00e1rio: <a href=\"https:\/\/www.estrategiaconcursos.com.br\/cursosPorConcurso\/receita-federal-analista-tributario-253\/\" target=\"_blank\" rel=\"noopener\">CLIQUE AQUI<\/a><\/p>\n","protected":false},"excerpt":{"rendered":"<p>Edital Receita Federal: hist\u00f3rico e an\u00e1lise dos \u00faltimos editais 1. Introdu\u00e7\u00e3o. Prezado(a) aluno(a) da \u00e1rea fiscal federal. Nos \u00faltimos dias tivemos a confirma\u00e7\u00e3o de que a Receita Federal do Brasil (RFB) solicitou, junto ao Minist\u00e9rio do Planejamento, Desenvolvimento e Gest\u00e3o (MPDG), a autoriza\u00e7\u00e3o de novos concursos para os cargos de Auditor-Fiscal da Receita Federal do [&hellip;]<\/p>\n","protected":false},"author":45,"featured_media":0,"comment_status":"open","ping_status":"open","sticky":false,"template":"","format":"standard","meta":{"post_tipo":"article","footnotes":""},"categories":[1],"tags":[483,1236,1800,484],"tax_estado":[],"class_list":["post-40144","post","type-post","status-publish","format-standard","hentry","category-cursos-e-concursos","tag-afrfb","tag-atrfb","tag-edital-receita-federal","tag-receita-federal"],"acf":[],"yoast_head":"<!-- This site is optimized with the Yoast SEO Premium plugin v27.2 (Yoast SEO v27.2) - https:\/\/yoast.com\/product\/yoast-seo-premium-wordpress\/ -->\n<title>Edital Receita Federal: mais de 2000 vagas solicitadas! VEJA aqui!<\/title>\n<meta name=\"description\" content=\"Edital Receita Federal: hist\u00f3rico e an\u00e1lise dos \u00faltimos editais, desde 2010, e previs\u00f5es para o edital da Receita Federal em 2018!\" \/>\n<meta name=\"robots\" content=\"index, follow, max-snippet:-1, max-image-preview:large, max-video-preview:-1\" \/>\n<link rel=\"canonical\" href=\"https:\/\/www.estrategiaconcursos.com.br\/blog\/edital-receita-federal\/\" \/>\n<meta property=\"og:locale\" content=\"pt_BR\" \/>\n<meta property=\"og:type\" content=\"article\" \/>\n<meta property=\"og:title\" content=\"Edital Receita Federal: mais de 2.000 vagas solicitadas! Veja um hist\u00f3rico e an\u00e1lise dos \u00faltimos editais\" \/>\n<meta property=\"og:description\" content=\"Edital Receita Federal: hist\u00f3rico e an\u00e1lise dos \u00faltimos editais, desde 2010, e previs\u00f5es para o edital da Receita Federal em 2018!\" \/>\n<meta property=\"og:url\" content=\"https:\/\/www.estrategiaconcursos.com.br\/blog\/edital-receita-federal\/\" \/>\n<meta property=\"og:site_name\" content=\"Estrat\u00e9gia Concursos\" \/>\n<meta property=\"article:author\" content=\"http:\/\/www.facebook.com\/amjaha\" \/>\n<meta property=\"article:published_time\" content=\"2017-06-19T14:05:47+00:00\" \/>\n<meta property=\"article:modified_time\" content=\"2022-09-12T18:32:15+00:00\" \/>\n<meta property=\"og:image\" content=\"https:\/\/www.estrategiaconcursos.com.br\/blog\/wp-content\/uploads\/2016\/05\/edital-receita-federal.jpg\" \/>\n<meta name=\"author\" content=\"Ali Mohamad Jaha\" \/>\n<meta name=\"twitter:card\" content=\"summary_large_image\" \/>\n<meta name=\"twitter:creator\" content=\"@EstratConcursos\" \/>\n<meta name=\"twitter:site\" content=\"@EstratConcursos\" \/>\n<meta name=\"twitter:label1\" content=\"Escrito por\" \/>\n\t<meta name=\"twitter:data1\" content=\"Ali Mohamad Jaha\" \/>\n\t<meta name=\"twitter:label2\" content=\"Est. tempo de leitura\" \/>\n\t<meta name=\"twitter:data2\" content=\"7 minutos\" \/>\n<script type=\"application\/ld+json\" class=\"yoast-schema-graph\">{\"@context\":\"https:\/\/schema.org\",\"@graph\":[{\"@type\":\"NewsArticle\",\"@id\":\"https:\/\/www.estrategiaconcursos.com.br\/blog\/edital-receita-federal\/#article\",\"isPartOf\":{\"@id\":\"https:\/\/www.estrategiaconcursos.com.br\/blog\/edital-receita-federal\/\"},\"author\":{\"name\":\"Ali Mohamad Jaha\",\"@id\":\"https:\/\/www.estrategiaconcursos.com.br\/blog\/#\/schema\/person\/5caef5684d9fe56108eff29afc128dca\"},\"headline\":\"Edital Receita Federal: mais de 2.000 vagas solicitadas! Veja um hist\u00f3rico e an\u00e1lise dos \u00faltimos editais\",\"datePublished\":\"2017-06-19T14:05:47+00:00\",\"dateModified\":\"2022-09-12T18:32:15+00:00\",\"mainEntityOfPage\":{\"@id\":\"https:\/\/www.estrategiaconcursos.com.br\/blog\/edital-receita-federal\/\"},\"wordCount\":1480,\"commentCount\":3,\"publisher\":{\"@id\":\"https:\/\/www.estrategiaconcursos.com.br\/blog\/#organization\"},\"image\":{\"@id\":\"https:\/\/www.estrategiaconcursos.com.br\/blog\/edital-receita-federal\/#primaryimage\"},\"thumbnailUrl\":\"https:\/\/www.estrategiaconcursos.com.br\/blog\/wp-content\/uploads\/2016\/05\/edital-receita-federal.jpg\",\"keywords\":[\"AFRFB\",\"ATRFB\",\"edital receita federal\",\"Receita Federal\"],\"articleSection\":[\"Concursos P\u00fablicos\"],\"inLanguage\":\"pt-BR\",\"potentialAction\":[{\"@type\":\"CommentAction\",\"name\":\"Comment\",\"target\":[\"https:\/\/www.estrategiaconcursos.com.br\/blog\/edital-receita-federal\/#respond\"]}],\"copyrightYear\":\"2017\",\"copyrightHolder\":{\"@id\":\"https:\/\/www.estrategiaconcursos.com.br\/blog\/#organization\"}},{\"@type\":\"WebPage\",\"@id\":\"https:\/\/www.estrategiaconcursos.com.br\/blog\/edital-receita-federal\/\",\"url\":\"https:\/\/www.estrategiaconcursos.com.br\/blog\/edital-receita-federal\/\",\"name\":\"Edital Receita Federal: mais de 2000 vagas solicitadas! VEJA aqui!\",\"isPartOf\":{\"@id\":\"https:\/\/www.estrategiaconcursos.com.br\/blog\/#website\"},\"primaryImageOfPage\":{\"@id\":\"https:\/\/www.estrategiaconcursos.com.br\/blog\/edital-receita-federal\/#primaryimage\"},\"image\":{\"@id\":\"https:\/\/www.estrategiaconcursos.com.br\/blog\/edital-receita-federal\/#primaryimage\"},\"thumbnailUrl\":\"https:\/\/www.estrategiaconcursos.com.br\/blog\/wp-content\/uploads\/2016\/05\/edital-receita-federal.jpg\",\"datePublished\":\"2017-06-19T14:05:47+00:00\",\"dateModified\":\"2022-09-12T18:32:15+00:00\",\"description\":\"Edital Receita Federal: hist\u00f3rico e an\u00e1lise dos \u00faltimos editais, desde 2010, e previs\u00f5es para o edital da Receita Federal em 2018!\",\"breadcrumb\":{\"@id\":\"https:\/\/www.estrategiaconcursos.com.br\/blog\/edital-receita-federal\/#breadcrumb\"},\"inLanguage\":\"pt-BR\",\"potentialAction\":[{\"@type\":\"ReadAction\",\"target\":[\"https:\/\/www.estrategiaconcursos.com.br\/blog\/edital-receita-federal\/\"]}]},{\"@type\":\"ImageObject\",\"inLanguage\":\"pt-BR\",\"@id\":\"https:\/\/www.estrategiaconcursos.com.br\/blog\/edital-receita-federal\/#primaryimage\",\"url\":\"https:\/\/dhg1h5j42swfq.cloudfront.net\/2016\/05\/30152423\/edital-receita-federal.jpg\",\"contentUrl\":\"https:\/\/dhg1h5j42swfq.cloudfront.net\/2016\/05\/30152423\/edital-receita-federal.jpg\",\"width\":670,\"height\":498},{\"@type\":\"BreadcrumbList\",\"@id\":\"https:\/\/www.estrategiaconcursos.com.br\/blog\/edital-receita-federal\/#breadcrumb\",\"itemListElement\":[{\"@type\":\"ListItem\",\"position\":1,\"name\":\"In\u00edcio\",\"item\":\"https:\/\/www.estrategiaconcursos.com.br\/blog\/\"},{\"@type\":\"ListItem\",\"position\":2,\"name\":\"Edital Receita Federal: mais de 2.000 vagas solicitadas! Veja um hist\u00f3rico e an\u00e1lise dos \u00faltimos editais\"}]},{\"@type\":\"WebSite\",\"@id\":\"https:\/\/www.estrategiaconcursos.com.br\/blog\/#website\",\"url\":\"https:\/\/www.estrategiaconcursos.com.br\/blog\/\",\"name\":\"Estrat\u00e9gia Concursos\",\"description\":\"O blog da Estrat\u00e9gia Concursos traz not\u00edcias sobre concursos e artigos de professores oferecendo cursos para concursos (pdf + videaulas) no site.\",\"publisher\":{\"@id\":\"https:\/\/www.estrategiaconcursos.com.br\/blog\/#organization\"},\"potentialAction\":[{\"@type\":\"SearchAction\",\"target\":{\"@type\":\"EntryPoint\",\"urlTemplate\":\"https:\/\/www.estrategiaconcursos.com.br\/blog\/?s={search_term_string}\"},\"query-input\":{\"@type\":\"PropertyValueSpecification\",\"valueRequired\":true,\"valueName\":\"search_term_string\"}}],\"inLanguage\":\"pt-BR\"},{\"@type\":\"Organization\",\"@id\":\"https:\/\/www.estrategiaconcursos.com.br\/blog\/#organization\",\"name\":\"Estrat\u00e9gia Concursos\",\"url\":\"https:\/\/www.estrategiaconcursos.com.br\/blog\/\",\"logo\":{\"@type\":\"ImageObject\",\"inLanguage\":\"pt-BR\",\"@id\":\"https:\/\/www.estrategiaconcursos.com.br\/blog\/#\/schema\/logo\/image\/\",\"url\":\"https:\/\/dhg1h5j42swfq.cloudfront.net\/2025\/06\/03203428\/logo_concursos-1.jpg\",\"contentUrl\":\"https:\/\/dhg1h5j42swfq.cloudfront.net\/2025\/06\/03203428\/logo_concursos-1.jpg\",\"width\":230,\"height\":60,\"caption\":\"Estrat\u00e9gia Concursos\"},\"image\":{\"@id\":\"https:\/\/www.estrategiaconcursos.com.br\/blog\/#\/schema\/logo\/image\/\"},\"sameAs\":[\"https:\/\/x.com\/EstratConcursos\"]},{\"@type\":\"Person\",\"@id\":\"https:\/\/www.estrategiaconcursos.com.br\/blog\/#\/schema\/person\/5caef5684d9fe56108eff29afc128dca\",\"name\":\"Ali Mohamad Jaha\",\"image\":{\"@type\":\"ImageObject\",\"inLanguage\":\"pt-BR\",\"@id\":\"https:\/\/secure.gravatar.com\/avatar\/d2d32b2c5ba0b3d1fcbc7c351539c7f9052f5e52461adc4d346787a9c2579056?s=96&d=mm&r=g\",\"url\":\"https:\/\/secure.gravatar.com\/avatar\/d2d32b2c5ba0b3d1fcbc7c351539c7f9052f5e52461adc4d346787a9c2579056?s=96&d=mm&r=g\",\"contentUrl\":\"https:\/\/secure.gravatar.com\/avatar\/d2d32b2c5ba0b3d1fcbc7c351539c7f9052f5e52461adc4d346787a9c2579056?s=96&d=mm&r=g\",\"caption\":\"Ali Mohamad Jaha\"},\"description\":\"Professor de Direito Previdenci\u00e1rio, Legisla\u00e7\u00e3o Previdenci\u00e1ria, Legisla\u00e7\u00e3o da Sa\u00fade, Legisla\u00e7\u00e3o Espec\u00edfica e Discursivas. Auditor-Fiscal da Receita Federal do Brasil \u2013 DRF-Cascavel\/PR. Especialista em Administra\u00e7\u00e3o Tribut\u00e1ria pela Universidade Castelo Branco\/RJ. Especialista em Gest\u00e3o de Pol\u00edticas P\u00fablicas pela Universidade do Iva\u00ed\/PR. Bacharel em Engenharia Civil pela Universidade Estadual de Maring\u00e1\/PR.\",\"sameAs\":[\"http:\/\/www.facebook.com\/amjaha\"],\"url\":\"https:\/\/www.estrategiaconcursos.com.br\/blog\/author\/alijahaestrategiaconcursos-com-br\/\"}]}<\/script>\n<!-- \/ Yoast SEO Premium plugin. -->","yoast_head_json":{"title":"Edital Receita Federal: mais de 2000 vagas solicitadas! VEJA aqui!","description":"Edital Receita Federal: hist\u00f3rico e an\u00e1lise dos \u00faltimos editais, desde 2010, e previs\u00f5es para o edital da Receita Federal em 2018!","robots":{"index":"index","follow":"follow","max-snippet":"max-snippet:-1","max-image-preview":"max-image-preview:large","max-video-preview":"max-video-preview:-1"},"canonical":"https:\/\/www.estrategiaconcursos.com.br\/blog\/edital-receita-federal\/","og_locale":"pt_BR","og_type":"article","og_title":"Edital Receita Federal: mais de 2.000 vagas solicitadas! Veja um hist\u00f3rico e an\u00e1lise dos \u00faltimos editais","og_description":"Edital Receita Federal: hist\u00f3rico e an\u00e1lise dos \u00faltimos editais, desde 2010, e previs\u00f5es para o edital da Receita Federal em 2018!","og_url":"https:\/\/www.estrategiaconcursos.com.br\/blog\/edital-receita-federal\/","og_site_name":"Estrat\u00e9gia Concursos","article_author":"http:\/\/www.facebook.com\/amjaha","article_published_time":"2017-06-19T14:05:47+00:00","article_modified_time":"2022-09-12T18:32:15+00:00","og_image":[{"url":"https:\/\/www.estrategiaconcursos.com.br\/blog\/wp-content\/uploads\/2016\/05\/edital-receita-federal.jpg","type":"","width":"","height":""}],"author":"Ali Mohamad Jaha","twitter_card":"summary_large_image","twitter_creator":"@EstratConcursos","twitter_site":"@EstratConcursos","twitter_misc":{"Escrito por":"Ali Mohamad Jaha","Est. tempo de leitura":"7 minutos"},"schema":{"@context":"https:\/\/schema.org","@graph":[{"@type":"NewsArticle","@id":"https:\/\/www.estrategiaconcursos.com.br\/blog\/edital-receita-federal\/#article","isPartOf":{"@id":"https:\/\/www.estrategiaconcursos.com.br\/blog\/edital-receita-federal\/"},"author":{"name":"Ali Mohamad Jaha","@id":"https:\/\/www.estrategiaconcursos.com.br\/blog\/#\/schema\/person\/5caef5684d9fe56108eff29afc128dca"},"headline":"Edital Receita Federal: mais de 2.000 vagas solicitadas! Veja um hist\u00f3rico e an\u00e1lise dos \u00faltimos editais","datePublished":"2017-06-19T14:05:47+00:00","dateModified":"2022-09-12T18:32:15+00:00","mainEntityOfPage":{"@id":"https:\/\/www.estrategiaconcursos.com.br\/blog\/edital-receita-federal\/"},"wordCount":1480,"commentCount":3,"publisher":{"@id":"https:\/\/www.estrategiaconcursos.com.br\/blog\/#organization"},"image":{"@id":"https:\/\/www.estrategiaconcursos.com.br\/blog\/edital-receita-federal\/#primaryimage"},"thumbnailUrl":"https:\/\/www.estrategiaconcursos.com.br\/blog\/wp-content\/uploads\/2016\/05\/edital-receita-federal.jpg","keywords":["AFRFB","ATRFB","edital receita federal","Receita Federal"],"articleSection":["Concursos P\u00fablicos"],"inLanguage":"pt-BR","potentialAction":[{"@type":"CommentAction","name":"Comment","target":["https:\/\/www.estrategiaconcursos.com.br\/blog\/edital-receita-federal\/#respond"]}],"copyrightYear":"2017","copyrightHolder":{"@id":"https:\/\/www.estrategiaconcursos.com.br\/blog\/#organization"}},{"@type":"WebPage","@id":"https:\/\/www.estrategiaconcursos.com.br\/blog\/edital-receita-federal\/","url":"https:\/\/www.estrategiaconcursos.com.br\/blog\/edital-receita-federal\/","name":"Edital Receita Federal: mais de 2000 vagas solicitadas! VEJA aqui!","isPartOf":{"@id":"https:\/\/www.estrategiaconcursos.com.br\/blog\/#website"},"primaryImageOfPage":{"@id":"https:\/\/www.estrategiaconcursos.com.br\/blog\/edital-receita-federal\/#primaryimage"},"image":{"@id":"https:\/\/www.estrategiaconcursos.com.br\/blog\/edital-receita-federal\/#primaryimage"},"thumbnailUrl":"https:\/\/www.estrategiaconcursos.com.br\/blog\/wp-content\/uploads\/2016\/05\/edital-receita-federal.jpg","datePublished":"2017-06-19T14:05:47+00:00","dateModified":"2022-09-12T18:32:15+00:00","description":"Edital Receita Federal: hist\u00f3rico e an\u00e1lise dos \u00faltimos editais, desde 2010, e previs\u00f5es para o edital da Receita Federal em 2018!","breadcrumb":{"@id":"https:\/\/www.estrategiaconcursos.com.br\/blog\/edital-receita-federal\/#breadcrumb"},"inLanguage":"pt-BR","potentialAction":[{"@type":"ReadAction","target":["https:\/\/www.estrategiaconcursos.com.br\/blog\/edital-receita-federal\/"]}]},{"@type":"ImageObject","inLanguage":"pt-BR","@id":"https:\/\/www.estrategiaconcursos.com.br\/blog\/edital-receita-federal\/#primaryimage","url":"https:\/\/dhg1h5j42swfq.cloudfront.net\/2016\/05\/30152423\/edital-receita-federal.jpg","contentUrl":"https:\/\/dhg1h5j42swfq.cloudfront.net\/2016\/05\/30152423\/edital-receita-federal.jpg","width":670,"height":498},{"@type":"BreadcrumbList","@id":"https:\/\/www.estrategiaconcursos.com.br\/blog\/edital-receita-federal\/#breadcrumb","itemListElement":[{"@type":"ListItem","position":1,"name":"In\u00edcio","item":"https:\/\/www.estrategiaconcursos.com.br\/blog\/"},{"@type":"ListItem","position":2,"name":"Edital Receita Federal: mais de 2.000 vagas solicitadas! Veja um hist\u00f3rico e an\u00e1lise dos \u00faltimos editais"}]},{"@type":"WebSite","@id":"https:\/\/www.estrategiaconcursos.com.br\/blog\/#website","url":"https:\/\/www.estrategiaconcursos.com.br\/blog\/","name":"Estrat\u00e9gia Concursos","description":"O blog da Estrat\u00e9gia Concursos traz not\u00edcias sobre concursos e artigos de professores oferecendo cursos para concursos (pdf + videaulas) no site.","publisher":{"@id":"https:\/\/www.estrategiaconcursos.com.br\/blog\/#organization"},"potentialAction":[{"@type":"SearchAction","target":{"@type":"EntryPoint","urlTemplate":"https:\/\/www.estrategiaconcursos.com.br\/blog\/?s={search_term_string}"},"query-input":{"@type":"PropertyValueSpecification","valueRequired":true,"valueName":"search_term_string"}}],"inLanguage":"pt-BR"},{"@type":"Organization","@id":"https:\/\/www.estrategiaconcursos.com.br\/blog\/#organization","name":"Estrat\u00e9gia Concursos","url":"https:\/\/www.estrategiaconcursos.com.br\/blog\/","logo":{"@type":"ImageObject","inLanguage":"pt-BR","@id":"https:\/\/www.estrategiaconcursos.com.br\/blog\/#\/schema\/logo\/image\/","url":"https:\/\/dhg1h5j42swfq.cloudfront.net\/2025\/06\/03203428\/logo_concursos-1.jpg","contentUrl":"https:\/\/dhg1h5j42swfq.cloudfront.net\/2025\/06\/03203428\/logo_concursos-1.jpg","width":230,"height":60,"caption":"Estrat\u00e9gia Concursos"},"image":{"@id":"https:\/\/www.estrategiaconcursos.com.br\/blog\/#\/schema\/logo\/image\/"},"sameAs":["https:\/\/x.com\/EstratConcursos"]},{"@type":"Person","@id":"https:\/\/www.estrategiaconcursos.com.br\/blog\/#\/schema\/person\/5caef5684d9fe56108eff29afc128dca","name":"Ali Mohamad Jaha","image":{"@type":"ImageObject","inLanguage":"pt-BR","@id":"https:\/\/secure.gravatar.com\/avatar\/d2d32b2c5ba0b3d1fcbc7c351539c7f9052f5e52461adc4d346787a9c2579056?s=96&d=mm&r=g","url":"https:\/\/secure.gravatar.com\/avatar\/d2d32b2c5ba0b3d1fcbc7c351539c7f9052f5e52461adc4d346787a9c2579056?s=96&d=mm&r=g","contentUrl":"https:\/\/secure.gravatar.com\/avatar\/d2d32b2c5ba0b3d1fcbc7c351539c7f9052f5e52461adc4d346787a9c2579056?s=96&d=mm&r=g","caption":"Ali Mohamad Jaha"},"description":"Professor de Direito Previdenci\u00e1rio, Legisla\u00e7\u00e3o Previdenci\u00e1ria, Legisla\u00e7\u00e3o da Sa\u00fade, Legisla\u00e7\u00e3o Espec\u00edfica e Discursivas. Auditor-Fiscal da Receita Federal do Brasil \u2013 DRF-Cascavel\/PR. Especialista em Administra\u00e7\u00e3o Tribut\u00e1ria pela Universidade Castelo Branco\/RJ. Especialista em Gest\u00e3o de Pol\u00edticas P\u00fablicas pela Universidade do Iva\u00ed\/PR. Bacharel em Engenharia Civil pela Universidade Estadual de Maring\u00e1\/PR.","sameAs":["http:\/\/www.facebook.com\/amjaha"],"url":"https:\/\/www.estrategiaconcursos.com.br\/blog\/author\/alijahaestrategiaconcursos-com-br\/"}]}},"_links":{"self":[{"href":"https:\/\/www.estrategiaconcursos.com.br\/blog\/wp-json\/wp\/v2\/posts\/40144","targetHints":{"allow":["GET"]}}],"collection":[{"href":"https:\/\/www.estrategiaconcursos.com.br\/blog\/wp-json\/wp\/v2\/posts"}],"about":[{"href":"https:\/\/www.estrategiaconcursos.com.br\/blog\/wp-json\/wp\/v2\/types\/post"}],"author":[{"embeddable":true,"href":"https:\/\/www.estrategiaconcursos.com.br\/blog\/wp-json\/wp\/v2\/users\/45"}],"replies":[{"embeddable":true,"href":"https:\/\/www.estrategiaconcursos.com.br\/blog\/wp-json\/wp\/v2\/comments?post=40144"}],"version-history":[{"count":18,"href":"https:\/\/www.estrategiaconcursos.com.br\/blog\/wp-json\/wp\/v2\/posts\/40144\/revisions"}],"predecessor-version":[{"id":1093214,"href":"https:\/\/www.estrategiaconcursos.com.br\/blog\/wp-json\/wp\/v2\/posts\/40144\/revisions\/1093214"}],"wp:attachment":[{"href":"https:\/\/www.estrategiaconcursos.com.br\/blog\/wp-json\/wp\/v2\/media?parent=40144"}],"wp:term":[{"taxonomy":"category","embeddable":true,"href":"https:\/\/www.estrategiaconcursos.com.br\/blog\/wp-json\/wp\/v2\/categories?post=40144"},{"taxonomy":"post_tag","embeddable":true,"href":"https:\/\/www.estrategiaconcursos.com.br\/blog\/wp-json\/wp\/v2\/tags?post=40144"},{"taxonomy":"tax_estado","embeddable":true,"href":"https:\/\/www.estrategiaconcursos.com.br\/blog\/wp-json\/wp\/v2\/tax_estado?post=40144"}],"curies":[{"name":"wp","href":"https:\/\/api.w.org\/{rel}","templated":true}]}}