{"id":401312,"date":"2019-07-29T07:10:22","date_gmt":"2019-07-29T10:10:22","guid":{"rendered":"https:\/\/www.estrategiaconcursos.com.br\/blog\/?p=401312"},"modified":"2019-07-29T07:27:39","modified_gmt":"2019-07-29T10:27:39","slug":"concurso-pm-ba-2-mil-vagas-autorizadas","status":"publish","type":"post","link":"https:\/\/www.estrategiaconcursos.com.br\/blog\/concurso-pm-ba-2-mil-vagas-autorizadas\/","title":{"rendered":"Concurso PM BA: 2 mil vagas autorizadas! Saiba como se preparar para o certame"},"content":{"rendered":"\n<p>Agora, a divulga\u00e7\u00e3o do novo edital da <strong>Pol\u00edcia Militar da Bahia<\/strong> est\u00e1 cada vez mais pr\u00f3xima, foi publicado na sexta-feira, 19 de julho, no Di\u00e1rio Oficial da Bahia a autoriza\u00e7\u00e3o do&nbsp;<strong>certame.<\/strong><\/p>\n\n\n\n<p>O governador Rui Costa, j\u00e1 havia confirmado em seu canal no youtube (#Papocorreria) a realiza\u00e7\u00e3o de um novo concurso p\u00fablico para a Pol\u00edcia Militar da Bahia esse ano. Segundo Costa, ser\u00e3o ofertadas&nbsp;<strong>2 mil vagas<\/strong>&nbsp;para o cargo de Soldado.<\/p>\n\n\n\n<p style=\"font-size:25px;text-align:center\" class=\"has-background has-luminous-vivid-amber-background-color\"><strong>Saiba mais:&nbsp;<a href=\"https:\/\/www.estrategiaconcursos.com.br\/blog\/concurso-pm-ba\/\" target=\"_blank\" rel=\"noreferrer noopener\" aria-label=\"Concurso PM BA (abre numa nova aba)\">Concurso<\/a><\/strong><a href=\"https:\/\/www.estrategiaconcursos.com.br\/blog\/concurso-pm-ba\/\" target=\"_blank\" rel=\"noreferrer noopener\" aria-label=\"Concurso PM BA (abre numa nova aba)\"> <\/a><strong><a href=\"https:\/\/www.estrategiaconcursos.com.br\/blog\/concurso-pm-ba\/\" target=\"_blank\" rel=\"noreferrer noopener\" aria-label=\"Concurso PM BA (abre numa nova aba)\">PM BA<\/a><\/strong><\/p>\n\n\n\n<p>Ap\u00f3s a confirma\u00e7\u00e3o do concurso pelo governador da Bahia as expectativas aumentam para a publica\u00e7\u00e3o do edital. Agora, \u00e9 o momento para pegar firme nos estudos para garantir a sua vaga na Pol\u00edcia Militar.<\/p>\n\n\n\n<p>Por isso, preparamos uma aula especial para analisarmos tudo sobre o certame.<\/p>\n\n\n\n<p>Nessa aula tiraremos d\u00favidas a respeito das vagas que ser\u00e3o ofertadas, os cargos, remunera\u00e7\u00e3o, analisaremos o antigo edital e daremos dicas para come\u00e7ar a prepara\u00e7\u00e3o para esse concurso.<\/p>\n\n\n\n<p>A aula sobre o concurso <strong>PM BA<\/strong>&nbsp;ocorre nesta segunda-feira,&nbsp;<strong><em>22 de julho<\/em><\/strong>&nbsp;\u00e0s&nbsp;<strong>18h<\/strong>, o <strong>delegado Paulo Bilynskyj &nbsp;<\/strong>ministrar\u00e1 a aula sobre como estudar para o certame.<\/p>\n\n\n\n<p>Voc\u00ea pode acompanhar ao vivo e<strong>&nbsp;gratuitamente<\/strong>&nbsp;atrav\u00e9s do&nbsp;<em>canal do Estrat\u00e9gia Concursos no Youtube<\/em>. Para participar basta clicar no link abaixo:<\/p>\n\n\n\n<p style=\"font-size:29px;text-align:center\"><strong><a href=\"https:\/\/www.youtube.com\/watch?v=ykGOSD7EVTk\" target=\"_blank\" rel=\"noreferrer noopener\" aria-label=\"Veja gratuitamente aqui! (abre numa nova aba)\">Veja gratuitamente aqui!<\/a><\/strong><\/p>\n\n\n\n<figure class=\"wp-block-image\"><img loading=\"lazy\" decoding=\"async\" width=\"1920\" height=\"480\" src=\"https:\/\/dhg1h5j42swfq.cloudfront.net\/2019\/07\/22093943\/PM-BA.jpg\" alt=\"\" class=\"wp-image-401342\" srcset=\"https:\/\/dhg1h5j42swfq.cloudfront.net\/2019\/07\/22093943\/PM-BA.jpg 1920w, https:\/\/dhg1h5j42swfq.cloudfront.net\/2019\/07\/22093943\/PM-BA.jpg 300w, https:\/\/dhg1h5j42swfq.cloudfront.net\/2019\/07\/22093943\/PM-BA.jpg 768w, https:\/\/dhg1h5j42swfq.cloudfront.net\/2019\/07\/22093943\/PM-BA.jpg 1024w, https:\/\/dhg1h5j42swfq.cloudfront.net\/2019\/07\/22093943\/PM-BA.jpg 610w\" sizes=\"auto, (max-width: 1920px) 100vw, 1920px\" \/><\/figure>\n\n\n\n<p style=\"text-align:center\"><strong><em>Quer estudar para Concurso PM BA?<\/em><\/strong><\/p>\n\n\n\n<p style=\"text-align:center\"><em><strong>Gostou desta oportunidade e deseja come\u00e7ar se preparar agora mesmo? Ent\u00e3o, confira os nossos cursos e comece a estudar para PM BA:<\/strong><\/em><\/p>\n\n\n\n<p style=\"font-size:25px;text-align:center\" class=\"has-background has-vivid-green-cyan-background-color\"><strong><a href=\"https:\/\/www.estrategiaconcursos.com.br\/cursosPorConcurso\/policia-militar-da-bahia-pm-ba\/\" target=\"_blank\" rel=\"noreferrer noopener\">CURSO PM BA<\/a><\/strong><\/p>\n\n\n\n<p style=\"text-align:center\"><em><strong>Assinatura Anual Ilimitada<\/strong><\/em>*<\/p>\n\n\n\n<p style=\"text-align:center\"><em>Prepare-se com o melhor material e com quem mais aprova em&nbsp;Concursos P\u00fablicos de todo o pa\u00eds. Assine agora a nossa Assinatura Anual e tenha acesso ilimitado* a todos os nossos cursos.<\/em><\/p>\n\n\n\n<p style=\"font-size:25px;text-align:center\" class=\"has-background has-pale-cyan-blue-background-color\"><strong>ASSINE AGORA<\/strong>&nbsp;\u2013&nbsp;<a rel=\"noreferrer noopener\" href=\"https:\/\/www.estrategiaconcursos.com.br\/assinaturas\" target=\"_blank\"><strong>Assinatura Ilimitada\ufeff<\/strong><\/a><\/p>\n","protected":false},"excerpt":{"rendered":"<p>Agora, a divulga\u00e7\u00e3o do novo edital da Pol\u00edcia Militar da Bahia est\u00e1 cada vez mais pr\u00f3xima, foi publicado na sexta-feira, 19 de julho, no Di\u00e1rio Oficial da Bahia a autoriza\u00e7\u00e3o do&nbsp;certame. O governador Rui Costa, j\u00e1 havia confirmado em seu canal no youtube (#Papocorreria) a realiza\u00e7\u00e3o de um novo concurso p\u00fablico para a Pol\u00edcia Militar [&hellip;]<\/p>\n","protected":false},"author":552,"featured_media":0,"comment_status":"open","ping_status":"closed","sticky":false,"template":"","format":"standard","meta":{"post_tipo":"article","footnotes":""},"categories":[1],"tags":[],"tax_estado":[],"class_list":["post-401312","post","type-post","status-publish","format-standard","hentry","category-cursos-e-concursos"],"acf":[],"yoast_head":"<!-- This site is optimized with the Yoast SEO Premium plugin v27.2 (Yoast SEO v27.2) - https:\/\/yoast.com\/product\/yoast-seo-premium-wordpress\/ -->\n<title>Concurso PM BA: 2 mil vagas autorizadas! Saiba como se preparar para o certame<\/title>\n<meta name=\"robots\" content=\"index, follow, max-snippet:-1, max-image-preview:large, max-video-preview:-1\" \/>\n<link rel=\"canonical\" href=\"https:\/\/www.estrategiaconcursos.com.br\/blog\/concurso-pm-ba-2-mil-vagas-autorizadas\/\" \/>\n<meta property=\"og:locale\" content=\"pt_BR\" \/>\n<meta property=\"og:type\" content=\"article\" \/>\n<meta property=\"og:title\" content=\"Concurso PM BA: 2 mil vagas autorizadas! Saiba como se preparar para o certame\" \/>\n<meta property=\"og:description\" content=\"Agora, a divulga\u00e7\u00e3o do novo edital da Pol\u00edcia Militar da Bahia est\u00e1 cada vez mais pr\u00f3xima, foi publicado na sexta-feira, 19 de julho, no Di\u00e1rio Oficial da Bahia a autoriza\u00e7\u00e3o do&nbsp;certame. O governador Rui Costa, j\u00e1 havia confirmado em seu canal no youtube (#Papocorreria) a realiza\u00e7\u00e3o de um novo concurso p\u00fablico para a Pol\u00edcia Militar [&hellip;]\" \/>\n<meta property=\"og:url\" content=\"https:\/\/www.estrategiaconcursos.com.br\/blog\/concurso-pm-ba-2-mil-vagas-autorizadas\/\" \/>\n<meta property=\"og:site_name\" content=\"Estrat\u00e9gia Concursos\" \/>\n<meta property=\"article:published_time\" content=\"2019-07-29T10:10:22+00:00\" \/>\n<meta property=\"article:modified_time\" content=\"2019-07-29T10:27:39+00:00\" \/>\n<meta property=\"og:image\" content=\"https:\/\/www.estrategiaconcursos.com.br\/blog\/wp-content\/uploads\/2019\/07\/PM-BA-1024x256.jpg\" \/>\n<meta name=\"author\" content=\"Paulo Bilynskyj\" \/>\n<meta name=\"twitter:card\" content=\"summary_large_image\" \/>\n<meta name=\"twitter:creator\" content=\"@EstratConcursos\" \/>\n<meta name=\"twitter:site\" content=\"@EstratConcursos\" \/>\n<meta name=\"twitter:label1\" content=\"Escrito por\" \/>\n\t<meta name=\"twitter:data1\" content=\"Paulo Bilynskyj\" \/>\n\t<meta name=\"twitter:label2\" content=\"Est. tempo de leitura\" \/>\n\t<meta name=\"twitter:data2\" content=\"2 minutos\" \/>\n<script type=\"application\/ld+json\" class=\"yoast-schema-graph\">{\"@context\":\"https:\/\/schema.org\",\"@graph\":[{\"@type\":\"NewsArticle\",\"@id\":\"https:\/\/www.estrategiaconcursos.com.br\/blog\/concurso-pm-ba-2-mil-vagas-autorizadas\/#article\",\"isPartOf\":{\"@id\":\"https:\/\/www.estrategiaconcursos.com.br\/blog\/concurso-pm-ba-2-mil-vagas-autorizadas\/\"},\"author\":{\"name\":\"Paulo Bilynskyj\",\"@id\":\"https:\/\/www.estrategiaconcursos.com.br\/blog\/#\/schema\/person\/a630b15e36f45b4c21fed01219843cb5\"},\"headline\":\"Concurso PM BA: 2 mil vagas autorizadas! Saiba como se preparar para o certame\",\"datePublished\":\"2019-07-29T10:10:22+00:00\",\"dateModified\":\"2019-07-29T10:27:39+00:00\",\"mainEntityOfPage\":{\"@id\":\"https:\/\/www.estrategiaconcursos.com.br\/blog\/concurso-pm-ba-2-mil-vagas-autorizadas\/\"},\"wordCount\":322,\"commentCount\":0,\"publisher\":{\"@id\":\"https:\/\/www.estrategiaconcursos.com.br\/blog\/#organization\"},\"image\":{\"@id\":\"https:\/\/www.estrategiaconcursos.com.br\/blog\/concurso-pm-ba-2-mil-vagas-autorizadas\/#primaryimage\"},\"thumbnailUrl\":\"https:\/\/www.estrategiaconcursos.com.br\/blog\/wp-content\/uploads\/2019\/07\/PM-BA-1024x256.jpg\",\"articleSection\":[\"Concursos P\u00fablicos\"],\"inLanguage\":\"pt-BR\",\"potentialAction\":[{\"@type\":\"CommentAction\",\"name\":\"Comment\",\"target\":[\"https:\/\/www.estrategiaconcursos.com.br\/blog\/concurso-pm-ba-2-mil-vagas-autorizadas\/#respond\"]}],\"copyrightYear\":\"2019\",\"copyrightHolder\":{\"@id\":\"https:\/\/www.estrategiaconcursos.com.br\/blog\/#organization\"}},{\"@type\":\"WebPage\",\"@id\":\"https:\/\/www.estrategiaconcursos.com.br\/blog\/concurso-pm-ba-2-mil-vagas-autorizadas\/\",\"url\":\"https:\/\/www.estrategiaconcursos.com.br\/blog\/concurso-pm-ba-2-mil-vagas-autorizadas\/\",\"name\":\"Concurso PM BA: 2 mil vagas autorizadas! Saiba como se preparar para o certame\",\"isPartOf\":{\"@id\":\"https:\/\/www.estrategiaconcursos.com.br\/blog\/#website\"},\"primaryImageOfPage\":{\"@id\":\"https:\/\/www.estrategiaconcursos.com.br\/blog\/concurso-pm-ba-2-mil-vagas-autorizadas\/#primaryimage\"},\"image\":{\"@id\":\"https:\/\/www.estrategiaconcursos.com.br\/blog\/concurso-pm-ba-2-mil-vagas-autorizadas\/#primaryimage\"},\"thumbnailUrl\":\"https:\/\/www.estrategiaconcursos.com.br\/blog\/wp-content\/uploads\/2019\/07\/PM-BA-1024x256.jpg\",\"datePublished\":\"2019-07-29T10:10:22+00:00\",\"dateModified\":\"2019-07-29T10:27:39+00:00\",\"breadcrumb\":{\"@id\":\"https:\/\/www.estrategiaconcursos.com.br\/blog\/concurso-pm-ba-2-mil-vagas-autorizadas\/#breadcrumb\"},\"inLanguage\":\"pt-BR\",\"potentialAction\":[{\"@type\":\"ReadAction\",\"target\":[\"https:\/\/www.estrategiaconcursos.com.br\/blog\/concurso-pm-ba-2-mil-vagas-autorizadas\/\"]}]},{\"@type\":\"ImageObject\",\"inLanguage\":\"pt-BR\",\"@id\":\"https:\/\/www.estrategiaconcursos.com.br\/blog\/concurso-pm-ba-2-mil-vagas-autorizadas\/#primaryimage\",\"url\":\"https:\/\/dhg1h5j42swfq.cloudfront.net\/2019\/07\/22093943\/PM-BA.jpg\",\"contentUrl\":\"https:\/\/dhg1h5j42swfq.cloudfront.net\/2019\/07\/22093943\/PM-BA.jpg\",\"width\":1920,\"height\":480},{\"@type\":\"BreadcrumbList\",\"@id\":\"https:\/\/www.estrategiaconcursos.com.br\/blog\/concurso-pm-ba-2-mil-vagas-autorizadas\/#breadcrumb\",\"itemListElement\":[{\"@type\":\"ListItem\",\"position\":1,\"name\":\"In\u00edcio\",\"item\":\"https:\/\/www.estrategiaconcursos.com.br\/blog\/\"},{\"@type\":\"ListItem\",\"position\":2,\"name\":\"Concurso PM BA: 2 mil vagas autorizadas! Saiba como se preparar para o certame\"}]},{\"@type\":\"WebSite\",\"@id\":\"https:\/\/www.estrategiaconcursos.com.br\/blog\/#website\",\"url\":\"https:\/\/www.estrategiaconcursos.com.br\/blog\/\",\"name\":\"Estrat\u00e9gia Concursos\",\"description\":\"O blog da Estrat\u00e9gia Concursos traz not\u00edcias sobre concursos e artigos de professores oferecendo cursos para concursos (pdf + videaulas) no site.\",\"publisher\":{\"@id\":\"https:\/\/www.estrategiaconcursos.com.br\/blog\/#organization\"},\"potentialAction\":[{\"@type\":\"SearchAction\",\"target\":{\"@type\":\"EntryPoint\",\"urlTemplate\":\"https:\/\/www.estrategiaconcursos.com.br\/blog\/?s={search_term_string}\"},\"query-input\":{\"@type\":\"PropertyValueSpecification\",\"valueRequired\":true,\"valueName\":\"search_term_string\"}}],\"inLanguage\":\"pt-BR\"},{\"@type\":\"Organization\",\"@id\":\"https:\/\/www.estrategiaconcursos.com.br\/blog\/#organization\",\"name\":\"Estrat\u00e9gia Concursos\",\"url\":\"https:\/\/www.estrategiaconcursos.com.br\/blog\/\",\"logo\":{\"@type\":\"ImageObject\",\"inLanguage\":\"pt-BR\",\"@id\":\"https:\/\/www.estrategiaconcursos.com.br\/blog\/#\/schema\/logo\/image\/\",\"url\":\"https:\/\/dhg1h5j42swfq.cloudfront.net\/2025\/06\/03203428\/logo_concursos-1.jpg\",\"contentUrl\":\"https:\/\/dhg1h5j42swfq.cloudfront.net\/2025\/06\/03203428\/logo_concursos-1.jpg\",\"width\":230,\"height\":60,\"caption\":\"Estrat\u00e9gia Concursos\"},\"image\":{\"@id\":\"https:\/\/www.estrategiaconcursos.com.br\/blog\/#\/schema\/logo\/image\/\"},\"sameAs\":[\"https:\/\/x.com\/EstratConcursos\"]},{\"@type\":\"Person\",\"@id\":\"https:\/\/www.estrategiaconcursos.com.br\/blog\/#\/schema\/person\/a630b15e36f45b4c21fed01219843cb5\",\"name\":\"Paulo Bilynskyj\",\"image\":{\"@type\":\"ImageObject\",\"inLanguage\":\"pt-BR\",\"@id\":\"https:\/\/secure.gravatar.com\/avatar\/37e21f70c9042e7456beffdc6d31fe051f3f6dcbf252f69343a791b144852057?s=96&d=mm&r=g\",\"url\":\"https:\/\/secure.gravatar.com\/avatar\/37e21f70c9042e7456beffdc6d31fe051f3f6dcbf252f69343a791b144852057?s=96&d=mm&r=g\",\"contentUrl\":\"https:\/\/secure.gravatar.com\/avatar\/37e21f70c9042e7456beffdc6d31fe051f3f6dcbf252f69343a791b144852057?s=96&d=mm&r=g\",\"caption\":\"Paulo Bilynskyj\"},\"url\":\"https:\/\/www.estrategiaconcursos.com.br\/blog\/author\/pbilynskyjgmail-com\/\"}]}<\/script>\n<!-- \/ Yoast SEO Premium plugin. -->","yoast_head_json":{"title":"Concurso PM BA: 2 mil vagas autorizadas! Saiba como se preparar para o certame","robots":{"index":"index","follow":"follow","max-snippet":"max-snippet:-1","max-image-preview":"max-image-preview:large","max-video-preview":"max-video-preview:-1"},"canonical":"https:\/\/www.estrategiaconcursos.com.br\/blog\/concurso-pm-ba-2-mil-vagas-autorizadas\/","og_locale":"pt_BR","og_type":"article","og_title":"Concurso PM BA: 2 mil vagas autorizadas! Saiba como se preparar para o certame","og_description":"Agora, a divulga\u00e7\u00e3o do novo edital da Pol\u00edcia Militar da Bahia est\u00e1 cada vez mais pr\u00f3xima, foi publicado na sexta-feira, 19 de julho, no Di\u00e1rio Oficial da Bahia a autoriza\u00e7\u00e3o do&nbsp;certame. O governador Rui Costa, j\u00e1 havia confirmado em seu canal no youtube (#Papocorreria) a realiza\u00e7\u00e3o de um novo concurso p\u00fablico para a Pol\u00edcia Militar [&hellip;]","og_url":"https:\/\/www.estrategiaconcursos.com.br\/blog\/concurso-pm-ba-2-mil-vagas-autorizadas\/","og_site_name":"Estrat\u00e9gia Concursos","article_published_time":"2019-07-29T10:10:22+00:00","article_modified_time":"2019-07-29T10:27:39+00:00","og_image":[{"url":"https:\/\/www.estrategiaconcursos.com.br\/blog\/wp-content\/uploads\/2019\/07\/PM-BA-1024x256.jpg","type":"","width":"","height":""}],"author":"Paulo Bilynskyj","twitter_card":"summary_large_image","twitter_creator":"@EstratConcursos","twitter_site":"@EstratConcursos","twitter_misc":{"Escrito por":"Paulo Bilynskyj","Est. tempo de leitura":"2 minutos"},"schema":{"@context":"https:\/\/schema.org","@graph":[{"@type":"NewsArticle","@id":"https:\/\/www.estrategiaconcursos.com.br\/blog\/concurso-pm-ba-2-mil-vagas-autorizadas\/#article","isPartOf":{"@id":"https:\/\/www.estrategiaconcursos.com.br\/blog\/concurso-pm-ba-2-mil-vagas-autorizadas\/"},"author":{"name":"Paulo Bilynskyj","@id":"https:\/\/www.estrategiaconcursos.com.br\/blog\/#\/schema\/person\/a630b15e36f45b4c21fed01219843cb5"},"headline":"Concurso PM BA: 2 mil vagas autorizadas! Saiba como se preparar para o certame","datePublished":"2019-07-29T10:10:22+00:00","dateModified":"2019-07-29T10:27:39+00:00","mainEntityOfPage":{"@id":"https:\/\/www.estrategiaconcursos.com.br\/blog\/concurso-pm-ba-2-mil-vagas-autorizadas\/"},"wordCount":322,"commentCount":0,"publisher":{"@id":"https:\/\/www.estrategiaconcursos.com.br\/blog\/#organization"},"image":{"@id":"https:\/\/www.estrategiaconcursos.com.br\/blog\/concurso-pm-ba-2-mil-vagas-autorizadas\/#primaryimage"},"thumbnailUrl":"https:\/\/www.estrategiaconcursos.com.br\/blog\/wp-content\/uploads\/2019\/07\/PM-BA-1024x256.jpg","articleSection":["Concursos P\u00fablicos"],"inLanguage":"pt-BR","potentialAction":[{"@type":"CommentAction","name":"Comment","target":["https:\/\/www.estrategiaconcursos.com.br\/blog\/concurso-pm-ba-2-mil-vagas-autorizadas\/#respond"]}],"copyrightYear":"2019","copyrightHolder":{"@id":"https:\/\/www.estrategiaconcursos.com.br\/blog\/#organization"}},{"@type":"WebPage","@id":"https:\/\/www.estrategiaconcursos.com.br\/blog\/concurso-pm-ba-2-mil-vagas-autorizadas\/","url":"https:\/\/www.estrategiaconcursos.com.br\/blog\/concurso-pm-ba-2-mil-vagas-autorizadas\/","name":"Concurso PM BA: 2 mil vagas autorizadas! Saiba como se preparar para o certame","isPartOf":{"@id":"https:\/\/www.estrategiaconcursos.com.br\/blog\/#website"},"primaryImageOfPage":{"@id":"https:\/\/www.estrategiaconcursos.com.br\/blog\/concurso-pm-ba-2-mil-vagas-autorizadas\/#primaryimage"},"image":{"@id":"https:\/\/www.estrategiaconcursos.com.br\/blog\/concurso-pm-ba-2-mil-vagas-autorizadas\/#primaryimage"},"thumbnailUrl":"https:\/\/www.estrategiaconcursos.com.br\/blog\/wp-content\/uploads\/2019\/07\/PM-BA-1024x256.jpg","datePublished":"2019-07-29T10:10:22+00:00","dateModified":"2019-07-29T10:27:39+00:00","breadcrumb":{"@id":"https:\/\/www.estrategiaconcursos.com.br\/blog\/concurso-pm-ba-2-mil-vagas-autorizadas\/#breadcrumb"},"inLanguage":"pt-BR","potentialAction":[{"@type":"ReadAction","target":["https:\/\/www.estrategiaconcursos.com.br\/blog\/concurso-pm-ba-2-mil-vagas-autorizadas\/"]}]},{"@type":"ImageObject","inLanguage":"pt-BR","@id":"https:\/\/www.estrategiaconcursos.com.br\/blog\/concurso-pm-ba-2-mil-vagas-autorizadas\/#primaryimage","url":"https:\/\/dhg1h5j42swfq.cloudfront.net\/2019\/07\/22093943\/PM-BA.jpg","contentUrl":"https:\/\/dhg1h5j42swfq.cloudfront.net\/2019\/07\/22093943\/PM-BA.jpg","width":1920,"height":480},{"@type":"BreadcrumbList","@id":"https:\/\/www.estrategiaconcursos.com.br\/blog\/concurso-pm-ba-2-mil-vagas-autorizadas\/#breadcrumb","itemListElement":[{"@type":"ListItem","position":1,"name":"In\u00edcio","item":"https:\/\/www.estrategiaconcursos.com.br\/blog\/"},{"@type":"ListItem","position":2,"name":"Concurso PM BA: 2 mil vagas autorizadas! Saiba como se preparar para o certame"}]},{"@type":"WebSite","@id":"https:\/\/www.estrategiaconcursos.com.br\/blog\/#website","url":"https:\/\/www.estrategiaconcursos.com.br\/blog\/","name":"Estrat\u00e9gia Concursos","description":"O blog da Estrat\u00e9gia Concursos traz not\u00edcias sobre concursos e artigos de professores oferecendo cursos para concursos (pdf + videaulas) no site.","publisher":{"@id":"https:\/\/www.estrategiaconcursos.com.br\/blog\/#organization"},"potentialAction":[{"@type":"SearchAction","target":{"@type":"EntryPoint","urlTemplate":"https:\/\/www.estrategiaconcursos.com.br\/blog\/?s={search_term_string}"},"query-input":{"@type":"PropertyValueSpecification","valueRequired":true,"valueName":"search_term_string"}}],"inLanguage":"pt-BR"},{"@type":"Organization","@id":"https:\/\/www.estrategiaconcursos.com.br\/blog\/#organization","name":"Estrat\u00e9gia Concursos","url":"https:\/\/www.estrategiaconcursos.com.br\/blog\/","logo":{"@type":"ImageObject","inLanguage":"pt-BR","@id":"https:\/\/www.estrategiaconcursos.com.br\/blog\/#\/schema\/logo\/image\/","url":"https:\/\/dhg1h5j42swfq.cloudfront.net\/2025\/06\/03203428\/logo_concursos-1.jpg","contentUrl":"https:\/\/dhg1h5j42swfq.cloudfront.net\/2025\/06\/03203428\/logo_concursos-1.jpg","width":230,"height":60,"caption":"Estrat\u00e9gia Concursos"},"image":{"@id":"https:\/\/www.estrategiaconcursos.com.br\/blog\/#\/schema\/logo\/image\/"},"sameAs":["https:\/\/x.com\/EstratConcursos"]},{"@type":"Person","@id":"https:\/\/www.estrategiaconcursos.com.br\/blog\/#\/schema\/person\/a630b15e36f45b4c21fed01219843cb5","name":"Paulo Bilynskyj","image":{"@type":"ImageObject","inLanguage":"pt-BR","@id":"https:\/\/secure.gravatar.com\/avatar\/37e21f70c9042e7456beffdc6d31fe051f3f6dcbf252f69343a791b144852057?s=96&d=mm&r=g","url":"https:\/\/secure.gravatar.com\/avatar\/37e21f70c9042e7456beffdc6d31fe051f3f6dcbf252f69343a791b144852057?s=96&d=mm&r=g","contentUrl":"https:\/\/secure.gravatar.com\/avatar\/37e21f70c9042e7456beffdc6d31fe051f3f6dcbf252f69343a791b144852057?s=96&d=mm&r=g","caption":"Paulo Bilynskyj"},"url":"https:\/\/www.estrategiaconcursos.com.br\/blog\/author\/pbilynskyjgmail-com\/"}]}},"_links":{"self":[{"href":"https:\/\/www.estrategiaconcursos.com.br\/blog\/wp-json\/wp\/v2\/posts\/401312","targetHints":{"allow":["GET"]}}],"collection":[{"href":"https:\/\/www.estrategiaconcursos.com.br\/blog\/wp-json\/wp\/v2\/posts"}],"about":[{"href":"https:\/\/www.estrategiaconcursos.com.br\/blog\/wp-json\/wp\/v2\/types\/post"}],"author":[{"embeddable":true,"href":"https:\/\/www.estrategiaconcursos.com.br\/blog\/wp-json\/wp\/v2\/users\/552"}],"replies":[{"embeddable":true,"href":"https:\/\/www.estrategiaconcursos.com.br\/blog\/wp-json\/wp\/v2\/comments?post=401312"}],"version-history":[{"count":8,"href":"https:\/\/www.estrategiaconcursos.com.br\/blog\/wp-json\/wp\/v2\/posts\/401312\/revisions"}],"predecessor-version":[{"id":403399,"href":"https:\/\/www.estrategiaconcursos.com.br\/blog\/wp-json\/wp\/v2\/posts\/401312\/revisions\/403399"}],"wp:attachment":[{"href":"https:\/\/www.estrategiaconcursos.com.br\/blog\/wp-json\/wp\/v2\/media?parent=401312"}],"wp:term":[{"taxonomy":"category","embeddable":true,"href":"https:\/\/www.estrategiaconcursos.com.br\/blog\/wp-json\/wp\/v2\/categories?post=401312"},{"taxonomy":"post_tag","embeddable":true,"href":"https:\/\/www.estrategiaconcursos.com.br\/blog\/wp-json\/wp\/v2\/tags?post=401312"},{"taxonomy":"tax_estado","embeddable":true,"href":"https:\/\/www.estrategiaconcursos.com.br\/blog\/wp-json\/wp\/v2\/tax_estado?post=401312"}],"curies":[{"name":"wp","href":"https:\/\/api.w.org\/{rel}","templated":true}]}}