{"id":400497,"date":"2019-08-05T01:00:50","date_gmt":"2019-08-05T04:00:50","guid":{"rendered":"https:\/\/www.estrategiaconcursos.com.br\/blog\/?p=400497"},"modified":"2019-09-09T11:00:39","modified_gmt":"2019-09-09T14:00:39","slug":"concurso-aguas-do-pantanal","status":"publish","type":"post","link":"https:\/\/www.estrategiaconcursos.com.br\/blog\/concurso-aguas-do-pantanal\/","title":{"rendered":"Concurso \u00c1guas do Pantanal: inscri\u00e7\u00f5es encerradas para M\u00e9dio, T\u00e9cnico e Superior"},"content":{"rendered":"\n<p>As inscri\u00e7\u00f5es do concurso p\u00fablico \u00c1guas do Pantanal est\u00e3o encerradas.  Os candidatos tiveram at\u00e9 o dia 08 de setembro para fazer a inscri\u00e7\u00e3o no site da Universidade Federal de Mato Grosso (UFMT), banca organizadora do certame. <\/p>\n\n\n\n<p>Todos os candidatos interessados em participar pagaram uma taxa fixada que variava de acordo com o grau de escolaridade.  <br \/>Sendo R$ 80,00 para n\u00edvel m\u00e9dio e t\u00e9cnico e R$ 100,00 para n\u00edvel superior.  <\/p>\n\n\n\n<p>Os candidatos que necessitaram da <strong>isen\u00e7\u00e3o da taxa<\/strong> solicitaram no portal da UFMT entre os dias, <em>05 a 08 de agosto<\/em>. Vale lembrar que o certame possui uma \u00fanica <strong>prova objetiva<\/strong> para todos os cargos. O exame ser\u00e1 realizado no dia <em>13 de outubro<\/em> no per\u00edodo da manh\u00e3 para n\u00edvel m\u00e9dio\/t\u00e9cnico e tarde para n\u00edvel superior.<\/p>\n\n\n\n<p>O concurso do Servi\u00e7o de Saneamento Ambiental \u00c1guas do Pantanal de C\u00e1ceres visa ofertar <em>27 vagas<\/em> para diversos cargos de n\u00edvel <em>m\u00e9dio, t\u00e9cnico e superior<\/em>. <\/p>\n\n\n\n<h2 class=\"wp-block-heading\">Concurso \u00c1guas do Pantanal: Principais Datas<\/h2>\n\n\n\n<p class=\"has-background has-very-light-gray-background-color\"><strong><em>Inscri\u00e7\u00e3o<\/em><\/strong><em>: 05 de agosto a 08 de setembro<br \/><\/em><strong><em>Isen\u00e7\u00e3o da taxa<\/em><\/strong><em>: 05 a 08 de agosto<\/em><br \/><strong><em>Prova objetiva<\/em><\/strong><em>: 13 de outubro<\/em><\/p>\n\n\n\n<h2 class=\"wp-block-heading\">Concurso \u00c1guas do Pantanal: Cargos, Vagas e Remunera\u00e7\u00f5es<\/h2>\n\n\n\n<h4 class=\"wp-block-heading\">N\u00edvel Superior<\/h4>\n\n\n\n<ul class=\"wp-block-list\"><li><em>Advogado &#8211; (02 vagas) &#8211; R$ 4.968,31 <\/em><\/li><li><em>Contador &#8211; (01 vaga) &#8211; R$ 4.968,31  <\/em><\/li><li><em>Controlador Interno &#8211; (01 vaga) &#8211; R$ 4.968,31  <\/em><\/li><li><em>Engenheiro Qu\u00edmico &#8211; (01 Vaga) &#8211; R$ 4.968,31  <\/em><\/li><li><em>Engenheiro Sanitarista &#8211; (01 Vaga) &#8211; R$ 4.968,31  <\/em><\/li><li><em>T\u00e9cnico em Desenvolvimento de Sistemas e Aplica\u00e7\u00f5es &#8211; (01 Vaga) &#8211; R$ 4.968,31  <\/em><\/li><\/ul>\n\n\n\n<h4 class=\"wp-block-heading\">N\u00edvel M\u00e9dio\/ T\u00e9cnico<\/h4>\n\n\n\n<ul class=\"wp-block-list\"><li><em>Assistente Administrativo &#8211; (06 Vagas) &#8211; 1.377,24 <\/em><\/li><li><em>Auxiliar de Encanador &#8211; (04 vagas) &#8211; R$ 1.626,42 <\/em><\/li><li><em>Encanador &#8211; (05 vagas) &#8211; R$ 1.626,42 <\/em><\/li><li><em>Operador de ETA &#8211; (04 vagas) &#8211; R$ 1.626,42 <\/em><\/li><li><em>T\u00e9cnico Eletromec\u00e2nico &#8211; (01 vaga) &#8211; R$ 1.626,42 <\/em><\/li><\/ul>\n\n\n\n<h2 class=\"wp-block-heading\">Etapas do concurso \u00c1guas do Pantanal<\/h2>\n\n\n\n<p>O concurso do Servi\u00e7o de Saneamento Ambiental \u00c1guas do Pantanal ser\u00e1 organizado em uma <strong>\u00fanica etapa<\/strong>, constitu\u00edda de uma <span style=\"text-decoration: underline;\">prova objetiva<\/span>. Os candidatos v\u00e3o realizar o exame no dia 13 de outubro. Vale ressaltar que a prova objetiva possui car\u00e1ter eliminat\u00f3rio e classificat\u00f3rio.<\/p>\n\n\n\n<p>A prova objetiva ter\u00e1 dura\u00e7\u00e3o m\u00e1xima de <strong>4 horas<\/strong> e ser\u00e1 composta por <strong>40 quest\u00f5es<\/strong> de m\u00faltipla escolha. Cada quest\u00e3o conter\u00e1 quatro alternativas (A, B, C e D) e somente uma responder\u00e1 acertadamente ao comando da quest\u00e3o.<\/p>\n\n\n\n<p><em>Confira abaixo as disciplinas cobradas no exame:<\/em><\/p>\n\n\n\n<ul class=\"wp-block-list\"><li> <strong> N\u00edvel m\u00e9dio\/ t\u00e9cnico<\/strong>: <ul><li>Conhecimentos Espec\u00edficos (10 quest\u00f5es).<\/li><li>L\u00edngua Portuguesa (10 quest\u00f5es).<\/li><li>Matem\u00e1tica (6 quest\u00f5es).<\/li><li>Legisla\u00e7\u00e3o B\u00e1sica (7 quest\u00f5es).<\/li><li>Inform\u00e1tica B\u00e1sica (10 quest\u00f5es).<\/li><\/ul><\/li><\/ul>\n\n\n\n<ul class=\"wp-block-list\"><li>N\u00edvel superior &#8211; <ul><li>Conhecimentos Espec\u00edficos  (20 quest\u00f5es).<\/li><li>L\u00edngua Portuguesa (10 quest\u00f5es).<br \/>Legisla\u00e7\u00e3o B\u00e1sica (5 quest\u00f5es).<\/li><li>Inform\u00e1tica b\u00e1sica (5 quest\u00f5es).<\/li><\/ul><\/li><\/ul>\n\n\n\n<p style=\"text-align:center\"><strong><em>Quer estudar para Concurso \u00c1guas do Pantanal?<\/em><\/strong><\/p>\n\n\n\n<p style=\"font-size:23px;text-align:center\" class=\"has-background has-luminous-vivid-amber-background-color\"><span style=\"text-decoration: underline;\"><strong><em><a href=\"https:\/\/www.estrategiaconcursos.com.br\/cursosPorConcurso\/servico-de-saneamento-ambiental-aguas-do-pantanal-de-caceres-ssaap-mt\/\" target=\"_blank\" rel=\"noreferrer noopener\" aria-label=\"Curso \u00c1guas do Pantanal (SSAAP) (abre numa nova aba)\">Curso \u00c1guas do Pantanal (SSAAP)<\/a><\/em><\/strong><\/span><\/p>\n\n\n\n<p style=\"text-align:center\"><em><strong>Assinatura Anual Ilimitada*<\/strong><\/em><\/p>\n\n\n\n<p style=\"text-align:center\"><em>Prepare-se com o melhor material e com quem mais aprova em&nbsp;Concursos P\u00fablicos de todo o pa\u00eds. Assine agora a nossa Assinatura Anual e tenha acesso ilimitado* a todos os nossos cursos.<\/em><\/p>\n\n\n\n<p style=\"font-size:25px;text-align:center\" class=\"has-background has-light-green-cyan-background-color\"><strong>ASSINE AGORA<\/strong>&nbsp;\u2013&nbsp;<strong><a rel=\"noreferrer noopener\" href=\"https:\/\/www.estrategiaconcursos.com.br\/assinaturas\" target=\"_blank\">Assinatura Ilimitada<\/a><\/strong><\/p>\n\n\n\n<p style=\"font-size:18px;text-align:center\" class=\"has-background has-pale-cyan-blue-background-color\"><strong><a href=\"https:\/\/www.estrategiaconcursos.com.br\/blog\/concursos-abertos\/\">CONCURSOS ABERTOS<\/a><\/strong><\/p>\n\n\n\n<p style=\"font-size:18px;text-align:center\" class=\"has-background has-pale-cyan-blue-background-color\"><a href=\"https:\/\/www.estrategiaconcursos.com.br\/blog\/concursos-2019\/\"><strong>CONCURSOS 2019<\/strong><\/a><\/p>\n\n\n\n<p style=\"font-size:18px;text-align:center\" class=\"has-background has-pale-cyan-blue-background-color\"><a href=\"https:\/\/www.estrategiaconcursos.com.br\/blog\/concursos-2020\/\"><strong>CONCURSOS<\/strong><\/a><strong><a href=\"https:\/\/www.estrategiaconcursos.com.br\/blog\/concursos-2020\/\">&nbsp;2020<\/a><\/strong><\/p>\n\n\n\n<figure class=\"wp-block-image\"><img loading=\"lazy\" decoding=\"async\" width=\"300\" height=\"102\" src=\"https:\/\/dhg1h5j42swfq.cloudfront.net\/2017\/03\/28152500\/coruja-ficha-tecnica-300x102.png\" alt=\"ficha t\u00e9cnica concurso brb\" class=\"wp-image-68542\"\/><\/figure>\n\n\n\n<h4 class=\"wp-block-heading\" id=\"ficha\"><strong>Informa\u00e7\u00f5es do concurso \u00c1guas do Pantanal<\/strong><\/h4>\n\n\n\n<p>\u25ba<strong>Data:&nbsp;<\/strong>13 de outubro<br \/>\u25ba<strong>Vagas:&nbsp;<\/strong>27 vagas<br \/>\u25ba<strong>Banca:<\/strong> UFMT<br \/><strong>\u25baCargos:&nbsp;<\/strong>Diversos<br \/><strong>\u25baEscolaridade:<\/strong>&nbsp;N\u00edvel m\u00e9dio, t\u00e9cnico e superior<strong><br \/>\u25baEdital: <\/strong><span style=\"text-decoration: underline;\"><a href=\"https:\/\/dhg1h5j42swfq.cloudfront.net\/2019\/07\/19102015\/edital-aguas-do-pantanal.pdf\" target=\"_blank\" rel=\"noreferrer noopener\" aria-label=\"Edital \u00c1guas do Pantanal (abre numa nova aba)\">Edital \u00c1guas do Pantanal<\/a><\/span><\/p>\n\n\n\n<p><em>Ascom Estrat\u00e9gia<\/em><br \/>ascomestrategia@gmail.com<\/p>\n\n\n\n<hr class=\"wp-block-separator\"\/>\n\n\n\n<p style=\"text-align:center\"><em><strong>Receba not\u00edcias de Concursos no seu WhatsApp e\/ou Telegram!<\/strong><\/em><\/p>\n\n\n\n<p style=\"text-align:center\"><em><strong>Cadastre-se clicando no link abaixo<\/strong><\/em><\/p>\n\n\n\n<p style=\"text-align:center\" class=\"has-background has-very-light-gray-background-color\"><strong><a href=\"https:\/\/www.estrategiaconcursos.com.br\/blog\/noticias-de-concursos-whatsapp-estrategia-concursos\/\" target=\"_blank\" rel=\"noreferrer noopener\">Not\u00edcias de concursos no seu WhatsApp e\/ou Telegram<\/a><\/strong><\/p>\n","protected":false},"excerpt":{"rendered":"<p>As inscri\u00e7\u00f5es do concurso p\u00fablico \u00c1guas do Pantanal est\u00e3o encerradas. Os candidatos tiveram at\u00e9 o dia 08 de setembro para fazer a inscri\u00e7\u00e3o no site da Universidade Federal de Mato Grosso (UFMT), banca organizadora do certame. Todos os candidatos interessados em participar pagaram uma taxa fixada que variava de acordo com o grau de escolaridade. [&hellip;]<\/p>\n","protected":false},"author":73,"featured_media":146145,"comment_status":"open","ping_status":"closed","sticky":false,"template":"","format":"standard","meta":{"post_tipo":"article","footnotes":""},"categories":[1],"tags":[],"tax_estado":[],"class_list":["post-400497","post","type-post","status-publish","format-standard","has-post-thumbnail","hentry","category-cursos-e-concursos"],"acf":[],"yoast_head":"<!-- This site is optimized with the Yoast SEO Premium plugin v27.2 (Yoast SEO v27.2) - https:\/\/yoast.com\/product\/yoast-seo-premium-wordpress\/ -->\n<title>Concurso \u00c1guas do Pantanal: inscri\u00e7\u00f5es encerradas para M\u00e9dio, T\u00e9cnico e Superior<\/title>\n<meta name=\"robots\" content=\"index, follow, max-snippet:-1, max-image-preview:large, max-video-preview:-1\" \/>\n<link rel=\"canonical\" href=\"https:\/\/www.estrategiaconcursos.com.br\/blog\/concurso-aguas-do-pantanal\/\" \/>\n<meta property=\"og:locale\" content=\"pt_BR\" \/>\n<meta property=\"og:type\" content=\"article\" \/>\n<meta property=\"og:title\" content=\"Concurso \u00c1guas do Pantanal: inscri\u00e7\u00f5es encerradas para M\u00e9dio, T\u00e9cnico e Superior\" \/>\n<meta property=\"og:description\" content=\"As inscri\u00e7\u00f5es do concurso p\u00fablico \u00c1guas do Pantanal est\u00e3o encerradas. Os candidatos tiveram at\u00e9 o dia 08 de setembro para fazer a inscri\u00e7\u00e3o no site da Universidade Federal de Mato Grosso (UFMT), banca organizadora do certame. Todos os candidatos interessados em participar pagaram uma taxa fixada que variava de acordo com o grau de escolaridade. [&hellip;]\" \/>\n<meta property=\"og:url\" content=\"https:\/\/www.estrategiaconcursos.com.br\/blog\/concurso-aguas-do-pantanal\/\" \/>\n<meta property=\"og:site_name\" content=\"Estrat\u00e9gia Concursos\" \/>\n<meta property=\"article:author\" content=\"https:\/\/www.facebook.com\/rosenvaljr\" \/>\n<meta property=\"article:published_time\" content=\"2019-08-05T04:00:50+00:00\" \/>\n<meta property=\"article:modified_time\" content=\"2019-09-09T14:00:39+00:00\" \/>\n<meta property=\"og:image\" content=\"https:\/\/dhg1h5j42swfq.cloudfront.net\/2018\/10\/08173802\/saiu-edital1.jpg\" \/>\n\t<meta property=\"og:image:width\" content=\"400\" \/>\n\t<meta property=\"og:image:height\" content=\"209\" \/>\n\t<meta property=\"og:image:type\" content=\"image\/jpeg\" \/>\n<meta name=\"author\" content=\"Rosenval J\u00fanior\" \/>\n<meta name=\"twitter:card\" content=\"summary_large_image\" \/>\n<meta name=\"twitter:creator\" content=\"@EstratConcursos\" \/>\n<meta name=\"twitter:site\" content=\"@EstratConcursos\" \/>\n<meta name=\"twitter:label1\" content=\"Escrito por\" \/>\n\t<meta name=\"twitter:data1\" content=\"Rosenval J\u00fanior\" \/>\n\t<meta name=\"twitter:label2\" content=\"Est. tempo de leitura\" \/>\n\t<meta name=\"twitter:data2\" content=\"3 minutos\" \/>\n<script type=\"application\/ld+json\" class=\"yoast-schema-graph\">{\"@context\":\"https:\/\/schema.org\",\"@graph\":[{\"@type\":\"NewsArticle\",\"@id\":\"https:\/\/www.estrategiaconcursos.com.br\/blog\/concurso-aguas-do-pantanal\/#article\",\"isPartOf\":{\"@id\":\"https:\/\/www.estrategiaconcursos.com.br\/blog\/concurso-aguas-do-pantanal\/\"},\"author\":{\"name\":\"Rosenval J\u00fanior\",\"@id\":\"https:\/\/www.estrategiaconcursos.com.br\/blog\/#\/schema\/person\/3489eb8fb39ff11193689cf7762b03b0\"},\"headline\":\"Concurso \u00c1guas do Pantanal: inscri\u00e7\u00f5es encerradas para M\u00e9dio, T\u00e9cnico e Superior\",\"datePublished\":\"2019-08-05T04:00:50+00:00\",\"dateModified\":\"2019-09-09T14:00:39+00:00\",\"mainEntityOfPage\":{\"@id\":\"https:\/\/www.estrategiaconcursos.com.br\/blog\/concurso-aguas-do-pantanal\/\"},\"wordCount\":580,\"commentCount\":0,\"publisher\":{\"@id\":\"https:\/\/www.estrategiaconcursos.com.br\/blog\/#organization\"},\"image\":{\"@id\":\"https:\/\/www.estrategiaconcursos.com.br\/blog\/concurso-aguas-do-pantanal\/#primaryimage\"},\"thumbnailUrl\":\"https:\/\/dhg1h5j42swfq.cloudfront.net\/2018\/10\/08173802\/saiu-edital1.jpg\",\"articleSection\":[\"Concursos P\u00fablicos\"],\"inLanguage\":\"pt-BR\",\"potentialAction\":[{\"@type\":\"CommentAction\",\"name\":\"Comment\",\"target\":[\"https:\/\/www.estrategiaconcursos.com.br\/blog\/concurso-aguas-do-pantanal\/#respond\"]}],\"copyrightYear\":\"2019\",\"copyrightHolder\":{\"@id\":\"https:\/\/www.estrategiaconcursos.com.br\/blog\/#organization\"}},{\"@type\":\"WebPage\",\"@id\":\"https:\/\/www.estrategiaconcursos.com.br\/blog\/concurso-aguas-do-pantanal\/\",\"url\":\"https:\/\/www.estrategiaconcursos.com.br\/blog\/concurso-aguas-do-pantanal\/\",\"name\":\"Concurso \u00c1guas do Pantanal: inscri\u00e7\u00f5es encerradas para M\u00e9dio, T\u00e9cnico e Superior\",\"isPartOf\":{\"@id\":\"https:\/\/www.estrategiaconcursos.com.br\/blog\/#website\"},\"primaryImageOfPage\":{\"@id\":\"https:\/\/www.estrategiaconcursos.com.br\/blog\/concurso-aguas-do-pantanal\/#primaryimage\"},\"image\":{\"@id\":\"https:\/\/www.estrategiaconcursos.com.br\/blog\/concurso-aguas-do-pantanal\/#primaryimage\"},\"thumbnailUrl\":\"https:\/\/dhg1h5j42swfq.cloudfront.net\/2018\/10\/08173802\/saiu-edital1.jpg\",\"datePublished\":\"2019-08-05T04:00:50+00:00\",\"dateModified\":\"2019-09-09T14:00:39+00:00\",\"breadcrumb\":{\"@id\":\"https:\/\/www.estrategiaconcursos.com.br\/blog\/concurso-aguas-do-pantanal\/#breadcrumb\"},\"inLanguage\":\"pt-BR\",\"potentialAction\":[{\"@type\":\"ReadAction\",\"target\":[\"https:\/\/www.estrategiaconcursos.com.br\/blog\/concurso-aguas-do-pantanal\/\"]}]},{\"@type\":\"ImageObject\",\"inLanguage\":\"pt-BR\",\"@id\":\"https:\/\/www.estrategiaconcursos.com.br\/blog\/concurso-aguas-do-pantanal\/#primaryimage\",\"url\":\"https:\/\/dhg1h5j42swfq.cloudfront.net\/2018\/10\/08173802\/saiu-edital1.jpg\",\"contentUrl\":\"https:\/\/dhg1h5j42swfq.cloudfront.net\/2018\/10\/08173802\/saiu-edital1.jpg\",\"width\":400,\"height\":209,\"caption\":\"concurso bombeiros Tocantins\"},{\"@type\":\"BreadcrumbList\",\"@id\":\"https:\/\/www.estrategiaconcursos.com.br\/blog\/concurso-aguas-do-pantanal\/#breadcrumb\",\"itemListElement\":[{\"@type\":\"ListItem\",\"position\":1,\"name\":\"In\u00edcio\",\"item\":\"https:\/\/www.estrategiaconcursos.com.br\/blog\/\"},{\"@type\":\"ListItem\",\"position\":2,\"name\":\"Concurso \u00c1guas do Pantanal: inscri\u00e7\u00f5es encerradas para M\u00e9dio, T\u00e9cnico e Superior\"}]},{\"@type\":\"WebSite\",\"@id\":\"https:\/\/www.estrategiaconcursos.com.br\/blog\/#website\",\"url\":\"https:\/\/www.estrategiaconcursos.com.br\/blog\/\",\"name\":\"Estrat\u00e9gia Concursos\",\"description\":\"O blog da Estrat\u00e9gia Concursos traz not\u00edcias sobre concursos e artigos de professores oferecendo cursos para concursos (pdf + videaulas) no site.\",\"publisher\":{\"@id\":\"https:\/\/www.estrategiaconcursos.com.br\/blog\/#organization\"},\"potentialAction\":[{\"@type\":\"SearchAction\",\"target\":{\"@type\":\"EntryPoint\",\"urlTemplate\":\"https:\/\/www.estrategiaconcursos.com.br\/blog\/?s={search_term_string}\"},\"query-input\":{\"@type\":\"PropertyValueSpecification\",\"valueRequired\":true,\"valueName\":\"search_term_string\"}}],\"inLanguage\":\"pt-BR\"},{\"@type\":\"Organization\",\"@id\":\"https:\/\/www.estrategiaconcursos.com.br\/blog\/#organization\",\"name\":\"Estrat\u00e9gia Concursos\",\"url\":\"https:\/\/www.estrategiaconcursos.com.br\/blog\/\",\"logo\":{\"@type\":\"ImageObject\",\"inLanguage\":\"pt-BR\",\"@id\":\"https:\/\/www.estrategiaconcursos.com.br\/blog\/#\/schema\/logo\/image\/\",\"url\":\"https:\/\/dhg1h5j42swfq.cloudfront.net\/2025\/06\/03203428\/logo_concursos-1.jpg\",\"contentUrl\":\"https:\/\/dhg1h5j42swfq.cloudfront.net\/2025\/06\/03203428\/logo_concursos-1.jpg\",\"width\":230,\"height\":60,\"caption\":\"Estrat\u00e9gia Concursos\"},\"image\":{\"@id\":\"https:\/\/www.estrategiaconcursos.com.br\/blog\/#\/schema\/logo\/image\/\"},\"sameAs\":[\"https:\/\/x.com\/EstratConcursos\"]},{\"@type\":\"Person\",\"@id\":\"https:\/\/www.estrategiaconcursos.com.br\/blog\/#\/schema\/person\/3489eb8fb39ff11193689cf7762b03b0\",\"name\":\"Rosenval J\u00fanior\",\"image\":{\"@type\":\"ImageObject\",\"inLanguage\":\"pt-BR\",\"@id\":\"https:\/\/secure.gravatar.com\/avatar\/dc38e7bcadccb99c8a28b35b027bdc6b8b6a65ee938a25ed335e3e31eed462e0?s=96&d=mm&r=g\",\"url\":\"https:\/\/secure.gravatar.com\/avatar\/dc38e7bcadccb99c8a28b35b027bdc6b8b6a65ee938a25ed335e3e31eed462e0?s=96&d=mm&r=g\",\"contentUrl\":\"https:\/\/secure.gravatar.com\/avatar\/dc38e7bcadccb99c8a28b35b027bdc6b8b6a65ee938a25ed335e3e31eed462e0?s=96&d=mm&r=g\",\"caption\":\"Rosenval J\u00fanior\"},\"description\":\"Graduado pela Universidade Federal de Vi\u00e7osa - UFV. P\u00f3s-graduado em Direito Ambiental. Graduado tamb\u00e9m em Gest\u00e3o Ambiental, com tr\u00eas especializa\u00e7\u00f5es na \u00e1rea ambiental. Mestrando em Engenharia Ambiental. Servidor p\u00fablico do Minist\u00e9rio da Justi\u00e7a e professor de Direito Ambiental, Meio Ambiente, Direito Agr\u00e1rio e Direito Urban\u00edstico para concursos p\u00fablicos. Professor de Direito Ambiental para o Exame de Ordem. Aprovado em 15 concursos p\u00fablicos na \u00e1rea de Meio Ambiente como Analista Ambiental do Instituto Brasileiro do Meio Ambiente e dos Recursos Naturais Renov\u00e1veis - IBAMA; Analista Pericial - Especialidade Engenharia Florestal do Minist\u00e9rio P\u00fablico da Uni\u00e3o - MPU; Analista de Infraestrutura - \u00c1rea de Especializa\u00e7\u00e3o Ambiental do Departamento Nacional de Infraestrutura de Transportes - DNIT; Especialista em Regula\u00e7\u00e3o - \u00c1rea Engenharia Ambiental e Engenharia Florestal, com \u00eanfase em Meio Ambiente da Ag\u00eancia Nacional de Transportes Terrestres - ANTT; Consultor Legislativo em Meio Ambiente e Direito Ambiental, Organiza\u00e7\u00e3o Territorial, Desenvolvimento Urbano e Regional da C\u00e2mara dos Deputados; entre outros. Autor do livro \\\"Direito Ambiental para Concursos e Exame de Ordem\\\", Editora Juru\u00e1. Iniciou sua carreira no servi\u00e7o p\u00fablico federal em 2006, quando obteve aprova\u00e7\u00e3o em 1\u00b0 lugar para o cargo de engenheiro florestal da Casa Civil da Presid\u00eancia da Rep\u00fablica\/Arquivo Nacional. Alguns concursos em que foi aprovado: 1\u00b0 lugar para Analista do Minist\u00e9rio P\u00fablico de MG; 1\u00ba lugar para Engenheiro da Casa Civil da Presid\u00eancia da Rep\u00fablica; 1\u00b0 lugar para T\u00e9cnico em Recursos Naturais \u2013 n\u00edvel II \u2013 \u00c1rea Engenharia Florestal do IDAF; 2\u00b0 lugar para Analista Pericial do Minist\u00e9rio P\u00fablico da Uni\u00e3o - MPU; 2\u00b0 lugar para Analista em Reforma e Desenvolvimento Agr\u00e1rio do INCRA; 7\u00ba lugar Engenheiro J\u00fanior da Caixa Econ\u00f4mica Federal; 10\u00ba lugar para Analista Ambiental do Instituto Estadual de Florestas - IEF\/MG; 6\u00ba lugar para Analista de Infraestrutura (\u00c1rea de Especializa\u00e7\u00e3o Ambiental) do Departamento Nacional de Infraestrutura de Transportes \u2013 DNIT (Prova objetiva e discursiva); 2\u00b0 lugar para Perito Criminal da Pol\u00edcia Civil do Estado do Rio de Janeiro \u2013PCERJ (Resultado na Prova objetiva, TAF, Avalia\u00e7\u00e3o M\u00e9dica, e Psicot\u00e9cnico); 10\u00ba lugar para Perito Criminal da Pol\u00edcia Federal \u2013 DPF \u2013 \u00c1rea 9 (Resultado definitivo na prova objetiva e discursiva); 2\u00b0 lugar para Analista Ambiental do Instituto Brasileiro do Meio Ambiente e dos Recursos Naturais Renov\u00e1veis \u2013 IBAMA (Prova objetiva e discursiva); 1\u00b0 lugar para Especialista em Regula\u00e7\u00e3o Engenharia Ambiental e Engenharia Florestal (com \u00eanfase em meio ambiente) da Ag\u00eancia Nacional de Transportes Terrestres - ANTT (Resultado da prova objetiva, discursiva e de t\u00edtulos); 10\u00ba lugar para Consultor Legislativo em Meio Ambiente e Direito Ambiental, Organiza\u00e7\u00e3o Territorial, Desenvolvimento Urbano e Regional da C\u00e2mara dos Deputados. (Resultado da prova objetiva, discursiva e de t\u00edtulos) Entre em contato comigo pelo facebook e pelo Youtube. Basta colocar na busca: Rosenval J\u00fanior. Ou copiar e colar o endere\u00e7o: www.facebook.com\/rosenvaljr Acesse o meu site e saiba mais: www.aprendadireitoambiental.com.br\",\"sameAs\":[\"http:\/\/www.aprendadireitoambiental.com.br\",\"https:\/\/www.facebook.com\/rosenvaljr\"],\"url\":\"https:\/\/www.estrategiaconcursos.com.br\/blog\/author\/rosenvaljuniorestrategiaconcursos-com-br\/\"}]}<\/script>\n<!-- \/ Yoast SEO Premium plugin. -->","yoast_head_json":{"title":"Concurso \u00c1guas do Pantanal: inscri\u00e7\u00f5es encerradas para M\u00e9dio, T\u00e9cnico e Superior","robots":{"index":"index","follow":"follow","max-snippet":"max-snippet:-1","max-image-preview":"max-image-preview:large","max-video-preview":"max-video-preview:-1"},"canonical":"https:\/\/www.estrategiaconcursos.com.br\/blog\/concurso-aguas-do-pantanal\/","og_locale":"pt_BR","og_type":"article","og_title":"Concurso \u00c1guas do Pantanal: inscri\u00e7\u00f5es encerradas para M\u00e9dio, T\u00e9cnico e Superior","og_description":"As inscri\u00e7\u00f5es do concurso p\u00fablico \u00c1guas do Pantanal est\u00e3o encerradas. Os candidatos tiveram at\u00e9 o dia 08 de setembro para fazer a inscri\u00e7\u00e3o no site da Universidade Federal de Mato Grosso (UFMT), banca organizadora do certame. Todos os candidatos interessados em participar pagaram uma taxa fixada que variava de acordo com o grau de escolaridade. [&hellip;]","og_url":"https:\/\/www.estrategiaconcursos.com.br\/blog\/concurso-aguas-do-pantanal\/","og_site_name":"Estrat\u00e9gia Concursos","article_author":"https:\/\/www.facebook.com\/rosenvaljr","article_published_time":"2019-08-05T04:00:50+00:00","article_modified_time":"2019-09-09T14:00:39+00:00","og_image":[{"width":400,"height":209,"url":"https:\/\/dhg1h5j42swfq.cloudfront.net\/2018\/10\/08173802\/saiu-edital1.jpg","type":"image\/jpeg"}],"author":"Rosenval J\u00fanior","twitter_card":"summary_large_image","twitter_creator":"@EstratConcursos","twitter_site":"@EstratConcursos","twitter_misc":{"Escrito por":"Rosenval J\u00fanior","Est. tempo de leitura":"3 minutos"},"schema":{"@context":"https:\/\/schema.org","@graph":[{"@type":"NewsArticle","@id":"https:\/\/www.estrategiaconcursos.com.br\/blog\/concurso-aguas-do-pantanal\/#article","isPartOf":{"@id":"https:\/\/www.estrategiaconcursos.com.br\/blog\/concurso-aguas-do-pantanal\/"},"author":{"name":"Rosenval J\u00fanior","@id":"https:\/\/www.estrategiaconcursos.com.br\/blog\/#\/schema\/person\/3489eb8fb39ff11193689cf7762b03b0"},"headline":"Concurso \u00c1guas do Pantanal: inscri\u00e7\u00f5es encerradas para M\u00e9dio, T\u00e9cnico e Superior","datePublished":"2019-08-05T04:00:50+00:00","dateModified":"2019-09-09T14:00:39+00:00","mainEntityOfPage":{"@id":"https:\/\/www.estrategiaconcursos.com.br\/blog\/concurso-aguas-do-pantanal\/"},"wordCount":580,"commentCount":0,"publisher":{"@id":"https:\/\/www.estrategiaconcursos.com.br\/blog\/#organization"},"image":{"@id":"https:\/\/www.estrategiaconcursos.com.br\/blog\/concurso-aguas-do-pantanal\/#primaryimage"},"thumbnailUrl":"https:\/\/dhg1h5j42swfq.cloudfront.net\/2018\/10\/08173802\/saiu-edital1.jpg","articleSection":["Concursos P\u00fablicos"],"inLanguage":"pt-BR","potentialAction":[{"@type":"CommentAction","name":"Comment","target":["https:\/\/www.estrategiaconcursos.com.br\/blog\/concurso-aguas-do-pantanal\/#respond"]}],"copyrightYear":"2019","copyrightHolder":{"@id":"https:\/\/www.estrategiaconcursos.com.br\/blog\/#organization"}},{"@type":"WebPage","@id":"https:\/\/www.estrategiaconcursos.com.br\/blog\/concurso-aguas-do-pantanal\/","url":"https:\/\/www.estrategiaconcursos.com.br\/blog\/concurso-aguas-do-pantanal\/","name":"Concurso \u00c1guas do Pantanal: inscri\u00e7\u00f5es encerradas para M\u00e9dio, T\u00e9cnico e Superior","isPartOf":{"@id":"https:\/\/www.estrategiaconcursos.com.br\/blog\/#website"},"primaryImageOfPage":{"@id":"https:\/\/www.estrategiaconcursos.com.br\/blog\/concurso-aguas-do-pantanal\/#primaryimage"},"image":{"@id":"https:\/\/www.estrategiaconcursos.com.br\/blog\/concurso-aguas-do-pantanal\/#primaryimage"},"thumbnailUrl":"https:\/\/dhg1h5j42swfq.cloudfront.net\/2018\/10\/08173802\/saiu-edital1.jpg","datePublished":"2019-08-05T04:00:50+00:00","dateModified":"2019-09-09T14:00:39+00:00","breadcrumb":{"@id":"https:\/\/www.estrategiaconcursos.com.br\/blog\/concurso-aguas-do-pantanal\/#breadcrumb"},"inLanguage":"pt-BR","potentialAction":[{"@type":"ReadAction","target":["https:\/\/www.estrategiaconcursos.com.br\/blog\/concurso-aguas-do-pantanal\/"]}]},{"@type":"ImageObject","inLanguage":"pt-BR","@id":"https:\/\/www.estrategiaconcursos.com.br\/blog\/concurso-aguas-do-pantanal\/#primaryimage","url":"https:\/\/dhg1h5j42swfq.cloudfront.net\/2018\/10\/08173802\/saiu-edital1.jpg","contentUrl":"https:\/\/dhg1h5j42swfq.cloudfront.net\/2018\/10\/08173802\/saiu-edital1.jpg","width":400,"height":209,"caption":"concurso bombeiros Tocantins"},{"@type":"BreadcrumbList","@id":"https:\/\/www.estrategiaconcursos.com.br\/blog\/concurso-aguas-do-pantanal\/#breadcrumb","itemListElement":[{"@type":"ListItem","position":1,"name":"In\u00edcio","item":"https:\/\/www.estrategiaconcursos.com.br\/blog\/"},{"@type":"ListItem","position":2,"name":"Concurso \u00c1guas do Pantanal: inscri\u00e7\u00f5es encerradas para M\u00e9dio, T\u00e9cnico e Superior"}]},{"@type":"WebSite","@id":"https:\/\/www.estrategiaconcursos.com.br\/blog\/#website","url":"https:\/\/www.estrategiaconcursos.com.br\/blog\/","name":"Estrat\u00e9gia Concursos","description":"O blog da Estrat\u00e9gia Concursos traz not\u00edcias sobre concursos e artigos de professores oferecendo cursos para concursos (pdf + videaulas) no site.","publisher":{"@id":"https:\/\/www.estrategiaconcursos.com.br\/blog\/#organization"},"potentialAction":[{"@type":"SearchAction","target":{"@type":"EntryPoint","urlTemplate":"https:\/\/www.estrategiaconcursos.com.br\/blog\/?s={search_term_string}"},"query-input":{"@type":"PropertyValueSpecification","valueRequired":true,"valueName":"search_term_string"}}],"inLanguage":"pt-BR"},{"@type":"Organization","@id":"https:\/\/www.estrategiaconcursos.com.br\/blog\/#organization","name":"Estrat\u00e9gia Concursos","url":"https:\/\/www.estrategiaconcursos.com.br\/blog\/","logo":{"@type":"ImageObject","inLanguage":"pt-BR","@id":"https:\/\/www.estrategiaconcursos.com.br\/blog\/#\/schema\/logo\/image\/","url":"https:\/\/dhg1h5j42swfq.cloudfront.net\/2025\/06\/03203428\/logo_concursos-1.jpg","contentUrl":"https:\/\/dhg1h5j42swfq.cloudfront.net\/2025\/06\/03203428\/logo_concursos-1.jpg","width":230,"height":60,"caption":"Estrat\u00e9gia Concursos"},"image":{"@id":"https:\/\/www.estrategiaconcursos.com.br\/blog\/#\/schema\/logo\/image\/"},"sameAs":["https:\/\/x.com\/EstratConcursos"]},{"@type":"Person","@id":"https:\/\/www.estrategiaconcursos.com.br\/blog\/#\/schema\/person\/3489eb8fb39ff11193689cf7762b03b0","name":"Rosenval J\u00fanior","image":{"@type":"ImageObject","inLanguage":"pt-BR","@id":"https:\/\/secure.gravatar.com\/avatar\/dc38e7bcadccb99c8a28b35b027bdc6b8b6a65ee938a25ed335e3e31eed462e0?s=96&d=mm&r=g","url":"https:\/\/secure.gravatar.com\/avatar\/dc38e7bcadccb99c8a28b35b027bdc6b8b6a65ee938a25ed335e3e31eed462e0?s=96&d=mm&r=g","contentUrl":"https:\/\/secure.gravatar.com\/avatar\/dc38e7bcadccb99c8a28b35b027bdc6b8b6a65ee938a25ed335e3e31eed462e0?s=96&d=mm&r=g","caption":"Rosenval J\u00fanior"},"description":"Graduado pela Universidade Federal de Vi\u00e7osa - UFV. P\u00f3s-graduado em Direito Ambiental. Graduado tamb\u00e9m em Gest\u00e3o Ambiental, com tr\u00eas especializa\u00e7\u00f5es na \u00e1rea ambiental. Mestrando em Engenharia Ambiental. Servidor p\u00fablico do Minist\u00e9rio da Justi\u00e7a e professor de Direito Ambiental, Meio Ambiente, Direito Agr\u00e1rio e Direito Urban\u00edstico para concursos p\u00fablicos. Professor de Direito Ambiental para o Exame de Ordem. Aprovado em 15 concursos p\u00fablicos na \u00e1rea de Meio Ambiente como Analista Ambiental do Instituto Brasileiro do Meio Ambiente e dos Recursos Naturais Renov\u00e1veis - IBAMA; Analista Pericial - Especialidade Engenharia Florestal do Minist\u00e9rio P\u00fablico da Uni\u00e3o - MPU; Analista de Infraestrutura - \u00c1rea de Especializa\u00e7\u00e3o Ambiental do Departamento Nacional de Infraestrutura de Transportes - DNIT; Especialista em Regula\u00e7\u00e3o - \u00c1rea Engenharia Ambiental e Engenharia Florestal, com \u00eanfase em Meio Ambiente da Ag\u00eancia Nacional de Transportes Terrestres - ANTT; Consultor Legislativo em Meio Ambiente e Direito Ambiental, Organiza\u00e7\u00e3o Territorial, Desenvolvimento Urbano e Regional da C\u00e2mara dos Deputados; entre outros. Autor do livro \"Direito Ambiental para Concursos e Exame de Ordem\", Editora Juru\u00e1. Iniciou sua carreira no servi\u00e7o p\u00fablico federal em 2006, quando obteve aprova\u00e7\u00e3o em 1\u00b0 lugar para o cargo de engenheiro florestal da Casa Civil da Presid\u00eancia da Rep\u00fablica\/Arquivo Nacional. Alguns concursos em que foi aprovado: 1\u00b0 lugar para Analista do Minist\u00e9rio P\u00fablico de MG; 1\u00ba lugar para Engenheiro da Casa Civil da Presid\u00eancia da Rep\u00fablica; 1\u00b0 lugar para T\u00e9cnico em Recursos Naturais \u2013 n\u00edvel II \u2013 \u00c1rea Engenharia Florestal do IDAF; 2\u00b0 lugar para Analista Pericial do Minist\u00e9rio P\u00fablico da Uni\u00e3o - MPU; 2\u00b0 lugar para Analista em Reforma e Desenvolvimento Agr\u00e1rio do INCRA; 7\u00ba lugar Engenheiro J\u00fanior da Caixa Econ\u00f4mica Federal; 10\u00ba lugar para Analista Ambiental do Instituto Estadual de Florestas - IEF\/MG; 6\u00ba lugar para Analista de Infraestrutura (\u00c1rea de Especializa\u00e7\u00e3o Ambiental) do Departamento Nacional de Infraestrutura de Transportes \u2013 DNIT (Prova objetiva e discursiva); 2\u00b0 lugar para Perito Criminal da Pol\u00edcia Civil do Estado do Rio de Janeiro \u2013PCERJ (Resultado na Prova objetiva, TAF, Avalia\u00e7\u00e3o M\u00e9dica, e Psicot\u00e9cnico); 10\u00ba lugar para Perito Criminal da Pol\u00edcia Federal \u2013 DPF \u2013 \u00c1rea 9 (Resultado definitivo na prova objetiva e discursiva); 2\u00b0 lugar para Analista Ambiental do Instituto Brasileiro do Meio Ambiente e dos Recursos Naturais Renov\u00e1veis \u2013 IBAMA (Prova objetiva e discursiva); 1\u00b0 lugar para Especialista em Regula\u00e7\u00e3o Engenharia Ambiental e Engenharia Florestal (com \u00eanfase em meio ambiente) da Ag\u00eancia Nacional de Transportes Terrestres - ANTT (Resultado da prova objetiva, discursiva e de t\u00edtulos); 10\u00ba lugar para Consultor Legislativo em Meio Ambiente e Direito Ambiental, Organiza\u00e7\u00e3o Territorial, Desenvolvimento Urbano e Regional da C\u00e2mara dos Deputados. (Resultado da prova objetiva, discursiva e de t\u00edtulos) Entre em contato comigo pelo facebook e pelo Youtube. Basta colocar na busca: Rosenval J\u00fanior. Ou copiar e colar o endere\u00e7o: www.facebook.com\/rosenvaljr Acesse o meu site e saiba mais: www.aprendadireitoambiental.com.br","sameAs":["http:\/\/www.aprendadireitoambiental.com.br","https:\/\/www.facebook.com\/rosenvaljr"],"url":"https:\/\/www.estrategiaconcursos.com.br\/blog\/author\/rosenvaljuniorestrategiaconcursos-com-br\/"}]}},"_links":{"self":[{"href":"https:\/\/www.estrategiaconcursos.com.br\/blog\/wp-json\/wp\/v2\/posts\/400497","targetHints":{"allow":["GET"]}}],"collection":[{"href":"https:\/\/www.estrategiaconcursos.com.br\/blog\/wp-json\/wp\/v2\/posts"}],"about":[{"href":"https:\/\/www.estrategiaconcursos.com.br\/blog\/wp-json\/wp\/v2\/types\/post"}],"author":[{"embeddable":true,"href":"https:\/\/www.estrategiaconcursos.com.br\/blog\/wp-json\/wp\/v2\/users\/73"}],"replies":[{"embeddable":true,"href":"https:\/\/www.estrategiaconcursos.com.br\/blog\/wp-json\/wp\/v2\/comments?post=400497"}],"version-history":[{"count":11,"href":"https:\/\/www.estrategiaconcursos.com.br\/blog\/wp-json\/wp\/v2\/posts\/400497\/revisions"}],"predecessor-version":[{"id":417881,"href":"https:\/\/www.estrategiaconcursos.com.br\/blog\/wp-json\/wp\/v2\/posts\/400497\/revisions\/417881"}],"wp:featuredmedia":[{"embeddable":true,"href":"https:\/\/www.estrategiaconcursos.com.br\/blog\/wp-json\/wp\/v2\/media\/146145"}],"wp:attachment":[{"href":"https:\/\/www.estrategiaconcursos.com.br\/blog\/wp-json\/wp\/v2\/media?parent=400497"}],"wp:term":[{"taxonomy":"category","embeddable":true,"href":"https:\/\/www.estrategiaconcursos.com.br\/blog\/wp-json\/wp\/v2\/categories?post=400497"},{"taxonomy":"post_tag","embeddable":true,"href":"https:\/\/www.estrategiaconcursos.com.br\/blog\/wp-json\/wp\/v2\/tags?post=400497"},{"taxonomy":"tax_estado","embeddable":true,"href":"https:\/\/www.estrategiaconcursos.com.br\/blog\/wp-json\/wp\/v2\/tax_estado?post=400497"}],"curies":[{"name":"wp","href":"https:\/\/api.w.org\/{rel}","templated":true}]}}