{"id":400033,"date":"2019-07-17T21:48:18","date_gmt":"2019-07-18T00:48:18","guid":{"rendered":"https:\/\/www.estrategiaconcursos.com.br\/blog\/?p=400033"},"modified":"2023-08-28T16:12:03","modified_gmt":"2023-08-28T19:12:03","slug":"pgm-curitiba-prova-anulada-edital-com-peca-processual-pode-cobrar-parecer","status":"publish","type":"post","link":"https:\/\/www.estrategiaconcursos.com.br\/blog\/pgm-curitiba-prova-anulada-edital-com-peca-processual-pode-cobrar-parecer\/","title":{"rendered":"PGM Curitiba: Prova Anulada. Edital com pe\u00e7a processual pode cobrar parecer?"},"content":{"rendered":"\n<p>Ol\u00e1 meus amigos, tudo bem?<\/p>\n\n\n\n<p>Hoje foi publicado o Edital Complementar onde a PGM Curitiba de forma administrativa anulou a pe\u00e7a processual cobrada na segunda prova da fase discursiva do concurso.<\/p>\n\n\n\n<p>A quest\u00e3o \u00e9 pol\u00eamica principalmente em raz\u00e3o da cobran\u00e7a pelo edital de uma pe\u00e7a processual.<\/p>\n\n\n\n<p>Se o edital estabelece a cobran\u00e7a de pe\u00e7a processual, poder\u00e1 cobrar um parecer?<\/p>\n\n\n\n<p>A PGM Curitiba fez exatamente isto.<\/p>\n\n\n\n<p>E hoje a pr\u00f3pria banca reconsiderou sua posi\u00e7\u00e3o para anular a respectiva prova.<\/p>\n\n\n\n<p>Contudo, na minha opini\u00e3o, alguns atropelos foram cometidos.<\/p>\n\n\n\n<p>Destaco especialmente a marca\u00e7\u00e3o da data da nova prova: dia 28\/07\/2019 (em 11 dias a contar da publica\u00e7\u00e3o do Edital).<\/p>\n\n\n\n<p>Em um per\u00edodo de f\u00e9rias escolares e passagens a\u00e9reas com pre\u00e7o din\u00e2mico, desconfio que faltou razoabilidade para a banca examinadora.<\/p>\n\n\n\n<p>Grande abra\u00e7o,<\/p>\n\n\n\n<p>Igor Maciel<\/p>\n","protected":false},"excerpt":{"rendered":"<p>Ol\u00e1 meus amigos, tudo bem? Hoje foi publicado o Edital Complementar onde a PGM Curitiba de forma administrativa anulou a pe\u00e7a processual cobrada na segunda prova da fase discursiva do concurso. A quest\u00e3o \u00e9 pol\u00eamica principalmente em raz\u00e3o da cobran\u00e7a pelo edital de uma pe\u00e7a processual. Se o edital estabelece a cobran\u00e7a de pe\u00e7a processual, [&hellip;]<\/p>\n","protected":false},"author":317,"featured_media":0,"comment_status":"open","ping_status":"closed","sticky":false,"template":"","format":"standard","meta":{"post_tipo":"article","footnotes":""},"categories":[1,2185],"tags":[],"tax_estado":[],"class_list":["post-400033","post","type-post","status-publish","format-standard","hentry","category-cursos-e-concursos","category-carreiras-juridicas"],"acf":[],"yoast_head":"<!-- This site is optimized with the Yoast SEO Premium plugin v27.2 (Yoast SEO v27.2) - https:\/\/yoast.com\/product\/yoast-seo-premium-wordpress\/ -->\n<title>PGM Curitiba: Prova Anulada. Edital com pe\u00e7a processual pode cobrar parecer?<\/title>\n<meta name=\"description\" content=\"Coment\u00e1rios sobre a anula\u00e7\u00e3o da prova discursiva da PGM Curitiba. Edital que cobra uma pe\u00e7a processual pode exigir a reda\u00e7\u00e3o de um parecer?\" \/>\n<meta name=\"robots\" content=\"index, follow, max-snippet:-1, max-image-preview:large, max-video-preview:-1\" \/>\n<link rel=\"canonical\" href=\"https:\/\/www.estrategiaconcursos.com.br\/blog\/pgm-curitiba-prova-anulada-edital-com-peca-processual-pode-cobrar-parecer\/\" \/>\n<meta property=\"og:locale\" content=\"pt_BR\" \/>\n<meta property=\"og:type\" content=\"article\" \/>\n<meta property=\"og:title\" content=\"PGM Curitiba: Prova Anulada. Edital com pe\u00e7a processual pode cobrar parecer?\" \/>\n<meta property=\"og:description\" content=\"Coment\u00e1rios sobre a anula\u00e7\u00e3o da prova discursiva da PGM Curitiba. Edital que cobra uma pe\u00e7a processual pode exigir a reda\u00e7\u00e3o de um parecer?\" \/>\n<meta property=\"og:url\" content=\"https:\/\/www.estrategiaconcursos.com.br\/blog\/pgm-curitiba-prova-anulada-edital-com-peca-processual-pode-cobrar-parecer\/\" \/>\n<meta property=\"og:site_name\" content=\"Estrat\u00e9gia Concursos\" \/>\n<meta property=\"article:author\" content=\"https:\/\/www.facebook.com\/igor.maciel.1420\" \/>\n<meta property=\"article:published_time\" content=\"2019-07-18T00:48:18+00:00\" \/>\n<meta property=\"article:modified_time\" content=\"2023-08-28T19:12:03+00:00\" \/>\n<meta name=\"author\" content=\"Igor Maciel\" \/>\n<meta name=\"twitter:card\" content=\"summary_large_image\" \/>\n<meta name=\"twitter:creator\" content=\"@EstratConcursos\" \/>\n<meta name=\"twitter:site\" content=\"@EstratConcursos\" \/>\n<meta name=\"twitter:label1\" content=\"Escrito por\" \/>\n\t<meta name=\"twitter:data1\" content=\"Igor Maciel\" \/>\n\t<meta name=\"twitter:label2\" content=\"Est. tempo de leitura\" \/>\n\t<meta name=\"twitter:data2\" content=\"1 minuto\" \/>\n<script type=\"application\/ld+json\" class=\"yoast-schema-graph\">{\"@context\":\"https:\/\/schema.org\",\"@graph\":[{\"@type\":\"NewsArticle\",\"@id\":\"https:\/\/www.estrategiaconcursos.com.br\/blog\/pgm-curitiba-prova-anulada-edital-com-peca-processual-pode-cobrar-parecer\/#article\",\"isPartOf\":{\"@id\":\"https:\/\/www.estrategiaconcursos.com.br\/blog\/pgm-curitiba-prova-anulada-edital-com-peca-processual-pode-cobrar-parecer\/\"},\"author\":{\"name\":\"Igor Maciel\",\"@id\":\"https:\/\/www.estrategiaconcursos.com.br\/blog\/#\/schema\/person\/024d26d5efb06d95dfc04025d7301591\"},\"headline\":\"PGM Curitiba: Prova Anulada. Edital com pe\u00e7a processual pode cobrar parecer?\",\"datePublished\":\"2019-07-18T00:48:18+00:00\",\"dateModified\":\"2023-08-28T19:12:03+00:00\",\"mainEntityOfPage\":{\"@id\":\"https:\/\/www.estrategiaconcursos.com.br\/blog\/pgm-curitiba-prova-anulada-edital-com-peca-processual-pode-cobrar-parecer\/\"},\"wordCount\":158,\"commentCount\":0,\"publisher\":{\"@id\":\"https:\/\/www.estrategiaconcursos.com.br\/blog\/#organization\"},\"articleSection\":[\"Concursos P\u00fablicos\",\"Jur\u00eddico\"],\"inLanguage\":\"pt-BR\",\"potentialAction\":[{\"@type\":\"CommentAction\",\"name\":\"Comment\",\"target\":[\"https:\/\/www.estrategiaconcursos.com.br\/blog\/pgm-curitiba-prova-anulada-edital-com-peca-processual-pode-cobrar-parecer\/#respond\"]}],\"copyrightYear\":\"2019\",\"copyrightHolder\":{\"@id\":\"https:\/\/www.estrategiaconcursos.com.br\/blog\/#organization\"}},{\"@type\":\"WebPage\",\"@id\":\"https:\/\/www.estrategiaconcursos.com.br\/blog\/pgm-curitiba-prova-anulada-edital-com-peca-processual-pode-cobrar-parecer\/\",\"url\":\"https:\/\/www.estrategiaconcursos.com.br\/blog\/pgm-curitiba-prova-anulada-edital-com-peca-processual-pode-cobrar-parecer\/\",\"name\":\"PGM Curitiba: Prova Anulada. Edital com pe\u00e7a processual pode cobrar parecer?\",\"isPartOf\":{\"@id\":\"https:\/\/www.estrategiaconcursos.com.br\/blog\/#website\"},\"datePublished\":\"2019-07-18T00:48:18+00:00\",\"dateModified\":\"2023-08-28T19:12:03+00:00\",\"description\":\"Coment\u00e1rios sobre a anula\u00e7\u00e3o da prova discursiva da PGM Curitiba. Edital que cobra uma pe\u00e7a processual pode exigir a reda\u00e7\u00e3o de um parecer?\",\"breadcrumb\":{\"@id\":\"https:\/\/www.estrategiaconcursos.com.br\/blog\/pgm-curitiba-prova-anulada-edital-com-peca-processual-pode-cobrar-parecer\/#breadcrumb\"},\"inLanguage\":\"pt-BR\",\"potentialAction\":[{\"@type\":\"ReadAction\",\"target\":[\"https:\/\/www.estrategiaconcursos.com.br\/blog\/pgm-curitiba-prova-anulada-edital-com-peca-processual-pode-cobrar-parecer\/\"]}]},{\"@type\":\"BreadcrumbList\",\"@id\":\"https:\/\/www.estrategiaconcursos.com.br\/blog\/pgm-curitiba-prova-anulada-edital-com-peca-processual-pode-cobrar-parecer\/#breadcrumb\",\"itemListElement\":[{\"@type\":\"ListItem\",\"position\":1,\"name\":\"In\u00edcio\",\"item\":\"https:\/\/www.estrategiaconcursos.com.br\/blog\/\"},{\"@type\":\"ListItem\",\"position\":2,\"name\":\"PGM Curitiba: Prova Anulada. Edital com pe\u00e7a processual pode cobrar parecer?\"}]},{\"@type\":\"WebSite\",\"@id\":\"https:\/\/www.estrategiaconcursos.com.br\/blog\/#website\",\"url\":\"https:\/\/www.estrategiaconcursos.com.br\/blog\/\",\"name\":\"Estrat\u00e9gia Concursos\",\"description\":\"O blog da Estrat\u00e9gia Concursos traz not\u00edcias sobre concursos e artigos de professores oferecendo cursos para concursos (pdf + videaulas) no site.\",\"publisher\":{\"@id\":\"https:\/\/www.estrategiaconcursos.com.br\/blog\/#organization\"},\"potentialAction\":[{\"@type\":\"SearchAction\",\"target\":{\"@type\":\"EntryPoint\",\"urlTemplate\":\"https:\/\/www.estrategiaconcursos.com.br\/blog\/?s={search_term_string}\"},\"query-input\":{\"@type\":\"PropertyValueSpecification\",\"valueRequired\":true,\"valueName\":\"search_term_string\"}}],\"inLanguage\":\"pt-BR\"},{\"@type\":\"Organization\",\"@id\":\"https:\/\/www.estrategiaconcursos.com.br\/blog\/#organization\",\"name\":\"Estrat\u00e9gia Concursos\",\"url\":\"https:\/\/www.estrategiaconcursos.com.br\/blog\/\",\"logo\":{\"@type\":\"ImageObject\",\"inLanguage\":\"pt-BR\",\"@id\":\"https:\/\/www.estrategiaconcursos.com.br\/blog\/#\/schema\/logo\/image\/\",\"url\":\"https:\/\/dhg1h5j42swfq.cloudfront.net\/2025\/06\/03203428\/logo_concursos-1.jpg\",\"contentUrl\":\"https:\/\/dhg1h5j42swfq.cloudfront.net\/2025\/06\/03203428\/logo_concursos-1.jpg\",\"width\":230,\"height\":60,\"caption\":\"Estrat\u00e9gia Concursos\"},\"image\":{\"@id\":\"https:\/\/www.estrategiaconcursos.com.br\/blog\/#\/schema\/logo\/image\/\"},\"sameAs\":[\"https:\/\/x.com\/EstratConcursos\"]},{\"@type\":\"Person\",\"@id\":\"https:\/\/www.estrategiaconcursos.com.br\/blog\/#\/schema\/person\/024d26d5efb06d95dfc04025d7301591\",\"name\":\"Igor Maciel\",\"image\":{\"@type\":\"ImageObject\",\"inLanguage\":\"pt-BR\",\"@id\":\"https:\/\/secure.gravatar.com\/avatar\/e983a676af6facf4aebcb2989d49e3bf61b718712d5e7a4b3f355b7fe651bc2f?s=96&d=mm&r=g\",\"url\":\"https:\/\/secure.gravatar.com\/avatar\/e983a676af6facf4aebcb2989d49e3bf61b718712d5e7a4b3f355b7fe651bc2f?s=96&d=mm&r=g\",\"contentUrl\":\"https:\/\/secure.gravatar.com\/avatar\/e983a676af6facf4aebcb2989d49e3bf61b718712d5e7a4b3f355b7fe651bc2f?s=96&d=mm&r=g\",\"caption\":\"Igor Maciel\"},\"description\":\"Graduado na Universidade Federal de Pernambuco, com extens\u00e3o na Universidade de Coimbra\/Portugal. Especialista LLM em Direito Corporativo pelo IBMEC\/RJ. Mestrando em Direito e Pol\u00edticas P\u00fablicas pelo UNICEUB\/DF. Advogado com atua\u00e7\u00e3o profissional centrada no Direito Tribut\u00e1rio e no Direito Administrativo, especialmente na defesa de servidores p\u00fablicos.\",\"sameAs\":[\"http:\/\/www.imaciel.com.br\",\"https:\/\/www.facebook.com\/igor.maciel.1420\"],\"url\":\"https:\/\/www.estrategiaconcursos.com.br\/blog\/author\/contatoimaciel-com-br\/\"}]}<\/script>\n<!-- \/ Yoast SEO Premium plugin. -->","yoast_head_json":{"title":"PGM Curitiba: Prova Anulada. Edital com pe\u00e7a processual pode cobrar parecer?","description":"Coment\u00e1rios sobre a anula\u00e7\u00e3o da prova discursiva da PGM Curitiba. Edital que cobra uma pe\u00e7a processual pode exigir a reda\u00e7\u00e3o de um parecer?","robots":{"index":"index","follow":"follow","max-snippet":"max-snippet:-1","max-image-preview":"max-image-preview:large","max-video-preview":"max-video-preview:-1"},"canonical":"https:\/\/www.estrategiaconcursos.com.br\/blog\/pgm-curitiba-prova-anulada-edital-com-peca-processual-pode-cobrar-parecer\/","og_locale":"pt_BR","og_type":"article","og_title":"PGM Curitiba: Prova Anulada. Edital com pe\u00e7a processual pode cobrar parecer?","og_description":"Coment\u00e1rios sobre a anula\u00e7\u00e3o da prova discursiva da PGM Curitiba. Edital que cobra uma pe\u00e7a processual pode exigir a reda\u00e7\u00e3o de um parecer?","og_url":"https:\/\/www.estrategiaconcursos.com.br\/blog\/pgm-curitiba-prova-anulada-edital-com-peca-processual-pode-cobrar-parecer\/","og_site_name":"Estrat\u00e9gia Concursos","article_author":"https:\/\/www.facebook.com\/igor.maciel.1420","article_published_time":"2019-07-18T00:48:18+00:00","article_modified_time":"2023-08-28T19:12:03+00:00","author":"Igor Maciel","twitter_card":"summary_large_image","twitter_creator":"@EstratConcursos","twitter_site":"@EstratConcursos","twitter_misc":{"Escrito por":"Igor Maciel","Est. tempo de leitura":"1 minuto"},"schema":{"@context":"https:\/\/schema.org","@graph":[{"@type":"NewsArticle","@id":"https:\/\/www.estrategiaconcursos.com.br\/blog\/pgm-curitiba-prova-anulada-edital-com-peca-processual-pode-cobrar-parecer\/#article","isPartOf":{"@id":"https:\/\/www.estrategiaconcursos.com.br\/blog\/pgm-curitiba-prova-anulada-edital-com-peca-processual-pode-cobrar-parecer\/"},"author":{"name":"Igor Maciel","@id":"https:\/\/www.estrategiaconcursos.com.br\/blog\/#\/schema\/person\/024d26d5efb06d95dfc04025d7301591"},"headline":"PGM Curitiba: Prova Anulada. Edital com pe\u00e7a processual pode cobrar parecer?","datePublished":"2019-07-18T00:48:18+00:00","dateModified":"2023-08-28T19:12:03+00:00","mainEntityOfPage":{"@id":"https:\/\/www.estrategiaconcursos.com.br\/blog\/pgm-curitiba-prova-anulada-edital-com-peca-processual-pode-cobrar-parecer\/"},"wordCount":158,"commentCount":0,"publisher":{"@id":"https:\/\/www.estrategiaconcursos.com.br\/blog\/#organization"},"articleSection":["Concursos P\u00fablicos","Jur\u00eddico"],"inLanguage":"pt-BR","potentialAction":[{"@type":"CommentAction","name":"Comment","target":["https:\/\/www.estrategiaconcursos.com.br\/blog\/pgm-curitiba-prova-anulada-edital-com-peca-processual-pode-cobrar-parecer\/#respond"]}],"copyrightYear":"2019","copyrightHolder":{"@id":"https:\/\/www.estrategiaconcursos.com.br\/blog\/#organization"}},{"@type":"WebPage","@id":"https:\/\/www.estrategiaconcursos.com.br\/blog\/pgm-curitiba-prova-anulada-edital-com-peca-processual-pode-cobrar-parecer\/","url":"https:\/\/www.estrategiaconcursos.com.br\/blog\/pgm-curitiba-prova-anulada-edital-com-peca-processual-pode-cobrar-parecer\/","name":"PGM Curitiba: Prova Anulada. Edital com pe\u00e7a processual pode cobrar parecer?","isPartOf":{"@id":"https:\/\/www.estrategiaconcursos.com.br\/blog\/#website"},"datePublished":"2019-07-18T00:48:18+00:00","dateModified":"2023-08-28T19:12:03+00:00","description":"Coment\u00e1rios sobre a anula\u00e7\u00e3o da prova discursiva da PGM Curitiba. Edital que cobra uma pe\u00e7a processual pode exigir a reda\u00e7\u00e3o de um parecer?","breadcrumb":{"@id":"https:\/\/www.estrategiaconcursos.com.br\/blog\/pgm-curitiba-prova-anulada-edital-com-peca-processual-pode-cobrar-parecer\/#breadcrumb"},"inLanguage":"pt-BR","potentialAction":[{"@type":"ReadAction","target":["https:\/\/www.estrategiaconcursos.com.br\/blog\/pgm-curitiba-prova-anulada-edital-com-peca-processual-pode-cobrar-parecer\/"]}]},{"@type":"BreadcrumbList","@id":"https:\/\/www.estrategiaconcursos.com.br\/blog\/pgm-curitiba-prova-anulada-edital-com-peca-processual-pode-cobrar-parecer\/#breadcrumb","itemListElement":[{"@type":"ListItem","position":1,"name":"In\u00edcio","item":"https:\/\/www.estrategiaconcursos.com.br\/blog\/"},{"@type":"ListItem","position":2,"name":"PGM Curitiba: Prova Anulada. Edital com pe\u00e7a processual pode cobrar parecer?"}]},{"@type":"WebSite","@id":"https:\/\/www.estrategiaconcursos.com.br\/blog\/#website","url":"https:\/\/www.estrategiaconcursos.com.br\/blog\/","name":"Estrat\u00e9gia Concursos","description":"O blog da Estrat\u00e9gia Concursos traz not\u00edcias sobre concursos e artigos de professores oferecendo cursos para concursos (pdf + videaulas) no site.","publisher":{"@id":"https:\/\/www.estrategiaconcursos.com.br\/blog\/#organization"},"potentialAction":[{"@type":"SearchAction","target":{"@type":"EntryPoint","urlTemplate":"https:\/\/www.estrategiaconcursos.com.br\/blog\/?s={search_term_string}"},"query-input":{"@type":"PropertyValueSpecification","valueRequired":true,"valueName":"search_term_string"}}],"inLanguage":"pt-BR"},{"@type":"Organization","@id":"https:\/\/www.estrategiaconcursos.com.br\/blog\/#organization","name":"Estrat\u00e9gia Concursos","url":"https:\/\/www.estrategiaconcursos.com.br\/blog\/","logo":{"@type":"ImageObject","inLanguage":"pt-BR","@id":"https:\/\/www.estrategiaconcursos.com.br\/blog\/#\/schema\/logo\/image\/","url":"https:\/\/dhg1h5j42swfq.cloudfront.net\/2025\/06\/03203428\/logo_concursos-1.jpg","contentUrl":"https:\/\/dhg1h5j42swfq.cloudfront.net\/2025\/06\/03203428\/logo_concursos-1.jpg","width":230,"height":60,"caption":"Estrat\u00e9gia Concursos"},"image":{"@id":"https:\/\/www.estrategiaconcursos.com.br\/blog\/#\/schema\/logo\/image\/"},"sameAs":["https:\/\/x.com\/EstratConcursos"]},{"@type":"Person","@id":"https:\/\/www.estrategiaconcursos.com.br\/blog\/#\/schema\/person\/024d26d5efb06d95dfc04025d7301591","name":"Igor Maciel","image":{"@type":"ImageObject","inLanguage":"pt-BR","@id":"https:\/\/secure.gravatar.com\/avatar\/e983a676af6facf4aebcb2989d49e3bf61b718712d5e7a4b3f355b7fe651bc2f?s=96&d=mm&r=g","url":"https:\/\/secure.gravatar.com\/avatar\/e983a676af6facf4aebcb2989d49e3bf61b718712d5e7a4b3f355b7fe651bc2f?s=96&d=mm&r=g","contentUrl":"https:\/\/secure.gravatar.com\/avatar\/e983a676af6facf4aebcb2989d49e3bf61b718712d5e7a4b3f355b7fe651bc2f?s=96&d=mm&r=g","caption":"Igor Maciel"},"description":"Graduado na Universidade Federal de Pernambuco, com extens\u00e3o na Universidade de Coimbra\/Portugal. Especialista LLM em Direito Corporativo pelo IBMEC\/RJ. Mestrando em Direito e Pol\u00edticas P\u00fablicas pelo UNICEUB\/DF. Advogado com atua\u00e7\u00e3o profissional centrada no Direito Tribut\u00e1rio e no Direito Administrativo, especialmente na defesa de servidores p\u00fablicos.","sameAs":["http:\/\/www.imaciel.com.br","https:\/\/www.facebook.com\/igor.maciel.1420"],"url":"https:\/\/www.estrategiaconcursos.com.br\/blog\/author\/contatoimaciel-com-br\/"}]}},"_links":{"self":[{"href":"https:\/\/www.estrategiaconcursos.com.br\/blog\/wp-json\/wp\/v2\/posts\/400033","targetHints":{"allow":["GET"]}}],"collection":[{"href":"https:\/\/www.estrategiaconcursos.com.br\/blog\/wp-json\/wp\/v2\/posts"}],"about":[{"href":"https:\/\/www.estrategiaconcursos.com.br\/blog\/wp-json\/wp\/v2\/types\/post"}],"author":[{"embeddable":true,"href":"https:\/\/www.estrategiaconcursos.com.br\/blog\/wp-json\/wp\/v2\/users\/317"}],"replies":[{"embeddable":true,"href":"https:\/\/www.estrategiaconcursos.com.br\/blog\/wp-json\/wp\/v2\/comments?post=400033"}],"version-history":[{"count":2,"href":"https:\/\/www.estrategiaconcursos.com.br\/blog\/wp-json\/wp\/v2\/posts\/400033\/revisions"}],"predecessor-version":[{"id":1270274,"href":"https:\/\/www.estrategiaconcursos.com.br\/blog\/wp-json\/wp\/v2\/posts\/400033\/revisions\/1270274"}],"wp:attachment":[{"href":"https:\/\/www.estrategiaconcursos.com.br\/blog\/wp-json\/wp\/v2\/media?parent=400033"}],"wp:term":[{"taxonomy":"category","embeddable":true,"href":"https:\/\/www.estrategiaconcursos.com.br\/blog\/wp-json\/wp\/v2\/categories?post=400033"},{"taxonomy":"post_tag","embeddable":true,"href":"https:\/\/www.estrategiaconcursos.com.br\/blog\/wp-json\/wp\/v2\/tags?post=400033"},{"taxonomy":"tax_estado","embeddable":true,"href":"https:\/\/www.estrategiaconcursos.com.br\/blog\/wp-json\/wp\/v2\/tax_estado?post=400033"}],"curies":[{"name":"wp","href":"https:\/\/api.w.org\/{rel}","templated":true}]}}