{"id":399834,"date":"2019-08-28T11:30:09","date_gmt":"2019-08-28T14:30:09","guid":{"rendered":"https:\/\/www.estrategiaconcursos.com.br\/blog\/?p=399834"},"modified":"2019-08-28T11:39:05","modified_gmt":"2019-08-28T14:39:05","slug":"concurso-rio-preto","status":"publish","type":"post","link":"https:\/\/www.estrategiaconcursos.com.br\/blog\/concurso-rio-preto\/","title":{"rendered":"Concurso Rio Preto SP: com oferta de 551 vagas, inscri\u00e7\u00f5es s\u00e3o prorrogadas"},"content":{"rendered":"\n<h2 class=\"wp-block-heading\"><em>Prefeitura de Rio Preto tem cinco editais<\/em> <em>publicados<\/em><\/h2>\n\n\n\n<p>As inscri\u00e7\u00f5es para o concurso p\u00fablico da Prefeitura de S\u00e3o Jos\u00e9 do Rio Preto foram prorrogadas. Agora, os candidatos interessados t\u00eam <strong>at\u00e9 o dia 06 de setembro<\/strong> para garantir sua inscri\u00e7\u00e3o. Todo o processo deve ser feito no site da banca organizadora, a Funda\u00e7\u00e3o Carlos Chagas &#8211; FCC.<\/p>\n\n\n\n<p>De acordo com a FCC, at\u00e9 o dia 27 de agosto j\u00e1 haviam<strong> 44 mil candidatos inscritos<\/strong>, por\u00e9m, apenas 15.725 pessoas pagaram as inscri\u00e7\u00f5es. O cargo com o maior n\u00famero de inscri\u00e7\u00f5es at\u00e9 o momento \u00e9 o de Agente Administrativo, com 6.561 boletos pagos. <\/p>\n\n\n\n<p>Os cinco <strong><em>editais do concurso p\u00fablico da Prefeitura de S\u00e3o Jos\u00e9 do Rio Preto <\/em><\/strong>ofertam no total <strong>551 vagas<\/strong> para diversos cargos, que abrangem o n\u00edvel m\u00e9dio e superior. Neste artigo voc\u00ea encontra todas as principais informa\u00e7\u00f5es sobre o concurso da Prefeitura Rio Preto. Confira:<\/p>\n\n\n\n<ul class=\"wp-block-list\"><li><strong><em><a href=\"#principais\">Principais informa\u00e7\u00f5es do edital<\/a><\/em><\/strong><\/li><li><strong><em><a href=\"#cargos\">Cargos do concurso<\/a><\/em><\/strong><\/li><li><strong><em><a href=\"#edital2\">Edital 02\/2019 \u2013 \u00c1reas da Sa\u00fade<\/a><\/em><\/strong><\/li><li><strong><em><a href=\"#edital3\">Edital 03\/2019 \u2013 Agente Comunit\u00e1rio de Sa\u00fade e Agente de Combate \u00e0s Endemias<\/a><\/em><\/strong><\/li><li><strong><em><a href=\"#edital4\">Edital 04\/2019 \u2013 Agente Administrativo<\/a><\/em><\/strong><\/li><li><strong><em><a href=\"#edital5\">Edital 05\/2019 \u2013 Diversos Cargos<\/a><\/em><\/strong><\/li><li><strong><em><a href=\"#edital6\">Edital 06\/2019 \u2013 RIOPRETOPREV<\/a><\/em><\/strong><\/li><li><strong><em><a href=\"#assinatura-e-cursos\">Assinatura ilimitada e cursos<\/a><\/em><\/strong><\/li><\/ul>\n\n\n\n<h2 class=\"wp-block-heading\" id=\"principais\">Principais informa\u00e7\u00f5es do edital &#8211; concurso Rio Preto<\/h2>\n\n\n\n<p>O certame \u00e9 organizado pela <strong>Funda\u00e7\u00e3o Carlos Chagas, a FCC<\/strong>. Os candidatos interessados em participar do concurso p\u00fablico para os cargos citados acima devem acessar o site da banca at\u00e9 o dia<em> 06 de setembro de 2019<\/em>.<\/p>\n\n\n\n<p>A taxa que deve ser paga ap\u00f3s a confirma\u00e7\u00e3o da inscri\u00e7\u00e3o possui valor \u00fanico para os cargos de Agente de Combate \u00e0s Endemias e Agente Comunit\u00e1rio de Sa\u00fade: R$ 47,00. J\u00e1 para o cargo de Agente Administrativo e ensino m\u00e9dio o valor \u00e9 de R$ 55,00. Para os cargos de n\u00edvel superior o valor \u00e9 de R$ 75,00. <\/p>\n\n\n\n<h2 class=\"wp-block-heading\">Principais datas<\/h2>\n\n\n\n<p class=\"has-background has-very-light-gray-background-color\"><em><strong>Inscri\u00e7\u00e3o: <\/strong>08 de agosto a 06 de setembro<strong><br \/>Isen\u00e7\u00e3o da taxa: <\/strong>08 a 12 de agosto<strong><br \/>Data prevista da prova: <\/strong>20 de outubro<\/em><\/p>\n\n\n\n<h2 class=\"wp-block-heading\" id=\"cargos\">Os cargos ofertados no concurso Rio Preto<\/h2>\n\n\n\n<p>Como os cargos oferecidos no concurso Rio Preto s\u00e3o muitos, separamos as oportunidades por editais. Tamb\u00e9m para cada cargo h\u00e1 a remunera\u00e7\u00e3o, requisitos e etapas do concurso. Confira abaixo:<\/p>\n\n\n\n<h2 class=\"wp-block-heading\" id=\"edital2\">Edita 02\/2019 \u2013 \u00c1reas da Sa\u00fade<\/h2>\n\n\n\n<h3 class=\"wp-block-heading\">N\u00edvel superior<\/h3>\n\n\n\n<ul class=\"wp-block-list\"><li><strong>Analista em Vigil\u00e2ncia Sanit\u00e1ria \/ Arquiteto<\/strong>&nbsp;<strong>\u2013&nbsp;1 vaga&nbsp;<\/strong><\/li><li><strong>Requisitos <\/strong>&#8211; Ensino Superior completo em Arquitetura, reconhecido pelo MEC e Registro no Conselho de Arquitetura e Urbanismo, do Estado de S\u00e3o Paulo  <\/li><li><strong>Remunera\u00e7\u00e3o <\/strong>&#8211; R$ 4.942,46&nbsp;+ Reembolso Transporte + R$ 350,00 (aux\u00edlio-sa\u00fade) + R$ 400,00** (aux\u00edlio-alimenta\u00e7\u00e3o)<\/li><\/ul>\n\n\n\n<ul class=\"wp-block-list\"><li><strong>Analista em Vigil\u00e2ncia Sanit\u00e1ria \/ Bi\u00f3logo<\/strong>&nbsp;<strong>\u2013&nbsp;2 vagas<\/strong><\/li><li><strong>Requisitos <\/strong>&#8211; Ensino Superior completo em Biologia, reconhecido pelo MEC e Registro no Conselho Regional de Biologia do Estado de S\u00e3o Paulo <\/li><li><strong>Remunera\u00e7\u00e3o <\/strong>&#8211; R$ 4.942,46&nbsp;+ Reembolso Transporte + R$ 350,00 (aux\u00edlio-sa\u00fade) + R$ 400,00 (aux\u00edlio-alimenta\u00e7\u00e3o)<\/li><\/ul>\n\n\n\n<ul class=\"wp-block-list\"><li><strong>Analista em Vigil\u00e2ncia Sanit\u00e1ria \/ Enfermeiro<\/strong>&nbsp;<strong>\u2013&nbsp;1 vaga<\/strong><\/li><li><strong>Requisitos <\/strong>&#8211; Ensino Superior completo em Enfermagem, reconhecido pelo MEC e Registro no Conselho Regional de Enfermagem do Estado de S\u00e3o Paulo <\/li><li><strong>Remunera\u00e7\u00e3o &#8211;<\/strong> R$ 4.942,46&nbsp;+ Reembolso Transporte + R$ 350,00 (aux\u00edlio-sa\u00fade) + R$ 400,00 (aux\u00edlio-alimenta\u00e7\u00e3o)<\/li><\/ul>\n\n\n\n<ul class=\"wp-block-list\"><li><strong>Analista em Vigil\u00e2ncia Sanit\u00e1ria \/ Engenheiro de Alimentos<\/strong>&nbsp;<strong>\u2013&nbsp;1 vaga<\/strong><\/li><li><strong>Requisitos <\/strong>&#8211; Ensino Superior completo em Engenharia de Alimentos, reconhecido pelo MEC e Registro no Conselho Regional de Engenharia e Agronomia do Estado de S\u00e3o Paulo.  <\/li><li><strong>Remunera\u00e7\u00e3o<\/strong> &#8211;&nbsp;R$ 4.942,46&nbsp;+ Reembolso Transporte + R$ 350,00 (aux\u00edlio-sa\u00fade) + R$ 400,00 (aux\u00edlio-alimenta\u00e7\u00e3o)<\/li><\/ul>\n\n\n\n<ul class=\"wp-block-list\"><li><strong>Analista em Vigil\u00e2ncia Sanit\u00e1ria \/ Engenheiro Qu\u00edmico<\/strong>&nbsp;\u2013&nbsp;<strong>1 vaga<\/strong><\/li><li><strong>Requisitos <\/strong>&#8211; Ensino Superior completo em Engenharia Qu\u00edmica, reconhecido pelo MEC e Registro no Conselho Regional de Engenharia e Agronomia do Estado de S\u00e3o Paulo  <\/li><li><strong>Remunera\u00e7\u00e3o <\/strong>&#8211; R$ 4.942,46&nbsp;+ Reembolso Transporte + R$ 350,00 (aux\u00edlio-sa\u00fade) + R$ 400,00 (aux\u00edlio-alimenta\u00e7\u00e3o)<\/li><\/ul>\n\n\n\n<ul class=\"wp-block-list\"><li><strong>Analista em Vigil\u00e2ncia Sanit\u00e1ria \/ Farmac\u00eautico<\/strong>&nbsp;\u2013&nbsp;<strong>3 vagas<\/strong><\/li><li><strong>Requisitos <\/strong>&#8211; Ensino Superior completo em Farm\u00e1cia, reconhecido pelo MEC e Registro no Conselho Regional de Farm\u00e1cia do Estado de S\u00e3o Paulo  <\/li><li><strong>Remunera\u00e7\u00e3o <\/strong>&#8211; R$ 4.942,46&nbsp;+ Reembolso Transporte + R$ 350,00 (aux\u00edlio-sa\u00fade) + R$ 400,00 (aux\u00edlio-alimenta\u00e7\u00e3o)<\/li><\/ul>\n\n\n\n<ul class=\"wp-block-list\"><li><strong>Analista em Vigil\u00e2ncia Sanit\u00e1ria \/ M\u00e9dico Veterin\u00e1rio<\/strong>&nbsp;\u2013&nbsp;<strong>1 vaga<\/strong><\/li><li><strong>Requisitos <\/strong>&#8211; Ensino Superior completo em Medicina Veterin\u00e1ria, reconhecido pelo MEC e Registro no Conselho Regional de Medicina Veterin\u00e1ria do Estado de S\u00e3o Paulo  <\/li><li><strong>Remunera\u00e7\u00e3o <\/strong>&#8211; R$ 4.942,46&nbsp;+ Reembolso Transporte + R$ 350,00 (aux\u00edlio-sa\u00fade) + R$ 400,00 (aux\u00edlio-alimenta\u00e7\u00e3o)<\/li><\/ul>\n\n\n\n<ul class=\"wp-block-list\"><li><strong>Bi\u00f3logo<\/strong>&nbsp;\u2013&nbsp;<strong>1 vaga<\/strong><\/li><li><strong>Requisitos <\/strong>&#8211; Ensino Superior completo em Biologia, reconhecido pelo MEC e Registro no Conselho Regional de Biologia do Estado de S\u00e3o Paulo  <\/li><li><strong>Remunera\u00e7\u00e3o <\/strong>&#8211; R$ 4.942,46&nbsp;+ Reembolso Transporte + R$ 350,00 (aux\u00edlio-sa\u00fade) + R$ 400,00 (aux\u00edlio-alimenta\u00e7\u00e3o)<\/li><\/ul>\n\n\n\n<ul class=\"wp-block-list\"><li><strong>Biom\u00e9dico<\/strong>&nbsp;\u2013&nbsp;<strong>6 vagas<\/strong><\/li><li><strong>Requisitos <\/strong>&#8211; Ensino Superior completo em Biomedicina, reconhecido pelo MEC e Registro no Conselho Regional de Biomedicina do Estado de S\u00e3o Paulo  <\/li><li><strong>Remunera\u00e7\u00e3o <\/strong>&#8211; R$ 4.942,46&nbsp;+ Reembolso Transporte + R$ 350,00 (aux\u00edlio-sa\u00fade) + R$ 400,00 (aux\u00edlio-alimenta\u00e7\u00e3o)<\/li><\/ul>\n\n\n\n<ul class=\"wp-block-list\"><li><strong>Cirurgi\u00e3o Dentista<\/strong>\u00a0\u2013\u00a0<strong>13 vagas<\/strong><\/li><li><strong>Requisitos <\/strong>&#8211; Ensino Superior completo em Odontologia, reconhecido pelo MEC e Registro no Conselho Regional de Odontologia do Estado de S\u00e3o Paulo  <\/li><li><strong>Remunera\u00e7\u00e3o &#8211;<\/strong> R$ 8.251,85\u00a0+ R$ 350,00 (aux\u00edlio-sa\u00fade) + R$ 400,00 (aux\u00edlio alimenta\u00e7\u00e3o)<\/li><\/ul>\n\n\n\n<ul class=\"wp-block-list\"><li><strong>Enfermeiro<\/strong>\u00a0\u2013\u00a0<strong>18 vagas<\/strong><\/li><li><strong>Requisitos <\/strong>&#8211; Ensino Superior completo em Enfermagem, reconhecido pelo MEC e Registro no Conselho Regional de Enfermagem do Estado de S\u00e3o Paulo  <\/li><li><strong>Remunera\u00e7\u00e3o <\/strong>&#8211; R$ 8.251,85\u00a0+ R$ 350,00 (aux\u00edlio-sa\u00fade) + R$ 400,00 (aux\u00edlio alimenta\u00e7\u00e3o)<\/li><\/ul>\n\n\n\n<ul class=\"wp-block-list\"><li><strong>Farmac\u00eautico<\/strong>&nbsp;\u2013&nbsp;<strong>5 vagas<\/strong><\/li><li><strong>Requisitos <\/strong>&#8211; Ensino Superior completo em Farm\u00e1cia, reconhecido pelo MEC e Registro no Conselho Regional de Farm\u00e1cia do Estado de S\u00e3o Paulo  <\/li><li><strong>Remunera\u00e7\u00e3o <\/strong>&#8211; R$ 8.251,85&nbsp;+ R$ 350,00 (aux\u00edlio-sa\u00fade) + R$ 400,00 (aux\u00edlio alimenta\u00e7\u00e3o)<\/li><\/ul>\n\n\n\n<ul class=\"wp-block-list\"><li><strong>Fisioterapeuta<\/strong>&nbsp;\u2013&nbsp;<strong>4 vagas&nbsp;<\/strong><\/li><li><strong>Requisitos <\/strong>&#8211; Ensino Superior completo em Fisioterapia, reconhecido pelo MEC e Registro no Conselho Regional de Fisioterapia e Terapia Ocupacional do Estado de S\u00e3o Paulo  <\/li><li><strong>Remunera\u00e7\u00e3o <\/strong>&#8211; R$ 8.251,85&nbsp;+ R$ 350,00 (aux\u00edlio-sa\u00fade) + R$ 400,00 (aux\u00edlio alimenta\u00e7\u00e3o)<\/li><\/ul>\n\n\n\n<ul class=\"wp-block-list\"><li><strong>Fonoaudi\u00f3logo<\/strong>&nbsp;\u2013&nbsp;<strong>3 vagas<\/strong>&nbsp;<\/li><li><strong>Requisitos <\/strong>&#8211; Ensino Superior completo em Fonoaudiologia, reconhecido pelo MEC e Registro no Conselho Regional de Fonoaudiologia do Estado de S\u00e3o Paulo  <\/li><li><strong>Remunera\u00e7\u00e3o <\/strong>&#8211; R$ 8.251,85&nbsp;+ R$ 350,00 (aux\u00edlio-sa\u00fade) + R$ 400,00 (aux\u00edlio alimenta\u00e7\u00e3o)<\/li><\/ul>\n\n\n\n<ul class=\"wp-block-list\"><li><strong>M\u00e9dico da Fam\u00edlia e Comunidade<\/strong>\u00a0\u2013\u00a0<strong>35 vagas<\/strong><\/li><li><strong>Requisitos <\/strong>&#8211; Ensino Superior completo em Medicina, reconhecido pelo MEC e Registro no Conselho Regional de Medicina do Estado de S\u00e3o Paulo; Resid\u00eancia M\u00e9dica em Sa\u00fade da Fam\u00edlia \/ Medicina de Fam\u00edlia e Comunidade, Clinica M\u00e9dica, cirurgia geral, pediatria ou ginecologia ou Certificado de Conclus\u00e3o de curso de Especializa\u00e7\u00e3o em Sa\u00fade da Fam\u00edlia com, no m\u00ednimo, 600 horas ou comprovante de experi\u00eancia profissional m\u00ednima de 01 (hum) ano em Programa da Sa\u00fade da Fam\u00edlia e Certid\u00e3o \u00c9tico Profissional \u2013CREMESP  <\/li><li><strong>Remunera\u00e7\u00e3o <\/strong>&#8211; R$ 8.251,85\u00a0+ Gratifica\u00e7\u00e3o de R$ 3.968,70 + R$ 350,00 (aux\u00edlio-sa\u00fade) + R$ 400,00 (aux\u00edlio alimenta\u00e7\u00e3o)<\/li><\/ul>\n\n\n\n<ul class=\"wp-block-list\"><li><strong>M\u00e9dico Ginecologista<\/strong>&nbsp;\u2013&nbsp;<strong>7 vagas<\/strong><\/li><li><strong>Requisitos <\/strong>&#8211; Ensino Superior completo em Medicina, reconhecido pelo MEC e Registro no Conselho Regional de Medicina do Estado de S\u00e3o Paulo e Certid\u00e3o \u00c9tico Profissional \u2013 CREMESP e Resid\u00eancia M\u00e9dica em Ginecologia e Obstetr\u00edcia reconhecida pelo MEC  <\/li><li><strong>Remunera\u00e7\u00e3o <\/strong>&#8211; R$ 4.125,92&nbsp;+ Gratifica\u00e7\u00e3o + R$ 350,00 (aux\u00edlio-sa\u00fade) + R$ 400,00 (aux\u00edlio alimenta\u00e7\u00e3o)<\/li><\/ul>\n\n\n\n<ul class=\"wp-block-list\"><li><strong>M\u00e9dico Infectologista<\/strong>&nbsp;\u2013&nbsp;<strong>1 vaga&nbsp;<\/strong><\/li><li><strong>Requisitos <\/strong>&#8211; Ensino Superior completo em Medicina, reconhecido pelo MEC e Registro no Conselho Regional de Medicina do Estado de S\u00e3o Paulo e Certid\u00e3o \u00c9tico Profissional \u2013 CREMESP e Resid\u00eancia M\u00e9dica em Infectologia reconhecida pelo MEC  <\/li><li><strong>Remunera\u00e7\u00e3o <\/strong>&#8211; R$ 4.125,92&nbsp;+ Gratifica\u00e7\u00e3o + R$ 350,00 (aux\u00edlio-sa\u00fade) + R$ 400,00 (aux\u00edlio alimenta\u00e7\u00e3o)<\/li><\/ul>\n\n\n\n<ul class=\"wp-block-list\"><li><strong>M\u00e9dico Neurologista<\/strong>&nbsp;\u2013&nbsp;<strong>1 vaga<\/strong><\/li><li><strong>Requisitos <\/strong>&#8211; Ensino Superior completo em Medicina, reconhecido pelo MEC e Registro no Conselho Regional de Medicina do Estado de S\u00e3o Paulo e Certid\u00e3o \u00c9tico Profissional \u2013 CREMESP e Resid\u00eancia M\u00e9dica em Neurologia reconhecida pelo MEC  <\/li><li><strong>Remunera\u00e7\u00e3o <\/strong>&#8211;&nbsp;R$ 4.125,92&nbsp;+ Gratifica\u00e7\u00e3o + R$ 350,00 (aux\u00edlio-sa\u00fade) + R$ 400,00 (aux\u00edlio alimenta\u00e7\u00e3o)<\/li><\/ul>\n\n\n\n<ul class=\"wp-block-list\"><li><strong>M\u00e9dico Oncologista<\/strong>&nbsp;\u2013&nbsp;<strong>2 vagas<\/strong><\/li><li><strong>Requisitos <\/strong>&#8211; Ensino Superior completo em Medicina, reconhecido pelo MEC e Registro no Conselho Regional de Medicina do Estado de S\u00e3o Paulo e Certid\u00e3o \u00c9tico Profissional \u2013 CREMESP e Resid\u00eancia M\u00e9dica em Oncologia reconhecida pelo MEC  <\/li><li><strong>Remunera\u00e7\u00e3o<\/strong> &#8211; R$ 4.125,92&nbsp;+ Gratifica\u00e7\u00e3o + R$ 350,00 (aux\u00edlio-sa\u00fade) + R$ 400,00 (aux\u00edlio alimenta\u00e7\u00e3o)<\/li><\/ul>\n\n\n\n<ul class=\"wp-block-list\"><li><strong>M\u00e9dico Ortopedista<\/strong>&nbsp;\u2013&nbsp;<strong>3 vagas&nbsp;<\/strong><\/li><li><strong>Requisitos <\/strong>&#8211; Ensino Superior completo em Medicina, reconhecido pelo MEC e Registro no Conselho Regional de Medicina do Estado de S\u00e3o Paulo e Certid\u00e3o \u00c9tico Profissional \u2013 CREMESP e Resid\u00eancia M\u00e9dica em Ortopedia reconhecida pelo MEC  <\/li><li><strong>Remunera\u00e7\u00e3o <\/strong>&#8211; R$ 4.125,92&nbsp;+ Gratifica\u00e7\u00e3o + R$ 350,00 (aux\u00edlio-sa\u00fade) + R$ 400,00 (aux\u00edlio alimenta\u00e7\u00e3o)<\/li><\/ul>\n\n\n\n<ul class=\"wp-block-list\"><li><strong>M\u00e9dico Pediatra<\/strong>&nbsp;\u2013&nbsp;<strong>6 vagas<\/strong><\/li><li><strong>Requisitos <\/strong>&#8211; Ensino Superior completo em Medicina, reconhecido pelo MEC e Registro no Conselho Regional de Medicina do Estado de S\u00e3o Paulo e Certid\u00e3o \u00c9tico Profissional \u2013 CREMESP e Resid\u00eancia M\u00e9dica em Pediatria reconhecida pelo MEC  <\/li><li><strong>Remunera\u00e7\u00e3o <\/strong>&#8211; R$ 4.125,92&nbsp;+ Gratifica\u00e7\u00e3o + R$ 350,00 (aux\u00edlio-sa\u00fade) + R$ 400,00 (aux\u00edlio alimenta\u00e7\u00e3o)<\/li><\/ul>\n\n\n\n<ul class=\"wp-block-list\"><li><strong>M\u00e9dico Plantonista Cl\u00ednico<\/strong>\u00a0\u2013\u00a0<strong>20 vagas<\/strong><\/li><li><strong>Requisitos <\/strong>&#8211; Ensino Superior completo em Medicina, reconhecido pelo MEC e Registro no Conselho Regional de Medicina do Estado de S\u00e3o Paulo e Certid\u00e3o \u00c9tico Profissional &#8211; CREMESP; Certificado de conclus\u00e3o de resid\u00eancia m\u00e9dica em Programa credenciado pela Comiss\u00e3o Nacional de Resid\u00eancia M\u00e9dica (CNRM), reconhecido pelo MEC, nas Especialidades: cl\u00ednica m\u00e9dica, ou cirurgia geral, ou anestesiologia, ou cardiologia, ou medicina intensiva (adulta ou pedi\u00e1trica), ou medicina de emerg\u00eancia, ou neurologia para plantonistas cl\u00ednicos ou T\u00edtulo de especialista emitido pela Associa\u00e7\u00e3o M\u00e9dica Brasileira (AMB) ou pelo MEC nas especialidades: cl\u00ednica m\u00e9dica, ou cirurgia geral, ou anestesiologista, ou cardiologista, ou medicina intensiva (adulta ou pedi\u00e1trica), ou medicina de emerg\u00eancia, ou ortopedia, ou endocrinologia, ou infectologia, ou nefrologia; Certificados de realiza\u00e7\u00e3o dos cursos de ATLS (Suporte Avan\u00e7ado de Vida ao Trauma), ACLS (Suporte Avan\u00e7ado de Vida em Cardiologia), vigentes para os m\u00e9dicos plantonistas cl\u00ednicos ou obter o mesmo durante o per\u00edodo de est\u00e1gio probat\u00f3rio  <\/li><li><strong>Remunera\u00e7\u00e3o <\/strong>&#8211; R$ 1.302,01\u00a0por plant\u00e3o de 12 horas. M\u00ednimo de 08 plant\u00f5es mensais e m\u00e1ximo de 10 plant\u00f5es mensais + Gratifica\u00e7\u00e3o. Os vencimentos poder\u00e3o atingir o valor m\u00e1ximo de\u00a0R$ 16.002,99<\/li><\/ul>\n\n\n\n<ul class=\"wp-block-list\"><li><strong>M\u00e9dico Plantonista Pediatra<\/strong>\u00a0\u2013\u00a0<strong>15 vagas<\/strong><\/li><li><strong>Requisitos <\/strong>&#8211; Ensino Superior completo em Medicina, reconhecido pelo MEC e Registro no Conselho Regional de Medicina do Estado de S\u00e3o Paulo e Certid\u00e3o \u00c9tico Profissional &#8211; CREMESP; Certificado de conclus\u00e3o de resid\u00eancia m\u00e9dica em Programa credenciado pela Comiss\u00e3o Nacional de Resid\u00eancia M\u00e9dica (CNRM), na Especialidade ou T\u00edtulo de especialista em Pediatria emitido pela Associa\u00e7\u00e3o M\u00e9dica Brasileira (AMB) ou institui\u00e7\u00e3o reconhecida pelo MEC; Certificado de realiza\u00e7\u00e3o do curso PALS (Suporte Avan\u00e7ado de Vida em Pediatria), vigente para os m\u00e9dicos plantonistas pediatra ou obter o mesmo durante o per\u00edodo de est\u00e1gio probat\u00f3rio <\/li><li><strong>Remunera\u00e7\u00e3o <\/strong>&#8211; R$ 1.302,01\u00a0por plant\u00e3o de 12 horas. M\u00ednimo de 08 plant\u00f5es mensais e m\u00e1ximo de 10 plant\u00f5es mensais + Gratifica\u00e7\u00e3o. Os vencimentos poder\u00e3o atingir o valor m\u00e1ximo de\u00a0R$ 16.002,99<\/li><\/ul>\n\n\n\n<ul class=\"wp-block-list\"><li><strong>M\u00e9dico Veterin\u00e1rio<\/strong>&nbsp;\u2013&nbsp;<strong>2 vagas<\/strong><\/li><li><strong>Requisitos <\/strong>&#8211; Ensino Superior completo em Medicina Veterin\u00e1ria, reconhecido pelo MEC e Registro no Conselho Regional de Medicina Veterin\u00e1ria do Estado de S\u00e3o Paulo &#8211; R$ 4.942,46&nbsp;+ R$ 350,00 (aux\u00edlio-sa\u00fade) + R$ 400,00 (aux\u00edlio alimenta\u00e7\u00e3o)<\/li><\/ul>\n\n\n\n<ul class=\"wp-block-list\"><li><strong>Nutricionista<\/strong>&nbsp;\u2013&nbsp;<strong>4 vagas<\/strong><\/li><li><strong>Requisitos <\/strong>&#8211; Ensino Superior completo em Nutri\u00e7\u00e3o, reconhecido pelo MEC e Registro no Conselho Regional de Nutricionistas do Estado de S\u00e3o Paulo <\/li><li><strong>Remunera\u00e7\u00e3o <\/strong>&#8211; R$ 4.942,46&nbsp;+ R$ 350,00 (aux\u00edlio-sa\u00fade) + R$ 400,00 (aux\u00edlio alimenta\u00e7\u00e3o)<\/li><\/ul>\n\n\n\n<ul class=\"wp-block-list\"><li><strong>Terapeuta Ocupacional<\/strong>&nbsp;\u2013&nbsp;<strong>2 vagas&nbsp;<\/strong><\/li><li><strong>Requisitos <\/strong>&#8211; Ensino Superior completo, em Terapia Ocupacional, reconhecido pelo MEC e Registro no Conselho Regional de Fisioterapia e Terapia Ocupacional do Estado de S\u00e3o Paulo <\/li><li><strong>Remunera\u00e7\u00e3o <\/strong>&#8211; R$ 4.942,46&nbsp;+ R$ 350,00 (aux\u00edlio-sa\u00fade) + R$ 400,00 (aux\u00edlio alimenta\u00e7\u00e3o)<\/li><\/ul>\n\n\n\n<h3 class=\"wp-block-heading\">N\u00edvel m\u00e9dio<\/h3>\n\n\n\n<ul class=\"wp-block-list\"><li><strong>Auxiliar de Sa\u00fade Bucal&nbsp;\u2013&nbsp;7 vagas<\/strong><\/li><li><strong>Requisitos <\/strong>&#8211; Ensino M\u00e9dio completo e Certificado de Conclus\u00e3o do Curso de Auxiliar em Sa\u00fade Bucal ou Auxiliar de Consult\u00f3rio Dent\u00e1rio reconhecidos por \u00f3rg\u00e3o competente e Registro no Conselho Regional de Odontologia do Estado de S\u00e3o Paulo <\/li><li><strong>Remunera\u00e7\u00e3o<\/strong> &#8211; R$ 2.105,68&nbsp;+ R$ 350,00 (aux\u00edlio-sa\u00fade) + R$ 400,00 (aux\u00edlio alimenta\u00e7\u00e3o)<\/li><\/ul>\n\n\n\n<ul class=\"wp-block-list\"><li><strong>T\u00e9cnico de Enfermagem\u00a0\u2013\u00a022 vagas<\/strong><\/li><li><strong>Requisitos <\/strong>&#8211; Ensino M\u00e9dio completo e Certificado de Conclus\u00e3o do Curso T\u00e9cnico Profissionalizante em Enfermagem, reconhecido por \u00f3rg\u00e3o competente e Registro no Conselho Regional de Enfermagem do Estado de S\u00e3o Paulo <\/li><li><strong>Remunera\u00e7\u00e3o <\/strong>&#8211; R$ 2.105,68\u00a0+ R$ 350,00 (aux\u00edlio-sa\u00fade) + R$ 400,00 (aux\u00edlio alimenta\u00e7\u00e3o)<\/li><\/ul>\n\n\n\n<ul class=\"wp-block-list\"><li><strong>T\u00e9cnico em Farm\u00e1cia<\/strong>&nbsp;<strong>\u2013&nbsp;5 vagas<\/strong><\/li><li><strong>Requisitos <\/strong>&#8211; Ensino M\u00e9dio completo e Certificado de Conclus\u00e3o do Curso T\u00e9cnico Profissionalizante em Farm\u00e1cia reconhecidos por \u00f3rg\u00e3o competente <\/li><li><strong>Remunera\u00e7\u00e3o <\/strong>&#8211; R$ 2.105,68&nbsp;+ R$ 350,00 (aux\u00edlio-sa\u00fade) + R$ 400,00 (aux\u00edlio alimenta\u00e7\u00e3o)<\/li><\/ul>\n\n\n\n<ul class=\"wp-block-list\"><li><strong>T\u00e9cnico em Patologia<\/strong>&nbsp;<strong>Cl\u00ednica<\/strong>&nbsp;<strong>\u2013&nbsp;7 vagas<\/strong><\/li><li><strong>Requisitos <\/strong>&#8211; Ensino M\u00e9dio completo e Certificado de Conclus\u00e3o do Curso T\u00e9cnico em An\u00e1lises Cl\u00ednicas reconhecido por \u00f3rg\u00e3o competente e Registro no Conselho Regional de Farm\u00e1cia <\/li><li><strong>Remunera\u00e7\u00e3o <\/strong>&#8211; R$ 2.105,68&nbsp;+ R$ 350,00 (aux\u00edlio-sa\u00fade) + R$ 400,00 (aux\u00edlio alimenta\u00e7\u00e3o)<\/li><\/ul>\n\n\n\n<ul class=\"wp-block-list\"><li><strong>T\u00e9cnico em Radiologia<\/strong>&nbsp;<strong>\u2013&nbsp;3 vagas<\/strong><\/li><li><strong>Requisitos <\/strong>&#8211; Curso T\u00e9cnico Profissionalizante em Radiologia ou superior de Tecn\u00f3logo em Radiologia e Registro no Conselho Regional de T\u00e9cnicos em Radiologia do Estado de S\u00e3o Paulo <\/li><li><strong>Remunera\u00e7\u00e3o <\/strong>&#8211; R$ 2.105,68&nbsp;+ R$ 350,00 (aux\u00edlio-sa\u00fade) + R$ 400,00 (aux\u00edlio alimenta\u00e7\u00e3o)<\/li><\/ul>\n\n\n\n<h3 class=\"wp-block-heading\">Etapas do certame<\/h3>\n\n\n\n<p>A estrutura abaixo corresponde aos cargos de:&nbsp;<em>Analista em Vigil\u00e2ncia Sanit\u00e1ria (todas as especialidades), Nutricionista, Terapeuta Ocupacional, Bi\u00f3logo, Biom\u00e9dico, Cirurgi\u00e3o Dentista, Enfermeiro, Farmac\u00eautico, Fisioterapeuta, Fonoaudi\u00f3logo<\/em>. <\/p>\n\n\n\n<p>A dura\u00e7\u00e3o \u00e9 de 4 horas e ser\u00e1 aplicada no per\u00edodo da manh\u00e3.<\/p>\n\n\n\n<ul class=\"wp-block-list\"><li><strong>Prova objetiva \u2013 Total de 50 quest\u00f5es&nbsp;<\/strong><ul><li>Conhecimentos gerais \u2013&nbsp;20 (Peso 1)<\/li><li>Conhecimentos Espec\u00edficos \u2013&nbsp;30 (Peso 3)<\/li><\/ul><\/li><li><strong>Prova discursiva<\/strong><ul><li>Estudo de Caso<\/li><\/ul><\/li><\/ul>\n\n\n\n<p>A estrutura abaixo corresponde aos cargos de:&nbsp;<em>M\u00e9dico Ortopedista, M\u00e9dico Pediatra, Auxiliar de Sa\u00fade Bucal, T\u00e9cnico de Enfermagem, T\u00e9cnico em Farm\u00e1cia, T\u00e9cnico em Patologia Cl\u00ednica, M\u00e9dico da Fam\u00edlia e Comunidade, M\u00e9dico Ginecologista, M\u00e9dico Infectologista, M\u00e9dico Neurologista, M\u00e9dico Oncologista, M\u00e9dico Plantonista Cl\u00ednico, M\u00e9dico Plantonista Pediatra e M\u00e9dico Veterin\u00e1rio<\/em>. <\/p>\n\n\n\n<p>A dura\u00e7\u00e3o \u00e9 de 3 horas e ser\u00e1 aplicada no per\u00edodo da tarde. <\/p>\n\n\n\n<ul class=\"wp-block-list\"><li><strong>Prova objetiva \u2013 Total de 50 quest\u00f5es<\/strong><ul><li>Conhecimentos gerais \u2013&nbsp;20 (Peso)&nbsp;<\/li><li>Conhecimentos espec\u00edficos \u2013&nbsp;30 (Peso 3)<\/li><\/ul><\/li><\/ul>\n\n\n\n<p>A estrutura abaixo corresponde ao cargo de:&nbsp;<em>T\u00e9cnico em Radiologia<\/em>. A dura\u00e7\u00e3o \u00e9 de 3 horas e ser\u00e1 aplicada no per\u00edodo da tarde.  <\/p>\n\n\n\n<ul class=\"wp-block-list\"><li><strong>Prova objetiva \u2013 Total de 50 quest\u00f5es<\/strong><ul><li>Conhecimentos gerais \u2013&nbsp;20 (Peso 1)<\/li><li>Conhecimentos espec\u00edficos \u2013&nbsp;30 (Peso 3)<\/li><\/ul><\/li><li><strong>Prova Pr\u00e1tica<\/strong><\/li><\/ul>\n\n\n\n<h2 class=\"wp-block-heading\" id=\"edital3\">Edital 03\/2019 \u2013 Agente Comunit\u00e1rio de Sa\u00fade e Agente de\nCombate \u00e0s Endemias<\/h2>\n\n\n\n<ul class=\"wp-block-list\"><li><strong>Agente de Combate \u00e0s Endemias \u2013 60 vagas &nbsp;<\/strong><\/li><li>Requisitos &#8211; Ensino m\u00e9dio completo <\/li><li>Remunera\u00e7\u00e3o &#8211; R$ 1.550,06 + R$ 350,00&nbsp;&nbsp; (aux\u00edlio-sa\u00fade) + R$ 400,00 (aux\u00edlio alimenta\u00e7\u00e3o).<\/li><\/ul>\n\n\n\n<ul class=\"wp-block-list\"><li><strong>Agente Comunit\u00e1rio de Sa\u00fade \u2013 80 vagas<\/strong><\/li><li><strong>Requisitos &#8211; <\/strong>Ensino M\u00e9dio Completo e residir na regi\u00e3o da divis\u00e3o geogr\u00e1fica do munic\u00edpio desde a data de publica\u00e7\u00e3o do edital do Processo Seletivo.<\/li><li><strong>Remunera\u00e7\u00e3o<\/strong> &#8211; R$ 1.550,06 + R$ 350,00 (aux\u00edlio-sa\u00fade) + R$ 400,00* (aux\u00edlio alimenta\u00e7\u00e3o).<\/li><\/ul>\n\n\n\n<p><em>As vagas est\u00e3o distribu\u00eddas entre as regi\u00f5es abaixo<\/em>:<\/p>\n\n\n\n<ul class=\"wp-block-list\"><li>Central &#8211; 12 vagas<\/li><li>Bosque &#8211; 3 vagas<\/li><li>Talhado &#8211; 11 vagas<\/li><li>Represa \u2013 1 vaga<\/li><li>Vila Toninho &#8211; 3 vagas<\/li><li>Schimitt &#8211; 4 vagas<\/li><li>HB &#8211; 8 vagas<\/li><li>Cidade da Crian\u00e7a &#8211; 11 vagas<\/li><li>Pinheirinho &#8211; 16 vagas<\/li><li>CEU \u2013 11 vagas<\/li><\/ul>\n\n\n\n<h3 class=\"wp-block-heading\">Etapas do certame<\/h3>\n\n\n\n<p>Ser\u00e3o no total tr\u00eas etapas. A primeira habilitat\u00f3ria e classificat\u00f3ria. A avalia\u00e7\u00e3o objetiva ser\u00e1 no per\u00edodo da manh\u00e3 e ter\u00e1 3 horas de dura\u00e7\u00e3o. Confira a seguir cada etapa.<\/p>\n\n\n\n<ul class=\"wp-block-list\"><li><strong>1\u00aa Etapa &#8211; Prova Objetiva <\/strong><ul><li>Conhecimentos Gerais \u2013 20 (Peso 1)<\/li><li>Conhecimentos Espec\u00edficos \u2013 30 (Peso 2)<\/li><\/ul><\/li><li><strong>2\u00aa Etapa &#8211; Teste de Aptid\u00e3o F\u00edsica \u2013 TAF<\/strong><\/li><li><strong>3\u00aa Etapa &#8211; Curso Introdut\u00f3rio de Forma\u00e7\u00e3o com prova <\/strong><\/li><\/ul>\n\n\n\n<h2 class=\"wp-block-heading\" id=\"edital4\"> <strong>Edital 04\/2019 \u2013 Agente Administrativo<\/strong><\/h2>\n\n\n\n<ul class=\"wp-block-list\"><li><strong>Agente Administrativo \u2013 156 vagas<\/strong><\/li><li><strong>Requisito \u2013 <\/strong>Ensino M\u00e9dio Completo<\/li><li><strong>Remunera\u00e7\u00e3o &#8211; <\/strong>R$ 2.105,68 + R$ 350,00 (aux\u00edlio-sa\u00fade) + R$ 400,00* (aux\u00edlio-alimenta\u00e7\u00e3o)<\/li><\/ul>\n\n\n\n<h3 class=\"wp-block-heading\">Etapas do concurso<\/h3>\n\n\n\n<p>Para o cargo de Agente administrativo o concurso Rio Preto ter\u00e1 uma etapa constitu\u00edda de uma avalia\u00e7\u00e3o objetiva. O tempo de realiza\u00e7\u00e3o da prova ser\u00e1 de 3 horas no per\u00edodo da manh\u00e3.<\/p>\n\n\n\n<ul class=\"wp-block-list\"><li><strong>1\u00aa Etapa &#8211; Prova Objetiva<\/strong> <ul><li>Conhecimentos Gerais \u2013 20 (Peso 1)<\/li><li>Conhecimentos Espec\u00edficos \u2013 30 (Peso 2)<\/li><\/ul><\/li><\/ul>\n\n\n\n<p><em>A nota final de aprova\u00e7\u00e3o no concurso corresponder\u00e1 \u00e0 nota obtida nas Provas Objetivas (Conhecimentos Gerais e Conhecimentos Espec\u00edficos).<\/em><\/p>\n\n\n\n<h2 class=\"wp-block-heading\" id=\"edital5\"><strong>Edital 05\/2019 \u2013 Diversos Cargos<\/strong><\/h2>\n\n\n\n<h3 class=\"wp-block-heading\">Ensino superior<\/h3>\n\n\n\n<ul class=\"wp-block-list\"><li><strong>Agente de Cerimonial &#8211; 1 vaga <\/strong><\/li><li><strong>Requisito &#8211; <\/strong>Ensino Superior completo em Rela\u00e7\u00f5es P\u00fablicas ou Comunica\u00e7\u00e3o Social com habilita\u00e7\u00e3o em Rela\u00e7\u00f5es P\u00fablicas e Registro no Conselho Profissional da categoria do Estado de S\u00e3o Paulo.<\/li><li><strong>Remunera\u00e7\u00e3o &#8211; <\/strong>R$ 4.942,46 + R$ 350,00 (aux\u00edlio-sa\u00fade) + R$ 400,00* (aux\u00edlio alimenta\u00e7\u00e3o)<\/li><\/ul>\n\n\n\n<ul class=\"wp-block-list\"><li><strong>Agente Fiscal de Posturas \u2013 15 vagas<\/strong><\/li><li><strong>Requisito &#8211; <\/strong>Ensino Superior completo em qualquer \u00e1rea.<\/li><li><strong>Remunera\u00e7\u00e3o<\/strong> &#8211; R$ 4.942,46 + Reembolso Transporte + Adicional de Produtividade: R$ 436,47 + Produtividade vari\u00e1vel + R$ 350,00 (aux\u00edlio-sa\u00fade) + R$ 400,00* (aux\u00edlio alimenta\u00e7\u00e3o).<\/li><\/ul>\n\n\n\n<ul class=\"wp-block-list\"><li><strong>Arquiteto &#8211; 2 vagas<\/strong><\/li><li><strong>Requisito &#8211; <\/strong>Ensino Superior completo em Arquitetura e Registro no Conselho de Arquitetura e Urbanismo do Estado de S\u00e3o Paulo.<\/li><li><strong>Remunera\u00e7\u00e3o &#8211; <\/strong>R$ 4.942,46 + R$ 350,00 (aux\u00edlio-sa\u00fade) + R$ 400,00* (aux\u00edlio alimenta\u00e7\u00e3o).<\/li><\/ul>\n\n\n\n<ul class=\"wp-block-list\"><li><strong>Auditor Fiscal Tribut\u00e1rio Municipal \u2013 10 vagas<\/strong><\/li><li><strong>Requisito<\/strong> &#8211; Ensino Superior completo em qualquer \u00e1rea.<\/li><li><strong>Remunera\u00e7\u00e3o<\/strong> &#8211; R$ 4.942,46 + Reembolso Transporte + Adicional de Produtividade: R$ 2.633,29 + Adicional de Produtividade vari\u00e1vel + R$ 350,00 (aux\u00edlio sa\u00fade) + R$ 400,00 (aux\u00edlio-alimenta\u00e7\u00e3o).<\/li><\/ul>\n\n\n\n<ul class=\"wp-block-list\"><li><strong>Engenheiro Agr\u00f4nomo &#8211; 1 vaga<\/strong><\/li><li><strong>Requisito &#8211; <\/strong>Ensino Superior completo em Engenharia Agron\u00f4mica \/ Agronomia e Registro no Conselho Regional de Engenharia e Agronomia do Estado de S\u00e3o Paulo.<\/li><li><strong>Remunera\u00e7\u00e3o &#8211; <\/strong>R$ 4.942,46 + R$ 350,00 (aux\u00edlio-sa\u00fade) + R$ 400,00* (aux\u00edlio alimenta\u00e7\u00e3o).<\/li><\/ul>\n\n\n\n<ul class=\"wp-block-list\"><li><strong>Engenheiro Civil \u2013 10 vagas<\/strong><\/li><li><strong>Requisito &#8211; <\/strong>Ensino Superior completo em Engenharia Civil e Registro no Conselho Regional de Engenharia e Agronomia do Estado de S\u00e3o Paulo.<\/li><li><strong>Remunera\u00e7\u00e3o &#8211; <\/strong>R$ 4.942,46 + R$ 350,00 (aux\u00edlio-sa\u00fade) + R$ 400,00* (aux\u00edlio alimenta\u00e7\u00e3o).<\/li><\/ul>\n\n\n\n<ul class=\"wp-block-list\"><li><strong>Engenheiro Eletricista &#8211; 1 vaga<\/strong><\/li><li><strong>Requisito &#8211; <\/strong>Ensino Superior completo em Engenharia El\u00e9trica e Registro no Conselho Regional de Engenharia e Agronomia do Estado de S\u00e3o Paulo.<\/li><li><strong>Remunera\u00e7\u00e3o &#8211; <\/strong>R$ 4.942,46 + R$ 350,00 (aux\u00edlio-sa\u00fade) + R$ 400,00* (aux\u00edlio alimenta\u00e7\u00e3o).<\/li><\/ul>\n\n\n\n<ul class=\"wp-block-list\"><li><strong>Jornalista \u2013 1 vaga<\/strong><\/li><li><strong>Requisito &#8211; <\/strong>Ensino Superior completo em Comunica\u00e7\u00e3o Social ou Jornalismo ou Comunica\u00e7\u00e3o Social com habilita\u00e7\u00e3o em Jornalismo e Registro profissional no Minist\u00e9rio do Trabalho e Emprego.<\/li><li><strong>Remunera\u00e7\u00e3o &#8211; <\/strong>R$ 4.942,46 + R$ 350,00 (aux\u00edlio-sa\u00fade) + R$ 400,00 (aux\u00edlio-alimenta\u00e7\u00e3o).<\/li><\/ul>\n\n\n\n<ul class=\"wp-block-list\"><li><strong>M\u00e9dico do Trabalho \u2013 1 vaga<\/strong><\/li><li><strong>Requisito &#8211; <\/strong>Ensino Superior completo em Medicina e Curso de especializa\u00e7\u00e3o em Medicina do Trabalho ou Certificado de Resid\u00eancia m\u00e9dica ou T\u00edtulo de especialista na AMB e Registro no Conselho Regional de Medicina do Estado de S\u00e3o Paulo.<\/li><li><strong>Remunera\u00e7\u00e3o<\/strong> &#8211; R$ 4.125,92 + R$ 350,00 (aux\u00edlio-sa\u00fade) + R$ 400,00* (aux\u00edlio alimenta\u00e7\u00e3o) \u2013 20h.<ul><li>(em uma retifica\u00e7\u00e3o posterior, o valor da remunera\u00e7\u00e3o inicial foi alterada de <strong>R$ 8.251,85<\/strong> para R$ 4.125,92)<\/li><\/ul><\/li><\/ul>\n\n\n\n<h3 class=\"wp-block-heading\">Ensino m\u00e9dio e t\u00e9cnico<\/h3>\n\n\n\n<ul class=\"wp-block-list\"><li><strong>T\u00e9cnico de Ilumina\u00e7\u00e3o &#8211; 3 vagas<\/strong><\/li><li><strong>Requisito<\/strong> &#8211; Ensino m\u00e9dio completo e possuir DRT na fun\u00e7\u00e3o em que pretende.<\/li><li><strong>Remunera\u00e7\u00e3o<\/strong> &#8211; R$ 2.105,68 + R$ 350,00 (aux\u00edlio-sa\u00fade) + R$ 400,00* (aux\u00edlio-alimenta\u00e7\u00e3o).<\/li><\/ul>\n\n\n\n<ul class=\"wp-block-list\"><li><strong>T\u00e9cnico de Seguran\u00e7a do Trabalho \u2013 1 vaga<\/strong><\/li><li><strong>Requisito &#8211; <\/strong>Curso T\u00e9cnico em Seguran\u00e7a do Trabalho e Registro profissional no Minist\u00e9rio do Trabalho e Emprego (MTE).<\/li><li><strong>Remunera\u00e7\u00e3o<\/strong> &#8211; R$ 2.105,68 + R$ 350,00 (aux\u00edlio-sa\u00fade) + R$ 400,00* (aux\u00edlio -alimenta\u00e7\u00e3o).<\/li><\/ul>\n\n\n\n<ul class=\"wp-block-list\"><li><strong>T\u00e9cnico de Som \u2013 3 vagas<\/strong><\/li><li><strong>Requisito &#8211; <\/strong>Ensino m\u00e9dio completo e ter DRT na fun\u00e7\u00e3o em que pretende.<\/li><li><strong>Remunera\u00e7\u00e3o<\/strong> &#8211; R$ 2.105,68 + R$ 350,00 (aux\u00edlio-sa\u00fade) + R$ 400,00* (aux\u00edlio-alimenta\u00e7\u00e3o).<\/li><\/ul>\n\n\n\n<h3 class=\"wp-block-heading\">Etapas do certame<\/h3>\n\n\n\n<p>De um cargo para o outro o peso das quest\u00f5es variam. Para alguns cargos h\u00e1 prova de t\u00edtulos e prova pr\u00e1tica. Veja abaixo:<\/p>\n\n\n\n<p><strong>Agente de Cerimonial, Engenheiro Agr\u00f4nomo, Engenheiro\nCivil, Engenheiro Eletricista, M\u00e9dico do Trabalho, Arquiteto, Jornalista<\/strong><\/p>\n\n\n\n<ul class=\"wp-block-list\"><li><strong>1\u00aa Etapa<\/strong> &#8211; <strong>Prova Objetiva \u2013  3 horas de dura\u00e7\u00e3o<\/strong><ul><li>Conhecimentos Gerais \u2013 20 (Peso 1)<\/li><li>Conhecimentos Espec\u00edficos \u2013 30 (Peso 3)<\/li><\/ul><\/li><\/ul>\n\n\n\n<p><strong>T\u00e9cnico de Som, T\u00e9cnico de Ilumina\u00e7\u00e3o, T\u00e9cnico de Seguran\u00e7a do Trabalho<\/strong>.<\/p>\n\n\n\n<ul class=\"wp-block-list\"><li><strong>1\u00aa Etapa &#8211; Prova Objetiva \u2013 3 horas de dura\u00e7\u00e3o<\/strong><ul><li>Conhecimentos Gerais \u2013 20 (Peso 1)<\/li><li>Conhecimentos Espec\u00edficos \u2013 30 (Peso 2)<\/li><\/ul><\/li><\/ul>\n\n\n\n<p><strong>Agente Fiscal de Posturas e Auditor Fiscal Tribut\u00e1rio Municipal<\/strong><\/p>\n\n\n\n<ul class=\"wp-block-list\"><li><strong>1\u00aa Etapa &#8211; Prova Objetiva &#8211; 5 horas de dura\u00e7\u00e3o <\/strong><ul><li>Conhecimentos Gerais &#8211; 30&nbsp;<\/li><li>Conhecimentos Espec\u00edficos &#8211; 40&nbsp; <\/li><\/ul><\/li><li><strong>2\u00aa Etapa &#8211; Prova Discursiva<\/strong>: <ul><li>Estudo de Caso &#8211; 1 <\/li><\/ul><\/li><li><strong>Prova Pr\u00e1tica<\/strong> \u2013 Agente Cerimonial, T\u00e9cnico de Som, Jornalista, T\u00e9cnico de Ilumina\u00e7\u00e3o<\/li><li><strong>Avalia\u00e7\u00e3o de T\u00edtulos<\/strong> &#8211; Engenheiro Agr\u00f4nomo, Engenheiro Civil, Engenheiro Eletricista, Arquiteto, Jornalista<\/li><\/ul>\n\n\n\n<h2 class=\"wp-block-heading\" id=\"edital6\"><strong>Edital 06\/2019 \u2013 RIOPRETOPREV<\/strong><\/h2>\n\n\n\n<ul class=\"wp-block-list\"><li><strong>Analista Previdenci\u00e1rio \u2013 Assistente Social \u2013 1 vaga<\/strong><\/li><li><strong>Requisito &#8211; <\/strong>Curso de n\u00edvel Superior completo em Servi\u00e7o Social reconhecido pelo MEC e registro no Conselho Profissional da categoria.<\/li><li><strong>Remunera\u00e7\u00e3o<\/strong> &#8211; R$ 4.942,46 + R$ 400,00* (Aux\u00edlio-alimenta\u00e7\u00e3o) + R$ 350,00 (Aux\u00edlio-Sa\u00fade) \u2013 30 horas.<ul><li>(em uma retifica\u00e7\u00e3o posterior foram adicionados os aux\u00edlios alimenta\u00e7\u00e3o e sa\u00fade) <\/li><\/ul><\/li><\/ul>\n\n\n\n<ul class=\"wp-block-list\"><li><strong>Analista Previdenci\u00e1rio \u2013 Psicologia \u2013 1 vaga<\/strong><\/li><li><strong>Requisito &#8211; <\/strong>Curso de n\u00edvel Superior completo em Psicologia reconhecido pelo MEC e registro no Conselho Profissional da categoria.<\/li><li><strong>Remunera\u00e7\u00e3o<\/strong> &#8211; R$ 4.942,46  + R$ 400,00* (Aux\u00edlio-alimenta\u00e7\u00e3o) + R$ 350,00 (Aux\u00edlio-Sa\u00fade) \u2013 40 horas.<ul><li>(em uma retifica\u00e7\u00e3o posterior foram adicionados os aux\u00edlios alimenta\u00e7\u00e3o e sa\u00fade)  <\/li><\/ul><\/li><\/ul>\n\n\n\n<ul class=\"wp-block-list\"><li><strong>Agente Previdenci\u00e1rio \u2013 02 vagas<\/strong><\/li><li><strong>Requisito<\/strong> &#8211; Ensino M\u00e9dio completo<\/li><li><strong>Remunera\u00e7\u00e3o<\/strong> &#8211; R$ 2.105,68  + R$ 400,00* (Aux\u00edlio-alimenta\u00e7\u00e3o) + R$ 350,00 (Aux\u00edlio-Sa\u00fade) \u2013 40 horas.<ul><li>(em uma retifica\u00e7\u00e3o posterior foram adicionados os aux\u00edlios alimenta\u00e7\u00e3o e sa\u00fade)  <\/li><\/ul><\/li><\/ul>\n\n\n\n<h3 class=\"wp-block-heading\">Etapas do concurso<\/h3>\n\n\n\n<ul class=\"wp-block-list\"><li><strong>Prova Objetiva \u2013 4h de dura\u00e7\u00e3o<\/strong><ul><li>Conhecimentos Gerais \u2013 20 (peso 1)<\/li><li>Conhecimentos Espec\u00edficos \u2013 30 (peso 3 para Analista); (peso 2 para Agente)<\/li><\/ul><\/li><li><strong>Prova Discursiva<\/strong>: <ul><li>Estudo de Caso &#8211; 1 quest\u00e3o (Analista)<\/li><li>Reda\u00e7\u00e3o (Agente)<\/li><\/ul><\/li><li><strong>Avalia\u00e7\u00e3o de T\u00edtulos<\/strong> &#8211; Somente para Analista<\/li><\/ul>\n\n\n\n<h2 class=\"wp-block-heading\" id=\"assinatura-e-cursos\"><strong>Assinatura ilimitada e cursos para o Concurso Rio Preto<\/strong><\/h2>\n\n\n\n<p style=\"text-align:center\"><em><strong>Gostou desta oportunidade e deseja come\u00e7ar se preparar agora mesmo? Ent\u00e3o, confira os nossos cursos e comece a estudar:<\/strong><\/em><\/p>\n\n\n\n<p style=\"font-size:25px;text-align:center\" class=\"has-background has-light-green-cyan-background-color\"><strong><a href=\"https:\/\/www.estrategiaconcursos.com.br\/cursosPorConcurso\/prefeitura-de-sao-jose-do-rio-preto\/\" target=\"_blank\" rel=\"noreferrer noopener\" aria-label=\"CURSO RIO PRETO (abre numa nova aba)\">CURSO<\/a><\/strong><a href=\"https:\/\/www.estrategiaconcursos.com.br\/cursosPorConcurso\/prefeitura-de-sao-jose-do-rio-preto\/\" target=\"_blank\" rel=\"noreferrer noopener\" aria-label=\"CURSO RIO PRETO (abre numa nova aba)\"> <\/a><strong><a href=\"https:\/\/www.estrategiaconcursos.com.br\/cursosPorConcurso\/prefeitura-de-sao-jose-do-rio-preto\/\" target=\"_blank\" rel=\"noreferrer noopener\" aria-label=\"CURSO RIO PRETO (abre numa nova aba)\">RIO PRETO<\/a><\/strong><\/p>\n\n\n\n<p style=\"text-align:center\" class=\"has-medium-font-size\"><em><strong>Assinatura Anual Ilimitada*<\/strong><\/em><\/p>\n\n\n\n<p style=\"text-align:center\"><em>Prepare-se com o melhor material e com quem mais aprova em Concursos P\u00fablicos em todo o pa\u00eds. Assine agora a nossa Assinatura Anual e tenha acesso ilimitado* a todos os nossos cursos.<\/em><\/p>\n\n\n\n<p style=\"font-size:22px;text-align:center\" class=\"has-text-color has-background has-very-dark-gray-color has-luminous-vivid-amber-background-color\"><strong>ASSINE AGORA<\/strong>&nbsp;\u2013&nbsp;<strong><a rel=\"noreferrer noopener\" aria-label=\"Assinatura Ilimitada (abre numa nova aba)\" href=\"https:\/\/www.estrategiaconcursos.com.br\/assinaturas\" target=\"_blank\">Assinatura Ilimitada<\/a><\/strong><\/p>\n\n\n\n<p style=\"text-align:center\" class=\"has-text-color has-background has-medium-font-size has-very-dark-gray-color has-pale-cyan-blue-background-color\"><strong><a href=\"https:\/\/www.estrategiaconcursos.com.br\/blog\/concursos-abertos\/\">CONCURSOS ABERTOS<\/a><\/strong><\/p>\n\n\n\n<p style=\"text-align:center\" class=\"has-text-color has-background has-medium-font-size has-very-dark-gray-color has-pale-cyan-blue-background-color\"><a href=\"https:\/\/www.estrategiaconcursos.com.br\/blog\/concursos-2019\/\"><strong>CONCURSOS 2019<\/strong><\/a><\/p>\n\n\n\n<p style=\"text-align:center\" class=\"has-text-color has-background has-medium-font-size has-very-dark-gray-color has-pale-cyan-blue-background-color\"><a href=\"https:\/\/www.estrategiaconcursos.com.br\/blog\/concursos-2020\/\"><strong>CONCURSOS<\/strong><\/a><strong><a href=\"https:\/\/www.estrategiaconcursos.com.br\/blog\/concursos-2020\/\"> 2020<\/a><\/strong><\/p>\n\n\n\n<figure class=\"wp-block-image\"><img loading=\"lazy\" decoding=\"async\" width=\"300\" height=\"102\" src=\"https:\/\/dhg1h5j42swfq.cloudfront.net\/2017\/03\/28152500\/coruja-ficha-tecnica-300x102.png\" alt=\"Ficha t\u00e9cnica do concurso Rio Preto.\" class=\"wp-image-68542\"\/><\/figure>\n\n\n\n<h3 class=\"wp-block-heading\" id=\"ficha-tecnica\"><strong>Informa\u00e7\u00f5es sobre o concurso Rio Preto<\/strong><\/h3>\n\n\n\n<p>\u25ba<strong>Data prevista da prova:<\/strong> 20 de outubro<br \/>\u25ba<strong>Vagas<\/strong>: 551<br \/>\u25ba<strong>Cargos<\/strong>: Diversos<br \/>\u25ba<strong>Banca<\/strong>: FCC<br \/>\u25ba<strong>Escolaridade<\/strong>: N\u00edvel m\u00e9dio e superior<\/p>\n\n\n\n<p><strong>\u25baEdital:<\/strong>&nbsp;<a rel=\"noreferrer noopener\" href=\"https:\/\/trello-attachments.s3.amazonaws.com\/5b58e1496cd37eb9a1dc29a2\/5d441fd8b104ab45cacda4e9\/926903dee760b8ab588f2da3a0f82275\/edital-abertura-inscricoes-06-2019-riopretoprev_(1).pdf\" target=\"_blank\"><strong>Edital RioPretoPrev<\/strong><\/a><strong> \/\/ <\/strong><a rel=\"noreferrer noopener\" href=\"https:\/\/trello-attachments.s3.amazonaws.com\/5b58e1496cd37eb9a1dc29a2\/5d441fd8b104ab45cacda4e9\/a05c71c6d3a2b3e1916eabb8598c713a\/edital-abertura-inscricoes04_2019-_Agente_Administrativo.pdf\" target=\"_blank\"><strong>Edital Agente Administrativo<\/strong><\/a><strong> \/\/ <\/strong><a rel=\"noreferrer noopener\" href=\"https:\/\/trello-attachments.s3.amazonaws.com\/5b58e1496cd37eb9a1dc29a2\/5d441fd8b104ab45cacda4e9\/712c9a70d8600812a147782ba0a79ca5\/Edital_de_Abertura_de_Inscricoes_no_05_2019_Diversos_cargos-Revisado_DEFINITIVO.pdf\" target=\"_blank\"><strong>Edital Diversos Cargos<\/strong><\/a><strong> \/\/ <a href=\"https:\/\/www.concursosfcc.com.br\/concursos\/pmsjr119\/edital_de_abertura_de_inscricoes_n0_03_2019_-_agente_comunitario_de_saude_e_agente_de_combate_as_endemias_definitivo_2.pdf\" target=\"_blank\" rel=\"noreferrer noopener\" aria-label=\"Edital Agente Comunit\u00e1rio e Endemias (abre numa nova aba)\">Edital Agente Comunit\u00e1rio e Endemias<\/a> \/\/ <\/strong><a rel=\"noreferrer noopener\" aria-label=\"Edital \u00c1rea da Sa\u00fade (abre numa nova aba)\" href=\"https:\/\/dhg1h5j42swfq.cloudfront.net\/2019\/08\/06160644\/Edital-Prefeitura-S%C3%A3o-Jos%C3%A9-do-Rio-Preto.pdf\" target=\"_blank\"><strong>Edital \u00c1rea da Sa\u00fade<\/strong><\/a><\/p>\n\n\n\n<p><br \/><em>Ascom Estrat\u00e9gia<\/em><br \/>ascomestrategia@gmail.com<\/p>\n","protected":false},"excerpt":{"rendered":"<p>Prefeitura de Rio Preto tem cinco editais publicados As inscri\u00e7\u00f5es para o concurso p\u00fablico da Prefeitura de S\u00e3o Jos\u00e9 do Rio Preto foram prorrogadas. Agora, os candidatos interessados t\u00eam at\u00e9 o dia 06 de setembro para garantir sua inscri\u00e7\u00e3o. Todo o processo deve ser feito no site da banca organizadora, a Funda\u00e7\u00e3o Carlos Chagas &#8211; [&hellip;]<\/p>\n","protected":false},"author":1,"featured_media":400043,"comment_status":"open","ping_status":"closed","sticky":false,"template":"","format":"standard","meta":{"post_tipo":"news","footnotes":""},"categories":[1],"tags":[],"tax_estado":[],"class_list":["post-399834","post","type-post","status-publish","format-standard","has-post-thumbnail","hentry","category-cursos-e-concursos"],"acf":[],"yoast_head":"<!-- This site is optimized with the Yoast SEO Premium plugin v27.2 (Yoast SEO v27.2) - https:\/\/yoast.com\/product\/yoast-seo-premium-wordpress\/ -->\n<title>Concurso Rio Preto SP: com oferta de 551 vagas, inscri\u00e7\u00f5es s\u00e3o prorrogadas<\/title>\n<meta name=\"description\" content=\"Concurso Rio Preto: editais da Prefeitura de S\u00e3o Jos\u00e9 do Rio Preto foram publicados. S\u00e3o no total 551 vagas para n\u00edvel m\u00e9dio e superior. Provas em outubro.\" \/>\n<meta name=\"robots\" content=\"index, follow, max-snippet:-1, max-image-preview:large, max-video-preview:-1\" \/>\n<link rel=\"canonical\" href=\"https:\/\/www.estrategiaconcursos.com.br\/blog\/concurso-rio-preto\/\" \/>\n<meta property=\"og:locale\" content=\"pt_BR\" \/>\n<meta property=\"og:type\" content=\"article\" \/>\n<meta property=\"og:title\" content=\"Concurso Rio Preto SP: com oferta de 551 vagas, inscri\u00e7\u00f5es s\u00e3o prorrogadas\" \/>\n<meta property=\"og:description\" content=\"Concurso Rio Preto: editais da Prefeitura de S\u00e3o Jos\u00e9 do Rio Preto foram publicados. S\u00e3o no total 551 vagas para n\u00edvel m\u00e9dio e superior. Provas em outubro.\" \/>\n<meta property=\"og:url\" content=\"https:\/\/www.estrategiaconcursos.com.br\/blog\/concurso-rio-preto\/\" \/>\n<meta property=\"og:site_name\" content=\"Estrat\u00e9gia Concursos\" \/>\n<meta property=\"article:author\" content=\"https:\/\/www.facebook.com\/EstrategiaConcursos\" \/>\n<meta property=\"article:published_time\" content=\"2019-08-28T14:30:09+00:00\" \/>\n<meta property=\"article:modified_time\" content=\"2019-08-28T14:39:05+00:00\" \/>\n<meta property=\"og:image\" content=\"https:\/\/dhg1h5j42swfq.cloudfront.net\/2019\/07\/18070722\/CONCURSO-PREFEITURA-DE-RIO-PRETO.png\" \/>\n\t<meta property=\"og:image:width\" content=\"400\" \/>\n\t<meta property=\"og:image:height\" content=\"209\" \/>\n\t<meta property=\"og:image:type\" content=\"image\/png\" \/>\n<meta name=\"author\" content=\"Coordena\u00e7\u00e3o\" \/>\n<meta name=\"twitter:card\" content=\"summary_large_image\" \/>\n<meta name=\"twitter:creator\" content=\"@EstratConcursos\" \/>\n<meta name=\"twitter:site\" content=\"@EstratConcursos\" \/>\n<meta name=\"twitter:label1\" content=\"Escrito por\" \/>\n\t<meta name=\"twitter:data1\" content=\"Coordena\u00e7\u00e3o\" \/>\n\t<meta name=\"twitter:label2\" content=\"Est. tempo de leitura\" \/>\n\t<meta name=\"twitter:data2\" content=\"19 minutos\" \/>\n<script type=\"application\/ld+json\" class=\"yoast-schema-graph\">{\"@context\":\"https:\/\/schema.org\",\"@graph\":[{\"@type\":\"NewsArticle\",\"@id\":\"https:\/\/www.estrategiaconcursos.com.br\/blog\/concurso-rio-preto\/#article\",\"isPartOf\":{\"@id\":\"https:\/\/www.estrategiaconcursos.com.br\/blog\/concurso-rio-preto\/\"},\"author\":{\"name\":\"Coordena\u00e7\u00e3o\",\"@id\":\"https:\/\/www.estrategiaconcursos.com.br\/blog\/#\/schema\/person\/b4a388c97673c5f483d72185668afa1f\"},\"headline\":\"Concurso Rio Preto SP: com oferta de 551 vagas, inscri\u00e7\u00f5es s\u00e3o prorrogadas\",\"datePublished\":\"2019-08-28T14:30:09+00:00\",\"dateModified\":\"2019-08-28T14:39:05+00:00\",\"mainEntityOfPage\":{\"@id\":\"https:\/\/www.estrategiaconcursos.com.br\/blog\/concurso-rio-preto\/\"},\"wordCount\":3820,\"commentCount\":3,\"publisher\":{\"@id\":\"https:\/\/www.estrategiaconcursos.com.br\/blog\/#organization\"},\"image\":{\"@id\":\"https:\/\/www.estrategiaconcursos.com.br\/blog\/concurso-rio-preto\/#primaryimage\"},\"thumbnailUrl\":\"https:\/\/dhg1h5j42swfq.cloudfront.net\/2019\/07\/18070722\/CONCURSO-PREFEITURA-DE-RIO-PRETO.png\",\"articleSection\":[\"Concursos P\u00fablicos\"],\"inLanguage\":\"pt-BR\",\"potentialAction\":[{\"@type\":\"CommentAction\",\"name\":\"Comment\",\"target\":[\"https:\/\/www.estrategiaconcursos.com.br\/blog\/concurso-rio-preto\/#respond\"]}],\"copyrightYear\":\"2019\",\"copyrightHolder\":{\"@id\":\"https:\/\/www.estrategiaconcursos.com.br\/blog\/#organization\"}},{\"@type\":\"WebPage\",\"@id\":\"https:\/\/www.estrategiaconcursos.com.br\/blog\/concurso-rio-preto\/\",\"url\":\"https:\/\/www.estrategiaconcursos.com.br\/blog\/concurso-rio-preto\/\",\"name\":\"Concurso Rio Preto SP: com oferta de 551 vagas, inscri\u00e7\u00f5es s\u00e3o prorrogadas\",\"isPartOf\":{\"@id\":\"https:\/\/www.estrategiaconcursos.com.br\/blog\/#website\"},\"primaryImageOfPage\":{\"@id\":\"https:\/\/www.estrategiaconcursos.com.br\/blog\/concurso-rio-preto\/#primaryimage\"},\"image\":{\"@id\":\"https:\/\/www.estrategiaconcursos.com.br\/blog\/concurso-rio-preto\/#primaryimage\"},\"thumbnailUrl\":\"https:\/\/dhg1h5j42swfq.cloudfront.net\/2019\/07\/18070722\/CONCURSO-PREFEITURA-DE-RIO-PRETO.png\",\"datePublished\":\"2019-08-28T14:30:09+00:00\",\"dateModified\":\"2019-08-28T14:39:05+00:00\",\"description\":\"Concurso Rio Preto: editais da Prefeitura de S\u00e3o Jos\u00e9 do Rio Preto foram publicados. S\u00e3o no total 551 vagas para n\u00edvel m\u00e9dio e superior. Provas em outubro.\",\"breadcrumb\":{\"@id\":\"https:\/\/www.estrategiaconcursos.com.br\/blog\/concurso-rio-preto\/#breadcrumb\"},\"inLanguage\":\"pt-BR\",\"potentialAction\":[{\"@type\":\"ReadAction\",\"target\":[\"https:\/\/www.estrategiaconcursos.com.br\/blog\/concurso-rio-preto\/\"]}]},{\"@type\":\"ImageObject\",\"inLanguage\":\"pt-BR\",\"@id\":\"https:\/\/www.estrategiaconcursos.com.br\/blog\/concurso-rio-preto\/#primaryimage\",\"url\":\"https:\/\/dhg1h5j42swfq.cloudfront.net\/2019\/07\/18070722\/CONCURSO-PREFEITURA-DE-RIO-PRETO.png\",\"contentUrl\":\"https:\/\/dhg1h5j42swfq.cloudfront.net\/2019\/07\/18070722\/CONCURSO-PREFEITURA-DE-RIO-PRETO.png\",\"width\":400,\"height\":209,\"caption\":\"CONCURSO RIO PRETO SP\"},{\"@type\":\"BreadcrumbList\",\"@id\":\"https:\/\/www.estrategiaconcursos.com.br\/blog\/concurso-rio-preto\/#breadcrumb\",\"itemListElement\":[{\"@type\":\"ListItem\",\"position\":1,\"name\":\"In\u00edcio\",\"item\":\"https:\/\/www.estrategiaconcursos.com.br\/blog\/\"},{\"@type\":\"ListItem\",\"position\":2,\"name\":\"Concurso Rio Preto SP: com oferta de 551 vagas, inscri\u00e7\u00f5es s\u00e3o prorrogadas\"}]},{\"@type\":\"WebSite\",\"@id\":\"https:\/\/www.estrategiaconcursos.com.br\/blog\/#website\",\"url\":\"https:\/\/www.estrategiaconcursos.com.br\/blog\/\",\"name\":\"Estrat\u00e9gia Concursos\",\"description\":\"O blog da Estrat\u00e9gia Concursos traz not\u00edcias sobre concursos e artigos de professores oferecendo cursos para concursos (pdf + videaulas) no site.\",\"publisher\":{\"@id\":\"https:\/\/www.estrategiaconcursos.com.br\/blog\/#organization\"},\"potentialAction\":[{\"@type\":\"SearchAction\",\"target\":{\"@type\":\"EntryPoint\",\"urlTemplate\":\"https:\/\/www.estrategiaconcursos.com.br\/blog\/?s={search_term_string}\"},\"query-input\":{\"@type\":\"PropertyValueSpecification\",\"valueRequired\":true,\"valueName\":\"search_term_string\"}}],\"inLanguage\":\"pt-BR\"},{\"@type\":\"Organization\",\"@id\":\"https:\/\/www.estrategiaconcursos.com.br\/blog\/#organization\",\"name\":\"Estrat\u00e9gia Concursos\",\"url\":\"https:\/\/www.estrategiaconcursos.com.br\/blog\/\",\"logo\":{\"@type\":\"ImageObject\",\"inLanguage\":\"pt-BR\",\"@id\":\"https:\/\/www.estrategiaconcursos.com.br\/blog\/#\/schema\/logo\/image\/\",\"url\":\"https:\/\/dhg1h5j42swfq.cloudfront.net\/2025\/06\/03203428\/logo_concursos-1.jpg\",\"contentUrl\":\"https:\/\/dhg1h5j42swfq.cloudfront.net\/2025\/06\/03203428\/logo_concursos-1.jpg\",\"width\":230,\"height\":60,\"caption\":\"Estrat\u00e9gia Concursos\"},\"image\":{\"@id\":\"https:\/\/www.estrategiaconcursos.com.br\/blog\/#\/schema\/logo\/image\/\"},\"sameAs\":[\"https:\/\/x.com\/EstratConcursos\"]},{\"@type\":\"Person\",\"@id\":\"https:\/\/www.estrategiaconcursos.com.br\/blog\/#\/schema\/person\/b4a388c97673c5f483d72185668afa1f\",\"name\":\"Coordena\u00e7\u00e3o\",\"image\":{\"@type\":\"ImageObject\",\"inLanguage\":\"pt-BR\",\"@id\":\"https:\/\/secure.gravatar.com\/avatar\/b720319e4c9a967eb58678d110f4fe35452fc5d5f97b202bac7b8acceb18c6ad?s=96&d=mm&r=g\",\"url\":\"https:\/\/secure.gravatar.com\/avatar\/b720319e4c9a967eb58678d110f4fe35452fc5d5f97b202bac7b8acceb18c6ad?s=96&d=mm&r=g\",\"contentUrl\":\"https:\/\/secure.gravatar.com\/avatar\/b720319e4c9a967eb58678d110f4fe35452fc5d5f97b202bac7b8acceb18c6ad?s=96&d=mm&r=g\",\"caption\":\"Coordena\u00e7\u00e3o\"},\"sameAs\":[\"https:\/\/www.facebook.com\/EstrategiaConcursos\",\"https:\/\/x.com\/EstratConcursos\"],\"url\":\"https:\/\/www.estrategiaconcursos.com.br\/blog\/author\/estrategia2013\/\"}]}<\/script>\n<!-- \/ Yoast SEO Premium plugin. -->","yoast_head_json":{"title":"Concurso Rio Preto SP: com oferta de 551 vagas, inscri\u00e7\u00f5es s\u00e3o prorrogadas","description":"Concurso Rio Preto: editais da Prefeitura de S\u00e3o Jos\u00e9 do Rio Preto foram publicados. S\u00e3o no total 551 vagas para n\u00edvel m\u00e9dio e superior. Provas em outubro.","robots":{"index":"index","follow":"follow","max-snippet":"max-snippet:-1","max-image-preview":"max-image-preview:large","max-video-preview":"max-video-preview:-1"},"canonical":"https:\/\/www.estrategiaconcursos.com.br\/blog\/concurso-rio-preto\/","og_locale":"pt_BR","og_type":"article","og_title":"Concurso Rio Preto SP: com oferta de 551 vagas, inscri\u00e7\u00f5es s\u00e3o prorrogadas","og_description":"Concurso Rio Preto: editais da Prefeitura de S\u00e3o Jos\u00e9 do Rio Preto foram publicados. S\u00e3o no total 551 vagas para n\u00edvel m\u00e9dio e superior. Provas em outubro.","og_url":"https:\/\/www.estrategiaconcursos.com.br\/blog\/concurso-rio-preto\/","og_site_name":"Estrat\u00e9gia Concursos","article_author":"https:\/\/www.facebook.com\/EstrategiaConcursos","article_published_time":"2019-08-28T14:30:09+00:00","article_modified_time":"2019-08-28T14:39:05+00:00","og_image":[{"width":400,"height":209,"url":"https:\/\/dhg1h5j42swfq.cloudfront.net\/2019\/07\/18070722\/CONCURSO-PREFEITURA-DE-RIO-PRETO.png","type":"image\/png"}],"author":"Coordena\u00e7\u00e3o","twitter_card":"summary_large_image","twitter_creator":"@EstratConcursos","twitter_site":"@EstratConcursos","twitter_misc":{"Escrito por":"Coordena\u00e7\u00e3o","Est. tempo de leitura":"19 minutos"},"schema":{"@context":"https:\/\/schema.org","@graph":[{"@type":"NewsArticle","@id":"https:\/\/www.estrategiaconcursos.com.br\/blog\/concurso-rio-preto\/#article","isPartOf":{"@id":"https:\/\/www.estrategiaconcursos.com.br\/blog\/concurso-rio-preto\/"},"author":{"name":"Coordena\u00e7\u00e3o","@id":"https:\/\/www.estrategiaconcursos.com.br\/blog\/#\/schema\/person\/b4a388c97673c5f483d72185668afa1f"},"headline":"Concurso Rio Preto SP: com oferta de 551 vagas, inscri\u00e7\u00f5es s\u00e3o prorrogadas","datePublished":"2019-08-28T14:30:09+00:00","dateModified":"2019-08-28T14:39:05+00:00","mainEntityOfPage":{"@id":"https:\/\/www.estrategiaconcursos.com.br\/blog\/concurso-rio-preto\/"},"wordCount":3820,"commentCount":3,"publisher":{"@id":"https:\/\/www.estrategiaconcursos.com.br\/blog\/#organization"},"image":{"@id":"https:\/\/www.estrategiaconcursos.com.br\/blog\/concurso-rio-preto\/#primaryimage"},"thumbnailUrl":"https:\/\/dhg1h5j42swfq.cloudfront.net\/2019\/07\/18070722\/CONCURSO-PREFEITURA-DE-RIO-PRETO.png","articleSection":["Concursos P\u00fablicos"],"inLanguage":"pt-BR","potentialAction":[{"@type":"CommentAction","name":"Comment","target":["https:\/\/www.estrategiaconcursos.com.br\/blog\/concurso-rio-preto\/#respond"]}],"copyrightYear":"2019","copyrightHolder":{"@id":"https:\/\/www.estrategiaconcursos.com.br\/blog\/#organization"}},{"@type":"WebPage","@id":"https:\/\/www.estrategiaconcursos.com.br\/blog\/concurso-rio-preto\/","url":"https:\/\/www.estrategiaconcursos.com.br\/blog\/concurso-rio-preto\/","name":"Concurso Rio Preto SP: com oferta de 551 vagas, inscri\u00e7\u00f5es s\u00e3o prorrogadas","isPartOf":{"@id":"https:\/\/www.estrategiaconcursos.com.br\/blog\/#website"},"primaryImageOfPage":{"@id":"https:\/\/www.estrategiaconcursos.com.br\/blog\/concurso-rio-preto\/#primaryimage"},"image":{"@id":"https:\/\/www.estrategiaconcursos.com.br\/blog\/concurso-rio-preto\/#primaryimage"},"thumbnailUrl":"https:\/\/dhg1h5j42swfq.cloudfront.net\/2019\/07\/18070722\/CONCURSO-PREFEITURA-DE-RIO-PRETO.png","datePublished":"2019-08-28T14:30:09+00:00","dateModified":"2019-08-28T14:39:05+00:00","description":"Concurso Rio Preto: editais da Prefeitura de S\u00e3o Jos\u00e9 do Rio Preto foram publicados. S\u00e3o no total 551 vagas para n\u00edvel m\u00e9dio e superior. Provas em outubro.","breadcrumb":{"@id":"https:\/\/www.estrategiaconcursos.com.br\/blog\/concurso-rio-preto\/#breadcrumb"},"inLanguage":"pt-BR","potentialAction":[{"@type":"ReadAction","target":["https:\/\/www.estrategiaconcursos.com.br\/blog\/concurso-rio-preto\/"]}]},{"@type":"ImageObject","inLanguage":"pt-BR","@id":"https:\/\/www.estrategiaconcursos.com.br\/blog\/concurso-rio-preto\/#primaryimage","url":"https:\/\/dhg1h5j42swfq.cloudfront.net\/2019\/07\/18070722\/CONCURSO-PREFEITURA-DE-RIO-PRETO.png","contentUrl":"https:\/\/dhg1h5j42swfq.cloudfront.net\/2019\/07\/18070722\/CONCURSO-PREFEITURA-DE-RIO-PRETO.png","width":400,"height":209,"caption":"CONCURSO RIO PRETO SP"},{"@type":"BreadcrumbList","@id":"https:\/\/www.estrategiaconcursos.com.br\/blog\/concurso-rio-preto\/#breadcrumb","itemListElement":[{"@type":"ListItem","position":1,"name":"In\u00edcio","item":"https:\/\/www.estrategiaconcursos.com.br\/blog\/"},{"@type":"ListItem","position":2,"name":"Concurso Rio Preto SP: com oferta de 551 vagas, inscri\u00e7\u00f5es s\u00e3o prorrogadas"}]},{"@type":"WebSite","@id":"https:\/\/www.estrategiaconcursos.com.br\/blog\/#website","url":"https:\/\/www.estrategiaconcursos.com.br\/blog\/","name":"Estrat\u00e9gia Concursos","description":"O blog da Estrat\u00e9gia Concursos traz not\u00edcias sobre concursos e artigos de professores oferecendo cursos para concursos (pdf + videaulas) no site.","publisher":{"@id":"https:\/\/www.estrategiaconcursos.com.br\/blog\/#organization"},"potentialAction":[{"@type":"SearchAction","target":{"@type":"EntryPoint","urlTemplate":"https:\/\/www.estrategiaconcursos.com.br\/blog\/?s={search_term_string}"},"query-input":{"@type":"PropertyValueSpecification","valueRequired":true,"valueName":"search_term_string"}}],"inLanguage":"pt-BR"},{"@type":"Organization","@id":"https:\/\/www.estrategiaconcursos.com.br\/blog\/#organization","name":"Estrat\u00e9gia Concursos","url":"https:\/\/www.estrategiaconcursos.com.br\/blog\/","logo":{"@type":"ImageObject","inLanguage":"pt-BR","@id":"https:\/\/www.estrategiaconcursos.com.br\/blog\/#\/schema\/logo\/image\/","url":"https:\/\/dhg1h5j42swfq.cloudfront.net\/2025\/06\/03203428\/logo_concursos-1.jpg","contentUrl":"https:\/\/dhg1h5j42swfq.cloudfront.net\/2025\/06\/03203428\/logo_concursos-1.jpg","width":230,"height":60,"caption":"Estrat\u00e9gia Concursos"},"image":{"@id":"https:\/\/www.estrategiaconcursos.com.br\/blog\/#\/schema\/logo\/image\/"},"sameAs":["https:\/\/x.com\/EstratConcursos"]},{"@type":"Person","@id":"https:\/\/www.estrategiaconcursos.com.br\/blog\/#\/schema\/person\/b4a388c97673c5f483d72185668afa1f","name":"Coordena\u00e7\u00e3o","image":{"@type":"ImageObject","inLanguage":"pt-BR","@id":"https:\/\/secure.gravatar.com\/avatar\/b720319e4c9a967eb58678d110f4fe35452fc5d5f97b202bac7b8acceb18c6ad?s=96&d=mm&r=g","url":"https:\/\/secure.gravatar.com\/avatar\/b720319e4c9a967eb58678d110f4fe35452fc5d5f97b202bac7b8acceb18c6ad?s=96&d=mm&r=g","contentUrl":"https:\/\/secure.gravatar.com\/avatar\/b720319e4c9a967eb58678d110f4fe35452fc5d5f97b202bac7b8acceb18c6ad?s=96&d=mm&r=g","caption":"Coordena\u00e7\u00e3o"},"sameAs":["https:\/\/www.facebook.com\/EstrategiaConcursos","https:\/\/x.com\/EstratConcursos"],"url":"https:\/\/www.estrategiaconcursos.com.br\/blog\/author\/estrategia2013\/"}]}},"_links":{"self":[{"href":"https:\/\/www.estrategiaconcursos.com.br\/blog\/wp-json\/wp\/v2\/posts\/399834","targetHints":{"allow":["GET"]}}],"collection":[{"href":"https:\/\/www.estrategiaconcursos.com.br\/blog\/wp-json\/wp\/v2\/posts"}],"about":[{"href":"https:\/\/www.estrategiaconcursos.com.br\/blog\/wp-json\/wp\/v2\/types\/post"}],"author":[{"embeddable":true,"href":"https:\/\/www.estrategiaconcursos.com.br\/blog\/wp-json\/wp\/v2\/users\/1"}],"replies":[{"embeddable":true,"href":"https:\/\/www.estrategiaconcursos.com.br\/blog\/wp-json\/wp\/v2\/comments?post=399834"}],"version-history":[{"count":45,"href":"https:\/\/www.estrategiaconcursos.com.br\/blog\/wp-json\/wp\/v2\/posts\/399834\/revisions"}],"predecessor-version":[{"id":413893,"href":"https:\/\/www.estrategiaconcursos.com.br\/blog\/wp-json\/wp\/v2\/posts\/399834\/revisions\/413893"}],"wp:featuredmedia":[{"embeddable":true,"href":"https:\/\/www.estrategiaconcursos.com.br\/blog\/wp-json\/wp\/v2\/media\/400043"}],"wp:attachment":[{"href":"https:\/\/www.estrategiaconcursos.com.br\/blog\/wp-json\/wp\/v2\/media?parent=399834"}],"wp:term":[{"taxonomy":"category","embeddable":true,"href":"https:\/\/www.estrategiaconcursos.com.br\/blog\/wp-json\/wp\/v2\/categories?post=399834"},{"taxonomy":"post_tag","embeddable":true,"href":"https:\/\/www.estrategiaconcursos.com.br\/blog\/wp-json\/wp\/v2\/tags?post=399834"},{"taxonomy":"tax_estado","embeddable":true,"href":"https:\/\/www.estrategiaconcursos.com.br\/blog\/wp-json\/wp\/v2\/tax_estado?post=399834"}],"curies":[{"name":"wp","href":"https:\/\/api.w.org\/{rel}","templated":true}]}}