{"id":399613,"date":"2019-07-17T09:24:43","date_gmt":"2019-07-17T12:24:43","guid":{"rendered":"https:\/\/www.estrategiaconcursos.com.br\/blog\/?p=399613"},"modified":"2019-07-17T12:10:18","modified_gmt":"2019-07-17T15:10:18","slug":"concurso-semed-porto-velho-convocacao-prova-objetiva","status":"publish","type":"post","link":"https:\/\/www.estrategiaconcursos.com.br\/blog\/concurso-semed-porto-velho-convocacao-prova-objetiva\/","title":{"rendered":"Concurso Semed Porto Velho:  candidatos s\u00e3o convocados para realizar objetiva"},"content":{"rendered":"\n<p>Foi publicada nesta quarta-feira, 17 de julho, a <em><strong>convoca\u00e7\u00e3o<\/strong> para a realiza\u00e7\u00e3o da <strong>prova objetiva<\/strong> do concurso Semed Porto Velho<\/em> no <strong>domingo, 21 de julho<\/strong>. Est\u00e1 etapa \u00e9 exclusiva para os cargos de<em><strong> n\u00edvel superior<\/strong><\/em>. <\/p>\n\n\n\n<p>A exame ter\u00e1 dura\u00e7\u00e3o de 3 horas e 30 minutos, e acontecer\u00e1 nos per\u00edodos manh\u00e3 e tarde. Os candidatos podem acessar o portal da banca organizadora, o IBADE, para saber o local de prova. Vale lembrar que no dia 14 de julho tamb\u00e9m foi aplicada a prova objetiva, mas para os candidatos de n\u00edvel fundamental e m\u00e9dio. <\/p>\n\n\n\n<p>A prova objetiva do certame para n\u00edvel superior ir\u00e1 cobrar as disciplinas de L\u00edngua Portuguesa com 15 quest\u00f5es,&nbsp; Atualidades &#8211; 5 quest\u00f5es, Conhecimentos Pedag\u00f3gicos &#8211; 10 quest\u00f5es,Conhecimentos Espec\u00edficos &#8211; 20 quest\u00f5es.<\/p>\n\n\n\n<p>Vale ressaltar que o concurso oferta aos candidatos <strong>824 vagas<\/strong> para cargos de todas as escolaridades na \u00e1rea de educa\u00e7\u00e3o.  Confira abaixo os cargos, as vagas e sua respectivas remunera\u00e7\u00f5es.<\/p>\n\n\n\n<h2 class=\"wp-block-heading\"><strong>Distribui\u00e7\u00e3o das vagas<\/strong>&nbsp;e remunera\u00e7\u00e3o<\/h2>\n\n\n\n<p><strong>N\u00edvel fundamental (R$ 1.251,05):<\/strong><br \/>Agente de Limpeza: 68 vagas<br \/>Merendeira: 78 vagas<\/p>\n\n\n\n<p><strong>N\u00edvel m\u00e9dio (R$ 2.046,11 Instrutor de Arte e R$ 1.338,11 demais cargos):<\/strong><br \/>Agente de Secretaria: 52 vagas<br \/>Auxiliar Bibliotec\u00e1rio: 4 vagas<br \/>Cuidador de Aluno: 55 vagas<br \/>Inspetor: 14 vagas<br \/>Instrutor de arte: 12 vagas<\/p>\n\n\n\n<p><strong>N\u00edvel superior (R$ 1.404,32; R$ 1.627,81 e R$ 1.851,30 de acordo com o cargo):<\/strong><br \/>Supervis\u00e3o Educacional: 49 vagas<br \/>Orientador Educacional: 58 vagas<br \/>Nutricionista: 2 vagas<br \/>Psic\u00f3logo: 1 vaga<br \/>Bibliotec\u00e1rio: 1 vaga<br \/>Professor N\u00edvel II \u2013 S\u00e9ries Iniciais do 1\u00b0 ao 5\u00b0 ano: 389 vagas<br \/>Professor N\u00edvel II \u2013 Educa\u00e7\u00e3o F\u00edsica: 27 vagas<br \/>Professor N\u00edvel II \u2013 Letras Portugu\u00eas: 1 vaga<br \/>Professor N\u00edvel II \u2013 Matem\u00e1tica: 4 vagas<br \/>Professor N\u00edvel II \u2013 Letras Ingl\u00eas: 4 vagas<br \/>Professor N\u00edvel II \u2013 Ci\u00eancias Biol\u00f3gicas: 1 vaga<br \/>Professor N\u00edvel II \u2013 Hist\u00f3ria: 1 vaga<br \/>Professor N\u00edvel II \u2013 Geografia: 3 vagas<\/p>\n\n\n\n<p><em>Quer saber mais sobre o concurso? Clique no link abaixo e fique por dentro de tudo!<\/em><\/p>\n\n\n\n<p style=\"font-size:25px;text-align:center\" class=\"has-background has-pale-cyan-blue-background-color\"><strong><em>Mais informa\u00e7\u00f5es: <\/em><\/strong><span style=\"text-decoration: underline;\"><a rel=\"noreferrer noopener\" aria-label=\"Concurso Semed (abre numa nova aba)\" href=\"https:\/\/www.estrategiaconcursos.com.br\/blog\/concurso-semed-porto-velho\/\" target=\"_blank\"><strong><em>Concurso Semed<\/em><\/strong><\/a><\/span><\/p>\n\n\n\n<p style=\"text-align:center\"><strong><em>Quer estudar para Concurso SEMED Porto Velho?<\/em><\/strong><\/p>\n\n\n\n<p style=\"text-align:center\"><em><strong>Gostou desta oportunidade e deseja come\u00e7ar se preparar agora mesmo? Ent\u00e3o, confira os nossos cursos e comece a estudar para SEMED Porto Velho:<\/strong><\/em><\/p>\n\n\n\n<p style=\"font-size:23px;text-align:center\" class=\"has-background has-luminous-vivid-amber-background-color\"><a rel=\"noreferrer noopener\" href=\"https:\/\/www.estrategiaconcursos.com.br\/cursosPorConcurso\/semed-porto-velho\/\" target=\"_blank\"><strong><em>CURSO SEMED PORTO VELHO<\/em><\/strong><\/a><\/p>\n\n\n\n<p style=\"text-align:center\"><em><strong>Assinatura Anual Ilimitada*<\/strong><\/em><\/p>\n\n\n\n<p style=\"text-align:center\"><em>Prepare-se com o melhor material e com quem mais aprova em Concursos P\u00fablicos em todo o pa\u00eds. Assine agora a nossa Assinatura Anual e tenha acesso ilimitado a todos os nossos cursos.<\/em><\/p>\n\n\n\n<p style=\"font-size:25px;text-align:center\" class=\"has-background has-light-green-cyan-background-color\"><strong>ASSINE AGORA<\/strong>&nbsp;\u2013&nbsp;<a href=\"https:\/\/www.estrategiaconcursos.com.br\/assinaturas\" target=\"_blank\" rel=\"noreferrer noopener\">Assinatura Ilimitada<\/a><\/p>\n\n\n\n<p><em>Ascom Estrat\u00e9gia<\/em><br \/>ascomestrategia@gmail.com<\/p>\n\n\n\n<p style=\"text-align:center\"><em><strong>Receba not\u00edcias de Concursos no seu WhatsApp e\/ou Telegram!<\/strong><\/em><\/p>\n\n\n\n<p style=\"text-align:center\"><em><strong>Cadastre-se clicando no \u00edcone abaixo<\/strong><\/em><\/p>\n\n\n\n<p style=\"text-align:center\" class=\"has-background has-very-light-gray-background-color\"><a href=\"https:\/\/www.estrategiaconcursos.com.br\/blog\/noticias-de-concursos-whatsapp-estrategia-concursos\/\" target=\"_blank\" rel=\"noreferrer noopener\">Not\u00edcias de concursos no seu WhatsApp e\/ou Telegram<\/a><\/p>\n","protected":false},"excerpt":{"rendered":"<p>Foi publicada nesta quarta-feira, 17 de julho, a convoca\u00e7\u00e3o para a realiza\u00e7\u00e3o da prova objetiva do concurso Semed Porto Velho no domingo, 21 de julho. Est\u00e1 etapa \u00e9 exclusiva para os cargos de n\u00edvel superior. A exame ter\u00e1 dura\u00e7\u00e3o de 3 horas e 30 minutos, e acontecer\u00e1 nos per\u00edodos manh\u00e3 e tarde. Os candidatos podem [&hellip;]<\/p>\n","protected":false},"author":741,"featured_media":81912,"comment_status":"open","ping_status":"closed","sticky":false,"template":"","format":"standard","meta":{"post_tipo":"article","footnotes":""},"categories":[1],"tags":[],"tax_estado":[],"class_list":["post-399613","post","type-post","status-publish","format-standard","has-post-thumbnail","hentry","category-cursos-e-concursos"],"acf":[],"yoast_head":"<!-- This site is optimized with the Yoast SEO Premium plugin v27.2 (Yoast SEO v27.2) - https:\/\/yoast.com\/product\/yoast-seo-premium-wordpress\/ -->\n<title>Concurso Semed Porto Velho: candidatos s\u00e3o convocados para realizar objetiva<\/title>\n<meta name=\"robots\" content=\"index, follow, max-snippet:-1, max-image-preview:large, max-video-preview:-1\" \/>\n<link rel=\"canonical\" href=\"https:\/\/www.estrategiaconcursos.com.br\/blog\/concurso-semed-porto-velho-convocacao-prova-objetiva\/\" \/>\n<meta property=\"og:locale\" content=\"pt_BR\" \/>\n<meta property=\"og:type\" content=\"article\" \/>\n<meta property=\"og:title\" content=\"Concurso Semed Porto Velho: candidatos s\u00e3o convocados para realizar objetiva\" \/>\n<meta property=\"og:description\" content=\"Foi publicada nesta quarta-feira, 17 de julho, a convoca\u00e7\u00e3o para a realiza\u00e7\u00e3o da prova objetiva do concurso Semed Porto Velho no domingo, 21 de julho. Est\u00e1 etapa \u00e9 exclusiva para os cargos de n\u00edvel superior. A exame ter\u00e1 dura\u00e7\u00e3o de 3 horas e 30 minutos, e acontecer\u00e1 nos per\u00edodos manh\u00e3 e tarde. Os candidatos podem [&hellip;]\" \/>\n<meta property=\"og:url\" content=\"https:\/\/www.estrategiaconcursos.com.br\/blog\/concurso-semed-porto-velho-convocacao-prova-objetiva\/\" \/>\n<meta property=\"og:site_name\" content=\"Estrat\u00e9gia Concursos\" \/>\n<meta property=\"article:published_time\" content=\"2019-07-17T12:24:43+00:00\" \/>\n<meta property=\"article:modified_time\" content=\"2019-07-17T15:10:18+00:00\" \/>\n<meta property=\"og:image\" content=\"https:\/\/dhg1h5j42swfq.cloudfront.net\/2017\/07\/18100916\/SEMED4-e1500383364651.jpg\" \/>\n\t<meta property=\"og:image:width\" content=\"400\" \/>\n\t<meta property=\"og:image:height\" content=\"209\" \/>\n\t<meta property=\"og:image:type\" content=\"image\/jpeg\" \/>\n<meta name=\"author\" content=\"Brunno Lima\" \/>\n<meta name=\"twitter:card\" content=\"summary_large_image\" \/>\n<meta name=\"twitter:creator\" content=\"@EstratConcursos\" \/>\n<meta name=\"twitter:site\" content=\"@EstratConcursos\" \/>\n<meta name=\"twitter:label1\" content=\"Escrito por\" \/>\n\t<meta name=\"twitter:data1\" content=\"Brunno Lima\" \/>\n\t<meta name=\"twitter:label2\" content=\"Est. tempo de leitura\" \/>\n\t<meta name=\"twitter:data2\" content=\"2 minutos\" \/>\n<script type=\"application\/ld+json\" class=\"yoast-schema-graph\">{\"@context\":\"https:\/\/schema.org\",\"@graph\":[{\"@type\":\"NewsArticle\",\"@id\":\"https:\/\/www.estrategiaconcursos.com.br\/blog\/concurso-semed-porto-velho-convocacao-prova-objetiva\/#article\",\"isPartOf\":{\"@id\":\"https:\/\/www.estrategiaconcursos.com.br\/blog\/concurso-semed-porto-velho-convocacao-prova-objetiva\/\"},\"author\":{\"name\":\"Brunno Lima\",\"@id\":\"https:\/\/www.estrategiaconcursos.com.br\/blog\/#\/schema\/person\/2865ec132c3404c9912015dd7a24eb1e\"},\"headline\":\"Concurso Semed Porto Velho: candidatos s\u00e3o convocados para realizar objetiva\",\"datePublished\":\"2019-07-17T12:24:43+00:00\",\"dateModified\":\"2019-07-17T15:10:18+00:00\",\"mainEntityOfPage\":{\"@id\":\"https:\/\/www.estrategiaconcursos.com.br\/blog\/concurso-semed-porto-velho-convocacao-prova-objetiva\/\"},\"wordCount\":428,\"commentCount\":0,\"publisher\":{\"@id\":\"https:\/\/www.estrategiaconcursos.com.br\/blog\/#organization\"},\"image\":{\"@id\":\"https:\/\/www.estrategiaconcursos.com.br\/blog\/concurso-semed-porto-velho-convocacao-prova-objetiva\/#primaryimage\"},\"thumbnailUrl\":\"https:\/\/dhg1h5j42swfq.cloudfront.net\/2017\/07\/18100916\/SEMED4-e1500383364651.jpg\",\"articleSection\":[\"Concursos P\u00fablicos\"],\"inLanguage\":\"pt-BR\",\"potentialAction\":[{\"@type\":\"CommentAction\",\"name\":\"Comment\",\"target\":[\"https:\/\/www.estrategiaconcursos.com.br\/blog\/concurso-semed-porto-velho-convocacao-prova-objetiva\/#respond\"]}],\"copyrightYear\":\"2019\",\"copyrightHolder\":{\"@id\":\"https:\/\/www.estrategiaconcursos.com.br\/blog\/#organization\"}},{\"@type\":\"WebPage\",\"@id\":\"https:\/\/www.estrategiaconcursos.com.br\/blog\/concurso-semed-porto-velho-convocacao-prova-objetiva\/\",\"url\":\"https:\/\/www.estrategiaconcursos.com.br\/blog\/concurso-semed-porto-velho-convocacao-prova-objetiva\/\",\"name\":\"Concurso Semed Porto Velho: candidatos s\u00e3o convocados para realizar objetiva\",\"isPartOf\":{\"@id\":\"https:\/\/www.estrategiaconcursos.com.br\/blog\/#website\"},\"primaryImageOfPage\":{\"@id\":\"https:\/\/www.estrategiaconcursos.com.br\/blog\/concurso-semed-porto-velho-convocacao-prova-objetiva\/#primaryimage\"},\"image\":{\"@id\":\"https:\/\/www.estrategiaconcursos.com.br\/blog\/concurso-semed-porto-velho-convocacao-prova-objetiva\/#primaryimage\"},\"thumbnailUrl\":\"https:\/\/dhg1h5j42swfq.cloudfront.net\/2017\/07\/18100916\/SEMED4-e1500383364651.jpg\",\"datePublished\":\"2019-07-17T12:24:43+00:00\",\"dateModified\":\"2019-07-17T15:10:18+00:00\",\"breadcrumb\":{\"@id\":\"https:\/\/www.estrategiaconcursos.com.br\/blog\/concurso-semed-porto-velho-convocacao-prova-objetiva\/#breadcrumb\"},\"inLanguage\":\"pt-BR\",\"potentialAction\":[{\"@type\":\"ReadAction\",\"target\":[\"https:\/\/www.estrategiaconcursos.com.br\/blog\/concurso-semed-porto-velho-convocacao-prova-objetiva\/\"]}]},{\"@type\":\"ImageObject\",\"inLanguage\":\"pt-BR\",\"@id\":\"https:\/\/www.estrategiaconcursos.com.br\/blog\/concurso-semed-porto-velho-convocacao-prova-objetiva\/#primaryimage\",\"url\":\"https:\/\/dhg1h5j42swfq.cloudfront.net\/2017\/07\/18100916\/SEMED4-e1500383364651.jpg\",\"contentUrl\":\"https:\/\/dhg1h5j42swfq.cloudfront.net\/2017\/07\/18100916\/SEMED4-e1500383364651.jpg\",\"width\":400,\"height\":209},{\"@type\":\"BreadcrumbList\",\"@id\":\"https:\/\/www.estrategiaconcursos.com.br\/blog\/concurso-semed-porto-velho-convocacao-prova-objetiva\/#breadcrumb\",\"itemListElement\":[{\"@type\":\"ListItem\",\"position\":1,\"name\":\"In\u00edcio\",\"item\":\"https:\/\/www.estrategiaconcursos.com.br\/blog\/\"},{\"@type\":\"ListItem\",\"position\":2,\"name\":\"Concurso Semed Porto Velho: candidatos s\u00e3o convocados para realizar objetiva\"}]},{\"@type\":\"WebSite\",\"@id\":\"https:\/\/www.estrategiaconcursos.com.br\/blog\/#website\",\"url\":\"https:\/\/www.estrategiaconcursos.com.br\/blog\/\",\"name\":\"Estrat\u00e9gia Concursos\",\"description\":\"O blog da Estrat\u00e9gia Concursos traz not\u00edcias sobre concursos e artigos de professores oferecendo cursos para concursos (pdf + videaulas) no site.\",\"publisher\":{\"@id\":\"https:\/\/www.estrategiaconcursos.com.br\/blog\/#organization\"},\"potentialAction\":[{\"@type\":\"SearchAction\",\"target\":{\"@type\":\"EntryPoint\",\"urlTemplate\":\"https:\/\/www.estrategiaconcursos.com.br\/blog\/?s={search_term_string}\"},\"query-input\":{\"@type\":\"PropertyValueSpecification\",\"valueRequired\":true,\"valueName\":\"search_term_string\"}}],\"inLanguage\":\"pt-BR\"},{\"@type\":\"Organization\",\"@id\":\"https:\/\/www.estrategiaconcursos.com.br\/blog\/#organization\",\"name\":\"Estrat\u00e9gia Concursos\",\"url\":\"https:\/\/www.estrategiaconcursos.com.br\/blog\/\",\"logo\":{\"@type\":\"ImageObject\",\"inLanguage\":\"pt-BR\",\"@id\":\"https:\/\/www.estrategiaconcursos.com.br\/blog\/#\/schema\/logo\/image\/\",\"url\":\"https:\/\/dhg1h5j42swfq.cloudfront.net\/2025\/06\/03203428\/logo_concursos-1.jpg\",\"contentUrl\":\"https:\/\/dhg1h5j42swfq.cloudfront.net\/2025\/06\/03203428\/logo_concursos-1.jpg\",\"width\":230,\"height\":60,\"caption\":\"Estrat\u00e9gia Concursos\"},\"image\":{\"@id\":\"https:\/\/www.estrategiaconcursos.com.br\/blog\/#\/schema\/logo\/image\/\"},\"sameAs\":[\"https:\/\/x.com\/EstratConcursos\"]},{\"@type\":\"Person\",\"@id\":\"https:\/\/www.estrategiaconcursos.com.br\/blog\/#\/schema\/person\/2865ec132c3404c9912015dd7a24eb1e\",\"name\":\"Brunno Lima\",\"image\":{\"@type\":\"ImageObject\",\"inLanguage\":\"pt-BR\",\"@id\":\"https:\/\/secure.gravatar.com\/avatar\/d40b472e5e2856222d4a4a1c3ee2189ed7d7a9f67dc3343b880cc1889a7bd6af?s=96&d=mm&r=g\",\"url\":\"https:\/\/secure.gravatar.com\/avatar\/d40b472e5e2856222d4a4a1c3ee2189ed7d7a9f67dc3343b880cc1889a7bd6af?s=96&d=mm&r=g\",\"contentUrl\":\"https:\/\/secure.gravatar.com\/avatar\/d40b472e5e2856222d4a4a1c3ee2189ed7d7a9f67dc3343b880cc1889a7bd6af?s=96&d=mm&r=g\",\"caption\":\"Brunno Lima\"},\"url\":\"https:\/\/www.estrategiaconcursos.com.br\/blog\/author\/brunnoestrategiaconcursos-com-br\/\"}]}<\/script>\n<!-- \/ Yoast SEO Premium plugin. -->","yoast_head_json":{"title":"Concurso Semed Porto Velho: candidatos s\u00e3o convocados para realizar objetiva","robots":{"index":"index","follow":"follow","max-snippet":"max-snippet:-1","max-image-preview":"max-image-preview:large","max-video-preview":"max-video-preview:-1"},"canonical":"https:\/\/www.estrategiaconcursos.com.br\/blog\/concurso-semed-porto-velho-convocacao-prova-objetiva\/","og_locale":"pt_BR","og_type":"article","og_title":"Concurso Semed Porto Velho: candidatos s\u00e3o convocados para realizar objetiva","og_description":"Foi publicada nesta quarta-feira, 17 de julho, a convoca\u00e7\u00e3o para a realiza\u00e7\u00e3o da prova objetiva do concurso Semed Porto Velho no domingo, 21 de julho. Est\u00e1 etapa \u00e9 exclusiva para os cargos de n\u00edvel superior. A exame ter\u00e1 dura\u00e7\u00e3o de 3 horas e 30 minutos, e acontecer\u00e1 nos per\u00edodos manh\u00e3 e tarde. Os candidatos podem [&hellip;]","og_url":"https:\/\/www.estrategiaconcursos.com.br\/blog\/concurso-semed-porto-velho-convocacao-prova-objetiva\/","og_site_name":"Estrat\u00e9gia Concursos","article_published_time":"2019-07-17T12:24:43+00:00","article_modified_time":"2019-07-17T15:10:18+00:00","og_image":[{"width":400,"height":209,"url":"https:\/\/dhg1h5j42swfq.cloudfront.net\/2017\/07\/18100916\/SEMED4-e1500383364651.jpg","type":"image\/jpeg"}],"author":"Brunno Lima","twitter_card":"summary_large_image","twitter_creator":"@EstratConcursos","twitter_site":"@EstratConcursos","twitter_misc":{"Escrito por":"Brunno Lima","Est. tempo de leitura":"2 minutos"},"schema":{"@context":"https:\/\/schema.org","@graph":[{"@type":"NewsArticle","@id":"https:\/\/www.estrategiaconcursos.com.br\/blog\/concurso-semed-porto-velho-convocacao-prova-objetiva\/#article","isPartOf":{"@id":"https:\/\/www.estrategiaconcursos.com.br\/blog\/concurso-semed-porto-velho-convocacao-prova-objetiva\/"},"author":{"name":"Brunno Lima","@id":"https:\/\/www.estrategiaconcursos.com.br\/blog\/#\/schema\/person\/2865ec132c3404c9912015dd7a24eb1e"},"headline":"Concurso Semed Porto Velho: candidatos s\u00e3o convocados para realizar objetiva","datePublished":"2019-07-17T12:24:43+00:00","dateModified":"2019-07-17T15:10:18+00:00","mainEntityOfPage":{"@id":"https:\/\/www.estrategiaconcursos.com.br\/blog\/concurso-semed-porto-velho-convocacao-prova-objetiva\/"},"wordCount":428,"commentCount":0,"publisher":{"@id":"https:\/\/www.estrategiaconcursos.com.br\/blog\/#organization"},"image":{"@id":"https:\/\/www.estrategiaconcursos.com.br\/blog\/concurso-semed-porto-velho-convocacao-prova-objetiva\/#primaryimage"},"thumbnailUrl":"https:\/\/dhg1h5j42swfq.cloudfront.net\/2017\/07\/18100916\/SEMED4-e1500383364651.jpg","articleSection":["Concursos P\u00fablicos"],"inLanguage":"pt-BR","potentialAction":[{"@type":"CommentAction","name":"Comment","target":["https:\/\/www.estrategiaconcursos.com.br\/blog\/concurso-semed-porto-velho-convocacao-prova-objetiva\/#respond"]}],"copyrightYear":"2019","copyrightHolder":{"@id":"https:\/\/www.estrategiaconcursos.com.br\/blog\/#organization"}},{"@type":"WebPage","@id":"https:\/\/www.estrategiaconcursos.com.br\/blog\/concurso-semed-porto-velho-convocacao-prova-objetiva\/","url":"https:\/\/www.estrategiaconcursos.com.br\/blog\/concurso-semed-porto-velho-convocacao-prova-objetiva\/","name":"Concurso Semed Porto Velho: candidatos s\u00e3o convocados para realizar objetiva","isPartOf":{"@id":"https:\/\/www.estrategiaconcursos.com.br\/blog\/#website"},"primaryImageOfPage":{"@id":"https:\/\/www.estrategiaconcursos.com.br\/blog\/concurso-semed-porto-velho-convocacao-prova-objetiva\/#primaryimage"},"image":{"@id":"https:\/\/www.estrategiaconcursos.com.br\/blog\/concurso-semed-porto-velho-convocacao-prova-objetiva\/#primaryimage"},"thumbnailUrl":"https:\/\/dhg1h5j42swfq.cloudfront.net\/2017\/07\/18100916\/SEMED4-e1500383364651.jpg","datePublished":"2019-07-17T12:24:43+00:00","dateModified":"2019-07-17T15:10:18+00:00","breadcrumb":{"@id":"https:\/\/www.estrategiaconcursos.com.br\/blog\/concurso-semed-porto-velho-convocacao-prova-objetiva\/#breadcrumb"},"inLanguage":"pt-BR","potentialAction":[{"@type":"ReadAction","target":["https:\/\/www.estrategiaconcursos.com.br\/blog\/concurso-semed-porto-velho-convocacao-prova-objetiva\/"]}]},{"@type":"ImageObject","inLanguage":"pt-BR","@id":"https:\/\/www.estrategiaconcursos.com.br\/blog\/concurso-semed-porto-velho-convocacao-prova-objetiva\/#primaryimage","url":"https:\/\/dhg1h5j42swfq.cloudfront.net\/2017\/07\/18100916\/SEMED4-e1500383364651.jpg","contentUrl":"https:\/\/dhg1h5j42swfq.cloudfront.net\/2017\/07\/18100916\/SEMED4-e1500383364651.jpg","width":400,"height":209},{"@type":"BreadcrumbList","@id":"https:\/\/www.estrategiaconcursos.com.br\/blog\/concurso-semed-porto-velho-convocacao-prova-objetiva\/#breadcrumb","itemListElement":[{"@type":"ListItem","position":1,"name":"In\u00edcio","item":"https:\/\/www.estrategiaconcursos.com.br\/blog\/"},{"@type":"ListItem","position":2,"name":"Concurso Semed Porto Velho: candidatos s\u00e3o convocados para realizar objetiva"}]},{"@type":"WebSite","@id":"https:\/\/www.estrategiaconcursos.com.br\/blog\/#website","url":"https:\/\/www.estrategiaconcursos.com.br\/blog\/","name":"Estrat\u00e9gia Concursos","description":"O blog da Estrat\u00e9gia Concursos traz not\u00edcias sobre concursos e artigos de professores oferecendo cursos para concursos (pdf + videaulas) no site.","publisher":{"@id":"https:\/\/www.estrategiaconcursos.com.br\/blog\/#organization"},"potentialAction":[{"@type":"SearchAction","target":{"@type":"EntryPoint","urlTemplate":"https:\/\/www.estrategiaconcursos.com.br\/blog\/?s={search_term_string}"},"query-input":{"@type":"PropertyValueSpecification","valueRequired":true,"valueName":"search_term_string"}}],"inLanguage":"pt-BR"},{"@type":"Organization","@id":"https:\/\/www.estrategiaconcursos.com.br\/blog\/#organization","name":"Estrat\u00e9gia Concursos","url":"https:\/\/www.estrategiaconcursos.com.br\/blog\/","logo":{"@type":"ImageObject","inLanguage":"pt-BR","@id":"https:\/\/www.estrategiaconcursos.com.br\/blog\/#\/schema\/logo\/image\/","url":"https:\/\/dhg1h5j42swfq.cloudfront.net\/2025\/06\/03203428\/logo_concursos-1.jpg","contentUrl":"https:\/\/dhg1h5j42swfq.cloudfront.net\/2025\/06\/03203428\/logo_concursos-1.jpg","width":230,"height":60,"caption":"Estrat\u00e9gia Concursos"},"image":{"@id":"https:\/\/www.estrategiaconcursos.com.br\/blog\/#\/schema\/logo\/image\/"},"sameAs":["https:\/\/x.com\/EstratConcursos"]},{"@type":"Person","@id":"https:\/\/www.estrategiaconcursos.com.br\/blog\/#\/schema\/person\/2865ec132c3404c9912015dd7a24eb1e","name":"Brunno Lima","image":{"@type":"ImageObject","inLanguage":"pt-BR","@id":"https:\/\/secure.gravatar.com\/avatar\/d40b472e5e2856222d4a4a1c3ee2189ed7d7a9f67dc3343b880cc1889a7bd6af?s=96&d=mm&r=g","url":"https:\/\/secure.gravatar.com\/avatar\/d40b472e5e2856222d4a4a1c3ee2189ed7d7a9f67dc3343b880cc1889a7bd6af?s=96&d=mm&r=g","contentUrl":"https:\/\/secure.gravatar.com\/avatar\/d40b472e5e2856222d4a4a1c3ee2189ed7d7a9f67dc3343b880cc1889a7bd6af?s=96&d=mm&r=g","caption":"Brunno Lima"},"url":"https:\/\/www.estrategiaconcursos.com.br\/blog\/author\/brunnoestrategiaconcursos-com-br\/"}]}},"_links":{"self":[{"href":"https:\/\/www.estrategiaconcursos.com.br\/blog\/wp-json\/wp\/v2\/posts\/399613","targetHints":{"allow":["GET"]}}],"collection":[{"href":"https:\/\/www.estrategiaconcursos.com.br\/blog\/wp-json\/wp\/v2\/posts"}],"about":[{"href":"https:\/\/www.estrategiaconcursos.com.br\/blog\/wp-json\/wp\/v2\/types\/post"}],"author":[{"embeddable":true,"href":"https:\/\/www.estrategiaconcursos.com.br\/blog\/wp-json\/wp\/v2\/users\/741"}],"replies":[{"embeddable":true,"href":"https:\/\/www.estrategiaconcursos.com.br\/blog\/wp-json\/wp\/v2\/comments?post=399613"}],"version-history":[{"count":4,"href":"https:\/\/www.estrategiaconcursos.com.br\/blog\/wp-json\/wp\/v2\/posts\/399613\/revisions"}],"predecessor-version":[{"id":399740,"href":"https:\/\/www.estrategiaconcursos.com.br\/blog\/wp-json\/wp\/v2\/posts\/399613\/revisions\/399740"}],"wp:featuredmedia":[{"embeddable":true,"href":"https:\/\/www.estrategiaconcursos.com.br\/blog\/wp-json\/wp\/v2\/media\/81912"}],"wp:attachment":[{"href":"https:\/\/www.estrategiaconcursos.com.br\/blog\/wp-json\/wp\/v2\/media?parent=399613"}],"wp:term":[{"taxonomy":"category","embeddable":true,"href":"https:\/\/www.estrategiaconcursos.com.br\/blog\/wp-json\/wp\/v2\/categories?post=399613"},{"taxonomy":"post_tag","embeddable":true,"href":"https:\/\/www.estrategiaconcursos.com.br\/blog\/wp-json\/wp\/v2\/tags?post=399613"},{"taxonomy":"tax_estado","embeddable":true,"href":"https:\/\/www.estrategiaconcursos.com.br\/blog\/wp-json\/wp\/v2\/tax_estado?post=399613"}],"curies":[{"name":"wp","href":"https:\/\/api.w.org\/{rel}","templated":true}]}}